{"id":321674,"date":"2024-11-28T18:06:45","date_gmt":"2024-11-28T14:06:45","guid":{"rendered":"https:\/\/www.meydan.tv\/?p=321674"},"modified":"2024-11-28T18:06:50","modified_gmt":"2024-11-28T14:06:50","slug":"ekspert-mekteblerin-optimallasdirilmasi-kutlevi-savadsizliga-getirecek","status":"publish","type":"post","link":"https:\/\/www.meydan.tv\/az\/article\/ekspert-mekteblerin-optimallasdirilmasi-kutlevi-savadsizliga-getirecek\/","title":{"rendered":"Ekspert: \u201cM\u0259kt\u0259bl\u0259rin optimalla\u015fd\u0131r\u0131lmas\u0131 k\u00fctl\u0259vi savads\u0131zl\u0131\u011fa g\u0259tir\u0259c\u0259k\u201d"},"content":{"rendered":"\n<p><\/p>\n\n\n\n<p><strong><em>Nabat\u0259li Qulamo\u011flu: \u201cBu, Prezident Adminstrasiyas\u0131ndan nazir\u0259 veril\u0259n tap\u015f\u0131r\u0131qd\u0131r\u201d<\/em><\/strong><\/p>\n\n\n\n<p>Noyabr\u0131n 21-d\u0259 Milli M\u0259clisd\u0259 2025-ci ilin b\u00fcdc\u0259 m\u00fczakir\u0259l\u0259ri zaman\u0131 elm v\u0259 t\u0259hsil naziri Emin \u018fmrullayev bildirib ki, t\u0259hsil sah\u0259sinin \u0259n b\u00f6y\u00fck problemi komplektl\u0259\u015fdirilmi\u015f m\u0259kt\u0259bl\u0259rin say\u0131n\u0131n az <a href=\"https:\/\/konkret.az\/sagird-sayi-az-olan-mekteblerle-bagli-teklif\/\" target=\"_blank\" rel=\"noreferrer noopener\">olmas\u0131d\u0131r<\/a>.<\/p>\n\n\n\n<p>Nazir deyib ki, 4400 m\u0259kt\u0259bin t\u0259xmin\u0259n 1500-d\u0259 \u015fagird say\u0131 100-d\u0259n azd\u0131r:<\/p>\n\n\n\n<p><em>\u201cBu o dem\u0259kdir ki, sinifd\u0259 7-8 \u015fagird var. M\u0259s\u0259l\u0259n, m\u0259kt\u0259bd\u0259 1 d\u0259n\u0259 6-c\u0131, 7-ci, 8-ci sinif varsa, bu o dem\u0259kdir ki, o m\u0259kt\u0259bd\u0259 7-8 saat kimya d\u0259rsi var, \u00e7\u00fcnki sinif yoxdur. M\u0259s\u0259l\u0259n, Da\u015fk\u0259s\u0259n rayonunda bir \u015fagird\u0259 \u00e7\u0259kil\u0259n orta x\u0259rc t\u0259xmin\u0259n Bak\u0131da olan \u00f6z\u0259l m\u0259kt\u0259bin qiym\u0259ti \u2013 8500 manata q\u0259d\u0259rdir. Amma n\u0259tic\u0259 yoxdur. \u018fksin\u0259, Bak\u0131da 30-32 n\u0259f\u0259r \u015fagirdi olan m\u0259kt\u0259bd\u0259n biz daha yax\u015f\u0131 n\u0259tic\u0259 g\u00f6r\u00fcr\u00fck. \u00d6n\u0259mli m\u0259s\u0259l\u0259 m\u00fc\u0259llimin keyfiyy\u0259tidir. Sinifd\u0259 1 u\u015faq olanda da, 30 u\u015faq olanda da d\u00f6vl\u0259t 25 min manat pul x\u0259rcl\u0259yir. Bir u\u015fa\u011fa o vaxt 25 min manat x\u0259rcl\u0259m\u0259k olar ki, orada n\u0259tic\u0259 var. Bizim bel\u0259 4 \u015fagirdi, 4 sinfi, 32 m\u00fc\u0259llimi olan m\u0259kt\u0259bl\u0259rimiz \u00e7oxdur. Uzun s\u00f6z\u00fcn q\u0131sas\u0131, rasionalla\u015fmaya ehtiyac var, a\u011fr\u0131l\u0131 proses olsa da biz buna getm\u0259liyik\u201d.<\/em><\/p>\n\n\n\n<p>Nazirin s\u00f6yl\u0259dikl\u0259ri ciddi m\u00fczakir\u0259l\u0259r\u0259 v\u0259 etirazlara s\u0259b\u0259b olub.<\/p>\n\n\n\n<p>Milli M\u0259clisin Elm v\u0259 t\u0259hsil komit\u0259sinin \u00fczv\u00fc Ceyhun M\u0259mm\u0259dov da m\u0259s\u0259l\u0259ni \u015f\u0259rh edib.<\/p>\n\n\n\n<p>O, noyabr\u0131n 27-d\u0259 Milli M\u0259clisin plenar iclas\u0131nda \u00e7\u0131x\u0131\u015f\u0131 zaman\u0131 deyib ki, \u0259ks\u0259r \u0259razil\u0259rd\u0259 ciddi \u015fagird s\u0131xl\u0131\u011f\u0131 var:<\/p>\n\n\n\n<p><em>\u201cR\u0259smi a\u00e7\u0131qlamalara \u0259sas\u0259n, x\u0259rcl\u0259rin optimalla\u015fd\u0131r\u0131lmas\u0131 m\u0259qs\u0259dil\u0259 t\u0259xmin\u0259n 4400 m\u0259kt\u0259bd\u0259n 1500-n\u00fcn ba\u011flan\u0131lmas\u0131 planla\u015fd\u0131r\u0131l\u0131r. D\u00fc\u015f\u00fcn\u00fcr\u0259m ki, m\u0259kt\u0259b h\u0259m d\u0259 ideoloji v\u0259 m\u0259d\u0259ni m\u0259s\u0259l\u0259dir. Eyni zamanda bu m\u0259s\u0259l\u0259 k\u0259ndl\u0259rin s\u00fcr\u0259tli bo\u015falmas\u0131na g\u0259tirib \u00e7\u0131xaracaq\u201d<\/em>.<\/p>\n\n\n\n<p>\u018fsas\u0259n d\u0259 ucqar k\u0259ndl\u0259rd\u0259 ya\u015fayan v\u0259t\u0259nda\u015flar da sosial \u015f\u0259b\u0259k\u0259l\u0259r vasit\u0259sil\u0259 m\u0259kt\u0259bl\u0259rin birl\u0259\u015fdirilm\u0259sini t\u0259nqid edibl\u0259r:<\/p>\n\n\n\n<p><em>\u201c\u018flb\u0259tt\u0259, bir rayonda 152 olmas\u0131n. Olsun 60-70 m\u0259kt\u0259b. Ail\u0259l\u0259r u\u015faqlar\u0131na \u201ceffektli\u201d t\u0259hsil verm\u0259k \u00fc\u00e7\u00fcn da\u011fdan en\u0259r\u0259k, \u00fcz tutar\u0131q kiray\u0259l\u0259r\u0259\u201d<\/em>.<\/p>\n\n\n\n<p><em>\u201cQ\u0131\u015fda da\u011f k\u0259ndl\u0259rind\u0259 5 metr yol getm\u0259k olmur. Yollar buz ba\u011flay\u0131r, da\u011f-d\u0259r\u0259&#8230; U\u015faqlar bir k\u0259ndd\u0259n dig\u0259rin\u0259 nec\u0259 getsinl\u0259r, yaz\u0131q deyill\u0259r?\u201d<\/em> &#8211; dey\u0259 \u015fikay\u0259t\u00e7il\u0259rd\u0259n biri qeyd edib.<\/p>\n\n\n\n<p><em>\u201cYard\u0131ml\u0131n\u0131n Abidinli k\u0259ndinin yollar\u0131 q\u0131\u015fda d\u0259h\u015f\u0259t olur. Gedi\u015f-g\u0259li\u015f \u0259zab-\u0259ziyy\u0259t\u0259 \u00e7evrilir. Bir k\u0259ndin u\u015fa\u011f\u0131 dig\u0259r k\u0259nd\u0259 nec\u0259 getm\u0259lidir? Bu ba\u015f ver\u0259rs\u0259, t\u0259hsild\u0259n yay\u0131nma daha \u00e7ox olacaq. \u018fg\u0259r imkan\u0131n\u0131z varsa gedin, bir h\u0259ft\u0259 da\u011f k\u0259ndl\u0259rind\u0259 m\u00fc\u015fahid\u0259 apar\u0131n. Bak\u0131da oturub, h\u0259r \u015feyi oradak\u0131 kimi g\u00f6rm\u0259y\u0259 n\u0259 var\u201d<\/em>, &#8211; sosial \u015f\u0259b\u0259k\u0259l\u0259rd\u0259 nazirin statusuna yaz\u0131lan \u015f\u0259rhl\u0259rd\u0259 bildirilir.<\/p>\n\n\n\n<p>Daha sonra Emin \u018fmrullayev sosial \u015f\u0259b\u0259k\u0259d\u0259 m\u0259kt\u0259bl\u0259rin ba\u011flanmayaca\u011f\u0131n\u0131 <a href=\"https:\/\/www.facebook.com\/AmrullayevEmin\/posts\/1622419371732932?ref=embed_post\" target=\"_blank\" rel=\"noreferrer noopener\">yaz\u0131b<\/a>:<\/p>\n\n\n\n<p><em>\u201c\u015eagird say\u0131 a\u015fa\u011f\u0131 olan m\u0259kt\u0259bl\u0259rd\u0259 d\u0259 bir \u015fagird\u0259 x\u0259rcl\u0259n\u0259n v\u0259sait kifay\u0259t q\u0259d\u0259r b\u00f6y\u00fckd\u00fcr, t\u0259drisin keyfiyy\u0259ti is\u0259 a\u015fa\u011f\u0131d\u0131r. B\u0259zi hallarda bu m\u0259bl\u0259\u011f paytaxtda f\u0259aliyy\u0259t g\u00f6st\u0259r\u0259n \u00f6z\u0259l t\u0259hsil m\u00fc\u0259ssis\u0259l\u0259rinin t\u0259hsil haqq\u0131ndan da \u00e7oxdur. M\u0259s\u0259l\u0259n, 5 n\u0259f\u0259r \u015fagirdi olan m\u0259kt\u0259bd\u0259 bir n\u0259f\u0259r \u015fagird\u0259 d\u00fc\u015f\u0259n illik x\u0259rc 25-27 min manatd\u0131r, 10-15 n\u0259f\u0259r \u015fagirdi olan m\u0259kt\u0259bd\u0259 is\u0259 bu x\u0259rc 13-15 min manatd\u0131r\u201d.<\/em><\/p>\n\n\n<div class=\"wp-block-image\">\n<figure class=\"alignleft size-large is-resized\"><img decoding=\"async\" width=\"1200\" height=\"663\" data-src=\"https:\/\/www.meydan.tv\/wp-content\/uploads\/image-1-e1638956246547-1200x663.png\" alt=\"\" class=\"wp-image-228707 lazyload\" style=\"--smush-placeholder-width: 1200px; --smush-placeholder-aspect-ratio: 1200\/663;width:380px;height:auto\" src=\"data:image\/svg+xml;base64,PHN2ZyB3aWR0aD0iMSIgaGVpZ2h0PSIxIiB4bWxucz0iaHR0cDovL3d3dy53My5vcmcvMjAwMC9zdmciPjwvc3ZnPg==\" \/><figcaption class=\"wp-element-caption\">Emin \u018fmrullayev. Foto: edu.gov.az <\/figcaption><\/figure>\n<\/div>\n\n\n<p>Nazir bildirib ki, daha dayan\u0131ql\u0131 v\u0259 keyfiyy\u0259tli t\u0259hsil imkanlar\u0131n\u0131n yarad\u0131lmas\u0131 m\u0259qs\u0259dil\u0259 qeyd olunan azkomplektli m\u0259kt\u0259bl\u0259rin rasionalla\u015fd\u0131r\u0131lmas\u0131 h\u0259yata ke\u00e7irilir v\u0259 bu proses m\u0259rh\u0259l\u0259li \u015f\u0259kild\u0259 apar\u0131lacaq:<\/p>\n\n\n\n<p><em>\u201cCari t\u0259dris ilind\u0259 \u015fagird say\u0131 10-a q\u0259d\u0259r olan \u00fcmumilikd\u0259 142 m\u0259kt\u0259b \u00fczr\u0259 x\u0259rcl\u0259r \u0259sasl\u0131 \u015f\u0259kild\u0259 rasionalla\u015fd\u0131r\u0131l\u0131b. Rasionalla\u015fd\u0131r\u0131lma dedikd\u0259 yaln\u0131z m\u0259kt\u0259bin f\u0259aliyy\u0259tinin dayand\u0131r\u0131lmas\u0131 n\u0259z\u0259rd\u0259 tutulmur, buraya m\u0259kt\u0259bl\u0259rin tipinin d\u0259yi\u015fdirilm\u0259si v\u0259 ya birl\u0259\u015fdirilm\u0259si, pe\u015f\u0259 t\u0259may\u00fcll\u00fc sinifl\u0259rin a\u00e7\u0131lmas\u0131 da daxildir. M\u0259kt\u0259b \u015f\u0259b\u0259k\u0259sinin rasionalla\u015fd\u0131r\u0131lmas\u0131 Elm v\u0259 T\u0259hsil Nazirliyi t\u0259r\u0259find\u0259n daim diqq\u0259td\u0259 saxlan\u0131lan m\u0259s\u0259l\u0259 olsa da, yax\u0131n g\u0259l\u0259c\u0259kd\u0259 k\u00fctl\u0259vi sayda m\u0259kt\u0259bl\u0259rin ba\u011flan\u0131lmas\u0131 v\u0259 ya f\u0259aliyy\u0259tl\u0259rinin dayand\u0131r\u0131lmas\u0131 planla\u015fd\u0131r\u0131lm\u0131r\u201d.<\/em><\/p>\n\n\n\n<p>T\u0259hsil ekspertl\u0259ri is\u0259 hesab edirl\u0259r ki, bu q\u0259rar x\u00fcsusil\u0259 k\u0259nd rayonlar\u0131nda, da\u011fl\u0131q v\u0259 da\u011f\u0259t\u0259yi \u0259razil\u0259rd\u0259 yerl\u0259\u015f\u0259n m\u0259kt\u0259bl\u0259ri \u0259hat\u0259 ed\u0259c\u0259k v\u0259 ciddi probleml\u0259r yaradacaq.<\/p>\n\n\n\n<p>T\u0259hsil eksperti Nabat\u0259li Qulamo\u011flu Meydan TV-y\u0259 bildirir ki, m\u0259kt\u0259bl\u0259rin optimalla\u015fd\u0131r\u0131lmas\u0131 \u00f6lk\u0259d\u0259 k\u00fctl\u0259vi savads\u0131zl\u0131\u011fa yola a\u00e7a bil\u0259r:<\/p>\n\n\n<div class=\"wp-block-image\">\n<figure class=\"alignright size-full is-resized\"><img decoding=\"async\" width=\"637\" height=\"400\" data-src=\"https:\/\/www.meydan.tv\/wp-content\/uploads\/45143.jpg\" alt=\"Nabat\u0259li Qulamo\u011flu\" class=\"wp-image-113294 lazyload\" style=\"--smush-placeholder-width: 637px; --smush-placeholder-aspect-ratio: 637\/400;width:356px;height:auto\" src=\"data:image\/svg+xml;base64,PHN2ZyB3aWR0aD0iMSIgaGVpZ2h0PSIxIiB4bWxucz0iaHR0cDovL3d3dy53My5vcmcvMjAwMC9zdmciPjwvc3ZnPg==\" \/><figcaption class=\"wp-element-caption\">Foto: Facebook hesab\u0131ndan<\/figcaption><\/figure>\n<\/div>\n\n\n<p><em>\u201cHesab edir\u0259m ki, bu, Emin \u018fmrullayev\u0259 Prezident Adminstrasiyas\u0131ndan verilmi\u015f tap\u015f\u0131r\u0131qd\u0131r. Tap\u015f\u0131r\u0131\u011f\u0131n k\u00f6k\u00fcnd\u0259 d\u0259 b\u00fcdc\u0259 x\u0259rcl\u0259rin\u0259 q\u0259na\u0259t etm\u0259k dayan\u0131r. G\u00fcman ki, Emin \u018fmrullayev\u0259 tap\u015f\u0131r\u0131blar ki, filan sayda m\u0259kt\u0259bl\u0259ri optimalla\u015fd\u0131r, say\u0131n\u0131 azalt, b\u00fcdc\u0259d\u0259 x\u0259rcl\u0259nm\u0259 az olsun. N\u0259tic\u0259d\u0259 \u00f6lk\u0259ni funksional savads\u0131zl\u0131q b\u00fcr\u00fcy\u0259c\u0259k. Funksional savads\u0131zl\u0131q bu h\u00f6kum\u0259t\u0259 \u0259l verir, xalq\u0131n savadl\u0131 olmas\u0131nda maraql\u0131 deyil. Bu, ba\u015f vers\u0259, b\u00f6y\u00fck faci\u0259dir. He\u00e7 bir k\u0259nd sakini \u00f6z u\u015fa\u011f\u0131n\u0131 o q\u0259d\u0259r uzaq m\u0259saf\u0259d\u0259 oxuma\u011fa g\u00f6nd\u0259rm\u0259y\u0259c\u0259k\u201d<\/em>.<\/p>\n\n\n\n<p>T\u0259hsil eksperti El\u00e7in \u018ff\u0259ndi Meydan TV-y\u0259 deyir ki, m\u0259kt\u0259bl\u0259rin birl\u0259\u015fdirilm\u0259si \u00fc\u00e7\u00fcn ucqar k\u0259ndl\u0259rd\u0259 yol infrastrukturu v\u0259 servis xidm\u0259ti yax\u015f\u0131 t\u0259\u015fkil olunmal\u0131d\u0131r:<\/p>\n\n\n<div class=\"wp-block-image\">\n<figure class=\"alignleft size-full is-resized\"><img decoding=\"async\" width=\"1200\" height=\"675\" data-src=\"https:\/\/www.meydan.tv\/wp-content\/uploads\/tia_c9425c799333d526be75eab5f9955ab5_47xuk5p9oshq3c0fj2ew.jpg\" alt=\"\" class=\"wp-image-261578 lazyload\" style=\"--smush-placeholder-width: 1200px; --smush-placeholder-aspect-ratio: 1200\/675;width:394px;height:auto\" src=\"data:image\/svg+xml;base64,PHN2ZyB3aWR0aD0iMSIgaGVpZ2h0PSIxIiB4bWxucz0iaHR0cDovL3d3dy53My5vcmcvMjAwMC9zdmciPjwvc3ZnPg==\" \/><figcaption class=\"wp-element-caption\">T\u0259hsil ekspert El\u00e7in \u018ff\u0259ndinin \u015f\u0259xsi arxivind\u0259n <\/figcaption><\/figure>\n<\/div>\n\n\n<p><em>\u201cYaln\u0131z bu halda yax\u0131n \u0259razil\u0259rd\u0259 yerl\u0259\u015f\u0259n m\u0259kt\u0259bl\u0259rin birl\u0259\u015fdirilm\u0259sin\u0259 gedil\u0259 bil\u0259r. Q\u0259rarlar t\u0259hsil almaqda maraql\u0131 olanlar \u00fc\u00e7\u00fcn asan olmal\u0131d\u0131r. D\u00fcnyan\u0131n \u0259ks\u0259r \u00f6lk\u0259l\u0259rind\u0259 h\u0259tta bir \u015fagirdi t\u0259dris\u0259 c\u0259lb etm\u0259k \u00fc\u00e7\u00fcn m\u00fcvafiq n\u0259qliyyat vasit\u0259l\u0259ri t\u0259yin edilir. D\u00fc\u015f\u00fcn\u00fcr\u0259m ki, eyni prinsip bizd\u0259 d\u0259 qorunub saxlan\u0131lmal\u0131d\u0131r. H\u0259r bir \u00f6lk\u0259 v\u0259t\u0259nda\u015f\u0131 \u00fc\u00e7\u00fcn t\u0259hsilin \u0259l\u00e7atanl\u0131\u011f\u0131\u00a0 t\u0259min olunmal\u0131d\u0131r. N\u0259qliyyat infrastrukturu v\u0259 servis xidm\u0259tini ed\u0259 bilmiriks\u0259, \u0259n yax\u015f\u0131, optimal \u00fcsul h\u0259min \u0259razil\u0259rd\u0259 distant t\u0259hsilin t\u0259tbiqidir. T\u0259hsil haqq\u0131nda qanunvericilikd\u0259 d\u0259 t\u0259hsilin formalar\u0131 kimi \u0259yani, qiyabi v\u0259 distant t\u0259hsil \u00f6z \u0259ksini tap\u0131b. D\u00fc\u015f\u00fcn\u00fcr\u0259m ki, h\u0259min \u015fagirdl\u0259r\u0259 distant t\u0259hsil t\u0259tbiq olunmal\u0131d\u0131r\u201d.<\/em><\/p>\n\n\n\n<p>REAL Partiyas\u0131n\u0131n s\u0259dri, iqtisad\u00e7\u0131 Natiq C\u0259f\u0259rli d\u0259 hesab edir ki, m\u0259kt\u0259bl\u0259ri birl\u0259\u015fdirm\u0259kl\u0259 yana\u015f\u0131 yol infrastrukturu qurulmal\u0131, \u015fagirdl\u0259r \u00fc\u00e7\u00fcn x\u00fcsusi servis avtobuslar\u0131 t\u0259yin edilm\u0259ldir:<\/p>\n\n\n<div class=\"wp-block-image\">\n<figure class=\"alignright size-large is-resized\"><img decoding=\"async\" width=\"1200\" height=\"800\" data-src=\"https:\/\/www.meydan.tv\/wp-content\/uploads\/natiq_jafarli_1-1200x800.jpg\" alt=\"Natiq C\u0259f\u0259rli\" class=\"wp-image-147374 lazyload\" style=\"--smush-placeholder-width: 1200px; --smush-placeholder-aspect-ratio: 1200\/800;width:389px;height:auto\" src=\"data:image\/svg+xml;base64,PHN2ZyB3aWR0aD0iMSIgaGVpZ2h0PSIxIiB4bWxucz0iaHR0cDovL3d3dy53My5vcmcvMjAwMC9zdmciPjwvc3ZnPg==\" \/><figcaption class=\"wp-element-caption\">Source: Meydan TV<\/figcaption><\/figure>\n<\/div>\n\n\n<p><em>\u201cBu q\u0259rar, \u00e7ox g\u00fcman ki, k\u0259nd m\u0259kt\u0259bl\u0259ri \u00fc\u00e7\u00fcn n\u0259z\u0259rd\u0259 tutulub. Yol v\u0259 servis m\u0259s\u0259l\u0259si h\u0259ll olunacaqsa optimalla\u015fman\u0131 m\u0259ntiqli hesab etm\u0259k olar. Bu, v\u0259t\u0259nda\u015f\u0131n, valideynin \u00fcz\u0259rind\u0259 \u0259lav\u0259 bir problem\u0259 \u00e7evrilm\u0259m\u0259lidir. M\u0259s\u0259l\u0259n, 6-8 kilometr m\u0259saf\u0259d\u0259 olan k\u0259ndl\u0259rin m\u0259kt\u0259bl\u0259rini birl\u0259\u015fdirs\u0259l\u0259r, u\u015faqlar\u0131n s\u0259h\u0259r d\u0259rs\u0259 g\u0259lm\u0259si v\u0259 sonra ev\u0259 qay\u0131tmas\u0131, ayr\u0131ca bir problem\u0259 \u00e7evril\u0259 bil\u0259r. G\u00fcrc\u00fcstanda da m\u0259kt\u0259bl\u0259ri birl\u0259\u015fdirdil\u0259r. Amma el\u0259 bir infrastruktur qurdular ki, v\u0259t\u0259nda\u015f bundan \u0259ziyy\u0259t \u00e7\u0259km\u0259di. T\u0259hsilin keyfiyy\u0259tinin art\u0131r\u0131lmas\u0131 il\u0259 paralel olaraq v\u0259t\u0259nda\u015flar\u0131n \u00fcz\u0259rind\u0259 problem qalmayacaqsa, bu zaman bunu u\u011furlu hesab etm\u0259k olar\u201d.<\/em><\/p>\n\n\n\n<p>Haz\u0131rda Az\u0259rbaycanda 4432 d\u00f6vl\u0259t \u00fcmumi orta t\u0259hsil m\u0259kt\u0259bi var.<\/p>\n\n\n\n<p>T\u0259hsil alanlar\u0131n say\u0131 is\u0259 1.6 milyondur.<\/p>\n\n\n\n<p>\u00d6z\u0259l m\u0259kt\u0259bl\u0259rin say\u0131 is\u0259 30-dan \u00e7oxdur.<\/p>\n\n\n\n<p>2025-ci il \u00fczr\u0259 Az\u0259rbaycanda t\u0259hsil x\u0259rcl\u0259rin\u0259 4 milyard 946 milyon manat v\u0259sait ayr\u0131lmas\u0131 proqnozla\u015fd\u0131r\u0131l\u0131r.<\/p>\n\n\n\n<p>Bu da 2024-c\u00fc ill\u0259 m\u00fcqayis\u0259d\u0259 395,7 milyon manat \u00e7oxdur.<\/p>\n","protected":false},"excerpt":{"rendered":"<p>Nabat\u0259li Qulamo\u011flu: \u201cBu, Prezident Adminstrasiyas\u0131ndan nazir\u0259 veril\u0259n tap\u015f\u0131r\u0131qd\u0131r\u201d Noyabr\u0131n 21-d\u0259 &#8230; <\/p>\n<p class=\"read-more-container\"><a title=\"Ekspert: \u201cM\u0259kt\u0259bl\u0259rin optimalla\u015fd\u0131r\u0131lmas\u0131 k\u00fctl\u0259vi savads\u0131zl\u0131\u011fa g\u0259tir\u0259c\u0259k\u201d\" class=\"read-more button\" href=\"https:\/\/www.meydan.tv\/az\/article\/ekspert-mekteblerin-optimallasdirilmasi-kutlevi-savadsizliga-getirecek\/#more-321674\" aria-label=\"Read more about Ekspert: \u201cM\u0259kt\u0259bl\u0259rin optimalla\u015fd\u0131r\u0131lmas\u0131 k\u00fctl\u0259vi savads\u0131zl\u0131\u011fa g\u0259tir\u0259c\u0259k\u201d\">Davam\u0131<\/a><\/p>\n","protected":false},"author":21,"featured_media":229215,"comment_status":"closed","ping_status":"closed","sticky":false,"template":"","format":"standard","meta":{"_acf_changed":false,"_sitemap_exclude":false,"_sitemap_priority":"","_sitemap_frequency":"","footnotes":""},"categories":[62,79,56],"tags":[],"class_list":["post-321674","post","type-post","status-publish","format-standard","has-post-thumbnail","hentry","category-sosial","category-featured","category-xeberler","infinite-scroll-item","generate-columns","tablet-grid-50","mobile-grid-100","grid-parent","grid-33","no-featured-image-padding"],"acf":[],"yoast_head":"<!-- This site is optimized with the Yoast SEO plugin v27.4 - https:\/\/yoast.com\/product\/yoast-seo-wordpress\/ -->\n<title>Ekspert: \u201cM\u0259kt\u0259bl\u0259rin optimalla\u015fd\u0131r\u0131lmas\u0131 k\u00fctl\u0259vi savads\u0131zl\u0131\u011fa g\u0259tir\u0259c\u0259k\u201d - MEYDAN.TV<\/title>\n<meta name=\"description\" content=\"Nabat\u0259li Qulamo\u011flu: \u201cBu, Prezident Adminstrasiyas\u0131ndan nazir\u0259 veril\u0259n tap\u015f\u0131r\u0131qd\u0131r\u201d\" \/>\n<meta name=\"robots\" content=\"index, follow, max-snippet:-1, max-image-preview:large, max-video-preview:-1\" \/>\n<link rel=\"canonical\" href=\"https:\/\/www.meydan.tv\/az\/article\/ekspert-mekteblerin-optimallasdirilmasi-kutlevi-savadsizliga-getirecek\/\" \/>\n<meta property=\"og:locale\" content=\"az_AZ\" \/>\n<meta property=\"og:type\" content=\"article\" \/>\n<meta property=\"og:title\" content=\"Ekspert: \u201cM\u0259kt\u0259bl\u0259rin optimalla\u015fd\u0131r\u0131lmas\u0131 k\u00fctl\u0259vi savads\u0131zl\u0131\u011fa g\u0259tir\u0259c\u0259k\u201d - MEYDAN.TV\" \/>\n<meta property=\"og:description\" content=\"Nabat\u0259li Qulamo\u011flu: \u201cBu, Prezident Adminstrasiyas\u0131ndan nazir\u0259 veril\u0259n tap\u015f\u0131r\u0131qd\u0131r\u201d\" \/>\n<meta property=\"og:url\" content=\"https:\/\/www.meydan.tv\/az\/article\/ekspert-mekteblerin-optimallasdirilmasi-kutlevi-savadsizliga-getirecek\/\" \/>\n<meta property=\"og:site_name\" content=\"MEYDAN.TV\" \/>\n<meta property=\"article:published_time\" content=\"2024-11-28T14:06:45+00:00\" \/>\n<meta property=\"article:modified_time\" content=\"2024-11-28T14:06:50+00:00\" \/>\n<meta property=\"og:image\" content=\"https:\/\/www.meydan.tv\/wp-content\/uploads\/247576906_1220296281789093_6744112111895520788_n-e1639485673540.jpg\" \/>\n\t<meta property=\"og:image:width\" content=\"729\" \/>\n\t<meta property=\"og:image:height\" content=\"554\" \/>\n\t<meta property=\"og:image:type\" content=\"image\/jpeg\" \/>\n<meta name=\"author\" content=\"mahmud\" \/>\n<meta name=\"twitter:card\" content=\"summary_large_image\" \/>\n<script type=\"application\/ld+json\" class=\"yoast-schema-graph\">{\"@context\":\"https:\\\/\\\/schema.org\",\"@graph\":[{\"@type\":\"Article\",\"@id\":\"https:\\\/\\\/www.meydan.tv\\\/az\\\/article\\\/ekspert-mekteblerin-optimallasdirilmasi-kutlevi-savadsizliga-getirecek\\\/#article\",\"isPartOf\":{\"@id\":\"https:\\\/\\\/www.meydan.tv\\\/az\\\/article\\\/ekspert-mekteblerin-optimallasdirilmasi-kutlevi-savadsizliga-getirecek\\\/\"},\"author\":{\"name\":\"mahmud\",\"@id\":\"https:\\\/\\\/www.meydan.tv\\\/az\\\/#\\\/schema\\\/person\\\/09863e516102a829e72bedcf3f84c6b0\"},\"headline\":\"Ekspert: \u201cM\u0259kt\u0259bl\u0259rin optimalla\u015fd\u0131r\u0131lmas\u0131 k\u00fctl\u0259vi savads\u0131zl\u0131\u011fa g\u0259tir\u0259c\u0259k\u201d\",\"datePublished\":\"2024-11-28T14:06:45+00:00\",\"dateModified\":\"2024-11-28T14:06:50+00:00\",\"mainEntityOfPage\":{\"@id\":\"https:\\\/\\\/www.meydan.tv\\\/az\\\/article\\\/ekspert-mekteblerin-optimallasdirilmasi-kutlevi-savadsizliga-getirecek\\\/\"},\"wordCount\":1560,\"publisher\":{\"@id\":\"https:\\\/\\\/www.meydan.tv\\\/az\\\/#organization\"},\"image\":{\"@id\":\"https:\\\/\\\/www.meydan.tv\\\/az\\\/article\\\/ekspert-mekteblerin-optimallasdirilmasi-kutlevi-savadsizliga-getirecek\\\/#primaryimage\"},\"thumbnailUrl\":\"https:\\\/\\\/www.meydan.tv\\\/wp-content\\\/uploads\\\/247576906_1220296281789093_6744112111895520788_n-e1639485673540.jpg\",\"articleSection\":[\"Sosial\",\"T\u00f6vsiy\u0259\",\"X\u0259b\u0259rl\u0259r\"],\"inLanguage\":\"az\"},{\"@type\":\"WebPage\",\"@id\":\"https:\\\/\\\/www.meydan.tv\\\/az\\\/article\\\/ekspert-mekteblerin-optimallasdirilmasi-kutlevi-savadsizliga-getirecek\\\/\",\"url\":\"https:\\\/\\\/www.meydan.tv\\\/az\\\/article\\\/ekspert-mekteblerin-optimallasdirilmasi-kutlevi-savadsizliga-getirecek\\\/\",\"name\":\"Ekspert: \u201cM\u0259kt\u0259bl\u0259rin optimalla\u015fd\u0131r\u0131lmas\u0131 k\u00fctl\u0259vi savads\u0131zl\u0131\u011fa g\u0259tir\u0259c\u0259k\u201d - MEYDAN.TV\",\"isPartOf\":{\"@id\":\"https:\\\/\\\/www.meydan.tv\\\/az\\\/#website\"},\"primaryImageOfPage\":{\"@id\":\"https:\\\/\\\/www.meydan.tv\\\/az\\\/article\\\/ekspert-mekteblerin-optimallasdirilmasi-kutlevi-savadsizliga-getirecek\\\/#primaryimage\"},\"image\":{\"@id\":\"https:\\\/\\\/www.meydan.tv\\\/az\\\/article\\\/ekspert-mekteblerin-optimallasdirilmasi-kutlevi-savadsizliga-getirecek\\\/#primaryimage\"},\"thumbnailUrl\":\"https:\\\/\\\/www.meydan.tv\\\/wp-content\\\/uploads\\\/247576906_1220296281789093_6744112111895520788_n-e1639485673540.jpg\",\"datePublished\":\"2024-11-28T14:06:45+00:00\",\"dateModified\":\"2024-11-28T14:06:50+00:00\",\"description\":\"Nabat\u0259li Qulamo\u011flu: \u201cBu, Prezident Adminstrasiyas\u0131ndan nazir\u0259 veril\u0259n tap\u015f\u0131r\u0131qd\u0131r\u201d\",\"breadcrumb\":{\"@id\":\"https:\\\/\\\/www.meydan.tv\\\/az\\\/article\\\/ekspert-mekteblerin-optimallasdirilmasi-kutlevi-savadsizliga-getirecek\\\/#breadcrumb\"},\"inLanguage\":\"az\",\"potentialAction\":[{\"@type\":\"ReadAction\",\"target\":[\"https:\\\/\\\/www.meydan.tv\\\/az\\\/article\\\/ekspert-mekteblerin-optimallasdirilmasi-kutlevi-savadsizliga-getirecek\\\/\"]}]},{\"@type\":\"ImageObject\",\"inLanguage\":\"az\",\"@id\":\"https:\\\/\\\/www.meydan.tv\\\/az\\\/article\\\/ekspert-mekteblerin-optimallasdirilmasi-kutlevi-savadsizliga-getirecek\\\/#primaryimage\",\"url\":\"https:\\\/\\\/www.meydan.tv\\\/wp-content\\\/uploads\\\/247576906_1220296281789093_6744112111895520788_n-e1639485673540.jpg\",\"contentUrl\":\"https:\\\/\\\/www.meydan.tv\\\/wp-content\\\/uploads\\\/247576906_1220296281789093_6744112111895520788_n-e1639485673540.jpg\",\"width\":729,\"height\":554,\"caption\":\"G\u00f6y\u00e7ay\u0131n K\u00fcrd\u0259mi\u015f k\u0259nd m\u0259kt\u0259bi, Foto Meydan TV\"},{\"@type\":\"BreadcrumbList\",\"@id\":\"https:\\\/\\\/www.meydan.tv\\\/az\\\/article\\\/ekspert-mekteblerin-optimallasdirilmasi-kutlevi-savadsizliga-getirecek\\\/#breadcrumb\",\"itemListElement\":[{\"@type\":\"ListItem\",\"position\":1,\"name\":\"Ana s\u0259hif\u0259\",\"item\":\"https:\\\/\\\/www.meydan.tv\\\/az\\\/\"},{\"@type\":\"ListItem\",\"position\":2,\"name\":\"Sosial\",\"item\":\"https:\\\/\\\/www.meydan.tv\\\/az\\\/section\\\/sosial\\\/\"},{\"@type\":\"ListItem\",\"position\":3,\"name\":\"Ekspert: \u201cM\u0259kt\u0259bl\u0259rin optimalla\u015fd\u0131r\u0131lmas\u0131 k\u00fctl\u0259vi savads\u0131zl\u0131\u011fa g\u0259tir\u0259c\u0259k\u201d\"}]},{\"@type\":\"WebSite\",\"@id\":\"https:\\\/\\\/www.meydan.tv\\\/az\\\/#website\",\"url\":\"https:\\\/\\\/www.meydan.tv\\\/az\\\/\",\"name\":\"MEYDAN.TV\",\"description\":\"Meydan TV Az\u0259rbaycan\u0131n media m\u0259kan\u0131ndak\u0131 alternativ s\u0259sidir\",\"publisher\":{\"@id\":\"https:\\\/\\\/www.meydan.tv\\\/az\\\/#organization\"},\"potentialAction\":[{\"@type\":\"SearchAction\",\"target\":{\"@type\":\"EntryPoint\",\"urlTemplate\":\"https:\\\/\\\/www.meydan.tv\\\/az\\\/?s={search_term_string}\"},\"query-input\":{\"@type\":\"PropertyValueSpecification\",\"valueRequired\":true,\"valueName\":\"search_term_string\"}}],\"inLanguage\":\"az\"},{\"@type\":\"Organization\",\"@id\":\"https:\\\/\\\/www.meydan.tv\\\/az\\\/#organization\",\"name\":\"Meydan TV\",\"url\":\"https:\\\/\\\/www.meydan.tv\\\/az\\\/\",\"logo\":{\"@type\":\"ImageObject\",\"inLanguage\":\"az\",\"@id\":\"https:\\\/\\\/www.meydan.tv\\\/az\\\/#\\\/schema\\\/logo\\\/image\\\/\",\"url\":\"https:\\\/\\\/www.meydan.tv\\\/wp-content\\\/uploads\\\/2021\\\/07\\\/meydan-logo.svg\",\"contentUrl\":\"https:\\\/\\\/www.meydan.tv\\\/wp-content\\\/uploads\\\/2021\\\/07\\\/meydan-logo.svg\",\"width\":195,\"height\":46,\"caption\":\"Meydan TV\"},\"image\":{\"@id\":\"https:\\\/\\\/www.meydan.tv\\\/az\\\/#\\\/schema\\\/logo\\\/image\\\/\"}},{\"@type\":\"Person\",\"@id\":\"https:\\\/\\\/www.meydan.tv\\\/az\\\/#\\\/schema\\\/person\\\/09863e516102a829e72bedcf3f84c6b0\",\"name\":\"mahmud\"}]}<\/script>\n<!-- \/ Yoast SEO plugin. -->","yoast_head_json":{"title":"Ekspert: \u201cM\u0259kt\u0259bl\u0259rin optimalla\u015fd\u0131r\u0131lmas\u0131 k\u00fctl\u0259vi savads\u0131zl\u0131\u011fa g\u0259tir\u0259c\u0259k\u201d - MEYDAN.TV","description":"Nabat\u0259li Qulamo\u011flu: \u201cBu, Prezident Adminstrasiyas\u0131ndan nazir\u0259 veril\u0259n tap\u015f\u0131r\u0131qd\u0131r\u201d","robots":{"index":"index","follow":"follow","max-snippet":"max-snippet:-1","max-image-preview":"max-image-preview:large","max-video-preview":"max-video-preview:-1"},"canonical":"https:\/\/www.meydan.tv\/az\/article\/ekspert-mekteblerin-optimallasdirilmasi-kutlevi-savadsizliga-getirecek\/","og_locale":"az_AZ","og_type":"article","og_title":"Ekspert: \u201cM\u0259kt\u0259bl\u0259rin optimalla\u015fd\u0131r\u0131lmas\u0131 k\u00fctl\u0259vi savads\u0131zl\u0131\u011fa g\u0259tir\u0259c\u0259k\u201d - MEYDAN.TV","og_description":"Nabat\u0259li Qulamo\u011flu: \u201cBu, Prezident Adminstrasiyas\u0131ndan nazir\u0259 veril\u0259n tap\u015f\u0131r\u0131qd\u0131r\u201d","og_url":"https:\/\/www.meydan.tv\/az\/article\/ekspert-mekteblerin-optimallasdirilmasi-kutlevi-savadsizliga-getirecek\/","og_site_name":"MEYDAN.TV","article_published_time":"2024-11-28T14:06:45+00:00","article_modified_time":"2024-11-28T14:06:50+00:00","og_image":[{"width":729,"height":554,"url":"https:\/\/www.meydan.tv\/wp-content\/uploads\/247576906_1220296281789093_6744112111895520788_n-e1639485673540.jpg","type":"image\/jpeg"}],"author":"mahmud","twitter_card":"summary_large_image","schema":{"@context":"https:\/\/schema.org","@graph":[{"@type":"Article","@id":"https:\/\/www.meydan.tv\/az\/article\/ekspert-mekteblerin-optimallasdirilmasi-kutlevi-savadsizliga-getirecek\/#article","isPartOf":{"@id":"https:\/\/www.meydan.tv\/az\/article\/ekspert-mekteblerin-optimallasdirilmasi-kutlevi-savadsizliga-getirecek\/"},"author":{"name":"mahmud","@id":"https:\/\/www.meydan.tv\/az\/#\/schema\/person\/09863e516102a829e72bedcf3f84c6b0"},"headline":"Ekspert: \u201cM\u0259kt\u0259bl\u0259rin optimalla\u015fd\u0131r\u0131lmas\u0131 k\u00fctl\u0259vi savads\u0131zl\u0131\u011fa g\u0259tir\u0259c\u0259k\u201d","datePublished":"2024-11-28T14:06:45+00:00","dateModified":"2024-11-28T14:06:50+00:00","mainEntityOfPage":{"@id":"https:\/\/www.meydan.tv\/az\/article\/ekspert-mekteblerin-optimallasdirilmasi-kutlevi-savadsizliga-getirecek\/"},"wordCount":1560,"publisher":{"@id":"https:\/\/www.meydan.tv\/az\/#organization"},"image":{"@id":"https:\/\/www.meydan.tv\/az\/article\/ekspert-mekteblerin-optimallasdirilmasi-kutlevi-savadsizliga-getirecek\/#primaryimage"},"thumbnailUrl":"https:\/\/www.meydan.tv\/wp-content\/uploads\/247576906_1220296281789093_6744112111895520788_n-e1639485673540.jpg","articleSection":["Sosial","T\u00f6vsiy\u0259","X\u0259b\u0259rl\u0259r"],"inLanguage":"az"},{"@type":"WebPage","@id":"https:\/\/www.meydan.tv\/az\/article\/ekspert-mekteblerin-optimallasdirilmasi-kutlevi-savadsizliga-getirecek\/","url":"https:\/\/www.meydan.tv\/az\/article\/ekspert-mekteblerin-optimallasdirilmasi-kutlevi-savadsizliga-getirecek\/","name":"Ekspert: \u201cM\u0259kt\u0259bl\u0259rin optimalla\u015fd\u0131r\u0131lmas\u0131 k\u00fctl\u0259vi savads\u0131zl\u0131\u011fa g\u0259tir\u0259c\u0259k\u201d - MEYDAN.TV","isPartOf":{"@id":"https:\/\/www.meydan.tv\/az\/#website"},"primaryImageOfPage":{"@id":"https:\/\/www.meydan.tv\/az\/article\/ekspert-mekteblerin-optimallasdirilmasi-kutlevi-savadsizliga-getirecek\/#primaryimage"},"image":{"@id":"https:\/\/www.meydan.tv\/az\/article\/ekspert-mekteblerin-optimallasdirilmasi-kutlevi-savadsizliga-getirecek\/#primaryimage"},"thumbnailUrl":"https:\/\/www.meydan.tv\/wp-content\/uploads\/247576906_1220296281789093_6744112111895520788_n-e1639485673540.jpg","datePublished":"2024-11-28T14:06:45+00:00","dateModified":"2024-11-28T14:06:50+00:00","description":"Nabat\u0259li Qulamo\u011flu: \u201cBu, Prezident Adminstrasiyas\u0131ndan nazir\u0259 veril\u0259n tap\u015f\u0131r\u0131qd\u0131r\u201d","breadcrumb":{"@id":"https:\/\/www.meydan.tv\/az\/article\/ekspert-mekteblerin-optimallasdirilmasi-kutlevi-savadsizliga-getirecek\/#breadcrumb"},"inLanguage":"az","potentialAction":[{"@type":"ReadAction","target":["https:\/\/www.meydan.tv\/az\/article\/ekspert-mekteblerin-optimallasdirilmasi-kutlevi-savadsizliga-getirecek\/"]}]},{"@type":"ImageObject","inLanguage":"az","@id":"https:\/\/www.meydan.tv\/az\/article\/ekspert-mekteblerin-optimallasdirilmasi-kutlevi-savadsizliga-getirecek\/#primaryimage","url":"https:\/\/www.meydan.tv\/wp-content\/uploads\/247576906_1220296281789093_6744112111895520788_n-e1639485673540.jpg","contentUrl":"https:\/\/www.meydan.tv\/wp-content\/uploads\/247576906_1220296281789093_6744112111895520788_n-e1639485673540.jpg","width":729,"height":554,"caption":"G\u00f6y\u00e7ay\u0131n K\u00fcrd\u0259mi\u015f k\u0259nd m\u0259kt\u0259bi, Foto Meydan TV"},{"@type":"BreadcrumbList","@id":"https:\/\/www.meydan.tv\/az\/article\/ekspert-mekteblerin-optimallasdirilmasi-kutlevi-savadsizliga-getirecek\/#breadcrumb","itemListElement":[{"@type":"ListItem","position":1,"name":"Ana s\u0259hif\u0259","item":"https:\/\/www.meydan.tv\/az\/"},{"@type":"ListItem","position":2,"name":"Sosial","item":"https:\/\/www.meydan.tv\/az\/section\/sosial\/"},{"@type":"ListItem","position":3,"name":"Ekspert: \u201cM\u0259kt\u0259bl\u0259rin optimalla\u015fd\u0131r\u0131lmas\u0131 k\u00fctl\u0259vi savads\u0131zl\u0131\u011fa g\u0259tir\u0259c\u0259k\u201d"}]},{"@type":"WebSite","@id":"https:\/\/www.meydan.tv\/az\/#website","url":"https:\/\/www.meydan.tv\/az\/","name":"MEYDAN.TV","description":"Meydan TV Az\u0259rbaycan\u0131n media m\u0259kan\u0131ndak\u0131 alternativ s\u0259sidir","publisher":{"@id":"https:\/\/www.meydan.tv\/az\/#organization"},"potentialAction":[{"@type":"SearchAction","target":{"@type":"EntryPoint","urlTemplate":"https:\/\/www.meydan.tv\/az\/?s={search_term_string}"},"query-input":{"@type":"PropertyValueSpecification","valueRequired":true,"valueName":"search_term_string"}}],"inLanguage":"az"},{"@type":"Organization","@id":"https:\/\/www.meydan.tv\/az\/#organization","name":"Meydan TV","url":"https:\/\/www.meydan.tv\/az\/","logo":{"@type":"ImageObject","inLanguage":"az","@id":"https:\/\/www.meydan.tv\/az\/#\/schema\/logo\/image\/","url":"https:\/\/www.meydan.tv\/wp-content\/uploads\/2021\/07\/meydan-logo.svg","contentUrl":"https:\/\/www.meydan.tv\/wp-content\/uploads\/2021\/07\/meydan-logo.svg","width":195,"height":46,"caption":"Meydan TV"},"image":{"@id":"https:\/\/www.meydan.tv\/az\/#\/schema\/logo\/image\/"}},{"@type":"Person","@id":"https:\/\/www.meydan.tv\/az\/#\/schema\/person\/09863e516102a829e72bedcf3f84c6b0","name":"mahmud"}]}},"_links":{"self":[{"href":"https:\/\/www.meydan.tv\/az\/wp-json\/wp\/v2\/posts\/321674","targetHints":{"allow":["GET"]}}],"collection":[{"href":"https:\/\/www.meydan.tv\/az\/wp-json\/wp\/v2\/posts"}],"about":[{"href":"https:\/\/www.meydan.tv\/az\/wp-json\/wp\/v2\/types\/post"}],"author":[{"embeddable":true,"href":"https:\/\/www.meydan.tv\/az\/wp-json\/wp\/v2\/users\/21"}],"replies":[{"embeddable":true,"href":"https:\/\/www.meydan.tv\/az\/wp-json\/wp\/v2\/comments?post=321674"}],"version-history":[{"count":1,"href":"https:\/\/www.meydan.tv\/az\/wp-json\/wp\/v2\/posts\/321674\/revisions"}],"predecessor-version":[{"id":321677,"href":"https:\/\/www.meydan.tv\/az\/wp-json\/wp\/v2\/posts\/321674\/revisions\/321677"}],"wp:featuredmedia":[{"embeddable":true,"href":"https:\/\/www.meydan.tv\/az\/wp-json\/wp\/v2\/media\/229215"}],"wp:attachment":[{"href":"https:\/\/www.meydan.tv\/az\/wp-json\/wp\/v2\/media?parent=321674"}],"wp:term":[{"taxonomy":"category","embeddable":true,"href":"https:\/\/www.meydan.tv\/az\/wp-json\/wp\/v2\/categories?post=321674"},{"taxonomy":"post_tag","embeddable":true,"href":"https:\/\/www.meydan.tv\/az\/wp-json\/wp\/v2\/tags?post=321674"}],"curies":[{"name":"wp","href":"https:\/\/api.w.org\/{rel}","templated":true}]}}