{"id":321658,"date":"2024-11-28T14:24:02","date_gmt":"2024-11-28T10:24:02","guid":{"rendered":"https:\/\/www.meydan.tv\/?p=321658"},"modified":"2024-11-28T14:24:05","modified_gmt":"2024-11-28T10:24:05","slug":"yeni-ilde-azerbaycanda-ardicil-7-gun-qeyri-is-gunu-olacaq","status":"publish","type":"post","link":"https:\/\/www.meydan.tv\/az\/article\/yeni-ilde-azerbaycanda-ardicil-7-gun-qeyri-is-gunu-olacaq\/","title":{"rendered":"Yeni ild\u0259 Az\u0259rbaycanda ard\u0131c\u0131l 7 g\u00fcn qeyri-i\u015f g\u00fcn\u00fc olacaq"},"content":{"rendered":"\n<p><\/p>\n\n\n\n<p><strong><em>Dekabr\u0131n 30-dan yanvar\u0131n 5-n\u0259 q\u0259d\u0259r i\u015f olmayacaq<\/em><\/strong><\/p>\n\n\n\n<p>Az\u0259rbaycan Nazirl\u0259r Kabineti yeni ild\u0259 i\u015f v\u0259 istirah\u0259t g\u00fcnl\u0259rinin yerinin d\u0259yi\u015fdirilm\u0259si haqq\u0131nda q\u0259rar q\u0259bul edib.<\/p>\n\n\n\n<p>Bu bar\u0259d\u0259 Nazirl\u0259r Kabineti <a href=\"https:\/\/nk.gov.az\/az\/senedler\/qerarlar\/is-ve-istirahet-gunlerinin-yerlerinin-deyisdirilme-8449\" target=\"_blank\" rel=\"noreferrer noopener\">m\u0259lumat<\/a> yay\u0131b.<\/p>\n\n\n\n<p>Bildirilir ki, 28-29 dekabr (\u015f\u0259nb\u0259, bazar) i\u015f g\u00fcn\u00fc elan edilib. Onlar\u0131n yerin\u0259 30 dekabr (bazar ert\u0259si) v\u0259 3 yanvar 2025-ci il (c\u00fcm\u0259) istirah\u0259t g\u00fcn\u00fc olacaq.<\/p>\n\n\n\n<p>Dekabr\u0131n 31-d\u0259 D\u00fcnya Az\u0259rbaycanl\u0131lar\u0131n\u0131n H\u0259mr\u0259ylik G\u00fcn\u00fc il\u0259 \u0259laq\u0259dar, 1-2 yanvar is\u0259 Yeni ill\u0259 \u0259laq\u0259dar istirah\u0259t g\u00fcnl\u0259ri oldu\u011funa g\u00f6r\u0259 dekabr\u0131n 30-dan 2025-ci il yanvar\u0131n 5-n\u0259 q\u0259d\u0259r bir h\u0259ft\u0259 qeyri-i\u015f g\u00fcn\u00fc say\u0131lacaq.<\/p>\n","protected":false},"excerpt":{"rendered":"<p>Dekabr\u0131n 30-dan yanvar\u0131n 5-n\u0259 q\u0259d\u0259r i\u015f olmayacaq Az\u0259rbaycan Nazirl\u0259r Kabineti &#8230; <\/p>\n<p class=\"read-more-container\"><a title=\"Yeni ild\u0259 Az\u0259rbaycanda ard\u0131c\u0131l 7 g\u00fcn qeyri-i\u015f g\u00fcn\u00fc olacaq\" class=\"read-more button\" href=\"https:\/\/www.meydan.tv\/az\/article\/yeni-ilde-azerbaycanda-ardicil-7-gun-qeyri-is-gunu-olacaq\/#more-321658\" aria-label=\"Read more about Yeni ild\u0259 Az\u0259rbaycanda ard\u0131c\u0131l 7 g\u00fcn qeyri-i\u015f g\u00fcn\u00fc olacaq\">Davam\u0131<\/a><\/p>\n","protected":false},"author":21,"featured_media":152624,"comment_status":"closed","ping_status":"closed","sticky":false,"template":"","format":"standard","meta":{"_acf_changed":false,"_sitemap_exclude":false,"_sitemap_priority":"","_sitemap_frequency":"","footnotes":""},"categories":[62,56],"tags":[],"class_list":["post-321658","post","type-post","status-publish","format-standard","has-post-thumbnail","hentry","category-sosial","category-xeberler","infinite-scroll-item","generate-columns","tablet-grid-50","mobile-grid-100","grid-parent","grid-33","no-featured-image-padding"],"acf":[],"yoast_head":"<!-- This site is optimized with the Yoast SEO plugin v27.4 - https:\/\/yoast.com\/product\/yoast-seo-wordpress\/ -->\n<title>Yeni ild\u0259 Az\u0259rbaycanda ard\u0131c\u0131l 7 g\u00fcn qeyri-i\u015f g\u00fcn\u00fc olacaq - MEYDAN.TV<\/title>\n<meta name=\"description\" content=\"Dekabr\u0131n 30-dan yanvar\u0131n 5-n\u0259 q\u0259d\u0259r i\u015f olmayacaq.\" \/>\n<meta name=\"robots\" content=\"index, follow, max-snippet:-1, max-image-preview:large, max-video-preview:-1\" \/>\n<link rel=\"canonical\" href=\"https:\/\/www.meydan.tv\/az\/article\/yeni-ilde-azerbaycanda-ardicil-7-gun-qeyri-is-gunu-olacaq\/\" \/>\n<meta property=\"og:locale\" content=\"az_AZ\" \/>\n<meta property=\"og:type\" content=\"article\" \/>\n<meta property=\"og:title\" content=\"Yeni ild\u0259 Az\u0259rbaycanda ard\u0131c\u0131l 7 g\u00fcn qeyri-i\u015f g\u00fcn\u00fc olacaq - MEYDAN.TV\" \/>\n<meta property=\"og:description\" content=\"Dekabr\u0131n 30-dan yanvar\u0131n 5-n\u0259 q\u0259d\u0259r i\u015f olmayacaq.\" \/>\n<meta property=\"og:url\" content=\"https:\/\/www.meydan.tv\/az\/article\/yeni-ilde-azerbaycanda-ardicil-7-gun-qeyri-is-gunu-olacaq\/\" \/>\n<meta property=\"og:site_name\" content=\"MEYDAN.TV\" \/>\n<meta property=\"article:published_time\" content=\"2024-11-28T10:24:02+00:00\" \/>\n<meta property=\"article:modified_time\" content=\"2024-11-28T10:24:05+00:00\" \/>\n<meta property=\"og:image\" content=\"https:\/\/www.meydan.tv\/wp-content\/uploads\/16058739223267554668_1000x669_p6fsrsi.jpg\" \/>\n\t<meta property=\"og:image:width\" content=\"1000\" \/>\n\t<meta property=\"og:image:height\" content=\"666\" \/>\n\t<meta property=\"og:image:type\" content=\"image\/jpeg\" \/>\n<meta name=\"author\" content=\"mahmud\" \/>\n<meta name=\"twitter:card\" content=\"summary_large_image\" \/>\n<script type=\"application\/ld+json\" class=\"yoast-schema-graph\">{\"@context\":\"https:\\\/\\\/schema.org\",\"@graph\":[{\"@type\":\"Article\",\"@id\":\"https:\\\/\\\/www.meydan.tv\\\/az\\\/article\\\/yeni-ilde-azerbaycanda-ardicil-7-gun-qeyri-is-gunu-olacaq\\\/#article\",\"isPartOf\":{\"@id\":\"https:\\\/\\\/www.meydan.tv\\\/az\\\/article\\\/yeni-ilde-azerbaycanda-ardicil-7-gun-qeyri-is-gunu-olacaq\\\/\"},\"author\":{\"name\":\"mahmud\",\"@id\":\"https:\\\/\\\/www.meydan.tv\\\/az\\\/#\\\/schema\\\/person\\\/09863e516102a829e72bedcf3f84c6b0\"},\"headline\":\"Yeni ild\u0259 Az\u0259rbaycanda ard\u0131c\u0131l 7 g\u00fcn qeyri-i\u015f g\u00fcn\u00fc olacaq\",\"datePublished\":\"2024-11-28T10:24:02+00:00\",\"dateModified\":\"2024-11-28T10:24:05+00:00\",\"mainEntityOfPage\":{\"@id\":\"https:\\\/\\\/www.meydan.tv\\\/az\\\/article\\\/yeni-ilde-azerbaycanda-ardicil-7-gun-qeyri-is-gunu-olacaq\\\/\"},\"wordCount\":142,\"publisher\":{\"@id\":\"https:\\\/\\\/www.meydan.tv\\\/az\\\/#organization\"},\"image\":{\"@id\":\"https:\\\/\\\/www.meydan.tv\\\/az\\\/article\\\/yeni-ilde-azerbaycanda-ardicil-7-gun-qeyri-is-gunu-olacaq\\\/#primaryimage\"},\"thumbnailUrl\":\"https:\\\/\\\/www.meydan.tv\\\/wp-content\\\/uploads\\\/16058739223267554668_1000x669_p6fsrsi.jpg\",\"articleSection\":[\"Sosial\",\"X\u0259b\u0259rl\u0259r\"],\"inLanguage\":\"az\"},{\"@type\":\"WebPage\",\"@id\":\"https:\\\/\\\/www.meydan.tv\\\/az\\\/article\\\/yeni-ilde-azerbaycanda-ardicil-7-gun-qeyri-is-gunu-olacaq\\\/\",\"url\":\"https:\\\/\\\/www.meydan.tv\\\/az\\\/article\\\/yeni-ilde-azerbaycanda-ardicil-7-gun-qeyri-is-gunu-olacaq\\\/\",\"name\":\"Yeni ild\u0259 Az\u0259rbaycanda ard\u0131c\u0131l 7 g\u00fcn qeyri-i\u015f g\u00fcn\u00fc olacaq - MEYDAN.TV\",\"isPartOf\":{\"@id\":\"https:\\\/\\\/www.meydan.tv\\\/az\\\/#website\"},\"primaryImageOfPage\":{\"@id\":\"https:\\\/\\\/www.meydan.tv\\\/az\\\/article\\\/yeni-ilde-azerbaycanda-ardicil-7-gun-qeyri-is-gunu-olacaq\\\/#primaryimage\"},\"image\":{\"@id\":\"https:\\\/\\\/www.meydan.tv\\\/az\\\/article\\\/yeni-ilde-azerbaycanda-ardicil-7-gun-qeyri-is-gunu-olacaq\\\/#primaryimage\"},\"thumbnailUrl\":\"https:\\\/\\\/www.meydan.tv\\\/wp-content\\\/uploads\\\/16058739223267554668_1000x669_p6fsrsi.jpg\",\"datePublished\":\"2024-11-28T10:24:02+00:00\",\"dateModified\":\"2024-11-28T10:24:05+00:00\",\"description\":\"Dekabr\u0131n 30-dan yanvar\u0131n 5-n\u0259 q\u0259d\u0259r i\u015f olmayacaq.\",\"breadcrumb\":{\"@id\":\"https:\\\/\\\/www.meydan.tv\\\/az\\\/article\\\/yeni-ilde-azerbaycanda-ardicil-7-gun-qeyri-is-gunu-olacaq\\\/#breadcrumb\"},\"inLanguage\":\"az\",\"potentialAction\":[{\"@type\":\"ReadAction\",\"target\":[\"https:\\\/\\\/www.meydan.tv\\\/az\\\/article\\\/yeni-ilde-azerbaycanda-ardicil-7-gun-qeyri-is-gunu-olacaq\\\/\"]}]},{\"@type\":\"ImageObject\",\"inLanguage\":\"az\",\"@id\":\"https:\\\/\\\/www.meydan.tv\\\/az\\\/article\\\/yeni-ilde-azerbaycanda-ardicil-7-gun-qeyri-is-gunu-olacaq\\\/#primaryimage\",\"url\":\"https:\\\/\\\/www.meydan.tv\\\/wp-content\\\/uploads\\\/16058739223267554668_1000x669_p6fsrsi.jpg\",\"contentUrl\":\"https:\\\/\\\/www.meydan.tv\\\/wp-content\\\/uploads\\\/16058739223267554668_1000x669_p6fsrsi.jpg\",\"width\":1000,\"height\":666,\"caption\":\"Foto: Meydan TV\"},{\"@type\":\"BreadcrumbList\",\"@id\":\"https:\\\/\\\/www.meydan.tv\\\/az\\\/article\\\/yeni-ilde-azerbaycanda-ardicil-7-gun-qeyri-is-gunu-olacaq\\\/#breadcrumb\",\"itemListElement\":[{\"@type\":\"ListItem\",\"position\":1,\"name\":\"Ana s\u0259hif\u0259\",\"item\":\"https:\\\/\\\/www.meydan.tv\\\/az\\\/\"},{\"@type\":\"ListItem\",\"position\":2,\"name\":\"X\u0259b\u0259rl\u0259r\",\"item\":\"https:\\\/\\\/www.meydan.tv\\\/az\\\/section\\\/xeberler\\\/\"},{\"@type\":\"ListItem\",\"position\":3,\"name\":\"Yeni ild\u0259 Az\u0259rbaycanda ard\u0131c\u0131l 7 g\u00fcn qeyri-i\u015f g\u00fcn\u00fc olacaq\"}]},{\"@type\":\"WebSite\",\"@id\":\"https:\\\/\\\/www.meydan.tv\\\/az\\\/#website\",\"url\":\"https:\\\/\\\/www.meydan.tv\\\/az\\\/\",\"name\":\"MEYDAN.TV\",\"description\":\"Meydan TV Az\u0259rbaycan\u0131n media m\u0259kan\u0131ndak\u0131 alternativ s\u0259sidir\",\"publisher\":{\"@id\":\"https:\\\/\\\/www.meydan.tv\\\/az\\\/#organization\"},\"potentialAction\":[{\"@type\":\"SearchAction\",\"target\":{\"@type\":\"EntryPoint\",\"urlTemplate\":\"https:\\\/\\\/www.meydan.tv\\\/az\\\/?s={search_term_string}\"},\"query-input\":{\"@type\":\"PropertyValueSpecification\",\"valueRequired\":true,\"valueName\":\"search_term_string\"}}],\"inLanguage\":\"az\"},{\"@type\":\"Organization\",\"@id\":\"https:\\\/\\\/www.meydan.tv\\\/az\\\/#organization\",\"name\":\"Meydan TV\",\"url\":\"https:\\\/\\\/www.meydan.tv\\\/az\\\/\",\"logo\":{\"@type\":\"ImageObject\",\"inLanguage\":\"az\",\"@id\":\"https:\\\/\\\/www.meydan.tv\\\/az\\\/#\\\/schema\\\/logo\\\/image\\\/\",\"url\":\"https:\\\/\\\/www.meydan.tv\\\/wp-content\\\/uploads\\\/2021\\\/07\\\/meydan-logo.svg\",\"contentUrl\":\"https:\\\/\\\/www.meydan.tv\\\/wp-content\\\/uploads\\\/2021\\\/07\\\/meydan-logo.svg\",\"width\":195,\"height\":46,\"caption\":\"Meydan TV\"},\"image\":{\"@id\":\"https:\\\/\\\/www.meydan.tv\\\/az\\\/#\\\/schema\\\/logo\\\/image\\\/\"}},{\"@type\":\"Person\",\"@id\":\"https:\\\/\\\/www.meydan.tv\\\/az\\\/#\\\/schema\\\/person\\\/09863e516102a829e72bedcf3f84c6b0\",\"name\":\"mahmud\"}]}<\/script>\n<!-- \/ Yoast SEO plugin. -->","yoast_head_json":{"title":"Yeni ild\u0259 Az\u0259rbaycanda ard\u0131c\u0131l 7 g\u00fcn qeyri-i\u015f g\u00fcn\u00fc olacaq - MEYDAN.TV","description":"Dekabr\u0131n 30-dan yanvar\u0131n 5-n\u0259 q\u0259d\u0259r i\u015f olmayacaq.","robots":{"index":"index","follow":"follow","max-snippet":"max-snippet:-1","max-image-preview":"max-image-preview:large","max-video-preview":"max-video-preview:-1"},"canonical":"https:\/\/www.meydan.tv\/az\/article\/yeni-ilde-azerbaycanda-ardicil-7-gun-qeyri-is-gunu-olacaq\/","og_locale":"az_AZ","og_type":"article","og_title":"Yeni ild\u0259 Az\u0259rbaycanda ard\u0131c\u0131l 7 g\u00fcn qeyri-i\u015f g\u00fcn\u00fc olacaq - MEYDAN.TV","og_description":"Dekabr\u0131n 30-dan yanvar\u0131n 5-n\u0259 q\u0259d\u0259r i\u015f olmayacaq.","og_url":"https:\/\/www.meydan.tv\/az\/article\/yeni-ilde-azerbaycanda-ardicil-7-gun-qeyri-is-gunu-olacaq\/","og_site_name":"MEYDAN.TV","article_published_time":"2024-11-28T10:24:02+00:00","article_modified_time":"2024-11-28T10:24:05+00:00","og_image":[{"width":1000,"height":666,"url":"https:\/\/www.meydan.tv\/wp-content\/uploads\/16058739223267554668_1000x669_p6fsrsi.jpg","type":"image\/jpeg"}],"author":"mahmud","twitter_card":"summary_large_image","schema":{"@context":"https:\/\/schema.org","@graph":[{"@type":"Article","@id":"https:\/\/www.meydan.tv\/az\/article\/yeni-ilde-azerbaycanda-ardicil-7-gun-qeyri-is-gunu-olacaq\/#article","isPartOf":{"@id":"https:\/\/www.meydan.tv\/az\/article\/yeni-ilde-azerbaycanda-ardicil-7-gun-qeyri-is-gunu-olacaq\/"},"author":{"name":"mahmud","@id":"https:\/\/www.meydan.tv\/az\/#\/schema\/person\/09863e516102a829e72bedcf3f84c6b0"},"headline":"Yeni ild\u0259 Az\u0259rbaycanda ard\u0131c\u0131l 7 g\u00fcn qeyri-i\u015f g\u00fcn\u00fc olacaq","datePublished":"2024-11-28T10:24:02+00:00","dateModified":"2024-11-28T10:24:05+00:00","mainEntityOfPage":{"@id":"https:\/\/www.meydan.tv\/az\/article\/yeni-ilde-azerbaycanda-ardicil-7-gun-qeyri-is-gunu-olacaq\/"},"wordCount":142,"publisher":{"@id":"https:\/\/www.meydan.tv\/az\/#organization"},"image":{"@id":"https:\/\/www.meydan.tv\/az\/article\/yeni-ilde-azerbaycanda-ardicil-7-gun-qeyri-is-gunu-olacaq\/#primaryimage"},"thumbnailUrl":"https:\/\/www.meydan.tv\/wp-content\/uploads\/16058739223267554668_1000x669_p6fsrsi.jpg","articleSection":["Sosial","X\u0259b\u0259rl\u0259r"],"inLanguage":"az"},{"@type":"WebPage","@id":"https:\/\/www.meydan.tv\/az\/article\/yeni-ilde-azerbaycanda-ardicil-7-gun-qeyri-is-gunu-olacaq\/","url":"https:\/\/www.meydan.tv\/az\/article\/yeni-ilde-azerbaycanda-ardicil-7-gun-qeyri-is-gunu-olacaq\/","name":"Yeni ild\u0259 Az\u0259rbaycanda ard\u0131c\u0131l 7 g\u00fcn qeyri-i\u015f g\u00fcn\u00fc olacaq - MEYDAN.TV","isPartOf":{"@id":"https:\/\/www.meydan.tv\/az\/#website"},"primaryImageOfPage":{"@id":"https:\/\/www.meydan.tv\/az\/article\/yeni-ilde-azerbaycanda-ardicil-7-gun-qeyri-is-gunu-olacaq\/#primaryimage"},"image":{"@id":"https:\/\/www.meydan.tv\/az\/article\/yeni-ilde-azerbaycanda-ardicil-7-gun-qeyri-is-gunu-olacaq\/#primaryimage"},"thumbnailUrl":"https:\/\/www.meydan.tv\/wp-content\/uploads\/16058739223267554668_1000x669_p6fsrsi.jpg","datePublished":"2024-11-28T10:24:02+00:00","dateModified":"2024-11-28T10:24:05+00:00","description":"Dekabr\u0131n 30-dan yanvar\u0131n 5-n\u0259 q\u0259d\u0259r i\u015f olmayacaq.","breadcrumb":{"@id":"https:\/\/www.meydan.tv\/az\/article\/yeni-ilde-azerbaycanda-ardicil-7-gun-qeyri-is-gunu-olacaq\/#breadcrumb"},"inLanguage":"az","potentialAction":[{"@type":"ReadAction","target":["https:\/\/www.meydan.tv\/az\/article\/yeni-ilde-azerbaycanda-ardicil-7-gun-qeyri-is-gunu-olacaq\/"]}]},{"@type":"ImageObject","inLanguage":"az","@id":"https:\/\/www.meydan.tv\/az\/article\/yeni-ilde-azerbaycanda-ardicil-7-gun-qeyri-is-gunu-olacaq\/#primaryimage","url":"https:\/\/www.meydan.tv\/wp-content\/uploads\/16058739223267554668_1000x669_p6fsrsi.jpg","contentUrl":"https:\/\/www.meydan.tv\/wp-content\/uploads\/16058739223267554668_1000x669_p6fsrsi.jpg","width":1000,"height":666,"caption":"Foto: Meydan TV"},{"@type":"BreadcrumbList","@id":"https:\/\/www.meydan.tv\/az\/article\/yeni-ilde-azerbaycanda-ardicil-7-gun-qeyri-is-gunu-olacaq\/#breadcrumb","itemListElement":[{"@type":"ListItem","position":1,"name":"Ana s\u0259hif\u0259","item":"https:\/\/www.meydan.tv\/az\/"},{"@type":"ListItem","position":2,"name":"X\u0259b\u0259rl\u0259r","item":"https:\/\/www.meydan.tv\/az\/section\/xeberler\/"},{"@type":"ListItem","position":3,"name":"Yeni ild\u0259 Az\u0259rbaycanda ard\u0131c\u0131l 7 g\u00fcn qeyri-i\u015f g\u00fcn\u00fc olacaq"}]},{"@type":"WebSite","@id":"https:\/\/www.meydan.tv\/az\/#website","url":"https:\/\/www.meydan.tv\/az\/","name":"MEYDAN.TV","description":"Meydan TV Az\u0259rbaycan\u0131n media m\u0259kan\u0131ndak\u0131 alternativ s\u0259sidir","publisher":{"@id":"https:\/\/www.meydan.tv\/az\/#organization"},"potentialAction":[{"@type":"SearchAction","target":{"@type":"EntryPoint","urlTemplate":"https:\/\/www.meydan.tv\/az\/?s={search_term_string}"},"query-input":{"@type":"PropertyValueSpecification","valueRequired":true,"valueName":"search_term_string"}}],"inLanguage":"az"},{"@type":"Organization","@id":"https:\/\/www.meydan.tv\/az\/#organization","name":"Meydan TV","url":"https:\/\/www.meydan.tv\/az\/","logo":{"@type":"ImageObject","inLanguage":"az","@id":"https:\/\/www.meydan.tv\/az\/#\/schema\/logo\/image\/","url":"https:\/\/www.meydan.tv\/wp-content\/uploads\/2021\/07\/meydan-logo.svg","contentUrl":"https:\/\/www.meydan.tv\/wp-content\/uploads\/2021\/07\/meydan-logo.svg","width":195,"height":46,"caption":"Meydan TV"},"image":{"@id":"https:\/\/www.meydan.tv\/az\/#\/schema\/logo\/image\/"}},{"@type":"Person","@id":"https:\/\/www.meydan.tv\/az\/#\/schema\/person\/09863e516102a829e72bedcf3f84c6b0","name":"mahmud"}]}},"_links":{"self":[{"href":"https:\/\/www.meydan.tv\/az\/wp-json\/wp\/v2\/posts\/321658","targetHints":{"allow":["GET"]}}],"collection":[{"href":"https:\/\/www.meydan.tv\/az\/wp-json\/wp\/v2\/posts"}],"about":[{"href":"https:\/\/www.meydan.tv\/az\/wp-json\/wp\/v2\/types\/post"}],"author":[{"embeddable":true,"href":"https:\/\/www.meydan.tv\/az\/wp-json\/wp\/v2\/users\/21"}],"replies":[{"embeddable":true,"href":"https:\/\/www.meydan.tv\/az\/wp-json\/wp\/v2\/comments?post=321658"}],"version-history":[{"count":1,"href":"https:\/\/www.meydan.tv\/az\/wp-json\/wp\/v2\/posts\/321658\/revisions"}],"predecessor-version":[{"id":321659,"href":"https:\/\/www.meydan.tv\/az\/wp-json\/wp\/v2\/posts\/321658\/revisions\/321659"}],"wp:featuredmedia":[{"embeddable":true,"href":"https:\/\/www.meydan.tv\/az\/wp-json\/wp\/v2\/media\/152624"}],"wp:attachment":[{"href":"https:\/\/www.meydan.tv\/az\/wp-json\/wp\/v2\/media?parent=321658"}],"wp:term":[{"taxonomy":"category","embeddable":true,"href":"https:\/\/www.meydan.tv\/az\/wp-json\/wp\/v2\/categories?post=321658"},{"taxonomy":"post_tag","embeddable":true,"href":"https:\/\/www.meydan.tv\/az\/wp-json\/wp\/v2\/tags?post=321658"}],"curies":[{"name":"wp","href":"https:\/\/api.w.org\/{rel}","templated":true}]}}