{"id":321635,"date":"2024-11-27T23:41:46","date_gmt":"2024-11-27T19:41:46","guid":{"rendered":"https:\/\/www.meydan.tv\/?p=321635"},"modified":"2024-11-27T23:41:49","modified_gmt":"2024-11-27T19:41:49","slug":"yol-qezasi-6-can-aldi-olenlerin-5-i-herbcidir","status":"publish","type":"post","link":"https:\/\/www.meydan.tv\/az\/article\/yol-qezasi-6-can-aldi-olenlerin-5-i-herbcidir\/","title":{"rendered":"Yol q\u0259zas\u0131 6 can ald\u0131, \u00f6l\u0259nl\u0259rin 5-i h\u0259rb\u00e7idir"},"content":{"rendered":"\n<p><\/p>\n\n\n\n<p><strong><em>Bir yeniyetm\u0259 x\u0259st\u0259xanaya yerl\u0259\u015fdirilib<\/em><\/strong><\/p>\n\n\n\n<p>Tovuzun Ceyran\u00e7\u00f6l adlanan \u0259razisind\u0259 \u00f6l\u00fcml\u0259 n\u0259tic\u0259l\u0259n\u0259n yol-n\u0259qliyyat q\u0259zas\u0131n\u0131n ba\u015f verdiyi bildirilir.<\/p>\n\n\n\n<p>F\u00f6vq\u0259lad\u0259 Hallar Nazirliyinin m\u0259lumat\u0131na g\u00f6r\u0259, \u201cMercedes\u201d markal\u0131 minik avtomobili il\u0259 \u201cVAZ 2106\u201d markal\u0131 minik avtomobili <a href=\"https:\/\/fhn.gov.az\/az\/melumatlar\/fhn-metbuat-xidmetinin-melumati-4fdae525\" target=\"_blank\" rel=\"noreferrer noopener\">toqqu\u015fub<\/a>.<\/p>\n\n\n\n<p>N\u0259tic\u0259d\u0259 deformasiyaya u\u011fram\u0131\u015f n\u0259qliyyat vasit\u0259l\u0259rind\u0259 s\u0131x\u0131l\u0131 v\u0259ziyy\u0259td\u0259 qalanlar\u0131n oldu\u011fu m\u00fc\u0259yy\u0259n edilib.<\/p>\n\n\n\n<p>Xilasedicil\u0259r x\u00fcsusi vasit\u0259l\u0259rin k\u00f6m\u0259yi il\u0259 \u201cMercedes\u201d markal\u0131 minik avtomobilind\u0259 s\u0131x\u0131l\u0131 v\u0259ziyy\u0259td\u0259 qalan yeniyetm\u0259ni xilas ed\u0259r\u0259k t\u0259cili tibbi yard\u0131m briqadas\u0131na t\u0259hvil veribl\u0259r.<\/p>\n\n\n\n<p>Yol-n\u0259qliyyat q\u0259zas\u0131 zaman\u0131 h\u0259yat\u0131n\u0131 itirmi\u015f alt\u0131 n\u0259f\u0259rin meyiti aidiyy\u0259ti \u00fczr\u0259 t\u0259hvil verilib.<\/p>\n\n\n\n<p>Yan\u011f\u0131ns\u00f6nd\u00fcr\u0259nl\u0259r t\u0259r\u0259find\u0259n \u0259razid\u0259 z\u0259ruri t\u0259hl\u00fck\u0259sizlik t\u0259dbirl\u0259ri g\u00f6r\u00fcl\u00fcb.<\/p>\n\n\n\n<p>Hadis\u0259 il\u0259 \u0259laq\u0259dar m\u00fcvafiq qurumlar t\u0259r\u0259find\u0259n t\u0259hqiqat apar\u0131l\u0131r.<\/p>\n\n\n\n<p>T\u018fB\u0130B-in m\u0259lumat\u0131na g\u00f6r\u0259, ba\u015f vermi\u015f a\u011f\u0131r yol-n\u0259qliyyat hadis\u0259si n\u0259tic\u0259sind\u0259 x\u0259sar\u0259t alan 13 ya\u015fl\u0131 yeniyetm\u0259 saat 20:40-da aqonal v\u0259ziyy\u0259td\u0259 Tovuz Rayon M\u0259rk\u0259zi X\u0259st\u0259xanas\u0131n\u0131n T\u0259cili v\u0259 t\u0259xir\u0259sal\u0131nmaz tibbi yard\u0131m \u015f\u00f6b\u0259sin\u0259 hospitalizasiya olunub.<\/p>\n\n\n\n<p><em>\u201cBa\u015f\u0131n, d\u00f6\u015f q\u0259f\u0259sinin, b\u0259d\u0259nin m\u00fcxt\u0259lif nahiy\u0259l\u0259rinin qapal\u0131 v\u0259 a\u00e7\u0131q z\u0259d\u0259l\u0259nm\u0259si diaqnozu il\u0259 ona z\u0259ruri tibbi yard\u0131m g\u00f6st\u0259rilib v\u0259 pasiyent \u0259m\u0259liyyat blokuna al\u0131n\u0131b. Haz\u0131rda v\u0259ziyy\u0259ti a\u011f\u0131r qiym\u0259tl\u0259ndirilir\u201d, <\/em>&#8211; qurumun m\u0259lumat\u0131nda deyilir.<\/p>\n\n\n\n<p>M\u00fcdafi\u0259 Nazirliyi Tovuzda yol q\u0259zas\u0131nda \u00f6l\u0259nl\u0259rd\u0259n be\u015finin h\u0259rb\u00e7i oldu\u011funu a\u00e7\u0131qlay\u0131b.<\/p>\n\n\n\n<p>M\u00fcdafi\u0259 Nazirliyind\u0259n veril\u0259n m\u0259lumata g\u00f6r\u0259, noyabr\u0131n 27-d\u0259 ax\u015fam saatlar\u0131nda Tovuz rayonu \u0259razisind\u0259, xidm\u0259td\u0259n k\u0259nar vaxtda \u015f\u0259xsi avtomobilin q\u0259zaya u\u011framas\u0131 n\u0259tic\u0259sind\u0259 Az\u0259rbaycan Ordusunun 5 h\u0259rbi qulluq\u00e7usu &#8211; ba\u015f gizir Qurbanov Ruslan \u018fhliman o\u011flu, m\u00fcdd\u0259td\u0259n art\u0131q h\u0259qiqi h\u0259rbi xidm\u0259t h\u0259rbi qulluq\u00e7ular\u0131 ba\u015f \u00e7avu\u015f Al\u0131yev Qabil Qaybal\u0131 o\u011flu, \u00e7avu\u015f \u018fliyev B\u0259hlul Ayd\u0131n o\u011flu, \u00e7avu\u015f \u018fhm\u0259dov Q\u0259l\u0259nd\u0259r Mail o\u011flu v\u0259 ki\u00e7ik \u00e7avu\u015f Mehdiyev Turan Cavad o\u011flu v\u0259fat edib.<\/p>\n\n\n\n<p>Faktla ba\u011fl\u0131 ara\u015fd\u0131rma apar\u0131l\u0131r.<\/p>\n","protected":false},"excerpt":{"rendered":"<p>Bir yeniyetm\u0259 x\u0259st\u0259xanaya yerl\u0259\u015fdirilib Tovuzun Ceyran\u00e7\u00f6l adlanan \u0259razisind\u0259 \u00f6l\u00fcml\u0259 n\u0259tic\u0259l\u0259n\u0259n &#8230; <\/p>\n<p class=\"read-more-container\"><a title=\"Yol q\u0259zas\u0131 6 can ald\u0131, \u00f6l\u0259nl\u0259rin 5-i h\u0259rb\u00e7idir\" class=\"read-more button\" href=\"https:\/\/www.meydan.tv\/az\/article\/yol-qezasi-6-can-aldi-olenlerin-5-i-herbcidir\/#more-321635\" aria-label=\"Read more about Yol q\u0259zas\u0131 6 can ald\u0131, \u00f6l\u0259nl\u0259rin 5-i h\u0259rb\u00e7idir\">Davam\u0131<\/a><\/p>\n","protected":false},"author":21,"featured_media":304390,"comment_status":"closed","ping_status":"closed","sticky":false,"template":"","format":"standard","meta":{"_acf_changed":false,"_sitemap_exclude":false,"_sitemap_priority":"","_sitemap_frequency":"","footnotes":""},"categories":[62,79,56],"tags":[],"class_list":["post-321635","post","type-post","status-publish","format-standard","has-post-thumbnail","hentry","category-sosial","category-featured","category-xeberler","infinite-scroll-item","generate-columns","tablet-grid-50","mobile-grid-100","grid-parent","grid-33","no-featured-image-padding"],"acf":[],"yoast_head":"<!-- This site is optimized with the Yoast SEO plugin v27.4 - https:\/\/yoast.com\/product\/yoast-seo-wordpress\/ -->\n<title>Yol q\u0259zas\u0131 6 can ald\u0131, \u00f6l\u0259nl\u0259rin 5-i h\u0259rb\u00e7idir - MEYDAN.TV<\/title>\n<meta name=\"description\" content=\"Tovuzun Ceyran\u00e7\u00f6l adlanan \u0259razisind\u0259 \u00f6l\u00fcml\u0259 n\u0259tic\u0259l\u0259n\u0259n yol-n\u0259qliyyat q\u0259zas\u0131n\u0131n ba\u015f verdiyi bildirilir.\" \/>\n<meta name=\"robots\" content=\"index, follow, max-snippet:-1, max-image-preview:large, max-video-preview:-1\" \/>\n<link rel=\"canonical\" href=\"https:\/\/www.meydan.tv\/az\/article\/yol-qezasi-6-can-aldi-olenlerin-5-i-herbcidir\/\" \/>\n<meta property=\"og:locale\" content=\"az_AZ\" \/>\n<meta property=\"og:type\" content=\"article\" \/>\n<meta property=\"og:title\" content=\"Yol q\u0259zas\u0131 6 can ald\u0131, \u00f6l\u0259nl\u0259rin 5-i h\u0259rb\u00e7idir - MEYDAN.TV\" \/>\n<meta property=\"og:description\" content=\"Tovuzun Ceyran\u00e7\u00f6l adlanan \u0259razisind\u0259 \u00f6l\u00fcml\u0259 n\u0259tic\u0259l\u0259n\u0259n yol-n\u0259qliyyat q\u0259zas\u0131n\u0131n ba\u015f verdiyi bildirilir.\" \/>\n<meta property=\"og:url\" content=\"https:\/\/www.meydan.tv\/az\/article\/yol-qezasi-6-can-aldi-olenlerin-5-i-herbcidir\/\" \/>\n<meta property=\"og:site_name\" content=\"MEYDAN.TV\" \/>\n<meta property=\"article:published_time\" content=\"2024-11-27T19:41:46+00:00\" \/>\n<meta property=\"article:modified_time\" content=\"2024-11-27T19:41:49+00:00\" \/>\n<meta property=\"og:image\" content=\"https:\/\/www.meydan.tv\/wp-content\/uploads\/img-20240416-wa0010.jpg\" \/>\n\t<meta property=\"og:image:width\" content=\"1200\" \/>\n\t<meta property=\"og:image:height\" content=\"787\" \/>\n\t<meta property=\"og:image:type\" content=\"image\/jpeg\" \/>\n<meta name=\"author\" content=\"mahmud\" \/>\n<meta name=\"twitter:card\" content=\"summary_large_image\" \/>\n<script type=\"application\/ld+json\" class=\"yoast-schema-graph\">{\"@context\":\"https:\\\/\\\/schema.org\",\"@graph\":[{\"@type\":\"Article\",\"@id\":\"https:\\\/\\\/www.meydan.tv\\\/az\\\/article\\\/yol-qezasi-6-can-aldi-olenlerin-5-i-herbcidir\\\/#article\",\"isPartOf\":{\"@id\":\"https:\\\/\\\/www.meydan.tv\\\/az\\\/article\\\/yol-qezasi-6-can-aldi-olenlerin-5-i-herbcidir\\\/\"},\"author\":{\"name\":\"mahmud\",\"@id\":\"https:\\\/\\\/www.meydan.tv\\\/az\\\/#\\\/schema\\\/person\\\/09863e516102a829e72bedcf3f84c6b0\"},\"headline\":\"Yol q\u0259zas\u0131 6 can ald\u0131, \u00f6l\u0259nl\u0259rin 5-i h\u0259rb\u00e7idir\",\"datePublished\":\"2024-11-27T19:41:46+00:00\",\"dateModified\":\"2024-11-27T19:41:49+00:00\",\"mainEntityOfPage\":{\"@id\":\"https:\\\/\\\/www.meydan.tv\\\/az\\\/article\\\/yol-qezasi-6-can-aldi-olenlerin-5-i-herbcidir\\\/\"},\"wordCount\":435,\"publisher\":{\"@id\":\"https:\\\/\\\/www.meydan.tv\\\/az\\\/#organization\"},\"image\":{\"@id\":\"https:\\\/\\\/www.meydan.tv\\\/az\\\/article\\\/yol-qezasi-6-can-aldi-olenlerin-5-i-herbcidir\\\/#primaryimage\"},\"thumbnailUrl\":\"https:\\\/\\\/www.meydan.tv\\\/wp-content\\\/uploads\\\/img-20240416-wa0010.jpg\",\"articleSection\":[\"Sosial\",\"T\u00f6vsiy\u0259\",\"X\u0259b\u0259rl\u0259r\"],\"inLanguage\":\"az\"},{\"@type\":\"WebPage\",\"@id\":\"https:\\\/\\\/www.meydan.tv\\\/az\\\/article\\\/yol-qezasi-6-can-aldi-olenlerin-5-i-herbcidir\\\/\",\"url\":\"https:\\\/\\\/www.meydan.tv\\\/az\\\/article\\\/yol-qezasi-6-can-aldi-olenlerin-5-i-herbcidir\\\/\",\"name\":\"Yol q\u0259zas\u0131 6 can ald\u0131, \u00f6l\u0259nl\u0259rin 5-i h\u0259rb\u00e7idir - MEYDAN.TV\",\"isPartOf\":{\"@id\":\"https:\\\/\\\/www.meydan.tv\\\/az\\\/#website\"},\"primaryImageOfPage\":{\"@id\":\"https:\\\/\\\/www.meydan.tv\\\/az\\\/article\\\/yol-qezasi-6-can-aldi-olenlerin-5-i-herbcidir\\\/#primaryimage\"},\"image\":{\"@id\":\"https:\\\/\\\/www.meydan.tv\\\/az\\\/article\\\/yol-qezasi-6-can-aldi-olenlerin-5-i-herbcidir\\\/#primaryimage\"},\"thumbnailUrl\":\"https:\\\/\\\/www.meydan.tv\\\/wp-content\\\/uploads\\\/img-20240416-wa0010.jpg\",\"datePublished\":\"2024-11-27T19:41:46+00:00\",\"dateModified\":\"2024-11-27T19:41:49+00:00\",\"description\":\"Tovuzun Ceyran\u00e7\u00f6l adlanan \u0259razisind\u0259 \u00f6l\u00fcml\u0259 n\u0259tic\u0259l\u0259n\u0259n yol-n\u0259qliyyat q\u0259zas\u0131n\u0131n ba\u015f verdiyi bildirilir.\",\"breadcrumb\":{\"@id\":\"https:\\\/\\\/www.meydan.tv\\\/az\\\/article\\\/yol-qezasi-6-can-aldi-olenlerin-5-i-herbcidir\\\/#breadcrumb\"},\"inLanguage\":\"az\",\"potentialAction\":[{\"@type\":\"ReadAction\",\"target\":[\"https:\\\/\\\/www.meydan.tv\\\/az\\\/article\\\/yol-qezasi-6-can-aldi-olenlerin-5-i-herbcidir\\\/\"]}]},{\"@type\":\"ImageObject\",\"inLanguage\":\"az\",\"@id\":\"https:\\\/\\\/www.meydan.tv\\\/az\\\/article\\\/yol-qezasi-6-can-aldi-olenlerin-5-i-herbcidir\\\/#primaryimage\",\"url\":\"https:\\\/\\\/www.meydan.tv\\\/wp-content\\\/uploads\\\/img-20240416-wa0010.jpg\",\"contentUrl\":\"https:\\\/\\\/www.meydan.tv\\\/wp-content\\\/uploads\\\/img-20240416-wa0010.jpg\",\"width\":1200,\"height\":787,\"caption\":\"Yol q\u0259zas\u0131. Foto: D\u0130N\"},{\"@type\":\"BreadcrumbList\",\"@id\":\"https:\\\/\\\/www.meydan.tv\\\/az\\\/article\\\/yol-qezasi-6-can-aldi-olenlerin-5-i-herbcidir\\\/#breadcrumb\",\"itemListElement\":[{\"@type\":\"ListItem\",\"position\":1,\"name\":\"Ana s\u0259hif\u0259\",\"item\":\"https:\\\/\\\/www.meydan.tv\\\/az\\\/\"},{\"@type\":\"ListItem\",\"position\":2,\"name\":\"Sosial\",\"item\":\"https:\\\/\\\/www.meydan.tv\\\/az\\\/section\\\/sosial\\\/\"},{\"@type\":\"ListItem\",\"position\":3,\"name\":\"Yol q\u0259zas\u0131 6 can ald\u0131, \u00f6l\u0259nl\u0259rin 5-i h\u0259rb\u00e7idir\"}]},{\"@type\":\"WebSite\",\"@id\":\"https:\\\/\\\/www.meydan.tv\\\/az\\\/#website\",\"url\":\"https:\\\/\\\/www.meydan.tv\\\/az\\\/\",\"name\":\"MEYDAN.TV\",\"description\":\"Meydan TV Az\u0259rbaycan\u0131n media m\u0259kan\u0131ndak\u0131 alternativ s\u0259sidir\",\"publisher\":{\"@id\":\"https:\\\/\\\/www.meydan.tv\\\/az\\\/#organization\"},\"potentialAction\":[{\"@type\":\"SearchAction\",\"target\":{\"@type\":\"EntryPoint\",\"urlTemplate\":\"https:\\\/\\\/www.meydan.tv\\\/az\\\/?s={search_term_string}\"},\"query-input\":{\"@type\":\"PropertyValueSpecification\",\"valueRequired\":true,\"valueName\":\"search_term_string\"}}],\"inLanguage\":\"az\"},{\"@type\":\"Organization\",\"@id\":\"https:\\\/\\\/www.meydan.tv\\\/az\\\/#organization\",\"name\":\"Meydan TV\",\"url\":\"https:\\\/\\\/www.meydan.tv\\\/az\\\/\",\"logo\":{\"@type\":\"ImageObject\",\"inLanguage\":\"az\",\"@id\":\"https:\\\/\\\/www.meydan.tv\\\/az\\\/#\\\/schema\\\/logo\\\/image\\\/\",\"url\":\"https:\\\/\\\/www.meydan.tv\\\/wp-content\\\/uploads\\\/2021\\\/07\\\/meydan-logo.svg\",\"contentUrl\":\"https:\\\/\\\/www.meydan.tv\\\/wp-content\\\/uploads\\\/2021\\\/07\\\/meydan-logo.svg\",\"width\":195,\"height\":46,\"caption\":\"Meydan TV\"},\"image\":{\"@id\":\"https:\\\/\\\/www.meydan.tv\\\/az\\\/#\\\/schema\\\/logo\\\/image\\\/\"}},{\"@type\":\"Person\",\"@id\":\"https:\\\/\\\/www.meydan.tv\\\/az\\\/#\\\/schema\\\/person\\\/09863e516102a829e72bedcf3f84c6b0\",\"name\":\"mahmud\"}]}<\/script>\n<!-- \/ Yoast SEO plugin. -->","yoast_head_json":{"title":"Yol q\u0259zas\u0131 6 can ald\u0131, \u00f6l\u0259nl\u0259rin 5-i h\u0259rb\u00e7idir - MEYDAN.TV","description":"Tovuzun Ceyran\u00e7\u00f6l adlanan \u0259razisind\u0259 \u00f6l\u00fcml\u0259 n\u0259tic\u0259l\u0259n\u0259n yol-n\u0259qliyyat q\u0259zas\u0131n\u0131n ba\u015f verdiyi bildirilir.","robots":{"index":"index","follow":"follow","max-snippet":"max-snippet:-1","max-image-preview":"max-image-preview:large","max-video-preview":"max-video-preview:-1"},"canonical":"https:\/\/www.meydan.tv\/az\/article\/yol-qezasi-6-can-aldi-olenlerin-5-i-herbcidir\/","og_locale":"az_AZ","og_type":"article","og_title":"Yol q\u0259zas\u0131 6 can ald\u0131, \u00f6l\u0259nl\u0259rin 5-i h\u0259rb\u00e7idir - MEYDAN.TV","og_description":"Tovuzun Ceyran\u00e7\u00f6l adlanan \u0259razisind\u0259 \u00f6l\u00fcml\u0259 n\u0259tic\u0259l\u0259n\u0259n yol-n\u0259qliyyat q\u0259zas\u0131n\u0131n ba\u015f verdiyi bildirilir.","og_url":"https:\/\/www.meydan.tv\/az\/article\/yol-qezasi-6-can-aldi-olenlerin-5-i-herbcidir\/","og_site_name":"MEYDAN.TV","article_published_time":"2024-11-27T19:41:46+00:00","article_modified_time":"2024-11-27T19:41:49+00:00","og_image":[{"width":1200,"height":787,"url":"https:\/\/www.meydan.tv\/wp-content\/uploads\/img-20240416-wa0010.jpg","type":"image\/jpeg"}],"author":"mahmud","twitter_card":"summary_large_image","schema":{"@context":"https:\/\/schema.org","@graph":[{"@type":"Article","@id":"https:\/\/www.meydan.tv\/az\/article\/yol-qezasi-6-can-aldi-olenlerin-5-i-herbcidir\/#article","isPartOf":{"@id":"https:\/\/www.meydan.tv\/az\/article\/yol-qezasi-6-can-aldi-olenlerin-5-i-herbcidir\/"},"author":{"name":"mahmud","@id":"https:\/\/www.meydan.tv\/az\/#\/schema\/person\/09863e516102a829e72bedcf3f84c6b0"},"headline":"Yol q\u0259zas\u0131 6 can ald\u0131, \u00f6l\u0259nl\u0259rin 5-i h\u0259rb\u00e7idir","datePublished":"2024-11-27T19:41:46+00:00","dateModified":"2024-11-27T19:41:49+00:00","mainEntityOfPage":{"@id":"https:\/\/www.meydan.tv\/az\/article\/yol-qezasi-6-can-aldi-olenlerin-5-i-herbcidir\/"},"wordCount":435,"publisher":{"@id":"https:\/\/www.meydan.tv\/az\/#organization"},"image":{"@id":"https:\/\/www.meydan.tv\/az\/article\/yol-qezasi-6-can-aldi-olenlerin-5-i-herbcidir\/#primaryimage"},"thumbnailUrl":"https:\/\/www.meydan.tv\/wp-content\/uploads\/img-20240416-wa0010.jpg","articleSection":["Sosial","T\u00f6vsiy\u0259","X\u0259b\u0259rl\u0259r"],"inLanguage":"az"},{"@type":"WebPage","@id":"https:\/\/www.meydan.tv\/az\/article\/yol-qezasi-6-can-aldi-olenlerin-5-i-herbcidir\/","url":"https:\/\/www.meydan.tv\/az\/article\/yol-qezasi-6-can-aldi-olenlerin-5-i-herbcidir\/","name":"Yol q\u0259zas\u0131 6 can ald\u0131, \u00f6l\u0259nl\u0259rin 5-i h\u0259rb\u00e7idir - MEYDAN.TV","isPartOf":{"@id":"https:\/\/www.meydan.tv\/az\/#website"},"primaryImageOfPage":{"@id":"https:\/\/www.meydan.tv\/az\/article\/yol-qezasi-6-can-aldi-olenlerin-5-i-herbcidir\/#primaryimage"},"image":{"@id":"https:\/\/www.meydan.tv\/az\/article\/yol-qezasi-6-can-aldi-olenlerin-5-i-herbcidir\/#primaryimage"},"thumbnailUrl":"https:\/\/www.meydan.tv\/wp-content\/uploads\/img-20240416-wa0010.jpg","datePublished":"2024-11-27T19:41:46+00:00","dateModified":"2024-11-27T19:41:49+00:00","description":"Tovuzun Ceyran\u00e7\u00f6l adlanan \u0259razisind\u0259 \u00f6l\u00fcml\u0259 n\u0259tic\u0259l\u0259n\u0259n yol-n\u0259qliyyat q\u0259zas\u0131n\u0131n ba\u015f verdiyi bildirilir.","breadcrumb":{"@id":"https:\/\/www.meydan.tv\/az\/article\/yol-qezasi-6-can-aldi-olenlerin-5-i-herbcidir\/#breadcrumb"},"inLanguage":"az","potentialAction":[{"@type":"ReadAction","target":["https:\/\/www.meydan.tv\/az\/article\/yol-qezasi-6-can-aldi-olenlerin-5-i-herbcidir\/"]}]},{"@type":"ImageObject","inLanguage":"az","@id":"https:\/\/www.meydan.tv\/az\/article\/yol-qezasi-6-can-aldi-olenlerin-5-i-herbcidir\/#primaryimage","url":"https:\/\/www.meydan.tv\/wp-content\/uploads\/img-20240416-wa0010.jpg","contentUrl":"https:\/\/www.meydan.tv\/wp-content\/uploads\/img-20240416-wa0010.jpg","width":1200,"height":787,"caption":"Yol q\u0259zas\u0131. Foto: D\u0130N"},{"@type":"BreadcrumbList","@id":"https:\/\/www.meydan.tv\/az\/article\/yol-qezasi-6-can-aldi-olenlerin-5-i-herbcidir\/#breadcrumb","itemListElement":[{"@type":"ListItem","position":1,"name":"Ana s\u0259hif\u0259","item":"https:\/\/www.meydan.tv\/az\/"},{"@type":"ListItem","position":2,"name":"Sosial","item":"https:\/\/www.meydan.tv\/az\/section\/sosial\/"},{"@type":"ListItem","position":3,"name":"Yol q\u0259zas\u0131 6 can ald\u0131, \u00f6l\u0259nl\u0259rin 5-i h\u0259rb\u00e7idir"}]},{"@type":"WebSite","@id":"https:\/\/www.meydan.tv\/az\/#website","url":"https:\/\/www.meydan.tv\/az\/","name":"MEYDAN.TV","description":"Meydan TV Az\u0259rbaycan\u0131n media m\u0259kan\u0131ndak\u0131 alternativ s\u0259sidir","publisher":{"@id":"https:\/\/www.meydan.tv\/az\/#organization"},"potentialAction":[{"@type":"SearchAction","target":{"@type":"EntryPoint","urlTemplate":"https:\/\/www.meydan.tv\/az\/?s={search_term_string}"},"query-input":{"@type":"PropertyValueSpecification","valueRequired":true,"valueName":"search_term_string"}}],"inLanguage":"az"},{"@type":"Organization","@id":"https:\/\/www.meydan.tv\/az\/#organization","name":"Meydan TV","url":"https:\/\/www.meydan.tv\/az\/","logo":{"@type":"ImageObject","inLanguage":"az","@id":"https:\/\/www.meydan.tv\/az\/#\/schema\/logo\/image\/","url":"https:\/\/www.meydan.tv\/wp-content\/uploads\/2021\/07\/meydan-logo.svg","contentUrl":"https:\/\/www.meydan.tv\/wp-content\/uploads\/2021\/07\/meydan-logo.svg","width":195,"height":46,"caption":"Meydan TV"},"image":{"@id":"https:\/\/www.meydan.tv\/az\/#\/schema\/logo\/image\/"}},{"@type":"Person","@id":"https:\/\/www.meydan.tv\/az\/#\/schema\/person\/09863e516102a829e72bedcf3f84c6b0","name":"mahmud"}]}},"_links":{"self":[{"href":"https:\/\/www.meydan.tv\/az\/wp-json\/wp\/v2\/posts\/321635","targetHints":{"allow":["GET"]}}],"collection":[{"href":"https:\/\/www.meydan.tv\/az\/wp-json\/wp\/v2\/posts"}],"about":[{"href":"https:\/\/www.meydan.tv\/az\/wp-json\/wp\/v2\/types\/post"}],"author":[{"embeddable":true,"href":"https:\/\/www.meydan.tv\/az\/wp-json\/wp\/v2\/users\/21"}],"replies":[{"embeddable":true,"href":"https:\/\/www.meydan.tv\/az\/wp-json\/wp\/v2\/comments?post=321635"}],"version-history":[{"count":1,"href":"https:\/\/www.meydan.tv\/az\/wp-json\/wp\/v2\/posts\/321635\/revisions"}],"predecessor-version":[{"id":321637,"href":"https:\/\/www.meydan.tv\/az\/wp-json\/wp\/v2\/posts\/321635\/revisions\/321637"}],"wp:featuredmedia":[{"embeddable":true,"href":"https:\/\/www.meydan.tv\/az\/wp-json\/wp\/v2\/media\/304390"}],"wp:attachment":[{"href":"https:\/\/www.meydan.tv\/az\/wp-json\/wp\/v2\/media?parent=321635"}],"wp:term":[{"taxonomy":"category","embeddable":true,"href":"https:\/\/www.meydan.tv\/az\/wp-json\/wp\/v2\/categories?post=321635"},{"taxonomy":"post_tag","embeddable":true,"href":"https:\/\/www.meydan.tv\/az\/wp-json\/wp\/v2\/tags?post=321635"}],"curies":[{"name":"wp","href":"https:\/\/api.w.org\/{rel}","templated":true}]}}