{"id":321575,"date":"2024-11-27T15:15:06","date_gmt":"2024-11-27T11:15:06","guid":{"rendered":"https:\/\/www.meydan.tv\/?p=321575"},"modified":"2024-11-27T15:15:09","modified_gmt":"2024-11-27T11:15:09","slug":"iqtisadcinin-da-olkeden-cixisina-qadaga-qoyuldu","status":"publish","type":"post","link":"https:\/\/www.meydan.tv\/az\/article\/iqtisadcinin-da-olkeden-cixisina-qadaga-qoyuldu\/","title":{"rendered":"\u0130qtisad\u00e7\u0131n\u0131n da \u00f6lk\u0259d\u0259n \u00e7\u0131x\u0131\u015f\u0131na qada\u011fa qoyuldu"},"content":{"rendered":"\n<p class=\"wp-block-paragraph\"><\/p>\n\n\n\n<p class=\"wp-block-paragraph\"><strong><em>&#8220;Az\u0259rbaycanda qalmaq c\u0259za v\u0259 ya t\u0259zyiq n\u00f6v\u00fcd\u00fcr?&#8221;<\/em><\/strong><\/p>\n\n\n\n<p class=\"wp-block-paragraph\">\u0130qtisad\u00e7\u0131 To\u011frul V\u0259liyevin \u00f6lk\u0259d\u0259n \u00e7\u0131x\u0131\u015f\u0131na qada\u011fa qoyuldu\u011fu bildirilir.<\/p>\n\n\n\n<p class=\"wp-block-paragraph\">\u0130qtisad\u00e7\u0131 bu bar\u0259d\u0259 sosial \u015f\u0259b\u0259k\u0259 hesab\u0131nda <a href=\"https:\/\/www.facebook.com\/story.php?story_fbid=8972473142775298&amp;id=100000381051402&amp;mibextid=WC7FNe&amp;rdid=Wn2ODXvxcGzsPP32\" target=\"_blank\" rel=\"noreferrer noopener\">yaz\u0131b<\/a>.<\/p>\n\n\n\n<p class=\"wp-block-paragraph\">To\u011frul V\u0259liyev hesab edir ki, \u00f6lk\u0259d\u0259n \u00e7\u0131x\u0131\u015f\u0131na qada\u011fa \u201cAbzasMedia i\u015fi\u201d \u00e7\u0259r\u00e7iv\u0259sind\u0259 qoyulub.<\/p>\n\n\n\n<p class=\"wp-block-paragraph\"><em>\u201cAz\u0259rbaycanda qalmaq c\u0259za v\u0259 ya t\u0259zyiq n\u00f6v\u00fcd\u00fcr? Bilmir\u0259m\u201d<\/em>, &#8211; iqtisad\u00e7\u0131 deyib.<\/p>\n\n\n\n<p class=\"wp-block-paragraph\">Daxili \u0130\u015fl\u0259r Nazirliyind\u0259n m\u0259s\u0259l\u0259y\u0259 m\u00fcnasib\u0259t \u00f6yr\u0259nm\u0259k m\u00fcmk\u00fcn olmay\u0131b.<\/p>\n\n\n\n<p class=\"wp-block-paragraph\">To\u011frul V\u0259liyev \u201cAbzasMedia\u201dn\u0131n \u0259m\u0259kda\u015flar\u0131na a\u00e7\u0131lan cinay\u0259t i\u015fin\u0259 \u015fahid qismind\u0259 c\u0259lb olunmu\u015fdu.<\/p>\n\n\n\n<p class=\"wp-block-paragraph\">O, 2023-c\u00fc il noyabr\u0131n 28-d\u0259 Daxili \u0130\u015fl\u0259r Nazirliyinin Bak\u0131 \u015e\u0259h\u0259r Ba\u015f Polis \u0130dar\u0259sind\u0259 (B\u015eBP\u0130) dindirilmi\u015fdi.<\/p>\n\n\n\n<p class=\"wp-block-paragraph\">Noyabr\u0131n 29-da is\u0259 B\u015eBP\u0130-nin v\u0259sat\u0259ti \u0259sas\u0131nda X\u0259tai Rayon M\u0259hk\u0259m\u0259si onun \u0259m\u0259k haqq\u0131 kart\u0131na h\u0259bs qoymu\u015fdu.<\/p>\n\n\n\n<p class=\"wp-block-paragraph\">Bu arada bir ne\u00e7\u0259 g\u00fcn \u00f6nc\u0259 Siyasi Menecment \u0130nstitutunun (SM\u0130) direktoru Az\u0259r Qas\u0131ml\u0131n\u0131n da \u00f6lk\u0259d\u0259n \u00e7\u0131x\u0131\u015f\u0131na qada\u011fa <a href=\"https:\/\/www.meydan.tv\/az\/article\/azer-qasimli-olkeden-cixisima-qoyulan-qadaga-tamamile-esassizdir\/\">qoyulub<\/a>.<\/p>\n\n\n\n<p class=\"wp-block-paragraph\">O, noyabr\u0131n 25-d\u0259 Bak\u0131 \u015e\u0259h\u0259r Ba\u015f Polis \u0130dar\u0259sin\u0259 \u00e7a\u011f\u0131r\u0131laraq \u015fahid qismind\u0259 dindirilib.<\/p>\n\n\n\n<p class=\"wp-block-paragraph\">Az\u0259r Qas\u0131m\u0131 hans\u0131 i\u015fl\u0259 ba\u011fl\u0131 dindirildiyini a\u00e7\u0131qlamay\u0131b.<\/p>\n\n\n\n<p class=\"wp-block-paragraph\"><strong>\u201cAbzasMedia i\u015fi\u201d: h\u0259bsl\u0259r, dindirilm\u0259l\u0259r&#8230;<\/strong><\/p>\n\n\n\n<p class=\"wp-block-paragraph\">Az\u0259rbaycanda d\u00f6vl\u0259t r\u0259hb\u0259rliyi \u0259traf\u0131nda korrupsiya ara\u015fd\u0131rmalar\u0131 ed\u0259n \u201cAbzasMedia\u201dn\u0131n 6 \u0259m\u0259kda\u015f\u0131 \u2013 ba\u015f direktor \u00dclvi H\u0259s\u0259nli, m\u00fcavini M\u0259h\u0259mm\u0259d Kekalov, ba\u015f redaktor Sevinc Vaqifq\u0131z\u0131, reportyorlar N\u0259rgiz Absalamova v\u0259 Elnar\u0259 Qas\u0131mova, ara\u015fd\u0131rma\u00e7\u0131 jurnalist Hafiz Babal\u0131 h\u0259bs edilib.<\/p>\n\n\n\n<p class=\"wp-block-paragraph\">2023-c\u00fc ilin noyabr\u0131ndan etibar\u0259n s\u0131ra il\u0259 h\u0259bs olunma\u011fa ba\u015flayan jurnalistl\u0259r\u0259 qar\u015f\u0131 qa\u00e7aqmal\u00e7\u0131l\u0131q ittiham\u0131 ir\u0259li s\u00fcr\u00fcl\u00fcb.<\/p>\n\n\n\n<p class=\"wp-block-paragraph\">2024-c\u00fc il may\u0131n 31-d\u0259 is\u0259 \u201cAzadl\u0131q Radiosu\u201dnun jurnalisti, iqtisad\u00e7\u0131 F\u0259rid Mehral\u0131zad\u0259 saxlan\u0131l\u0131b, evind\u0259 axtar\u0131\u015f apar\u0131l\u0131b.<\/p>\n\n\n\n<p class=\"wp-block-paragraph\">\u0130yunun 1-d\u0259 ona qar\u015f\u0131 \u201cAbzasMedia i\u015fi\u201d \u00fczr\u0259 Cinay\u0259t M\u0259c\u0259ll\u0259sinin 206.3.2-ci (qa\u00e7aqmal\u00e7\u0131l\u0131q, \u0259vv\u0259lc\u0259d\u0259n \u0259lbir olan bir qrup \u015f\u0259xs t\u0259r\u0259find\u0259n t\u00f6r\u0259dildikd\u0259) madd\u0259si il\u0259 ittiham ir\u0259li s\u00fcr\u00fcl\u00fcb.<\/p>\n\n\n\n<p class=\"wp-block-paragraph\">X\u0259tai Rayon M\u0259hk\u0259m\u0259sinin q\u0259rar\u0131 il\u0259 onun bar\u0259sind\u0259 h\u0259bs q\u0259timkan t\u0259dbiri se\u00e7ilib.<\/p>\n\n\n\n<p class=\"wp-block-paragraph\">El\u0259 h\u0259min g\u00fcn \u201cAbzasMedia\u201d b\u0259yanat yayaraq F\u0259rid Mehral\u0131zad\u0259nin bu media qurumu il\u0259 he\u00e7 bir \u0259m\u0259kda\u015fl\u0131\u011f\u0131n\u0131n v\u0259 \u0259laq\u0259sinin olmad\u0131\u011f\u0131n\u0131 bildirib.<\/p>\n\n\n\n<p class=\"wp-block-paragraph\">Daha sonra bu i\u015f \u00fczr\u0259 h\u0259bs edil\u0259nl\u0259rl\u0259rin h\u0259r birin\u0259 qar\u015f\u0131 maliyy\u0259 m\u0259s\u0259l\u0259l\u0259ril\u0259 ba\u011fl\u0131 \u0259lav\u0259 7 a\u011f\u0131r madd\u0259 \u00fczr\u0259 ittiham ir\u0259li s\u00fcr\u00fcl\u00fcb.<\/p>\n\n\n\n<p class=\"wp-block-paragraph\">\u00dcmumilikd\u0259 \u00f6t\u0259n ilin noyabr\u0131ndan ba\u015flayaraq Az\u0259rbaycanda qruplar hal\u0131nda 20- y\u0259 yax\u0131n jurnalist, ictimai f\u0259al qa\u00e7aqmal\u00e7\u0131l\u0131q ittiham\u0131 il\u0259 h\u0259bs edilib.<\/p>\n\n\n\n<p class=\"wp-block-paragraph\">Onlar\u0131n he\u00e7 biri ittihamla raz\u0131la\u015fm\u0131r, bunu pe\u015f\u0259 f\u0259aliyy\u0259tl\u0259ri v\u0259 siyasi sifari\u015f il\u0259 izah edirl\u0259r.<\/p>\n\n\n\n<p class=\"wp-block-paragraph\">Yerli h\u00fcquq-m\u00fcdafi\u0259 t\u0259\u015fkilatlar\u0131n\u0131n haz\u0131rlad\u0131qlar\u0131 siyah\u0131lara g\u00f6r\u0259, haz\u0131rda Az\u0259rbaycan h\u0259bsxanalar\u0131nda t\u0259qrib\u0259n 300 siyasi m\u0259hbus var.<\/p>\n\n\n\n<p class=\"wp-block-paragraph\">R\u0259smil\u0259r is\u0259, bir qayda olaraq, vur\u011fulay\u0131rlar ki, \u00f6lk\u0259d\u0259 he\u00e7 kim s\u0131rf pe\u015f\u0259 f\u0259aliyy\u0259ti il\u0259 ba\u011fl\u0131, siyasi \u0259saslar il\u0259 h\u0259bs edilmir.<\/p>\n\n\n\n<p class=\"wp-block-paragraph\">Yerli v\u0259 beyn\u0259lxalq h\u00fcquq m\u00fcdafi\u0259 t\u0259\u015fkilatlar\u0131 bu t\u0259qibl\u0259ri siyasi motivli hesab edir v\u0259 h\u0259bs olunanlar\u0131n azad edilm\u0259sin\u0259, onlara qar\u015f\u0131 ittihamlar\u0131n geri g\u00f6t\u00fcr\u00fclm\u0259sin\u0259 \u00e7a\u011f\u0131r\u0131rlar.<\/p>\n","protected":false},"excerpt":{"rendered":"<p>&#8220;Az\u0259rbaycanda qalmaq c\u0259za v\u0259 ya t\u0259zyiq n\u00f6v\u00fcd\u00fcr?&#8221; \u0130qtisad\u00e7\u0131 To\u011frul V\u0259liyevin &#8230; <\/p>\n<p class=\"read-more-container\"><a title=\"\u0130qtisad\u00e7\u0131n\u0131n da \u00f6lk\u0259d\u0259n \u00e7\u0131x\u0131\u015f\u0131na qada\u011fa qoyuldu\" class=\"read-more button\" href=\"https:\/\/www.meydan.tv\/az\/article\/iqtisadcinin-da-olkeden-cixisina-qadaga-qoyuldu\/#more-321575\" aria-label=\"Read more about \u0130qtisad\u00e7\u0131n\u0131n da \u00f6lk\u0259d\u0259n \u00e7\u0131x\u0131\u015f\u0131na qada\u011fa qoyuldu\">Davam\u0131<\/a><\/p>\n","protected":false},"author":21,"featured_media":94968,"comment_status":"closed","ping_status":"closed","sticky":false,"template":"","format":"standard","meta":{"_acf_changed":false,"_sitemap_exclude":false,"_sitemap_priority":"","_sitemap_frequency":"","footnotes":""},"categories":[59,79,56],"tags":[],"class_list":["post-321575","post","type-post","status-publish","format-standard","has-post-thumbnail","hentry","category-siyaset","category-featured","category-xeberler","infinite-scroll-item","generate-columns","tablet-grid-50","mobile-grid-100","grid-parent","grid-33","no-featured-image-padding"],"acf":[],"yoast_head":"<!-- This site is optimized with the Yoast SEO plugin v28.3 - https:\/\/yoast.com\/product\/yoast-seo-wordpress\/ -->\n<title>\u0130qtisad\u00e7\u0131n\u0131n da \u00f6lk\u0259d\u0259n \u00e7\u0131x\u0131\u015f\u0131na qada\u011fa qoyuldu - MEYDAN.TV<\/title>\n<meta name=\"description\" content=\"Daxili \u0130\u015fl\u0259r Nazirliyind\u0259n m\u0259s\u0259l\u0259y\u0259 m\u00fcnasib\u0259t \u00f6yr\u0259nm\u0259k m\u00fcmk\u00fcn olmay\u0131b.\" \/>\n<meta name=\"robots\" content=\"index, follow, max-snippet:-1, max-image-preview:large, max-video-preview:-1\" \/>\n<link rel=\"canonical\" href=\"https:\/\/www.meydan.tv\/az\/article\/iqtisadcinin-da-olkeden-cixisina-qadaga-qoyuldu\/\" \/>\n<meta property=\"og:locale\" content=\"az_AZ\" \/>\n<meta property=\"og:type\" content=\"article\" \/>\n<meta property=\"og:title\" content=\"\u0130qtisad\u00e7\u0131n\u0131n da \u00f6lk\u0259d\u0259n \u00e7\u0131x\u0131\u015f\u0131na qada\u011fa qoyuldu - MEYDAN.TV\" \/>\n<meta property=\"og:description\" content=\"Daxili \u0130\u015fl\u0259r Nazirliyind\u0259n m\u0259s\u0259l\u0259y\u0259 m\u00fcnasib\u0259t \u00f6yr\u0259nm\u0259k m\u00fcmk\u00fcn olmay\u0131b.\" \/>\n<meta property=\"og:url\" content=\"https:\/\/www.meydan.tv\/az\/article\/iqtisadcinin-da-olkeden-cixisina-qadaga-qoyuldu\/\" \/>\n<meta property=\"og:site_name\" content=\"MEYDAN.TV\" \/>\n<meta property=\"article:published_time\" content=\"2024-11-27T11:15:06+00:00\" \/>\n<meta property=\"article:modified_time\" content=\"2024-11-27T11:15:09+00:00\" \/>\n<meta property=\"og:image\" content=\"https:\/\/www.meydan.tv\/wp-content\/uploads\/37525-e1732706082513.png\" \/>\n\t<meta property=\"og:image:width\" content=\"653\" \/>\n\t<meta property=\"og:image:height\" content=\"323\" \/>\n\t<meta property=\"og:image:type\" content=\"image\/png\" \/>\n<meta name=\"twitter:card\" content=\"summary_large_image\" \/>\n<!-- \/ Yoast SEO plugin. -->","yoast_head_json":{"title":"\u0130qtisad\u00e7\u0131n\u0131n da \u00f6lk\u0259d\u0259n \u00e7\u0131x\u0131\u015f\u0131na qada\u011fa qoyuldu - MEYDAN.TV","description":"Daxili \u0130\u015fl\u0259r Nazirliyind\u0259n m\u0259s\u0259l\u0259y\u0259 m\u00fcnasib\u0259t \u00f6yr\u0259nm\u0259k m\u00fcmk\u00fcn olmay\u0131b.","robots":{"index":"index","follow":"follow","max-snippet":"max-snippet:-1","max-image-preview":"max-image-preview:large","max-video-preview":"max-video-preview:-1"},"canonical":"https:\/\/www.meydan.tv\/az\/article\/iqtisadcinin-da-olkeden-cixisina-qadaga-qoyuldu\/","og_locale":"az_AZ","og_type":"article","og_title":"\u0130qtisad\u00e7\u0131n\u0131n da \u00f6lk\u0259d\u0259n \u00e7\u0131x\u0131\u015f\u0131na qada\u011fa qoyuldu - MEYDAN.TV","og_description":"Daxili \u0130\u015fl\u0259r Nazirliyind\u0259n m\u0259s\u0259l\u0259y\u0259 m\u00fcnasib\u0259t \u00f6yr\u0259nm\u0259k m\u00fcmk\u00fcn olmay\u0131b.","og_url":"https:\/\/www.meydan.tv\/az\/article\/iqtisadcinin-da-olkeden-cixisina-qadaga-qoyuldu\/","og_site_name":"MEYDAN.TV","article_published_time":"2024-11-27T11:15:06+00:00","article_modified_time":"2024-11-27T11:15:09+00:00","og_image":[{"width":653,"height":323,"url":"https:\/\/www.meydan.tv\/wp-content\/uploads\/37525-e1732706082513.png","type":"image\/png"}],"twitter_card":"summary_large_image","schema":{"@context":"https:\/\/schema.org","@graph":[{"@type":"Article","@id":"https:\/\/www.meydan.tv\/az\/article\/iqtisadcinin-da-olkeden-cixisina-qadaga-qoyuldu\/#article","isPartOf":{"@id":"https:\/\/www.meydan.tv\/az\/article\/iqtisadcinin-da-olkeden-cixisina-qadaga-qoyuldu\/"},"author":{"name":"mahmud","@id":"https:\/\/www.meydan.tv\/az\/#\/schema\/person\/09863e516102a829e72bedcf3f84c6b0"},"headline":"\u0130qtisad\u00e7\u0131n\u0131n da \u00f6lk\u0259d\u0259n \u00e7\u0131x\u0131\u015f\u0131na qada\u011fa qoyuldu","datePublished":"2024-11-27T11:15:06+00:00","dateModified":"2024-11-27T11:15:09+00:00","mainEntityOfPage":{"@id":"https:\/\/www.meydan.tv\/az\/article\/iqtisadcinin-da-olkeden-cixisina-qadaga-qoyuldu\/"},"wordCount":640,"publisher":{"@id":"https:\/\/www.meydan.tv\/az\/#organization"},"image":{"@id":"https:\/\/www.meydan.tv\/az\/article\/iqtisadcinin-da-olkeden-cixisina-qadaga-qoyuldu\/#primaryimage"},"thumbnailUrl":"https:\/\/www.meydan.tv\/wp-content\/uploads\/37525-e1732706082513.png","articleSection":["Siyas\u0259t","T\u00f6vsiy\u0259","X\u0259b\u0259rl\u0259r"],"inLanguage":"az"},{"@type":"WebPage","@id":"https:\/\/www.meydan.tv\/az\/article\/iqtisadcinin-da-olkeden-cixisina-qadaga-qoyuldu\/","url":"https:\/\/www.meydan.tv\/az\/article\/iqtisadcinin-da-olkeden-cixisina-qadaga-qoyuldu\/","name":"\u0130qtisad\u00e7\u0131n\u0131n da \u00f6lk\u0259d\u0259n \u00e7\u0131x\u0131\u015f\u0131na qada\u011fa qoyuldu - MEYDAN.TV","isPartOf":{"@id":"https:\/\/www.meydan.tv\/az\/#website"},"primaryImageOfPage":{"@id":"https:\/\/www.meydan.tv\/az\/article\/iqtisadcinin-da-olkeden-cixisina-qadaga-qoyuldu\/#primaryimage"},"image":{"@id":"https:\/\/www.meydan.tv\/az\/article\/iqtisadcinin-da-olkeden-cixisina-qadaga-qoyuldu\/#primaryimage"},"thumbnailUrl":"https:\/\/www.meydan.tv\/wp-content\/uploads\/37525-e1732706082513.png","datePublished":"2024-11-27T11:15:06+00:00","dateModified":"2024-11-27T11:15:09+00:00","description":"Daxili \u0130\u015fl\u0259r Nazirliyind\u0259n m\u0259s\u0259l\u0259y\u0259 m\u00fcnasib\u0259t \u00f6yr\u0259nm\u0259k m\u00fcmk\u00fcn olmay\u0131b.","breadcrumb":{"@id":"https:\/\/www.meydan.tv\/az\/article\/iqtisadcinin-da-olkeden-cixisina-qadaga-qoyuldu\/#breadcrumb"},"inLanguage":"az","potentialAction":[{"@type":"ReadAction","target":["https:\/\/www.meydan.tv\/az\/article\/iqtisadcinin-da-olkeden-cixisina-qadaga-qoyuldu\/"]}]},{"@type":"ImageObject","inLanguage":"az","@id":"https:\/\/www.meydan.tv\/az\/article\/iqtisadcinin-da-olkeden-cixisina-qadaga-qoyuldu\/#primaryimage","url":"https:\/\/www.meydan.tv\/wp-content\/uploads\/37525-e1732706082513.png","contentUrl":"https:\/\/www.meydan.tv\/wp-content\/uploads\/37525-e1732706082513.png","width":653,"height":323,"caption":"Source: \u015e\u0259xsi facebook s\u0259hif\u0259si"},{"@type":"BreadcrumbList","@id":"https:\/\/www.meydan.tv\/az\/article\/iqtisadcinin-da-olkeden-cixisina-qadaga-qoyuldu\/#breadcrumb","itemListElement":[{"@type":"ListItem","position":1,"name":"Ana s\u0259hif\u0259","item":"https:\/\/www.meydan.tv\/az\/"},{"@type":"ListItem","position":2,"name":"Siyas\u0259t","item":"https:\/\/www.meydan.tv\/az\/section\/siyaset\/"},{"@type":"ListItem","position":3,"name":"\u0130qtisad\u00e7\u0131n\u0131n da \u00f6lk\u0259d\u0259n \u00e7\u0131x\u0131\u015f\u0131na qada\u011fa qoyuldu"}]},{"@type":"WebSite","@id":"https:\/\/www.meydan.tv\/az\/#website","url":"https:\/\/www.meydan.tv\/az\/","name":"MEYDAN.TV","description":"Meydan TV Az\u0259rbaycan\u0131n media m\u0259kan\u0131ndak\u0131 alternativ s\u0259sidir","publisher":{"@id":"https:\/\/www.meydan.tv\/az\/#organization"},"potentialAction":[{"@type":"SearchAction","target":{"@type":"EntryPoint","urlTemplate":"https:\/\/www.meydan.tv\/az\/?s={search_term_string}"},"query-input":{"@type":"PropertyValueSpecification","valueRequired":true,"valueName":"search_term_string"}}],"inLanguage":"az"},{"@type":"Organization","@id":"https:\/\/www.meydan.tv\/az\/#organization","name":"Meydan TV","url":"https:\/\/www.meydan.tv\/az\/","logo":{"@type":"ImageObject","inLanguage":"az","@id":"https:\/\/www.meydan.tv\/az\/#\/schema\/logo\/image\/","url":"https:\/\/www.meydan.tv\/wp-content\/uploads\/2021\/07\/meydan-logo.svg","contentUrl":"https:\/\/www.meydan.tv\/wp-content\/uploads\/2021\/07\/meydan-logo.svg","width":195,"height":46,"caption":"Meydan TV"},"image":{"@id":"https:\/\/www.meydan.tv\/az\/#\/schema\/logo\/image\/"}},{"@type":"Person","@id":"https:\/\/www.meydan.tv\/az\/#\/schema\/person\/09863e516102a829e72bedcf3f84c6b0","name":"mahmud"}]}},"_links":{"self":[{"href":"https:\/\/www.meydan.tv\/az\/wp-json\/wp\/v2\/posts\/321575","targetHints":{"allow":["GET"]}}],"collection":[{"href":"https:\/\/www.meydan.tv\/az\/wp-json\/wp\/v2\/posts"}],"about":[{"href":"https:\/\/www.meydan.tv\/az\/wp-json\/wp\/v2\/types\/post"}],"author":[{"embeddable":true,"href":"https:\/\/www.meydan.tv\/az\/wp-json\/wp\/v2\/users\/21"}],"replies":[{"embeddable":true,"href":"https:\/\/www.meydan.tv\/az\/wp-json\/wp\/v2\/comments?post=321575"}],"version-history":[{"count":1,"href":"https:\/\/www.meydan.tv\/az\/wp-json\/wp\/v2\/posts\/321575\/revisions"}],"predecessor-version":[{"id":321576,"href":"https:\/\/www.meydan.tv\/az\/wp-json\/wp\/v2\/posts\/321575\/revisions\/321576"}],"wp:featuredmedia":[{"embeddable":true,"href":"https:\/\/www.meydan.tv\/az\/wp-json\/wp\/v2\/media\/94968"}],"wp:attachment":[{"href":"https:\/\/www.meydan.tv\/az\/wp-json\/wp\/v2\/media?parent=321575"}],"wp:term":[{"taxonomy":"category","embeddable":true,"href":"https:\/\/www.meydan.tv\/az\/wp-json\/wp\/v2\/categories?post=321575"},{"taxonomy":"post_tag","embeddable":true,"href":"https:\/\/www.meydan.tv\/az\/wp-json\/wp\/v2\/tags?post=321575"}],"curies":[{"name":"wp","href":"https:\/\/api.w.org\/{rel}","templated":true}]}}