{"id":321548,"date":"2024-11-26T23:14:12","date_gmt":"2024-11-26T19:14:12","guid":{"rendered":"https:\/\/www.meydan.tv\/?p=321548"},"modified":"2024-11-27T11:01:44","modified_gmt":"2024-11-27T07:01:44","slug":"trendyoldan-azerbaycana-mehsul-catdirilmasinda-gecikmeler-yaranib","status":"publish","type":"post","link":"https:\/\/www.meydan.tv\/az\/article\/trendyoldan-azerbaycana-mehsul-catdirilmasinda-gecikmeler-yaranib\/","title":{"rendered":"\u201cTrendyol\u201ddan Az\u0259rbaycana m\u0259hsul \u00e7atd\u0131r\u0131lmas\u0131nda gecikm\u0259l\u0259r yaran\u0131b"},"content":{"rendered":"\n<p><em>\u201c\u018fvv\u0259l dig\u0259r karqo \u015firk\u0259tl\u0259ri il\u0259 \u0259laq\u0259 saxlamaq v\u0259 ya onlayn yazmaq m\u00fcmk\u00fcn olurdu\u201d<br><\/em><\/p>\n\n\n\n<p>T\u00fcrkiy\u0259nin onlayn al\u0131\u015f-veri\u015f platformas\u0131 olan \u201cTrendyol\u201ddan Az\u0259rbaycana m\u0259hsul \u00e7atd\u0131r\u0131lmas\u0131nda gecikm\u0259l\u0259r yaran\u0131b.<\/p>\n\n\n\n<p>Bu bar\u0259d\u0259 Meydan TV-y\u0259 al\u0131c\u0131lar m\u0259lumat veribl\u0259r. Al\u0131c\u0131lar\u0131n s\u00f6zl\u0259rin\u0259 g\u00f6r\u0259, daha \u00e7ox \u201cUmico\u201d vasit\u0259sil\u0259 m\u0259hsul \u00e7atd\u0131r\u0131lmas\u0131nda probleml\u0259r yaran\u0131b.<\/p>\n\n\n\n<p>Uzun m\u00fcdd\u0259tdir \u201cTrendyol\u201ddan alver ed\u0259n T\u00fcrkan Al\u0131yeva bildirib ki, noyabr\u0131n 2-d\u0259 ald\u0131\u011f\u0131 m\u0259hsulu h\u0259l\u0259 d\u0259 \u00e7atd\u0131rmay\u0131blar. Halbuki \u201cTrendyol\u201dun mobil t\u0259tbiqind\u0259 t\u0259xmini \u00e7atd\u0131r\u0131lman\u0131n noyabr\u0131n 23-d\u0259 olaca\u011f\u0131 qeyd edilib. \u0130ndi is\u0259 \u201ckarqom hardad\u0131r\u201d b\u00f6lm\u0259sind\u0259 y\u00fck\u00fcn transfer m\u0259rk\u0259zind\u0259 oldu\u011fu, h\u0259l\u0259 bir q\u0259d\u0259r d\u0259 gecik\u0259c\u0259yi g\u00f6st\u0259rilir.<\/p>\n\n\n\n<p>Dig\u0259r al\u0131c\u0131 Aid\u0259 Qurbanova da noyabr\u0131n 8-d\u0259 geyim mallar\u0131 al\u0131b. \u201cUmico\u201d vasit\u0259sil\u0259 mallar\u0131n ay\u0131n t\u0259xmin\u0259n 26-da \u00e7atd\u0131r\u0131laca\u011f\u0131 qeyd edils\u0259 d\u0259, mallar h\u0259l\u0259 g\u0259lm\u0259yib. Mobil t\u0259tbiqd\u0259 \u00fcmumiyy\u0259tl\u0259, mallar\u0131n Az\u0259rbaycana \u00e7at\u0131b-\u00e7atmad\u0131\u011f\u0131 g\u00f6r\u00fcnm\u00fcr.<\/p>\n\n\n\n<p><em>\u201c\u018fvv\u0259l dig\u0259r karqo \u015firk\u0259tl\u0259ri il\u0259 \u0259laq\u0259 saxlamaq v\u0259 ya onlayn yazmaq m\u00fcmk\u00fcn olurdu. \u018fn az\u0131 gecikm\u0259 s\u0259b\u0259bi v\u0259 t\u0259xmini \u00e7atd\u0131r\u0131lma vaxt\u0131 deyilirdi. \u0130ndi is\u0259 \u201cTrendyol\u201d mobil t\u0259tbiqind\u0259 bel\u0259 \u0259trafl\u0131 m\u0259lumat, yaxud \u00fcz\u00fcrxahl\u0131q yoxdur\u201d<\/em>,-Qurbanova deyib.<\/p>\n\n\n\n<p>Al\u0131c\u0131lardan biri deyib ki, onun da sifari\u015fi 15 g\u00fcnd\u0259n \u00e7oxdur gecikir. Do\u011frudur, COP29-a g\u00f6r\u0259 sifari\u015fl\u0259rin bir q\u0259d\u0259r gecik\u0259c\u0259yi qeyd edils\u0259 d\u0259, \u0259n az\u0131 t\u0259xmini vaxt g\u00f6st\u0259r\u0259 bil\u0259rl\u0259r.<\/p>\n\n\n\n<p>\u201cUmico\u201ddan da gecikm\u0259l\u0259ri t\u0259sdiql\u0259yil\u0259r. Bildiribl\u0259r ki, gecikm\u0259l\u0259r bayram g\u00fcnl\u0259ri s\u0259b\u0259bind\u0259n ba\u015f verib. Amma al\u0131c\u0131lara m\u0259hsullar\u0131n t\u0259xmin\u0259n n\u0259 vaxt \u00e7atd\u0131r\u0131laca\u011f\u0131n\u0131 s\u00f6yl\u0259y\u0259 bilmirl\u0259r. M\u00fc\u015ft\u0259ril\u0259r bir ne\u00e7\u0259 g\u00fcn d\u0259 g\u00f6zl\u0259m\u0259li olacaqlar.<\/p>\n\n\n\n<p>Bu ilin may\u0131nda \u201cTrendyol\u201ddan Az\u0259rbaycana m\u0259hsul \u00e7atd\u0131r\u0131lma xidm\u0259ti bahala\u015f\u0131b. \u015eirk\u0259tin yayd\u0131\u011f\u0131 a\u00e7\u0131qlamada qeyd edilir ki, daha b\u00f6y\u00fck h\u0259cmd\u0259 olan ba\u011flamalar \u00fc\u00e7\u00fcn qiym\u0259t d\u0259yi\u015fikliyi olub. Yeni qaydalara \u0259sas\u0259n, m\u0259hsul \u00e7e\u015fidinin \u00e7ox ki\u00e7ik bir hiss\u0259sind\u0259 m\u00fcxt\u0259lif h\u0259cmli ba\u011flamalar\u0131n qiym\u0259ti f\u0259rql\u0259nir. \u018fn a\u015fa\u011f\u0131 qiym\u0259ti m\u0259hsullar\u0131n \u0259ks\u0259riyy\u0259tind\u0259 79,99 TL olaraq qal\u0131r v\u0259 d\u0259yi\u015fm\u0259yib. Daha b\u00f6y\u00fck h\u0259cmd\u0259 olan ba\u011flamalar \u00fc\u00e7\u00fcn is\u0259 bu r\u0259q\u0259m 99,99 TL &#8211; 399,99 TL aras\u0131nda d\u0259yi\u015fir. <\/p>\n","protected":false},"excerpt":{"rendered":"<p>\u201c\u018fvv\u0259l dig\u0259r karqo \u015firk\u0259tl\u0259ri il\u0259 \u0259laq\u0259 saxlamaq v\u0259 ya onlayn &#8230; <\/p>\n<p class=\"read-more-container\"><a title=\"\u201cTrendyol\u201ddan Az\u0259rbaycana m\u0259hsul \u00e7atd\u0131r\u0131lmas\u0131nda gecikm\u0259l\u0259r yaran\u0131b\" class=\"read-more button\" href=\"https:\/\/www.meydan.tv\/az\/article\/trendyoldan-azerbaycana-mehsul-catdirilmasinda-gecikmeler-yaranib\/#more-321548\" aria-label=\"Read more about \u201cTrendyol\u201ddan Az\u0259rbaycana m\u0259hsul \u00e7atd\u0131r\u0131lmas\u0131nda gecikm\u0259l\u0259r yaran\u0131b\">Davam\u0131<\/a><\/p>\n","protected":false},"author":12,"featured_media":274779,"comment_status":"closed","ping_status":"closed","sticky":false,"template":"","format":"standard","meta":{"_acf_changed":false,"_sitemap_exclude":false,"_sitemap_priority":"","_sitemap_frequency":"","footnotes":""},"categories":[62,56],"tags":[],"class_list":["post-321548","post","type-post","status-publish","format-standard","has-post-thumbnail","hentry","category-sosial","category-xeberler","infinite-scroll-item","generate-columns","tablet-grid-50","mobile-grid-100","grid-parent","grid-33","no-featured-image-padding"],"acf":[],"yoast_head":"<!-- This site is optimized with the Yoast SEO plugin v27.4 - https:\/\/yoast.com\/product\/yoast-seo-wordpress\/ -->\n<title>\u201cTrendyol\u201ddan Az\u0259rbaycana m\u0259hsul \u00e7atd\u0131r\u0131lmas\u0131nda gecikm\u0259l\u0259r yaran\u0131b - MEYDAN.TV<\/title>\n<meta name=\"robots\" content=\"index, follow, max-snippet:-1, max-image-preview:large, max-video-preview:-1\" \/>\n<link rel=\"canonical\" href=\"https:\/\/www.meydan.tv\/az\/article\/trendyoldan-azerbaycana-mehsul-catdirilmasinda-gecikmeler-yaranib\/\" \/>\n<meta property=\"og:locale\" content=\"az_AZ\" \/>\n<meta property=\"og:type\" content=\"article\" \/>\n<meta property=\"og:title\" content=\"\u201cTrendyol\u201ddan Az\u0259rbaycana m\u0259hsul \u00e7atd\u0131r\u0131lmas\u0131nda gecikm\u0259l\u0259r yaran\u0131b - MEYDAN.TV\" \/>\n<meta property=\"og:description\" content=\"\u201c\u018fvv\u0259l dig\u0259r karqo \u015firk\u0259tl\u0259ri il\u0259 \u0259laq\u0259 saxlamaq v\u0259 ya onlayn ... Davam\u0131\" \/>\n<meta property=\"og:url\" content=\"https:\/\/www.meydan.tv\/az\/article\/trendyoldan-azerbaycana-mehsul-catdirilmasinda-gecikmeler-yaranib\/\" \/>\n<meta property=\"og:site_name\" content=\"MEYDAN.TV\" \/>\n<meta property=\"article:published_time\" content=\"2024-11-26T19:14:12+00:00\" \/>\n<meta property=\"article:modified_time\" content=\"2024-11-27T07:01:44+00:00\" \/>\n<meta property=\"og:image\" content=\"https:\/\/www.meydan.tv\/wp-content\/uploads\/shutterstock_2015173241-scaled.jpg\" \/>\n\t<meta property=\"og:image:width\" content=\"2560\" \/>\n\t<meta property=\"og:image:height\" content=\"1440\" \/>\n\t<meta property=\"og:image:type\" content=\"image\/jpeg\" \/>\n<meta name=\"author\" content=\"aleks\" \/>\n<meta name=\"twitter:card\" content=\"summary_large_image\" \/>\n<script type=\"application\/ld+json\" class=\"yoast-schema-graph\">{\"@context\":\"https:\\\/\\\/schema.org\",\"@graph\":[{\"@type\":\"Article\",\"@id\":\"https:\\\/\\\/www.meydan.tv\\\/az\\\/article\\\/trendyoldan-azerbaycana-mehsul-catdirilmasinda-gecikmeler-yaranib\\\/#article\",\"isPartOf\":{\"@id\":\"https:\\\/\\\/www.meydan.tv\\\/az\\\/article\\\/trendyoldan-azerbaycana-mehsul-catdirilmasinda-gecikmeler-yaranib\\\/\"},\"author\":{\"name\":\"aleks\",\"@id\":\"https:\\\/\\\/www.meydan.tv\\\/az\\\/#\\\/schema\\\/person\\\/476e9360e593fa131d5d71d51866f8da\"},\"headline\":\"\u201cTrendyol\u201ddan Az\u0259rbaycana m\u0259hsul \u00e7atd\u0131r\u0131lmas\u0131nda gecikm\u0259l\u0259r yaran\u0131b\",\"datePublished\":\"2024-11-26T19:14:12+00:00\",\"dateModified\":\"2024-11-27T07:01:44+00:00\",\"mainEntityOfPage\":{\"@id\":\"https:\\\/\\\/www.meydan.tv\\\/az\\\/article\\\/trendyoldan-azerbaycana-mehsul-catdirilmasinda-gecikmeler-yaranib\\\/\"},\"wordCount\":488,\"publisher\":{\"@id\":\"https:\\\/\\\/www.meydan.tv\\\/az\\\/#organization\"},\"image\":{\"@id\":\"https:\\\/\\\/www.meydan.tv\\\/az\\\/article\\\/trendyoldan-azerbaycana-mehsul-catdirilmasinda-gecikmeler-yaranib\\\/#primaryimage\"},\"thumbnailUrl\":\"https:\\\/\\\/www.meydan.tv\\\/wp-content\\\/uploads\\\/shutterstock_2015173241-scaled.jpg\",\"articleSection\":[\"Sosial\",\"X\u0259b\u0259rl\u0259r\"],\"inLanguage\":\"az\"},{\"@type\":\"WebPage\",\"@id\":\"https:\\\/\\\/www.meydan.tv\\\/az\\\/article\\\/trendyoldan-azerbaycana-mehsul-catdirilmasinda-gecikmeler-yaranib\\\/\",\"url\":\"https:\\\/\\\/www.meydan.tv\\\/az\\\/article\\\/trendyoldan-azerbaycana-mehsul-catdirilmasinda-gecikmeler-yaranib\\\/\",\"name\":\"\u201cTrendyol\u201ddan Az\u0259rbaycana m\u0259hsul \u00e7atd\u0131r\u0131lmas\u0131nda gecikm\u0259l\u0259r yaran\u0131b - MEYDAN.TV\",\"isPartOf\":{\"@id\":\"https:\\\/\\\/www.meydan.tv\\\/az\\\/#website\"},\"primaryImageOfPage\":{\"@id\":\"https:\\\/\\\/www.meydan.tv\\\/az\\\/article\\\/trendyoldan-azerbaycana-mehsul-catdirilmasinda-gecikmeler-yaranib\\\/#primaryimage\"},\"image\":{\"@id\":\"https:\\\/\\\/www.meydan.tv\\\/az\\\/article\\\/trendyoldan-azerbaycana-mehsul-catdirilmasinda-gecikmeler-yaranib\\\/#primaryimage\"},\"thumbnailUrl\":\"https:\\\/\\\/www.meydan.tv\\\/wp-content\\\/uploads\\\/shutterstock_2015173241-scaled.jpg\",\"datePublished\":\"2024-11-26T19:14:12+00:00\",\"dateModified\":\"2024-11-27T07:01:44+00:00\",\"breadcrumb\":{\"@id\":\"https:\\\/\\\/www.meydan.tv\\\/az\\\/article\\\/trendyoldan-azerbaycana-mehsul-catdirilmasinda-gecikmeler-yaranib\\\/#breadcrumb\"},\"inLanguage\":\"az\",\"potentialAction\":[{\"@type\":\"ReadAction\",\"target\":[\"https:\\\/\\\/www.meydan.tv\\\/az\\\/article\\\/trendyoldan-azerbaycana-mehsul-catdirilmasinda-gecikmeler-yaranib\\\/\"]}]},{\"@type\":\"ImageObject\",\"inLanguage\":\"az\",\"@id\":\"https:\\\/\\\/www.meydan.tv\\\/az\\\/article\\\/trendyoldan-azerbaycana-mehsul-catdirilmasinda-gecikmeler-yaranib\\\/#primaryimage\",\"url\":\"https:\\\/\\\/www.meydan.tv\\\/wp-content\\\/uploads\\\/shutterstock_2015173241-scaled.jpg\",\"contentUrl\":\"https:\\\/\\\/www.meydan.tv\\\/wp-content\\\/uploads\\\/shutterstock_2015173241-scaled.jpg\",\"width\":2560,\"height\":1440,\"caption\":\"Trendyol. Foto: Shutterstock\"},{\"@type\":\"BreadcrumbList\",\"@id\":\"https:\\\/\\\/www.meydan.tv\\\/az\\\/article\\\/trendyoldan-azerbaycana-mehsul-catdirilmasinda-gecikmeler-yaranib\\\/#breadcrumb\",\"itemListElement\":[{\"@type\":\"ListItem\",\"position\":1,\"name\":\"Ana s\u0259hif\u0259\",\"item\":\"https:\\\/\\\/www.meydan.tv\\\/az\\\/\"},{\"@type\":\"ListItem\",\"position\":2,\"name\":\"Sosial\",\"item\":\"https:\\\/\\\/www.meydan.tv\\\/az\\\/section\\\/sosial\\\/\"},{\"@type\":\"ListItem\",\"position\":3,\"name\":\"\u201cTrendyol\u201ddan Az\u0259rbaycana m\u0259hsul \u00e7atd\u0131r\u0131lmas\u0131nda gecikm\u0259l\u0259r yaran\u0131b\"}]},{\"@type\":\"WebSite\",\"@id\":\"https:\\\/\\\/www.meydan.tv\\\/az\\\/#website\",\"url\":\"https:\\\/\\\/www.meydan.tv\\\/az\\\/\",\"name\":\"MEYDAN.TV\",\"description\":\"Meydan TV Az\u0259rbaycan\u0131n media m\u0259kan\u0131ndak\u0131 alternativ s\u0259sidir\",\"publisher\":{\"@id\":\"https:\\\/\\\/www.meydan.tv\\\/az\\\/#organization\"},\"potentialAction\":[{\"@type\":\"SearchAction\",\"target\":{\"@type\":\"EntryPoint\",\"urlTemplate\":\"https:\\\/\\\/www.meydan.tv\\\/az\\\/?s={search_term_string}\"},\"query-input\":{\"@type\":\"PropertyValueSpecification\",\"valueRequired\":true,\"valueName\":\"search_term_string\"}}],\"inLanguage\":\"az\"},{\"@type\":\"Organization\",\"@id\":\"https:\\\/\\\/www.meydan.tv\\\/az\\\/#organization\",\"name\":\"Meydan TV\",\"url\":\"https:\\\/\\\/www.meydan.tv\\\/az\\\/\",\"logo\":{\"@type\":\"ImageObject\",\"inLanguage\":\"az\",\"@id\":\"https:\\\/\\\/www.meydan.tv\\\/az\\\/#\\\/schema\\\/logo\\\/image\\\/\",\"url\":\"https:\\\/\\\/www.meydan.tv\\\/wp-content\\\/uploads\\\/2021\\\/07\\\/meydan-logo.svg\",\"contentUrl\":\"https:\\\/\\\/www.meydan.tv\\\/wp-content\\\/uploads\\\/2021\\\/07\\\/meydan-logo.svg\",\"width\":195,\"height\":46,\"caption\":\"Meydan TV\"},\"image\":{\"@id\":\"https:\\\/\\\/www.meydan.tv\\\/az\\\/#\\\/schema\\\/logo\\\/image\\\/\"}},{\"@type\":\"Person\",\"@id\":\"https:\\\/\\\/www.meydan.tv\\\/az\\\/#\\\/schema\\\/person\\\/476e9360e593fa131d5d71d51866f8da\",\"name\":\"aleks\"}]}<\/script>\n<!-- \/ Yoast SEO plugin. -->","yoast_head_json":{"title":"\u201cTrendyol\u201ddan Az\u0259rbaycana m\u0259hsul \u00e7atd\u0131r\u0131lmas\u0131nda gecikm\u0259l\u0259r yaran\u0131b - MEYDAN.TV","robots":{"index":"index","follow":"follow","max-snippet":"max-snippet:-1","max-image-preview":"max-image-preview:large","max-video-preview":"max-video-preview:-1"},"canonical":"https:\/\/www.meydan.tv\/az\/article\/trendyoldan-azerbaycana-mehsul-catdirilmasinda-gecikmeler-yaranib\/","og_locale":"az_AZ","og_type":"article","og_title":"\u201cTrendyol\u201ddan Az\u0259rbaycana m\u0259hsul \u00e7atd\u0131r\u0131lmas\u0131nda gecikm\u0259l\u0259r yaran\u0131b - MEYDAN.TV","og_description":"\u201c\u018fvv\u0259l dig\u0259r karqo \u015firk\u0259tl\u0259ri il\u0259 \u0259laq\u0259 saxlamaq v\u0259 ya onlayn ... Davam\u0131","og_url":"https:\/\/www.meydan.tv\/az\/article\/trendyoldan-azerbaycana-mehsul-catdirilmasinda-gecikmeler-yaranib\/","og_site_name":"MEYDAN.TV","article_published_time":"2024-11-26T19:14:12+00:00","article_modified_time":"2024-11-27T07:01:44+00:00","og_image":[{"width":2560,"height":1440,"url":"https:\/\/www.meydan.tv\/wp-content\/uploads\/shutterstock_2015173241-scaled.jpg","type":"image\/jpeg"}],"author":"aleks","twitter_card":"summary_large_image","schema":{"@context":"https:\/\/schema.org","@graph":[{"@type":"Article","@id":"https:\/\/www.meydan.tv\/az\/article\/trendyoldan-azerbaycana-mehsul-catdirilmasinda-gecikmeler-yaranib\/#article","isPartOf":{"@id":"https:\/\/www.meydan.tv\/az\/article\/trendyoldan-azerbaycana-mehsul-catdirilmasinda-gecikmeler-yaranib\/"},"author":{"name":"aleks","@id":"https:\/\/www.meydan.tv\/az\/#\/schema\/person\/476e9360e593fa131d5d71d51866f8da"},"headline":"\u201cTrendyol\u201ddan Az\u0259rbaycana m\u0259hsul \u00e7atd\u0131r\u0131lmas\u0131nda gecikm\u0259l\u0259r yaran\u0131b","datePublished":"2024-11-26T19:14:12+00:00","dateModified":"2024-11-27T07:01:44+00:00","mainEntityOfPage":{"@id":"https:\/\/www.meydan.tv\/az\/article\/trendyoldan-azerbaycana-mehsul-catdirilmasinda-gecikmeler-yaranib\/"},"wordCount":488,"publisher":{"@id":"https:\/\/www.meydan.tv\/az\/#organization"},"image":{"@id":"https:\/\/www.meydan.tv\/az\/article\/trendyoldan-azerbaycana-mehsul-catdirilmasinda-gecikmeler-yaranib\/#primaryimage"},"thumbnailUrl":"https:\/\/www.meydan.tv\/wp-content\/uploads\/shutterstock_2015173241-scaled.jpg","articleSection":["Sosial","X\u0259b\u0259rl\u0259r"],"inLanguage":"az"},{"@type":"WebPage","@id":"https:\/\/www.meydan.tv\/az\/article\/trendyoldan-azerbaycana-mehsul-catdirilmasinda-gecikmeler-yaranib\/","url":"https:\/\/www.meydan.tv\/az\/article\/trendyoldan-azerbaycana-mehsul-catdirilmasinda-gecikmeler-yaranib\/","name":"\u201cTrendyol\u201ddan Az\u0259rbaycana m\u0259hsul \u00e7atd\u0131r\u0131lmas\u0131nda gecikm\u0259l\u0259r yaran\u0131b - MEYDAN.TV","isPartOf":{"@id":"https:\/\/www.meydan.tv\/az\/#website"},"primaryImageOfPage":{"@id":"https:\/\/www.meydan.tv\/az\/article\/trendyoldan-azerbaycana-mehsul-catdirilmasinda-gecikmeler-yaranib\/#primaryimage"},"image":{"@id":"https:\/\/www.meydan.tv\/az\/article\/trendyoldan-azerbaycana-mehsul-catdirilmasinda-gecikmeler-yaranib\/#primaryimage"},"thumbnailUrl":"https:\/\/www.meydan.tv\/wp-content\/uploads\/shutterstock_2015173241-scaled.jpg","datePublished":"2024-11-26T19:14:12+00:00","dateModified":"2024-11-27T07:01:44+00:00","breadcrumb":{"@id":"https:\/\/www.meydan.tv\/az\/article\/trendyoldan-azerbaycana-mehsul-catdirilmasinda-gecikmeler-yaranib\/#breadcrumb"},"inLanguage":"az","potentialAction":[{"@type":"ReadAction","target":["https:\/\/www.meydan.tv\/az\/article\/trendyoldan-azerbaycana-mehsul-catdirilmasinda-gecikmeler-yaranib\/"]}]},{"@type":"ImageObject","inLanguage":"az","@id":"https:\/\/www.meydan.tv\/az\/article\/trendyoldan-azerbaycana-mehsul-catdirilmasinda-gecikmeler-yaranib\/#primaryimage","url":"https:\/\/www.meydan.tv\/wp-content\/uploads\/shutterstock_2015173241-scaled.jpg","contentUrl":"https:\/\/www.meydan.tv\/wp-content\/uploads\/shutterstock_2015173241-scaled.jpg","width":2560,"height":1440,"caption":"Trendyol. Foto: Shutterstock"},{"@type":"BreadcrumbList","@id":"https:\/\/www.meydan.tv\/az\/article\/trendyoldan-azerbaycana-mehsul-catdirilmasinda-gecikmeler-yaranib\/#breadcrumb","itemListElement":[{"@type":"ListItem","position":1,"name":"Ana s\u0259hif\u0259","item":"https:\/\/www.meydan.tv\/az\/"},{"@type":"ListItem","position":2,"name":"Sosial","item":"https:\/\/www.meydan.tv\/az\/section\/sosial\/"},{"@type":"ListItem","position":3,"name":"\u201cTrendyol\u201ddan Az\u0259rbaycana m\u0259hsul \u00e7atd\u0131r\u0131lmas\u0131nda gecikm\u0259l\u0259r yaran\u0131b"}]},{"@type":"WebSite","@id":"https:\/\/www.meydan.tv\/az\/#website","url":"https:\/\/www.meydan.tv\/az\/","name":"MEYDAN.TV","description":"Meydan TV Az\u0259rbaycan\u0131n media m\u0259kan\u0131ndak\u0131 alternativ s\u0259sidir","publisher":{"@id":"https:\/\/www.meydan.tv\/az\/#organization"},"potentialAction":[{"@type":"SearchAction","target":{"@type":"EntryPoint","urlTemplate":"https:\/\/www.meydan.tv\/az\/?s={search_term_string}"},"query-input":{"@type":"PropertyValueSpecification","valueRequired":true,"valueName":"search_term_string"}}],"inLanguage":"az"},{"@type":"Organization","@id":"https:\/\/www.meydan.tv\/az\/#organization","name":"Meydan TV","url":"https:\/\/www.meydan.tv\/az\/","logo":{"@type":"ImageObject","inLanguage":"az","@id":"https:\/\/www.meydan.tv\/az\/#\/schema\/logo\/image\/","url":"https:\/\/www.meydan.tv\/wp-content\/uploads\/2021\/07\/meydan-logo.svg","contentUrl":"https:\/\/www.meydan.tv\/wp-content\/uploads\/2021\/07\/meydan-logo.svg","width":195,"height":46,"caption":"Meydan TV"},"image":{"@id":"https:\/\/www.meydan.tv\/az\/#\/schema\/logo\/image\/"}},{"@type":"Person","@id":"https:\/\/www.meydan.tv\/az\/#\/schema\/person\/476e9360e593fa131d5d71d51866f8da","name":"aleks"}]}},"_links":{"self":[{"href":"https:\/\/www.meydan.tv\/az\/wp-json\/wp\/v2\/posts\/321548","targetHints":{"allow":["GET"]}}],"collection":[{"href":"https:\/\/www.meydan.tv\/az\/wp-json\/wp\/v2\/posts"}],"about":[{"href":"https:\/\/www.meydan.tv\/az\/wp-json\/wp\/v2\/types\/post"}],"author":[{"embeddable":true,"href":"https:\/\/www.meydan.tv\/az\/wp-json\/wp\/v2\/users\/12"}],"replies":[{"embeddable":true,"href":"https:\/\/www.meydan.tv\/az\/wp-json\/wp\/v2\/comments?post=321548"}],"version-history":[{"count":3,"href":"https:\/\/www.meydan.tv\/az\/wp-json\/wp\/v2\/posts\/321548\/revisions"}],"predecessor-version":[{"id":321559,"href":"https:\/\/www.meydan.tv\/az\/wp-json\/wp\/v2\/posts\/321548\/revisions\/321559"}],"wp:featuredmedia":[{"embeddable":true,"href":"https:\/\/www.meydan.tv\/az\/wp-json\/wp\/v2\/media\/274779"}],"wp:attachment":[{"href":"https:\/\/www.meydan.tv\/az\/wp-json\/wp\/v2\/media?parent=321548"}],"wp:term":[{"taxonomy":"category","embeddable":true,"href":"https:\/\/www.meydan.tv\/az\/wp-json\/wp\/v2\/categories?post=321548"},{"taxonomy":"post_tag","embeddable":true,"href":"https:\/\/www.meydan.tv\/az\/wp-json\/wp\/v2\/tags?post=321548"}],"curies":[{"name":"wp","href":"https:\/\/api.w.org\/{rel}","templated":true}]}}