{"id":321546,"date":"2024-11-26T23:06:36","date_gmt":"2024-11-26T19:06:36","guid":{"rendered":"https:\/\/www.meydan.tv\/?p=321546"},"modified":"2024-11-27T10:58:42","modified_gmt":"2024-11-27T06:58:42","slug":"huquq-mudafiecisi-alim-fazil-qasimov-isgencelere-meruz-qalib","status":"publish","type":"post","link":"https:\/\/www.meydan.tv\/az\/article\/huquq-mudafiecisi-alim-fazil-qasimov-isgencelere-meruz-qalib\/","title":{"rendered":"H\u00fcquq m\u00fcdafi\u0259\u00e7isi: Alim Fazil Qas\u0131mov i\u015fg\u0259nc\u0259l\u0259r\u0259 m\u0259ruz qal\u0131b"},"content":{"rendered":"\n<p><em>\u201cAlimin \u0259l-aya\u011f\u0131n\u0131 ba\u011flay\u0131blar, ba\u015f\u0131n\u0131 tam \u015f\u0259kild\u0259 q\u0131rxma\u011fa \u00e7al\u0131\u015f\u0131blar\u201d<br><\/em><\/p>\n\n\n\n<p>\u0130stanbul Universitetinin az\u0259rbaycanl\u0131 doktorant\u0131, 2023-c\u00fc ilin avqustunda T\u00fcrkiy\u0259d\u0259 saxlan\u0131laraq Bak\u0131ya g\u0259tiril\u0259n v\u0259 h\u0259bs edil\u0259n Fazil Qas\u0131movun noyabr\u0131n 16-da Penitensiar Xidm\u0259tin M\u00fcalic\u0259 M\u00fc\u0259ssis\u0259sind\u0259 i\u015fg\u0259nc\u0259y\u0259 m\u0259ruz qald\u0131\u011f\u0131 bildirilir. Bu bar\u0259d\u0259 Meydan TV-y\u0259 \u201cM\u00fcdafi\u0259 X\u0259tti\u201d insan haqlar\u0131 t\u0259\u015fkilat\u0131n\u0131n icra\u00e7\u0131 direktoru R\u00fcf\u0259t S\u0259f\u0259rov m\u0259lumat verib.<\/p>\n\n\n\n<p>H\u00fcquq m\u00fcdafi\u0259\u00e7isi bildirib ki, bir ne\u00e7\u0259 g\u00fcn \u0259vv\u0259l Fazil Qas\u0131mov ail\u0259 \u00fczvl\u0259ril\u0259 telefonla dan\u0131\u015fark\u0259n ingilis dilind\u0259 fikirl\u0259r s\u0259sl\u0259ndirib. Bu zaman onun telefon dan\u0131\u015f\u0131\u011f\u0131 yar\u0131m\u00e7\u0131q k\u0259silib. <\/p>\n\n\n\n<p>\u00d6z\u00fcn\u00fc d\u0259 apar\u0131b, i\u015fg\u0259nc\u0259 veribl\u0259r:<\/p>\n\n\n\n<p><em>\u201cFazil Qas\u0131mov ingilis dilind\u0259 ail\u0259 \u00fczvl\u0259rind\u0259n xahi\u015f edib ki, ilyar\u0131m \u0259rzind\u0259 ba\u015f\u0131na g\u0259tiril\u0259nl\u0259rl\u0259 ba\u011fl\u0131 s\u0259si yay\u0131ls\u0131n, onun bu v\u0259ziyy\u0259td\u0259n qurtulmas\u0131 \u00fc\u00e7\u00fcn k\u00f6m\u0259k ist\u0259nilsin. Onun dan\u0131\u015f\u0131\u011f\u0131n\u0131 d\u0259rhal dayand\u0131r\u0131blar. O t\u0259l\u0259b edib ki, ail\u0259sil\u0259 \u00fcnsiyy\u0259t h\u00fcququ b\u0259rpa olunsun. H\u00fcququnu b\u0259rpa el\u0259m\u0259k \u0259v\u0259zin\u0259 \u00f6z\u00fcn\u00fc s\u00fcr\u00fcy\u0259-s\u00fcr\u00fcy\u0259 apar\u0131blar. \u018fynind\u0259ki paltarlar\u0131 c\u0131r\u0131blar. Bunu el\u0259y\u0259n d\u0259 mayor C\u0259lal \u018flizad\u0259 olub\u201d<\/em>.<\/p>\n\n\n\n<p>H\u00fcquq m\u00fcdafi\u0259\u00e7isinin s\u00f6zl\u0259rin\u0259 g\u00f6r\u0259, bir g\u00fcn sonra C\u0259lal \u018flizad\u0259 Fazil Qas\u0131movu M\u00fcalic\u0259 M\u00fc\u0259ssis\u0259sind\u0259 v\u0259kill\u0259rl\u0259 g\u00f6r\u00fc\u015f ota\u011f\u0131na apar\u0131b. Orada alimin \u0259l-aya\u011f\u0131n\u0131 ba\u011flay\u0131blar, ba\u015f\u0131n\u0131 tam \u015f\u0259kild\u0259 q\u0131rxma\u011fa \u00e7al\u0131\u015f\u0131blar. Bu zaman Fazil Qas\u0131mov etiraz ed\u0259r\u0259k, m\u00f6hk\u0259m q\u0131\u015fq\u0131r\u0131b:<\/p>\n\n\n\n<p><em>\u201cO q\u0259d\u0259r m\u00f6hk\u0259m q\u0131\u015fq\u0131r\u0131b ki, burnundan qan g\u0259lib. Onun s\u0259sin\u0259 \u0259trafdan dustaqlar v\u0259 \u0259m\u0259kda\u015flar topla\u015f\u0131b. Burnundan g\u0259l\u0259n qan\u0131 saxlamaq m\u00fcmk\u00fcn olmay\u0131b, m\u0259cbur olub h\u0259kim \u00e7a\u011f\u0131r\u0131blar. Fazil Qas\u0131movu \u00fcst-ba\u015f\u0131 qan i\u00e7ind\u0259 yenid\u0259n apar\u0131b kameraya sal\u0131blar\u201d.<\/em><\/p>\n\n\n\n<p>R\u00fcf\u0259t S\u0259f\u0259rov \u0259lav\u0259 edib ki, Fazil Qas\u0131movla yax\u015f\u0131 m\u00fcnasib\u0259tl\u0259ri olan, ona yard\u0131n ed\u0259n dustaqlar\u0131 buna g\u00f6r\u0259 c\u0259zaland\u0131r\u0131rlar. \u0130ki n\u0259f\u0259r dusta\u011f\u0131n m\u00fcalic\u0259sini buna g\u00f6r\u0259 yar\u0131m\u00e7\u0131q dayand\u0131r\u0131b, onlar\u0131 istintaq t\u0259cridxanas\u0131na geri qaytar\u0131blar.<\/p>\n\n\n\n<p>Uzunm\u00fcdd\u0259tli acl\u0131q n\u0259tic\u0259sind\u0259 sa\u011flaml\u0131\u011f\u0131nda k\u0259skin probleml\u0259r yaranan Fazil Qas\u0131movun \u00f6z\u00fcn\u00fc d\u0259 K\u00fcrd\u0259xan\u0131ya \u2013 Bak\u0131 \u0130stintaq T\u0259cridxanas\u0131na qaytar\u0131blar:<\/p>\n\n\n\n<p><em>\u201cYaz\u0131l\u0131 qeydl\u0259rini, v\u0259sat\u0259tl\u0259rini zorla \u0259lind\u0259n al\u0131blar, d\u00f6y\u00fcbl\u0259r v\u0259 yar\u0131mcan halda, M\u00fcalic\u0259 M\u00fc\u0259ssis\u0259sind\u0259n K\u00fcr\u0259xan\u0131dak\u0131 istintaq t\u0259cridxanas\u0131na qaytar\u0131blar\u201d.<\/em><\/p>\n\n\n\n<p>H\u00fcquq m\u00fcdafi\u0259\u00e7isi Ombudsman S\u0259bin\u0259 \u018fliyevaya m\u00fcraci\u0259t ed\u0259r\u0259k, alim\u0259 qar\u015f\u0131 ba\u015f ver\u0259nl\u0259r\u0259 bigan\u0259 qalmama\u011fa, i\u015fg\u0259nc\u0259 hallar\u0131na g\u00f6z yummama\u011fa \u00e7a\u011f\u0131r\u0131b.<\/p>\n\n\n\n<p>R\u00fcf\u0259t S\u0259f\u0259rov xat\u0131rlad\u0131b ki, Fazil Qas\u0131mov T\u00fcrkiy\u0259d\u0259 saxlan\u0131laraq Az\u0259rbaycana g\u0259tiril\u0259nd\u0259n sonra M\u00fct\u0259\u015f\u0259kkil Cinay\u0259tkarl\u0131\u011fa Qar\u015f\u0131 M\u00fcbariz\u0259 \u0130dar\u0259sind\u0259 qeyri-insani r\u0259ftara m\u0259ruz qal\u0131b.<\/p>\n\n\n\n<p><em>\u201cHe\u00e7 bir t\u0259qsiri, cinay\u0259ti olmayan, i\u015f\u0131ql\u0131, bilikli, \u00f6lk\u0259 v\u0259 c\u0259miyy\u0259t \u00fc\u00e7\u00fcn b\u00f6y\u00fck faydalar ver\u0259 bil\u0259c\u0259k insan\u0131n karyera, f\u0259aliyy\u0259t v\u0259 sa\u011flaml\u0131\u011f\u0131n\u0131 alt-\u00fcst etdil\u0259r. Daha \u0259vv\u0259l \u201cbanditizm\u201dd\u0259 qan donduran zorak\u0131l\u0131qlara m\u0259ruz qoyub, b\u0259d\u0259nin\u0259 tok verdil\u0259r, ba\u015f\u0131n\u0131 unitaza soxub, sidiyin v\u0259 n\u0259cisin i\u00e7ind\u0259 s\u00fcr\u00fcd\u00fcl\u0259r, l\u0259yaq\u0259tini al\u00e7ald\u0131b, professor Qubad \u0130bado\u011flunun \u0259leyhin\u0259 saxta ifad\u0259l\u0259r ald\u0131lar. Hakimiyy\u0259t, daha konkret des\u0259k, Penitensiar Xidm\u0259t g\u0259nc iqtisad\u00e7\u0131 alim Fazil Qas\u0131mova qar\u015f\u0131 zorak\u0131l\u0131\u011f\u0131 davam etdirm\u0259kd\u0259dir\u201d<\/em>, &#8211; R\u00fcf\u0259t S\u0259f\u0259rov bildirib.<\/p>\n\n\n\n<p>H\u00fcquq m\u00fcdafi\u0259\u00e7isi \u0259lav\u0259 edib ki, Fazil Qas\u0131mov 5 ay yar\u0131md\u0131r acl\u0131q edir. O, qida q\u0259bulundan imtina edib, yaln\u0131z su i\u00e7ir. B\u0259z\u0259n d\u0259 bal il\u0259 qar\u0131\u015fd\u0131r\u0131lm\u0131\u015f su q\u0259bul edir ki, bu m\u00fcdd\u0259td\u0259 sa\u011f qalmas\u0131n\u0131n s\u0259b\u0259bi budur.<\/p>\n\n\n\n<p>Penitensiar Xidm\u0259t h\u0259bs yerl\u0259rind\u0259 saxlan\u0131lan \u015f\u0259xsl\u0259r\u0259 qar\u015f\u0131 zorak\u0131l\u0131qlarla ba\u011fl\u0131 deyil\u0259nl\u0259ri t\u0259kzib edir, onlar\u0131n qanunda n\u0259z\u0259rd\u0259 tutulan b\u00fct\u00fcn h\u00fcquqlar\u0131n\u0131n t\u0259min olundu\u011funu iddia edir.<\/p>\n\n\n\n<p>Fazil Qas\u0131mov Az\u0259rbaycan Demokratiya v\u0259 Rifah Partiyas\u0131n\u0131n (ADR) ke\u00e7mi\u015f s\u0259dri, iqtisad\u00e7\u0131 Qubad \u0130bado\u011flu il\u0259 eyni cinay\u0259t i\u015fi \u00fczr\u0259 t\u0259qsirl\u0259ndiril\u0259r\u0259k h\u0259bs olunub. \u00d6nc\u0259 2024-c\u00fc il iyulun 23-d\u0259 Qubad \u0130bado\u011flu saxlan\u0131l\u0131b, avqustun 8-d\u0259 is\u0259 Fazil Qas\u0131mov \u0130stanbulda saxlan\u0131laraq g\u0259tirilib.<\/p>\n\n\n\n<p>Onlar\u0131n h\u0259r ikisin\u0259 Cinay\u0259t M\u0259c\u0259ll\u0259sinin 204.3.1 madd\u0259si il\u0259 ittiham ir\u0259li s\u00fcr\u00fcl\u00fcb. \u0130ddia olunub ki, Qubad \u0130bado\u011flu tutuldu\u011fu g\u00fcn onun ofisind\u0259n 40 min dollar pul tap\u0131l\u0131b, bunun da bir hiss\u0259si saxta olub. \u0130ttihama g\u00f6r\u0259, saxta pullar\u0131 da o, T\u00fcrkiy\u0259d\u0259n g\u0259tirib.<\/p>\n\n\n\n<p>T\u0259qsirl\u0259ndiril\u0259n iqtisad\u00e7\u0131 bildirib ki, h\u0259min pulun ona he\u00e7 bir aidiyy\u0259ti yoxdur v\u0259 ora polisl\u0259rin \u00f6zl\u0259ri yerl\u0259\u015fdirib, sonra da g\u00f6t\u00fcr\u00fcbl\u0259r.<\/p>\n\n\n\n<p>Qubad \u0130bado\u011flu h\u0259bs olundu\u011fu g\u00fcn axtar\u0131\u015fdan sonra binadan \u00e7\u0131xar\u0131l\u0131b apar\u0131lark\u0259n Prezident \u0130lham \u018fliyevin sifari\u015fil\u0259 h\u0259bs olundu\u011funu bildirib.<\/p>\n\n\n\n<p>O, aprelin 22-d\u0259 h\u0259bsd\u0259n burax\u0131l\u0131b. Ev dustaql\u0131\u011f\u0131na burax\u0131landan t\u0259xmin\u0259n 20 g\u00fcn sonra \u2013 may\u0131n 14-d\u0259 s\u0259dri oldu\u011fu Az\u0259rbaycan Demokratiya v\u0259 Rifah Partiyas\u0131n\u0131n f\u0259aliyy\u0259tinin dayand\u0131r\u0131lmas\u0131 bar\u0259d\u0259 q\u0259rar q\u0259bul edilib.<\/p>\n\n\n\n<p>ADR \u0130dar\u0259 Hey\u0259ti partiyan\u0131n f\u0259aliyy\u0259tini dayand\u0131rmas\u0131n\u0131 qeydiyyata al\u0131nmamas\u0131yla izah edib.<\/p>\n","protected":false},"excerpt":{"rendered":"<p>\u201cAlimin \u0259l-aya\u011f\u0131n\u0131 ba\u011flay\u0131blar, ba\u015f\u0131n\u0131 tam \u015f\u0259kild\u0259 q\u0131rxma\u011fa \u00e7al\u0131\u015f\u0131blar\u201d \u0130stanbul Universitetinin &#8230; <\/p>\n<p class=\"read-more-container\"><a title=\"H\u00fcquq m\u00fcdafi\u0259\u00e7isi: Alim Fazil Qas\u0131mov i\u015fg\u0259nc\u0259l\u0259r\u0259 m\u0259ruz qal\u0131b\" class=\"read-more button\" href=\"https:\/\/www.meydan.tv\/az\/article\/huquq-mudafiecisi-alim-fazil-qasimov-isgencelere-meruz-qalib\/#more-321546\" aria-label=\"Read more about H\u00fcquq m\u00fcdafi\u0259\u00e7isi: Alim Fazil Qas\u0131mov i\u015fg\u0259nc\u0259l\u0259r\u0259 m\u0259ruz qal\u0131b\">Davam\u0131<\/a><\/p>\n","protected":false},"author":12,"featured_media":281833,"comment_status":"closed","ping_status":"closed","sticky":false,"template":"","format":"standard","meta":{"_acf_changed":false,"_sitemap_exclude":false,"_sitemap_priority":"","_sitemap_frequency":"","footnotes":""},"categories":[59,79,56],"tags":[],"class_list":["post-321546","post","type-post","status-publish","format-standard","has-post-thumbnail","hentry","category-siyaset","category-featured","category-xeberler","infinite-scroll-item","generate-columns","tablet-grid-50","mobile-grid-100","grid-parent","grid-33","no-featured-image-padding"],"acf":[],"yoast_head":"<!-- This site is optimized with the Yoast SEO plugin v27.4 - https:\/\/yoast.com\/product\/yoast-seo-wordpress\/ -->\n<title>H\u00fcquq m\u00fcdafi\u0259\u00e7isi: Alim Fazil Qas\u0131mov i\u015fg\u0259nc\u0259l\u0259r\u0259 m\u0259ruz qal\u0131b - MEYDAN.TV<\/title>\n<meta name=\"robots\" content=\"index, follow, max-snippet:-1, max-image-preview:large, max-video-preview:-1\" \/>\n<link rel=\"canonical\" href=\"https:\/\/www.meydan.tv\/az\/article\/huquq-mudafiecisi-alim-fazil-qasimov-isgencelere-meruz-qalib\/\" \/>\n<meta property=\"og:locale\" content=\"az_AZ\" \/>\n<meta property=\"og:type\" content=\"article\" \/>\n<meta property=\"og:title\" content=\"H\u00fcquq m\u00fcdafi\u0259\u00e7isi: Alim Fazil Qas\u0131mov i\u015fg\u0259nc\u0259l\u0259r\u0259 m\u0259ruz qal\u0131b - MEYDAN.TV\" \/>\n<meta property=\"og:description\" content=\"\u201cAlimin \u0259l-aya\u011f\u0131n\u0131 ba\u011flay\u0131blar, ba\u015f\u0131n\u0131 tam \u015f\u0259kild\u0259 q\u0131rxma\u011fa \u00e7al\u0131\u015f\u0131blar\u201d \u0130stanbul Universitetinin ... Davam\u0131\" \/>\n<meta property=\"og:url\" content=\"https:\/\/www.meydan.tv\/az\/article\/huquq-mudafiecisi-alim-fazil-qasimov-isgencelere-meruz-qalib\/\" \/>\n<meta property=\"og:site_name\" content=\"MEYDAN.TV\" \/>\n<meta property=\"article:published_time\" content=\"2024-11-26T19:06:36+00:00\" \/>\n<meta property=\"article:modified_time\" content=\"2024-11-27T06:58:42+00:00\" \/>\n<meta property=\"og:image\" content=\"https:\/\/www.meydan.tv\/wp-content\/uploads\/319399423_10217992471082456_7303778281266423112_n.jpg\" \/>\n\t<meta property=\"og:image:width\" content=\"1200\" \/>\n\t<meta property=\"og:image:height\" content=\"900\" \/>\n\t<meta property=\"og:image:type\" content=\"image\/jpeg\" \/>\n<meta name=\"author\" content=\"aleks\" \/>\n<meta name=\"twitter:card\" content=\"summary_large_image\" \/>\n<script type=\"application\/ld+json\" class=\"yoast-schema-graph\">{\"@context\":\"https:\\\/\\\/schema.org\",\"@graph\":[{\"@type\":\"Article\",\"@id\":\"https:\\\/\\\/www.meydan.tv\\\/az\\\/article\\\/huquq-mudafiecisi-alim-fazil-qasimov-isgencelere-meruz-qalib\\\/#article\",\"isPartOf\":{\"@id\":\"https:\\\/\\\/www.meydan.tv\\\/az\\\/article\\\/huquq-mudafiecisi-alim-fazil-qasimov-isgencelere-meruz-qalib\\\/\"},\"author\":{\"name\":\"aleks\",\"@id\":\"https:\\\/\\\/www.meydan.tv\\\/az\\\/#\\\/schema\\\/person\\\/476e9360e593fa131d5d71d51866f8da\"},\"headline\":\"H\u00fcquq m\u00fcdafi\u0259\u00e7isi: Alim Fazil Qas\u0131mov i\u015fg\u0259nc\u0259l\u0259r\u0259 m\u0259ruz qal\u0131b\",\"datePublished\":\"2024-11-26T19:06:36+00:00\",\"dateModified\":\"2024-11-27T06:58:42+00:00\",\"mainEntityOfPage\":{\"@id\":\"https:\\\/\\\/www.meydan.tv\\\/az\\\/article\\\/huquq-mudafiecisi-alim-fazil-qasimov-isgencelere-meruz-qalib\\\/\"},\"wordCount\":1047,\"publisher\":{\"@id\":\"https:\\\/\\\/www.meydan.tv\\\/az\\\/#organization\"},\"image\":{\"@id\":\"https:\\\/\\\/www.meydan.tv\\\/az\\\/article\\\/huquq-mudafiecisi-alim-fazil-qasimov-isgencelere-meruz-qalib\\\/#primaryimage\"},\"thumbnailUrl\":\"https:\\\/\\\/www.meydan.tv\\\/wp-content\\\/uploads\\\/319399423_10217992471082456_7303778281266423112_n.jpg\",\"articleSection\":[\"Siyas\u0259t\",\"T\u00f6vsiy\u0259\",\"X\u0259b\u0259rl\u0259r\"],\"inLanguage\":\"az\"},{\"@type\":\"WebPage\",\"@id\":\"https:\\\/\\\/www.meydan.tv\\\/az\\\/article\\\/huquq-mudafiecisi-alim-fazil-qasimov-isgencelere-meruz-qalib\\\/\",\"url\":\"https:\\\/\\\/www.meydan.tv\\\/az\\\/article\\\/huquq-mudafiecisi-alim-fazil-qasimov-isgencelere-meruz-qalib\\\/\",\"name\":\"H\u00fcquq m\u00fcdafi\u0259\u00e7isi: Alim Fazil Qas\u0131mov i\u015fg\u0259nc\u0259l\u0259r\u0259 m\u0259ruz qal\u0131b - MEYDAN.TV\",\"isPartOf\":{\"@id\":\"https:\\\/\\\/www.meydan.tv\\\/az\\\/#website\"},\"primaryImageOfPage\":{\"@id\":\"https:\\\/\\\/www.meydan.tv\\\/az\\\/article\\\/huquq-mudafiecisi-alim-fazil-qasimov-isgencelere-meruz-qalib\\\/#primaryimage\"},\"image\":{\"@id\":\"https:\\\/\\\/www.meydan.tv\\\/az\\\/article\\\/huquq-mudafiecisi-alim-fazil-qasimov-isgencelere-meruz-qalib\\\/#primaryimage\"},\"thumbnailUrl\":\"https:\\\/\\\/www.meydan.tv\\\/wp-content\\\/uploads\\\/319399423_10217992471082456_7303778281266423112_n.jpg\",\"datePublished\":\"2024-11-26T19:06:36+00:00\",\"dateModified\":\"2024-11-27T06:58:42+00:00\",\"breadcrumb\":{\"@id\":\"https:\\\/\\\/www.meydan.tv\\\/az\\\/article\\\/huquq-mudafiecisi-alim-fazil-qasimov-isgencelere-meruz-qalib\\\/#breadcrumb\"},\"inLanguage\":\"az\",\"potentialAction\":[{\"@type\":\"ReadAction\",\"target\":[\"https:\\\/\\\/www.meydan.tv\\\/az\\\/article\\\/huquq-mudafiecisi-alim-fazil-qasimov-isgencelere-meruz-qalib\\\/\"]}]},{\"@type\":\"ImageObject\",\"inLanguage\":\"az\",\"@id\":\"https:\\\/\\\/www.meydan.tv\\\/az\\\/article\\\/huquq-mudafiecisi-alim-fazil-qasimov-isgencelere-meruz-qalib\\\/#primaryimage\",\"url\":\"https:\\\/\\\/www.meydan.tv\\\/wp-content\\\/uploads\\\/319399423_10217992471082456_7303778281266423112_n.jpg\",\"contentUrl\":\"https:\\\/\\\/www.meydan.tv\\\/wp-content\\\/uploads\\\/319399423_10217992471082456_7303778281266423112_n.jpg\",\"width\":1200,\"height\":900,\"caption\":\"Fazil Qas\u0131mov. Foto: Fazil Qas\u0131movun \\\"Facebook\\\" s\u0259hif\u0259sind\u0259n g\u00f6t\u00fcr\u00fcl\u00fcb\"},{\"@type\":\"BreadcrumbList\",\"@id\":\"https:\\\/\\\/www.meydan.tv\\\/az\\\/article\\\/huquq-mudafiecisi-alim-fazil-qasimov-isgencelere-meruz-qalib\\\/#breadcrumb\",\"itemListElement\":[{\"@type\":\"ListItem\",\"position\":1,\"name\":\"Ana s\u0259hif\u0259\",\"item\":\"https:\\\/\\\/www.meydan.tv\\\/az\\\/\"},{\"@type\":\"ListItem\",\"position\":2,\"name\":\"X\u0259b\u0259rl\u0259r\",\"item\":\"https:\\\/\\\/www.meydan.tv\\\/az\\\/section\\\/xeberler\\\/\"},{\"@type\":\"ListItem\",\"position\":3,\"name\":\"H\u00fcquq m\u00fcdafi\u0259\u00e7isi: Alim Fazil Qas\u0131mov i\u015fg\u0259nc\u0259l\u0259r\u0259 m\u0259ruz qal\u0131b\"}]},{\"@type\":\"WebSite\",\"@id\":\"https:\\\/\\\/www.meydan.tv\\\/az\\\/#website\",\"url\":\"https:\\\/\\\/www.meydan.tv\\\/az\\\/\",\"name\":\"MEYDAN.TV\",\"description\":\"Meydan TV Az\u0259rbaycan\u0131n media m\u0259kan\u0131ndak\u0131 alternativ s\u0259sidir\",\"publisher\":{\"@id\":\"https:\\\/\\\/www.meydan.tv\\\/az\\\/#organization\"},\"potentialAction\":[{\"@type\":\"SearchAction\",\"target\":{\"@type\":\"EntryPoint\",\"urlTemplate\":\"https:\\\/\\\/www.meydan.tv\\\/az\\\/?s={search_term_string}\"},\"query-input\":{\"@type\":\"PropertyValueSpecification\",\"valueRequired\":true,\"valueName\":\"search_term_string\"}}],\"inLanguage\":\"az\"},{\"@type\":\"Organization\",\"@id\":\"https:\\\/\\\/www.meydan.tv\\\/az\\\/#organization\",\"name\":\"Meydan TV\",\"url\":\"https:\\\/\\\/www.meydan.tv\\\/az\\\/\",\"logo\":{\"@type\":\"ImageObject\",\"inLanguage\":\"az\",\"@id\":\"https:\\\/\\\/www.meydan.tv\\\/az\\\/#\\\/schema\\\/logo\\\/image\\\/\",\"url\":\"https:\\\/\\\/www.meydan.tv\\\/wp-content\\\/uploads\\\/2021\\\/07\\\/meydan-logo.svg\",\"contentUrl\":\"https:\\\/\\\/www.meydan.tv\\\/wp-content\\\/uploads\\\/2021\\\/07\\\/meydan-logo.svg\",\"width\":195,\"height\":46,\"caption\":\"Meydan TV\"},\"image\":{\"@id\":\"https:\\\/\\\/www.meydan.tv\\\/az\\\/#\\\/schema\\\/logo\\\/image\\\/\"}},{\"@type\":\"Person\",\"@id\":\"https:\\\/\\\/www.meydan.tv\\\/az\\\/#\\\/schema\\\/person\\\/476e9360e593fa131d5d71d51866f8da\",\"name\":\"aleks\"}]}<\/script>\n<!-- \/ Yoast SEO plugin. -->","yoast_head_json":{"title":"H\u00fcquq m\u00fcdafi\u0259\u00e7isi: Alim Fazil Qas\u0131mov i\u015fg\u0259nc\u0259l\u0259r\u0259 m\u0259ruz qal\u0131b - MEYDAN.TV","robots":{"index":"index","follow":"follow","max-snippet":"max-snippet:-1","max-image-preview":"max-image-preview:large","max-video-preview":"max-video-preview:-1"},"canonical":"https:\/\/www.meydan.tv\/az\/article\/huquq-mudafiecisi-alim-fazil-qasimov-isgencelere-meruz-qalib\/","og_locale":"az_AZ","og_type":"article","og_title":"H\u00fcquq m\u00fcdafi\u0259\u00e7isi: Alim Fazil Qas\u0131mov i\u015fg\u0259nc\u0259l\u0259r\u0259 m\u0259ruz qal\u0131b - MEYDAN.TV","og_description":"\u201cAlimin \u0259l-aya\u011f\u0131n\u0131 ba\u011flay\u0131blar, ba\u015f\u0131n\u0131 tam \u015f\u0259kild\u0259 q\u0131rxma\u011fa \u00e7al\u0131\u015f\u0131blar\u201d \u0130stanbul Universitetinin ... Davam\u0131","og_url":"https:\/\/www.meydan.tv\/az\/article\/huquq-mudafiecisi-alim-fazil-qasimov-isgencelere-meruz-qalib\/","og_site_name":"MEYDAN.TV","article_published_time":"2024-11-26T19:06:36+00:00","article_modified_time":"2024-11-27T06:58:42+00:00","og_image":[{"width":1200,"height":900,"url":"https:\/\/www.meydan.tv\/wp-content\/uploads\/319399423_10217992471082456_7303778281266423112_n.jpg","type":"image\/jpeg"}],"author":"aleks","twitter_card":"summary_large_image","schema":{"@context":"https:\/\/schema.org","@graph":[{"@type":"Article","@id":"https:\/\/www.meydan.tv\/az\/article\/huquq-mudafiecisi-alim-fazil-qasimov-isgencelere-meruz-qalib\/#article","isPartOf":{"@id":"https:\/\/www.meydan.tv\/az\/article\/huquq-mudafiecisi-alim-fazil-qasimov-isgencelere-meruz-qalib\/"},"author":{"name":"aleks","@id":"https:\/\/www.meydan.tv\/az\/#\/schema\/person\/476e9360e593fa131d5d71d51866f8da"},"headline":"H\u00fcquq m\u00fcdafi\u0259\u00e7isi: Alim Fazil Qas\u0131mov i\u015fg\u0259nc\u0259l\u0259r\u0259 m\u0259ruz qal\u0131b","datePublished":"2024-11-26T19:06:36+00:00","dateModified":"2024-11-27T06:58:42+00:00","mainEntityOfPage":{"@id":"https:\/\/www.meydan.tv\/az\/article\/huquq-mudafiecisi-alim-fazil-qasimov-isgencelere-meruz-qalib\/"},"wordCount":1047,"publisher":{"@id":"https:\/\/www.meydan.tv\/az\/#organization"},"image":{"@id":"https:\/\/www.meydan.tv\/az\/article\/huquq-mudafiecisi-alim-fazil-qasimov-isgencelere-meruz-qalib\/#primaryimage"},"thumbnailUrl":"https:\/\/www.meydan.tv\/wp-content\/uploads\/319399423_10217992471082456_7303778281266423112_n.jpg","articleSection":["Siyas\u0259t","T\u00f6vsiy\u0259","X\u0259b\u0259rl\u0259r"],"inLanguage":"az"},{"@type":"WebPage","@id":"https:\/\/www.meydan.tv\/az\/article\/huquq-mudafiecisi-alim-fazil-qasimov-isgencelere-meruz-qalib\/","url":"https:\/\/www.meydan.tv\/az\/article\/huquq-mudafiecisi-alim-fazil-qasimov-isgencelere-meruz-qalib\/","name":"H\u00fcquq m\u00fcdafi\u0259\u00e7isi: Alim Fazil Qas\u0131mov i\u015fg\u0259nc\u0259l\u0259r\u0259 m\u0259ruz qal\u0131b - MEYDAN.TV","isPartOf":{"@id":"https:\/\/www.meydan.tv\/az\/#website"},"primaryImageOfPage":{"@id":"https:\/\/www.meydan.tv\/az\/article\/huquq-mudafiecisi-alim-fazil-qasimov-isgencelere-meruz-qalib\/#primaryimage"},"image":{"@id":"https:\/\/www.meydan.tv\/az\/article\/huquq-mudafiecisi-alim-fazil-qasimov-isgencelere-meruz-qalib\/#primaryimage"},"thumbnailUrl":"https:\/\/www.meydan.tv\/wp-content\/uploads\/319399423_10217992471082456_7303778281266423112_n.jpg","datePublished":"2024-11-26T19:06:36+00:00","dateModified":"2024-11-27T06:58:42+00:00","breadcrumb":{"@id":"https:\/\/www.meydan.tv\/az\/article\/huquq-mudafiecisi-alim-fazil-qasimov-isgencelere-meruz-qalib\/#breadcrumb"},"inLanguage":"az","potentialAction":[{"@type":"ReadAction","target":["https:\/\/www.meydan.tv\/az\/article\/huquq-mudafiecisi-alim-fazil-qasimov-isgencelere-meruz-qalib\/"]}]},{"@type":"ImageObject","inLanguage":"az","@id":"https:\/\/www.meydan.tv\/az\/article\/huquq-mudafiecisi-alim-fazil-qasimov-isgencelere-meruz-qalib\/#primaryimage","url":"https:\/\/www.meydan.tv\/wp-content\/uploads\/319399423_10217992471082456_7303778281266423112_n.jpg","contentUrl":"https:\/\/www.meydan.tv\/wp-content\/uploads\/319399423_10217992471082456_7303778281266423112_n.jpg","width":1200,"height":900,"caption":"Fazil Qas\u0131mov. Foto: Fazil Qas\u0131movun \"Facebook\" s\u0259hif\u0259sind\u0259n g\u00f6t\u00fcr\u00fcl\u00fcb"},{"@type":"BreadcrumbList","@id":"https:\/\/www.meydan.tv\/az\/article\/huquq-mudafiecisi-alim-fazil-qasimov-isgencelere-meruz-qalib\/#breadcrumb","itemListElement":[{"@type":"ListItem","position":1,"name":"Ana s\u0259hif\u0259","item":"https:\/\/www.meydan.tv\/az\/"},{"@type":"ListItem","position":2,"name":"X\u0259b\u0259rl\u0259r","item":"https:\/\/www.meydan.tv\/az\/section\/xeberler\/"},{"@type":"ListItem","position":3,"name":"H\u00fcquq m\u00fcdafi\u0259\u00e7isi: Alim Fazil Qas\u0131mov i\u015fg\u0259nc\u0259l\u0259r\u0259 m\u0259ruz qal\u0131b"}]},{"@type":"WebSite","@id":"https:\/\/www.meydan.tv\/az\/#website","url":"https:\/\/www.meydan.tv\/az\/","name":"MEYDAN.TV","description":"Meydan TV Az\u0259rbaycan\u0131n media m\u0259kan\u0131ndak\u0131 alternativ s\u0259sidir","publisher":{"@id":"https:\/\/www.meydan.tv\/az\/#organization"},"potentialAction":[{"@type":"SearchAction","target":{"@type":"EntryPoint","urlTemplate":"https:\/\/www.meydan.tv\/az\/?s={search_term_string}"},"query-input":{"@type":"PropertyValueSpecification","valueRequired":true,"valueName":"search_term_string"}}],"inLanguage":"az"},{"@type":"Organization","@id":"https:\/\/www.meydan.tv\/az\/#organization","name":"Meydan TV","url":"https:\/\/www.meydan.tv\/az\/","logo":{"@type":"ImageObject","inLanguage":"az","@id":"https:\/\/www.meydan.tv\/az\/#\/schema\/logo\/image\/","url":"https:\/\/www.meydan.tv\/wp-content\/uploads\/2021\/07\/meydan-logo.svg","contentUrl":"https:\/\/www.meydan.tv\/wp-content\/uploads\/2021\/07\/meydan-logo.svg","width":195,"height":46,"caption":"Meydan TV"},"image":{"@id":"https:\/\/www.meydan.tv\/az\/#\/schema\/logo\/image\/"}},{"@type":"Person","@id":"https:\/\/www.meydan.tv\/az\/#\/schema\/person\/476e9360e593fa131d5d71d51866f8da","name":"aleks"}]}},"_links":{"self":[{"href":"https:\/\/www.meydan.tv\/az\/wp-json\/wp\/v2\/posts\/321546","targetHints":{"allow":["GET"]}}],"collection":[{"href":"https:\/\/www.meydan.tv\/az\/wp-json\/wp\/v2\/posts"}],"about":[{"href":"https:\/\/www.meydan.tv\/az\/wp-json\/wp\/v2\/types\/post"}],"author":[{"embeddable":true,"href":"https:\/\/www.meydan.tv\/az\/wp-json\/wp\/v2\/users\/12"}],"replies":[{"embeddable":true,"href":"https:\/\/www.meydan.tv\/az\/wp-json\/wp\/v2\/comments?post=321546"}],"version-history":[{"count":3,"href":"https:\/\/www.meydan.tv\/az\/wp-json\/wp\/v2\/posts\/321546\/revisions"}],"predecessor-version":[{"id":321557,"href":"https:\/\/www.meydan.tv\/az\/wp-json\/wp\/v2\/posts\/321546\/revisions\/321557"}],"wp:featuredmedia":[{"embeddable":true,"href":"https:\/\/www.meydan.tv\/az\/wp-json\/wp\/v2\/media\/281833"}],"wp:attachment":[{"href":"https:\/\/www.meydan.tv\/az\/wp-json\/wp\/v2\/media?parent=321546"}],"wp:term":[{"taxonomy":"category","embeddable":true,"href":"https:\/\/www.meydan.tv\/az\/wp-json\/wp\/v2\/categories?post=321546"},{"taxonomy":"post_tag","embeddable":true,"href":"https:\/\/www.meydan.tv\/az\/wp-json\/wp\/v2\/tags?post=321546"}],"curies":[{"name":"wp","href":"https:\/\/api.w.org\/{rel}","templated":true}]}}