{"id":321502,"date":"2024-11-26T14:10:32","date_gmt":"2024-11-26T10:10:32","guid":{"rendered":"https:\/\/www.meydan.tv\/?p=321502"},"modified":"2024-11-26T14:10:35","modified_gmt":"2024-11-26T10:10:35","slug":"azyaslinin-yeriye-bilmesi-ucun-maddi-desteye-ehtiyaci-var","status":"publish","type":"post","link":"https:\/\/www.meydan.tv\/az\/article\/azyaslinin-yeriye-bilmesi-ucun-maddi-desteye-ehtiyaci-var\/","title":{"rendered":"Azya\u015fl\u0131n\u0131n yeriy\u0259 bilm\u0259si \u00fc\u00e7\u00fcn maddi d\u0259st\u0259y\u0259 ehtiyac\u0131 var"},"content":{"rendered":"\n<p><\/p>\n\n\n\n<p><strong><em>\u201cSonuncu d\u0259f\u0259 bizim evd\u0259 Qurban bayram\u0131nda pay veril\u0259n \u0259t bi\u015firilib\u201d<\/em><\/strong><\/p>\n\n\n\n<p>7 ya\u015fl\u0131 S\u00fcbhan \u018fliyev serebral iflic x\u0259st\u0259liyind\u0259n \u0259ziyy\u0259t \u00e7\u0259kir. Sabun\u00e7u rayonunda, \u201cBit bazar\u0131\u201d adland\u0131r\u0131lan bazar\u0131n yax\u0131nl\u0131\u011f\u0131nda anas\u0131 v\u0259 n\u0259n\u0259si il\u0259 p\u0259nc\u0259r\u0259siz, birotaql\u0131 daxmada ya\u015fayan S\u00fcbhan\u0131n \u0259n b\u00f6y\u00fck ist\u0259yi yeriy\u0259 bilm\u0259kdir.<\/p>\n\n\n\n<p>Azya\u015fl\u0131n\u0131n anas\u0131 Dil\u015fad \u018fliyeva Meydan TV-y\u0259 dan\u0131\u015f\u0131b ki, \u00f6vlad\u0131 do\u011fulandan a\u011f\u0131r g\u00fcnl\u0259r ke\u00e7irirl\u0259r, son vaxtlar v\u0259ziyy\u0259t o h\u0259dd\u0259 \u00e7at\u0131b ki, g\u00fcnd\u0259lik t\u0259l\u0259batlar\u0131n\u0131 \u00f6d\u0259m\u0259y\u0259 imkanlar\u0131 olmur.<\/p>\n\n\n\n<p><em>\u201cS\u00fcbhan\u0131n h\u0259l\u0259 bir ya\u015f\u0131 olmam\u0131\u015fd\u0131, qar\u0131n v\u0259 bel nahiy\u0259sin\u0259 yay\u0131lm\u0131\u015f \u015fi\u015f a\u015fkarland\u0131. Milli Onkologiya M\u0259rk\u0259zind\u0259 \u0259m\u0259liyyat el\u0259dil\u0259r. \u018fm\u0259liyyatdan sonrak\u0131 iki il \u0259rzind\u0259 kimyaterapiya olundu. \u015ei\u015f orqanlar\u0131na z\u0259r\u0259r vurmu\u015fdu\u201d<\/em>,-ana dan\u0131\u015f\u0131b.<\/p>\n\n\n<div class=\"wp-block-image\">\n<figure class=\"alignleft size-full is-resized\"><img decoding=\"async\" width=\"405\" height=\"720\" data-src=\"https:\/\/www.meydan.tv\/wp-content\/uploads\/subhan-u_720.jpg\" alt=\"\" class=\"wp-image-321503 lazyload\" style=\"--smush-placeholder-width: 405px; --smush-placeholder-aspect-ratio: 405\/720;width:328px;height:auto\" src=\"data:image\/svg+xml;base64,PHN2ZyB3aWR0aD0iMSIgaGVpZ2h0PSIxIiB4bWxucz0iaHR0cDovL3d3dy53My5vcmcvMjAwMC9zdmciPjwvc3ZnPg==\" \/><figcaption class=\"wp-element-caption\">Foto: Ail\u0259sind\u0259n<\/figcaption><\/figure>\n<\/div>\n\n\n<p>D.\u018fliyevan\u0131n s\u00f6zl\u0259rin\u0259 g\u00f6r\u0259, S\u00fcbhan 3 ya\u015f\u0131ndan b\u0259ri onkoloji m\u00fcalic\u0259 almasa da, yeriy\u0259 bilmir. H\u0259kiml\u0259r \u0259m\u0259liyyat zaman\u0131 onur\u011fan\u0131n ciddi z\u0259d\u0259l\u0259ndiyini \u0259sas g\u0259tir\u0259r\u0259k yeriy\u0259 bil\u0259c\u0259yini t\u0259minat vermirl\u0259r. T\u00fcrkiy\u0259nin \u0130stanbul \u015f\u0259h\u0259rind\u0259 is\u0259 ail\u0259y\u0259 \u00fcmidli cavab verilib: <\/p>\n\n\n\n<p><em>\u201cH\u0259kim m\u00fcayin\u0259 ed\u0259nd\u0259n sonra 4 \u0259m\u0259liyyat v\u0259 fizioterapiyalardan sonra yeriy\u0259c\u0259yin\u0259 t\u0259minat verdi. Dedi ki, onur\u011fas\u0131na arxadan implant yerl\u0259\u015fdirilm\u0259lidir, qar\u015f\u0131n\u0131zda olduqca a\u011f\u0131r g\u00fcnl\u0259r var, amma \u00e7\u0259tinlikl\u0259 d\u0259 olsa yeriy\u0259 bil\u0259c\u0259k\u201d<\/em>.<\/p>\n\n\n\n<p>Ana deyir ki, \u0259m\u0259liyyatlar \u00fc\u00e7\u00fcn 60 min manata ehtiyac var. \u018flind\u0259 S\u00fcbhan\u0131n m\u00fcayin\u0259 ka\u011f\u0131zlar\u0131 d\u00f6ym\u0259diyi fond, xeyriyy\u0259\u00e7i qap\u0131s\u0131 qalmay\u0131b. H\u0259r d\u0259f\u0259 d\u0259 onu poliklinikalara y\u00f6nl\u0259ndiribl\u0259r.<\/p>\n\n\n\n<p><br><em>\u201cPoliklinikalar da uzaqba\u015f\u0131 masaj ed\u0259 bil\u0259c\u0259kl\u0259rini deyirl\u0259r. \u00d6vlad\u0131ma t\u0259k m\u0259n bax\u0131ram, anam\u0131n pensiyas\u0131 il\u0259 dolan\u0131r\u0131q. Aylarla \u0259t, toyuq ala bilmirik. Sonuncu d\u0259f\u0259 bizim evd\u0259 Qurban bayram\u0131nda pay veril\u0259n \u0259t bi\u015firilib. O q\u0259d\u0259r \u00e7ar\u0259siz\u0259m, n\u0259 qidas\u0131na, n\u0259 d\u0259 m\u00fcalic\u0259sin\u0259 k\u00f6m\u0259k ed\u0259 bilir\u0259m, \u00f6vlad\u0131m g\u00f6z\u00fcm\u00fcn qar\u015f\u0131s\u0131nda \u0259ziyy\u0259t \u00e7\u0259kir. Anam\u0131n pensiyas\u0131 kiray\u0259 pulu il\u0259 bir \u00e7\u00f6r\u0259y\u0259 g\u00fccl\u0259 \u00e7at\u0131r. Ne\u00e7\u0259 d\u0259f\u0259 x\u0259st\u0259xanaya getm\u0259y\u0259 yol pulu tapmam\u0131\u015fam\u201d,<\/em>-\u018fliyeva qeyd edib.<\/p>\n\n\n\n<p> Ana bildirib ki, onun v\u0259ziyy\u0259tind\u0259n qon\u015fular da x\u0259b\u0259rdard\u0131rlar. \u00c7ox vaxt el\u0259 onlar\u0131n verdiyi yem\u0259kl\u0259 dolan\u0131rlar.<\/p>\n\n\n\n<p>\u018fliyeva deyir k, g\u00fcnl\u0259rl\u0259 ac qalma\u011fa raz\u0131d\u0131rlar, t\u0259ki \u00f6vlad\u0131 \u00f6mr\u00fcn\u00fcn qalan hiss\u0259sini sa\u011flam olsun.<\/p>\n\n\n\n<p>D\u00f6vl\u0259t Statistika Komit\u0259sinin m\u0259lumat\u0131na g\u00f6r\u0259, \u00f6t\u0259n il serebral iflic qal\u0131\u011f\u0131 olan 4 218 u\u015faq qeydiyyatda olub. Pediatrlar is\u0259 deyirl\u0259r ki, serebral iflicd\u0259n \u0259ziyy\u0259t \u00e7\u0259k\u0259n u\u015faqlar\u0131n say\u0131 getdikc\u0259 art\u0131r.<\/p>\n","protected":false},"excerpt":{"rendered":"<p>\u201cSonuncu d\u0259f\u0259 bizim evd\u0259 Qurban bayram\u0131nda pay veril\u0259n \u0259t bi\u015firilib\u201d &#8230; <\/p>\n<p class=\"read-more-container\"><a title=\"Azya\u015fl\u0131n\u0131n yeriy\u0259 bilm\u0259si \u00fc\u00e7\u00fcn maddi d\u0259st\u0259y\u0259 ehtiyac\u0131 var\" class=\"read-more button\" href=\"https:\/\/www.meydan.tv\/az\/article\/azyaslinin-yeriye-bilmesi-ucun-maddi-desteye-ehtiyaci-var\/#more-321502\" aria-label=\"Read more about Azya\u015fl\u0131n\u0131n yeriy\u0259 bilm\u0259si \u00fc\u00e7\u00fcn maddi d\u0259st\u0259y\u0259 ehtiyac\u0131 var\">Davam\u0131<\/a><\/p>\n","protected":false},"author":21,"featured_media":321506,"comment_status":"closed","ping_status":"closed","sticky":false,"template":"","format":"standard","meta":{"_acf_changed":false,"_sitemap_exclude":false,"_sitemap_priority":"","_sitemap_frequency":"","footnotes":""},"categories":[62,56],"tags":[],"class_list":["post-321502","post","type-post","status-publish","format-standard","has-post-thumbnail","hentry","category-sosial","category-xeberler","infinite-scroll-item","generate-columns","tablet-grid-50","mobile-grid-100","grid-parent","grid-33","no-featured-image-padding"],"acf":[],"yoast_head":"<!-- This site is optimized with the Yoast SEO plugin v27.4 - https:\/\/yoast.com\/product\/yoast-seo-wordpress\/ -->\n<title>Azya\u015fl\u0131n\u0131n yeriy\u0259 bilm\u0259si \u00fc\u00e7\u00fcn maddi d\u0259st\u0259y\u0259 ehtiyac\u0131 var - MEYDAN.TV<\/title>\n<meta name=\"robots\" content=\"index, follow, max-snippet:-1, max-image-preview:large, max-video-preview:-1\" \/>\n<link rel=\"canonical\" href=\"https:\/\/www.meydan.tv\/az\/article\/azyaslinin-yeriye-bilmesi-ucun-maddi-desteye-ehtiyaci-var\/\" \/>\n<meta property=\"og:locale\" content=\"az_AZ\" \/>\n<meta property=\"og:type\" content=\"article\" \/>\n<meta property=\"og:title\" content=\"Azya\u015fl\u0131n\u0131n yeriy\u0259 bilm\u0259si \u00fc\u00e7\u00fcn maddi d\u0259st\u0259y\u0259 ehtiyac\u0131 var - MEYDAN.TV\" \/>\n<meta property=\"og:description\" content=\"\u201cSonuncu d\u0259f\u0259 bizim evd\u0259 Qurban bayram\u0131nda pay veril\u0259n \u0259t bi\u015firilib\u201d ... Davam\u0131\" \/>\n<meta property=\"og:url\" content=\"https:\/\/www.meydan.tv\/az\/article\/azyaslinin-yeriye-bilmesi-ucun-maddi-desteye-ehtiyaci-var\/\" \/>\n<meta property=\"og:site_name\" content=\"MEYDAN.TV\" \/>\n<meta property=\"article:published_time\" content=\"2024-11-26T10:10:32+00:00\" \/>\n<meta property=\"article:modified_time\" content=\"2024-11-26T10:10:35+00:00\" \/>\n<meta property=\"og:image\" content=\"https:\/\/www.meydan.tv\/wp-content\/uploads\/subhan_uhsaq-e1732615792625.jpeg\" \/>\n\t<meta property=\"og:image:width\" content=\"1200\" \/>\n\t<meta property=\"og:image:height\" content=\"810\" \/>\n\t<meta property=\"og:image:type\" content=\"image\/jpeg\" \/>\n<meta name=\"author\" content=\"mahmud\" \/>\n<meta name=\"twitter:card\" content=\"summary_large_image\" \/>\n<script type=\"application\/ld+json\" class=\"yoast-schema-graph\">{\"@context\":\"https:\\\/\\\/schema.org\",\"@graph\":[{\"@type\":\"Article\",\"@id\":\"https:\\\/\\\/www.meydan.tv\\\/az\\\/article\\\/azyaslinin-yeriye-bilmesi-ucun-maddi-desteye-ehtiyaci-var\\\/#article\",\"isPartOf\":{\"@id\":\"https:\\\/\\\/www.meydan.tv\\\/az\\\/article\\\/azyaslinin-yeriye-bilmesi-ucun-maddi-desteye-ehtiyaci-var\\\/\"},\"author\":{\"name\":\"mahmud\",\"@id\":\"https:\\\/\\\/www.meydan.tv\\\/az\\\/#\\\/schema\\\/person\\\/09863e516102a829e72bedcf3f84c6b0\"},\"headline\":\"Azya\u015fl\u0131n\u0131n yeriy\u0259 bilm\u0259si \u00fc\u00e7\u00fcn maddi d\u0259st\u0259y\u0259 ehtiyac\u0131 var\",\"datePublished\":\"2024-11-26T10:10:32+00:00\",\"dateModified\":\"2024-11-26T10:10:35+00:00\",\"mainEntityOfPage\":{\"@id\":\"https:\\\/\\\/www.meydan.tv\\\/az\\\/article\\\/azyaslinin-yeriye-bilmesi-ucun-maddi-desteye-ehtiyaci-var\\\/\"},\"wordCount\":524,\"publisher\":{\"@id\":\"https:\\\/\\\/www.meydan.tv\\\/az\\\/#organization\"},\"image\":{\"@id\":\"https:\\\/\\\/www.meydan.tv\\\/az\\\/article\\\/azyaslinin-yeriye-bilmesi-ucun-maddi-desteye-ehtiyaci-var\\\/#primaryimage\"},\"thumbnailUrl\":\"https:\\\/\\\/www.meydan.tv\\\/wp-content\\\/uploads\\\/subhan_uhsaq-e1732615792625.jpeg\",\"articleSection\":[\"Sosial\",\"X\u0259b\u0259rl\u0259r\"],\"inLanguage\":\"az\"},{\"@type\":\"WebPage\",\"@id\":\"https:\\\/\\\/www.meydan.tv\\\/az\\\/article\\\/azyaslinin-yeriye-bilmesi-ucun-maddi-desteye-ehtiyaci-var\\\/\",\"url\":\"https:\\\/\\\/www.meydan.tv\\\/az\\\/article\\\/azyaslinin-yeriye-bilmesi-ucun-maddi-desteye-ehtiyaci-var\\\/\",\"name\":\"Azya\u015fl\u0131n\u0131n yeriy\u0259 bilm\u0259si \u00fc\u00e7\u00fcn maddi d\u0259st\u0259y\u0259 ehtiyac\u0131 var - MEYDAN.TV\",\"isPartOf\":{\"@id\":\"https:\\\/\\\/www.meydan.tv\\\/az\\\/#website\"},\"primaryImageOfPage\":{\"@id\":\"https:\\\/\\\/www.meydan.tv\\\/az\\\/article\\\/azyaslinin-yeriye-bilmesi-ucun-maddi-desteye-ehtiyaci-var\\\/#primaryimage\"},\"image\":{\"@id\":\"https:\\\/\\\/www.meydan.tv\\\/az\\\/article\\\/azyaslinin-yeriye-bilmesi-ucun-maddi-desteye-ehtiyaci-var\\\/#primaryimage\"},\"thumbnailUrl\":\"https:\\\/\\\/www.meydan.tv\\\/wp-content\\\/uploads\\\/subhan_uhsaq-e1732615792625.jpeg\",\"datePublished\":\"2024-11-26T10:10:32+00:00\",\"dateModified\":\"2024-11-26T10:10:35+00:00\",\"breadcrumb\":{\"@id\":\"https:\\\/\\\/www.meydan.tv\\\/az\\\/article\\\/azyaslinin-yeriye-bilmesi-ucun-maddi-desteye-ehtiyaci-var\\\/#breadcrumb\"},\"inLanguage\":\"az\",\"potentialAction\":[{\"@type\":\"ReadAction\",\"target\":[\"https:\\\/\\\/www.meydan.tv\\\/az\\\/article\\\/azyaslinin-yeriye-bilmesi-ucun-maddi-desteye-ehtiyaci-var\\\/\"]}]},{\"@type\":\"ImageObject\",\"inLanguage\":\"az\",\"@id\":\"https:\\\/\\\/www.meydan.tv\\\/az\\\/article\\\/azyaslinin-yeriye-bilmesi-ucun-maddi-desteye-ehtiyaci-var\\\/#primaryimage\",\"url\":\"https:\\\/\\\/www.meydan.tv\\\/wp-content\\\/uploads\\\/subhan_uhsaq-e1732615792625.jpeg\",\"contentUrl\":\"https:\\\/\\\/www.meydan.tv\\\/wp-content\\\/uploads\\\/subhan_uhsaq-e1732615792625.jpeg\",\"width\":1200,\"height\":810,\"caption\":\"Foto: Meydan TV\"},{\"@type\":\"BreadcrumbList\",\"@id\":\"https:\\\/\\\/www.meydan.tv\\\/az\\\/article\\\/azyaslinin-yeriye-bilmesi-ucun-maddi-desteye-ehtiyaci-var\\\/#breadcrumb\",\"itemListElement\":[{\"@type\":\"ListItem\",\"position\":1,\"name\":\"Ana s\u0259hif\u0259\",\"item\":\"https:\\\/\\\/www.meydan.tv\\\/az\\\/\"},{\"@type\":\"ListItem\",\"position\":2,\"name\":\"Sosial\",\"item\":\"https:\\\/\\\/www.meydan.tv\\\/az\\\/section\\\/sosial\\\/\"},{\"@type\":\"ListItem\",\"position\":3,\"name\":\"Azya\u015fl\u0131n\u0131n yeriy\u0259 bilm\u0259si \u00fc\u00e7\u00fcn maddi d\u0259st\u0259y\u0259 ehtiyac\u0131 var\"}]},{\"@type\":\"WebSite\",\"@id\":\"https:\\\/\\\/www.meydan.tv\\\/az\\\/#website\",\"url\":\"https:\\\/\\\/www.meydan.tv\\\/az\\\/\",\"name\":\"MEYDAN.TV\",\"description\":\"Meydan TV Az\u0259rbaycan\u0131n media m\u0259kan\u0131ndak\u0131 alternativ s\u0259sidir\",\"publisher\":{\"@id\":\"https:\\\/\\\/www.meydan.tv\\\/az\\\/#organization\"},\"potentialAction\":[{\"@type\":\"SearchAction\",\"target\":{\"@type\":\"EntryPoint\",\"urlTemplate\":\"https:\\\/\\\/www.meydan.tv\\\/az\\\/?s={search_term_string}\"},\"query-input\":{\"@type\":\"PropertyValueSpecification\",\"valueRequired\":true,\"valueName\":\"search_term_string\"}}],\"inLanguage\":\"az\"},{\"@type\":\"Organization\",\"@id\":\"https:\\\/\\\/www.meydan.tv\\\/az\\\/#organization\",\"name\":\"Meydan TV\",\"url\":\"https:\\\/\\\/www.meydan.tv\\\/az\\\/\",\"logo\":{\"@type\":\"ImageObject\",\"inLanguage\":\"az\",\"@id\":\"https:\\\/\\\/www.meydan.tv\\\/az\\\/#\\\/schema\\\/logo\\\/image\\\/\",\"url\":\"https:\\\/\\\/www.meydan.tv\\\/wp-content\\\/uploads\\\/2021\\\/07\\\/meydan-logo.svg\",\"contentUrl\":\"https:\\\/\\\/www.meydan.tv\\\/wp-content\\\/uploads\\\/2021\\\/07\\\/meydan-logo.svg\",\"width\":195,\"height\":46,\"caption\":\"Meydan TV\"},\"image\":{\"@id\":\"https:\\\/\\\/www.meydan.tv\\\/az\\\/#\\\/schema\\\/logo\\\/image\\\/\"}},{\"@type\":\"Person\",\"@id\":\"https:\\\/\\\/www.meydan.tv\\\/az\\\/#\\\/schema\\\/person\\\/09863e516102a829e72bedcf3f84c6b0\",\"name\":\"mahmud\"}]}<\/script>\n<!-- \/ Yoast SEO plugin. -->","yoast_head_json":{"title":"Azya\u015fl\u0131n\u0131n yeriy\u0259 bilm\u0259si \u00fc\u00e7\u00fcn maddi d\u0259st\u0259y\u0259 ehtiyac\u0131 var - MEYDAN.TV","robots":{"index":"index","follow":"follow","max-snippet":"max-snippet:-1","max-image-preview":"max-image-preview:large","max-video-preview":"max-video-preview:-1"},"canonical":"https:\/\/www.meydan.tv\/az\/article\/azyaslinin-yeriye-bilmesi-ucun-maddi-desteye-ehtiyaci-var\/","og_locale":"az_AZ","og_type":"article","og_title":"Azya\u015fl\u0131n\u0131n yeriy\u0259 bilm\u0259si \u00fc\u00e7\u00fcn maddi d\u0259st\u0259y\u0259 ehtiyac\u0131 var - MEYDAN.TV","og_description":"\u201cSonuncu d\u0259f\u0259 bizim evd\u0259 Qurban bayram\u0131nda pay veril\u0259n \u0259t bi\u015firilib\u201d ... Davam\u0131","og_url":"https:\/\/www.meydan.tv\/az\/article\/azyaslinin-yeriye-bilmesi-ucun-maddi-desteye-ehtiyaci-var\/","og_site_name":"MEYDAN.TV","article_published_time":"2024-11-26T10:10:32+00:00","article_modified_time":"2024-11-26T10:10:35+00:00","og_image":[{"width":1200,"height":810,"url":"https:\/\/www.meydan.tv\/wp-content\/uploads\/subhan_uhsaq-e1732615792625.jpeg","type":"image\/jpeg"}],"author":"mahmud","twitter_card":"summary_large_image","schema":{"@context":"https:\/\/schema.org","@graph":[{"@type":"Article","@id":"https:\/\/www.meydan.tv\/az\/article\/azyaslinin-yeriye-bilmesi-ucun-maddi-desteye-ehtiyaci-var\/#article","isPartOf":{"@id":"https:\/\/www.meydan.tv\/az\/article\/azyaslinin-yeriye-bilmesi-ucun-maddi-desteye-ehtiyaci-var\/"},"author":{"name":"mahmud","@id":"https:\/\/www.meydan.tv\/az\/#\/schema\/person\/09863e516102a829e72bedcf3f84c6b0"},"headline":"Azya\u015fl\u0131n\u0131n yeriy\u0259 bilm\u0259si \u00fc\u00e7\u00fcn maddi d\u0259st\u0259y\u0259 ehtiyac\u0131 var","datePublished":"2024-11-26T10:10:32+00:00","dateModified":"2024-11-26T10:10:35+00:00","mainEntityOfPage":{"@id":"https:\/\/www.meydan.tv\/az\/article\/azyaslinin-yeriye-bilmesi-ucun-maddi-desteye-ehtiyaci-var\/"},"wordCount":524,"publisher":{"@id":"https:\/\/www.meydan.tv\/az\/#organization"},"image":{"@id":"https:\/\/www.meydan.tv\/az\/article\/azyaslinin-yeriye-bilmesi-ucun-maddi-desteye-ehtiyaci-var\/#primaryimage"},"thumbnailUrl":"https:\/\/www.meydan.tv\/wp-content\/uploads\/subhan_uhsaq-e1732615792625.jpeg","articleSection":["Sosial","X\u0259b\u0259rl\u0259r"],"inLanguage":"az"},{"@type":"WebPage","@id":"https:\/\/www.meydan.tv\/az\/article\/azyaslinin-yeriye-bilmesi-ucun-maddi-desteye-ehtiyaci-var\/","url":"https:\/\/www.meydan.tv\/az\/article\/azyaslinin-yeriye-bilmesi-ucun-maddi-desteye-ehtiyaci-var\/","name":"Azya\u015fl\u0131n\u0131n yeriy\u0259 bilm\u0259si \u00fc\u00e7\u00fcn maddi d\u0259st\u0259y\u0259 ehtiyac\u0131 var - MEYDAN.TV","isPartOf":{"@id":"https:\/\/www.meydan.tv\/az\/#website"},"primaryImageOfPage":{"@id":"https:\/\/www.meydan.tv\/az\/article\/azyaslinin-yeriye-bilmesi-ucun-maddi-desteye-ehtiyaci-var\/#primaryimage"},"image":{"@id":"https:\/\/www.meydan.tv\/az\/article\/azyaslinin-yeriye-bilmesi-ucun-maddi-desteye-ehtiyaci-var\/#primaryimage"},"thumbnailUrl":"https:\/\/www.meydan.tv\/wp-content\/uploads\/subhan_uhsaq-e1732615792625.jpeg","datePublished":"2024-11-26T10:10:32+00:00","dateModified":"2024-11-26T10:10:35+00:00","breadcrumb":{"@id":"https:\/\/www.meydan.tv\/az\/article\/azyaslinin-yeriye-bilmesi-ucun-maddi-desteye-ehtiyaci-var\/#breadcrumb"},"inLanguage":"az","potentialAction":[{"@type":"ReadAction","target":["https:\/\/www.meydan.tv\/az\/article\/azyaslinin-yeriye-bilmesi-ucun-maddi-desteye-ehtiyaci-var\/"]}]},{"@type":"ImageObject","inLanguage":"az","@id":"https:\/\/www.meydan.tv\/az\/article\/azyaslinin-yeriye-bilmesi-ucun-maddi-desteye-ehtiyaci-var\/#primaryimage","url":"https:\/\/www.meydan.tv\/wp-content\/uploads\/subhan_uhsaq-e1732615792625.jpeg","contentUrl":"https:\/\/www.meydan.tv\/wp-content\/uploads\/subhan_uhsaq-e1732615792625.jpeg","width":1200,"height":810,"caption":"Foto: Meydan TV"},{"@type":"BreadcrumbList","@id":"https:\/\/www.meydan.tv\/az\/article\/azyaslinin-yeriye-bilmesi-ucun-maddi-desteye-ehtiyaci-var\/#breadcrumb","itemListElement":[{"@type":"ListItem","position":1,"name":"Ana s\u0259hif\u0259","item":"https:\/\/www.meydan.tv\/az\/"},{"@type":"ListItem","position":2,"name":"Sosial","item":"https:\/\/www.meydan.tv\/az\/section\/sosial\/"},{"@type":"ListItem","position":3,"name":"Azya\u015fl\u0131n\u0131n yeriy\u0259 bilm\u0259si \u00fc\u00e7\u00fcn maddi d\u0259st\u0259y\u0259 ehtiyac\u0131 var"}]},{"@type":"WebSite","@id":"https:\/\/www.meydan.tv\/az\/#website","url":"https:\/\/www.meydan.tv\/az\/","name":"MEYDAN.TV","description":"Meydan TV Az\u0259rbaycan\u0131n media m\u0259kan\u0131ndak\u0131 alternativ s\u0259sidir","publisher":{"@id":"https:\/\/www.meydan.tv\/az\/#organization"},"potentialAction":[{"@type":"SearchAction","target":{"@type":"EntryPoint","urlTemplate":"https:\/\/www.meydan.tv\/az\/?s={search_term_string}"},"query-input":{"@type":"PropertyValueSpecification","valueRequired":true,"valueName":"search_term_string"}}],"inLanguage":"az"},{"@type":"Organization","@id":"https:\/\/www.meydan.tv\/az\/#organization","name":"Meydan TV","url":"https:\/\/www.meydan.tv\/az\/","logo":{"@type":"ImageObject","inLanguage":"az","@id":"https:\/\/www.meydan.tv\/az\/#\/schema\/logo\/image\/","url":"https:\/\/www.meydan.tv\/wp-content\/uploads\/2021\/07\/meydan-logo.svg","contentUrl":"https:\/\/www.meydan.tv\/wp-content\/uploads\/2021\/07\/meydan-logo.svg","width":195,"height":46,"caption":"Meydan TV"},"image":{"@id":"https:\/\/www.meydan.tv\/az\/#\/schema\/logo\/image\/"}},{"@type":"Person","@id":"https:\/\/www.meydan.tv\/az\/#\/schema\/person\/09863e516102a829e72bedcf3f84c6b0","name":"mahmud"}]}},"_links":{"self":[{"href":"https:\/\/www.meydan.tv\/az\/wp-json\/wp\/v2\/posts\/321502","targetHints":{"allow":["GET"]}}],"collection":[{"href":"https:\/\/www.meydan.tv\/az\/wp-json\/wp\/v2\/posts"}],"about":[{"href":"https:\/\/www.meydan.tv\/az\/wp-json\/wp\/v2\/types\/post"}],"author":[{"embeddable":true,"href":"https:\/\/www.meydan.tv\/az\/wp-json\/wp\/v2\/users\/21"}],"replies":[{"embeddable":true,"href":"https:\/\/www.meydan.tv\/az\/wp-json\/wp\/v2\/comments?post=321502"}],"version-history":[{"count":1,"href":"https:\/\/www.meydan.tv\/az\/wp-json\/wp\/v2\/posts\/321502\/revisions"}],"predecessor-version":[{"id":321509,"href":"https:\/\/www.meydan.tv\/az\/wp-json\/wp\/v2\/posts\/321502\/revisions\/321509"}],"wp:featuredmedia":[{"embeddable":true,"href":"https:\/\/www.meydan.tv\/az\/wp-json\/wp\/v2\/media\/321506"}],"wp:attachment":[{"href":"https:\/\/www.meydan.tv\/az\/wp-json\/wp\/v2\/media?parent=321502"}],"wp:term":[{"taxonomy":"category","embeddable":true,"href":"https:\/\/www.meydan.tv\/az\/wp-json\/wp\/v2\/categories?post=321502"},{"taxonomy":"post_tag","embeddable":true,"href":"https:\/\/www.meydan.tv\/az\/wp-json\/wp\/v2\/tags?post=321502"}],"curies":[{"name":"wp","href":"https:\/\/api.w.org\/{rel}","templated":true}]}}