{"id":321482,"date":"2024-11-25T21:10:20","date_gmt":"2024-11-25T17:10:20","guid":{"rendered":"https:\/\/www.meydan.tv\/?p=321482"},"modified":"2024-11-25T21:38:07","modified_gmt":"2024-11-25T17:38:07","slug":"iscisini-doyen-aptek-mudirinin-basqa-bir-emekdasi-tehdid-etdiyi-bildirilir","status":"publish","type":"post","link":"https:\/\/www.meydan.tv\/az\/article\/iscisini-doyen-aptek-mudirinin-basqa-bir-emekdasi-tehdid-etdiyi-bildirilir\/","title":{"rendered":"\u0130\u015f\u00e7isini d\u00f6y\u0259n aptek m\u00fcdirinin ba\u015fqa bir \u0259m\u0259kda\u015f\u0131 t\u0259hdid etdiyi bildirilir"},"content":{"rendered":"\n<figure class=\"wp-block-embed is-type-video is-provider-youtube wp-block-embed-youtube wp-embed-aspect-16-9 wp-has-aspect-ratio\"><div class=\"wp-block-embed__wrapper\">\n<iframe title=\"Aptekl\u0259rd\u0259n birind\u0259 \u0259cza\u00e7\u0131 qad\u0131n d\u00f6y\u00fcl\u00fcb\" width=\"1200\" height=\"675\" data-src=\"https:\/\/www.youtube.com\/embed\/xqIWkNP97tg?feature=oembed\" frameborder=\"0\" allow=\"accelerometer; autoplay; clipboard-write; encrypted-media; gyroscope; picture-in-picture; web-share\" referrerpolicy=\"strict-origin-when-cross-origin\" allowfullscreen src=\"data:image\/svg+xml;base64,PHN2ZyB3aWR0aD0iMSIgaGVpZ2h0PSIxIiB4bWxucz0iaHR0cDovL3d3dy53My5vcmcvMjAwMC9zdmciPjwvc3ZnPg==\" class=\"lazyload\" data-load-mode=\"1\"><\/iframe>\n<\/div><\/figure>\n\n\n\n<!--more-->\n\n\n\n<p><em>Elnur Cabbarov videosunu yayan i\u015f\u00e7isinin \u0259rini h\u0259bs etdirib<\/em><\/p>\n\n\n\n<p>Bak\u0131dak\u0131 aptekl\u0259rd\u0259n birind\u0259 m\u00fcdirin xan\u0131m i\u015f\u00e7ini d\u00f6yd\u00fcy\u00fc iddia olunur. Bununla ba\u011fl\u0131 Meydan TV-y\u0259 t\u0259qdim edil\u0259n videog\u00f6r\u00fcnt\u00fcl\u0259rd\u0259n d\u0259 ayd\u0131n olur ki, hadis\u0259 aptekin i\u00e7ind\u0259 ba\u015f verib. G\u00f6r\u00fcnt\u00fcl\u0259rd\u0259 bir ki\u015fi xan\u0131m i\u015f\u00e7ini yer\u0259 y\u0131x\u0131b t\u0259pikl\u0259yir, d\u00f6y\u00fcr.<\/p>\n\n\n\n<p>Hadis\u0259nin iyulun 7-d\u0259 R\u0259\u015fid Behbudov k\u00fc\u00e7\u0259sind\u0259ki aptekd\u0259 ba\u015f verdiyi bildirilir. \u0130ddiaya g\u00f6r\u0259, g\u00f6r\u00fcnt\u00fcl\u0259rd\u0259 Aysel adl\u0131 i\u015f\u00e7isini d\u00f6y\u0259n aptekin m\u00fcdiri Elnur Cabbarovdur.<\/p>\n\n\n\n<p>Elnur Cabbarov haz\u0131rda eyni aptekd\u0259 \u00e7al\u0131\u015fan ba\u015fqa bir xan\u0131m \u0259m\u0259kda\u015f\u0131n\u0131n h\u0259yat yolda\u015f\u0131 il\u0259 d\u0259 problem ya\u015fay\u0131r. Bu bar\u0259d\u0259 Meydan TV-y\u0259 dan\u0131\u015fan Qabil Quliyev deyir ki, bu m\u0259s\u0259l\u0259nin d\u0259 k\u00f6k\u00fc aptek m\u00fcdirinin xan\u0131m i\u015f\u00e7isini d\u00f6ym\u0259sin\u0259 gedib \u00e7\u0131x\u0131r:<\/p>\n\n\n\n<p><em>\u201cAptekd\u0259 i\u015f yolda\u015f\u0131 Aysel\u0259 \u201cm\u00fc\u0259llim dov\u015fana ox\u015fay\u0131r\u201d mesaj\u0131 yaz\u0131b. Aysel d\u0259 ona g\u00fcl\u00fc\u015f i\u015far\u0259si at\u0131b. Elnur Cabbarovun aptekl\u0259rin\u0259 n\u0259zar\u0259t ed\u0259n qad\u0131n da bunu m\u00fcdir\u0259 \u00e7atd\u0131r\u0131b ki, s\u0259nin haqq\u0131nda bel\u0259 deyirl\u0259r. Bu da Ayseli o c\u00fcr d\u00f6y\u00fcb, t\u0259pikl\u0259yib. Aysel ev\u0259 ged\u0259nd\u0259 anas\u0131 o v\u0259ziyy\u0259td\u0259 onu g\u00f6r\u00fcb, soru\u015fub ki, s\u0259n\u0259 n\u0259 olub? Deyib ki, m\u00fcdir d\u00f6y\u00fcb. Anas\u0131 inanmay\u0131b ki, n\u0259 dan\u0131\u015f\u0131rsan, bel\u0259 \u015fey olar? Qarda\u015f\u0131m\u0131n yolda\u015f\u0131 da onunla aptekd\u0259 i\u015fl\u0259yir, Aysel ondan xahi\u015f el\u0259yib ki, kameradak\u0131 g\u00f6r\u00fcnt\u00fcl\u0259ri monitordan \u00e7\u0259kib g\u00f6nd\u0259rsin. Qarda\u015f\u0131m\u0131n yolda\u015f\u0131 da g\u00f6nd\u0259rib. Ayselin anas\u0131 bundan sonra q\u0131z\u0131n\u0131n d\u00f6y\u00fclm\u0259sil\u0259 \u0259laq\u0259dar Ail\u0259, Qad\u0131n Komit\u0259sin\u0259 v\u0259 22-ci polis b\u00f6lm\u0259sin\u0259 \u015fikay\u0259t edib\u201d<\/em>.<\/p>\n\n\n\n<p>Qabil Quliyev dan\u0131\u015f\u0131r ki, polis b\u00f6lm\u0259sind\u0259 bir m\u00fcdd\u0259t ara\u015fd\u0131rma gedib, sonradan Ayseld\u0259n bar\u0131\u015f\u0131q \u0259riz\u0259si al\u0131b, i\u015fi ba\u011flay\u0131blar. Bunu Meydan TV-y\u0259 Ayselin dig\u0259r yax\u0131nlar\u0131 da t\u0259sdiql\u0259yib.<\/p>\n\n\n\n<p>Ard\u0131nca Elnur Cabbarov videonu ona g\u00f6nd\u0259r\u0259nin kimliyini ara\u015fd\u0131rma\u011fa ba\u015flay\u0131b v\u0259 \u015e\u0259han\u0259 Quliyeva oldu\u011funu m\u00fc\u0259yy\u0259nl\u0259\u015fdirib:<\/p>\n\n\n\n<p><em>\u201cBizd\u0259 Elnur Cabbarovun s\u0259s yaz\u0131s\u0131 var, deyir ki, polis\u0259, jurnalistl\u0259r\u0259 50 min\u0259 q\u0259d\u0259r pulum \u00e7\u0131xd\u0131. M\u0259n\u0259 he\u00e7 kim he\u00e7 n\u0259 el\u0259y\u0259 bilm\u0259z. Bel\u0259c\u0259, i\u015fi ba\u011flay\u0131r. Ba\u015flay\u0131r, qarda\u015f\u0131m\u0131n h\u0259yat yolda\u015f\u0131na nalayiq, he\u00e7 bir \u0259xlaqa s\u0131\u011fmayan, t\u0259hqir dolu mesajlar yazma\u011fa. Ax\u0131rda el\u0259 bir \u015fey yaz\u0131r ki, he\u00e7 bir h\u0259yat yolda\u015f\u0131 onu g\u00f6t\u00fcrm\u0259zdi. Qarda\u015f\u0131m da onun yazd\u0131qlar\u0131n\u0131 oxuyurdu. Dil\u0259 g\u0259tiril\u0259si ifad\u0259l\u0259r deyil. Hans\u0131 ki\u015finin yolda\u015f\u0131na, bac\u0131s\u0131na o s\u00f6zl\u0259ri des\u0259l\u0259r, o, q\u0259bul ed\u0259rdi? \u00dcmumiyy\u0259tl\u0259, kimins\u0259 yolda\u015f\u0131na onu yazma\u011f\u0131 kims\u0259 \u00f6z\u00fcn\u0259 nec\u0259 r\u0259va g\u00f6r\u0259 bil\u0259r? Bundan sonra qarda\u015f\u0131m durub gedir onun yan\u0131na ki, n\u0259 ist\u0259yirs\u0259n? 7 ildir qarda\u015f\u0131m \u015e\u0259han\u0259 Quliyeva il\u0259 evlidir. Qarda\u015f\u0131mla \u0259lb\u0259yaxa olurlar. Sonra gedib qarda\u015f\u0131mdan polis\u0259 \u015fikay\u0259t edir. N\u0259tic\u0259d\u0259 qarda\u015f\u0131m\u0131 tuturlar. Ona deyir\u0259m ki, qarda\u015f\u0131m\u0131n h\u0259yat yolda\u015f\u0131na niy\u0259 bel\u0259 \u015feyl\u0259r yazm\u0131san? Deyir, yax\u015f\u0131 el\u0259mi\u015f\u0259m\u2026\u201d<\/em>.<\/p>\n\n\n\n<p>Zamin Quliyev haqq\u0131nda cinay\u0259t i\u015fi ba\u015flan\u0131b, ona qar\u015f\u0131 Cinay\u0259t M\u0259c\u0259ll\u0259sinin 127 (q\u0259sd\u0259n sa\u011flaml\u0131\u011fa az a\u011f\u0131r z\u0259r\u0259r vurma) v\u0259 221-ci (xuliqanl\u0131q) madd\u0259l\u0259ril\u0259 ittiham ir\u0259li s\u00fcr\u00fcl\u00fcb. Haz\u0131rda N\u0259rimanov Rayon Polis \u0130dar\u0259sind\u0259 istintaq davam edir.<\/p>\n\n\n\n<p>Qabil Quliyev deyir ki, qarda\u015f\u0131 t\u0259qsirsizdir, qar\u015f\u0131 t\u0259r\u0259f \u00f6z h\u0259r\u0259k\u0259tl\u0259ril\u0259 onu t\u0259hrik edib: <\/p>\n\n\n\n<p><em>\u201cBu adam c\u0259zas\u0131zl\u0131q m\u00fchitind\u0259 ist\u0259diyini edir. Z\u0259r\u0259r\u00e7\u0259kmi\u015f kimi tan\u0131n\u0131b. M\u0259n\u0259 deyir ki, bir \u015f\u0259rtl\u0259 bar\u0131\u015f\u0131q \u0259riz\u0259si yazaram, qarda\u015f\u0131n o qad\u0131n\u0131 bo\u015fas\u0131n. Deyir\u0259m, siz n\u0259 dan\u0131\u015f\u0131rs\u0131n\u0131z? Niy\u0259 bo\u015fanmal\u0131d\u0131r? M\u0259nim qarda\u015f\u0131m elektrikdi, g\u00fcnd\u0259lik \u00e7\u00f6r\u0259kpulu qazanmaqla m\u0259\u015f\u011fuldu. Bel\u0259 bir adam dayand\u0131\u011f\u0131 yerd\u0259 ba\u015f\u0131na i\u015f a\u00e7\u0131b<\/em>\u201d.<\/p>\n\n\n\n<p>Meydan TV Elnur Cabbarovun \u00fcnvan\u0131na s\u0259sl\u0259n\u0259n ittihamlar, h\u0259m\u00e7inin g\u00f6r\u00fcnt\u00fcl\u0259rl\u0259 ba\u011fl\u0131 \u015f\u0259rh almaq \u00fc\u00e7\u00fcn onunla \u0259laq\u0259 saxlama\u011fa d\u0259f\u0259l\u0259rl\u0259 c\u0259hd g\u00f6st\u0259rib. Onun 211-<strong>&#8211;<\/strong> n\u00f6mr\u0259li telefonuna \u00e7oxsayl\u0131 z\u0259ngl\u0259rimiz\u0259 cavab verm\u0259yib.<\/p>\n\n\n\n<p>Daxili \u0130\u015fl\u0259r Nazirliyinin m\u0259tbuat xidm\u0259tind\u0259n bildirilib ki, m\u0259s\u0259l\u0259 il\u0259 ba\u011fl\u0131 ara\u015fd\u0131rma apar\u0131l\u0131r.<\/p>\n\n\n\n<p>Meydan TV-nin \u0259ld\u0259 etdiyi m\u0259lumata g\u00f6r\u0259, paytaxtda Maliyy\u0259 Nazirliyinin qar\u015f\u0131s\u0131nda, \u201cDostluq\u201d kinoteatr\u0131n\u0131n yax\u0131nl\u0131\u011f\u0131nda, Ayna Sultanovan\u0131n heyk\u0259linin yan\u0131nda, \u018fhm\u0259dli q\u0259s\u0259b\u0259sind\u0259 \u201cBak\u0131\u201d kinoteatr\u0131n\u0131n \u0259traf\u0131nda v\u0259 s. yerl\u0259rd\u0259 Elnur Cabbarova m\u0259xsus \u00e7oxsayl\u0131 aptekl\u0259r f\u0259aliyy\u0259t g\u00f6st\u0259rir.<\/p>\n","protected":false},"excerpt":{"rendered":"","protected":false},"author":12,"featured_media":257656,"comment_status":"closed","ping_status":"closed","sticky":false,"template":"","format":"standard","meta":{"_acf_changed":false,"_sitemap_exclude":false,"_sitemap_priority":"","_sitemap_frequency":"","footnotes":""},"categories":[79,63,56],"tags":[],"class_list":["post-321482","post","type-post","status-publish","format-standard","has-post-thumbnail","hentry","category-featured","category-video-2","category-xeberler","infinite-scroll-item","generate-columns","tablet-grid-50","mobile-grid-100","grid-parent","grid-33","no-featured-image-padding"],"acf":[],"yoast_head":"<!-- This site is optimized with the Yoast SEO plugin v27.4 - https:\/\/yoast.com\/product\/yoast-seo-wordpress\/ -->\n<title>\u0130\u015f\u00e7isini d\u00f6y\u0259n aptek m\u00fcdirinin ba\u015fqa bir \u0259m\u0259kda\u015f\u0131 t\u0259hdid etdiyi bildirilir - MEYDAN.TV<\/title>\n<meta name=\"robots\" content=\"index, follow, max-snippet:-1, max-image-preview:large, max-video-preview:-1\" \/>\n<link rel=\"canonical\" href=\"https:\/\/www.meydan.tv\/az\/article\/iscisini-doyen-aptek-mudirinin-basqa-bir-emekdasi-tehdid-etdiyi-bildirilir\/\" \/>\n<meta property=\"og:locale\" content=\"az_AZ\" \/>\n<meta property=\"og:type\" content=\"article\" \/>\n<meta property=\"og:title\" content=\"\u0130\u015f\u00e7isini d\u00f6y\u0259n aptek m\u00fcdirinin ba\u015fqa bir \u0259m\u0259kda\u015f\u0131 t\u0259hdid etdiyi bildirilir - MEYDAN.TV\" \/>\n<meta property=\"og:url\" content=\"https:\/\/www.meydan.tv\/az\/article\/iscisini-doyen-aptek-mudirinin-basqa-bir-emekdasi-tehdid-etdiyi-bildirilir\/\" \/>\n<meta property=\"og:site_name\" content=\"MEYDAN.TV\" \/>\n<meta property=\"article:published_time\" content=\"2024-11-25T17:10:20+00:00\" \/>\n<meta property=\"article:modified_time\" content=\"2024-11-25T17:38:07+00:00\" \/>\n<meta property=\"og:image\" content=\"https:\/\/www.meydan.tv\/wp-content\/uploads\/untitled_artwork_1-2.jpg\" \/>\n\t<meta property=\"og:image:width\" content=\"1200\" \/>\n\t<meta property=\"og:image:height\" content=\"675\" \/>\n\t<meta property=\"og:image:type\" content=\"image\/jpeg\" \/>\n<meta name=\"author\" content=\"aleks\" \/>\n<meta name=\"twitter:card\" content=\"summary_large_image\" \/>\n<script type=\"application\/ld+json\" class=\"yoast-schema-graph\">{\"@context\":\"https:\\\/\\\/schema.org\",\"@graph\":[{\"@type\":\"Article\",\"@id\":\"https:\\\/\\\/www.meydan.tv\\\/az\\\/article\\\/iscisini-doyen-aptek-mudirinin-basqa-bir-emekdasi-tehdid-etdiyi-bildirilir\\\/#article\",\"isPartOf\":{\"@id\":\"https:\\\/\\\/www.meydan.tv\\\/az\\\/article\\\/iscisini-doyen-aptek-mudirinin-basqa-bir-emekdasi-tehdid-etdiyi-bildirilir\\\/\"},\"author\":{\"name\":\"aleks\",\"@id\":\"https:\\\/\\\/www.meydan.tv\\\/az\\\/#\\\/schema\\\/person\\\/476e9360e593fa131d5d71d51866f8da\"},\"headline\":\"\u0130\u015f\u00e7isini d\u00f6y\u0259n aptek m\u00fcdirinin ba\u015fqa bir \u0259m\u0259kda\u015f\u0131 t\u0259hdid etdiyi bildirilir\",\"datePublished\":\"2024-11-25T17:10:20+00:00\",\"dateModified\":\"2024-11-25T17:38:07+00:00\",\"mainEntityOfPage\":{\"@id\":\"https:\\\/\\\/www.meydan.tv\\\/az\\\/article\\\/iscisini-doyen-aptek-mudirinin-basqa-bir-emekdasi-tehdid-etdiyi-bildirilir\\\/\"},\"wordCount\":895,\"publisher\":{\"@id\":\"https:\\\/\\\/www.meydan.tv\\\/az\\\/#organization\"},\"image\":{\"@id\":\"https:\\\/\\\/www.meydan.tv\\\/az\\\/article\\\/iscisini-doyen-aptek-mudirinin-basqa-bir-emekdasi-tehdid-etdiyi-bildirilir\\\/#primaryimage\"},\"thumbnailUrl\":\"https:\\\/\\\/www.meydan.tv\\\/wp-content\\\/uploads\\\/untitled_artwork_1-2.jpg\",\"articleSection\":[\"T\u00f6vsiy\u0259\",\"Video\",\"X\u0259b\u0259rl\u0259r\"],\"inLanguage\":\"az\"},{\"@type\":\"WebPage\",\"@id\":\"https:\\\/\\\/www.meydan.tv\\\/az\\\/article\\\/iscisini-doyen-aptek-mudirinin-basqa-bir-emekdasi-tehdid-etdiyi-bildirilir\\\/\",\"url\":\"https:\\\/\\\/www.meydan.tv\\\/az\\\/article\\\/iscisini-doyen-aptek-mudirinin-basqa-bir-emekdasi-tehdid-etdiyi-bildirilir\\\/\",\"name\":\"\u0130\u015f\u00e7isini d\u00f6y\u0259n aptek m\u00fcdirinin ba\u015fqa bir \u0259m\u0259kda\u015f\u0131 t\u0259hdid etdiyi bildirilir - MEYDAN.TV\",\"isPartOf\":{\"@id\":\"https:\\\/\\\/www.meydan.tv\\\/az\\\/#website\"},\"primaryImageOfPage\":{\"@id\":\"https:\\\/\\\/www.meydan.tv\\\/az\\\/article\\\/iscisini-doyen-aptek-mudirinin-basqa-bir-emekdasi-tehdid-etdiyi-bildirilir\\\/#primaryimage\"},\"image\":{\"@id\":\"https:\\\/\\\/www.meydan.tv\\\/az\\\/article\\\/iscisini-doyen-aptek-mudirinin-basqa-bir-emekdasi-tehdid-etdiyi-bildirilir\\\/#primaryimage\"},\"thumbnailUrl\":\"https:\\\/\\\/www.meydan.tv\\\/wp-content\\\/uploads\\\/untitled_artwork_1-2.jpg\",\"datePublished\":\"2024-11-25T17:10:20+00:00\",\"dateModified\":\"2024-11-25T17:38:07+00:00\",\"breadcrumb\":{\"@id\":\"https:\\\/\\\/www.meydan.tv\\\/az\\\/article\\\/iscisini-doyen-aptek-mudirinin-basqa-bir-emekdasi-tehdid-etdiyi-bildirilir\\\/#breadcrumb\"},\"inLanguage\":\"az\",\"potentialAction\":[{\"@type\":\"ReadAction\",\"target\":[\"https:\\\/\\\/www.meydan.tv\\\/az\\\/article\\\/iscisini-doyen-aptek-mudirinin-basqa-bir-emekdasi-tehdid-etdiyi-bildirilir\\\/\"]}]},{\"@type\":\"ImageObject\",\"inLanguage\":\"az\",\"@id\":\"https:\\\/\\\/www.meydan.tv\\\/az\\\/article\\\/iscisini-doyen-aptek-mudirinin-basqa-bir-emekdasi-tehdid-etdiyi-bildirilir\\\/#primaryimage\",\"url\":\"https:\\\/\\\/www.meydan.tv\\\/wp-content\\\/uploads\\\/untitled_artwork_1-2.jpg\",\"contentUrl\":\"https:\\\/\\\/www.meydan.tv\\\/wp-content\\\/uploads\\\/untitled_artwork_1-2.jpg\",\"width\":1200,\"height\":675,\"caption\":\"\u0130ll\u00fcstrasiya: Meydan TV\"},{\"@type\":\"BreadcrumbList\",\"@id\":\"https:\\\/\\\/www.meydan.tv\\\/az\\\/article\\\/iscisini-doyen-aptek-mudirinin-basqa-bir-emekdasi-tehdid-etdiyi-bildirilir\\\/#breadcrumb\",\"itemListElement\":[{\"@type\":\"ListItem\",\"position\":1,\"name\":\"Ana s\u0259hif\u0259\",\"item\":\"https:\\\/\\\/www.meydan.tv\\\/az\\\/\"},{\"@type\":\"ListItem\",\"position\":2,\"name\":\"X\u0259b\u0259rl\u0259r\",\"item\":\"https:\\\/\\\/www.meydan.tv\\\/az\\\/section\\\/xeberler\\\/\"},{\"@type\":\"ListItem\",\"position\":3,\"name\":\"\u0130\u015f\u00e7isini d\u00f6y\u0259n aptek m\u00fcdirinin ba\u015fqa bir \u0259m\u0259kda\u015f\u0131 t\u0259hdid etdiyi bildirilir\"}]},{\"@type\":\"WebSite\",\"@id\":\"https:\\\/\\\/www.meydan.tv\\\/az\\\/#website\",\"url\":\"https:\\\/\\\/www.meydan.tv\\\/az\\\/\",\"name\":\"MEYDAN.TV\",\"description\":\"Meydan TV Az\u0259rbaycan\u0131n media m\u0259kan\u0131ndak\u0131 alternativ s\u0259sidir\",\"publisher\":{\"@id\":\"https:\\\/\\\/www.meydan.tv\\\/az\\\/#organization\"},\"potentialAction\":[{\"@type\":\"SearchAction\",\"target\":{\"@type\":\"EntryPoint\",\"urlTemplate\":\"https:\\\/\\\/www.meydan.tv\\\/az\\\/?s={search_term_string}\"},\"query-input\":{\"@type\":\"PropertyValueSpecification\",\"valueRequired\":true,\"valueName\":\"search_term_string\"}}],\"inLanguage\":\"az\"},{\"@type\":\"Organization\",\"@id\":\"https:\\\/\\\/www.meydan.tv\\\/az\\\/#organization\",\"name\":\"Meydan TV\",\"url\":\"https:\\\/\\\/www.meydan.tv\\\/az\\\/\",\"logo\":{\"@type\":\"ImageObject\",\"inLanguage\":\"az\",\"@id\":\"https:\\\/\\\/www.meydan.tv\\\/az\\\/#\\\/schema\\\/logo\\\/image\\\/\",\"url\":\"https:\\\/\\\/www.meydan.tv\\\/wp-content\\\/uploads\\\/2021\\\/07\\\/meydan-logo.svg\",\"contentUrl\":\"https:\\\/\\\/www.meydan.tv\\\/wp-content\\\/uploads\\\/2021\\\/07\\\/meydan-logo.svg\",\"width\":195,\"height\":46,\"caption\":\"Meydan TV\"},\"image\":{\"@id\":\"https:\\\/\\\/www.meydan.tv\\\/az\\\/#\\\/schema\\\/logo\\\/image\\\/\"}},{\"@type\":\"Person\",\"@id\":\"https:\\\/\\\/www.meydan.tv\\\/az\\\/#\\\/schema\\\/person\\\/476e9360e593fa131d5d71d51866f8da\",\"name\":\"aleks\"}]}<\/script>\n<!-- \/ Yoast SEO plugin. -->","yoast_head_json":{"title":"\u0130\u015f\u00e7isini d\u00f6y\u0259n aptek m\u00fcdirinin ba\u015fqa bir \u0259m\u0259kda\u015f\u0131 t\u0259hdid etdiyi bildirilir - MEYDAN.TV","robots":{"index":"index","follow":"follow","max-snippet":"max-snippet:-1","max-image-preview":"max-image-preview:large","max-video-preview":"max-video-preview:-1"},"canonical":"https:\/\/www.meydan.tv\/az\/article\/iscisini-doyen-aptek-mudirinin-basqa-bir-emekdasi-tehdid-etdiyi-bildirilir\/","og_locale":"az_AZ","og_type":"article","og_title":"\u0130\u015f\u00e7isini d\u00f6y\u0259n aptek m\u00fcdirinin ba\u015fqa bir \u0259m\u0259kda\u015f\u0131 t\u0259hdid etdiyi bildirilir - MEYDAN.TV","og_url":"https:\/\/www.meydan.tv\/az\/article\/iscisini-doyen-aptek-mudirinin-basqa-bir-emekdasi-tehdid-etdiyi-bildirilir\/","og_site_name":"MEYDAN.TV","article_published_time":"2024-11-25T17:10:20+00:00","article_modified_time":"2024-11-25T17:38:07+00:00","og_image":[{"width":1200,"height":675,"url":"https:\/\/www.meydan.tv\/wp-content\/uploads\/untitled_artwork_1-2.jpg","type":"image\/jpeg"}],"author":"aleks","twitter_card":"summary_large_image","schema":{"@context":"https:\/\/schema.org","@graph":[{"@type":"Article","@id":"https:\/\/www.meydan.tv\/az\/article\/iscisini-doyen-aptek-mudirinin-basqa-bir-emekdasi-tehdid-etdiyi-bildirilir\/#article","isPartOf":{"@id":"https:\/\/www.meydan.tv\/az\/article\/iscisini-doyen-aptek-mudirinin-basqa-bir-emekdasi-tehdid-etdiyi-bildirilir\/"},"author":{"name":"aleks","@id":"https:\/\/www.meydan.tv\/az\/#\/schema\/person\/476e9360e593fa131d5d71d51866f8da"},"headline":"\u0130\u015f\u00e7isini d\u00f6y\u0259n aptek m\u00fcdirinin ba\u015fqa bir \u0259m\u0259kda\u015f\u0131 t\u0259hdid etdiyi bildirilir","datePublished":"2024-11-25T17:10:20+00:00","dateModified":"2024-11-25T17:38:07+00:00","mainEntityOfPage":{"@id":"https:\/\/www.meydan.tv\/az\/article\/iscisini-doyen-aptek-mudirinin-basqa-bir-emekdasi-tehdid-etdiyi-bildirilir\/"},"wordCount":895,"publisher":{"@id":"https:\/\/www.meydan.tv\/az\/#organization"},"image":{"@id":"https:\/\/www.meydan.tv\/az\/article\/iscisini-doyen-aptek-mudirinin-basqa-bir-emekdasi-tehdid-etdiyi-bildirilir\/#primaryimage"},"thumbnailUrl":"https:\/\/www.meydan.tv\/wp-content\/uploads\/untitled_artwork_1-2.jpg","articleSection":["T\u00f6vsiy\u0259","Video","X\u0259b\u0259rl\u0259r"],"inLanguage":"az"},{"@type":"WebPage","@id":"https:\/\/www.meydan.tv\/az\/article\/iscisini-doyen-aptek-mudirinin-basqa-bir-emekdasi-tehdid-etdiyi-bildirilir\/","url":"https:\/\/www.meydan.tv\/az\/article\/iscisini-doyen-aptek-mudirinin-basqa-bir-emekdasi-tehdid-etdiyi-bildirilir\/","name":"\u0130\u015f\u00e7isini d\u00f6y\u0259n aptek m\u00fcdirinin ba\u015fqa bir \u0259m\u0259kda\u015f\u0131 t\u0259hdid etdiyi bildirilir - MEYDAN.TV","isPartOf":{"@id":"https:\/\/www.meydan.tv\/az\/#website"},"primaryImageOfPage":{"@id":"https:\/\/www.meydan.tv\/az\/article\/iscisini-doyen-aptek-mudirinin-basqa-bir-emekdasi-tehdid-etdiyi-bildirilir\/#primaryimage"},"image":{"@id":"https:\/\/www.meydan.tv\/az\/article\/iscisini-doyen-aptek-mudirinin-basqa-bir-emekdasi-tehdid-etdiyi-bildirilir\/#primaryimage"},"thumbnailUrl":"https:\/\/www.meydan.tv\/wp-content\/uploads\/untitled_artwork_1-2.jpg","datePublished":"2024-11-25T17:10:20+00:00","dateModified":"2024-11-25T17:38:07+00:00","breadcrumb":{"@id":"https:\/\/www.meydan.tv\/az\/article\/iscisini-doyen-aptek-mudirinin-basqa-bir-emekdasi-tehdid-etdiyi-bildirilir\/#breadcrumb"},"inLanguage":"az","potentialAction":[{"@type":"ReadAction","target":["https:\/\/www.meydan.tv\/az\/article\/iscisini-doyen-aptek-mudirinin-basqa-bir-emekdasi-tehdid-etdiyi-bildirilir\/"]}]},{"@type":"ImageObject","inLanguage":"az","@id":"https:\/\/www.meydan.tv\/az\/article\/iscisini-doyen-aptek-mudirinin-basqa-bir-emekdasi-tehdid-etdiyi-bildirilir\/#primaryimage","url":"https:\/\/www.meydan.tv\/wp-content\/uploads\/untitled_artwork_1-2.jpg","contentUrl":"https:\/\/www.meydan.tv\/wp-content\/uploads\/untitled_artwork_1-2.jpg","width":1200,"height":675,"caption":"\u0130ll\u00fcstrasiya: Meydan TV"},{"@type":"BreadcrumbList","@id":"https:\/\/www.meydan.tv\/az\/article\/iscisini-doyen-aptek-mudirinin-basqa-bir-emekdasi-tehdid-etdiyi-bildirilir\/#breadcrumb","itemListElement":[{"@type":"ListItem","position":1,"name":"Ana s\u0259hif\u0259","item":"https:\/\/www.meydan.tv\/az\/"},{"@type":"ListItem","position":2,"name":"X\u0259b\u0259rl\u0259r","item":"https:\/\/www.meydan.tv\/az\/section\/xeberler\/"},{"@type":"ListItem","position":3,"name":"\u0130\u015f\u00e7isini d\u00f6y\u0259n aptek m\u00fcdirinin ba\u015fqa bir \u0259m\u0259kda\u015f\u0131 t\u0259hdid etdiyi bildirilir"}]},{"@type":"WebSite","@id":"https:\/\/www.meydan.tv\/az\/#website","url":"https:\/\/www.meydan.tv\/az\/","name":"MEYDAN.TV","description":"Meydan TV Az\u0259rbaycan\u0131n media m\u0259kan\u0131ndak\u0131 alternativ s\u0259sidir","publisher":{"@id":"https:\/\/www.meydan.tv\/az\/#organization"},"potentialAction":[{"@type":"SearchAction","target":{"@type":"EntryPoint","urlTemplate":"https:\/\/www.meydan.tv\/az\/?s={search_term_string}"},"query-input":{"@type":"PropertyValueSpecification","valueRequired":true,"valueName":"search_term_string"}}],"inLanguage":"az"},{"@type":"Organization","@id":"https:\/\/www.meydan.tv\/az\/#organization","name":"Meydan TV","url":"https:\/\/www.meydan.tv\/az\/","logo":{"@type":"ImageObject","inLanguage":"az","@id":"https:\/\/www.meydan.tv\/az\/#\/schema\/logo\/image\/","url":"https:\/\/www.meydan.tv\/wp-content\/uploads\/2021\/07\/meydan-logo.svg","contentUrl":"https:\/\/www.meydan.tv\/wp-content\/uploads\/2021\/07\/meydan-logo.svg","width":195,"height":46,"caption":"Meydan TV"},"image":{"@id":"https:\/\/www.meydan.tv\/az\/#\/schema\/logo\/image\/"}},{"@type":"Person","@id":"https:\/\/www.meydan.tv\/az\/#\/schema\/person\/476e9360e593fa131d5d71d51866f8da","name":"aleks"}]}},"_links":{"self":[{"href":"https:\/\/www.meydan.tv\/az\/wp-json\/wp\/v2\/posts\/321482","targetHints":{"allow":["GET"]}}],"collection":[{"href":"https:\/\/www.meydan.tv\/az\/wp-json\/wp\/v2\/posts"}],"about":[{"href":"https:\/\/www.meydan.tv\/az\/wp-json\/wp\/v2\/types\/post"}],"author":[{"embeddable":true,"href":"https:\/\/www.meydan.tv\/az\/wp-json\/wp\/v2\/users\/12"}],"replies":[{"embeddable":true,"href":"https:\/\/www.meydan.tv\/az\/wp-json\/wp\/v2\/comments?post=321482"}],"version-history":[{"count":3,"href":"https:\/\/www.meydan.tv\/az\/wp-json\/wp\/v2\/posts\/321482\/revisions"}],"predecessor-version":[{"id":321488,"href":"https:\/\/www.meydan.tv\/az\/wp-json\/wp\/v2\/posts\/321482\/revisions\/321488"}],"wp:featuredmedia":[{"embeddable":true,"href":"https:\/\/www.meydan.tv\/az\/wp-json\/wp\/v2\/media\/257656"}],"wp:attachment":[{"href":"https:\/\/www.meydan.tv\/az\/wp-json\/wp\/v2\/media?parent=321482"}],"wp:term":[{"taxonomy":"category","embeddable":true,"href":"https:\/\/www.meydan.tv\/az\/wp-json\/wp\/v2\/categories?post=321482"},{"taxonomy":"post_tag","embeddable":true,"href":"https:\/\/www.meydan.tv\/az\/wp-json\/wp\/v2\/tags?post=321482"}],"curies":[{"name":"wp","href":"https:\/\/api.w.org\/{rel}","templated":true}]}}