{"id":321385,"date":"2024-11-24T16:46:35","date_gmt":"2024-11-24T12:46:35","guid":{"rendered":"https:\/\/www.meydan.tv\/?p=321385"},"modified":"2024-11-24T16:46:37","modified_gmt":"2024-11-24T12:46:37","slug":"musavatci-ve-aile-uzvlerinin-qetli-zererceken-cinayetde-basqalarinin-da-istiraki-oldugunu-dusunur","status":"publish","type":"post","link":"https:\/\/www.meydan.tv\/az\/article\/musavatci-ve-aile-uzvlerinin-qetli-zererceken-cinayetde-basqalarinin-da-istiraki-oldugunu-dusunur\/","title":{"rendered":"M\u00fcsavat\u00e7\u0131 v\u0259 ail\u0259 \u00fczvl\u0259rinin q\u0259tli: Z\u0259r\u0259r\u00e7\u0259k\u0259n cinay\u0259td\u0259 ba\u015fqalar\u0131n\u0131n da i\u015ftirak\u0131 oldu\u011funu d\u00fc\u015f\u00fcn\u00fcr"},"content":{"rendered":"\n<p><\/p>\n\n\n\n<p><strong><em>T\u0259qsirl\u0259ndiril\u0259n \u015f\u0259xs is\u0259 vaxtil\u0259 t\u00f6r\u0259dil\u0259n nalayiq h\u0259r\u0259k\u0259t\u0259 g\u00f6r\u0259 t\u0259kba\u015f\u0131na qisas ald\u0131\u011f\u0131n\u0131 deyir<\/em><\/strong><\/p>\n\n\n\n<p>Sumqay\u0131tda \u2013 Corat ba\u011flar massivind\u0259 \u00fc\u00e7 n\u0259f\u0259rin &#8211; M\u00fcsavat Partiyas\u0131n\u0131n \u00fczv\u00fc, 73 ya\u015fl\u0131 Da\u011fb\u0259yi F\u0259r\u0259cov, 38 ya\u015fl\u0131 q\u0131z\u0131 Suzanna Karaka\u015f v\u0259 onun h\u0259yat yolda\u015f\u0131, T\u00fcrkiy\u0259 v\u0259t\u0259nda\u015f\u0131 Serkan Karaka\u015f\u0131n q\u0259tl\u0259 yetirilm\u0259sil\u0259 ba\u011fl\u0131 Sumqay\u0131t A\u011f\u0131r Cinay\u0259tl\u0259r M\u0259hk\u0259m\u0259sind\u0259 ara\u015fd\u0131rmalar gedir.<\/p>\n\n\n\n<p>Hadis\u0259ni t\u00f6r\u0259tm\u0259kd\u0259 t\u0259qsirl\u0259ndiril\u0259n 1987-ci il t\u0259v\u0259ll\u00fcdl\u00fc M\u00fc\u015ffiq Ta\u011f\u0131yev adlar\u0131 \u00e7\u0259kil\u0259n \u015f\u0259xsl\u0259rin \u00f6l\u00fcm\u00fc il\u0259 yana\u015f\u0131, h\u0259m d\u0259 daha 3 n\u0259f\u0259r\u0259 x\u0259sar\u0259t yetirm\u0259kd\u0259 ittiham olunur. Bunlar m\u0259rhum Da\u011fb\u0259yi F\u0259r\u0259covun h\u0259yat yolda\u015f\u0131 T\u0259rlan F\u0259r\u0259cova, hadis\u0259nin ba\u015f verdiyi evin qon\u015fulu\u011funda ya\u015fayan v\u0259 s\u0259s-k\u00fcy\u0259 \u00e7\u0131xaraq k\u00f6m\u0259k etm\u0259y\u0259 \u00e7al\u0131\u015fan Etibar Sar\u0131yev v\u0259 atas\u0131 Mehman Sar\u0131yevdir. Onlara da at\u0259\u015f a\u00e7\u0131l\u0131b, lakin h\u0259yatlar\u0131n\u0131 xilas etm\u0259k m\u00fcmk\u00fcn olub.<\/p>\n\n\n\n<p>Etibar Sar\u0131yev polis \u0259m\u0259kda\u015f\u0131d\u0131r.<\/p>\n\n\n\n<p>Sumqay\u0131t A\u011f\u0131r Cinay\u0259tl\u0259r M\u0259hk\u0259m\u0259sind\u0259 hakim Hafiz \u018fliyevin s\u0259drliyil\u0259 ke\u00e7iril\u0259n m\u0259hk\u0259m\u0259 prosesind\u0259 z\u0259r\u0259r\u00e7\u0259kmi\u015f qismind\u0259 tan\u0131nan \u015f\u0259xsl\u0259rd\u0259n bir ne\u00e7\u0259si bildirib ki, bu i\u015f \u00fczr\u0259 apar\u0131lm\u0131\u015f istintaqdan naraz\u0131 qal\u0131blar. Onlar v\u0259sat\u0259t qald\u0131raraq, i\u015fin yenid\u0259n ara\u015fd\u0131r\u0131lmas\u0131 \u00fc\u00e7\u00fcn prokurorlu\u011fa qaytar\u0131lmas\u0131n\u0131 ist\u0259yibl\u0259r. Hesab edirl\u0259r ki, bu cinay\u0259td\u0259 ba\u015fqa \u015f\u0259xsl\u0259rin d\u0259 i\u015ftirak\u0131 olub, lakin onlar cinay\u0259t m\u0259suliyy\u0259tind\u0259n k\u0259narda saxlan\u0131l\u0131b. Ona g\u00f6r\u0259 d\u0259 i\u015fin istintaqa qaytar\u0131lmas\u0131n\u0131, M\u00fc\u015ffiq Ta\u011f\u0131yevl\u0259 yana\u015f\u0131, h\u0259min \u015f\u0259xsl\u0259rin d\u0259 m\u00fc\u0259yy\u0259nl\u0259\u015fdirilib h\u0259bs olunmas\u0131n\u0131 t\u0259l\u0259b edirl\u0259r.<\/p>\n\n\n\n<p><em>\u201cBu boyda i\u015fi t\u0259k adam\u0131n t\u00f6r\u0259d\u0259 bil\u0259c\u0259yin\u0259 inanm\u0131ram. Ona g\u00f6r\u0259 d\u0259 istintaqa qaytar\u0131lmal\u0131, \u0259n inc\u0259 detal\u0131na q\u0259d\u0259r yenid\u0259n ara\u015fd\u0131r\u0131lmal\u0131d\u0131r\u201d,<\/em> &#8211; z\u0259r\u0259r\u00e7\u0259kmi\u015f Nazim Orucov m\u0259hk\u0259m\u0259d\u0259 bildirib.<\/p>\n\n\n\n<p>Z\u0259r\u0259r\u00e7\u0259kmi\u015f T\u0259rlan F\u0259r\u0259cova da hesab edir ki, bu cinay\u0259tin arxas\u0131nda ba\u015fqa \u015f\u0259xsl\u0259r var. O deyib ki, t\u0259qsirl\u0259ndiril\u0259n M\u00fc\u015ffiq Ta\u011f\u0131yev m\u0259hk\u0259m\u0259 qar\u015f\u0131s\u0131nda t\u0259k dayanmamal\u0131d\u0131r:<\/p>\n\n\n\n<p><em>\u00a0\u201cB\u0259s onu killer kimi tutanlar hardad\u0131r? Ona k\u00f6m\u0259k ed\u0259nl\u0259r niy\u0259 burada yoxdur? Onlar da bura g\u0259tirilm\u0259lidir\u201d.<\/em><\/p>\n\n\n\n<p>Hakiml\u0259r i\u015fin istintaqa qaytar\u0131lmas\u0131 bar\u0259d\u0259 z\u0259r\u0259r\u00e7\u0259kmi\u015fl\u0259rin qald\u0131rd\u0131\u011f\u0131 v\u0259sat\u0259ti t\u0259min etm\u0259yib.<\/p>\n\n\n\n<p>T\u0259qsirl\u0259ndiril\u0259n M\u00fc\u015ffiq Ta\u011f\u0131yev m\u0259hk\u0259m\u0259d\u0259 bildirib ki, hadis\u0259ni t\u0259kba\u015f\u0131na v\u0259 qisas m\u0259qs\u0259dil\u0259 t\u00f6r\u0259dib. M\u0259qs\u0259di F\u0259r\u0259covlar ail\u0259sinin o\u011flu, uzun m\u00fcdd\u0259tdir \u0130sve\u00e7r\u0259d\u0259 m\u00fchacir kimi ya\u015fayan Anar F\u0259r\u0259covun vaxtil\u0259 etdiyi nalayiq h\u0259r\u0259k\u0259t\u0259 g\u00f6r\u0259 qisas almaq olub. Bu \u00fczd\u0259n onun b\u00fct\u00fcn ail\u0259sini yox etm\u0259k q\u0259rar\u0131na g\u0259lib.<\/p>\n\n\n\n<p>Onun s\u00f6zl\u0259rin\u0259 g\u00f6r\u0259, F\u0259r\u0259covlar\u0131n evinin yerl\u0259\u015fdiyi yeri \u0259trafl\u0131 ara\u015fd\u0131r\u0131b, hadis\u0259ni nec\u0259 t\u00f6r\u0259d\u0259c\u0259yini \u0259vv\u0259ld\u0259n planla\u015fd\u0131r\u0131b.<\/p>\n\n\n\n<p>Hadis\u0259 n\u0259tic\u0259sind\u0259 h\u0259r iki valideynini v\u0259 babas\u0131n\u0131 itir\u0259n Cansu Karata\u015f m\u0259hk\u0259m\u0259d\u0259 dan\u0131\u015f\u0131b ki, g\u00fcll\u0259 s\u0259sin\u0259 yuxudan oyan\u0131b. \u018fvv\u0259l anas\u0131 qap\u0131dan \u00e7\u0131x\u0131b v\u0259 d\u0259rhal da vurulub. Ard\u0131nca babas\u0131 \u00e7\u0131x\u0131b v\u0259 o da vurulub:<\/p>\n\n\n\n<p><em>\u00a0\u201cAnam bizi \u00e7\u0131xma\u011fa qoymad\u0131, \u00f6z\u00fc \u00e7\u0131xd\u0131. \u00c7\u0131xan zaman dedi \u00e7\u00f6l\u0259 \u00e7\u0131xmay\u0131n. Atam da \u00e7\u00f6l\u0259 \u00e7\u0131xan kimi vuruldu\u201d.<\/em><\/p>\n\n\n\n<p>M\u0259hk\u0259m\u0259 ara\u015fd\u0131rmalar\u0131 davam edir.<\/p>\n\n\n\n<p>T\u0259qsirl\u0259ndiril\u0259n M\u00fc\u015ffiq Ta\u011f\u0131yev F\u0259r\u0259covlar ail\u0259sinin qon\u015fusudur. Hadis\u0259 2023-c\u00fc il oktyabr\u0131n 28-n\u0259 s\u0259h\u0259r saat 5 rad\u0259l\u0259rind\u0259 Corat ba\u011flar\u0131 adlanan \u0259razid\u0259ki evl\u0259rd\u0259n birind\u0259 ba\u015f verib. \u0130ttihama \u0259sas\u0259n, M\u00fc\u015ffiq Ta\u011f\u0131yev cinay\u0259ti ov t\u00fcf\u0259ngi il\u0259 t\u00f6r\u0259dib. H\u0259m\u00e7inin o, divarlara benzin t\u00f6k\u0259r\u0259k, evin bir hiss\u0259sini yand\u0131r\u0131b, kustar \u00fcsulla haz\u0131rlad\u0131\u011f\u0131 qur\u011funu partlad\u0131b.<\/p>\n\n\n\n<p>Hadis\u0259 vaxt\u0131 evd\u0259 Suzanna v\u0259 Serkan Karaka\u015flar\u0131n iki q\u0131z\u0131 da olub. Onlar x\u0259sar\u0259t almay\u0131b.<\/p>\n","protected":false},"excerpt":{"rendered":"<p>T\u0259qsirl\u0259ndiril\u0259n \u015f\u0259xs is\u0259 vaxtil\u0259 t\u00f6r\u0259dil\u0259n nalayiq h\u0259r\u0259k\u0259t\u0259 g\u00f6r\u0259 t\u0259kba\u015f\u0131na qisas &#8230; <\/p>\n<p class=\"read-more-container\"><a title=\"M\u00fcsavat\u00e7\u0131 v\u0259 ail\u0259 \u00fczvl\u0259rinin q\u0259tli: Z\u0259r\u0259r\u00e7\u0259k\u0259n cinay\u0259td\u0259 ba\u015fqalar\u0131n\u0131n da i\u015ftirak\u0131 oldu\u011funu d\u00fc\u015f\u00fcn\u00fcr\" class=\"read-more button\" href=\"https:\/\/www.meydan.tv\/az\/article\/musavatci-ve-aile-uzvlerinin-qetli-zererceken-cinayetde-basqalarinin-da-istiraki-oldugunu-dusunur\/#more-321385\" aria-label=\"Read more about M\u00fcsavat\u00e7\u0131 v\u0259 ail\u0259 \u00fczvl\u0259rinin q\u0259tli: Z\u0259r\u0259r\u00e7\u0259k\u0259n cinay\u0259td\u0259 ba\u015fqalar\u0131n\u0131n da i\u015ftirak\u0131 oldu\u011funu d\u00fc\u015f\u00fcn\u00fcr\">Davam\u0131<\/a><\/p>\n","protected":false},"author":21,"featured_media":260251,"comment_status":"closed","ping_status":"closed","sticky":false,"template":"","format":"standard","meta":{"_acf_changed":false,"_sitemap_exclude":false,"_sitemap_priority":"","_sitemap_frequency":"","footnotes":""},"categories":[62,79,56],"tags":[],"class_list":["post-321385","post","type-post","status-publish","format-standard","has-post-thumbnail","hentry","category-sosial","category-featured","category-xeberler","infinite-scroll-item","generate-columns","tablet-grid-50","mobile-grid-100","grid-parent","grid-33","no-featured-image-padding"],"acf":[],"yoast_head":"<!-- This site is optimized with the Yoast SEO plugin v27.4 - https:\/\/yoast.com\/product\/yoast-seo-wordpress\/ -->\n<title>M\u00fcsavat\u00e7\u0131 v\u0259 ail\u0259 \u00fczvl\u0259rinin q\u0259tli: Z\u0259r\u0259r\u00e7\u0259k\u0259n cinay\u0259td\u0259 ba\u015fqalar\u0131n\u0131n da i\u015ftirak\u0131 oldu\u011funu d\u00fc\u015f\u00fcn\u00fcr - MEYDAN.TV<\/title>\n<meta name=\"description\" content=\"T\u0259qsirl\u0259ndiril\u0259n \u015f\u0259xs is\u0259 vaxtil\u0259 t\u00f6r\u0259dil\u0259n nalayiq h\u0259r\u0259k\u0259t\u0259 g\u00f6r\u0259 t\u0259kba\u015f\u0131na qisas ald\u0131\u011f\u0131n\u0131 deyir.\" \/>\n<meta name=\"robots\" content=\"index, follow, max-snippet:-1, max-image-preview:large, max-video-preview:-1\" \/>\n<link rel=\"canonical\" href=\"https:\/\/www.meydan.tv\/az\/article\/musavatci-ve-aile-uzvlerinin-qetli-zererceken-cinayetde-basqalarinin-da-istiraki-oldugunu-dusunur\/\" \/>\n<meta property=\"og:locale\" content=\"az_AZ\" \/>\n<meta property=\"og:type\" content=\"article\" \/>\n<meta property=\"og:title\" content=\"M\u00fcsavat\u00e7\u0131 v\u0259 ail\u0259 \u00fczvl\u0259rinin q\u0259tli: Z\u0259r\u0259r\u00e7\u0259k\u0259n cinay\u0259td\u0259 ba\u015fqalar\u0131n\u0131n da i\u015ftirak\u0131 oldu\u011funu d\u00fc\u015f\u00fcn\u00fcr - MEYDAN.TV\" \/>\n<meta property=\"og:description\" content=\"T\u0259qsirl\u0259ndiril\u0259n \u015f\u0259xs is\u0259 vaxtil\u0259 t\u00f6r\u0259dil\u0259n nalayiq h\u0259r\u0259k\u0259t\u0259 g\u00f6r\u0259 t\u0259kba\u015f\u0131na qisas ald\u0131\u011f\u0131n\u0131 deyir.\" \/>\n<meta property=\"og:url\" content=\"https:\/\/www.meydan.tv\/az\/article\/musavatci-ve-aile-uzvlerinin-qetli-zererceken-cinayetde-basqalarinin-da-istiraki-oldugunu-dusunur\/\" \/>\n<meta property=\"og:site_name\" content=\"MEYDAN.TV\" \/>\n<meta property=\"article:published_time\" content=\"2024-11-24T12:46:35+00:00\" \/>\n<meta property=\"article:modified_time\" content=\"2024-11-24T12:46:37+00:00\" \/>\n<meta property=\"og:image\" content=\"https:\/\/www.meydan.tv\/wp-content\/uploads\/image-from-ios-8.jpg\" \/>\n\t<meta property=\"og:image:width\" content=\"1500\" \/>\n\t<meta property=\"og:image:height\" content=\"844\" \/>\n\t<meta property=\"og:image:type\" content=\"image\/jpeg\" \/>\n<meta name=\"author\" content=\"mahmud\" \/>\n<meta name=\"twitter:card\" content=\"summary_large_image\" \/>\n<script type=\"application\/ld+json\" class=\"yoast-schema-graph\">{\"@context\":\"https:\\\/\\\/schema.org\",\"@graph\":[{\"@type\":\"Article\",\"@id\":\"https:\\\/\\\/www.meydan.tv\\\/az\\\/article\\\/musavatci-ve-aile-uzvlerinin-qetli-zererceken-cinayetde-basqalarinin-da-istiraki-oldugunu-dusunur\\\/#article\",\"isPartOf\":{\"@id\":\"https:\\\/\\\/www.meydan.tv\\\/az\\\/article\\\/musavatci-ve-aile-uzvlerinin-qetli-zererceken-cinayetde-basqalarinin-da-istiraki-oldugunu-dusunur\\\/\"},\"author\":{\"name\":\"mahmud\",\"@id\":\"https:\\\/\\\/www.meydan.tv\\\/az\\\/#\\\/schema\\\/person\\\/09863e516102a829e72bedcf3f84c6b0\"},\"headline\":\"M\u00fcsavat\u00e7\u0131 v\u0259 ail\u0259 \u00fczvl\u0259rinin q\u0259tli: Z\u0259r\u0259r\u00e7\u0259k\u0259n cinay\u0259td\u0259 ba\u015fqalar\u0131n\u0131n da i\u015ftirak\u0131 oldu\u011funu d\u00fc\u015f\u00fcn\u00fcr\",\"datePublished\":\"2024-11-24T12:46:35+00:00\",\"dateModified\":\"2024-11-24T12:46:37+00:00\",\"mainEntityOfPage\":{\"@id\":\"https:\\\/\\\/www.meydan.tv\\\/az\\\/article\\\/musavatci-ve-aile-uzvlerinin-qetli-zererceken-cinayetde-basqalarinin-da-istiraki-oldugunu-dusunur\\\/\"},\"wordCount\":800,\"publisher\":{\"@id\":\"https:\\\/\\\/www.meydan.tv\\\/az\\\/#organization\"},\"image\":{\"@id\":\"https:\\\/\\\/www.meydan.tv\\\/az\\\/article\\\/musavatci-ve-aile-uzvlerinin-qetli-zererceken-cinayetde-basqalarinin-da-istiraki-oldugunu-dusunur\\\/#primaryimage\"},\"thumbnailUrl\":\"https:\\\/\\\/www.meydan.tv\\\/wp-content\\\/uploads\\\/image-from-ios-8.jpg\",\"articleSection\":[\"Sosial\",\"T\u00f6vsiy\u0259\",\"X\u0259b\u0259rl\u0259r\"],\"inLanguage\":\"az\"},{\"@type\":\"WebPage\",\"@id\":\"https:\\\/\\\/www.meydan.tv\\\/az\\\/article\\\/musavatci-ve-aile-uzvlerinin-qetli-zererceken-cinayetde-basqalarinin-da-istiraki-oldugunu-dusunur\\\/\",\"url\":\"https:\\\/\\\/www.meydan.tv\\\/az\\\/article\\\/musavatci-ve-aile-uzvlerinin-qetli-zererceken-cinayetde-basqalarinin-da-istiraki-oldugunu-dusunur\\\/\",\"name\":\"M\u00fcsavat\u00e7\u0131 v\u0259 ail\u0259 \u00fczvl\u0259rinin q\u0259tli: Z\u0259r\u0259r\u00e7\u0259k\u0259n cinay\u0259td\u0259 ba\u015fqalar\u0131n\u0131n da i\u015ftirak\u0131 oldu\u011funu d\u00fc\u015f\u00fcn\u00fcr - MEYDAN.TV\",\"isPartOf\":{\"@id\":\"https:\\\/\\\/www.meydan.tv\\\/az\\\/#website\"},\"primaryImageOfPage\":{\"@id\":\"https:\\\/\\\/www.meydan.tv\\\/az\\\/article\\\/musavatci-ve-aile-uzvlerinin-qetli-zererceken-cinayetde-basqalarinin-da-istiraki-oldugunu-dusunur\\\/#primaryimage\"},\"image\":{\"@id\":\"https:\\\/\\\/www.meydan.tv\\\/az\\\/article\\\/musavatci-ve-aile-uzvlerinin-qetli-zererceken-cinayetde-basqalarinin-da-istiraki-oldugunu-dusunur\\\/#primaryimage\"},\"thumbnailUrl\":\"https:\\\/\\\/www.meydan.tv\\\/wp-content\\\/uploads\\\/image-from-ios-8.jpg\",\"datePublished\":\"2024-11-24T12:46:35+00:00\",\"dateModified\":\"2024-11-24T12:46:37+00:00\",\"description\":\"T\u0259qsirl\u0259ndiril\u0259n \u015f\u0259xs is\u0259 vaxtil\u0259 t\u00f6r\u0259dil\u0259n nalayiq h\u0259r\u0259k\u0259t\u0259 g\u00f6r\u0259 t\u0259kba\u015f\u0131na qisas ald\u0131\u011f\u0131n\u0131 deyir.\",\"breadcrumb\":{\"@id\":\"https:\\\/\\\/www.meydan.tv\\\/az\\\/article\\\/musavatci-ve-aile-uzvlerinin-qetli-zererceken-cinayetde-basqalarinin-da-istiraki-oldugunu-dusunur\\\/#breadcrumb\"},\"inLanguage\":\"az\",\"potentialAction\":[{\"@type\":\"ReadAction\",\"target\":[\"https:\\\/\\\/www.meydan.tv\\\/az\\\/article\\\/musavatci-ve-aile-uzvlerinin-qetli-zererceken-cinayetde-basqalarinin-da-istiraki-oldugunu-dusunur\\\/\"]}]},{\"@type\":\"ImageObject\",\"inLanguage\":\"az\",\"@id\":\"https:\\\/\\\/www.meydan.tv\\\/az\\\/article\\\/musavatci-ve-aile-uzvlerinin-qetli-zererceken-cinayetde-basqalarinin-da-istiraki-oldugunu-dusunur\\\/#primaryimage\",\"url\":\"https:\\\/\\\/www.meydan.tv\\\/wp-content\\\/uploads\\\/image-from-ios-8.jpg\",\"contentUrl\":\"https:\\\/\\\/www.meydan.tv\\\/wp-content\\\/uploads\\\/image-from-ios-8.jpg\",\"width\":1500,\"height\":844,\"caption\":\"M\u0259hk\u0259m\u0259. \u0130ll\u00fcstrasiya: Meydan TV\"},{\"@type\":\"BreadcrumbList\",\"@id\":\"https:\\\/\\\/www.meydan.tv\\\/az\\\/article\\\/musavatci-ve-aile-uzvlerinin-qetli-zererceken-cinayetde-basqalarinin-da-istiraki-oldugunu-dusunur\\\/#breadcrumb\",\"itemListElement\":[{\"@type\":\"ListItem\",\"position\":1,\"name\":\"Ana s\u0259hif\u0259\",\"item\":\"https:\\\/\\\/www.meydan.tv\\\/az\\\/\"},{\"@type\":\"ListItem\",\"position\":2,\"name\":\"Sosial\",\"item\":\"https:\\\/\\\/www.meydan.tv\\\/az\\\/section\\\/sosial\\\/\"},{\"@type\":\"ListItem\",\"position\":3,\"name\":\"M\u00fcsavat\u00e7\u0131 v\u0259 ail\u0259 \u00fczvl\u0259rinin q\u0259tli: Z\u0259r\u0259r\u00e7\u0259k\u0259n cinay\u0259td\u0259 ba\u015fqalar\u0131n\u0131n da i\u015ftirak\u0131 oldu\u011funu d\u00fc\u015f\u00fcn\u00fcr\"}]},{\"@type\":\"WebSite\",\"@id\":\"https:\\\/\\\/www.meydan.tv\\\/az\\\/#website\",\"url\":\"https:\\\/\\\/www.meydan.tv\\\/az\\\/\",\"name\":\"MEYDAN.TV\",\"description\":\"Meydan TV Az\u0259rbaycan\u0131n media m\u0259kan\u0131ndak\u0131 alternativ s\u0259sidir\",\"publisher\":{\"@id\":\"https:\\\/\\\/www.meydan.tv\\\/az\\\/#organization\"},\"potentialAction\":[{\"@type\":\"SearchAction\",\"target\":{\"@type\":\"EntryPoint\",\"urlTemplate\":\"https:\\\/\\\/www.meydan.tv\\\/az\\\/?s={search_term_string}\"},\"query-input\":{\"@type\":\"PropertyValueSpecification\",\"valueRequired\":true,\"valueName\":\"search_term_string\"}}],\"inLanguage\":\"az\"},{\"@type\":\"Organization\",\"@id\":\"https:\\\/\\\/www.meydan.tv\\\/az\\\/#organization\",\"name\":\"Meydan TV\",\"url\":\"https:\\\/\\\/www.meydan.tv\\\/az\\\/\",\"logo\":{\"@type\":\"ImageObject\",\"inLanguage\":\"az\",\"@id\":\"https:\\\/\\\/www.meydan.tv\\\/az\\\/#\\\/schema\\\/logo\\\/image\\\/\",\"url\":\"https:\\\/\\\/www.meydan.tv\\\/wp-content\\\/uploads\\\/2021\\\/07\\\/meydan-logo.svg\",\"contentUrl\":\"https:\\\/\\\/www.meydan.tv\\\/wp-content\\\/uploads\\\/2021\\\/07\\\/meydan-logo.svg\",\"width\":195,\"height\":46,\"caption\":\"Meydan TV\"},\"image\":{\"@id\":\"https:\\\/\\\/www.meydan.tv\\\/az\\\/#\\\/schema\\\/logo\\\/image\\\/\"}},{\"@type\":\"Person\",\"@id\":\"https:\\\/\\\/www.meydan.tv\\\/az\\\/#\\\/schema\\\/person\\\/09863e516102a829e72bedcf3f84c6b0\",\"name\":\"mahmud\"}]}<\/script>\n<!-- \/ Yoast SEO plugin. -->","yoast_head_json":{"title":"M\u00fcsavat\u00e7\u0131 v\u0259 ail\u0259 \u00fczvl\u0259rinin q\u0259tli: Z\u0259r\u0259r\u00e7\u0259k\u0259n cinay\u0259td\u0259 ba\u015fqalar\u0131n\u0131n da i\u015ftirak\u0131 oldu\u011funu d\u00fc\u015f\u00fcn\u00fcr - MEYDAN.TV","description":"T\u0259qsirl\u0259ndiril\u0259n \u015f\u0259xs is\u0259 vaxtil\u0259 t\u00f6r\u0259dil\u0259n nalayiq h\u0259r\u0259k\u0259t\u0259 g\u00f6r\u0259 t\u0259kba\u015f\u0131na qisas ald\u0131\u011f\u0131n\u0131 deyir.","robots":{"index":"index","follow":"follow","max-snippet":"max-snippet:-1","max-image-preview":"max-image-preview:large","max-video-preview":"max-video-preview:-1"},"canonical":"https:\/\/www.meydan.tv\/az\/article\/musavatci-ve-aile-uzvlerinin-qetli-zererceken-cinayetde-basqalarinin-da-istiraki-oldugunu-dusunur\/","og_locale":"az_AZ","og_type":"article","og_title":"M\u00fcsavat\u00e7\u0131 v\u0259 ail\u0259 \u00fczvl\u0259rinin q\u0259tli: Z\u0259r\u0259r\u00e7\u0259k\u0259n cinay\u0259td\u0259 ba\u015fqalar\u0131n\u0131n da i\u015ftirak\u0131 oldu\u011funu d\u00fc\u015f\u00fcn\u00fcr - MEYDAN.TV","og_description":"T\u0259qsirl\u0259ndiril\u0259n \u015f\u0259xs is\u0259 vaxtil\u0259 t\u00f6r\u0259dil\u0259n nalayiq h\u0259r\u0259k\u0259t\u0259 g\u00f6r\u0259 t\u0259kba\u015f\u0131na qisas ald\u0131\u011f\u0131n\u0131 deyir.","og_url":"https:\/\/www.meydan.tv\/az\/article\/musavatci-ve-aile-uzvlerinin-qetli-zererceken-cinayetde-basqalarinin-da-istiraki-oldugunu-dusunur\/","og_site_name":"MEYDAN.TV","article_published_time":"2024-11-24T12:46:35+00:00","article_modified_time":"2024-11-24T12:46:37+00:00","og_image":[{"width":1500,"height":844,"url":"https:\/\/www.meydan.tv\/wp-content\/uploads\/image-from-ios-8.jpg","type":"image\/jpeg"}],"author":"mahmud","twitter_card":"summary_large_image","schema":{"@context":"https:\/\/schema.org","@graph":[{"@type":"Article","@id":"https:\/\/www.meydan.tv\/az\/article\/musavatci-ve-aile-uzvlerinin-qetli-zererceken-cinayetde-basqalarinin-da-istiraki-oldugunu-dusunur\/#article","isPartOf":{"@id":"https:\/\/www.meydan.tv\/az\/article\/musavatci-ve-aile-uzvlerinin-qetli-zererceken-cinayetde-basqalarinin-da-istiraki-oldugunu-dusunur\/"},"author":{"name":"mahmud","@id":"https:\/\/www.meydan.tv\/az\/#\/schema\/person\/09863e516102a829e72bedcf3f84c6b0"},"headline":"M\u00fcsavat\u00e7\u0131 v\u0259 ail\u0259 \u00fczvl\u0259rinin q\u0259tli: Z\u0259r\u0259r\u00e7\u0259k\u0259n cinay\u0259td\u0259 ba\u015fqalar\u0131n\u0131n da i\u015ftirak\u0131 oldu\u011funu d\u00fc\u015f\u00fcn\u00fcr","datePublished":"2024-11-24T12:46:35+00:00","dateModified":"2024-11-24T12:46:37+00:00","mainEntityOfPage":{"@id":"https:\/\/www.meydan.tv\/az\/article\/musavatci-ve-aile-uzvlerinin-qetli-zererceken-cinayetde-basqalarinin-da-istiraki-oldugunu-dusunur\/"},"wordCount":800,"publisher":{"@id":"https:\/\/www.meydan.tv\/az\/#organization"},"image":{"@id":"https:\/\/www.meydan.tv\/az\/article\/musavatci-ve-aile-uzvlerinin-qetli-zererceken-cinayetde-basqalarinin-da-istiraki-oldugunu-dusunur\/#primaryimage"},"thumbnailUrl":"https:\/\/www.meydan.tv\/wp-content\/uploads\/image-from-ios-8.jpg","articleSection":["Sosial","T\u00f6vsiy\u0259","X\u0259b\u0259rl\u0259r"],"inLanguage":"az"},{"@type":"WebPage","@id":"https:\/\/www.meydan.tv\/az\/article\/musavatci-ve-aile-uzvlerinin-qetli-zererceken-cinayetde-basqalarinin-da-istiraki-oldugunu-dusunur\/","url":"https:\/\/www.meydan.tv\/az\/article\/musavatci-ve-aile-uzvlerinin-qetli-zererceken-cinayetde-basqalarinin-da-istiraki-oldugunu-dusunur\/","name":"M\u00fcsavat\u00e7\u0131 v\u0259 ail\u0259 \u00fczvl\u0259rinin q\u0259tli: Z\u0259r\u0259r\u00e7\u0259k\u0259n cinay\u0259td\u0259 ba\u015fqalar\u0131n\u0131n da i\u015ftirak\u0131 oldu\u011funu d\u00fc\u015f\u00fcn\u00fcr - MEYDAN.TV","isPartOf":{"@id":"https:\/\/www.meydan.tv\/az\/#website"},"primaryImageOfPage":{"@id":"https:\/\/www.meydan.tv\/az\/article\/musavatci-ve-aile-uzvlerinin-qetli-zererceken-cinayetde-basqalarinin-da-istiraki-oldugunu-dusunur\/#primaryimage"},"image":{"@id":"https:\/\/www.meydan.tv\/az\/article\/musavatci-ve-aile-uzvlerinin-qetli-zererceken-cinayetde-basqalarinin-da-istiraki-oldugunu-dusunur\/#primaryimage"},"thumbnailUrl":"https:\/\/www.meydan.tv\/wp-content\/uploads\/image-from-ios-8.jpg","datePublished":"2024-11-24T12:46:35+00:00","dateModified":"2024-11-24T12:46:37+00:00","description":"T\u0259qsirl\u0259ndiril\u0259n \u015f\u0259xs is\u0259 vaxtil\u0259 t\u00f6r\u0259dil\u0259n nalayiq h\u0259r\u0259k\u0259t\u0259 g\u00f6r\u0259 t\u0259kba\u015f\u0131na qisas ald\u0131\u011f\u0131n\u0131 deyir.","breadcrumb":{"@id":"https:\/\/www.meydan.tv\/az\/article\/musavatci-ve-aile-uzvlerinin-qetli-zererceken-cinayetde-basqalarinin-da-istiraki-oldugunu-dusunur\/#breadcrumb"},"inLanguage":"az","potentialAction":[{"@type":"ReadAction","target":["https:\/\/www.meydan.tv\/az\/article\/musavatci-ve-aile-uzvlerinin-qetli-zererceken-cinayetde-basqalarinin-da-istiraki-oldugunu-dusunur\/"]}]},{"@type":"ImageObject","inLanguage":"az","@id":"https:\/\/www.meydan.tv\/az\/article\/musavatci-ve-aile-uzvlerinin-qetli-zererceken-cinayetde-basqalarinin-da-istiraki-oldugunu-dusunur\/#primaryimage","url":"https:\/\/www.meydan.tv\/wp-content\/uploads\/image-from-ios-8.jpg","contentUrl":"https:\/\/www.meydan.tv\/wp-content\/uploads\/image-from-ios-8.jpg","width":1500,"height":844,"caption":"M\u0259hk\u0259m\u0259. \u0130ll\u00fcstrasiya: Meydan TV"},{"@type":"BreadcrumbList","@id":"https:\/\/www.meydan.tv\/az\/article\/musavatci-ve-aile-uzvlerinin-qetli-zererceken-cinayetde-basqalarinin-da-istiraki-oldugunu-dusunur\/#breadcrumb","itemListElement":[{"@type":"ListItem","position":1,"name":"Ana s\u0259hif\u0259","item":"https:\/\/www.meydan.tv\/az\/"},{"@type":"ListItem","position":2,"name":"Sosial","item":"https:\/\/www.meydan.tv\/az\/section\/sosial\/"},{"@type":"ListItem","position":3,"name":"M\u00fcsavat\u00e7\u0131 v\u0259 ail\u0259 \u00fczvl\u0259rinin q\u0259tli: Z\u0259r\u0259r\u00e7\u0259k\u0259n cinay\u0259td\u0259 ba\u015fqalar\u0131n\u0131n da i\u015ftirak\u0131 oldu\u011funu d\u00fc\u015f\u00fcn\u00fcr"}]},{"@type":"WebSite","@id":"https:\/\/www.meydan.tv\/az\/#website","url":"https:\/\/www.meydan.tv\/az\/","name":"MEYDAN.TV","description":"Meydan TV Az\u0259rbaycan\u0131n media m\u0259kan\u0131ndak\u0131 alternativ s\u0259sidir","publisher":{"@id":"https:\/\/www.meydan.tv\/az\/#organization"},"potentialAction":[{"@type":"SearchAction","target":{"@type":"EntryPoint","urlTemplate":"https:\/\/www.meydan.tv\/az\/?s={search_term_string}"},"query-input":{"@type":"PropertyValueSpecification","valueRequired":true,"valueName":"search_term_string"}}],"inLanguage":"az"},{"@type":"Organization","@id":"https:\/\/www.meydan.tv\/az\/#organization","name":"Meydan TV","url":"https:\/\/www.meydan.tv\/az\/","logo":{"@type":"ImageObject","inLanguage":"az","@id":"https:\/\/www.meydan.tv\/az\/#\/schema\/logo\/image\/","url":"https:\/\/www.meydan.tv\/wp-content\/uploads\/2021\/07\/meydan-logo.svg","contentUrl":"https:\/\/www.meydan.tv\/wp-content\/uploads\/2021\/07\/meydan-logo.svg","width":195,"height":46,"caption":"Meydan TV"},"image":{"@id":"https:\/\/www.meydan.tv\/az\/#\/schema\/logo\/image\/"}},{"@type":"Person","@id":"https:\/\/www.meydan.tv\/az\/#\/schema\/person\/09863e516102a829e72bedcf3f84c6b0","name":"mahmud"}]}},"_links":{"self":[{"href":"https:\/\/www.meydan.tv\/az\/wp-json\/wp\/v2\/posts\/321385","targetHints":{"allow":["GET"]}}],"collection":[{"href":"https:\/\/www.meydan.tv\/az\/wp-json\/wp\/v2\/posts"}],"about":[{"href":"https:\/\/www.meydan.tv\/az\/wp-json\/wp\/v2\/types\/post"}],"author":[{"embeddable":true,"href":"https:\/\/www.meydan.tv\/az\/wp-json\/wp\/v2\/users\/21"}],"replies":[{"embeddable":true,"href":"https:\/\/www.meydan.tv\/az\/wp-json\/wp\/v2\/comments?post=321385"}],"version-history":[{"count":1,"href":"https:\/\/www.meydan.tv\/az\/wp-json\/wp\/v2\/posts\/321385\/revisions"}],"predecessor-version":[{"id":321386,"href":"https:\/\/www.meydan.tv\/az\/wp-json\/wp\/v2\/posts\/321385\/revisions\/321386"}],"wp:featuredmedia":[{"embeddable":true,"href":"https:\/\/www.meydan.tv\/az\/wp-json\/wp\/v2\/media\/260251"}],"wp:attachment":[{"href":"https:\/\/www.meydan.tv\/az\/wp-json\/wp\/v2\/media?parent=321385"}],"wp:term":[{"taxonomy":"category","embeddable":true,"href":"https:\/\/www.meydan.tv\/az\/wp-json\/wp\/v2\/categories?post=321385"},{"taxonomy":"post_tag","embeddable":true,"href":"https:\/\/www.meydan.tv\/az\/wp-json\/wp\/v2\/tags?post=321385"}],"curies":[{"name":"wp","href":"https:\/\/api.w.org\/{rel}","templated":true}]}}