{"id":321371,"date":"2024-11-23T22:36:26","date_gmt":"2024-11-23T18:36:26","guid":{"rendered":"https:\/\/www.meydan.tv\/?p=321371"},"modified":"2024-11-23T23:57:09","modified_gmt":"2024-11-23T19:57:09","slug":"vetendas-sudan-enerji-alarsa","status":"publish","type":"post","link":"https:\/\/www.meydan.tv\/az\/article\/vetendas-sudan-enerji-alarsa\/","title":{"rendered":"V\u0259t\u0259nda\u015f sudan enerji alarsa&#8230;"},"content":{"rendered":"\n<p><em>\u201cBir d\u0259f\u0259 elektrik sistemini qura\u015fd\u0131rsam, bir daha elektrik\u0259 pul \u00f6d\u0259m\u0259y\u0259c\u0259m\u201d<\/em><\/p>\n\n\n\n<p><\/p>\n\n\n\n<p><em>\u201cD\u00f6vl\u0259td\u0259n t\u0259k as\u0131l\u0131l\u0131\u011f\u0131m elektrikd\u0259n ibar\u0259tdir, onu da aradan qald\u0131rmaq \u0259n b\u00f6y\u00fck planlar\u0131mdan biridir\u201d<\/em>,- Lerikd\u0259 ya\u015fayan Elxan M\u0259mm\u0259dov mikro HES-\u0259 ke\u00e7id etm\u0259yi planlay\u0131r.<\/p>\n\n\n\n<p>Mikro HES (mikro hidroelektrik stansiya) ki\u00e7ik miqyasl\u0131 hidroelektrik enerji istehsal ed\u0259n qur\u011fudur. Ad\u0259t\u0259n, bu stansiyalar a\u015fa\u011f\u0131 miqdarda su ax\u0131n\u0131ndan istifad\u0259 ed\u0259r\u0259k elektrik enerjisi istehsal edir.<\/p>\n\n\n\n<p>Elxan \u00e7ay\u0131n k\u0259nar\u0131nda ya\u015fay\u0131r. D\u00fc\u015f\u00fcn\u00fcr ki, bunun \u00fc\u00e7\u00fcn ona 2 min manata q\u0259d\u0259r pul laz\u0131md\u0131r. \u018fg\u0259r mikro elektrik stansiyas\u0131n\u0131 qurarsa, d\u00f6vl\u0259tin satd\u0131\u011f\u0131 enerjid\u0259n imtina ed\u0259c\u0259k v\u0259 \u00f6z evini \u00e7aydan al\u0131nan enerji il\u0259 t\u0259min ed\u0259c\u0259k.<\/p>\n\n\n\n<p><em>\u201cBir d\u0259f\u0259 elektrik sistemini qura\u015fd\u0131rsam, bir daha elektrik\u0259 pul \u00f6d\u0259m\u0259y\u0259c\u0259m v\u0259 i\u015f\u0131qla ba\u011fl\u0131 problem ya\u015famayacam\u201d,<\/em>&#8211; Elxan M\u0259mm\u0259dov deyib.<\/p>\n\n\n\n<p>E.M\u0259mm\u0259dov ya\u015fad\u0131\u011f\u0131 G\u00fcn\u0259\u015fli k\u0259ndind\u0259 tez-tez i\u015f\u0131qlar\u0131n s\u00f6nm\u0259sind\u0259n, elektrik dir\u0259kl\u0259rind\u0259ki probleml\u0259rd\u0259n \u015fikay\u0259tl\u0259nib. Fikirl\u0259\u015fir ki, mikro HES onu h\u0259r k\u00fcl\u0259k \u0259s\u0259nd\u0259 k\u0259sil\u0259n i\u015f\u0131q problemind\u0259n d\u0259 xilas ed\u0259 bil\u0259r.<\/p>\n\n\n\n<p>Meydan TV Elxan M\u0259mm\u0259dovun arzular\u0131na ged\u0259n yolda qar\u015f\u0131la\u015faca\u011f\u0131 \u00e7\u0259tinlikl\u0259ri ara\u015fd\u0131r\u0131b.<\/p>\n\n\n\n<p>Alternativ enerjid\u0259n istifad\u0259 il\u0259 ba\u011fl\u0131 qanuna g\u00f6r\u0259 Elxan M\u0259mm\u0259dov arzulad\u0131\u011f\u0131 kimi d\u00f6vl\u0259td\u0259n as\u0131l\u0131l\u0131\u011f\u0131n\u0131 azalda bilm\u0259y\u0259c\u0259k.<\/p>\n\n\n\n<p>Qanuna g\u00f6r\u0259 Elxan M\u0259mm\u0259dov istifad\u0259 etm\u0259diyi elektrik enerjisini \u015f\u0259b\u0259k\u0259y\u0259 \u00f6t\u00fcr\u0259 v\u0259 bu enerjid\u0259n m\u00fcvafiq d\u00f6vr \u0259rzind\u0259 istifad\u0259 ed\u0259 bil\u0259r. Hesabat ilinin sonunda \u0259g\u0259r M\u0259mm\u0259dovun hesab\u0131nda art\u0131q enerji varsa, bu enerjinin d\u0259y\u0259ri onun bank hesab\u0131na bir ay m\u00fcdd\u0259tind\u0259 topdansat\u0131\u015f tarifl\u0259ri \u0259sas\u0131nda \u00f6d\u0259n\u0259c\u0259k.<\/p>\n\n\n\n<p><em>\u201cBel\u0259 say\u011faclar\u0131n qura\u015fd\u0131r\u0131lmas\u0131n\u0131 v\u0259t\u0259nda\u015f \u015f\u0259xsi b\u00fcdc\u0259sind\u0259n qar\u015f\u0131lamal\u0131d\u0131r\u201d<\/em>.<\/p>\n\n\n\n<p>S\u0259naye v\u0259 Energetika Nazirliyinin Alternativ v\u0259 B\u0259rpa Olunan Enerji M\u0259nb\u0259l\u0259ri \u00fczr\u0259 D\u00f6vl\u0259t Agentliyi direktorunun m\u00fcavini C\u0259mil M\u0259likov Meydan TV-y\u0259 deyib ki, Elxan M\u0259mm\u0259dov 150 kVt-a q\u0259d\u0259r g\u00fcn\u0259\u015f, k\u00fcl\u0259k v\u0259 su stansiyas\u0131n\u0131 qura v\u0259 he\u00e7 bir lisenziya t\u0259l\u0259bi olmadan \u015f\u0259b\u0259k\u0259y\u0259 qo\u015fa bil\u0259r.<\/p>\n\n\n\n<p><em>\u201cV\u0259t\u0259nda\u015f m\u00fctl\u0259q \u015f\u0259b\u0259k\u0259 il\u0259 paralel i\u015fl\u0259m\u0259lidir. \u00c7ay \u00fcz\u0259rind\u0259 qur\u011funu yerl\u0259\u015fdirdikd\u0259n sonra ASAN Xidm\u0259t\u0259, \u201cAz\u0259ri\u015f\u0131q\u201da yax\u0131nla\u015fmaq laz\u0131md\u0131r. Onlardan 2 istiqam\u0259tli say\u011fac qura\u015fd\u0131r\u0131lmas\u0131n\u0131 ist\u0259m\u0259lidir. \u018fg\u0259r say\u011fac d\u0259yi\u015fm\u0259zs\u0259, enerjid\u0259n istifad\u0259 edilm\u0259y\u0259n vaxt y\u0131\u011f\u0131lan enerji \u015f\u0259b\u0259k\u0259y\u0259 getdikd\u0259 d\u0259 Elxan M\u0259mm\u0259dovun say\u011fac\u0131 enerjini idxal etmi\u015f kimi g\u00f6r\u00fcn\u0259c\u0259k v\u0259 say\u011fac borc yazacaq. Bel\u0259 say\u011faclar\u0131n qura\u015fd\u0131r\u0131lmas\u0131n\u0131 v\u0259t\u0259nda\u015f \u015f\u0259xsi b\u00fcdc\u0259sind\u0259n qar\u015f\u0131lamal\u0131d\u0131r\u201d<\/em>,- C\u0259mil M\u0259likov deyib.<\/p>\n\n\n\n<p>Agentliyin n\u00fcmay\u0259nd\u0259si alternativ enerjid\u0259n istifad\u0259 \u00fc\u00e7\u00fcn d\u00f6vl\u0259t r\u00fcsumunun ortalama bir v\u0259t\u0259nda\u015f \u00fc\u00e7\u00fcn 1000 manat hesabland\u0131\u011f\u0131n\u0131 qeyd edib.<\/p>\n\n\n\n<p>Elxan M\u0259mm\u0259dov, \u00e7aydan \u0259ld\u0259 etdiyi enerjid\u0259n art\u0131q qalarsa, qanunlara g\u00f6r\u0259 qon\u015fular\u0131na n\u0259 sata, n\u0259 d\u0259 ba\u011f\u0131\u015flaya bilir.<\/p>\n\n\n\n<p>K\u0259nd t\u0259s\u0259rr\u00fcfat\u0131 \u00fczr\u0259 m\u00fct\u0259x\u0259ssis Vahid M\u0259h\u0259rr\u0259mli MeydanTV-y\u0259 deyib ki, mikro HES-l\u0259r da\u011fl\u0131q k\u0259ndl\u0259rd\u0259 enerji \u0259ld\u0259 etm\u0259k \u00fc\u00e7\u00fcn \u00e7ox faydal\u0131d\u0131r:<\/p>\n\n\n<div class=\"wp-block-image\">\n<figure class=\"alignleft size-full is-resized\"><img decoding=\"async\" width=\"960\" height=\"506\" data-src=\"https:\/\/www.meydan.tv\/wp-content\/uploads\/45447-e1687097833687.jpg\" alt=\"Vahid M\u0259h\u0259rr\u0259mli\" class=\"wp-image-114069 lazyload\" style=\"--smush-placeholder-width: 960px; --smush-placeholder-aspect-ratio: 960\/506;width:434px;height:auto\" src=\"data:image\/svg+xml;base64,PHN2ZyB3aWR0aD0iMSIgaGVpZ2h0PSIxIiB4bWxucz0iaHR0cDovL3d3dy53My5vcmcvMjAwMC9zdmciPjwvc3ZnPg==\" \/><figcaption class=\"wp-element-caption\">Vahid M\u0259h\u0259rr\u0259mli. Foto: Meydan TV<\/figcaption><\/figure>\n<\/div>\n\n\n<p><em>\u201c\u0130ndi el\u0259 qur\u011fular var ki, lap az \u00e7ay suyundan bel\u0259 y\u00fcks\u0259k enerji \u0259ld\u0259 edil\u0259 bilir. Bu enerjini depolay\u0131b sonra da istifad\u0259 etm\u0259k, \u0259trafdak\u0131 evl\u0259r\u0259 d\u0259 \u00f6t\u00fcrm\u0259k olar. \u00dcst\u0259lik v\u0259t\u0259nda\u015f \u201ckustar\u201d \u00fcsulla da bu qur\u011fular\u0131 t\u0259xmin\u0259n 500 manata d\u00fcz\u0259ld\u0259 bil\u0259r. Bir d\u0259f\u0259 500 manat\u0131 verib, uzun ill\u0259r q\u0259na\u0259t ed\u0259 bil\u0259r, h\u0259m d\u0259 ya\u015f\u0131l enerjiy\u0259 d\u0259st\u0259k vermi\u015f olar\u201d,<\/em>&#8211; Vahid M\u0259h\u0259rr\u0259mli deyib.<\/p>\n\n\n\n<p><\/p>\n\n\n\n<p>D\u00fcnyada bir \u00e7ox \u00f6lk\u0259l\u0259rd\u0259 mikro HES-l\u0259rd\u0259n istifad\u0259 yay\u011f\u0131nd\u0131r. \u00c7in, Hindistan, Nepal, \u015eri Lanka, Kenya, Norve\u00e7, \u0130sve\u00e7r\u0259, Avstriya kimi \u00f6lk\u0259l\u0259rd\u0259 h\u0259r k\u0259s \u00f6z enerjisini \u00f6z\u00fc istehsal ed\u0259 bilir.<\/p>\n\n\n\n<p>Az\u0259rbaycanda, x\u00fcsusil\u0259 COP29 \u0259r\u0259f\u0259si alternativ enerjiy\u0259 ke\u00e7idl\u0259 ba\u011fl\u0131 m\u0259lumatlar r\u0259smil\u0259r t\u0259r\u0259find\u0259n v\u0259 mediada s\u0259sl\u0259ndirils\u0259 d\u0259, mikro HES-l\u0259rin ad\u0131 he\u00e7 bir qurum t\u0259r\u0259find\u0259n \u00e7\u0259kilm\u0259yib, h\u0259tta alternativ enerji il\u0259 ba\u011fl\u0131 qanunda ke\u00e7m\u0259yib. Ekspert Vahid M\u0259h\u0259rr\u0259mli is\u0259 mikro HES-l\u0259rin he\u00e7 d\u0259 diqq\u0259td\u0259n k\u0259narda qalmal\u0131 oldu\u011funu d\u00fc\u015f\u00fcnm\u00fcr. M\u00fct\u0259x\u0259ssis bildirir ki, qlobal istil\u0259\u015fm\u0259nin t\u0259siri il\u0259 su buxarlan\u0131r, buxarlanan su ya\u011f\u0131\u015fla geri d\u00f6n\u00fcr.<\/p>\n\n\n\n<p>M\u0259h\u0259rr\u0259mli v\u0259t\u0259nda\u015flar\u0131n bel\u0259 sular\u0131 depolay\u0131b enerji almaqla yeni iqlim \u015f\u0259rtl\u0259rind\u0259n faydalana bil\u0259c\u0259yini deyib.<\/p>\n","protected":false},"excerpt":{"rendered":"<p>\u201cBir d\u0259f\u0259 elektrik sistemini qura\u015fd\u0131rsam, bir daha elektrik\u0259 pul \u00f6d\u0259m\u0259y\u0259c\u0259m\u201d &#8230; <\/p>\n<p class=\"read-more-container\"><a title=\"V\u0259t\u0259nda\u015f sudan enerji alarsa&#8230;\" class=\"read-more button\" href=\"https:\/\/www.meydan.tv\/az\/article\/vetendas-sudan-enerji-alarsa\/#more-321371\" aria-label=\"Read more about V\u0259t\u0259nda\u015f sudan enerji alarsa&#8230;\">Davam\u0131<\/a><\/p>\n","protected":false},"author":12,"featured_media":108637,"comment_status":"closed","ping_status":"closed","sticky":false,"template":"","format":"standard","meta":{"_acf_changed":false,"_sitemap_exclude":false,"_sitemap_priority":"","_sitemap_frequency":"","footnotes":""},"categories":[60,56],"tags":[],"class_list":["post-321371","post","type-post","status-publish","format-standard","has-post-thumbnail","hentry","category-bolge","category-xeberler","infinite-scroll-item","generate-columns","tablet-grid-50","mobile-grid-100","grid-parent","grid-33","no-featured-image-padding"],"acf":[],"yoast_head":"<!-- This site is optimized with the Yoast SEO plugin v27.4 - https:\/\/yoast.com\/product\/yoast-seo-wordpress\/ -->\n<title>V\u0259t\u0259nda\u015f sudan enerji alarsa... - MEYDAN.TV<\/title>\n<meta name=\"robots\" content=\"index, follow, max-snippet:-1, max-image-preview:large, max-video-preview:-1\" \/>\n<link rel=\"canonical\" href=\"https:\/\/www.meydan.tv\/az\/article\/vetendas-sudan-enerji-alarsa\/\" \/>\n<meta property=\"og:locale\" content=\"az_AZ\" \/>\n<meta property=\"og:type\" content=\"article\" \/>\n<meta property=\"og:title\" content=\"V\u0259t\u0259nda\u015f sudan enerji alarsa... - MEYDAN.TV\" \/>\n<meta property=\"og:description\" content=\"\u201cBir d\u0259f\u0259 elektrik sistemini qura\u015fd\u0131rsam, bir daha elektrik\u0259 pul \u00f6d\u0259m\u0259y\u0259c\u0259m\u201d ... Davam\u0131\" \/>\n<meta property=\"og:url\" content=\"https:\/\/www.meydan.tv\/az\/article\/vetendas-sudan-enerji-alarsa\/\" \/>\n<meta property=\"og:site_name\" content=\"MEYDAN.TV\" \/>\n<meta property=\"article:published_time\" content=\"2024-11-23T18:36:26+00:00\" \/>\n<meta property=\"article:modified_time\" content=\"2024-11-23T19:57:09+00:00\" \/>\n<meta property=\"og:image\" content=\"https:\/\/www.meydan.tv\/wp-content\/uploads\/43190.jpg\" \/>\n\t<meta property=\"og:image:width\" content=\"1280\" \/>\n\t<meta property=\"og:image:height\" content=\"659\" \/>\n\t<meta property=\"og:image:type\" content=\"image\/jpeg\" \/>\n<meta name=\"author\" content=\"aleks\" \/>\n<meta name=\"twitter:card\" content=\"summary_large_image\" \/>\n<script type=\"application\/ld+json\" class=\"yoast-schema-graph\">{\"@context\":\"https:\\\/\\\/schema.org\",\"@graph\":[{\"@type\":\"Article\",\"@id\":\"https:\\\/\\\/www.meydan.tv\\\/az\\\/article\\\/vetendas-sudan-enerji-alarsa\\\/#article\",\"isPartOf\":{\"@id\":\"https:\\\/\\\/www.meydan.tv\\\/az\\\/article\\\/vetendas-sudan-enerji-alarsa\\\/\"},\"author\":{\"name\":\"aleks\",\"@id\":\"https:\\\/\\\/www.meydan.tv\\\/az\\\/#\\\/schema\\\/person\\\/476e9360e593fa131d5d71d51866f8da\"},\"headline\":\"V\u0259t\u0259nda\u015f sudan enerji alarsa&#8230;\",\"datePublished\":\"2024-11-23T18:36:26+00:00\",\"dateModified\":\"2024-11-23T19:57:09+00:00\",\"mainEntityOfPage\":{\"@id\":\"https:\\\/\\\/www.meydan.tv\\\/az\\\/article\\\/vetendas-sudan-enerji-alarsa\\\/\"},\"wordCount\":908,\"publisher\":{\"@id\":\"https:\\\/\\\/www.meydan.tv\\\/az\\\/#organization\"},\"image\":{\"@id\":\"https:\\\/\\\/www.meydan.tv\\\/az\\\/article\\\/vetendas-sudan-enerji-alarsa\\\/#primaryimage\"},\"thumbnailUrl\":\"https:\\\/\\\/www.meydan.tv\\\/wp-content\\\/uploads\\\/43190.jpg\",\"articleSection\":[\"B\u00f6lg\u0259\",\"X\u0259b\u0259rl\u0259r\"],\"inLanguage\":\"az\"},{\"@type\":\"WebPage\",\"@id\":\"https:\\\/\\\/www.meydan.tv\\\/az\\\/article\\\/vetendas-sudan-enerji-alarsa\\\/\",\"url\":\"https:\\\/\\\/www.meydan.tv\\\/az\\\/article\\\/vetendas-sudan-enerji-alarsa\\\/\",\"name\":\"V\u0259t\u0259nda\u015f sudan enerji alarsa... - MEYDAN.TV\",\"isPartOf\":{\"@id\":\"https:\\\/\\\/www.meydan.tv\\\/az\\\/#website\"},\"primaryImageOfPage\":{\"@id\":\"https:\\\/\\\/www.meydan.tv\\\/az\\\/article\\\/vetendas-sudan-enerji-alarsa\\\/#primaryimage\"},\"image\":{\"@id\":\"https:\\\/\\\/www.meydan.tv\\\/az\\\/article\\\/vetendas-sudan-enerji-alarsa\\\/#primaryimage\"},\"thumbnailUrl\":\"https:\\\/\\\/www.meydan.tv\\\/wp-content\\\/uploads\\\/43190.jpg\",\"datePublished\":\"2024-11-23T18:36:26+00:00\",\"dateModified\":\"2024-11-23T19:57:09+00:00\",\"breadcrumb\":{\"@id\":\"https:\\\/\\\/www.meydan.tv\\\/az\\\/article\\\/vetendas-sudan-enerji-alarsa\\\/#breadcrumb\"},\"inLanguage\":\"az\",\"potentialAction\":[{\"@type\":\"ReadAction\",\"target\":[\"https:\\\/\\\/www.meydan.tv\\\/az\\\/article\\\/vetendas-sudan-enerji-alarsa\\\/\"]}]},{\"@type\":\"ImageObject\",\"inLanguage\":\"az\",\"@id\":\"https:\\\/\\\/www.meydan.tv\\\/az\\\/article\\\/vetendas-sudan-enerji-alarsa\\\/#primaryimage\",\"url\":\"https:\\\/\\\/www.meydan.tv\\\/wp-content\\\/uploads\\\/43190.jpg\",\"contentUrl\":\"https:\\\/\\\/www.meydan.tv\\\/wp-content\\\/uploads\\\/43190.jpg\",\"width\":1280,\"height\":659,\"caption\":\"Foto: Az\u0259rtac\"},{\"@type\":\"BreadcrumbList\",\"@id\":\"https:\\\/\\\/www.meydan.tv\\\/az\\\/article\\\/vetendas-sudan-enerji-alarsa\\\/#breadcrumb\",\"itemListElement\":[{\"@type\":\"ListItem\",\"position\":1,\"name\":\"Ana s\u0259hif\u0259\",\"item\":\"https:\\\/\\\/www.meydan.tv\\\/az\\\/\"},{\"@type\":\"ListItem\",\"position\":2,\"name\":\"B\u00f6lg\u0259\",\"item\":\"https:\\\/\\\/www.meydan.tv\\\/az\\\/section\\\/bolge\\\/\"},{\"@type\":\"ListItem\",\"position\":3,\"name\":\"V\u0259t\u0259nda\u015f sudan enerji alarsa&#8230;\"}]},{\"@type\":\"WebSite\",\"@id\":\"https:\\\/\\\/www.meydan.tv\\\/az\\\/#website\",\"url\":\"https:\\\/\\\/www.meydan.tv\\\/az\\\/\",\"name\":\"MEYDAN.TV\",\"description\":\"Meydan TV Az\u0259rbaycan\u0131n media m\u0259kan\u0131ndak\u0131 alternativ s\u0259sidir\",\"publisher\":{\"@id\":\"https:\\\/\\\/www.meydan.tv\\\/az\\\/#organization\"},\"potentialAction\":[{\"@type\":\"SearchAction\",\"target\":{\"@type\":\"EntryPoint\",\"urlTemplate\":\"https:\\\/\\\/www.meydan.tv\\\/az\\\/?s={search_term_string}\"},\"query-input\":{\"@type\":\"PropertyValueSpecification\",\"valueRequired\":true,\"valueName\":\"search_term_string\"}}],\"inLanguage\":\"az\"},{\"@type\":\"Organization\",\"@id\":\"https:\\\/\\\/www.meydan.tv\\\/az\\\/#organization\",\"name\":\"Meydan TV\",\"url\":\"https:\\\/\\\/www.meydan.tv\\\/az\\\/\",\"logo\":{\"@type\":\"ImageObject\",\"inLanguage\":\"az\",\"@id\":\"https:\\\/\\\/www.meydan.tv\\\/az\\\/#\\\/schema\\\/logo\\\/image\\\/\",\"url\":\"https:\\\/\\\/www.meydan.tv\\\/wp-content\\\/uploads\\\/2021\\\/07\\\/meydan-logo.svg\",\"contentUrl\":\"https:\\\/\\\/www.meydan.tv\\\/wp-content\\\/uploads\\\/2021\\\/07\\\/meydan-logo.svg\",\"width\":195,\"height\":46,\"caption\":\"Meydan TV\"},\"image\":{\"@id\":\"https:\\\/\\\/www.meydan.tv\\\/az\\\/#\\\/schema\\\/logo\\\/image\\\/\"}},{\"@type\":\"Person\",\"@id\":\"https:\\\/\\\/www.meydan.tv\\\/az\\\/#\\\/schema\\\/person\\\/476e9360e593fa131d5d71d51866f8da\",\"name\":\"aleks\"}]}<\/script>\n<!-- \/ Yoast SEO plugin. -->","yoast_head_json":{"title":"V\u0259t\u0259nda\u015f sudan enerji alarsa... - MEYDAN.TV","robots":{"index":"index","follow":"follow","max-snippet":"max-snippet:-1","max-image-preview":"max-image-preview:large","max-video-preview":"max-video-preview:-1"},"canonical":"https:\/\/www.meydan.tv\/az\/article\/vetendas-sudan-enerji-alarsa\/","og_locale":"az_AZ","og_type":"article","og_title":"V\u0259t\u0259nda\u015f sudan enerji alarsa... - MEYDAN.TV","og_description":"\u201cBir d\u0259f\u0259 elektrik sistemini qura\u015fd\u0131rsam, bir daha elektrik\u0259 pul \u00f6d\u0259m\u0259y\u0259c\u0259m\u201d ... Davam\u0131","og_url":"https:\/\/www.meydan.tv\/az\/article\/vetendas-sudan-enerji-alarsa\/","og_site_name":"MEYDAN.TV","article_published_time":"2024-11-23T18:36:26+00:00","article_modified_time":"2024-11-23T19:57:09+00:00","og_image":[{"width":1280,"height":659,"url":"https:\/\/www.meydan.tv\/wp-content\/uploads\/43190.jpg","type":"image\/jpeg"}],"author":"aleks","twitter_card":"summary_large_image","schema":{"@context":"https:\/\/schema.org","@graph":[{"@type":"Article","@id":"https:\/\/www.meydan.tv\/az\/article\/vetendas-sudan-enerji-alarsa\/#article","isPartOf":{"@id":"https:\/\/www.meydan.tv\/az\/article\/vetendas-sudan-enerji-alarsa\/"},"author":{"name":"aleks","@id":"https:\/\/www.meydan.tv\/az\/#\/schema\/person\/476e9360e593fa131d5d71d51866f8da"},"headline":"V\u0259t\u0259nda\u015f sudan enerji alarsa&#8230;","datePublished":"2024-11-23T18:36:26+00:00","dateModified":"2024-11-23T19:57:09+00:00","mainEntityOfPage":{"@id":"https:\/\/www.meydan.tv\/az\/article\/vetendas-sudan-enerji-alarsa\/"},"wordCount":908,"publisher":{"@id":"https:\/\/www.meydan.tv\/az\/#organization"},"image":{"@id":"https:\/\/www.meydan.tv\/az\/article\/vetendas-sudan-enerji-alarsa\/#primaryimage"},"thumbnailUrl":"https:\/\/www.meydan.tv\/wp-content\/uploads\/43190.jpg","articleSection":["B\u00f6lg\u0259","X\u0259b\u0259rl\u0259r"],"inLanguage":"az"},{"@type":"WebPage","@id":"https:\/\/www.meydan.tv\/az\/article\/vetendas-sudan-enerji-alarsa\/","url":"https:\/\/www.meydan.tv\/az\/article\/vetendas-sudan-enerji-alarsa\/","name":"V\u0259t\u0259nda\u015f sudan enerji alarsa... - MEYDAN.TV","isPartOf":{"@id":"https:\/\/www.meydan.tv\/az\/#website"},"primaryImageOfPage":{"@id":"https:\/\/www.meydan.tv\/az\/article\/vetendas-sudan-enerji-alarsa\/#primaryimage"},"image":{"@id":"https:\/\/www.meydan.tv\/az\/article\/vetendas-sudan-enerji-alarsa\/#primaryimage"},"thumbnailUrl":"https:\/\/www.meydan.tv\/wp-content\/uploads\/43190.jpg","datePublished":"2024-11-23T18:36:26+00:00","dateModified":"2024-11-23T19:57:09+00:00","breadcrumb":{"@id":"https:\/\/www.meydan.tv\/az\/article\/vetendas-sudan-enerji-alarsa\/#breadcrumb"},"inLanguage":"az","potentialAction":[{"@type":"ReadAction","target":["https:\/\/www.meydan.tv\/az\/article\/vetendas-sudan-enerji-alarsa\/"]}]},{"@type":"ImageObject","inLanguage":"az","@id":"https:\/\/www.meydan.tv\/az\/article\/vetendas-sudan-enerji-alarsa\/#primaryimage","url":"https:\/\/www.meydan.tv\/wp-content\/uploads\/43190.jpg","contentUrl":"https:\/\/www.meydan.tv\/wp-content\/uploads\/43190.jpg","width":1280,"height":659,"caption":"Foto: Az\u0259rtac"},{"@type":"BreadcrumbList","@id":"https:\/\/www.meydan.tv\/az\/article\/vetendas-sudan-enerji-alarsa\/#breadcrumb","itemListElement":[{"@type":"ListItem","position":1,"name":"Ana s\u0259hif\u0259","item":"https:\/\/www.meydan.tv\/az\/"},{"@type":"ListItem","position":2,"name":"B\u00f6lg\u0259","item":"https:\/\/www.meydan.tv\/az\/section\/bolge\/"},{"@type":"ListItem","position":3,"name":"V\u0259t\u0259nda\u015f sudan enerji alarsa&#8230;"}]},{"@type":"WebSite","@id":"https:\/\/www.meydan.tv\/az\/#website","url":"https:\/\/www.meydan.tv\/az\/","name":"MEYDAN.TV","description":"Meydan TV Az\u0259rbaycan\u0131n media m\u0259kan\u0131ndak\u0131 alternativ s\u0259sidir","publisher":{"@id":"https:\/\/www.meydan.tv\/az\/#organization"},"potentialAction":[{"@type":"SearchAction","target":{"@type":"EntryPoint","urlTemplate":"https:\/\/www.meydan.tv\/az\/?s={search_term_string}"},"query-input":{"@type":"PropertyValueSpecification","valueRequired":true,"valueName":"search_term_string"}}],"inLanguage":"az"},{"@type":"Organization","@id":"https:\/\/www.meydan.tv\/az\/#organization","name":"Meydan TV","url":"https:\/\/www.meydan.tv\/az\/","logo":{"@type":"ImageObject","inLanguage":"az","@id":"https:\/\/www.meydan.tv\/az\/#\/schema\/logo\/image\/","url":"https:\/\/www.meydan.tv\/wp-content\/uploads\/2021\/07\/meydan-logo.svg","contentUrl":"https:\/\/www.meydan.tv\/wp-content\/uploads\/2021\/07\/meydan-logo.svg","width":195,"height":46,"caption":"Meydan TV"},"image":{"@id":"https:\/\/www.meydan.tv\/az\/#\/schema\/logo\/image\/"}},{"@type":"Person","@id":"https:\/\/www.meydan.tv\/az\/#\/schema\/person\/476e9360e593fa131d5d71d51866f8da","name":"aleks"}]}},"_links":{"self":[{"href":"https:\/\/www.meydan.tv\/az\/wp-json\/wp\/v2\/posts\/321371","targetHints":{"allow":["GET"]}}],"collection":[{"href":"https:\/\/www.meydan.tv\/az\/wp-json\/wp\/v2\/posts"}],"about":[{"href":"https:\/\/www.meydan.tv\/az\/wp-json\/wp\/v2\/types\/post"}],"author":[{"embeddable":true,"href":"https:\/\/www.meydan.tv\/az\/wp-json\/wp\/v2\/users\/12"}],"replies":[{"embeddable":true,"href":"https:\/\/www.meydan.tv\/az\/wp-json\/wp\/v2\/comments?post=321371"}],"version-history":[{"count":3,"href":"https:\/\/www.meydan.tv\/az\/wp-json\/wp\/v2\/posts\/321371\/revisions"}],"predecessor-version":[{"id":321378,"href":"https:\/\/www.meydan.tv\/az\/wp-json\/wp\/v2\/posts\/321371\/revisions\/321378"}],"wp:featuredmedia":[{"embeddable":true,"href":"https:\/\/www.meydan.tv\/az\/wp-json\/wp\/v2\/media\/108637"}],"wp:attachment":[{"href":"https:\/\/www.meydan.tv\/az\/wp-json\/wp\/v2\/media?parent=321371"}],"wp:term":[{"taxonomy":"category","embeddable":true,"href":"https:\/\/www.meydan.tv\/az\/wp-json\/wp\/v2\/categories?post=321371"},{"taxonomy":"post_tag","embeddable":true,"href":"https:\/\/www.meydan.tv\/az\/wp-json\/wp\/v2\/tags?post=321371"}],"curies":[{"name":"wp","href":"https:\/\/api.w.org\/{rel}","templated":true}]}}