{"id":321366,"date":"2024-11-23T13:36:34","date_gmt":"2024-11-23T09:36:34","guid":{"rendered":"https:\/\/www.meydan.tv\/?p=321366"},"modified":"2024-11-23T13:36:36","modified_gmt":"2024-11-23T09:36:36","slug":"lacinda-zelzele-qeyde-alinib","status":"publish","type":"post","link":"https:\/\/www.meydan.tv\/az\/article\/lacinda-zelzele-qeyde-alinib\/","title":{"rendered":"La\u00e7\u0131nda z\u0259lz\u0259l\u0259 qeyd\u0259 al\u0131n\u0131b"},"content":{"rendered":"\n<p><\/p>\n\n\n\n<p><strong><em>H\u0259r hans\u0131 da\u011f\u0131nt\u0131 v\u0259 x\u0259sar\u0259t olmad\u0131\u011f\u0131 bildirilir<\/em><\/strong><\/p>\n\n\n\n<p>Noyabr\u0131n 23-d\u0259 La\u00e7\u0131n rayonunda z\u0259lz\u0259l\u0259 qeyd\u0259 al\u0131n\u0131b. Seysmoloji Xidm\u0259t M\u0259rk\u0259zinin yayd\u0131\u011f\u0131 m\u0259lumata \u0259sas\u0259n, Z\u0259lz\u0259l\u0259l\u0259rin T\u0259dqiqat\u0131 B\u00fcrosu Az\u0259rbaycanda 4.5 maqnitudal\u0131 z\u0259lz\u0259l\u0259 qeyd\u0259 al\u0131b. Yerlat\u0131 t\u0259kanlar 10 km d\u0259rinlikd\u0259, yerli vaxtla 12:10-da ba\u015f verib.<\/p>\n\n\n\n<p>M\u0259lumatda bildirilir ki, z\u0259lz\u0259l\u0259 A\u011fdam stansiyas\u0131ndan 74 km c\u0259nub-q\u0259rbd\u0259 olub.<\/p>\n\n\n\n<p>F\u00f6vq\u0259lad\u0259 Hallar Nazirliyi h\u0259r hans\u0131 da\u011f\u0131nt\u0131 v\u0259 ya insan x\u0259sar\u0259ti olmad\u0131\u011f\u0131n\u0131 deyir.<\/p>\n\n\n\n<p>La\u00e7\u0131nda ba\u015f ver\u0259n z\u0259lz\u0259l\u0259 Erm\u0259nistan\u0131n Gorus, Mehri, Qafan v\u0259 daha bir ne\u00e7\u0259 \u0259razisind\u0259 hiss olunub. Bu bar\u0259d\u0259 \u00f6lk\u0259nin Daxili \u0130\u015fl\u0259r Nazirliyi m\u0259lumat yay\u0131b.<\/p>\n","protected":false},"excerpt":{"rendered":"<p>H\u0259r hans\u0131 da\u011f\u0131nt\u0131 v\u0259 x\u0259sar\u0259t olmad\u0131\u011f\u0131 bildirilir Noyabr\u0131n 23-d\u0259 La\u00e7\u0131n &#8230; <\/p>\n<p class=\"read-more-container\"><a title=\"La\u00e7\u0131nda z\u0259lz\u0259l\u0259 qeyd\u0259 al\u0131n\u0131b\" class=\"read-more button\" href=\"https:\/\/www.meydan.tv\/az\/article\/lacinda-zelzele-qeyde-alinib\/#more-321366\" aria-label=\"Read more about La\u00e7\u0131nda z\u0259lz\u0259l\u0259 qeyd\u0259 al\u0131n\u0131b\">Davam\u0131<\/a><\/p>\n","protected":false},"author":21,"featured_media":75235,"comment_status":"closed","ping_status":"closed","sticky":false,"template":"","format":"standard","meta":{"_acf_changed":false,"_sitemap_exclude":false,"_sitemap_priority":"","_sitemap_frequency":"","footnotes":""},"categories":[62,56],"tags":[],"class_list":["post-321366","post","type-post","status-publish","format-standard","has-post-thumbnail","hentry","category-sosial","category-xeberler","infinite-scroll-item","generate-columns","tablet-grid-50","mobile-grid-100","grid-parent","grid-33","no-featured-image-padding"],"acf":[],"yoast_head":"<!-- This site is optimized with the Yoast SEO plugin v27.4 - https:\/\/yoast.com\/product\/yoast-seo-wordpress\/ -->\n<title>La\u00e7\u0131nda z\u0259lz\u0259l\u0259 qeyd\u0259 al\u0131n\u0131b - MEYDAN.TV<\/title>\n<meta name=\"robots\" content=\"index, follow, max-snippet:-1, max-image-preview:large, max-video-preview:-1\" \/>\n<link rel=\"canonical\" href=\"https:\/\/www.meydan.tv\/az\/article\/lacinda-zelzele-qeyde-alinib\/\" \/>\n<meta property=\"og:locale\" content=\"az_AZ\" \/>\n<meta property=\"og:type\" content=\"article\" \/>\n<meta property=\"og:title\" content=\"La\u00e7\u0131nda z\u0259lz\u0259l\u0259 qeyd\u0259 al\u0131n\u0131b - MEYDAN.TV\" \/>\n<meta property=\"og:description\" content=\"H\u0259r hans\u0131 da\u011f\u0131nt\u0131 v\u0259 x\u0259sar\u0259t olmad\u0131\u011f\u0131 bildirilir Noyabr\u0131n 23-d\u0259 La\u00e7\u0131n ... Davam\u0131\" \/>\n<meta property=\"og:url\" content=\"https:\/\/www.meydan.tv\/az\/article\/lacinda-zelzele-qeyde-alinib\/\" \/>\n<meta property=\"og:site_name\" content=\"MEYDAN.TV\" \/>\n<meta property=\"article:published_time\" content=\"2024-11-23T09:36:34+00:00\" \/>\n<meta property=\"article:modified_time\" content=\"2024-11-23T09:36:36+00:00\" \/>\n<meta property=\"og:image\" content=\"https:\/\/www.meydan.tv\/wp-content\/uploads\/29092.jpg\" \/>\n\t<meta property=\"og:image:width\" content=\"1200\" \/>\n\t<meta property=\"og:image:height\" content=\"625\" \/>\n\t<meta property=\"og:image:type\" content=\"image\/jpeg\" \/>\n<meta name=\"author\" content=\"mahmud\" \/>\n<meta name=\"twitter:card\" content=\"summary_large_image\" \/>\n<script type=\"application\/ld+json\" class=\"yoast-schema-graph\">{\"@context\":\"https:\\\/\\\/schema.org\",\"@graph\":[{\"@type\":\"Article\",\"@id\":\"https:\\\/\\\/www.meydan.tv\\\/az\\\/article\\\/lacinda-zelzele-qeyde-alinib\\\/#article\",\"isPartOf\":{\"@id\":\"https:\\\/\\\/www.meydan.tv\\\/az\\\/article\\\/lacinda-zelzele-qeyde-alinib\\\/\"},\"author\":{\"name\":\"mahmud\",\"@id\":\"https:\\\/\\\/www.meydan.tv\\\/az\\\/#\\\/schema\\\/person\\\/09863e516102a829e72bedcf3f84c6b0\"},\"headline\":\"La\u00e7\u0131nda z\u0259lz\u0259l\u0259 qeyd\u0259 al\u0131n\u0131b\",\"datePublished\":\"2024-11-23T09:36:34+00:00\",\"dateModified\":\"2024-11-23T09:36:36+00:00\",\"mainEntityOfPage\":{\"@id\":\"https:\\\/\\\/www.meydan.tv\\\/az\\\/article\\\/lacinda-zelzele-qeyde-alinib\\\/\"},\"wordCount\":142,\"publisher\":{\"@id\":\"https:\\\/\\\/www.meydan.tv\\\/az\\\/#organization\"},\"image\":{\"@id\":\"https:\\\/\\\/www.meydan.tv\\\/az\\\/article\\\/lacinda-zelzele-qeyde-alinib\\\/#primaryimage\"},\"thumbnailUrl\":\"https:\\\/\\\/www.meydan.tv\\\/wp-content\\\/uploads\\\/29092.jpg\",\"articleSection\":[\"Sosial\",\"X\u0259b\u0259rl\u0259r\"],\"inLanguage\":\"az\"},{\"@type\":\"WebPage\",\"@id\":\"https:\\\/\\\/www.meydan.tv\\\/az\\\/article\\\/lacinda-zelzele-qeyde-alinib\\\/\",\"url\":\"https:\\\/\\\/www.meydan.tv\\\/az\\\/article\\\/lacinda-zelzele-qeyde-alinib\\\/\",\"name\":\"La\u00e7\u0131nda z\u0259lz\u0259l\u0259 qeyd\u0259 al\u0131n\u0131b - MEYDAN.TV\",\"isPartOf\":{\"@id\":\"https:\\\/\\\/www.meydan.tv\\\/az\\\/#website\"},\"primaryImageOfPage\":{\"@id\":\"https:\\\/\\\/www.meydan.tv\\\/az\\\/article\\\/lacinda-zelzele-qeyde-alinib\\\/#primaryimage\"},\"image\":{\"@id\":\"https:\\\/\\\/www.meydan.tv\\\/az\\\/article\\\/lacinda-zelzele-qeyde-alinib\\\/#primaryimage\"},\"thumbnailUrl\":\"https:\\\/\\\/www.meydan.tv\\\/wp-content\\\/uploads\\\/29092.jpg\",\"datePublished\":\"2024-11-23T09:36:34+00:00\",\"dateModified\":\"2024-11-23T09:36:36+00:00\",\"breadcrumb\":{\"@id\":\"https:\\\/\\\/www.meydan.tv\\\/az\\\/article\\\/lacinda-zelzele-qeyde-alinib\\\/#breadcrumb\"},\"inLanguage\":\"az\",\"potentialAction\":[{\"@type\":\"ReadAction\",\"target\":[\"https:\\\/\\\/www.meydan.tv\\\/az\\\/article\\\/lacinda-zelzele-qeyde-alinib\\\/\"]}]},{\"@type\":\"ImageObject\",\"inLanguage\":\"az\",\"@id\":\"https:\\\/\\\/www.meydan.tv\\\/az\\\/article\\\/lacinda-zelzele-qeyde-alinib\\\/#primaryimage\",\"url\":\"https:\\\/\\\/www.meydan.tv\\\/wp-content\\\/uploads\\\/29092.jpg\",\"contentUrl\":\"https:\\\/\\\/www.meydan.tv\\\/wp-content\\\/uploads\\\/29092.jpg\",\"width\":1200,\"height\":625,\"caption\":\"Foto: arxiv\"},{\"@type\":\"BreadcrumbList\",\"@id\":\"https:\\\/\\\/www.meydan.tv\\\/az\\\/article\\\/lacinda-zelzele-qeyde-alinib\\\/#breadcrumb\",\"itemListElement\":[{\"@type\":\"ListItem\",\"position\":1,\"name\":\"Ana s\u0259hif\u0259\",\"item\":\"https:\\\/\\\/www.meydan.tv\\\/az\\\/\"},{\"@type\":\"ListItem\",\"position\":2,\"name\":\"Sosial\",\"item\":\"https:\\\/\\\/www.meydan.tv\\\/az\\\/section\\\/sosial\\\/\"},{\"@type\":\"ListItem\",\"position\":3,\"name\":\"La\u00e7\u0131nda z\u0259lz\u0259l\u0259 qeyd\u0259 al\u0131n\u0131b\"}]},{\"@type\":\"WebSite\",\"@id\":\"https:\\\/\\\/www.meydan.tv\\\/az\\\/#website\",\"url\":\"https:\\\/\\\/www.meydan.tv\\\/az\\\/\",\"name\":\"MEYDAN.TV\",\"description\":\"Meydan TV Az\u0259rbaycan\u0131n media m\u0259kan\u0131ndak\u0131 alternativ s\u0259sidir\",\"publisher\":{\"@id\":\"https:\\\/\\\/www.meydan.tv\\\/az\\\/#organization\"},\"potentialAction\":[{\"@type\":\"SearchAction\",\"target\":{\"@type\":\"EntryPoint\",\"urlTemplate\":\"https:\\\/\\\/www.meydan.tv\\\/az\\\/?s={search_term_string}\"},\"query-input\":{\"@type\":\"PropertyValueSpecification\",\"valueRequired\":true,\"valueName\":\"search_term_string\"}}],\"inLanguage\":\"az\"},{\"@type\":\"Organization\",\"@id\":\"https:\\\/\\\/www.meydan.tv\\\/az\\\/#organization\",\"name\":\"Meydan TV\",\"url\":\"https:\\\/\\\/www.meydan.tv\\\/az\\\/\",\"logo\":{\"@type\":\"ImageObject\",\"inLanguage\":\"az\",\"@id\":\"https:\\\/\\\/www.meydan.tv\\\/az\\\/#\\\/schema\\\/logo\\\/image\\\/\",\"url\":\"https:\\\/\\\/www.meydan.tv\\\/wp-content\\\/uploads\\\/2021\\\/07\\\/meydan-logo.svg\",\"contentUrl\":\"https:\\\/\\\/www.meydan.tv\\\/wp-content\\\/uploads\\\/2021\\\/07\\\/meydan-logo.svg\",\"width\":195,\"height\":46,\"caption\":\"Meydan TV\"},\"image\":{\"@id\":\"https:\\\/\\\/www.meydan.tv\\\/az\\\/#\\\/schema\\\/logo\\\/image\\\/\"}},{\"@type\":\"Person\",\"@id\":\"https:\\\/\\\/www.meydan.tv\\\/az\\\/#\\\/schema\\\/person\\\/09863e516102a829e72bedcf3f84c6b0\",\"name\":\"mahmud\"}]}<\/script>\n<!-- \/ Yoast SEO plugin. -->","yoast_head_json":{"title":"La\u00e7\u0131nda z\u0259lz\u0259l\u0259 qeyd\u0259 al\u0131n\u0131b - MEYDAN.TV","robots":{"index":"index","follow":"follow","max-snippet":"max-snippet:-1","max-image-preview":"max-image-preview:large","max-video-preview":"max-video-preview:-1"},"canonical":"https:\/\/www.meydan.tv\/az\/article\/lacinda-zelzele-qeyde-alinib\/","og_locale":"az_AZ","og_type":"article","og_title":"La\u00e7\u0131nda z\u0259lz\u0259l\u0259 qeyd\u0259 al\u0131n\u0131b - MEYDAN.TV","og_description":"H\u0259r hans\u0131 da\u011f\u0131nt\u0131 v\u0259 x\u0259sar\u0259t olmad\u0131\u011f\u0131 bildirilir Noyabr\u0131n 23-d\u0259 La\u00e7\u0131n ... Davam\u0131","og_url":"https:\/\/www.meydan.tv\/az\/article\/lacinda-zelzele-qeyde-alinib\/","og_site_name":"MEYDAN.TV","article_published_time":"2024-11-23T09:36:34+00:00","article_modified_time":"2024-11-23T09:36:36+00:00","og_image":[{"width":1200,"height":625,"url":"https:\/\/www.meydan.tv\/wp-content\/uploads\/29092.jpg","type":"image\/jpeg"}],"author":"mahmud","twitter_card":"summary_large_image","schema":{"@context":"https:\/\/schema.org","@graph":[{"@type":"Article","@id":"https:\/\/www.meydan.tv\/az\/article\/lacinda-zelzele-qeyde-alinib\/#article","isPartOf":{"@id":"https:\/\/www.meydan.tv\/az\/article\/lacinda-zelzele-qeyde-alinib\/"},"author":{"name":"mahmud","@id":"https:\/\/www.meydan.tv\/az\/#\/schema\/person\/09863e516102a829e72bedcf3f84c6b0"},"headline":"La\u00e7\u0131nda z\u0259lz\u0259l\u0259 qeyd\u0259 al\u0131n\u0131b","datePublished":"2024-11-23T09:36:34+00:00","dateModified":"2024-11-23T09:36:36+00:00","mainEntityOfPage":{"@id":"https:\/\/www.meydan.tv\/az\/article\/lacinda-zelzele-qeyde-alinib\/"},"wordCount":142,"publisher":{"@id":"https:\/\/www.meydan.tv\/az\/#organization"},"image":{"@id":"https:\/\/www.meydan.tv\/az\/article\/lacinda-zelzele-qeyde-alinib\/#primaryimage"},"thumbnailUrl":"https:\/\/www.meydan.tv\/wp-content\/uploads\/29092.jpg","articleSection":["Sosial","X\u0259b\u0259rl\u0259r"],"inLanguage":"az"},{"@type":"WebPage","@id":"https:\/\/www.meydan.tv\/az\/article\/lacinda-zelzele-qeyde-alinib\/","url":"https:\/\/www.meydan.tv\/az\/article\/lacinda-zelzele-qeyde-alinib\/","name":"La\u00e7\u0131nda z\u0259lz\u0259l\u0259 qeyd\u0259 al\u0131n\u0131b - MEYDAN.TV","isPartOf":{"@id":"https:\/\/www.meydan.tv\/az\/#website"},"primaryImageOfPage":{"@id":"https:\/\/www.meydan.tv\/az\/article\/lacinda-zelzele-qeyde-alinib\/#primaryimage"},"image":{"@id":"https:\/\/www.meydan.tv\/az\/article\/lacinda-zelzele-qeyde-alinib\/#primaryimage"},"thumbnailUrl":"https:\/\/www.meydan.tv\/wp-content\/uploads\/29092.jpg","datePublished":"2024-11-23T09:36:34+00:00","dateModified":"2024-11-23T09:36:36+00:00","breadcrumb":{"@id":"https:\/\/www.meydan.tv\/az\/article\/lacinda-zelzele-qeyde-alinib\/#breadcrumb"},"inLanguage":"az","potentialAction":[{"@type":"ReadAction","target":["https:\/\/www.meydan.tv\/az\/article\/lacinda-zelzele-qeyde-alinib\/"]}]},{"@type":"ImageObject","inLanguage":"az","@id":"https:\/\/www.meydan.tv\/az\/article\/lacinda-zelzele-qeyde-alinib\/#primaryimage","url":"https:\/\/www.meydan.tv\/wp-content\/uploads\/29092.jpg","contentUrl":"https:\/\/www.meydan.tv\/wp-content\/uploads\/29092.jpg","width":1200,"height":625,"caption":"Foto: arxiv"},{"@type":"BreadcrumbList","@id":"https:\/\/www.meydan.tv\/az\/article\/lacinda-zelzele-qeyde-alinib\/#breadcrumb","itemListElement":[{"@type":"ListItem","position":1,"name":"Ana s\u0259hif\u0259","item":"https:\/\/www.meydan.tv\/az\/"},{"@type":"ListItem","position":2,"name":"Sosial","item":"https:\/\/www.meydan.tv\/az\/section\/sosial\/"},{"@type":"ListItem","position":3,"name":"La\u00e7\u0131nda z\u0259lz\u0259l\u0259 qeyd\u0259 al\u0131n\u0131b"}]},{"@type":"WebSite","@id":"https:\/\/www.meydan.tv\/az\/#website","url":"https:\/\/www.meydan.tv\/az\/","name":"MEYDAN.TV","description":"Meydan TV Az\u0259rbaycan\u0131n media m\u0259kan\u0131ndak\u0131 alternativ s\u0259sidir","publisher":{"@id":"https:\/\/www.meydan.tv\/az\/#organization"},"potentialAction":[{"@type":"SearchAction","target":{"@type":"EntryPoint","urlTemplate":"https:\/\/www.meydan.tv\/az\/?s={search_term_string}"},"query-input":{"@type":"PropertyValueSpecification","valueRequired":true,"valueName":"search_term_string"}}],"inLanguage":"az"},{"@type":"Organization","@id":"https:\/\/www.meydan.tv\/az\/#organization","name":"Meydan TV","url":"https:\/\/www.meydan.tv\/az\/","logo":{"@type":"ImageObject","inLanguage":"az","@id":"https:\/\/www.meydan.tv\/az\/#\/schema\/logo\/image\/","url":"https:\/\/www.meydan.tv\/wp-content\/uploads\/2021\/07\/meydan-logo.svg","contentUrl":"https:\/\/www.meydan.tv\/wp-content\/uploads\/2021\/07\/meydan-logo.svg","width":195,"height":46,"caption":"Meydan TV"},"image":{"@id":"https:\/\/www.meydan.tv\/az\/#\/schema\/logo\/image\/"}},{"@type":"Person","@id":"https:\/\/www.meydan.tv\/az\/#\/schema\/person\/09863e516102a829e72bedcf3f84c6b0","name":"mahmud"}]}},"_links":{"self":[{"href":"https:\/\/www.meydan.tv\/az\/wp-json\/wp\/v2\/posts\/321366","targetHints":{"allow":["GET"]}}],"collection":[{"href":"https:\/\/www.meydan.tv\/az\/wp-json\/wp\/v2\/posts"}],"about":[{"href":"https:\/\/www.meydan.tv\/az\/wp-json\/wp\/v2\/types\/post"}],"author":[{"embeddable":true,"href":"https:\/\/www.meydan.tv\/az\/wp-json\/wp\/v2\/users\/21"}],"replies":[{"embeddable":true,"href":"https:\/\/www.meydan.tv\/az\/wp-json\/wp\/v2\/comments?post=321366"}],"version-history":[{"count":1,"href":"https:\/\/www.meydan.tv\/az\/wp-json\/wp\/v2\/posts\/321366\/revisions"}],"predecessor-version":[{"id":321367,"href":"https:\/\/www.meydan.tv\/az\/wp-json\/wp\/v2\/posts\/321366\/revisions\/321367"}],"wp:featuredmedia":[{"embeddable":true,"href":"https:\/\/www.meydan.tv\/az\/wp-json\/wp\/v2\/media\/75235"}],"wp:attachment":[{"href":"https:\/\/www.meydan.tv\/az\/wp-json\/wp\/v2\/media?parent=321366"}],"wp:term":[{"taxonomy":"category","embeddable":true,"href":"https:\/\/www.meydan.tv\/az\/wp-json\/wp\/v2\/categories?post=321366"},{"taxonomy":"post_tag","embeddable":true,"href":"https:\/\/www.meydan.tv\/az\/wp-json\/wp\/v2\/tags?post=321366"}],"curies":[{"name":"wp","href":"https:\/\/api.w.org\/{rel}","templated":true}]}}