{"id":321296,"date":"2024-11-22T20:04:44","date_gmt":"2024-11-22T16:04:44","guid":{"rendered":"https:\/\/www.meydan.tv\/?p=321296"},"modified":"2024-11-23T12:19:23","modified_gmt":"2024-11-23T08:19:23","slug":"her-min-neferinden-biri-sosial-xidmet-almayan-ahil-azerbaycanlilar","status":"publish","type":"post","link":"https:\/\/www.meydan.tv\/az\/article\/her-min-neferinden-biri-sosial-xidmet-almayan-ahil-azerbaycanlilar\/","title":{"rendered":"H\u0259r min n\u0259f\u0259rind\u0259n biri sosial xidm\u0259t almayan ah\u0131l az\u0259rbaycanl\u0131lar\u00a0"},"content":{"rendered":"\n<p><strong><em>Az\u0259rbaycanda \u201cah\u0131l b\u00fcdc\u0259si\u201d d\u00f6vl\u0259t sirri kimi qorunur<\/em><\/strong><\/p>\n\n\n\n<p>Bu yax\u0131nlarda mediada \u018fm\u0259k v\u0259 \u018fhalinin Sosial M\u00fcdafi\u0259si Nazirliyi (\u018f\u018fSMN) bel\u0259 bir x\u0259b\u0259r payla\u015fm\u0131\u015fd\u0131 ki, evd\u0259 sosial xidm\u0259t g\u00f6st\u0259ril\u0259n ah\u0131l v\u0259t\u0259nda\u015f\u0131n 100 ya\u015f\u0131 tamam oldu. \u018fg\u0259r bu x\u0259b\u0259r \u00f6lk\u0259d\u0259 ya\u015fl\u0131 v\u0259t\u0259nda\u015flara xidm\u0259tin real v\u0259ziyy\u0259tind\u0259n m\u0259lumats\u0131z ist\u0259nil\u0259n \u015f\u0259xsin qar\u015f\u0131s\u0131na \u00e7\u0131xsa, b\u00f6y\u00fck bir ehtimalla nazirliyin bu sah\u0259d\u0259 \u00e7ox u\u011furlu bir f\u0259aliyy\u0259t\u0259 v\u0259 proqrama malik oldu\u011funu d\u00fc\u015f\u00fcn\u0259r.\u00a0<\/p>\n\n\n\n<p>Amma reall\u0131\u011f\u0131 h\u0259rt\u0259r\u0259fli \u00f6yr\u0259nib analiz ed\u0259nd\u0259 bu tip x\u0259b\u0259rl\u0259rin \u00e7ox ucuz bir piar oldu\u011funu a\u015fkarca g\u00f6rm\u0259k olur.&nbsp; Ger\u00e7\u0259klik bel\u0259dir: bu \u00f6lk\u0259d\u0259 n\u0259inki ah\u0131llara xidm\u0259tl\u0259 ba\u011fl\u0131 ayd\u0131n bir proqram, h\u0259tta normal bir statistika yoxdur. Axtar\u0131rsan ki, \u00f6lk\u0259d\u0259 ne\u00e7\u0259 qocalar evi var, qar\u015f\u0131na ah\u0131llar, \u0259lill\u0259r v\u0259 u\u015faqlar \u00fc\u00e7\u00fcn ixtisasla\u015fm\u0131\u015f m\u00fc\u0259ssis\u0259l\u0259rin \u00fcmumi&nbsp; say\u0131 bar\u0259d\u0259 m\u0259lumat \u00e7\u0131x\u0131r.&nbsp; N\u0259 q\u0259d\u0259r ah\u0131l bu m\u00fc\u0259ssis\u0259l\u0259rd\u0259 yaya\u015f\u0131r? Yen\u0259 d\u0259 statistika eyni qaydada \u201ch\u0259ft\u0259bec\u0259r\u201d t\u0259qdim edilir. Evd\u0259 xidm\u0259t alan ya\u015fl\u0131 v\u0259t\u0259nda\u015flar\u0131n say\u0131 n\u0259 q\u0259d\u0259rdir? Ancaq internetd\u0259 axtar\u0131\u015fla hans\u0131sa m\u0259murun m\u00fcsahib\u0259l\u0259rind\u0259 n\u0259s\u0259 var v\u0259 bu da ayr\u0131-ayr\u0131 ill\u0259r\u0259 dair deyil, konkret bir d\u00f6vr\u0259 aid olan statistikan\u0131 t\u0259qdim edir. \u0130ll\u0259r \u00fczr\u0259 evd\u0259 xidm\u0259t alan ya\u015fl\u0131lar\u0131n say\u0131 bar\u0259d\u0259 he\u00e7 yerd\u0259 informasiya tapmaq m\u00fcmk\u00fcn deyil.&nbsp;<\/p>\n\n\n\n<p>Ah\u0131llar \u00fc\u00e7\u00fcn ixtisasla\u015fm\u0131\u015f m\u00fc\u0259ssis\u0259l\u0259rin saxlanmas\u0131na, 1 n\u0259f\u0259rin t\u0259minat\u0131na d\u00f6vl\u0259t b\u00fcdc\u0259sind\u0259n n\u0259 q\u0259d\u0259r v\u0259sait ayr\u0131l\u0131r? Bu m\u00fc\u0259ssil\u0259rda qalanlar\u0131n g\u00fcnl\u00fck v\u0259 ayl\u0131q \u0259rzaq t\u0259minat\u0131 x\u0259rcl\u0259ri n\u0259 q\u0259d\u0259rdir? Evd\u0259 xidm\u0259t\u0259 b\u00fcdc\u0259d\u0259n ayr\u0131lan x\u0259rcl\u0259r, bel\u0259 xidm\u0259t alan 1 n\u0259f\u0259r hesab\u0131 il\u0259 x\u0259rcl\u0259rin m\u0259bl\u0259\u011fi n\u0259 q\u0259d\u0259rdir? Bu informasiyalar is\u0259 d\u00f6vl\u0259t v\u0259 h\u0259rbi sirr q\u0259d\u0259r \u0259n y\u00fcks\u0259k s\u0259viyy\u0259d\u0259 qorunur.\u00a0<\/p>\n\n\n\n<p><strong>Az\u0259rbaycanda ah\u0131llar \u00fc\u00e7\u00fcn ne\u00e7\u0259 m\u00fc\u0259ssis\u0259 var, h\u0259min m\u00fc\u0259ssis\u0259l\u0259rd\u0259 n\u0259 q\u0259d\u0259r insan qal\u0131r?<\/strong><\/p>\n\n\n\n<p>Yuxar\u0131da da qeyd edildiyi kimi, s\u0131rf ah\u0131llar \u00fc\u00e7\u00fcn olan m\u00fc\u0259ssis\u0259l\u0259rin say\u0131 bar\u0259d\u0259 m\u0259lumat yoxdur. D\u00f6vl\u0259t Statistika Komit\u0259sinin (DSK) m\u0259lumat\u0131na g\u00f6r\u0259, \u00f6lk\u0259d\u0259 ah\u0131llar, \u0259lilliyi olan \u015f\u0259xsl\u0259r v\u0259 bax\u0131ms\u0131z u\u015faqlar \u00fc\u00e7\u00fcn 8 sosial xidm\u0259t m\u00fc\u0259ssis\u0259si var. G\u00f6r\u00fcnd\u00fcy\u00fc kimi, bu m\u0259lumatda 3 f\u0259rqli sosial qrupa aid m\u00fc\u0259ssis\u0259l\u0259rin say\u0131 birlikd\u0259 verilir. M\u0259lumat bazas\u0131nda o da qeyd edilir ki, h\u0259min m\u00fc\u0259ssis\u0259l\u0259rd\u0259 \u00fcmumilikd\u0259 1230 yer m\u00f6vcuddur v\u0259 faktiki ya\u015fayanlar\u0131n say\u0131 900 n\u0259f\u0259r\u0259 yax\u0131nd\u0131r.<\/p>\n\n\n\n<p>Statistikadan o da ayd\u0131n olur ki, son 25 ild\u0259 bel\u0259 m\u00fc\u0259ssis\u0259l\u0259rin say\u0131 c\u0259mi 1 \u0259d\u0259d art\u0131b, onlarda qalanlar\u0131n say\u0131 is\u0259 faktiki olaraq d\u0259yi\u015fm\u0259yib v\u0259 h\u0259min d\u00f6vrd\u0259 800-1000 n\u0259f\u0259r interval\u0131ndad\u0131r.&nbsp;<\/p>\n\n\n\n<p>Halbuki 2000-2024-c\u00fc ill\u0259rd\u0259 ya\u015fl\u0131 \u0259halinin say\u0131 (70 v\u0259 yuxar\u0131 ya\u015fda) 2 d\u0259f\u0259d\u0259n \u00e7ox artaraq 224 min n\u0259f\u0259rd\u0259n 500 min n\u0259f\u0259r\u0259 \u00e7at\u0131b. Bu m\u00fcdd\u0259td\u0259 paralel olaraq \u0259lill\u0259rin d\u0259 say\u0131 2 d\u0259f\u0259 artaraq 250 min n\u0259f\u0259rd\u0259n 503 min n\u0259f\u0259r\u0259 y\u00fcks\u0259lib.<\/p>\n\n\n\n<p>Az\u0259rbaycanda ya\u015fl\u0131 \u015f\u0259xsl\u0259r\u0259 z\u0259ruri d\u0259st\u0259k \u201cSosial xidm\u0259tl\u0259r haqq\u0131nda\u201d Qanunla t\u0259nziml\u0259nir. Qanuna g\u00f6r\u0259, 70 ya\u015fa \u00e7atm\u0131\u015f \u015f\u0259xsl\u0259r onlar\u0131n h\u0259yat f\u0259aliyy\u0259tini pozan, sosial-psixoloji v\u0259ziyy\u0259tini \u00e7\u0259tinl\u0259\u015fdir\u0259n, c\u0259miyy\u0259td\u0259n t\u0259crid olunmas\u0131na g\u0259tirib \u00e7\u0131xaran hallar bilavasit\u0259 \u00f6z\u00fc, yaxud ail\u0259sinin d\u0259st\u0259yil\u0259 aradan qald\u0131r\u0131la bilm\u0259dikd\u0259, d\u00f6vl\u0259t t\u0259r\u0259find\u0259n t\u0259\u015fkil olunan sosial xidm\u0259tl\u0259rd\u0259n istifad\u0259 h\u00fcququ yaran\u0131r. Ya\u015fl\u0131 \u015f\u0259xsl\u0259rin \u0259lillik, \u00a0x\u0259st\u0259lik v\u0259 ya qocal\u0131qla ba\u011fl\u0131 \u00f6z\u00fcn\u0259qulluq qabiliyy\u0259tini itirm\u0259si, m\u00fc\u0259yy\u0259n ya\u015fay\u0131\u015f yerinin olmamas\u0131 xidm\u0259t\u0259 m\u00fcraci\u0259t \u00fc\u00e7\u00fcn konkret hallara daxildir. Amma bu m\u00fcraci\u0259t\u0259 m\u00fcsb\u0259t cavab almaq \u00fc\u00e7\u00fcn \u0259sas \u015f\u0259rt ah\u0131l \u015f\u0259xs\u0259 qulluq v\u0259 k\u00f6m\u0259klik g\u00f6st\u0259r\u0259 bil\u0259c\u0259k \u0259m\u0259k qabiliyy\u0259tli qohumlar\u0131n (yaxud qanuni n\u00fcmay\u0259nd\u0259sinin) olmamas\u0131d\u0131r.<\/p>\n\n\n\n<p>Ad\u0131\u00e7\u0259kil\u0259n qanunda sosial xidm\u0259t\u0259rin \u0259sas formas\u0131 kimi evd\u0259 (s\u0259yyar), yar\u0131mstasionar (g\u00fcn\u0259rzi) stasionar sosial xidm\u0259t m\u00fc\u0259yy\u0259n edilib.<\/p>\n\n\n\n<p>Evd\u0259&nbsp; sosial xidm\u0259t \u0259m\u0259k qabiliyy\u0259tli qohumlar\u0131 (yaxud qanuni n\u00fcmay\u0259nd\u0259si) il\u0259 eyni ya\u015fay\u0131\u015f m\u0259nt\u0259q\u0259sind\u0259 ya\u015famayan v\u0259 sosial xidm\u0259t\u0259 ehtiyac\u0131 olan t\u0259nha ah\u0131llar, ah\u0131l c\u00fctl\u00fckl\u0259r,&nbsp; \u0259lilliyi olan \u015f\u0259xsl\u0259r,x\u0259st\u0259liyin son m\u0259rh\u0259l\u0259sind\u0259 olan \u015f\u0259xsl\u0259r \u00fc\u00e7\u00fcnd\u00fcr.&nbsp;<\/p>\n\n\n\n<p>Evd\u0259 xidm\u0259tl\u0259 ba\u011fl\u0131 ayr\u0131ca qaydalar m\u00f6vcuddur. 2013-c\u00fc ilin yavar\u0131nda Nazirl\u0259r Kabinetinin q\u0259rar\u0131 il\u0259 t\u0259sdiql\u0259n\u0259n bu qaydalara g\u00f6r\u0259, sosial xidm\u0259t\u00e7i t\u0259r\u0259find\u0259n g\u00f6st\u0259ril\u0259n xidm\u0259tl\u0259r\u0259 yem\u0259k haz\u0131rlanmas\u0131na k\u00f6m\u0259k etm\u0259k, \u00f6z\u00fcn\u0259 qulluq ed\u0259 bilm\u0259y\u0259n x\u0259st\u0259l\u0259ri yedizdirm\u0259k v\u0259 qablar\u0131 yumaq, \u015f\u0259xsin \u00e7imizdirilm\u0259sin\u0259, sa\u00e7lar\u0131n\u0131n daranmas\u0131na yard\u0131m etm\u0259k, yataq v\u0259 geyim \u0259\u015fyalar\u0131n\u0131 yumaq v\u0259 \u00fct\u00fcl\u0259m\u0259k, paltarlar\u0131n x\u0131rda t\u0259mirini etm\u0259k, m\u0259nzili y\u0131\u011f\u0131\u015fd\u0131rmaq v\u0259 t\u0259mizl\u0259m\u0259k v\u0259 s. daxildir.<\/p>\n\n\n\n<p>Yar\u0131mstasionar (g\u00fcn\u0259rzi) sosial xidm\u0259t \u00f6z\u00fcn\u00fcn \u0259sas h\u0259yati t\u0259l\u0259bat\u0131n\u0131 m\u00fcst\u0259qil t\u0259min ed\u0259 bil\u0259n v\u0259 aktiv h\u0259r\u0259k\u0259t qabiliyy\u0259ti olan ah\u0131llara g\u00fcnd\u00fcz v\u0259 ya gec\u0259 vaxtlar\u0131nda sosial-m\u0259i\u015f\u0259t, tibbi, m\u0259d\u0259ni v\u0259 ba\u015fqa xidm\u0259tl\u0259r g\u00f6st\u0259rilm\u0259sind\u0259n, asud\u0259 vaxt\u0131n s\u0259m\u0259r\u0259li t\u0259\u015fkilind\u0259n ibar\u0259tdir.&nbsp;<\/p>\n\n\n\n<p>Stasionar sosial xidm\u0259t is\u0259 ixtisala\u015fm\u0131\u015f m\u00fc\u0259ssis\u0259d\u0259 sosial xidm\u0259t g\u00f6st\u0259ril\u0259n \u015f\u0259xsl\u0259rin fiziki durumuna v\u0259 s\u0259hh\u0259tin\u0259 uy\u011fun h\u0259yat \u015f\u0259raitinin yarad\u0131lmas\u0131ndan, tibbi v\u0259 sosial reabilitasiya t\u0259dbirl\u0259rinin h\u0259yata ke\u00e7irilm\u0259sind\u0259n, qullu\u011fun t\u0259\u015fkilind\u0259n ibar\u0259tdir. Bel\u0259 xidm\u0259t\u0259 ehtiyac\u0131 olan&nbsp;psixi pozuntulu \u015f\u0259xsl\u0259r x\u00fcsusi stasionar m\u00fc\u0259ssis\u0259l\u0259rd\u0259 yerl\u0259\u015fdirilirl\u0259r.<\/p>\n\n\n\n<p>R\u0259smi statistikada n\u0259 \u00fcmumilikd\u0259, n\u0259 d\u0259 h\u0259r bir forma \u00fczr\u0259 sosial xidm\u0259tl\u0259 \u0259hat\u0259 olunan \u015f\u0259xsl\u0259rin say\u0131 bar\u0259d\u0259 h\u0259r hans\u0131 statistik g\u00f6st\u0259ricil\u0259r a\u00e7\u0131qlanm\u0131r. \u018f\u018fSMN-nin r\u0259smi \u015f\u0259xsl\u0259rinin mediaya a\u00e7\u0131qlamalar\u0131na g\u00f6r\u0259, 2023-c\u00fc ild\u0259 4,9 min ah\u0131l \u015f\u0259xs\u0259 evd\u0259 xidm\u0259t g\u00f6st\u0259rilib. Qocalar evind\u0259 ya\u015fayan ah\u0131llar\u0131n say\u0131n\u0131n is\u0259 c\u0259mi 180 n\u0259f\u0259r oldu\u011fu bildirilir. \u00d6lk\u0259d\u0259 1 ah\u0131llar evi m\u00f6vcuddur. H\u0259min m\u00fc\u0259ssis\u0259 d\u0259 Bak\u0131 \u015f\u0259h\u0259rind\u0259 yerl\u0259\u015fir.<\/p>\n\n\n\n<p>Bir s\u00f6zl\u0259, evd\u0259 xidm\u0259t olunan \u015f\u0259xsl\u0259ri d\u0259 n\u0259z\u0259r\u0259 ald\u0131qda, haz\u0131rda Az\u0259rbaycanda ya\u015f\u0131 65-i \u00f6t\u0259n \u015f\u0259xsl\u0259rin \u0259n yax\u015f\u0131 halda 0,5 faizi d\u00f6vl\u0259tin sosial xidm\u0259tl\u0259ril\u0259 \u0259hat\u0259 olunub. Pensiya ya\u015f\u0131na \u00e7atm\u0131\u015f az qala 1 milyon n\u0259f\u0259r ya\u015fl\u0131 insan\u0131n oldu\u011fu \u00f6lk\u0259d\u0259 c\u0259mi 1 qocalar evinin f\u0259aliyy\u0259t g\u00f6st\u0259rm\u0259si, \u0259halinin az qala 50 faizinin m\u0259skunla\u015fd\u0131\u011f\u0131 regionlarda is\u0259 \u00fcmumiyy\u0259tl\u0259 bu tip t\u0259sisatlar\u0131n m\u00f6vcud olmamas\u0131 ah\u0131l insanlar\u0131n sosial m\u00fcdafi\u0259 sisteminin hans\u0131 v\u0259ziyy\u0259td\u0259 oldu\u011funu n\u00fcmayi\u015f etdirir.&nbsp; &nbsp;<\/p>\n\n\n\n<p><strong>D\u00fcnyada ah\u0131l insanlar\u0131n hans\u0131 hiss\u0259si sosial xidm\u0259tl\u0259r \u0259ld\u0259 ed\u0259 bilir?\u00a0 \u00a0<\/strong><\/p>\n\n\n\n<p>\u0130qtisadi \u018fm\u0259kda\u015fl\u0131q v\u0259 \u0130nki\u015faf T\u0259\u015fkilat\u0131n\u0131n (\u0130\u018f\u0130T) 2021-c il \u00fczr\u0259 statistikas\u0131na g\u00f6r\u0259, t\u0259\u015fkilata \u00fczv \u00f6lk\u0259l\u0259r \u00fczr\u0259 65-d\u0259n yuxar\u0131 ya\u015fda \u0259halinin 12%-i ya ixtisasla\u015fm\u0131\u015f m\u00fc\u0259ssis\u0259l\u0259rd\u0259, ya da evd\u0259 uzunm\u00fcdd\u0259tli sosial xidm\u0259t al\u0131rlar. Birlik \u00e7\u0259r\u00e7iv\u0259sind\u0259 sosial xidm\u0259tl\u0259 \u0259hat\u0259 olunan ya\u015fl\u0131 \u0259halinin 20%-i 4 \u00f6lk\u0259y\u0259 aiddir. H\u0259min \u00f6lk\u0259l\u0259rd\u0259n Almaniyada 20%, \u0130sve\u00e7r\u0259d\u0259 24%, \u0130sraild\u0259 28%, Litvada is\u0259 36% ah\u0131l insanlar bel\u0259 xidm\u0259tl\u0259rin istifad\u0259\u00e7il\u0259ridir.\u00a0 Bu \u00f6lk\u0259l\u0259rd\u0259 evd\u0259 bax\u0131m s\u0259viyy\u0259si daha y\u00fcks\u0259k olub. M\u0259s\u0259l\u0259n, \u0130sve\u00e7r\u0259d\u0259 b\u00fct\u00fcn xidm\u0259t alanlar\u0131n \u00fc\u00e7d\u0259 ikisi evd\u0259 sosial xidm\u0259t al\u0131b.<\/p>\n\n\n\n<p>Portuqaliya, AB\u015e, Yaponiya, Kanada, Pol\u015fa v\u0259 \u0130rlandiya ya\u015fl\u0131 sakinl\u0259ri ixtisasla\u015fm\u0131\u015f m\u00fc\u0259ssis\u0259l\u0259rd\u0259 \u0259n az xidm\u0259t alan \u00f6lk\u0259l\u0259rdir. M\u0259s\u0259l\u0259n, bu g\u00f6st\u0259rici AB\u015e-da 2%, Yaponiyada 3% t\u0259\u015fkil edir.<\/p>\n\n\n\n<p>T\u0259\u015fkilata \u00fczv \u00f6lk\u0259l\u0259rd\u0259 2021-ci ild\u0259 65 v\u0259 yuxar\u0131 ya\u015fda olan h\u0259r 1000 n\u0259f\u0259r\u0259 orta hesabla 46 \u00e7arpay\u0131 d\u00fc\u015f\u00fcb. Bu \u00f6lk\u0259l\u0259rd\u0259 ah\u0131llar \u00fc\u00e7\u00fcn sosial xidm\u0259t potensial\u0131n\u0131n n\u0259 d\u0259r\u0259c\u0259d\u0259 y\u00fcks\u0259k olmas\u0131n\u0131 g\u00f6st\u0259r\u0259n ba\u015fqa bir m\u00fch\u00fcm fakt da var: \u0130\u018f\u0130T-nin daha y\u00fcks\u0259k ink\u015faf etmi\u015f 23 \u00f6lk\u0259si \u00fczr\u0259 65 v\u0259 yuxar\u0131 ya\u015fda \u0259halinin h\u0259r 10 000 n\u0259f\u0259rin\u0259 570 sosial xidm\u0259t i\u015f\u00e7isi d\u00fc\u015f\u00fcr.\u00a0 \u00a0<\/p>\n\n\n\n<p>\u0130\u018f\u0130T-nin hesabatlar\u0131ndan ayd\u0131n olur ki, b\u00fct\u00f6vl\u00fckd\u0259 inki\u015faf etmi\u015f \u00f6lk\u0259l\u0259rd\u0259 evd\u0259 xidm\u0259tl\u0259 \u0259hat\u0259 s\u0259viyy\u0259si daha y\u00fcks\u0259kdir. T\u0259\u015fkilata \u00fczv olan ayr\u0131-ayr\u0131 \u00f6lk\u0259l\u0259rd\u0259 b\u00fct\u00fcn xidm\u0259t alanlar\u0131n 50-80%-i m\u0259hz evd\u0259 xidm\u0259td\u0259n yararlan\u0131b. Cins \u00fczr\u0259 b\u00f6lg\u00fcy\u0259 g\u0259ldikd\u0259, \u0130\u018f\u0130T \u00fczr\u0259 xidm\u0259t alan ah\u0131l v\u0259t\u0259nda\u015flar\u0131n 60%-i qad\u0131nlar olub.<\/p>\n\n\n\n<p>T\u0259\u015fkilat\u0131n ekspertl\u0259rinin q\u0259na\u0259ti budur ki, evd\u0259,\u00a0 yoxsa ixtisasla\u015fm\u0131\u015f m\u00fc\u0259ssis\u0259l\u0259rd\u0259 xidm\u0259t\u0259 \u00fcst\u00fcnl\u00fck verilm\u0259sin\u0259 \u00f6lk\u0259l\u0259rd\u0259ki \u0259n\u0259n\u0259l\u0259rd\u0259n g\u0259l\u0259n sosial normalar\u0131n t\u0259siri b\u00f6y\u00fckd\u00fcr. H\u0259m\u00e7inin evd\u0259 xidm\u0259t iqtisadi bax\u0131mdan daha s\u0259m\u0259r\u0259lidir v\u0259 Avropada bax\u0131ma ehtiyac\u0131 olanlar\u0131n 60 faizi xidm\u0259t al\u0131r. N\u0259tic\u0259 etibar\u0131 il\u0259 \u0130\u018f\u0130T \u00fczr\u0259 ah\u0131l v\u0259t\u0259nda\u015flar\u0131n 4 faizind\u0259n bir q\u0259d\u0259r \u00e7ox hiss\u0259si ixtisasla\u015f\u0131m\u0131\u015f m\u00fc\u0259ssis\u0259l\u0259rin xidm\u0259tl\u0259rind\u0259n istifad\u0259 edir. Lakin burda \u0259n m\u00fch\u00fcm m\u0259qam odur ki, ail\u0259nin \u00f6z\u00fc xidm\u0259t\u0259 ehtiyac\u0131 olan \u00fczv\u00fc \u00fc\u00e7\u00fcn z\u0259ruri xim\u0259tl\u0259ri t\u0259min etm\u0259yi \u00f6hd\u0259sin\u0259 g\u00f6t\u00fcrd\u00fckd\u0259, d\u00f6vl\u0259t bunun \u00fc\u00e7\u00fcn na\u011fd sosial transfertl\u0259r ay\u0131r\u0131r.<\/p>\n\n\n\n<p>Az\u0259rbaycanla eyni regionu payla\u015fan \u00f6lk\u0259l\u0259rd\u0259n T\u00fcrkiy\u0259d\u0259 ah\u0131l v\u0259t\u0259nda\u015flar\u0131n sosial xidm\u0259tl\u0259rl\u0259 \u0259hat\u0259 s\u0259viyy\u0259si xeyli y\u00fcks\u0259kdir v\u0259 xidm\u0259t g\u00f6st\u0259r\u0259n evl\u0259rin say\u0131 Az\u0259rbaycanla m\u00fcqayis\u0259d\u0259 h\u0259dd\u0259n art\u0131q \u00e7oxdur. Haz\u0131rda bu \u00f6lk\u0259d\u0259 504 qocalar evi var. Halbuki 15 il \u0259vv\u0259l bu evl\u0259rin say\u0131 az qala 2 d\u0259f\u0259 az idi v\u0259 300-\u0259 \u00e7atm\u0131rd\u0131. H\u0259min d\u00f6vrd\u0259 qocalar evl\u0259rind\u0259 qalan ya\u015fl\u0131lar\u0131n say\u0131 da 2 d\u0259f\u0259d\u0259n \u00e7ox artaraq 30 min n\u0259f\u0259r\u0259 \u00e7at\u0131b. Bu evl\u0259rin say\u0131n\u0131n art\u0131m\u0131 ya\u015fl\u0131 \u0259halinin say art\u0131m\u0131na da uy\u011fun olub. 2010-2023-c\u00fc ill\u0259rd\u0259 T\u00fcrkiy\u0259d\u0259 65 v\u0259 yuxar\u0131 ya\u015fda \u0259halinin say\u0131 65% artaraq 5,3 milyon n\u0259f\u0259rd\u0259n 8,7 milyon n\u0259f\u0259r\u0259 \u00e7at\u0131b. \u018fg\u0259r 2010-c\u00fc ild\u0259 ya\u015fl\u0131 v\u0259t\u0259nda\u015flar\u0131n h\u0259r 19 min n\u0259f\u0259rin\u0259 1 qocalar evi d\u00fc\u015f\u00fcrd\u00fcs\u0259, haz\u0131rda bu nisb\u0259t daha yax\u015f\u0131la\u015f\u0131b v\u0259 ya\u015fl\u0131 \u0259halinn h\u0259r 17 min n\u0259f\u0259rin\u0259 1 ixtisasla\u015fm\u0131\u015f m\u00fc\u0259ssis\u0259 d\u00fc\u015f\u00fcr. Eyni zamanda, sosial m\u00fc\u0259ssis\u0259l\u0259rd\u0259n xidm\u0259t ala bil\u0259n ya\u015fl\u0131 \u0259halinin say\u0131na baxd\u0131qda, 13 il \u0259vv\u0259l ya\u015fl\u0131 v\u0259t\u0259nda\u015flar\u0131n h\u0259r 350 n\u0259f\u0259rind\u0259n biri bel\u0259 xidm\u0259tl\u0259rl\u0259 t\u0259chiz edilirdis\u0259, haz\u0131rda h\u0259r 280 n\u0259f\u0259rind\u0259n birinin bu imkan\u0131 var. \u00a0 \u00a0 \u00a0<\/p>\n\n\n\n<p>T\u00fcrkiy\u0259d\u0259 f\u0259rqli tipl\u0259rd\u0259 qocalar evl\u0259ri m\u00f6vcuddur. M\u0259s\u0259l\u0259n, ya\u015f\u0131 60-\u0131 \u00f6t\u0259n, sa\u011flam v\u0259 aktiv olsa da, yax\u0131nlar\u0131 olmayan v\u0259 ya onlar\u0131n imtina etdiyi t\u0259nha \u015f\u0259xsl\u0259r \u00fc\u00e7\u00fcn qocalar evl\u0259ri var.&nbsp; &nbsp;<\/p>\n\n\n\n<p>Qocalar Evi: T\u00fcrkiy\u0259d\u0259 qocalar evl\u0259ri 60 v\u0259 daha yuxar\u0131 ya\u015fl\u0131 sa\u011flam v\u0259 aktiv ya\u015fl\u0131 insanlara ya\u015fay\u0131\u015f xidm\u0259tl\u0259ri g\u00f6st\u0259r\u0259n ya\u015fay\u0131\u015f m\u00fc\u0259ssis\u0259l\u0259ridir. Bununla yana\u015f\u0131, Alzheimer kimi x\u0259st\u0259likl\u0259r\u0259 m\u00fcbt\u0259la olan ah\u0131l \u015f\u0259xsl\u0259r\u0259 g\u00fcnd\u00fcz bax\u0131m\u0131 t\u0259min ed\u0259n m\u0259rk\u0259zl\u0259r f\u0259aliyy\u0259t g\u00f6st\u0259rir. N\u0259hay\u0259t, x\u0259st\u0259likl\u0259ri olan ah\u0131l v\u0259t\u0259nda\u015flar \u00fc\u00e7\u00fcn ya\u015fl\u0131lara qulluq v\u0259 reabilitasiya m\u0259rk\u0259zl\u0259ri m\u00f6vcuddur. &nbsp;<\/p>\n\n\n\n<p>T\u00fcrkiy\u0259d\u0259 evd\u0259 sosial xidm\u0259t alan ya\u015fl\u0131 v\u0259t\u0259nda\u015flar\u0131n say\u0131 daha \u00e7oxdur. R\u0259smi statistikaya g\u00f6r\u0259, 2024-c\u00fc ild\u0259 bu \u00f6lk\u0259d\u0259 140 min n\u0259f\u0259r v\u0259 ya ah\u0131l \u0259halinin 1,6%-i&nbsp; evd\u0259 xidm\u0259t al\u0131r. \u0130xtisasla\u015fm\u0131\u015f m\u00fc\u0259ssis\u0259l\u0259rd\u0259 qalanlar\u0131 da n\u0259z\u0259r\u0259 alsaq, h\u0259min g\u00f6st\u0259ricinin 2%-\u0259 yax\u0131n oldu\u011funu s\u00f6yl\u0259m\u0259k m\u00fcmk\u00fcnd\u00fcr. &nbsp;<\/p>\n\n\n\n<p>T\u00fcrkiy\u0259d\u0259 ya\u015fl\u0131 evl\u0259rinin t\u0259\u015fkilind\u0259 \u00f6z\u0259l sektorun da m\u00fch\u00fcm rolu var. Haz\u0131rda \u00f6lk\u0259d\u0259ki ah\u0131llar \u00fc\u00e7\u00fcn b\u00fct\u00fcn sosial xidm\u0259t m\u00fc\u0259ssis\u0259l\u0259rinin t\u0259xmin\u0259n yar\u0131s\u0131 (270 m\u00fc\u0259ssis\u0259) biznes strukturlar\u0131na m\u0259xsusdur. Eyni zamanda, b\u00fct\u00fcn m\u00fc\u0259ssis\u0259l\u0259rda qalanlar\u0131n t\u0259xmin\u0259n 40%-i v\u0259 ya 13 min n\u0259f\u0259ri \u00f6z\u0259l evl\u0259rin pay\u0131na d\u00fc\u015f\u00fcr. Maddi imkan\u0131 olan ail\u0259 v\u0259 \u015f\u0259xsl\u0259r \u00f6z\u0259l m\u00fc\u0259ssis\u0259l\u0259rin xidm\u0259tl\u0259rind\u0259n istifad\u0259 edirl\u0259r. &nbsp;<\/p>\n\n\n\n<p>T\u00fcrkiy\u0259 r\u0259smi statistika qurumunun sa\u011fl\u0131q ara\u015fd\u0131rmas\u0131na g\u00f6r\u0259 65 v\u0259 daha yuxar\u0131 ya\u015fda&nbsp; h\u0259r 4-5 ya\u015fl\u0131 insandan 1-i, 75 v\u0259 yuxar\u0131 ya\u015fda \u0259halinin h\u0259r 3 n\u0259f\u0259rind\u0259n biri&nbsp; sosial xidm\u0259t\u0259 ehtiyac duyur.&nbsp;<\/p>\n\n\n\n<p>Bel\u0259likl\u0259, ya\u015fl\u0131 \u0259halinin sosial xidm\u0259tl\u0259rl\u0259 \u0259hat\u0259 s\u0259viyy\u0259sinin 12% oldu\u011fu inki\u015faf etmi\u015f \u00f6lk\u0259l\u0259r v\u0259 2% t\u0259\u015fkil ed\u0259n T\u00fcrkiy\u0259 il\u0259 m\u00fcqayis\u0259 apard\u0131qda, v\u0259ziyy\u0259t bel\u0259dir: ehtiyac duyduqlar\u0131 z\u0259ruri sosial xidm\u0259tl\u0259ri almaq \u00fc\u00e7\u00fcn Az\u0259rbaycanda ah\u0131l v\u0259t\u0259nda\u015flar \u0130\u018f\u0130T \u00f6lk\u0259l\u0259rind\u0259 ya\u015fayan h\u0259mya\u015f\u0131dlar\u0131na nisb\u0259t\u0259n t\u0259xmin\u0259n 25 d\u0259f\u0259, T\u00fcrkiy\u0259d\u0259 ya\u015fayanlara nisb\u0259t\u0259n 4 d\u0259f\u0259 daha m\u0259hdud imkana malikdir.&nbsp; &nbsp; &nbsp; &nbsp;<\/p>\n\n\n\n<p>Z\u0259ruri fakt: Son 30 ild\u0259 Az\u0259rbaycanda ya\u015fl\u0131 \u0259halinin as\u0131l\u0131l\u0131q \u0259msal\u0131 2 d\u0259f\u0259 artaraq 6,6-dan 13,1-\u0259 y\u00fcks\u0259ldiyi halda ah\u0131l insanlar \u00fc\u00e7\u00fcn sosial xidm\u0259t infrastrukturunun potensial\u0131n\u0131 art\u0131rmaq istiqam\u0259tind\u0259 he\u00e7 bir add\u0131m at\u0131lmay\u0131b.&nbsp; Ya\u015fl\u0131 \u0259halinin as\u0131l\u0131l\u0131q \u0259msal\u0131 65 v\u0259 yuxar\u0131 ya\u015fda \u0259halinin \u0259m\u0259k qabiliyy\u0259tli \u0259haliy\u0259 nisb\u0259ti kimi hesablan\u0131r.&nbsp;<\/p>\n\n\n\n<p><strong>Az\u0259rbaycanda v\u0259 d\u00fcnyada ah\u0131l insanlar \u00fc\u00e7\u00fcn b\u00fcdc\u0259 x\u0259rcl\u0259m\u0259l\u0259ri\u00a0<\/strong><\/p>\n\n\n\n<p>\u0130\u018f\u0130T-nin m\u0259lumat\u0131na g\u00f6r\u0259, haz\u0131rda inki\u015faf etmi\u015f \u00f6lk\u0259l\u0259rd\u0259 h\u00f6kum\u0259t orta hesabla b\u00fcdc\u0259nin 2%-ni ya\u015fl\u0131 insanlar\u0131n sosial xidm\u0259tl\u0259rinin t\u0259\u015fkilin\u0259 x\u0259rcl\u0259yir. Bu g\u00f6st\u0259rici \u0130sve\u00e7, Norve\u00e7 v\u0259 Niderlandda 3%, Fransa, Almaniya v\u0259 Kanada kimi \u00f6lk\u0259l\u0259rd\u0259 2,5%, AB\u015e, Pol\u015fa, \u0130spaniyada 1-1,5%, Yunan\u0131stan, Rum\u0131niya v\u0259 Xorvatiyada 0,5% \u0259traf\u0131ndad\u0131r.<\/p>\n\n\n\n<p>T\u00fcrkiy\u0259 h\u00f6kum\u0259ti bu m\u0259s\u0259l\u0259d\u0259 \u015f\u0259ffaf davran\u0131r v\u0259 ah\u0131llara sosial xidm\u0259tl\u0259r \u00fc\u00e7\u00fcn b\u00fcdc\u0259d\u0259n ayr\u0131lan v\u0259saitl\u0259rin h\u0259cmil\u0259 ba\u011fl\u0131 xeyli m\u0259lumatlar a\u00e7\u0131qlay\u0131r. M\u0259s\u0259l\u0259n, b\u00fcdc\u0259 s\u0259n\u0259dl\u0259rind\u0259n ayd\u0131n olur ki, evd\u0259 g\u00f6st\u0259ril\u0259n sosial xidm\u0259tl\u0259r \u00fc\u00e7\u00fcn \u00fcmumilikd\u0259 1,2 milyard dollar v\u0259sait ayr\u0131l\u0131b. Do\u011frudur, bu \u00fcmumi m\u0259bl\u0259\u011fdir v\u0259 hans\u0131 hiss\u0259sinin bilavasit\u0259 evd\u0259 xidm\u0259t alan ah\u0131llarla ba\u011fl\u0131 oldu\u011fu d\u0259qiql\u0259\u015fdirilmir. Lakin ixtisasla\u015fm\u0131\u015f ah\u0131l evl\u0259ri \u00fc\u00e7\u00fcn ayr\u0131lan v\u0259saitin h\u0259cmi b\u00fcdc\u0259d\u0259 ayr\u0131 s\u0259tird\u0259 g\u00f6r\u00fcn\u00fcr v\u0259 2023-c\u00fc ild\u0259 h\u0259min m\u0259bl\u0259\u011f 250 milyon dollara yax\u0131n olub.<\/p>\n\n\n\n<p>B\u0259s Az\u0259rbaycanda ah\u0131llar\u0131n sosial xidm\u0259t m\u00fc\u0259ssis\u0259l\u0259rinin saxlanmas\u0131na, evd\u0259 xidm\u0259t\u0259 n\u0259 q\u0259d\u0259r v\u0259sait x\u0259rcl\u0259nir? Bu, tamamil\u0259 qapal\u0131 bir m\u0259lumatd\u0131r. H\u0259tta ictimaiyy\u0259t \u00fc\u00e7\u00fcn qapal\u0131 olan, parlament \u00fc\u00e7\u00fcn haz\u0131rlanan geni\u015f h\u0259cmli b\u00fcdc\u0259 d\u0259stind\u0259 d\u0259 bu m\u0259lumat a\u00e7\u0131qlanm\u0131r.<\/p>\n\n\n\n<p>\u00dcmumiyy\u0259tl\u0259, haz\u0131rda d\u00fcnyada \u201cah\u0131l b\u00fcdc\u0259si\u201d anlay\u0131\u015f\u0131 m\u00f6vcuddur v\u0259 inki\u015faf etmi\u015f \u00f6lk\u0259l\u0259rd\u0259 h\u00f6kum\u0259tl\u0259r \u201cqocal\u0131q\u201d x\u0259rcl\u0259rinin h\u0259cmini ayr\u0131ca a\u00e7\u0131qlay\u0131rlar. H\u0259m d\u0259 m\u0259lumatlar pensiya v\u0259 qeyri-pensiya x\u0259rcl\u0259rini ayr\u0131ca g\u00f6rm\u0259y\u0259 imkan verir. M\u0259s\u0259l\u0259n, 2022-ci ild\u0259 Avropa Birliyi \u00f6lk\u0259l\u0259ri \u00fczr\u0259 b\u00fct\u00f6vl\u00fckd\u0259 sosial m\u00fcdafi\u0259 x\u0259rcl\u0259rinin \u00dcDM-d\u0259 pay\u0131 19%, m\u0259cmu b\u00fcdc\u0259 x\u0259rcl\u0259rind\u0259 pay\u0131 38% \u0259traf\u0131nda olub. H\u00f6kum\u0259tin ah\u0131llar \u00fc\u00e7\u00fcn x\u0259rc\u0259l\u0259m\u0259l\u0259ri c\u0259mi sosial m\u00fcdafi\u0259 x\u0259rcl\u0259rinin t\u0259xmin\u0259n yar\u0131s\u0131n\u0131 t\u0259\u015fkil edir. Daha d\u0259qiq des\u0259k, AB \u00fczr\u0259 \u00fcmumi h\u00f6kum\u0259t x\u0259rcl\u0259rinin 16-17%-i ah\u0131l v\u0259t\u0259nda\u015flar\u0131n sosial m\u00fcdafi\u0259sil\u0259 ba\u011fl\u0131d\u0131r. \u201cAh\u0131l b\u00fcdc\u0259si\u201dnin d\u0259 70-75%-i pensiya, 25-30%-i qeyri-pensiya x\u0259rcl\u0259rind\u0259n ibar\u0259tdir. M\u0259hz qeyri-pensiya x\u0259rcl\u0259ri \u0259sas\u0259n ya\u015fl\u0131 insanlar \u00fc\u00e7\u00fcn sosial xidm\u0259tl\u0259rinin t\u0259\u015fkilin\u0259 s\u0259rf edilir.&nbsp;<\/p>\n\n\n\n<p>Az\u0259rbaycanda m\u00f6vcud b\u00fcdc\u0259 m\u0259lumatlar\u0131 \u0259sas\u0131nda \u201cah\u0131l b\u00fcdc\u0259si\u201d il\u0259 ba\u011fl\u0131 real m\u0259nz\u0259r\u0259ni ara\u015fd\u0131rma\u011fa \u00e7al\u0131\u015fsaq, t\u0259xmin\u0259n bel\u0259 bir v\u0259ziyy\u0259t qar\u015f\u0131m\u0131za \u00e7\u0131xacaq: 2023-c\u00fc ild\u0259 icmal b\u00fcdc\u0259nin c\u0259mi x\u0259rcl\u0259ri 40,3 milyard manat, m\u0259cmu sosial m\u00fcdafi\u0259 x\u0259rcl\u0259ri 9,1 milyard manat olub. Sosial m\u00fcdafi\u0259 x\u0259rcl\u0259rinin 6,3 milyard manat\u0131 pensiya v\u0259 i\u015fsizlik fondlar\u0131ndan, 2,8 milyard manat\u0131 d\u00f6vl\u0259t b\u00fcdc\u0259sind\u0259n (b\u00fcdc\u0259l\u0259ras\u0131 transfertl\u0259r n\u0259z\u0259r\u0259 al\u0131nmadan) ayr\u0131lm\u0131\u015fd\u0131. Sosial m\u00fcdafi\u0259 x\u0259rcl\u0259rinin \u00dcDM-d\u0259 pay\u0131 c\u0259mi 7,4%, icmal b\u00fcdc\u0259 x\u0259rcl\u0259rind\u0259 x\u00fcsusi \u00e7\u0259kisi is\u0259 22,5% olub.&nbsp;<\/p>\n\n\n\n<p>\u015e\u0259ffafl\u0131q v\u0259 informasiya a\u00e7\u0131ql\u0131\u011f\u0131 olmad\u0131\u011f\u0131 \u00fc\u00e7\u00fcn bu x\u0259rcl\u0259r i\u00e7\u0259risind\u0259 bilavasit\u0259 ya\u015fl\u0131lar \u00fc\u00e7\u00fcn x\u0259rcl\u0259ri ay\u0131rmaq \u00e7\u0259tindir. Amma t\u0259xmini hesablama m\u00fcmk\u00fcnd\u00fcr. M\u0259s\u0259l\u0259n, 2023-c\u00fc ild\u0259 icmal b\u00fcdc\u0259nin pensiya x\u0259rcl\u0259rinin m\u0259bl\u0259\u011fi 5,7 milyard manat olub. H\u0259min d\u00f6vrd\u0259 ya\u015fa g\u00f6r\u0259 pensiya alanlar\u0131n say\u0131n\u0131n 696 min n\u0259f\u0259r, bu qrup \u00fczr\u0259 orta ayl\u0131q pensiya m\u0259bl\u0259\u011finin 372 manat oldu\u011funu n\u0259z\u0259r\u0259 alsaq, \u00fcmumi pensiya x\u0259rcl\u0259rinin t\u0259xmin\u0259n 3,5 milyard manat\u0131n\u0131n ya\u015fl\u0131lar \u00fc\u00e7\u00fcn ayr\u0131ld\u0131\u011f\u0131n\u0131 s\u00f6yl\u0259m\u0259k olar. Bundan \u0259lav\u0259, d\u00f6vl\u0259t b\u00fcdc\u0259sind\u0259n 420 mln. manat qocal\u0131\u011fa g\u00f6r\u0259 m\u00fcavin\u0259tl\u0259r \u00fc\u00e7\u00fcn ayr\u0131l\u0131b. Sosial xidm\u0259tl\u0259rin \u00e7ox m\u0259hdudlu\u011funu n\u0259z\u0259r\u0259 alsaq, m\u0259lum olur ki, h\u0259tta h\u0259min xidm\u0259tl\u0259r \u00fczr\u0259 x\u0259rcl\u0259ri \u0259lav\u0259 etdikd\u0259, 2023-c\u00fc ild\u0259 ya\u015fl\u0131lar \u00fc\u00e7\u00fcn h\u00f6kum\u0259t x\u0259rcl\u0259m\u0259l\u0259ri 4 milyard manat \u0259traf\u0131nda olub ki, bu da icmal b\u00fcdc\u0259nin t\u0259xmin\u0259n 10%-n\u0259, \u00dcDM-nin 3,5%-n\u0259 b\u0259rab\u0259r olub. \u00dcmumilikd\u0259 Az\u0259rbaycanda m\u0259cmu sosial m\u00fcdafi\u0259 x\u0259rcl\u0259rinin tam yar\u0131s\u0131 bilavasit\u0259 pensiya \u00f6d\u0259ni\u015fl\u0259ril\u0259 ba\u011fl\u0131d\u0131r.&nbsp;<\/p>\n\n\n\n<p>Yuxar\u0131da t\u0259qdim edil\u0259n m\u0259lumatlardan g\u00f6r\u00fcnd\u00fcy\u00fc kimi, Az\u0259rbaycanda \u201cah\u0131l b\u00fcdc\u0259si\u201dnin h\u0259m \u00dcDM-\u0259, h\u0259m d\u0259 icmal b\u00fcdc\u0259y\u0259 nisb\u0259ti AB \u00fczr\u0259 g\u00f6st\u0259ricid\u0259n az qala 2 d\u0259f\u0259 azd\u0131r. Lakin \u0259n ciddi f\u0259rq odur ki, Az\u0259rbaycanda ya\u015fl\u0131larla ba\u011fl\u0131 x\u0259rcl\u0259rin az qala 100 faizi pensiya x\u0259rcl\u0259ri il\u0259 ba\u011fl\u0131d\u0131r (qocal\u0131q m\u00fcavin\u0259tini d\u0259 pensiya \u0259v\u0259zedicisi saysaq). Lakin Avropa \u00f6lk\u0259l\u0259rind\u0259 ah\u0131llar\u0131n qeyri-pensiya t\u0259yinatl\u0131 sosial m\u00fcdafi\u0259 v\u0259 rifah layih\u0259l\u0259ri \u00fc\u00e7\u00fcn x\u0259rcl\u0259m\u0259l\u0259r\u0259 \u00dcDM-nin 3-4% interval\u0131nda v\u0259sait ayr\u0131l\u0131r.\u00a0<\/p>\n\n\n\n<p>T\u0259qdim olunan faktlar\u0131n v\u0259 d\u00fcnya il\u0259 m\u00fcqayis\u0259l\u0259rin ortaya \u00e7\u0131xard\u0131\u011f\u0131 reall\u0131q budur:<\/p>\n\n\n\n<p>Az\u0259rbaycanda ya\u015fl\u0131 v\u0259t\u0259nda\u015flar\u0131n problemi t\u0259kc\u0259 o deyil ki, b\u00f6y\u00fck s\u0259rv\u0259t g\u0259lirl\u0259ri olan \u00f6lk\u0259d\u0259 150-200 dollar pensiya v\u0259 qocal\u0131q m\u00fcavin\u0259tin\u0259 m\u00f6htac qal\u0131blar.\u00a0<\/p>\n\n\n\n<p>\u018fn k\u00f6kl\u00fc probleml\u0259rd\u0259n biri ah\u0131l v\u0259t\u0259nda\u015flar\u0131n ehtiyac oldu\u011fu halda vacib sosial xidm\u0259tl\u0259r \u0259ld\u0259 etm\u0259k \u00fc\u00e7\u00fcn z\u0259ruri mexanizml\u0259rin v\u0259 infrastrukturun olmamas\u0131d\u0131r.&nbsp; &nbsp;<\/p>\n","protected":false},"excerpt":{"rendered":"<p>Az\u0259rbaycanda \u201cah\u0131l b\u00fcdc\u0259si\u201d d\u00f6vl\u0259t sirri kimi qorunur Bu yax\u0131nlarda mediada &#8230; <\/p>\n<p class=\"read-more-container\"><a title=\"H\u0259r min n\u0259f\u0259rind\u0259n biri sosial xidm\u0259t almayan ah\u0131l az\u0259rbaycanl\u0131lar\u00a0\" class=\"read-more button\" href=\"https:\/\/www.meydan.tv\/az\/article\/her-min-neferinden-biri-sosial-xidmet-almayan-ahil-azerbaycanlilar\/#more-321296\" aria-label=\"Read more about H\u0259r min n\u0259f\u0259rind\u0259n biri sosial xidm\u0259t almayan ah\u0131l az\u0259rbaycanl\u0131lar\u00a0\">Davam\u0131<\/a><\/p>\n","protected":false},"author":12,"featured_media":249894,"comment_status":"closed","ping_status":"closed","sticky":false,"template":"","format":"standard","meta":{"_acf_changed":false,"_sitemap_exclude":false,"_sitemap_priority":"","_sitemap_frequency":"","footnotes":""},"categories":[88,62,56],"tags":[],"class_list":["post-321296","post","type-post","status-publish","format-standard","has-post-thumbnail","hentry","category-redaktor-secimi","category-sosial","category-xeberler","infinite-scroll-item","generate-columns","tablet-grid-50","mobile-grid-100","grid-parent","grid-33","no-featured-image-padding"],"acf":[],"yoast_head":"<!-- This site is optimized with the Yoast SEO plugin v27.4 - https:\/\/yoast.com\/product\/yoast-seo-wordpress\/ -->\n<title>H\u0259r min n\u0259f\u0259rind\u0259n biri sosial xidm\u0259t almayan ah\u0131l az\u0259rbaycanl\u0131lar\u00a0 - MEYDAN.TV<\/title>\n<meta name=\"robots\" content=\"index, follow, max-snippet:-1, max-image-preview:large, max-video-preview:-1\" \/>\n<link rel=\"canonical\" href=\"https:\/\/www.meydan.tv\/az\/article\/her-min-neferinden-biri-sosial-xidmet-almayan-ahil-azerbaycanlilar\/\" \/>\n<meta property=\"og:locale\" content=\"az_AZ\" \/>\n<meta property=\"og:type\" content=\"article\" \/>\n<meta property=\"og:title\" content=\"H\u0259r min n\u0259f\u0259rind\u0259n biri sosial xidm\u0259t almayan ah\u0131l az\u0259rbaycanl\u0131lar\u00a0 - MEYDAN.TV\" \/>\n<meta property=\"og:description\" content=\"Az\u0259rbaycanda \u201cah\u0131l b\u00fcdc\u0259si\u201d d\u00f6vl\u0259t sirri kimi qorunur Bu yax\u0131nlarda mediada ... Davam\u0131\" \/>\n<meta property=\"og:url\" content=\"https:\/\/www.meydan.tv\/az\/article\/her-min-neferinden-biri-sosial-xidmet-almayan-ahil-azerbaycanlilar\/\" \/>\n<meta property=\"og:site_name\" content=\"MEYDAN.TV\" \/>\n<meta property=\"article:published_time\" content=\"2024-11-22T16:04:44+00:00\" \/>\n<meta property=\"article:modified_time\" content=\"2024-11-23T08:19:23+00:00\" \/>\n<meta property=\"og:image\" content=\"https:\/\/www.meydan.tv\/wp-content\/uploads\/shutterstock_2035510022-1.jpg\" \/>\n\t<meta property=\"og:image:width\" content=\"1200\" \/>\n\t<meta property=\"og:image:height\" content=\"798\" \/>\n\t<meta property=\"og:image:type\" content=\"image\/jpeg\" \/>\n<meta name=\"author\" content=\"aleks\" \/>\n<meta name=\"twitter:card\" content=\"summary_large_image\" \/>\n<script type=\"application\/ld+json\" class=\"yoast-schema-graph\">{\"@context\":\"https:\\\/\\\/schema.org\",\"@graph\":[{\"@type\":\"Article\",\"@id\":\"https:\\\/\\\/www.meydan.tv\\\/az\\\/article\\\/her-min-neferinden-biri-sosial-xidmet-almayan-ahil-azerbaycanlilar\\\/#article\",\"isPartOf\":{\"@id\":\"https:\\\/\\\/www.meydan.tv\\\/az\\\/article\\\/her-min-neferinden-biri-sosial-xidmet-almayan-ahil-azerbaycanlilar\\\/\"},\"author\":{\"name\":\"aleks\",\"@id\":\"https:\\\/\\\/www.meydan.tv\\\/az\\\/#\\\/schema\\\/person\\\/476e9360e593fa131d5d71d51866f8da\"},\"headline\":\"H\u0259r min n\u0259f\u0259rind\u0259n biri sosial xidm\u0259t almayan ah\u0131l az\u0259rbaycanl\u0131lar\u00a0\",\"datePublished\":\"2024-11-22T16:04:44+00:00\",\"dateModified\":\"2024-11-23T08:19:23+00:00\",\"mainEntityOfPage\":{\"@id\":\"https:\\\/\\\/www.meydan.tv\\\/az\\\/article\\\/her-min-neferinden-biri-sosial-xidmet-almayan-ahil-azerbaycanlilar\\\/\"},\"wordCount\":3677,\"publisher\":{\"@id\":\"https:\\\/\\\/www.meydan.tv\\\/az\\\/#organization\"},\"image\":{\"@id\":\"https:\\\/\\\/www.meydan.tv\\\/az\\\/article\\\/her-min-neferinden-biri-sosial-xidmet-almayan-ahil-azerbaycanlilar\\\/#primaryimage\"},\"thumbnailUrl\":\"https:\\\/\\\/www.meydan.tv\\\/wp-content\\\/uploads\\\/shutterstock_2035510022-1.jpg\",\"articleSection\":[\"Redaktor se\u00e7imi\",\"Sosial\",\"X\u0259b\u0259rl\u0259r\"],\"inLanguage\":\"az\"},{\"@type\":\"WebPage\",\"@id\":\"https:\\\/\\\/www.meydan.tv\\\/az\\\/article\\\/her-min-neferinden-biri-sosial-xidmet-almayan-ahil-azerbaycanlilar\\\/\",\"url\":\"https:\\\/\\\/www.meydan.tv\\\/az\\\/article\\\/her-min-neferinden-biri-sosial-xidmet-almayan-ahil-azerbaycanlilar\\\/\",\"name\":\"H\u0259r min n\u0259f\u0259rind\u0259n biri sosial xidm\u0259t almayan ah\u0131l az\u0259rbaycanl\u0131lar\u00a0 - MEYDAN.TV\",\"isPartOf\":{\"@id\":\"https:\\\/\\\/www.meydan.tv\\\/az\\\/#website\"},\"primaryImageOfPage\":{\"@id\":\"https:\\\/\\\/www.meydan.tv\\\/az\\\/article\\\/her-min-neferinden-biri-sosial-xidmet-almayan-ahil-azerbaycanlilar\\\/#primaryimage\"},\"image\":{\"@id\":\"https:\\\/\\\/www.meydan.tv\\\/az\\\/article\\\/her-min-neferinden-biri-sosial-xidmet-almayan-ahil-azerbaycanlilar\\\/#primaryimage\"},\"thumbnailUrl\":\"https:\\\/\\\/www.meydan.tv\\\/wp-content\\\/uploads\\\/shutterstock_2035510022-1.jpg\",\"datePublished\":\"2024-11-22T16:04:44+00:00\",\"dateModified\":\"2024-11-23T08:19:23+00:00\",\"breadcrumb\":{\"@id\":\"https:\\\/\\\/www.meydan.tv\\\/az\\\/article\\\/her-min-neferinden-biri-sosial-xidmet-almayan-ahil-azerbaycanlilar\\\/#breadcrumb\"},\"inLanguage\":\"az\",\"potentialAction\":[{\"@type\":\"ReadAction\",\"target\":[\"https:\\\/\\\/www.meydan.tv\\\/az\\\/article\\\/her-min-neferinden-biri-sosial-xidmet-almayan-ahil-azerbaycanlilar\\\/\"]}]},{\"@type\":\"ImageObject\",\"inLanguage\":\"az\",\"@id\":\"https:\\\/\\\/www.meydan.tv\\\/az\\\/article\\\/her-min-neferinden-biri-sosial-xidmet-almayan-ahil-azerbaycanlilar\\\/#primaryimage\",\"url\":\"https:\\\/\\\/www.meydan.tv\\\/wp-content\\\/uploads\\\/shutterstock_2035510022-1.jpg\",\"contentUrl\":\"https:\\\/\\\/www.meydan.tv\\\/wp-content\\\/uploads\\\/shutterstock_2035510022-1.jpg\",\"width\":1200,\"height\":798,\"caption\":\"Az\u0259rbaycanda yoxsulluq. Foto: Horst-Koenemund\\\/shutterstock\"},{\"@type\":\"BreadcrumbList\",\"@id\":\"https:\\\/\\\/www.meydan.tv\\\/az\\\/article\\\/her-min-neferinden-biri-sosial-xidmet-almayan-ahil-azerbaycanlilar\\\/#breadcrumb\",\"itemListElement\":[{\"@type\":\"ListItem\",\"position\":1,\"name\":\"Ana s\u0259hif\u0259\",\"item\":\"https:\\\/\\\/www.meydan.tv\\\/az\\\/\"},{\"@type\":\"ListItem\",\"position\":2,\"name\":\"X\u0259b\u0259rl\u0259r\",\"item\":\"https:\\\/\\\/www.meydan.tv\\\/az\\\/section\\\/xeberler\\\/\"},{\"@type\":\"ListItem\",\"position\":3,\"name\":\"H\u0259r min n\u0259f\u0259rind\u0259n biri sosial xidm\u0259t almayan ah\u0131l az\u0259rbaycanl\u0131lar\u00a0\"}]},{\"@type\":\"WebSite\",\"@id\":\"https:\\\/\\\/www.meydan.tv\\\/az\\\/#website\",\"url\":\"https:\\\/\\\/www.meydan.tv\\\/az\\\/\",\"name\":\"MEYDAN.TV\",\"description\":\"Meydan TV Az\u0259rbaycan\u0131n media m\u0259kan\u0131ndak\u0131 alternativ s\u0259sidir\",\"publisher\":{\"@id\":\"https:\\\/\\\/www.meydan.tv\\\/az\\\/#organization\"},\"potentialAction\":[{\"@type\":\"SearchAction\",\"target\":{\"@type\":\"EntryPoint\",\"urlTemplate\":\"https:\\\/\\\/www.meydan.tv\\\/az\\\/?s={search_term_string}\"},\"query-input\":{\"@type\":\"PropertyValueSpecification\",\"valueRequired\":true,\"valueName\":\"search_term_string\"}}],\"inLanguage\":\"az\"},{\"@type\":\"Organization\",\"@id\":\"https:\\\/\\\/www.meydan.tv\\\/az\\\/#organization\",\"name\":\"Meydan TV\",\"url\":\"https:\\\/\\\/www.meydan.tv\\\/az\\\/\",\"logo\":{\"@type\":\"ImageObject\",\"inLanguage\":\"az\",\"@id\":\"https:\\\/\\\/www.meydan.tv\\\/az\\\/#\\\/schema\\\/logo\\\/image\\\/\",\"url\":\"https:\\\/\\\/www.meydan.tv\\\/wp-content\\\/uploads\\\/2021\\\/07\\\/meydan-logo.svg\",\"contentUrl\":\"https:\\\/\\\/www.meydan.tv\\\/wp-content\\\/uploads\\\/2021\\\/07\\\/meydan-logo.svg\",\"width\":195,\"height\":46,\"caption\":\"Meydan TV\"},\"image\":{\"@id\":\"https:\\\/\\\/www.meydan.tv\\\/az\\\/#\\\/schema\\\/logo\\\/image\\\/\"}},{\"@type\":\"Person\",\"@id\":\"https:\\\/\\\/www.meydan.tv\\\/az\\\/#\\\/schema\\\/person\\\/476e9360e593fa131d5d71d51866f8da\",\"name\":\"aleks\"}]}<\/script>\n<!-- \/ Yoast SEO plugin. -->","yoast_head_json":{"title":"H\u0259r min n\u0259f\u0259rind\u0259n biri sosial xidm\u0259t almayan ah\u0131l az\u0259rbaycanl\u0131lar\u00a0 - MEYDAN.TV","robots":{"index":"index","follow":"follow","max-snippet":"max-snippet:-1","max-image-preview":"max-image-preview:large","max-video-preview":"max-video-preview:-1"},"canonical":"https:\/\/www.meydan.tv\/az\/article\/her-min-neferinden-biri-sosial-xidmet-almayan-ahil-azerbaycanlilar\/","og_locale":"az_AZ","og_type":"article","og_title":"H\u0259r min n\u0259f\u0259rind\u0259n biri sosial xidm\u0259t almayan ah\u0131l az\u0259rbaycanl\u0131lar\u00a0 - MEYDAN.TV","og_description":"Az\u0259rbaycanda \u201cah\u0131l b\u00fcdc\u0259si\u201d d\u00f6vl\u0259t sirri kimi qorunur Bu yax\u0131nlarda mediada ... Davam\u0131","og_url":"https:\/\/www.meydan.tv\/az\/article\/her-min-neferinden-biri-sosial-xidmet-almayan-ahil-azerbaycanlilar\/","og_site_name":"MEYDAN.TV","article_published_time":"2024-11-22T16:04:44+00:00","article_modified_time":"2024-11-23T08:19:23+00:00","og_image":[{"width":1200,"height":798,"url":"https:\/\/www.meydan.tv\/wp-content\/uploads\/shutterstock_2035510022-1.jpg","type":"image\/jpeg"}],"author":"aleks","twitter_card":"summary_large_image","schema":{"@context":"https:\/\/schema.org","@graph":[{"@type":"Article","@id":"https:\/\/www.meydan.tv\/az\/article\/her-min-neferinden-biri-sosial-xidmet-almayan-ahil-azerbaycanlilar\/#article","isPartOf":{"@id":"https:\/\/www.meydan.tv\/az\/article\/her-min-neferinden-biri-sosial-xidmet-almayan-ahil-azerbaycanlilar\/"},"author":{"name":"aleks","@id":"https:\/\/www.meydan.tv\/az\/#\/schema\/person\/476e9360e593fa131d5d71d51866f8da"},"headline":"H\u0259r min n\u0259f\u0259rind\u0259n biri sosial xidm\u0259t almayan ah\u0131l az\u0259rbaycanl\u0131lar\u00a0","datePublished":"2024-11-22T16:04:44+00:00","dateModified":"2024-11-23T08:19:23+00:00","mainEntityOfPage":{"@id":"https:\/\/www.meydan.tv\/az\/article\/her-min-neferinden-biri-sosial-xidmet-almayan-ahil-azerbaycanlilar\/"},"wordCount":3677,"publisher":{"@id":"https:\/\/www.meydan.tv\/az\/#organization"},"image":{"@id":"https:\/\/www.meydan.tv\/az\/article\/her-min-neferinden-biri-sosial-xidmet-almayan-ahil-azerbaycanlilar\/#primaryimage"},"thumbnailUrl":"https:\/\/www.meydan.tv\/wp-content\/uploads\/shutterstock_2035510022-1.jpg","articleSection":["Redaktor se\u00e7imi","Sosial","X\u0259b\u0259rl\u0259r"],"inLanguage":"az"},{"@type":"WebPage","@id":"https:\/\/www.meydan.tv\/az\/article\/her-min-neferinden-biri-sosial-xidmet-almayan-ahil-azerbaycanlilar\/","url":"https:\/\/www.meydan.tv\/az\/article\/her-min-neferinden-biri-sosial-xidmet-almayan-ahil-azerbaycanlilar\/","name":"H\u0259r min n\u0259f\u0259rind\u0259n biri sosial xidm\u0259t almayan ah\u0131l az\u0259rbaycanl\u0131lar\u00a0 - MEYDAN.TV","isPartOf":{"@id":"https:\/\/www.meydan.tv\/az\/#website"},"primaryImageOfPage":{"@id":"https:\/\/www.meydan.tv\/az\/article\/her-min-neferinden-biri-sosial-xidmet-almayan-ahil-azerbaycanlilar\/#primaryimage"},"image":{"@id":"https:\/\/www.meydan.tv\/az\/article\/her-min-neferinden-biri-sosial-xidmet-almayan-ahil-azerbaycanlilar\/#primaryimage"},"thumbnailUrl":"https:\/\/www.meydan.tv\/wp-content\/uploads\/shutterstock_2035510022-1.jpg","datePublished":"2024-11-22T16:04:44+00:00","dateModified":"2024-11-23T08:19:23+00:00","breadcrumb":{"@id":"https:\/\/www.meydan.tv\/az\/article\/her-min-neferinden-biri-sosial-xidmet-almayan-ahil-azerbaycanlilar\/#breadcrumb"},"inLanguage":"az","potentialAction":[{"@type":"ReadAction","target":["https:\/\/www.meydan.tv\/az\/article\/her-min-neferinden-biri-sosial-xidmet-almayan-ahil-azerbaycanlilar\/"]}]},{"@type":"ImageObject","inLanguage":"az","@id":"https:\/\/www.meydan.tv\/az\/article\/her-min-neferinden-biri-sosial-xidmet-almayan-ahil-azerbaycanlilar\/#primaryimage","url":"https:\/\/www.meydan.tv\/wp-content\/uploads\/shutterstock_2035510022-1.jpg","contentUrl":"https:\/\/www.meydan.tv\/wp-content\/uploads\/shutterstock_2035510022-1.jpg","width":1200,"height":798,"caption":"Az\u0259rbaycanda yoxsulluq. Foto: Horst-Koenemund\/shutterstock"},{"@type":"BreadcrumbList","@id":"https:\/\/www.meydan.tv\/az\/article\/her-min-neferinden-biri-sosial-xidmet-almayan-ahil-azerbaycanlilar\/#breadcrumb","itemListElement":[{"@type":"ListItem","position":1,"name":"Ana s\u0259hif\u0259","item":"https:\/\/www.meydan.tv\/az\/"},{"@type":"ListItem","position":2,"name":"X\u0259b\u0259rl\u0259r","item":"https:\/\/www.meydan.tv\/az\/section\/xeberler\/"},{"@type":"ListItem","position":3,"name":"H\u0259r min n\u0259f\u0259rind\u0259n biri sosial xidm\u0259t almayan ah\u0131l az\u0259rbaycanl\u0131lar\u00a0"}]},{"@type":"WebSite","@id":"https:\/\/www.meydan.tv\/az\/#website","url":"https:\/\/www.meydan.tv\/az\/","name":"MEYDAN.TV","description":"Meydan TV Az\u0259rbaycan\u0131n media m\u0259kan\u0131ndak\u0131 alternativ s\u0259sidir","publisher":{"@id":"https:\/\/www.meydan.tv\/az\/#organization"},"potentialAction":[{"@type":"SearchAction","target":{"@type":"EntryPoint","urlTemplate":"https:\/\/www.meydan.tv\/az\/?s={search_term_string}"},"query-input":{"@type":"PropertyValueSpecification","valueRequired":true,"valueName":"search_term_string"}}],"inLanguage":"az"},{"@type":"Organization","@id":"https:\/\/www.meydan.tv\/az\/#organization","name":"Meydan TV","url":"https:\/\/www.meydan.tv\/az\/","logo":{"@type":"ImageObject","inLanguage":"az","@id":"https:\/\/www.meydan.tv\/az\/#\/schema\/logo\/image\/","url":"https:\/\/www.meydan.tv\/wp-content\/uploads\/2021\/07\/meydan-logo.svg","contentUrl":"https:\/\/www.meydan.tv\/wp-content\/uploads\/2021\/07\/meydan-logo.svg","width":195,"height":46,"caption":"Meydan TV"},"image":{"@id":"https:\/\/www.meydan.tv\/az\/#\/schema\/logo\/image\/"}},{"@type":"Person","@id":"https:\/\/www.meydan.tv\/az\/#\/schema\/person\/476e9360e593fa131d5d71d51866f8da","name":"aleks"}]}},"_links":{"self":[{"href":"https:\/\/www.meydan.tv\/az\/wp-json\/wp\/v2\/posts\/321296","targetHints":{"allow":["GET"]}}],"collection":[{"href":"https:\/\/www.meydan.tv\/az\/wp-json\/wp\/v2\/posts"}],"about":[{"href":"https:\/\/www.meydan.tv\/az\/wp-json\/wp\/v2\/types\/post"}],"author":[{"embeddable":true,"href":"https:\/\/www.meydan.tv\/az\/wp-json\/wp\/v2\/users\/12"}],"replies":[{"embeddable":true,"href":"https:\/\/www.meydan.tv\/az\/wp-json\/wp\/v2\/comments?post=321296"}],"version-history":[{"count":5,"href":"https:\/\/www.meydan.tv\/az\/wp-json\/wp\/v2\/posts\/321296\/revisions"}],"predecessor-version":[{"id":321351,"href":"https:\/\/www.meydan.tv\/az\/wp-json\/wp\/v2\/posts\/321296\/revisions\/321351"}],"wp:featuredmedia":[{"embeddable":true,"href":"https:\/\/www.meydan.tv\/az\/wp-json\/wp\/v2\/media\/249894"}],"wp:attachment":[{"href":"https:\/\/www.meydan.tv\/az\/wp-json\/wp\/v2\/media?parent=321296"}],"wp:term":[{"taxonomy":"category","embeddable":true,"href":"https:\/\/www.meydan.tv\/az\/wp-json\/wp\/v2\/categories?post=321296"},{"taxonomy":"post_tag","embeddable":true,"href":"https:\/\/www.meydan.tv\/az\/wp-json\/wp\/v2\/tags?post=321296"}],"curies":[{"name":"wp","href":"https:\/\/api.w.org\/{rel}","templated":true}]}}