{"id":321195,"date":"2024-11-21T15:26:22","date_gmt":"2024-11-21T11:26:22","guid":{"rendered":"https:\/\/www.meydan.tv\/?p=321195"},"modified":"2024-11-21T15:26:24","modified_gmt":"2024-11-21T11:26:24","slug":"dunyanin-akademik-cevresi-ibadoglu-ile-bagli-cop29-un-prezidentine-cagiris-edib","status":"publish","type":"post","link":"https:\/\/www.meydan.tv\/az\/article\/dunyanin-akademik-cevresi-ibadoglu-ile-bagli-cop29-un-prezidentine-cagiris-edib\/","title":{"rendered":"D\u00fcnyan\u0131n akademik \u00e7evr\u0259si \u0130bado\u011flu il\u0259 ba\u011fl\u0131 COP29-un prezidentin\u0259 \u00e7a\u011f\u0131r\u0131\u015f edib"},"content":{"rendered":"\n<p><\/p>\n\n\n\n<p><strong><em>28 \u00f6lk\u0259nin 100 universitetini t\u0259msil ed\u0259n 159 professor v\u0259 m\u00fc\u0259llim alimin d\u0259rhal azad edilm\u0259sini ist\u0259yir<\/em><\/strong><\/p>\n\n\n\n<p>D\u00fcnyan\u0131n 28 \u00f6lk\u0259sinin 100 universitetini t\u0259msil ed\u0259n 159 professor v\u0259 m\u00fc\u0259llimd\u0259n ibar\u0259t koalisiya Az\u0259rbaycan\u0131n ekologiya v\u0259 t\u0259bii s\u0259rv\u0259tl\u0259r naziri v\u0259 COP29-un prezidenti Muxtar Babayev\u0259 m\u0259ktublar <a href=\"https:\/\/x.com\/Billbrowder\/status\/1859282532233048156?t=CUtZ1UD77vM_btl5Ta4qww&amp;s=09\">m\u00fcraci\u0259t edib<\/a>.<\/p>\n\n\n\n<p>Onlar 2023-c\u00fc ilin iyulundan qeyri-m\u00fc\u0259yy\u0259n m\u00fcdd\u0259t\u0259 ev dustaql\u0131\u011f\u0131nda olan alim iqtisad\u00e7\u0131 Qubad \u0130bado\u011flunun azadl\u0131\u011fa burax\u0131lmas\u0131n\u0131 ist\u0259yibl\u0259r.<\/p>\n\n\n\n<p>Az\u0259rbaycan\u0131n COP29 iqlim konfrans\u0131na ev sahibliyi etdiyi bir vaxtda g\u00f6nd\u0259ril\u0259n m\u0259ktubda doktor Qubad \u0130bado\u011flunun kritik s\u0259hh\u0259tin\u0259 v\u0259 onun korrupsiya il\u0259 m\u00fcbariz\u0259y\u0259 v\u0259 qal\u0131q yanacaq s\u0259nayesind\u0259 \u015f\u0259ffafl\u0131\u011f\u0131n t\u0259\u015fviqin\u0259 verdiyi t\u00f6hf\u0259l\u0259r\u0259 istinad ed\u0259r\u0259k t\u0259cili t\u0259dbirl\u0259r g\u00f6r\u00fclm\u0259sin\u0259 \u00e7a\u011f\u0131r\u0131l\u0131r.<\/p>\n\n\n\n<p>Aliml\u0259r Qubad \u0130bado\u011flunun s\u0259hh\u0259tinin pisl\u0259\u015fm\u0259si, o c\u00fcml\u0259d\u0259n \u015f\u0259k\u0259rli diabet v\u0259 ciddi \u00fcr\u0259k v\u0259 b\u00f6yr\u0259k probleml\u0259ri, h\u0259bsd\u0259 oldu\u011fu m\u00fcdd\u0259td\u0259 qeyri-adekvat tibbi xidm\u0259t g\u00f6st\u0259rilm\u0259sind\u0259n narahat olduqlar\u0131n\u0131 bildiribl\u0259r.<\/p>\n\n\n\n<p>M\u00fcraci\u0259ti imzalayanlar Qubad \u0130bado\u011fluna qar\u015f\u0131 ittihamlar\u0131n \u015f\u0259ffaf \u015f\u0259kild\u0259 n\u0259z\u0259rd\u0259n ke\u00e7irilm\u0259sini, tibbi xidm\u0259t\u0259 \u00e7\u0131x\u0131\u015f\u0131n yax\u015f\u0131la\u015fd\u0131r\u0131lmas\u0131n\u0131 v\u0259 onun qeyd-\u015f\u0259rtsiz azadl\u0131\u011fa burax\u0131lmas\u0131n\u0131 t\u0259l\u0259b edibl\u0259r.<\/p>\n\n\n\n<p>Qubad \u0130bado\u011flu 2023-c\u00fc il iyulun 23-d\u0259 h\u0259bs edilib.<\/p>\n\n\n\n<p>O, Cinay\u0259t M\u0259c\u0259ll\u0259sinin (CM) 204.1-ci (Sat\u0131\u015f m\u0259qs\u0259di il\u0259 saxta pul v\u0259 ya xarici valyuta haz\u0131rlama, \u0259ld\u0259 etm\u0259 v\u0259 ya satma \u2013 m\u00fct\u0259\u015f\u0259kkil d\u0259st\u0259 t\u0259r\u0259find\u0259n t\u00f6r\u0259dildikd\u0259) madd\u0259si il\u0259 ittiham olunub.<\/p>\n\n\n\n<p>Daha sonra ona qar\u015f\u0131 CM-in 167-3.1-ci (dini ekstremist materiallar\u0131 haz\u0131rlama, saxlama v\u0259 ya yayma) madd\u0259si il\u0259 yeni ittiham ir\u0259li s\u00fcr\u00fcl\u00fcb.<\/p>\n\n\n\n<p>Qubad \u0130bado\u011flu ittihamlar\u0131 saxta adland\u0131r\u0131b.<\/p>\n\n\n\n<p>2024-c\u00fc il aprelin 22-d\u0259 onun bar\u0259sind\u0259 se\u00e7ilmi\u015f h\u0259bs q\u0259timkan t\u0259dbiri ev dustaql\u0131\u011f\u0131 il\u0259 \u0259v\u0259z olunub.<\/p>\n\n\n\n<p>Qubad \u0130bado\u011flu d\u00f6vl\u0259t qeydiyyat\u0131na al\u0131nmayan Az\u0259rbaycan Demokratiya v\u0259 Rifah Partiyas\u0131na (ADR) r\u0259hb\u0259rlik edib.<\/p>\n\n\n\n<p>Ev dustaql\u0131\u011f\u0131na burax\u0131landan sonra s\u0259hh\u0259ti il\u0259 ba\u011fl\u0131 siyasi f\u0259aliyy\u0259tin\u0259 fasil\u0259 verdiyini a\u00e7\u0131qlay\u0131b.<\/p>\n","protected":false},"excerpt":{"rendered":"<p>28 \u00f6lk\u0259nin 100 universitetini t\u0259msil ed\u0259n 159 professor v\u0259 m\u00fc\u0259llim &#8230; <\/p>\n<p class=\"read-more-container\"><a title=\"D\u00fcnyan\u0131n akademik \u00e7evr\u0259si \u0130bado\u011flu il\u0259 ba\u011fl\u0131 COP29-un prezidentin\u0259 \u00e7a\u011f\u0131r\u0131\u015f edib\" class=\"read-more button\" href=\"https:\/\/www.meydan.tv\/az\/article\/dunyanin-akademik-cevresi-ibadoglu-ile-bagli-cop29-un-prezidentine-cagiris-edib\/#more-321195\" aria-label=\"Read more about D\u00fcnyan\u0131n akademik \u00e7evr\u0259si \u0130bado\u011flu il\u0259 ba\u011fl\u0131 COP29-un prezidentin\u0259 \u00e7a\u011f\u0131r\u0131\u015f edib\">Davam\u0131<\/a><\/p>\n","protected":false},"author":21,"featured_media":210007,"comment_status":"closed","ping_status":"closed","sticky":false,"template":"","format":"standard","meta":{"_acf_changed":false,"_sitemap_exclude":false,"_sitemap_priority":"","_sitemap_frequency":"","footnotes":""},"categories":[59,79,56],"tags":[],"class_list":["post-321195","post","type-post","status-publish","format-standard","has-post-thumbnail","hentry","category-siyaset","category-featured","category-xeberler","infinite-scroll-item","generate-columns","tablet-grid-50","mobile-grid-100","grid-parent","grid-33","no-featured-image-padding"],"acf":[],"yoast_head":"<!-- This site is optimized with the Yoast SEO plugin v27.4 - https:\/\/yoast.com\/product\/yoast-seo-wordpress\/ -->\n<title>D\u00fcnyan\u0131n akademik \u00e7evr\u0259si \u0130bado\u011flu il\u0259 ba\u011fl\u0131 COP29-un prezidentin\u0259 \u00e7a\u011f\u0131r\u0131\u015f edib - MEYDAN.TV<\/title>\n<meta name=\"description\" content=\"Onlar 2023-c\u00fc ilin iyulundan qeyri-m\u00fc\u0259yy\u0259n m\u00fcdd\u0259t\u0259 ev dustaql\u0131\u011f\u0131nda olan alim iqtisad\u00e7\u0131 Qubad \u0130bado\u011flunun azadl\u0131\u011fa burax\u0131lmas\u0131n\u0131 ist\u0259yibl\u0259r.\" \/>\n<meta name=\"robots\" content=\"index, follow, max-snippet:-1, max-image-preview:large, max-video-preview:-1\" \/>\n<link rel=\"canonical\" href=\"https:\/\/www.meydan.tv\/az\/article\/dunyanin-akademik-cevresi-ibadoglu-ile-bagli-cop29-un-prezidentine-cagiris-edib\/\" \/>\n<meta property=\"og:locale\" content=\"az_AZ\" \/>\n<meta property=\"og:type\" content=\"article\" \/>\n<meta property=\"og:title\" content=\"D\u00fcnyan\u0131n akademik \u00e7evr\u0259si \u0130bado\u011flu il\u0259 ba\u011fl\u0131 COP29-un prezidentin\u0259 \u00e7a\u011f\u0131r\u0131\u015f edib - MEYDAN.TV\" \/>\n<meta property=\"og:description\" content=\"Onlar 2023-c\u00fc ilin iyulundan qeyri-m\u00fc\u0259yy\u0259n m\u00fcdd\u0259t\u0259 ev dustaql\u0131\u011f\u0131nda olan alim iqtisad\u00e7\u0131 Qubad \u0130bado\u011flunun azadl\u0131\u011fa burax\u0131lmas\u0131n\u0131 ist\u0259yibl\u0259r.\" \/>\n<meta property=\"og:url\" content=\"https:\/\/www.meydan.tv\/az\/article\/dunyanin-akademik-cevresi-ibadoglu-ile-bagli-cop29-un-prezidentine-cagiris-edib\/\" \/>\n<meta property=\"og:site_name\" content=\"MEYDAN.TV\" \/>\n<meta property=\"article:published_time\" content=\"2024-11-21T11:26:22+00:00\" \/>\n<meta property=\"article:modified_time\" content=\"2024-11-21T11:26:24+00:00\" \/>\n<meta property=\"og:image\" content=\"https:\/\/www.meydan.tv\/wp-content\/uploads\/image_from_ios_176-scaled.jpg\" \/>\n\t<meta property=\"og:image:width\" content=\"2560\" \/>\n\t<meta property=\"og:image:height\" content=\"1707\" \/>\n\t<meta property=\"og:image:type\" content=\"image\/jpeg\" \/>\n<meta name=\"author\" content=\"mahmud\" \/>\n<meta name=\"twitter:card\" content=\"summary_large_image\" \/>\n<script type=\"application\/ld+json\" class=\"yoast-schema-graph\">{\"@context\":\"https:\\\/\\\/schema.org\",\"@graph\":[{\"@type\":\"Article\",\"@id\":\"https:\\\/\\\/www.meydan.tv\\\/az\\\/article\\\/dunyanin-akademik-cevresi-ibadoglu-ile-bagli-cop29-un-prezidentine-cagiris-edib\\\/#article\",\"isPartOf\":{\"@id\":\"https:\\\/\\\/www.meydan.tv\\\/az\\\/article\\\/dunyanin-akademik-cevresi-ibadoglu-ile-bagli-cop29-un-prezidentine-cagiris-edib\\\/\"},\"author\":{\"name\":\"mahmud\",\"@id\":\"https:\\\/\\\/www.meydan.tv\\\/az\\\/#\\\/schema\\\/person\\\/09863e516102a829e72bedcf3f84c6b0\"},\"headline\":\"D\u00fcnyan\u0131n akademik \u00e7evr\u0259si \u0130bado\u011flu il\u0259 ba\u011fl\u0131 COP29-un prezidentin\u0259 \u00e7a\u011f\u0131r\u0131\u015f edib\",\"datePublished\":\"2024-11-21T11:26:22+00:00\",\"dateModified\":\"2024-11-21T11:26:24+00:00\",\"mainEntityOfPage\":{\"@id\":\"https:\\\/\\\/www.meydan.tv\\\/az\\\/article\\\/dunyanin-akademik-cevresi-ibadoglu-ile-bagli-cop29-un-prezidentine-cagiris-edib\\\/\"},\"wordCount\":417,\"publisher\":{\"@id\":\"https:\\\/\\\/www.meydan.tv\\\/az\\\/#organization\"},\"image\":{\"@id\":\"https:\\\/\\\/www.meydan.tv\\\/az\\\/article\\\/dunyanin-akademik-cevresi-ibadoglu-ile-bagli-cop29-un-prezidentine-cagiris-edib\\\/#primaryimage\"},\"thumbnailUrl\":\"https:\\\/\\\/www.meydan.tv\\\/wp-content\\\/uploads\\\/image_from_ios_176-scaled.jpg\",\"articleSection\":[\"Siyas\u0259t\",\"T\u00f6vsiy\u0259\",\"X\u0259b\u0259rl\u0259r\"],\"inLanguage\":\"az\"},{\"@type\":\"WebPage\",\"@id\":\"https:\\\/\\\/www.meydan.tv\\\/az\\\/article\\\/dunyanin-akademik-cevresi-ibadoglu-ile-bagli-cop29-un-prezidentine-cagiris-edib\\\/\",\"url\":\"https:\\\/\\\/www.meydan.tv\\\/az\\\/article\\\/dunyanin-akademik-cevresi-ibadoglu-ile-bagli-cop29-un-prezidentine-cagiris-edib\\\/\",\"name\":\"D\u00fcnyan\u0131n akademik \u00e7evr\u0259si \u0130bado\u011flu il\u0259 ba\u011fl\u0131 COP29-un prezidentin\u0259 \u00e7a\u011f\u0131r\u0131\u015f edib - MEYDAN.TV\",\"isPartOf\":{\"@id\":\"https:\\\/\\\/www.meydan.tv\\\/az\\\/#website\"},\"primaryImageOfPage\":{\"@id\":\"https:\\\/\\\/www.meydan.tv\\\/az\\\/article\\\/dunyanin-akademik-cevresi-ibadoglu-ile-bagli-cop29-un-prezidentine-cagiris-edib\\\/#primaryimage\"},\"image\":{\"@id\":\"https:\\\/\\\/www.meydan.tv\\\/az\\\/article\\\/dunyanin-akademik-cevresi-ibadoglu-ile-bagli-cop29-un-prezidentine-cagiris-edib\\\/#primaryimage\"},\"thumbnailUrl\":\"https:\\\/\\\/www.meydan.tv\\\/wp-content\\\/uploads\\\/image_from_ios_176-scaled.jpg\",\"datePublished\":\"2024-11-21T11:26:22+00:00\",\"dateModified\":\"2024-11-21T11:26:24+00:00\",\"description\":\"Onlar 2023-c\u00fc ilin iyulundan qeyri-m\u00fc\u0259yy\u0259n m\u00fcdd\u0259t\u0259 ev dustaql\u0131\u011f\u0131nda olan alim iqtisad\u00e7\u0131 Qubad \u0130bado\u011flunun azadl\u0131\u011fa burax\u0131lmas\u0131n\u0131 ist\u0259yibl\u0259r.\",\"breadcrumb\":{\"@id\":\"https:\\\/\\\/www.meydan.tv\\\/az\\\/article\\\/dunyanin-akademik-cevresi-ibadoglu-ile-bagli-cop29-un-prezidentine-cagiris-edib\\\/#breadcrumb\"},\"inLanguage\":\"az\",\"potentialAction\":[{\"@type\":\"ReadAction\",\"target\":[\"https:\\\/\\\/www.meydan.tv\\\/az\\\/article\\\/dunyanin-akademik-cevresi-ibadoglu-ile-bagli-cop29-un-prezidentine-cagiris-edib\\\/\"]}]},{\"@type\":\"ImageObject\",\"inLanguage\":\"az\",\"@id\":\"https:\\\/\\\/www.meydan.tv\\\/az\\\/article\\\/dunyanin-akademik-cevresi-ibadoglu-ile-bagli-cop29-un-prezidentine-cagiris-edib\\\/#primaryimage\",\"url\":\"https:\\\/\\\/www.meydan.tv\\\/wp-content\\\/uploads\\\/image_from_ios_176-scaled.jpg\",\"contentUrl\":\"https:\\\/\\\/www.meydan.tv\\\/wp-content\\\/uploads\\\/image_from_ios_176-scaled.jpg\",\"width\":2560,\"height\":1707,\"caption\":\"M\u0259nb\u0259: Meydan TV\"},{\"@type\":\"BreadcrumbList\",\"@id\":\"https:\\\/\\\/www.meydan.tv\\\/az\\\/article\\\/dunyanin-akademik-cevresi-ibadoglu-ile-bagli-cop29-un-prezidentine-cagiris-edib\\\/#breadcrumb\",\"itemListElement\":[{\"@type\":\"ListItem\",\"position\":1,\"name\":\"Ana s\u0259hif\u0259\",\"item\":\"https:\\\/\\\/www.meydan.tv\\\/az\\\/\"},{\"@type\":\"ListItem\",\"position\":2,\"name\":\"Siyas\u0259t\",\"item\":\"https:\\\/\\\/www.meydan.tv\\\/az\\\/section\\\/siyaset\\\/\"},{\"@type\":\"ListItem\",\"position\":3,\"name\":\"D\u00fcnyan\u0131n akademik \u00e7evr\u0259si \u0130bado\u011flu il\u0259 ba\u011fl\u0131 COP29-un prezidentin\u0259 \u00e7a\u011f\u0131r\u0131\u015f edib\"}]},{\"@type\":\"WebSite\",\"@id\":\"https:\\\/\\\/www.meydan.tv\\\/az\\\/#website\",\"url\":\"https:\\\/\\\/www.meydan.tv\\\/az\\\/\",\"name\":\"MEYDAN.TV\",\"description\":\"Meydan TV Az\u0259rbaycan\u0131n media m\u0259kan\u0131ndak\u0131 alternativ s\u0259sidir\",\"publisher\":{\"@id\":\"https:\\\/\\\/www.meydan.tv\\\/az\\\/#organization\"},\"potentialAction\":[{\"@type\":\"SearchAction\",\"target\":{\"@type\":\"EntryPoint\",\"urlTemplate\":\"https:\\\/\\\/www.meydan.tv\\\/az\\\/?s={search_term_string}\"},\"query-input\":{\"@type\":\"PropertyValueSpecification\",\"valueRequired\":true,\"valueName\":\"search_term_string\"}}],\"inLanguage\":\"az\"},{\"@type\":\"Organization\",\"@id\":\"https:\\\/\\\/www.meydan.tv\\\/az\\\/#organization\",\"name\":\"Meydan TV\",\"url\":\"https:\\\/\\\/www.meydan.tv\\\/az\\\/\",\"logo\":{\"@type\":\"ImageObject\",\"inLanguage\":\"az\",\"@id\":\"https:\\\/\\\/www.meydan.tv\\\/az\\\/#\\\/schema\\\/logo\\\/image\\\/\",\"url\":\"https:\\\/\\\/www.meydan.tv\\\/wp-content\\\/uploads\\\/2021\\\/07\\\/meydan-logo.svg\",\"contentUrl\":\"https:\\\/\\\/www.meydan.tv\\\/wp-content\\\/uploads\\\/2021\\\/07\\\/meydan-logo.svg\",\"width\":195,\"height\":46,\"caption\":\"Meydan TV\"},\"image\":{\"@id\":\"https:\\\/\\\/www.meydan.tv\\\/az\\\/#\\\/schema\\\/logo\\\/image\\\/\"}},{\"@type\":\"Person\",\"@id\":\"https:\\\/\\\/www.meydan.tv\\\/az\\\/#\\\/schema\\\/person\\\/09863e516102a829e72bedcf3f84c6b0\",\"name\":\"mahmud\"}]}<\/script>\n<!-- \/ Yoast SEO plugin. -->","yoast_head_json":{"title":"D\u00fcnyan\u0131n akademik \u00e7evr\u0259si \u0130bado\u011flu il\u0259 ba\u011fl\u0131 COP29-un prezidentin\u0259 \u00e7a\u011f\u0131r\u0131\u015f edib - MEYDAN.TV","description":"Onlar 2023-c\u00fc ilin iyulundan qeyri-m\u00fc\u0259yy\u0259n m\u00fcdd\u0259t\u0259 ev dustaql\u0131\u011f\u0131nda olan alim iqtisad\u00e7\u0131 Qubad \u0130bado\u011flunun azadl\u0131\u011fa burax\u0131lmas\u0131n\u0131 ist\u0259yibl\u0259r.","robots":{"index":"index","follow":"follow","max-snippet":"max-snippet:-1","max-image-preview":"max-image-preview:large","max-video-preview":"max-video-preview:-1"},"canonical":"https:\/\/www.meydan.tv\/az\/article\/dunyanin-akademik-cevresi-ibadoglu-ile-bagli-cop29-un-prezidentine-cagiris-edib\/","og_locale":"az_AZ","og_type":"article","og_title":"D\u00fcnyan\u0131n akademik \u00e7evr\u0259si \u0130bado\u011flu il\u0259 ba\u011fl\u0131 COP29-un prezidentin\u0259 \u00e7a\u011f\u0131r\u0131\u015f edib - MEYDAN.TV","og_description":"Onlar 2023-c\u00fc ilin iyulundan qeyri-m\u00fc\u0259yy\u0259n m\u00fcdd\u0259t\u0259 ev dustaql\u0131\u011f\u0131nda olan alim iqtisad\u00e7\u0131 Qubad \u0130bado\u011flunun azadl\u0131\u011fa burax\u0131lmas\u0131n\u0131 ist\u0259yibl\u0259r.","og_url":"https:\/\/www.meydan.tv\/az\/article\/dunyanin-akademik-cevresi-ibadoglu-ile-bagli-cop29-un-prezidentine-cagiris-edib\/","og_site_name":"MEYDAN.TV","article_published_time":"2024-11-21T11:26:22+00:00","article_modified_time":"2024-11-21T11:26:24+00:00","og_image":[{"width":2560,"height":1707,"url":"https:\/\/www.meydan.tv\/wp-content\/uploads\/image_from_ios_176-scaled.jpg","type":"image\/jpeg"}],"author":"mahmud","twitter_card":"summary_large_image","schema":{"@context":"https:\/\/schema.org","@graph":[{"@type":"Article","@id":"https:\/\/www.meydan.tv\/az\/article\/dunyanin-akademik-cevresi-ibadoglu-ile-bagli-cop29-un-prezidentine-cagiris-edib\/#article","isPartOf":{"@id":"https:\/\/www.meydan.tv\/az\/article\/dunyanin-akademik-cevresi-ibadoglu-ile-bagli-cop29-un-prezidentine-cagiris-edib\/"},"author":{"name":"mahmud","@id":"https:\/\/www.meydan.tv\/az\/#\/schema\/person\/09863e516102a829e72bedcf3f84c6b0"},"headline":"D\u00fcnyan\u0131n akademik \u00e7evr\u0259si \u0130bado\u011flu il\u0259 ba\u011fl\u0131 COP29-un prezidentin\u0259 \u00e7a\u011f\u0131r\u0131\u015f edib","datePublished":"2024-11-21T11:26:22+00:00","dateModified":"2024-11-21T11:26:24+00:00","mainEntityOfPage":{"@id":"https:\/\/www.meydan.tv\/az\/article\/dunyanin-akademik-cevresi-ibadoglu-ile-bagli-cop29-un-prezidentine-cagiris-edib\/"},"wordCount":417,"publisher":{"@id":"https:\/\/www.meydan.tv\/az\/#organization"},"image":{"@id":"https:\/\/www.meydan.tv\/az\/article\/dunyanin-akademik-cevresi-ibadoglu-ile-bagli-cop29-un-prezidentine-cagiris-edib\/#primaryimage"},"thumbnailUrl":"https:\/\/www.meydan.tv\/wp-content\/uploads\/image_from_ios_176-scaled.jpg","articleSection":["Siyas\u0259t","T\u00f6vsiy\u0259","X\u0259b\u0259rl\u0259r"],"inLanguage":"az"},{"@type":"WebPage","@id":"https:\/\/www.meydan.tv\/az\/article\/dunyanin-akademik-cevresi-ibadoglu-ile-bagli-cop29-un-prezidentine-cagiris-edib\/","url":"https:\/\/www.meydan.tv\/az\/article\/dunyanin-akademik-cevresi-ibadoglu-ile-bagli-cop29-un-prezidentine-cagiris-edib\/","name":"D\u00fcnyan\u0131n akademik \u00e7evr\u0259si \u0130bado\u011flu il\u0259 ba\u011fl\u0131 COP29-un prezidentin\u0259 \u00e7a\u011f\u0131r\u0131\u015f edib - MEYDAN.TV","isPartOf":{"@id":"https:\/\/www.meydan.tv\/az\/#website"},"primaryImageOfPage":{"@id":"https:\/\/www.meydan.tv\/az\/article\/dunyanin-akademik-cevresi-ibadoglu-ile-bagli-cop29-un-prezidentine-cagiris-edib\/#primaryimage"},"image":{"@id":"https:\/\/www.meydan.tv\/az\/article\/dunyanin-akademik-cevresi-ibadoglu-ile-bagli-cop29-un-prezidentine-cagiris-edib\/#primaryimage"},"thumbnailUrl":"https:\/\/www.meydan.tv\/wp-content\/uploads\/image_from_ios_176-scaled.jpg","datePublished":"2024-11-21T11:26:22+00:00","dateModified":"2024-11-21T11:26:24+00:00","description":"Onlar 2023-c\u00fc ilin iyulundan qeyri-m\u00fc\u0259yy\u0259n m\u00fcdd\u0259t\u0259 ev dustaql\u0131\u011f\u0131nda olan alim iqtisad\u00e7\u0131 Qubad \u0130bado\u011flunun azadl\u0131\u011fa burax\u0131lmas\u0131n\u0131 ist\u0259yibl\u0259r.","breadcrumb":{"@id":"https:\/\/www.meydan.tv\/az\/article\/dunyanin-akademik-cevresi-ibadoglu-ile-bagli-cop29-un-prezidentine-cagiris-edib\/#breadcrumb"},"inLanguage":"az","potentialAction":[{"@type":"ReadAction","target":["https:\/\/www.meydan.tv\/az\/article\/dunyanin-akademik-cevresi-ibadoglu-ile-bagli-cop29-un-prezidentine-cagiris-edib\/"]}]},{"@type":"ImageObject","inLanguage":"az","@id":"https:\/\/www.meydan.tv\/az\/article\/dunyanin-akademik-cevresi-ibadoglu-ile-bagli-cop29-un-prezidentine-cagiris-edib\/#primaryimage","url":"https:\/\/www.meydan.tv\/wp-content\/uploads\/image_from_ios_176-scaled.jpg","contentUrl":"https:\/\/www.meydan.tv\/wp-content\/uploads\/image_from_ios_176-scaled.jpg","width":2560,"height":1707,"caption":"M\u0259nb\u0259: Meydan TV"},{"@type":"BreadcrumbList","@id":"https:\/\/www.meydan.tv\/az\/article\/dunyanin-akademik-cevresi-ibadoglu-ile-bagli-cop29-un-prezidentine-cagiris-edib\/#breadcrumb","itemListElement":[{"@type":"ListItem","position":1,"name":"Ana s\u0259hif\u0259","item":"https:\/\/www.meydan.tv\/az\/"},{"@type":"ListItem","position":2,"name":"Siyas\u0259t","item":"https:\/\/www.meydan.tv\/az\/section\/siyaset\/"},{"@type":"ListItem","position":3,"name":"D\u00fcnyan\u0131n akademik \u00e7evr\u0259si \u0130bado\u011flu il\u0259 ba\u011fl\u0131 COP29-un prezidentin\u0259 \u00e7a\u011f\u0131r\u0131\u015f edib"}]},{"@type":"WebSite","@id":"https:\/\/www.meydan.tv\/az\/#website","url":"https:\/\/www.meydan.tv\/az\/","name":"MEYDAN.TV","description":"Meydan TV Az\u0259rbaycan\u0131n media m\u0259kan\u0131ndak\u0131 alternativ s\u0259sidir","publisher":{"@id":"https:\/\/www.meydan.tv\/az\/#organization"},"potentialAction":[{"@type":"SearchAction","target":{"@type":"EntryPoint","urlTemplate":"https:\/\/www.meydan.tv\/az\/?s={search_term_string}"},"query-input":{"@type":"PropertyValueSpecification","valueRequired":true,"valueName":"search_term_string"}}],"inLanguage":"az"},{"@type":"Organization","@id":"https:\/\/www.meydan.tv\/az\/#organization","name":"Meydan TV","url":"https:\/\/www.meydan.tv\/az\/","logo":{"@type":"ImageObject","inLanguage":"az","@id":"https:\/\/www.meydan.tv\/az\/#\/schema\/logo\/image\/","url":"https:\/\/www.meydan.tv\/wp-content\/uploads\/2021\/07\/meydan-logo.svg","contentUrl":"https:\/\/www.meydan.tv\/wp-content\/uploads\/2021\/07\/meydan-logo.svg","width":195,"height":46,"caption":"Meydan TV"},"image":{"@id":"https:\/\/www.meydan.tv\/az\/#\/schema\/logo\/image\/"}},{"@type":"Person","@id":"https:\/\/www.meydan.tv\/az\/#\/schema\/person\/09863e516102a829e72bedcf3f84c6b0","name":"mahmud"}]}},"_links":{"self":[{"href":"https:\/\/www.meydan.tv\/az\/wp-json\/wp\/v2\/posts\/321195","targetHints":{"allow":["GET"]}}],"collection":[{"href":"https:\/\/www.meydan.tv\/az\/wp-json\/wp\/v2\/posts"}],"about":[{"href":"https:\/\/www.meydan.tv\/az\/wp-json\/wp\/v2\/types\/post"}],"author":[{"embeddable":true,"href":"https:\/\/www.meydan.tv\/az\/wp-json\/wp\/v2\/users\/21"}],"replies":[{"embeddable":true,"href":"https:\/\/www.meydan.tv\/az\/wp-json\/wp\/v2\/comments?post=321195"}],"version-history":[{"count":1,"href":"https:\/\/www.meydan.tv\/az\/wp-json\/wp\/v2\/posts\/321195\/revisions"}],"predecessor-version":[{"id":321196,"href":"https:\/\/www.meydan.tv\/az\/wp-json\/wp\/v2\/posts\/321195\/revisions\/321196"}],"wp:featuredmedia":[{"embeddable":true,"href":"https:\/\/www.meydan.tv\/az\/wp-json\/wp\/v2\/media\/210007"}],"wp:attachment":[{"href":"https:\/\/www.meydan.tv\/az\/wp-json\/wp\/v2\/media?parent=321195"}],"wp:term":[{"taxonomy":"category","embeddable":true,"href":"https:\/\/www.meydan.tv\/az\/wp-json\/wp\/v2\/categories?post=321195"},{"taxonomy":"post_tag","embeddable":true,"href":"https:\/\/www.meydan.tv\/az\/wp-json\/wp\/v2\/tags?post=321195"}],"curies":[{"name":"wp","href":"https:\/\/api.w.org\/{rel}","templated":true}]}}