{"id":321127,"date":"2024-11-20T15:54:31","date_gmt":"2024-11-20T11:54:31","guid":{"rendered":"https:\/\/www.meydan.tv\/?p=321127"},"modified":"2024-11-20T15:54:32","modified_gmt":"2024-11-20T11:54:32","slug":"usaq-qidalarina-da-vergi-guzesti-teklif-olunur","status":"publish","type":"post","link":"https:\/\/www.meydan.tv\/az\/article\/usaq-qidalarina-da-vergi-guzesti-teklif-olunur\/","title":{"rendered":"U\u015faq qidalar\u0131na da vergi g\u00fcz\u0259\u015fti t\u0259klif olunur"},"content":{"rendered":"\n<p><\/p>\n\n\n\n<p><strong><em>&#8220;\u018fhalinin bunlar\u0131 alma\u011fa imkan\u0131 yoxdur&#8221;<\/em><\/strong><\/p>\n\n\n\n<p>Deputat \u018fli M\u0259simli Milli M\u0259clisd\u0259 \u00e7\u0131x\u0131\u015f\u0131 zaman\u0131 \u00f6lk\u0259d\u0259 u\u015faq qidalar\u0131na vergi g\u00fcz\u0259\u015ftl\u0259rinin t\u0259tbiq edilm\u0259sini t\u0259klif edib.<\/p>\n\n\n\n<p>Deputat Vergi M\u0259c\u0259ll\u0259sin\u0259 t\u0259klif olunan d\u0259yi\u015fiklikl\u0259rin m\u00fczakir\u0259si zaman\u0131 bildirib ki, Az\u0259rbaycanda u\u015faq qidalar\u0131, h\u0259m\u00e7inin l\u0259vazimatlar\u0131 s\u00fcr\u0259tl\u0259 bahala\u015f\u0131r.<\/p>\n\n\n\n<p><em>\u201c\u018fhalinin bunlar\u0131 alma\u011fa imkan\u0131 yoxdur. U\u015faq yem\u0259kl\u0259ri v\u0259 u\u015faq l\u0259vazimatlar\u0131na da vergi g\u00fcz\u0259\u015ftl\u0259ri \u015famil olunmal\u0131d\u0131r. \u018fg\u0259r g\u00fcz\u0259\u015ftl\u0259rd\u0259n s\u00f6hb\u0259t gedirs\u0259, bu sah\u0259y\u0259 \u00e7ox ehtiyac var\u201d<\/em>, &#8211; deputat deyib.<\/p>\n\n\n\n<p>Az\u0259rbaycanda u\u015faq qidalar\u0131n\u0131n qiym\u0259ti minimum 20-22 manatdan ba\u015flay\u0131r.<\/p>\n\n\n\n<p>Qiym\u0259t istehsal\u00e7\u0131 \u015firk\u0259td\u0259n as\u0131l\u0131 olaraq 60-70, b\u0259z\u0259n 100 manata q\u0259d\u0259r arta bilir.<\/p>\n\n\n\n<p>Sat\u0131c\u0131lar al\u0131c\u0131lar\u0131n daha \u00e7ox ucuz s\u00fcni u\u015faq qidalar\u0131na \u00fcst\u00fcnl\u00fck verdikl\u0259rini deyirl\u0259r.<\/p>\n\n\n\n<p>Az\u0259rbaycanda s\u00fcni u\u015faq qidalar\u0131n\u0131n baha olmas\u0131 xaricd\u0259n idxal olunmas\u0131 il\u0259 \u0259laq\u0259l\u0259ndirilir.<\/p>\n\n\n\n<p>Nazirl\u0259r Kabinetinin 2017- ci il q\u0259rar\u0131na \u0259sas\u0259n, k\u00f6rp\u0259l\u0259r \u00fc\u00e7\u00fcn n\u0259z\u0259rd\u0259 tutulan qidalar\u0131n \u00f6lk\u0259 \u0259razisin\u0259 g\u0259tirilm\u0259sin\u0259 0 faiz idxal g\u00f6mr\u00fck r\u00fcsumu t\u0259tbiq edilir.<\/p>\n\n\n\n<p>Noyabr\u0131n 20-d\u0259 Milli M\u0259clisd\u0259 Vergi M\u0259c\u0259ll\u0259sin\u0259 t\u0259klif olunan d\u0259yi\u015fiklikl\u0259rin m\u00fczakir\u0259si zaman\u0131 deputat Tahir Mirki\u015fili film istehsal\u0131na vergi g\u00fcz\u0259\u015fti t\u0259klif edib.<\/p>\n\n\n\n<p>O bildirib ki, film istehsal\u0131n\u0131 t\u0259\u015fviq etm\u0259k \u00fc\u00e7\u00fcn kino yarad\u0131c\u0131l\u0131\u011f\u0131 \u0259lav\u0259 d\u0259y\u0259r vergisind\u0259n (\u018fDV) tam azad olunmal\u0131d\u0131r.<\/p>\n","protected":false},"excerpt":{"rendered":"<p>&#8220;\u018fhalinin bunlar\u0131 alma\u011fa imkan\u0131 yoxdur&#8221; Deputat \u018fli M\u0259simli Milli M\u0259clisd\u0259 &#8230; <\/p>\n<p class=\"read-more-container\"><a title=\"U\u015faq qidalar\u0131na da vergi g\u00fcz\u0259\u015fti t\u0259klif olunur\" class=\"read-more button\" href=\"https:\/\/www.meydan.tv\/az\/article\/usaq-qidalarina-da-vergi-guzesti-teklif-olunur\/#more-321127\" aria-label=\"Read more about U\u015faq qidalar\u0131na da vergi g\u00fcz\u0259\u015fti t\u0259klif olunur\">Davam\u0131<\/a><\/p>\n","protected":false},"author":21,"featured_media":132020,"comment_status":"closed","ping_status":"closed","sticky":false,"template":"","format":"standard","meta":{"_acf_changed":false,"_sitemap_exclude":false,"_sitemap_priority":"","_sitemap_frequency":"","footnotes":""},"categories":[62,56],"tags":[],"class_list":["post-321127","post","type-post","status-publish","format-standard","has-post-thumbnail","hentry","category-sosial","category-xeberler","infinite-scroll-item","generate-columns","tablet-grid-50","mobile-grid-100","grid-parent","grid-33","no-featured-image-padding"],"acf":[],"yoast_head":"<!-- This site is optimized with the Yoast SEO plugin v27.4 - https:\/\/yoast.com\/product\/yoast-seo-wordpress\/ -->\n<title>U\u015faq qidalar\u0131na da vergi g\u00fcz\u0259\u015fti t\u0259klif olunur - MEYDAN.TV<\/title>\n<meta name=\"description\" content=\"&quot;\u018fhalinin bunlar\u0131 alma\u011fa imkan\u0131 yoxdur&quot;.\" \/>\n<meta name=\"robots\" content=\"index, follow, max-snippet:-1, max-image-preview:large, max-video-preview:-1\" \/>\n<link rel=\"canonical\" href=\"https:\/\/www.meydan.tv\/az\/article\/usaq-qidalarina-da-vergi-guzesti-teklif-olunur\/\" \/>\n<meta property=\"og:locale\" content=\"az_AZ\" \/>\n<meta property=\"og:type\" content=\"article\" \/>\n<meta property=\"og:title\" content=\"U\u015faq qidalar\u0131na da vergi g\u00fcz\u0259\u015fti t\u0259klif olunur - MEYDAN.TV\" \/>\n<meta property=\"og:description\" content=\"&quot;\u018fhalinin bunlar\u0131 alma\u011fa imkan\u0131 yoxdur&quot;.\" \/>\n<meta property=\"og:url\" content=\"https:\/\/www.meydan.tv\/az\/article\/usaq-qidalarina-da-vergi-guzesti-teklif-olunur\/\" \/>\n<meta property=\"og:site_name\" content=\"MEYDAN.TV\" \/>\n<meta property=\"article:published_time\" content=\"2024-11-20T11:54:31+00:00\" \/>\n<meta property=\"article:modified_time\" content=\"2024-11-20T11:54:32+00:00\" \/>\n<meta property=\"og:image\" content=\"https:\/\/www.meydan.tv\/wp-content\/uploads\/verrrgo.jpg\" \/>\n\t<meta property=\"og:image:width\" content=\"1120\" \/>\n\t<meta property=\"og:image:height\" content=\"630\" \/>\n\t<meta property=\"og:image:type\" content=\"image\/jpeg\" \/>\n<meta name=\"author\" content=\"mahmud\" \/>\n<meta name=\"twitter:card\" content=\"summary_large_image\" \/>\n<script type=\"application\/ld+json\" class=\"yoast-schema-graph\">{\"@context\":\"https:\\\/\\\/schema.org\",\"@graph\":[{\"@type\":\"Article\",\"@id\":\"https:\\\/\\\/www.meydan.tv\\\/az\\\/article\\\/usaq-qidalarina-da-vergi-guzesti-teklif-olunur\\\/#article\",\"isPartOf\":{\"@id\":\"https:\\\/\\\/www.meydan.tv\\\/az\\\/article\\\/usaq-qidalarina-da-vergi-guzesti-teklif-olunur\\\/\"},\"author\":{\"name\":\"mahmud\",\"@id\":\"https:\\\/\\\/www.meydan.tv\\\/az\\\/#\\\/schema\\\/person\\\/09863e516102a829e72bedcf3f84c6b0\"},\"headline\":\"U\u015faq qidalar\u0131na da vergi g\u00fcz\u0259\u015fti t\u0259klif olunur\",\"datePublished\":\"2024-11-20T11:54:31+00:00\",\"dateModified\":\"2024-11-20T11:54:32+00:00\",\"mainEntityOfPage\":{\"@id\":\"https:\\\/\\\/www.meydan.tv\\\/az\\\/article\\\/usaq-qidalarina-da-vergi-guzesti-teklif-olunur\\\/\"},\"wordCount\":302,\"publisher\":{\"@id\":\"https:\\\/\\\/www.meydan.tv\\\/az\\\/#organization\"},\"image\":{\"@id\":\"https:\\\/\\\/www.meydan.tv\\\/az\\\/article\\\/usaq-qidalarina-da-vergi-guzesti-teklif-olunur\\\/#primaryimage\"},\"thumbnailUrl\":\"https:\\\/\\\/www.meydan.tv\\\/wp-content\\\/uploads\\\/verrrgo.jpg\",\"articleSection\":[\"Sosial\",\"X\u0259b\u0259rl\u0259r\"],\"inLanguage\":\"az\"},{\"@type\":\"WebPage\",\"@id\":\"https:\\\/\\\/www.meydan.tv\\\/az\\\/article\\\/usaq-qidalarina-da-vergi-guzesti-teklif-olunur\\\/\",\"url\":\"https:\\\/\\\/www.meydan.tv\\\/az\\\/article\\\/usaq-qidalarina-da-vergi-guzesti-teklif-olunur\\\/\",\"name\":\"U\u015faq qidalar\u0131na da vergi g\u00fcz\u0259\u015fti t\u0259klif olunur - MEYDAN.TV\",\"isPartOf\":{\"@id\":\"https:\\\/\\\/www.meydan.tv\\\/az\\\/#website\"},\"primaryImageOfPage\":{\"@id\":\"https:\\\/\\\/www.meydan.tv\\\/az\\\/article\\\/usaq-qidalarina-da-vergi-guzesti-teklif-olunur\\\/#primaryimage\"},\"image\":{\"@id\":\"https:\\\/\\\/www.meydan.tv\\\/az\\\/article\\\/usaq-qidalarina-da-vergi-guzesti-teklif-olunur\\\/#primaryimage\"},\"thumbnailUrl\":\"https:\\\/\\\/www.meydan.tv\\\/wp-content\\\/uploads\\\/verrrgo.jpg\",\"datePublished\":\"2024-11-20T11:54:31+00:00\",\"dateModified\":\"2024-11-20T11:54:32+00:00\",\"description\":\"\\\"\u018fhalinin bunlar\u0131 alma\u011fa imkan\u0131 yoxdur\\\".\",\"breadcrumb\":{\"@id\":\"https:\\\/\\\/www.meydan.tv\\\/az\\\/article\\\/usaq-qidalarina-da-vergi-guzesti-teklif-olunur\\\/#breadcrumb\"},\"inLanguage\":\"az\",\"potentialAction\":[{\"@type\":\"ReadAction\",\"target\":[\"https:\\\/\\\/www.meydan.tv\\\/az\\\/article\\\/usaq-qidalarina-da-vergi-guzesti-teklif-olunur\\\/\"]}]},{\"@type\":\"ImageObject\",\"inLanguage\":\"az\",\"@id\":\"https:\\\/\\\/www.meydan.tv\\\/az\\\/article\\\/usaq-qidalarina-da-vergi-guzesti-teklif-olunur\\\/#primaryimage\",\"url\":\"https:\\\/\\\/www.meydan.tv\\\/wp-content\\\/uploads\\\/verrrgo.jpg\",\"contentUrl\":\"https:\\\/\\\/www.meydan.tv\\\/wp-content\\\/uploads\\\/verrrgo.jpg\",\"width\":1120,\"height\":630,\"caption\":\"Foto: Meydan TV\"},{\"@type\":\"BreadcrumbList\",\"@id\":\"https:\\\/\\\/www.meydan.tv\\\/az\\\/article\\\/usaq-qidalarina-da-vergi-guzesti-teklif-olunur\\\/#breadcrumb\",\"itemListElement\":[{\"@type\":\"ListItem\",\"position\":1,\"name\":\"Ana s\u0259hif\u0259\",\"item\":\"https:\\\/\\\/www.meydan.tv\\\/az\\\/\"},{\"@type\":\"ListItem\",\"position\":2,\"name\":\"Sosial\",\"item\":\"https:\\\/\\\/www.meydan.tv\\\/az\\\/section\\\/sosial\\\/\"},{\"@type\":\"ListItem\",\"position\":3,\"name\":\"U\u015faq qidalar\u0131na da vergi g\u00fcz\u0259\u015fti t\u0259klif olunur\"}]},{\"@type\":\"WebSite\",\"@id\":\"https:\\\/\\\/www.meydan.tv\\\/az\\\/#website\",\"url\":\"https:\\\/\\\/www.meydan.tv\\\/az\\\/\",\"name\":\"MEYDAN.TV\",\"description\":\"Meydan TV Az\u0259rbaycan\u0131n media m\u0259kan\u0131ndak\u0131 alternativ s\u0259sidir\",\"publisher\":{\"@id\":\"https:\\\/\\\/www.meydan.tv\\\/az\\\/#organization\"},\"potentialAction\":[{\"@type\":\"SearchAction\",\"target\":{\"@type\":\"EntryPoint\",\"urlTemplate\":\"https:\\\/\\\/www.meydan.tv\\\/az\\\/?s={search_term_string}\"},\"query-input\":{\"@type\":\"PropertyValueSpecification\",\"valueRequired\":true,\"valueName\":\"search_term_string\"}}],\"inLanguage\":\"az\"},{\"@type\":\"Organization\",\"@id\":\"https:\\\/\\\/www.meydan.tv\\\/az\\\/#organization\",\"name\":\"Meydan TV\",\"url\":\"https:\\\/\\\/www.meydan.tv\\\/az\\\/\",\"logo\":{\"@type\":\"ImageObject\",\"inLanguage\":\"az\",\"@id\":\"https:\\\/\\\/www.meydan.tv\\\/az\\\/#\\\/schema\\\/logo\\\/image\\\/\",\"url\":\"https:\\\/\\\/www.meydan.tv\\\/wp-content\\\/uploads\\\/2021\\\/07\\\/meydan-logo.svg\",\"contentUrl\":\"https:\\\/\\\/www.meydan.tv\\\/wp-content\\\/uploads\\\/2021\\\/07\\\/meydan-logo.svg\",\"width\":195,\"height\":46,\"caption\":\"Meydan TV\"},\"image\":{\"@id\":\"https:\\\/\\\/www.meydan.tv\\\/az\\\/#\\\/schema\\\/logo\\\/image\\\/\"}},{\"@type\":\"Person\",\"@id\":\"https:\\\/\\\/www.meydan.tv\\\/az\\\/#\\\/schema\\\/person\\\/09863e516102a829e72bedcf3f84c6b0\",\"name\":\"mahmud\"}]}<\/script>\n<!-- \/ Yoast SEO plugin. -->","yoast_head_json":{"title":"U\u015faq qidalar\u0131na da vergi g\u00fcz\u0259\u015fti t\u0259klif olunur - MEYDAN.TV","description":"\"\u018fhalinin bunlar\u0131 alma\u011fa imkan\u0131 yoxdur\".","robots":{"index":"index","follow":"follow","max-snippet":"max-snippet:-1","max-image-preview":"max-image-preview:large","max-video-preview":"max-video-preview:-1"},"canonical":"https:\/\/www.meydan.tv\/az\/article\/usaq-qidalarina-da-vergi-guzesti-teklif-olunur\/","og_locale":"az_AZ","og_type":"article","og_title":"U\u015faq qidalar\u0131na da vergi g\u00fcz\u0259\u015fti t\u0259klif olunur - MEYDAN.TV","og_description":"\"\u018fhalinin bunlar\u0131 alma\u011fa imkan\u0131 yoxdur\".","og_url":"https:\/\/www.meydan.tv\/az\/article\/usaq-qidalarina-da-vergi-guzesti-teklif-olunur\/","og_site_name":"MEYDAN.TV","article_published_time":"2024-11-20T11:54:31+00:00","article_modified_time":"2024-11-20T11:54:32+00:00","og_image":[{"width":1120,"height":630,"url":"https:\/\/www.meydan.tv\/wp-content\/uploads\/verrrgo.jpg","type":"image\/jpeg"}],"author":"mahmud","twitter_card":"summary_large_image","schema":{"@context":"https:\/\/schema.org","@graph":[{"@type":"Article","@id":"https:\/\/www.meydan.tv\/az\/article\/usaq-qidalarina-da-vergi-guzesti-teklif-olunur\/#article","isPartOf":{"@id":"https:\/\/www.meydan.tv\/az\/article\/usaq-qidalarina-da-vergi-guzesti-teklif-olunur\/"},"author":{"name":"mahmud","@id":"https:\/\/www.meydan.tv\/az\/#\/schema\/person\/09863e516102a829e72bedcf3f84c6b0"},"headline":"U\u015faq qidalar\u0131na da vergi g\u00fcz\u0259\u015fti t\u0259klif olunur","datePublished":"2024-11-20T11:54:31+00:00","dateModified":"2024-11-20T11:54:32+00:00","mainEntityOfPage":{"@id":"https:\/\/www.meydan.tv\/az\/article\/usaq-qidalarina-da-vergi-guzesti-teklif-olunur\/"},"wordCount":302,"publisher":{"@id":"https:\/\/www.meydan.tv\/az\/#organization"},"image":{"@id":"https:\/\/www.meydan.tv\/az\/article\/usaq-qidalarina-da-vergi-guzesti-teklif-olunur\/#primaryimage"},"thumbnailUrl":"https:\/\/www.meydan.tv\/wp-content\/uploads\/verrrgo.jpg","articleSection":["Sosial","X\u0259b\u0259rl\u0259r"],"inLanguage":"az"},{"@type":"WebPage","@id":"https:\/\/www.meydan.tv\/az\/article\/usaq-qidalarina-da-vergi-guzesti-teklif-olunur\/","url":"https:\/\/www.meydan.tv\/az\/article\/usaq-qidalarina-da-vergi-guzesti-teklif-olunur\/","name":"U\u015faq qidalar\u0131na da vergi g\u00fcz\u0259\u015fti t\u0259klif olunur - MEYDAN.TV","isPartOf":{"@id":"https:\/\/www.meydan.tv\/az\/#website"},"primaryImageOfPage":{"@id":"https:\/\/www.meydan.tv\/az\/article\/usaq-qidalarina-da-vergi-guzesti-teklif-olunur\/#primaryimage"},"image":{"@id":"https:\/\/www.meydan.tv\/az\/article\/usaq-qidalarina-da-vergi-guzesti-teklif-olunur\/#primaryimage"},"thumbnailUrl":"https:\/\/www.meydan.tv\/wp-content\/uploads\/verrrgo.jpg","datePublished":"2024-11-20T11:54:31+00:00","dateModified":"2024-11-20T11:54:32+00:00","description":"\"\u018fhalinin bunlar\u0131 alma\u011fa imkan\u0131 yoxdur\".","breadcrumb":{"@id":"https:\/\/www.meydan.tv\/az\/article\/usaq-qidalarina-da-vergi-guzesti-teklif-olunur\/#breadcrumb"},"inLanguage":"az","potentialAction":[{"@type":"ReadAction","target":["https:\/\/www.meydan.tv\/az\/article\/usaq-qidalarina-da-vergi-guzesti-teklif-olunur\/"]}]},{"@type":"ImageObject","inLanguage":"az","@id":"https:\/\/www.meydan.tv\/az\/article\/usaq-qidalarina-da-vergi-guzesti-teklif-olunur\/#primaryimage","url":"https:\/\/www.meydan.tv\/wp-content\/uploads\/verrrgo.jpg","contentUrl":"https:\/\/www.meydan.tv\/wp-content\/uploads\/verrrgo.jpg","width":1120,"height":630,"caption":"Foto: Meydan TV"},{"@type":"BreadcrumbList","@id":"https:\/\/www.meydan.tv\/az\/article\/usaq-qidalarina-da-vergi-guzesti-teklif-olunur\/#breadcrumb","itemListElement":[{"@type":"ListItem","position":1,"name":"Ana s\u0259hif\u0259","item":"https:\/\/www.meydan.tv\/az\/"},{"@type":"ListItem","position":2,"name":"Sosial","item":"https:\/\/www.meydan.tv\/az\/section\/sosial\/"},{"@type":"ListItem","position":3,"name":"U\u015faq qidalar\u0131na da vergi g\u00fcz\u0259\u015fti t\u0259klif olunur"}]},{"@type":"WebSite","@id":"https:\/\/www.meydan.tv\/az\/#website","url":"https:\/\/www.meydan.tv\/az\/","name":"MEYDAN.TV","description":"Meydan TV Az\u0259rbaycan\u0131n media m\u0259kan\u0131ndak\u0131 alternativ s\u0259sidir","publisher":{"@id":"https:\/\/www.meydan.tv\/az\/#organization"},"potentialAction":[{"@type":"SearchAction","target":{"@type":"EntryPoint","urlTemplate":"https:\/\/www.meydan.tv\/az\/?s={search_term_string}"},"query-input":{"@type":"PropertyValueSpecification","valueRequired":true,"valueName":"search_term_string"}}],"inLanguage":"az"},{"@type":"Organization","@id":"https:\/\/www.meydan.tv\/az\/#organization","name":"Meydan TV","url":"https:\/\/www.meydan.tv\/az\/","logo":{"@type":"ImageObject","inLanguage":"az","@id":"https:\/\/www.meydan.tv\/az\/#\/schema\/logo\/image\/","url":"https:\/\/www.meydan.tv\/wp-content\/uploads\/2021\/07\/meydan-logo.svg","contentUrl":"https:\/\/www.meydan.tv\/wp-content\/uploads\/2021\/07\/meydan-logo.svg","width":195,"height":46,"caption":"Meydan TV"},"image":{"@id":"https:\/\/www.meydan.tv\/az\/#\/schema\/logo\/image\/"}},{"@type":"Person","@id":"https:\/\/www.meydan.tv\/az\/#\/schema\/person\/09863e516102a829e72bedcf3f84c6b0","name":"mahmud"}]}},"_links":{"self":[{"href":"https:\/\/www.meydan.tv\/az\/wp-json\/wp\/v2\/posts\/321127","targetHints":{"allow":["GET"]}}],"collection":[{"href":"https:\/\/www.meydan.tv\/az\/wp-json\/wp\/v2\/posts"}],"about":[{"href":"https:\/\/www.meydan.tv\/az\/wp-json\/wp\/v2\/types\/post"}],"author":[{"embeddable":true,"href":"https:\/\/www.meydan.tv\/az\/wp-json\/wp\/v2\/users\/21"}],"replies":[{"embeddable":true,"href":"https:\/\/www.meydan.tv\/az\/wp-json\/wp\/v2\/comments?post=321127"}],"version-history":[{"count":1,"href":"https:\/\/www.meydan.tv\/az\/wp-json\/wp\/v2\/posts\/321127\/revisions"}],"predecessor-version":[{"id":321128,"href":"https:\/\/www.meydan.tv\/az\/wp-json\/wp\/v2\/posts\/321127\/revisions\/321128"}],"wp:featuredmedia":[{"embeddable":true,"href":"https:\/\/www.meydan.tv\/az\/wp-json\/wp\/v2\/media\/132020"}],"wp:attachment":[{"href":"https:\/\/www.meydan.tv\/az\/wp-json\/wp\/v2\/media?parent=321127"}],"wp:term":[{"taxonomy":"category","embeddable":true,"href":"https:\/\/www.meydan.tv\/az\/wp-json\/wp\/v2\/categories?post=321127"},{"taxonomy":"post_tag","embeddable":true,"href":"https:\/\/www.meydan.tv\/az\/wp-json\/wp\/v2\/tags?post=321127"}],"curies":[{"name":"wp","href":"https:\/\/api.w.org\/{rel}","templated":true}]}}