{"id":321027,"date":"2024-11-19T17:54:12","date_gmt":"2024-11-19T13:54:12","guid":{"rendered":"https:\/\/www.meydan.tv\/?p=321027"},"modified":"2024-11-20T21:05:17","modified_gmt":"2024-11-20T17:05:17","slug":"sevinc-dedi-ki-eger-men-acliga-baslasam-hami-mene-qosulacaq","status":"publish","type":"post","link":"https:\/\/www.meydan.tv\/az\/article\/sevinc-dedi-ki-eger-men-acliga-baslasam-hami-mene-qosulacaq\/","title":{"rendered":"\u201cSevinc dedi ki, \u0259g\u0259r m\u0259n acl\u0131\u011fa ba\u015flasam, ham\u0131 m\u0259n\u0259 qo\u015fulacaq\u201d"},"content":{"rendered":"\n<figure class=\"wp-block-embed is-type-video is-provider-youtube wp-block-embed-youtube wp-embed-aspect-16-9 wp-has-aspect-ratio\"><div class=\"wp-block-embed__wrapper\">\n<iframe title=\"\u201cCOP29 ke\u00e7iril\u0259rk\u0259n h\u0259bsxanada m\u0259hbus qad\u0131nlar havas\u0131z qal\u0131b\u201d\" width=\"1200\" height=\"675\" data-src=\"https:\/\/www.youtube.com\/embed\/o6Bk18gUR1w?feature=oembed\" frameborder=\"0\" allow=\"accelerometer; autoplay; clipboard-write; encrypted-media; gyroscope; picture-in-picture; web-share\" referrerpolicy=\"strict-origin-when-cross-origin\" allowfullscreen src=\"data:image\/svg+xml;base64,PHN2ZyB3aWR0aD0iMSIgaGVpZ2h0PSIxIiB4bWxucz0iaHR0cDovL3d3dy53My5vcmcvMjAwMC9zdmciPjwvc3ZnPg==\" class=\"lazyload\" data-load-mode=\"1\"><\/iframe>\n<\/div><\/figure>\n\n\n\n<!--more-->\n\n\n\n<p><em>Valideynl\u0259r h\u0259bsd\u0259 olan jurnalistl\u0259rin h\u0259yat\u0131ndan narahatd\u0131r<br><\/em><\/p>\n\n\n\n<p>Haz\u0131rda h\u0259bsd\u0259 olan \u201cAbzasMedia\u201d sayt\u0131n\u0131n ba\u015f redaktoru Sevinc Vaqifq\u0131z\u0131 deyib ki, \u0259g\u0259r saxlan\u0131ld\u0131qlar\u0131 1 sayl\u0131 Bak\u0131 \u0130stintaq T\u0259cridxanas\u0131nda \u00fczl\u0259\u015fdikl\u0259ri probleml\u0259r\u0259 son verilm\u0259s\u0259, acl\u0131q aksiyas\u0131na ba\u015flayacaq.<\/p>\n\n\n\n<p>Bu bar\u0259d\u0259 onun anas\u0131 Ofeliya M\u0259h\u0259rr\u0259mova ke\u00e7iril\u0259n m\u0259tbuat konfrans\u0131nda m\u0259lumat verdi.<\/p>\n\n\n\n<p><em>\u201cSevinc dedi ki, \u0259g\u0259r m\u0259n acl\u0131\u011fa ba\u015flasam, ham\u0131 m\u0259n\u0259 qo\u015fulacaq, acl\u0131\u011fa ba\u015flayacaq\u201d<\/em>, &#8211; Ofeliya M\u0259h\u0259rr\u0259mova dedi.<\/p>\n\n\n\n<p>\u00d6t\u0259n h\u0259ft\u0259nin sonundan etibar\u0259n g\u00fcnd\u0259min \u0259sas m\u00f6vzular\u0131ndan biri h\u0259bs olunmu\u015f jurnalist q\u0131zlar\u0131n t\u0259cridxanada \u00fczl\u0259\u015fdikl\u0259ri fiziki v\u0259 psixoloji t\u0259zyiqdir. M\u00fcsavat Partiyas\u0131n\u0131n q\u0259rargah\u0131nda t\u0259\u015fkil olunmu\u015f m\u0259tbuat konfrans\u0131nda ba\u015f ver\u0259nl\u0259ri h\u0259m Sevinc Vaqifq\u0131z\u0131n\u0131n, h\u0259m d\u0259 N\u0259rgiz Absalamovan\u0131n anas\u0131 anlatd\u0131.<\/p>\n\n\n\n<p>O.M\u0259h\u0259rr\u0259mova dedi ki, q\u0131z\u0131n\u0131n h\u0259bsd\u0259 oldu\u011fu 1 il \u0259rzind\u0259 onlara c\u0259mi 3 d\u0259f\u0259 a\u00e7\u0131q g\u00f6r\u00fc\u015f verilib. Qalan m\u00fcdd\u0259td\u0259 \u00fcz\u0259rind\u0259 2 sayl\u0131 yaz\u0131lm\u0131\u015f \u015f\u00fc\u015f\u0259 arak\u0259sm\u0259 vasit\u0259sil\u0259 g\u00f6r\u00fc\u015f\u00fcb, bir-birl\u0259ri il\u0259 telefon vasit\u0259sil\u0259 \u0259laq\u0259 saxlay\u0131blar. B\u00fct\u00fcn \u201cAbzas\u201d\u00e7\u0131lar\u0131n 2 sayl\u0131 m\u0259nt\u0259q\u0259d\u0259 g\u00f6r\u00fc\u015fd\u00fcy\u00fcn\u00fc dey\u0259n valideynl\u0259r h\u0259min telefonun dinl\u0259nildiyi q\u0259na\u0259tind\u0259dirl\u0259r.<\/p>\n\n\n\n<p><em>\u201cSonuncu d\u0259f\u0259 ged\u0259rk\u0259n biz\u0259 a\u00e7\u0131q g\u00f6r\u00fc\u015f olaca\u011f\u0131n\u0131 s\u00f6yl\u0259dil\u0259r. \u00dc\u00e7 saata q\u0259d\u0259r g\u00f6zl\u0259dik, Sevinci g\u0259tirm\u0259dil\u0259r. Sonra m\u0259n \u0259s\u0259bl\u0259\u015fib dedim ki, \u00fcr\u0259yi x\u0259st\u0259 adamam, n\u0259 q\u0259d\u0259r oturub g\u00f6zl\u0259m\u0259liy\u0259m? Bundan sonra biz\u0259 t\u0259krar \u015f\u00fc\u015f\u0259 arak\u0259sm\u0259 ard\u0131ndan g\u00f6r\u00fc\u015f verildi. Bu zaman iki n\u0259f\u0259r Sevincin arxas\u0131nda, bir n\u0259f\u0259r is\u0259 bizim arxam\u0131zda dayand\u0131. Sevinc buna etiraz edib dedi ki, onsuz da telefonu dinl\u0259yirsiz, burada dayanma\u011f\u0131n n\u0259 m\u0259nas\u0131 var?\u201c<\/em>, &#8211; O.M\u0259h\u0259rr\u0259mova dedi.<\/p>\n\n\n\n<p>Onun s\u00f6zl\u0259rin\u0259 g\u00f6r\u0259, Sevincin \u0259lind\u0259 x\u0259sar\u0259t izl\u0259ri var v\u0259 n\u0259zar\u0259t\u00e7i bil\u0259r\u0259kd\u0259n onun \u0259lini n\u0259f\u0259sliyin aras\u0131nda s\u0131x\u0131b.<\/p>\n\n\n\n<p>Anan\u0131n s\u00f6zl\u0259rin\u0259 g\u00f6r\u0259, Sevinc Vaqifq\u0131z\u0131 saxlanma \u015f\u0259raitinin normal olmamas\u0131ndan \u015fikay\u0259t\u00e7idir:<\/p>\n\n\n\n<p><em>\u201cM\u0259hbuslara veril\u0259n su i\u00e7m\u0259y\u0259 yarars\u0131zd\u0131r. Ona g\u00f6r\u0259 d\u0259 \u00f6z\u00fcm\u00fczl\u0259 filtirl\u0259nmi\u015f su apar\u0131r\u0131q. Yem\u0259yi d\u0259 \u00f6z\u00fcm\u00fcz apar\u0131r\u0131q. Sevinc deyir ki, el\u0259 qad\u0131nlar var, he\u00e7 kimi yoxdur. Onlar m\u0259cbur\u0259n h\u0259bsxanan\u0131n yem\u0259yini yeyirl\u0259r. Deyir, 15 n\u0259f\u0259r\u0259 4 tik\u0259 \u0259t g\u0259tirirl\u0259r. H\u0259ft\u0259d\u0259 1 d\u0259f\u0259 isti su verilir, o da 1 saat. 15 m\u0259hbus o 1 saat \u0259rzind\u0259 yuyunmal\u0131d\u0131r. Elnur \u0130smay\u0131lov q\u0259sd\u0259n bel\u0259 edir ki, m\u0259hbuslar aras\u0131nda intriqa yarans\u0131n, yem\u0259k, \u00e7imm\u0259k \u00fcst\u00fcnd\u0259 dala\u015fs\u0131nlar\u201d.<\/em><\/p>\n\n\n\n<p>O.M\u0259h\u0259rr\u0259movan\u0131n s\u00f6zl\u0259rin\u0259 g\u00f6r\u0259, q\u0131z\u0131n\u0131n tez-tez probleml\u0259ri qabartmas\u0131 t\u0259cridxana r\u0259hb\u0259rliyinin xo\u015funa g\u0259lmir:<\/p>\n\n\n\n<p><em>\u201cOrada 30 ilin soyuducular\u0131 var, insanlar yem\u0259kl\u0259rini y\u0131\u011fa bilmirl\u0259r, soyutmur, xarab edir. Sevinc d\u0259 deyib ki, bura ayr\u0131lan pullar hara gedir ki, soyuducular\u0131 yenil\u0259mirsiz? Bundan sonra g\u0259tirib 2 yeni soyuducu qoyublar. Orada ya\u015fl\u0131 bir qad\u0131n var, Sevinc\u0259 deyir ki, s\u0259n g\u0259l\u0259nd\u0259n sonra bura xeyli d\u00fcz\u0259lib. Bu c\u00fcr etirazlar Elnur \u0130smay\u0131lovun xo\u015funa g\u0259lmir\u201d.<\/em><\/p>\n\n\n\n<p>N\u0259rgiz Absalamovan\u0131n anas\u0131 Sevda Absalamova deyir ki, q\u0131z\u0131n\u0131n ba\u015f ver\u0259nl\u0259r\u0259 etiraz\u0131, d\u0259rman preparatlar\u0131n\u0131n verilm\u0259m\u0259si il\u0259 ba\u011fl\u0131 yaz\u0131s\u0131 t\u0259cridxana r\u0259hb\u0259rliyini q\u0259z\u0259bl\u0259ndirib. Onlar jurnalisti h\u0259d\u0259l\u0259yibl\u0259r. Bu s\u0259b\u0259bd\u0259n d\u0259 ana \u00f6vlad\u0131n\u0131n h\u0259yat\u0131ndan narahat oldu\u011funu deyir.<\/p>\n\n\n\n<p>Sevda Absalamovan\u0131n s\u00f6zl\u0259rin\u0259 g\u00f6r\u0259, q\u0131z\u0131 \u00fc\u00e7\u00fcn apard\u0131\u011f\u0131 t\u0259miz suyu g\u00f6t\u00fcrm\u00fcrl\u0259r, onun kamera yolda\u015flar\u0131na g\u00f6r\u00fc\u015f verm\u0259m\u0259kl\u0259 onlar\u0131 N\u0259rgiz\u0259 qar\u015f\u0131 qald\u0131r\u0131rlar:<\/p>\n\n\n\n<p><em>\u201c\u015e\u0259xs\u0259n m\u0259nim yan\u0131mda Elnur \u0130smaylov n\u0259zar\u0259t\u00e7il\u0259r\u0259 tap\u015f\u0131rd\u0131 ki, qad\u0131n m\u0259hbuslar\u0131n he\u00e7 birin\u0259 a\u00e7\u0131q g\u00f6r\u00fc\u015f verilm\u0259sin. Ancaq 2 sayl\u0131 yerd\u0259 dan\u0131\u015fd\u0131r\u0131rlar, yan\u0131m\u0131zda dayan\u0131rlar\u201d.<\/em><\/p>\n\n\n\n<p>\u00d6z\u00fcn\u00fcn d\u0259 m\u0259hbus h\u0259yat\u0131 ya\u015fad\u0131\u011f\u0131n\u0131 xat\u0131rladan h\u00fcquq m\u00fcdafi\u0259\u00e7isi R\u00fcf\u0259t S\u0259f\u0259rov h\u0259bsd\u0259ki jurnalistl\u0259rin dediyi probleml\u0259rin do\u011fru oldu\u011funu t\u0259sdiql\u0259di. Onun fikrinc\u0259, hakimiyy\u0259t jurnalistl\u0259rd\u0259n qisas al\u0131r, lakin buna baxmayaraq, \u201cAbzasMedia\u201d \u0259m\u0259kda\u015flar\u0131 h\u0259bsd\u0259 bel\u0259 \u00f6z i\u015fl\u0259rini davam etdirir, oradak\u0131 probleml\u0259ri ictimail\u0259\u015fdirirl\u0259r. H\u00fcquq m\u00fcdafi\u0259\u00e7isi vicdan m\u0259hbusu kimi tan\u0131nan dig\u0259r f\u0259allar\u0131n da t\u0259zyiql\u0259 \u00fczl\u0259\u015fdiyini deyir:<\/p>\n\n\n\n<p><em>\u201c\u0130qtisad\u00e7\u0131 Fazil Qas\u0131mov telefonla dan\u0131\u015fark\u0259n bir ne\u00e7\u0259 k\u0259lm\u0259 ingilisc\u0259 fikir bildirib. Buna g\u00f6r\u0259 onu h\u0259min kabin\u0259d\u0259n s\u00fcr\u00fcy\u00fcb \u00e7\u0131xar\u0131blar, \u0259ynind\u0259ki g\u00f6d\u0259kc\u0259 bel\u0259 c\u0131r\u0131l\u0131b\u201d.<\/em><\/p>\n\n\n\n<p>Hakimiyy\u0259tin \u00f6z t\u0259nqid\u00e7il\u0259rin\u0259 qar\u015f\u0131 q\u0259ddar davrand\u0131\u011f\u0131n\u0131 dey\u0259n h\u00fcquq m\u00fcdafi\u0259\u00e7isi h\u0259bs olunan iqtisad\u00e7\u0131n\u0131n M\u00fct\u0259\u015f\u0259kkil Cinay\u0259tkarl\u0131qla M\u00fcbariz\u0259 \u0130dar\u0259sind\u0259 i\u015fg\u0259nc\u0259 g\u00f6rd\u00fcy\u00fcn\u00fc xat\u0131rlatd\u0131: <em>\u201cOnun ba\u015f\u0131n\u0131 unitaza soxublar\u201d.<\/em><\/p>\n\n\n\n<p>Vaxtil\u0259 h\u0259bs h\u0259yat\u0131 ya\u015fam\u0131\u015f jurnalist, AXCP s\u0259drinin m\u00fcavini Seymur H\u0259zi d\u0259 \u201cAbzas\u201d\u00e7\u0131lar\u0131n qald\u0131rd\u0131\u011f\u0131 probleml\u0259r\u0259 yax\u0131ndan b\u0259l\u0259d oldu\u011funu dedi. Onun s\u00f6zl\u0259rin\u0259 g\u00f6r\u0259, hakimiyy\u0259tin m\u0259qs\u0259di c\u0259miyy\u0259ti qorxutmaqd\u0131r, lakin bu ist\u0259kl\u0259rin\u0259 \u00e7ata bilmirl\u0259r.<\/p>\n\n\n\n<p><em>\u201cSevinc, N\u0259rgizin, \u00dclvinin, Fazil Qas\u0131movun i\u00e7\u0259rid\u0259n mesaj \u00f6t\u00fcrm\u0259sinin hakimiyy\u0259t\u0259 nec\u0259 t\u0259sir etdiyini ba\u015fa d\u00fc\u015f\u00fcr\u0259m. Bunun s\u0259b\u0259bi o deyil ki, bu m\u0259lumatlar bay\u0131ra \u00e7\u0131xanda hans\u0131sa atom bombas\u0131 effekti yaradacaq. Onlar\u0131n narahatl\u0131\u011f\u0131 ondan ibar\u0259tdir ki, hakimiyy\u0259tin ba\u011flad\u0131\u011f\u0131 qap\u0131lar a\u00e7\u0131l\u0131r. Y\u0259ni c\u0259miyy\u0259ti ba\u011flamaq ist\u0259yir, amma \u201cn\u0259h\u0259ng h\u00f6kum\u0259t\u201d hans\u0131sa ar\u0131q, c\u0131l\u0131q q\u0131zlar\u0131n qar\u015f\u0131s\u0131nda ac\u0131z qal\u0131r\u201d.<\/em><\/p>\n\n\n\n<p><em>\u201cBiz n\u0259 etm\u0259liyik? Sevincin orada n\u0259 i\u015fi var ki, \u0259lind\u0259 qan\u00e7\u0131r olsun? Sual budur \u2013 Sevinc, N\u0259rgiz, Elnar\u0259, \u00dclvi, Fazil, \u201cToplum\u201d\u00e7ular, Akif, \u018fl\u0259sg\u0259r orada n\u0259 g\u0259zir? Bu adamlar n\u0259 edibl\u0259r ki, oraya d\u00fc\u015f\u00fcbl\u0259r? B\u00fct\u00fcn bu hadis\u0259l\u0259r hakimiyy\u0259tin cinay\u0259tinin n\u0259tic\u0259sind\u0259 ba\u015f verib. Penitensiar Xidm\u0259tin yar\u0131tmaz f\u0259aliyy\u0259ti v\u0259 s. bunlar i\u015fin elementar hiss\u0259sidir. M\u0259murlar\u0131n ham\u0131s\u0131 \u0130lham \u018fliyevin bir imzas\u0131n\u0131n alt\u0131ndad\u0131r. Ham\u0131s\u0131n\u0131 bir d\u0259qiq\u0259y\u0259 i\u015fd\u0259n \u00e7\u0131xar\u0131b, yenisini g\u0259tir\u0259 bil\u0259r. Dem\u0259li, bu i\u015fin arxas\u0131nda dayanan h\u00f6kum\u0259tin siyasi irad\u0259sidir, \u0130lham \u018fliyevin siyasi irad\u0259si n\u0259tic\u0259sind\u0259 bu prosesl\u0259r ba\u015f verir. N\u0259tic\u0259d\u0259 bizim dostlar\u0131m\u0131z, h\u0259mfikirl\u0259rimiz \u0259ziyy\u0259t g\u00f6r\u00fcrl\u0259r. D\u00fc\u015f\u00fcn\u00fcr\u0259m ki, c\u0259miyy\u0259t m\u00fcqavim\u0259t g\u00f6st\u0259rm\u0259lidir, ham\u0131 i\u00e7\u0259rid\u0259n, \u00e7\u00f6ld\u0259n yazmal\u0131d\u0131r. G\u00f6st\u0259rm\u0259liyik ki, h\u0259bsl\u0259r bu i\u015fl\u0259rin qar\u015f\u0131s\u0131n\u0131 ala bilm\u0259z\u201d.<\/em><\/p>\n","protected":false},"excerpt":{"rendered":"","protected":false},"author":12,"featured_media":321030,"comment_status":"closed","ping_status":"closed","sticky":false,"template":"","format":"standard","meta":{"_acf_changed":false,"_sitemap_exclude":false,"_sitemap_priority":"","_sitemap_frequency":"","footnotes":""},"categories":[59,79,63,56],"tags":[],"class_list":["post-321027","post","type-post","status-publish","format-standard","has-post-thumbnail","hentry","category-siyaset","category-featured","category-video-2","category-xeberler","infinite-scroll-item","generate-columns","tablet-grid-50","mobile-grid-100","grid-parent","grid-33","no-featured-image-padding"],"acf":[],"yoast_head":"<!-- This site is optimized with the Yoast SEO plugin v27.4 - https:\/\/yoast.com\/product\/yoast-seo-wordpress\/ -->\n<title>\u201cSevinc dedi ki, \u0259g\u0259r m\u0259n acl\u0131\u011fa ba\u015flasam, ham\u0131 m\u0259n\u0259 qo\u015fulacaq\u201d - MEYDAN.TV<\/title>\n<meta name=\"robots\" content=\"index, follow, max-snippet:-1, max-image-preview:large, max-video-preview:-1\" \/>\n<link rel=\"canonical\" href=\"https:\/\/www.meydan.tv\/az\/article\/sevinc-dedi-ki-eger-men-acliga-baslasam-hami-mene-qosulacaq\/\" \/>\n<meta property=\"og:locale\" content=\"az_AZ\" \/>\n<meta property=\"og:type\" content=\"article\" \/>\n<meta property=\"og:title\" content=\"\u201cSevinc dedi ki, \u0259g\u0259r m\u0259n acl\u0131\u011fa ba\u015flasam, ham\u0131 m\u0259n\u0259 qo\u015fulacaq\u201d - MEYDAN.TV\" \/>\n<meta property=\"og:url\" content=\"https:\/\/www.meydan.tv\/az\/article\/sevinc-dedi-ki-eger-men-acliga-baslasam-hami-mene-qosulacaq\/\" \/>\n<meta property=\"og:site_name\" content=\"MEYDAN.TV\" \/>\n<meta property=\"article:published_time\" content=\"2024-11-19T13:54:12+00:00\" \/>\n<meta property=\"article:modified_time\" content=\"2024-11-20T17:05:17+00:00\" \/>\n<meta property=\"og:image\" content=\"https:\/\/www.meydan.tv\/wp-content\/uploads\/screenshot-2024-11-19-at-14.53.03-1200x615.png\" \/>\n\t<meta property=\"og:image:width\" content=\"1200\" \/>\n\t<meta property=\"og:image:height\" content=\"615\" \/>\n\t<meta property=\"og:image:type\" content=\"image\/png\" \/>\n<meta name=\"author\" content=\"aleks\" \/>\n<meta name=\"twitter:card\" content=\"summary_large_image\" \/>\n<script type=\"application\/ld+json\" class=\"yoast-schema-graph\">{\"@context\":\"https:\\\/\\\/schema.org\",\"@graph\":[{\"@type\":\"Article\",\"@id\":\"https:\\\/\\\/www.meydan.tv\\\/az\\\/article\\\/sevinc-dedi-ki-eger-men-acliga-baslasam-hami-mene-qosulacaq\\\/#article\",\"isPartOf\":{\"@id\":\"https:\\\/\\\/www.meydan.tv\\\/az\\\/article\\\/sevinc-dedi-ki-eger-men-acliga-baslasam-hami-mene-qosulacaq\\\/\"},\"author\":{\"name\":\"aleks\",\"@id\":\"https:\\\/\\\/www.meydan.tv\\\/az\\\/#\\\/schema\\\/person\\\/476e9360e593fa131d5d71d51866f8da\"},\"headline\":\"\u201cSevinc dedi ki, \u0259g\u0259r m\u0259n acl\u0131\u011fa ba\u015flasam, ham\u0131 m\u0259n\u0259 qo\u015fulacaq\u201d\",\"datePublished\":\"2024-11-19T13:54:12+00:00\",\"dateModified\":\"2024-11-20T17:05:17+00:00\",\"mainEntityOfPage\":{\"@id\":\"https:\\\/\\\/www.meydan.tv\\\/az\\\/article\\\/sevinc-dedi-ki-eger-men-acliga-baslasam-hami-mene-qosulacaq\\\/\"},\"wordCount\":1299,\"publisher\":{\"@id\":\"https:\\\/\\\/www.meydan.tv\\\/az\\\/#organization\"},\"image\":{\"@id\":\"https:\\\/\\\/www.meydan.tv\\\/az\\\/article\\\/sevinc-dedi-ki-eger-men-acliga-baslasam-hami-mene-qosulacaq\\\/#primaryimage\"},\"thumbnailUrl\":\"https:\\\/\\\/www.meydan.tv\\\/wp-content\\\/uploads\\\/screenshot-2024-11-19-at-14.53.03.png\",\"articleSection\":[\"Siyas\u0259t\",\"T\u00f6vsiy\u0259\",\"Video\",\"X\u0259b\u0259rl\u0259r\"],\"inLanguage\":\"az\"},{\"@type\":\"WebPage\",\"@id\":\"https:\\\/\\\/www.meydan.tv\\\/az\\\/article\\\/sevinc-dedi-ki-eger-men-acliga-baslasam-hami-mene-qosulacaq\\\/\",\"url\":\"https:\\\/\\\/www.meydan.tv\\\/az\\\/article\\\/sevinc-dedi-ki-eger-men-acliga-baslasam-hami-mene-qosulacaq\\\/\",\"name\":\"\u201cSevinc dedi ki, \u0259g\u0259r m\u0259n acl\u0131\u011fa ba\u015flasam, ham\u0131 m\u0259n\u0259 qo\u015fulacaq\u201d - MEYDAN.TV\",\"isPartOf\":{\"@id\":\"https:\\\/\\\/www.meydan.tv\\\/az\\\/#website\"},\"primaryImageOfPage\":{\"@id\":\"https:\\\/\\\/www.meydan.tv\\\/az\\\/article\\\/sevinc-dedi-ki-eger-men-acliga-baslasam-hami-mene-qosulacaq\\\/#primaryimage\"},\"image\":{\"@id\":\"https:\\\/\\\/www.meydan.tv\\\/az\\\/article\\\/sevinc-dedi-ki-eger-men-acliga-baslasam-hami-mene-qosulacaq\\\/#primaryimage\"},\"thumbnailUrl\":\"https:\\\/\\\/www.meydan.tv\\\/wp-content\\\/uploads\\\/screenshot-2024-11-19-at-14.53.03.png\",\"datePublished\":\"2024-11-19T13:54:12+00:00\",\"dateModified\":\"2024-11-20T17:05:17+00:00\",\"breadcrumb\":{\"@id\":\"https:\\\/\\\/www.meydan.tv\\\/az\\\/article\\\/sevinc-dedi-ki-eger-men-acliga-baslasam-hami-mene-qosulacaq\\\/#breadcrumb\"},\"inLanguage\":\"az\",\"potentialAction\":[{\"@type\":\"ReadAction\",\"target\":[\"https:\\\/\\\/www.meydan.tv\\\/az\\\/article\\\/sevinc-dedi-ki-eger-men-acliga-baslasam-hami-mene-qosulacaq\\\/\"]}]},{\"@type\":\"ImageObject\",\"inLanguage\":\"az\",\"@id\":\"https:\\\/\\\/www.meydan.tv\\\/az\\\/article\\\/sevinc-dedi-ki-eger-men-acliga-baslasam-hami-mene-qosulacaq\\\/#primaryimage\",\"url\":\"https:\\\/\\\/www.meydan.tv\\\/wp-content\\\/uploads\\\/screenshot-2024-11-19-at-14.53.03.png\",\"contentUrl\":\"https:\\\/\\\/www.meydan.tv\\\/wp-content\\\/uploads\\\/screenshot-2024-11-19-at-14.53.03.png\",\"width\":2262,\"height\":1160,\"caption\":\"M\u0259tbuat konfrans\u0131ndan. Foto: Meydan TV\"},{\"@type\":\"BreadcrumbList\",\"@id\":\"https:\\\/\\\/www.meydan.tv\\\/az\\\/article\\\/sevinc-dedi-ki-eger-men-acliga-baslasam-hami-mene-qosulacaq\\\/#breadcrumb\",\"itemListElement\":[{\"@type\":\"ListItem\",\"position\":1,\"name\":\"Ana s\u0259hif\u0259\",\"item\":\"https:\\\/\\\/www.meydan.tv\\\/az\\\/\"},{\"@type\":\"ListItem\",\"position\":2,\"name\":\"X\u0259b\u0259rl\u0259r\",\"item\":\"https:\\\/\\\/www.meydan.tv\\\/az\\\/section\\\/xeberler\\\/\"},{\"@type\":\"ListItem\",\"position\":3,\"name\":\"\u201cSevinc dedi ki, \u0259g\u0259r m\u0259n acl\u0131\u011fa ba\u015flasam, ham\u0131 m\u0259n\u0259 qo\u015fulacaq\u201d\"}]},{\"@type\":\"WebSite\",\"@id\":\"https:\\\/\\\/www.meydan.tv\\\/az\\\/#website\",\"url\":\"https:\\\/\\\/www.meydan.tv\\\/az\\\/\",\"name\":\"MEYDAN.TV\",\"description\":\"Meydan TV Az\u0259rbaycan\u0131n media m\u0259kan\u0131ndak\u0131 alternativ s\u0259sidir\",\"publisher\":{\"@id\":\"https:\\\/\\\/www.meydan.tv\\\/az\\\/#organization\"},\"potentialAction\":[{\"@type\":\"SearchAction\",\"target\":{\"@type\":\"EntryPoint\",\"urlTemplate\":\"https:\\\/\\\/www.meydan.tv\\\/az\\\/?s={search_term_string}\"},\"query-input\":{\"@type\":\"PropertyValueSpecification\",\"valueRequired\":true,\"valueName\":\"search_term_string\"}}],\"inLanguage\":\"az\"},{\"@type\":\"Organization\",\"@id\":\"https:\\\/\\\/www.meydan.tv\\\/az\\\/#organization\",\"name\":\"Meydan TV\",\"url\":\"https:\\\/\\\/www.meydan.tv\\\/az\\\/\",\"logo\":{\"@type\":\"ImageObject\",\"inLanguage\":\"az\",\"@id\":\"https:\\\/\\\/www.meydan.tv\\\/az\\\/#\\\/schema\\\/logo\\\/image\\\/\",\"url\":\"https:\\\/\\\/www.meydan.tv\\\/wp-content\\\/uploads\\\/2021\\\/07\\\/meydan-logo.svg\",\"contentUrl\":\"https:\\\/\\\/www.meydan.tv\\\/wp-content\\\/uploads\\\/2021\\\/07\\\/meydan-logo.svg\",\"width\":195,\"height\":46,\"caption\":\"Meydan TV\"},\"image\":{\"@id\":\"https:\\\/\\\/www.meydan.tv\\\/az\\\/#\\\/schema\\\/logo\\\/image\\\/\"}},{\"@type\":\"Person\",\"@id\":\"https:\\\/\\\/www.meydan.tv\\\/az\\\/#\\\/schema\\\/person\\\/476e9360e593fa131d5d71d51866f8da\",\"name\":\"aleks\"}]}<\/script>\n<!-- \/ Yoast SEO plugin. -->","yoast_head_json":{"title":"\u201cSevinc dedi ki, \u0259g\u0259r m\u0259n acl\u0131\u011fa ba\u015flasam, ham\u0131 m\u0259n\u0259 qo\u015fulacaq\u201d - MEYDAN.TV","robots":{"index":"index","follow":"follow","max-snippet":"max-snippet:-1","max-image-preview":"max-image-preview:large","max-video-preview":"max-video-preview:-1"},"canonical":"https:\/\/www.meydan.tv\/az\/article\/sevinc-dedi-ki-eger-men-acliga-baslasam-hami-mene-qosulacaq\/","og_locale":"az_AZ","og_type":"article","og_title":"\u201cSevinc dedi ki, \u0259g\u0259r m\u0259n acl\u0131\u011fa ba\u015flasam, ham\u0131 m\u0259n\u0259 qo\u015fulacaq\u201d - MEYDAN.TV","og_url":"https:\/\/www.meydan.tv\/az\/article\/sevinc-dedi-ki-eger-men-acliga-baslasam-hami-mene-qosulacaq\/","og_site_name":"MEYDAN.TV","article_published_time":"2024-11-19T13:54:12+00:00","article_modified_time":"2024-11-20T17:05:17+00:00","og_image":[{"width":1200,"height":615,"url":"https:\/\/www.meydan.tv\/wp-content\/uploads\/screenshot-2024-11-19-at-14.53.03-1200x615.png","type":"image\/png"}],"author":"aleks","twitter_card":"summary_large_image","schema":{"@context":"https:\/\/schema.org","@graph":[{"@type":"Article","@id":"https:\/\/www.meydan.tv\/az\/article\/sevinc-dedi-ki-eger-men-acliga-baslasam-hami-mene-qosulacaq\/#article","isPartOf":{"@id":"https:\/\/www.meydan.tv\/az\/article\/sevinc-dedi-ki-eger-men-acliga-baslasam-hami-mene-qosulacaq\/"},"author":{"name":"aleks","@id":"https:\/\/www.meydan.tv\/az\/#\/schema\/person\/476e9360e593fa131d5d71d51866f8da"},"headline":"\u201cSevinc dedi ki, \u0259g\u0259r m\u0259n acl\u0131\u011fa ba\u015flasam, ham\u0131 m\u0259n\u0259 qo\u015fulacaq\u201d","datePublished":"2024-11-19T13:54:12+00:00","dateModified":"2024-11-20T17:05:17+00:00","mainEntityOfPage":{"@id":"https:\/\/www.meydan.tv\/az\/article\/sevinc-dedi-ki-eger-men-acliga-baslasam-hami-mene-qosulacaq\/"},"wordCount":1299,"publisher":{"@id":"https:\/\/www.meydan.tv\/az\/#organization"},"image":{"@id":"https:\/\/www.meydan.tv\/az\/article\/sevinc-dedi-ki-eger-men-acliga-baslasam-hami-mene-qosulacaq\/#primaryimage"},"thumbnailUrl":"https:\/\/www.meydan.tv\/wp-content\/uploads\/screenshot-2024-11-19-at-14.53.03.png","articleSection":["Siyas\u0259t","T\u00f6vsiy\u0259","Video","X\u0259b\u0259rl\u0259r"],"inLanguage":"az"},{"@type":"WebPage","@id":"https:\/\/www.meydan.tv\/az\/article\/sevinc-dedi-ki-eger-men-acliga-baslasam-hami-mene-qosulacaq\/","url":"https:\/\/www.meydan.tv\/az\/article\/sevinc-dedi-ki-eger-men-acliga-baslasam-hami-mene-qosulacaq\/","name":"\u201cSevinc dedi ki, \u0259g\u0259r m\u0259n acl\u0131\u011fa ba\u015flasam, ham\u0131 m\u0259n\u0259 qo\u015fulacaq\u201d - MEYDAN.TV","isPartOf":{"@id":"https:\/\/www.meydan.tv\/az\/#website"},"primaryImageOfPage":{"@id":"https:\/\/www.meydan.tv\/az\/article\/sevinc-dedi-ki-eger-men-acliga-baslasam-hami-mene-qosulacaq\/#primaryimage"},"image":{"@id":"https:\/\/www.meydan.tv\/az\/article\/sevinc-dedi-ki-eger-men-acliga-baslasam-hami-mene-qosulacaq\/#primaryimage"},"thumbnailUrl":"https:\/\/www.meydan.tv\/wp-content\/uploads\/screenshot-2024-11-19-at-14.53.03.png","datePublished":"2024-11-19T13:54:12+00:00","dateModified":"2024-11-20T17:05:17+00:00","breadcrumb":{"@id":"https:\/\/www.meydan.tv\/az\/article\/sevinc-dedi-ki-eger-men-acliga-baslasam-hami-mene-qosulacaq\/#breadcrumb"},"inLanguage":"az","potentialAction":[{"@type":"ReadAction","target":["https:\/\/www.meydan.tv\/az\/article\/sevinc-dedi-ki-eger-men-acliga-baslasam-hami-mene-qosulacaq\/"]}]},{"@type":"ImageObject","inLanguage":"az","@id":"https:\/\/www.meydan.tv\/az\/article\/sevinc-dedi-ki-eger-men-acliga-baslasam-hami-mene-qosulacaq\/#primaryimage","url":"https:\/\/www.meydan.tv\/wp-content\/uploads\/screenshot-2024-11-19-at-14.53.03.png","contentUrl":"https:\/\/www.meydan.tv\/wp-content\/uploads\/screenshot-2024-11-19-at-14.53.03.png","width":2262,"height":1160,"caption":"M\u0259tbuat konfrans\u0131ndan. Foto: Meydan TV"},{"@type":"BreadcrumbList","@id":"https:\/\/www.meydan.tv\/az\/article\/sevinc-dedi-ki-eger-men-acliga-baslasam-hami-mene-qosulacaq\/#breadcrumb","itemListElement":[{"@type":"ListItem","position":1,"name":"Ana s\u0259hif\u0259","item":"https:\/\/www.meydan.tv\/az\/"},{"@type":"ListItem","position":2,"name":"X\u0259b\u0259rl\u0259r","item":"https:\/\/www.meydan.tv\/az\/section\/xeberler\/"},{"@type":"ListItem","position":3,"name":"\u201cSevinc dedi ki, \u0259g\u0259r m\u0259n acl\u0131\u011fa ba\u015flasam, ham\u0131 m\u0259n\u0259 qo\u015fulacaq\u201d"}]},{"@type":"WebSite","@id":"https:\/\/www.meydan.tv\/az\/#website","url":"https:\/\/www.meydan.tv\/az\/","name":"MEYDAN.TV","description":"Meydan TV Az\u0259rbaycan\u0131n media m\u0259kan\u0131ndak\u0131 alternativ s\u0259sidir","publisher":{"@id":"https:\/\/www.meydan.tv\/az\/#organization"},"potentialAction":[{"@type":"SearchAction","target":{"@type":"EntryPoint","urlTemplate":"https:\/\/www.meydan.tv\/az\/?s={search_term_string}"},"query-input":{"@type":"PropertyValueSpecification","valueRequired":true,"valueName":"search_term_string"}}],"inLanguage":"az"},{"@type":"Organization","@id":"https:\/\/www.meydan.tv\/az\/#organization","name":"Meydan TV","url":"https:\/\/www.meydan.tv\/az\/","logo":{"@type":"ImageObject","inLanguage":"az","@id":"https:\/\/www.meydan.tv\/az\/#\/schema\/logo\/image\/","url":"https:\/\/www.meydan.tv\/wp-content\/uploads\/2021\/07\/meydan-logo.svg","contentUrl":"https:\/\/www.meydan.tv\/wp-content\/uploads\/2021\/07\/meydan-logo.svg","width":195,"height":46,"caption":"Meydan TV"},"image":{"@id":"https:\/\/www.meydan.tv\/az\/#\/schema\/logo\/image\/"}},{"@type":"Person","@id":"https:\/\/www.meydan.tv\/az\/#\/schema\/person\/476e9360e593fa131d5d71d51866f8da","name":"aleks"}]}},"_links":{"self":[{"href":"https:\/\/www.meydan.tv\/az\/wp-json\/wp\/v2\/posts\/321027","targetHints":{"allow":["GET"]}}],"collection":[{"href":"https:\/\/www.meydan.tv\/az\/wp-json\/wp\/v2\/posts"}],"about":[{"href":"https:\/\/www.meydan.tv\/az\/wp-json\/wp\/v2\/types\/post"}],"author":[{"embeddable":true,"href":"https:\/\/www.meydan.tv\/az\/wp-json\/wp\/v2\/users\/12"}],"replies":[{"embeddable":true,"href":"https:\/\/www.meydan.tv\/az\/wp-json\/wp\/v2\/comments?post=321027"}],"version-history":[{"count":4,"href":"https:\/\/www.meydan.tv\/az\/wp-json\/wp\/v2\/posts\/321027\/revisions"}],"predecessor-version":[{"id":321176,"href":"https:\/\/www.meydan.tv\/az\/wp-json\/wp\/v2\/posts\/321027\/revisions\/321176"}],"wp:featuredmedia":[{"embeddable":true,"href":"https:\/\/www.meydan.tv\/az\/wp-json\/wp\/v2\/media\/321030"}],"wp:attachment":[{"href":"https:\/\/www.meydan.tv\/az\/wp-json\/wp\/v2\/media?parent=321027"}],"wp:term":[{"taxonomy":"category","embeddable":true,"href":"https:\/\/www.meydan.tv\/az\/wp-json\/wp\/v2\/categories?post=321027"},{"taxonomy":"post_tag","embeddable":true,"href":"https:\/\/www.meydan.tv\/az\/wp-json\/wp\/v2\/tags?post=321027"}],"curies":[{"name":"wp","href":"https:\/\/api.w.org\/{rel}","templated":true}]}}