{"id":321017,"date":"2024-11-19T16:49:43","date_gmt":"2024-11-19T12:49:43","guid":{"rendered":"https:\/\/www.meydan.tv\/?p=321017"},"modified":"2024-11-19T17:11:45","modified_gmt":"2024-11-19T13:11:45","slug":"universitet-muellimi-sexsi-munaqise-zemininde-isden-cixarildigini-deyir","status":"publish","type":"post","link":"https:\/\/www.meydan.tv\/az\/article\/universitet-muellimi-sexsi-munaqise-zemininde-isden-cixarildigini-deyir\/","title":{"rendered":"Universitet m\u00fc\u0259llimi \u015f\u0259xsi m\u00fcnaqi\u015f\u0259 z\u0259minind\u0259 i\u015fd\u0259n \u00e7\u0131xar\u0131ld\u0131\u011f\u0131n\u0131 deyir"},"content":{"rendered":"\n<p><\/p>\n\n\n\n<p><strong><em>Z\u00fcmr\u00fcd Qurbanova ADNSU-dan \u0130lham \u018fliyev\u0259 \u015fikay\u0259t edir<\/em><\/strong><\/p>\n\n\n\n<p>Az\u0259rbaycan D\u00f6vl\u0259t Neft v\u0259 S\u0259naye Universitetinin m\u00fc\u0259llimi (ADNSU) Z\u00fcmr\u00fcd Qurbanova \u015f\u0259xsi m\u00fcnaqi\u015f\u0259l\u0259r z\u0259minind\u0259 i\u015fd\u0259n \u00e7\u0131xar\u0131ld\u0131\u011f\u0131n\u0131 deyir.<\/p>\n\n\n\n<p>V\u0259t\u0259nda\u015f Meydan TV-y\u0259 bildirib ki, 2024-c\u00fc il aprelin 1-d\u0259 \u201c\u0259m\u0259k m\u00fcqavil\u0259sinin m\u00fcdd\u0259tinin bitm\u0259si\u201d b\u0259han\u0259sil\u0259 f\u0259aliyy\u0259tin\u0259 xitam verilib.<\/p>\n\n\n\n<p>M\u00fc\u0259llim deyir ki, Universitetin Kimya-texnologiyas\u0131 fak\u00fclt\u0259sinin professoru Yunis Q\u0259hr\u0259manl\u0131 v\u0259 \u0130nsan Resurslar\u0131 Departamentinin direktoru \u0130lduz\u0259 H\u00fcseynova onu \u015f\u0259xsi z\u0259mind\u0259 v\u0259zif\u0259sind\u0259n uzaqla\u015fd\u0131r\u0131blar.<\/p>\n\n\n\n<p><em>\u201cSon ill\u0259r\u0259 q\u0259d\u0259r universitetl\u0259 m\u00fc\u0259lliml\u0259r aras\u0131ndak\u0131 m\u00fcqavil\u0259 se\u00e7kil\u0259rin n\u0259tic\u0259sin\u0259 \u0259sas\u0259n 5 illik ba\u011flan\u0131rd\u0131. 2024-c\u00fc il yanvar\u0131n 19-da i\u015fl\u0259diyim kafedran\u0131n 10 dosentinin, h\u0259m\u00e7inin m\u0259nim d\u0259 5 illik m\u00fcqavil\u0259miz ba\u015fa \u00e7atd\u0131. Universitet b\u00fct\u00fcn \u0259m\u0259kda\u015flarla 2 ayl\u0131q m\u00fcv\u0259qq\u0259ti \u0259m\u0259k m\u00fcqavil\u0259si ba\u011flad\u0131. Himay\u0259md\u0259 I qrup daun sindromlu \u00f6vlad\u0131m var, \u00f6z\u00fcm d\u0259 II qrup \u0259lil oldu\u011fum \u00fc\u00e7\u00fcn m\u0259cbur raz\u0131la\u015fd\u0131m. Halbuki 48 il bu universitetd\u0259 i\u015fl\u0259mi\u015f\u0259m v\u0259 m\u00fcqavil\u0259m d\u0259 m\u00fcdd\u0259tsiz olmal\u0131 idi\u201d<\/em>, &#8211; m\u00fc\u0259llim deyir.<\/p>\n\n\n\n<p>O bildirib ki, iki ayl\u0131q m\u00fcqavil\u0259 2024-c\u00fc il mart\u0131n 19-da ba\u015fa \u00e7atsa da, i\u015f\u0259 q\u0259bulla ba\u011fl\u0131 m\u00fcsabiq\u0259nin vaxt\u0131 uzad\u0131l\u0131b:<\/p>\n\n\n\n<p><em>\u201c\u0130nsan Resurslar\u0131 Departamentinin direktoru \u0130lduz\u0259 H\u00fcseynova m\u00fcsabiq\u0259ni m\u0259qs\u0259dli \u015f\u0259kild\u0259 mart\u0131n 27-28-n\u0259 t\u0259yin etdi. Y\u0259ni m\u0259n v\u0259 dig\u0259r m\u00fc\u0259lliml\u0259r i\u015fsiz oldu\u011fumuz tarixd\u0259 m\u00fcsabiq\u0259y\u0259 c\u0259lb olunduq. M\u00fcsabiq\u0259nin \u015f\u0259rtl\u0259rin\u0259 g\u00f6r\u0259, b\u00fct\u00fcn m\u00fc\u0259lliml\u0259rin i\u015ftirak\u0131 \u00fc\u00e7\u00fcn rektora \u00fcnvanlad\u0131qlar\u0131 \u0259riz\u0259l\u0259r\u0259 kafedra m\u00fcdiri t\u0259r\u0259find\u0259n d\u0259rk\u0259nar qoyulur, s\u0259n\u0259dl\u0259r elmi katib t\u0259r\u0259find\u0259n toplanaraq kafedra iclas\u0131na v\u0259 ya elmi \u015furaya t\u0259qdimat \u00fc\u00e7\u00fcn haz\u0131rlan\u0131r. Kafedra m\u00fcdiri Yunis Q\u0259hr\u0259manl\u0131n\u0131n g\u00f6st\u0259ri\u015fil\u0259 s\u0259n\u0259dl\u0259rim elmi katib t\u0259r\u0259find\u0259n q\u0259bul edilm\u0259di. Bu da kafedra m\u00fcdirinin m\u0259niml\u0259 \u015f\u0259xsi m\u00fcnaqi\u015f\u0259 z\u0259minind\u0259 q\u0259r\u0259zliyinin v\u0259 \u00f6zba\u015f\u0131nal\u0131\u011f\u0131n\u0131n, v\u0259zif\u0259sind\u0259n istifad\u0259 etm\u0259sinin s\u00fcbutudur\u201d<\/em>.<\/p>\n\n\n\n<p>Z\u00fcmr\u00fcd Qurbanova deyir ki, \u201cAli t\u0259hsil m\u00fc\u0259ssis\u0259l\u0259rind\u0259 professor-m\u00fc\u0259llim v\u0259 kafedra m\u00fcdiri v\u0259zif\u0259l\u0259rinin tutulmas\u0131 qaydalar\u0131 haqq\u0131nda\u201d \u018fsasnam\u0259y\u0259 g\u00f6r\u0259, \u201cprofessor -m\u00fc\u0259llim v\u0259zif\u0259l\u0259rin\u0259 se\u00e7ilm\u0259k \u00fc\u00e7\u00fcn (gizli s\u0259sverm\u0259d\u0259n \u0259vv\u0259l) m\u00fcsabiq\u0259d\u0259 i\u015ftirak ed\u0259n h\u0259r bir namiz\u0259din pe\u015f\u0259-ixtisas haz\u0131rl\u0131\u011f\u0131 haqq\u0131nda m\u0259lumat dinl\u0259nilm\u0259lidir:<\/p>\n\n\n\n<p><em>\u201cS\u0259n\u0259dl\u0259r se\u00e7kid\u0259n \u0259vv\u0259l m\u00fcvafiq kafedra iclas\u0131nda m\u00fczakir\u0259 olunmal\u0131, h\u0259r bir namiz\u0259din elmi-pedaqoji f\u0259aliyy\u0259ti obyektiv sur\u0259td\u0259 qiym\u0259tl\u0259ndiril\u0259r\u0259k, m\u00fcvafiq q\u0259rar q\u0259bul edilm\u0259li, h\u0259r bir namiz\u0259d \u00fc\u00e7\u00fcn kafedran\u0131n \u0259sasland\u0131r\u0131lm\u0131\u015f r\u0259yi fak\u00fclt\u0259 elmi \u015furas\u0131na t\u0259qdim edim\u0259lidir. M\u00fcsabiq\u0259d\u0259n \u0259vv\u0259l v\u0259 se\u00e7ki g\u00fcn\u00fc m\u00fcsabiq\u0259d\u0259n ke\u00e7\u0259n 10 m\u00fc\u0259llimin, o c\u00fcml\u0259d\u0259n m\u0259nim d\u0259 elmi-pedaqoji f\u0259aliyy\u0259tim qiym\u0259tl\u0259ndirilm\u0259di, r\u0259y verilm\u0259di. Kafedra iclas\u0131nda anal\u0131q m\u0259zuniyy\u0259tind\u0259 olan g\u00f6rk\u0259mli alim kimi t\u0259qdim edil\u0259n pedaqoq \u00fcst\u00fcnl\u00fck qazand\u0131. Sual yaran\u0131r ki, bu yeni t\u0259cr\u00fcb\u0259siz namiz\u0259d niy\u0259 he\u00e7 kimi yox, m\u0259hz m\u0259ni, \u00f6z\u00fc d\u0259 d\u0259rs ilinin ortas\u0131nda \u0259v\u0259z edib? Bu, Yunis Q\u0259hr\u0259manl\u0131n\u0131n m\u0259ni se\u00e7ki ad\u0131 alt\u0131nda m\u0259hv etm\u0259k plan\u0131n\u0131 bir daha s\u00fcbut edir\u201d<\/em>.<\/p>\n\n\n\n<p>Qurbanova bildirir ki, universitetd\u0259 h\u0259tta onunla yax\u015f\u0131 m\u00fcnasib\u0259td\u0259 olan h\u0259mkarlar\u0131 da kafedra m\u00fcdiri t\u0259r\u0259find\u0259n t\u0259hdid olunaraq, onun \u0259ksin\u0259 s\u0259s veribl\u0259r:<\/p>\n\n\n\n<p><em>\u201cBu universitet m\u00fc\u0259yy\u0259n qrupla\u015fman\u0131n \u0259lind\u0259dir v\u0259 onlar ist\u0259dikl\u0259ri \u00f6zba\u015f\u0131nal\u0131qlar\u0131 etm\u0259kl\u0259 \u0259m\u0259kda\u015flar\u0131n taleyi il\u0259 oynay\u0131rlar. Burada t\u0259hsild\u0259n ba\u015fqa h\u0259r c\u00fcr i\u015fl\u0259rl\u0259, h\u0259tta m\u0259n\u0259vi pozuntularla da m\u0259\u015f\u011ful olurlar. \u0130nsan Resurslar\u0131 Departamentinin direktoru \u0130lduz\u0259 H\u00fcseynovan\u0131n ba\u015f\u00e7\u0131l\u0131q etdiyi i\u015fbazlar komandas\u0131 yaln\u0131z m\u0259nim deyil, universitetin bir \u00e7ox i\u015fg\u00fczar m\u00fc\u0259llim v\u0259 \u0259m\u0259kda\u015flar\u0131na qar\u015f\u0131 da h\u00fcquq pozuntular\u0131 edir\u201d<\/em>.<\/p>\n\n\n\n<p>M\u00fc\u0259llim deyir ki, Yunis Q\u0259hr\u0259manl\u0131 savadl\u0131 v\u0259 z\u0259hm\u0259tke\u015f m\u00fc\u0259lliml\u0259ri universitetd\u0259n uzaqla\u015fd\u0131r\u0131r:<\/p>\n\n\n\n<p><em>\u201cBu ill\u0259r \u0259rzind\u0259 m\u0259n h\u0259r hans\u0131 bir q\u00fcsur n\u00fcmayi\u015f etdirm\u0259mi\u015f\u0259m. M\u0259n\u0259 qar\u015f\u0131 t\u00f6r\u0259dil\u0259n \u0259ng\u0259ll\u0259r\u0259 baxmayaraq pedaqoq, pe\u015f\u0259sini sev\u0259n bir m\u00fc\u0259llim kimi h\u0259r zaman v\u0259zif\u0259min \u00f6hd\u0259sind\u0259n layiqinc\u0259 g\u0259lm\u0259y\u0259 \u00e7al\u0131\u015fm\u0131\u015fam. M\u00fc\u0259lliml\u0259rin pedoqoji f\u0259aliyy\u0259tl\u0259ri m\u00fczakir\u0259 olunmad\u0131\u011f\u0131 halda, hans\u0131 qanuni \u0259sasla m\u0259hz m\u0259nim &#8211; Z\u00fcmr\u00fcd Qurbanovan\u0131n elmi-pedoqoji f\u0259aliyy\u0259ti m\u0259nfi qiym\u0259tl\u0259ndirilib? Guya m\u00fcsabiq\u0259d\u0259 s\u0259s toplaya bilm\u0259diyim iddia edilib?<\/em>\u201d<\/p>\n\n\n\n<p>\u015eikay\u0259t\u00e7i m\u0259s\u0259l\u0259 il\u0259 \u0259laq\u0259dar Prezident \u0130lham \u018fliyev, Birinci-vitse prezident Mehriban \u018fliyevaya m\u0259ktub \u00fcnvanlay\u0131b.<\/p>\n\n\n\n<p>M\u0259ktublar\u0131 Elm v\u0259 T\u0259hsil Nazirliyin\u0259 y\u00f6n\u0259ldilib:<\/p>\n\n\n\n<p><em>\u201cElm v\u0259 T\u0259hsil Nazirliyin\u0259 g\u00f6nd\u0259rdiyim teleqram v\u0259 m\u0259ktublar\u0131n he\u00e7 birind\u0259n is\u0259 cavab almam\u0131\u015fam. \u018fv\u0259zind\u0259 m\u0259n ADNSU rektoru Vazeh \u018fsk\u0259rovun imzas\u0131 il\u0259 v\u0259 ard-arda iki g\u00fcn f\u0259rqi il\u0259 Elm v\u0259 Ali T\u0259hsil \u00fczr\u0259 D\u00f6vl\u0259t Agentliyinin Ali v\u0259 orta ixtisas t\u0259hsili m\u00fc\u0259ssis\u0259l\u0259ri il\u0259 i\u015f \u015f\u00f6b\u0259sinin m\u00fcdiri Samir H\u0259midova \u00fcnvanlanm\u0131\u015f eyni m\u0259zmunlu m\u0259ktublar alm\u0131\u015fam. \u015eikay\u0259t etdiyim t\u0259r\u0259fin m\u0259n\u0259 birba\u015fa cavab \u00fcnvanlamas\u0131 hans\u0131 qanuna \u0259saslan\u0131r v\u0259 n\u0259 d\u0259r\u0259c\u0259d\u0259 d\u00fczd\u00fcr? Elm v\u0259 T\u0259hsil Nazirliyi is\u0259 \u00f6lk\u0259 r\u0259hb\u0259rliyind\u0259n y\u00f6n\u0259ldilmi\u015f tap\u015f\u0131r\u0131\u011fa laqeyd qalaraq, t\u0259dbir g\u00f6rm\u0259k \u0259v\u0259zin\u0259 m\u0259nim m\u00fcraci\u0259tl\u0259rimi yenid\u0259n \u0259ks t\u0259r\u0259f\u0259 y\u00f6n\u0259ldir, m\u0259n\u0259 d\u0259 g\u00f6zl\u0259m\u0259yi t\u0259klif edir. Ancaq n\u0259 vaxta kimi? Bel\u0259 halda m\u0259s\u0259l\u0259nin h\u0259llinin tap\u0131lmas\u0131 \u015f\u00fcbh\u0259 alt\u0131ndad\u0131r\u201d<\/em>.<\/p>\n\n\n\n<p>Z\u00fcmr\u00fcd Qurbanova bildirir ki, iki d\u0259f\u0259 Elm v\u0259 Ali T\u0259hsil \u00fczr\u0259 D\u00f6vl\u0259t Agentliyinin Ali v\u0259 orta ixtisas t\u0259hsili m\u00fc\u0259ssis\u0259l\u0259ri il\u0259 i\u015f \u015f\u00f6b\u0259sinin m\u00fcdiri Samir H\u0259midovun q\u0259bulunda olub:<\/p>\n\n\n\n<p>&#8220;<em>\u201c\u0130kinci d\u0259f\u0259 yen\u0259 Samir H\u0259midovla g\u00f6r\u00fc\u015f\u0259nd\u0259 m\u0259n\u0259 \u201cUniversitetin yiy\u0259si Vazeh \u018fsk\u0259rovdur, onunla \u015f\u0259xs\u0259n dan\u0131\u015fm\u0131\u015fam. Biz onun i\u015fin\u0259 m\u00fcdaxil\u0259 ed\u0259 bilm\u0259rik\u201d, &#8211; dedi. Vazeh \u018fsk\u0259rov is\u0259 universiteti ist\u0259diyi kimi idar\u0259 ed\u0259n, h\u0259r \u0259m\u0259lind\u0259 saxtakarl\u0131\u011fa \u0259l atan \u0130lduz\u0259 H\u00fcseynovan\u0131n dedikl\u0259ri il\u0259 oturub durur. Vazeh \u018fsk\u0259rovun q\u0259bulunda oldu\u011fum zaman m\u0259n buna y\u00fcz faiz \u0259min oldum\u201d<\/em>.<\/p>\n\n\n\n<p>ADNSU-nun ictimiayy\u0259tl\u0259 \u0259laq\u0259l\u0259r \u015f\u00f6b\u0259sind\u0259n B\u0259hruz N\u0259z\u0259rov Meydan TV-y\u0259 bildirib ki, ali t\u0259hsil m\u00fc\u0259ssis\u0259l\u0259rind\u0259 kafedra m\u00fcdiri, professor, dosent, ba\u015f m\u00fc\u0259llim, m\u00fc\u0259llim v\u0259 assistent vakant v\u0259zif\u0259l\u0259r bir qayda olaraq m\u00fcsabiq\u0259 yolu il\u0259 5 il m\u00fcdd\u0259tin\u0259 tutulur:<\/p>\n\n\n\n<p><em>\u201c\u201cAli t\u0259hsil m\u00fc\u0259ssis\u0259l\u0259rind\u0259 professor-m\u00fc\u0259llim v\u0259 kafedra m\u00fcdiri v\u0259zif\u0259l\u0259rinin tutulmas\u0131 qaydalar\u0131 haqq\u0131nda\u201d \u018fsasnam\u0259nin t\u0259l\u0259bl\u0259rin\u0259 uy\u011fun h\u0259r\u0259k\u0259t edilib. \u018fsasnam\u0259y\u0259 \u0259sas\u0259n, Z\u00fcmr\u00fcd Qurbanovan\u0131n 5 ili tamam olub. M\u00fcsabiq\u0259y\u0259 q\u0259d\u0259r d\u0259 i\u015fsiz qalmamas\u0131 \u00fc\u00e7\u00fcn iki ayl\u0131q m\u00fcqavil\u0259 imzalan\u0131b. Z\u00fcmr\u00fcd Qurbanova m\u00fcsabiq\u0259d\u0259n ke\u00e7m\u0259yib, bununla da \u0259m\u0259k m\u00fcqavil\u0259sin\u0259 xitam verilib. Sonradan universitet\u0259 d\u0259v\u0259t olunaraq, ona ba\u015fqa bir i\u015f t\u0259klif edilib, lakin ist\u0259m\u0259yib. Z\u00fcmr\u00fcd Qurbanova m\u0259s\u0259l\u0259 il\u0259 ba\u011fl\u0131 m\u0259hk\u0259m\u0259y\u0259 d\u0259 m\u00fcraci\u0259t edib. Amma m\u0259hk\u0259m\u0259 onun \u015fikay\u0259tini t\u0259min etm\u0259yib\u201d<\/em>.<\/p>\n\n\n\n<p>Elm v\u0259 T\u0259hsil Nazirliyind\u0259n m\u0259s\u0259l\u0259y\u0259 m\u00fcnasib\u0259t \u00f6yr\u0259nm\u0259k m\u00fcmk\u00fcn olmay\u0131b.<\/p>\n","protected":false},"excerpt":{"rendered":"<p>Z\u00fcmr\u00fcd Qurbanova ADNSU-dan \u0130lham \u018fliyev\u0259 \u015fikay\u0259t edir Az\u0259rbaycan D\u00f6vl\u0259t Neft &#8230; <\/p>\n<p class=\"read-more-container\"><a title=\"Universitet m\u00fc\u0259llimi \u015f\u0259xsi m\u00fcnaqi\u015f\u0259 z\u0259minind\u0259 i\u015fd\u0259n \u00e7\u0131xar\u0131ld\u0131\u011f\u0131n\u0131 deyir\" class=\"read-more button\" href=\"https:\/\/www.meydan.tv\/az\/article\/universitet-muellimi-sexsi-munaqise-zemininde-isden-cixarildigini-deyir\/#more-321017\" aria-label=\"Read more about Universitet m\u00fc\u0259llimi \u015f\u0259xsi m\u00fcnaqi\u015f\u0259 z\u0259minind\u0259 i\u015fd\u0259n \u00e7\u0131xar\u0131ld\u0131\u011f\u0131n\u0131 deyir\">Davam\u0131<\/a><\/p>\n","protected":false},"author":21,"featured_media":321018,"comment_status":"closed","ping_status":"closed","sticky":false,"template":"","format":"standard","meta":{"_acf_changed":false,"_sitemap_exclude":false,"_sitemap_priority":"","_sitemap_frequency":"","footnotes":""},"categories":[62,56],"tags":[],"class_list":["post-321017","post","type-post","status-publish","format-standard","has-post-thumbnail","hentry","category-sosial","category-xeberler","infinite-scroll-item","generate-columns","tablet-grid-50","mobile-grid-100","grid-parent","grid-33","no-featured-image-padding"],"acf":[],"yoast_head":"<!-- This site is optimized with the Yoast SEO plugin v27.4 - https:\/\/yoast.com\/product\/yoast-seo-wordpress\/ -->\n<title>Universitet m\u00fc\u0259llimi \u015f\u0259xsi m\u00fcnaqi\u015f\u0259 z\u0259minind\u0259 i\u015fd\u0259n \u00e7\u0131xar\u0131ld\u0131\u011f\u0131n\u0131 deyir - MEYDAN.TV<\/title>\n<meta name=\"robots\" content=\"index, follow, max-snippet:-1, max-image-preview:large, max-video-preview:-1\" \/>\n<link rel=\"canonical\" href=\"https:\/\/www.meydan.tv\/az\/article\/universitet-muellimi-sexsi-munaqise-zemininde-isden-cixarildigini-deyir\/\" \/>\n<meta property=\"og:locale\" content=\"az_AZ\" \/>\n<meta property=\"og:type\" content=\"article\" \/>\n<meta property=\"og:title\" content=\"Universitet m\u00fc\u0259llimi \u015f\u0259xsi m\u00fcnaqi\u015f\u0259 z\u0259minind\u0259 i\u015fd\u0259n \u00e7\u0131xar\u0131ld\u0131\u011f\u0131n\u0131 deyir - MEYDAN.TV\" \/>\n<meta property=\"og:description\" content=\"Z\u00fcmr\u00fcd Qurbanova ADNSU-dan \u0130lham \u018fliyev\u0259 \u015fikay\u0259t edir Az\u0259rbaycan D\u00f6vl\u0259t Neft ... Davam\u0131\" \/>\n<meta property=\"og:url\" content=\"https:\/\/www.meydan.tv\/az\/article\/universitet-muellimi-sexsi-munaqise-zemininde-isden-cixarildigini-deyir\/\" \/>\n<meta property=\"og:site_name\" content=\"MEYDAN.TV\" \/>\n<meta property=\"article:published_time\" content=\"2024-11-19T12:49:43+00:00\" \/>\n<meta property=\"article:modified_time\" content=\"2024-11-19T13:11:45+00:00\" \/>\n<meta property=\"og:image\" content=\"https:\/\/www.meydan.tv\/wp-content\/uploads\/120133911_3111601628969632_107996175445368906_n.jpg\" \/>\n\t<meta property=\"og:image:width\" content=\"1280\" \/>\n\t<meta property=\"og:image:height\" content=\"606\" \/>\n\t<meta property=\"og:image:type\" content=\"image\/jpeg\" \/>\n<meta name=\"author\" content=\"mahmud\" \/>\n<meta name=\"twitter:card\" content=\"summary_large_image\" \/>\n<script type=\"application\/ld+json\" class=\"yoast-schema-graph\">{\"@context\":\"https:\\\/\\\/schema.org\",\"@graph\":[{\"@type\":\"Article\",\"@id\":\"https:\\\/\\\/www.meydan.tv\\\/az\\\/article\\\/universitet-muellimi-sexsi-munaqise-zemininde-isden-cixarildigini-deyir\\\/#article\",\"isPartOf\":{\"@id\":\"https:\\\/\\\/www.meydan.tv\\\/az\\\/article\\\/universitet-muellimi-sexsi-munaqise-zemininde-isden-cixarildigini-deyir\\\/\"},\"author\":{\"name\":\"mahmud\",\"@id\":\"https:\\\/\\\/www.meydan.tv\\\/az\\\/#\\\/schema\\\/person\\\/09863e516102a829e72bedcf3f84c6b0\"},\"headline\":\"Universitet m\u00fc\u0259llimi \u015f\u0259xsi m\u00fcnaqi\u015f\u0259 z\u0259minind\u0259 i\u015fd\u0259n \u00e7\u0131xar\u0131ld\u0131\u011f\u0131n\u0131 deyir\",\"datePublished\":\"2024-11-19T12:49:43+00:00\",\"dateModified\":\"2024-11-19T13:11:45+00:00\",\"mainEntityOfPage\":{\"@id\":\"https:\\\/\\\/www.meydan.tv\\\/az\\\/article\\\/universitet-muellimi-sexsi-munaqise-zemininde-isden-cixarildigini-deyir\\\/\"},\"wordCount\":1440,\"publisher\":{\"@id\":\"https:\\\/\\\/www.meydan.tv\\\/az\\\/#organization\"},\"image\":{\"@id\":\"https:\\\/\\\/www.meydan.tv\\\/az\\\/article\\\/universitet-muellimi-sexsi-munaqise-zemininde-isden-cixarildigini-deyir\\\/#primaryimage\"},\"thumbnailUrl\":\"https:\\\/\\\/www.meydan.tv\\\/wp-content\\\/uploads\\\/120133911_3111601628969632_107996175445368906_n.jpg\",\"articleSection\":[\"Sosial\",\"X\u0259b\u0259rl\u0259r\"],\"inLanguage\":\"az\"},{\"@type\":\"WebPage\",\"@id\":\"https:\\\/\\\/www.meydan.tv\\\/az\\\/article\\\/universitet-muellimi-sexsi-munaqise-zemininde-isden-cixarildigini-deyir\\\/\",\"url\":\"https:\\\/\\\/www.meydan.tv\\\/az\\\/article\\\/universitet-muellimi-sexsi-munaqise-zemininde-isden-cixarildigini-deyir\\\/\",\"name\":\"Universitet m\u00fc\u0259llimi \u015f\u0259xsi m\u00fcnaqi\u015f\u0259 z\u0259minind\u0259 i\u015fd\u0259n \u00e7\u0131xar\u0131ld\u0131\u011f\u0131n\u0131 deyir - MEYDAN.TV\",\"isPartOf\":{\"@id\":\"https:\\\/\\\/www.meydan.tv\\\/az\\\/#website\"},\"primaryImageOfPage\":{\"@id\":\"https:\\\/\\\/www.meydan.tv\\\/az\\\/article\\\/universitet-muellimi-sexsi-munaqise-zemininde-isden-cixarildigini-deyir\\\/#primaryimage\"},\"image\":{\"@id\":\"https:\\\/\\\/www.meydan.tv\\\/az\\\/article\\\/universitet-muellimi-sexsi-munaqise-zemininde-isden-cixarildigini-deyir\\\/#primaryimage\"},\"thumbnailUrl\":\"https:\\\/\\\/www.meydan.tv\\\/wp-content\\\/uploads\\\/120133911_3111601628969632_107996175445368906_n.jpg\",\"datePublished\":\"2024-11-19T12:49:43+00:00\",\"dateModified\":\"2024-11-19T13:11:45+00:00\",\"breadcrumb\":{\"@id\":\"https:\\\/\\\/www.meydan.tv\\\/az\\\/article\\\/universitet-muellimi-sexsi-munaqise-zemininde-isden-cixarildigini-deyir\\\/#breadcrumb\"},\"inLanguage\":\"az\",\"potentialAction\":[{\"@type\":\"ReadAction\",\"target\":[\"https:\\\/\\\/www.meydan.tv\\\/az\\\/article\\\/universitet-muellimi-sexsi-munaqise-zemininde-isden-cixarildigini-deyir\\\/\"]}]},{\"@type\":\"ImageObject\",\"inLanguage\":\"az\",\"@id\":\"https:\\\/\\\/www.meydan.tv\\\/az\\\/article\\\/universitet-muellimi-sexsi-munaqise-zemininde-isden-cixarildigini-deyir\\\/#primaryimage\",\"url\":\"https:\\\/\\\/www.meydan.tv\\\/wp-content\\\/uploads\\\/120133911_3111601628969632_107996175445368906_n.jpg\",\"contentUrl\":\"https:\\\/\\\/www.meydan.tv\\\/wp-content\\\/uploads\\\/120133911_3111601628969632_107996175445368906_n.jpg\",\"width\":1280,\"height\":606,\"caption\":\"Foto: Az\u0259rbaycan D\u00f6vl\u0259t Neft v\u0259 S\u0259naye Universitetinin Facebook s\u0259hif\u0259si\"},{\"@type\":\"BreadcrumbList\",\"@id\":\"https:\\\/\\\/www.meydan.tv\\\/az\\\/article\\\/universitet-muellimi-sexsi-munaqise-zemininde-isden-cixarildigini-deyir\\\/#breadcrumb\",\"itemListElement\":[{\"@type\":\"ListItem\",\"position\":1,\"name\":\"Ana s\u0259hif\u0259\",\"item\":\"https:\\\/\\\/www.meydan.tv\\\/az\\\/\"},{\"@type\":\"ListItem\",\"position\":2,\"name\":\"Sosial\",\"item\":\"https:\\\/\\\/www.meydan.tv\\\/az\\\/section\\\/sosial\\\/\"},{\"@type\":\"ListItem\",\"position\":3,\"name\":\"Universitet m\u00fc\u0259llimi \u015f\u0259xsi m\u00fcnaqi\u015f\u0259 z\u0259minind\u0259 i\u015fd\u0259n \u00e7\u0131xar\u0131ld\u0131\u011f\u0131n\u0131 deyir\"}]},{\"@type\":\"WebSite\",\"@id\":\"https:\\\/\\\/www.meydan.tv\\\/az\\\/#website\",\"url\":\"https:\\\/\\\/www.meydan.tv\\\/az\\\/\",\"name\":\"MEYDAN.TV\",\"description\":\"Meydan TV Az\u0259rbaycan\u0131n media m\u0259kan\u0131ndak\u0131 alternativ s\u0259sidir\",\"publisher\":{\"@id\":\"https:\\\/\\\/www.meydan.tv\\\/az\\\/#organization\"},\"potentialAction\":[{\"@type\":\"SearchAction\",\"target\":{\"@type\":\"EntryPoint\",\"urlTemplate\":\"https:\\\/\\\/www.meydan.tv\\\/az\\\/?s={search_term_string}\"},\"query-input\":{\"@type\":\"PropertyValueSpecification\",\"valueRequired\":true,\"valueName\":\"search_term_string\"}}],\"inLanguage\":\"az\"},{\"@type\":\"Organization\",\"@id\":\"https:\\\/\\\/www.meydan.tv\\\/az\\\/#organization\",\"name\":\"Meydan TV\",\"url\":\"https:\\\/\\\/www.meydan.tv\\\/az\\\/\",\"logo\":{\"@type\":\"ImageObject\",\"inLanguage\":\"az\",\"@id\":\"https:\\\/\\\/www.meydan.tv\\\/az\\\/#\\\/schema\\\/logo\\\/image\\\/\",\"url\":\"https:\\\/\\\/www.meydan.tv\\\/wp-content\\\/uploads\\\/2021\\\/07\\\/meydan-logo.svg\",\"contentUrl\":\"https:\\\/\\\/www.meydan.tv\\\/wp-content\\\/uploads\\\/2021\\\/07\\\/meydan-logo.svg\",\"width\":195,\"height\":46,\"caption\":\"Meydan TV\"},\"image\":{\"@id\":\"https:\\\/\\\/www.meydan.tv\\\/az\\\/#\\\/schema\\\/logo\\\/image\\\/\"}},{\"@type\":\"Person\",\"@id\":\"https:\\\/\\\/www.meydan.tv\\\/az\\\/#\\\/schema\\\/person\\\/09863e516102a829e72bedcf3f84c6b0\",\"name\":\"mahmud\"}]}<\/script>\n<!-- \/ Yoast SEO plugin. -->","yoast_head_json":{"title":"Universitet m\u00fc\u0259llimi \u015f\u0259xsi m\u00fcnaqi\u015f\u0259 z\u0259minind\u0259 i\u015fd\u0259n \u00e7\u0131xar\u0131ld\u0131\u011f\u0131n\u0131 deyir - MEYDAN.TV","robots":{"index":"index","follow":"follow","max-snippet":"max-snippet:-1","max-image-preview":"max-image-preview:large","max-video-preview":"max-video-preview:-1"},"canonical":"https:\/\/www.meydan.tv\/az\/article\/universitet-muellimi-sexsi-munaqise-zemininde-isden-cixarildigini-deyir\/","og_locale":"az_AZ","og_type":"article","og_title":"Universitet m\u00fc\u0259llimi \u015f\u0259xsi m\u00fcnaqi\u015f\u0259 z\u0259minind\u0259 i\u015fd\u0259n \u00e7\u0131xar\u0131ld\u0131\u011f\u0131n\u0131 deyir - MEYDAN.TV","og_description":"Z\u00fcmr\u00fcd Qurbanova ADNSU-dan \u0130lham \u018fliyev\u0259 \u015fikay\u0259t edir Az\u0259rbaycan D\u00f6vl\u0259t Neft ... Davam\u0131","og_url":"https:\/\/www.meydan.tv\/az\/article\/universitet-muellimi-sexsi-munaqise-zemininde-isden-cixarildigini-deyir\/","og_site_name":"MEYDAN.TV","article_published_time":"2024-11-19T12:49:43+00:00","article_modified_time":"2024-11-19T13:11:45+00:00","og_image":[{"width":1280,"height":606,"url":"https:\/\/www.meydan.tv\/wp-content\/uploads\/120133911_3111601628969632_107996175445368906_n.jpg","type":"image\/jpeg"}],"author":"mahmud","twitter_card":"summary_large_image","schema":{"@context":"https:\/\/schema.org","@graph":[{"@type":"Article","@id":"https:\/\/www.meydan.tv\/az\/article\/universitet-muellimi-sexsi-munaqise-zemininde-isden-cixarildigini-deyir\/#article","isPartOf":{"@id":"https:\/\/www.meydan.tv\/az\/article\/universitet-muellimi-sexsi-munaqise-zemininde-isden-cixarildigini-deyir\/"},"author":{"name":"mahmud","@id":"https:\/\/www.meydan.tv\/az\/#\/schema\/person\/09863e516102a829e72bedcf3f84c6b0"},"headline":"Universitet m\u00fc\u0259llimi \u015f\u0259xsi m\u00fcnaqi\u015f\u0259 z\u0259minind\u0259 i\u015fd\u0259n \u00e7\u0131xar\u0131ld\u0131\u011f\u0131n\u0131 deyir","datePublished":"2024-11-19T12:49:43+00:00","dateModified":"2024-11-19T13:11:45+00:00","mainEntityOfPage":{"@id":"https:\/\/www.meydan.tv\/az\/article\/universitet-muellimi-sexsi-munaqise-zemininde-isden-cixarildigini-deyir\/"},"wordCount":1440,"publisher":{"@id":"https:\/\/www.meydan.tv\/az\/#organization"},"image":{"@id":"https:\/\/www.meydan.tv\/az\/article\/universitet-muellimi-sexsi-munaqise-zemininde-isden-cixarildigini-deyir\/#primaryimage"},"thumbnailUrl":"https:\/\/www.meydan.tv\/wp-content\/uploads\/120133911_3111601628969632_107996175445368906_n.jpg","articleSection":["Sosial","X\u0259b\u0259rl\u0259r"],"inLanguage":"az"},{"@type":"WebPage","@id":"https:\/\/www.meydan.tv\/az\/article\/universitet-muellimi-sexsi-munaqise-zemininde-isden-cixarildigini-deyir\/","url":"https:\/\/www.meydan.tv\/az\/article\/universitet-muellimi-sexsi-munaqise-zemininde-isden-cixarildigini-deyir\/","name":"Universitet m\u00fc\u0259llimi \u015f\u0259xsi m\u00fcnaqi\u015f\u0259 z\u0259minind\u0259 i\u015fd\u0259n \u00e7\u0131xar\u0131ld\u0131\u011f\u0131n\u0131 deyir - MEYDAN.TV","isPartOf":{"@id":"https:\/\/www.meydan.tv\/az\/#website"},"primaryImageOfPage":{"@id":"https:\/\/www.meydan.tv\/az\/article\/universitet-muellimi-sexsi-munaqise-zemininde-isden-cixarildigini-deyir\/#primaryimage"},"image":{"@id":"https:\/\/www.meydan.tv\/az\/article\/universitet-muellimi-sexsi-munaqise-zemininde-isden-cixarildigini-deyir\/#primaryimage"},"thumbnailUrl":"https:\/\/www.meydan.tv\/wp-content\/uploads\/120133911_3111601628969632_107996175445368906_n.jpg","datePublished":"2024-11-19T12:49:43+00:00","dateModified":"2024-11-19T13:11:45+00:00","breadcrumb":{"@id":"https:\/\/www.meydan.tv\/az\/article\/universitet-muellimi-sexsi-munaqise-zemininde-isden-cixarildigini-deyir\/#breadcrumb"},"inLanguage":"az","potentialAction":[{"@type":"ReadAction","target":["https:\/\/www.meydan.tv\/az\/article\/universitet-muellimi-sexsi-munaqise-zemininde-isden-cixarildigini-deyir\/"]}]},{"@type":"ImageObject","inLanguage":"az","@id":"https:\/\/www.meydan.tv\/az\/article\/universitet-muellimi-sexsi-munaqise-zemininde-isden-cixarildigini-deyir\/#primaryimage","url":"https:\/\/www.meydan.tv\/wp-content\/uploads\/120133911_3111601628969632_107996175445368906_n.jpg","contentUrl":"https:\/\/www.meydan.tv\/wp-content\/uploads\/120133911_3111601628969632_107996175445368906_n.jpg","width":1280,"height":606,"caption":"Foto: Az\u0259rbaycan D\u00f6vl\u0259t Neft v\u0259 S\u0259naye Universitetinin Facebook s\u0259hif\u0259si"},{"@type":"BreadcrumbList","@id":"https:\/\/www.meydan.tv\/az\/article\/universitet-muellimi-sexsi-munaqise-zemininde-isden-cixarildigini-deyir\/#breadcrumb","itemListElement":[{"@type":"ListItem","position":1,"name":"Ana s\u0259hif\u0259","item":"https:\/\/www.meydan.tv\/az\/"},{"@type":"ListItem","position":2,"name":"Sosial","item":"https:\/\/www.meydan.tv\/az\/section\/sosial\/"},{"@type":"ListItem","position":3,"name":"Universitet m\u00fc\u0259llimi \u015f\u0259xsi m\u00fcnaqi\u015f\u0259 z\u0259minind\u0259 i\u015fd\u0259n \u00e7\u0131xar\u0131ld\u0131\u011f\u0131n\u0131 deyir"}]},{"@type":"WebSite","@id":"https:\/\/www.meydan.tv\/az\/#website","url":"https:\/\/www.meydan.tv\/az\/","name":"MEYDAN.TV","description":"Meydan TV Az\u0259rbaycan\u0131n media m\u0259kan\u0131ndak\u0131 alternativ s\u0259sidir","publisher":{"@id":"https:\/\/www.meydan.tv\/az\/#organization"},"potentialAction":[{"@type":"SearchAction","target":{"@type":"EntryPoint","urlTemplate":"https:\/\/www.meydan.tv\/az\/?s={search_term_string}"},"query-input":{"@type":"PropertyValueSpecification","valueRequired":true,"valueName":"search_term_string"}}],"inLanguage":"az"},{"@type":"Organization","@id":"https:\/\/www.meydan.tv\/az\/#organization","name":"Meydan TV","url":"https:\/\/www.meydan.tv\/az\/","logo":{"@type":"ImageObject","inLanguage":"az","@id":"https:\/\/www.meydan.tv\/az\/#\/schema\/logo\/image\/","url":"https:\/\/www.meydan.tv\/wp-content\/uploads\/2021\/07\/meydan-logo.svg","contentUrl":"https:\/\/www.meydan.tv\/wp-content\/uploads\/2021\/07\/meydan-logo.svg","width":195,"height":46,"caption":"Meydan TV"},"image":{"@id":"https:\/\/www.meydan.tv\/az\/#\/schema\/logo\/image\/"}},{"@type":"Person","@id":"https:\/\/www.meydan.tv\/az\/#\/schema\/person\/09863e516102a829e72bedcf3f84c6b0","name":"mahmud"}]}},"_links":{"self":[{"href":"https:\/\/www.meydan.tv\/az\/wp-json\/wp\/v2\/posts\/321017","targetHints":{"allow":["GET"]}}],"collection":[{"href":"https:\/\/www.meydan.tv\/az\/wp-json\/wp\/v2\/posts"}],"about":[{"href":"https:\/\/www.meydan.tv\/az\/wp-json\/wp\/v2\/types\/post"}],"author":[{"embeddable":true,"href":"https:\/\/www.meydan.tv\/az\/wp-json\/wp\/v2\/users\/21"}],"replies":[{"embeddable":true,"href":"https:\/\/www.meydan.tv\/az\/wp-json\/wp\/v2\/comments?post=321017"}],"version-history":[{"count":1,"href":"https:\/\/www.meydan.tv\/az\/wp-json\/wp\/v2\/posts\/321017\/revisions"}],"predecessor-version":[{"id":321021,"href":"https:\/\/www.meydan.tv\/az\/wp-json\/wp\/v2\/posts\/321017\/revisions\/321021"}],"wp:featuredmedia":[{"embeddable":true,"href":"https:\/\/www.meydan.tv\/az\/wp-json\/wp\/v2\/media\/321018"}],"wp:attachment":[{"href":"https:\/\/www.meydan.tv\/az\/wp-json\/wp\/v2\/media?parent=321017"}],"wp:term":[{"taxonomy":"category","embeddable":true,"href":"https:\/\/www.meydan.tv\/az\/wp-json\/wp\/v2\/categories?post=321017"},{"taxonomy":"post_tag","embeddable":true,"href":"https:\/\/www.meydan.tv\/az\/wp-json\/wp\/v2\/tags?post=321017"}],"curies":[{"name":"wp","href":"https:\/\/api.w.org\/{rel}","templated":true}]}}