{"id":320878,"date":"2024-11-18T19:09:09","date_gmt":"2024-11-18T15:09:09","guid":{"rendered":"https:\/\/www.meydan.tv\/?p=320878"},"modified":"2024-11-18T19:09:14","modified_gmt":"2024-11-18T15:09:14","slug":"mecburi-mezuniyyetin-sebebi-qurmlar-kompensasiya-odemek-istemir","status":"publish","type":"post","link":"https:\/\/www.meydan.tv\/az\/article\/mecburi-mezuniyyetin-sebebi-qurmlar-kompensasiya-odemek-istemir\/","title":{"rendered":"M\u0259cburi m\u0259zuniyy\u0259tin s\u0259b\u0259bi: Qurumlar kompensasiya \u00f6d\u0259m\u0259k ist\u0259mir"},"content":{"rendered":"\n<p><em>\u018fm\u0259k M\u0259c\u0259ll\u0259sin\u0259 d\u0259yi\u015fiklik i\u015f\u0259g\u00f6t\u00fcr\u0259nl\u0259rin xeyrin\u0259 olacaq?<\/em><\/p>\n\n\n\n<p>\u018fks\u0259r d\u00f6vl\u0259t qurumlar\u0131, el\u0259c\u0259 d\u0259 \u00f6z\u0259l \u015firk\u0259tl\u0259r ilin sonu yax\u0131nla\u015fd\u0131qca i\u015f\u00e7il\u0259ri m\u0259cbur edirl\u0259r ki, yaydan qalan \u0259m\u0259k m\u0259zuniyy\u0259tini g\u00f6t\u00fcrs\u00fcnl\u0259r. M\u0259zuniyy\u0259t\u0259 \u00e7\u0131xmayacaqlar\u0131 t\u0259qdird\u0259 onlara kompensasiya \u00f6d\u0259m\u0259y\u0259c\u0259kl\u0259rini bildirirl\u0259r. Bununla ba\u011fl\u0131 sosial \u015f\u0259b\u0259k\u0259l\u0259rd\u0259 v\u0259t\u0259nda\u015flar\u0131n \u015fikay\u0259tl\u0259rin\u0259 \u00e7ox rast g\u0259linir. M\u00fcxt\u0259lif yerl\u0259rd\u0259 \u00e7al\u0131\u015fan \u015f\u0259xsl\u0259r bu m\u0259s\u0259l\u0259d\u0259 h\u00fcquq\u015f\u00fcnaslardan m\u0259sl\u0259h\u0259t ist\u0259yirl\u0259r.<\/p>\n\n\n\n<figure class=\"wp-block-image size-large\"><img decoding=\"async\" width=\"1200\" height=\"509\" data-src=\"https:\/\/www.meydan.tv\/wp-content\/uploads\/screenshot-2024-11-18-at-15.48.52-1200x509.png\" alt=\"\" class=\"wp-image-320880 lazyload\" src=\"data:image\/svg+xml;base64,PHN2ZyB3aWR0aD0iMSIgaGVpZ2h0PSIxIiB4bWxucz0iaHR0cDovL3d3dy53My5vcmcvMjAwMC9zdmciPjwvc3ZnPg==\" style=\"--smush-placeholder-width: 1200px; --smush-placeholder-aspect-ratio: 1200\/509;\" \/><\/figure>\n\n\n\n<figure class=\"wp-block-image size-large\"><img decoding=\"async\" width=\"1200\" height=\"178\" data-src=\"https:\/\/www.meydan.tv\/wp-content\/uploads\/screenshot-2024-11-18-at-15.49.00-1200x178.png\" alt=\"\" class=\"wp-image-320883 lazyload\" src=\"data:image\/svg+xml;base64,PHN2ZyB3aWR0aD0iMSIgaGVpZ2h0PSIxIiB4bWxucz0iaHR0cDovL3d3dy53My5vcmcvMjAwMC9zdmciPjwvc3ZnPg==\" style=\"--smush-placeholder-width: 1200px; --smush-placeholder-aspect-ratio: 1200\/178;\" \/><\/figure>\n\n\n\n<p>M\u00fcxt\u0259lif &#8221;Facebook&#8221; qruplar\u0131ndan skrin\u015fotlar<\/p>\n\n\n\n<p>B\u0259s \u0259m\u0259k m\u0259zuniyy\u0259tin\u0259 \u00e7\u0131xmaq m\u0259cburidirmi? Bu m\u0259s\u0259l\u0259 qanunla nec\u0259 t\u0259nziml\u0259nir?\u00dcmumiyy\u0259tl\u0259, harada i\u015fl\u0259m\u0259sind\u0259n v\u0259 v\u0259zif\u0259sind\u0259n as\u0131l\u0131 olmayaraq, ist\u0259nil\u0259n \u015f\u0259xs \u00f6d\u0259ni\u015fli m\u0259zuniyy\u0259t\u0259 \u00e7\u0131xa bil\u0259rmi?<\/p>\n\n\n\n<p><strong>\u018fm\u0259k m\u0259zuniyy\u0259ti kiml\u0259r\u0259 verilir?<\/strong><\/p>\n\n\n\n<p>\u018fm\u0259k M\u0259c\u0259ll\u0259sin\u0259 \u0259sas\u0259n, h\u0259m d\u00f6vl\u0259t, h\u0259m d\u0259 \u00f6z\u0259l i\u015fd\u0259 \u00e7al\u0131\u015fan v\u0259 \u0259m\u0259k m\u00fcqavil\u0259si olan h\u0259r bir k\u0259sin \u00f6d\u0259ni\u015fli m\u0259zuniyy\u0259t\u0259 \u00e7\u0131xmaq h\u00fcququ var. \u00d6d\u0259ni\u015fli m\u0259zuniyy\u0259t o dem\u0259kdir ki, i\u015f\u00e7i i\u015f\u0259 getm\u0259diyi, y\u0259ni m\u0259zuniyy\u0259td\u0259 old\u011fu halda maa\u015f\u0131n\u0131 da al\u0131r.<\/p>\n\n\n\n<p>Yeni i\u015f\u0259 ba\u015flayan \u015f\u0259xs 6 aydan sonra m\u0259zuniyy\u0259t g\u00f6t\u00fcr\u0259 bil\u0259r. M\u0259zuniyy\u0259t m\u00fcdd\u0259ti minimum 21 g\u00fcnd\u00fcr. Lakin v\u0259zif\u0259sind\u0259n as\u0131l\u0131 olaraq b\u0259zi i\u015f\u00e7il\u0259r\u0259 30 g\u00fcn, el\u0259c\u0259 d\u0259 \u00fcmumi \u0259m\u0259k staj\u0131na g\u00f6r\u0259 \u0259lav\u0259 m\u0259zuniyy\u0259t verilir. M\u0259s\u0259l\u0259n, i\u015f\u00e7inin 5 ild\u0259n 10 il\u0259d\u0259k \u0259m\u0259k staj\u0131 olduqda 2 g\u00fcn, 10 ild\u0259n 15 il\u0259d\u0259k staj\u0131 olduqda 4 g\u00fcn, 15 ild\u0259n \u00e7ox staj\u0131 olduqda is\u0259 6 g\u00fcn \u0259lav\u0259 m\u0259zuniyy\u0259t verilir. Bundan ba\u015fqa, 14 ya\u015fad\u0259k iki u\u015fa\u011f\u0131 olan qad\u0131nlar \u0259lav\u0259 2 g\u00fcn, ikid\u0259n daha \u00e7ox u\u015fa\u011f\u0131 olanlara is\u0259 \u0259lav\u0259 5 g\u00fcn m\u0259zuniyy\u0259t verilir. 5 g\u00fcnl\u00fck \u0259lav\u0259 m\u0259zuniyy\u0259t 16 ya\u015fad\u0259k sa\u011flaml\u0131q imkanlar\u0131 m\u0259hdud u\u015fa\u011f\u0131 olan qad\u0131nlara da \u015famil edilir. U\u015faqlar\u0131n\u0131 t\u0259kba\u015f\u0131na b\u00f6y\u00fcd\u0259n atalar\u0131n, h\u0259m\u00e7inin u\u015faqlar\u0131 \u00f6vladl\u0131\u011fa g\u00f6t\u00fcrm\u00fc\u015f \u015f\u0259xsl\u0259rin d\u0259 \u0259lav\u0259 m\u0259zuniyy\u0259t h\u00fcququ var.<\/p>\n\n\n\n<p>Pedaqoji v\u0259 elmi f\u0259aliyy\u0259tl\u0259 m\u0259\u015f\u011ful olan b\u0259zi i\u015f\u00e7il\u0259r 56 g\u00fcn, m\u00fcharib\u0259d\u0259 x\u0259sar\u0259t alanlar, el\u0259c\u0259 d\u0259 V\u0259t\u0259n M\u00fcharib\u0259si Q\u0259hr\u0259manlar\u0131, Az\u0259rbaycan\u0131n Milli Q\u0259hr\u0259manlar\u0131 v\u0259 dig\u0259r i\u015f\u00e7il\u0259r 46 g\u00fcn, \u0259lilliyi olan \u015f\u0259xsl\u0259r 42 g\u00fcn m\u0259zuniyy\u0259t\u0259 \u00e7\u0131xa bil\u0259r. B\u0259s \u0259m\u0259k m\u0259zuniyy\u0259tini hiss\u0259l\u0259r\u0259 b\u00f6l\u0259r\u0259k, g\u0259l\u0259n il\u0259 d\u0259 saxlamaq m\u00fcmk\u00fcnd\u00fcrm\u00fc?<\/p>\n\n\n\n<p><strong>D\u018fMX: \u0130\u015f\u00e7inin m\u0259zuniyy\u0259tini n\u00f6vb\u0259ti il\u0259 saxlamaq h\u00fcququ var<\/strong><\/p>\n\n\n\n<p>D\u00f6vl\u0259t \u018fm\u0259k M\u00fcf\u0259tti\u015fliyi Xidm\u0259tinin m\u0259lumat\u0131na g\u00f6r\u0259, \u0259m\u0259k m\u0259zuniyy\u0259ti h\u0259r il m\u00fcvafiq i\u015f ili \u00fc\u00e7\u00fcn verilir. \u0130\u015f ili i\u015f\u00e7inin i\u015f\u0259 g\u00f6t\u00fcr\u00fcld\u00fcy\u00fc g\u00fcnd\u0259n ba\u015flay\u0131r v\u0259 n\u00f6vb\u0259ti ilin h\u0259min g\u00fcn\u00fc ba\u015fa \u00e7at\u0131r. 1 i\u015f ilin\u0259 g\u00f6r\u0259 yaln\u0131z bir \u0259m\u0259k m\u0259zuniyy\u0259ti veril\u0259 bil\u0259r. \u018fg\u0259r i\u015f\u00e7i bundan \u0259vv\u0259lki il m\u0259zuniyy\u0259t\u0259 \u00e7\u0131xmay\u0131bsa, y\u0259ni onun 2 i\u015f ilin\u0259 g\u00f6r\u0259 m\u0259zuniyy\u0259t h\u00fcququ varsa, o, m\u0259zuniyy\u0259tind\u0259n birlikd\u0259 v\u0259 ya ayr\u0131-ayr\u0131l\u0131qda istifad\u0259 ed\u0259 bil\u0259r. Amma bu zaman i\u015f\u0259g\u00f6t\u00fcr\u0259nin d\u0259 raz\u0131l\u0131\u011f\u0131 m\u00fctl\u0259qdir. \u0130\u015f\u00e7i v\u0259 i\u015f\u0259g\u00f6t\u00fcr\u0259n ayr\u0131-ayr\u0131l\u0131qda \u0259m\u0259k m\u0259zuniyy\u0259tini ba\u015fqa vaxta ke\u00e7ir\u0259 bilm\u0259zl\u0259r. Bu, h\u00f6km\u0259n h\u0259r iki t\u0259r\u0259fin raz\u0131l\u0131\u011f\u0131 \u0259sas\u0131nda olmal\u0131d\u0131r:<\/p>\n\n\n\n<p><em>\u201cY\u0259ni i\u015f\u00e7inin arzusu v\u0259 i\u015f\u0259g\u00f6t\u00fcr\u0259nin raz\u0131l\u0131\u011f\u0131 il\u0259 m\u0259zuniyy\u0259t hiss\u0259l\u0259r\u0259 b\u00f6l\u00fcn\u0259r\u0259k, veril\u0259 bil\u0259r. Bu \u015f\u0259rtl\u0259 ki, \u0259m\u0259k m\u0259zuniyy\u0259tinin b\u00f6l\u00fcnm\u00fc\u015f hiss\u0259l\u0259rind\u0259n birinin m\u00fcdd\u0259ti 2 h\u0259ft\u0259d\u0259n az olmas\u0131n. \u018fm\u0259k m\u0259zuniyy\u0259tinin bir hiss\u0259sind\u0259n istifad\u0259 edildikd\u0259, onun qalan hiss\u0259si m\u0259zuniyy\u0259tin verildiyi i\u015f ili bit\u0259n\u0259d\u0259k v\u0259 ya t\u0259qvim ilinin sonun\u0259d\u0259k, yaxud da i\u015f\u00e7inin arzusu il\u0259 n\u00f6vb\u0259ti i\u015f ilinin m\u0259zuniyy\u0259ti il\u0259 birl\u0259\u015fdirilib, veril\u0259 bil\u0259r\u201d<\/em>.<\/p>\n\n\n\n<figure class=\"wp-block-image size-full\"><img decoding=\"async\" width=\"1200\" height=\"796\" data-src=\"https:\/\/www.meydan.tv\/wp-content\/uploads\/308125138_10228707121288081_3773517689816948895_n.jpg\" alt=\"Foto: R\u0259sul C\u0259f\u0259rovun \u015f\u0259xsi arxivind\u0259n\" class=\"wp-image-256438 lazyload\" src=\"data:image\/svg+xml;base64,PHN2ZyB3aWR0aD0iMSIgaGVpZ2h0PSIxIiB4bWxucz0iaHR0cDovL3d3dy53My5vcmcvMjAwMC9zdmciPjwvc3ZnPg==\" style=\"--smush-placeholder-width: 1200px; --smush-placeholder-aspect-ratio: 1200\/796;\" \/><figcaption class=\"wp-element-caption\">Foto: R\u0259sul C\u0259f\u0259rovun \u015f\u0259xsi arxivind\u0259n<\/figcaption><\/figure>\n\n\n\n<p><strong>V\u0259kil: \u201c\u0130stifad\u0259 edilm\u0259y\u0259n m\u0259zuniyy\u0259t\u0259 g\u00f6r\u0259 kompensasiya \u00f6d\u0259nilm\u0259lidir\u201d<\/strong><\/p>\n\n\n\n<p>B\u0259s ilin sonu yax\u0131nla\u015fd\u0131qca i\u015f\u00e7il\u0259r hans\u0131 s\u0259b\u0259bd\u0259n m\u0259cburi m\u0259zuniyy\u0259t\u0259 g\u00f6nd\u0259rilir? V\u0259kill\u0259r Kollegiyas\u0131n\u0131n \u00fczv\u00fc R\u0259sul C\u0259f\u0259rovun fikrinc\u0259, \u0259ks\u0259r \u015firk\u0259tl\u0259r bunu kompensasiya \u00f6d\u0259m\u0259m\u0259k \u00fc\u00e7\u00fcn edirl\u0259r, amma bu, qanun pozuntusudur. \u018fg\u0259r i\u015f\u00e7i h\u0259r hans\u0131 s\u0259b\u0259bd\u0259n \u0259m\u0259k m\u0259zuniyy\u0259tind\u0259n istifad\u0259 etm\u0259k ist\u0259mirs\u0259, bu zaman ona m\u00fcvafiq hesablanm\u0131\u015f qaydada kompensasiya m\u0259bl\u0259\u011fi \u00f6d\u0259nilm\u0259lidir:<\/p>\n\n\n\n<p><em>\u201cB\u0259z\u0259n el\u0259 olur ki, m\u0259zuniyy\u0259t n\u00f6vb\u0259ti il\u0259 qal\u0131r v\u0259 h\u0259min ild\u0259 d\u0259 i\u015f\u00e7i i\u015fd\u0259n \u00e7\u0131x\u0131r. Onun i\u015fd\u0259n \u00e7\u0131xma s\u0259b\u0259bind\u0259n as\u0131l\u0131 olmayaraq, \u0259vv\u0259lki ild\u0259 istifad\u0259 etm\u0259diyi m\u0259zuniyy\u0259t\u0259 g\u00f6r\u0259 i\u015f\u0259g\u00f6t\u00fcr\u0259n ona kompensasiya \u00f6d\u0259m\u0259lidir. \u0130\u015f\u0259g\u00f6t\u00fcr\u0259n d\u0259 pul verm\u0259k ist\u0259m\u0259diyi \u00fc\u00e7\u00fcn i\u015f\u00e7il\u0259r\u0259 bildirir ki, il bit\u0259n\u0259 q\u0259d\u0259r \u00f6z m\u0259zuniyy\u0259t h\u00fcququnuzdan istifad\u0259 edin. \u0130\u015f\u0259g\u00f6t\u00fcr\u0259n faktiki m\u0259zuniyy\u0259tin n\u00f6vb\u0259ti il\u0259 ke\u00e7irilm\u0259sin\u0259 raz\u0131l\u0131q vermir, bunu ist\u0259mir. Bu zaman art\u0131q i\u015f\u00e7i \u00f6z\u00fc q\u0259rar verm\u0259lidir &#8211; ist\u0259s\u0259 m\u0259zuniyy\u0259tind\u0259n istifad\u0259 ed\u0259r, ist\u0259m\u0259s\u0259 yox\u201d<\/em>.<\/p>\n\n\n\n<p>R.C\u0259f\u0259rovun s\u00f6zl\u0259rin\u0259 g\u00f6r\u0259, m\u0259zuniyy\u0259tini ba\u015fqa vaxta ke\u00e7irm\u0259k v\u0259 kompensasiya almaq i\u015f\u00e7inin h\u00fcququdur. Amma dig\u0259r t\u0259r\u0259fd\u0259n d\u0259 i\u015f\u0259g\u00f6t\u00fcr\u0259n i\u015f\u00e7inin istirah\u0259t saatlar\u0131n\u0131, m\u0259zuniyy\u0259t g\u00fcnl\u0259rini t\u0259min etm\u0259k v\u0259zif\u0259sini da\u015f\u0131y\u0131r. Bu s\u0259b\u0259bd\u0259n d\u0259 qar\u015f\u0131l\u0131ql\u0131 raz\u0131la\u015fma \u0259ld\u0259 olunmal\u0131d\u0131r.<\/p>\n\n\n\n<p><strong>H\u00fcquq m\u00fcdafi\u0259\u00e7isi: \u201cM\u0259zuniyy\u0259t yaln\u0131z i\u015f\u00e7inin \u0259riz\u0259si \u0259sas\u0131nda veril\u0259 bil\u0259r\u201d<\/strong><\/p>\n\n\n\n<p>M\u00fct\u0259x\u0259ssisl\u0259r hesab edir ki, b\u0259zi i\u015f\u00e7il\u0259r d\u0259 bu m\u0259s\u0259l\u0259d\u0259 sui-istifad\u0259 hallar\u0131na yol verirl\u0259r. Kompensasiya almaqdan \u00f6tr\u00fc he\u00e7 bir halda m\u0259zuniyy\u0259t\u0259 \u00e7\u0131xmaq ist\u0259mirl\u0259r.<\/p>\n\n\n\n<figure class=\"wp-block-image size-full\"><img decoding=\"async\" width=\"720\" height=\"480\" data-src=\"https:\/\/www.meydan.tv\/wp-content\/uploads\/17550.jpg\" alt=\"Foto: Sahib M\u0259mm\u0259dovun \u015f\u0259xsi arxivind\u0259n\" class=\"wp-image-46877 lazyload\" src=\"data:image\/svg+xml;base64,PHN2ZyB3aWR0aD0iMSIgaGVpZ2h0PSIxIiB4bWxucz0iaHR0cDovL3d3dy53My5vcmcvMjAwMC9zdmciPjwvc3ZnPg==\" style=\"--smush-placeholder-width: 720px; --smush-placeholder-aspect-ratio: 720\/480;\" \/><figcaption class=\"wp-element-caption\">Foto: Sahib M\u0259mm\u0259dovun \u015f\u0259xsi arxivind\u0259n<\/figcaption><\/figure>\n\n\n\n<p>\u201cV\u0259t\u0259nda\u015flar\u0131n \u018fm\u0259k H\u00fcquqlar\u0131n\u0131n M\u00fcdafi\u0259 Liqas\u0131\u201cn\u0131n s\u0259dri Sahib M\u0259mm\u0259dovun s\u00f6zl\u0259rin\u0259 g\u00f6r\u0259, i\u015f\u00e7inin m\u0259zuniyy\u0259t\u0259 \u00e7\u0131xmas\u0131 \u018fm\u0259k M\u0259c\u0259ll\u0259sinin t\u0259l\u0259bidir. Amma bir \u00e7oxu bu h\u00fcquqlar\u0131ndan imtina ed\u0259r\u0259k, m\u0259zuniyy\u0259t \u0259riz\u0259si yazm\u0131rlar.<\/p>\n\n\n\n<p><em>\u201c\u018fm\u0259k M\u0259c\u0259ll\u0259sin\u0259 \u0259sas\u0259n, \u0259g\u0259r i\u015f\u00e7i m\u0259zuniyy\u0259t \u0259riz\u0259si yazm\u0131rsa, ona m\u0259zuniyy\u0259t veril\u0259 bilm\u0259z. M\u0259zuniyy\u0259t yaln\u0131z i\u015f\u00e7inin \u0259riz\u0259si \u0259sas\u0131nda veril\u0259 bil\u0259r. Ona g\u00f6r\u0259 d\u0259 bu \u00e7ox ciddi problem yarad\u0131r. \u0130\u015f\u00e7il\u0259rin bir \u00e7oxu \u0259riz\u0259 yazm\u0131rlar, i\u015fd\u0259 qal\u0131rlar, h\u0259m \u0259m\u0259khaqq\u0131, h\u0259m d\u0259 kompensasiya al\u0131rlar. Amma indi \u018fm\u0259k M\u0259c\u0259ll\u0259sin\u0259 d\u0259yi\u015fiklik edil\u0259c\u0259k. \u0130\u015f\u0259g\u00f6t\u00fcr\u0259nin h\u00fcququ olacaq ki, i\u015f\u00e7i \u0259riz\u0259 yazmasa bel\u0259 onu \u0259m\u0259k m\u0259zuniyy\u0259tin\u0259 m\u0259cburi g\u00f6nd\u0259r\u0259 bilsin<\/em>\u201d, &#8211; S. M\u0259mm\u0259dov bildirib.<\/p>\n\n\n\n<p><strong>M\u0259c\u0259ll\u0259y\u0259 edil\u0259c\u0259k d\u0259yi\u015fiklikd\u0259n kim qazanacaq: i\u015f\u00e7i, yoxsa i\u015f\u0259g\u00f6t\u00fcr\u0259n?<\/strong><\/p>\n\n\n\n<p>\u018fm\u0259k M\u0259c\u0259ll\u0259sind\u0259 haz\u0131rda m\u0259zuniyy\u0259t\u0259 g\u00f6r\u0259 m\u0259cburilik t\u0259l\u0259bi yoxdur. Amma m\u0259c\u0259ll\u0259y\u0259 t\u0259klif edil\u0259n d\u0259yi\u015fiklikl\u0259r\u0259 \u0259sas\u0259n, m\u0259zuniyy\u0259tin dig\u0259r t\u0259qvim ilin\u0259 ke\u00e7irilm\u0259si il\u0259 ba\u011fl\u0131 hallar m\u00fc\u0259yy\u0259n edilir. Buna s\u0259b\u0259b bir \u00e7oxunun kompensasiya xatirin\u0259 m\u0259zuniyy\u0259td\u0259n imtina etm\u0259sidir.<\/p>\n\n\n\n<p>M\u00fct\u0259x\u0259ssisl\u0259rin fikrinc\u0259, qanunvericiliy\u0259 n\u0259z\u0259rd\u0259 tutulan bu d\u0259yi\u015fiklikl\u0259r daha \u00e7ox i\u015f\u0259g\u00f6t\u00fcr\u0259nin xeyrin\u0259 olacaq. Amma m\u00fc\u0259yy\u0259n i\u015fl\u0259r d\u0259 var ki, orada \u00e7al\u0131\u015fan insanlar \u0259m\u0259k qabiliyy\u0259tini b\u0259rpa etm\u0259k \u00fc\u00e7\u00fcn m\u00fctl\u0259q istirah\u0259t etm\u0259lidir. \u00c7\u00fcnki m\u0259zuniyy\u0259t i\u015f\u00e7inin h\u0259m istirah\u0259ti, h\u0259m d\u0259 \u0259m\u0259k qabiliyy\u0259tinin b\u0259rpas\u0131 \u00fc\u00e7\u00fcn n\u0259z\u0259rd\u0259 tutulub.<\/p>\n\n\n\n<p>Ancaq h\u0259l\u0259 ki, indiki \u018fm\u0259k M\u0259c\u0259ll\u0259sind\u0259 i\u015f\u00e7inin m\u0259zuniyy\u0259t\u0259 \u00e7\u0131xmamaq h\u00fcququ var. Bu halda m\u0259zuniyy\u0259t ya n\u00f6vb\u0259ti il\u0259 ke\u00e7irilm\u0259lidir, ya da kompensasiyas\u0131 \u00f6d\u0259nilm\u0259lidir. Y\u0259ni i\u015f\u00e7i h\u0259m 1 ayl\u0131q maa\u015f\u0131n\u0131, h\u0259m d\u0259 istifad\u0259 etm\u0259diyi m\u0259zuniyy\u0259tin pulunu almal\u0131d\u0131r.<\/p>\n\n\n\n<p><strong>\u018fm\u0259k h\u00fcquqlar\u0131 pozulan \u015f\u0259xsl\u0259r hara m\u00fcraci\u0259t etm\u0259lidir?<\/strong><\/p>\n\n\n\n<p>H\u00fcquq\u015f\u00fcnaslar bu m\u0259s\u0259l\u0259d\u0259 h\u00fcququ pozulan \u015f\u0259xsl\u0259r\u0259 D\u00f6vl\u0259t \u018fm\u0259k M\u00fcf\u0259tti\u015fliyi Xidm\u0259tin\u0259 m\u00fcraci\u0259t etm\u0259yi m\u0259sl\u0259h\u0259t g\u00f6r\u00fcrl\u0259r. \u0130\u015f\u00e7il\u0259r \u015fikay\u0259tl\u0259rini qurumun email \u00fcnvan\u0131na, sosial \u015f\u0259b\u0259k\u0259l\u0259rin\u0259, \u201c142 \u00e7a\u011fr\u0131 m\u0259rk\u0259zi\u201dn\u0259, el\u0259c\u0259 d\u0259 \u201cDOST\u201d m\u0259rk\u0259zl\u0259rin\u0259 yaza bil\u0259r. Onlar mediasiyadan ke\u00e7m\u0259k \u015f\u0259rtil\u0259 i\u015f\u0259g\u00f6t\u00fcr\u0259ni m\u0259hk\u0259m\u0259y\u0259 verm\u0259kl\u0259 d\u0259 \u0259m\u0259k h\u00fcquqlar\u0131n\u0131 b\u0259rpa ed\u0259 bil\u0259rl\u0259r.<\/p>\n\n\n\n<p>\u0130nzibati X\u0259talar M\u0259c\u0259ll\u0259sin\u0259 \u0259sas\u0259n, i\u015f\u00e7inin m\u0259zuniyy\u0259t h\u00fcquqlar\u0131n\u0131n pozulmas\u0131na, i\u015f\u00e7iy\u0259 \u0259m\u0259k m\u0259zuniyy\u0259tinin verilm\u0259m\u0259sin\u0259, habel\u0259 istifad\u0259 edilm\u0259mi\u015f \u0259m\u0259k m\u0259zuniyy\u0259tin\u0259 g\u00f6r\u0259 m\u00fc\u0259yy\u0259n edilmi\u015f kompensasiyan\u0131n \u00f6d\u0259nilm\u0259m\u0259sin\u0259 g\u00f6r\u0259 v\u0259zif\u0259li \u015f\u0259xsl\u0259r\u0259 1500 manatdan 2000 manatad\u0259k c\u0259rim\u0259 t\u0259tbiq edilir.<\/p>\n","protected":false},"excerpt":{"rendered":"<p>\u018fm\u0259k M\u0259c\u0259ll\u0259sin\u0259 d\u0259yi\u015fiklik i\u015f\u0259g\u00f6t\u00fcr\u0259nl\u0259rin xeyrin\u0259 olacaq? \u018fks\u0259r d\u00f6vl\u0259t qurumlar\u0131, el\u0259c\u0259 &#8230; <\/p>\n<p class=\"read-more-container\"><a title=\"M\u0259cburi m\u0259zuniyy\u0259tin s\u0259b\u0259bi: Qurumlar kompensasiya \u00f6d\u0259m\u0259k ist\u0259mir\" class=\"read-more button\" href=\"https:\/\/www.meydan.tv\/az\/article\/mecburi-mezuniyyetin-sebebi-qurmlar-kompensasiya-odemek-istemir\/#more-320878\" aria-label=\"Read more about M\u0259cburi m\u0259zuniyy\u0259tin s\u0259b\u0259bi: Qurumlar kompensasiya \u00f6d\u0259m\u0259k ist\u0259mir\">Davam\u0131<\/a><\/p>\n","protected":false},"author":12,"featured_media":282970,"comment_status":"closed","ping_status":"closed","sticky":false,"template":"","format":"standard","meta":{"_acf_changed":false,"_sitemap_exclude":false,"_sitemap_priority":"","_sitemap_frequency":"","footnotes":""},"categories":[62,79,56],"tags":[],"class_list":["post-320878","post","type-post","status-publish","format-standard","has-post-thumbnail","hentry","category-sosial","category-featured","category-xeberler","infinite-scroll-item","generate-columns","tablet-grid-50","mobile-grid-100","grid-parent","grid-33","no-featured-image-padding"],"acf":[],"yoast_head":"<!-- This site is optimized with the Yoast SEO plugin v27.4 - https:\/\/yoast.com\/product\/yoast-seo-wordpress\/ -->\n<title>M\u0259cburi m\u0259zuniyy\u0259tin s\u0259b\u0259bi: Qurumlar kompensasiya \u00f6d\u0259m\u0259k ist\u0259mir - MEYDAN.TV<\/title>\n<meta name=\"description\" content=\"V\u0259kil: \u201c\u0130stifad\u0259 edilm\u0259y\u0259n m\u0259zuniyy\u0259t\u0259 g\u00f6r\u0259 kompensasiya \u00f6d\u0259nilm\u0259lidir\u201d.\" \/>\n<meta name=\"robots\" content=\"index, follow, max-snippet:-1, max-image-preview:large, max-video-preview:-1\" \/>\n<link rel=\"canonical\" href=\"https:\/\/www.meydan.tv\/az\/article\/mecburi-mezuniyyetin-sebebi-qurmlar-kompensasiya-odemek-istemir\/\" \/>\n<meta property=\"og:locale\" content=\"az_AZ\" \/>\n<meta property=\"og:type\" content=\"article\" \/>\n<meta property=\"og:title\" content=\"M\u0259cburi m\u0259zuniyy\u0259tin s\u0259b\u0259bi: Qurumlar kompensasiya \u00f6d\u0259m\u0259k ist\u0259mir - MEYDAN.TV\" \/>\n<meta property=\"og:description\" content=\"V\u0259kil: \u201c\u0130stifad\u0259 edilm\u0259y\u0259n m\u0259zuniyy\u0259t\u0259 g\u00f6r\u0259 kompensasiya \u00f6d\u0259nilm\u0259lidir\u201d.\" \/>\n<meta property=\"og:url\" content=\"https:\/\/www.meydan.tv\/az\/article\/mecburi-mezuniyyetin-sebebi-qurmlar-kompensasiya-odemek-istemir\/\" \/>\n<meta property=\"og:site_name\" content=\"MEYDAN.TV\" \/>\n<meta property=\"article:published_time\" content=\"2024-11-18T15:09:09+00:00\" \/>\n<meta property=\"article:modified_time\" content=\"2024-11-18T15:09:14+00:00\" \/>\n<meta property=\"og:image\" content=\"https:\/\/www.meydan.tv\/wp-content\/uploads\/shutterstock_2338501071.jpg\" \/>\n\t<meta property=\"og:image:width\" content=\"1200\" \/>\n\t<meta property=\"og:image:height\" content=\"800\" \/>\n\t<meta property=\"og:image:type\" content=\"image\/jpeg\" \/>\n<meta name=\"author\" content=\"aleks\" \/>\n<meta name=\"twitter:card\" content=\"summary_large_image\" \/>\n<script type=\"application\/ld+json\" class=\"yoast-schema-graph\">{\"@context\":\"https:\\\/\\\/schema.org\",\"@graph\":[{\"@type\":\"Article\",\"@id\":\"https:\\\/\\\/www.meydan.tv\\\/az\\\/article\\\/mecburi-mezuniyyetin-sebebi-qurmlar-kompensasiya-odemek-istemir\\\/#article\",\"isPartOf\":{\"@id\":\"https:\\\/\\\/www.meydan.tv\\\/az\\\/article\\\/mecburi-mezuniyyetin-sebebi-qurmlar-kompensasiya-odemek-istemir\\\/\"},\"author\":{\"name\":\"aleks\",\"@id\":\"https:\\\/\\\/www.meydan.tv\\\/az\\\/#\\\/schema\\\/person\\\/476e9360e593fa131d5d71d51866f8da\"},\"headline\":\"M\u0259cburi m\u0259zuniyy\u0259tin s\u0259b\u0259bi: Qurumlar kompensasiya \u00f6d\u0259m\u0259k ist\u0259mir\",\"datePublished\":\"2024-11-18T15:09:09+00:00\",\"dateModified\":\"2024-11-18T15:09:14+00:00\",\"mainEntityOfPage\":{\"@id\":\"https:\\\/\\\/www.meydan.tv\\\/az\\\/article\\\/mecburi-mezuniyyetin-sebebi-qurmlar-kompensasiya-odemek-istemir\\\/\"},\"wordCount\":1801,\"publisher\":{\"@id\":\"https:\\\/\\\/www.meydan.tv\\\/az\\\/#organization\"},\"image\":{\"@id\":\"https:\\\/\\\/www.meydan.tv\\\/az\\\/article\\\/mecburi-mezuniyyetin-sebebi-qurmlar-kompensasiya-odemek-istemir\\\/#primaryimage\"},\"thumbnailUrl\":\"https:\\\/\\\/www.meydan.tv\\\/wp-content\\\/uploads\\\/shutterstock_2338501071.jpg\",\"articleSection\":[\"Sosial\",\"T\u00f6vsiy\u0259\",\"X\u0259b\u0259rl\u0259r\"],\"inLanguage\":\"az\"},{\"@type\":\"WebPage\",\"@id\":\"https:\\\/\\\/www.meydan.tv\\\/az\\\/article\\\/mecburi-mezuniyyetin-sebebi-qurmlar-kompensasiya-odemek-istemir\\\/\",\"url\":\"https:\\\/\\\/www.meydan.tv\\\/az\\\/article\\\/mecburi-mezuniyyetin-sebebi-qurmlar-kompensasiya-odemek-istemir\\\/\",\"name\":\"M\u0259cburi m\u0259zuniyy\u0259tin s\u0259b\u0259bi: Qurumlar kompensasiya \u00f6d\u0259m\u0259k ist\u0259mir - MEYDAN.TV\",\"isPartOf\":{\"@id\":\"https:\\\/\\\/www.meydan.tv\\\/az\\\/#website\"},\"primaryImageOfPage\":{\"@id\":\"https:\\\/\\\/www.meydan.tv\\\/az\\\/article\\\/mecburi-mezuniyyetin-sebebi-qurmlar-kompensasiya-odemek-istemir\\\/#primaryimage\"},\"image\":{\"@id\":\"https:\\\/\\\/www.meydan.tv\\\/az\\\/article\\\/mecburi-mezuniyyetin-sebebi-qurmlar-kompensasiya-odemek-istemir\\\/#primaryimage\"},\"thumbnailUrl\":\"https:\\\/\\\/www.meydan.tv\\\/wp-content\\\/uploads\\\/shutterstock_2338501071.jpg\",\"datePublished\":\"2024-11-18T15:09:09+00:00\",\"dateModified\":\"2024-11-18T15:09:14+00:00\",\"description\":\"V\u0259kil: \u201c\u0130stifad\u0259 edilm\u0259y\u0259n m\u0259zuniyy\u0259t\u0259 g\u00f6r\u0259 kompensasiya \u00f6d\u0259nilm\u0259lidir\u201d.\",\"breadcrumb\":{\"@id\":\"https:\\\/\\\/www.meydan.tv\\\/az\\\/article\\\/mecburi-mezuniyyetin-sebebi-qurmlar-kompensasiya-odemek-istemir\\\/#breadcrumb\"},\"inLanguage\":\"az\",\"potentialAction\":[{\"@type\":\"ReadAction\",\"target\":[\"https:\\\/\\\/www.meydan.tv\\\/az\\\/article\\\/mecburi-mezuniyyetin-sebebi-qurmlar-kompensasiya-odemek-istemir\\\/\"]}]},{\"@type\":\"ImageObject\",\"inLanguage\":\"az\",\"@id\":\"https:\\\/\\\/www.meydan.tv\\\/az\\\/article\\\/mecburi-mezuniyyetin-sebebi-qurmlar-kompensasiya-odemek-istemir\\\/#primaryimage\",\"url\":\"https:\\\/\\\/www.meydan.tv\\\/wp-content\\\/uploads\\\/shutterstock_2338501071.jpg\",\"contentUrl\":\"https:\\\/\\\/www.meydan.tv\\\/wp-content\\\/uploads\\\/shutterstock_2338501071.jpg\",\"width\":1200,\"height\":800,\"caption\":\"Bak\u0131. Foto: arda savasciogullari\\\/shutterstock\"},{\"@type\":\"BreadcrumbList\",\"@id\":\"https:\\\/\\\/www.meydan.tv\\\/az\\\/article\\\/mecburi-mezuniyyetin-sebebi-qurmlar-kompensasiya-odemek-istemir\\\/#breadcrumb\",\"itemListElement\":[{\"@type\":\"ListItem\",\"position\":1,\"name\":\"Ana s\u0259hif\u0259\",\"item\":\"https:\\\/\\\/www.meydan.tv\\\/az\\\/\"},{\"@type\":\"ListItem\",\"position\":2,\"name\":\"X\u0259b\u0259rl\u0259r\",\"item\":\"https:\\\/\\\/www.meydan.tv\\\/az\\\/section\\\/xeberler\\\/\"},{\"@type\":\"ListItem\",\"position\":3,\"name\":\"M\u0259cburi m\u0259zuniyy\u0259tin s\u0259b\u0259bi: Qurumlar kompensasiya \u00f6d\u0259m\u0259k ist\u0259mir\"}]},{\"@type\":\"WebSite\",\"@id\":\"https:\\\/\\\/www.meydan.tv\\\/az\\\/#website\",\"url\":\"https:\\\/\\\/www.meydan.tv\\\/az\\\/\",\"name\":\"MEYDAN.TV\",\"description\":\"Meydan TV Az\u0259rbaycan\u0131n media m\u0259kan\u0131ndak\u0131 alternativ s\u0259sidir\",\"publisher\":{\"@id\":\"https:\\\/\\\/www.meydan.tv\\\/az\\\/#organization\"},\"potentialAction\":[{\"@type\":\"SearchAction\",\"target\":{\"@type\":\"EntryPoint\",\"urlTemplate\":\"https:\\\/\\\/www.meydan.tv\\\/az\\\/?s={search_term_string}\"},\"query-input\":{\"@type\":\"PropertyValueSpecification\",\"valueRequired\":true,\"valueName\":\"search_term_string\"}}],\"inLanguage\":\"az\"},{\"@type\":\"Organization\",\"@id\":\"https:\\\/\\\/www.meydan.tv\\\/az\\\/#organization\",\"name\":\"Meydan TV\",\"url\":\"https:\\\/\\\/www.meydan.tv\\\/az\\\/\",\"logo\":{\"@type\":\"ImageObject\",\"inLanguage\":\"az\",\"@id\":\"https:\\\/\\\/www.meydan.tv\\\/az\\\/#\\\/schema\\\/logo\\\/image\\\/\",\"url\":\"https:\\\/\\\/www.meydan.tv\\\/wp-content\\\/uploads\\\/2021\\\/07\\\/meydan-logo.svg\",\"contentUrl\":\"https:\\\/\\\/www.meydan.tv\\\/wp-content\\\/uploads\\\/2021\\\/07\\\/meydan-logo.svg\",\"width\":195,\"height\":46,\"caption\":\"Meydan TV\"},\"image\":{\"@id\":\"https:\\\/\\\/www.meydan.tv\\\/az\\\/#\\\/schema\\\/logo\\\/image\\\/\"}},{\"@type\":\"Person\",\"@id\":\"https:\\\/\\\/www.meydan.tv\\\/az\\\/#\\\/schema\\\/person\\\/476e9360e593fa131d5d71d51866f8da\",\"name\":\"aleks\"}]}<\/script>\n<!-- \/ Yoast SEO plugin. -->","yoast_head_json":{"title":"M\u0259cburi m\u0259zuniyy\u0259tin s\u0259b\u0259bi: Qurumlar kompensasiya \u00f6d\u0259m\u0259k ist\u0259mir - MEYDAN.TV","description":"V\u0259kil: \u201c\u0130stifad\u0259 edilm\u0259y\u0259n m\u0259zuniyy\u0259t\u0259 g\u00f6r\u0259 kompensasiya \u00f6d\u0259nilm\u0259lidir\u201d.","robots":{"index":"index","follow":"follow","max-snippet":"max-snippet:-1","max-image-preview":"max-image-preview:large","max-video-preview":"max-video-preview:-1"},"canonical":"https:\/\/www.meydan.tv\/az\/article\/mecburi-mezuniyyetin-sebebi-qurmlar-kompensasiya-odemek-istemir\/","og_locale":"az_AZ","og_type":"article","og_title":"M\u0259cburi m\u0259zuniyy\u0259tin s\u0259b\u0259bi: Qurumlar kompensasiya \u00f6d\u0259m\u0259k ist\u0259mir - MEYDAN.TV","og_description":"V\u0259kil: \u201c\u0130stifad\u0259 edilm\u0259y\u0259n m\u0259zuniyy\u0259t\u0259 g\u00f6r\u0259 kompensasiya \u00f6d\u0259nilm\u0259lidir\u201d.","og_url":"https:\/\/www.meydan.tv\/az\/article\/mecburi-mezuniyyetin-sebebi-qurmlar-kompensasiya-odemek-istemir\/","og_site_name":"MEYDAN.TV","article_published_time":"2024-11-18T15:09:09+00:00","article_modified_time":"2024-11-18T15:09:14+00:00","og_image":[{"width":1200,"height":800,"url":"https:\/\/www.meydan.tv\/wp-content\/uploads\/shutterstock_2338501071.jpg","type":"image\/jpeg"}],"author":"aleks","twitter_card":"summary_large_image","schema":{"@context":"https:\/\/schema.org","@graph":[{"@type":"Article","@id":"https:\/\/www.meydan.tv\/az\/article\/mecburi-mezuniyyetin-sebebi-qurmlar-kompensasiya-odemek-istemir\/#article","isPartOf":{"@id":"https:\/\/www.meydan.tv\/az\/article\/mecburi-mezuniyyetin-sebebi-qurmlar-kompensasiya-odemek-istemir\/"},"author":{"name":"aleks","@id":"https:\/\/www.meydan.tv\/az\/#\/schema\/person\/476e9360e593fa131d5d71d51866f8da"},"headline":"M\u0259cburi m\u0259zuniyy\u0259tin s\u0259b\u0259bi: Qurumlar kompensasiya \u00f6d\u0259m\u0259k ist\u0259mir","datePublished":"2024-11-18T15:09:09+00:00","dateModified":"2024-11-18T15:09:14+00:00","mainEntityOfPage":{"@id":"https:\/\/www.meydan.tv\/az\/article\/mecburi-mezuniyyetin-sebebi-qurmlar-kompensasiya-odemek-istemir\/"},"wordCount":1801,"publisher":{"@id":"https:\/\/www.meydan.tv\/az\/#organization"},"image":{"@id":"https:\/\/www.meydan.tv\/az\/article\/mecburi-mezuniyyetin-sebebi-qurmlar-kompensasiya-odemek-istemir\/#primaryimage"},"thumbnailUrl":"https:\/\/www.meydan.tv\/wp-content\/uploads\/shutterstock_2338501071.jpg","articleSection":["Sosial","T\u00f6vsiy\u0259","X\u0259b\u0259rl\u0259r"],"inLanguage":"az"},{"@type":"WebPage","@id":"https:\/\/www.meydan.tv\/az\/article\/mecburi-mezuniyyetin-sebebi-qurmlar-kompensasiya-odemek-istemir\/","url":"https:\/\/www.meydan.tv\/az\/article\/mecburi-mezuniyyetin-sebebi-qurmlar-kompensasiya-odemek-istemir\/","name":"M\u0259cburi m\u0259zuniyy\u0259tin s\u0259b\u0259bi: Qurumlar kompensasiya \u00f6d\u0259m\u0259k ist\u0259mir - MEYDAN.TV","isPartOf":{"@id":"https:\/\/www.meydan.tv\/az\/#website"},"primaryImageOfPage":{"@id":"https:\/\/www.meydan.tv\/az\/article\/mecburi-mezuniyyetin-sebebi-qurmlar-kompensasiya-odemek-istemir\/#primaryimage"},"image":{"@id":"https:\/\/www.meydan.tv\/az\/article\/mecburi-mezuniyyetin-sebebi-qurmlar-kompensasiya-odemek-istemir\/#primaryimage"},"thumbnailUrl":"https:\/\/www.meydan.tv\/wp-content\/uploads\/shutterstock_2338501071.jpg","datePublished":"2024-11-18T15:09:09+00:00","dateModified":"2024-11-18T15:09:14+00:00","description":"V\u0259kil: \u201c\u0130stifad\u0259 edilm\u0259y\u0259n m\u0259zuniyy\u0259t\u0259 g\u00f6r\u0259 kompensasiya \u00f6d\u0259nilm\u0259lidir\u201d.","breadcrumb":{"@id":"https:\/\/www.meydan.tv\/az\/article\/mecburi-mezuniyyetin-sebebi-qurmlar-kompensasiya-odemek-istemir\/#breadcrumb"},"inLanguage":"az","potentialAction":[{"@type":"ReadAction","target":["https:\/\/www.meydan.tv\/az\/article\/mecburi-mezuniyyetin-sebebi-qurmlar-kompensasiya-odemek-istemir\/"]}]},{"@type":"ImageObject","inLanguage":"az","@id":"https:\/\/www.meydan.tv\/az\/article\/mecburi-mezuniyyetin-sebebi-qurmlar-kompensasiya-odemek-istemir\/#primaryimage","url":"https:\/\/www.meydan.tv\/wp-content\/uploads\/shutterstock_2338501071.jpg","contentUrl":"https:\/\/www.meydan.tv\/wp-content\/uploads\/shutterstock_2338501071.jpg","width":1200,"height":800,"caption":"Bak\u0131. Foto: arda savasciogullari\/shutterstock"},{"@type":"BreadcrumbList","@id":"https:\/\/www.meydan.tv\/az\/article\/mecburi-mezuniyyetin-sebebi-qurmlar-kompensasiya-odemek-istemir\/#breadcrumb","itemListElement":[{"@type":"ListItem","position":1,"name":"Ana s\u0259hif\u0259","item":"https:\/\/www.meydan.tv\/az\/"},{"@type":"ListItem","position":2,"name":"X\u0259b\u0259rl\u0259r","item":"https:\/\/www.meydan.tv\/az\/section\/xeberler\/"},{"@type":"ListItem","position":3,"name":"M\u0259cburi m\u0259zuniyy\u0259tin s\u0259b\u0259bi: Qurumlar kompensasiya \u00f6d\u0259m\u0259k ist\u0259mir"}]},{"@type":"WebSite","@id":"https:\/\/www.meydan.tv\/az\/#website","url":"https:\/\/www.meydan.tv\/az\/","name":"MEYDAN.TV","description":"Meydan TV Az\u0259rbaycan\u0131n media m\u0259kan\u0131ndak\u0131 alternativ s\u0259sidir","publisher":{"@id":"https:\/\/www.meydan.tv\/az\/#organization"},"potentialAction":[{"@type":"SearchAction","target":{"@type":"EntryPoint","urlTemplate":"https:\/\/www.meydan.tv\/az\/?s={search_term_string}"},"query-input":{"@type":"PropertyValueSpecification","valueRequired":true,"valueName":"search_term_string"}}],"inLanguage":"az"},{"@type":"Organization","@id":"https:\/\/www.meydan.tv\/az\/#organization","name":"Meydan TV","url":"https:\/\/www.meydan.tv\/az\/","logo":{"@type":"ImageObject","inLanguage":"az","@id":"https:\/\/www.meydan.tv\/az\/#\/schema\/logo\/image\/","url":"https:\/\/www.meydan.tv\/wp-content\/uploads\/2021\/07\/meydan-logo.svg","contentUrl":"https:\/\/www.meydan.tv\/wp-content\/uploads\/2021\/07\/meydan-logo.svg","width":195,"height":46,"caption":"Meydan TV"},"image":{"@id":"https:\/\/www.meydan.tv\/az\/#\/schema\/logo\/image\/"}},{"@type":"Person","@id":"https:\/\/www.meydan.tv\/az\/#\/schema\/person\/476e9360e593fa131d5d71d51866f8da","name":"aleks"}]}},"_links":{"self":[{"href":"https:\/\/www.meydan.tv\/az\/wp-json\/wp\/v2\/posts\/320878","targetHints":{"allow":["GET"]}}],"collection":[{"href":"https:\/\/www.meydan.tv\/az\/wp-json\/wp\/v2\/posts"}],"about":[{"href":"https:\/\/www.meydan.tv\/az\/wp-json\/wp\/v2\/types\/post"}],"author":[{"embeddable":true,"href":"https:\/\/www.meydan.tv\/az\/wp-json\/wp\/v2\/users\/12"}],"replies":[{"embeddable":true,"href":"https:\/\/www.meydan.tv\/az\/wp-json\/wp\/v2\/comments?post=320878"}],"version-history":[{"count":4,"href":"https:\/\/www.meydan.tv\/az\/wp-json\/wp\/v2\/posts\/320878\/revisions"}],"predecessor-version":[{"id":320888,"href":"https:\/\/www.meydan.tv\/az\/wp-json\/wp\/v2\/posts\/320878\/revisions\/320888"}],"wp:featuredmedia":[{"embeddable":true,"href":"https:\/\/www.meydan.tv\/az\/wp-json\/wp\/v2\/media\/282970"}],"wp:attachment":[{"href":"https:\/\/www.meydan.tv\/az\/wp-json\/wp\/v2\/media?parent=320878"}],"wp:term":[{"taxonomy":"category","embeddable":true,"href":"https:\/\/www.meydan.tv\/az\/wp-json\/wp\/v2\/categories?post=320878"},{"taxonomy":"post_tag","embeddable":true,"href":"https:\/\/www.meydan.tv\/az\/wp-json\/wp\/v2\/tags?post=320878"}],"curies":[{"name":"wp","href":"https:\/\/api.w.org\/{rel}","templated":true}]}}