{"id":320852,"date":"2024-11-18T17:12:46","date_gmt":"2024-11-18T13:12:46","guid":{"rendered":"https:\/\/www.meydan.tv\/?p=320852"},"modified":"2024-11-18T17:33:32","modified_gmt":"2024-11-18T13:33:32","slug":"kecmis-nazir-oglunun-mehkemede-dindirilmesi-istenildi","status":"publish","type":"post","link":"https:\/\/www.meydan.tv\/az\/article\/kecmis-nazir-oglunun-mehkemede-dindirilmesi-istenildi\/","title":{"rendered":"Ke\u00e7mi\u015f nazir o\u011flunun m\u0259hk\u0259m\u0259d\u0259 dindirilm\u0259si ist\u0259nildi"},"content":{"rendered":"\n<p><em>Arif R\u0259himovun r\u0259hb\u0259rliyi d\u00f6vr\u00fcnd\u0259 yar\u0131m milyona yax\u0131n v\u0259saitin m\u0259nims\u0259nildiyi iddia edilir<\/em><\/p>\n\n\n\n<p>Bak\u0131da ke\u00e7iril\u0259n \u201cFormula 1\u201d yar\u0131\u015flar\u0131n\u0131n t\u0259\u015fkili zaman\u0131 398 min manatdan \u00e7ox b\u00fcdc\u0259 v\u0259saitini m\u0259nims\u0259nilm\u0259si il\u0259 \u0259laq\u0259dar m\u0259rhum G\u0259ncl\u0259r v\u0259 \u0130dman naziri Azad R\u0259himovun o\u011flu Arif R\u0259himovun m\u0259hk\u0259m\u0259d\u0259 dindirilm\u0259si \u00fc\u00e7\u00fcn noyabr\u0131n 18-d\u0259 Bak\u0131 A\u011f\u0131r Cinay\u0259tl\u0259r M\u0259hk\u0259m\u0259sind\u0259 v\u0259sat\u0259t qald\u0131r\u0131l\u0131b. \u00c7\u00fcnki Arif R\u0259himov uzun ill\u0259r Bak\u0131 \u015e\u0259h\u0259r Halqas\u0131 \u018fm\u0259liyyat \u015eirk\u0259tinin icra\u00e7\u0131 direktoru v\u0259zif\u0259sind\u0259 \u00e7al\u0131\u015f\u0131b v\u0259 m\u0259nims\u0259m\u0259 d\u0259 onun r\u0259hb\u0259rlik etdiyi d\u00f6vrd\u0259 ba\u015f verib.<br><br>M\u0259nims\u0259m\u0259 il\u0259 \u0259laq\u0259dar Bak\u0131 \u015e\u0259h\u0259r Halqas\u0131 \u018fm\u0259liyyat \u015eirk\u0259tinin (BCCOC) \u0130dman \u018fm\u0259liyyatlar\u0131 \u015f\u00f6b\u0259sinin ke\u00e7mi\u015f r\u0259isi \u00c7ingiz Mehdiyev cinay\u0259t m\u0259suliyy\u0259tin\u0259 c\u0259lb olunub. O, h\u0259bsd\u0259 olmasa da, 6 aydan \u00e7oxdur ki, Bak\u0131 A\u011f\u0131r Cinay\u0259tl\u0259r M\u0259hk\u0259m\u0259sind\u0259 m\u00fchakim\u0259 edilir.<\/p>\n\n\n\n<p>\u00d6z\u00fc ifad\u0259 verib, bir ne\u00e7\u0259 \u015fahid d\u0259 dindirilib. Lakin ittiham t\u0259r\u0259fin \u015fahidl\u0259rind\u0259n ikisi &#8211; Bak\u0131 \u015e\u0259h\u0259r Halqas\u0131 \u018fm\u0259liyyat \u015eirk\u0259tinin t\u0259chizat \u015f\u00f6b\u0259sinin m\u00fcdiri olmu\u015f Zaur M\u0259likaslanov v\u0259 \u00c7ingiz Mehdiyev ke\u00e7mi\u015f m\u00fcavini Urfan Ta\u011f\u0131zad\u0259y\u0259 \u00e7a\u011f\u0131r\u0131\u015f g\u00f6nd\u0259rilm\u0259sin\u0259 baxmayaraq, m\u0259hk\u0259m\u0259y\u0259 g\u0259lmir. Urfan Ta\u011f\u0131zad\u0259nin Amerikada olmas\u0131 bar\u0259d\u0259 m\u0259lumatlar var.<\/p>\n\n\n\n<p>\u00c7ingiz Mehdiyevin v\u0259kili Araz H\u00fcseynli bildirib ki, bu \u015fahidl\u0259rin m\u0259hk\u0259m\u0259d\u0259 dindirilm\u0259si vacibdir, onlar\u0131n istintaqdak\u0131 ifad\u0259l\u0259ril\u0259 kifay\u0259tl\u0259nm\u0259k olmaz. V\u0259kilin s\u00f6zl\u0259rin\u0259 g\u00f6r\u0259, Zaur M\u0259likaslanovun ifad\u0259si ittiham\u0131n mahiyy\u0259tini t\u0259\u015fkil edir.<\/p>\n\n\n\n<p>M\u0259hk\u0259m\u0259 prosesin\u0259 s\u0259drlik ed\u0259n hakim Leyla \u018fsg\u0259rova-M\u0259mm\u0259dova bildirib ki, \u015fahidl\u0259rin m\u0259hk\u0259m\u0259d\u0259 i\u015ftirak\u0131n\u0131n t\u0259min olunmas\u0131 \u00fc\u00e7\u00fcn laz\u0131m olan add\u0131mlar at\u0131lacaq. H\u0259r iki \u015fahidin m\u0259cburi g\u0259tirilm\u0259sin\u0259 q\u0259rar verilib.<\/p>\n\n\n\n<p>\u00c7ingiz Mehdiyev 2007-ci ild\u0259 Amerikada ya\u015fayanda ad-soyad\u0131n\u0131 Gino Metie kimi s\u0259n\u0259dl\u0259\u015fdirib. M\u0259hk\u0259m\u0259d\u0259 ondan bu add\u0131m\u0131n\u0131n s\u0259b\u0259bini soru\u015fublar. O, bunun s\u0259b\u0259bini \u015f\u0259xsi m\u0259s\u0259l\u0259 il\u0259 \u0259laq\u0259l\u0259ndirib v\u0259 \u0259trafl\u0131 dan\u0131\u015fmaq ist\u0259m\u0259yib.<\/p>\n\n\n\n<p>Daha sonra v\u0259kil Araz H\u00fcseynli m\u0259rhum nazirin o\u011flu Arif R\u0259himovun \u0259lav\u0259 \u015fahid qismind\u0259 dindirilm\u0259si bar\u0259d\u0259 v\u0259sat\u0259t qald\u0131r\u0131b. V\u0259kil bildirib ki, o, Bak\u0131 \u015e\u0259h\u0259r Halqas\u0131 \u018fm\u0259liyyat \u015eirk\u0259tinin icra\u00e7\u0131 direktoru olub. O, bu qurumun r\u0259hb\u0259ri kimi, beyn\u0259lxalq yar\u0131\u015fa ayr\u0131lm\u0131\u015f v\u0259saitin nec\u0259 x\u0259rcl\u0259nm\u0259sin\u0259 d\u0259 ciddi n\u0259zar\u0259t etm\u0259li idi:<br><br><em>\u201cBu, el\u0259-bel\u0259 yar\u0131\u015f deyil, 150 milyon pul ayr\u0131l\u0131b. H\u0259r q\u0259piyin x\u0259rcl\u0259nm\u0259sin\u0259 n\u0259zar\u0259t olunmal\u0131 idi. Buna g\u00f6r\u0259 m\u0259suliyy\u0259t da\u015f\u0131y\u0131r. Bel\u0259 g\u00f6r\u00fcn\u00fcr ki, i\u015finin \u00f6hd\u0259sind\u0259n g\u0259lm\u0259yib. G\u0259lsin cavab versin ki, nec\u0259 n\u0259zar\u0259t el\u0259yib\u201d<\/em>.<\/p>\n\n\n\n<p>D\u00f6vl\u0259t ittiham\u00e7\u0131s\u0131 Orxan S\u0259m\u0259dov bildirib ki, Arif R\u0259himovla ba\u011fl\u0131 m\u0259s\u0259l\u0259y\u0259 istintaq vaxt\u0131 bax\u0131l\u0131b v\u0259 h\u00fcquqi qiym\u0259t verilib. Ona g\u00f6r\u0259 d\u0259 haz\u0131rda Arif R\u0259himovun dindirilm\u0259sin\u0259 ehtiyac g\u00f6rm\u00fcr: <em>\u201cAmma m\u0259hk\u0259m\u0259 laz\u0131m bilib \u00e7a\u011f\u0131rsa, bizim \u00fc\u00e7\u00fcn f\u0259rqi yoxdur, g\u0259lib ifad\u0259 versin\u201d.<\/em><\/p>\n\n\n\n<p>Leyla \u018fsg\u0259rova-M\u0259mm\u0259dova, Novruz K\u0259rimov v\u0259 Rasim Sad\u0131xovdan ibar\u0259t hakiml\u0259r kollegiyas\u0131 m\u00fczakir\u0259d\u0259n sonra v\u0259sat\u0259tin bax\u0131lmam\u0131\u015f saxlan\u0131l\u0131mas\u0131na q\u0259rar verib. N\u00f6vb\u0259ti m\u0259hk\u0259m\u0259 iclaslar\u0131nda bu bar\u0259d\u0259 yekun q\u0259rar veril\u0259c\u0259k.<br><br>Bundan sonra cinay\u0259t i\u015finin materiallar\u0131ndak\u0131 s\u0259n\u0259dl\u0259r elan olunub. S\u0259n\u0259dl\u0259r elan edil\u0259nd\u0259 is\u0259 m\u0259lum olub ki, istintaq d\u00f6vr\u00fcnd\u0259 Korrupsiyaya Qar\u015f\u0131 M\u00fcbariz\u0259 \u0130dar\u0259sind\u0259 bu cinay\u0259t i\u015fi \u00fczr\u0259 ara\u015fd\u0131rma ged\u0259nd\u0259 Arif R\u0259himov haqda da ara\u015fd\u0131rma apar\u0131l\u0131b. Sonra is\u0259 cinay\u0259t i\u015fi ba\u015flanmas\u0131 r\u0259dd edilib.<\/p>\n\n\n\n<p>M\u0259hk\u0259m\u0259 prosesi dekabr\u0131n 16-da davam ed\u0259c\u0259k.<\/p>\n\n\n\n<p>\u00c7ingiz Mehdiyev ke\u00e7mi\u015f h\u0259yat yolda\u015f\u0131n\u0131n ifad\u0259si \u0259sas\u0131nda cinay\u0259t m\u0259suliyy\u0259tin\u0259 c\u0259lb olunub. N\u0259rmin\u0259 \u018fkb\u0259rova prokurorlu\u011fa m\u00fcraci\u0259t ed\u0259r\u0259k, \u00c7ingiz Mehdiyev yar\u0131\u015flar\u0131n t\u0259\u015fkilind\u0259 yeyintiy\u0259 yol verdiyini, \u0259ld\u0259 olunan v\u0259saitl\u0259r\u0259 Amerikada qarda\u015f\u0131n\u0131n ad\u0131na m\u00fclkl\u0259r ald\u0131\u011f\u0131n\u0131, pullar\u0131n bir hiss\u0259sini Sey\u015fer adalar\u0131nda anas\u0131n\u0131n ad\u0131na qeydiyyatdan ke\u00e7mi\u015f \u201cDayton \u0130nvestment LTD\u201d \u015firk\u0259tinin hesab\u0131na k\u00f6\u00e7\u00fcrd\u00fcy\u00fcn\u00fc deyib.<\/p>\n\n\n\n<p>\u00c7ingiz Mehdiyev Cinay\u0259t M\u0259c\u0259ll\u0259sinin 179.3.2 (k\u00fclli miqdarda m\u0259nims\u0259m\u0259), 193-1.3.2 (cinay\u0259t yolu il\u0259 \u0259ld\u0259 edilmi\u015f xeyli miqdarda \u0259mlak\u0131 leqalla\u015fd\u0131rma) 308.2 (v\u0259zif\u0259 s\u0259lahiyy\u0259tl\u0259rind\u0259n sui-istifad\u0259 etm\u0259 &#8211; a\u011f\u0131r n\u0259tic\u0259l\u0259r\u0259 s\u0259b\u0259b olduqda) v\u0259 313-c\u00fc (v\u0259zif\u0259 saxtakarl\u0131\u011f\u0131) madd\u0259l\u0259ril\u0259 ittiham olunur.<\/p>\n\n\n\n<p>\u00c7ingiz Mehdiyevin d\u0259y\u0259ri t\u0259xmin\u0259n 1 milyon olan \u0259mlaklar\u0131n\u0131n \u00fcz\u0259rin\u0259 h\u0259bs qoyulub.<\/p>\n\n\n\n<p>Bak\u0131 \u015e\u0259h\u0259r Halqas\u0131 \u018fm\u0259liyyat \u015eirk\u0259ti 2013-c\u00fc ild\u0259 yarad\u0131lm\u0131\u015f \u201cBaku Grand Prix\u201d \u015firk\u0259tinin h\u00fcquqi varisidir. Bu \u015firk\u0259t \u201cFormula-1\u201d Avropa Qran Pri yar\u0131\u015flar\u0131n\u0131n Bak\u0131da ke\u00e7irilm\u0259si il\u0259 \u0259laq\u0259dar yarad\u0131lm\u0131\u015fd\u0131.<\/p>\n\n\n\n<p>\u00c7ingiz Mehdiyev 2015-ci ild\u0259 \u015firk\u0259t\u0259 \u0259m\u0259liyyat meneceri kimi i\u015f\u0259 g\u00f6t\u00fcr\u00fcl\u00fcb. 2016-c\u0131 ild\u0259 \u015firk\u0259tin \u0130dman \u018fm\u0259liyyat\u0131 \u015f\u00f6b\u0259sinin r\u0259hb\u0259ri t\u0259yin olunub v\u0259 2020-ci il\u0259 q\u0259d\u0259r bu v\u0259zif\u0259d\u0259 i\u015fl\u0259yib.<\/p>\n\n\n\n<p>\u00c7ingiz Mehdiyev \u00f6z\u00fcn\u00fc t\u0259qsirli bilmir, k\u00fclli miqdarda b\u00fcdc\u0259 v\u0259saitl\u0259rini m\u0259nims\u0259m\u0259si, h\u0259min pullara AB\u015e-da evl\u0259r almas\u0131 v\u0259 s. bar\u0259d\u0259 N\u0259rmin\u0259 \u018fkb\u0259rovan\u0131n dedikl\u0259rini t\u0259kzib edib.<\/p>\n","protected":false},"excerpt":{"rendered":"<p>Arif R\u0259himovun r\u0259hb\u0259rliyi d\u00f6vr\u00fcnd\u0259 yar\u0131m milyona yax\u0131n v\u0259saitin m\u0259nims\u0259nildiyi iddia &#8230; <\/p>\n<p class=\"read-more-container\"><a title=\"Ke\u00e7mi\u015f nazir o\u011flunun m\u0259hk\u0259m\u0259d\u0259 dindirilm\u0259si ist\u0259nildi\" class=\"read-more button\" href=\"https:\/\/www.meydan.tv\/az\/article\/kecmis-nazir-oglunun-mehkemede-dindirilmesi-istenildi\/#more-320852\" aria-label=\"Read more about Ke\u00e7mi\u015f nazir o\u011flunun m\u0259hk\u0259m\u0259d\u0259 dindirilm\u0259si ist\u0259nildi\">Davam\u0131<\/a><\/p>\n","protected":false},"author":12,"featured_media":258538,"comment_status":"closed","ping_status":"closed","sticky":false,"template":"","format":"standard","meta":{"_acf_changed":false,"_sitemap_exclude":false,"_sitemap_priority":"","_sitemap_frequency":"","footnotes":""},"categories":[62,79,56],"tags":[],"class_list":["post-320852","post","type-post","status-publish","format-standard","has-post-thumbnail","hentry","category-sosial","category-featured","category-xeberler","infinite-scroll-item","generate-columns","tablet-grid-50","mobile-grid-100","grid-parent","grid-33","no-featured-image-padding"],"acf":[],"yoast_head":"<!-- This site is optimized with the Yoast SEO plugin v27.4 - https:\/\/yoast.com\/product\/yoast-seo-wordpress\/ -->\n<title>Ke\u00e7mi\u015f nazir o\u011flunun m\u0259hk\u0259m\u0259d\u0259 dindirilm\u0259si ist\u0259nildi - MEYDAN.TV<\/title>\n<meta name=\"description\" content=\"Arif R\u0259himovun r\u0259hb\u0259rliyi d\u00f6vr\u00fcnd\u0259 yar\u0131m milyona yax\u0131n v\u0259saitin m\u0259nims\u0259nildiyi iddia edilir\" \/>\n<meta name=\"robots\" content=\"index, follow, max-snippet:-1, max-image-preview:large, max-video-preview:-1\" \/>\n<link rel=\"canonical\" href=\"https:\/\/www.meydan.tv\/az\/article\/kecmis-nazir-oglunun-mehkemede-dindirilmesi-istenildi\/\" \/>\n<meta property=\"og:locale\" content=\"az_AZ\" \/>\n<meta property=\"og:type\" content=\"article\" \/>\n<meta property=\"og:title\" content=\"Ke\u00e7mi\u015f nazir o\u011flunun m\u0259hk\u0259m\u0259d\u0259 dindirilm\u0259si ist\u0259nildi - MEYDAN.TV\" \/>\n<meta property=\"og:description\" content=\"Arif R\u0259himovun r\u0259hb\u0259rliyi d\u00f6vr\u00fcnd\u0259 yar\u0131m milyona yax\u0131n v\u0259saitin m\u0259nims\u0259nildiyi iddia edilir\" \/>\n<meta property=\"og:url\" content=\"https:\/\/www.meydan.tv\/az\/article\/kecmis-nazir-oglunun-mehkemede-dindirilmesi-istenildi\/\" \/>\n<meta property=\"og:site_name\" content=\"MEYDAN.TV\" \/>\n<meta property=\"article:published_time\" content=\"2024-11-18T13:12:46+00:00\" \/>\n<meta property=\"article:modified_time\" content=\"2024-11-18T13:33:32+00:00\" \/>\n<meta property=\"og:image\" content=\"https:\/\/www.meydan.tv\/wp-content\/uploads\/932ff73a-a1a4-3ae8-b445-16093eda89c6_850-e1666082570636.jpg\" \/>\n\t<meta property=\"og:image:width\" content=\"1200\" \/>\n\t<meta property=\"og:image:height\" content=\"663\" \/>\n\t<meta property=\"og:image:type\" content=\"image\/jpeg\" \/>\n<meta name=\"author\" content=\"aleks\" \/>\n<meta name=\"twitter:card\" content=\"summary_large_image\" \/>\n<script type=\"application\/ld+json\" class=\"yoast-schema-graph\">{\"@context\":\"https:\\\/\\\/schema.org\",\"@graph\":[{\"@type\":\"Article\",\"@id\":\"https:\\\/\\\/www.meydan.tv\\\/az\\\/article\\\/kecmis-nazir-oglunun-mehkemede-dindirilmesi-istenildi\\\/#article\",\"isPartOf\":{\"@id\":\"https:\\\/\\\/www.meydan.tv\\\/az\\\/article\\\/kecmis-nazir-oglunun-mehkemede-dindirilmesi-istenildi\\\/\"},\"author\":{\"name\":\"aleks\",\"@id\":\"https:\\\/\\\/www.meydan.tv\\\/az\\\/#\\\/schema\\\/person\\\/476e9360e593fa131d5d71d51866f8da\"},\"headline\":\"Ke\u00e7mi\u015f nazir o\u011flunun m\u0259hk\u0259m\u0259d\u0259 dindirilm\u0259si ist\u0259nildi\",\"datePublished\":\"2024-11-18T13:12:46+00:00\",\"dateModified\":\"2024-11-18T13:33:32+00:00\",\"mainEntityOfPage\":{\"@id\":\"https:\\\/\\\/www.meydan.tv\\\/az\\\/article\\\/kecmis-nazir-oglunun-mehkemede-dindirilmesi-istenildi\\\/\"},\"wordCount\":1029,\"publisher\":{\"@id\":\"https:\\\/\\\/www.meydan.tv\\\/az\\\/#organization\"},\"image\":{\"@id\":\"https:\\\/\\\/www.meydan.tv\\\/az\\\/article\\\/kecmis-nazir-oglunun-mehkemede-dindirilmesi-istenildi\\\/#primaryimage\"},\"thumbnailUrl\":\"https:\\\/\\\/www.meydan.tv\\\/wp-content\\\/uploads\\\/932ff73a-a1a4-3ae8-b445-16093eda89c6_850-e1666082570636.jpg\",\"articleSection\":[\"Sosial\",\"T\u00f6vsiy\u0259\",\"X\u0259b\u0259rl\u0259r\"],\"inLanguage\":\"az\"},{\"@type\":\"WebPage\",\"@id\":\"https:\\\/\\\/www.meydan.tv\\\/az\\\/article\\\/kecmis-nazir-oglunun-mehkemede-dindirilmesi-istenildi\\\/\",\"url\":\"https:\\\/\\\/www.meydan.tv\\\/az\\\/article\\\/kecmis-nazir-oglunun-mehkemede-dindirilmesi-istenildi\\\/\",\"name\":\"Ke\u00e7mi\u015f nazir o\u011flunun m\u0259hk\u0259m\u0259d\u0259 dindirilm\u0259si ist\u0259nildi - MEYDAN.TV\",\"isPartOf\":{\"@id\":\"https:\\\/\\\/www.meydan.tv\\\/az\\\/#website\"},\"primaryImageOfPage\":{\"@id\":\"https:\\\/\\\/www.meydan.tv\\\/az\\\/article\\\/kecmis-nazir-oglunun-mehkemede-dindirilmesi-istenildi\\\/#primaryimage\"},\"image\":{\"@id\":\"https:\\\/\\\/www.meydan.tv\\\/az\\\/article\\\/kecmis-nazir-oglunun-mehkemede-dindirilmesi-istenildi\\\/#primaryimage\"},\"thumbnailUrl\":\"https:\\\/\\\/www.meydan.tv\\\/wp-content\\\/uploads\\\/932ff73a-a1a4-3ae8-b445-16093eda89c6_850-e1666082570636.jpg\",\"datePublished\":\"2024-11-18T13:12:46+00:00\",\"dateModified\":\"2024-11-18T13:33:32+00:00\",\"description\":\"Arif R\u0259himovun r\u0259hb\u0259rliyi d\u00f6vr\u00fcnd\u0259 yar\u0131m milyona yax\u0131n v\u0259saitin m\u0259nims\u0259nildiyi iddia edilir\",\"breadcrumb\":{\"@id\":\"https:\\\/\\\/www.meydan.tv\\\/az\\\/article\\\/kecmis-nazir-oglunun-mehkemede-dindirilmesi-istenildi\\\/#breadcrumb\"},\"inLanguage\":\"az\",\"potentialAction\":[{\"@type\":\"ReadAction\",\"target\":[\"https:\\\/\\\/www.meydan.tv\\\/az\\\/article\\\/kecmis-nazir-oglunun-mehkemede-dindirilmesi-istenildi\\\/\"]}]},{\"@type\":\"ImageObject\",\"inLanguage\":\"az\",\"@id\":\"https:\\\/\\\/www.meydan.tv\\\/az\\\/article\\\/kecmis-nazir-oglunun-mehkemede-dindirilmesi-istenildi\\\/#primaryimage\",\"url\":\"https:\\\/\\\/www.meydan.tv\\\/wp-content\\\/uploads\\\/932ff73a-a1a4-3ae8-b445-16093eda89c6_850-e1666082570636.jpg\",\"contentUrl\":\"https:\\\/\\\/www.meydan.tv\\\/wp-content\\\/uploads\\\/932ff73a-a1a4-3ae8-b445-16093eda89c6_850-e1666082570636.jpg\",\"width\":1200,\"height\":663,\"caption\":\"Arif R\u0259himov. Foto: Report.az\"},{\"@type\":\"BreadcrumbList\",\"@id\":\"https:\\\/\\\/www.meydan.tv\\\/az\\\/article\\\/kecmis-nazir-oglunun-mehkemede-dindirilmesi-istenildi\\\/#breadcrumb\",\"itemListElement\":[{\"@type\":\"ListItem\",\"position\":1,\"name\":\"Ana s\u0259hif\u0259\",\"item\":\"https:\\\/\\\/www.meydan.tv\\\/az\\\/\"},{\"@type\":\"ListItem\",\"position\":2,\"name\":\"X\u0259b\u0259rl\u0259r\",\"item\":\"https:\\\/\\\/www.meydan.tv\\\/az\\\/section\\\/xeberler\\\/\"},{\"@type\":\"ListItem\",\"position\":3,\"name\":\"Ke\u00e7mi\u015f nazir o\u011flunun m\u0259hk\u0259m\u0259d\u0259 dindirilm\u0259si ist\u0259nildi\"}]},{\"@type\":\"WebSite\",\"@id\":\"https:\\\/\\\/www.meydan.tv\\\/az\\\/#website\",\"url\":\"https:\\\/\\\/www.meydan.tv\\\/az\\\/\",\"name\":\"MEYDAN.TV\",\"description\":\"Meydan TV Az\u0259rbaycan\u0131n media m\u0259kan\u0131ndak\u0131 alternativ s\u0259sidir\",\"publisher\":{\"@id\":\"https:\\\/\\\/www.meydan.tv\\\/az\\\/#organization\"},\"potentialAction\":[{\"@type\":\"SearchAction\",\"target\":{\"@type\":\"EntryPoint\",\"urlTemplate\":\"https:\\\/\\\/www.meydan.tv\\\/az\\\/?s={search_term_string}\"},\"query-input\":{\"@type\":\"PropertyValueSpecification\",\"valueRequired\":true,\"valueName\":\"search_term_string\"}}],\"inLanguage\":\"az\"},{\"@type\":\"Organization\",\"@id\":\"https:\\\/\\\/www.meydan.tv\\\/az\\\/#organization\",\"name\":\"Meydan TV\",\"url\":\"https:\\\/\\\/www.meydan.tv\\\/az\\\/\",\"logo\":{\"@type\":\"ImageObject\",\"inLanguage\":\"az\",\"@id\":\"https:\\\/\\\/www.meydan.tv\\\/az\\\/#\\\/schema\\\/logo\\\/image\\\/\",\"url\":\"https:\\\/\\\/www.meydan.tv\\\/wp-content\\\/uploads\\\/2021\\\/07\\\/meydan-logo.svg\",\"contentUrl\":\"https:\\\/\\\/www.meydan.tv\\\/wp-content\\\/uploads\\\/2021\\\/07\\\/meydan-logo.svg\",\"width\":195,\"height\":46,\"caption\":\"Meydan TV\"},\"image\":{\"@id\":\"https:\\\/\\\/www.meydan.tv\\\/az\\\/#\\\/schema\\\/logo\\\/image\\\/\"}},{\"@type\":\"Person\",\"@id\":\"https:\\\/\\\/www.meydan.tv\\\/az\\\/#\\\/schema\\\/person\\\/476e9360e593fa131d5d71d51866f8da\",\"name\":\"aleks\"}]}<\/script>\n<!-- \/ Yoast SEO plugin. -->","yoast_head_json":{"title":"Ke\u00e7mi\u015f nazir o\u011flunun m\u0259hk\u0259m\u0259d\u0259 dindirilm\u0259si ist\u0259nildi - MEYDAN.TV","description":"Arif R\u0259himovun r\u0259hb\u0259rliyi d\u00f6vr\u00fcnd\u0259 yar\u0131m milyona yax\u0131n v\u0259saitin m\u0259nims\u0259nildiyi iddia edilir","robots":{"index":"index","follow":"follow","max-snippet":"max-snippet:-1","max-image-preview":"max-image-preview:large","max-video-preview":"max-video-preview:-1"},"canonical":"https:\/\/www.meydan.tv\/az\/article\/kecmis-nazir-oglunun-mehkemede-dindirilmesi-istenildi\/","og_locale":"az_AZ","og_type":"article","og_title":"Ke\u00e7mi\u015f nazir o\u011flunun m\u0259hk\u0259m\u0259d\u0259 dindirilm\u0259si ist\u0259nildi - MEYDAN.TV","og_description":"Arif R\u0259himovun r\u0259hb\u0259rliyi d\u00f6vr\u00fcnd\u0259 yar\u0131m milyona yax\u0131n v\u0259saitin m\u0259nims\u0259nildiyi iddia edilir","og_url":"https:\/\/www.meydan.tv\/az\/article\/kecmis-nazir-oglunun-mehkemede-dindirilmesi-istenildi\/","og_site_name":"MEYDAN.TV","article_published_time":"2024-11-18T13:12:46+00:00","article_modified_time":"2024-11-18T13:33:32+00:00","og_image":[{"width":1200,"height":663,"url":"https:\/\/www.meydan.tv\/wp-content\/uploads\/932ff73a-a1a4-3ae8-b445-16093eda89c6_850-e1666082570636.jpg","type":"image\/jpeg"}],"author":"aleks","twitter_card":"summary_large_image","schema":{"@context":"https:\/\/schema.org","@graph":[{"@type":"Article","@id":"https:\/\/www.meydan.tv\/az\/article\/kecmis-nazir-oglunun-mehkemede-dindirilmesi-istenildi\/#article","isPartOf":{"@id":"https:\/\/www.meydan.tv\/az\/article\/kecmis-nazir-oglunun-mehkemede-dindirilmesi-istenildi\/"},"author":{"name":"aleks","@id":"https:\/\/www.meydan.tv\/az\/#\/schema\/person\/476e9360e593fa131d5d71d51866f8da"},"headline":"Ke\u00e7mi\u015f nazir o\u011flunun m\u0259hk\u0259m\u0259d\u0259 dindirilm\u0259si ist\u0259nildi","datePublished":"2024-11-18T13:12:46+00:00","dateModified":"2024-11-18T13:33:32+00:00","mainEntityOfPage":{"@id":"https:\/\/www.meydan.tv\/az\/article\/kecmis-nazir-oglunun-mehkemede-dindirilmesi-istenildi\/"},"wordCount":1029,"publisher":{"@id":"https:\/\/www.meydan.tv\/az\/#organization"},"image":{"@id":"https:\/\/www.meydan.tv\/az\/article\/kecmis-nazir-oglunun-mehkemede-dindirilmesi-istenildi\/#primaryimage"},"thumbnailUrl":"https:\/\/www.meydan.tv\/wp-content\/uploads\/932ff73a-a1a4-3ae8-b445-16093eda89c6_850-e1666082570636.jpg","articleSection":["Sosial","T\u00f6vsiy\u0259","X\u0259b\u0259rl\u0259r"],"inLanguage":"az"},{"@type":"WebPage","@id":"https:\/\/www.meydan.tv\/az\/article\/kecmis-nazir-oglunun-mehkemede-dindirilmesi-istenildi\/","url":"https:\/\/www.meydan.tv\/az\/article\/kecmis-nazir-oglunun-mehkemede-dindirilmesi-istenildi\/","name":"Ke\u00e7mi\u015f nazir o\u011flunun m\u0259hk\u0259m\u0259d\u0259 dindirilm\u0259si ist\u0259nildi - MEYDAN.TV","isPartOf":{"@id":"https:\/\/www.meydan.tv\/az\/#website"},"primaryImageOfPage":{"@id":"https:\/\/www.meydan.tv\/az\/article\/kecmis-nazir-oglunun-mehkemede-dindirilmesi-istenildi\/#primaryimage"},"image":{"@id":"https:\/\/www.meydan.tv\/az\/article\/kecmis-nazir-oglunun-mehkemede-dindirilmesi-istenildi\/#primaryimage"},"thumbnailUrl":"https:\/\/www.meydan.tv\/wp-content\/uploads\/932ff73a-a1a4-3ae8-b445-16093eda89c6_850-e1666082570636.jpg","datePublished":"2024-11-18T13:12:46+00:00","dateModified":"2024-11-18T13:33:32+00:00","description":"Arif R\u0259himovun r\u0259hb\u0259rliyi d\u00f6vr\u00fcnd\u0259 yar\u0131m milyona yax\u0131n v\u0259saitin m\u0259nims\u0259nildiyi iddia edilir","breadcrumb":{"@id":"https:\/\/www.meydan.tv\/az\/article\/kecmis-nazir-oglunun-mehkemede-dindirilmesi-istenildi\/#breadcrumb"},"inLanguage":"az","potentialAction":[{"@type":"ReadAction","target":["https:\/\/www.meydan.tv\/az\/article\/kecmis-nazir-oglunun-mehkemede-dindirilmesi-istenildi\/"]}]},{"@type":"ImageObject","inLanguage":"az","@id":"https:\/\/www.meydan.tv\/az\/article\/kecmis-nazir-oglunun-mehkemede-dindirilmesi-istenildi\/#primaryimage","url":"https:\/\/www.meydan.tv\/wp-content\/uploads\/932ff73a-a1a4-3ae8-b445-16093eda89c6_850-e1666082570636.jpg","contentUrl":"https:\/\/www.meydan.tv\/wp-content\/uploads\/932ff73a-a1a4-3ae8-b445-16093eda89c6_850-e1666082570636.jpg","width":1200,"height":663,"caption":"Arif R\u0259himov. Foto: Report.az"},{"@type":"BreadcrumbList","@id":"https:\/\/www.meydan.tv\/az\/article\/kecmis-nazir-oglunun-mehkemede-dindirilmesi-istenildi\/#breadcrumb","itemListElement":[{"@type":"ListItem","position":1,"name":"Ana s\u0259hif\u0259","item":"https:\/\/www.meydan.tv\/az\/"},{"@type":"ListItem","position":2,"name":"X\u0259b\u0259rl\u0259r","item":"https:\/\/www.meydan.tv\/az\/section\/xeberler\/"},{"@type":"ListItem","position":3,"name":"Ke\u00e7mi\u015f nazir o\u011flunun m\u0259hk\u0259m\u0259d\u0259 dindirilm\u0259si ist\u0259nildi"}]},{"@type":"WebSite","@id":"https:\/\/www.meydan.tv\/az\/#website","url":"https:\/\/www.meydan.tv\/az\/","name":"MEYDAN.TV","description":"Meydan TV Az\u0259rbaycan\u0131n media m\u0259kan\u0131ndak\u0131 alternativ s\u0259sidir","publisher":{"@id":"https:\/\/www.meydan.tv\/az\/#organization"},"potentialAction":[{"@type":"SearchAction","target":{"@type":"EntryPoint","urlTemplate":"https:\/\/www.meydan.tv\/az\/?s={search_term_string}"},"query-input":{"@type":"PropertyValueSpecification","valueRequired":true,"valueName":"search_term_string"}}],"inLanguage":"az"},{"@type":"Organization","@id":"https:\/\/www.meydan.tv\/az\/#organization","name":"Meydan TV","url":"https:\/\/www.meydan.tv\/az\/","logo":{"@type":"ImageObject","inLanguage":"az","@id":"https:\/\/www.meydan.tv\/az\/#\/schema\/logo\/image\/","url":"https:\/\/www.meydan.tv\/wp-content\/uploads\/2021\/07\/meydan-logo.svg","contentUrl":"https:\/\/www.meydan.tv\/wp-content\/uploads\/2021\/07\/meydan-logo.svg","width":195,"height":46,"caption":"Meydan TV"},"image":{"@id":"https:\/\/www.meydan.tv\/az\/#\/schema\/logo\/image\/"}},{"@type":"Person","@id":"https:\/\/www.meydan.tv\/az\/#\/schema\/person\/476e9360e593fa131d5d71d51866f8da","name":"aleks"}]}},"_links":{"self":[{"href":"https:\/\/www.meydan.tv\/az\/wp-json\/wp\/v2\/posts\/320852","targetHints":{"allow":["GET"]}}],"collection":[{"href":"https:\/\/www.meydan.tv\/az\/wp-json\/wp\/v2\/posts"}],"about":[{"href":"https:\/\/www.meydan.tv\/az\/wp-json\/wp\/v2\/types\/post"}],"author":[{"embeddable":true,"href":"https:\/\/www.meydan.tv\/az\/wp-json\/wp\/v2\/users\/12"}],"replies":[{"embeddable":true,"href":"https:\/\/www.meydan.tv\/az\/wp-json\/wp\/v2\/comments?post=320852"}],"version-history":[{"count":3,"href":"https:\/\/www.meydan.tv\/az\/wp-json\/wp\/v2\/posts\/320852\/revisions"}],"predecessor-version":[{"id":320857,"href":"https:\/\/www.meydan.tv\/az\/wp-json\/wp\/v2\/posts\/320852\/revisions\/320857"}],"wp:featuredmedia":[{"embeddable":true,"href":"https:\/\/www.meydan.tv\/az\/wp-json\/wp\/v2\/media\/258538"}],"wp:attachment":[{"href":"https:\/\/www.meydan.tv\/az\/wp-json\/wp\/v2\/media?parent=320852"}],"wp:term":[{"taxonomy":"category","embeddable":true,"href":"https:\/\/www.meydan.tv\/az\/wp-json\/wp\/v2\/categories?post=320852"},{"taxonomy":"post_tag","embeddable":true,"href":"https:\/\/www.meydan.tv\/az\/wp-json\/wp\/v2\/tags?post=320852"}],"curies":[{"name":"wp","href":"https:\/\/api.w.org\/{rel}","templated":true}]}}