{"id":320849,"date":"2024-11-18T16:10:51","date_gmt":"2024-11-18T12:10:51","guid":{"rendered":"https:\/\/www.meydan.tv\/?p=320849"},"modified":"2024-11-18T16:10:54","modified_gmt":"2024-11-18T12:10:54","slug":"azerbaycanda-kere-yagi-bahalasib","status":"publish","type":"post","link":"https:\/\/www.meydan.tv\/az\/article\/azerbaycanda-kere-yagi-bahalasib\/","title":{"rendered":"Az\u0259rbaycanda k\u0259r\u0259 ya\u011f\u0131 bahala\u015f\u0131b"},"content":{"rendered":"\n<p><\/p>\n\n\n\n<p><em><strong>Ekspert s\u0259b\u0259bi inhisarda g\u00f6r\u00fcr<\/strong><\/em><\/p>\n\n\n\n<p>Az\u0259rbaycanda k\u0259r\u0259 ya\u011f\u0131 bahala\u015f\u0131b. Bahala\u015fma h\u0259m idxal, h\u0259m d\u0259 yerli istehsalda m\u00fc\u015fahid\u0259 edilir. Sat\u0131c\u0131lar bildiribl\u0259r ki, ilin \u0259vv\u0259lind\u0259 kiloqram\u0131 17-18 manata sat\u0131lan k\u0259r\u0259 ya\u011f\u0131n\u0131n qiym\u0259ti haz\u0131rda 22-25 manat aras\u0131nda d\u0259yi\u015fir.<\/p>\n\n\n\n<p>K\u0259r\u0259 ya\u011f\u0131 son bir ne\u00e7\u0259 ild\u0259 s\u00fcr\u0259tl\u0259 bahala\u015fan \u0259rzaqlar aras\u0131ndad\u0131r. D\u00f6vl\u0259t Statistika Komit\u0259sinin m\u0259lumat\u0131na g\u00f6r\u0259, bu ilin yanvar\u0131nda yerli k\u0259r\u0259 ya\u011f\u0131n\u0131n 1 kiloqram\u0131n\u0131n orta ayl\u0131q p\u0259rak\u0259nd\u0259 sat\u0131\u015f qiym\u0259ti 18,91 manat olub, mayda is\u0259 19,36 manata y\u00fcks\u0259lib. Yanvarda idxal olunan k\u0259r\u0259 ya\u011f\u0131n\u0131n 1 kiloqram\u0131n\u0131n orta ayl\u0131q p\u0259rak\u0259nd\u0259 sat\u0131\u015f qiym\u0259ti 19,53 manat, mayda 19,79 manat olub.<\/p>\n\n\n\n<p>D\u00f6vl\u0259t G\u00f6mr\u00fck Komit\u0259sinin m\u0259lumat\u0131na \u0259sas\u0259n, Az\u0259rbaycana bu ilin yanvar-sentyabr aylar\u0131nda 123 milyon 972 min dollar d\u0259y\u0259rind\u0259 22 min 204 ton k\u0259r\u0259 ya\u011f\u0131 v\u0259 s\u00fcdd\u0259n haz\u0131rlanm\u0131\u015f dig\u0259r ya\u011flar idxal olunub. 2023-c\u00fc ilin m\u0259lumat\u0131nda is\u0259 9 ayda 67 milyon 194 min dollar d\u0259y\u0259rind\u0259 12 min 49 ton k\u0259r\u0259 ya\u011f\u0131 v\u0259 s\u00fcdd\u0259n haz\u0131rlanm\u0131\u015f dig\u0259r ya\u011flar idxal edilib. Yerli istehsala g\u0259ldikd\u0259, bu ilin 9 ay\u0131nda Az\u0259rbaycanda 22 345,4 ton k\u0259r\u0259 ya\u011f\u0131 istehsal olunub ki, bu d\u0259 2023-c\u00fc ilin eyni d\u00f6vr\u00fc il\u0259 m\u00fcqayis\u0259d\u0259 10,5 faiz \u00e7oxdur.<\/p>\n\n\n\n<p>Bir \u00e7ox istehsal\u00e7\u0131 k\u0259r\u0259 ya\u011f\u0131n\u0131n bahala\u015fmas\u0131n\u0131 d\u00fcnya bazar\u0131nda qiym\u0259tl\u0259rin artmas\u0131 il\u0259 \u0259laq\u0259l\u0259ndirir.<\/p>\n\n\n\n<p>Liberal \u0130qtisad\u00e7\u0131lar M\u0259rk\u0259zinin s\u0259dri Akif N\u0259sirli is\u0259 hesab edir ki, bahala\u015fma birba\u015fa inhisarla ba\u011fl\u0131d\u0131r. \u0130qtisad\u00e7\u0131 Meydan TV-y\u0259 bildirib ki, qiym\u0259tl\u0259ri bazar t\u0259nziml\u0259yir. Mal v\u0259 m\u0259hsullar\u0131n qiym\u0259tin\u0259 n\u0259zar\u0259t olmamal\u0131d\u0131r. Amma o halda ki, bazar i\u015ftirak\u00e7\u0131lar\u0131 inhisar\u00e7\u0131 olmas\u0131n.<\/p>\n\n\n\n<p><em>\u201cH\u00f6kum\u0259tin v\u0259zif\u0259si qiym\u0259tl\u0259ri deyil, monopoliyan\u0131 cilovlamaqd\u0131r. T\u0259\u0259\u0259s\u00fcf ki, Az\u0259rbaycanda \u0259ksini m\u00fc\u015fahid\u0259 edirik\u201d<\/em>,-N\u0259sirli qeyd edib.<\/p>\n\n\n<div class=\"wp-block-image\">\n<figure class=\"alignleft size-full is-resized\"><img decoding=\"async\" width=\"1200\" height=\"673\" data-src=\"https:\/\/www.meydan.tv\/wp-content\/uploads\/akif_nesirli.jpg\" alt=\"\" class=\"wp-image-275224 lazyload\" style=\"--smush-placeholder-width: 1200px; --smush-placeholder-aspect-ratio: 1200\/673;width:471px;height:auto\" src=\"data:image\/svg+xml;base64,PHN2ZyB3aWR0aD0iMSIgaGVpZ2h0PSIxIiB4bWxucz0iaHR0cDovL3d3dy53My5vcmcvMjAwMC9zdmciPjwvc3ZnPg==\" \/><figcaption class=\"wp-element-caption\">Akif N\u0259sirli. Foto: &#8220;Telegraf.az&#8221;<\/figcaption><\/figure>\n<\/div>\n\n\n<p>\u0130qtisad\u00e7\u0131n\u0131n s\u00f6zl\u0259rin\u0259 g\u00f6r\u0259, b\u00fct\u00fcn \u00f6lk\u0259l\u0259rd\u0259, h\u0259tta ke\u00e7mi\u015f postsovet m\u0259kan\u0131nda da inhisar\u0131n faizi r\u0259smi statistikada yer al\u0131r. Amma Az\u0259rbaycanda bununla ba\u011fl\u0131 ara\u015fd\u0131rma apar\u0131lm\u0131r, bu g\u00f6st\u0259rici statistikaya sal\u0131nm\u0131r. \u00c7\u00fcnki \u00f6lk\u0259d\u0259 iqtisadiyyat\u0131n az qala 90 faizi inhisardad\u0131r.<\/p>\n\n\n\n<p><em>\u201cR\u0259qab\u0259tin olmamas\u0131 s\u0259b\u0259bind\u0259n qiym\u0259tl\u0259r s\u00fcr\u0259tl\u0259 art\u0131r, keyfiyy\u0259t a\u015fa\u011f\u0131 d\u00fc\u015f\u00fcr. R\u0259qab\u0259t bazar iqtisadiyyat\u0131n\u0131n \u0259sas amili kimi qiym\u0259tl\u0259rin formala\u015fmas\u0131na xidm\u0259t edir. Az\u0259rbaycanda k\u0259r\u0259 ya\u011f\u0131 istehsal\u0131 a\u015fa\u011f\u0131 s\u0259viyy\u0259d\u0259dir, \u00f6lk\u0259 \u0259halisinin k\u0259r\u0259 ya\u011f\u0131na t\u0259l\u0259bat\u0131n\u0131n t\u0259xmin\u0259n 15-20 faizi yerli istehsal hesab\u0131na \u00f6d\u0259nilir\u201d<\/em>,-m\u0259rk\u0259z s\u0259dri deyib.<\/p>\n\n\n\n<p>N\u0259sirli qeyd edib ki, bir ne\u00e7\u0259 m\u00fcdd\u0259t \u0259vv\u0259l k\u0259r\u0259 ya\u011f\u0131 bahala\u015fark\u0259n sahibkarlara istinad\u0259n yerli m\u0259tbuatda bunu Yeni Zelandiyada ya\u011f\u0131n qiym\u0259tinin artmas\u0131 il\u0259 izah edibl\u0259r:<\/p>\n\n\n\n<p><em>\u00a0\u201cH\u0259min vaxt ara\u015fd\u0131rma apard\u0131m, m\u0259lum oldu ki, Yeni Zelandiyada \u0259ksin\u0259 k\u0259r\u0259 ya\u011f\u0131n\u0131n qiym\u0259ti 8 faiz azal\u0131b. \u018fhaliy\u0259 yanl\u0131\u015f m\u0259lumat verm\u0259kl\u0259 bahala\u015fman\u0131 guya xarici faktorla \u0259laq\u0259l\u0259ndirm\u0259y\u0259 \u00e7al\u0131\u015f\u0131rd\u0131lar. Bizd\u0259 idxal da inhisardad\u0131r. Az\u0259rbaycana idxal edil\u0259n k\u0259r\u0259 ya\u011f\u0131n\u0131n qiym\u0259ti 9-10 manatd\u0131r, iki-\u00fc\u00e7 d\u0259f\u0259 baha sat\u0131rlar\u201d.<\/em><\/p>\n\n\n\n<p>N\u0259sirli hesab edir ki, idxalla m\u0259\u015f\u011ful olan sahibkarlar dig\u0259rinin daha ucuz m\u0259hsul g\u0259tir\u0259 bil\u0259c\u0259yind\u0259n ehtiyat etmirl\u0259r. R\u0259qab\u0259tin olmad\u0131\u011f\u0131na \u0259min olduqlar\u0131ndan ist\u0259nil\u0259n qiym\u0259ti m\u00fc\u0259yy\u0259n edirl\u0259r.<\/p>\n\n\n\n<p><em>\u201cD\u00fcnya bazar\u0131nda ya\u011f\u0131n qiym\u0259tind\u0259 c\u0259mi 3 faiz civar\u0131nda bahala\u015fma var. Bu da Az\u0259rbaycanda k\u0259r\u0259 ya\u011f\u0131n\u0131n k\u0259skin bahala\u015fmas\u0131na s\u0259b\u0259b ola bilm\u0259z\u201d<\/em>,-N\u0259sirli bildirib.<\/p>\n","protected":false},"excerpt":{"rendered":"<p>Ekspert s\u0259b\u0259bi inhisarda g\u00f6r\u00fcr Az\u0259rbaycanda k\u0259r\u0259 ya\u011f\u0131 bahala\u015f\u0131b. Bahala\u015fma h\u0259m &#8230; <\/p>\n<p class=\"read-more-container\"><a title=\"Az\u0259rbaycanda k\u0259r\u0259 ya\u011f\u0131 bahala\u015f\u0131b\" class=\"read-more button\" href=\"https:\/\/www.meydan.tv\/az\/article\/azerbaycanda-kere-yagi-bahalasib\/#more-320849\" aria-label=\"Read more about Az\u0259rbaycanda k\u0259r\u0259 ya\u011f\u0131 bahala\u015f\u0131b\">Davam\u0131<\/a><\/p>\n","protected":false},"author":21,"featured_media":301677,"comment_status":"closed","ping_status":"closed","sticky":false,"template":"","format":"standard","meta":{"_acf_changed":false,"_sitemap_exclude":false,"_sitemap_priority":"","_sitemap_frequency":"","footnotes":""},"categories":[53,79,56],"tags":[],"class_list":["post-320849","post","type-post","status-publish","format-standard","has-post-thumbnail","hentry","category-iqtisadiyyat","category-featured","category-xeberler","infinite-scroll-item","generate-columns","tablet-grid-50","mobile-grid-100","grid-parent","grid-33","no-featured-image-padding"],"acf":[],"yoast_head":"<!-- This site is optimized with the Yoast SEO plugin v27.5 - https:\/\/yoast.com\/product\/yoast-seo-wordpress\/ -->\n<title>Az\u0259rbaycanda k\u0259r\u0259 ya\u011f\u0131 bahala\u015f\u0131b - MEYDAN.TV<\/title>\n<meta name=\"description\" content=\"Az\u0259rbaycanda k\u0259r\u0259 ya\u011f\u0131 bahala\u015f\u0131b.\" \/>\n<meta name=\"robots\" content=\"index, follow, max-snippet:-1, max-image-preview:large, max-video-preview:-1\" \/>\n<link rel=\"canonical\" href=\"https:\/\/www.meydan.tv\/az\/article\/azerbaycanda-kere-yagi-bahalasib\/\" \/>\n<meta property=\"og:locale\" content=\"az_AZ\" \/>\n<meta property=\"og:type\" content=\"article\" \/>\n<meta property=\"og:title\" content=\"Az\u0259rbaycanda k\u0259r\u0259 ya\u011f\u0131 bahala\u015f\u0131b - MEYDAN.TV\" \/>\n<meta property=\"og:description\" content=\"Az\u0259rbaycanda k\u0259r\u0259 ya\u011f\u0131 bahala\u015f\u0131b.\" \/>\n<meta property=\"og:url\" content=\"https:\/\/www.meydan.tv\/az\/article\/azerbaycanda-kere-yagi-bahalasib\/\" \/>\n<meta property=\"og:site_name\" content=\"MEYDAN.TV\" \/>\n<meta property=\"article:published_time\" content=\"2024-11-18T12:10:51+00:00\" \/>\n<meta property=\"article:modified_time\" content=\"2024-11-18T12:10:54+00:00\" \/>\n<meta property=\"og:image\" content=\"https:\/\/www.meydan.tv\/wp-content\/uploads\/kereee.jpg\" \/>\n\t<meta property=\"og:image:width\" content=\"1200\" \/>\n\t<meta property=\"og:image:height\" content=\"889\" \/>\n\t<meta property=\"og:image:type\" content=\"image\/jpeg\" \/>\n<meta name=\"author\" content=\"mahmud\" \/>\n<meta name=\"twitter:card\" content=\"summary_large_image\" \/>\n<script type=\"application\/ld+json\" class=\"yoast-schema-graph\">{\"@context\":\"https:\\\/\\\/schema.org\",\"@graph\":[{\"@type\":\"Article\",\"@id\":\"https:\\\/\\\/www.meydan.tv\\\/az\\\/article\\\/azerbaycanda-kere-yagi-bahalasib\\\/#article\",\"isPartOf\":{\"@id\":\"https:\\\/\\\/www.meydan.tv\\\/az\\\/article\\\/azerbaycanda-kere-yagi-bahalasib\\\/\"},\"author\":{\"name\":\"mahmud\",\"@id\":\"https:\\\/\\\/www.meydan.tv\\\/az\\\/#\\\/schema\\\/person\\\/09863e516102a829e72bedcf3f84c6b0\"},\"headline\":\"Az\u0259rbaycanda k\u0259r\u0259 ya\u011f\u0131 bahala\u015f\u0131b\",\"datePublished\":\"2024-11-18T12:10:51+00:00\",\"dateModified\":\"2024-11-18T12:10:54+00:00\",\"mainEntityOfPage\":{\"@id\":\"https:\\\/\\\/www.meydan.tv\\\/az\\\/article\\\/azerbaycanda-kere-yagi-bahalasib\\\/\"},\"wordCount\":695,\"publisher\":{\"@id\":\"https:\\\/\\\/www.meydan.tv\\\/az\\\/#organization\"},\"image\":{\"@id\":\"https:\\\/\\\/www.meydan.tv\\\/az\\\/article\\\/azerbaycanda-kere-yagi-bahalasib\\\/#primaryimage\"},\"thumbnailUrl\":\"https:\\\/\\\/www.meydan.tv\\\/wp-content\\\/uploads\\\/kereee.jpg\",\"articleSection\":[\"\u0130qtisadiyyat\",\"T\u00f6vsiy\u0259\",\"X\u0259b\u0259rl\u0259r\"],\"inLanguage\":\"az\"},{\"@type\":\"WebPage\",\"@id\":\"https:\\\/\\\/www.meydan.tv\\\/az\\\/article\\\/azerbaycanda-kere-yagi-bahalasib\\\/\",\"url\":\"https:\\\/\\\/www.meydan.tv\\\/az\\\/article\\\/azerbaycanda-kere-yagi-bahalasib\\\/\",\"name\":\"Az\u0259rbaycanda k\u0259r\u0259 ya\u011f\u0131 bahala\u015f\u0131b - MEYDAN.TV\",\"isPartOf\":{\"@id\":\"https:\\\/\\\/www.meydan.tv\\\/az\\\/#website\"},\"primaryImageOfPage\":{\"@id\":\"https:\\\/\\\/www.meydan.tv\\\/az\\\/article\\\/azerbaycanda-kere-yagi-bahalasib\\\/#primaryimage\"},\"image\":{\"@id\":\"https:\\\/\\\/www.meydan.tv\\\/az\\\/article\\\/azerbaycanda-kere-yagi-bahalasib\\\/#primaryimage\"},\"thumbnailUrl\":\"https:\\\/\\\/www.meydan.tv\\\/wp-content\\\/uploads\\\/kereee.jpg\",\"datePublished\":\"2024-11-18T12:10:51+00:00\",\"dateModified\":\"2024-11-18T12:10:54+00:00\",\"description\":\"Az\u0259rbaycanda k\u0259r\u0259 ya\u011f\u0131 bahala\u015f\u0131b.\",\"breadcrumb\":{\"@id\":\"https:\\\/\\\/www.meydan.tv\\\/az\\\/article\\\/azerbaycanda-kere-yagi-bahalasib\\\/#breadcrumb\"},\"inLanguage\":\"az\",\"potentialAction\":[{\"@type\":\"ReadAction\",\"target\":[\"https:\\\/\\\/www.meydan.tv\\\/az\\\/article\\\/azerbaycanda-kere-yagi-bahalasib\\\/\"]}]},{\"@type\":\"ImageObject\",\"inLanguage\":\"az\",\"@id\":\"https:\\\/\\\/www.meydan.tv\\\/az\\\/article\\\/azerbaycanda-kere-yagi-bahalasib\\\/#primaryimage\",\"url\":\"https:\\\/\\\/www.meydan.tv\\\/wp-content\\\/uploads\\\/kereee.jpg\",\"contentUrl\":\"https:\\\/\\\/www.meydan.tv\\\/wp-content\\\/uploads\\\/kereee.jpg\",\"width\":1200,\"height\":889,\"caption\":\"K\u0259r\u0259 ya\u011f\u0131. Foto: Az\u0259rtac.\"},{\"@type\":\"BreadcrumbList\",\"@id\":\"https:\\\/\\\/www.meydan.tv\\\/az\\\/article\\\/azerbaycanda-kere-yagi-bahalasib\\\/#breadcrumb\",\"itemListElement\":[{\"@type\":\"ListItem\",\"position\":1,\"name\":\"Ana s\u0259hif\u0259\",\"item\":\"https:\\\/\\\/www.meydan.tv\\\/az\\\/\"},{\"@type\":\"ListItem\",\"position\":2,\"name\":\"\u0130qtisadiyyat\",\"item\":\"https:\\\/\\\/www.meydan.tv\\\/az\\\/section\\\/iqtisadiyyat\\\/\"},{\"@type\":\"ListItem\",\"position\":3,\"name\":\"Az\u0259rbaycanda k\u0259r\u0259 ya\u011f\u0131 bahala\u015f\u0131b\"}]},{\"@type\":\"WebSite\",\"@id\":\"https:\\\/\\\/www.meydan.tv\\\/az\\\/#website\",\"url\":\"https:\\\/\\\/www.meydan.tv\\\/az\\\/\",\"name\":\"MEYDAN.TV\",\"description\":\"Meydan TV Az\u0259rbaycan\u0131n media m\u0259kan\u0131ndak\u0131 alternativ s\u0259sidir\",\"publisher\":{\"@id\":\"https:\\\/\\\/www.meydan.tv\\\/az\\\/#organization\"},\"potentialAction\":[{\"@type\":\"SearchAction\",\"target\":{\"@type\":\"EntryPoint\",\"urlTemplate\":\"https:\\\/\\\/www.meydan.tv\\\/az\\\/?s={search_term_string}\"},\"query-input\":{\"@type\":\"PropertyValueSpecification\",\"valueRequired\":true,\"valueName\":\"search_term_string\"}}],\"inLanguage\":\"az\"},{\"@type\":\"Organization\",\"@id\":\"https:\\\/\\\/www.meydan.tv\\\/az\\\/#organization\",\"name\":\"Meydan TV\",\"url\":\"https:\\\/\\\/www.meydan.tv\\\/az\\\/\",\"logo\":{\"@type\":\"ImageObject\",\"inLanguage\":\"az\",\"@id\":\"https:\\\/\\\/www.meydan.tv\\\/az\\\/#\\\/schema\\\/logo\\\/image\\\/\",\"url\":\"https:\\\/\\\/www.meydan.tv\\\/wp-content\\\/uploads\\\/2021\\\/07\\\/meydan-logo.svg\",\"contentUrl\":\"https:\\\/\\\/www.meydan.tv\\\/wp-content\\\/uploads\\\/2021\\\/07\\\/meydan-logo.svg\",\"width\":195,\"height\":46,\"caption\":\"Meydan TV\"},\"image\":{\"@id\":\"https:\\\/\\\/www.meydan.tv\\\/az\\\/#\\\/schema\\\/logo\\\/image\\\/\"}},{\"@type\":\"Person\",\"@id\":\"https:\\\/\\\/www.meydan.tv\\\/az\\\/#\\\/schema\\\/person\\\/09863e516102a829e72bedcf3f84c6b0\",\"name\":\"mahmud\"}]}<\/script>\n<!-- \/ Yoast SEO plugin. -->","yoast_head_json":{"title":"Az\u0259rbaycanda k\u0259r\u0259 ya\u011f\u0131 bahala\u015f\u0131b - MEYDAN.TV","description":"Az\u0259rbaycanda k\u0259r\u0259 ya\u011f\u0131 bahala\u015f\u0131b.","robots":{"index":"index","follow":"follow","max-snippet":"max-snippet:-1","max-image-preview":"max-image-preview:large","max-video-preview":"max-video-preview:-1"},"canonical":"https:\/\/www.meydan.tv\/az\/article\/azerbaycanda-kere-yagi-bahalasib\/","og_locale":"az_AZ","og_type":"article","og_title":"Az\u0259rbaycanda k\u0259r\u0259 ya\u011f\u0131 bahala\u015f\u0131b - MEYDAN.TV","og_description":"Az\u0259rbaycanda k\u0259r\u0259 ya\u011f\u0131 bahala\u015f\u0131b.","og_url":"https:\/\/www.meydan.tv\/az\/article\/azerbaycanda-kere-yagi-bahalasib\/","og_site_name":"MEYDAN.TV","article_published_time":"2024-11-18T12:10:51+00:00","article_modified_time":"2024-11-18T12:10:54+00:00","og_image":[{"width":1200,"height":889,"url":"https:\/\/www.meydan.tv\/wp-content\/uploads\/kereee.jpg","type":"image\/jpeg"}],"author":"mahmud","twitter_card":"summary_large_image","schema":{"@context":"https:\/\/schema.org","@graph":[{"@type":"Article","@id":"https:\/\/www.meydan.tv\/az\/article\/azerbaycanda-kere-yagi-bahalasib\/#article","isPartOf":{"@id":"https:\/\/www.meydan.tv\/az\/article\/azerbaycanda-kere-yagi-bahalasib\/"},"author":{"name":"mahmud","@id":"https:\/\/www.meydan.tv\/az\/#\/schema\/person\/09863e516102a829e72bedcf3f84c6b0"},"headline":"Az\u0259rbaycanda k\u0259r\u0259 ya\u011f\u0131 bahala\u015f\u0131b","datePublished":"2024-11-18T12:10:51+00:00","dateModified":"2024-11-18T12:10:54+00:00","mainEntityOfPage":{"@id":"https:\/\/www.meydan.tv\/az\/article\/azerbaycanda-kere-yagi-bahalasib\/"},"wordCount":695,"publisher":{"@id":"https:\/\/www.meydan.tv\/az\/#organization"},"image":{"@id":"https:\/\/www.meydan.tv\/az\/article\/azerbaycanda-kere-yagi-bahalasib\/#primaryimage"},"thumbnailUrl":"https:\/\/www.meydan.tv\/wp-content\/uploads\/kereee.jpg","articleSection":["\u0130qtisadiyyat","T\u00f6vsiy\u0259","X\u0259b\u0259rl\u0259r"],"inLanguage":"az"},{"@type":"WebPage","@id":"https:\/\/www.meydan.tv\/az\/article\/azerbaycanda-kere-yagi-bahalasib\/","url":"https:\/\/www.meydan.tv\/az\/article\/azerbaycanda-kere-yagi-bahalasib\/","name":"Az\u0259rbaycanda k\u0259r\u0259 ya\u011f\u0131 bahala\u015f\u0131b - MEYDAN.TV","isPartOf":{"@id":"https:\/\/www.meydan.tv\/az\/#website"},"primaryImageOfPage":{"@id":"https:\/\/www.meydan.tv\/az\/article\/azerbaycanda-kere-yagi-bahalasib\/#primaryimage"},"image":{"@id":"https:\/\/www.meydan.tv\/az\/article\/azerbaycanda-kere-yagi-bahalasib\/#primaryimage"},"thumbnailUrl":"https:\/\/www.meydan.tv\/wp-content\/uploads\/kereee.jpg","datePublished":"2024-11-18T12:10:51+00:00","dateModified":"2024-11-18T12:10:54+00:00","description":"Az\u0259rbaycanda k\u0259r\u0259 ya\u011f\u0131 bahala\u015f\u0131b.","breadcrumb":{"@id":"https:\/\/www.meydan.tv\/az\/article\/azerbaycanda-kere-yagi-bahalasib\/#breadcrumb"},"inLanguage":"az","potentialAction":[{"@type":"ReadAction","target":["https:\/\/www.meydan.tv\/az\/article\/azerbaycanda-kere-yagi-bahalasib\/"]}]},{"@type":"ImageObject","inLanguage":"az","@id":"https:\/\/www.meydan.tv\/az\/article\/azerbaycanda-kere-yagi-bahalasib\/#primaryimage","url":"https:\/\/www.meydan.tv\/wp-content\/uploads\/kereee.jpg","contentUrl":"https:\/\/www.meydan.tv\/wp-content\/uploads\/kereee.jpg","width":1200,"height":889,"caption":"K\u0259r\u0259 ya\u011f\u0131. Foto: Az\u0259rtac."},{"@type":"BreadcrumbList","@id":"https:\/\/www.meydan.tv\/az\/article\/azerbaycanda-kere-yagi-bahalasib\/#breadcrumb","itemListElement":[{"@type":"ListItem","position":1,"name":"Ana s\u0259hif\u0259","item":"https:\/\/www.meydan.tv\/az\/"},{"@type":"ListItem","position":2,"name":"\u0130qtisadiyyat","item":"https:\/\/www.meydan.tv\/az\/section\/iqtisadiyyat\/"},{"@type":"ListItem","position":3,"name":"Az\u0259rbaycanda k\u0259r\u0259 ya\u011f\u0131 bahala\u015f\u0131b"}]},{"@type":"WebSite","@id":"https:\/\/www.meydan.tv\/az\/#website","url":"https:\/\/www.meydan.tv\/az\/","name":"MEYDAN.TV","description":"Meydan TV Az\u0259rbaycan\u0131n media m\u0259kan\u0131ndak\u0131 alternativ s\u0259sidir","publisher":{"@id":"https:\/\/www.meydan.tv\/az\/#organization"},"potentialAction":[{"@type":"SearchAction","target":{"@type":"EntryPoint","urlTemplate":"https:\/\/www.meydan.tv\/az\/?s={search_term_string}"},"query-input":{"@type":"PropertyValueSpecification","valueRequired":true,"valueName":"search_term_string"}}],"inLanguage":"az"},{"@type":"Organization","@id":"https:\/\/www.meydan.tv\/az\/#organization","name":"Meydan TV","url":"https:\/\/www.meydan.tv\/az\/","logo":{"@type":"ImageObject","inLanguage":"az","@id":"https:\/\/www.meydan.tv\/az\/#\/schema\/logo\/image\/","url":"https:\/\/www.meydan.tv\/wp-content\/uploads\/2021\/07\/meydan-logo.svg","contentUrl":"https:\/\/www.meydan.tv\/wp-content\/uploads\/2021\/07\/meydan-logo.svg","width":195,"height":46,"caption":"Meydan TV"},"image":{"@id":"https:\/\/www.meydan.tv\/az\/#\/schema\/logo\/image\/"}},{"@type":"Person","@id":"https:\/\/www.meydan.tv\/az\/#\/schema\/person\/09863e516102a829e72bedcf3f84c6b0","name":"mahmud"}]}},"_links":{"self":[{"href":"https:\/\/www.meydan.tv\/az\/wp-json\/wp\/v2\/posts\/320849","targetHints":{"allow":["GET"]}}],"collection":[{"href":"https:\/\/www.meydan.tv\/az\/wp-json\/wp\/v2\/posts"}],"about":[{"href":"https:\/\/www.meydan.tv\/az\/wp-json\/wp\/v2\/types\/post"}],"author":[{"embeddable":true,"href":"https:\/\/www.meydan.tv\/az\/wp-json\/wp\/v2\/users\/21"}],"replies":[{"embeddable":true,"href":"https:\/\/www.meydan.tv\/az\/wp-json\/wp\/v2\/comments?post=320849"}],"version-history":[{"count":1,"href":"https:\/\/www.meydan.tv\/az\/wp-json\/wp\/v2\/posts\/320849\/revisions"}],"predecessor-version":[{"id":320850,"href":"https:\/\/www.meydan.tv\/az\/wp-json\/wp\/v2\/posts\/320849\/revisions\/320850"}],"wp:featuredmedia":[{"embeddable":true,"href":"https:\/\/www.meydan.tv\/az\/wp-json\/wp\/v2\/media\/301677"}],"wp:attachment":[{"href":"https:\/\/www.meydan.tv\/az\/wp-json\/wp\/v2\/media?parent=320849"}],"wp:term":[{"taxonomy":"category","embeddable":true,"href":"https:\/\/www.meydan.tv\/az\/wp-json\/wp\/v2\/categories?post=320849"},{"taxonomy":"post_tag","embeddable":true,"href":"https:\/\/www.meydan.tv\/az\/wp-json\/wp\/v2\/tags?post=320849"}],"curies":[{"name":"wp","href":"https:\/\/api.w.org\/{rel}","templated":true}]}}