{"id":320791,"date":"2024-11-17T14:18:42","date_gmt":"2024-11-17T10:18:42","guid":{"rendered":"https:\/\/www.meydan.tv\/?p=320791"},"modified":"2024-11-17T17:11:12","modified_gmt":"2024-11-17T13:11:12","slug":"sevinc-vaqifqizi-vekilleri-tecridxanaya-cagirdi-jurnalistlerin-uzerinde-xesaretler-var","status":"publish","type":"post","link":"https:\/\/www.meydan.tv\/az\/article\/sevinc-vaqifqizi-vekilleri-tecridxanaya-cagirdi-jurnalistlerin-uzerinde-xesaretler-var\/","title":{"rendered":"Sevinc Vaqifq\u0131z\u0131 v\u0259kill\u0259ri t\u0259cridxanaya \u00e7a\u011f\u0131rd\u0131: Jurnalistl\u0259rin \u00fcz\u0259rind\u0259 x\u0259sar\u0259tl\u0259r var"},"content":{"rendered":"\n<p><\/p>\n\n\n\n<p><em><strong>Elnar\u0259 Qas\u0131movaya qar\u015f\u0131 yeni t\u0259xribat\u0131n haz\u0131rland\u0131\u011f\u0131 bildirilir<\/strong><\/em><br><br>Haz\u0131rda 1 sayl\u0131 Bak\u0131 \u0130stintaq T\u0259cridxanas\u0131nda saxlan\u0131lan jurnalist Sevinc Vaqifq\u0131z\u0131na qar\u015f\u0131 zorak\u0131l\u0131q olub. Bu bar\u0259d\u0259 Meydan TV-y\u0259 onun ail\u0259si m\u0259lumat verib.<\/p>\n\n\n\n<p>Noyabr\u0131n 16-da jurnalistl\u0259 g\u00f6r\u00fc\u015f\u0259 ged\u0259n ail\u0259 \u00fczvl\u0259ri onun qolunda zorak\u0131l\u0131\u011f\u0131n izl\u0259rini g\u00f6r\u00fcbl\u0259r.<br><br><em>\u201cBil\u0259yinin i\u00e7 t\u0259r\u0259fi yumurta boyda g\u00f6y\u0259rib. H\u0259min \u0259linin ba\u015f barma\u011f\u0131n\u0131n i\u00e7 damar\u0131 partlay\u0131b v\u0259 orta barma\u011f\u0131 da partlay\u0131b. G\u00f6y z\u0259d\u0259 N\u0259rgizin d\u0259 \u0259lind\u0259 var. Onun da \u0259l\u0259 yax\u0131n hiss\u0259sind\u0259 t\u0259xmin\u0259n yumurta boyda g\u00f6y\u0259rm\u0259 var. H\u0259min z\u0259d\u0259 Elnar\u0259d\u0259 d\u0259 var. Dem\u0259li, \u00fc\u00e7 q\u0131z\u0131n \u00fc\u00e7\u00fcn\u0259 d\u0259 x\u0259sar\u0259t yetirilib\u201d.<\/em><\/p>\n\n\n\n<p>X\u0259sar\u0259tin nec\u0259 yetirilm\u0259sin\u0259 g\u0259linc\u0259, Sevinc Vaqifq\u0131z\u0131 ail\u0259sin\u0259 deyib ki, hadis\u0259 c\u00fcm\u0259 ax\u015fam\u0131 g\u00fcn\u00fc ax\u015fam ba\u015f verib. Jurnalist N\u0259rgiz Absalamova \u00f6z kameras\u0131n\u0131n n\u0259f\u0259sliyi \u00f6n\u00fcnd\u0259 dayan\u0131b. Bu zaman \u015e\u0259hla adl\u0131 n\u0259zar\u0259t\u00e7i ona yax\u0131nla\u015faraq h\u0259r\u0259k\u0259tinin qanunsuz oldu\u011funu deyib v\u0259 bildirib ki, ke\u00e7ib yerind\u0259 oturmal\u0131d\u0131r, qap\u0131n\u0131n yan\u0131ndan getm\u0259lidir:<\/p>\n\n\n\n<p><em>\u201cN\u0259rgiz d\u0259 ona deyib ki, m\u0259n \u00f6z kameram\u0131n qap\u0131s\u0131 a\u011fz\u0131nda dayanm\u0131\u015fam, burada qanunsuz n\u0259 var? Bu zaman \u015e\u0259hla adl\u0131 n\u0259zar\u0259t\u00e7i N\u0259rgizi t\u0259hqir edib, ona \u201ch\u0259yas\u0131z, l\u0259\u00e7\u0259r\u201d deyib. Aralar\u0131nda m\u00fcbahis\u0259 yaran\u0131b v\u0259 s\u0259s-k\u00fcy dig\u0259r kameralardan da e\u015fidilib. Sevinc d\u0259 s\u0259si e\u015fidib, etiraz edib. Bu zaman g\u0259lib ki\u015fili-qad\u0131nl\u0131, b\u00fct\u00fcn kameralar\u0131n n\u0259f\u0259sliyini ba\u011flay\u0131blar, deyibl\u0259r ki, Elnur m\u00fc\u0259llimin g\u00f6st\u0259ri\u015fidir\u201d<\/em>.<\/p>\n\n\n\n<p>Sevinc Vaqifq\u0131z\u0131n\u0131n dediyin\u0259 g\u00f6r\u0259, onun kamera yolda\u015flar\u0131ndan biri epilepsiya x\u0259st\u0259sidir. H\u0259m\u00e7inin dig\u0259r kameralarda hamil\u0259, u\u015faql\u0131 qad\u0131nlar var. N\u0259f\u0259slik ba\u011fland\u0131qdan sonra i\u00e7\u0259rid\u0259 havas\u0131zl\u0131q yaran\u0131b v\u0259 epilepsiyadan \u0259ziyy\u0259t \u00e7\u0259k\u0259n qad\u0131n\u0131n v\u0259ziyy\u0259ti pisl\u0259\u015fib. Bu zaman Sevinc Vaqifq\u0131z\u0131 \u201cn\u0259f\u0259sliyi a\u00e7\u0131n\u201d dey\u0259 q\u0131\u015fq\u0131rma\u011fa v\u0259 qap\u0131n\u0131 d\u00f6ym\u0259y\u0259 ba\u015flay\u0131b. Dig\u0259r kameradak\u0131 dustaqlar da qap\u0131lar\u0131 d\u00f6ym\u0259y\u0259 ba\u015flay\u0131blar.<\/p>\n\n\n\n<figure class=\"wp-block-image size-full is-resized\"><img decoding=\"async\" width=\"720\" height=\"339\" data-src=\"https:\/\/www.meydan.tv\/wp-content\/uploads\/img_4005_720.jpg\" alt=\"\" class=\"wp-image-320763 lazyload\" style=\"--smush-placeholder-width: 720px; --smush-placeholder-aspect-ratio: 720\/339;width:803px;height:auto\" src=\"data:image\/svg+xml;base64,PHN2ZyB3aWR0aD0iMSIgaGVpZ2h0PSIxIiB4bWxucz0iaHR0cDovL3d3dy53My5vcmcvMjAwMC9zdmciPjwvc3ZnPg==\" \/><figcaption class=\"wp-element-caption\">Sevinc Vaqifq\u0131z\u0131, N\u0259rgiz Absalamova, Elnar\u0259 Qas\u0131mova. Foto-kollaj: Meydan TV<\/figcaption><\/figure>\n\n\n\n<p><em>\u201cBu vaxt \u018fziz\u0259 adl\u0131 n\u0259zar\u0259t\u00e7i n\u0259f\u0259sliyi a\u00e7\u0131b \u201cn\u0259 olub\u201d deyib. H\u0259min an Sevinc \u0259lini n\u0259f\u0259sliyin aras\u0131na sal\u0131b ki, t\u0259krar ba\u011flamas\u0131n. N\u0259zar\u0259t\u00e7i q\u0259sd\u0259n n\u0259f\u0259sliyi ba\u011flayaraq Sevincin \u0259lini arak\u0259sm\u0259d\u0259 s\u0131x\u0131b. Sevinc d\u0259 deyib ki, i\u00e7\u0259rid\u0259 havas\u0131zl\u0131qdan \u00f6l\u0259n var, burada qan\u0131m\u0131 t\u00f6ks\u0259niz d\u0259 \u0259limi \u00e7\u0259km\u0259y\u0259c\u0259m. Dig\u0259r kameralar\u0131n qap\u0131lar\u0131n\u0131 d\u00f6ym\u0259y\u0259 ba\u015flay\u0131blar. \u018fdal\u0259t adl\u0131 n\u0259zar\u0259t\u00e7i g\u0259lib v\u0259 deyib ki, r\u0259isin \u0259mridir. Sevinc d\u0259 ona deyib ki, s\u0259n yox, r\u0259isin bura g\u0259lsin, otursun bizim otaqda, n\u0259f\u0259sliyi d\u0259 ba\u011flay\u0131n g\u00f6r\u0259k o, dayana bilir, yoxsa yox. Oturdu\u011fu rahat kabinetd\u0259n m\u0259hbuslar\u0131n h\u0259yat\u0131 il\u0259 ba\u011fl\u0131 yax\u015f\u0131 \u0259mr ver\u0259 bilir\u201d<\/em>, &#8211; Sevinc Vaqifq\u0131z\u0131 yax\u0131nlar\u0131na dan\u0131\u015f\u0131b.<\/p>\n\n\n\n<p>S\u0259s-k\u00fcy dayanmad\u0131\u011f\u0131ndan \u018fli adl\u0131 n\u0259zar\u0259t\u00e7i g\u0259l\u0259r\u0259k b\u00fct\u00fcn n\u0259f\u0259slikl\u0259ri t\u0259krar a\u00e7\u0131b. <\/p>\n\n\n\n<p>Sevinc Vaqifq\u0131z\u0131n\u0131n s\u00f6zl\u0259rin\u0259 g\u00f6r\u0259, Elnar\u0259 Qas\u0131mova onlar\u0131n kameras\u0131na yax\u0131nla\u015fark\u0259n Aynur\u0259 Heyd\u0259rova adl\u0131 n\u0259zar\u0259t\u00e7i ona h\u00fccum edib. N\u0259rgiz Absalamova da Sevincin dayand\u0131\u011f\u0131 qap\u0131n\u0131n n\u0259f\u0259sliyin\u0259 yax\u0131nla\u015fmaq ist\u0259rk\u0259n t\u0259zyiq\u0259 m\u0259ruz qal\u0131b, \u00e7iynind\u0259n vurub it\u0259l\u0259yibl\u0259r.<\/p>\n\n\n\n<p><em>\u201cAynur Heyd\u0259rovan\u0131n h\u00fccumunu indi Elnar\u0259nin \u0259leyhin\u0259 istifad\u0259 etm\u0259y\u0259 \u00e7al\u0131\u015f\u0131rlar. Vahid adl\u0131 n\u0259zar\u0259t\u00e7i m\u0259hbuslara \u0259mr edir ki, Elnar\u0259nin onlara t\u0259zyiq etm\u0259sin\u0259 dair \u0259riz\u0259 yazs\u0131nlar. Guya siz g\u00f6rm\u00fcs\u00fcz ki, Elnar\u0259 n\u0259zar\u0259t\u00e7iy\u0259 t\u0259zyiq edib. Bel\u0259 bir i\u015f planlay\u0131blar ki, Elnar\u0259 bar\u0259sind\u0259 yeni cinay\u0259t i\u015fi a\u00e7\u0131ls\u0131n. Vahid adl\u0131 n\u0259zar\u0259t\u00e7i qad\u0131nlar\u0131n g\u00f6z\u00fcn\u00fc qorxutmaq \u00fc\u00e7\u00fcn dubinka il\u0259 g\u0259zir\u201d<\/em>, &#8211; Sevinc Vaqifq\u0131z\u0131 deyib.<\/p>\n\n\n\n<p>Yax\u0131nlar\u0131n\u0131n s\u00f6zl\u0259rin\u0259 g\u00f6r\u0259, ba\u015f ver\u0259nl\u0259r ictimail\u0259\u015fm\u0259sin dey\u0259 Sevinc Vaqifq\u0131z\u0131 il\u0259 g\u00f6r\u00fc\u015f\u0259 d\u0259 mane olma\u011fa \u00e7al\u0131\u015f\u0131blar. Onlar\u0131 saatlarla t\u0259cridxanan\u0131n g\u00f6r\u00fc\u015f yerind\u0259 g\u00f6zl\u0259dibl\u0259r. Jurnalistin anas\u0131 Ofelya M\u0259h\u0259rr\u0259movan\u0131n etiraz\u0131ndan, r\u0259is Elnur \u0130smay\u0131lovun \u00fcnvan\u0131na \u00e7a\u011f\u0131r\u0131\u015flar\u0131ndan sonra g\u00f6r\u00fc\u015f\u0259 imkan verilib. H\u0259min vaxt \u018fh\u0259d adl\u0131 n\u0259zar\u0259t\u00e7i O.M\u0259h\u0259rr\u0259movaya yax\u0131nla\u015faraq Sevincin \u0259leyhin\u0259 dan\u0131\u015faraq, <em>\u201cali savadl\u0131 q\u0131zd\u0131r, ona yara\u015fmaz qap\u0131n\u0131 d\u00f6y\u00fcb s\u0259s-k\u00fcy sals\u0131n\u201d <\/em>deyib.<\/p>\n\n\n\n<p>Sevinc Vaqifq\u0131z\u0131 ail\u0259 \u00fczvl\u0259rin\u0259 deyib ki, COP29-un ke\u00e7irildiyi \u0259r\u0259f\u0259d\u0259 t\u0259cridxanadan h\u0259r hans\u0131 m\u0259lumat \u00e7\u0131xar\u0131lmas\u0131n, problem yarad\u0131lmas\u0131n dey\u0259 L\u0259nk\u0259randan v\u0259 dig\u0259r b\u00f6lg\u0259l\u0259rd\u0259n yeni n\u0259zar\u0259t\u00e7il\u0259r g\u0259tiribl\u0259r. <\/p>\n\n\n\n<p><em>\u201cM\u0259s\u0259l\u0259 yay\u0131lmas\u0131n dey\u0259 N\u0259rgizin yax\u0131nlar\u0131 il\u0259 g\u00f6r\u00fc\u015f\u00fcn\u0259 icaz\u0259 vermirl\u0259r. H\u0259tta kamera yolda\u015flar\u0131na da icaz\u0259 verilmir v\u0259 ham\u0131s\u0131na deyilir ki, N\u0259rgiz\u0259 g\u00f6r\u0259 siz\u0259 icaz\u0259 vermirik. M\u0259qs\u0259d i\u00e7\u0259rid\u0259ki m\u0259hbuslar\u0131 N\u0259rgiz\u0259 qar\u015f\u0131 qald\u0131rmaqd\u0131r, t\u0259xribata \u00e7\u0259kirl\u0259r. Bunlar\u0131 \u018fdal\u0259t, Vahid adl\u0131 n\u0259zar\u0259t\u00e7il\u0259r edir\u201d<\/em>, &#8211; S.Vaqifq\u0131z\u0131 yax\u0131nlar\u0131na deyib.<\/p>\n\n\n\n<p>Jurnalist onlar\u0131 m\u00fcdafi\u0259 ed\u0259n b\u00fct\u00fcn v\u0259kill\u0259ri t\u0259cridxanaya \u00e7a\u011f\u0131r\u0131b.<\/p>\n\n\n\n<p>V\u0259kil Aqil Lay\u0131c noyabr\u0131n 15-d\u0259 1 sayl\u0131 Bak\u0131 \u0130stintaq T\u0259cridxanas\u0131nda Sevinc Vaqifq\u0131z\u0131 il\u0259 g\u00f6r\u00fc\u015fm\u0259k ist\u0259yib. V\u0259kil g\u00f6r\u00fc\u015f \u00fc\u00e7\u00fcn laz\u0131m olan s\u0259n\u0259di d\u0259 t\u0259qdim edib. T\u0259cridxana r\u0259hb\u0259rliyi g\u00f6r\u00fc\u015f\u0259 icaz\u0259 verm\u0259yib. Bunu kamerada say\u0131m getm\u0259sil\u0259 \u0259laq\u0259l\u0259ndiribl\u0259r. Ancaq Sevinc Vaqifq\u0131z\u0131 x\u0259sar\u0259tl\u0259ri g\u00f6rm\u0259sin dey\u0259 v\u0259kili il\u0259 g\u00f6r\u00fc\u015f\u0259 icaz\u0259 verilm\u0259diyini deyib.<\/p>\n\n\n\n<p>Penitensiar Xidm\u0259td\u0259n deyil\u0259nl\u0259rl\u0259 ba\u011fl\u0131 m\u00fcnasib\u0259t \u00f6yr\u0259nm\u0259k m\u00fcmk\u00fcn olmay\u0131b.<\/p>\n\n\n\n<p>Bundan \u0259vv\u0259l \u201cAbzasMedia\u201dn\u0131n direktoru \u00dclvi H\u0259s\u0259nli d\u0259 t\u0259cridxanada \u00f6l\u00fcml\u0259 h\u0259d\u0259l\u0259nib v\u0259 zorak\u0131l\u0131\u011fa m\u0259ruz qal\u0131b. Belind\u0259n x\u0259sar\u0259t alan jurnalistin \u015fikay\u0259tl\u0259rini is\u0259 yerli m\u0259hk\u0259m\u0259l\u0259r r\u0259dd edib.<\/p>\n\n\n\n<p>Az\u0259rbaycanda d\u00f6vl\u0259t r\u0259hb\u0259rliyi \u0259traf\u0131nda korrupsiya ara\u015fd\u0131rmalar\u0131 ed\u0259n \u201cAbzasMedia\u201dn\u0131n 6 \u0259m\u0259kda\u015f\u0131 \u2013 ba\u015f direktor \u00dclvi H\u0259s\u0259nli, m\u00fcavini M\u0259h\u0259mm\u0259d Kekalov, ba\u015f redaktor Sevinc Vaqifq\u0131z\u0131, reportyorlar N\u0259rgiz Absalamova v\u0259 Elnar\u0259 Qas\u0131mova, ara\u015fd\u0131rma\u00e7\u0131 jurnalist Hafiz Babal\u0131 h\u0259bs edilib.<\/p>\n\n\n\n<p>2023-c\u00fc ilin noyabr\u0131ndan etibar\u0259n s\u0131ra il\u0259 h\u0259bs olunma\u011fa ba\u015flayan jurnalistl\u0259r\u0259 qar\u015f\u0131 qa\u00e7aqmal\u00e7\u0131l\u0131q ittiham\u0131 ir\u0259li s\u00fcr\u00fcl\u00fcb.<\/p>\n\n\n\n<p>2024-c\u00fc il may\u0131n 31-d\u0259 is\u0259 \u201cAzadl\u0131qRadiosu\u201dnun jurnalisti, iqtisad\u00e7\u0131 F\u0259rid Mehral\u0131zad\u0259 saxlan\u0131l\u0131b, evind\u0259 axtar\u0131\u015f apar\u0131l\u0131b. \u0130yunun 1-d\u0259 ona qar\u015f\u0131 \u201cAbzasMedia i\u015fi\u201d \u00fczr\u0259 Cinay\u0259t M\u0259c\u0259ll\u0259sinin 206.3.2-ci (qa\u00e7aqmal\u00e7\u0131l\u0131q, \u0259vv\u0259lc\u0259d\u0259n \u0259lbir olan bir qrup \u015f\u0259xs t\u0259r\u0259find\u0259n t\u00f6r\u0259dildikd\u0259) madd\u0259si il\u0259 ittiham ir\u0259li s\u00fcr\u00fcl\u00fcb. X\u0259tai rayon M\u0259hk\u0259m\u0259sinin q\u0259rar\u0131 il\u0259 onun bar\u0259sind\u0259 h\u0259bs q\u0259timkan t\u0259dbiri se\u00e7ilib.<\/p>\n\n\n\n<p>El\u0259 h\u0259min g\u00fcn \u201cAbzasMedia\u201d b\u0259yanat yayaraq F\u0259rid Mehral\u0131zad\u0259nin bu media qurumu il\u0259 he\u00e7 bir \u0259m\u0259kda\u015fl\u0131\u011f\u0131n\u0131n v\u0259 \u0259laq\u0259sinin olmad\u0131\u011f\u0131n\u0131 bildirib.<\/p>\n\n\n\n<p>Daha sonra bu i\u015f \u00fczr\u0259 h\u0259bs edil\u0259nl\u0259rl\u0259rin h\u0259r birin\u0259 qar\u015f\u0131 maliyy\u0259 m\u0259s\u0259l\u0259l\u0259ril\u0259 ba\u011fl\u0131 \u0259lav\u0259 7 a\u011f\u0131r madd\u0259 \u00fczr\u0259 ittiham ir\u0259li s\u00fcr\u00fcl\u00fcb.<\/p>\n\n\n\n<p>\u00dcmumilikd\u0259 \u00f6t\u0259n ilin noyabr\u0131ndan ba\u015flayaraq Az\u0259rbaycanda qruplar hal\u0131nda 20- y\u0259 yax\u0131n jurnalist, ictimai f\u0259al qa\u00e7aqmal\u00e7\u0131l\u0131q ittiham\u0131 il\u0259 h\u0259bs edilib. Onlar\u0131n he\u00e7 biri ittihamla raz\u0131la\u015fm\u0131r, bunu pe\u015f\u0259 f\u0259aliyy\u0259tl\u0259ri v\u0259 siyasi sifari\u015f il\u0259 izah edirl\u0259r.<\/p>\n\n\n\n<p>Yerli h\u00fcquq-m\u00fcdafi\u0259 t\u0259\u015fkilatlar\u0131n\u0131n haz\u0131rlad\u0131qlar\u0131 siyah\u0131lara g\u00f6r\u0259, haz\u0131rda Az\u0259rbaycan h\u0259bsxanalar\u0131nda t\u0259qrib\u0259n 300 siyasi m\u0259hbus var. R\u0259smil\u0259r is\u0259, bir qayda olaraq, vur\u011fulay\u0131rlar ki, \u00f6lk\u0259d\u0259 he\u00e7 kim s\u0131rf pe\u015f\u0259 f\u0259aliyy\u0259ti il\u0259 ba\u011fl\u0131, siyasi \u0259saslar il\u0259 h\u0259bs edilmir.<\/p>\n\n\n\n<p>Yerli v\u0259 beyn\u0259lxalq h\u00fcquq m\u00fcdafi\u0259 t\u0259\u015fkilatlar\u0131 bu t\u0259qibl\u0259ri siyasi motivli hesab edir v\u0259 h\u0259bs olunanlar\u0131n azad edilm\u0259sin\u0259, onlara qar\u015f\u0131 ittihamlar\u0131n geri g\u00f6t\u00fcr\u00fclm\u0259sin\u0259 \u00e7a\u011f\u0131r\u0131rlar.<\/p>\n","protected":false},"excerpt":{"rendered":"<p>Elnar\u0259 Qas\u0131movaya qar\u015f\u0131 yeni t\u0259xribat\u0131n haz\u0131rland\u0131\u011f\u0131 bildirilir Haz\u0131rda 1 sayl\u0131 &#8230; <\/p>\n<p class=\"read-more-container\"><a title=\"Sevinc Vaqifq\u0131z\u0131 v\u0259kill\u0259ri t\u0259cridxanaya \u00e7a\u011f\u0131rd\u0131: Jurnalistl\u0259rin \u00fcz\u0259rind\u0259 x\u0259sar\u0259tl\u0259r var\" class=\"read-more button\" href=\"https:\/\/www.meydan.tv\/az\/article\/sevinc-vaqifqizi-vekilleri-tecridxanaya-cagirdi-jurnalistlerin-uzerinde-xesaretler-var\/#more-320791\" aria-label=\"Read more about Sevinc Vaqifq\u0131z\u0131 v\u0259kill\u0259ri t\u0259cridxanaya \u00e7a\u011f\u0131rd\u0131: Jurnalistl\u0259rin \u00fcz\u0259rind\u0259 x\u0259sar\u0259tl\u0259r var\">Davam\u0131<\/a><\/p>\n","protected":false},"author":12,"featured_media":290989,"comment_status":"closed","ping_status":"closed","sticky":false,"template":"","format":"standard","meta":{"_acf_changed":false,"_sitemap_exclude":false,"_sitemap_priority":"","_sitemap_frequency":"","footnotes":""},"categories":[59,79,56],"tags":[],"class_list":["post-320791","post","type-post","status-publish","format-standard","has-post-thumbnail","hentry","category-siyaset","category-featured","category-xeberler","infinite-scroll-item","generate-columns","tablet-grid-50","mobile-grid-100","grid-parent","grid-33","no-featured-image-padding"],"acf":[],"yoast_head":"<!-- This site is optimized with the Yoast SEO plugin v27.4 - https:\/\/yoast.com\/product\/yoast-seo-wordpress\/ -->\n<title>Sevinc Vaqifq\u0131z\u0131 v\u0259kill\u0259ri t\u0259cridxanaya \u00e7a\u011f\u0131rd\u0131: Jurnalistl\u0259rin \u00fcz\u0259rind\u0259 x\u0259sar\u0259tl\u0259r var - MEYDAN.TV<\/title>\n<meta name=\"robots\" content=\"index, follow, max-snippet:-1, max-image-preview:large, max-video-preview:-1\" \/>\n<link rel=\"canonical\" href=\"https:\/\/www.meydan.tv\/az\/article\/sevinc-vaqifqizi-vekilleri-tecridxanaya-cagirdi-jurnalistlerin-uzerinde-xesaretler-var\/\" \/>\n<meta property=\"og:locale\" content=\"az_AZ\" \/>\n<meta property=\"og:type\" content=\"article\" \/>\n<meta property=\"og:title\" content=\"Sevinc Vaqifq\u0131z\u0131 v\u0259kill\u0259ri t\u0259cridxanaya \u00e7a\u011f\u0131rd\u0131: Jurnalistl\u0259rin \u00fcz\u0259rind\u0259 x\u0259sar\u0259tl\u0259r var - MEYDAN.TV\" \/>\n<meta property=\"og:description\" content=\"Elnar\u0259 Qas\u0131movaya qar\u015f\u0131 yeni t\u0259xribat\u0131n haz\u0131rland\u0131\u011f\u0131 bildirilir Haz\u0131rda 1 sayl\u0131 ... Davam\u0131\" \/>\n<meta property=\"og:url\" content=\"https:\/\/www.meydan.tv\/az\/article\/sevinc-vaqifqizi-vekilleri-tecridxanaya-cagirdi-jurnalistlerin-uzerinde-xesaretler-var\/\" \/>\n<meta property=\"og:site_name\" content=\"MEYDAN.TV\" \/>\n<meta property=\"article:published_time\" content=\"2024-11-17T10:18:42+00:00\" \/>\n<meta property=\"article:modified_time\" content=\"2024-11-17T13:11:12+00:00\" \/>\n<meta property=\"og:image\" content=\"https:\/\/www.meydan.tv\/wp-content\/uploads\/img_0616-e1700561730380.jpg\" \/>\n\t<meta property=\"og:image:width\" content=\"1200\" \/>\n\t<meta property=\"og:image:height\" content=\"674\" \/>\n\t<meta property=\"og:image:type\" content=\"image\/jpeg\" \/>\n<meta name=\"author\" content=\"aleks\" \/>\n<meta name=\"twitter:card\" content=\"summary_large_image\" \/>\n<script type=\"application\/ld+json\" class=\"yoast-schema-graph\">{\"@context\":\"https:\\\/\\\/schema.org\",\"@graph\":[{\"@type\":\"Article\",\"@id\":\"https:\\\/\\\/www.meydan.tv\\\/az\\\/article\\\/sevinc-vaqifqizi-vekilleri-tecridxanaya-cagirdi-jurnalistlerin-uzerinde-xesaretler-var\\\/#article\",\"isPartOf\":{\"@id\":\"https:\\\/\\\/www.meydan.tv\\\/az\\\/article\\\/sevinc-vaqifqizi-vekilleri-tecridxanaya-cagirdi-jurnalistlerin-uzerinde-xesaretler-var\\\/\"},\"author\":{\"name\":\"aleks\",\"@id\":\"https:\\\/\\\/www.meydan.tv\\\/az\\\/#\\\/schema\\\/person\\\/476e9360e593fa131d5d71d51866f8da\"},\"headline\":\"Sevinc Vaqifq\u0131z\u0131 v\u0259kill\u0259ri t\u0259cridxanaya \u00e7a\u011f\u0131rd\u0131: Jurnalistl\u0259rin \u00fcz\u0259rind\u0259 x\u0259sar\u0259tl\u0259r var\",\"datePublished\":\"2024-11-17T10:18:42+00:00\",\"dateModified\":\"2024-11-17T13:11:12+00:00\",\"mainEntityOfPage\":{\"@id\":\"https:\\\/\\\/www.meydan.tv\\\/az\\\/article\\\/sevinc-vaqifqizi-vekilleri-tecridxanaya-cagirdi-jurnalistlerin-uzerinde-xesaretler-var\\\/\"},\"wordCount\":1568,\"publisher\":{\"@id\":\"https:\\\/\\\/www.meydan.tv\\\/az\\\/#organization\"},\"image\":{\"@id\":\"https:\\\/\\\/www.meydan.tv\\\/az\\\/article\\\/sevinc-vaqifqizi-vekilleri-tecridxanaya-cagirdi-jurnalistlerin-uzerinde-xesaretler-var\\\/#primaryimage\"},\"thumbnailUrl\":\"https:\\\/\\\/www.meydan.tv\\\/wp-content\\\/uploads\\\/img_0616-e1700561730380.jpg\",\"articleSection\":[\"Siyas\u0259t\",\"T\u00f6vsiy\u0259\",\"X\u0259b\u0259rl\u0259r\"],\"inLanguage\":\"az\"},{\"@type\":\"WebPage\",\"@id\":\"https:\\\/\\\/www.meydan.tv\\\/az\\\/article\\\/sevinc-vaqifqizi-vekilleri-tecridxanaya-cagirdi-jurnalistlerin-uzerinde-xesaretler-var\\\/\",\"url\":\"https:\\\/\\\/www.meydan.tv\\\/az\\\/article\\\/sevinc-vaqifqizi-vekilleri-tecridxanaya-cagirdi-jurnalistlerin-uzerinde-xesaretler-var\\\/\",\"name\":\"Sevinc Vaqifq\u0131z\u0131 v\u0259kill\u0259ri t\u0259cridxanaya \u00e7a\u011f\u0131rd\u0131: Jurnalistl\u0259rin \u00fcz\u0259rind\u0259 x\u0259sar\u0259tl\u0259r var - MEYDAN.TV\",\"isPartOf\":{\"@id\":\"https:\\\/\\\/www.meydan.tv\\\/az\\\/#website\"},\"primaryImageOfPage\":{\"@id\":\"https:\\\/\\\/www.meydan.tv\\\/az\\\/article\\\/sevinc-vaqifqizi-vekilleri-tecridxanaya-cagirdi-jurnalistlerin-uzerinde-xesaretler-var\\\/#primaryimage\"},\"image\":{\"@id\":\"https:\\\/\\\/www.meydan.tv\\\/az\\\/article\\\/sevinc-vaqifqizi-vekilleri-tecridxanaya-cagirdi-jurnalistlerin-uzerinde-xesaretler-var\\\/#primaryimage\"},\"thumbnailUrl\":\"https:\\\/\\\/www.meydan.tv\\\/wp-content\\\/uploads\\\/img_0616-e1700561730380.jpg\",\"datePublished\":\"2024-11-17T10:18:42+00:00\",\"dateModified\":\"2024-11-17T13:11:12+00:00\",\"breadcrumb\":{\"@id\":\"https:\\\/\\\/www.meydan.tv\\\/az\\\/article\\\/sevinc-vaqifqizi-vekilleri-tecridxanaya-cagirdi-jurnalistlerin-uzerinde-xesaretler-var\\\/#breadcrumb\"},\"inLanguage\":\"az\",\"potentialAction\":[{\"@type\":\"ReadAction\",\"target\":[\"https:\\\/\\\/www.meydan.tv\\\/az\\\/article\\\/sevinc-vaqifqizi-vekilleri-tecridxanaya-cagirdi-jurnalistlerin-uzerinde-xesaretler-var\\\/\"]}]},{\"@type\":\"ImageObject\",\"inLanguage\":\"az\",\"@id\":\"https:\\\/\\\/www.meydan.tv\\\/az\\\/article\\\/sevinc-vaqifqizi-vekilleri-tecridxanaya-cagirdi-jurnalistlerin-uzerinde-xesaretler-var\\\/#primaryimage\",\"url\":\"https:\\\/\\\/www.meydan.tv\\\/wp-content\\\/uploads\\\/img_0616-e1700561730380.jpg\",\"contentUrl\":\"https:\\\/\\\/www.meydan.tv\\\/wp-content\\\/uploads\\\/img_0616-e1700561730380.jpg\",\"width\":1200,\"height\":674,\"caption\":\"Sevinc Vaqifq\u0131z\u0131. Foto: Meydan TV\"},{\"@type\":\"BreadcrumbList\",\"@id\":\"https:\\\/\\\/www.meydan.tv\\\/az\\\/article\\\/sevinc-vaqifqizi-vekilleri-tecridxanaya-cagirdi-jurnalistlerin-uzerinde-xesaretler-var\\\/#breadcrumb\",\"itemListElement\":[{\"@type\":\"ListItem\",\"position\":1,\"name\":\"Ana s\u0259hif\u0259\",\"item\":\"https:\\\/\\\/www.meydan.tv\\\/az\\\/\"},{\"@type\":\"ListItem\",\"position\":2,\"name\":\"X\u0259b\u0259rl\u0259r\",\"item\":\"https:\\\/\\\/www.meydan.tv\\\/az\\\/section\\\/xeberler\\\/\"},{\"@type\":\"ListItem\",\"position\":3,\"name\":\"Sevinc Vaqifq\u0131z\u0131 v\u0259kill\u0259ri t\u0259cridxanaya \u00e7a\u011f\u0131rd\u0131: Jurnalistl\u0259rin \u00fcz\u0259rind\u0259 x\u0259sar\u0259tl\u0259r var\"}]},{\"@type\":\"WebSite\",\"@id\":\"https:\\\/\\\/www.meydan.tv\\\/az\\\/#website\",\"url\":\"https:\\\/\\\/www.meydan.tv\\\/az\\\/\",\"name\":\"MEYDAN.TV\",\"description\":\"Meydan TV Az\u0259rbaycan\u0131n media m\u0259kan\u0131ndak\u0131 alternativ s\u0259sidir\",\"publisher\":{\"@id\":\"https:\\\/\\\/www.meydan.tv\\\/az\\\/#organization\"},\"potentialAction\":[{\"@type\":\"SearchAction\",\"target\":{\"@type\":\"EntryPoint\",\"urlTemplate\":\"https:\\\/\\\/www.meydan.tv\\\/az\\\/?s={search_term_string}\"},\"query-input\":{\"@type\":\"PropertyValueSpecification\",\"valueRequired\":true,\"valueName\":\"search_term_string\"}}],\"inLanguage\":\"az\"},{\"@type\":\"Organization\",\"@id\":\"https:\\\/\\\/www.meydan.tv\\\/az\\\/#organization\",\"name\":\"Meydan TV\",\"url\":\"https:\\\/\\\/www.meydan.tv\\\/az\\\/\",\"logo\":{\"@type\":\"ImageObject\",\"inLanguage\":\"az\",\"@id\":\"https:\\\/\\\/www.meydan.tv\\\/az\\\/#\\\/schema\\\/logo\\\/image\\\/\",\"url\":\"https:\\\/\\\/www.meydan.tv\\\/wp-content\\\/uploads\\\/2021\\\/07\\\/meydan-logo.svg\",\"contentUrl\":\"https:\\\/\\\/www.meydan.tv\\\/wp-content\\\/uploads\\\/2021\\\/07\\\/meydan-logo.svg\",\"width\":195,\"height\":46,\"caption\":\"Meydan TV\"},\"image\":{\"@id\":\"https:\\\/\\\/www.meydan.tv\\\/az\\\/#\\\/schema\\\/logo\\\/image\\\/\"}},{\"@type\":\"Person\",\"@id\":\"https:\\\/\\\/www.meydan.tv\\\/az\\\/#\\\/schema\\\/person\\\/476e9360e593fa131d5d71d51866f8da\",\"name\":\"aleks\"}]}<\/script>\n<!-- \/ Yoast SEO plugin. -->","yoast_head_json":{"title":"Sevinc Vaqifq\u0131z\u0131 v\u0259kill\u0259ri t\u0259cridxanaya \u00e7a\u011f\u0131rd\u0131: Jurnalistl\u0259rin \u00fcz\u0259rind\u0259 x\u0259sar\u0259tl\u0259r var - MEYDAN.TV","robots":{"index":"index","follow":"follow","max-snippet":"max-snippet:-1","max-image-preview":"max-image-preview:large","max-video-preview":"max-video-preview:-1"},"canonical":"https:\/\/www.meydan.tv\/az\/article\/sevinc-vaqifqizi-vekilleri-tecridxanaya-cagirdi-jurnalistlerin-uzerinde-xesaretler-var\/","og_locale":"az_AZ","og_type":"article","og_title":"Sevinc Vaqifq\u0131z\u0131 v\u0259kill\u0259ri t\u0259cridxanaya \u00e7a\u011f\u0131rd\u0131: Jurnalistl\u0259rin \u00fcz\u0259rind\u0259 x\u0259sar\u0259tl\u0259r var - MEYDAN.TV","og_description":"Elnar\u0259 Qas\u0131movaya qar\u015f\u0131 yeni t\u0259xribat\u0131n haz\u0131rland\u0131\u011f\u0131 bildirilir Haz\u0131rda 1 sayl\u0131 ... Davam\u0131","og_url":"https:\/\/www.meydan.tv\/az\/article\/sevinc-vaqifqizi-vekilleri-tecridxanaya-cagirdi-jurnalistlerin-uzerinde-xesaretler-var\/","og_site_name":"MEYDAN.TV","article_published_time":"2024-11-17T10:18:42+00:00","article_modified_time":"2024-11-17T13:11:12+00:00","og_image":[{"width":1200,"height":674,"url":"https:\/\/www.meydan.tv\/wp-content\/uploads\/img_0616-e1700561730380.jpg","type":"image\/jpeg"}],"author":"aleks","twitter_card":"summary_large_image","schema":{"@context":"https:\/\/schema.org","@graph":[{"@type":"Article","@id":"https:\/\/www.meydan.tv\/az\/article\/sevinc-vaqifqizi-vekilleri-tecridxanaya-cagirdi-jurnalistlerin-uzerinde-xesaretler-var\/#article","isPartOf":{"@id":"https:\/\/www.meydan.tv\/az\/article\/sevinc-vaqifqizi-vekilleri-tecridxanaya-cagirdi-jurnalistlerin-uzerinde-xesaretler-var\/"},"author":{"name":"aleks","@id":"https:\/\/www.meydan.tv\/az\/#\/schema\/person\/476e9360e593fa131d5d71d51866f8da"},"headline":"Sevinc Vaqifq\u0131z\u0131 v\u0259kill\u0259ri t\u0259cridxanaya \u00e7a\u011f\u0131rd\u0131: Jurnalistl\u0259rin \u00fcz\u0259rind\u0259 x\u0259sar\u0259tl\u0259r var","datePublished":"2024-11-17T10:18:42+00:00","dateModified":"2024-11-17T13:11:12+00:00","mainEntityOfPage":{"@id":"https:\/\/www.meydan.tv\/az\/article\/sevinc-vaqifqizi-vekilleri-tecridxanaya-cagirdi-jurnalistlerin-uzerinde-xesaretler-var\/"},"wordCount":1568,"publisher":{"@id":"https:\/\/www.meydan.tv\/az\/#organization"},"image":{"@id":"https:\/\/www.meydan.tv\/az\/article\/sevinc-vaqifqizi-vekilleri-tecridxanaya-cagirdi-jurnalistlerin-uzerinde-xesaretler-var\/#primaryimage"},"thumbnailUrl":"https:\/\/www.meydan.tv\/wp-content\/uploads\/img_0616-e1700561730380.jpg","articleSection":["Siyas\u0259t","T\u00f6vsiy\u0259","X\u0259b\u0259rl\u0259r"],"inLanguage":"az"},{"@type":"WebPage","@id":"https:\/\/www.meydan.tv\/az\/article\/sevinc-vaqifqizi-vekilleri-tecridxanaya-cagirdi-jurnalistlerin-uzerinde-xesaretler-var\/","url":"https:\/\/www.meydan.tv\/az\/article\/sevinc-vaqifqizi-vekilleri-tecridxanaya-cagirdi-jurnalistlerin-uzerinde-xesaretler-var\/","name":"Sevinc Vaqifq\u0131z\u0131 v\u0259kill\u0259ri t\u0259cridxanaya \u00e7a\u011f\u0131rd\u0131: Jurnalistl\u0259rin \u00fcz\u0259rind\u0259 x\u0259sar\u0259tl\u0259r var - MEYDAN.TV","isPartOf":{"@id":"https:\/\/www.meydan.tv\/az\/#website"},"primaryImageOfPage":{"@id":"https:\/\/www.meydan.tv\/az\/article\/sevinc-vaqifqizi-vekilleri-tecridxanaya-cagirdi-jurnalistlerin-uzerinde-xesaretler-var\/#primaryimage"},"image":{"@id":"https:\/\/www.meydan.tv\/az\/article\/sevinc-vaqifqizi-vekilleri-tecridxanaya-cagirdi-jurnalistlerin-uzerinde-xesaretler-var\/#primaryimage"},"thumbnailUrl":"https:\/\/www.meydan.tv\/wp-content\/uploads\/img_0616-e1700561730380.jpg","datePublished":"2024-11-17T10:18:42+00:00","dateModified":"2024-11-17T13:11:12+00:00","breadcrumb":{"@id":"https:\/\/www.meydan.tv\/az\/article\/sevinc-vaqifqizi-vekilleri-tecridxanaya-cagirdi-jurnalistlerin-uzerinde-xesaretler-var\/#breadcrumb"},"inLanguage":"az","potentialAction":[{"@type":"ReadAction","target":["https:\/\/www.meydan.tv\/az\/article\/sevinc-vaqifqizi-vekilleri-tecridxanaya-cagirdi-jurnalistlerin-uzerinde-xesaretler-var\/"]}]},{"@type":"ImageObject","inLanguage":"az","@id":"https:\/\/www.meydan.tv\/az\/article\/sevinc-vaqifqizi-vekilleri-tecridxanaya-cagirdi-jurnalistlerin-uzerinde-xesaretler-var\/#primaryimage","url":"https:\/\/www.meydan.tv\/wp-content\/uploads\/img_0616-e1700561730380.jpg","contentUrl":"https:\/\/www.meydan.tv\/wp-content\/uploads\/img_0616-e1700561730380.jpg","width":1200,"height":674,"caption":"Sevinc Vaqifq\u0131z\u0131. Foto: Meydan TV"},{"@type":"BreadcrumbList","@id":"https:\/\/www.meydan.tv\/az\/article\/sevinc-vaqifqizi-vekilleri-tecridxanaya-cagirdi-jurnalistlerin-uzerinde-xesaretler-var\/#breadcrumb","itemListElement":[{"@type":"ListItem","position":1,"name":"Ana s\u0259hif\u0259","item":"https:\/\/www.meydan.tv\/az\/"},{"@type":"ListItem","position":2,"name":"X\u0259b\u0259rl\u0259r","item":"https:\/\/www.meydan.tv\/az\/section\/xeberler\/"},{"@type":"ListItem","position":3,"name":"Sevinc Vaqifq\u0131z\u0131 v\u0259kill\u0259ri t\u0259cridxanaya \u00e7a\u011f\u0131rd\u0131: Jurnalistl\u0259rin \u00fcz\u0259rind\u0259 x\u0259sar\u0259tl\u0259r var"}]},{"@type":"WebSite","@id":"https:\/\/www.meydan.tv\/az\/#website","url":"https:\/\/www.meydan.tv\/az\/","name":"MEYDAN.TV","description":"Meydan TV Az\u0259rbaycan\u0131n media m\u0259kan\u0131ndak\u0131 alternativ s\u0259sidir","publisher":{"@id":"https:\/\/www.meydan.tv\/az\/#organization"},"potentialAction":[{"@type":"SearchAction","target":{"@type":"EntryPoint","urlTemplate":"https:\/\/www.meydan.tv\/az\/?s={search_term_string}"},"query-input":{"@type":"PropertyValueSpecification","valueRequired":true,"valueName":"search_term_string"}}],"inLanguage":"az"},{"@type":"Organization","@id":"https:\/\/www.meydan.tv\/az\/#organization","name":"Meydan TV","url":"https:\/\/www.meydan.tv\/az\/","logo":{"@type":"ImageObject","inLanguage":"az","@id":"https:\/\/www.meydan.tv\/az\/#\/schema\/logo\/image\/","url":"https:\/\/www.meydan.tv\/wp-content\/uploads\/2021\/07\/meydan-logo.svg","contentUrl":"https:\/\/www.meydan.tv\/wp-content\/uploads\/2021\/07\/meydan-logo.svg","width":195,"height":46,"caption":"Meydan TV"},"image":{"@id":"https:\/\/www.meydan.tv\/az\/#\/schema\/logo\/image\/"}},{"@type":"Person","@id":"https:\/\/www.meydan.tv\/az\/#\/schema\/person\/476e9360e593fa131d5d71d51866f8da","name":"aleks"}]}},"_links":{"self":[{"href":"https:\/\/www.meydan.tv\/az\/wp-json\/wp\/v2\/posts\/320791","targetHints":{"allow":["GET"]}}],"collection":[{"href":"https:\/\/www.meydan.tv\/az\/wp-json\/wp\/v2\/posts"}],"about":[{"href":"https:\/\/www.meydan.tv\/az\/wp-json\/wp\/v2\/types\/post"}],"author":[{"embeddable":true,"href":"https:\/\/www.meydan.tv\/az\/wp-json\/wp\/v2\/users\/12"}],"replies":[{"embeddable":true,"href":"https:\/\/www.meydan.tv\/az\/wp-json\/wp\/v2\/comments?post=320791"}],"version-history":[{"count":3,"href":"https:\/\/www.meydan.tv\/az\/wp-json\/wp\/v2\/posts\/320791\/revisions"}],"predecessor-version":[{"id":320793,"href":"https:\/\/www.meydan.tv\/az\/wp-json\/wp\/v2\/posts\/320791\/revisions\/320793"}],"wp:featuredmedia":[{"embeddable":true,"href":"https:\/\/www.meydan.tv\/az\/wp-json\/wp\/v2\/media\/290989"}],"wp:attachment":[{"href":"https:\/\/www.meydan.tv\/az\/wp-json\/wp\/v2\/media?parent=320791"}],"wp:term":[{"taxonomy":"category","embeddable":true,"href":"https:\/\/www.meydan.tv\/az\/wp-json\/wp\/v2\/categories?post=320791"},{"taxonomy":"post_tag","embeddable":true,"href":"https:\/\/www.meydan.tv\/az\/wp-json\/wp\/v2\/tags?post=320791"}],"curies":[{"name":"wp","href":"https:\/\/api.w.org\/{rel}","templated":true}]}}