{"id":320776,"date":"2024-11-16T20:30:24","date_gmt":"2024-11-16T16:30:24","guid":{"rendered":"https:\/\/www.meydan.tv\/?p=320776"},"modified":"2024-11-18T12:12:16","modified_gmt":"2024-11-18T08:12:16","slug":"30-il-usaq-bagcasinda-yasayan-lacin-sakini-komek-isteyir","status":"publish","type":"post","link":"https:\/\/www.meydan.tv\/az\/article\/30-il-usaq-bagcasinda-yasayan-lacin-sakini-komek-isteyir\/","title":{"rendered":"30 il u\u015faq ba\u011f\u00e7as\u0131nda ya\u015fayan La\u00e7\u0131n sakini k\u00f6m\u0259k ist\u0259yir"},"content":{"rendered":"\n<figure class=\"wp-block-embed is-type-video is-provider-youtube wp-block-embed-youtube wp-embed-aspect-16-9 wp-has-aspect-ratio\"><div class=\"wp-block-embed__wrapper\">\n<iframe title=\"30 il u\u015faq ba\u011f\u00e7as\u0131nda ya\u015fayan La\u00e7\u0131n sakini k\u00f6m\u0259k ist\u0259yir\" width=\"1200\" height=\"675\" data-src=\"https:\/\/www.youtube.com\/embed\/brDWZX-Oa3s?feature=oembed\" frameborder=\"0\" allow=\"accelerometer; autoplay; clipboard-write; encrypted-media; gyroscope; picture-in-picture; web-share\" referrerpolicy=\"strict-origin-when-cross-origin\" allowfullscreen src=\"data:image\/svg+xml;base64,PHN2ZyB3aWR0aD0iMSIgaGVpZ2h0PSIxIiB4bWxucz0iaHR0cDovL3d3dy53My5vcmcvMjAwMC9zdmciPjwvc3ZnPg==\" class=\"lazyload\" data-load-mode=\"1\"><\/iframe>\n<\/div><\/figure>\n\n\n\n<!--more-->\n\n\n\n<p><em>Qap\u0131n\u0131n \u00fcz\u0259rind\u0259ki da\u015f par\u00e7alar\u0131 h\u0259r an kimins\u0259 ba\u015f\u0131na d\u00fc\u015f\u0259 bil\u0259r<\/em><\/p>\n\n\n\n<p>37 ya\u015fl\u0131 Elmin R\u0259himov La\u00e7\u0131n rayon sakinidir. O, 30 il\u0259 yax\u0131nd\u0131r ki, Bak\u0131n\u0131n L\u00f6kbatan q\u0259s\u0259b\u0259sind\u0259ki 4 sayl\u0131 u\u015faq ba\u011f\u00e7as\u0131na m\u0259skunla\u015f\u0131b. Elmin R\u0259himov&nbsp;h\u0259m buradak\u0131 \u015f\u0259raitsizlikd\u0259n, h\u0259m d\u0259 maddi v\u0259ziyy\u0259tinin pis olmas\u0131ndan \u015fikay\u0259t\u00e7idir. Ya\u015fad\u0131\u011f\u0131 otaq el\u0259 v\u0259ziyy\u0259td\u0259dir ki, qap\u0131n\u0131n \u00fcz\u0259rind\u0259ki da\u015f par\u00e7alar\u0131 h\u0259r an kimins\u0259 ba\u015f\u0131na d\u00fc\u015f\u0259 bil\u0259r. Onun s\u00f6zl\u0259rin\u0259 g\u00f6r\u0259, \u00fc\u00e7 \u00f6vlad\u0131 var v\u0259 h\u0259r biri x\u0259st\u0259likd\u0259n \u0259ziyy\u0259t \u00e7\u0259kir. Onlar\u0131n h\u0259yat\u0131 \u00fc\u00e7\u00fcn \u00e7ox narahatd\u0131r.&nbsp;<\/p>\n\n\n\n<p>\u015eikay\u0259t\u00e7i deyir k, i\u015f yerind\u0259n \u0259vv\u0259ll\u0259r ezamiyy\u0259t\u0259 g\u00f6nd\u0259rilm\u0259si onun b\u00fcdc\u0259sin\u0259 xeyli k\u00f6m\u0259k edirmi\u015f.&nbsp;<\/p>\n\n\n\n<p>Elmin R\u0259himov bildirir ki,\u00a0\u00e7al\u0131\u015fd\u0131\u011f\u0131 \u201cAz\u0259riqaz\u201d \u0130stehsalat Birliyinin 1 sayl\u0131 idar\u0259sind\u0259 i\u015f\u00e7il\u0259rin t\u0259hl\u00fck\u0259sizlik qaydalar\u0131na \u0259m\u0259l olunmur, texnikan\u0131n g\u00f6rm\u0259li oldu\u011fu i\u015fi i\u015f\u00e7il\u0259r\u0259 g\u00f6rd\u00fcr\u00fcrl\u0259r. <\/p>\n\n\n\n<p>\u201cAz\u0259riqaz\u201d \u0130stehsalat Birliyind\u0259n Meydan TV-y\u0259 bildiribl\u0259r ki, i\u015f\u00e7il\u0259r z\u0259rur\u0259t olarsa, ezamiyy\u0259t\u0259 g\u00f6nd\u0259rilir.\u00a0<\/p>\n\n\n\n<p>Dig\u0259r m\u0259s\u0259l\u0259y\u0259 g\u0259linc\u0259,&nbsp;i\u015fl\u0259ri \u0259ks\u0259r hallarda metal borular\u0131n qura\u015fd\u0131r\u0131lmas\u0131ndan ibar\u0259t oldu\u011fu \u00fc\u00e7\u00fcn m\u00fc\u0259yy\u0259n limit daxilind\u0259 a\u011f\u0131r y\u00fckl\u0259rin da\u015f\u0131nmas\u0131 qa\u00e7\u0131lmazd\u0131r. &nbsp;<\/p>\n\n\n\n<p>Qa\u00e7q\u0131n v\u0259 M\u0259cburi k\u00f6\u00e7k\u00fcnl\u0259rl\u0259 i\u015f \u00fczr\u0259 D\u00f6vl\u0259t Komit\u0259sind\u0259n is\u0259 Meydan TV-y\u0259 bildiribl\u0259r ki, ke\u00e7mi\u015f m\u0259cburi k\u00f6\u00e7k\u00fcnl\u0259r yaln\u0131z qeydiyyatda olduqlar\u0131 \u00fcnvan \u00fczr\u0259 daimi ya\u015fay\u0131\u015f sah\u0259si il\u0259 t\u0259min edilirl\u0259r. Elmin R\u0259himovun qeydiyyatda oldu\u011fu La\u00e7\u0131n\u0131n \u018fhm\u0259dli k\u0259ndi b\u0259rpa olunduqdan sonra onun oraya k\u00f6\u00e7\u00fcr\u00fclm\u0259sin\u0259 qanunvericiliy\u0259 uy\u011fun olaraq bax\u0131lacaq.<\/p>\n","protected":false},"excerpt":{"rendered":"","protected":false},"author":12,"featured_media":320777,"comment_status":"closed","ping_status":"closed","sticky":false,"template":"","format":"standard","meta":{"_acf_changed":false,"_sitemap_exclude":false,"_sitemap_priority":"","_sitemap_frequency":"","footnotes":""},"categories":[62,63],"tags":[],"class_list":["post-320776","post","type-post","status-publish","format-standard","has-post-thumbnail","hentry","category-sosial","category-video-2","infinite-scroll-item","generate-columns","tablet-grid-50","mobile-grid-100","grid-parent","grid-33","no-featured-image-padding"],"acf":[],"yoast_head":"<!-- This site is optimized with the Yoast SEO plugin v27.4 - https:\/\/yoast.com\/product\/yoast-seo-wordpress\/ -->\n<title>30 il u\u015faq ba\u011f\u00e7as\u0131nda ya\u015fayan La\u00e7\u0131n sakini k\u00f6m\u0259k ist\u0259yir - MEYDAN.TV<\/title>\n<meta name=\"robots\" content=\"index, follow, max-snippet:-1, max-image-preview:large, max-video-preview:-1\" \/>\n<link rel=\"canonical\" href=\"https:\/\/www.meydan.tv\/az\/article\/30-il-usaq-bagcasinda-yasayan-lacin-sakini-komek-isteyir\/\" \/>\n<meta property=\"og:locale\" content=\"az_AZ\" \/>\n<meta property=\"og:type\" content=\"article\" \/>\n<meta property=\"og:title\" content=\"30 il u\u015faq ba\u011f\u00e7as\u0131nda ya\u015fayan La\u00e7\u0131n sakini k\u00f6m\u0259k ist\u0259yir - MEYDAN.TV\" \/>\n<meta property=\"og:url\" content=\"https:\/\/www.meydan.tv\/az\/article\/30-il-usaq-bagcasinda-yasayan-lacin-sakini-komek-isteyir\/\" \/>\n<meta property=\"og:site_name\" content=\"MEYDAN.TV\" \/>\n<meta property=\"article:published_time\" content=\"2024-11-16T16:30:24+00:00\" \/>\n<meta property=\"article:modified_time\" content=\"2024-11-18T08:12:16+00:00\" \/>\n<meta property=\"og:image\" content=\"https:\/\/www.meydan.tv\/wp-content\/uploads\/screenshot-2024-11-16-at-16.51.51.png\" \/>\n\t<meta property=\"og:image:width\" content=\"1694\" \/>\n\t<meta property=\"og:image:height\" content=\"928\" \/>\n\t<meta property=\"og:image:type\" content=\"image\/png\" \/>\n<meta name=\"author\" content=\"aleks\" \/>\n<meta name=\"twitter:card\" content=\"summary_large_image\" \/>\n<script type=\"application\/ld+json\" class=\"yoast-schema-graph\">{\"@context\":\"https:\\\/\\\/schema.org\",\"@graph\":[{\"@type\":\"Article\",\"@id\":\"https:\\\/\\\/www.meydan.tv\\\/az\\\/article\\\/30-il-usaq-bagcasinda-yasayan-lacin-sakini-komek-isteyir\\\/#article\",\"isPartOf\":{\"@id\":\"https:\\\/\\\/www.meydan.tv\\\/az\\\/article\\\/30-il-usaq-bagcasinda-yasayan-lacin-sakini-komek-isteyir\\\/\"},\"author\":{\"name\":\"aleks\",\"@id\":\"https:\\\/\\\/www.meydan.tv\\\/az\\\/#\\\/schema\\\/person\\\/476e9360e593fa131d5d71d51866f8da\"},\"headline\":\"30 il u\u015faq ba\u011f\u00e7as\u0131nda ya\u015fayan La\u00e7\u0131n sakini k\u00f6m\u0259k ist\u0259yir\",\"datePublished\":\"2024-11-16T16:30:24+00:00\",\"dateModified\":\"2024-11-18T08:12:16+00:00\",\"mainEntityOfPage\":{\"@id\":\"https:\\\/\\\/www.meydan.tv\\\/az\\\/article\\\/30-il-usaq-bagcasinda-yasayan-lacin-sakini-komek-isteyir\\\/\"},\"wordCount\":363,\"publisher\":{\"@id\":\"https:\\\/\\\/www.meydan.tv\\\/az\\\/#organization\"},\"image\":{\"@id\":\"https:\\\/\\\/www.meydan.tv\\\/az\\\/article\\\/30-il-usaq-bagcasinda-yasayan-lacin-sakini-komek-isteyir\\\/#primaryimage\"},\"thumbnailUrl\":\"https:\\\/\\\/www.meydan.tv\\\/wp-content\\\/uploads\\\/screenshot-2024-11-16-at-16.51.51.png\",\"articleSection\":[\"Sosial\",\"Video\"],\"inLanguage\":\"az\"},{\"@type\":\"WebPage\",\"@id\":\"https:\\\/\\\/www.meydan.tv\\\/az\\\/article\\\/30-il-usaq-bagcasinda-yasayan-lacin-sakini-komek-isteyir\\\/\",\"url\":\"https:\\\/\\\/www.meydan.tv\\\/az\\\/article\\\/30-il-usaq-bagcasinda-yasayan-lacin-sakini-komek-isteyir\\\/\",\"name\":\"30 il u\u015faq ba\u011f\u00e7as\u0131nda ya\u015fayan La\u00e7\u0131n sakini k\u00f6m\u0259k ist\u0259yir - MEYDAN.TV\",\"isPartOf\":{\"@id\":\"https:\\\/\\\/www.meydan.tv\\\/az\\\/#website\"},\"primaryImageOfPage\":{\"@id\":\"https:\\\/\\\/www.meydan.tv\\\/az\\\/article\\\/30-il-usaq-bagcasinda-yasayan-lacin-sakini-komek-isteyir\\\/#primaryimage\"},\"image\":{\"@id\":\"https:\\\/\\\/www.meydan.tv\\\/az\\\/article\\\/30-il-usaq-bagcasinda-yasayan-lacin-sakini-komek-isteyir\\\/#primaryimage\"},\"thumbnailUrl\":\"https:\\\/\\\/www.meydan.tv\\\/wp-content\\\/uploads\\\/screenshot-2024-11-16-at-16.51.51.png\",\"datePublished\":\"2024-11-16T16:30:24+00:00\",\"dateModified\":\"2024-11-18T08:12:16+00:00\",\"breadcrumb\":{\"@id\":\"https:\\\/\\\/www.meydan.tv\\\/az\\\/article\\\/30-il-usaq-bagcasinda-yasayan-lacin-sakini-komek-isteyir\\\/#breadcrumb\"},\"inLanguage\":\"az\",\"potentialAction\":[{\"@type\":\"ReadAction\",\"target\":[\"https:\\\/\\\/www.meydan.tv\\\/az\\\/article\\\/30-il-usaq-bagcasinda-yasayan-lacin-sakini-komek-isteyir\\\/\"]}]},{\"@type\":\"ImageObject\",\"inLanguage\":\"az\",\"@id\":\"https:\\\/\\\/www.meydan.tv\\\/az\\\/article\\\/30-il-usaq-bagcasinda-yasayan-lacin-sakini-komek-isteyir\\\/#primaryimage\",\"url\":\"https:\\\/\\\/www.meydan.tv\\\/wp-content\\\/uploads\\\/screenshot-2024-11-16-at-16.51.51.png\",\"contentUrl\":\"https:\\\/\\\/www.meydan.tv\\\/wp-content\\\/uploads\\\/screenshot-2024-11-16-at-16.51.51.png\",\"width\":1694,\"height\":928},{\"@type\":\"BreadcrumbList\",\"@id\":\"https:\\\/\\\/www.meydan.tv\\\/az\\\/article\\\/30-il-usaq-bagcasinda-yasayan-lacin-sakini-komek-isteyir\\\/#breadcrumb\",\"itemListElement\":[{\"@type\":\"ListItem\",\"position\":1,\"name\":\"Ana s\u0259hif\u0259\",\"item\":\"https:\\\/\\\/www.meydan.tv\\\/az\\\/\"},{\"@type\":\"ListItem\",\"position\":2,\"name\":\"Video\",\"item\":\"https:\\\/\\\/www.meydan.tv\\\/az\\\/section\\\/video-2\\\/\"},{\"@type\":\"ListItem\",\"position\":3,\"name\":\"30 il u\u015faq ba\u011f\u00e7as\u0131nda ya\u015fayan La\u00e7\u0131n sakini k\u00f6m\u0259k ist\u0259yir\"}]},{\"@type\":\"WebSite\",\"@id\":\"https:\\\/\\\/www.meydan.tv\\\/az\\\/#website\",\"url\":\"https:\\\/\\\/www.meydan.tv\\\/az\\\/\",\"name\":\"MEYDAN.TV\",\"description\":\"Meydan TV Az\u0259rbaycan\u0131n media m\u0259kan\u0131ndak\u0131 alternativ s\u0259sidir\",\"publisher\":{\"@id\":\"https:\\\/\\\/www.meydan.tv\\\/az\\\/#organization\"},\"potentialAction\":[{\"@type\":\"SearchAction\",\"target\":{\"@type\":\"EntryPoint\",\"urlTemplate\":\"https:\\\/\\\/www.meydan.tv\\\/az\\\/?s={search_term_string}\"},\"query-input\":{\"@type\":\"PropertyValueSpecification\",\"valueRequired\":true,\"valueName\":\"search_term_string\"}}],\"inLanguage\":\"az\"},{\"@type\":\"Organization\",\"@id\":\"https:\\\/\\\/www.meydan.tv\\\/az\\\/#organization\",\"name\":\"Meydan TV\",\"url\":\"https:\\\/\\\/www.meydan.tv\\\/az\\\/\",\"logo\":{\"@type\":\"ImageObject\",\"inLanguage\":\"az\",\"@id\":\"https:\\\/\\\/www.meydan.tv\\\/az\\\/#\\\/schema\\\/logo\\\/image\\\/\",\"url\":\"https:\\\/\\\/www.meydan.tv\\\/wp-content\\\/uploads\\\/2021\\\/07\\\/meydan-logo.svg\",\"contentUrl\":\"https:\\\/\\\/www.meydan.tv\\\/wp-content\\\/uploads\\\/2021\\\/07\\\/meydan-logo.svg\",\"width\":195,\"height\":46,\"caption\":\"Meydan TV\"},\"image\":{\"@id\":\"https:\\\/\\\/www.meydan.tv\\\/az\\\/#\\\/schema\\\/logo\\\/image\\\/\"}},{\"@type\":\"Person\",\"@id\":\"https:\\\/\\\/www.meydan.tv\\\/az\\\/#\\\/schema\\\/person\\\/476e9360e593fa131d5d71d51866f8da\",\"name\":\"aleks\"}]}<\/script>\n<!-- \/ Yoast SEO plugin. -->","yoast_head_json":{"title":"30 il u\u015faq ba\u011f\u00e7as\u0131nda ya\u015fayan La\u00e7\u0131n sakini k\u00f6m\u0259k ist\u0259yir - MEYDAN.TV","robots":{"index":"index","follow":"follow","max-snippet":"max-snippet:-1","max-image-preview":"max-image-preview:large","max-video-preview":"max-video-preview:-1"},"canonical":"https:\/\/www.meydan.tv\/az\/article\/30-il-usaq-bagcasinda-yasayan-lacin-sakini-komek-isteyir\/","og_locale":"az_AZ","og_type":"article","og_title":"30 il u\u015faq ba\u011f\u00e7as\u0131nda ya\u015fayan La\u00e7\u0131n sakini k\u00f6m\u0259k ist\u0259yir - MEYDAN.TV","og_url":"https:\/\/www.meydan.tv\/az\/article\/30-il-usaq-bagcasinda-yasayan-lacin-sakini-komek-isteyir\/","og_site_name":"MEYDAN.TV","article_published_time":"2024-11-16T16:30:24+00:00","article_modified_time":"2024-11-18T08:12:16+00:00","og_image":[{"width":1694,"height":928,"url":"https:\/\/www.meydan.tv\/wp-content\/uploads\/screenshot-2024-11-16-at-16.51.51.png","type":"image\/png"}],"author":"aleks","twitter_card":"summary_large_image","schema":{"@context":"https:\/\/schema.org","@graph":[{"@type":"Article","@id":"https:\/\/www.meydan.tv\/az\/article\/30-il-usaq-bagcasinda-yasayan-lacin-sakini-komek-isteyir\/#article","isPartOf":{"@id":"https:\/\/www.meydan.tv\/az\/article\/30-il-usaq-bagcasinda-yasayan-lacin-sakini-komek-isteyir\/"},"author":{"name":"aleks","@id":"https:\/\/www.meydan.tv\/az\/#\/schema\/person\/476e9360e593fa131d5d71d51866f8da"},"headline":"30 il u\u015faq ba\u011f\u00e7as\u0131nda ya\u015fayan La\u00e7\u0131n sakini k\u00f6m\u0259k ist\u0259yir","datePublished":"2024-11-16T16:30:24+00:00","dateModified":"2024-11-18T08:12:16+00:00","mainEntityOfPage":{"@id":"https:\/\/www.meydan.tv\/az\/article\/30-il-usaq-bagcasinda-yasayan-lacin-sakini-komek-isteyir\/"},"wordCount":363,"publisher":{"@id":"https:\/\/www.meydan.tv\/az\/#organization"},"image":{"@id":"https:\/\/www.meydan.tv\/az\/article\/30-il-usaq-bagcasinda-yasayan-lacin-sakini-komek-isteyir\/#primaryimage"},"thumbnailUrl":"https:\/\/www.meydan.tv\/wp-content\/uploads\/screenshot-2024-11-16-at-16.51.51.png","articleSection":["Sosial","Video"],"inLanguage":"az"},{"@type":"WebPage","@id":"https:\/\/www.meydan.tv\/az\/article\/30-il-usaq-bagcasinda-yasayan-lacin-sakini-komek-isteyir\/","url":"https:\/\/www.meydan.tv\/az\/article\/30-il-usaq-bagcasinda-yasayan-lacin-sakini-komek-isteyir\/","name":"30 il u\u015faq ba\u011f\u00e7as\u0131nda ya\u015fayan La\u00e7\u0131n sakini k\u00f6m\u0259k ist\u0259yir - MEYDAN.TV","isPartOf":{"@id":"https:\/\/www.meydan.tv\/az\/#website"},"primaryImageOfPage":{"@id":"https:\/\/www.meydan.tv\/az\/article\/30-il-usaq-bagcasinda-yasayan-lacin-sakini-komek-isteyir\/#primaryimage"},"image":{"@id":"https:\/\/www.meydan.tv\/az\/article\/30-il-usaq-bagcasinda-yasayan-lacin-sakini-komek-isteyir\/#primaryimage"},"thumbnailUrl":"https:\/\/www.meydan.tv\/wp-content\/uploads\/screenshot-2024-11-16-at-16.51.51.png","datePublished":"2024-11-16T16:30:24+00:00","dateModified":"2024-11-18T08:12:16+00:00","breadcrumb":{"@id":"https:\/\/www.meydan.tv\/az\/article\/30-il-usaq-bagcasinda-yasayan-lacin-sakini-komek-isteyir\/#breadcrumb"},"inLanguage":"az","potentialAction":[{"@type":"ReadAction","target":["https:\/\/www.meydan.tv\/az\/article\/30-il-usaq-bagcasinda-yasayan-lacin-sakini-komek-isteyir\/"]}]},{"@type":"ImageObject","inLanguage":"az","@id":"https:\/\/www.meydan.tv\/az\/article\/30-il-usaq-bagcasinda-yasayan-lacin-sakini-komek-isteyir\/#primaryimage","url":"https:\/\/www.meydan.tv\/wp-content\/uploads\/screenshot-2024-11-16-at-16.51.51.png","contentUrl":"https:\/\/www.meydan.tv\/wp-content\/uploads\/screenshot-2024-11-16-at-16.51.51.png","width":1694,"height":928},{"@type":"BreadcrumbList","@id":"https:\/\/www.meydan.tv\/az\/article\/30-il-usaq-bagcasinda-yasayan-lacin-sakini-komek-isteyir\/#breadcrumb","itemListElement":[{"@type":"ListItem","position":1,"name":"Ana s\u0259hif\u0259","item":"https:\/\/www.meydan.tv\/az\/"},{"@type":"ListItem","position":2,"name":"Video","item":"https:\/\/www.meydan.tv\/az\/section\/video-2\/"},{"@type":"ListItem","position":3,"name":"30 il u\u015faq ba\u011f\u00e7as\u0131nda ya\u015fayan La\u00e7\u0131n sakini k\u00f6m\u0259k ist\u0259yir"}]},{"@type":"WebSite","@id":"https:\/\/www.meydan.tv\/az\/#website","url":"https:\/\/www.meydan.tv\/az\/","name":"MEYDAN.TV","description":"Meydan TV Az\u0259rbaycan\u0131n media m\u0259kan\u0131ndak\u0131 alternativ s\u0259sidir","publisher":{"@id":"https:\/\/www.meydan.tv\/az\/#organization"},"potentialAction":[{"@type":"SearchAction","target":{"@type":"EntryPoint","urlTemplate":"https:\/\/www.meydan.tv\/az\/?s={search_term_string}"},"query-input":{"@type":"PropertyValueSpecification","valueRequired":true,"valueName":"search_term_string"}}],"inLanguage":"az"},{"@type":"Organization","@id":"https:\/\/www.meydan.tv\/az\/#organization","name":"Meydan TV","url":"https:\/\/www.meydan.tv\/az\/","logo":{"@type":"ImageObject","inLanguage":"az","@id":"https:\/\/www.meydan.tv\/az\/#\/schema\/logo\/image\/","url":"https:\/\/www.meydan.tv\/wp-content\/uploads\/2021\/07\/meydan-logo.svg","contentUrl":"https:\/\/www.meydan.tv\/wp-content\/uploads\/2021\/07\/meydan-logo.svg","width":195,"height":46,"caption":"Meydan TV"},"image":{"@id":"https:\/\/www.meydan.tv\/az\/#\/schema\/logo\/image\/"}},{"@type":"Person","@id":"https:\/\/www.meydan.tv\/az\/#\/schema\/person\/476e9360e593fa131d5d71d51866f8da","name":"aleks"}]}},"_links":{"self":[{"href":"https:\/\/www.meydan.tv\/az\/wp-json\/wp\/v2\/posts\/320776","targetHints":{"allow":["GET"]}}],"collection":[{"href":"https:\/\/www.meydan.tv\/az\/wp-json\/wp\/v2\/posts"}],"about":[{"href":"https:\/\/www.meydan.tv\/az\/wp-json\/wp\/v2\/types\/post"}],"author":[{"embeddable":true,"href":"https:\/\/www.meydan.tv\/az\/wp-json\/wp\/v2\/users\/12"}],"replies":[{"embeddable":true,"href":"https:\/\/www.meydan.tv\/az\/wp-json\/wp\/v2\/comments?post=320776"}],"version-history":[{"count":3,"href":"https:\/\/www.meydan.tv\/az\/wp-json\/wp\/v2\/posts\/320776\/revisions"}],"predecessor-version":[{"id":320814,"href":"https:\/\/www.meydan.tv\/az\/wp-json\/wp\/v2\/posts\/320776\/revisions\/320814"}],"wp:featuredmedia":[{"embeddable":true,"href":"https:\/\/www.meydan.tv\/az\/wp-json\/wp\/v2\/media\/320777"}],"wp:attachment":[{"href":"https:\/\/www.meydan.tv\/az\/wp-json\/wp\/v2\/media?parent=320776"}],"wp:term":[{"taxonomy":"category","embeddable":true,"href":"https:\/\/www.meydan.tv\/az\/wp-json\/wp\/v2\/categories?post=320776"},{"taxonomy":"post_tag","embeddable":true,"href":"https:\/\/www.meydan.tv\/az\/wp-json\/wp\/v2\/tags?post=320776"}],"curies":[{"name":"wp","href":"https:\/\/api.w.org\/{rel}","templated":true}]}}