{"id":320759,"date":"2024-11-16T15:00:49","date_gmt":"2024-11-16T11:00:49","guid":{"rendered":"https:\/\/www.meydan.tv\/?p=320759"},"modified":"2024-11-16T15:00:51","modified_gmt":"2024-11-16T11:00:51","slug":"terterde-polisin-ozunu-vurdugu-deyilir","status":"publish","type":"post","link":"https:\/\/www.meydan.tv\/az\/article\/terterde-polisin-ozunu-vurdugu-deyilir\/","title":{"rendered":"T\u0259rt\u0259rd\u0259 polisin \u00f6z\u00fcn\u00fc vurdu\u011fu deyilir"},"content":{"rendered":"\n<p><\/p>\n\n\n\n<p><strong><em>Bildirilir ki, g\u00f6st\u0259ril\u0259n tibbi m\u00fcdaxil\u0259l\u0259r\u0259 baxmayaraq o, h\u0259yat\u0131n\u0131 itirib<\/em><\/strong><\/p>\n\n\n\n<p>T\u0259rt\u0259rd\u0259 polisin xidm\u0259ti silah\u0131 il\u0259 ehtiyats\u0131z davranmas\u0131 n\u0259tic\u0259sind\u0259 x\u0259sar\u0259t ald\u0131\u011f\u0131 bildirilir.<\/p>\n\n\n\n<p>Bu bar\u0259d\u0259 Meydan TV-y\u0259 Daxili \u0130\u015fl\u0259r Nazirliyinin (D\u0130N) M\u0259tbuat xidm\u0259tinin regional qrupundan m\u0259lumat verilib.<\/p>\n\n\n\n<p>Bildirilib ki, polis serjant\u0131 V\u00fcsal M\u0259mm\u0259dov g\u00f6st\u0259ril\u0259n tibbi m\u00fcdaxil\u0259l\u0259r\u0259 baxmayaraq h\u0259yat\u0131n\u0131 itirib.<\/p>\n\n\n\n<p>Faktla ba\u011fl\u0131 ara\u015fd\u0131rma apar\u0131l\u0131r.<\/p>\n\n\n\n<p><\/p>\n","protected":false},"excerpt":{"rendered":"<p>Bildirilir ki, g\u00f6st\u0259ril\u0259n tibbi m\u00fcdaxil\u0259l\u0259r\u0259 baxmayaraq o, h\u0259yat\u0131n\u0131 itirib T\u0259rt\u0259rd\u0259 &#8230; <\/p>\n<p class=\"read-more-container\"><a title=\"T\u0259rt\u0259rd\u0259 polisin \u00f6z\u00fcn\u00fc vurdu\u011fu deyilir\" class=\"read-more button\" href=\"https:\/\/www.meydan.tv\/az\/article\/terterde-polisin-ozunu-vurdugu-deyilir\/#more-320759\" aria-label=\"Read more about T\u0259rt\u0259rd\u0259 polisin \u00f6z\u00fcn\u00fc vurdu\u011fu deyilir\">Davam\u0131<\/a><\/p>\n","protected":false},"author":21,"featured_media":247152,"comment_status":"closed","ping_status":"closed","sticky":false,"template":"","format":"standard","meta":{"_acf_changed":false,"_sitemap_exclude":false,"_sitemap_priority":"","_sitemap_frequency":"","footnotes":""},"categories":[62,56],"tags":[],"class_list":["post-320759","post","type-post","status-publish","format-standard","has-post-thumbnail","hentry","category-sosial","category-xeberler","infinite-scroll-item","generate-columns","tablet-grid-50","mobile-grid-100","grid-parent","grid-33","no-featured-image-padding"],"acf":[],"yoast_head":"<!-- This site is optimized with the Yoast SEO plugin v27.4 - https:\/\/yoast.com\/product\/yoast-seo-wordpress\/ -->\n<title>T\u0259rt\u0259rd\u0259 polisin \u00f6z\u00fcn\u00fc vurdu\u011fu deyilir - MEYDAN.TV<\/title>\n<meta name=\"description\" content=\"G\u00f6st\u0259ril\u0259n tibbi m\u00fcdaxil\u0259l\u0259r\u0259 baxmayaraq o, h\u0259yat\u0131n\u0131 itirib.\" \/>\n<meta name=\"robots\" content=\"index, follow, max-snippet:-1, max-image-preview:large, max-video-preview:-1\" \/>\n<link rel=\"canonical\" href=\"https:\/\/www.meydan.tv\/az\/article\/terterde-polisin-ozunu-vurdugu-deyilir\/\" \/>\n<meta property=\"og:locale\" content=\"az_AZ\" \/>\n<meta property=\"og:type\" content=\"article\" \/>\n<meta property=\"og:title\" content=\"T\u0259rt\u0259rd\u0259 polisin \u00f6z\u00fcn\u00fc vurdu\u011fu deyilir - MEYDAN.TV\" \/>\n<meta property=\"og:description\" content=\"G\u00f6st\u0259ril\u0259n tibbi m\u00fcdaxil\u0259l\u0259r\u0259 baxmayaraq o, h\u0259yat\u0131n\u0131 itirib.\" \/>\n<meta property=\"og:url\" content=\"https:\/\/www.meydan.tv\/az\/article\/terterde-polisin-ozunu-vurdugu-deyilir\/\" \/>\n<meta property=\"og:site_name\" content=\"MEYDAN.TV\" \/>\n<meta property=\"article:published_time\" content=\"2024-11-16T11:00:49+00:00\" \/>\n<meta property=\"article:modified_time\" content=\"2024-11-16T11:00:51+00:00\" \/>\n<meta property=\"og:image\" content=\"https:\/\/www.meydan.tv\/wp-content\/uploads\/polis-3.jpg\" \/>\n\t<meta property=\"og:image:width\" content=\"1350\" \/>\n\t<meta property=\"og:image:height\" content=\"900\" \/>\n\t<meta property=\"og:image:type\" content=\"image\/jpeg\" \/>\n<meta name=\"author\" content=\"mahmud\" \/>\n<meta name=\"twitter:card\" content=\"summary_large_image\" \/>\n<script type=\"application\/ld+json\" class=\"yoast-schema-graph\">{\"@context\":\"https:\\\/\\\/schema.org\",\"@graph\":[{\"@type\":\"Article\",\"@id\":\"https:\\\/\\\/www.meydan.tv\\\/az\\\/article\\\/terterde-polisin-ozunu-vurdugu-deyilir\\\/#article\",\"isPartOf\":{\"@id\":\"https:\\\/\\\/www.meydan.tv\\\/az\\\/article\\\/terterde-polisin-ozunu-vurdugu-deyilir\\\/\"},\"author\":{\"name\":\"mahmud\",\"@id\":\"https:\\\/\\\/www.meydan.tv\\\/az\\\/#\\\/schema\\\/person\\\/09863e516102a829e72bedcf3f84c6b0\"},\"headline\":\"T\u0259rt\u0259rd\u0259 polisin \u00f6z\u00fcn\u00fc vurdu\u011fu deyilir\",\"datePublished\":\"2024-11-16T11:00:49+00:00\",\"dateModified\":\"2024-11-16T11:00:51+00:00\",\"mainEntityOfPage\":{\"@id\":\"https:\\\/\\\/www.meydan.tv\\\/az\\\/article\\\/terterde-polisin-ozunu-vurdugu-deyilir\\\/\"},\"wordCount\":97,\"publisher\":{\"@id\":\"https:\\\/\\\/www.meydan.tv\\\/az\\\/#organization\"},\"image\":{\"@id\":\"https:\\\/\\\/www.meydan.tv\\\/az\\\/article\\\/terterde-polisin-ozunu-vurdugu-deyilir\\\/#primaryimage\"},\"thumbnailUrl\":\"https:\\\/\\\/www.meydan.tv\\\/wp-content\\\/uploads\\\/polis-3.jpg\",\"articleSection\":[\"Sosial\",\"X\u0259b\u0259rl\u0259r\"],\"inLanguage\":\"az\"},{\"@type\":\"WebPage\",\"@id\":\"https:\\\/\\\/www.meydan.tv\\\/az\\\/article\\\/terterde-polisin-ozunu-vurdugu-deyilir\\\/\",\"url\":\"https:\\\/\\\/www.meydan.tv\\\/az\\\/article\\\/terterde-polisin-ozunu-vurdugu-deyilir\\\/\",\"name\":\"T\u0259rt\u0259rd\u0259 polisin \u00f6z\u00fcn\u00fc vurdu\u011fu deyilir - MEYDAN.TV\",\"isPartOf\":{\"@id\":\"https:\\\/\\\/www.meydan.tv\\\/az\\\/#website\"},\"primaryImageOfPage\":{\"@id\":\"https:\\\/\\\/www.meydan.tv\\\/az\\\/article\\\/terterde-polisin-ozunu-vurdugu-deyilir\\\/#primaryimage\"},\"image\":{\"@id\":\"https:\\\/\\\/www.meydan.tv\\\/az\\\/article\\\/terterde-polisin-ozunu-vurdugu-deyilir\\\/#primaryimage\"},\"thumbnailUrl\":\"https:\\\/\\\/www.meydan.tv\\\/wp-content\\\/uploads\\\/polis-3.jpg\",\"datePublished\":\"2024-11-16T11:00:49+00:00\",\"dateModified\":\"2024-11-16T11:00:51+00:00\",\"description\":\"G\u00f6st\u0259ril\u0259n tibbi m\u00fcdaxil\u0259l\u0259r\u0259 baxmayaraq o, h\u0259yat\u0131n\u0131 itirib.\",\"breadcrumb\":{\"@id\":\"https:\\\/\\\/www.meydan.tv\\\/az\\\/article\\\/terterde-polisin-ozunu-vurdugu-deyilir\\\/#breadcrumb\"},\"inLanguage\":\"az\",\"potentialAction\":[{\"@type\":\"ReadAction\",\"target\":[\"https:\\\/\\\/www.meydan.tv\\\/az\\\/article\\\/terterde-polisin-ozunu-vurdugu-deyilir\\\/\"]}]},{\"@type\":\"ImageObject\",\"inLanguage\":\"az\",\"@id\":\"https:\\\/\\\/www.meydan.tv\\\/az\\\/article\\\/terterde-polisin-ozunu-vurdugu-deyilir\\\/#primaryimage\",\"url\":\"https:\\\/\\\/www.meydan.tv\\\/wp-content\\\/uploads\\\/polis-3.jpg\",\"contentUrl\":\"https:\\\/\\\/www.meydan.tv\\\/wp-content\\\/uploads\\\/polis-3.jpg\",\"width\":1350,\"height\":900,\"caption\":\"Foto: D\u0130N\"},{\"@type\":\"BreadcrumbList\",\"@id\":\"https:\\\/\\\/www.meydan.tv\\\/az\\\/article\\\/terterde-polisin-ozunu-vurdugu-deyilir\\\/#breadcrumb\",\"itemListElement\":[{\"@type\":\"ListItem\",\"position\":1,\"name\":\"Ana s\u0259hif\u0259\",\"item\":\"https:\\\/\\\/www.meydan.tv\\\/az\\\/\"},{\"@type\":\"ListItem\",\"position\":2,\"name\":\"Sosial\",\"item\":\"https:\\\/\\\/www.meydan.tv\\\/az\\\/section\\\/sosial\\\/\"},{\"@type\":\"ListItem\",\"position\":3,\"name\":\"T\u0259rt\u0259rd\u0259 polisin \u00f6z\u00fcn\u00fc vurdu\u011fu deyilir\"}]},{\"@type\":\"WebSite\",\"@id\":\"https:\\\/\\\/www.meydan.tv\\\/az\\\/#website\",\"url\":\"https:\\\/\\\/www.meydan.tv\\\/az\\\/\",\"name\":\"MEYDAN.TV\",\"description\":\"Meydan TV Az\u0259rbaycan\u0131n media m\u0259kan\u0131ndak\u0131 alternativ s\u0259sidir\",\"publisher\":{\"@id\":\"https:\\\/\\\/www.meydan.tv\\\/az\\\/#organization\"},\"potentialAction\":[{\"@type\":\"SearchAction\",\"target\":{\"@type\":\"EntryPoint\",\"urlTemplate\":\"https:\\\/\\\/www.meydan.tv\\\/az\\\/?s={search_term_string}\"},\"query-input\":{\"@type\":\"PropertyValueSpecification\",\"valueRequired\":true,\"valueName\":\"search_term_string\"}}],\"inLanguage\":\"az\"},{\"@type\":\"Organization\",\"@id\":\"https:\\\/\\\/www.meydan.tv\\\/az\\\/#organization\",\"name\":\"Meydan TV\",\"url\":\"https:\\\/\\\/www.meydan.tv\\\/az\\\/\",\"logo\":{\"@type\":\"ImageObject\",\"inLanguage\":\"az\",\"@id\":\"https:\\\/\\\/www.meydan.tv\\\/az\\\/#\\\/schema\\\/logo\\\/image\\\/\",\"url\":\"https:\\\/\\\/www.meydan.tv\\\/wp-content\\\/uploads\\\/2021\\\/07\\\/meydan-logo.svg\",\"contentUrl\":\"https:\\\/\\\/www.meydan.tv\\\/wp-content\\\/uploads\\\/2021\\\/07\\\/meydan-logo.svg\",\"width\":195,\"height\":46,\"caption\":\"Meydan TV\"},\"image\":{\"@id\":\"https:\\\/\\\/www.meydan.tv\\\/az\\\/#\\\/schema\\\/logo\\\/image\\\/\"}},{\"@type\":\"Person\",\"@id\":\"https:\\\/\\\/www.meydan.tv\\\/az\\\/#\\\/schema\\\/person\\\/09863e516102a829e72bedcf3f84c6b0\",\"name\":\"mahmud\"}]}<\/script>\n<!-- \/ Yoast SEO plugin. -->","yoast_head_json":{"title":"T\u0259rt\u0259rd\u0259 polisin \u00f6z\u00fcn\u00fc vurdu\u011fu deyilir - MEYDAN.TV","description":"G\u00f6st\u0259ril\u0259n tibbi m\u00fcdaxil\u0259l\u0259r\u0259 baxmayaraq o, h\u0259yat\u0131n\u0131 itirib.","robots":{"index":"index","follow":"follow","max-snippet":"max-snippet:-1","max-image-preview":"max-image-preview:large","max-video-preview":"max-video-preview:-1"},"canonical":"https:\/\/www.meydan.tv\/az\/article\/terterde-polisin-ozunu-vurdugu-deyilir\/","og_locale":"az_AZ","og_type":"article","og_title":"T\u0259rt\u0259rd\u0259 polisin \u00f6z\u00fcn\u00fc vurdu\u011fu deyilir - MEYDAN.TV","og_description":"G\u00f6st\u0259ril\u0259n tibbi m\u00fcdaxil\u0259l\u0259r\u0259 baxmayaraq o, h\u0259yat\u0131n\u0131 itirib.","og_url":"https:\/\/www.meydan.tv\/az\/article\/terterde-polisin-ozunu-vurdugu-deyilir\/","og_site_name":"MEYDAN.TV","article_published_time":"2024-11-16T11:00:49+00:00","article_modified_time":"2024-11-16T11:00:51+00:00","og_image":[{"width":1350,"height":900,"url":"https:\/\/www.meydan.tv\/wp-content\/uploads\/polis-3.jpg","type":"image\/jpeg"}],"author":"mahmud","twitter_card":"summary_large_image","schema":{"@context":"https:\/\/schema.org","@graph":[{"@type":"Article","@id":"https:\/\/www.meydan.tv\/az\/article\/terterde-polisin-ozunu-vurdugu-deyilir\/#article","isPartOf":{"@id":"https:\/\/www.meydan.tv\/az\/article\/terterde-polisin-ozunu-vurdugu-deyilir\/"},"author":{"name":"mahmud","@id":"https:\/\/www.meydan.tv\/az\/#\/schema\/person\/09863e516102a829e72bedcf3f84c6b0"},"headline":"T\u0259rt\u0259rd\u0259 polisin \u00f6z\u00fcn\u00fc vurdu\u011fu deyilir","datePublished":"2024-11-16T11:00:49+00:00","dateModified":"2024-11-16T11:00:51+00:00","mainEntityOfPage":{"@id":"https:\/\/www.meydan.tv\/az\/article\/terterde-polisin-ozunu-vurdugu-deyilir\/"},"wordCount":97,"publisher":{"@id":"https:\/\/www.meydan.tv\/az\/#organization"},"image":{"@id":"https:\/\/www.meydan.tv\/az\/article\/terterde-polisin-ozunu-vurdugu-deyilir\/#primaryimage"},"thumbnailUrl":"https:\/\/www.meydan.tv\/wp-content\/uploads\/polis-3.jpg","articleSection":["Sosial","X\u0259b\u0259rl\u0259r"],"inLanguage":"az"},{"@type":"WebPage","@id":"https:\/\/www.meydan.tv\/az\/article\/terterde-polisin-ozunu-vurdugu-deyilir\/","url":"https:\/\/www.meydan.tv\/az\/article\/terterde-polisin-ozunu-vurdugu-deyilir\/","name":"T\u0259rt\u0259rd\u0259 polisin \u00f6z\u00fcn\u00fc vurdu\u011fu deyilir - MEYDAN.TV","isPartOf":{"@id":"https:\/\/www.meydan.tv\/az\/#website"},"primaryImageOfPage":{"@id":"https:\/\/www.meydan.tv\/az\/article\/terterde-polisin-ozunu-vurdugu-deyilir\/#primaryimage"},"image":{"@id":"https:\/\/www.meydan.tv\/az\/article\/terterde-polisin-ozunu-vurdugu-deyilir\/#primaryimage"},"thumbnailUrl":"https:\/\/www.meydan.tv\/wp-content\/uploads\/polis-3.jpg","datePublished":"2024-11-16T11:00:49+00:00","dateModified":"2024-11-16T11:00:51+00:00","description":"G\u00f6st\u0259ril\u0259n tibbi m\u00fcdaxil\u0259l\u0259r\u0259 baxmayaraq o, h\u0259yat\u0131n\u0131 itirib.","breadcrumb":{"@id":"https:\/\/www.meydan.tv\/az\/article\/terterde-polisin-ozunu-vurdugu-deyilir\/#breadcrumb"},"inLanguage":"az","potentialAction":[{"@type":"ReadAction","target":["https:\/\/www.meydan.tv\/az\/article\/terterde-polisin-ozunu-vurdugu-deyilir\/"]}]},{"@type":"ImageObject","inLanguage":"az","@id":"https:\/\/www.meydan.tv\/az\/article\/terterde-polisin-ozunu-vurdugu-deyilir\/#primaryimage","url":"https:\/\/www.meydan.tv\/wp-content\/uploads\/polis-3.jpg","contentUrl":"https:\/\/www.meydan.tv\/wp-content\/uploads\/polis-3.jpg","width":1350,"height":900,"caption":"Foto: D\u0130N"},{"@type":"BreadcrumbList","@id":"https:\/\/www.meydan.tv\/az\/article\/terterde-polisin-ozunu-vurdugu-deyilir\/#breadcrumb","itemListElement":[{"@type":"ListItem","position":1,"name":"Ana s\u0259hif\u0259","item":"https:\/\/www.meydan.tv\/az\/"},{"@type":"ListItem","position":2,"name":"Sosial","item":"https:\/\/www.meydan.tv\/az\/section\/sosial\/"},{"@type":"ListItem","position":3,"name":"T\u0259rt\u0259rd\u0259 polisin \u00f6z\u00fcn\u00fc vurdu\u011fu deyilir"}]},{"@type":"WebSite","@id":"https:\/\/www.meydan.tv\/az\/#website","url":"https:\/\/www.meydan.tv\/az\/","name":"MEYDAN.TV","description":"Meydan TV Az\u0259rbaycan\u0131n media m\u0259kan\u0131ndak\u0131 alternativ s\u0259sidir","publisher":{"@id":"https:\/\/www.meydan.tv\/az\/#organization"},"potentialAction":[{"@type":"SearchAction","target":{"@type":"EntryPoint","urlTemplate":"https:\/\/www.meydan.tv\/az\/?s={search_term_string}"},"query-input":{"@type":"PropertyValueSpecification","valueRequired":true,"valueName":"search_term_string"}}],"inLanguage":"az"},{"@type":"Organization","@id":"https:\/\/www.meydan.tv\/az\/#organization","name":"Meydan TV","url":"https:\/\/www.meydan.tv\/az\/","logo":{"@type":"ImageObject","inLanguage":"az","@id":"https:\/\/www.meydan.tv\/az\/#\/schema\/logo\/image\/","url":"https:\/\/www.meydan.tv\/wp-content\/uploads\/2021\/07\/meydan-logo.svg","contentUrl":"https:\/\/www.meydan.tv\/wp-content\/uploads\/2021\/07\/meydan-logo.svg","width":195,"height":46,"caption":"Meydan TV"},"image":{"@id":"https:\/\/www.meydan.tv\/az\/#\/schema\/logo\/image\/"}},{"@type":"Person","@id":"https:\/\/www.meydan.tv\/az\/#\/schema\/person\/09863e516102a829e72bedcf3f84c6b0","name":"mahmud"}]}},"_links":{"self":[{"href":"https:\/\/www.meydan.tv\/az\/wp-json\/wp\/v2\/posts\/320759","targetHints":{"allow":["GET"]}}],"collection":[{"href":"https:\/\/www.meydan.tv\/az\/wp-json\/wp\/v2\/posts"}],"about":[{"href":"https:\/\/www.meydan.tv\/az\/wp-json\/wp\/v2\/types\/post"}],"author":[{"embeddable":true,"href":"https:\/\/www.meydan.tv\/az\/wp-json\/wp\/v2\/users\/21"}],"replies":[{"embeddable":true,"href":"https:\/\/www.meydan.tv\/az\/wp-json\/wp\/v2\/comments?post=320759"}],"version-history":[{"count":2,"href":"https:\/\/www.meydan.tv\/az\/wp-json\/wp\/v2\/posts\/320759\/revisions"}],"predecessor-version":[{"id":320762,"href":"https:\/\/www.meydan.tv\/az\/wp-json\/wp\/v2\/posts\/320759\/revisions\/320762"}],"wp:featuredmedia":[{"embeddable":true,"href":"https:\/\/www.meydan.tv\/az\/wp-json\/wp\/v2\/media\/247152"}],"wp:attachment":[{"href":"https:\/\/www.meydan.tv\/az\/wp-json\/wp\/v2\/media?parent=320759"}],"wp:term":[{"taxonomy":"category","embeddable":true,"href":"https:\/\/www.meydan.tv\/az\/wp-json\/wp\/v2\/categories?post=320759"},{"taxonomy":"post_tag","embeddable":true,"href":"https:\/\/www.meydan.tv\/az\/wp-json\/wp\/v2\/tags?post=320759"}],"curies":[{"name":"wp","href":"https:\/\/api.w.org\/{rel}","templated":true}]}}