{"id":320704,"date":"2024-11-15T19:00:05","date_gmt":"2024-11-15T15:00:05","guid":{"rendered":"https:\/\/www.meydan.tv\/?p=320704"},"modified":"2024-11-15T19:00:06","modified_gmt":"2024-11-15T15:00:06","slug":"ictimai-feal-cop29-un-kecirildiyi-mekanda-aksiya-edib","status":"publish","type":"post","link":"https:\/\/www.meydan.tv\/az\/article\/ictimai-feal-cop29-un-kecirildiyi-mekanda-aksiya-edib\/","title":{"rendered":"\u0130ctimai f\u0259al COP29-un ke\u00e7irildiyi m\u0259kanda aksiya edib"},"content":{"rendered":"\n<figure class=\"wp-block-embed is-type-video is-provider-youtube wp-block-embed-youtube wp-embed-aspect-16-9 wp-has-aspect-ratio\"><div class=\"wp-block-embed__wrapper\">\n<iframe title=\"COP29-da t\u0259kadaml\u0131q aksiya\" width=\"1200\" height=\"675\" data-src=\"https:\/\/www.youtube.com\/embed\/w_doeKIjRO8?feature=oembed\" frameborder=\"0\" allow=\"accelerometer; autoplay; clipboard-write; encrypted-media; gyroscope; picture-in-picture; web-share\" referrerpolicy=\"strict-origin-when-cross-origin\" allowfullscreen src=\"data:image\/svg+xml;base64,PHN2ZyB3aWR0aD0iMSIgaGVpZ2h0PSIxIiB4bWxucz0iaHR0cDovL3d3dy53My5vcmcvMjAwMC9zdmciPjwvc3ZnPg==\" class=\"lazyload\" data-load-mode=\"1\"><\/iframe>\n<\/div><\/figure>\n\n\n\n<p><em>Kamran M\u0259mm\u0259dlinin hara apar\u0131ld\u0131\u011f\u0131 bilinmir<\/em><\/p>\n\n\n\n<p>Heyvanlar\u0131n h\u00fcquqlar\u0131n\u0131n m\u00fcdafi\u0259sil\u0259 m\u0259\u015f\u011ful olan ictimai f\u0259al Kamran M\u0259mm\u0259dli noyabr\u0131n 15-d\u0259 Bak\u0131da BMT-nin iqlim d\u0259yi\u015fikliyi konfrans\u0131 COP29 ke\u00e7iril\u0259n m\u0259kanda t\u0259kadaml\u0131q etiraz aksiyas\u0131 ke\u00e7irib.<\/p>\n\n\n\n<p>\u0130ctimai f\u0259al k\u00fc\u00e7\u0259 itl\u0259rinin g\u00fcll\u0259l\u0259nm\u0259sinin\u0259 etiraz ifad\u0259 ed\u0259n plakat qald\u0131r\u0131b.<\/p>\n\n\n\n<p><em>\u201cAz\u0259rbaycan hakimiyy\u0259ti itl\u0259ri g\u00fcll\u0259l\u0259yir. Az\u0259rbaycan diktaturas\u0131 itl\u0259ri yand\u0131r\u0131r\u201d<\/em>, &#8211; Kamran M\u0259mm\u0259dli \u0259lind\u0259 ingilis dilind\u0259 yaz\u0131lm\u0131\u015f plakat\u0131 tutaraq q\u0131\u015fq\u0131r\u0131b.<\/p>\n\n\n\n<p>Bir ne\u00e7\u0259 saniy\u0259 sonra m\u00fchafiz\u0259\u00e7il\u0259r Kamran M\u0259mm\u0259dliy\u0259 h\u00fccum ed\u0259r\u0259k, onu zorak\u0131l\u0131qla oradan apar\u0131b. B\u00fct\u00fcn bunlar xarici jurnalistl\u0259rin g\u00f6z\u00fc \u00f6n\u00fcnd\u0259 ba\u015f verib. Onlar b\u00fct\u00fcn bunlar\u0131 videolent\u0259 al\u0131blar.<\/p>\n\n\n\n<p>\u0130ctimai f\u0259alla yana\u015f\u0131, yerli jurnalistl\u0259r d\u0259 saxlan\u0131l\u0131b, onlar\u0131n telefonlar\u0131 \u0259ll\u0259rind\u0259n al\u0131n\u0131b. Lakin sonradan jurnalistl\u0259r s\u0259rb\u0259st burax\u0131lsa da, Kamran M\u0259mm\u0259dlid\u0259n indiy\u0259d\u0259k m\u0259lumat yoxdur. <\/p>\n\n\n\n<p>Onun hara apar\u0131ld\u0131\u011f\u0131 bilinmir.<\/p>\n","protected":false},"excerpt":{"rendered":"<p>Kamran M\u0259mm\u0259dlinin hara apar\u0131ld\u0131\u011f\u0131 bilinmir Heyvanlar\u0131n h\u00fcquqlar\u0131n\u0131n m\u00fcdafi\u0259sil\u0259 m\u0259\u015f\u011ful olan &#8230; <\/p>\n<p class=\"read-more-container\"><a title=\"\u0130ctimai f\u0259al COP29-un ke\u00e7irildiyi m\u0259kanda aksiya edib\" class=\"read-more button\" href=\"https:\/\/www.meydan.tv\/az\/article\/ictimai-feal-cop29-un-kecirildiyi-mekanda-aksiya-edib\/#more-320704\" aria-label=\"Read more about \u0130ctimai f\u0259al COP29-un ke\u00e7irildiyi m\u0259kanda aksiya edib\">Davam\u0131<\/a><\/p>\n","protected":false},"author":12,"featured_media":320705,"comment_status":"closed","ping_status":"closed","sticky":false,"template":"","format":"standard","meta":{"_acf_changed":false,"_sitemap_exclude":false,"_sitemap_priority":"","_sitemap_frequency":"","footnotes":""},"categories":[79,63,56],"tags":[],"class_list":["post-320704","post","type-post","status-publish","format-standard","has-post-thumbnail","hentry","category-featured","category-video-2","category-xeberler","infinite-scroll-item","generate-columns","tablet-grid-50","mobile-grid-100","grid-parent","grid-33","no-featured-image-padding"],"acf":[],"yoast_head":"<!-- This site is optimized with the Yoast SEO plugin v27.4 - https:\/\/yoast.com\/product\/yoast-seo-wordpress\/ -->\n<title>\u0130ctimai f\u0259al COP29-un ke\u00e7irildiyi m\u0259kanda aksiya edib - MEYDAN.TV<\/title>\n<meta name=\"robots\" content=\"index, follow, max-snippet:-1, max-image-preview:large, max-video-preview:-1\" \/>\n<link rel=\"canonical\" href=\"https:\/\/www.meydan.tv\/az\/article\/ictimai-feal-cop29-un-kecirildiyi-mekanda-aksiya-edib\/\" \/>\n<meta property=\"og:locale\" content=\"az_AZ\" \/>\n<meta property=\"og:type\" content=\"article\" \/>\n<meta property=\"og:title\" content=\"\u0130ctimai f\u0259al COP29-un ke\u00e7irildiyi m\u0259kanda aksiya edib - MEYDAN.TV\" \/>\n<meta property=\"og:description\" content=\"Kamran M\u0259mm\u0259dlinin hara apar\u0131ld\u0131\u011f\u0131 bilinmir Heyvanlar\u0131n h\u00fcquqlar\u0131n\u0131n m\u00fcdafi\u0259sil\u0259 m\u0259\u015f\u011ful olan ... Davam\u0131\" \/>\n<meta property=\"og:url\" content=\"https:\/\/www.meydan.tv\/az\/article\/ictimai-feal-cop29-un-kecirildiyi-mekanda-aksiya-edib\/\" \/>\n<meta property=\"og:site_name\" content=\"MEYDAN.TV\" \/>\n<meta property=\"article:published_time\" content=\"2024-11-15T15:00:05+00:00\" \/>\n<meta property=\"article:modified_time\" content=\"2024-11-15T15:00:06+00:00\" \/>\n<meta property=\"og:image\" content=\"https:\/\/www.meydan.tv\/wp-content\/uploads\/screenshot-2024-11-15-at-15.32.17.png\" \/>\n\t<meta property=\"og:image:width\" content=\"1518\" \/>\n\t<meta property=\"og:image:height\" content=\"852\" \/>\n\t<meta property=\"og:image:type\" content=\"image\/png\" \/>\n<meta name=\"author\" content=\"aleks\" \/>\n<meta name=\"twitter:card\" content=\"summary_large_image\" \/>\n<script type=\"application\/ld+json\" class=\"yoast-schema-graph\">{\"@context\":\"https:\\\/\\\/schema.org\",\"@graph\":[{\"@type\":\"Article\",\"@id\":\"https:\\\/\\\/www.meydan.tv\\\/az\\\/article\\\/ictimai-feal-cop29-un-kecirildiyi-mekanda-aksiya-edib\\\/#article\",\"isPartOf\":{\"@id\":\"https:\\\/\\\/www.meydan.tv\\\/az\\\/article\\\/ictimai-feal-cop29-un-kecirildiyi-mekanda-aksiya-edib\\\/\"},\"author\":{\"name\":\"aleks\",\"@id\":\"https:\\\/\\\/www.meydan.tv\\\/az\\\/#\\\/schema\\\/person\\\/476e9360e593fa131d5d71d51866f8da\"},\"headline\":\"\u0130ctimai f\u0259al COP29-un ke\u00e7irildiyi m\u0259kanda aksiya edib\",\"datePublished\":\"2024-11-15T15:00:05+00:00\",\"dateModified\":\"2024-11-15T15:00:06+00:00\",\"mainEntityOfPage\":{\"@id\":\"https:\\\/\\\/www.meydan.tv\\\/az\\\/article\\\/ictimai-feal-cop29-un-kecirildiyi-mekanda-aksiya-edib\\\/\"},\"wordCount\":211,\"publisher\":{\"@id\":\"https:\\\/\\\/www.meydan.tv\\\/az\\\/#organization\"},\"image\":{\"@id\":\"https:\\\/\\\/www.meydan.tv\\\/az\\\/article\\\/ictimai-feal-cop29-un-kecirildiyi-mekanda-aksiya-edib\\\/#primaryimage\"},\"thumbnailUrl\":\"https:\\\/\\\/www.meydan.tv\\\/wp-content\\\/uploads\\\/screenshot-2024-11-15-at-15.32.17.png\",\"articleSection\":[\"T\u00f6vsiy\u0259\",\"Video\",\"X\u0259b\u0259rl\u0259r\"],\"inLanguage\":\"az\"},{\"@type\":\"WebPage\",\"@id\":\"https:\\\/\\\/www.meydan.tv\\\/az\\\/article\\\/ictimai-feal-cop29-un-kecirildiyi-mekanda-aksiya-edib\\\/\",\"url\":\"https:\\\/\\\/www.meydan.tv\\\/az\\\/article\\\/ictimai-feal-cop29-un-kecirildiyi-mekanda-aksiya-edib\\\/\",\"name\":\"\u0130ctimai f\u0259al COP29-un ke\u00e7irildiyi m\u0259kanda aksiya edib - MEYDAN.TV\",\"isPartOf\":{\"@id\":\"https:\\\/\\\/www.meydan.tv\\\/az\\\/#website\"},\"primaryImageOfPage\":{\"@id\":\"https:\\\/\\\/www.meydan.tv\\\/az\\\/article\\\/ictimai-feal-cop29-un-kecirildiyi-mekanda-aksiya-edib\\\/#primaryimage\"},\"image\":{\"@id\":\"https:\\\/\\\/www.meydan.tv\\\/az\\\/article\\\/ictimai-feal-cop29-un-kecirildiyi-mekanda-aksiya-edib\\\/#primaryimage\"},\"thumbnailUrl\":\"https:\\\/\\\/www.meydan.tv\\\/wp-content\\\/uploads\\\/screenshot-2024-11-15-at-15.32.17.png\",\"datePublished\":\"2024-11-15T15:00:05+00:00\",\"dateModified\":\"2024-11-15T15:00:06+00:00\",\"breadcrumb\":{\"@id\":\"https:\\\/\\\/www.meydan.tv\\\/az\\\/article\\\/ictimai-feal-cop29-un-kecirildiyi-mekanda-aksiya-edib\\\/#breadcrumb\"},\"inLanguage\":\"az\",\"potentialAction\":[{\"@type\":\"ReadAction\",\"target\":[\"https:\\\/\\\/www.meydan.tv\\\/az\\\/article\\\/ictimai-feal-cop29-un-kecirildiyi-mekanda-aksiya-edib\\\/\"]}]},{\"@type\":\"ImageObject\",\"inLanguage\":\"az\",\"@id\":\"https:\\\/\\\/www.meydan.tv\\\/az\\\/article\\\/ictimai-feal-cop29-un-kecirildiyi-mekanda-aksiya-edib\\\/#primaryimage\",\"url\":\"https:\\\/\\\/www.meydan.tv\\\/wp-content\\\/uploads\\\/screenshot-2024-11-15-at-15.32.17.png\",\"contentUrl\":\"https:\\\/\\\/www.meydan.tv\\\/wp-content\\\/uploads\\\/screenshot-2024-11-15-at-15.32.17.png\",\"width\":1518,\"height\":852},{\"@type\":\"BreadcrumbList\",\"@id\":\"https:\\\/\\\/www.meydan.tv\\\/az\\\/article\\\/ictimai-feal-cop29-un-kecirildiyi-mekanda-aksiya-edib\\\/#breadcrumb\",\"itemListElement\":[{\"@type\":\"ListItem\",\"position\":1,\"name\":\"Ana s\u0259hif\u0259\",\"item\":\"https:\\\/\\\/www.meydan.tv\\\/az\\\/\"},{\"@type\":\"ListItem\",\"position\":2,\"name\":\"X\u0259b\u0259rl\u0259r\",\"item\":\"https:\\\/\\\/www.meydan.tv\\\/az\\\/section\\\/xeberler\\\/\"},{\"@type\":\"ListItem\",\"position\":3,\"name\":\"\u0130ctimai f\u0259al COP29-un ke\u00e7irildiyi m\u0259kanda aksiya edib\"}]},{\"@type\":\"WebSite\",\"@id\":\"https:\\\/\\\/www.meydan.tv\\\/az\\\/#website\",\"url\":\"https:\\\/\\\/www.meydan.tv\\\/az\\\/\",\"name\":\"MEYDAN.TV\",\"description\":\"Meydan TV Az\u0259rbaycan\u0131n media m\u0259kan\u0131ndak\u0131 alternativ s\u0259sidir\",\"publisher\":{\"@id\":\"https:\\\/\\\/www.meydan.tv\\\/az\\\/#organization\"},\"potentialAction\":[{\"@type\":\"SearchAction\",\"target\":{\"@type\":\"EntryPoint\",\"urlTemplate\":\"https:\\\/\\\/www.meydan.tv\\\/az\\\/?s={search_term_string}\"},\"query-input\":{\"@type\":\"PropertyValueSpecification\",\"valueRequired\":true,\"valueName\":\"search_term_string\"}}],\"inLanguage\":\"az\"},{\"@type\":\"Organization\",\"@id\":\"https:\\\/\\\/www.meydan.tv\\\/az\\\/#organization\",\"name\":\"Meydan TV\",\"url\":\"https:\\\/\\\/www.meydan.tv\\\/az\\\/\",\"logo\":{\"@type\":\"ImageObject\",\"inLanguage\":\"az\",\"@id\":\"https:\\\/\\\/www.meydan.tv\\\/az\\\/#\\\/schema\\\/logo\\\/image\\\/\",\"url\":\"https:\\\/\\\/www.meydan.tv\\\/wp-content\\\/uploads\\\/2021\\\/07\\\/meydan-logo.svg\",\"contentUrl\":\"https:\\\/\\\/www.meydan.tv\\\/wp-content\\\/uploads\\\/2021\\\/07\\\/meydan-logo.svg\",\"width\":195,\"height\":46,\"caption\":\"Meydan TV\"},\"image\":{\"@id\":\"https:\\\/\\\/www.meydan.tv\\\/az\\\/#\\\/schema\\\/logo\\\/image\\\/\"}},{\"@type\":\"Person\",\"@id\":\"https:\\\/\\\/www.meydan.tv\\\/az\\\/#\\\/schema\\\/person\\\/476e9360e593fa131d5d71d51866f8da\",\"name\":\"aleks\"}]}<\/script>\n<!-- \/ Yoast SEO plugin. -->","yoast_head_json":{"title":"\u0130ctimai f\u0259al COP29-un ke\u00e7irildiyi m\u0259kanda aksiya edib - MEYDAN.TV","robots":{"index":"index","follow":"follow","max-snippet":"max-snippet:-1","max-image-preview":"max-image-preview:large","max-video-preview":"max-video-preview:-1"},"canonical":"https:\/\/www.meydan.tv\/az\/article\/ictimai-feal-cop29-un-kecirildiyi-mekanda-aksiya-edib\/","og_locale":"az_AZ","og_type":"article","og_title":"\u0130ctimai f\u0259al COP29-un ke\u00e7irildiyi m\u0259kanda aksiya edib - MEYDAN.TV","og_description":"Kamran M\u0259mm\u0259dlinin hara apar\u0131ld\u0131\u011f\u0131 bilinmir Heyvanlar\u0131n h\u00fcquqlar\u0131n\u0131n m\u00fcdafi\u0259sil\u0259 m\u0259\u015f\u011ful olan ... Davam\u0131","og_url":"https:\/\/www.meydan.tv\/az\/article\/ictimai-feal-cop29-un-kecirildiyi-mekanda-aksiya-edib\/","og_site_name":"MEYDAN.TV","article_published_time":"2024-11-15T15:00:05+00:00","article_modified_time":"2024-11-15T15:00:06+00:00","og_image":[{"width":1518,"height":852,"url":"https:\/\/www.meydan.tv\/wp-content\/uploads\/screenshot-2024-11-15-at-15.32.17.png","type":"image\/png"}],"author":"aleks","twitter_card":"summary_large_image","schema":{"@context":"https:\/\/schema.org","@graph":[{"@type":"Article","@id":"https:\/\/www.meydan.tv\/az\/article\/ictimai-feal-cop29-un-kecirildiyi-mekanda-aksiya-edib\/#article","isPartOf":{"@id":"https:\/\/www.meydan.tv\/az\/article\/ictimai-feal-cop29-un-kecirildiyi-mekanda-aksiya-edib\/"},"author":{"name":"aleks","@id":"https:\/\/www.meydan.tv\/az\/#\/schema\/person\/476e9360e593fa131d5d71d51866f8da"},"headline":"\u0130ctimai f\u0259al COP29-un ke\u00e7irildiyi m\u0259kanda aksiya edib","datePublished":"2024-11-15T15:00:05+00:00","dateModified":"2024-11-15T15:00:06+00:00","mainEntityOfPage":{"@id":"https:\/\/www.meydan.tv\/az\/article\/ictimai-feal-cop29-un-kecirildiyi-mekanda-aksiya-edib\/"},"wordCount":211,"publisher":{"@id":"https:\/\/www.meydan.tv\/az\/#organization"},"image":{"@id":"https:\/\/www.meydan.tv\/az\/article\/ictimai-feal-cop29-un-kecirildiyi-mekanda-aksiya-edib\/#primaryimage"},"thumbnailUrl":"https:\/\/www.meydan.tv\/wp-content\/uploads\/screenshot-2024-11-15-at-15.32.17.png","articleSection":["T\u00f6vsiy\u0259","Video","X\u0259b\u0259rl\u0259r"],"inLanguage":"az"},{"@type":"WebPage","@id":"https:\/\/www.meydan.tv\/az\/article\/ictimai-feal-cop29-un-kecirildiyi-mekanda-aksiya-edib\/","url":"https:\/\/www.meydan.tv\/az\/article\/ictimai-feal-cop29-un-kecirildiyi-mekanda-aksiya-edib\/","name":"\u0130ctimai f\u0259al COP29-un ke\u00e7irildiyi m\u0259kanda aksiya edib - MEYDAN.TV","isPartOf":{"@id":"https:\/\/www.meydan.tv\/az\/#website"},"primaryImageOfPage":{"@id":"https:\/\/www.meydan.tv\/az\/article\/ictimai-feal-cop29-un-kecirildiyi-mekanda-aksiya-edib\/#primaryimage"},"image":{"@id":"https:\/\/www.meydan.tv\/az\/article\/ictimai-feal-cop29-un-kecirildiyi-mekanda-aksiya-edib\/#primaryimage"},"thumbnailUrl":"https:\/\/www.meydan.tv\/wp-content\/uploads\/screenshot-2024-11-15-at-15.32.17.png","datePublished":"2024-11-15T15:00:05+00:00","dateModified":"2024-11-15T15:00:06+00:00","breadcrumb":{"@id":"https:\/\/www.meydan.tv\/az\/article\/ictimai-feal-cop29-un-kecirildiyi-mekanda-aksiya-edib\/#breadcrumb"},"inLanguage":"az","potentialAction":[{"@type":"ReadAction","target":["https:\/\/www.meydan.tv\/az\/article\/ictimai-feal-cop29-un-kecirildiyi-mekanda-aksiya-edib\/"]}]},{"@type":"ImageObject","inLanguage":"az","@id":"https:\/\/www.meydan.tv\/az\/article\/ictimai-feal-cop29-un-kecirildiyi-mekanda-aksiya-edib\/#primaryimage","url":"https:\/\/www.meydan.tv\/wp-content\/uploads\/screenshot-2024-11-15-at-15.32.17.png","contentUrl":"https:\/\/www.meydan.tv\/wp-content\/uploads\/screenshot-2024-11-15-at-15.32.17.png","width":1518,"height":852},{"@type":"BreadcrumbList","@id":"https:\/\/www.meydan.tv\/az\/article\/ictimai-feal-cop29-un-kecirildiyi-mekanda-aksiya-edib\/#breadcrumb","itemListElement":[{"@type":"ListItem","position":1,"name":"Ana s\u0259hif\u0259","item":"https:\/\/www.meydan.tv\/az\/"},{"@type":"ListItem","position":2,"name":"X\u0259b\u0259rl\u0259r","item":"https:\/\/www.meydan.tv\/az\/section\/xeberler\/"},{"@type":"ListItem","position":3,"name":"\u0130ctimai f\u0259al COP29-un ke\u00e7irildiyi m\u0259kanda aksiya edib"}]},{"@type":"WebSite","@id":"https:\/\/www.meydan.tv\/az\/#website","url":"https:\/\/www.meydan.tv\/az\/","name":"MEYDAN.TV","description":"Meydan TV Az\u0259rbaycan\u0131n media m\u0259kan\u0131ndak\u0131 alternativ s\u0259sidir","publisher":{"@id":"https:\/\/www.meydan.tv\/az\/#organization"},"potentialAction":[{"@type":"SearchAction","target":{"@type":"EntryPoint","urlTemplate":"https:\/\/www.meydan.tv\/az\/?s={search_term_string}"},"query-input":{"@type":"PropertyValueSpecification","valueRequired":true,"valueName":"search_term_string"}}],"inLanguage":"az"},{"@type":"Organization","@id":"https:\/\/www.meydan.tv\/az\/#organization","name":"Meydan TV","url":"https:\/\/www.meydan.tv\/az\/","logo":{"@type":"ImageObject","inLanguage":"az","@id":"https:\/\/www.meydan.tv\/az\/#\/schema\/logo\/image\/","url":"https:\/\/www.meydan.tv\/wp-content\/uploads\/2021\/07\/meydan-logo.svg","contentUrl":"https:\/\/www.meydan.tv\/wp-content\/uploads\/2021\/07\/meydan-logo.svg","width":195,"height":46,"caption":"Meydan TV"},"image":{"@id":"https:\/\/www.meydan.tv\/az\/#\/schema\/logo\/image\/"}},{"@type":"Person","@id":"https:\/\/www.meydan.tv\/az\/#\/schema\/person\/476e9360e593fa131d5d71d51866f8da","name":"aleks"}]}},"_links":{"self":[{"href":"https:\/\/www.meydan.tv\/az\/wp-json\/wp\/v2\/posts\/320704","targetHints":{"allow":["GET"]}}],"collection":[{"href":"https:\/\/www.meydan.tv\/az\/wp-json\/wp\/v2\/posts"}],"about":[{"href":"https:\/\/www.meydan.tv\/az\/wp-json\/wp\/v2\/types\/post"}],"author":[{"embeddable":true,"href":"https:\/\/www.meydan.tv\/az\/wp-json\/wp\/v2\/users\/12"}],"replies":[{"embeddable":true,"href":"https:\/\/www.meydan.tv\/az\/wp-json\/wp\/v2\/comments?post=320704"}],"version-history":[{"count":2,"href":"https:\/\/www.meydan.tv\/az\/wp-json\/wp\/v2\/posts\/320704\/revisions"}],"predecessor-version":[{"id":320709,"href":"https:\/\/www.meydan.tv\/az\/wp-json\/wp\/v2\/posts\/320704\/revisions\/320709"}],"wp:featuredmedia":[{"embeddable":true,"href":"https:\/\/www.meydan.tv\/az\/wp-json\/wp\/v2\/media\/320705"}],"wp:attachment":[{"href":"https:\/\/www.meydan.tv\/az\/wp-json\/wp\/v2\/media?parent=320704"}],"wp:term":[{"taxonomy":"category","embeddable":true,"href":"https:\/\/www.meydan.tv\/az\/wp-json\/wp\/v2\/categories?post=320704"},{"taxonomy":"post_tag","embeddable":true,"href":"https:\/\/www.meydan.tv\/az\/wp-json\/wp\/v2\/tags?post=320704"}],"curies":[{"name":"wp","href":"https:\/\/api.w.org\/{rel}","templated":true}]}}