{"id":320578,"date":"2024-11-14T19:29:24","date_gmt":"2024-11-14T15:29:24","guid":{"rendered":"https:\/\/www.meydan.tv\/?p=320578"},"modified":"2024-11-14T19:29:28","modified_gmt":"2024-11-14T15:29:28","slug":"zerercekenler-agadadas-agayevi-adam-oldurmeye-cehdde-ittiham-edir","status":"publish","type":"post","link":"https:\/\/www.meydan.tv\/az\/article\/zerercekenler-agadadas-agayevi-adam-oldurmeye-cehdde-ittiham-edir\/","title":{"rendered":"Z\u0259r\u0259r\u00e7\u0259k\u0259nl\u0259r A\u011fadada\u015f A\u011fayevi adam \u00f6ld\u00fcrm\u0259y\u0259 c\u0259hdd\u0259 ittiham edir"},"content":{"rendered":"\n<p><\/p>\n\n\n\n<p><em><strong>\u00a0D\u00f6vl\u0259t ittiham\u00e7\u0131s\u0131 q\u0259timkan t\u0259dbirinin d\u0259yi\u015fdirilm\u0259sin\u0259 \u0259sas g\u00f6rm\u00fcr<\/strong><\/em><\/p>\n\n\n\n<p>Xalq artisti, m\u00fc\u011f\u0259nni A\u011fadada\u015f A\u011fayev\u0259 qar\u015f\u0131 xuliqanl\u0131qla ba\u011fl\u0131 cinay\u0259t i\u015fi \u00fczr\u0259 z\u0259r\u0259r\u00e7\u0259kmi\u015f qismind\u0259 tan\u0131nan \u015f\u0259xsl\u0259r ittiham\u0131n a\u011f\u0131rla\u015fmas\u0131n\u0131 t\u0259l\u0259b edirl\u0259r. Onlar A\u011fadada\u015f A\u011fayev\u0259 qar\u015f\u0131 q\u0259sd\u0259n adam \u00f6ld\u00fcrm\u0259y\u0259 c\u0259hdl\u0259 ba\u011fl\u0131 ittiham ir\u0259li s\u00fcr\u00fclm\u0259sini ist\u0259yirl\u0259r. M\u0259lum olub ki, istintaq d\u00f6vr\u00fcnd\u0259 d\u0259 bu t\u0259l\u0259bl\u0259 \u00e7\u0131x\u0131\u015f edibl\u0259r. \u0130ndi d\u0259 m\u0259hk\u0259m\u0259d\u0259 eyni t\u0259l\u0259bi s\u0259sl\u0259ndiribl\u0259r.<\/p>\n\n\n\n<p>A\u011fadada\u015f A\u011fayevin i\u015fin\u0259 Bin\u0259q\u0259di Rayon M\u0259hk\u0259m\u0259sind\u0259 hakim V\u00fcsal Ta\u011f\u0131yevin s\u0259drliyil\u0259 bax\u0131l\u0131r. Noyabr\u0131n 14-d\u0259 m\u0259hk\u0259m\u0259nin haz\u0131rl\u0131q iclas\u0131 ke\u00e7irilib.<\/p>\n\n\n\n<p>Xalq artistinin i\u015fi \u00fczr\u0259 iki n\u0259f\u0259r z\u0259r\u0259r\u00e7\u0259kmi\u015f qismind\u0259 tan\u0131n\u0131b \u2013 Nur\u0259ddin C\u0259lilov v\u0259 N\u0259zak\u0259t Pa\u015fayeva.<\/p>\n\n\n\n<p>Nur\u0259ddin C\u0259lilov \u201cMedera Hospital\u201d\u0131n g\u00f6z\u0259t\u00e7isi, N\u0259zak\u0259t Pa\u015fayeva da klinikan\u0131n i\u015f\u00e7isidir.<\/p>\n\n\n\n<p>M\u00fc\u011f\u0259nni onlara balta ataraq x\u0259sar\u0259t yetirm\u0259kl\u0259, t\u0259hqir etm\u0259kl\u0259, xuliqanl\u0131q etm\u0259kd\u0259 ittiham olunur.<\/p>\n\n\n\n<p>M\u0259hk\u0259m\u0259d\u0259 t\u0259qsirl\u0259ndiril\u0259n m\u00fc\u011f\u0259nninin anket m\u0259lumatlar\u0131 d\u0259qiql\u0259\u015fdiril\u0259rk\u0259n o bildirib ki, xuliqanl\u0131q ittiham\u0131n\u0131 q\u0259bul etmir. Bel\u0259 bir \u00f6lk\u0259d\u0259 ya\u015fad\u0131\u011f\u0131na g\u00f6r\u0259 xo\u015fb\u0259xt oldu\u011funu dey\u0259n Xalq artisti ittihamla raz\u0131la\u015fmasa da, i\u015fin gedi\u015find\u0259n d\u0259 naraz\u0131 deyil:<\/p>\n\n\n\n<p><em>\u201cXo\u015fb\u0259xt\u0259m bel\u0259 \u00f6lk\u0259d\u0259 ya\u015fay\u0131ram. H\u00fcquqi d\u00f6vl\u0259tdir. H\u00fcquqlar\u0131m\u0131z burada sona q\u0259d\u0259r qorunur. D\u00f6vl\u0259t\u00e7ilikd\u0259 olan prosesl\u0259ri h\u0259mi\u015f\u0259 izl\u0259yir\u0259m, inc\u0259l\u0259yir\u0259m. Bu g\u00fcn d\u0259 bizim i\u015fimizd\u0259 h\u00fcququn aliliyi gedi\u015fatdan hiss olunur. Ona g\u00f6r\u0259 d\u0259 art\u0131q dan\u0131\u015fmaq ist\u0259mir\u0259m. H\u00fcquq Allah\u0131n \u0259dal\u0259tind\u0259n sonra Konstitusiyam\u0131zda, qanunlarda \u00f6z \u0259ksini tap\u0131b. M\u0259n d\u0259 bir v\u0259t\u0259nda\u015f kimi, ilk d\u0259f\u0259 d\u0259 olsa, qanun qar\u015f\u0131s\u0131nda sizinl\u0259 birlikd\u0259 \u00fcz-\u00fcz\u0259 dayanm\u0131\u015fam\u201d.<\/em><\/p>\n\n\n<div class=\"wp-block-image\">\n<figure class=\"alignright size-large is-resized\"><img decoding=\"async\" width=\"498\" height=\"821\" data-src=\"https:\/\/www.meydan.tv\/wp-content\/uploads\/photo-2024-11-14-18-11-19-498x821.jpg\" alt=\"\" class=\"wp-image-320583 lazyload\" style=\"--smush-placeholder-width: 498px; --smush-placeholder-aspect-ratio: 498\/821;width:412px;height:auto\" src=\"data:image\/svg+xml;base64,PHN2ZyB3aWR0aD0iMSIgaGVpZ2h0PSIxIiB4bWxucz0iaHR0cDovL3d3dy53My5vcmcvMjAwMC9zdmciPjwvc3ZnPg==\" \/><figcaption class=\"wp-element-caption\">A\u011fadada\u015f A\u011fayev m\u0259hk\u0259m\u0259d\u0259. Foto: Meydan TV<\/figcaption><\/figure>\n<\/div>\n\n\n<p>Daha sonra z\u0259r\u0259r\u00e7\u0259kmi\u015fl\u0259rin n\u00fcmay\u0259nd\u0259l\u0259ri v\u0259sat\u0259tl\u0259r qald\u0131raraq, cinay\u0259t i\u015fin\u0259 m\u0259hk\u0259m\u0259d\u0259 bax\u0131lmas\u0131na xitam verilm\u0259si v\u0259 i\u015fin prokurora qaytar\u0131lmas\u0131, ittiham\u0131n a\u011f\u0131rla\u015fd\u0131r\u0131lmas\u0131, A\u011fadada\u015f A\u011fayev haqq\u0131nda q\u0259timkan t\u0259dbirinin d\u0259yi\u015fdiril\u0259r\u0259k, onun h\u0259bs olunmas\u0131 bar\u0259d\u0259 v\u0259sat\u0259tl\u0259r qald\u0131r\u0131blar.<\/p>\n\n\n\n<p>Nur\u0259ddin C\u0259lilovun n\u00fcmay\u0259nd\u0259si R\u0259na M\u0259mm\u0259dovan\u0131n v\u0259sat\u0259ti i\u015fin istintaqa qaytar\u0131lmas\u0131 v\u0259 A\u011fadada\u015f A\u011fayev\u0259 qar\u015f\u0131 Cinay\u0259t M\u0259c\u0259ll\u0259sinin 29.120.2.2 v\u0259 29.120.2.4 (xuliqanl\u0131q niyy\u0259til\u0259 v\u0259 \u00fcmumi t\u0259hl\u00fck\u0259li \u00fcsulla q\u0259sd\u0259n adam \u00f6ld\u00fcrm\u0259y\u0259 c\u0259hd) madd\u0259l\u0259ril\u0259 ittiham ir\u0259li s\u00fcr\u00fclm\u0259si bar\u0259d\u0259 olub:<\/p>\n\n\n\n<p><em>\u201c\u0130stintaq\u0131n sonunda z\u0259r\u0259r\u00e7\u0259kmi\u015f Nur\u0259ddin C\u0259lilov i\u015fl\u0259 tan\u0131\u015f olanda naraz\u0131 qald\u0131. V\u0259sat\u0259t verdi ki, ittiham a\u011f\u0131rla\u015fd\u0131r\u0131ls\u0131n. \u00c7\u00fcnki Cinay\u0259t M\u0259c\u0259ll\u0259sinin 221.3 madd\u0259sil\u0259 &#8211; xuliqanl\u0131q ittiham\u0131 il\u0259 raz\u0131la\u015fm\u0131rd\u0131. \u0130\u015fd\u0259 a\u011f\u0131rla\u015fd\u0131r\u0131c\u0131 hallar var. Balta il\u0259 h\u00fccum olunub. Q\u0259sd\u0259n adam \u00f6ld\u00fcrm\u0259y\u0259 c\u0259hdd\u0259n s\u00f6hb\u0259t gedir. \u0130stintaq orqan\u0131 v\u0259sat\u0259ti r\u0259dd etdi. Bunu z\u0259r\u0259r\u00e7\u0259kmi\u015fin h\u00fcquqlar\u0131n\u0131n pozulmas\u0131 kimi qiym\u0259tl\u0259ndiririk. Xahi\u015f edirik, he\u00e7 olmasa, indi m\u0259hk\u0259m\u0259 i\u015fi prosessual n\u0259zar\u0259ti h\u0259yata ke\u00e7ir\u0259n prokurorlu\u011fa geri qaytars\u0131n, ittiham a\u011f\u0131rla\u015fd\u0131r\u0131ls\u0131n. Burada q\u0259sd\u0259n adam \u00f6ld\u00fcrm\u0259y\u0259 c\u0259hdd\u0259n s\u00f6hb\u0259t gedir\u201d.<\/em><\/p>\n\n\n\n<p>V\u0259kil R\u0259na M\u0259mm\u0259dova h\u0259m\u00e7inin A\u011fadada\u015f A\u011fayevin h\u0259bs olunmas\u0131 bar\u0259d\u0259 v\u0259sat\u0259t qald\u0131r\u0131b.<\/p>\n\n\n\n<p>Z\u0259r\u0259r\u00e7\u0259kmi\u015f N\u0259zak\u0259t Pa\u015fayevan\u0131n n\u00fcmay\u0259nd\u0259si G\u00fcl\u015f\u0259n Salmanova da h\u0259r iki v\u0259sat\u0259ti m\u00fcdafi\u0259 edib:<em> \u201cBalta at\u0131bsa, dem\u0259li, h\u0259yat\u0131na q\u0259sd el\u0259yib&#8230;\u201d.<\/em><\/p>\n\n\n\n<p>H\u0259r iki z\u0259r\u0259r\u00e7\u0259kmi\u015f d\u0259 n\u00fcmay\u0259nd\u0259l\u0259rinin dedikl\u0259ril\u0259 raz\u0131la\u015f\u0131b.<\/p>\n\n\n<div class=\"wp-block-image\">\n<figure class=\"alignleft size-full is-resized\"><img decoding=\"async\" width=\"695\" height=\"463\" data-src=\"https:\/\/www.meydan.tv\/wp-content\/uploads\/photo-2024-11-14-18-11-17-1.jpg\" alt=\"\" class=\"wp-image-320586 lazyload\" style=\"--smush-placeholder-width: 695px; --smush-placeholder-aspect-ratio: 695\/463;width:479px;height:auto\" src=\"data:image\/svg+xml;base64,PHN2ZyB3aWR0aD0iMSIgaGVpZ2h0PSIxIiB4bWxucz0iaHR0cDovL3d3dy53My5vcmcvMjAwMC9zdmciPjwvc3ZnPg==\" \/><figcaption class=\"wp-element-caption\">A\u011fadada\u015f A\u011fayevin m\u0259hk\u0259m\u0259si. Foto: Meydan TV<\/figcaption><\/figure>\n<\/div>\n\n\n<p>Prokuror is\u0259 bildirib ki, z\u0259r\u0259r\u00e7\u0259kmi\u015f t\u0259r\u0259fin qald\u0131rd\u0131\u011f\u0131 m\u0259s\u0259l\u0259 m\u0259hk\u0259m\u0259nin haz\u0131rl\u0131q iclas\u0131n\u0131n predmeti deyil:<\/p>\n\n\n\n<p><em>\u00a0\u201cM\u0259hk\u0259m\u0259 bax\u0131\u015f\u0131nda ara\u015fd\u0131r\u0131landa a\u011f\u0131rla\u015fd\u0131r\u0131c\u0131 hal ortaya \u00e7\u0131xsa, m\u00fczakir\u0259 olunar, z\u0259rur\u0259t yaranarsa, istintaqa qaytar\u0131la bil\u0259r. Haz\u0131rda A\u011fadada\u015f A\u011fayev bar\u0259sind\u0259 se\u00e7ilmi\u015f q\u0259timkan t\u0259dbirinin d\u0259yi\u015fdirilm\u0259sin\u0259 is\u0259 \u0259sas yoxdur\u201d<\/em>.<\/p>\n\n\n\n<p><\/p>\n\n\n\n<p>M\u0259hk\u0259m\u0259 v\u0259sat\u0259tl\u0259ri t\u0259min etm\u0259yib.<\/p>\n\n\n\n<p>Xalq artistinin i\u015fi \u00fczr\u0259 m\u0259hk\u0259m\u0259 bax\u0131\u015f\u0131 noyabr\u0131n 28-n\u0259 t\u0259yin olunub.<\/p>\n\n\n\n<p>A\u011fadada\u015f A\u011fayev\u0259 qar\u015f\u0131 Cinay\u0259t M\u0259c\u0259ll\u0259sinin 221.3 (silah v\u0259 ya silah qismind\u0259 \u0259\u015fyadan istifad\u0259 etm\u0259kl\u0259 xuliqanl\u0131q) madd\u0259sil\u0259 ittiham olunur. Bu madd\u0259nin sanksiyas\u0131nda 2 ild\u0259n 5 il\u0259 q\u0259d\u0259r azadl\u0131qdan m\u0259hrumetm\u0259 c\u0259zas\u0131 n\u0259z\u0259rd\u0259 tutulub.<\/p>\n\n\n\n<p>Nur\u0259ddin C\u0259lilov iddia edir ki, iyulun 22-d\u0259 s\u0259h\u0259r saat 7 rad\u0259l\u0259rind\u0259 g\u00f6z\u0259t\u00e7i i\u015fl\u0259diyi klinikaya m\u00fcraci\u0259t ed\u0259n A\u011fadada\u015f A\u011fayev onu s\u00f6y\u00fcb, balta il\u0259 h\u0259d\u0259l\u0259yib. Onun s\u00f6zl\u0259rin\u0259 g\u00f6r\u0259, m\u00fc\u011f\u0259nni baltan\u0131 ona t\u0259r\u0259f atanda orada \u00e7al\u0131\u015fan N\u0259zak\u0259t Pa\u015fayevan\u0131n aya\u011f\u0131na d\u0259yib.<\/p>\n\n\n\n<p>68 ya\u015fl\u0131 m\u00fc\u011f\u0259nni is\u0259 \u0259ksin\u0259, g\u00f6z\u0259t\u00e7inin onu t\u0259hqir etdiyini, yer\u0259 y\u0131x\u0131b d\u00f6yd\u00fcy\u00fcn\u00fc bildirir.<\/p>\n\n\n\n<p>Hadis\u0259ni klinikan\u0131n m\u00fc\u015fahid\u0259 kameralar\u0131 qeyd\u0259 al\u0131b. H\u0259min g\u00f6r\u00fcnt\u00fcl\u0259r hadis\u0259d\u0259n sonra sosial \u015f\u0259b\u0259k\u0259l\u0259rd\u0259 d\u0259 yay\u0131lm\u0131\u015fd\u0131.<\/p>\n","protected":false},"excerpt":{"rendered":"<p>\u00a0D\u00f6vl\u0259t ittiham\u00e7\u0131s\u0131 q\u0259timkan t\u0259dbirinin d\u0259yi\u015fdirilm\u0259sin\u0259 \u0259sas g\u00f6rm\u00fcr Xalq artisti, m\u00fc\u011f\u0259nni &#8230; <\/p>\n<p class=\"read-more-container\"><a title=\"Z\u0259r\u0259r\u00e7\u0259k\u0259nl\u0259r A\u011fadada\u015f A\u011fayevi adam \u00f6ld\u00fcrm\u0259y\u0259 c\u0259hdd\u0259 ittiham edir\" class=\"read-more button\" href=\"https:\/\/www.meydan.tv\/az\/article\/zerercekenler-agadadas-agayevi-adam-oldurmeye-cehdde-ittiham-edir\/#more-320578\" aria-label=\"Read more about Z\u0259r\u0259r\u00e7\u0259k\u0259nl\u0259r A\u011fadada\u015f A\u011fayevi adam \u00f6ld\u00fcrm\u0259y\u0259 c\u0259hdd\u0259 ittiham edir\">Davam\u0131<\/a><\/p>\n","protected":false},"author":21,"featured_media":320579,"comment_status":"closed","ping_status":"closed","sticky":false,"template":"","format":"standard","meta":{"_acf_changed":false,"_sitemap_exclude":false,"_sitemap_priority":"","_sitemap_frequency":"","footnotes":""},"categories":[62,79,56],"tags":[],"class_list":["post-320578","post","type-post","status-publish","format-standard","has-post-thumbnail","hentry","category-sosial","category-featured","category-xeberler","infinite-scroll-item","generate-columns","tablet-grid-50","mobile-grid-100","grid-parent","grid-33","no-featured-image-padding"],"acf":[],"yoast_head":"<!-- This site is optimized with the Yoast SEO plugin v27.4 - https:\/\/yoast.com\/product\/yoast-seo-wordpress\/ -->\n<title>Z\u0259r\u0259r\u00e7\u0259k\u0259nl\u0259r A\u011fadada\u015f A\u011fayevi adam \u00f6ld\u00fcrm\u0259y\u0259 c\u0259hdd\u0259 ittiham edir - MEYDAN.TV<\/title>\n<meta name=\"description\" content=\"Xalq artistinin i\u015fi \u00fczr\u0259 iki n\u0259f\u0259r z\u0259r\u0259r\u00e7\u0259kmi\u015f qismind\u0259 tan\u0131n\u0131b \u2013 Nur\u0259ddin C\u0259lilov v\u0259 N\u0259zak\u0259t Pa\u015fayeva.\" \/>\n<meta name=\"robots\" content=\"index, follow, max-snippet:-1, max-image-preview:large, max-video-preview:-1\" \/>\n<link rel=\"canonical\" href=\"https:\/\/www.meydan.tv\/az\/article\/zerercekenler-agadadas-agayevi-adam-oldurmeye-cehdde-ittiham-edir\/\" \/>\n<meta property=\"og:locale\" content=\"az_AZ\" \/>\n<meta property=\"og:type\" content=\"article\" \/>\n<meta property=\"og:title\" content=\"Z\u0259r\u0259r\u00e7\u0259k\u0259nl\u0259r A\u011fadada\u015f A\u011fayevi adam \u00f6ld\u00fcrm\u0259y\u0259 c\u0259hdd\u0259 ittiham edir - MEYDAN.TV\" \/>\n<meta property=\"og:description\" content=\"Xalq artistinin i\u015fi \u00fczr\u0259 iki n\u0259f\u0259r z\u0259r\u0259r\u00e7\u0259kmi\u015f qismind\u0259 tan\u0131n\u0131b \u2013 Nur\u0259ddin C\u0259lilov v\u0259 N\u0259zak\u0259t Pa\u015fayeva.\" \/>\n<meta property=\"og:url\" content=\"https:\/\/www.meydan.tv\/az\/article\/zerercekenler-agadadas-agayevi-adam-oldurmeye-cehdde-ittiham-edir\/\" \/>\n<meta property=\"og:site_name\" content=\"MEYDAN.TV\" \/>\n<meta property=\"article:published_time\" content=\"2024-11-14T15:29:24+00:00\" \/>\n<meta property=\"article:modified_time\" content=\"2024-11-14T15:29:28+00:00\" \/>\n<meta property=\"og:image\" content=\"https:\/\/www.meydan.tv\/wp-content\/uploads\/photo-2024-11-14-18-11-18-e1731597840984.jpg\" \/>\n\t<meta property=\"og:image:width\" content=\"807\" \/>\n\t<meta property=\"og:image:height\" content=\"485\" \/>\n\t<meta property=\"og:image:type\" content=\"image\/jpeg\" \/>\n<meta name=\"author\" content=\"mahmud\" \/>\n<meta name=\"twitter:card\" content=\"summary_large_image\" \/>\n<script type=\"application\/ld+json\" class=\"yoast-schema-graph\">{\"@context\":\"https:\\\/\\\/schema.org\",\"@graph\":[{\"@type\":\"Article\",\"@id\":\"https:\\\/\\\/www.meydan.tv\\\/az\\\/article\\\/zerercekenler-agadadas-agayevi-adam-oldurmeye-cehdde-ittiham-edir\\\/#article\",\"isPartOf\":{\"@id\":\"https:\\\/\\\/www.meydan.tv\\\/az\\\/article\\\/zerercekenler-agadadas-agayevi-adam-oldurmeye-cehdde-ittiham-edir\\\/\"},\"author\":{\"name\":\"mahmud\",\"@id\":\"https:\\\/\\\/www.meydan.tv\\\/az\\\/#\\\/schema\\\/person\\\/09863e516102a829e72bedcf3f84c6b0\"},\"headline\":\"Z\u0259r\u0259r\u00e7\u0259k\u0259nl\u0259r A\u011fadada\u015f A\u011fayevi adam \u00f6ld\u00fcrm\u0259y\u0259 c\u0259hdd\u0259 ittiham edir\",\"datePublished\":\"2024-11-14T15:29:24+00:00\",\"dateModified\":\"2024-11-14T15:29:28+00:00\",\"mainEntityOfPage\":{\"@id\":\"https:\\\/\\\/www.meydan.tv\\\/az\\\/article\\\/zerercekenler-agadadas-agayevi-adam-oldurmeye-cehdde-ittiham-edir\\\/\"},\"wordCount\":1062,\"publisher\":{\"@id\":\"https:\\\/\\\/www.meydan.tv\\\/az\\\/#organization\"},\"image\":{\"@id\":\"https:\\\/\\\/www.meydan.tv\\\/az\\\/article\\\/zerercekenler-agadadas-agayevi-adam-oldurmeye-cehdde-ittiham-edir\\\/#primaryimage\"},\"thumbnailUrl\":\"https:\\\/\\\/www.meydan.tv\\\/wp-content\\\/uploads\\\/photo-2024-11-14-18-11-18-e1731597840984.jpg\",\"articleSection\":[\"Sosial\",\"T\u00f6vsiy\u0259\",\"X\u0259b\u0259rl\u0259r\"],\"inLanguage\":\"az\"},{\"@type\":\"WebPage\",\"@id\":\"https:\\\/\\\/www.meydan.tv\\\/az\\\/article\\\/zerercekenler-agadadas-agayevi-adam-oldurmeye-cehdde-ittiham-edir\\\/\",\"url\":\"https:\\\/\\\/www.meydan.tv\\\/az\\\/article\\\/zerercekenler-agadadas-agayevi-adam-oldurmeye-cehdde-ittiham-edir\\\/\",\"name\":\"Z\u0259r\u0259r\u00e7\u0259k\u0259nl\u0259r A\u011fadada\u015f A\u011fayevi adam \u00f6ld\u00fcrm\u0259y\u0259 c\u0259hdd\u0259 ittiham edir - MEYDAN.TV\",\"isPartOf\":{\"@id\":\"https:\\\/\\\/www.meydan.tv\\\/az\\\/#website\"},\"primaryImageOfPage\":{\"@id\":\"https:\\\/\\\/www.meydan.tv\\\/az\\\/article\\\/zerercekenler-agadadas-agayevi-adam-oldurmeye-cehdde-ittiham-edir\\\/#primaryimage\"},\"image\":{\"@id\":\"https:\\\/\\\/www.meydan.tv\\\/az\\\/article\\\/zerercekenler-agadadas-agayevi-adam-oldurmeye-cehdde-ittiham-edir\\\/#primaryimage\"},\"thumbnailUrl\":\"https:\\\/\\\/www.meydan.tv\\\/wp-content\\\/uploads\\\/photo-2024-11-14-18-11-18-e1731597840984.jpg\",\"datePublished\":\"2024-11-14T15:29:24+00:00\",\"dateModified\":\"2024-11-14T15:29:28+00:00\",\"description\":\"Xalq artistinin i\u015fi \u00fczr\u0259 iki n\u0259f\u0259r z\u0259r\u0259r\u00e7\u0259kmi\u015f qismind\u0259 tan\u0131n\u0131b \u2013 Nur\u0259ddin C\u0259lilov v\u0259 N\u0259zak\u0259t Pa\u015fayeva.\",\"breadcrumb\":{\"@id\":\"https:\\\/\\\/www.meydan.tv\\\/az\\\/article\\\/zerercekenler-agadadas-agayevi-adam-oldurmeye-cehdde-ittiham-edir\\\/#breadcrumb\"},\"inLanguage\":\"az\",\"potentialAction\":[{\"@type\":\"ReadAction\",\"target\":[\"https:\\\/\\\/www.meydan.tv\\\/az\\\/article\\\/zerercekenler-agadadas-agayevi-adam-oldurmeye-cehdde-ittiham-edir\\\/\"]}]},{\"@type\":\"ImageObject\",\"inLanguage\":\"az\",\"@id\":\"https:\\\/\\\/www.meydan.tv\\\/az\\\/article\\\/zerercekenler-agadadas-agayevi-adam-oldurmeye-cehdde-ittiham-edir\\\/#primaryimage\",\"url\":\"https:\\\/\\\/www.meydan.tv\\\/wp-content\\\/uploads\\\/photo-2024-11-14-18-11-18-e1731597840984.jpg\",\"contentUrl\":\"https:\\\/\\\/www.meydan.tv\\\/wp-content\\\/uploads\\\/photo-2024-11-14-18-11-18-e1731597840984.jpg\",\"width\":807,\"height\":485,\"caption\":\"A\u011fadada\u015f A\u011fayev m\u0259hk\u0259m\u0259d\u0259. Foto: Meydan TV\"},{\"@type\":\"BreadcrumbList\",\"@id\":\"https:\\\/\\\/www.meydan.tv\\\/az\\\/article\\\/zerercekenler-agadadas-agayevi-adam-oldurmeye-cehdde-ittiham-edir\\\/#breadcrumb\",\"itemListElement\":[{\"@type\":\"ListItem\",\"position\":1,\"name\":\"Ana s\u0259hif\u0259\",\"item\":\"https:\\\/\\\/www.meydan.tv\\\/az\\\/\"},{\"@type\":\"ListItem\",\"position\":2,\"name\":\"Sosial\",\"item\":\"https:\\\/\\\/www.meydan.tv\\\/az\\\/section\\\/sosial\\\/\"},{\"@type\":\"ListItem\",\"position\":3,\"name\":\"Z\u0259r\u0259r\u00e7\u0259k\u0259nl\u0259r A\u011fadada\u015f A\u011fayevi adam \u00f6ld\u00fcrm\u0259y\u0259 c\u0259hdd\u0259 ittiham edir\"}]},{\"@type\":\"WebSite\",\"@id\":\"https:\\\/\\\/www.meydan.tv\\\/az\\\/#website\",\"url\":\"https:\\\/\\\/www.meydan.tv\\\/az\\\/\",\"name\":\"MEYDAN.TV\",\"description\":\"Meydan TV Az\u0259rbaycan\u0131n media m\u0259kan\u0131ndak\u0131 alternativ s\u0259sidir\",\"publisher\":{\"@id\":\"https:\\\/\\\/www.meydan.tv\\\/az\\\/#organization\"},\"potentialAction\":[{\"@type\":\"SearchAction\",\"target\":{\"@type\":\"EntryPoint\",\"urlTemplate\":\"https:\\\/\\\/www.meydan.tv\\\/az\\\/?s={search_term_string}\"},\"query-input\":{\"@type\":\"PropertyValueSpecification\",\"valueRequired\":true,\"valueName\":\"search_term_string\"}}],\"inLanguage\":\"az\"},{\"@type\":\"Organization\",\"@id\":\"https:\\\/\\\/www.meydan.tv\\\/az\\\/#organization\",\"name\":\"Meydan TV\",\"url\":\"https:\\\/\\\/www.meydan.tv\\\/az\\\/\",\"logo\":{\"@type\":\"ImageObject\",\"inLanguage\":\"az\",\"@id\":\"https:\\\/\\\/www.meydan.tv\\\/az\\\/#\\\/schema\\\/logo\\\/image\\\/\",\"url\":\"https:\\\/\\\/www.meydan.tv\\\/wp-content\\\/uploads\\\/2021\\\/07\\\/meydan-logo.svg\",\"contentUrl\":\"https:\\\/\\\/www.meydan.tv\\\/wp-content\\\/uploads\\\/2021\\\/07\\\/meydan-logo.svg\",\"width\":195,\"height\":46,\"caption\":\"Meydan TV\"},\"image\":{\"@id\":\"https:\\\/\\\/www.meydan.tv\\\/az\\\/#\\\/schema\\\/logo\\\/image\\\/\"}},{\"@type\":\"Person\",\"@id\":\"https:\\\/\\\/www.meydan.tv\\\/az\\\/#\\\/schema\\\/person\\\/09863e516102a829e72bedcf3f84c6b0\",\"name\":\"mahmud\"}]}<\/script>\n<!-- \/ Yoast SEO plugin. -->","yoast_head_json":{"title":"Z\u0259r\u0259r\u00e7\u0259k\u0259nl\u0259r A\u011fadada\u015f A\u011fayevi adam \u00f6ld\u00fcrm\u0259y\u0259 c\u0259hdd\u0259 ittiham edir - MEYDAN.TV","description":"Xalq artistinin i\u015fi \u00fczr\u0259 iki n\u0259f\u0259r z\u0259r\u0259r\u00e7\u0259kmi\u015f qismind\u0259 tan\u0131n\u0131b \u2013 Nur\u0259ddin C\u0259lilov v\u0259 N\u0259zak\u0259t Pa\u015fayeva.","robots":{"index":"index","follow":"follow","max-snippet":"max-snippet:-1","max-image-preview":"max-image-preview:large","max-video-preview":"max-video-preview:-1"},"canonical":"https:\/\/www.meydan.tv\/az\/article\/zerercekenler-agadadas-agayevi-adam-oldurmeye-cehdde-ittiham-edir\/","og_locale":"az_AZ","og_type":"article","og_title":"Z\u0259r\u0259r\u00e7\u0259k\u0259nl\u0259r A\u011fadada\u015f A\u011fayevi adam \u00f6ld\u00fcrm\u0259y\u0259 c\u0259hdd\u0259 ittiham edir - MEYDAN.TV","og_description":"Xalq artistinin i\u015fi \u00fczr\u0259 iki n\u0259f\u0259r z\u0259r\u0259r\u00e7\u0259kmi\u015f qismind\u0259 tan\u0131n\u0131b \u2013 Nur\u0259ddin C\u0259lilov v\u0259 N\u0259zak\u0259t Pa\u015fayeva.","og_url":"https:\/\/www.meydan.tv\/az\/article\/zerercekenler-agadadas-agayevi-adam-oldurmeye-cehdde-ittiham-edir\/","og_site_name":"MEYDAN.TV","article_published_time":"2024-11-14T15:29:24+00:00","article_modified_time":"2024-11-14T15:29:28+00:00","og_image":[{"width":807,"height":485,"url":"https:\/\/www.meydan.tv\/wp-content\/uploads\/photo-2024-11-14-18-11-18-e1731597840984.jpg","type":"image\/jpeg"}],"author":"mahmud","twitter_card":"summary_large_image","schema":{"@context":"https:\/\/schema.org","@graph":[{"@type":"Article","@id":"https:\/\/www.meydan.tv\/az\/article\/zerercekenler-agadadas-agayevi-adam-oldurmeye-cehdde-ittiham-edir\/#article","isPartOf":{"@id":"https:\/\/www.meydan.tv\/az\/article\/zerercekenler-agadadas-agayevi-adam-oldurmeye-cehdde-ittiham-edir\/"},"author":{"name":"mahmud","@id":"https:\/\/www.meydan.tv\/az\/#\/schema\/person\/09863e516102a829e72bedcf3f84c6b0"},"headline":"Z\u0259r\u0259r\u00e7\u0259k\u0259nl\u0259r A\u011fadada\u015f A\u011fayevi adam \u00f6ld\u00fcrm\u0259y\u0259 c\u0259hdd\u0259 ittiham edir","datePublished":"2024-11-14T15:29:24+00:00","dateModified":"2024-11-14T15:29:28+00:00","mainEntityOfPage":{"@id":"https:\/\/www.meydan.tv\/az\/article\/zerercekenler-agadadas-agayevi-adam-oldurmeye-cehdde-ittiham-edir\/"},"wordCount":1062,"publisher":{"@id":"https:\/\/www.meydan.tv\/az\/#organization"},"image":{"@id":"https:\/\/www.meydan.tv\/az\/article\/zerercekenler-agadadas-agayevi-adam-oldurmeye-cehdde-ittiham-edir\/#primaryimage"},"thumbnailUrl":"https:\/\/www.meydan.tv\/wp-content\/uploads\/photo-2024-11-14-18-11-18-e1731597840984.jpg","articleSection":["Sosial","T\u00f6vsiy\u0259","X\u0259b\u0259rl\u0259r"],"inLanguage":"az"},{"@type":"WebPage","@id":"https:\/\/www.meydan.tv\/az\/article\/zerercekenler-agadadas-agayevi-adam-oldurmeye-cehdde-ittiham-edir\/","url":"https:\/\/www.meydan.tv\/az\/article\/zerercekenler-agadadas-agayevi-adam-oldurmeye-cehdde-ittiham-edir\/","name":"Z\u0259r\u0259r\u00e7\u0259k\u0259nl\u0259r A\u011fadada\u015f A\u011fayevi adam \u00f6ld\u00fcrm\u0259y\u0259 c\u0259hdd\u0259 ittiham edir - MEYDAN.TV","isPartOf":{"@id":"https:\/\/www.meydan.tv\/az\/#website"},"primaryImageOfPage":{"@id":"https:\/\/www.meydan.tv\/az\/article\/zerercekenler-agadadas-agayevi-adam-oldurmeye-cehdde-ittiham-edir\/#primaryimage"},"image":{"@id":"https:\/\/www.meydan.tv\/az\/article\/zerercekenler-agadadas-agayevi-adam-oldurmeye-cehdde-ittiham-edir\/#primaryimage"},"thumbnailUrl":"https:\/\/www.meydan.tv\/wp-content\/uploads\/photo-2024-11-14-18-11-18-e1731597840984.jpg","datePublished":"2024-11-14T15:29:24+00:00","dateModified":"2024-11-14T15:29:28+00:00","description":"Xalq artistinin i\u015fi \u00fczr\u0259 iki n\u0259f\u0259r z\u0259r\u0259r\u00e7\u0259kmi\u015f qismind\u0259 tan\u0131n\u0131b \u2013 Nur\u0259ddin C\u0259lilov v\u0259 N\u0259zak\u0259t Pa\u015fayeva.","breadcrumb":{"@id":"https:\/\/www.meydan.tv\/az\/article\/zerercekenler-agadadas-agayevi-adam-oldurmeye-cehdde-ittiham-edir\/#breadcrumb"},"inLanguage":"az","potentialAction":[{"@type":"ReadAction","target":["https:\/\/www.meydan.tv\/az\/article\/zerercekenler-agadadas-agayevi-adam-oldurmeye-cehdde-ittiham-edir\/"]}]},{"@type":"ImageObject","inLanguage":"az","@id":"https:\/\/www.meydan.tv\/az\/article\/zerercekenler-agadadas-agayevi-adam-oldurmeye-cehdde-ittiham-edir\/#primaryimage","url":"https:\/\/www.meydan.tv\/wp-content\/uploads\/photo-2024-11-14-18-11-18-e1731597840984.jpg","contentUrl":"https:\/\/www.meydan.tv\/wp-content\/uploads\/photo-2024-11-14-18-11-18-e1731597840984.jpg","width":807,"height":485,"caption":"A\u011fadada\u015f A\u011fayev m\u0259hk\u0259m\u0259d\u0259. Foto: Meydan TV"},{"@type":"BreadcrumbList","@id":"https:\/\/www.meydan.tv\/az\/article\/zerercekenler-agadadas-agayevi-adam-oldurmeye-cehdde-ittiham-edir\/#breadcrumb","itemListElement":[{"@type":"ListItem","position":1,"name":"Ana s\u0259hif\u0259","item":"https:\/\/www.meydan.tv\/az\/"},{"@type":"ListItem","position":2,"name":"Sosial","item":"https:\/\/www.meydan.tv\/az\/section\/sosial\/"},{"@type":"ListItem","position":3,"name":"Z\u0259r\u0259r\u00e7\u0259k\u0259nl\u0259r A\u011fadada\u015f A\u011fayevi adam \u00f6ld\u00fcrm\u0259y\u0259 c\u0259hdd\u0259 ittiham edir"}]},{"@type":"WebSite","@id":"https:\/\/www.meydan.tv\/az\/#website","url":"https:\/\/www.meydan.tv\/az\/","name":"MEYDAN.TV","description":"Meydan TV Az\u0259rbaycan\u0131n media m\u0259kan\u0131ndak\u0131 alternativ s\u0259sidir","publisher":{"@id":"https:\/\/www.meydan.tv\/az\/#organization"},"potentialAction":[{"@type":"SearchAction","target":{"@type":"EntryPoint","urlTemplate":"https:\/\/www.meydan.tv\/az\/?s={search_term_string}"},"query-input":{"@type":"PropertyValueSpecification","valueRequired":true,"valueName":"search_term_string"}}],"inLanguage":"az"},{"@type":"Organization","@id":"https:\/\/www.meydan.tv\/az\/#organization","name":"Meydan TV","url":"https:\/\/www.meydan.tv\/az\/","logo":{"@type":"ImageObject","inLanguage":"az","@id":"https:\/\/www.meydan.tv\/az\/#\/schema\/logo\/image\/","url":"https:\/\/www.meydan.tv\/wp-content\/uploads\/2021\/07\/meydan-logo.svg","contentUrl":"https:\/\/www.meydan.tv\/wp-content\/uploads\/2021\/07\/meydan-logo.svg","width":195,"height":46,"caption":"Meydan TV"},"image":{"@id":"https:\/\/www.meydan.tv\/az\/#\/schema\/logo\/image\/"}},{"@type":"Person","@id":"https:\/\/www.meydan.tv\/az\/#\/schema\/person\/09863e516102a829e72bedcf3f84c6b0","name":"mahmud"}]}},"_links":{"self":[{"href":"https:\/\/www.meydan.tv\/az\/wp-json\/wp\/v2\/posts\/320578","targetHints":{"allow":["GET"]}}],"collection":[{"href":"https:\/\/www.meydan.tv\/az\/wp-json\/wp\/v2\/posts"}],"about":[{"href":"https:\/\/www.meydan.tv\/az\/wp-json\/wp\/v2\/types\/post"}],"author":[{"embeddable":true,"href":"https:\/\/www.meydan.tv\/az\/wp-json\/wp\/v2\/users\/21"}],"replies":[{"embeddable":true,"href":"https:\/\/www.meydan.tv\/az\/wp-json\/wp\/v2\/comments?post=320578"}],"version-history":[{"count":2,"href":"https:\/\/www.meydan.tv\/az\/wp-json\/wp\/v2\/posts\/320578\/revisions"}],"predecessor-version":[{"id":320589,"href":"https:\/\/www.meydan.tv\/az\/wp-json\/wp\/v2\/posts\/320578\/revisions\/320589"}],"wp:featuredmedia":[{"embeddable":true,"href":"https:\/\/www.meydan.tv\/az\/wp-json\/wp\/v2\/media\/320579"}],"wp:attachment":[{"href":"https:\/\/www.meydan.tv\/az\/wp-json\/wp\/v2\/media?parent=320578"}],"wp:term":[{"taxonomy":"category","embeddable":true,"href":"https:\/\/www.meydan.tv\/az\/wp-json\/wp\/v2\/categories?post=320578"},{"taxonomy":"post_tag","embeddable":true,"href":"https:\/\/www.meydan.tv\/az\/wp-json\/wp\/v2\/tags?post=320578"}],"curies":[{"name":"wp","href":"https:\/\/api.w.org\/{rel}","templated":true}]}}