{"id":320525,"date":"2024-11-14T12:46:57","date_gmt":"2024-11-14T08:46:57","guid":{"rendered":"https:\/\/www.meydan.tv\/?p=320525"},"modified":"2024-11-14T12:47:00","modified_gmt":"2024-11-14T08:47:00","slug":"socar-in-sabiq-vitse-prezidentinin-oglu-ile-bagli-yeni-mehkeme-qalmali","status":"publish","type":"post","link":"https:\/\/www.meydan.tv\/az\/article\/socar-in-sabiq-vitse-prezidentinin-oglu-ile-bagli-yeni-mehkeme-qalmali\/","title":{"rendered":"SOCAR-\u0131n sabiq vitse-prezidentinin o\u011flu il\u0259 ba\u011fl\u0131 yeni m\u0259hk\u0259m\u0259 qalmaqal\u0131"},"content":{"rendered":"\n<p><\/p>\n\n\n\n<p><strong><em>\u00a0Orxan \u0130smay\u0131lzad\u0259nin milyonlarla d\u0259y\u0259ri olan da\u015f\u0131nar v\u0259 da\u015f\u0131nmaz \u0259mlak\u0131 m\u0259lum olub<\/em><\/strong><\/p>\n\n\n\n<p>SOCAR-\u0131n ke\u00e7mi\u015f vitse-prezidenti Mikay\u0131l \u0130smay\u0131lovun o\u011flu Orxan \u0130smay\u0131lzad\u0259y\u0259 qar\u015f\u0131 \u201catal\u0131\u011f\u0131n m\u00fc\u0259yy\u0259n edilm\u0259si v\u0259 aliment t\u0259l\u0259bi\u201d il\u0259 ba\u011fl\u0131 ill\u0259rdir davam ed\u0259n m\u0259hk\u0259m\u0259 prosesi yekunla\u015f\u0131b. Sabun\u00e7u Rayon M\u0259hk\u0259m\u0259sind\u0259 Fidan Abbasovan\u0131n iddias\u0131 \u00fczr\u0259 \u00e7\u0131xar\u0131lm\u0131\u015f q\u0259rar Orxan \u0130smay\u0131lzad\u0259nin \u0259leyhin\u0259 olub.<\/p>\n\n\n\n<p>Baxmayaraq ki, Orxan \u0130smay\u0131lzad\u0259 atal\u0131\u011f\u0131n m\u00fc\u0259yy\u0259nl\u0259\u015fdirilm\u0259si \u00fc\u00e7\u00fcn m\u0259hk\u0259m\u0259nin t\u0259yin etdiyi ekspertizadan ke\u00e7m\u0259kd\u0259n imtina edib, amma m\u0259hk\u0259m\u0259 ba\u015fqa s\u00fcbut-d\u0259lill\u0259rl\u0259 q\u0259rar verib ki, Fidan Abbasovan\u0131n 2015-ci il t\u0259v\u0259ll\u00fcdl\u00fc q\u0131z\u0131n\u0131n atas\u0131 m\u0259hz odur. \u00dcst\u0259lik, azya\u015fl\u0131 u\u015fa\u011f\u0131n saxlanmas\u0131na g\u00f6r\u0259 Orxan \u0130smay\u0131lzad\u0259nin \u00fcz\u0259rin\u0259 aliment \u00f6d\u0259m\u0259k \u00f6hd\u0259liyi d\u0259 qoyulub.<\/p>\n\n\n\n<p>Fidan Abbasova m\u0259hk\u0259m\u0259y\u0259 Orxan \u0130smay\u0131lzad\u0259 il\u0259 m\u00fcnasib\u0259tl\u0259rini t\u0259sdiql\u0259y\u0259n s\u00fcbutlar\u0131, o c\u00fcml\u0259d\u0259n \u00f6z\u00fcn\u00fcn v\u0259 q\u0131z\u0131n\u0131n onunla fotolar\u0131n\u0131, videog\u00f6r\u00fcnt\u00fcl\u0259ri t\u0259qdim edib.<\/p>\n\n\n\n<p>M\u0259hk\u0259m\u0259 ara\u015fd\u0131rmas\u0131 zaman\u0131 m\u0259lum olub ki, SOCAR-\u0131n vitse-prezidentinin o\u011flunun milyonlarla d\u0259y\u0259ri olan da\u015f\u0131nar v\u0259 da\u015f\u0131nmaz \u0259mlaklar\u0131 var. M\u0259s\u0259l\u0259n, \u201cHummer\u201d, \u201cPorsche\u201d markal\u0131 avtomobill\u0259ri, bir ne\u00e7\u0259 m\u0259nzil v\u0259 f\u0259rdi ya\u015fay\u0131\u015f evl\u0259ri, obyektl\u0259ri v\u0259 s. Sabun\u00e7u Rayon M\u0259hk\u0259m\u0259si onun \u00fcz\u0259rin\u0259 ayl\u0131q c\u0259mi 500 manat aliment \u00f6d\u0259m\u0259k \u00f6hd\u0259liyi qoyub.<\/p>\n\n\n\n<p>Orxan \u0130smay\u0131lzad\u0259 Sabun\u00e7u Rayon M\u0259hk\u0259m\u0259sinin q\u0259rar\u0131ndan naraz\u0131d\u0131r. O, q\u0259rardan apelyasiya \u015fikay\u0259ti verib. \u015eikay\u0259t\u0259 yax\u0131n g\u00fcnl\u0259rd\u0259 Bak\u0131 Apelyasiya M\u0259hk\u0259m\u0259sind\u0259 bax\u0131lacaq.<\/p>\n\n\n\n<p>Fidan Abbasova 2017-ci ild\u0259 d\u0259 atal\u0131\u011f\u0131n m\u00fc\u0259yy\u0259n edilm\u0259sil\u0259 ba\u011fl\u0131 m\u0259hk\u0259m\u0259d\u0259 iddia qald\u0131r\u0131b. Lakin sonradan iddias\u0131n\u0131 geri \u00e7\u0259kib. O, bu add\u0131m\u0131n\u0131 h\u0259min vaxt SOCAR-\u0131n sabiq vitse-prezidenti \u2013 Orxan \u0130smay\u0131lzad\u0259nin atas\u0131 Mikay\u0131l \u0130smay\u0131lov t\u0259r\u0259find\u0259n aldad\u0131lmas\u0131 il\u0259 izah edir.<\/p>\n\n\n\n<p>1964-c\u00fc il t\u0259v\u0259ll\u00fcdl\u00fc Mikay\u0131l \u0130smay\u0131lov 2005-2021-ci ill\u0259rd\u0259 SOCAR-\u0131n vitse-prezidenti olub. 2021-ci ild\u0259n bu yana \u201cEkol M\u00fch\u0259ndis Xidm\u0259tl\u0259ri\u201d QSC-nin Direktorlar \u015euras\u0131n\u0131n s\u0259dridir.<\/p>\n","protected":false},"excerpt":{"rendered":"<p>\u00a0Orxan \u0130smay\u0131lzad\u0259nin milyonlarla d\u0259y\u0259ri olan da\u015f\u0131nar v\u0259 da\u015f\u0131nmaz \u0259mlak\u0131 m\u0259lum &#8230; <\/p>\n<p class=\"read-more-container\"><a title=\"SOCAR-\u0131n sabiq vitse-prezidentinin o\u011flu il\u0259 ba\u011fl\u0131 yeni m\u0259hk\u0259m\u0259 qalmaqal\u0131\" class=\"read-more button\" href=\"https:\/\/www.meydan.tv\/az\/article\/socar-in-sabiq-vitse-prezidentinin-oglu-ile-bagli-yeni-mehkeme-qalmali\/#more-320525\" aria-label=\"Read more about SOCAR-\u0131n sabiq vitse-prezidentinin o\u011flu il\u0259 ba\u011fl\u0131 yeni m\u0259hk\u0259m\u0259 qalmaqal\u0131\">Davam\u0131<\/a><\/p>\n","protected":false},"author":8,"featured_media":119396,"comment_status":"closed","ping_status":"closed","sticky":false,"template":"","format":"standard","meta":{"_acf_changed":false,"_sitemap_exclude":false,"_sitemap_priority":"","_sitemap_frequency":"","footnotes":""},"categories":[62,56],"tags":[],"class_list":["post-320525","post","type-post","status-publish","format-standard","has-post-thumbnail","hentry","category-sosial","category-xeberler","infinite-scroll-item","generate-columns","tablet-grid-50","mobile-grid-100","grid-parent","grid-33","no-featured-image-padding"],"acf":[],"yoast_head":"<!-- This site is optimized with the Yoast SEO plugin v27.4 - https:\/\/yoast.com\/product\/yoast-seo-wordpress\/ -->\n<title>SOCAR-\u0131n sabiq vitse-prezidentinin o\u011flu il\u0259 ba\u011fl\u0131 yeni m\u0259hk\u0259m\u0259 qalmaqal\u0131 - MEYDAN.TV<\/title>\n<meta name=\"robots\" content=\"index, follow, max-snippet:-1, max-image-preview:large, max-video-preview:-1\" \/>\n<link rel=\"canonical\" href=\"https:\/\/www.meydan.tv\/az\/article\/socar-in-sabiq-vitse-prezidentinin-oglu-ile-bagli-yeni-mehkeme-qalmali\/\" \/>\n<meta property=\"og:locale\" content=\"az_AZ\" \/>\n<meta property=\"og:type\" content=\"article\" \/>\n<meta property=\"og:title\" content=\"SOCAR-\u0131n sabiq vitse-prezidentinin o\u011flu il\u0259 ba\u011fl\u0131 yeni m\u0259hk\u0259m\u0259 qalmaqal\u0131 - MEYDAN.TV\" \/>\n<meta property=\"og:description\" content=\"\u00a0Orxan \u0130smay\u0131lzad\u0259nin milyonlarla d\u0259y\u0259ri olan da\u015f\u0131nar v\u0259 da\u015f\u0131nmaz \u0259mlak\u0131 m\u0259lum ... Davam\u0131\" \/>\n<meta property=\"og:url\" content=\"https:\/\/www.meydan.tv\/az\/article\/socar-in-sabiq-vitse-prezidentinin-oglu-ile-bagli-yeni-mehkeme-qalmali\/\" \/>\n<meta property=\"og:site_name\" content=\"MEYDAN.TV\" \/>\n<meta property=\"article:published_time\" content=\"2024-11-14T08:46:57+00:00\" \/>\n<meta property=\"article:modified_time\" content=\"2024-11-14T08:47:00+00:00\" \/>\n<meta property=\"og:image\" content=\"https:\/\/www.meydan.tv\/wp-content\/uploads\/47001.width-1024.jpg\" \/>\n\t<meta property=\"og:image:width\" content=\"1024\" \/>\n\t<meta property=\"og:image:height\" content=\"663\" \/>\n\t<meta property=\"og:image:type\" content=\"image\/jpeg\" \/>\n<meta name=\"author\" content=\"elli\" \/>\n<meta name=\"twitter:card\" content=\"summary_large_image\" \/>\n<meta name=\"twitter:creator\" content=\"@elli\" \/>\n<script type=\"application\/ld+json\" class=\"yoast-schema-graph\">{\"@context\":\"https:\\\/\\\/schema.org\",\"@graph\":[{\"@type\":\"Article\",\"@id\":\"https:\\\/\\\/www.meydan.tv\\\/az\\\/article\\\/socar-in-sabiq-vitse-prezidentinin-oglu-ile-bagli-yeni-mehkeme-qalmali\\\/#article\",\"isPartOf\":{\"@id\":\"https:\\\/\\\/www.meydan.tv\\\/az\\\/article\\\/socar-in-sabiq-vitse-prezidentinin-oglu-ile-bagli-yeni-mehkeme-qalmali\\\/\"},\"author\":{\"name\":\"elli\",\"@id\":\"https:\\\/\\\/www.meydan.tv\\\/az\\\/#\\\/schema\\\/person\\\/9cdbecf90d17180ce1dfbd95b08dcf47\"},\"headline\":\"SOCAR-\u0131n sabiq vitse-prezidentinin o\u011flu il\u0259 ba\u011fl\u0131 yeni m\u0259hk\u0259m\u0259 qalmaqal\u0131\",\"datePublished\":\"2024-11-14T08:46:57+00:00\",\"dateModified\":\"2024-11-14T08:47:00+00:00\",\"mainEntityOfPage\":{\"@id\":\"https:\\\/\\\/www.meydan.tv\\\/az\\\/article\\\/socar-in-sabiq-vitse-prezidentinin-oglu-ile-bagli-yeni-mehkeme-qalmali\\\/\"},\"wordCount\":430,\"publisher\":{\"@id\":\"https:\\\/\\\/www.meydan.tv\\\/az\\\/#organization\"},\"image\":{\"@id\":\"https:\\\/\\\/www.meydan.tv\\\/az\\\/article\\\/socar-in-sabiq-vitse-prezidentinin-oglu-ile-bagli-yeni-mehkeme-qalmali\\\/#primaryimage\"},\"thumbnailUrl\":\"https:\\\/\\\/www.meydan.tv\\\/wp-content\\\/uploads\\\/47001.width-1024.jpg\",\"articleSection\":[\"Sosial\",\"X\u0259b\u0259rl\u0259r\"],\"inLanguage\":\"az\"},{\"@type\":\"WebPage\",\"@id\":\"https:\\\/\\\/www.meydan.tv\\\/az\\\/article\\\/socar-in-sabiq-vitse-prezidentinin-oglu-ile-bagli-yeni-mehkeme-qalmali\\\/\",\"url\":\"https:\\\/\\\/www.meydan.tv\\\/az\\\/article\\\/socar-in-sabiq-vitse-prezidentinin-oglu-ile-bagli-yeni-mehkeme-qalmali\\\/\",\"name\":\"SOCAR-\u0131n sabiq vitse-prezidentinin o\u011flu il\u0259 ba\u011fl\u0131 yeni m\u0259hk\u0259m\u0259 qalmaqal\u0131 - MEYDAN.TV\",\"isPartOf\":{\"@id\":\"https:\\\/\\\/www.meydan.tv\\\/az\\\/#website\"},\"primaryImageOfPage\":{\"@id\":\"https:\\\/\\\/www.meydan.tv\\\/az\\\/article\\\/socar-in-sabiq-vitse-prezidentinin-oglu-ile-bagli-yeni-mehkeme-qalmali\\\/#primaryimage\"},\"image\":{\"@id\":\"https:\\\/\\\/www.meydan.tv\\\/az\\\/article\\\/socar-in-sabiq-vitse-prezidentinin-oglu-ile-bagli-yeni-mehkeme-qalmali\\\/#primaryimage\"},\"thumbnailUrl\":\"https:\\\/\\\/www.meydan.tv\\\/wp-content\\\/uploads\\\/47001.width-1024.jpg\",\"datePublished\":\"2024-11-14T08:46:57+00:00\",\"dateModified\":\"2024-11-14T08:47:00+00:00\",\"breadcrumb\":{\"@id\":\"https:\\\/\\\/www.meydan.tv\\\/az\\\/article\\\/socar-in-sabiq-vitse-prezidentinin-oglu-ile-bagli-yeni-mehkeme-qalmali\\\/#breadcrumb\"},\"inLanguage\":\"az\",\"potentialAction\":[{\"@type\":\"ReadAction\",\"target\":[\"https:\\\/\\\/www.meydan.tv\\\/az\\\/article\\\/socar-in-sabiq-vitse-prezidentinin-oglu-ile-bagli-yeni-mehkeme-qalmali\\\/\"]}]},{\"@type\":\"ImageObject\",\"inLanguage\":\"az\",\"@id\":\"https:\\\/\\\/www.meydan.tv\\\/az\\\/article\\\/socar-in-sabiq-vitse-prezidentinin-oglu-ile-bagli-yeni-mehkeme-qalmali\\\/#primaryimage\",\"url\":\"https:\\\/\\\/www.meydan.tv\\\/wp-content\\\/uploads\\\/47001.width-1024.jpg\",\"contentUrl\":\"https:\\\/\\\/www.meydan.tv\\\/wp-content\\\/uploads\\\/47001.width-1024.jpg\",\"width\":1024,\"height\":663,\"caption\":\"Foto: Meydan TV\"},{\"@type\":\"BreadcrumbList\",\"@id\":\"https:\\\/\\\/www.meydan.tv\\\/az\\\/article\\\/socar-in-sabiq-vitse-prezidentinin-oglu-ile-bagli-yeni-mehkeme-qalmali\\\/#breadcrumb\",\"itemListElement\":[{\"@type\":\"ListItem\",\"position\":1,\"name\":\"Ana s\u0259hif\u0259\",\"item\":\"https:\\\/\\\/www.meydan.tv\\\/az\\\/\"},{\"@type\":\"ListItem\",\"position\":2,\"name\":\"Sosial\",\"item\":\"https:\\\/\\\/www.meydan.tv\\\/az\\\/section\\\/sosial\\\/\"},{\"@type\":\"ListItem\",\"position\":3,\"name\":\"SOCAR-\u0131n sabiq vitse-prezidentinin o\u011flu il\u0259 ba\u011fl\u0131 yeni m\u0259hk\u0259m\u0259 qalmaqal\u0131\"}]},{\"@type\":\"WebSite\",\"@id\":\"https:\\\/\\\/www.meydan.tv\\\/az\\\/#website\",\"url\":\"https:\\\/\\\/www.meydan.tv\\\/az\\\/\",\"name\":\"MEYDAN.TV\",\"description\":\"Meydan TV Az\u0259rbaycan\u0131n media m\u0259kan\u0131ndak\u0131 alternativ s\u0259sidir\",\"publisher\":{\"@id\":\"https:\\\/\\\/www.meydan.tv\\\/az\\\/#organization\"},\"potentialAction\":[{\"@type\":\"SearchAction\",\"target\":{\"@type\":\"EntryPoint\",\"urlTemplate\":\"https:\\\/\\\/www.meydan.tv\\\/az\\\/?s={search_term_string}\"},\"query-input\":{\"@type\":\"PropertyValueSpecification\",\"valueRequired\":true,\"valueName\":\"search_term_string\"}}],\"inLanguage\":\"az\"},{\"@type\":\"Organization\",\"@id\":\"https:\\\/\\\/www.meydan.tv\\\/az\\\/#organization\",\"name\":\"Meydan TV\",\"url\":\"https:\\\/\\\/www.meydan.tv\\\/az\\\/\",\"logo\":{\"@type\":\"ImageObject\",\"inLanguage\":\"az\",\"@id\":\"https:\\\/\\\/www.meydan.tv\\\/az\\\/#\\\/schema\\\/logo\\\/image\\\/\",\"url\":\"https:\\\/\\\/www.meydan.tv\\\/wp-content\\\/uploads\\\/2021\\\/07\\\/meydan-logo.svg\",\"contentUrl\":\"https:\\\/\\\/www.meydan.tv\\\/wp-content\\\/uploads\\\/2021\\\/07\\\/meydan-logo.svg\",\"width\":195,\"height\":46,\"caption\":\"Meydan TV\"},\"image\":{\"@id\":\"https:\\\/\\\/www.meydan.tv\\\/az\\\/#\\\/schema\\\/logo\\\/image\\\/\"}},{\"@type\":\"Person\",\"@id\":\"https:\\\/\\\/www.meydan.tv\\\/az\\\/#\\\/schema\\\/person\\\/9cdbecf90d17180ce1dfbd95b08dcf47\",\"name\":\"elli\",\"sameAs\":[\"https:\\\/\\\/x.com\\\/elli\"]}]}<\/script>\n<!-- \/ Yoast SEO plugin. -->","yoast_head_json":{"title":"SOCAR-\u0131n sabiq vitse-prezidentinin o\u011flu il\u0259 ba\u011fl\u0131 yeni m\u0259hk\u0259m\u0259 qalmaqal\u0131 - MEYDAN.TV","robots":{"index":"index","follow":"follow","max-snippet":"max-snippet:-1","max-image-preview":"max-image-preview:large","max-video-preview":"max-video-preview:-1"},"canonical":"https:\/\/www.meydan.tv\/az\/article\/socar-in-sabiq-vitse-prezidentinin-oglu-ile-bagli-yeni-mehkeme-qalmali\/","og_locale":"az_AZ","og_type":"article","og_title":"SOCAR-\u0131n sabiq vitse-prezidentinin o\u011flu il\u0259 ba\u011fl\u0131 yeni m\u0259hk\u0259m\u0259 qalmaqal\u0131 - MEYDAN.TV","og_description":"\u00a0Orxan \u0130smay\u0131lzad\u0259nin milyonlarla d\u0259y\u0259ri olan da\u015f\u0131nar v\u0259 da\u015f\u0131nmaz \u0259mlak\u0131 m\u0259lum ... Davam\u0131","og_url":"https:\/\/www.meydan.tv\/az\/article\/socar-in-sabiq-vitse-prezidentinin-oglu-ile-bagli-yeni-mehkeme-qalmali\/","og_site_name":"MEYDAN.TV","article_published_time":"2024-11-14T08:46:57+00:00","article_modified_time":"2024-11-14T08:47:00+00:00","og_image":[{"width":1024,"height":663,"url":"https:\/\/www.meydan.tv\/wp-content\/uploads\/47001.width-1024.jpg","type":"image\/jpeg"}],"author":"elli","twitter_card":"summary_large_image","twitter_creator":"@elli","schema":{"@context":"https:\/\/schema.org","@graph":[{"@type":"Article","@id":"https:\/\/www.meydan.tv\/az\/article\/socar-in-sabiq-vitse-prezidentinin-oglu-ile-bagli-yeni-mehkeme-qalmali\/#article","isPartOf":{"@id":"https:\/\/www.meydan.tv\/az\/article\/socar-in-sabiq-vitse-prezidentinin-oglu-ile-bagli-yeni-mehkeme-qalmali\/"},"author":{"name":"elli","@id":"https:\/\/www.meydan.tv\/az\/#\/schema\/person\/9cdbecf90d17180ce1dfbd95b08dcf47"},"headline":"SOCAR-\u0131n sabiq vitse-prezidentinin o\u011flu il\u0259 ba\u011fl\u0131 yeni m\u0259hk\u0259m\u0259 qalmaqal\u0131","datePublished":"2024-11-14T08:46:57+00:00","dateModified":"2024-11-14T08:47:00+00:00","mainEntityOfPage":{"@id":"https:\/\/www.meydan.tv\/az\/article\/socar-in-sabiq-vitse-prezidentinin-oglu-ile-bagli-yeni-mehkeme-qalmali\/"},"wordCount":430,"publisher":{"@id":"https:\/\/www.meydan.tv\/az\/#organization"},"image":{"@id":"https:\/\/www.meydan.tv\/az\/article\/socar-in-sabiq-vitse-prezidentinin-oglu-ile-bagli-yeni-mehkeme-qalmali\/#primaryimage"},"thumbnailUrl":"https:\/\/www.meydan.tv\/wp-content\/uploads\/47001.width-1024.jpg","articleSection":["Sosial","X\u0259b\u0259rl\u0259r"],"inLanguage":"az"},{"@type":"WebPage","@id":"https:\/\/www.meydan.tv\/az\/article\/socar-in-sabiq-vitse-prezidentinin-oglu-ile-bagli-yeni-mehkeme-qalmali\/","url":"https:\/\/www.meydan.tv\/az\/article\/socar-in-sabiq-vitse-prezidentinin-oglu-ile-bagli-yeni-mehkeme-qalmali\/","name":"SOCAR-\u0131n sabiq vitse-prezidentinin o\u011flu il\u0259 ba\u011fl\u0131 yeni m\u0259hk\u0259m\u0259 qalmaqal\u0131 - MEYDAN.TV","isPartOf":{"@id":"https:\/\/www.meydan.tv\/az\/#website"},"primaryImageOfPage":{"@id":"https:\/\/www.meydan.tv\/az\/article\/socar-in-sabiq-vitse-prezidentinin-oglu-ile-bagli-yeni-mehkeme-qalmali\/#primaryimage"},"image":{"@id":"https:\/\/www.meydan.tv\/az\/article\/socar-in-sabiq-vitse-prezidentinin-oglu-ile-bagli-yeni-mehkeme-qalmali\/#primaryimage"},"thumbnailUrl":"https:\/\/www.meydan.tv\/wp-content\/uploads\/47001.width-1024.jpg","datePublished":"2024-11-14T08:46:57+00:00","dateModified":"2024-11-14T08:47:00+00:00","breadcrumb":{"@id":"https:\/\/www.meydan.tv\/az\/article\/socar-in-sabiq-vitse-prezidentinin-oglu-ile-bagli-yeni-mehkeme-qalmali\/#breadcrumb"},"inLanguage":"az","potentialAction":[{"@type":"ReadAction","target":["https:\/\/www.meydan.tv\/az\/article\/socar-in-sabiq-vitse-prezidentinin-oglu-ile-bagli-yeni-mehkeme-qalmali\/"]}]},{"@type":"ImageObject","inLanguage":"az","@id":"https:\/\/www.meydan.tv\/az\/article\/socar-in-sabiq-vitse-prezidentinin-oglu-ile-bagli-yeni-mehkeme-qalmali\/#primaryimage","url":"https:\/\/www.meydan.tv\/wp-content\/uploads\/47001.width-1024.jpg","contentUrl":"https:\/\/www.meydan.tv\/wp-content\/uploads\/47001.width-1024.jpg","width":1024,"height":663,"caption":"Foto: Meydan TV"},{"@type":"BreadcrumbList","@id":"https:\/\/www.meydan.tv\/az\/article\/socar-in-sabiq-vitse-prezidentinin-oglu-ile-bagli-yeni-mehkeme-qalmali\/#breadcrumb","itemListElement":[{"@type":"ListItem","position":1,"name":"Ana s\u0259hif\u0259","item":"https:\/\/www.meydan.tv\/az\/"},{"@type":"ListItem","position":2,"name":"Sosial","item":"https:\/\/www.meydan.tv\/az\/section\/sosial\/"},{"@type":"ListItem","position":3,"name":"SOCAR-\u0131n sabiq vitse-prezidentinin o\u011flu il\u0259 ba\u011fl\u0131 yeni m\u0259hk\u0259m\u0259 qalmaqal\u0131"}]},{"@type":"WebSite","@id":"https:\/\/www.meydan.tv\/az\/#website","url":"https:\/\/www.meydan.tv\/az\/","name":"MEYDAN.TV","description":"Meydan TV Az\u0259rbaycan\u0131n media m\u0259kan\u0131ndak\u0131 alternativ s\u0259sidir","publisher":{"@id":"https:\/\/www.meydan.tv\/az\/#organization"},"potentialAction":[{"@type":"SearchAction","target":{"@type":"EntryPoint","urlTemplate":"https:\/\/www.meydan.tv\/az\/?s={search_term_string}"},"query-input":{"@type":"PropertyValueSpecification","valueRequired":true,"valueName":"search_term_string"}}],"inLanguage":"az"},{"@type":"Organization","@id":"https:\/\/www.meydan.tv\/az\/#organization","name":"Meydan TV","url":"https:\/\/www.meydan.tv\/az\/","logo":{"@type":"ImageObject","inLanguage":"az","@id":"https:\/\/www.meydan.tv\/az\/#\/schema\/logo\/image\/","url":"https:\/\/www.meydan.tv\/wp-content\/uploads\/2021\/07\/meydan-logo.svg","contentUrl":"https:\/\/www.meydan.tv\/wp-content\/uploads\/2021\/07\/meydan-logo.svg","width":195,"height":46,"caption":"Meydan TV"},"image":{"@id":"https:\/\/www.meydan.tv\/az\/#\/schema\/logo\/image\/"}},{"@type":"Person","@id":"https:\/\/www.meydan.tv\/az\/#\/schema\/person\/9cdbecf90d17180ce1dfbd95b08dcf47","name":"elli","sameAs":["https:\/\/x.com\/elli"]}]}},"_links":{"self":[{"href":"https:\/\/www.meydan.tv\/az\/wp-json\/wp\/v2\/posts\/320525","targetHints":{"allow":["GET"]}}],"collection":[{"href":"https:\/\/www.meydan.tv\/az\/wp-json\/wp\/v2\/posts"}],"about":[{"href":"https:\/\/www.meydan.tv\/az\/wp-json\/wp\/v2\/types\/post"}],"author":[{"embeddable":true,"href":"https:\/\/www.meydan.tv\/az\/wp-json\/wp\/v2\/users\/8"}],"replies":[{"embeddable":true,"href":"https:\/\/www.meydan.tv\/az\/wp-json\/wp\/v2\/comments?post=320525"}],"version-history":[{"count":3,"href":"https:\/\/www.meydan.tv\/az\/wp-json\/wp\/v2\/posts\/320525\/revisions"}],"predecessor-version":[{"id":320528,"href":"https:\/\/www.meydan.tv\/az\/wp-json\/wp\/v2\/posts\/320525\/revisions\/320528"}],"wp:featuredmedia":[{"embeddable":true,"href":"https:\/\/www.meydan.tv\/az\/wp-json\/wp\/v2\/media\/119396"}],"wp:attachment":[{"href":"https:\/\/www.meydan.tv\/az\/wp-json\/wp\/v2\/media?parent=320525"}],"wp:term":[{"taxonomy":"category","embeddable":true,"href":"https:\/\/www.meydan.tv\/az\/wp-json\/wp\/v2\/categories?post=320525"},{"taxonomy":"post_tag","embeddable":true,"href":"https:\/\/www.meydan.tv\/az\/wp-json\/wp\/v2\/tags?post=320525"}],"curies":[{"name":"wp","href":"https:\/\/api.w.org\/{rel}","templated":true}]}}