{"id":320434,"date":"2024-11-13T16:27:05","date_gmt":"2024-11-13T12:27:05","guid":{"rendered":"https:\/\/www.meydan.tv\/?p=320434"},"modified":"2024-11-13T16:27:08","modified_gmt":"2024-11-13T12:27:08","slug":"bukerin-qalibi-ingilis-yazicisi-oldu","status":"publish","type":"post","link":"https:\/\/www.meydan.tv\/az\/article\/bukerin-qalibi-ingilis-yazicisi-oldu\/","title":{"rendered":"\u201cBuker\u201din qalibi ingilis yaz\u0131\u00e7\u0131s\u0131 oldu"},"content":{"rendered":"\n<p><\/p>\n\n\n\n<p><strong><em>Samanta Harvi m\u00fckafat\u0131 \u201cOrbit\u201d roman\u0131na g\u00f6r\u0259 al\u0131b<\/em><\/strong><\/p>\n\n\n\n<p>\u201cBuker\u201d (The Booker Prize) \u0259d\u0259biyyat m\u00fckafat\u0131n\u0131n builki qalibi <a href=\"https:\/\/thebookerprizes.com\/the-booker-library\/prize-years\/2024\" target=\"_blank\" rel=\"noreferrer noopener\">a\u00e7\u0131qlan\u0131b<\/a>.<\/p>\n\n\n\n<p>Britaniyal\u0131 yaz\u0131\u00e7\u0131 Samanta Harvi \u201cOrbit\u201d roman\u0131na g\u00f6r\u0259 bu m\u00fckafat\u0131 qazan\u0131b.<\/p>\n\n\n\n<p>M\u00fckafatland\u0131rma m\u0259rasimi Londonda olub v\u0259 bu il m\u00fcnsifl\u0259r hey\u0259tin\u0259 britaniyal\u0131 yaz\u0131\u00e7\u0131 v\u0259 r\u0259ssam Edmund de Vaal r\u0259hb\u0259rlik edib.<\/p>\n\n\n\n<p>O, m\u00fcnsifl\u0259r hey\u0259tinin yekdillikl\u0259 Samanta Harvinin roman\u0131na \u00fcst\u00fcnl\u00fck verdiyini s\u00f6yl\u0259yib.<\/p>\n\n\n\n<p>Samanta Harvi 2019-cu ild\u0259n b\u0259ri m\u00fckafat\u0131 qazanan ilk qad\u0131nd\u0131r.<\/p>\n\n\n\n<p>136 s\u0259hif\u0259lik roman beyn\u0259lxalq kosmik stansiyada alt\u0131 astronavt\u0131n h\u0259yat\u0131n\u0131n bir g\u00fcn\u00fcnd\u0259n b\u0259hs edir.<\/p>\n\n\n\n<p>\u201cBuker\u201d 1969-cu ild\u0259n verilir.<\/p>\n\n\n\n<p>M\u00fckafat ist\u0259nil\u0259n mill\u0259td\u0259n olan yaz\u0131\u00e7\u0131lar\u0131n ingilis dilind\u0259 yaz\u0131lm\u0131\u015f v\u0259 Britaniya v\u0259 ya \u0130rlandiyada son bir ild\u0259 n\u0259\u015fr olunmu\u015f b\u0259dii \u0259s\u0259rl\u0259rin\u0259 a\u00e7\u0131qd\u0131r.<\/p>\n\n\n\n<p>Qalib\u0259 h\u0259m\u00e7inin 50 min funt sterlinq m\u00fckafat da t\u0259qdim edilir.<\/p>\n","protected":false},"excerpt":{"rendered":"<p>Samanta Harvi m\u00fckafat\u0131 \u201cOrbit\u201d roman\u0131na g\u00f6r\u0259 al\u0131b \u201cBuker\u201d (The Booker &#8230; <\/p>\n<p class=\"read-more-container\"><a title=\"\u201cBuker\u201din qalibi ingilis yaz\u0131\u00e7\u0131s\u0131 oldu\" class=\"read-more button\" href=\"https:\/\/www.meydan.tv\/az\/article\/bukerin-qalibi-ingilis-yazicisi-oldu\/#more-320434\" aria-label=\"Read more about \u201cBuker\u201din qalibi ingilis yaz\u0131\u00e7\u0131s\u0131 oldu\">Davam\u0131<\/a><\/p>\n","protected":false},"author":8,"featured_media":320436,"comment_status":"closed","ping_status":"closed","sticky":false,"template":"","format":"standard","meta":{"_acf_changed":false,"_sitemap_exclude":false,"_sitemap_priority":"","_sitemap_frequency":"","footnotes":""},"categories":[52,56],"tags":[],"class_list":["post-320434","post","type-post","status-publish","format-standard","has-post-thumbnail","hentry","category-medeniyyet","category-xeberler","infinite-scroll-item","generate-columns","tablet-grid-50","mobile-grid-100","grid-parent","grid-33","no-featured-image-padding"],"acf":[],"yoast_head":"<!-- This site is optimized with the Yoast SEO plugin v27.4 - https:\/\/yoast.com\/product\/yoast-seo-wordpress\/ -->\n<title>\u201cBuker\u201din qalibi ingilis yaz\u0131\u00e7\u0131s\u0131 oldu - MEYDAN.TV<\/title>\n<meta name=\"robots\" content=\"index, follow, max-snippet:-1, max-image-preview:large, max-video-preview:-1\" \/>\n<link rel=\"canonical\" href=\"https:\/\/www.meydan.tv\/az\/article\/bukerin-qalibi-ingilis-yazicisi-oldu\/\" \/>\n<meta property=\"og:locale\" content=\"az_AZ\" \/>\n<meta property=\"og:type\" content=\"article\" \/>\n<meta property=\"og:title\" content=\"\u201cBuker\u201din qalibi ingilis yaz\u0131\u00e7\u0131s\u0131 oldu - MEYDAN.TV\" \/>\n<meta property=\"og:description\" content=\"Samanta Harvi m\u00fckafat\u0131 \u201cOrbit\u201d roman\u0131na g\u00f6r\u0259 al\u0131b \u201cBuker\u201d (The Booker ... Davam\u0131\" \/>\n<meta property=\"og:url\" content=\"https:\/\/www.meydan.tv\/az\/article\/bukerin-qalibi-ingilis-yazicisi-oldu\/\" \/>\n<meta property=\"og:site_name\" content=\"MEYDAN.TV\" \/>\n<meta property=\"article:published_time\" content=\"2024-11-13T12:27:05+00:00\" \/>\n<meta property=\"article:modified_time\" content=\"2024-11-13T12:27:08+00:00\" \/>\n<meta property=\"og:image\" content=\"https:\/\/www.meydan.tv\/wp-content\/uploads\/screenshot_1-46-e1731500701198.png\" \/>\n\t<meta property=\"og:image:width\" content=\"1900\" \/>\n\t<meta property=\"og:image:height\" content=\"788\" \/>\n\t<meta property=\"og:image:type\" content=\"image\/png\" \/>\n<meta name=\"author\" content=\"elli\" \/>\n<meta name=\"twitter:card\" content=\"summary_large_image\" \/>\n<meta name=\"twitter:creator\" content=\"@elli\" \/>\n<script type=\"application\/ld+json\" class=\"yoast-schema-graph\">{\"@context\":\"https:\\\/\\\/schema.org\",\"@graph\":[{\"@type\":\"Article\",\"@id\":\"https:\\\/\\\/www.meydan.tv\\\/az\\\/article\\\/bukerin-qalibi-ingilis-yazicisi-oldu\\\/#article\",\"isPartOf\":{\"@id\":\"https:\\\/\\\/www.meydan.tv\\\/az\\\/article\\\/bukerin-qalibi-ingilis-yazicisi-oldu\\\/\"},\"author\":{\"name\":\"elli\",\"@id\":\"https:\\\/\\\/www.meydan.tv\\\/az\\\/#\\\/schema\\\/person\\\/9cdbecf90d17180ce1dfbd95b08dcf47\"},\"headline\":\"\u201cBuker\u201din qalibi ingilis yaz\u0131\u00e7\u0131s\u0131 oldu\",\"datePublished\":\"2024-11-13T12:27:05+00:00\",\"dateModified\":\"2024-11-13T12:27:08+00:00\",\"mainEntityOfPage\":{\"@id\":\"https:\\\/\\\/www.meydan.tv\\\/az\\\/article\\\/bukerin-qalibi-ingilis-yazicisi-oldu\\\/\"},\"wordCount\":182,\"publisher\":{\"@id\":\"https:\\\/\\\/www.meydan.tv\\\/az\\\/#organization\"},\"image\":{\"@id\":\"https:\\\/\\\/www.meydan.tv\\\/az\\\/article\\\/bukerin-qalibi-ingilis-yazicisi-oldu\\\/#primaryimage\"},\"thumbnailUrl\":\"https:\\\/\\\/www.meydan.tv\\\/wp-content\\\/uploads\\\/screenshot_1-46-e1731500701198.png\",\"articleSection\":[\"M\u0259d\u0259niyy\u0259t\",\"X\u0259b\u0259rl\u0259r\"],\"inLanguage\":\"az\"},{\"@type\":\"WebPage\",\"@id\":\"https:\\\/\\\/www.meydan.tv\\\/az\\\/article\\\/bukerin-qalibi-ingilis-yazicisi-oldu\\\/\",\"url\":\"https:\\\/\\\/www.meydan.tv\\\/az\\\/article\\\/bukerin-qalibi-ingilis-yazicisi-oldu\\\/\",\"name\":\"\u201cBuker\u201din qalibi ingilis yaz\u0131\u00e7\u0131s\u0131 oldu - MEYDAN.TV\",\"isPartOf\":{\"@id\":\"https:\\\/\\\/www.meydan.tv\\\/az\\\/#website\"},\"primaryImageOfPage\":{\"@id\":\"https:\\\/\\\/www.meydan.tv\\\/az\\\/article\\\/bukerin-qalibi-ingilis-yazicisi-oldu\\\/#primaryimage\"},\"image\":{\"@id\":\"https:\\\/\\\/www.meydan.tv\\\/az\\\/article\\\/bukerin-qalibi-ingilis-yazicisi-oldu\\\/#primaryimage\"},\"thumbnailUrl\":\"https:\\\/\\\/www.meydan.tv\\\/wp-content\\\/uploads\\\/screenshot_1-46-e1731500701198.png\",\"datePublished\":\"2024-11-13T12:27:05+00:00\",\"dateModified\":\"2024-11-13T12:27:08+00:00\",\"breadcrumb\":{\"@id\":\"https:\\\/\\\/www.meydan.tv\\\/az\\\/article\\\/bukerin-qalibi-ingilis-yazicisi-oldu\\\/#breadcrumb\"},\"inLanguage\":\"az\",\"potentialAction\":[{\"@type\":\"ReadAction\",\"target\":[\"https:\\\/\\\/www.meydan.tv\\\/az\\\/article\\\/bukerin-qalibi-ingilis-yazicisi-oldu\\\/\"]}]},{\"@type\":\"ImageObject\",\"inLanguage\":\"az\",\"@id\":\"https:\\\/\\\/www.meydan.tv\\\/az\\\/article\\\/bukerin-qalibi-ingilis-yazicisi-oldu\\\/#primaryimage\",\"url\":\"https:\\\/\\\/www.meydan.tv\\\/wp-content\\\/uploads\\\/screenshot_1-46-e1731500701198.png\",\"contentUrl\":\"https:\\\/\\\/www.meydan.tv\\\/wp-content\\\/uploads\\\/screenshot_1-46-e1731500701198.png\",\"width\":1900,\"height\":788,\"caption\":\"Samanta Harvi. Foto-screenshot: \\\"thebookerprizes.com\\\" sayt\u0131ndan\"},{\"@type\":\"BreadcrumbList\",\"@id\":\"https:\\\/\\\/www.meydan.tv\\\/az\\\/article\\\/bukerin-qalibi-ingilis-yazicisi-oldu\\\/#breadcrumb\",\"itemListElement\":[{\"@type\":\"ListItem\",\"position\":1,\"name\":\"Ana s\u0259hif\u0259\",\"item\":\"https:\\\/\\\/www.meydan.tv\\\/az\\\/\"},{\"@type\":\"ListItem\",\"position\":2,\"name\":\"M\u0259d\u0259niyy\u0259t\",\"item\":\"https:\\\/\\\/www.meydan.tv\\\/az\\\/section\\\/medeniyyet\\\/\"},{\"@type\":\"ListItem\",\"position\":3,\"name\":\"\u201cBuker\u201din qalibi ingilis yaz\u0131\u00e7\u0131s\u0131 oldu\"}]},{\"@type\":\"WebSite\",\"@id\":\"https:\\\/\\\/www.meydan.tv\\\/az\\\/#website\",\"url\":\"https:\\\/\\\/www.meydan.tv\\\/az\\\/\",\"name\":\"MEYDAN.TV\",\"description\":\"Meydan TV Az\u0259rbaycan\u0131n media m\u0259kan\u0131ndak\u0131 alternativ s\u0259sidir\",\"publisher\":{\"@id\":\"https:\\\/\\\/www.meydan.tv\\\/az\\\/#organization\"},\"potentialAction\":[{\"@type\":\"SearchAction\",\"target\":{\"@type\":\"EntryPoint\",\"urlTemplate\":\"https:\\\/\\\/www.meydan.tv\\\/az\\\/?s={search_term_string}\"},\"query-input\":{\"@type\":\"PropertyValueSpecification\",\"valueRequired\":true,\"valueName\":\"search_term_string\"}}],\"inLanguage\":\"az\"},{\"@type\":\"Organization\",\"@id\":\"https:\\\/\\\/www.meydan.tv\\\/az\\\/#organization\",\"name\":\"Meydan TV\",\"url\":\"https:\\\/\\\/www.meydan.tv\\\/az\\\/\",\"logo\":{\"@type\":\"ImageObject\",\"inLanguage\":\"az\",\"@id\":\"https:\\\/\\\/www.meydan.tv\\\/az\\\/#\\\/schema\\\/logo\\\/image\\\/\",\"url\":\"https:\\\/\\\/www.meydan.tv\\\/wp-content\\\/uploads\\\/2021\\\/07\\\/meydan-logo.svg\",\"contentUrl\":\"https:\\\/\\\/www.meydan.tv\\\/wp-content\\\/uploads\\\/2021\\\/07\\\/meydan-logo.svg\",\"width\":195,\"height\":46,\"caption\":\"Meydan TV\"},\"image\":{\"@id\":\"https:\\\/\\\/www.meydan.tv\\\/az\\\/#\\\/schema\\\/logo\\\/image\\\/\"}},{\"@type\":\"Person\",\"@id\":\"https:\\\/\\\/www.meydan.tv\\\/az\\\/#\\\/schema\\\/person\\\/9cdbecf90d17180ce1dfbd95b08dcf47\",\"name\":\"elli\",\"sameAs\":[\"https:\\\/\\\/x.com\\\/elli\"]}]}<\/script>\n<!-- \/ Yoast SEO plugin. -->","yoast_head_json":{"title":"\u201cBuker\u201din qalibi ingilis yaz\u0131\u00e7\u0131s\u0131 oldu - MEYDAN.TV","robots":{"index":"index","follow":"follow","max-snippet":"max-snippet:-1","max-image-preview":"max-image-preview:large","max-video-preview":"max-video-preview:-1"},"canonical":"https:\/\/www.meydan.tv\/az\/article\/bukerin-qalibi-ingilis-yazicisi-oldu\/","og_locale":"az_AZ","og_type":"article","og_title":"\u201cBuker\u201din qalibi ingilis yaz\u0131\u00e7\u0131s\u0131 oldu - MEYDAN.TV","og_description":"Samanta Harvi m\u00fckafat\u0131 \u201cOrbit\u201d roman\u0131na g\u00f6r\u0259 al\u0131b \u201cBuker\u201d (The Booker ... Davam\u0131","og_url":"https:\/\/www.meydan.tv\/az\/article\/bukerin-qalibi-ingilis-yazicisi-oldu\/","og_site_name":"MEYDAN.TV","article_published_time":"2024-11-13T12:27:05+00:00","article_modified_time":"2024-11-13T12:27:08+00:00","og_image":[{"width":1900,"height":788,"url":"https:\/\/www.meydan.tv\/wp-content\/uploads\/screenshot_1-46-e1731500701198.png","type":"image\/png"}],"author":"elli","twitter_card":"summary_large_image","twitter_creator":"@elli","schema":{"@context":"https:\/\/schema.org","@graph":[{"@type":"Article","@id":"https:\/\/www.meydan.tv\/az\/article\/bukerin-qalibi-ingilis-yazicisi-oldu\/#article","isPartOf":{"@id":"https:\/\/www.meydan.tv\/az\/article\/bukerin-qalibi-ingilis-yazicisi-oldu\/"},"author":{"name":"elli","@id":"https:\/\/www.meydan.tv\/az\/#\/schema\/person\/9cdbecf90d17180ce1dfbd95b08dcf47"},"headline":"\u201cBuker\u201din qalibi ingilis yaz\u0131\u00e7\u0131s\u0131 oldu","datePublished":"2024-11-13T12:27:05+00:00","dateModified":"2024-11-13T12:27:08+00:00","mainEntityOfPage":{"@id":"https:\/\/www.meydan.tv\/az\/article\/bukerin-qalibi-ingilis-yazicisi-oldu\/"},"wordCount":182,"publisher":{"@id":"https:\/\/www.meydan.tv\/az\/#organization"},"image":{"@id":"https:\/\/www.meydan.tv\/az\/article\/bukerin-qalibi-ingilis-yazicisi-oldu\/#primaryimage"},"thumbnailUrl":"https:\/\/www.meydan.tv\/wp-content\/uploads\/screenshot_1-46-e1731500701198.png","articleSection":["M\u0259d\u0259niyy\u0259t","X\u0259b\u0259rl\u0259r"],"inLanguage":"az"},{"@type":"WebPage","@id":"https:\/\/www.meydan.tv\/az\/article\/bukerin-qalibi-ingilis-yazicisi-oldu\/","url":"https:\/\/www.meydan.tv\/az\/article\/bukerin-qalibi-ingilis-yazicisi-oldu\/","name":"\u201cBuker\u201din qalibi ingilis yaz\u0131\u00e7\u0131s\u0131 oldu - MEYDAN.TV","isPartOf":{"@id":"https:\/\/www.meydan.tv\/az\/#website"},"primaryImageOfPage":{"@id":"https:\/\/www.meydan.tv\/az\/article\/bukerin-qalibi-ingilis-yazicisi-oldu\/#primaryimage"},"image":{"@id":"https:\/\/www.meydan.tv\/az\/article\/bukerin-qalibi-ingilis-yazicisi-oldu\/#primaryimage"},"thumbnailUrl":"https:\/\/www.meydan.tv\/wp-content\/uploads\/screenshot_1-46-e1731500701198.png","datePublished":"2024-11-13T12:27:05+00:00","dateModified":"2024-11-13T12:27:08+00:00","breadcrumb":{"@id":"https:\/\/www.meydan.tv\/az\/article\/bukerin-qalibi-ingilis-yazicisi-oldu\/#breadcrumb"},"inLanguage":"az","potentialAction":[{"@type":"ReadAction","target":["https:\/\/www.meydan.tv\/az\/article\/bukerin-qalibi-ingilis-yazicisi-oldu\/"]}]},{"@type":"ImageObject","inLanguage":"az","@id":"https:\/\/www.meydan.tv\/az\/article\/bukerin-qalibi-ingilis-yazicisi-oldu\/#primaryimage","url":"https:\/\/www.meydan.tv\/wp-content\/uploads\/screenshot_1-46-e1731500701198.png","contentUrl":"https:\/\/www.meydan.tv\/wp-content\/uploads\/screenshot_1-46-e1731500701198.png","width":1900,"height":788,"caption":"Samanta Harvi. Foto-screenshot: \"thebookerprizes.com\" sayt\u0131ndan"},{"@type":"BreadcrumbList","@id":"https:\/\/www.meydan.tv\/az\/article\/bukerin-qalibi-ingilis-yazicisi-oldu\/#breadcrumb","itemListElement":[{"@type":"ListItem","position":1,"name":"Ana s\u0259hif\u0259","item":"https:\/\/www.meydan.tv\/az\/"},{"@type":"ListItem","position":2,"name":"M\u0259d\u0259niyy\u0259t","item":"https:\/\/www.meydan.tv\/az\/section\/medeniyyet\/"},{"@type":"ListItem","position":3,"name":"\u201cBuker\u201din qalibi ingilis yaz\u0131\u00e7\u0131s\u0131 oldu"}]},{"@type":"WebSite","@id":"https:\/\/www.meydan.tv\/az\/#website","url":"https:\/\/www.meydan.tv\/az\/","name":"MEYDAN.TV","description":"Meydan TV Az\u0259rbaycan\u0131n media m\u0259kan\u0131ndak\u0131 alternativ s\u0259sidir","publisher":{"@id":"https:\/\/www.meydan.tv\/az\/#organization"},"potentialAction":[{"@type":"SearchAction","target":{"@type":"EntryPoint","urlTemplate":"https:\/\/www.meydan.tv\/az\/?s={search_term_string}"},"query-input":{"@type":"PropertyValueSpecification","valueRequired":true,"valueName":"search_term_string"}}],"inLanguage":"az"},{"@type":"Organization","@id":"https:\/\/www.meydan.tv\/az\/#organization","name":"Meydan TV","url":"https:\/\/www.meydan.tv\/az\/","logo":{"@type":"ImageObject","inLanguage":"az","@id":"https:\/\/www.meydan.tv\/az\/#\/schema\/logo\/image\/","url":"https:\/\/www.meydan.tv\/wp-content\/uploads\/2021\/07\/meydan-logo.svg","contentUrl":"https:\/\/www.meydan.tv\/wp-content\/uploads\/2021\/07\/meydan-logo.svg","width":195,"height":46,"caption":"Meydan TV"},"image":{"@id":"https:\/\/www.meydan.tv\/az\/#\/schema\/logo\/image\/"}},{"@type":"Person","@id":"https:\/\/www.meydan.tv\/az\/#\/schema\/person\/9cdbecf90d17180ce1dfbd95b08dcf47","name":"elli","sameAs":["https:\/\/x.com\/elli"]}]}},"_links":{"self":[{"href":"https:\/\/www.meydan.tv\/az\/wp-json\/wp\/v2\/posts\/320434","targetHints":{"allow":["GET"]}}],"collection":[{"href":"https:\/\/www.meydan.tv\/az\/wp-json\/wp\/v2\/posts"}],"about":[{"href":"https:\/\/www.meydan.tv\/az\/wp-json\/wp\/v2\/types\/post"}],"author":[{"embeddable":true,"href":"https:\/\/www.meydan.tv\/az\/wp-json\/wp\/v2\/users\/8"}],"replies":[{"embeddable":true,"href":"https:\/\/www.meydan.tv\/az\/wp-json\/wp\/v2\/comments?post=320434"}],"version-history":[{"count":2,"href":"https:\/\/www.meydan.tv\/az\/wp-json\/wp\/v2\/posts\/320434\/revisions"}],"predecessor-version":[{"id":320441,"href":"https:\/\/www.meydan.tv\/az\/wp-json\/wp\/v2\/posts\/320434\/revisions\/320441"}],"wp:featuredmedia":[{"embeddable":true,"href":"https:\/\/www.meydan.tv\/az\/wp-json\/wp\/v2\/media\/320436"}],"wp:attachment":[{"href":"https:\/\/www.meydan.tv\/az\/wp-json\/wp\/v2\/media?parent=320434"}],"wp:term":[{"taxonomy":"category","embeddable":true,"href":"https:\/\/www.meydan.tv\/az\/wp-json\/wp\/v2\/categories?post=320434"},{"taxonomy":"post_tag","embeddable":true,"href":"https:\/\/www.meydan.tv\/az\/wp-json\/wp\/v2\/tags?post=320434"}],"curies":[{"name":"wp","href":"https:\/\/api.w.org\/{rel}","templated":true}]}}