{"id":320411,"date":"2024-11-13T13:22:44","date_gmt":"2024-11-13T09:22:44","guid":{"rendered":"https:\/\/www.meydan.tv\/?p=320411"},"modified":"2024-11-13T13:22:47","modified_gmt":"2024-11-13T09:22:47","slug":"bakida-yagislar-neticesinde-yaranan-problemle-bagli-cinayet-isi-acilib","status":"publish","type":"post","link":"https:\/\/www.meydan.tv\/az\/article\/bakida-yagislar-neticesinde-yaranan-problemle-bagli-cinayet-isi-acilib\/","title":{"rendered":"Bak\u0131da ya\u011f\u0131\u015flar n\u0259tic\u0259sind\u0259 yaranan probleml\u0259 ba\u011fl\u0131 cinay\u0259t i\u015fi a\u00e7\u0131l\u0131b"},"content":{"rendered":"\n<p><\/p>\n\n\n\n<p><strong><em>Eldar \u018fzizov keyfiyy\u0259tsiz tikinti il\u0259 ba\u011fl\u0131 istintaq\u0131n apar\u0131ld\u0131\u011f\u0131n\u0131 deyir<\/em><\/strong><\/p>\n\n\n\n<p>Oktyabr\u0131n 22-d\u0259 Bak\u0131da g\u00fccl\u00fc ya\u011f\u0131\u015flar n\u0259tic\u0259sind\u0259 yol ke\u00e7idl\u0259rini, tunell\u0259ri v\u0259 \u00e7oxsayl\u0131 k\u00fc\u00e7\u0259l\u0259ri sel basmas\u0131 n\u0259tic\u0259sind\u0259 Sabun\u00e7u rayonu \u0259razisind\u0259 tuneld\u0259 iki n\u0259f\u0259rin h\u0259yat\u0131n\u0131 itirm\u0259si il\u0259 ba\u011fl\u0131 cinay\u0259t i\u015finin a\u00e7\u0131ld\u0131\u011f\u0131 deyilir.<\/p>\n\n\n\n<p>&#8220;Turan&#8221;\u0131n <a href=\"https:\/\/turan.az\/az\/siyaset\/eldar-ezizov-guclu-yagislar-neticesinde-yaranan-problemle-bagli-cinaytet-isi-qaldirilib-786858\" target=\"_blank\" rel=\"noreferrer noopener\">m\u0259lumat<\/a>\u0131na g\u00f6r\u0259, bu bar\u0259d\u0259 Bak\u0131 \u015e\u0259h\u0259r \u0130cra Hakimiyy\u0259tinin ba\u015f\u00e7\u0131s\u0131 Eldar \u018fzizov dan\u0131\u015f\u0131b.<\/p>\n\n\n\n<p>Eldar \u018fzizov bildirib ki, g\u00fccl\u00fc ya\u011f\u0131\u015fdan sonra Bak\u0131da su ke\u00e7idl\u0259ri infrastrukturunun z\u0259if yerl\u0259ri \u00fcz\u0259 \u00e7\u0131x\u0131b.<\/p>\n\n\n\n<p>Onun s\u00f6zl\u0259rin\u0259 g\u00f6r\u0259, paytaxt\u0131n kanalizasiya, su t\u0259chizat sistemi \u201cAz\u0259rsu\u201dnun balans\u0131ndad\u0131r:<\/p>\n\n\n\n<p><em>&#8220;Bu onlar\u0131n v\u0259zif\u0259l\u0259ridir. Tunell\u0259r is\u0259 &#8220;Az\u0259r-Yol-Tikinti&#8221;nin balans\u0131ndad\u0131r. Amma buna baxmayaraq burada Bak\u0131 \u015f\u0259h\u0259r \u0130cra Hakimiyy\u0259ti koordinator kimi \u00e7\u0131x\u0131\u015f etm\u0259lidir. Biz \u00f6z\u00fcm\u00fcz\u00fc m\u0259suliyy\u0259td\u0259n k\u0259narla\u015fd\u0131rm\u0131r\u0131q v\u0259 bu qurumlarla \u0259m\u0259kda\u015fl\u0131q edirik. T\u0259dbirl\u0259r g\u00f6r\u00fcr\u00fck ki, bir daha bel\u0259 hadis\u0259l\u0259r olmas\u0131n\u201d.<\/em><\/p>\n\n\n<div class=\"wp-block-image\">\n<figure class=\"alignright size-full is-resized\"><img decoding=\"async\" width=\"1104\" height=\"612\" data-src=\"https:\/\/www.meydan.tv\/wp-content\/uploads\/39301.png\" alt=\"Eldar \u018fzizov\" class=\"wp-image-99350 lazyload\" style=\"--smush-placeholder-width: 1104px; --smush-placeholder-aspect-ratio: 1104\/612;width:405px;height:auto\" src=\"data:image\/svg+xml;base64,PHN2ZyB3aWR0aD0iMSIgaGVpZ2h0PSIxIiB4bWxucz0iaHR0cDovL3d3dy53My5vcmcvMjAwMC9zdmciPjwvc3ZnPg==\" \/><figcaption class=\"wp-element-caption\">Foto: Az\u0259rtac<\/figcaption><\/figure>\n<\/div>\n\n\n<p>Eldar \u018fzizov keyfiyy\u0259tsiz tikinti i\u015fl\u0259ri il\u0259 ba\u011fl\u0131 ara\u015fd\u0131rma apar\u0131l\u0131b-apar\u0131lmamas\u0131 bar\u0259d\u0259 suala bel\u0259 cavab verib:<\/p>\n\n\n\n<p>&#8220;<em>Son ya\u011f\u0131\u015flar zaman\u0131 ba\u015f ver\u0259n hadis\u0259l\u0259rl\u0259 ba\u011fl\u0131 prokurorluqda cinay\u0259t i\u015fi a\u00e7\u0131l\u0131b. Hadis\u0259 ba\u015f ver\u0259n tunel &#8220;Az\u0259rbaycan D\u0259mir Yollar\u0131&#8221; QSC-nin balans\u0131ndad\u0131r. T\u0259bii ki, indi prokurorluq t\u0259r\u0259find\u0259n istintaq apar\u0131l\u0131r. Y\u0259qin, n\u0259tic\u0259l\u0259ri il\u0259 ba\u011fl\u0131 m\u0259lumat ver\u0259c\u0259kl\u0259r\u201d<\/em>.<\/p>\n\n\n\n<p>Oktyabr\u0131n 22-d\u0259 subasmaya m\u0259ruz qalm\u0131\u015f Sabun\u00e7u tunelind\u0259 iki s\u00fcr\u00fcc\u00fc, 48 ya\u015fl\u0131 Elnur \u015eirinov v\u0259 29 ya\u015fl\u0131 K\u00f6\u00e7\u0259ri Abbasov h\u0259yat\u0131n\u0131 itirib.<\/p>\n\n\n\n<p>Onlar Bak\u0131dan K\u00fcrd\u0259mir\u0259 \u00e7\u00f6r\u0259k da\u015f\u0131mas\u0131nda s\u00fcr\u00fcc\u00fc kimi i\u015fl\u0259yirdil\u0259r.<\/p>\n\n\n\n<p>H\u0259min g\u00fcn Bak\u0131ya \u00e7\u00f6r\u0259k dal\u0131nca g\u0259l\u0259n s\u00fcr\u00fcc\u00fcl\u0259r t\u0259k canlar\u0131n\u0131 yox, yegan\u0259 g\u0259lir yerl\u0259ri olan \u00e7\u00f6r\u0259k da\u015f\u0131d\u0131qlar\u0131 avtomobili d\u0259 qoruyub sahibin\u0259 \u00e7atd\u0131rma\u011fa <a href=\"https:\/\/www.meydan.tv\/az\/article\/tunelde-batanin-ailesi-sehlenkarliqlari-yoldasimin-olumune-sebebdir\/\" target=\"_blank\" rel=\"noreferrer noopener\">\u00e7al\u0131\u015f\u0131rd\u0131lar<\/a>.<\/p>\n","protected":false},"excerpt":{"rendered":"<p>Eldar \u018fzizov keyfiyy\u0259tsiz tikinti il\u0259 ba\u011fl\u0131 istintaq\u0131n apar\u0131ld\u0131\u011f\u0131n\u0131 deyir Oktyabr\u0131n &#8230; <\/p>\n<p class=\"read-more-container\"><a title=\"Bak\u0131da ya\u011f\u0131\u015flar n\u0259tic\u0259sind\u0259 yaranan probleml\u0259 ba\u011fl\u0131 cinay\u0259t i\u015fi a\u00e7\u0131l\u0131b\" class=\"read-more button\" href=\"https:\/\/www.meydan.tv\/az\/article\/bakida-yagislar-neticesinde-yaranan-problemle-bagli-cinayet-isi-acilib\/#more-320411\" aria-label=\"Read more about Bak\u0131da ya\u011f\u0131\u015flar n\u0259tic\u0259sind\u0259 yaranan probleml\u0259 ba\u011fl\u0131 cinay\u0259t i\u015fi a\u00e7\u0131l\u0131b\">Davam\u0131<\/a><\/p>\n","protected":false},"author":8,"featured_media":319101,"comment_status":"closed","ping_status":"closed","sticky":false,"template":"","format":"standard","meta":{"_acf_changed":false,"_sitemap_exclude":false,"_sitemap_priority":"","_sitemap_frequency":"","footnotes":""},"categories":[62,56],"tags":[],"class_list":["post-320411","post","type-post","status-publish","format-standard","has-post-thumbnail","hentry","category-sosial","category-xeberler","infinite-scroll-item","generate-columns","tablet-grid-50","mobile-grid-100","grid-parent","grid-33","no-featured-image-padding"],"acf":[],"yoast_head":"<!-- This site is optimized with the Yoast SEO plugin v27.4 - https:\/\/yoast.com\/product\/yoast-seo-wordpress\/ -->\n<title>Bak\u0131da ya\u011f\u0131\u015flar n\u0259tic\u0259sind\u0259 yaranan probleml\u0259 ba\u011fl\u0131 cinay\u0259t i\u015fi a\u00e7\u0131l\u0131b - MEYDAN.TV<\/title>\n<meta name=\"robots\" content=\"index, follow, max-snippet:-1, max-image-preview:large, max-video-preview:-1\" \/>\n<link rel=\"canonical\" href=\"https:\/\/www.meydan.tv\/az\/article\/bakida-yagislar-neticesinde-yaranan-problemle-bagli-cinayet-isi-acilib\/\" \/>\n<meta property=\"og:locale\" content=\"az_AZ\" \/>\n<meta property=\"og:type\" content=\"article\" \/>\n<meta property=\"og:title\" content=\"Bak\u0131da ya\u011f\u0131\u015flar n\u0259tic\u0259sind\u0259 yaranan probleml\u0259 ba\u011fl\u0131 cinay\u0259t i\u015fi a\u00e7\u0131l\u0131b - MEYDAN.TV\" \/>\n<meta property=\"og:description\" content=\"Eldar \u018fzizov keyfiyy\u0259tsiz tikinti il\u0259 ba\u011fl\u0131 istintaq\u0131n apar\u0131ld\u0131\u011f\u0131n\u0131 deyir Oktyabr\u0131n ... Davam\u0131\" \/>\n<meta property=\"og:url\" content=\"https:\/\/www.meydan.tv\/az\/article\/bakida-yagislar-neticesinde-yaranan-problemle-bagli-cinayet-isi-acilib\/\" \/>\n<meta property=\"og:site_name\" content=\"MEYDAN.TV\" \/>\n<meta property=\"article:published_time\" content=\"2024-11-13T09:22:44+00:00\" \/>\n<meta property=\"article:modified_time\" content=\"2024-11-13T09:22:47+00:00\" \/>\n<meta property=\"og:image\" content=\"https:\/\/www.meydan.tv\/wp-content\/uploads\/img_5877-1.jpg\" \/>\n\t<meta property=\"og:image:width\" content=\"1900\" \/>\n\t<meta property=\"og:image:height\" content=\"1425\" \/>\n\t<meta property=\"og:image:type\" content=\"image\/jpeg\" \/>\n<meta name=\"author\" content=\"elli\" \/>\n<meta name=\"twitter:card\" content=\"summary_large_image\" \/>\n<meta name=\"twitter:creator\" content=\"@elli\" \/>\n<script type=\"application\/ld+json\" class=\"yoast-schema-graph\">{\"@context\":\"https:\\\/\\\/schema.org\",\"@graph\":[{\"@type\":\"Article\",\"@id\":\"https:\\\/\\\/www.meydan.tv\\\/az\\\/article\\\/bakida-yagislar-neticesinde-yaranan-problemle-bagli-cinayet-isi-acilib\\\/#article\",\"isPartOf\":{\"@id\":\"https:\\\/\\\/www.meydan.tv\\\/az\\\/article\\\/bakida-yagislar-neticesinde-yaranan-problemle-bagli-cinayet-isi-acilib\\\/\"},\"author\":{\"name\":\"elli\",\"@id\":\"https:\\\/\\\/www.meydan.tv\\\/az\\\/#\\\/schema\\\/person\\\/9cdbecf90d17180ce1dfbd95b08dcf47\"},\"headline\":\"Bak\u0131da ya\u011f\u0131\u015flar n\u0259tic\u0259sind\u0259 yaranan probleml\u0259 ba\u011fl\u0131 cinay\u0259t i\u015fi a\u00e7\u0131l\u0131b\",\"datePublished\":\"2024-11-13T09:22:44+00:00\",\"dateModified\":\"2024-11-13T09:22:47+00:00\",\"mainEntityOfPage\":{\"@id\":\"https:\\\/\\\/www.meydan.tv\\\/az\\\/article\\\/bakida-yagislar-neticesinde-yaranan-problemle-bagli-cinayet-isi-acilib\\\/\"},\"wordCount\":397,\"publisher\":{\"@id\":\"https:\\\/\\\/www.meydan.tv\\\/az\\\/#organization\"},\"image\":{\"@id\":\"https:\\\/\\\/www.meydan.tv\\\/az\\\/article\\\/bakida-yagislar-neticesinde-yaranan-problemle-bagli-cinayet-isi-acilib\\\/#primaryimage\"},\"thumbnailUrl\":\"https:\\\/\\\/www.meydan.tv\\\/wp-content\\\/uploads\\\/img_5877-1.jpg\",\"articleSection\":[\"Sosial\",\"X\u0259b\u0259rl\u0259r\"],\"inLanguage\":\"az\"},{\"@type\":\"WebPage\",\"@id\":\"https:\\\/\\\/www.meydan.tv\\\/az\\\/article\\\/bakida-yagislar-neticesinde-yaranan-problemle-bagli-cinayet-isi-acilib\\\/\",\"url\":\"https:\\\/\\\/www.meydan.tv\\\/az\\\/article\\\/bakida-yagislar-neticesinde-yaranan-problemle-bagli-cinayet-isi-acilib\\\/\",\"name\":\"Bak\u0131da ya\u011f\u0131\u015flar n\u0259tic\u0259sind\u0259 yaranan probleml\u0259 ba\u011fl\u0131 cinay\u0259t i\u015fi a\u00e7\u0131l\u0131b - MEYDAN.TV\",\"isPartOf\":{\"@id\":\"https:\\\/\\\/www.meydan.tv\\\/az\\\/#website\"},\"primaryImageOfPage\":{\"@id\":\"https:\\\/\\\/www.meydan.tv\\\/az\\\/article\\\/bakida-yagislar-neticesinde-yaranan-problemle-bagli-cinayet-isi-acilib\\\/#primaryimage\"},\"image\":{\"@id\":\"https:\\\/\\\/www.meydan.tv\\\/az\\\/article\\\/bakida-yagislar-neticesinde-yaranan-problemle-bagli-cinayet-isi-acilib\\\/#primaryimage\"},\"thumbnailUrl\":\"https:\\\/\\\/www.meydan.tv\\\/wp-content\\\/uploads\\\/img_5877-1.jpg\",\"datePublished\":\"2024-11-13T09:22:44+00:00\",\"dateModified\":\"2024-11-13T09:22:47+00:00\",\"breadcrumb\":{\"@id\":\"https:\\\/\\\/www.meydan.tv\\\/az\\\/article\\\/bakida-yagislar-neticesinde-yaranan-problemle-bagli-cinayet-isi-acilib\\\/#breadcrumb\"},\"inLanguage\":\"az\",\"potentialAction\":[{\"@type\":\"ReadAction\",\"target\":[\"https:\\\/\\\/www.meydan.tv\\\/az\\\/article\\\/bakida-yagislar-neticesinde-yaranan-problemle-bagli-cinayet-isi-acilib\\\/\"]}]},{\"@type\":\"ImageObject\",\"inLanguage\":\"az\",\"@id\":\"https:\\\/\\\/www.meydan.tv\\\/az\\\/article\\\/bakida-yagislar-neticesinde-yaranan-problemle-bagli-cinayet-isi-acilib\\\/#primaryimage\",\"url\":\"https:\\\/\\\/www.meydan.tv\\\/wp-content\\\/uploads\\\/img_5877-1.jpg\",\"contentUrl\":\"https:\\\/\\\/www.meydan.tv\\\/wp-content\\\/uploads\\\/img_5877-1.jpg\",\"width\":1900,\"height\":1425,\"caption\":\"Bak\u0131, Sabun\u00e7u, ya\u011f\u0131\u015fdan sonra. Foto: Meydan TV\"},{\"@type\":\"BreadcrumbList\",\"@id\":\"https:\\\/\\\/www.meydan.tv\\\/az\\\/article\\\/bakida-yagislar-neticesinde-yaranan-problemle-bagli-cinayet-isi-acilib\\\/#breadcrumb\",\"itemListElement\":[{\"@type\":\"ListItem\",\"position\":1,\"name\":\"Ana s\u0259hif\u0259\",\"item\":\"https:\\\/\\\/www.meydan.tv\\\/az\\\/\"},{\"@type\":\"ListItem\",\"position\":2,\"name\":\"Sosial\",\"item\":\"https:\\\/\\\/www.meydan.tv\\\/az\\\/section\\\/sosial\\\/\"},{\"@type\":\"ListItem\",\"position\":3,\"name\":\"Bak\u0131da ya\u011f\u0131\u015flar n\u0259tic\u0259sind\u0259 yaranan probleml\u0259 ba\u011fl\u0131 cinay\u0259t i\u015fi a\u00e7\u0131l\u0131b\"}]},{\"@type\":\"WebSite\",\"@id\":\"https:\\\/\\\/www.meydan.tv\\\/az\\\/#website\",\"url\":\"https:\\\/\\\/www.meydan.tv\\\/az\\\/\",\"name\":\"MEYDAN.TV\",\"description\":\"Meydan TV Az\u0259rbaycan\u0131n media m\u0259kan\u0131ndak\u0131 alternativ s\u0259sidir\",\"publisher\":{\"@id\":\"https:\\\/\\\/www.meydan.tv\\\/az\\\/#organization\"},\"potentialAction\":[{\"@type\":\"SearchAction\",\"target\":{\"@type\":\"EntryPoint\",\"urlTemplate\":\"https:\\\/\\\/www.meydan.tv\\\/az\\\/?s={search_term_string}\"},\"query-input\":{\"@type\":\"PropertyValueSpecification\",\"valueRequired\":true,\"valueName\":\"search_term_string\"}}],\"inLanguage\":\"az\"},{\"@type\":\"Organization\",\"@id\":\"https:\\\/\\\/www.meydan.tv\\\/az\\\/#organization\",\"name\":\"Meydan TV\",\"url\":\"https:\\\/\\\/www.meydan.tv\\\/az\\\/\",\"logo\":{\"@type\":\"ImageObject\",\"inLanguage\":\"az\",\"@id\":\"https:\\\/\\\/www.meydan.tv\\\/az\\\/#\\\/schema\\\/logo\\\/image\\\/\",\"url\":\"https:\\\/\\\/www.meydan.tv\\\/wp-content\\\/uploads\\\/2021\\\/07\\\/meydan-logo.svg\",\"contentUrl\":\"https:\\\/\\\/www.meydan.tv\\\/wp-content\\\/uploads\\\/2021\\\/07\\\/meydan-logo.svg\",\"width\":195,\"height\":46,\"caption\":\"Meydan TV\"},\"image\":{\"@id\":\"https:\\\/\\\/www.meydan.tv\\\/az\\\/#\\\/schema\\\/logo\\\/image\\\/\"}},{\"@type\":\"Person\",\"@id\":\"https:\\\/\\\/www.meydan.tv\\\/az\\\/#\\\/schema\\\/person\\\/9cdbecf90d17180ce1dfbd95b08dcf47\",\"name\":\"elli\",\"sameAs\":[\"https:\\\/\\\/x.com\\\/elli\"]}]}<\/script>\n<!-- \/ Yoast SEO plugin. -->","yoast_head_json":{"title":"Bak\u0131da ya\u011f\u0131\u015flar n\u0259tic\u0259sind\u0259 yaranan probleml\u0259 ba\u011fl\u0131 cinay\u0259t i\u015fi a\u00e7\u0131l\u0131b - MEYDAN.TV","robots":{"index":"index","follow":"follow","max-snippet":"max-snippet:-1","max-image-preview":"max-image-preview:large","max-video-preview":"max-video-preview:-1"},"canonical":"https:\/\/www.meydan.tv\/az\/article\/bakida-yagislar-neticesinde-yaranan-problemle-bagli-cinayet-isi-acilib\/","og_locale":"az_AZ","og_type":"article","og_title":"Bak\u0131da ya\u011f\u0131\u015flar n\u0259tic\u0259sind\u0259 yaranan probleml\u0259 ba\u011fl\u0131 cinay\u0259t i\u015fi a\u00e7\u0131l\u0131b - MEYDAN.TV","og_description":"Eldar \u018fzizov keyfiyy\u0259tsiz tikinti il\u0259 ba\u011fl\u0131 istintaq\u0131n apar\u0131ld\u0131\u011f\u0131n\u0131 deyir Oktyabr\u0131n ... Davam\u0131","og_url":"https:\/\/www.meydan.tv\/az\/article\/bakida-yagislar-neticesinde-yaranan-problemle-bagli-cinayet-isi-acilib\/","og_site_name":"MEYDAN.TV","article_published_time":"2024-11-13T09:22:44+00:00","article_modified_time":"2024-11-13T09:22:47+00:00","og_image":[{"width":1900,"height":1425,"url":"https:\/\/www.meydan.tv\/wp-content\/uploads\/img_5877-1.jpg","type":"image\/jpeg"}],"author":"elli","twitter_card":"summary_large_image","twitter_creator":"@elli","schema":{"@context":"https:\/\/schema.org","@graph":[{"@type":"Article","@id":"https:\/\/www.meydan.tv\/az\/article\/bakida-yagislar-neticesinde-yaranan-problemle-bagli-cinayet-isi-acilib\/#article","isPartOf":{"@id":"https:\/\/www.meydan.tv\/az\/article\/bakida-yagislar-neticesinde-yaranan-problemle-bagli-cinayet-isi-acilib\/"},"author":{"name":"elli","@id":"https:\/\/www.meydan.tv\/az\/#\/schema\/person\/9cdbecf90d17180ce1dfbd95b08dcf47"},"headline":"Bak\u0131da ya\u011f\u0131\u015flar n\u0259tic\u0259sind\u0259 yaranan probleml\u0259 ba\u011fl\u0131 cinay\u0259t i\u015fi a\u00e7\u0131l\u0131b","datePublished":"2024-11-13T09:22:44+00:00","dateModified":"2024-11-13T09:22:47+00:00","mainEntityOfPage":{"@id":"https:\/\/www.meydan.tv\/az\/article\/bakida-yagislar-neticesinde-yaranan-problemle-bagli-cinayet-isi-acilib\/"},"wordCount":397,"publisher":{"@id":"https:\/\/www.meydan.tv\/az\/#organization"},"image":{"@id":"https:\/\/www.meydan.tv\/az\/article\/bakida-yagislar-neticesinde-yaranan-problemle-bagli-cinayet-isi-acilib\/#primaryimage"},"thumbnailUrl":"https:\/\/www.meydan.tv\/wp-content\/uploads\/img_5877-1.jpg","articleSection":["Sosial","X\u0259b\u0259rl\u0259r"],"inLanguage":"az"},{"@type":"WebPage","@id":"https:\/\/www.meydan.tv\/az\/article\/bakida-yagislar-neticesinde-yaranan-problemle-bagli-cinayet-isi-acilib\/","url":"https:\/\/www.meydan.tv\/az\/article\/bakida-yagislar-neticesinde-yaranan-problemle-bagli-cinayet-isi-acilib\/","name":"Bak\u0131da ya\u011f\u0131\u015flar n\u0259tic\u0259sind\u0259 yaranan probleml\u0259 ba\u011fl\u0131 cinay\u0259t i\u015fi a\u00e7\u0131l\u0131b - MEYDAN.TV","isPartOf":{"@id":"https:\/\/www.meydan.tv\/az\/#website"},"primaryImageOfPage":{"@id":"https:\/\/www.meydan.tv\/az\/article\/bakida-yagislar-neticesinde-yaranan-problemle-bagli-cinayet-isi-acilib\/#primaryimage"},"image":{"@id":"https:\/\/www.meydan.tv\/az\/article\/bakida-yagislar-neticesinde-yaranan-problemle-bagli-cinayet-isi-acilib\/#primaryimage"},"thumbnailUrl":"https:\/\/www.meydan.tv\/wp-content\/uploads\/img_5877-1.jpg","datePublished":"2024-11-13T09:22:44+00:00","dateModified":"2024-11-13T09:22:47+00:00","breadcrumb":{"@id":"https:\/\/www.meydan.tv\/az\/article\/bakida-yagislar-neticesinde-yaranan-problemle-bagli-cinayet-isi-acilib\/#breadcrumb"},"inLanguage":"az","potentialAction":[{"@type":"ReadAction","target":["https:\/\/www.meydan.tv\/az\/article\/bakida-yagislar-neticesinde-yaranan-problemle-bagli-cinayet-isi-acilib\/"]}]},{"@type":"ImageObject","inLanguage":"az","@id":"https:\/\/www.meydan.tv\/az\/article\/bakida-yagislar-neticesinde-yaranan-problemle-bagli-cinayet-isi-acilib\/#primaryimage","url":"https:\/\/www.meydan.tv\/wp-content\/uploads\/img_5877-1.jpg","contentUrl":"https:\/\/www.meydan.tv\/wp-content\/uploads\/img_5877-1.jpg","width":1900,"height":1425,"caption":"Bak\u0131, Sabun\u00e7u, ya\u011f\u0131\u015fdan sonra. Foto: Meydan TV"},{"@type":"BreadcrumbList","@id":"https:\/\/www.meydan.tv\/az\/article\/bakida-yagislar-neticesinde-yaranan-problemle-bagli-cinayet-isi-acilib\/#breadcrumb","itemListElement":[{"@type":"ListItem","position":1,"name":"Ana s\u0259hif\u0259","item":"https:\/\/www.meydan.tv\/az\/"},{"@type":"ListItem","position":2,"name":"Sosial","item":"https:\/\/www.meydan.tv\/az\/section\/sosial\/"},{"@type":"ListItem","position":3,"name":"Bak\u0131da ya\u011f\u0131\u015flar n\u0259tic\u0259sind\u0259 yaranan probleml\u0259 ba\u011fl\u0131 cinay\u0259t i\u015fi a\u00e7\u0131l\u0131b"}]},{"@type":"WebSite","@id":"https:\/\/www.meydan.tv\/az\/#website","url":"https:\/\/www.meydan.tv\/az\/","name":"MEYDAN.TV","description":"Meydan TV Az\u0259rbaycan\u0131n media m\u0259kan\u0131ndak\u0131 alternativ s\u0259sidir","publisher":{"@id":"https:\/\/www.meydan.tv\/az\/#organization"},"potentialAction":[{"@type":"SearchAction","target":{"@type":"EntryPoint","urlTemplate":"https:\/\/www.meydan.tv\/az\/?s={search_term_string}"},"query-input":{"@type":"PropertyValueSpecification","valueRequired":true,"valueName":"search_term_string"}}],"inLanguage":"az"},{"@type":"Organization","@id":"https:\/\/www.meydan.tv\/az\/#organization","name":"Meydan TV","url":"https:\/\/www.meydan.tv\/az\/","logo":{"@type":"ImageObject","inLanguage":"az","@id":"https:\/\/www.meydan.tv\/az\/#\/schema\/logo\/image\/","url":"https:\/\/www.meydan.tv\/wp-content\/uploads\/2021\/07\/meydan-logo.svg","contentUrl":"https:\/\/www.meydan.tv\/wp-content\/uploads\/2021\/07\/meydan-logo.svg","width":195,"height":46,"caption":"Meydan TV"},"image":{"@id":"https:\/\/www.meydan.tv\/az\/#\/schema\/logo\/image\/"}},{"@type":"Person","@id":"https:\/\/www.meydan.tv\/az\/#\/schema\/person\/9cdbecf90d17180ce1dfbd95b08dcf47","name":"elli","sameAs":["https:\/\/x.com\/elli"]}]}},"_links":{"self":[{"href":"https:\/\/www.meydan.tv\/az\/wp-json\/wp\/v2\/posts\/320411","targetHints":{"allow":["GET"]}}],"collection":[{"href":"https:\/\/www.meydan.tv\/az\/wp-json\/wp\/v2\/posts"}],"about":[{"href":"https:\/\/www.meydan.tv\/az\/wp-json\/wp\/v2\/types\/post"}],"author":[{"embeddable":true,"href":"https:\/\/www.meydan.tv\/az\/wp-json\/wp\/v2\/users\/8"}],"replies":[{"embeddable":true,"href":"https:\/\/www.meydan.tv\/az\/wp-json\/wp\/v2\/comments?post=320411"}],"version-history":[{"count":3,"href":"https:\/\/www.meydan.tv\/az\/wp-json\/wp\/v2\/posts\/320411\/revisions"}],"predecessor-version":[{"id":320416,"href":"https:\/\/www.meydan.tv\/az\/wp-json\/wp\/v2\/posts\/320411\/revisions\/320416"}],"wp:featuredmedia":[{"embeddable":true,"href":"https:\/\/www.meydan.tv\/az\/wp-json\/wp\/v2\/media\/319101"}],"wp:attachment":[{"href":"https:\/\/www.meydan.tv\/az\/wp-json\/wp\/v2\/media?parent=320411"}],"wp:term":[{"taxonomy":"category","embeddable":true,"href":"https:\/\/www.meydan.tv\/az\/wp-json\/wp\/v2\/categories?post=320411"},{"taxonomy":"post_tag","embeddable":true,"href":"https:\/\/www.meydan.tv\/az\/wp-json\/wp\/v2\/tags?post=320411"}],"curies":[{"name":"wp","href":"https:\/\/api.w.org\/{rel}","templated":true}]}}