{"id":320301,"date":"2024-11-12T13:45:30","date_gmt":"2024-11-12T09:45:30","guid":{"rendered":"https:\/\/www.meydan.tv\/?p=320301"},"modified":"2024-11-12T13:45:34","modified_gmt":"2024-11-12T09:45:34","slug":"mehkeme-qerarlari-prokurorluq-bandotdeldeki-isgenceni-arasdirmir","status":"publish","type":"post","link":"https:\/\/www.meydan.tv\/az\/article\/mehkeme-qerarlari-prokurorluq-bandotdeldeki-isgenceni-arasdirmir\/","title":{"rendered":"M\u0259hk\u0259m\u0259 q\u0259rarlar\u0131: \u201cProkurorluq \u201cBandotdel\u201dd\u0259ki i\u015fg\u0259nc\u0259ni ara\u015fd\u0131rm\u0131r\u201d"},"content":{"rendered":"\n<p><\/p>\n\n\n\n<p><em><strong>Quba sakini: \u201cBel\u0259 \u00fcsullarla m\u0259ni \u015f\u0259rl\u0259yib, iki ildir h\u0259bsd\u0259 saxlay\u0131rlar\u201d<\/strong><\/em><\/p>\n\n\n\n<p>Quba rayon sakini, iki il\u0259 yax\u0131nd\u0131r h\u0259bsd\u0259 olan R\u0259\u015fid M\u0259mm\u0259dov bildirir ki, onu M\u00fct\u0259\u015f\u0259kkil Cinay\u0259tkarl\u0131qla M\u00fcbariz\u0259 \u0130dar\u0259sind\u0259 (\u201cBandotdel\u201d kimi tan\u0131n\u0131r-red.) o q\u0259d\u0259r d\u00f6y\u00fcbl\u0259r, \u00f6l\u00fcmc\u00fcl v\u0259ziyy\u0259t\u0259 d\u00fc\u015f\u00fcb. \u0130dar\u0259nin i\u015f\u00e7il\u0259ri \u00f6l\u0259c\u0259yini d\u00fc\u015f\u00fcn\u00fcb, t\u0259cili yard\u0131m \u00e7a\u011f\u0131r\u0131blar, h\u0259kiml\u0259r onu x\u0259st\u0259xanaya \u00e7atd\u0131r\u0131blar. X\u0259st\u0259xanada h\u0259yat\u0131n\u0131 xilas etm\u0259k m\u00fcmk\u00fcn olub.<\/p>\n\n\n\n<p>1982-ci il t\u0259v\u0259ll\u00fcdl\u00fc R\u0259\u015fid M\u0259mm\u0259dov bu bar\u0259d\u0259 Sumqay\u0131t A\u011f\u0131r Cinay\u0259tl\u0259r M\u0259hk\u0259m\u0259sind\u0259 ifad\u0259 ver\u0259rk\u0259n dan\u0131\u015f\u0131b. O bildirib ki, yanvar\u0131n 12-d\u0259 onu \u201cBandotdel\u201dd\u0259 el\u0259 d\u00f6y\u00fcbl\u0259r, sif\u0259ti, b\u0259d\u0259ni qan i\u00e7ind\u0259 olub. Bu v\u0259ziyy\u0259td\u0259 d\u0259 bar\u0259sind\u0259 x\u0131rda xuliqanl\u0131q v\u0259 polisin t\u0259l\u0259bin\u0259 tabe olmamaqla ba\u011fl\u0131 protokol t\u0259rtib edib, N\u0259rimanov Rayon M\u0259hk\u0259m\u0259sind\u0259n onun 1 ayl\u0131q inzibati h\u0259bsi bar\u0259d\u0259 q\u0259rar al\u0131blar:<\/p>\n\n\n\n<p><em>\u201cQanuna g\u00f6r\u0259 inzibati h\u0259bs m\u0259hk\u0259m\u0259l\u0259rinin video\u00e7\u0259kili\u015fi olmal\u0131d\u0131r. Han\u0131 m\u0259nim N\u0259rimanovdak\u0131 m\u0259hk\u0259m\u0259min video\u00e7\u0259kili\u015fi? Niy\u0259 hakim video\u00e7\u0259kili\u015fl\u0259 aparmay\u0131b m\u0259hk\u0259m\u0259ni? M\u0259n harada, kim\u0259 tabesizlik g\u00f6st\u0259rmi\u015fdim? Harada xuliqanl\u0131q el\u0259mi\u015fdim? M\u0259ni el\u0259 \u00f6l\u00fcmc\u00fcl hala salm\u0131\u015fd\u0131lar ki, m\u0259cbur idil\u0259r 1 ayl\u0131q inzibati h\u0259bs q\u0259rar\u0131 als\u0131nlar\u201d.<\/em><\/p>\n\n\n<div class=\"wp-block-image\">\n<figure class=\"aligncenter size-large\"><img decoding=\"async\" width=\"1200\" height=\"675\" data-src=\"https:\/\/www.meydan.tv\/wp-content\/uploads\/maxresdefault_hzpua1a-1200x675.jpg\" alt=\"Ba\u015f M\u00fct\u0259\u015f\u0259kkil Cinay\u0259tkarl\u0131\u011fa Qar\u015f\u0131 M\u00fcbariz\u0259 \u0130dar\u0259si\" class=\"wp-image-124182 lazyload\" src=\"data:image\/svg+xml;base64,PHN2ZyB3aWR0aD0iMSIgaGVpZ2h0PSIxIiB4bWxucz0iaHR0cDovL3d3dy53My5vcmcvMjAwMC9zdmciPjwvc3ZnPg==\" style=\"--smush-placeholder-width: 1200px; --smush-placeholder-aspect-ratio: 1200\/675;\" \/><figcaption class=\"wp-element-caption\">Source: meydan tv<\/figcaption><\/figure>\n<\/div>\n\n\n<p>Onun s\u00f6zl\u0259rin\u0259 g\u00f6r\u0259, m\u0259hk\u0259m\u0259 q\u0259rar\u0131ndan sonra da inzibati qaydada h\u0259bs olunanlar\u0131n saxland\u0131\u011f\u0131 t\u0259cridxanaya yox, \u201cBandotdel\u201d\u0259 qaytar\u0131l\u0131b v\u0259 orada i\u015fg\u0259nc\u0259l\u0259r davam etdirilib.<\/p>\n\n\n\n<p>Bir ayl\u0131q inzibati h\u0259bs m\u00fcdd\u0259ti ba\u015fa \u00e7atandan sonra is\u0259 bar\u0259sind\u0259 Cinay\u0259t M\u0259c\u0259ll\u0259sinin 182-ci (h\u0259d\u0259-qorxu il\u0259 t\u0259l\u0259betm\u0259) madd\u0259sil\u0259 cinay\u0259t i\u015fi ba\u015flan\u0131b. \u0130ddia olunub ki, R\u0259\u015fid M\u0259mm\u0259dov 7 n\u0259f\u0259rd\u0259n h\u0259d\u0259-qorxu il\u0259 pul t\u0259l\u0259b edib. Sumqay\u0131t A\u011f\u0131r Cinay\u0259tl\u0259r M\u0259hk\u0259m\u0259sind\u0259 d\u0259 bir ildir ki, h\u0259min cinay\u0259t i\u015fi \u00fczr\u0259 m\u0259hk\u0259m\u0259 prosesi gedir. R\u0259\u015fid M\u0259mm\u0259dov cinay\u0259t i\u015finin saxta oldu\u011funu, \u015f\u0259rl\u0259n\u0259r\u0259k h\u0259bs edildiyini bildirir. Onun s\u00f6zl\u0259rin\u0259 g\u00f6r\u0259, i\u015fg\u0259nc\u0259l\u0259rin d\u0259 m\u0259qs\u0259di t\u00f6r\u0259tm\u0259diyi cinay\u0259ti boynuna g\u00f6t\u00fcrm\u0259si v\u0259 onu h\u0259bs\u0259 g\u00f6nd\u0259rm\u0259k idi.<\/p>\n\n\n\n<p>S\u0259b\u0259bin\u0259 g\u0259linc\u0259, o bildirir ki, uzun m\u00fcdd\u0259t Qubada b\u0259l\u0259diyy\u0259d\u0259n torpaq sah\u0259l\u0259ri icar\u0259y\u0259 g\u00f6t\u00fcr\u00fcb, orada alma ba\u011flar\u0131 salaraq, m\u0259hsulu Rusiyaya g\u00f6nd\u0259rm\u0259kl\u0259 pul qazan\u0131rd\u0131. Bu i\u015fl\u0259rin ham\u0131s\u0131 qanuni \u015f\u0259kild\u0259 g\u00f6r\u00fcl\u00fcrd\u00fc, vergisi d\u0259 \u00f6d\u0259nilirdi. 2022-ci ild\u0259 ona m\u0259lum olub ki, onun icar\u0259sind\u0259 olan torpaq sah\u0259l\u0259ri qanunsuz olaraq, ba\u015fqalar\u0131na verilib:<\/p>\n\n\n<div class=\"wp-block-image\">\n<figure class=\"alignright size-full is-resized\"><img decoding=\"async\" width=\"661\" height=\"729\" data-src=\"https:\/\/www.meydan.tv\/wp-content\/uploads\/whatsapp_image_2024-10-29_at_05.04.01.jpeg\" alt=\"\" class=\"wp-image-319128 lazyload\" style=\"--smush-placeholder-width: 661px; --smush-placeholder-aspect-ratio: 661\/729;width:378px;height:auto\" src=\"data:image\/svg+xml;base64,PHN2ZyB3aWR0aD0iMSIgaGVpZ2h0PSIxIiB4bWxucz0iaHR0cDovL3d3dy53My5vcmcvMjAwMC9zdmciPjwvc3ZnPg==\" \/><figcaption class=\"wp-element-caption\">Foto: R\u0259\u015fid M\u0259mm\u0259dovun ail\u0259 albomundan<\/figcaption><\/figure>\n<\/div>\n\n\n<p><em>\u201cBunun arxas\u0131nda dayanan \u015f\u0259xsin kimliyini \u00f6yr\u0259ndim, rayon polis \u015f\u00f6b\u0259sin\u0259, prokurorlu\u011fa \u015fikay\u0259t el\u0259dim. M\u0259n\u0259 dedil\u0259r ki, s\u0259n ona bata bilm\u0259zs\u0259n, yuxar\u0131 s\u0259viyy\u0259d\u0259 adam tapmal\u0131san. M\u0259n\u0259 \u201cBandotdel\u201dd\u0259n bir n\u0259f\u0259rin n\u00f6mr\u0259sini verdil\u0259r. Onunla \u0259laq\u0259 saxlad\u0131m, d\u0259rdimi dedim, s\u0259n\u0259dl\u0259rin sur\u0259tini g\u00f6nd\u0259rdim. Bir ne\u00e7\u0259 g\u00fcn sonra dedi ki, g\u0259l Bak\u0131ya, N\u0259rimanov park\u0131nda g\u00f6r\u00fc\u015fm\u0259yimizi dedi. Ora getdim, bir ne\u00e7\u0259 m\u00fclki geyimli yax\u0131nla\u015fd\u0131, dedi ki, idar\u0259y\u0259 getm\u0259liyik. M\u0259n d\u0259 onlarla getdim. Orada m\u0259n\u0259 dedil\u0259r ki, \u00f6z\u00fcn h\u0259bs olunacaqsan. Qaba\u011f\u0131ma narkotik qoydular. Raz\u0131la\u015fmad\u0131m. S\u0259n dem\u0259, ba\u011f s\u00f6hb\u0259tind\u0259 m\u0259nim m\u00fcbariz\u0259 apard\u0131\u011f\u0131m adam el\u0259 bunlar\u0131n adam\u0131 imi\u015f. \u00dcst\u00fcm\u0259 t\u00f6k\u00fcl\u00fc\u015f\u00fcb o q\u0259d\u0259r d\u00f6yd\u00fcl\u0259r, toka verdil\u0259r, hu\u015fumu itirdim. Bir d\u0259 ay\u0131landa g\u00f6rd\u00fcm ki, x\u0259st\u0259xanada m\u0259n\u0259 sistem k\u00f6\u00e7\u00fcr\u00fcl\u00fcr, \u00f6l\u00fcmc\u00fcl v\u0259ziyy\u0259td\u0259y\u0259m\u201d.<\/em><\/p>\n\n\n\n<p>R\u0259\u015fid M\u0259mm\u0259dovun v\u0259kill\u0259ri \u201cBandotdel\u201dd\u0259 ona qar\u015f\u0131 i\u015fg\u0259nc\u0259l\u0259rl\u0259 ba\u011fl\u0131 \u015fikay\u0259tin ara\u015fd\u0131r\u0131lmas\u0131 \u00fc\u00e7\u00fcn N\u0259rimanov Rayon Prokurorlu\u011funa \u015fikay\u0259t verib. Lakin prokurorun k\u00f6m\u0259k\u00e7isi Rafiq \u015e\u0131x\u0259liyev i\u015fg\u0259nc\u0259 \u015fikay\u0259tini \u0259sass\u0131z say\u0131b. 2 aprel 2023-c\u00fc il tarixli q\u0259rar\u0131yla cinay\u0259t i\u015fi ba\u015flanmas\u0131n\u0131 r\u0259dd edib.<\/p>\n\n\n\n<p>V\u0259kil bu q\u0259rar\u0131n l\u0259\u011fvi \u00fc\u00e7\u00fcn m\u0259hk\u0259m\u0259y\u0259 \u00fcz tutub. N\u0259rimanov Rayon M\u0259hk\u0259m\u0259si prokuror k\u00f6m\u0259k\u00e7isinin q\u0259rar\u0131n\u0131 haql\u0131 saysa da, apelyasiya m\u0259hk\u0259m\u0259si onu l\u0259\u011fv edib. Bak\u0131 Apelyasiya M\u0259hk\u0259m\u0259si hesab edib ki, prokurorluq kifay\u0259t q\u0259d\u0259r ara\u015fd\u0131rma aparmay\u0131b. Rafiq \u015e\u0131x\u0259liyev h\u0259rt\u0259r\u0259fli ara\u015fd\u0131rma aparmadan cinay\u0259t i\u015fi ba\u015flanmas\u0131n\u0131 r\u0259dd edib. Ona g\u00f6r\u0259 d\u0259 yenid\u0259n \u015fikay\u0259t \u00fczr\u0259 ara\u015fd\u0131rma apar\u0131lmal\u0131d\u0131r.<\/p>\n\n\n\n<p>N\u0259rimanov Rayon Prokurorlu\u011funda yenid\u0259n R\u0259\u015fid M\u0259mm\u0259dovun i\u015fg\u0259nc\u0259 \u015fikay\u0259ti \u00fczr\u0259 ara\u015fd\u0131rma ba\u015flay\u0131b. Lakin 2024-c\u00fc il fevral\u0131n 27-d\u0259 prokurorun k\u00f6m\u0259k\u00e7isi Rafiq \u015e\u0131x\u0259liyev bir daha cinay\u0259t i\u015fi ba\u015flanmas\u0131n\u0131n r\u0259dd edilm\u0259si bar\u0259d\u0259 q\u0259rar q\u0259bul edib.<\/p>\n\n\n<div class=\"wp-block-image\">\n<figure class=\"aligncenter size-full\"><img decoding=\"async\" width=\"1080\" height=\"650\" data-src=\"https:\/\/www.meydan.tv\/wp-content\/uploads\/gucdbrv1wkdsedl8vjqjpqkol9fz9zhzlx8ygpfn.jpeg\" alt=\"\" class=\"wp-image-320303 lazyload\" src=\"data:image\/svg+xml;base64,PHN2ZyB3aWR0aD0iMSIgaGVpZ2h0PSIxIiB4bWxucz0iaHR0cDovL3d3dy53My5vcmcvMjAwMC9zdmciPjwvc3ZnPg==\" style=\"--smush-placeholder-width: 1080px; --smush-placeholder-aspect-ratio: 1080\/650;\" \/><figcaption class=\"wp-element-caption\">N\u0259rimanov Rayon Prokurorlu\u011fu. Foto: Ba\u015f Prokurorluqdan <\/figcaption><\/figure>\n<\/div>\n\n\n<p>R\u0259\u015fid M\u0259mm\u0259dov bildirib ki, bu q\u0259rar da \u0259vv\u0259lkind\u0259n he\u00e7 n\u0259 il\u0259 f\u0259rql\u0259nm\u0259yib. O, yaln\u0131z polis \u0259m\u0259kda\u015flar\u0131n\u0131 dindirm\u0259kl\u0259 kifay\u0259tl\u0259nib: <em>\u201cFevralda \u00e7\u0131xar\u0131lan q\u0259rar m\u0259n\u0259 iki ay sonra g\u00f6nd\u0259rilib. Bu da ciddi qanun pozuntusudur. \u018fvv\u0259lki q\u0259rar\u0131 m\u0259hk\u0259m\u0259 l\u0259\u011fv etm\u0259sin\u0259 baxmayaraq, bu d\u0259f\u0259 f\u0259rqli he\u00e7 bir ara\u015fd\u0131rma apar\u0131lmay\u0131b. M\u0259n\u0259 el\u0259 i\u015fg\u0259nc\u0259 verilib ki, indi d\u0259 \u00fcz\u0259rimd\u0259 izl\u0259ri qal\u0131b. Ekspertiza 2023-c\u00fc ilin aprelind\u0259 ke\u00e7irilib. R\u0259yd\u0259 g\u00f6st\u0259rilib ki, x\u0259sar\u0259tl\u0259r var v\u0259 yanvar ay\u0131nda yetirilm\u0259y\u0259 uy\u011fundur. \u201cBandotdel\u201din \u0259m\u0259kda\u015flar\u0131n\u0131 dindiribl\u0259r, onlar deyibl\u0259r ki, guya 3 n\u0259f\u0259r g\u0259libl\u0259r N\u0259rimanov park\u0131na, m\u0259n onlar\u0131n yan\u0131nda hay-k\u00fcy salm\u0131\u015fam, \u00f6z\u00fcm\u00fc yer\u0259 s\u00fcrtm\u00fc\u015f\u0259m. Birincisi buna u\u015faq da inanmaz. \u00dc\u00e7 n\u0259f\u0259rin h\u0259r\u0259si m\u0259ni iki barma\u011f\u0131 il\u0259 tutsayd\u0131, \u0259ll\u0259rind\u0259n \u00e7\u0131xa bilm\u0259zdim. \u0130kincisi, adam \u00f6z\u00fcn\u00fc yer\u0259 s\u00fcrtm\u0259kl\u0259, iki il sonra da \u00fcst\u00fcnd\u0259 qalan x\u0259sar\u0259t yaranmaz\u201d.<\/em><\/p>\n\n\n\n<p>V\u0259kil N\u0259rimanov rayon prokurorunun k\u00f6m\u0259k\u00e7isinin 27 fevral 2024-c\u00fc il tarixli q\u0259rar\u0131n\u0131n da l\u0259\u011fvi \u00fc\u00e7\u00fcn yenid\u0259n m\u0259hk\u0259m\u0259y\u0259 m\u00fcraci\u0259t edib. M\u0259hk\u0259m\u0259 bir daha prokurorlu\u011fun bu q\u0259rar\u0131n\u0131 l\u0259\u011fv edib. N\u0259rimanov Rayon M\u0259hk\u0259m\u0259si q\u0259rar\u0131nda g\u00f6st\u0259rib ki, Rafiq \u015e\u0131x\u0259liyev i\u015fg\u0259nc\u0259 \u015fikay\u0259ti il\u0259 \u0259laq\u0259dar obyektiv, h\u0259rt\u0259r\u0259fli ara\u015fd\u0131rma aparmay\u0131b. Bu s\u0259b\u0259bd\u0259n \u201cBandotdel\u201dd\u0259 R\u0259\u015fid M\u0259mm\u0259dovun ba\u015f\u0131na g\u0259l\u0259nl\u0259rl\u0259 ba\u011fl\u0131 yenid\u0259n ara\u015fd\u0131rma apar\u0131lmal\u0131d\u0131r.<\/p>\n\n\n\n<p><em>\u201cBu c\u00fcr \u00fcsullarla m\u0259ni \u015f\u0259rl\u0259yib, iki ildir h\u0259bsd\u0259 saxlay\u0131rlar. Sumqay\u0131t A\u011f\u0131r Cinay\u0259tl\u0259r M\u0259hk\u0259m\u0259sind\u0259 noyabr\u0131n 7-d\u0259 prokuror m\u0259n\u0259 13 il 2 ay h\u0259bs c\u0259zas\u0131 ist\u0259di. Bu q\u0259d\u0259r insafs\u0131zl\u0131q, \u0259dal\u0259tsizlik olmaz ax\u0131&#8230;\u201d, <\/em>&#8211; R\u0259\u015fid M\u0259mm\u0259dov \u0259lav\u0259 edib.<\/p>\n","protected":false},"excerpt":{"rendered":"<p>Quba sakini: \u201cBel\u0259 \u00fcsullarla m\u0259ni \u015f\u0259rl\u0259yib, iki ildir h\u0259bsd\u0259 saxlay\u0131rlar\u201d &#8230; <\/p>\n<p class=\"read-more-container\"><a title=\"M\u0259hk\u0259m\u0259 q\u0259rarlar\u0131: \u201cProkurorluq \u201cBandotdel\u201dd\u0259ki i\u015fg\u0259nc\u0259ni ara\u015fd\u0131rm\u0131r\u201d\" class=\"read-more button\" href=\"https:\/\/www.meydan.tv\/az\/article\/mehkeme-qerarlari-prokurorluq-bandotdeldeki-isgenceni-arasdirmir\/#more-320301\" aria-label=\"Read more about M\u0259hk\u0259m\u0259 q\u0259rarlar\u0131: \u201cProkurorluq \u201cBandotdel\u201dd\u0259ki i\u015fg\u0259nc\u0259ni ara\u015fd\u0131rm\u0131r\u201d\">Davam\u0131<\/a><\/p>\n","protected":false},"author":8,"featured_media":252941,"comment_status":"closed","ping_status":"closed","sticky":false,"template":"","format":"standard","meta":{"_acf_changed":false,"_sitemap_exclude":false,"_sitemap_priority":"","_sitemap_frequency":"","footnotes":""},"categories":[62,56],"tags":[],"class_list":["post-320301","post","type-post","status-publish","format-standard","has-post-thumbnail","hentry","category-sosial","category-xeberler","infinite-scroll-item","generate-columns","tablet-grid-50","mobile-grid-100","grid-parent","grid-33","no-featured-image-padding"],"acf":[],"yoast_head":"<!-- This site is optimized with the Yoast SEO plugin v27.4 - https:\/\/yoast.com\/product\/yoast-seo-wordpress\/ -->\n<title>M\u0259hk\u0259m\u0259 q\u0259rarlar\u0131: \u201cProkurorluq \u201cBandotdel\u201dd\u0259ki i\u015fg\u0259nc\u0259ni ara\u015fd\u0131rm\u0131r\u201d - MEYDAN.TV<\/title>\n<meta name=\"robots\" content=\"index, follow, max-snippet:-1, max-image-preview:large, max-video-preview:-1\" \/>\n<link rel=\"canonical\" href=\"https:\/\/www.meydan.tv\/az\/article\/mehkeme-qerarlari-prokurorluq-bandotdeldeki-isgenceni-arasdirmir\/\" \/>\n<meta property=\"og:locale\" content=\"az_AZ\" \/>\n<meta property=\"og:type\" content=\"article\" \/>\n<meta property=\"og:title\" content=\"M\u0259hk\u0259m\u0259 q\u0259rarlar\u0131: \u201cProkurorluq \u201cBandotdel\u201dd\u0259ki i\u015fg\u0259nc\u0259ni ara\u015fd\u0131rm\u0131r\u201d - MEYDAN.TV\" \/>\n<meta property=\"og:description\" content=\"Quba sakini: \u201cBel\u0259 \u00fcsullarla m\u0259ni \u015f\u0259rl\u0259yib, iki ildir h\u0259bsd\u0259 saxlay\u0131rlar\u201d ... Davam\u0131\" \/>\n<meta property=\"og:url\" content=\"https:\/\/www.meydan.tv\/az\/article\/mehkeme-qerarlari-prokurorluq-bandotdeldeki-isgenceni-arasdirmir\/\" \/>\n<meta property=\"og:site_name\" content=\"MEYDAN.TV\" \/>\n<meta property=\"article:published_time\" content=\"2024-11-12T09:45:30+00:00\" \/>\n<meta property=\"article:modified_time\" content=\"2024-11-12T09:45:34+00:00\" \/>\n<meta property=\"og:image\" content=\"https:\/\/www.meydan.tv\/wp-content\/uploads\/screenshot-at-aug-10-14-51-49-1200x668.png\" \/>\n\t<meta property=\"og:image:width\" content=\"1200\" \/>\n\t<meta property=\"og:image:height\" content=\"668\" \/>\n\t<meta property=\"og:image:type\" content=\"image\/png\" \/>\n<meta name=\"author\" content=\"elli\" \/>\n<meta name=\"twitter:card\" content=\"summary_large_image\" \/>\n<meta name=\"twitter:creator\" content=\"@elli\" \/>\n<script type=\"application\/ld+json\" class=\"yoast-schema-graph\">{\"@context\":\"https:\\\/\\\/schema.org\",\"@graph\":[{\"@type\":\"Article\",\"@id\":\"https:\\\/\\\/www.meydan.tv\\\/az\\\/article\\\/mehkeme-qerarlari-prokurorluq-bandotdeldeki-isgenceni-arasdirmir\\\/#article\",\"isPartOf\":{\"@id\":\"https:\\\/\\\/www.meydan.tv\\\/az\\\/article\\\/mehkeme-qerarlari-prokurorluq-bandotdeldeki-isgenceni-arasdirmir\\\/\"},\"author\":{\"name\":\"elli\",\"@id\":\"https:\\\/\\\/www.meydan.tv\\\/az\\\/#\\\/schema\\\/person\\\/9cdbecf90d17180ce1dfbd95b08dcf47\"},\"headline\":\"M\u0259hk\u0259m\u0259 q\u0259rarlar\u0131: \u201cProkurorluq \u201cBandotdel\u201dd\u0259ki i\u015fg\u0259nc\u0259ni ara\u015fd\u0131rm\u0131r\u201d\",\"datePublished\":\"2024-11-12T09:45:30+00:00\",\"dateModified\":\"2024-11-12T09:45:34+00:00\",\"mainEntityOfPage\":{\"@id\":\"https:\\\/\\\/www.meydan.tv\\\/az\\\/article\\\/mehkeme-qerarlari-prokurorluq-bandotdeldeki-isgenceni-arasdirmir\\\/\"},\"wordCount\":1364,\"publisher\":{\"@id\":\"https:\\\/\\\/www.meydan.tv\\\/az\\\/#organization\"},\"image\":{\"@id\":\"https:\\\/\\\/www.meydan.tv\\\/az\\\/article\\\/mehkeme-qerarlari-prokurorluq-bandotdeldeki-isgenceni-arasdirmir\\\/#primaryimage\"},\"thumbnailUrl\":\"https:\\\/\\\/www.meydan.tv\\\/wp-content\\\/uploads\\\/screenshot-at-aug-10-14-51-49.png\",\"articleSection\":[\"Sosial\",\"X\u0259b\u0259rl\u0259r\"],\"inLanguage\":\"az\"},{\"@type\":\"WebPage\",\"@id\":\"https:\\\/\\\/www.meydan.tv\\\/az\\\/article\\\/mehkeme-qerarlari-prokurorluq-bandotdeldeki-isgenceni-arasdirmir\\\/\",\"url\":\"https:\\\/\\\/www.meydan.tv\\\/az\\\/article\\\/mehkeme-qerarlari-prokurorluq-bandotdeldeki-isgenceni-arasdirmir\\\/\",\"name\":\"M\u0259hk\u0259m\u0259 q\u0259rarlar\u0131: \u201cProkurorluq \u201cBandotdel\u201dd\u0259ki i\u015fg\u0259nc\u0259ni ara\u015fd\u0131rm\u0131r\u201d - MEYDAN.TV\",\"isPartOf\":{\"@id\":\"https:\\\/\\\/www.meydan.tv\\\/az\\\/#website\"},\"primaryImageOfPage\":{\"@id\":\"https:\\\/\\\/www.meydan.tv\\\/az\\\/article\\\/mehkeme-qerarlari-prokurorluq-bandotdeldeki-isgenceni-arasdirmir\\\/#primaryimage\"},\"image\":{\"@id\":\"https:\\\/\\\/www.meydan.tv\\\/az\\\/article\\\/mehkeme-qerarlari-prokurorluq-bandotdeldeki-isgenceni-arasdirmir\\\/#primaryimage\"},\"thumbnailUrl\":\"https:\\\/\\\/www.meydan.tv\\\/wp-content\\\/uploads\\\/screenshot-at-aug-10-14-51-49.png\",\"datePublished\":\"2024-11-12T09:45:30+00:00\",\"dateModified\":\"2024-11-12T09:45:34+00:00\",\"breadcrumb\":{\"@id\":\"https:\\\/\\\/www.meydan.tv\\\/az\\\/article\\\/mehkeme-qerarlari-prokurorluq-bandotdeldeki-isgenceni-arasdirmir\\\/#breadcrumb\"},\"inLanguage\":\"az\",\"potentialAction\":[{\"@type\":\"ReadAction\",\"target\":[\"https:\\\/\\\/www.meydan.tv\\\/az\\\/article\\\/mehkeme-qerarlari-prokurorluq-bandotdeldeki-isgenceni-arasdirmir\\\/\"]}]},{\"@type\":\"ImageObject\",\"inLanguage\":\"az\",\"@id\":\"https:\\\/\\\/www.meydan.tv\\\/az\\\/article\\\/mehkeme-qerarlari-prokurorluq-bandotdeldeki-isgenceni-arasdirmir\\\/#primaryimage\",\"url\":\"https:\\\/\\\/www.meydan.tv\\\/wp-content\\\/uploads\\\/screenshot-at-aug-10-14-51-49.png\",\"contentUrl\":\"https:\\\/\\\/www.meydan.tv\\\/wp-content\\\/uploads\\\/screenshot-at-aug-10-14-51-49.png\",\"width\":1510,\"height\":840,\"caption\":\"Ba\u015f Prokurorluq. Foto: Meydan TV\"},{\"@type\":\"BreadcrumbList\",\"@id\":\"https:\\\/\\\/www.meydan.tv\\\/az\\\/article\\\/mehkeme-qerarlari-prokurorluq-bandotdeldeki-isgenceni-arasdirmir\\\/#breadcrumb\",\"itemListElement\":[{\"@type\":\"ListItem\",\"position\":1,\"name\":\"Ana s\u0259hif\u0259\",\"item\":\"https:\\\/\\\/www.meydan.tv\\\/az\\\/\"},{\"@type\":\"ListItem\",\"position\":2,\"name\":\"Sosial\",\"item\":\"https:\\\/\\\/www.meydan.tv\\\/az\\\/section\\\/sosial\\\/\"},{\"@type\":\"ListItem\",\"position\":3,\"name\":\"M\u0259hk\u0259m\u0259 q\u0259rarlar\u0131: \u201cProkurorluq \u201cBandotdel\u201dd\u0259ki i\u015fg\u0259nc\u0259ni ara\u015fd\u0131rm\u0131r\u201d\"}]},{\"@type\":\"WebSite\",\"@id\":\"https:\\\/\\\/www.meydan.tv\\\/az\\\/#website\",\"url\":\"https:\\\/\\\/www.meydan.tv\\\/az\\\/\",\"name\":\"MEYDAN.TV\",\"description\":\"Meydan TV Az\u0259rbaycan\u0131n media m\u0259kan\u0131ndak\u0131 alternativ s\u0259sidir\",\"publisher\":{\"@id\":\"https:\\\/\\\/www.meydan.tv\\\/az\\\/#organization\"},\"potentialAction\":[{\"@type\":\"SearchAction\",\"target\":{\"@type\":\"EntryPoint\",\"urlTemplate\":\"https:\\\/\\\/www.meydan.tv\\\/az\\\/?s={search_term_string}\"},\"query-input\":{\"@type\":\"PropertyValueSpecification\",\"valueRequired\":true,\"valueName\":\"search_term_string\"}}],\"inLanguage\":\"az\"},{\"@type\":\"Organization\",\"@id\":\"https:\\\/\\\/www.meydan.tv\\\/az\\\/#organization\",\"name\":\"Meydan TV\",\"url\":\"https:\\\/\\\/www.meydan.tv\\\/az\\\/\",\"logo\":{\"@type\":\"ImageObject\",\"inLanguage\":\"az\",\"@id\":\"https:\\\/\\\/www.meydan.tv\\\/az\\\/#\\\/schema\\\/logo\\\/image\\\/\",\"url\":\"https:\\\/\\\/www.meydan.tv\\\/wp-content\\\/uploads\\\/2021\\\/07\\\/meydan-logo.svg\",\"contentUrl\":\"https:\\\/\\\/www.meydan.tv\\\/wp-content\\\/uploads\\\/2021\\\/07\\\/meydan-logo.svg\",\"width\":195,\"height\":46,\"caption\":\"Meydan TV\"},\"image\":{\"@id\":\"https:\\\/\\\/www.meydan.tv\\\/az\\\/#\\\/schema\\\/logo\\\/image\\\/\"}},{\"@type\":\"Person\",\"@id\":\"https:\\\/\\\/www.meydan.tv\\\/az\\\/#\\\/schema\\\/person\\\/9cdbecf90d17180ce1dfbd95b08dcf47\",\"name\":\"elli\",\"sameAs\":[\"https:\\\/\\\/x.com\\\/elli\"]}]}<\/script>\n<!-- \/ Yoast SEO plugin. -->","yoast_head_json":{"title":"M\u0259hk\u0259m\u0259 q\u0259rarlar\u0131: \u201cProkurorluq \u201cBandotdel\u201dd\u0259ki i\u015fg\u0259nc\u0259ni ara\u015fd\u0131rm\u0131r\u201d - MEYDAN.TV","robots":{"index":"index","follow":"follow","max-snippet":"max-snippet:-1","max-image-preview":"max-image-preview:large","max-video-preview":"max-video-preview:-1"},"canonical":"https:\/\/www.meydan.tv\/az\/article\/mehkeme-qerarlari-prokurorluq-bandotdeldeki-isgenceni-arasdirmir\/","og_locale":"az_AZ","og_type":"article","og_title":"M\u0259hk\u0259m\u0259 q\u0259rarlar\u0131: \u201cProkurorluq \u201cBandotdel\u201dd\u0259ki i\u015fg\u0259nc\u0259ni ara\u015fd\u0131rm\u0131r\u201d - MEYDAN.TV","og_description":"Quba sakini: \u201cBel\u0259 \u00fcsullarla m\u0259ni \u015f\u0259rl\u0259yib, iki ildir h\u0259bsd\u0259 saxlay\u0131rlar\u201d ... Davam\u0131","og_url":"https:\/\/www.meydan.tv\/az\/article\/mehkeme-qerarlari-prokurorluq-bandotdeldeki-isgenceni-arasdirmir\/","og_site_name":"MEYDAN.TV","article_published_time":"2024-11-12T09:45:30+00:00","article_modified_time":"2024-11-12T09:45:34+00:00","og_image":[{"width":1200,"height":668,"url":"https:\/\/www.meydan.tv\/wp-content\/uploads\/screenshot-at-aug-10-14-51-49-1200x668.png","type":"image\/png"}],"author":"elli","twitter_card":"summary_large_image","twitter_creator":"@elli","schema":{"@context":"https:\/\/schema.org","@graph":[{"@type":"Article","@id":"https:\/\/www.meydan.tv\/az\/article\/mehkeme-qerarlari-prokurorluq-bandotdeldeki-isgenceni-arasdirmir\/#article","isPartOf":{"@id":"https:\/\/www.meydan.tv\/az\/article\/mehkeme-qerarlari-prokurorluq-bandotdeldeki-isgenceni-arasdirmir\/"},"author":{"name":"elli","@id":"https:\/\/www.meydan.tv\/az\/#\/schema\/person\/9cdbecf90d17180ce1dfbd95b08dcf47"},"headline":"M\u0259hk\u0259m\u0259 q\u0259rarlar\u0131: \u201cProkurorluq \u201cBandotdel\u201dd\u0259ki i\u015fg\u0259nc\u0259ni ara\u015fd\u0131rm\u0131r\u201d","datePublished":"2024-11-12T09:45:30+00:00","dateModified":"2024-11-12T09:45:34+00:00","mainEntityOfPage":{"@id":"https:\/\/www.meydan.tv\/az\/article\/mehkeme-qerarlari-prokurorluq-bandotdeldeki-isgenceni-arasdirmir\/"},"wordCount":1364,"publisher":{"@id":"https:\/\/www.meydan.tv\/az\/#organization"},"image":{"@id":"https:\/\/www.meydan.tv\/az\/article\/mehkeme-qerarlari-prokurorluq-bandotdeldeki-isgenceni-arasdirmir\/#primaryimage"},"thumbnailUrl":"https:\/\/www.meydan.tv\/wp-content\/uploads\/screenshot-at-aug-10-14-51-49.png","articleSection":["Sosial","X\u0259b\u0259rl\u0259r"],"inLanguage":"az"},{"@type":"WebPage","@id":"https:\/\/www.meydan.tv\/az\/article\/mehkeme-qerarlari-prokurorluq-bandotdeldeki-isgenceni-arasdirmir\/","url":"https:\/\/www.meydan.tv\/az\/article\/mehkeme-qerarlari-prokurorluq-bandotdeldeki-isgenceni-arasdirmir\/","name":"M\u0259hk\u0259m\u0259 q\u0259rarlar\u0131: \u201cProkurorluq \u201cBandotdel\u201dd\u0259ki i\u015fg\u0259nc\u0259ni ara\u015fd\u0131rm\u0131r\u201d - MEYDAN.TV","isPartOf":{"@id":"https:\/\/www.meydan.tv\/az\/#website"},"primaryImageOfPage":{"@id":"https:\/\/www.meydan.tv\/az\/article\/mehkeme-qerarlari-prokurorluq-bandotdeldeki-isgenceni-arasdirmir\/#primaryimage"},"image":{"@id":"https:\/\/www.meydan.tv\/az\/article\/mehkeme-qerarlari-prokurorluq-bandotdeldeki-isgenceni-arasdirmir\/#primaryimage"},"thumbnailUrl":"https:\/\/www.meydan.tv\/wp-content\/uploads\/screenshot-at-aug-10-14-51-49.png","datePublished":"2024-11-12T09:45:30+00:00","dateModified":"2024-11-12T09:45:34+00:00","breadcrumb":{"@id":"https:\/\/www.meydan.tv\/az\/article\/mehkeme-qerarlari-prokurorluq-bandotdeldeki-isgenceni-arasdirmir\/#breadcrumb"},"inLanguage":"az","potentialAction":[{"@type":"ReadAction","target":["https:\/\/www.meydan.tv\/az\/article\/mehkeme-qerarlari-prokurorluq-bandotdeldeki-isgenceni-arasdirmir\/"]}]},{"@type":"ImageObject","inLanguage":"az","@id":"https:\/\/www.meydan.tv\/az\/article\/mehkeme-qerarlari-prokurorluq-bandotdeldeki-isgenceni-arasdirmir\/#primaryimage","url":"https:\/\/www.meydan.tv\/wp-content\/uploads\/screenshot-at-aug-10-14-51-49.png","contentUrl":"https:\/\/www.meydan.tv\/wp-content\/uploads\/screenshot-at-aug-10-14-51-49.png","width":1510,"height":840,"caption":"Ba\u015f Prokurorluq. Foto: Meydan TV"},{"@type":"BreadcrumbList","@id":"https:\/\/www.meydan.tv\/az\/article\/mehkeme-qerarlari-prokurorluq-bandotdeldeki-isgenceni-arasdirmir\/#breadcrumb","itemListElement":[{"@type":"ListItem","position":1,"name":"Ana s\u0259hif\u0259","item":"https:\/\/www.meydan.tv\/az\/"},{"@type":"ListItem","position":2,"name":"Sosial","item":"https:\/\/www.meydan.tv\/az\/section\/sosial\/"},{"@type":"ListItem","position":3,"name":"M\u0259hk\u0259m\u0259 q\u0259rarlar\u0131: \u201cProkurorluq \u201cBandotdel\u201dd\u0259ki i\u015fg\u0259nc\u0259ni ara\u015fd\u0131rm\u0131r\u201d"}]},{"@type":"WebSite","@id":"https:\/\/www.meydan.tv\/az\/#website","url":"https:\/\/www.meydan.tv\/az\/","name":"MEYDAN.TV","description":"Meydan TV Az\u0259rbaycan\u0131n media m\u0259kan\u0131ndak\u0131 alternativ s\u0259sidir","publisher":{"@id":"https:\/\/www.meydan.tv\/az\/#organization"},"potentialAction":[{"@type":"SearchAction","target":{"@type":"EntryPoint","urlTemplate":"https:\/\/www.meydan.tv\/az\/?s={search_term_string}"},"query-input":{"@type":"PropertyValueSpecification","valueRequired":true,"valueName":"search_term_string"}}],"inLanguage":"az"},{"@type":"Organization","@id":"https:\/\/www.meydan.tv\/az\/#organization","name":"Meydan TV","url":"https:\/\/www.meydan.tv\/az\/","logo":{"@type":"ImageObject","inLanguage":"az","@id":"https:\/\/www.meydan.tv\/az\/#\/schema\/logo\/image\/","url":"https:\/\/www.meydan.tv\/wp-content\/uploads\/2021\/07\/meydan-logo.svg","contentUrl":"https:\/\/www.meydan.tv\/wp-content\/uploads\/2021\/07\/meydan-logo.svg","width":195,"height":46,"caption":"Meydan TV"},"image":{"@id":"https:\/\/www.meydan.tv\/az\/#\/schema\/logo\/image\/"}},{"@type":"Person","@id":"https:\/\/www.meydan.tv\/az\/#\/schema\/person\/9cdbecf90d17180ce1dfbd95b08dcf47","name":"elli","sameAs":["https:\/\/x.com\/elli"]}]}},"_links":{"self":[{"href":"https:\/\/www.meydan.tv\/az\/wp-json\/wp\/v2\/posts\/320301","targetHints":{"allow":["GET"]}}],"collection":[{"href":"https:\/\/www.meydan.tv\/az\/wp-json\/wp\/v2\/posts"}],"about":[{"href":"https:\/\/www.meydan.tv\/az\/wp-json\/wp\/v2\/types\/post"}],"author":[{"embeddable":true,"href":"https:\/\/www.meydan.tv\/az\/wp-json\/wp\/v2\/users\/8"}],"replies":[{"embeddable":true,"href":"https:\/\/www.meydan.tv\/az\/wp-json\/wp\/v2\/comments?post=320301"}],"version-history":[{"count":1,"href":"https:\/\/www.meydan.tv\/az\/wp-json\/wp\/v2\/posts\/320301\/revisions"}],"predecessor-version":[{"id":320306,"href":"https:\/\/www.meydan.tv\/az\/wp-json\/wp\/v2\/posts\/320301\/revisions\/320306"}],"wp:featuredmedia":[{"embeddable":true,"href":"https:\/\/www.meydan.tv\/az\/wp-json\/wp\/v2\/media\/252941"}],"wp:attachment":[{"href":"https:\/\/www.meydan.tv\/az\/wp-json\/wp\/v2\/media?parent=320301"}],"wp:term":[{"taxonomy":"category","embeddable":true,"href":"https:\/\/www.meydan.tv\/az\/wp-json\/wp\/v2\/categories?post=320301"},{"taxonomy":"post_tag","embeddable":true,"href":"https:\/\/www.meydan.tv\/az\/wp-json\/wp\/v2\/tags?post=320301"}],"curies":[{"name":"wp","href":"https:\/\/api.w.org\/{rel}","templated":true}]}}