{"id":320086,"date":"2024-11-11T11:49:18","date_gmt":"2024-11-11T07:49:18","guid":{"rendered":"https:\/\/www.meydan.tv\/?p=320086"},"modified":"2024-11-12T11:32:07","modified_gmt":"2024-11-12T07:32:07","slug":"muddetsiz-elilliyi-legv-olunan-vetendas-agir-xestelerin-pensiyasi-ile-budceye-qenaet-edirler","status":"publish","type":"post","link":"https:\/\/www.meydan.tv\/az\/article\/muddetsiz-elilliyi-legv-olunan-vetendas-agir-xestelerin-pensiyasi-ile-budceye-qenaet-edirler\/","title":{"rendered":"M\u00fcdd\u0259tsiz \u0259lilliyi l\u0259\u011fv olunan v\u0259t\u0259nda\u015f: &#8220;A\u011f\u0131r x\u0259st\u0259l\u0259rin pensiyas\u0131 il\u0259 b\u00fcdc\u0259y\u0259 q\u0259na\u0259t edirl\u0259r&#8221;"},"content":{"rendered":"\n<p><\/p>\n\n\n\n<p><strong><em>&#8220;Nec\u0259 olur ki, \u0259yani yoxlamadan \u0259lilliyimi \u015f\u00fcbh\u0259 alt\u0131na al\u0131b l\u0259\u011fv edirl\u0259r?&#8221;<\/em><\/strong><\/p>\n\n\n\n<p>C\u0259lilabad\u0131n S\u0259rh\u0259dabad k\u0259nd sakini, 1969-cu il t\u0259v\u0259ll\u00fcdl\u00fc A\u011fayev Hasif \u015eeti o\u011flu II qrup m\u00fcdd\u0259tsiz \u0259lilliyinin qeyri-qanuni \u015f\u0259kild\u0259 l\u0259\u011fv edilm\u0259sind\u0259n \u015fikay\u0259t\u00e7idir.<\/p>\n\n\n\n<p>Bu bar\u0259d\u0259 Meydan TV-y\u0259 dan\u0131\u015fan sakin deyir ki, o, 24 \u00f6nc\u0259 ciddi x\u0259st\u0259likl\u0259 \u0259lillik al\u0131b.<\/p>\n\n\n\n<p>Dediyin\u0259 g\u00f6r\u0259, 1987-ci ild\u0259 Rusiyan\u0131n Krasnodar \u015f\u0259h\u0259rind\u0259 h\u0259rbi xidm\u0259td\u0259 olark\u0259n onda k\u0259skin psixoloji x\u0259st\u0259lik a\u015fkarlan\u0131b.<\/p>\n\n\n\n<p>Bu x\u0259st\u0259lik s\u0259b\u0259bind\u0259n d\u0259 1 il sonra h\u0259rbi xidm\u0259td\u0259n geri, Az\u0259rbaycana qaytar\u0131l\u0131b.<\/p>\n\n\n<div class=\"wp-block-image\">\n<figure class=\"aligncenter size-large\"><img decoding=\"async\" width=\"1095\" height=\"821\" data-src=\"https:\/\/www.meydan.tv\/wp-content\/uploads\/img-20241001-wa00001-1095x821.jpg\" alt=\"\" class=\"wp-image-320063 lazyload\" src=\"data:image\/svg+xml;base64,PHN2ZyB3aWR0aD0iMSIgaGVpZ2h0PSIxIiB4bWxucz0iaHR0cDovL3d3dy53My5vcmcvMjAwMC9zdmciPjwvc3ZnPg==\" style=\"--smush-placeholder-width: 1095px; --smush-placeholder-aspect-ratio: 1095\/821;\" \/><figcaption class=\"wp-element-caption\">C\u0259lilabad, S\u0259rh\u0259dabad k\u0259ndi. Foto: Meydan TV<\/figcaption><\/figure>\n<\/div>\n\n\n<p>V\u0259t\u0259nda\u015f bildirib ki, Az\u0259rbaycan g\u00f6nd\u0259rilm\u0259zd\u0259n \u00f6nc\u0259 5 ay Krasnodarda x\u0259st\u0259xanada\u00a0 m\u00fcalic\u0259 al\u0131b. Onun h\u0259rbi s\u0259n\u0259dind\u0259 d\u0259 psixi x\u0259st\u0259 v\u0259 h\u0259rbi xidm\u0259t\u0259 yarars\u0131z oldu\u011fu \u0259ks olunub.<\/p>\n\n\n\n<p>1988-ci ild\u0259n 1999-cu il\u0259 q\u0259d\u0259r Az\u0259rbaycanda h\u0259r il tibbi m\u00fcayin\u0259d\u0259n ke\u00e7m\u0259kl\u0259 m\u00fcdd\u0259tli II qrup \u0259lillik al\u0131b.<\/p>\n\n\n\n<p>&#8220;<em>X\u0259st\u0259liyimin getdikc\u0259 a\u011f\u0131rla\u015fmas\u0131 n\u0259tic\u0259sind\u0259 \u015f\u0259ffaf \u015f\u0259kild\u0259 ke\u00e7iril\u0259n tibbi m\u00fcayin\u0259 n\u0259tic\u0259sind\u0259 1999-cu ilin yanvar\u0131ndan etibar\u0259n m\u0259n\u0259 m\u00fcdd\u0259tsiz II qrup \u0259lillik d\u0259r\u0259c\u0259si t\u0259yin olundu.&nbsp; \u00d6t\u0259n ilin mart\u0131na q\u0259d\u0259r&nbsp; \u0259lillik m\u00fcavin\u0259tini al\u0131rd\u0131m. 13 mart 2023-c\u00fc ild\u0259 \u018fm\u0259k v\u0259 \u018fhalinin Sosial M\u00fcdafi\u0259si Nazirliyinin tabeliyind\u0259 D\u00f6vl\u0259t Tibbi-Sosial Ekspertiza v\u0259 Reabilitasiya Agentliyi m\u0259ni \u0259yani m\u00fcayin\u0259y\u0259 d\u0259v\u0259t etdi. \u00dczrl\u00fc s\u0259b\u0259bd\u0259n \u0259yani m\u00fcayin\u0259y\u0259 ged\u0259 bilm\u0259dim. Bunu \u0259sas g\u0259tir\u0259r\u0259k d\u0259rhal aidiyy\u0259ti inzibati akt t\u0259rtib olunaraq \u0259lillik d\u0259r\u0259c\u0259m l\u0259\u011fv edilib&#8221;<\/em>,- dey\u0259 Hasif A\u011fayev qeyd edib.<\/p>\n\n\n<div class=\"wp-block-image\">\n<figure class=\"alignleft size-large is-resized\"><img decoding=\"async\" width=\"618\" height=\"821\" data-src=\"https:\/\/www.meydan.tv\/wp-content\/uploads\/img-20241030-wa0021-618x821.jpg\" alt=\"\" class=\"wp-image-320090 lazyload\" style=\"--smush-placeholder-width: 618px; --smush-placeholder-aspect-ratio: 618\/821;width:357px;height:auto\" src=\"data:image\/svg+xml;base64,PHN2ZyB3aWR0aD0iMSIgaGVpZ2h0PSIxIiB4bWxucz0iaHR0cDovL3d3dy53My5vcmcvMjAwMC9zdmciPjwvc3ZnPg==\" \/><figcaption class=\"wp-element-caption\">Foto: Meydan TV<\/figcaption><\/figure>\n<\/div>\n\n\n<p>C\u0259lilabad sakini nazirliyi atd\u0131\u011f\u0131 qeyri-qanuni add\u0131m\u0131na g\u00f6r\u0259 q\u0131nay\u0131r:<\/p>\n\n\n\n<p>&#8220;<em>M\u0259n r\u00fc\u015fv\u0259t v\u0259 tap\u015f\u0131r\u0131q \u0259sas\u0131nda \u0259llilik d\u0259r\u0259c\u0259si almam\u0131\u015fam. \u00d6t\u0259n 24 ild\u0259 m\u00fcdd\u0259tsiz \u0259lillik d\u0259r\u0259c\u0259m olub. Nec\u0259 ola bil\u0259r ki, bu m\u00fcdd\u0259td\u0259n sonra nazirlik m\u0259nim \u0259lilliyimi l\u0259\u011fv edir? \u00d6t\u0259n il t\u0259krar m\u00fcayin\u0259y\u0259 \u00e7a\u011f\u0131r\u0131landa imkan\u0131m yox idi. Bundan ba\u015fqa, he\u00e7 bir yer\u0259 t\u0259k ged\u0259 bilmir\u0259m, hu\u015fum, a\u011fl\u0131m \u00fcst\u00fcmd\u0259 olmur. H\u0259m maddi imkan\u0131m, h\u0259m s\u0259hh\u0259tim yol verm\u0259diyind\u0259n t\u0259krar m\u00fcayin\u0259y\u0259 ged\u0259 bilm\u0259dim.\u00a0 M\u00fcdd\u0259tsiz \u0259lillik d\u0259r\u0259c\u0259si olan\u00a0 niy\u0259 t\u0259krar tibbi m\u00fcayin\u0259y\u0259 getm\u0259lidir? M\u0259nim g\u0259r\u0259k\u00a0 250-300 manat pulum ola ki, adam, n\u0259qliyyat tutub yan\u0131mda aparam. H\u0259tta m\u0259n rayonda tibbi m\u00fcayin\u0259d\u0259n ke\u00e7diyimi dedim, raz\u0131 olmad\u0131lar. \u018fvv\u0259l Bak\u0131dan h\u0259kim g\u0259lib yoxlay\u0131rd\u0131, indi v\u0259t\u0259nda\u015f\u0131 Bak\u0131ya q\u0259d\u0259r s\u00fcr\u00fcnd\u00fcr\u00fcrl\u0259r. &#8220;Qaynar x\u0259tt&#8221;\u0259 z\u0259ng edib \u015fikay\u0259timi\u00a0 deyir\u0259m, kims\u0259nin vecin\u0259 deyil&#8221;.<\/em><\/p>\n\n\n\n<p><strong>&#8220;B\u00fcdc\u0259y\u0259 m\u0259nim kimi a\u011f\u0131r x\u0259st\u0259nin \u0259lilliyini k\u0259sm\u0259kl\u0259 q\u0259na\u0259t edirl\u0259r&#8221;<\/strong><\/p>\n\n\n\n<p>V\u0259t\u0259nda\u015f deyir ki, sol \u0259li d\u0259 h\u0259r\u0259k\u0259tsizdir. S\u0259b\u0259bi is\u02591994-c\u00fc ild\u0259 odun do\u011frayark\u0259n hu\u015fsuz v\u0259ziyy\u0259td\u0259 sol \u0259linin ba\u015f barma\u011f\u0131n\u0131 k\u0259sm\u0259sidir. Bu hadis\u0259d\u0259n sonra \u0259l sinirl\u0259ri tamamil\u0259 z\u0259d\u0259l\u0259nib v\u0259 i\u015fl\u0259ksiz hala g\u0259lib.<\/p>\n\n\n\n<p>Haz\u0131rda A\u011fayevl\u0259r ail\u0259si o\u011flunun f\u0259hl\u0259lik pulu v\u0259 86 ya\u015fl\u0131 \u00f6m\u00fcrl\u00fck yataq x\u0259st\u0259si olan ya\u015fl\u0131 anas\u0131n\u0131n pensiyas\u0131 il\u0259 dolan\u0131r. \u00d6z\u00fc is\u0259 \u00f6t\u0259n ild\u0259n m\u00fcalic\u0259 almad\u0131\u011f\u0131ndan x\u0259st\u0259liyinin a\u011f\u0131rla\u015fd\u0131\u011f\u0131n\u0131, simptomlar\u0131 tez-tez tutdu\u011fundan yax\u0131n v\u0259 k\u0259nar \u015f\u0259xsl\u0259r\u0259, ev\u0259 ziyan vurdu\u011funu deyir.<\/p>\n\n\n<div class=\"wp-block-image\">\n<figure class=\"alignright size-large is-resized\"><img decoding=\"async\" width=\"618\" height=\"821\" data-src=\"https:\/\/www.meydan.tv\/wp-content\/uploads\/img-20241026-wa0033-1-618x821.jpg\" alt=\"\" class=\"wp-image-320087 lazyload\" style=\"--smush-placeholder-width: 618px; --smush-placeholder-aspect-ratio: 618\/821;width:314px;height:auto\" src=\"data:image\/svg+xml;base64,PHN2ZyB3aWR0aD0iMSIgaGVpZ2h0PSIxIiB4bWxucz0iaHR0cDovL3d3dy53My5vcmcvMjAwMC9zdmciPjwvc3ZnPg==\" \/><figcaption class=\"wp-element-caption\">Foto: Meydan TV<\/figcaption><\/figure>\n<\/div>\n\n\n<p>Deyir ki, d\u0259rmandan as\u0131l\u0131 h\u0259yat\u0131n\u0131n \u0259n a\u011f\u0131r g\u00fcnl\u0259rini ya\u015fay\u0131r, n\u0259 s\u0259hh\u0259ti, n\u0259 x\u0259st\u0259lik d\u0259r\u0259c\u0259si ona i\u015f imkanlar\u0131 tan\u0131y\u0131r:<\/p>\n\n\n\n<p>&#8220;<em>Ancaq d\u0259rmanla ya\u015fam\u0131\u015f adamam. Pensiyam m\u00fcalic\u0259m\u0259 x\u0259rcl\u0259nirdi. Saxta \u0259lillik ad\u0131 il\u0259 h\u0259qiqi \u0259lillin m\u00fcavin\u0259tini&nbsp; l\u0259\u011fv etm\u0259k vicdans\u0131zl\u0131qd\u0131r, qani\u00e7\u0259nlikdir. Psixi x\u0259st\u0259 oldu\u011fum \u00fc\u00e7\u00fcn i\u015f\u0259 g\u00f6t\u00fcrm\u00fcrl\u0259r. Bir az i\u015f g\u00f6r\u0259n kimi sol \u0259lim, qolum \u015fi\u015fir, \u00e7al\u0131\u015fm\u0131r. Bir m\u00fcdd\u0259t sah\u0259 n\u0259zar\u0259t\u00e7isi i\u015fl\u0259dim, \u00e7\u0131xartd\u0131lar. X\u0259st\u0259liyim tutanda&nbsp; \u00f6z\u00fcmd\u0259 olmuram. He\u00e7 h\u0259kim\u0259 d\u0259 gedib m\u00fcalic\u0259 ala bilmir\u0259m. \u00dcnvanl\u0131 sosial yard\u0131m alm\u0131r\u0131q. O\u011flum i\u015f olanda f\u0259hl\u0259lik edir. Ya\u015fl\u0131 anam var ki, a\u011f\u0131r yataq x\u0259st\u0259sidir:&nbsp; A\u011fayeva Bik\u0259 Qaraxan q\u0131z\u0131. Onun pensiyas\u0131 il\u0259 dolan\u0131r\u0131q&#8221;.<\/em><\/p>\n\n\n\n<p><em>&#8220;Qorba\u00e7ovun d\u00f6vr\u00fcnd\u0259 qarda\u015f\u0131m, \u0259mim v\u0259zif\u0259d\u0259 deyildi ki, m\u0259n\u0259 m\u00fcft\u0259 \u0259lillik versinl\u0259r. B\u00fcdc\u0259y\u0259 m\u0259nim kimi kas\u0131b, a\u011f\u0131r x\u0259st\u0259nin \u0259lilliyini k\u0259sm\u0259kl\u0259 q\u0259na\u0259t edirl\u0259r. \u00d6z\u00fc d\u0259 tibbi ka\u011f\u0131z\u0131 x\u0259st\u0259lik \u0259sas\u0131nda Rusiyada x\u0259st\u0259xana verib. Bunlar n\u0259yi \u015f\u00fcbh\u0259 alt\u0131na al\u0131rlar? Hans\u0131 ki, \u015f\u00fcbh\u0259y\u0259 dair d\u0259lil, s\u00fcbutlar\u0131 yoxdur&#8221;,<\/em> &#8211; o bel\u0259 deyir.<\/p>\n\n\n\n<p><strong>L\u0259\u011fvetm\u0259y\u0259 s\u0259b\u0259b n\u0259dir?<\/strong><\/p>\n\n\n\n<p>D\u00f6vl\u0259t Tibbi Sosial Ekspertiza v\u0259 Reabilitasiya Agentliyi v\u0259t\u0259nda\u015fa bildiri\u015f g\u00f6nd\u0259rib.<\/p>\n\n\n\n<p>Bildiri\u015fd\u0259 v\u0259t\u0259nda\u015f\u0131n \u0259lillik d\u0259r\u0259c\u0259sinin l\u0259\u011fvinin s\u0259b\u0259bi Nazirl\u0259r Kabinetinin 2020-ci il 10 yanvar tarixli 11 n\u00f6mr\u0259li Q\u0259rar\u0131 il\u0259 t\u0259sdiql\u0259nmi\u015f &#8220;\u018fliliyi qiym\u0259tl\u0259ndirilm\u0259si Qaydas\u0131&#8221; n\u0131n 3.7-ci b\u0259ndi il\u0259 \u0259sasland\u0131r\u0131l\u0131b.<\/p>\n\n\n\n<p>S\u0259n\u0259dd\u0259 qeyd olunur ki, \u0259lilliyin qiym\u0259tl\u0259ndirilm\u0259si bar\u0259d\u0259 Tibbi-sosial ekspertiza komissiyas\u0131n\u0131n q\u0259rar\u0131n\u0131n d\u00fczg\u00fcnl\u00fcy\u00fcn\u00fc \u015f\u00fcbh\u0259 alt\u0131na alan \u0259sasl\u0131\u00a0 s\u00fcbutlar olub.<\/p>\n\n\n<div class=\"wp-block-image\">\n<figure class=\"alignleft size-large is-resized\"><img decoding=\"async\" width=\"1200\" height=\"675\" data-src=\"https:\/\/www.meydan.tv\/wp-content\/uploads\/1-4-1-1200x675.jpg\" alt=\"\" class=\"wp-image-292519 lazyload\" style=\"--smush-placeholder-width: 1200px; --smush-placeholder-aspect-ratio: 1200\/675;width:387px;height:auto\" src=\"data:image\/svg+xml;base64,PHN2ZyB3aWR0aD0iMSIgaGVpZ2h0PSIxIiB4bWxucz0iaHR0cDovL3d3dy53My5vcmcvMjAwMC9zdmciPjwvc3ZnPg==\" \/><figcaption class=\"wp-element-caption\">Tural Qurbanov. Foto: Tibbi Sosial Ekspertiza v\u0259 Reabilitasiya Agentliyi. <\/figcaption><\/figure>\n<\/div>\n\n\n<p>&#8220;<em>\u018flil v\u0259t\u0259nda\u015f t\u0259krar \u0259yani m\u00fcayin\u0259y\u0259 c\u0259lb edilib. V\u0259t\u0259nda\u015f da h\u0259min m\u00fcayin\u0259y\u0259 getm\u0259diyind\u0259n 27 yanvar 1999-cu ild\u0259n t\u0259yin olunmu\u015f m\u00fcdd\u0259tsiz, II qrup \u0259lilik d\u0259r\u0259c\u0259si l\u0259\u011fv edilib&#8221;, <\/em>&#8211; dey\u0259 s\u0259n\u0259dd\u0259 vur\u011fulan\u0131r.<\/p>\n\n\n\n<p>TSEK-in m\u0259tbuat xidm\u0259tinin r\u0259smisi Tural Qurbanov v\u0259t\u0259nda\u015f\u0131n \u0259lillik d\u0259r\u0259c\u0259sinin l\u0259\u011fvi il\u0259 ba\u011fl\u0131 Meydan TV-nin sor\u011fusuna cavab\u0131nda yenid\u0259n \u0259vv\u0259lki bildiri\u015fd\u0259 \u0259skini tapan s\u0259b\u0259bl\u0259ri sadalay\u0131b:<\/p>\n\n\n\n<p><em>&#8220;C\u0259lilabad sakini A\u011fayev Hasif \u015eeti o\u011flu 2023-c\u00fc ilin mart\u0131nda \u0259lilliyinin t\u0259krar qiym\u0259tl\u0259ndirilm\u0259si m\u0259qs\u0259dil\u0259 D\u00f6vl\u0259t Tibbi-Sosial Ekspertiza v\u0259 Reabilitasiya Agentliyin\u0259 \u0259yani m\u00fcayin\u0259y\u0259 d\u0259v\u0259t edilib. Haz\u0131rda is\u0259 \u015f\u0259xsin \u0259lilliyinin t\u0259krar qiym\u0259tl\u0259ndirilm\u0259si il\u0259 ba\u011fl\u0131 qeydiyyat \u00fczr\u0259 tibb m\u00fc\u0259ssis\u0259si t\u0259r\u0259find\u0259n yeni &#8220;Forma-88&#8243; s\u0259n\u0259di r\u0259smil\u0259\u015fdirilm\u0259yib. Tibb m\u00fc\u0259ssis\u0259si t\u0259r\u0259find\u0259n Hasif A\u011fayevl\u0259 ba\u011fl\u0131 yeni&nbsp; g\u00f6nd\u0259ri\u015f r\u0259smil\u0259\u015fdirildiyi t\u0259qdird\u0259, qanunvericiliy\u0259 uy\u011fun&nbsp; olaraq onun \u0259lilliyinin qiym\u0259tl\u0259ndirilm\u0259si apar\u0131lacaq&#8221;<\/em>.<\/p>\n\n\n\n<p>Qurumun r\u0259smisi m\u00fcdd\u0259tsiz \u0259lillik d\u0259r\u0259c\u0259sin\u0259 sahib \u015f\u0259xsl\u0259rin t\u0259krar m\u00fcayin\u0259y\u0259 c\u0259lbini qanunsuz saym\u0131r:<\/p>\n\n\n<div class=\"wp-block-image\">\n<figure class=\"aligncenter size-large is-resized\"><img decoding=\"async\" width=\"609\" height=\"821\" data-src=\"https:\/\/www.meydan.tv\/wp-content\/uploads\/img-20241026-wa0036-609x821.jpg\" alt=\"\" class=\"wp-image-320093 lazyload\" style=\"--smush-placeholder-width: 609px; --smush-placeholder-aspect-ratio: 609\/821;width:410px;height:auto\" src=\"data:image\/svg+xml;base64,PHN2ZyB3aWR0aD0iMSIgaGVpZ2h0PSIxIiB4bWxucz0iaHR0cDovL3d3dy53My5vcmcvMjAwMC9zdmciPjwvc3ZnPg==\" \/><figcaption class=\"wp-element-caption\">Hasif A\u011fayev. Foto: Meydan TV <\/figcaption><\/figure>\n<\/div>\n\n\n<p>&#8220;<em>&#8220;\u0130nzibati icraat haqq\u0131nda&#8221; Qanuna g\u00f6r\u0259, biz, v\u0259t\u0259nda\u015flar\u0131n \u0259lilliyi m\u00fcdd\u0259tsiz olsa da bel\u0259, \u0259lilin t\u0259krar qiym\u0259tl\u0259ndirilm\u0259si bar\u0259d\u0259 onu m\u0259ktubla d\u0259v\u0259t ed\u0259 bil\u0259rik. Real \u0259liliyi olan v\u0259t\u0259nda\u015f t\u0259krar m\u00fcayin\u0259d\u0259n ke\u00e7\u0259 bil\u0259r. G\u0259lm\u0259diyi t\u0259qdird\u0259 \u015f\u00fcbh\u0259l\u0259r yaran\u0131r. Lakin v\u0259t\u0259nda\u015f m\u00fcayin\u0259d\u0259 i\u015ftirak etm\u0259diyin\u0259 g\u00f6r\u0259 onun \u0259lilliyinin yenid\u0259n qiym\u0259tl\u0259ndirilm\u0259si m\u00fcmk\u00fcn olmay\u0131b&#8221;.<\/em><\/p>\n\n\n\n<p><strong>&#8220;M\u00fcdd\u0259tsiz \u0259lillik d\u0259r\u0259c\u0259sind\u0259 t\u0259krar tibbi m\u00fcayin\u0259 olmamal\u0131d\u0131r&#8221;<\/strong><\/p>\n\n\n\n<p>H\u00fcquq\u015f\u00fcnas Az\u0259r Quliyev is\u0259 h\u0259m \u0259yani tibbi yoxlan\u0131\u015f olmadan \u0259lil \u015f\u0259xsin \u0259liliyini \u015f\u00fcbh\u0259 alt\u0131na alacaq d\u0259lil iddias\u0131n\u0131 v\u0259 h\u0259m d\u0259 m\u00fcdd\u0259tsiz \u0259lillik d\u0259r\u0259c\u0259sinin t\u0259krar yoxlan\u0131\u015f\u0131n\u0131 qanunsuz say\u0131r:<\/p>\n\n\n\n<p>&#8220;<em>Bu qurumda indi v\u0259zif\u0259li \u015f\u0259xsl\u0259rin savads\u0131z \u00f6vladlar\u0131 m\u00f6vqe tutur. \u018fvv\u0259lkil\u0259r qanunu bils\u0259l\u0259r d\u0259, r\u00fc\u015fv\u0259txor idil\u0259r. \u0130ndikil\u0259r is\u0259 he\u00e7 qanunu da bilmirl\u0259r. M\u00fcdd\u0259tli \u0259lillik d\u0259r\u0259c\u0259sinin vaxt\u0131 bit\u0259nd\u0259 yenid\u0259n x\u0259st\u0259liy\u0259 dair &#8220;Forma-88&#8243; doldurulur. Ancaq m\u00fcdd\u0259tsiz \u0259lillik d\u0259r\u0259c\u0259sind\u0259 is\u0259 t\u0259krar tibbi m\u00fcayin\u0259 olmamal\u0131d\u0131r. H\u0259m\u00e7inin yoxlan\u0131\u015fdan ke\u00e7m\u0259d\u0259n v\u0259t\u0259nda\u015fda nec\u0259 \u015f\u00fcbh\u0259 alt\u0131na al\u0131nacaq d\u0259lil\u0259r a\u015fkarlay\u0131blar? Hans\u0131 ki bildiri\u015fd\u0259 bunu qeyd edibl\u0259r. Bu s\u00fcbut g\u00f6yd\u0259n z\u0259nbill\u0259 d\u00fc\u015fd\u00fc? \u015e\u00fcbh\u0259li s\u00fcbutlar faktla qeyd edilm\u0259lidir. Adi x\u0259st\u0259lik deyil, bu adam\u0131n a\u011f\u0131r diaqnozu var. \u015e\u0259xs\u0259n h\u00fcquq\u015f\u00fcnas olaraq \u00e7oxsayl\u0131 bel\u0259 v\u0259t\u0259nda\u015flarla i\u015fl\u0259yirik&#8221;.<\/em><\/p>\n\n\n\n<p><strong>&#8220;\u0130ndi iddia \u0259riz\u0259si il\u0259 m\u0259hk\u0259m\u0259y\u0259 m\u00fcraci\u0259t etm\u0259y\u0259 \u00fcmid qal\u0131b&#8221;<\/strong><\/p>\n\n\n\n<p>H\u00fcquq\u015f\u00fcnas deyir ki, \u0259lil v\u0259t\u0259nda\u015f\u0131n h\u00fcquqi aspektd\u0259n ona veril\u0259n imtina&nbsp; m\u0259ktubundan bir ay m\u00fcdd\u0259tind\u0259 &#8220;\u0130nzibati icraat haqq\u0131nda&#8221; Qanunun 71-73-c\u00fc madd\u0259l\u0259rin\u0259 \u0259sas\u0259n, \u018fm\u0259k v\u0259 \u018fhalinin Sosial M\u00fcdafi\u0259si Nazirliyin\u0259 v\u0259 m\u0259hk\u0259m\u0259y\u0259 verm\u0259k h\u00fcququ var:<\/p>\n\n\n\n<p><em>&#8220;Bu v\u0259t\u0259nda\u015f t\u0259k deyil, \u00e7oxlu sayda\u00a0\u0259lilliyi qeyri-qanuni \u0259saslarla k\u0259silmi\u015f v\u0259t\u0259nda\u015flar var.\u00a0 M\u0259hk\u0259m\u0259 yolu il\u0259 h\u0259r v\u0259t\u0259nda\u015f\u0131n da h\u00fcququnu t\u0259l\u0259b etm\u0259y\u0259 n\u0259 savad\u0131, n\u0259 maddi imkan\u0131 var. H\u0259tta\u00a0aylarla s\u00fcr\u0259n bel\u0259 i\u015fl\u0259r var. \u018fg\u0259r v\u0259t\u0259nda\u015fa veril\u0259n imtina m\u0259ktubundan bir ay vaxt ke\u00e7m\u0259yibs\u0259, s\u0259n\u0259dl\u0259ri toplay\u0131b Bak\u0131 \u0130nzibati M\u0259hk\u0259m\u0259sin\u0259 versin. \u018fg\u0259r ke\u00e7ibs\u0259, iddia \u0259riz\u0259si il\u0259 yen\u0259 d\u0259 m\u00fcraci\u0259t ed\u0259 bil\u0259r. \u018fsas imtina m\u0259ktubu g\u0259l\u0259nd\u0259n sonra m\u0259hk\u0259m\u0259y\u0259\u00a0 ver\u0259 bil\u0259r&#8221;.<\/em><\/p>\n\n\n<div class=\"wp-block-image\">\n<figure class=\"alignright size-large is-resized\"><img decoding=\"async\" width=\"1200\" height=\"675\" data-src=\"https:\/\/www.meydan.tv\/wp-content\/uploads\/3--1200x675.jpg\" alt=\"\" class=\"wp-image-292513 lazyload\" style=\"--smush-placeholder-width: 1200px; --smush-placeholder-aspect-ratio: 1200\/675;width:403px;height:auto\" src=\"data:image\/svg+xml;base64,PHN2ZyB3aWR0aD0iMSIgaGVpZ2h0PSIxIiB4bWxucz0iaHR0cDovL3d3dy53My5vcmcvMjAwMC9zdmciPjwvc3ZnPg==\" \/><figcaption class=\"wp-element-caption\">Foto: Az\u0259r Quliyevin \u015f\u0259xsi arxivind\u0259n <\/figcaption><\/figure>\n<\/div>\n\n\n<p>Onun s\u00f6zl\u0259rin\u0259 g\u00f6r\u0259, h\u0259kim m\u00fcdd\u0259tli \u0259lill\u0259r\u0259 g\u00f6nd\u0259ri\u015f verir, &#8220;Forma-88&#8221; doldurulur, amma m\u00fcdd\u0259tsiz \u0259lill\u0259r \u00fc\u00e7\u00fcn bunu etmirl\u0259r:<\/p>\n\n\n\n<p>&#8220;<em>Faktiki x\u0259st\u0259xanada yatm\u0131r v\u0259 h\u0259kim adam\u0131n x\u0259st\u0259liyi il\u0259 ba\u011fl\u0131 n\u0259 yazacaq? \u00c7\u00fcnki bu, m\u00fcdd\u0259tsizdir. S\u00fcbut etm\u0259k TSEK-n\u0131n borcudur. V\u0259t\u0259nda\u015f Nazirliy\u0259 getsin, \u0259yani tibbi yoxlan\u0131\u015f\u0131 m\u00fcsb\u0259t n\u0259tic\u0259l\u0259nm\u0259zs\u0259, imtina m\u0259ktubu g\u0259l\u0259rs\u0259, ancaq \u00fcmid iddia \u0259riz\u0259si il\u0259 m\u0259hk\u0259m\u0259y\u0259 m\u00fcraci\u0259t\u0259 qal\u0131r&#8221;.<\/em><\/p>\n","protected":false},"excerpt":{"rendered":"<p>&#8220;Nec\u0259 olur ki, \u0259yani yoxlamadan \u0259lilliyimi \u015f\u00fcbh\u0259 alt\u0131na al\u0131b l\u0259\u011fv &#8230; <\/p>\n<p class=\"read-more-container\"><a title=\"M\u00fcdd\u0259tsiz \u0259lilliyi l\u0259\u011fv olunan v\u0259t\u0259nda\u015f: &#8220;A\u011f\u0131r x\u0259st\u0259l\u0259rin pensiyas\u0131 il\u0259 b\u00fcdc\u0259y\u0259 q\u0259na\u0259t edirl\u0259r&#8221;\" class=\"read-more button\" href=\"https:\/\/www.meydan.tv\/az\/article\/muddetsiz-elilliyi-legv-olunan-vetendas-agir-xestelerin-pensiyasi-ile-budceye-qenaet-edirler\/#more-320086\" aria-label=\"Read more about M\u00fcdd\u0259tsiz \u0259lilliyi l\u0259\u011fv olunan v\u0259t\u0259nda\u015f: &#8220;A\u011f\u0131r x\u0259st\u0259l\u0259rin pensiyas\u0131 il\u0259 b\u00fcdc\u0259y\u0259 q\u0259na\u0259t edirl\u0259r&#8221;\">Davam\u0131<\/a><\/p>\n","protected":false},"author":8,"featured_media":320066,"comment_status":"closed","ping_status":"closed","sticky":false,"template":"","format":"standard","meta":{"_acf_changed":false,"_sitemap_exclude":false,"_sitemap_priority":"","_sitemap_frequency":"","footnotes":""},"categories":[62,79,56],"tags":[],"class_list":["post-320086","post","type-post","status-publish","format-standard","has-post-thumbnail","hentry","category-sosial","category-featured","category-xeberler","infinite-scroll-item","generate-columns","tablet-grid-50","mobile-grid-100","grid-parent","grid-33","no-featured-image-padding"],"acf":[],"yoast_head":"<!-- This site is optimized with the Yoast SEO plugin v27.4 - https:\/\/yoast.com\/product\/yoast-seo-wordpress\/ -->\n<title>M\u00fcdd\u0259tsiz \u0259lilliyi l\u0259\u011fv olunan v\u0259t\u0259nda\u015f: &quot;A\u011f\u0131r x\u0259st\u0259l\u0259rin pensiyas\u0131 il\u0259 b\u00fcdc\u0259y\u0259 q\u0259na\u0259t edirl\u0259r&quot; - MEYDAN.TV<\/title>\n<meta name=\"robots\" content=\"index, follow, max-snippet:-1, max-image-preview:large, max-video-preview:-1\" \/>\n<link rel=\"canonical\" href=\"https:\/\/www.meydan.tv\/az\/article\/muddetsiz-elilliyi-legv-olunan-vetendas-agir-xestelerin-pensiyasi-ile-budceye-qenaet-edirler\/\" \/>\n<meta property=\"og:locale\" content=\"az_AZ\" \/>\n<meta property=\"og:type\" content=\"article\" \/>\n<meta property=\"og:title\" content=\"M\u00fcdd\u0259tsiz \u0259lilliyi l\u0259\u011fv olunan v\u0259t\u0259nda\u015f: &quot;A\u011f\u0131r x\u0259st\u0259l\u0259rin pensiyas\u0131 il\u0259 b\u00fcdc\u0259y\u0259 q\u0259na\u0259t edirl\u0259r&quot; - MEYDAN.TV\" \/>\n<meta property=\"og:description\" content=\"&#8220;Nec\u0259 olur ki, \u0259yani yoxlamadan \u0259lilliyimi \u015f\u00fcbh\u0259 alt\u0131na al\u0131b l\u0259\u011fv ... Davam\u0131\" \/>\n<meta property=\"og:url\" content=\"https:\/\/www.meydan.tv\/az\/article\/muddetsiz-elilliyi-legv-olunan-vetendas-agir-xestelerin-pensiyasi-ile-budceye-qenaet-edirler\/\" \/>\n<meta property=\"og:site_name\" content=\"MEYDAN.TV\" \/>\n<meta property=\"article:published_time\" content=\"2024-11-11T07:49:18+00:00\" \/>\n<meta property=\"article:modified_time\" content=\"2024-11-12T07:32:07+00:00\" \/>\n<meta property=\"og:image\" content=\"https:\/\/www.meydan.tv\/wp-content\/uploads\/img-20241030-wa0020-e1731311312313.jpg\" \/>\n\t<meta property=\"og:image:width\" content=\"1500\" \/>\n\t<meta property=\"og:image:height\" content=\"1060\" \/>\n\t<meta property=\"og:image:type\" content=\"image\/jpeg\" \/>\n<meta name=\"author\" content=\"elli\" \/>\n<meta name=\"twitter:card\" content=\"summary_large_image\" \/>\n<meta name=\"twitter:creator\" content=\"@elli\" \/>\n<script type=\"application\/ld+json\" class=\"yoast-schema-graph\">{\"@context\":\"https:\\\/\\\/schema.org\",\"@graph\":[{\"@type\":\"Article\",\"@id\":\"https:\\\/\\\/www.meydan.tv\\\/az\\\/article\\\/muddetsiz-elilliyi-legv-olunan-vetendas-agir-xestelerin-pensiyasi-ile-budceye-qenaet-edirler\\\/#article\",\"isPartOf\":{\"@id\":\"https:\\\/\\\/www.meydan.tv\\\/az\\\/article\\\/muddetsiz-elilliyi-legv-olunan-vetendas-agir-xestelerin-pensiyasi-ile-budceye-qenaet-edirler\\\/\"},\"author\":{\"name\":\"elli\",\"@id\":\"https:\\\/\\\/www.meydan.tv\\\/az\\\/#\\\/schema\\\/person\\\/9cdbecf90d17180ce1dfbd95b08dcf47\"},\"headline\":\"M\u00fcdd\u0259tsiz \u0259lilliyi l\u0259\u011fv olunan v\u0259t\u0259nda\u015f: &#8220;A\u011f\u0131r x\u0259st\u0259l\u0259rin pensiyas\u0131 il\u0259 b\u00fcdc\u0259y\u0259 q\u0259na\u0259t edirl\u0259r&#8221;\",\"datePublished\":\"2024-11-11T07:49:18+00:00\",\"dateModified\":\"2024-11-12T07:32:07+00:00\",\"mainEntityOfPage\":{\"@id\":\"https:\\\/\\\/www.meydan.tv\\\/az\\\/article\\\/muddetsiz-elilliyi-legv-olunan-vetendas-agir-xestelerin-pensiyasi-ile-budceye-qenaet-edirler\\\/\"},\"wordCount\":1906,\"publisher\":{\"@id\":\"https:\\\/\\\/www.meydan.tv\\\/az\\\/#organization\"},\"image\":{\"@id\":\"https:\\\/\\\/www.meydan.tv\\\/az\\\/article\\\/muddetsiz-elilliyi-legv-olunan-vetendas-agir-xestelerin-pensiyasi-ile-budceye-qenaet-edirler\\\/#primaryimage\"},\"thumbnailUrl\":\"https:\\\/\\\/www.meydan.tv\\\/wp-content\\\/uploads\\\/img-20241030-wa0020-e1731311312313.jpg\",\"articleSection\":[\"Sosial\",\"T\u00f6vsiy\u0259\",\"X\u0259b\u0259rl\u0259r\"],\"inLanguage\":\"az\"},{\"@type\":\"WebPage\",\"@id\":\"https:\\\/\\\/www.meydan.tv\\\/az\\\/article\\\/muddetsiz-elilliyi-legv-olunan-vetendas-agir-xestelerin-pensiyasi-ile-budceye-qenaet-edirler\\\/\",\"url\":\"https:\\\/\\\/www.meydan.tv\\\/az\\\/article\\\/muddetsiz-elilliyi-legv-olunan-vetendas-agir-xestelerin-pensiyasi-ile-budceye-qenaet-edirler\\\/\",\"name\":\"M\u00fcdd\u0259tsiz \u0259lilliyi l\u0259\u011fv olunan v\u0259t\u0259nda\u015f: \\\"A\u011f\u0131r x\u0259st\u0259l\u0259rin pensiyas\u0131 il\u0259 b\u00fcdc\u0259y\u0259 q\u0259na\u0259t edirl\u0259r\\\" - MEYDAN.TV\",\"isPartOf\":{\"@id\":\"https:\\\/\\\/www.meydan.tv\\\/az\\\/#website\"},\"primaryImageOfPage\":{\"@id\":\"https:\\\/\\\/www.meydan.tv\\\/az\\\/article\\\/muddetsiz-elilliyi-legv-olunan-vetendas-agir-xestelerin-pensiyasi-ile-budceye-qenaet-edirler\\\/#primaryimage\"},\"image\":{\"@id\":\"https:\\\/\\\/www.meydan.tv\\\/az\\\/article\\\/muddetsiz-elilliyi-legv-olunan-vetendas-agir-xestelerin-pensiyasi-ile-budceye-qenaet-edirler\\\/#primaryimage\"},\"thumbnailUrl\":\"https:\\\/\\\/www.meydan.tv\\\/wp-content\\\/uploads\\\/img-20241030-wa0020-e1731311312313.jpg\",\"datePublished\":\"2024-11-11T07:49:18+00:00\",\"dateModified\":\"2024-11-12T07:32:07+00:00\",\"breadcrumb\":{\"@id\":\"https:\\\/\\\/www.meydan.tv\\\/az\\\/article\\\/muddetsiz-elilliyi-legv-olunan-vetendas-agir-xestelerin-pensiyasi-ile-budceye-qenaet-edirler\\\/#breadcrumb\"},\"inLanguage\":\"az\",\"potentialAction\":[{\"@type\":\"ReadAction\",\"target\":[\"https:\\\/\\\/www.meydan.tv\\\/az\\\/article\\\/muddetsiz-elilliyi-legv-olunan-vetendas-agir-xestelerin-pensiyasi-ile-budceye-qenaet-edirler\\\/\"]}]},{\"@type\":\"ImageObject\",\"inLanguage\":\"az\",\"@id\":\"https:\\\/\\\/www.meydan.tv\\\/az\\\/article\\\/muddetsiz-elilliyi-legv-olunan-vetendas-agir-xestelerin-pensiyasi-ile-budceye-qenaet-edirler\\\/#primaryimage\",\"url\":\"https:\\\/\\\/www.meydan.tv\\\/wp-content\\\/uploads\\\/img-20241030-wa0020-e1731311312313.jpg\",\"contentUrl\":\"https:\\\/\\\/www.meydan.tv\\\/wp-content\\\/uploads\\\/img-20241030-wa0020-e1731311312313.jpg\",\"width\":1500,\"height\":1060,\"caption\":\"Hasif A\u011fayev. Foto: Meydan TV\"},{\"@type\":\"BreadcrumbList\",\"@id\":\"https:\\\/\\\/www.meydan.tv\\\/az\\\/article\\\/muddetsiz-elilliyi-legv-olunan-vetendas-agir-xestelerin-pensiyasi-ile-budceye-qenaet-edirler\\\/#breadcrumb\",\"itemListElement\":[{\"@type\":\"ListItem\",\"position\":1,\"name\":\"Ana s\u0259hif\u0259\",\"item\":\"https:\\\/\\\/www.meydan.tv\\\/az\\\/\"},{\"@type\":\"ListItem\",\"position\":2,\"name\":\"Sosial\",\"item\":\"https:\\\/\\\/www.meydan.tv\\\/az\\\/section\\\/sosial\\\/\"},{\"@type\":\"ListItem\",\"position\":3,\"name\":\"M\u00fcdd\u0259tsiz \u0259lilliyi l\u0259\u011fv olunan v\u0259t\u0259nda\u015f: &#8220;A\u011f\u0131r x\u0259st\u0259l\u0259rin pensiyas\u0131 il\u0259 b\u00fcdc\u0259y\u0259 q\u0259na\u0259t edirl\u0259r&#8221;\"}]},{\"@type\":\"WebSite\",\"@id\":\"https:\\\/\\\/www.meydan.tv\\\/az\\\/#website\",\"url\":\"https:\\\/\\\/www.meydan.tv\\\/az\\\/\",\"name\":\"MEYDAN.TV\",\"description\":\"Meydan TV Az\u0259rbaycan\u0131n media m\u0259kan\u0131ndak\u0131 alternativ s\u0259sidir\",\"publisher\":{\"@id\":\"https:\\\/\\\/www.meydan.tv\\\/az\\\/#organization\"},\"potentialAction\":[{\"@type\":\"SearchAction\",\"target\":{\"@type\":\"EntryPoint\",\"urlTemplate\":\"https:\\\/\\\/www.meydan.tv\\\/az\\\/?s={search_term_string}\"},\"query-input\":{\"@type\":\"PropertyValueSpecification\",\"valueRequired\":true,\"valueName\":\"search_term_string\"}}],\"inLanguage\":\"az\"},{\"@type\":\"Organization\",\"@id\":\"https:\\\/\\\/www.meydan.tv\\\/az\\\/#organization\",\"name\":\"Meydan TV\",\"url\":\"https:\\\/\\\/www.meydan.tv\\\/az\\\/\",\"logo\":{\"@type\":\"ImageObject\",\"inLanguage\":\"az\",\"@id\":\"https:\\\/\\\/www.meydan.tv\\\/az\\\/#\\\/schema\\\/logo\\\/image\\\/\",\"url\":\"https:\\\/\\\/www.meydan.tv\\\/wp-content\\\/uploads\\\/2021\\\/07\\\/meydan-logo.svg\",\"contentUrl\":\"https:\\\/\\\/www.meydan.tv\\\/wp-content\\\/uploads\\\/2021\\\/07\\\/meydan-logo.svg\",\"width\":195,\"height\":46,\"caption\":\"Meydan TV\"},\"image\":{\"@id\":\"https:\\\/\\\/www.meydan.tv\\\/az\\\/#\\\/schema\\\/logo\\\/image\\\/\"}},{\"@type\":\"Person\",\"@id\":\"https:\\\/\\\/www.meydan.tv\\\/az\\\/#\\\/schema\\\/person\\\/9cdbecf90d17180ce1dfbd95b08dcf47\",\"name\":\"elli\",\"sameAs\":[\"https:\\\/\\\/x.com\\\/elli\"]}]}<\/script>\n<!-- \/ Yoast SEO plugin. -->","yoast_head_json":{"title":"M\u00fcdd\u0259tsiz \u0259lilliyi l\u0259\u011fv olunan v\u0259t\u0259nda\u015f: \"A\u011f\u0131r x\u0259st\u0259l\u0259rin pensiyas\u0131 il\u0259 b\u00fcdc\u0259y\u0259 q\u0259na\u0259t edirl\u0259r\" - MEYDAN.TV","robots":{"index":"index","follow":"follow","max-snippet":"max-snippet:-1","max-image-preview":"max-image-preview:large","max-video-preview":"max-video-preview:-1"},"canonical":"https:\/\/www.meydan.tv\/az\/article\/muddetsiz-elilliyi-legv-olunan-vetendas-agir-xestelerin-pensiyasi-ile-budceye-qenaet-edirler\/","og_locale":"az_AZ","og_type":"article","og_title":"M\u00fcdd\u0259tsiz \u0259lilliyi l\u0259\u011fv olunan v\u0259t\u0259nda\u015f: \"A\u011f\u0131r x\u0259st\u0259l\u0259rin pensiyas\u0131 il\u0259 b\u00fcdc\u0259y\u0259 q\u0259na\u0259t edirl\u0259r\" - MEYDAN.TV","og_description":"&#8220;Nec\u0259 olur ki, \u0259yani yoxlamadan \u0259lilliyimi \u015f\u00fcbh\u0259 alt\u0131na al\u0131b l\u0259\u011fv ... Davam\u0131","og_url":"https:\/\/www.meydan.tv\/az\/article\/muddetsiz-elilliyi-legv-olunan-vetendas-agir-xestelerin-pensiyasi-ile-budceye-qenaet-edirler\/","og_site_name":"MEYDAN.TV","article_published_time":"2024-11-11T07:49:18+00:00","article_modified_time":"2024-11-12T07:32:07+00:00","og_image":[{"width":1500,"height":1060,"url":"https:\/\/www.meydan.tv\/wp-content\/uploads\/img-20241030-wa0020-e1731311312313.jpg","type":"image\/jpeg"}],"author":"elli","twitter_card":"summary_large_image","twitter_creator":"@elli","schema":{"@context":"https:\/\/schema.org","@graph":[{"@type":"Article","@id":"https:\/\/www.meydan.tv\/az\/article\/muddetsiz-elilliyi-legv-olunan-vetendas-agir-xestelerin-pensiyasi-ile-budceye-qenaet-edirler\/#article","isPartOf":{"@id":"https:\/\/www.meydan.tv\/az\/article\/muddetsiz-elilliyi-legv-olunan-vetendas-agir-xestelerin-pensiyasi-ile-budceye-qenaet-edirler\/"},"author":{"name":"elli","@id":"https:\/\/www.meydan.tv\/az\/#\/schema\/person\/9cdbecf90d17180ce1dfbd95b08dcf47"},"headline":"M\u00fcdd\u0259tsiz \u0259lilliyi l\u0259\u011fv olunan v\u0259t\u0259nda\u015f: &#8220;A\u011f\u0131r x\u0259st\u0259l\u0259rin pensiyas\u0131 il\u0259 b\u00fcdc\u0259y\u0259 q\u0259na\u0259t edirl\u0259r&#8221;","datePublished":"2024-11-11T07:49:18+00:00","dateModified":"2024-11-12T07:32:07+00:00","mainEntityOfPage":{"@id":"https:\/\/www.meydan.tv\/az\/article\/muddetsiz-elilliyi-legv-olunan-vetendas-agir-xestelerin-pensiyasi-ile-budceye-qenaet-edirler\/"},"wordCount":1906,"publisher":{"@id":"https:\/\/www.meydan.tv\/az\/#organization"},"image":{"@id":"https:\/\/www.meydan.tv\/az\/article\/muddetsiz-elilliyi-legv-olunan-vetendas-agir-xestelerin-pensiyasi-ile-budceye-qenaet-edirler\/#primaryimage"},"thumbnailUrl":"https:\/\/www.meydan.tv\/wp-content\/uploads\/img-20241030-wa0020-e1731311312313.jpg","articleSection":["Sosial","T\u00f6vsiy\u0259","X\u0259b\u0259rl\u0259r"],"inLanguage":"az"},{"@type":"WebPage","@id":"https:\/\/www.meydan.tv\/az\/article\/muddetsiz-elilliyi-legv-olunan-vetendas-agir-xestelerin-pensiyasi-ile-budceye-qenaet-edirler\/","url":"https:\/\/www.meydan.tv\/az\/article\/muddetsiz-elilliyi-legv-olunan-vetendas-agir-xestelerin-pensiyasi-ile-budceye-qenaet-edirler\/","name":"M\u00fcdd\u0259tsiz \u0259lilliyi l\u0259\u011fv olunan v\u0259t\u0259nda\u015f: \"A\u011f\u0131r x\u0259st\u0259l\u0259rin pensiyas\u0131 il\u0259 b\u00fcdc\u0259y\u0259 q\u0259na\u0259t edirl\u0259r\" - MEYDAN.TV","isPartOf":{"@id":"https:\/\/www.meydan.tv\/az\/#website"},"primaryImageOfPage":{"@id":"https:\/\/www.meydan.tv\/az\/article\/muddetsiz-elilliyi-legv-olunan-vetendas-agir-xestelerin-pensiyasi-ile-budceye-qenaet-edirler\/#primaryimage"},"image":{"@id":"https:\/\/www.meydan.tv\/az\/article\/muddetsiz-elilliyi-legv-olunan-vetendas-agir-xestelerin-pensiyasi-ile-budceye-qenaet-edirler\/#primaryimage"},"thumbnailUrl":"https:\/\/www.meydan.tv\/wp-content\/uploads\/img-20241030-wa0020-e1731311312313.jpg","datePublished":"2024-11-11T07:49:18+00:00","dateModified":"2024-11-12T07:32:07+00:00","breadcrumb":{"@id":"https:\/\/www.meydan.tv\/az\/article\/muddetsiz-elilliyi-legv-olunan-vetendas-agir-xestelerin-pensiyasi-ile-budceye-qenaet-edirler\/#breadcrumb"},"inLanguage":"az","potentialAction":[{"@type":"ReadAction","target":["https:\/\/www.meydan.tv\/az\/article\/muddetsiz-elilliyi-legv-olunan-vetendas-agir-xestelerin-pensiyasi-ile-budceye-qenaet-edirler\/"]}]},{"@type":"ImageObject","inLanguage":"az","@id":"https:\/\/www.meydan.tv\/az\/article\/muddetsiz-elilliyi-legv-olunan-vetendas-agir-xestelerin-pensiyasi-ile-budceye-qenaet-edirler\/#primaryimage","url":"https:\/\/www.meydan.tv\/wp-content\/uploads\/img-20241030-wa0020-e1731311312313.jpg","contentUrl":"https:\/\/www.meydan.tv\/wp-content\/uploads\/img-20241030-wa0020-e1731311312313.jpg","width":1500,"height":1060,"caption":"Hasif A\u011fayev. Foto: Meydan TV"},{"@type":"BreadcrumbList","@id":"https:\/\/www.meydan.tv\/az\/article\/muddetsiz-elilliyi-legv-olunan-vetendas-agir-xestelerin-pensiyasi-ile-budceye-qenaet-edirler\/#breadcrumb","itemListElement":[{"@type":"ListItem","position":1,"name":"Ana s\u0259hif\u0259","item":"https:\/\/www.meydan.tv\/az\/"},{"@type":"ListItem","position":2,"name":"Sosial","item":"https:\/\/www.meydan.tv\/az\/section\/sosial\/"},{"@type":"ListItem","position":3,"name":"M\u00fcdd\u0259tsiz \u0259lilliyi l\u0259\u011fv olunan v\u0259t\u0259nda\u015f: &#8220;A\u011f\u0131r x\u0259st\u0259l\u0259rin pensiyas\u0131 il\u0259 b\u00fcdc\u0259y\u0259 q\u0259na\u0259t edirl\u0259r&#8221;"}]},{"@type":"WebSite","@id":"https:\/\/www.meydan.tv\/az\/#website","url":"https:\/\/www.meydan.tv\/az\/","name":"MEYDAN.TV","description":"Meydan TV Az\u0259rbaycan\u0131n media m\u0259kan\u0131ndak\u0131 alternativ s\u0259sidir","publisher":{"@id":"https:\/\/www.meydan.tv\/az\/#organization"},"potentialAction":[{"@type":"SearchAction","target":{"@type":"EntryPoint","urlTemplate":"https:\/\/www.meydan.tv\/az\/?s={search_term_string}"},"query-input":{"@type":"PropertyValueSpecification","valueRequired":true,"valueName":"search_term_string"}}],"inLanguage":"az"},{"@type":"Organization","@id":"https:\/\/www.meydan.tv\/az\/#organization","name":"Meydan TV","url":"https:\/\/www.meydan.tv\/az\/","logo":{"@type":"ImageObject","inLanguage":"az","@id":"https:\/\/www.meydan.tv\/az\/#\/schema\/logo\/image\/","url":"https:\/\/www.meydan.tv\/wp-content\/uploads\/2021\/07\/meydan-logo.svg","contentUrl":"https:\/\/www.meydan.tv\/wp-content\/uploads\/2021\/07\/meydan-logo.svg","width":195,"height":46,"caption":"Meydan TV"},"image":{"@id":"https:\/\/www.meydan.tv\/az\/#\/schema\/logo\/image\/"}},{"@type":"Person","@id":"https:\/\/www.meydan.tv\/az\/#\/schema\/person\/9cdbecf90d17180ce1dfbd95b08dcf47","name":"elli","sameAs":["https:\/\/x.com\/elli"]}]}},"_links":{"self":[{"href":"https:\/\/www.meydan.tv\/az\/wp-json\/wp\/v2\/posts\/320086","targetHints":{"allow":["GET"]}}],"collection":[{"href":"https:\/\/www.meydan.tv\/az\/wp-json\/wp\/v2\/posts"}],"about":[{"href":"https:\/\/www.meydan.tv\/az\/wp-json\/wp\/v2\/types\/post"}],"author":[{"embeddable":true,"href":"https:\/\/www.meydan.tv\/az\/wp-json\/wp\/v2\/users\/8"}],"replies":[{"embeddable":true,"href":"https:\/\/www.meydan.tv\/az\/wp-json\/wp\/v2\/comments?post=320086"}],"version-history":[{"count":3,"href":"https:\/\/www.meydan.tv\/az\/wp-json\/wp\/v2\/posts\/320086\/revisions"}],"predecessor-version":[{"id":320261,"href":"https:\/\/www.meydan.tv\/az\/wp-json\/wp\/v2\/posts\/320086\/revisions\/320261"}],"wp:featuredmedia":[{"embeddable":true,"href":"https:\/\/www.meydan.tv\/az\/wp-json\/wp\/v2\/media\/320066"}],"wp:attachment":[{"href":"https:\/\/www.meydan.tv\/az\/wp-json\/wp\/v2\/media?parent=320086"}],"wp:term":[{"taxonomy":"category","embeddable":true,"href":"https:\/\/www.meydan.tv\/az\/wp-json\/wp\/v2\/categories?post=320086"},{"taxonomy":"post_tag","embeddable":true,"href":"https:\/\/www.meydan.tv\/az\/wp-json\/wp\/v2\/tags?post=320086"}],"curies":[{"name":"wp","href":"https:\/\/api.w.org\/{rel}","templated":true}]}}