{"id":320013,"date":"2024-11-08T16:48:18","date_gmt":"2024-11-08T12:48:18","guid":{"rendered":"https:\/\/www.meydan.tv\/?p=320013"},"modified":"2024-11-09T12:35:25","modified_gmt":"2024-11-09T08:35:25","slug":"azerbaycan-zefer-gununu-qeyd-edir","status":"publish","type":"post","link":"https:\/\/www.meydan.tv\/az\/article\/azerbaycan-zefer-gununu-qeyd-edir\/","title":{"rendered":"Az\u0259rbaycan Z\u0259f\u0259r G\u00fcn\u00fcn\u00fc qeyd edir"},"content":{"rendered":"\n<figure class=\"wp-block-embed is-type-video is-provider-youtube wp-block-embed-youtube wp-embed-aspect-16-9 wp-has-aspect-ratio\"><div class=\"wp-block-embed__wrapper\">\n<iframe title=\"Z\u0259f\u0259r y\u00fcr\u00fc\u015f\u00fc: \u201cBu h\u0259yatda daha sevincli g\u00fcn\u00fcm olmay\u0131b\u201d\" width=\"1200\" height=\"675\" data-src=\"https:\/\/www.youtube.com\/embed\/YLOHqmesYFQ?feature=oembed\" frameborder=\"0\" allow=\"accelerometer; autoplay; clipboard-write; encrypted-media; gyroscope; picture-in-picture; web-share\" referrerpolicy=\"strict-origin-when-cross-origin\" allowfullscreen src=\"data:image\/svg+xml;base64,PHN2ZyB3aWR0aD0iMSIgaGVpZ2h0PSIxIiB4bWxucz0iaHR0cDovL3d3dy53My5vcmcvMjAwMC9zdmciPjwvc3ZnPg==\" class=\"lazyload\" data-load-mode=\"1\"><\/iframe>\n<\/div><\/figure>\n\n\n\n<p><br><em>Yeni Z\u0259f\u0259r park\u0131n\u0131n a\u00e7\u0131l\u0131\u015f\u0131 olub<\/em><\/p>\n\n\n\n<p>Noyabr\u0131n 8-d\u0259 \u0130kinci Qaraba\u011f m\u00fcharib\u0259sind\u0259n 4 il ke\u00e7ir. Bu g\u00fcn \u00f6lk\u0259d\u0259 Z\u0259f\u0259r G\u00fcn\u00fc kimi qeyd edilir. Erm\u0259nistanla Az\u0259rbaycan aras\u0131nda m\u00fcnaqi\u015f\u0259 1988-ci ild\u0259 ba\u015flay\u0131b. 2020-ci ilin sentyabr\u0131nda is\u0259 uzunm\u00fcdd\u0259tli at\u0259\u015fk\u0259sd\u0259n sonra Az\u0259rbaycan v\u0259 Erm\u0259nistan aras\u0131nda 44 g\u00fcnl\u00fck \u0130kinci Qaraba\u011f m\u00fcharib\u0259si ba\u015f verib. Az\u0259rbaycan Qaraba\u011f\u0131n bir hiss\u0259sin\u0259 v\u0259 \u0259traf 7 rayona n\u0259zar\u0259ti b\u0259rpa edib. 2023-c\u00fc ilin sentyabr\u0131n 19-da Az\u0259rbaycan Qaraba\u011fda lokal h\u0259rbi \u0259m\u0259liyyat ke\u00e7irib. Sentyabr\u0131n 28-d\u0259 separat\u00e7\u0131 \u201cDa\u011fl\u0131q Qaraba\u011f\u0131n (Artsax) Prezidenti\u201d Samvel \u015eahramanyan \u201crespublika\u201dn\u0131n burax\u0131lmas\u0131 bar\u0259d\u0259 f\u0259rman imzalay\u0131b. O, f\u0259rman\u0131 19 sentyabr 2023-c\u00fc ild\u0259n sonra yaranm\u0131\u015f v\u0259ziyy\u0259tl\u0259 \u0259laq\u0259l\u0259ndirib. Oktyabr\u0131n 15-d\u0259 is\u0259 Prezident \u0130lham \u018fliyev Xank\u0259ndi \u015f\u0259h\u0259rin\u0259 s\u0259f\u0259r edib. Prezident Xank\u0259ndid\u0259 Az\u0259rbaycan bayra\u011f\u0131n\u0131 qald\u0131r\u0131b v\u0259 \u00e7\u0131x\u0131\u015f edib. \u00c7\u0131x\u0131\u015f\u0131nda Az\u0259rbaycan\u0131n \u00f6z suverenliyini tam b\u0259rpa etdiyini, Qaraba\u011f probleminin bitdiyini, m\u00fcnaqi\u015f\u0259nin sona \u00e7atd\u0131\u011f\u0131n\u0131 deyib.<br><br>Az\u0259rbaycan v\u0259 Erm\u0259nistan aras\u0131nda s\u00fclh m\u00fcqavil\u0259sinin imzalanmas\u0131 il\u0259 \u0259laq\u0259dar dan\u0131\u015f\u0131qlar davam edir.<br><br>2021-ci ilin aprelind\u0259 Bak\u0131da sal\u0131nm\u0131\u015f \u201cH\u0259rbi Q\u0259nim\u0259tl\u0259r Prak\u0131\u201dn\u0131n a\u00e7\u0131l\u0131\u015f\u0131 olub. Prezident \u0130lham \u018fliyev a\u00e7\u0131l\u0131\u015fda bildirib ki, parkda 125 artilleriya topu, 366 tank, 7 \u201cS-300\u201d zenit-raket kompleksi, 50-d\u0259n \u00e7ox dig\u0259r zenit-raket kompleksl\u0259ri, 522 y\u00fck avtoma\u015f\u0131n\u0131 var. H\u0259m\u00e7inin \u201c\u0130sg\u0259nd\u0259r M\u201d raketl\u0259rinin qal\u0131qlar\u0131 da <a href=\"https:\/\/storage.googleapis.com\/qurium\/www.meydan.tv\/az-article-ilham-eliyev-melum-cixisiyla-terbiyesini-numayis-etdirib.html\" target=\"_blank\" rel=\"noreferrer noopener\">var<\/a>.<\/p>\n\n\n\n<p>Parkda \u0130kinci Qaraba\u011f m\u00fcharib\u0259sind\u0259n qalma, h\u0259lak olmu\u015f erm\u0259ni \u0259sg\u0259rl\u0259rin\u0259 m\u0259xsus d\u0259bilq\u0259 v\u0259 \u00e7\u0259km\u0259l\u0259rin, el\u0259c\u0259 d\u0259 h\u0259rb\u00e7il\u0259rinin manekenl\u0259rinin n\u00fcmayi\u015fi Az\u0259rbaycan v\u0259 beyn\u0259lxalq t\u0259\u015fkilatlar\u0131n naraz\u0131l\u0131\u011f\u0131na s\u0259b\u0259b olub. Erm\u0259nistan Xarici \u0130\u015fl\u0259r Nazirliyi (X\u0130N) bu add\u0131m\u0131 \u201cm\u00fcharib\u0259d\u0259 h\u0259lak olan, itkin v\u0259 \u0259sir d\u00fc\u015f\u0259nl\u0259rin xatir\u0259sinin t\u0259hqir edilm\u0259si, onlar\u0131n v\u0259 ail\u0259l\u0259rinin h\u00fcququ v\u0259 l\u0259yaq\u0259tl\u0259rinin tapdalanmas\u0131\u201d kimi qiym\u0259tl\u0259ndirib. Az\u0259rbaycan X\u0130N is\u0259 cavab b\u0259yanat\u0131nda bildirib ki, &#8220;<em>q\u0259l\u0259b\u0259nin<\/em> <em>Paradlar, parklar, muzeyl\u0259r v\u0259 dig\u0259r vasit\u0259l\u0259rl\u0259 \u0259b\u0259di ya\u015fad\u0131lmas\u0131 bizim m\u0259n\u0259vi haqq\u0131m\u0131zd\u0131r<\/em>.<\/p>\n\n\n\n<p><em>Parkda m\u00fcharib\u0259 i\u015ftirak\u00e7\u0131s\u0131 olan erm\u0259ni h\u0259rb\u00e7il\u0259rinin manekenl\u0259rinin s\u0259rgil\u0259nm\u0259sin\u0259 g\u0259ldikd\u0259 is\u0259, d\u00fcnyan\u0131n bir \u00e7ox \u00f6lk\u0259l\u0259rind\u0259 h\u0259rbi muzeyl\u0259rd\u0259 manikenl\u0259rin s\u0259rgil\u0259nm\u0259si t\u0259cr\u00fcb\u0259si m\u00f6vcuddur\u201d<\/em>, &#8211; deyib. Avropa \u015euras\u0131n\u0131n \u0130nsan Haqlar\u0131 Komissar\u0131 Dunya Miyatovi\u00e7 d\u0259 Prezidenti \u0130lham \u018fliyev\u0259 m\u0259ktub \u00fcnvanlayaraq, \u201cH\u0259rbi Q\u0259nim\u0259tl\u0259r Park\u0131\u201dndak\u0131 t\u0259svirl\u0259ri a\u015f\u0131r\u0131 narahatedici v\u0259 al\u00e7ald\u0131c\u0131 hesab etdiyini bildirib. Miyatovi\u00e7 \u018fliyevi d\u00fc\u015fm\u0259n\u00e7ilik v\u0259 nifr\u0259ti alovland\u0131racaq ritorika v\u0259 h\u0259r\u0259k\u0259tl\u0259r\u0259 qar\u015f\u0131 q\u0259ti m\u00f6vqe s\u0259rgil\u0259m\u0259y\u0259, \u0259v\u0259zind\u0259 m\u00fcnaqi\u015f\u0259nin z\u0259rb\u0259 vurdu\u011fu xalqlar aras\u0131nda s\u00fclh\u00fcn v\u0259 bar\u0131\u015f\u0131\u011f\u0131n t\u0259bli\u011fin\u0259 y\u00f6n\u0259lik c\u0259hdl\u0259r\u0259 tam siyasi d\u0259st\u0259k verm\u0259y\u0259 \u00e7a\u011f\u0131r\u0131b. Erm\u0259nistan \u201cH\u0259rbi Q\u0259nim\u0259tl\u0259r Park\u0131\u201dn\u0131n ba\u011flan\u0131lmas\u0131 il\u0259 ba\u011fl\u0131 Beyn\u0259lxalq \u018fdal\u0259t M\u0259hk\u0259m\u0259sin\u0259 m\u00fcraci\u0259t ets\u0259 d\u0259, v\u0259sat\u0259ti r\u0259dd <a href=\"https:\/\/storage.googleapis.com\/qurium\/www.meydan.tv\/az-article-beynelxalq-edalet-mehkemesi-azerbaycan-ve-ermenistanla-bagli-qerar-verdi.html\" target=\"_blank\" rel=\"noreferrer noopener\">edilib<\/a>.<br><br>Bir m\u00fcdd\u0259t sonra is\u0259 Az\u0259rbaycan t\u0259r\u0259fi Beyn\u0259lxalq \u018fdal\u0259t M\u0259hk\u0259m\u0259sind\u0259 b\u0259yan edib ki, Erm\u0259nistan Silahl\u0131 Q\u00fcvv\u0259l\u0259ri h\u0259rb\u00e7il\u0259rini \u0259ks etdir\u0259n maketl\u0259r v\u0259 m\u00fcharib\u0259d\u0259 \u0259l\u0259 ke\u00e7iril\u0259n d\u0259bilq\u0259l\u0259r parkdan y\u0131\u011f\u0131\u015fd\u0131r\u0131l\u0131b.<\/p>\n\n\n\n<p>Bundan sonra \u0259razid\u0259 Z\u0259f\u0259r park\u0131 sal\u0131n\u0131b. Bu g\u00fcn m\u00fcnasib\u0259til\u0259 h\u0259min park\u0131n a\u00e7\u0131l\u0131\u015f\u0131 olub. \u0130lham \u018fliyev a\u00e7\u0131l\u0131\u015fda i\u015ftirak edib.<\/p>\n","protected":false},"excerpt":{"rendered":"<p>Yeni Z\u0259f\u0259r park\u0131n\u0131n a\u00e7\u0131l\u0131\u015f\u0131 olub Noyabr\u0131n 8-d\u0259 \u0130kinci Qaraba\u011f m\u00fcharib\u0259sind\u0259n &#8230; <\/p>\n<p class=\"read-more-container\"><a title=\"Az\u0259rbaycan Z\u0259f\u0259r G\u00fcn\u00fcn\u00fc qeyd edir\" class=\"read-more button\" href=\"https:\/\/www.meydan.tv\/az\/article\/azerbaycan-zefer-gununu-qeyd-edir\/#more-320013\" aria-label=\"Read more about Az\u0259rbaycan Z\u0259f\u0259r G\u00fcn\u00fcn\u00fc qeyd edir\">Davam\u0131<\/a><\/p>\n","protected":false},"author":12,"featured_media":320014,"comment_status":"closed","ping_status":"closed","sticky":false,"template":"","format":"standard","meta":{"_acf_changed":false,"_sitemap_exclude":false,"_sitemap_priority":"","_sitemap_frequency":"","footnotes":""},"categories":[79,63,56],"tags":[],"class_list":["post-320013","post","type-post","status-publish","format-standard","has-post-thumbnail","hentry","category-featured","category-video-2","category-xeberler","infinite-scroll-item","generate-columns","tablet-grid-50","mobile-grid-100","grid-parent","grid-33","no-featured-image-padding"],"acf":[],"yoast_head":"<!-- This site is optimized with the Yoast SEO plugin v27.4 - https:\/\/yoast.com\/product\/yoast-seo-wordpress\/ -->\n<title>Az\u0259rbaycan Z\u0259f\u0259r G\u00fcn\u00fcn\u00fc qeyd edir - MEYDAN.TV<\/title>\n<meta name=\"robots\" content=\"index, follow, max-snippet:-1, max-image-preview:large, max-video-preview:-1\" \/>\n<link rel=\"canonical\" href=\"https:\/\/www.meydan.tv\/az\/article\/azerbaycan-zefer-gununu-qeyd-edir\/\" \/>\n<meta property=\"og:locale\" content=\"az_AZ\" \/>\n<meta property=\"og:type\" content=\"article\" \/>\n<meta property=\"og:title\" content=\"Az\u0259rbaycan Z\u0259f\u0259r G\u00fcn\u00fcn\u00fc qeyd edir - MEYDAN.TV\" \/>\n<meta property=\"og:description\" content=\"Yeni Z\u0259f\u0259r park\u0131n\u0131n a\u00e7\u0131l\u0131\u015f\u0131 olub Noyabr\u0131n 8-d\u0259 \u0130kinci Qaraba\u011f m\u00fcharib\u0259sind\u0259n ... Davam\u0131\" \/>\n<meta property=\"og:url\" content=\"https:\/\/www.meydan.tv\/az\/article\/azerbaycan-zefer-gununu-qeyd-edir\/\" \/>\n<meta property=\"og:site_name\" content=\"MEYDAN.TV\" \/>\n<meta property=\"article:published_time\" content=\"2024-11-08T12:48:18+00:00\" \/>\n<meta property=\"article:modified_time\" content=\"2024-11-09T08:35:25+00:00\" \/>\n<meta property=\"og:image\" content=\"https:\/\/www.meydan.tv\/wp-content\/uploads\/img_3826-1132x821.png\" \/>\n\t<meta property=\"og:image:width\" content=\"1132\" \/>\n\t<meta property=\"og:image:height\" content=\"821\" \/>\n\t<meta property=\"og:image:type\" content=\"image\/png\" \/>\n<meta name=\"author\" content=\"aleks\" \/>\n<meta name=\"twitter:card\" content=\"summary_large_image\" \/>\n<script type=\"application\/ld+json\" class=\"yoast-schema-graph\">{\"@context\":\"https:\\\/\\\/schema.org\",\"@graph\":[{\"@type\":\"Article\",\"@id\":\"https:\\\/\\\/www.meydan.tv\\\/az\\\/article\\\/azerbaycan-zefer-gununu-qeyd-edir\\\/#article\",\"isPartOf\":{\"@id\":\"https:\\\/\\\/www.meydan.tv\\\/az\\\/article\\\/azerbaycan-zefer-gununu-qeyd-edir\\\/\"},\"author\":{\"name\":\"aleks\",\"@id\":\"https:\\\/\\\/www.meydan.tv\\\/az\\\/#\\\/schema\\\/person\\\/476e9360e593fa131d5d71d51866f8da\"},\"headline\":\"Az\u0259rbaycan Z\u0259f\u0259r G\u00fcn\u00fcn\u00fc qeyd edir\",\"datePublished\":\"2024-11-08T12:48:18+00:00\",\"dateModified\":\"2024-11-09T08:35:25+00:00\",\"mainEntityOfPage\":{\"@id\":\"https:\\\/\\\/www.meydan.tv\\\/az\\\/article\\\/azerbaycan-zefer-gununu-qeyd-edir\\\/\"},\"wordCount\":703,\"publisher\":{\"@id\":\"https:\\\/\\\/www.meydan.tv\\\/az\\\/#organization\"},\"image\":{\"@id\":\"https:\\\/\\\/www.meydan.tv\\\/az\\\/article\\\/azerbaycan-zefer-gununu-qeyd-edir\\\/#primaryimage\"},\"thumbnailUrl\":\"https:\\\/\\\/www.meydan.tv\\\/wp-content\\\/uploads\\\/img_3826.png\",\"articleSection\":[\"T\u00f6vsiy\u0259\",\"Video\",\"X\u0259b\u0259rl\u0259r\"],\"inLanguage\":\"az\"},{\"@type\":\"WebPage\",\"@id\":\"https:\\\/\\\/www.meydan.tv\\\/az\\\/article\\\/azerbaycan-zefer-gununu-qeyd-edir\\\/\",\"url\":\"https:\\\/\\\/www.meydan.tv\\\/az\\\/article\\\/azerbaycan-zefer-gununu-qeyd-edir\\\/\",\"name\":\"Az\u0259rbaycan Z\u0259f\u0259r G\u00fcn\u00fcn\u00fc qeyd edir - MEYDAN.TV\",\"isPartOf\":{\"@id\":\"https:\\\/\\\/www.meydan.tv\\\/az\\\/#website\"},\"primaryImageOfPage\":{\"@id\":\"https:\\\/\\\/www.meydan.tv\\\/az\\\/article\\\/azerbaycan-zefer-gununu-qeyd-edir\\\/#primaryimage\"},\"image\":{\"@id\":\"https:\\\/\\\/www.meydan.tv\\\/az\\\/article\\\/azerbaycan-zefer-gununu-qeyd-edir\\\/#primaryimage\"},\"thumbnailUrl\":\"https:\\\/\\\/www.meydan.tv\\\/wp-content\\\/uploads\\\/img_3826.png\",\"datePublished\":\"2024-11-08T12:48:18+00:00\",\"dateModified\":\"2024-11-09T08:35:25+00:00\",\"breadcrumb\":{\"@id\":\"https:\\\/\\\/www.meydan.tv\\\/az\\\/article\\\/azerbaycan-zefer-gununu-qeyd-edir\\\/#breadcrumb\"},\"inLanguage\":\"az\",\"potentialAction\":[{\"@type\":\"ReadAction\",\"target\":[\"https:\\\/\\\/www.meydan.tv\\\/az\\\/article\\\/azerbaycan-zefer-gununu-qeyd-edir\\\/\"]}]},{\"@type\":\"ImageObject\",\"inLanguage\":\"az\",\"@id\":\"https:\\\/\\\/www.meydan.tv\\\/az\\\/article\\\/azerbaycan-zefer-gununu-qeyd-edir\\\/#primaryimage\",\"url\":\"https:\\\/\\\/www.meydan.tv\\\/wp-content\\\/uploads\\\/img_3826.png\",\"contentUrl\":\"https:\\\/\\\/www.meydan.tv\\\/wp-content\\\/uploads\\\/img_3826.png\",\"width\":1781,\"height\":1292},{\"@type\":\"BreadcrumbList\",\"@id\":\"https:\\\/\\\/www.meydan.tv\\\/az\\\/article\\\/azerbaycan-zefer-gununu-qeyd-edir\\\/#breadcrumb\",\"itemListElement\":[{\"@type\":\"ListItem\",\"position\":1,\"name\":\"Ana s\u0259hif\u0259\",\"item\":\"https:\\\/\\\/www.meydan.tv\\\/az\\\/\"},{\"@type\":\"ListItem\",\"position\":2,\"name\":\"X\u0259b\u0259rl\u0259r\",\"item\":\"https:\\\/\\\/www.meydan.tv\\\/az\\\/section\\\/xeberler\\\/\"},{\"@type\":\"ListItem\",\"position\":3,\"name\":\"Az\u0259rbaycan Z\u0259f\u0259r G\u00fcn\u00fcn\u00fc qeyd edir\"}]},{\"@type\":\"WebSite\",\"@id\":\"https:\\\/\\\/www.meydan.tv\\\/az\\\/#website\",\"url\":\"https:\\\/\\\/www.meydan.tv\\\/az\\\/\",\"name\":\"MEYDAN.TV\",\"description\":\"Meydan TV Az\u0259rbaycan\u0131n media m\u0259kan\u0131ndak\u0131 alternativ s\u0259sidir\",\"publisher\":{\"@id\":\"https:\\\/\\\/www.meydan.tv\\\/az\\\/#organization\"},\"potentialAction\":[{\"@type\":\"SearchAction\",\"target\":{\"@type\":\"EntryPoint\",\"urlTemplate\":\"https:\\\/\\\/www.meydan.tv\\\/az\\\/?s={search_term_string}\"},\"query-input\":{\"@type\":\"PropertyValueSpecification\",\"valueRequired\":true,\"valueName\":\"search_term_string\"}}],\"inLanguage\":\"az\"},{\"@type\":\"Organization\",\"@id\":\"https:\\\/\\\/www.meydan.tv\\\/az\\\/#organization\",\"name\":\"Meydan TV\",\"url\":\"https:\\\/\\\/www.meydan.tv\\\/az\\\/\",\"logo\":{\"@type\":\"ImageObject\",\"inLanguage\":\"az\",\"@id\":\"https:\\\/\\\/www.meydan.tv\\\/az\\\/#\\\/schema\\\/logo\\\/image\\\/\",\"url\":\"https:\\\/\\\/www.meydan.tv\\\/wp-content\\\/uploads\\\/2021\\\/07\\\/meydan-logo.svg\",\"contentUrl\":\"https:\\\/\\\/www.meydan.tv\\\/wp-content\\\/uploads\\\/2021\\\/07\\\/meydan-logo.svg\",\"width\":195,\"height\":46,\"caption\":\"Meydan TV\"},\"image\":{\"@id\":\"https:\\\/\\\/www.meydan.tv\\\/az\\\/#\\\/schema\\\/logo\\\/image\\\/\"}},{\"@type\":\"Person\",\"@id\":\"https:\\\/\\\/www.meydan.tv\\\/az\\\/#\\\/schema\\\/person\\\/476e9360e593fa131d5d71d51866f8da\",\"name\":\"aleks\"}]}<\/script>\n<!-- \/ Yoast SEO plugin. -->","yoast_head_json":{"title":"Az\u0259rbaycan Z\u0259f\u0259r G\u00fcn\u00fcn\u00fc qeyd edir - MEYDAN.TV","robots":{"index":"index","follow":"follow","max-snippet":"max-snippet:-1","max-image-preview":"max-image-preview:large","max-video-preview":"max-video-preview:-1"},"canonical":"https:\/\/www.meydan.tv\/az\/article\/azerbaycan-zefer-gununu-qeyd-edir\/","og_locale":"az_AZ","og_type":"article","og_title":"Az\u0259rbaycan Z\u0259f\u0259r G\u00fcn\u00fcn\u00fc qeyd edir - MEYDAN.TV","og_description":"Yeni Z\u0259f\u0259r park\u0131n\u0131n a\u00e7\u0131l\u0131\u015f\u0131 olub Noyabr\u0131n 8-d\u0259 \u0130kinci Qaraba\u011f m\u00fcharib\u0259sind\u0259n ... Davam\u0131","og_url":"https:\/\/www.meydan.tv\/az\/article\/azerbaycan-zefer-gununu-qeyd-edir\/","og_site_name":"MEYDAN.TV","article_published_time":"2024-11-08T12:48:18+00:00","article_modified_time":"2024-11-09T08:35:25+00:00","og_image":[{"width":1132,"height":821,"url":"https:\/\/www.meydan.tv\/wp-content\/uploads\/img_3826-1132x821.png","type":"image\/png"}],"author":"aleks","twitter_card":"summary_large_image","schema":{"@context":"https:\/\/schema.org","@graph":[{"@type":"Article","@id":"https:\/\/www.meydan.tv\/az\/article\/azerbaycan-zefer-gununu-qeyd-edir\/#article","isPartOf":{"@id":"https:\/\/www.meydan.tv\/az\/article\/azerbaycan-zefer-gununu-qeyd-edir\/"},"author":{"name":"aleks","@id":"https:\/\/www.meydan.tv\/az\/#\/schema\/person\/476e9360e593fa131d5d71d51866f8da"},"headline":"Az\u0259rbaycan Z\u0259f\u0259r G\u00fcn\u00fcn\u00fc qeyd edir","datePublished":"2024-11-08T12:48:18+00:00","dateModified":"2024-11-09T08:35:25+00:00","mainEntityOfPage":{"@id":"https:\/\/www.meydan.tv\/az\/article\/azerbaycan-zefer-gununu-qeyd-edir\/"},"wordCount":703,"publisher":{"@id":"https:\/\/www.meydan.tv\/az\/#organization"},"image":{"@id":"https:\/\/www.meydan.tv\/az\/article\/azerbaycan-zefer-gununu-qeyd-edir\/#primaryimage"},"thumbnailUrl":"https:\/\/www.meydan.tv\/wp-content\/uploads\/img_3826.png","articleSection":["T\u00f6vsiy\u0259","Video","X\u0259b\u0259rl\u0259r"],"inLanguage":"az"},{"@type":"WebPage","@id":"https:\/\/www.meydan.tv\/az\/article\/azerbaycan-zefer-gununu-qeyd-edir\/","url":"https:\/\/www.meydan.tv\/az\/article\/azerbaycan-zefer-gununu-qeyd-edir\/","name":"Az\u0259rbaycan Z\u0259f\u0259r G\u00fcn\u00fcn\u00fc qeyd edir - MEYDAN.TV","isPartOf":{"@id":"https:\/\/www.meydan.tv\/az\/#website"},"primaryImageOfPage":{"@id":"https:\/\/www.meydan.tv\/az\/article\/azerbaycan-zefer-gununu-qeyd-edir\/#primaryimage"},"image":{"@id":"https:\/\/www.meydan.tv\/az\/article\/azerbaycan-zefer-gununu-qeyd-edir\/#primaryimage"},"thumbnailUrl":"https:\/\/www.meydan.tv\/wp-content\/uploads\/img_3826.png","datePublished":"2024-11-08T12:48:18+00:00","dateModified":"2024-11-09T08:35:25+00:00","breadcrumb":{"@id":"https:\/\/www.meydan.tv\/az\/article\/azerbaycan-zefer-gununu-qeyd-edir\/#breadcrumb"},"inLanguage":"az","potentialAction":[{"@type":"ReadAction","target":["https:\/\/www.meydan.tv\/az\/article\/azerbaycan-zefer-gununu-qeyd-edir\/"]}]},{"@type":"ImageObject","inLanguage":"az","@id":"https:\/\/www.meydan.tv\/az\/article\/azerbaycan-zefer-gununu-qeyd-edir\/#primaryimage","url":"https:\/\/www.meydan.tv\/wp-content\/uploads\/img_3826.png","contentUrl":"https:\/\/www.meydan.tv\/wp-content\/uploads\/img_3826.png","width":1781,"height":1292},{"@type":"BreadcrumbList","@id":"https:\/\/www.meydan.tv\/az\/article\/azerbaycan-zefer-gununu-qeyd-edir\/#breadcrumb","itemListElement":[{"@type":"ListItem","position":1,"name":"Ana s\u0259hif\u0259","item":"https:\/\/www.meydan.tv\/az\/"},{"@type":"ListItem","position":2,"name":"X\u0259b\u0259rl\u0259r","item":"https:\/\/www.meydan.tv\/az\/section\/xeberler\/"},{"@type":"ListItem","position":3,"name":"Az\u0259rbaycan Z\u0259f\u0259r G\u00fcn\u00fcn\u00fc qeyd edir"}]},{"@type":"WebSite","@id":"https:\/\/www.meydan.tv\/az\/#website","url":"https:\/\/www.meydan.tv\/az\/","name":"MEYDAN.TV","description":"Meydan TV Az\u0259rbaycan\u0131n media m\u0259kan\u0131ndak\u0131 alternativ s\u0259sidir","publisher":{"@id":"https:\/\/www.meydan.tv\/az\/#organization"},"potentialAction":[{"@type":"SearchAction","target":{"@type":"EntryPoint","urlTemplate":"https:\/\/www.meydan.tv\/az\/?s={search_term_string}"},"query-input":{"@type":"PropertyValueSpecification","valueRequired":true,"valueName":"search_term_string"}}],"inLanguage":"az"},{"@type":"Organization","@id":"https:\/\/www.meydan.tv\/az\/#organization","name":"Meydan TV","url":"https:\/\/www.meydan.tv\/az\/","logo":{"@type":"ImageObject","inLanguage":"az","@id":"https:\/\/www.meydan.tv\/az\/#\/schema\/logo\/image\/","url":"https:\/\/www.meydan.tv\/wp-content\/uploads\/2021\/07\/meydan-logo.svg","contentUrl":"https:\/\/www.meydan.tv\/wp-content\/uploads\/2021\/07\/meydan-logo.svg","width":195,"height":46,"caption":"Meydan TV"},"image":{"@id":"https:\/\/www.meydan.tv\/az\/#\/schema\/logo\/image\/"}},{"@type":"Person","@id":"https:\/\/www.meydan.tv\/az\/#\/schema\/person\/476e9360e593fa131d5d71d51866f8da","name":"aleks"}]}},"_links":{"self":[{"href":"https:\/\/www.meydan.tv\/az\/wp-json\/wp\/v2\/posts\/320013","targetHints":{"allow":["GET"]}}],"collection":[{"href":"https:\/\/www.meydan.tv\/az\/wp-json\/wp\/v2\/posts"}],"about":[{"href":"https:\/\/www.meydan.tv\/az\/wp-json\/wp\/v2\/types\/post"}],"author":[{"embeddable":true,"href":"https:\/\/www.meydan.tv\/az\/wp-json\/wp\/v2\/users\/12"}],"replies":[{"embeddable":true,"href":"https:\/\/www.meydan.tv\/az\/wp-json\/wp\/v2\/comments?post=320013"}],"version-history":[{"count":5,"href":"https:\/\/www.meydan.tv\/az\/wp-json\/wp\/v2\/posts\/320013\/revisions"}],"predecessor-version":[{"id":320030,"href":"https:\/\/www.meydan.tv\/az\/wp-json\/wp\/v2\/posts\/320013\/revisions\/320030"}],"wp:featuredmedia":[{"embeddable":true,"href":"https:\/\/www.meydan.tv\/az\/wp-json\/wp\/v2\/media\/320014"}],"wp:attachment":[{"href":"https:\/\/www.meydan.tv\/az\/wp-json\/wp\/v2\/media?parent=320013"}],"wp:term":[{"taxonomy":"category","embeddable":true,"href":"https:\/\/www.meydan.tv\/az\/wp-json\/wp\/v2\/categories?post=320013"},{"taxonomy":"post_tag","embeddable":true,"href":"https:\/\/www.meydan.tv\/az\/wp-json\/wp\/v2\/tags?post=320013"}],"curies":[{"name":"wp","href":"https:\/\/api.w.org\/{rel}","templated":true}]}}