{"id":319915,"date":"2024-11-07T14:39:53","date_gmt":"2024-11-07T10:39:53","guid":{"rendered":"https:\/\/www.meydan.tv\/?p=319915"},"modified":"2024-11-07T18:06:14","modified_gmt":"2024-11-07T14:06:14","slug":"prezident-acilisa-getdiyi-erefede-intihara-cehd-etdi-hebs-olundu","status":"publish","type":"post","link":"https:\/\/www.meydan.tv\/az\/article\/prezident-acilisa-getdiyi-erefede-intihara-cehd-etdi-hebs-olundu\/","title":{"rendered":"Prezidentin a\u00e7\u0131l\u0131\u015fa getdiyi \u0259r\u0259f\u0259d\u0259 intihara c\u0259hd ed\u0259n \u015f\u0259xs h\u0259bs olundu"},"content":{"rendered":"\n<p><\/p>\n\n\n\n<p><strong><em>T.\u018fl\u0259sg\u0259rli bar\u0259sind\u0259 cinay\u0259t i\u015fi a\u00e7\u0131l\u0131b<\/em><\/strong><\/p>\n\n\n\n<p>Noyabr\u0131n 7-d\u0259 s\u0259h\u0259r saatlar\u0131nda, Prezident \u0130lham \u018fliyev B\u00f6y\u00fck\u015for-Pir\u015fa\u011f\u0131 yolunun a\u00e7\u0131l\u0131\u015f\u0131na getdiyi \u0259r\u0259f\u0259d\u0259 \u201cKoro\u011flu\u201d metrostansiyas\u0131n\u0131n yax\u0131nl\u0131\u011f\u0131ndak\u0131 k\u00f6rp\u00fcy\u0259 \u00e7\u0131x\u0131b intihara c\u0259hd ed\u0259n \u015f\u0259xs h\u0259bs olunub. 32 ya\u015fl\u0131 T.\u018fl\u0259sg\u0259rli haqq\u0131nda bu h\u0259r\u0259k\u0259tin\u0259 g\u00f6r\u0259 cinay\u0259t i\u015fi ba\u015flan\u0131b.<\/p>\n\n\n\n<p>\u00d6z\u00fcn\u00fc k\u00f6rp\u00fcd\u0259n ataca\u011f\u0131n\u0131 dey\u0259n T.\u018fl\u0259sg\u0259rli il\u0259 F\u00f6vq\u0259lad\u0259 Hallar Nazirliyinin (FHN) \u0259m\u0259kda\u015flar\u0131 dan\u0131\u015f\u0131qlar apar\u0131b.<\/p>\n\n\n\n<p><em>\u201cXilasedicil\u0259r t\u0259r\u0259find\u0259n intihara c\u0259hd ed\u0259n \u015f\u0259xsl\u0259 \u00fcnsiyy\u0259t qurulub, davaml\u0131 psixoloji s\u00f6hb\u0259t apar\u0131l\u0131b. Xilasedicil\u0259rin v\u0259t\u0259nda\u015fla apard\u0131\u011f\u0131 psixoloji s\u00f6hb\u0259t n\u0259tic\u0259sind\u0259 intihar etm\u0259k niyy\u0259tind\u0259n \u00e7\u0259kinib. O, xilas edil\u0259r\u0259k aidiyy\u0259ti \u00fczr\u0259 t\u0259hvil verilib\u201d<\/em>.<\/p>\n\n\n\n<p>Onun xuliqanl\u0131q ittiham\u0131 il\u0259 tutulmas\u0131n\u0131 Daxili \u0130\u015fl\u0259r Nazirliyi d\u0259 t\u0259sdiql\u0259yib. Nazirliyin m\u0259tbuat xidm\u0259ti iddia edir ki, T.\u018fl\u0259sg\u0259rli n\u0259qliyyat\u0131n h\u0259r\u0259k\u0259tin\u0259 mane\u0259 yarad\u0131b, n\u0259tic\u0259d\u0259 t\u0131xac olub:<\/p>\n\n\n\n<p><em>\u201cT.\u018fl\u0259sg\u0259rli bar\u0259sind\u0259 Cinay\u0259t M\u0259c\u0259ll\u0259sinin m\u00fcvafiq madd\u0259si il\u0259 polis idar\u0259sind\u0259 cinay\u0259t i\u015fi ba\u015flan\u0131l\u0131b. Cinay\u0259t i\u015fi \u00fczr\u0259 istintaq h\u0259r\u0259k\u0259tl\u0259ri apar\u0131l\u0131r\u201d.<\/em><\/p>\n\n\n\n<p>Noyabr\u0131n 7-d\u0259 s\u0259h\u0259r saatlar\u0131nda Prezident \u0130lham \u018fliyev B\u00f6y\u00fck\u015for-Pir\u015fa\u011f\u0131 yeni avtomobil yolunun a\u00e7\u0131l\u0131\u015f\u0131nda i\u015ftirak edib. Hadis\u0259 d\u0259 h\u0259min vaxtlarda ba\u015f verib.<\/p>\n","protected":false},"excerpt":{"rendered":"<p>T.\u018fl\u0259sg\u0259rli bar\u0259sind\u0259 cinay\u0259t i\u015fi a\u00e7\u0131l\u0131b Noyabr\u0131n 7-d\u0259 s\u0259h\u0259r saatlar\u0131nda, Prezident &#8230; <\/p>\n<p class=\"read-more-container\"><a title=\"Prezidentin a\u00e7\u0131l\u0131\u015fa getdiyi \u0259r\u0259f\u0259d\u0259 intihara c\u0259hd ed\u0259n \u015f\u0259xs h\u0259bs olundu\" class=\"read-more button\" href=\"https:\/\/www.meydan.tv\/az\/article\/prezident-acilisa-getdiyi-erefede-intihara-cehd-etdi-hebs-olundu\/#more-319915\" aria-label=\"Read more about Prezidentin a\u00e7\u0131l\u0131\u015fa getdiyi \u0259r\u0259f\u0259d\u0259 intihara c\u0259hd ed\u0259n \u015f\u0259xs h\u0259bs olundu\">Davam\u0131<\/a><\/p>\n","protected":false},"author":8,"featured_media":319917,"comment_status":"closed","ping_status":"closed","sticky":false,"template":"","format":"standard","meta":{"_acf_changed":false,"_sitemap_exclude":false,"_sitemap_priority":"","_sitemap_frequency":"","footnotes":""},"categories":[62,79,56],"tags":[],"class_list":["post-319915","post","type-post","status-publish","format-standard","has-post-thumbnail","hentry","category-sosial","category-featured","category-xeberler","infinite-scroll-item","generate-columns","tablet-grid-50","mobile-grid-100","grid-parent","grid-33","no-featured-image-padding"],"acf":[],"yoast_head":"<!-- This site is optimized with the Yoast SEO plugin v27.4 - https:\/\/yoast.com\/product\/yoast-seo-wordpress\/ -->\n<title>Prezidentin a\u00e7\u0131l\u0131\u015fa getdiyi \u0259r\u0259f\u0259d\u0259 intihara c\u0259hd ed\u0259n \u015f\u0259xs h\u0259bs olundu - MEYDAN.TV<\/title>\n<meta name=\"description\" content=\"T.\u018fl\u0259sg\u0259rli bar\u0259sind\u0259 cinay\u0259t i\u015fi a\u00e7\u0131l\u0131b.\" \/>\n<meta name=\"robots\" content=\"index, follow, max-snippet:-1, max-image-preview:large, max-video-preview:-1\" \/>\n<link rel=\"canonical\" href=\"https:\/\/www.meydan.tv\/az\/article\/prezident-acilisa-getdiyi-erefede-intihara-cehd-etdi-hebs-olundu\/\" \/>\n<meta property=\"og:locale\" content=\"az_AZ\" \/>\n<meta property=\"og:type\" content=\"article\" \/>\n<meta property=\"og:title\" content=\"Prezidentin a\u00e7\u0131l\u0131\u015fa getdiyi \u0259r\u0259f\u0259d\u0259 intihara c\u0259hd ed\u0259n \u015f\u0259xs h\u0259bs olundu - MEYDAN.TV\" \/>\n<meta property=\"og:description\" content=\"T.\u018fl\u0259sg\u0259rli bar\u0259sind\u0259 cinay\u0259t i\u015fi a\u00e7\u0131l\u0131b.\" \/>\n<meta property=\"og:url\" content=\"https:\/\/www.meydan.tv\/az\/article\/prezident-acilisa-getdiyi-erefede-intihara-cehd-etdi-hebs-olundu\/\" \/>\n<meta property=\"og:site_name\" content=\"MEYDAN.TV\" \/>\n<meta property=\"article:published_time\" content=\"2024-11-07T10:39:53+00:00\" \/>\n<meta property=\"article:modified_time\" content=\"2024-11-07T14:06:14+00:00\" \/>\n<meta property=\"og:image\" content=\"https:\/\/www.meydan.tv\/wp-content\/uploads\/465653676_8644401185640222_1115934325977101582_n.jpg\" \/>\n\t<meta property=\"og:image:width\" content=\"1200\" \/>\n\t<meta property=\"og:image:height\" content=\"750\" \/>\n\t<meta property=\"og:image:type\" content=\"image\/jpeg\" \/>\n<meta name=\"author\" content=\"elli\" \/>\n<meta name=\"twitter:card\" content=\"summary_large_image\" \/>\n<meta name=\"twitter:creator\" content=\"@elli\" \/>\n<script type=\"application\/ld+json\" class=\"yoast-schema-graph\">{\"@context\":\"https:\\\/\\\/schema.org\",\"@graph\":[{\"@type\":\"Article\",\"@id\":\"https:\\\/\\\/www.meydan.tv\\\/az\\\/article\\\/prezident-acilisa-getdiyi-erefede-intihara-cehd-etdi-hebs-olundu\\\/#article\",\"isPartOf\":{\"@id\":\"https:\\\/\\\/www.meydan.tv\\\/az\\\/article\\\/prezident-acilisa-getdiyi-erefede-intihara-cehd-etdi-hebs-olundu\\\/\"},\"author\":{\"name\":\"elli\",\"@id\":\"https:\\\/\\\/www.meydan.tv\\\/az\\\/#\\\/schema\\\/person\\\/9cdbecf90d17180ce1dfbd95b08dcf47\"},\"headline\":\"Prezidentin a\u00e7\u0131l\u0131\u015fa getdiyi \u0259r\u0259f\u0259d\u0259 intihara c\u0259hd ed\u0259n \u015f\u0259xs h\u0259bs olundu\",\"datePublished\":\"2024-11-07T10:39:53+00:00\",\"dateModified\":\"2024-11-07T14:06:14+00:00\",\"mainEntityOfPage\":{\"@id\":\"https:\\\/\\\/www.meydan.tv\\\/az\\\/article\\\/prezident-acilisa-getdiyi-erefede-intihara-cehd-etdi-hebs-olundu\\\/\"},\"wordCount\":298,\"publisher\":{\"@id\":\"https:\\\/\\\/www.meydan.tv\\\/az\\\/#organization\"},\"image\":{\"@id\":\"https:\\\/\\\/www.meydan.tv\\\/az\\\/article\\\/prezident-acilisa-getdiyi-erefede-intihara-cehd-etdi-hebs-olundu\\\/#primaryimage\"},\"thumbnailUrl\":\"https:\\\/\\\/www.meydan.tv\\\/wp-content\\\/uploads\\\/465653676_8644401185640222_1115934325977101582_n.jpg\",\"articleSection\":[\"Sosial\",\"T\u00f6vsiy\u0259\",\"X\u0259b\u0259rl\u0259r\"],\"inLanguage\":\"az\"},{\"@type\":\"WebPage\",\"@id\":\"https:\\\/\\\/www.meydan.tv\\\/az\\\/article\\\/prezident-acilisa-getdiyi-erefede-intihara-cehd-etdi-hebs-olundu\\\/\",\"url\":\"https:\\\/\\\/www.meydan.tv\\\/az\\\/article\\\/prezident-acilisa-getdiyi-erefede-intihara-cehd-etdi-hebs-olundu\\\/\",\"name\":\"Prezidentin a\u00e7\u0131l\u0131\u015fa getdiyi \u0259r\u0259f\u0259d\u0259 intihara c\u0259hd ed\u0259n \u015f\u0259xs h\u0259bs olundu - MEYDAN.TV\",\"isPartOf\":{\"@id\":\"https:\\\/\\\/www.meydan.tv\\\/az\\\/#website\"},\"primaryImageOfPage\":{\"@id\":\"https:\\\/\\\/www.meydan.tv\\\/az\\\/article\\\/prezident-acilisa-getdiyi-erefede-intihara-cehd-etdi-hebs-olundu\\\/#primaryimage\"},\"image\":{\"@id\":\"https:\\\/\\\/www.meydan.tv\\\/az\\\/article\\\/prezident-acilisa-getdiyi-erefede-intihara-cehd-etdi-hebs-olundu\\\/#primaryimage\"},\"thumbnailUrl\":\"https:\\\/\\\/www.meydan.tv\\\/wp-content\\\/uploads\\\/465653676_8644401185640222_1115934325977101582_n.jpg\",\"datePublished\":\"2024-11-07T10:39:53+00:00\",\"dateModified\":\"2024-11-07T14:06:14+00:00\",\"description\":\"T.\u018fl\u0259sg\u0259rli bar\u0259sind\u0259 cinay\u0259t i\u015fi a\u00e7\u0131l\u0131b.\",\"breadcrumb\":{\"@id\":\"https:\\\/\\\/www.meydan.tv\\\/az\\\/article\\\/prezident-acilisa-getdiyi-erefede-intihara-cehd-etdi-hebs-olundu\\\/#breadcrumb\"},\"inLanguage\":\"az\",\"potentialAction\":[{\"@type\":\"ReadAction\",\"target\":[\"https:\\\/\\\/www.meydan.tv\\\/az\\\/article\\\/prezident-acilisa-getdiyi-erefede-intihara-cehd-etdi-hebs-olundu\\\/\"]}]},{\"@type\":\"ImageObject\",\"inLanguage\":\"az\",\"@id\":\"https:\\\/\\\/www.meydan.tv\\\/az\\\/article\\\/prezident-acilisa-getdiyi-erefede-intihara-cehd-etdi-hebs-olundu\\\/#primaryimage\",\"url\":\"https:\\\/\\\/www.meydan.tv\\\/wp-content\\\/uploads\\\/465653676_8644401185640222_1115934325977101582_n.jpg\",\"contentUrl\":\"https:\\\/\\\/www.meydan.tv\\\/wp-content\\\/uploads\\\/465653676_8644401185640222_1115934325977101582_n.jpg\",\"width\":1200,\"height\":750,\"caption\":\"Foto: T\u0259z\u0259xan Mir\u0259l\u0259mli\"},{\"@type\":\"BreadcrumbList\",\"@id\":\"https:\\\/\\\/www.meydan.tv\\\/az\\\/article\\\/prezident-acilisa-getdiyi-erefede-intihara-cehd-etdi-hebs-olundu\\\/#breadcrumb\",\"itemListElement\":[{\"@type\":\"ListItem\",\"position\":1,\"name\":\"Ana s\u0259hif\u0259\",\"item\":\"https:\\\/\\\/www.meydan.tv\\\/az\\\/\"},{\"@type\":\"ListItem\",\"position\":2,\"name\":\"Sosial\",\"item\":\"https:\\\/\\\/www.meydan.tv\\\/az\\\/section\\\/sosial\\\/\"},{\"@type\":\"ListItem\",\"position\":3,\"name\":\"Prezidentin a\u00e7\u0131l\u0131\u015fa getdiyi \u0259r\u0259f\u0259d\u0259 intihara c\u0259hd ed\u0259n \u015f\u0259xs h\u0259bs olundu\"}]},{\"@type\":\"WebSite\",\"@id\":\"https:\\\/\\\/www.meydan.tv\\\/az\\\/#website\",\"url\":\"https:\\\/\\\/www.meydan.tv\\\/az\\\/\",\"name\":\"MEYDAN.TV\",\"description\":\"Meydan TV Az\u0259rbaycan\u0131n media m\u0259kan\u0131ndak\u0131 alternativ s\u0259sidir\",\"publisher\":{\"@id\":\"https:\\\/\\\/www.meydan.tv\\\/az\\\/#organization\"},\"potentialAction\":[{\"@type\":\"SearchAction\",\"target\":{\"@type\":\"EntryPoint\",\"urlTemplate\":\"https:\\\/\\\/www.meydan.tv\\\/az\\\/?s={search_term_string}\"},\"query-input\":{\"@type\":\"PropertyValueSpecification\",\"valueRequired\":true,\"valueName\":\"search_term_string\"}}],\"inLanguage\":\"az\"},{\"@type\":\"Organization\",\"@id\":\"https:\\\/\\\/www.meydan.tv\\\/az\\\/#organization\",\"name\":\"Meydan TV\",\"url\":\"https:\\\/\\\/www.meydan.tv\\\/az\\\/\",\"logo\":{\"@type\":\"ImageObject\",\"inLanguage\":\"az\",\"@id\":\"https:\\\/\\\/www.meydan.tv\\\/az\\\/#\\\/schema\\\/logo\\\/image\\\/\",\"url\":\"https:\\\/\\\/www.meydan.tv\\\/wp-content\\\/uploads\\\/2021\\\/07\\\/meydan-logo.svg\",\"contentUrl\":\"https:\\\/\\\/www.meydan.tv\\\/wp-content\\\/uploads\\\/2021\\\/07\\\/meydan-logo.svg\",\"width\":195,\"height\":46,\"caption\":\"Meydan TV\"},\"image\":{\"@id\":\"https:\\\/\\\/www.meydan.tv\\\/az\\\/#\\\/schema\\\/logo\\\/image\\\/\"}},{\"@type\":\"Person\",\"@id\":\"https:\\\/\\\/www.meydan.tv\\\/az\\\/#\\\/schema\\\/person\\\/9cdbecf90d17180ce1dfbd95b08dcf47\",\"name\":\"elli\",\"sameAs\":[\"https:\\\/\\\/x.com\\\/elli\"]}]}<\/script>\n<!-- \/ Yoast SEO plugin. -->","yoast_head_json":{"title":"Prezidentin a\u00e7\u0131l\u0131\u015fa getdiyi \u0259r\u0259f\u0259d\u0259 intihara c\u0259hd ed\u0259n \u015f\u0259xs h\u0259bs olundu - MEYDAN.TV","description":"T.\u018fl\u0259sg\u0259rli bar\u0259sind\u0259 cinay\u0259t i\u015fi a\u00e7\u0131l\u0131b.","robots":{"index":"index","follow":"follow","max-snippet":"max-snippet:-1","max-image-preview":"max-image-preview:large","max-video-preview":"max-video-preview:-1"},"canonical":"https:\/\/www.meydan.tv\/az\/article\/prezident-acilisa-getdiyi-erefede-intihara-cehd-etdi-hebs-olundu\/","og_locale":"az_AZ","og_type":"article","og_title":"Prezidentin a\u00e7\u0131l\u0131\u015fa getdiyi \u0259r\u0259f\u0259d\u0259 intihara c\u0259hd ed\u0259n \u015f\u0259xs h\u0259bs olundu - MEYDAN.TV","og_description":"T.\u018fl\u0259sg\u0259rli bar\u0259sind\u0259 cinay\u0259t i\u015fi a\u00e7\u0131l\u0131b.","og_url":"https:\/\/www.meydan.tv\/az\/article\/prezident-acilisa-getdiyi-erefede-intihara-cehd-etdi-hebs-olundu\/","og_site_name":"MEYDAN.TV","article_published_time":"2024-11-07T10:39:53+00:00","article_modified_time":"2024-11-07T14:06:14+00:00","og_image":[{"width":1200,"height":750,"url":"https:\/\/www.meydan.tv\/wp-content\/uploads\/465653676_8644401185640222_1115934325977101582_n.jpg","type":"image\/jpeg"}],"author":"elli","twitter_card":"summary_large_image","twitter_creator":"@elli","schema":{"@context":"https:\/\/schema.org","@graph":[{"@type":"Article","@id":"https:\/\/www.meydan.tv\/az\/article\/prezident-acilisa-getdiyi-erefede-intihara-cehd-etdi-hebs-olundu\/#article","isPartOf":{"@id":"https:\/\/www.meydan.tv\/az\/article\/prezident-acilisa-getdiyi-erefede-intihara-cehd-etdi-hebs-olundu\/"},"author":{"name":"elli","@id":"https:\/\/www.meydan.tv\/az\/#\/schema\/person\/9cdbecf90d17180ce1dfbd95b08dcf47"},"headline":"Prezidentin a\u00e7\u0131l\u0131\u015fa getdiyi \u0259r\u0259f\u0259d\u0259 intihara c\u0259hd ed\u0259n \u015f\u0259xs h\u0259bs olundu","datePublished":"2024-11-07T10:39:53+00:00","dateModified":"2024-11-07T14:06:14+00:00","mainEntityOfPage":{"@id":"https:\/\/www.meydan.tv\/az\/article\/prezident-acilisa-getdiyi-erefede-intihara-cehd-etdi-hebs-olundu\/"},"wordCount":298,"publisher":{"@id":"https:\/\/www.meydan.tv\/az\/#organization"},"image":{"@id":"https:\/\/www.meydan.tv\/az\/article\/prezident-acilisa-getdiyi-erefede-intihara-cehd-etdi-hebs-olundu\/#primaryimage"},"thumbnailUrl":"https:\/\/www.meydan.tv\/wp-content\/uploads\/465653676_8644401185640222_1115934325977101582_n.jpg","articleSection":["Sosial","T\u00f6vsiy\u0259","X\u0259b\u0259rl\u0259r"],"inLanguage":"az"},{"@type":"WebPage","@id":"https:\/\/www.meydan.tv\/az\/article\/prezident-acilisa-getdiyi-erefede-intihara-cehd-etdi-hebs-olundu\/","url":"https:\/\/www.meydan.tv\/az\/article\/prezident-acilisa-getdiyi-erefede-intihara-cehd-etdi-hebs-olundu\/","name":"Prezidentin a\u00e7\u0131l\u0131\u015fa getdiyi \u0259r\u0259f\u0259d\u0259 intihara c\u0259hd ed\u0259n \u015f\u0259xs h\u0259bs olundu - MEYDAN.TV","isPartOf":{"@id":"https:\/\/www.meydan.tv\/az\/#website"},"primaryImageOfPage":{"@id":"https:\/\/www.meydan.tv\/az\/article\/prezident-acilisa-getdiyi-erefede-intihara-cehd-etdi-hebs-olundu\/#primaryimage"},"image":{"@id":"https:\/\/www.meydan.tv\/az\/article\/prezident-acilisa-getdiyi-erefede-intihara-cehd-etdi-hebs-olundu\/#primaryimage"},"thumbnailUrl":"https:\/\/www.meydan.tv\/wp-content\/uploads\/465653676_8644401185640222_1115934325977101582_n.jpg","datePublished":"2024-11-07T10:39:53+00:00","dateModified":"2024-11-07T14:06:14+00:00","description":"T.\u018fl\u0259sg\u0259rli bar\u0259sind\u0259 cinay\u0259t i\u015fi a\u00e7\u0131l\u0131b.","breadcrumb":{"@id":"https:\/\/www.meydan.tv\/az\/article\/prezident-acilisa-getdiyi-erefede-intihara-cehd-etdi-hebs-olundu\/#breadcrumb"},"inLanguage":"az","potentialAction":[{"@type":"ReadAction","target":["https:\/\/www.meydan.tv\/az\/article\/prezident-acilisa-getdiyi-erefede-intihara-cehd-etdi-hebs-olundu\/"]}]},{"@type":"ImageObject","inLanguage":"az","@id":"https:\/\/www.meydan.tv\/az\/article\/prezident-acilisa-getdiyi-erefede-intihara-cehd-etdi-hebs-olundu\/#primaryimage","url":"https:\/\/www.meydan.tv\/wp-content\/uploads\/465653676_8644401185640222_1115934325977101582_n.jpg","contentUrl":"https:\/\/www.meydan.tv\/wp-content\/uploads\/465653676_8644401185640222_1115934325977101582_n.jpg","width":1200,"height":750,"caption":"Foto: T\u0259z\u0259xan Mir\u0259l\u0259mli"},{"@type":"BreadcrumbList","@id":"https:\/\/www.meydan.tv\/az\/article\/prezident-acilisa-getdiyi-erefede-intihara-cehd-etdi-hebs-olundu\/#breadcrumb","itemListElement":[{"@type":"ListItem","position":1,"name":"Ana s\u0259hif\u0259","item":"https:\/\/www.meydan.tv\/az\/"},{"@type":"ListItem","position":2,"name":"Sosial","item":"https:\/\/www.meydan.tv\/az\/section\/sosial\/"},{"@type":"ListItem","position":3,"name":"Prezidentin a\u00e7\u0131l\u0131\u015fa getdiyi \u0259r\u0259f\u0259d\u0259 intihara c\u0259hd ed\u0259n \u015f\u0259xs h\u0259bs olundu"}]},{"@type":"WebSite","@id":"https:\/\/www.meydan.tv\/az\/#website","url":"https:\/\/www.meydan.tv\/az\/","name":"MEYDAN.TV","description":"Meydan TV Az\u0259rbaycan\u0131n media m\u0259kan\u0131ndak\u0131 alternativ s\u0259sidir","publisher":{"@id":"https:\/\/www.meydan.tv\/az\/#organization"},"potentialAction":[{"@type":"SearchAction","target":{"@type":"EntryPoint","urlTemplate":"https:\/\/www.meydan.tv\/az\/?s={search_term_string}"},"query-input":{"@type":"PropertyValueSpecification","valueRequired":true,"valueName":"search_term_string"}}],"inLanguage":"az"},{"@type":"Organization","@id":"https:\/\/www.meydan.tv\/az\/#organization","name":"Meydan TV","url":"https:\/\/www.meydan.tv\/az\/","logo":{"@type":"ImageObject","inLanguage":"az","@id":"https:\/\/www.meydan.tv\/az\/#\/schema\/logo\/image\/","url":"https:\/\/www.meydan.tv\/wp-content\/uploads\/2021\/07\/meydan-logo.svg","contentUrl":"https:\/\/www.meydan.tv\/wp-content\/uploads\/2021\/07\/meydan-logo.svg","width":195,"height":46,"caption":"Meydan TV"},"image":{"@id":"https:\/\/www.meydan.tv\/az\/#\/schema\/logo\/image\/"}},{"@type":"Person","@id":"https:\/\/www.meydan.tv\/az\/#\/schema\/person\/9cdbecf90d17180ce1dfbd95b08dcf47","name":"elli","sameAs":["https:\/\/x.com\/elli"]}]}},"_links":{"self":[{"href":"https:\/\/www.meydan.tv\/az\/wp-json\/wp\/v2\/posts\/319915","targetHints":{"allow":["GET"]}}],"collection":[{"href":"https:\/\/www.meydan.tv\/az\/wp-json\/wp\/v2\/posts"}],"about":[{"href":"https:\/\/www.meydan.tv\/az\/wp-json\/wp\/v2\/types\/post"}],"author":[{"embeddable":true,"href":"https:\/\/www.meydan.tv\/az\/wp-json\/wp\/v2\/users\/8"}],"replies":[{"embeddable":true,"href":"https:\/\/www.meydan.tv\/az\/wp-json\/wp\/v2\/comments?post=319915"}],"version-history":[{"count":2,"href":"https:\/\/www.meydan.tv\/az\/wp-json\/wp\/v2\/posts\/319915\/revisions"}],"predecessor-version":[{"id":319963,"href":"https:\/\/www.meydan.tv\/az\/wp-json\/wp\/v2\/posts\/319915\/revisions\/319963"}],"wp:featuredmedia":[{"embeddable":true,"href":"https:\/\/www.meydan.tv\/az\/wp-json\/wp\/v2\/media\/319917"}],"wp:attachment":[{"href":"https:\/\/www.meydan.tv\/az\/wp-json\/wp\/v2\/media?parent=319915"}],"wp:term":[{"taxonomy":"category","embeddable":true,"href":"https:\/\/www.meydan.tv\/az\/wp-json\/wp\/v2\/categories?post=319915"},{"taxonomy":"post_tag","embeddable":true,"href":"https:\/\/www.meydan.tv\/az\/wp-json\/wp\/v2\/tags?post=319915"}],"curies":[{"name":"wp","href":"https:\/\/api.w.org\/{rel}","templated":true}]}}