{"id":319852,"date":"2024-11-06T15:07:07","date_gmt":"2024-11-06T11:07:07","guid":{"rendered":"https:\/\/www.meydan.tv\/?p=319852"},"modified":"2024-11-06T15:07:10","modified_gmt":"2024-11-06T11:07:10","slug":"dernegulde-avtomobilin-supurgecini-vuraraq-oldurduyu-bildirilir","status":"publish","type":"post","link":"https:\/\/www.meydan.tv\/az\/article\/dernegulde-avtomobilin-supurgecini-vuraraq-oldurduyu-bildirilir\/","title":{"rendered":"D\u0259rn\u0259g\u00fcld\u0259 avtomobilin s\u00fcp\u00fcrg\u0259\u00e7ini vuraraq \u00f6ld\u00fcrd\u00fcy\u00fc bildirilir"},"content":{"rendered":"\n<p><\/p>\n\n\n\n<p><strong><em>D\u0130N v\u0259 T\u018fB\u0130B hadis\u0259ni t\u0259sdiql\u0259yib<\/em><\/strong><\/p>\n\n\n\n<p>Bak\u0131n\u0131n D\u0259rn\u0259g\u00fcl \u015fossesind\u0259 avtomobilin piyadan\u0131 vurdu\u011fu bildirilir.<\/p>\n\n\n\n<p>Daxili \u0130\u015fl\u0259r Nazirliyinin m\u0259tbuat xidm\u0259tinin \u0259m\u0259kda\u015f\u0131 Elbrus \u0130brahimovun Meydan TV-y\u0259 verdiyi m\u0259lumata g\u00f6r\u0259, hadis\u0259 noyabr\u0131n 6-da saat 09:25 rad\u0259l\u0259rind\u0259 ba\u015f verib.<\/p>\n\n\n\n<p>\u201c<em>N\u0259rimanov rayonu Ziya B\u00fcnyadov prospektind\u0259 32 ya\u015fl\u0131 O.\u0130brahimov idar\u0259 etdiyi \u201cWolkswagen\u201d markal\u0131 avtomobill\u0259 piyada E.\u0130rzayevan\u0131 vurub. Z\u0259r\u0259r\u00e7\u0259k\u0259n ald\u0131\u011f\u0131 b\u0259d\u0259n x\u0259sar\u0259tl\u0259ri n\u0259tic\u0259sind\u0259 \u00f6l\u00fcb. Yol n\u0259qliyyat hadis\u0259si il\u0259 ba\u011fl\u0131 \u0259razi polis orqan\u0131nda cinay\u0259t i\u015fi ba\u015flan\u0131l\u0131b, istintaq t\u0259dbirl\u0259ri apar\u0131l\u0131r\u201d, &#8211;<\/em> D\u0130N \u0259m\u0259kda\u015f\u0131 bildirib.<\/p>\n\n\n\n<p>T\u0259xir\u0259sal\u0131nmaz Tibbi Yard\u0131m M\u0259rk\u0259zind\u0259n Meydan TV-y\u0259 bildirilib ki, noyabr\u0131n 6-da saat 11 rad\u0259l\u0259rind\u0259 N\u0259rimanov rayonu \u0259razisind\u0259n piyadavurma hadis\u0259si il\u0259 ba\u011fl\u0131 \u00e7a\u011f\u0131r\u0131\u015f daxil olub.<\/p>\n\n\n\n<p><em>\u201c\u00c7a\u011f\u0131r\u0131\u015f \u00fcnvan\u0131na t\u0259cili tibbi yard\u0131m briqadas\u0131 c\u0259lb olunub. T\u0259cili tibbi yard\u0131m briqadas\u0131 t\u0259r\u0259find\u0259n 55 ya\u015fl\u0131 \u015f\u0259xsin (qad\u0131n cinsli) h\u0259kim\u0259q\u0259d\u0259r \u00f6l\u00fcm fakt\u0131 qeyd\u0259 al\u0131n\u0131b\u201d,<\/em> &#8211; m\u0259lumatda deyilir.<\/p>\n\n\n\n<p>\u201cOxu.az\u201d yaz\u0131r ki, hadis\u0259 \u015fahidl\u0259rinin s\u00f6zl\u0259rin\u0259 g\u00f6r\u0259, v\u0259fat ed\u0259n \u015f\u0259xs \u0259razini s\u00fcp\u00fcr\u0259n t\u0259mizlik i\u015f\u00e7isi <a href=\"https:\/\/oxu.az\/cemiyyet\/dernegulde-avtomobil-supurgecini-vurub-oldurdu\" target=\"_blank\" rel=\"noreferrer noopener\">olub<\/a>.<\/p>\n\n\n\n<p><\/p>\n","protected":false},"excerpt":{"rendered":"<p>D\u0130N v\u0259 T\u018fB\u0130B hadis\u0259ni t\u0259sdiql\u0259yib Bak\u0131n\u0131n D\u0259rn\u0259g\u00fcl \u015fossesind\u0259 avtomobilin piyadan\u0131 &#8230; <\/p>\n<p class=\"read-more-container\"><a title=\"D\u0259rn\u0259g\u00fcld\u0259 avtomobilin s\u00fcp\u00fcrg\u0259\u00e7ini vuraraq \u00f6ld\u00fcrd\u00fcy\u00fc bildirilir\" class=\"read-more button\" href=\"https:\/\/www.meydan.tv\/az\/article\/dernegulde-avtomobilin-supurgecini-vuraraq-oldurduyu-bildirilir\/#more-319852\" aria-label=\"Read more about D\u0259rn\u0259g\u00fcld\u0259 avtomobilin s\u00fcp\u00fcrg\u0259\u00e7ini vuraraq \u00f6ld\u00fcrd\u00fcy\u00fc bildirilir\">Davam\u0131<\/a><\/p>\n","protected":false},"author":8,"featured_media":304390,"comment_status":"closed","ping_status":"closed","sticky":false,"template":"","format":"standard","meta":{"_acf_changed":false,"_sitemap_exclude":false,"_sitemap_priority":"","_sitemap_frequency":"","footnotes":""},"categories":[62,56],"tags":[],"class_list":["post-319852","post","type-post","status-publish","format-standard","has-post-thumbnail","hentry","category-sosial","category-xeberler","infinite-scroll-item","generate-columns","tablet-grid-50","mobile-grid-100","grid-parent","grid-33","no-featured-image-padding"],"acf":[],"yoast_head":"<!-- This site is optimized with the Yoast SEO plugin v27.4 - https:\/\/yoast.com\/product\/yoast-seo-wordpress\/ -->\n<title>D\u0259rn\u0259g\u00fcld\u0259 avtomobilin s\u00fcp\u00fcrg\u0259\u00e7ini vuraraq \u00f6ld\u00fcrd\u00fcy\u00fc bildirilir - MEYDAN.TV<\/title>\n<meta name=\"robots\" content=\"index, follow, max-snippet:-1, max-image-preview:large, max-video-preview:-1\" \/>\n<link rel=\"canonical\" href=\"https:\/\/www.meydan.tv\/az\/article\/dernegulde-avtomobilin-supurgecini-vuraraq-oldurduyu-bildirilir\/\" \/>\n<meta property=\"og:locale\" content=\"az_AZ\" \/>\n<meta property=\"og:type\" content=\"article\" \/>\n<meta property=\"og:title\" content=\"D\u0259rn\u0259g\u00fcld\u0259 avtomobilin s\u00fcp\u00fcrg\u0259\u00e7ini vuraraq \u00f6ld\u00fcrd\u00fcy\u00fc bildirilir - MEYDAN.TV\" \/>\n<meta property=\"og:description\" content=\"D\u0130N v\u0259 T\u018fB\u0130B hadis\u0259ni t\u0259sdiql\u0259yib Bak\u0131n\u0131n D\u0259rn\u0259g\u00fcl \u015fossesind\u0259 avtomobilin piyadan\u0131 ... Davam\u0131\" \/>\n<meta property=\"og:url\" content=\"https:\/\/www.meydan.tv\/az\/article\/dernegulde-avtomobilin-supurgecini-vuraraq-oldurduyu-bildirilir\/\" \/>\n<meta property=\"og:site_name\" content=\"MEYDAN.TV\" \/>\n<meta property=\"article:published_time\" content=\"2024-11-06T11:07:07+00:00\" \/>\n<meta property=\"article:modified_time\" content=\"2024-11-06T11:07:10+00:00\" \/>\n<meta property=\"og:image\" content=\"https:\/\/www.meydan.tv\/wp-content\/uploads\/img-20240416-wa0010.jpg\" \/>\n\t<meta property=\"og:image:width\" content=\"1200\" \/>\n\t<meta property=\"og:image:height\" content=\"787\" \/>\n\t<meta property=\"og:image:type\" content=\"image\/jpeg\" \/>\n<meta name=\"author\" content=\"elli\" \/>\n<meta name=\"twitter:card\" content=\"summary_large_image\" \/>\n<meta name=\"twitter:creator\" content=\"@elli\" \/>\n<script type=\"application\/ld+json\" class=\"yoast-schema-graph\">{\"@context\":\"https:\\\/\\\/schema.org\",\"@graph\":[{\"@type\":\"Article\",\"@id\":\"https:\\\/\\\/www.meydan.tv\\\/az\\\/article\\\/dernegulde-avtomobilin-supurgecini-vuraraq-oldurduyu-bildirilir\\\/#article\",\"isPartOf\":{\"@id\":\"https:\\\/\\\/www.meydan.tv\\\/az\\\/article\\\/dernegulde-avtomobilin-supurgecini-vuraraq-oldurduyu-bildirilir\\\/\"},\"author\":{\"name\":\"elli\",\"@id\":\"https:\\\/\\\/www.meydan.tv\\\/az\\\/#\\\/schema\\\/person\\\/9cdbecf90d17180ce1dfbd95b08dcf47\"},\"headline\":\"D\u0259rn\u0259g\u00fcld\u0259 avtomobilin s\u00fcp\u00fcrg\u0259\u00e7ini vuraraq \u00f6ld\u00fcrd\u00fcy\u00fc bildirilir\",\"datePublished\":\"2024-11-06T11:07:07+00:00\",\"dateModified\":\"2024-11-06T11:07:10+00:00\",\"mainEntityOfPage\":{\"@id\":\"https:\\\/\\\/www.meydan.tv\\\/az\\\/article\\\/dernegulde-avtomobilin-supurgecini-vuraraq-oldurduyu-bildirilir\\\/\"},\"wordCount\":248,\"publisher\":{\"@id\":\"https:\\\/\\\/www.meydan.tv\\\/az\\\/#organization\"},\"image\":{\"@id\":\"https:\\\/\\\/www.meydan.tv\\\/az\\\/article\\\/dernegulde-avtomobilin-supurgecini-vuraraq-oldurduyu-bildirilir\\\/#primaryimage\"},\"thumbnailUrl\":\"https:\\\/\\\/www.meydan.tv\\\/wp-content\\\/uploads\\\/img-20240416-wa0010.jpg\",\"articleSection\":[\"Sosial\",\"X\u0259b\u0259rl\u0259r\"],\"inLanguage\":\"az\"},{\"@type\":\"WebPage\",\"@id\":\"https:\\\/\\\/www.meydan.tv\\\/az\\\/article\\\/dernegulde-avtomobilin-supurgecini-vuraraq-oldurduyu-bildirilir\\\/\",\"url\":\"https:\\\/\\\/www.meydan.tv\\\/az\\\/article\\\/dernegulde-avtomobilin-supurgecini-vuraraq-oldurduyu-bildirilir\\\/\",\"name\":\"D\u0259rn\u0259g\u00fcld\u0259 avtomobilin s\u00fcp\u00fcrg\u0259\u00e7ini vuraraq \u00f6ld\u00fcrd\u00fcy\u00fc bildirilir - MEYDAN.TV\",\"isPartOf\":{\"@id\":\"https:\\\/\\\/www.meydan.tv\\\/az\\\/#website\"},\"primaryImageOfPage\":{\"@id\":\"https:\\\/\\\/www.meydan.tv\\\/az\\\/article\\\/dernegulde-avtomobilin-supurgecini-vuraraq-oldurduyu-bildirilir\\\/#primaryimage\"},\"image\":{\"@id\":\"https:\\\/\\\/www.meydan.tv\\\/az\\\/article\\\/dernegulde-avtomobilin-supurgecini-vuraraq-oldurduyu-bildirilir\\\/#primaryimage\"},\"thumbnailUrl\":\"https:\\\/\\\/www.meydan.tv\\\/wp-content\\\/uploads\\\/img-20240416-wa0010.jpg\",\"datePublished\":\"2024-11-06T11:07:07+00:00\",\"dateModified\":\"2024-11-06T11:07:10+00:00\",\"breadcrumb\":{\"@id\":\"https:\\\/\\\/www.meydan.tv\\\/az\\\/article\\\/dernegulde-avtomobilin-supurgecini-vuraraq-oldurduyu-bildirilir\\\/#breadcrumb\"},\"inLanguage\":\"az\",\"potentialAction\":[{\"@type\":\"ReadAction\",\"target\":[\"https:\\\/\\\/www.meydan.tv\\\/az\\\/article\\\/dernegulde-avtomobilin-supurgecini-vuraraq-oldurduyu-bildirilir\\\/\"]}]},{\"@type\":\"ImageObject\",\"inLanguage\":\"az\",\"@id\":\"https:\\\/\\\/www.meydan.tv\\\/az\\\/article\\\/dernegulde-avtomobilin-supurgecini-vuraraq-oldurduyu-bildirilir\\\/#primaryimage\",\"url\":\"https:\\\/\\\/www.meydan.tv\\\/wp-content\\\/uploads\\\/img-20240416-wa0010.jpg\",\"contentUrl\":\"https:\\\/\\\/www.meydan.tv\\\/wp-content\\\/uploads\\\/img-20240416-wa0010.jpg\",\"width\":1200,\"height\":787,\"caption\":\"Yol q\u0259zas\u0131. Foto: D\u0130N\"},{\"@type\":\"BreadcrumbList\",\"@id\":\"https:\\\/\\\/www.meydan.tv\\\/az\\\/article\\\/dernegulde-avtomobilin-supurgecini-vuraraq-oldurduyu-bildirilir\\\/#breadcrumb\",\"itemListElement\":[{\"@type\":\"ListItem\",\"position\":1,\"name\":\"Ana s\u0259hif\u0259\",\"item\":\"https:\\\/\\\/www.meydan.tv\\\/az\\\/\"},{\"@type\":\"ListItem\",\"position\":2,\"name\":\"Sosial\",\"item\":\"https:\\\/\\\/www.meydan.tv\\\/az\\\/section\\\/sosial\\\/\"},{\"@type\":\"ListItem\",\"position\":3,\"name\":\"D\u0259rn\u0259g\u00fcld\u0259 avtomobilin s\u00fcp\u00fcrg\u0259\u00e7ini vuraraq \u00f6ld\u00fcrd\u00fcy\u00fc bildirilir\"}]},{\"@type\":\"WebSite\",\"@id\":\"https:\\\/\\\/www.meydan.tv\\\/az\\\/#website\",\"url\":\"https:\\\/\\\/www.meydan.tv\\\/az\\\/\",\"name\":\"MEYDAN.TV\",\"description\":\"Meydan TV Az\u0259rbaycan\u0131n media m\u0259kan\u0131ndak\u0131 alternativ s\u0259sidir\",\"publisher\":{\"@id\":\"https:\\\/\\\/www.meydan.tv\\\/az\\\/#organization\"},\"potentialAction\":[{\"@type\":\"SearchAction\",\"target\":{\"@type\":\"EntryPoint\",\"urlTemplate\":\"https:\\\/\\\/www.meydan.tv\\\/az\\\/?s={search_term_string}\"},\"query-input\":{\"@type\":\"PropertyValueSpecification\",\"valueRequired\":true,\"valueName\":\"search_term_string\"}}],\"inLanguage\":\"az\"},{\"@type\":\"Organization\",\"@id\":\"https:\\\/\\\/www.meydan.tv\\\/az\\\/#organization\",\"name\":\"Meydan TV\",\"url\":\"https:\\\/\\\/www.meydan.tv\\\/az\\\/\",\"logo\":{\"@type\":\"ImageObject\",\"inLanguage\":\"az\",\"@id\":\"https:\\\/\\\/www.meydan.tv\\\/az\\\/#\\\/schema\\\/logo\\\/image\\\/\",\"url\":\"https:\\\/\\\/www.meydan.tv\\\/wp-content\\\/uploads\\\/2021\\\/07\\\/meydan-logo.svg\",\"contentUrl\":\"https:\\\/\\\/www.meydan.tv\\\/wp-content\\\/uploads\\\/2021\\\/07\\\/meydan-logo.svg\",\"width\":195,\"height\":46,\"caption\":\"Meydan TV\"},\"image\":{\"@id\":\"https:\\\/\\\/www.meydan.tv\\\/az\\\/#\\\/schema\\\/logo\\\/image\\\/\"}},{\"@type\":\"Person\",\"@id\":\"https:\\\/\\\/www.meydan.tv\\\/az\\\/#\\\/schema\\\/person\\\/9cdbecf90d17180ce1dfbd95b08dcf47\",\"name\":\"elli\",\"sameAs\":[\"https:\\\/\\\/x.com\\\/elli\"]}]}<\/script>\n<!-- \/ Yoast SEO plugin. -->","yoast_head_json":{"title":"D\u0259rn\u0259g\u00fcld\u0259 avtomobilin s\u00fcp\u00fcrg\u0259\u00e7ini vuraraq \u00f6ld\u00fcrd\u00fcy\u00fc bildirilir - MEYDAN.TV","robots":{"index":"index","follow":"follow","max-snippet":"max-snippet:-1","max-image-preview":"max-image-preview:large","max-video-preview":"max-video-preview:-1"},"canonical":"https:\/\/www.meydan.tv\/az\/article\/dernegulde-avtomobilin-supurgecini-vuraraq-oldurduyu-bildirilir\/","og_locale":"az_AZ","og_type":"article","og_title":"D\u0259rn\u0259g\u00fcld\u0259 avtomobilin s\u00fcp\u00fcrg\u0259\u00e7ini vuraraq \u00f6ld\u00fcrd\u00fcy\u00fc bildirilir - MEYDAN.TV","og_description":"D\u0130N v\u0259 T\u018fB\u0130B hadis\u0259ni t\u0259sdiql\u0259yib Bak\u0131n\u0131n D\u0259rn\u0259g\u00fcl \u015fossesind\u0259 avtomobilin piyadan\u0131 ... Davam\u0131","og_url":"https:\/\/www.meydan.tv\/az\/article\/dernegulde-avtomobilin-supurgecini-vuraraq-oldurduyu-bildirilir\/","og_site_name":"MEYDAN.TV","article_published_time":"2024-11-06T11:07:07+00:00","article_modified_time":"2024-11-06T11:07:10+00:00","og_image":[{"width":1200,"height":787,"url":"https:\/\/www.meydan.tv\/wp-content\/uploads\/img-20240416-wa0010.jpg","type":"image\/jpeg"}],"author":"elli","twitter_card":"summary_large_image","twitter_creator":"@elli","schema":{"@context":"https:\/\/schema.org","@graph":[{"@type":"Article","@id":"https:\/\/www.meydan.tv\/az\/article\/dernegulde-avtomobilin-supurgecini-vuraraq-oldurduyu-bildirilir\/#article","isPartOf":{"@id":"https:\/\/www.meydan.tv\/az\/article\/dernegulde-avtomobilin-supurgecini-vuraraq-oldurduyu-bildirilir\/"},"author":{"name":"elli","@id":"https:\/\/www.meydan.tv\/az\/#\/schema\/person\/9cdbecf90d17180ce1dfbd95b08dcf47"},"headline":"D\u0259rn\u0259g\u00fcld\u0259 avtomobilin s\u00fcp\u00fcrg\u0259\u00e7ini vuraraq \u00f6ld\u00fcrd\u00fcy\u00fc bildirilir","datePublished":"2024-11-06T11:07:07+00:00","dateModified":"2024-11-06T11:07:10+00:00","mainEntityOfPage":{"@id":"https:\/\/www.meydan.tv\/az\/article\/dernegulde-avtomobilin-supurgecini-vuraraq-oldurduyu-bildirilir\/"},"wordCount":248,"publisher":{"@id":"https:\/\/www.meydan.tv\/az\/#organization"},"image":{"@id":"https:\/\/www.meydan.tv\/az\/article\/dernegulde-avtomobilin-supurgecini-vuraraq-oldurduyu-bildirilir\/#primaryimage"},"thumbnailUrl":"https:\/\/www.meydan.tv\/wp-content\/uploads\/img-20240416-wa0010.jpg","articleSection":["Sosial","X\u0259b\u0259rl\u0259r"],"inLanguage":"az"},{"@type":"WebPage","@id":"https:\/\/www.meydan.tv\/az\/article\/dernegulde-avtomobilin-supurgecini-vuraraq-oldurduyu-bildirilir\/","url":"https:\/\/www.meydan.tv\/az\/article\/dernegulde-avtomobilin-supurgecini-vuraraq-oldurduyu-bildirilir\/","name":"D\u0259rn\u0259g\u00fcld\u0259 avtomobilin s\u00fcp\u00fcrg\u0259\u00e7ini vuraraq \u00f6ld\u00fcrd\u00fcy\u00fc bildirilir - MEYDAN.TV","isPartOf":{"@id":"https:\/\/www.meydan.tv\/az\/#website"},"primaryImageOfPage":{"@id":"https:\/\/www.meydan.tv\/az\/article\/dernegulde-avtomobilin-supurgecini-vuraraq-oldurduyu-bildirilir\/#primaryimage"},"image":{"@id":"https:\/\/www.meydan.tv\/az\/article\/dernegulde-avtomobilin-supurgecini-vuraraq-oldurduyu-bildirilir\/#primaryimage"},"thumbnailUrl":"https:\/\/www.meydan.tv\/wp-content\/uploads\/img-20240416-wa0010.jpg","datePublished":"2024-11-06T11:07:07+00:00","dateModified":"2024-11-06T11:07:10+00:00","breadcrumb":{"@id":"https:\/\/www.meydan.tv\/az\/article\/dernegulde-avtomobilin-supurgecini-vuraraq-oldurduyu-bildirilir\/#breadcrumb"},"inLanguage":"az","potentialAction":[{"@type":"ReadAction","target":["https:\/\/www.meydan.tv\/az\/article\/dernegulde-avtomobilin-supurgecini-vuraraq-oldurduyu-bildirilir\/"]}]},{"@type":"ImageObject","inLanguage":"az","@id":"https:\/\/www.meydan.tv\/az\/article\/dernegulde-avtomobilin-supurgecini-vuraraq-oldurduyu-bildirilir\/#primaryimage","url":"https:\/\/www.meydan.tv\/wp-content\/uploads\/img-20240416-wa0010.jpg","contentUrl":"https:\/\/www.meydan.tv\/wp-content\/uploads\/img-20240416-wa0010.jpg","width":1200,"height":787,"caption":"Yol q\u0259zas\u0131. Foto: D\u0130N"},{"@type":"BreadcrumbList","@id":"https:\/\/www.meydan.tv\/az\/article\/dernegulde-avtomobilin-supurgecini-vuraraq-oldurduyu-bildirilir\/#breadcrumb","itemListElement":[{"@type":"ListItem","position":1,"name":"Ana s\u0259hif\u0259","item":"https:\/\/www.meydan.tv\/az\/"},{"@type":"ListItem","position":2,"name":"Sosial","item":"https:\/\/www.meydan.tv\/az\/section\/sosial\/"},{"@type":"ListItem","position":3,"name":"D\u0259rn\u0259g\u00fcld\u0259 avtomobilin s\u00fcp\u00fcrg\u0259\u00e7ini vuraraq \u00f6ld\u00fcrd\u00fcy\u00fc bildirilir"}]},{"@type":"WebSite","@id":"https:\/\/www.meydan.tv\/az\/#website","url":"https:\/\/www.meydan.tv\/az\/","name":"MEYDAN.TV","description":"Meydan TV Az\u0259rbaycan\u0131n media m\u0259kan\u0131ndak\u0131 alternativ s\u0259sidir","publisher":{"@id":"https:\/\/www.meydan.tv\/az\/#organization"},"potentialAction":[{"@type":"SearchAction","target":{"@type":"EntryPoint","urlTemplate":"https:\/\/www.meydan.tv\/az\/?s={search_term_string}"},"query-input":{"@type":"PropertyValueSpecification","valueRequired":true,"valueName":"search_term_string"}}],"inLanguage":"az"},{"@type":"Organization","@id":"https:\/\/www.meydan.tv\/az\/#organization","name":"Meydan TV","url":"https:\/\/www.meydan.tv\/az\/","logo":{"@type":"ImageObject","inLanguage":"az","@id":"https:\/\/www.meydan.tv\/az\/#\/schema\/logo\/image\/","url":"https:\/\/www.meydan.tv\/wp-content\/uploads\/2021\/07\/meydan-logo.svg","contentUrl":"https:\/\/www.meydan.tv\/wp-content\/uploads\/2021\/07\/meydan-logo.svg","width":195,"height":46,"caption":"Meydan TV"},"image":{"@id":"https:\/\/www.meydan.tv\/az\/#\/schema\/logo\/image\/"}},{"@type":"Person","@id":"https:\/\/www.meydan.tv\/az\/#\/schema\/person\/9cdbecf90d17180ce1dfbd95b08dcf47","name":"elli","sameAs":["https:\/\/x.com\/elli"]}]}},"_links":{"self":[{"href":"https:\/\/www.meydan.tv\/az\/wp-json\/wp\/v2\/posts\/319852","targetHints":{"allow":["GET"]}}],"collection":[{"href":"https:\/\/www.meydan.tv\/az\/wp-json\/wp\/v2\/posts"}],"about":[{"href":"https:\/\/www.meydan.tv\/az\/wp-json\/wp\/v2\/types\/post"}],"author":[{"embeddable":true,"href":"https:\/\/www.meydan.tv\/az\/wp-json\/wp\/v2\/users\/8"}],"replies":[{"embeddable":true,"href":"https:\/\/www.meydan.tv\/az\/wp-json\/wp\/v2\/comments?post=319852"}],"version-history":[{"count":2,"href":"https:\/\/www.meydan.tv\/az\/wp-json\/wp\/v2\/posts\/319852\/revisions"}],"predecessor-version":[{"id":319857,"href":"https:\/\/www.meydan.tv\/az\/wp-json\/wp\/v2\/posts\/319852\/revisions\/319857"}],"wp:featuredmedia":[{"embeddable":true,"href":"https:\/\/www.meydan.tv\/az\/wp-json\/wp\/v2\/media\/304390"}],"wp:attachment":[{"href":"https:\/\/www.meydan.tv\/az\/wp-json\/wp\/v2\/media?parent=319852"}],"wp:term":[{"taxonomy":"category","embeddable":true,"href":"https:\/\/www.meydan.tv\/az\/wp-json\/wp\/v2\/categories?post=319852"},{"taxonomy":"post_tag","embeddable":true,"href":"https:\/\/www.meydan.tv\/az\/wp-json\/wp\/v2\/tags?post=319852"}],"curies":[{"name":"wp","href":"https:\/\/api.w.org\/{rel}","templated":true}]}}