{"id":319813,"date":"2024-11-06T13:16:08","date_gmt":"2024-11-06T09:16:08","guid":{"rendered":"https:\/\/www.meydan.tv\/?p=319813"},"modified":"2024-11-06T13:16:11","modified_gmt":"2024-11-06T09:16:11","slug":"17-beynelxalq-teskilat-ai-liderlerine-azerbaycanla-bagli-cagiris-edib","status":"publish","type":"post","link":"https:\/\/www.meydan.tv\/az\/article\/17-beynelxalq-teskilat-ai-liderlerine-azerbaycanla-bagli-cagiris-edib\/","title":{"rendered":"17 beyn\u0259lxalq t\u0259\u015fkilat A\u0130 liderl\u0259rin\u0259 Az\u0259rbaycanla ba\u011fl\u0131 \u00e7a\u011f\u0131r\u0131\u015f edib"},"content":{"rendered":"\n<p><\/p>\n\n\n\n<p><strong><em>Onlar siyasi m\u0259hbus kimi tan\u0131nan \u015f\u0259xsl\u0259rin azad edilm\u0259sini t\u0259l\u0259b edirl\u0259r<\/em><\/strong><\/p>\n\n\n\n<p>Noyabr\u0131n 6-da &#8220;Human Rights Watch&#8221; da daxil olmaqla 17 beyn\u0259lxalq insan haqlar\u0131 t\u0259\u015fkilat\u0131 COP29-da i\u015ftirak ed\u0259c\u0259k Avropa \u0130ttifaq\u0131 liderl\u0259rin\u0259 \u00e7a\u011f\u0131r\u0131\u015f edibl\u0259r.<\/p>\n\n\n\n<p>T\u0259\u015fkilatlar\u0131n yayd\u0131\u011f\u0131 birg\u0259 b\u0259yanatda qeyd olunur ki, Avropa \u0130ttifaq\u0131 liderl\u0259ri siyasi motivl\u0259rl\u0259 h\u0259bs edil\u0259nl\u0259rin m\u0259s\u0259l\u0259sini birba\u015fa Az\u0259rbaycan hakimiyy\u0259ti il\u0259 m\u00fczakir\u0259y\u0259 \u00e7\u0131xarmal\u0131 v\u0259 onlar\u0131n azadl\u0131\u011fa burax\u0131lmas\u0131n\u0131 t\u0259min etm\u0259lidir:<\/p>\n\n\n\n<p>&#8220;<em>Az\u0259rbaycan h\u00f6kum\u0259tinin t\u0259nqid ed\u0259nl\u0259r\u0259 qar\u015f\u0131 h\u00fccumu son iki ild\u0259 ciddi \u015f\u0259kild\u0259 pisl\u0259\u015fib. Avropa \u0130ttifaq\u0131 indi a\u00e7\u0131q \u015f\u0259kild\u0259 \u00e7\u0131x\u0131\u015f etm\u0259k v\u0259 \u00f6lk\u0259d\u0259 v\u0259t\u0259nda\u015f c\u0259miyy\u0259ti, m\u00fcst\u0259qil media v\u0259 insan h\u00fcquqlar\u0131 m\u00fcdafi\u0259\u00e7il\u0259ri \u00fc\u00e7\u00fcn konkret t\u0259kmill\u0259\u015fdirm\u0259l\u0259r\u0259 nail olmaq \u00fc\u00e7\u00fcn COP29-un nadir beyn\u0259lxalq diqq\u0259t m\u0259rk\u0259zind\u0259n istifad\u0259 etm\u0259lidir&#8221;.<\/em><\/p>\n\n\n\n<p><em>&#8220;Az\u0259rbaycanda h\u00f6kum\u0259tin m\u00fcst\u0259qil media v\u0259 v\u0259t\u0259nda\u015f c\u0259miyy\u0259tinin qalan qal\u0131qlar\u0131n\u0131, o c\u00fcml\u0259d\u0259n insan haqlar\u0131 m\u00fcdafi\u0259\u00e7il\u0259rini h\u0259d\u0259f almas\u0131 il\u0259 son iki ild\u0259 ciddi \u015f\u0259kild\u0259 pisl\u0259\u015f\u0259n insan h\u00fcquqlar\u0131n\u0131n pozulmas\u0131 rekord h\u0259dd\u0259 \u00e7at\u0131b. H\u00f6kum\u0259tin istifad\u0259 etdiyi \u00fcsullar aras\u0131nda siyasi motivli h\u0259bsl\u0259r v\u0259 saxta cinay\u0259t ittihamlar\u0131 il\u0259 t\u0259qibl\u0259r, habel\u0259, qeyri-h\u00f6kum\u0259t t\u0259\u015fkilatlar\u0131n\u0131 (QHT-l\u0259ri) t\u0259nziml\u0259y\u0259n y\u00fcks\u0259k m\u0259hdudla\u015fd\u0131r\u0131c\u0131 qanunlar\u0131n \u00f6zba\u015f\u0131na icras\u0131 var. Bu sui-istifad\u0259li t\u0259nziml\u0259m\u0259 sistemi m\u00fcst\u0259qil f\u0259allar\u0131, median\u0131 v\u0259 h\u00fcquq m\u00fcdafi\u0259\u00e7il\u0259rini \u00f6z i\u015fl\u0259rini yerin\u0259 yetirm\u0259k \u00fc\u00e7\u00fcn qanuni yollar\u0131 faktiki olaraq inkar edir v\u0259 bununla da onlar\u0131 qanunun k\u0259nar\u0131na it\u0259l\u0259yir v\u0259 cavab xarakterli cinay\u0259t t\u0259qibin\u0259 qar\u015f\u0131 h\u0259ssasl\u0131\u011f\u0131n\u0131 art\u0131r\u0131r&#8221;, <\/em>&#8211; dey\u0259 b\u0259yanatda vur\u011fulan\u0131b.<\/p>\n\n\n\n<p>B\u0259yanat m\u00fc\u0259llifl\u0259ri bildirib ki, Avropa \u0130ttifaq\u0131 Az\u0259rbaycanla iqtisadi v\u0259 siyasi \u0259laq\u0259l\u0259rin, o c\u00fcml\u0259d\u0259n, enerji sah\u0259sind\u0259 \u0259m\u0259kda\u015fl\u0131\u011f\u0131n \u015e\u0259rq T\u0259r\u0259fda\u015fl\u0131\u011f\u0131 t\u0259\u015f\u0259bb\u00fcs\u00fcn\u00fcn \u00fczv\u00fc kimi Bak\u0131n\u0131n \u00f6hd\u0259likl\u0259rin\u0259 uy\u011fun olaraq konkret insan h\u00fcquqlar\u0131 v\u0259dl\u0259rini yerin\u0259 yetirm\u0259sini t\u0259min etm\u0259lidir:<\/p>\n\n\n<div class=\"wp-block-image\">\n<figure class=\"alignright size-full is-resized\"><img decoding=\"async\" width=\"1200\" height=\"800\" data-src=\"https:\/\/www.meydan.tv\/wp-content\/uploads\/shutterstock_1168994233.jpg\" alt=\"\" class=\"wp-image-228457 lazyload\" style=\"--smush-placeholder-width: 1200px; --smush-placeholder-aspect-ratio: 1200\/800;width:429px;height:auto\" src=\"data:image\/svg+xml;base64,PHN2ZyB3aWR0aD0iMSIgaGVpZ2h0PSIxIiB4bWxucz0iaHR0cDovL3d3dy53My5vcmcvMjAwMC9zdmciPjwvc3ZnPg==\" \/><figcaption class=\"wp-element-caption\">Human Rights Watch, Foto: By Casimiro PT\/Shutterstock<\/figcaption><\/figure>\n<\/div>\n\n\n<p>&#8220;<em>Az\u0259rbaycan\u0131n d\u00f6vl\u0259t b\u00fcdc\u0259si yanacaqlardan as\u0131l\u0131d\u0131r v\u0259 2022-ci il \u00fc\u00e7\u00fcn A\u0130-Az\u0259rbaycan enerji t\u0259r\u0259fda\u015fl\u0131\u011f\u0131 \u00fczr\u0259 Anla\u015fma Memorandumu (MoU) m\u00fch\u00fcm siyasi t\u0259sir al\u0259tidir. A\u0130 bu t\u0259r\u0259fda\u015fl\u0131\u011f\u0131n xarici siyas\u0259tind\u0259 insan h\u00fcquqlar\u0131n\u0131n m\u00fcdafi\u0259si v\u0259 t\u0259\u015fviqi \u00fczr\u0259 m\u00fcqavil\u0259 \u00f6hd\u0259likl\u0259rin\u0259 uy\u011fun olmas\u0131n\u0131 t\u0259min etm\u0259k \u00fc\u00e7\u00fcn hakimiyy\u0259t orqanlar\u0131 il\u0259 siyasi v\u0259 diplomatik \u00e7\u0259kisind\u0259n istifad\u0259 etm\u0259lidir. Anla\u015fma Memorandumunun imzalanmas\u0131ndan b\u0259ri Az\u0259rbaycan h\u00f6kum\u0259ti m\u00fcst\u0259qil mediaya v\u0259 v\u0259t\u0259nda\u015f c\u0259miyy\u0259tin\u0259, insan h\u00fcquqlar\u0131 m\u00fcdafi\u0259\u00e7il\u0259rin\u0259 qar\u015f\u0131 amans\u0131z repressiyalar h\u0259yata ke\u00e7irib, f\u0259rqli fikirl\u0259r v\u0259 qanuni insan haqlar\u0131 i\u015fl\u0259rinin \u0259ks\u0259r formalar\u0131n\u0131n k\u00f6k\u00fcn\u00fc k\u0259sib. 2023-c\u00fc ilin iyulunda hakimiyy\u0259t alim, antikorrupsiya eksperti v\u0259 2024-c\u00fc il Fikir Azadl\u0131\u011f\u0131 \u00fczr\u0259 Saxarov m\u00fckafat\u0131n\u0131n final\u00e7\u0131lar\u0131ndan biri olan Qubad \u0130bado\u011flunu h\u0259bs edib. Hakimiyy\u0259t orqanlar\u0131n\u0131n ona laz\u0131mi tibbi yard\u0131m g\u00f6st\u0259rm\u0259m\u0259si n\u0259tic\u0259sind\u0259 s\u0259hh\u0259tinin s\u00fcr\u0259tl\u0259 pisl\u0259\u015fdiyi doqquz ayl\u0131q h\u0259bs-q\u0259timkan t\u0259dbirind\u0259n sonra o, ev dustaql\u0131\u011f\u0131na v\u0259 polis n\u0259zar\u0259tin\u0259 ke\u00e7irilib. Onun istintaq\u0131 m\u00fcv\u0259qq\u0259ti dayand\u0131r\u0131ld\u0131\u011f\u0131 halda, g\u00fcnah\u0131 s\u00fcbuta yetiril\u0259rs\u0259, onu 17 il\u0259 q\u0259d\u0259r h\u0259bs c\u0259zas\u0131 g\u00f6zl\u0259yir. 2024-c\u00fc ilin aprelind\u0259 Avropa \u015euras\u0131 Parlament Assambleyas\u0131n\u0131n 2014-c\u00fc il \u0130nsan Haqlar\u0131 \u00fczr\u0259 Vatslav Havel m\u00fckafat\u0131n\u0131n laureat\u0131, h\u00fcquq m\u00fcdafi\u0259\u00e7isi Anar M\u0259mm\u0259dli h\u0259bs edil\u0259r\u0259k, s\u0259hh\u0259ti pisl\u0259\u015fdiyi \u00fc\u00e7\u00fcn istintaq t\u0259cridxanas\u0131na sal\u0131n\u0131b. M\u0259mm\u0259dlinin h\u0259bsi onun t\u0259\u015fkilat\u0131 olan Se\u00e7kil\u0259rin Monitorinqi v\u0259 Demokratiyan\u0131n T\u0259drisi M\u0259rk\u0259zinin (SMDT) fevralda ke\u00e7iril\u0259n prezident se\u00e7kil\u0259rinin gedi\u015fi il\u0259 ba\u011fl\u0131 qiym\u0259tl\u0259ndirm\u0259ni d\u0259rc etm\u0259sind\u0259n v\u0259 o v\u0259 dig\u0259r h\u00fcquq m\u00fcdafi\u0259\u00e7il\u0259ri il\u0259 birlikd\u0259 COP29 \u0259r\u0259f\u0259sind\u0259 iqlim \u0259dal\u0259tin\u0259 dair koalisiya elan etdikd\u0259n sonra ba\u015f verib. 2023-c\u00fc ilin noyabr ay\u0131ndan etibar\u0259n Az\u0259rbaycan hakimiyy\u0259ti \u0259n az\u0131 11 m\u00fcst\u0259qil jurnalisti v\u0259 media i\u015f\u00e7isini h\u0259bs edib v\u0259 m\u00fcxt\u0259lif saxta cinay\u0259t ittihamlar\u0131 il\u0259 onlar\u0131n bar\u0259sind\u0259 h\u0259bs q\u0259timkan t\u0259dbiri se\u00e7ib. Bu s\u0131raya \u00dclvi H\u0259s\u0259nli, Sevinc Vaqifq\u0131z\u0131, Hafiz Babal\u0131, N\u0259rgiz Absalamova, Elnar\u0259 Qas\u0131mova, \u018fziz Orucov, \u015eamo Eminov, M\u00fc\u015ffiq Cabbarov, \u018fl\u0259sg\u0259r M\u0259mm\u0259dli v\u0259 \u0130mran \u018fliyev daxildir. Son iki ild\u0259 d\u0259mir barmaql\u0131qlar arxas\u0131na sal\u0131nan dig\u0259r tan\u0131nm\u0131\u015f v\u0259t\u0259nda\u015f c\u0259miyy\u0259ti n\u00fcmay\u0259nd\u0259l\u0259ri, h\u00f6kum\u0259t t\u0259nqid\u00e7il\u0259ri, h\u00fcquq m\u00fcdafi\u0259\u00e7il\u0259ri v\u0259 h\u0259mkarlar ittifaq\u0131 f\u0259allar\u0131 aras\u0131nda B\u0259xtiyar Hac\u0131yev, Akif Qurbanov, Ruslan \u0130zz\u0259tli, Afiy\u0259ddin M\u0259mm\u0259dov, M\u0259hy\u0259ddin Orucov, Elvin Mustafayev, Ayxan \u0130srafilov, Fazil Qas\u0131mov, v\u0259 Famil X\u0259lilov da var. H\u0259l\u0259 iyul v\u0259 avqust aylar\u0131nda Az\u0259rbaycan hakimiyy\u0259ti t\u0259dqiqat\u00e7\u0131lar v\u0259 s\u00fclh f\u0259allar\u0131 \u0130qbal \u018fbilov v\u0259 B\u0259hruz S\u0259m\u0259dovu saxta \u0259saslarla d\u00f6vl\u0259t\u0259 x\u0259yan\u0259td\u0259 ittiham ed\u0259r\u0259k h\u0259bs edib. Potensial olaraq uzunm\u00fcdd\u0259tli h\u0259bs c\u0259zalar\u0131 il\u0259 \u00fczl\u0259\u015f\u0259n onlar m\u0259hk\u0259m\u0259y\u0259 q\u0259d\u0259r h\u0259bsd\u0259 qal\u0131rlar&#8221;<\/em>.<\/p>\n\n\n\n<p>B\u0259yanat\u0131n sonunda COP29-da i\u015ftirak ed\u0259n Avropa \u0130ttifaq\u0131 liderl\u0259rin\u0259 Az\u0259rbaycanda olark\u0259n jurnalistl\u0259r v\u0259 m\u00fcst\u0259qil v\u0259t\u0259nda\u015f c\u0259miyy\u0259ti, o c\u00fcml\u0259d\u0259n h\u00fcquq m\u00fcdafi\u0259\u00e7il\u0259ri il\u0259 g\u00f6r\u00fc\u015fm\u0259l\u0259rinin vacibliyi qeyd olunub:<\/p>\n\n\n\n<p>&#8220;<em>Az\u0259rbaycan h\u00f6kum\u0259ti il\u0259 qar\u015f\u0131l\u0131ql\u0131 \u0259laq\u0259l\u0259rd\u0259 vur\u011fulay\u0131n ki, g\u00fccl\u00fc v\u0259t\u0259nda\u015f c\u0259miyy\u0259tinin i\u015ftirak\u0131 COP29-dan \u0259vv\u0259l v\u0259 sonra effektiv iqlim t\u0259dbirl\u0259ri \u00fc\u00e7\u00fcn vacibdir v\u0259 i\u015ftirak\u00e7\u0131lara qar\u015f\u0131 at\u0131lan h\u0259r hans\u0131 cavab t\u0259dbirin\u0259 yol <a href=\"https:\/\/www.hrw.org\/news\/2024\/11\/06\/eu-raise-human-rights-crisis-azerbaijan-during-cop29\" target=\"_blank\" rel=\"noreferrer noopener\">verilm\u0259y\u0259c\u0259k&#8221;.<\/a><\/em><\/p>\n\n\n\n<p>B\u0259yanat\u0131 Anar M\u0259mm\u0259dli Az\u0259rbaycanda repressiyalara son qoymaq kampaniyas\u0131, Jurnalistl\u0259ri M\u00fcdafi\u0259 Komit\u0259si, Avropa M\u0259tbuat v\u0259 Media Azadl\u0131\u011f\u0131 M\u0259rk\u0259zi, Avropa Jurnalistl\u0259r Federasiyas\u0131, \u0130nsan H\u00fcquqlar\u0131 Evi Fondu, &#8220;Amnesty International&#8221; v\u0259 dig\u0259r t\u0259\u015fkilatlar imzalay\u0131b.<\/p>\n\n\n\n<p>Sentyabr\u0131n 25-d\u0259 \u201cHuman Rights Watch\u201d v\u0259 10 insan haqlar\u0131 t\u0259\u015fkilat\u0131 Avropa \u015euras\u0131 Parlament Assambleyas\u0131na (A\u015ePA)&nbsp; \u00fcnvanlanan \u00e7a\u011f\u0131r\u0131\u015f etmi\u015fdi.<\/p>\n\n\n\n<p>B\u0259yanatda qeyd olunurdu ki, Az\u0259rbaycan\u0131n \u00f6z n\u00fcmay\u0259nd\u0259 hey\u0259tinin assambleyaya qay\u0131tmazdan \u0259vv\u0259l yerin\u0259 yetirm\u0259li oldu\u011fu ayd\u0131n meyarlar\u0131 i\u015fl\u0259yib haz\u0131rlamal\u0131 v\u0259 t\u0259tbiq <a href=\"https:\/\/www.meydan.tv\/az\/article\/beynelxalq-teskilatlar-azerbaycanla-bagli-aspa-qarsisinda-sertler-ireli-surduler\/\" target=\"_blank\" rel=\"noreferrer noopener\">etm\u0259lidir<\/a>.<\/p>\n\n\n\n<p>Noyabr\u0131n 11-d\u0259n 22-d\u0259k Bak\u0131da Birl\u0259\u015fmi\u015f Mill\u0259tl\u0259r T\u0259\u015fkilat\u0131n\u0131n \u0130qlim D\u0259yi\u015fikliyi \u00fczr\u0259 \u00c7\u0259r\u00e7iv\u0259 Konvensiyas\u0131n\u0131n T\u0259r\u0259fl\u0259r Konfrans\u0131n\u0131n 29-cu (COP29) sessiyas\u0131 ke\u00e7iril\u0259c\u0259k.<\/p>\n","protected":false},"excerpt":{"rendered":"<p>Onlar siyasi m\u0259hbus kimi tan\u0131nan \u015f\u0259xsl\u0259rin azad edilm\u0259sini t\u0259l\u0259b edirl\u0259r &#8230; <\/p>\n<p class=\"read-more-container\"><a title=\"17 beyn\u0259lxalq t\u0259\u015fkilat A\u0130 liderl\u0259rin\u0259 Az\u0259rbaycanla ba\u011fl\u0131 \u00e7a\u011f\u0131r\u0131\u015f edib\" class=\"read-more button\" href=\"https:\/\/www.meydan.tv\/az\/article\/17-beynelxalq-teskilat-ai-liderlerine-azerbaycanla-bagli-cagiris-edib\/#more-319813\" aria-label=\"Read more about 17 beyn\u0259lxalq t\u0259\u015fkilat A\u0130 liderl\u0259rin\u0259 Az\u0259rbaycanla ba\u011fl\u0131 \u00e7a\u011f\u0131r\u0131\u015f edib\">Davam\u0131<\/a><\/p>\n","protected":false},"author":8,"featured_media":318475,"comment_status":"closed","ping_status":"closed","sticky":false,"template":"","format":"standard","meta":{"_acf_changed":false,"_sitemap_exclude":false,"_sitemap_priority":"","_sitemap_frequency":"","footnotes":""},"categories":[136,59,79,56],"tags":[],"class_list":["post-319813","post","type-post","status-publish","format-standard","has-post-thumbnail","hentry","category-cop-29","category-siyaset","category-featured","category-xeberler","infinite-scroll-item","generate-columns","tablet-grid-50","mobile-grid-100","grid-parent","grid-33","no-featured-image-padding"],"acf":[],"yoast_head":"<!-- This site is optimized with the Yoast SEO plugin v27.4 - https:\/\/yoast.com\/product\/yoast-seo-wordpress\/ -->\n<title>17 beyn\u0259lxalq t\u0259\u015fkilat A\u0130 liderl\u0259rin\u0259 Az\u0259rbaycanla ba\u011fl\u0131 \u00e7a\u011f\u0131r\u0131\u015f edib - MEYDAN.TV<\/title>\n<meta name=\"description\" content=\"T\u0259\u015fkilatlar\u0131n yayd\u0131\u011f\u0131 birg\u0259 b\u0259yanatda qeyd olunur ki, Avropa \u0130ttifaq\u0131 liderl\u0259ri siyasi motivl\u0259rl\u0259 h\u0259bs edil\u0259nl\u0259rin n\u0259s\u0259l\u0259sini birba\u015fa Az\u0259rbaycan hakimiyy\u0259ti il\u0259 m\u00fczakir\u0259y\u0259 \u00e7\u0131xarmal\u0131 v\u0259 onlar\u0131n azadl\u0131\u011fa burax\u0131lmas\u0131n\u0131 t\u0259min etm\u0259lidir\" \/>\n<meta name=\"robots\" content=\"index, follow, max-snippet:-1, max-image-preview:large, max-video-preview:-1\" \/>\n<link rel=\"canonical\" href=\"https:\/\/www.meydan.tv\/az\/article\/17-beynelxalq-teskilat-ai-liderlerine-azerbaycanla-bagli-cagiris-edib\/\" \/>\n<meta property=\"og:locale\" content=\"az_AZ\" \/>\n<meta property=\"og:type\" content=\"article\" \/>\n<meta property=\"og:title\" content=\"17 beyn\u0259lxalq t\u0259\u015fkilat A\u0130 liderl\u0259rin\u0259 Az\u0259rbaycanla ba\u011fl\u0131 \u00e7a\u011f\u0131r\u0131\u015f edib - MEYDAN.TV\" \/>\n<meta property=\"og:description\" content=\"T\u0259\u015fkilatlar\u0131n yayd\u0131\u011f\u0131 birg\u0259 b\u0259yanatda qeyd olunur ki, Avropa \u0130ttifaq\u0131 liderl\u0259ri siyasi motivl\u0259rl\u0259 h\u0259bs edil\u0259nl\u0259rin n\u0259s\u0259l\u0259sini birba\u015fa Az\u0259rbaycan hakimiyy\u0259ti il\u0259 m\u00fczakir\u0259y\u0259 \u00e7\u0131xarmal\u0131 v\u0259 onlar\u0131n azadl\u0131\u011fa burax\u0131lmas\u0131n\u0131 t\u0259min etm\u0259lidir\" \/>\n<meta property=\"og:url\" content=\"https:\/\/www.meydan.tv\/az\/article\/17-beynelxalq-teskilat-ai-liderlerine-azerbaycanla-bagli-cagiris-edib\/\" \/>\n<meta property=\"og:site_name\" content=\"MEYDAN.TV\" \/>\n<meta property=\"article:published_time\" content=\"2024-11-06T09:16:08+00:00\" \/>\n<meta property=\"article:modified_time\" content=\"2024-11-06T09:16:11+00:00\" \/>\n<meta property=\"og:image\" content=\"https:\/\/www.meydan.tv\/wp-content\/uploads\/2024-10-18t124636z_1832680320_rc2wmaahvywr_rtrmadp_3_climate-cop29-venue_720.jpg\" \/>\n\t<meta property=\"og:image:width\" content=\"1200\" \/>\n\t<meta property=\"og:image:height\" content=\"830\" \/>\n\t<meta property=\"og:image:type\" content=\"image\/jpeg\" \/>\n<meta name=\"author\" content=\"elli\" \/>\n<meta name=\"twitter:card\" content=\"summary_large_image\" \/>\n<meta name=\"twitter:creator\" content=\"@elli\" \/>\n<script type=\"application\/ld+json\" class=\"yoast-schema-graph\">{\"@context\":\"https:\\\/\\\/schema.org\",\"@graph\":[{\"@type\":\"Article\",\"@id\":\"https:\\\/\\\/www.meydan.tv\\\/az\\\/article\\\/17-beynelxalq-teskilat-ai-liderlerine-azerbaycanla-bagli-cagiris-edib\\\/#article\",\"isPartOf\":{\"@id\":\"https:\\\/\\\/www.meydan.tv\\\/az\\\/article\\\/17-beynelxalq-teskilat-ai-liderlerine-azerbaycanla-bagli-cagiris-edib\\\/\"},\"author\":{\"name\":\"elli\",\"@id\":\"https:\\\/\\\/www.meydan.tv\\\/az\\\/#\\\/schema\\\/person\\\/9cdbecf90d17180ce1dfbd95b08dcf47\"},\"headline\":\"17 beyn\u0259lxalq t\u0259\u015fkilat A\u0130 liderl\u0259rin\u0259 Az\u0259rbaycanla ba\u011fl\u0131 \u00e7a\u011f\u0131r\u0131\u015f edib\",\"datePublished\":\"2024-11-06T09:16:08+00:00\",\"dateModified\":\"2024-11-06T09:16:11+00:00\",\"mainEntityOfPage\":{\"@id\":\"https:\\\/\\\/www.meydan.tv\\\/az\\\/article\\\/17-beynelxalq-teskilat-ai-liderlerine-azerbaycanla-bagli-cagiris-edib\\\/\"},\"wordCount\":1275,\"publisher\":{\"@id\":\"https:\\\/\\\/www.meydan.tv\\\/az\\\/#organization\"},\"image\":{\"@id\":\"https:\\\/\\\/www.meydan.tv\\\/az\\\/article\\\/17-beynelxalq-teskilat-ai-liderlerine-azerbaycanla-bagli-cagiris-edib\\\/#primaryimage\"},\"thumbnailUrl\":\"https:\\\/\\\/www.meydan.tv\\\/wp-content\\\/uploads\\\/2024-10-18t124636z_1832680320_rc2wmaahvywr_rtrmadp_3_climate-cop29-venue_720.jpg\",\"articleSection\":[\"COP29\",\"Siyas\u0259t\",\"T\u00f6vsiy\u0259\",\"X\u0259b\u0259rl\u0259r\"],\"inLanguage\":\"az\"},{\"@type\":\"WebPage\",\"@id\":\"https:\\\/\\\/www.meydan.tv\\\/az\\\/article\\\/17-beynelxalq-teskilat-ai-liderlerine-azerbaycanla-bagli-cagiris-edib\\\/\",\"url\":\"https:\\\/\\\/www.meydan.tv\\\/az\\\/article\\\/17-beynelxalq-teskilat-ai-liderlerine-azerbaycanla-bagli-cagiris-edib\\\/\",\"name\":\"17 beyn\u0259lxalq t\u0259\u015fkilat A\u0130 liderl\u0259rin\u0259 Az\u0259rbaycanla ba\u011fl\u0131 \u00e7a\u011f\u0131r\u0131\u015f edib - MEYDAN.TV\",\"isPartOf\":{\"@id\":\"https:\\\/\\\/www.meydan.tv\\\/az\\\/#website\"},\"primaryImageOfPage\":{\"@id\":\"https:\\\/\\\/www.meydan.tv\\\/az\\\/article\\\/17-beynelxalq-teskilat-ai-liderlerine-azerbaycanla-bagli-cagiris-edib\\\/#primaryimage\"},\"image\":{\"@id\":\"https:\\\/\\\/www.meydan.tv\\\/az\\\/article\\\/17-beynelxalq-teskilat-ai-liderlerine-azerbaycanla-bagli-cagiris-edib\\\/#primaryimage\"},\"thumbnailUrl\":\"https:\\\/\\\/www.meydan.tv\\\/wp-content\\\/uploads\\\/2024-10-18t124636z_1832680320_rc2wmaahvywr_rtrmadp_3_climate-cop29-venue_720.jpg\",\"datePublished\":\"2024-11-06T09:16:08+00:00\",\"dateModified\":\"2024-11-06T09:16:11+00:00\",\"description\":\"T\u0259\u015fkilatlar\u0131n yayd\u0131\u011f\u0131 birg\u0259 b\u0259yanatda qeyd olunur ki, Avropa \u0130ttifaq\u0131 liderl\u0259ri siyasi motivl\u0259rl\u0259 h\u0259bs edil\u0259nl\u0259rin n\u0259s\u0259l\u0259sini birba\u015fa Az\u0259rbaycan hakimiyy\u0259ti il\u0259 m\u00fczakir\u0259y\u0259 \u00e7\u0131xarmal\u0131 v\u0259 onlar\u0131n azadl\u0131\u011fa burax\u0131lmas\u0131n\u0131 t\u0259min etm\u0259lidir\",\"breadcrumb\":{\"@id\":\"https:\\\/\\\/www.meydan.tv\\\/az\\\/article\\\/17-beynelxalq-teskilat-ai-liderlerine-azerbaycanla-bagli-cagiris-edib\\\/#breadcrumb\"},\"inLanguage\":\"az\",\"potentialAction\":[{\"@type\":\"ReadAction\",\"target\":[\"https:\\\/\\\/www.meydan.tv\\\/az\\\/article\\\/17-beynelxalq-teskilat-ai-liderlerine-azerbaycanla-bagli-cagiris-edib\\\/\"]}]},{\"@type\":\"ImageObject\",\"inLanguage\":\"az\",\"@id\":\"https:\\\/\\\/www.meydan.tv\\\/az\\\/article\\\/17-beynelxalq-teskilat-ai-liderlerine-azerbaycanla-bagli-cagiris-edib\\\/#primaryimage\",\"url\":\"https:\\\/\\\/www.meydan.tv\\\/wp-content\\\/uploads\\\/2024-10-18t124636z_1832680320_rc2wmaahvywr_rtrmadp_3_climate-cop29-venue_720.jpg\",\"contentUrl\":\"https:\\\/\\\/www.meydan.tv\\\/wp-content\\\/uploads\\\/2024-10-18t124636z_1832680320_rc2wmaahvywr_rtrmadp_3_climate-cop29-venue_720.jpg\",\"width\":1200,\"height\":830,\"caption\":\"COP29. Foto: Reuters\"},{\"@type\":\"BreadcrumbList\",\"@id\":\"https:\\\/\\\/www.meydan.tv\\\/az\\\/article\\\/17-beynelxalq-teskilat-ai-liderlerine-azerbaycanla-bagli-cagiris-edib\\\/#breadcrumb\",\"itemListElement\":[{\"@type\":\"ListItem\",\"position\":1,\"name\":\"Ana s\u0259hif\u0259\",\"item\":\"https:\\\/\\\/www.meydan.tv\\\/az\\\/\"},{\"@type\":\"ListItem\",\"position\":2,\"name\":\"COP29\",\"item\":\"https:\\\/\\\/www.meydan.tv\\\/az\\\/section\\\/cop-29\\\/\"},{\"@type\":\"ListItem\",\"position\":3,\"name\":\"17 beyn\u0259lxalq t\u0259\u015fkilat A\u0130 liderl\u0259rin\u0259 Az\u0259rbaycanla ba\u011fl\u0131 \u00e7a\u011f\u0131r\u0131\u015f edib\"}]},{\"@type\":\"WebSite\",\"@id\":\"https:\\\/\\\/www.meydan.tv\\\/az\\\/#website\",\"url\":\"https:\\\/\\\/www.meydan.tv\\\/az\\\/\",\"name\":\"MEYDAN.TV\",\"description\":\"Meydan TV Az\u0259rbaycan\u0131n media m\u0259kan\u0131ndak\u0131 alternativ s\u0259sidir\",\"publisher\":{\"@id\":\"https:\\\/\\\/www.meydan.tv\\\/az\\\/#organization\"},\"potentialAction\":[{\"@type\":\"SearchAction\",\"target\":{\"@type\":\"EntryPoint\",\"urlTemplate\":\"https:\\\/\\\/www.meydan.tv\\\/az\\\/?s={search_term_string}\"},\"query-input\":{\"@type\":\"PropertyValueSpecification\",\"valueRequired\":true,\"valueName\":\"search_term_string\"}}],\"inLanguage\":\"az\"},{\"@type\":\"Organization\",\"@id\":\"https:\\\/\\\/www.meydan.tv\\\/az\\\/#organization\",\"name\":\"Meydan TV\",\"url\":\"https:\\\/\\\/www.meydan.tv\\\/az\\\/\",\"logo\":{\"@type\":\"ImageObject\",\"inLanguage\":\"az\",\"@id\":\"https:\\\/\\\/www.meydan.tv\\\/az\\\/#\\\/schema\\\/logo\\\/image\\\/\",\"url\":\"https:\\\/\\\/www.meydan.tv\\\/wp-content\\\/uploads\\\/2021\\\/07\\\/meydan-logo.svg\",\"contentUrl\":\"https:\\\/\\\/www.meydan.tv\\\/wp-content\\\/uploads\\\/2021\\\/07\\\/meydan-logo.svg\",\"width\":195,\"height\":46,\"caption\":\"Meydan TV\"},\"image\":{\"@id\":\"https:\\\/\\\/www.meydan.tv\\\/az\\\/#\\\/schema\\\/logo\\\/image\\\/\"}},{\"@type\":\"Person\",\"@id\":\"https:\\\/\\\/www.meydan.tv\\\/az\\\/#\\\/schema\\\/person\\\/9cdbecf90d17180ce1dfbd95b08dcf47\",\"name\":\"elli\",\"sameAs\":[\"https:\\\/\\\/x.com\\\/elli\"]}]}<\/script>\n<!-- \/ Yoast SEO plugin. -->","yoast_head_json":{"title":"17 beyn\u0259lxalq t\u0259\u015fkilat A\u0130 liderl\u0259rin\u0259 Az\u0259rbaycanla ba\u011fl\u0131 \u00e7a\u011f\u0131r\u0131\u015f edib - MEYDAN.TV","description":"T\u0259\u015fkilatlar\u0131n yayd\u0131\u011f\u0131 birg\u0259 b\u0259yanatda qeyd olunur ki, Avropa \u0130ttifaq\u0131 liderl\u0259ri siyasi motivl\u0259rl\u0259 h\u0259bs edil\u0259nl\u0259rin n\u0259s\u0259l\u0259sini birba\u015fa Az\u0259rbaycan hakimiyy\u0259ti il\u0259 m\u00fczakir\u0259y\u0259 \u00e7\u0131xarmal\u0131 v\u0259 onlar\u0131n azadl\u0131\u011fa burax\u0131lmas\u0131n\u0131 t\u0259min etm\u0259lidir","robots":{"index":"index","follow":"follow","max-snippet":"max-snippet:-1","max-image-preview":"max-image-preview:large","max-video-preview":"max-video-preview:-1"},"canonical":"https:\/\/www.meydan.tv\/az\/article\/17-beynelxalq-teskilat-ai-liderlerine-azerbaycanla-bagli-cagiris-edib\/","og_locale":"az_AZ","og_type":"article","og_title":"17 beyn\u0259lxalq t\u0259\u015fkilat A\u0130 liderl\u0259rin\u0259 Az\u0259rbaycanla ba\u011fl\u0131 \u00e7a\u011f\u0131r\u0131\u015f edib - MEYDAN.TV","og_description":"T\u0259\u015fkilatlar\u0131n yayd\u0131\u011f\u0131 birg\u0259 b\u0259yanatda qeyd olunur ki, Avropa \u0130ttifaq\u0131 liderl\u0259ri siyasi motivl\u0259rl\u0259 h\u0259bs edil\u0259nl\u0259rin n\u0259s\u0259l\u0259sini birba\u015fa Az\u0259rbaycan hakimiyy\u0259ti il\u0259 m\u00fczakir\u0259y\u0259 \u00e7\u0131xarmal\u0131 v\u0259 onlar\u0131n azadl\u0131\u011fa burax\u0131lmas\u0131n\u0131 t\u0259min etm\u0259lidir","og_url":"https:\/\/www.meydan.tv\/az\/article\/17-beynelxalq-teskilat-ai-liderlerine-azerbaycanla-bagli-cagiris-edib\/","og_site_name":"MEYDAN.TV","article_published_time":"2024-11-06T09:16:08+00:00","article_modified_time":"2024-11-06T09:16:11+00:00","og_image":[{"width":1200,"height":830,"url":"https:\/\/www.meydan.tv\/wp-content\/uploads\/2024-10-18t124636z_1832680320_rc2wmaahvywr_rtrmadp_3_climate-cop29-venue_720.jpg","type":"image\/jpeg"}],"author":"elli","twitter_card":"summary_large_image","twitter_creator":"@elli","schema":{"@context":"https:\/\/schema.org","@graph":[{"@type":"Article","@id":"https:\/\/www.meydan.tv\/az\/article\/17-beynelxalq-teskilat-ai-liderlerine-azerbaycanla-bagli-cagiris-edib\/#article","isPartOf":{"@id":"https:\/\/www.meydan.tv\/az\/article\/17-beynelxalq-teskilat-ai-liderlerine-azerbaycanla-bagli-cagiris-edib\/"},"author":{"name":"elli","@id":"https:\/\/www.meydan.tv\/az\/#\/schema\/person\/9cdbecf90d17180ce1dfbd95b08dcf47"},"headline":"17 beyn\u0259lxalq t\u0259\u015fkilat A\u0130 liderl\u0259rin\u0259 Az\u0259rbaycanla ba\u011fl\u0131 \u00e7a\u011f\u0131r\u0131\u015f edib","datePublished":"2024-11-06T09:16:08+00:00","dateModified":"2024-11-06T09:16:11+00:00","mainEntityOfPage":{"@id":"https:\/\/www.meydan.tv\/az\/article\/17-beynelxalq-teskilat-ai-liderlerine-azerbaycanla-bagli-cagiris-edib\/"},"wordCount":1275,"publisher":{"@id":"https:\/\/www.meydan.tv\/az\/#organization"},"image":{"@id":"https:\/\/www.meydan.tv\/az\/article\/17-beynelxalq-teskilat-ai-liderlerine-azerbaycanla-bagli-cagiris-edib\/#primaryimage"},"thumbnailUrl":"https:\/\/www.meydan.tv\/wp-content\/uploads\/2024-10-18t124636z_1832680320_rc2wmaahvywr_rtrmadp_3_climate-cop29-venue_720.jpg","articleSection":["COP29","Siyas\u0259t","T\u00f6vsiy\u0259","X\u0259b\u0259rl\u0259r"],"inLanguage":"az"},{"@type":"WebPage","@id":"https:\/\/www.meydan.tv\/az\/article\/17-beynelxalq-teskilat-ai-liderlerine-azerbaycanla-bagli-cagiris-edib\/","url":"https:\/\/www.meydan.tv\/az\/article\/17-beynelxalq-teskilat-ai-liderlerine-azerbaycanla-bagli-cagiris-edib\/","name":"17 beyn\u0259lxalq t\u0259\u015fkilat A\u0130 liderl\u0259rin\u0259 Az\u0259rbaycanla ba\u011fl\u0131 \u00e7a\u011f\u0131r\u0131\u015f edib - MEYDAN.TV","isPartOf":{"@id":"https:\/\/www.meydan.tv\/az\/#website"},"primaryImageOfPage":{"@id":"https:\/\/www.meydan.tv\/az\/article\/17-beynelxalq-teskilat-ai-liderlerine-azerbaycanla-bagli-cagiris-edib\/#primaryimage"},"image":{"@id":"https:\/\/www.meydan.tv\/az\/article\/17-beynelxalq-teskilat-ai-liderlerine-azerbaycanla-bagli-cagiris-edib\/#primaryimage"},"thumbnailUrl":"https:\/\/www.meydan.tv\/wp-content\/uploads\/2024-10-18t124636z_1832680320_rc2wmaahvywr_rtrmadp_3_climate-cop29-venue_720.jpg","datePublished":"2024-11-06T09:16:08+00:00","dateModified":"2024-11-06T09:16:11+00:00","description":"T\u0259\u015fkilatlar\u0131n yayd\u0131\u011f\u0131 birg\u0259 b\u0259yanatda qeyd olunur ki, Avropa \u0130ttifaq\u0131 liderl\u0259ri siyasi motivl\u0259rl\u0259 h\u0259bs edil\u0259nl\u0259rin n\u0259s\u0259l\u0259sini birba\u015fa Az\u0259rbaycan hakimiyy\u0259ti il\u0259 m\u00fczakir\u0259y\u0259 \u00e7\u0131xarmal\u0131 v\u0259 onlar\u0131n azadl\u0131\u011fa burax\u0131lmas\u0131n\u0131 t\u0259min etm\u0259lidir","breadcrumb":{"@id":"https:\/\/www.meydan.tv\/az\/article\/17-beynelxalq-teskilat-ai-liderlerine-azerbaycanla-bagli-cagiris-edib\/#breadcrumb"},"inLanguage":"az","potentialAction":[{"@type":"ReadAction","target":["https:\/\/www.meydan.tv\/az\/article\/17-beynelxalq-teskilat-ai-liderlerine-azerbaycanla-bagli-cagiris-edib\/"]}]},{"@type":"ImageObject","inLanguage":"az","@id":"https:\/\/www.meydan.tv\/az\/article\/17-beynelxalq-teskilat-ai-liderlerine-azerbaycanla-bagli-cagiris-edib\/#primaryimage","url":"https:\/\/www.meydan.tv\/wp-content\/uploads\/2024-10-18t124636z_1832680320_rc2wmaahvywr_rtrmadp_3_climate-cop29-venue_720.jpg","contentUrl":"https:\/\/www.meydan.tv\/wp-content\/uploads\/2024-10-18t124636z_1832680320_rc2wmaahvywr_rtrmadp_3_climate-cop29-venue_720.jpg","width":1200,"height":830,"caption":"COP29. Foto: Reuters"},{"@type":"BreadcrumbList","@id":"https:\/\/www.meydan.tv\/az\/article\/17-beynelxalq-teskilat-ai-liderlerine-azerbaycanla-bagli-cagiris-edib\/#breadcrumb","itemListElement":[{"@type":"ListItem","position":1,"name":"Ana s\u0259hif\u0259","item":"https:\/\/www.meydan.tv\/az\/"},{"@type":"ListItem","position":2,"name":"COP29","item":"https:\/\/www.meydan.tv\/az\/section\/cop-29\/"},{"@type":"ListItem","position":3,"name":"17 beyn\u0259lxalq t\u0259\u015fkilat A\u0130 liderl\u0259rin\u0259 Az\u0259rbaycanla ba\u011fl\u0131 \u00e7a\u011f\u0131r\u0131\u015f edib"}]},{"@type":"WebSite","@id":"https:\/\/www.meydan.tv\/az\/#website","url":"https:\/\/www.meydan.tv\/az\/","name":"MEYDAN.TV","description":"Meydan TV Az\u0259rbaycan\u0131n media m\u0259kan\u0131ndak\u0131 alternativ s\u0259sidir","publisher":{"@id":"https:\/\/www.meydan.tv\/az\/#organization"},"potentialAction":[{"@type":"SearchAction","target":{"@type":"EntryPoint","urlTemplate":"https:\/\/www.meydan.tv\/az\/?s={search_term_string}"},"query-input":{"@type":"PropertyValueSpecification","valueRequired":true,"valueName":"search_term_string"}}],"inLanguage":"az"},{"@type":"Organization","@id":"https:\/\/www.meydan.tv\/az\/#organization","name":"Meydan TV","url":"https:\/\/www.meydan.tv\/az\/","logo":{"@type":"ImageObject","inLanguage":"az","@id":"https:\/\/www.meydan.tv\/az\/#\/schema\/logo\/image\/","url":"https:\/\/www.meydan.tv\/wp-content\/uploads\/2021\/07\/meydan-logo.svg","contentUrl":"https:\/\/www.meydan.tv\/wp-content\/uploads\/2021\/07\/meydan-logo.svg","width":195,"height":46,"caption":"Meydan TV"},"image":{"@id":"https:\/\/www.meydan.tv\/az\/#\/schema\/logo\/image\/"}},{"@type":"Person","@id":"https:\/\/www.meydan.tv\/az\/#\/schema\/person\/9cdbecf90d17180ce1dfbd95b08dcf47","name":"elli","sameAs":["https:\/\/x.com\/elli"]}]}},"_links":{"self":[{"href":"https:\/\/www.meydan.tv\/az\/wp-json\/wp\/v2\/posts\/319813","targetHints":{"allow":["GET"]}}],"collection":[{"href":"https:\/\/www.meydan.tv\/az\/wp-json\/wp\/v2\/posts"}],"about":[{"href":"https:\/\/www.meydan.tv\/az\/wp-json\/wp\/v2\/types\/post"}],"author":[{"embeddable":true,"href":"https:\/\/www.meydan.tv\/az\/wp-json\/wp\/v2\/users\/8"}],"replies":[{"embeddable":true,"href":"https:\/\/www.meydan.tv\/az\/wp-json\/wp\/v2\/comments?post=319813"}],"version-history":[{"count":4,"href":"https:\/\/www.meydan.tv\/az\/wp-json\/wp\/v2\/posts\/319813\/revisions"}],"predecessor-version":[{"id":319815,"href":"https:\/\/www.meydan.tv\/az\/wp-json\/wp\/v2\/posts\/319813\/revisions\/319815"}],"wp:featuredmedia":[{"embeddable":true,"href":"https:\/\/www.meydan.tv\/az\/wp-json\/wp\/v2\/media\/318475"}],"wp:attachment":[{"href":"https:\/\/www.meydan.tv\/az\/wp-json\/wp\/v2\/media?parent=319813"}],"wp:term":[{"taxonomy":"category","embeddable":true,"href":"https:\/\/www.meydan.tv\/az\/wp-json\/wp\/v2\/categories?post=319813"},{"taxonomy":"post_tag","embeddable":true,"href":"https:\/\/www.meydan.tv\/az\/wp-json\/wp\/v2\/tags?post=319813"}],"curies":[{"name":"wp","href":"https:\/\/api.w.org\/{rel}","templated":true}]}}