{"id":319728,"date":"2024-11-05T15:37:13","date_gmt":"2024-11-05T11:37:13","guid":{"rendered":"https:\/\/www.meydan.tv\/?p=319728"},"modified":"2024-11-06T12:15:37","modified_gmt":"2024-11-06T08:15:37","slug":"liseyde-sagirdlere-ders-zamani-ayaqyoluna-getmek-qadagasinin-qoyuldugu-deyilir","status":"publish","type":"post","link":"https:\/\/www.meydan.tv\/az\/article\/liseyde-sagirdlere-ders-zamani-ayaqyoluna-getmek-qadagasinin-qoyuldugu-deyilir\/","title":{"rendered":"Liseyd\u0259 \u015fagirdl\u0259r\u0259 d\u0259rs zaman\u0131 ayaqyoluna getm\u0259k qada\u011fas\u0131n\u0131n qoyuldu\u011fu deyilir"},"content":{"rendered":"\n<p><\/p>\n\n\n\n<p><strong><em>T\u0259hsil idar\u0259si anonim \u015fikay\u0259tl\u0259rin ara\u015fd\u0131r\u0131lmad\u0131\u011f\u0131n\u0131 bildirib, ekspert nazirliy\u0259 m\u00fcraci\u0259t etm\u0259yi t\u00f6vsiy\u0259 edir<\/em><\/strong><\/p>\n\n\n\n<p><em>\u201cBak\u0131n\u0131n N\u0259rimanov rayonundak\u0131 200 n\u00f6mr\u0259li M\u0259kt\u0259b-Lisey Kompleksinin r\u0259hb\u0259rliyi d\u0259rs zaman\u0131 \u015fagirdl\u0259rin tualet\u0259 getm\u0259sin\u0259 qada\u011fa qoyub\u201d.<\/em><\/p>\n\n\n\n<p>Bunu Meydan TV-y\u0259 ad\u0131n\u0131n anonim qalmas\u0131n\u0131 ist\u0259y\u0259n \u015fagirdl\u0259rd\u0259n biri deyib.<\/p>\n\n\n\n<p>Onun s\u00f6zl\u0259rin\u0259 g\u00f6r\u0259, m\u0259kt\u0259b r\u0259hb\u0259rliyi \u015fagirdl\u0259r\u0259 d\u0259rs zaman\u0131 t\u0259bii ehtiyaclar\u0131n\u0131 \u00f6d\u0259m\u0259y\u0259 icaz\u0259 vermir.<\/p>\n\n\n\n<p><em>\u201cBu q\u0259rar\u0131n \u015fagirdl\u0259rin sa\u011flaml\u0131\u011f\u0131na v\u0259 rahatl\u0131\u011f\u0131na ciddi \u015f\u0259kild\u0259 m\u0259nfi t\u0259sir etdiyini d\u00fc\u015f\u00fcn\u00fcr\u0259m. \u0130ctimaiyy\u0259tin bu m\u0259s\u0259l\u0259y\u0259 diqq\u0259tini c\u0259lb etm\u0259k v\u0259 problemin h\u0259llin\u0259 d\u0259st\u0259k g\u00f6st\u0259rm\u0259yiniz\u0259 \u00fcmid edir\u0259m\u201d, &#8211;<\/em> \u015fagird deyib.<\/p>\n\n\n\n<p>200 n\u00f6mr\u0259li M\u0259kt\u0259b-Lisey Kompleksind\u0259n Meydan TV-nin z\u0259ngl\u0259ri cavabland\u0131r\u0131lmay\u0131b.<\/p>\n\n\n<div class=\"wp-block-image\">\n<figure class=\"alignleft size-full is-resized\"><img decoding=\"async\" width=\"1200\" height=\"801\" data-src=\"https:\/\/www.meydan.tv\/wp-content\/uploads\/14265692325507b810aefbb6.38630287.jpg\" alt=\"\" class=\"wp-image-319729 lazyload\" style=\"--smush-placeholder-width: 1200px; --smush-placeholder-aspect-ratio: 1200\/801;width:413px;height:auto\" src=\"data:image\/svg+xml;base64,PHN2ZyB3aWR0aD0iMSIgaGVpZ2h0PSIxIiB4bWxucz0iaHR0cDovL3d3dy53My5vcmcvMjAwMC9zdmciPjwvc3ZnPg==\" \/><figcaption class=\"wp-element-caption\">Foto: 200 n\u00f6mr\u0259li M\u0259kt\u0259b-Lisey Kompleksin s\u0259hif\u0259sind\u0259n<\/figcaption><\/figure>\n<\/div>\n\n\n<p>Bak\u0131 \u015e\u0259h\u0259ri \u00fczr\u0259 T\u0259hsil \u0130dar\u0259sinin (B\u015eT\u0130) Media v\u0259 ictimaiyy\u0259tl\u0259 \u0259laq\u0259l\u0259r sektorundan Meydan TV-y\u0259 bildirib ki, absurd iddiad\u0131r, bel\u0259\u00a0 qada\u011fa ola bilm\u0259z. M\u0259s\u0259l\u0259 anonim olmadan ara\u015fd\u0131r\u0131la bil\u0259r.<\/p>\n\n\n\n<p>T\u0259hsil eksperti El\u00e7in \u018ff\u0259ndi Meydan TV-y\u0259 bildirib ki, \u201cT\u0259hsil haqq\u0131nda\u201d Qanunda bel\u0259 bir m\u0259hdudiyy\u0259t yoxdur:<\/p>\n\n\n\n<p><em>\u201cT\u0259bii ehtiyaclar\u0131n\u0131 \u00f6d\u0259m\u0259k ist\u0259y\u0259n \u015fagirdl\u0259r\u0259 qada\u011fa qoyula bilm\u0259z. Bel\u0259 bir qada\u011fa qanunvericilikd\u0259 \u0259ksini tapmay\u0131b. H\u0259r hans\u0131sa bir \u015fagird t\u0259bii ehtiyac\u0131n\u0131 \u00f6d\u0259m\u0259k b\u0259han\u0259sil\u0259 h\u0259r d\u0259f\u0259 d\u0259rsi pozursa, m\u0259hz h\u0259min \u015fagird\u0259 t\u0259tbiq oluna bil\u0259r. O da sinif v\u0259 ya m\u00fc\u0259ssis\u0259 r\u0259hb\u0259rliyinin q\u0259rar\u0131 \u0259sas\u0131nda edil\u0259 bil\u0259r. B\u00fct\u00fcn m\u0259kt\u0259b\u0259 bel\u0259 bir qada\u011fa t\u0259tbiq etm\u0259k olmaz&#8221;.<\/em><\/p>\n\n\n\n<p><em>&#8220;M\u0259kt\u0259b r\u0259hb\u0259rliyi t\u0259r\u0259find\u0259n bel\u0259 q\u0259rar verilibs\u0259, valideynl\u0259r M\u0259kt\u0259b\u0259q\u0259d\u0259r v\u0259 \u00dcmumi T\u0259hsil \u00fczr\u0259 D\u00f6vl\u0259t Agentliyin\u0259 v\u0259 yaxud da Elm v\u0259 T\u0259hsil Nazirliyin\u0259 m\u00fcraci\u0259t etm\u0259lidirl\u0259r\u201d, <\/em>&#8211; ekspert deyib.<\/p>\n\n\n\n<p><\/p>\n","protected":false},"excerpt":{"rendered":"<p>T\u0259hsil idar\u0259si anonim \u015fikay\u0259tl\u0259rin ara\u015fd\u0131r\u0131lmad\u0131\u011f\u0131n\u0131 bildirib, ekspert nazirliy\u0259 m\u00fcraci\u0259t etm\u0259yi &#8230; <\/p>\n<p class=\"read-more-container\"><a title=\"Liseyd\u0259 \u015fagirdl\u0259r\u0259 d\u0259rs zaman\u0131 ayaqyoluna getm\u0259k qada\u011fas\u0131n\u0131n qoyuldu\u011fu deyilir\" class=\"read-more button\" href=\"https:\/\/www.meydan.tv\/az\/article\/liseyde-sagirdlere-ders-zamani-ayaqyoluna-getmek-qadagasinin-qoyuldugu-deyilir\/#more-319728\" aria-label=\"Read more about Liseyd\u0259 \u015fagirdl\u0259r\u0259 d\u0259rs zaman\u0131 ayaqyoluna getm\u0259k qada\u011fas\u0131n\u0131n qoyuldu\u011fu deyilir\">Davam\u0131<\/a><\/p>\n","protected":false},"author":8,"featured_media":319732,"comment_status":"closed","ping_status":"closed","sticky":false,"template":"","format":"standard","meta":{"_acf_changed":false,"_sitemap_exclude":false,"_sitemap_priority":"","_sitemap_frequency":"","footnotes":""},"categories":[62,56],"tags":[],"class_list":["post-319728","post","type-post","status-publish","format-standard","has-post-thumbnail","hentry","category-sosial","category-xeberler","infinite-scroll-item","generate-columns","tablet-grid-50","mobile-grid-100","grid-parent","grid-33","no-featured-image-padding"],"acf":[],"yoast_head":"<!-- This site is optimized with the Yoast SEO plugin v27.4 - https:\/\/yoast.com\/product\/yoast-seo-wordpress\/ -->\n<title>Liseyd\u0259 \u015fagirdl\u0259r\u0259 d\u0259rs zaman\u0131 ayaqyoluna getm\u0259k qada\u011fas\u0131n\u0131n qoyuldu\u011fu deyilir - MEYDAN.TV<\/title>\n<meta name=\"robots\" content=\"index, follow, max-snippet:-1, max-image-preview:large, max-video-preview:-1\" \/>\n<link rel=\"canonical\" href=\"https:\/\/www.meydan.tv\/az\/article\/liseyde-sagirdlere-ders-zamani-ayaqyoluna-getmek-qadagasinin-qoyuldugu-deyilir\/\" \/>\n<meta property=\"og:locale\" content=\"az_AZ\" \/>\n<meta property=\"og:type\" content=\"article\" \/>\n<meta property=\"og:title\" content=\"Liseyd\u0259 \u015fagirdl\u0259r\u0259 d\u0259rs zaman\u0131 ayaqyoluna getm\u0259k qada\u011fas\u0131n\u0131n qoyuldu\u011fu deyilir - MEYDAN.TV\" \/>\n<meta property=\"og:description\" content=\"T\u0259hsil idar\u0259si anonim \u015fikay\u0259tl\u0259rin ara\u015fd\u0131r\u0131lmad\u0131\u011f\u0131n\u0131 bildirib, ekspert nazirliy\u0259 m\u00fcraci\u0259t etm\u0259yi ... Davam\u0131\" \/>\n<meta property=\"og:url\" content=\"https:\/\/www.meydan.tv\/az\/article\/liseyde-sagirdlere-ders-zamani-ayaqyoluna-getmek-qadagasinin-qoyuldugu-deyilir\/\" \/>\n<meta property=\"og:site_name\" content=\"MEYDAN.TV\" \/>\n<meta property=\"article:published_time\" content=\"2024-11-05T11:37:13+00:00\" \/>\n<meta property=\"article:modified_time\" content=\"2024-11-06T08:15:37+00:00\" \/>\n<meta property=\"og:image\" content=\"https:\/\/www.meydan.tv\/wp-content\/uploads\/14265692325507b810aefc74.95788794.jpg\" \/>\n\t<meta property=\"og:image:width\" content=\"1200\" \/>\n\t<meta property=\"og:image:height\" content=\"801\" \/>\n\t<meta property=\"og:image:type\" content=\"image\/jpeg\" \/>\n<meta name=\"author\" content=\"elli\" \/>\n<meta name=\"twitter:card\" content=\"summary_large_image\" \/>\n<meta name=\"twitter:creator\" content=\"@elli\" \/>\n<script type=\"application\/ld+json\" class=\"yoast-schema-graph\">{\"@context\":\"https:\\\/\\\/schema.org\",\"@graph\":[{\"@type\":\"Article\",\"@id\":\"https:\\\/\\\/www.meydan.tv\\\/az\\\/article\\\/liseyde-sagirdlere-ders-zamani-ayaqyoluna-getmek-qadagasinin-qoyuldugu-deyilir\\\/#article\",\"isPartOf\":{\"@id\":\"https:\\\/\\\/www.meydan.tv\\\/az\\\/article\\\/liseyde-sagirdlere-ders-zamani-ayaqyoluna-getmek-qadagasinin-qoyuldugu-deyilir\\\/\"},\"author\":{\"name\":\"elli\",\"@id\":\"https:\\\/\\\/www.meydan.tv\\\/az\\\/#\\\/schema\\\/person\\\/9cdbecf90d17180ce1dfbd95b08dcf47\"},\"headline\":\"Liseyd\u0259 \u015fagirdl\u0259r\u0259 d\u0259rs zaman\u0131 ayaqyoluna getm\u0259k qada\u011fas\u0131n\u0131n qoyuldu\u011fu deyilir\",\"datePublished\":\"2024-11-05T11:37:13+00:00\",\"dateModified\":\"2024-11-06T08:15:37+00:00\",\"mainEntityOfPage\":{\"@id\":\"https:\\\/\\\/www.meydan.tv\\\/az\\\/article\\\/liseyde-sagirdlere-ders-zamani-ayaqyoluna-getmek-qadagasinin-qoyuldugu-deyilir\\\/\"},\"wordCount\":394,\"publisher\":{\"@id\":\"https:\\\/\\\/www.meydan.tv\\\/az\\\/#organization\"},\"image\":{\"@id\":\"https:\\\/\\\/www.meydan.tv\\\/az\\\/article\\\/liseyde-sagirdlere-ders-zamani-ayaqyoluna-getmek-qadagasinin-qoyuldugu-deyilir\\\/#primaryimage\"},\"thumbnailUrl\":\"https:\\\/\\\/www.meydan.tv\\\/wp-content\\\/uploads\\\/14265692325507b810aefc74.95788794.jpg\",\"articleSection\":[\"Sosial\",\"X\u0259b\u0259rl\u0259r\"],\"inLanguage\":\"az\"},{\"@type\":\"WebPage\",\"@id\":\"https:\\\/\\\/www.meydan.tv\\\/az\\\/article\\\/liseyde-sagirdlere-ders-zamani-ayaqyoluna-getmek-qadagasinin-qoyuldugu-deyilir\\\/\",\"url\":\"https:\\\/\\\/www.meydan.tv\\\/az\\\/article\\\/liseyde-sagirdlere-ders-zamani-ayaqyoluna-getmek-qadagasinin-qoyuldugu-deyilir\\\/\",\"name\":\"Liseyd\u0259 \u015fagirdl\u0259r\u0259 d\u0259rs zaman\u0131 ayaqyoluna getm\u0259k qada\u011fas\u0131n\u0131n qoyuldu\u011fu deyilir - MEYDAN.TV\",\"isPartOf\":{\"@id\":\"https:\\\/\\\/www.meydan.tv\\\/az\\\/#website\"},\"primaryImageOfPage\":{\"@id\":\"https:\\\/\\\/www.meydan.tv\\\/az\\\/article\\\/liseyde-sagirdlere-ders-zamani-ayaqyoluna-getmek-qadagasinin-qoyuldugu-deyilir\\\/#primaryimage\"},\"image\":{\"@id\":\"https:\\\/\\\/www.meydan.tv\\\/az\\\/article\\\/liseyde-sagirdlere-ders-zamani-ayaqyoluna-getmek-qadagasinin-qoyuldugu-deyilir\\\/#primaryimage\"},\"thumbnailUrl\":\"https:\\\/\\\/www.meydan.tv\\\/wp-content\\\/uploads\\\/14265692325507b810aefc74.95788794.jpg\",\"datePublished\":\"2024-11-05T11:37:13+00:00\",\"dateModified\":\"2024-11-06T08:15:37+00:00\",\"breadcrumb\":{\"@id\":\"https:\\\/\\\/www.meydan.tv\\\/az\\\/article\\\/liseyde-sagirdlere-ders-zamani-ayaqyoluna-getmek-qadagasinin-qoyuldugu-deyilir\\\/#breadcrumb\"},\"inLanguage\":\"az\",\"potentialAction\":[{\"@type\":\"ReadAction\",\"target\":[\"https:\\\/\\\/www.meydan.tv\\\/az\\\/article\\\/liseyde-sagirdlere-ders-zamani-ayaqyoluna-getmek-qadagasinin-qoyuldugu-deyilir\\\/\"]}]},{\"@type\":\"ImageObject\",\"inLanguage\":\"az\",\"@id\":\"https:\\\/\\\/www.meydan.tv\\\/az\\\/article\\\/liseyde-sagirdlere-ders-zamani-ayaqyoluna-getmek-qadagasinin-qoyuldugu-deyilir\\\/#primaryimage\",\"url\":\"https:\\\/\\\/www.meydan.tv\\\/wp-content\\\/uploads\\\/14265692325507b810aefc74.95788794.jpg\",\"contentUrl\":\"https:\\\/\\\/www.meydan.tv\\\/wp-content\\\/uploads\\\/14265692325507b810aefc74.95788794.jpg\",\"width\":1200,\"height\":801,\"caption\":\"Foto: 200 n\u00f6mr\u0259li M\u0259kt\u0259b-Lisey Kompleksinin s\u0259hif\u0259sind\u0259n\"},{\"@type\":\"BreadcrumbList\",\"@id\":\"https:\\\/\\\/www.meydan.tv\\\/az\\\/article\\\/liseyde-sagirdlere-ders-zamani-ayaqyoluna-getmek-qadagasinin-qoyuldugu-deyilir\\\/#breadcrumb\",\"itemListElement\":[{\"@type\":\"ListItem\",\"position\":1,\"name\":\"Ana s\u0259hif\u0259\",\"item\":\"https:\\\/\\\/www.meydan.tv\\\/az\\\/\"},{\"@type\":\"ListItem\",\"position\":2,\"name\":\"Sosial\",\"item\":\"https:\\\/\\\/www.meydan.tv\\\/az\\\/section\\\/sosial\\\/\"},{\"@type\":\"ListItem\",\"position\":3,\"name\":\"Liseyd\u0259 \u015fagirdl\u0259r\u0259 d\u0259rs zaman\u0131 ayaqyoluna getm\u0259k qada\u011fas\u0131n\u0131n qoyuldu\u011fu deyilir\"}]},{\"@type\":\"WebSite\",\"@id\":\"https:\\\/\\\/www.meydan.tv\\\/az\\\/#website\",\"url\":\"https:\\\/\\\/www.meydan.tv\\\/az\\\/\",\"name\":\"MEYDAN.TV\",\"description\":\"Meydan TV Az\u0259rbaycan\u0131n media m\u0259kan\u0131ndak\u0131 alternativ s\u0259sidir\",\"publisher\":{\"@id\":\"https:\\\/\\\/www.meydan.tv\\\/az\\\/#organization\"},\"potentialAction\":[{\"@type\":\"SearchAction\",\"target\":{\"@type\":\"EntryPoint\",\"urlTemplate\":\"https:\\\/\\\/www.meydan.tv\\\/az\\\/?s={search_term_string}\"},\"query-input\":{\"@type\":\"PropertyValueSpecification\",\"valueRequired\":true,\"valueName\":\"search_term_string\"}}],\"inLanguage\":\"az\"},{\"@type\":\"Organization\",\"@id\":\"https:\\\/\\\/www.meydan.tv\\\/az\\\/#organization\",\"name\":\"Meydan TV\",\"url\":\"https:\\\/\\\/www.meydan.tv\\\/az\\\/\",\"logo\":{\"@type\":\"ImageObject\",\"inLanguage\":\"az\",\"@id\":\"https:\\\/\\\/www.meydan.tv\\\/az\\\/#\\\/schema\\\/logo\\\/image\\\/\",\"url\":\"https:\\\/\\\/www.meydan.tv\\\/wp-content\\\/uploads\\\/2021\\\/07\\\/meydan-logo.svg\",\"contentUrl\":\"https:\\\/\\\/www.meydan.tv\\\/wp-content\\\/uploads\\\/2021\\\/07\\\/meydan-logo.svg\",\"width\":195,\"height\":46,\"caption\":\"Meydan TV\"},\"image\":{\"@id\":\"https:\\\/\\\/www.meydan.tv\\\/az\\\/#\\\/schema\\\/logo\\\/image\\\/\"}},{\"@type\":\"Person\",\"@id\":\"https:\\\/\\\/www.meydan.tv\\\/az\\\/#\\\/schema\\\/person\\\/9cdbecf90d17180ce1dfbd95b08dcf47\",\"name\":\"elli\",\"sameAs\":[\"https:\\\/\\\/x.com\\\/elli\"]}]}<\/script>\n<!-- \/ Yoast SEO plugin. -->","yoast_head_json":{"title":"Liseyd\u0259 \u015fagirdl\u0259r\u0259 d\u0259rs zaman\u0131 ayaqyoluna getm\u0259k qada\u011fas\u0131n\u0131n qoyuldu\u011fu deyilir - MEYDAN.TV","robots":{"index":"index","follow":"follow","max-snippet":"max-snippet:-1","max-image-preview":"max-image-preview:large","max-video-preview":"max-video-preview:-1"},"canonical":"https:\/\/www.meydan.tv\/az\/article\/liseyde-sagirdlere-ders-zamani-ayaqyoluna-getmek-qadagasinin-qoyuldugu-deyilir\/","og_locale":"az_AZ","og_type":"article","og_title":"Liseyd\u0259 \u015fagirdl\u0259r\u0259 d\u0259rs zaman\u0131 ayaqyoluna getm\u0259k qada\u011fas\u0131n\u0131n qoyuldu\u011fu deyilir - MEYDAN.TV","og_description":"T\u0259hsil idar\u0259si anonim \u015fikay\u0259tl\u0259rin ara\u015fd\u0131r\u0131lmad\u0131\u011f\u0131n\u0131 bildirib, ekspert nazirliy\u0259 m\u00fcraci\u0259t etm\u0259yi ... Davam\u0131","og_url":"https:\/\/www.meydan.tv\/az\/article\/liseyde-sagirdlere-ders-zamani-ayaqyoluna-getmek-qadagasinin-qoyuldugu-deyilir\/","og_site_name":"MEYDAN.TV","article_published_time":"2024-11-05T11:37:13+00:00","article_modified_time":"2024-11-06T08:15:37+00:00","og_image":[{"width":1200,"height":801,"url":"https:\/\/www.meydan.tv\/wp-content\/uploads\/14265692325507b810aefc74.95788794.jpg","type":"image\/jpeg"}],"author":"elli","twitter_card":"summary_large_image","twitter_creator":"@elli","schema":{"@context":"https:\/\/schema.org","@graph":[{"@type":"Article","@id":"https:\/\/www.meydan.tv\/az\/article\/liseyde-sagirdlere-ders-zamani-ayaqyoluna-getmek-qadagasinin-qoyuldugu-deyilir\/#article","isPartOf":{"@id":"https:\/\/www.meydan.tv\/az\/article\/liseyde-sagirdlere-ders-zamani-ayaqyoluna-getmek-qadagasinin-qoyuldugu-deyilir\/"},"author":{"name":"elli","@id":"https:\/\/www.meydan.tv\/az\/#\/schema\/person\/9cdbecf90d17180ce1dfbd95b08dcf47"},"headline":"Liseyd\u0259 \u015fagirdl\u0259r\u0259 d\u0259rs zaman\u0131 ayaqyoluna getm\u0259k qada\u011fas\u0131n\u0131n qoyuldu\u011fu deyilir","datePublished":"2024-11-05T11:37:13+00:00","dateModified":"2024-11-06T08:15:37+00:00","mainEntityOfPage":{"@id":"https:\/\/www.meydan.tv\/az\/article\/liseyde-sagirdlere-ders-zamani-ayaqyoluna-getmek-qadagasinin-qoyuldugu-deyilir\/"},"wordCount":394,"publisher":{"@id":"https:\/\/www.meydan.tv\/az\/#organization"},"image":{"@id":"https:\/\/www.meydan.tv\/az\/article\/liseyde-sagirdlere-ders-zamani-ayaqyoluna-getmek-qadagasinin-qoyuldugu-deyilir\/#primaryimage"},"thumbnailUrl":"https:\/\/www.meydan.tv\/wp-content\/uploads\/14265692325507b810aefc74.95788794.jpg","articleSection":["Sosial","X\u0259b\u0259rl\u0259r"],"inLanguage":"az"},{"@type":"WebPage","@id":"https:\/\/www.meydan.tv\/az\/article\/liseyde-sagirdlere-ders-zamani-ayaqyoluna-getmek-qadagasinin-qoyuldugu-deyilir\/","url":"https:\/\/www.meydan.tv\/az\/article\/liseyde-sagirdlere-ders-zamani-ayaqyoluna-getmek-qadagasinin-qoyuldugu-deyilir\/","name":"Liseyd\u0259 \u015fagirdl\u0259r\u0259 d\u0259rs zaman\u0131 ayaqyoluna getm\u0259k qada\u011fas\u0131n\u0131n qoyuldu\u011fu deyilir - MEYDAN.TV","isPartOf":{"@id":"https:\/\/www.meydan.tv\/az\/#website"},"primaryImageOfPage":{"@id":"https:\/\/www.meydan.tv\/az\/article\/liseyde-sagirdlere-ders-zamani-ayaqyoluna-getmek-qadagasinin-qoyuldugu-deyilir\/#primaryimage"},"image":{"@id":"https:\/\/www.meydan.tv\/az\/article\/liseyde-sagirdlere-ders-zamani-ayaqyoluna-getmek-qadagasinin-qoyuldugu-deyilir\/#primaryimage"},"thumbnailUrl":"https:\/\/www.meydan.tv\/wp-content\/uploads\/14265692325507b810aefc74.95788794.jpg","datePublished":"2024-11-05T11:37:13+00:00","dateModified":"2024-11-06T08:15:37+00:00","breadcrumb":{"@id":"https:\/\/www.meydan.tv\/az\/article\/liseyde-sagirdlere-ders-zamani-ayaqyoluna-getmek-qadagasinin-qoyuldugu-deyilir\/#breadcrumb"},"inLanguage":"az","potentialAction":[{"@type":"ReadAction","target":["https:\/\/www.meydan.tv\/az\/article\/liseyde-sagirdlere-ders-zamani-ayaqyoluna-getmek-qadagasinin-qoyuldugu-deyilir\/"]}]},{"@type":"ImageObject","inLanguage":"az","@id":"https:\/\/www.meydan.tv\/az\/article\/liseyde-sagirdlere-ders-zamani-ayaqyoluna-getmek-qadagasinin-qoyuldugu-deyilir\/#primaryimage","url":"https:\/\/www.meydan.tv\/wp-content\/uploads\/14265692325507b810aefc74.95788794.jpg","contentUrl":"https:\/\/www.meydan.tv\/wp-content\/uploads\/14265692325507b810aefc74.95788794.jpg","width":1200,"height":801,"caption":"Foto: 200 n\u00f6mr\u0259li M\u0259kt\u0259b-Lisey Kompleksinin s\u0259hif\u0259sind\u0259n"},{"@type":"BreadcrumbList","@id":"https:\/\/www.meydan.tv\/az\/article\/liseyde-sagirdlere-ders-zamani-ayaqyoluna-getmek-qadagasinin-qoyuldugu-deyilir\/#breadcrumb","itemListElement":[{"@type":"ListItem","position":1,"name":"Ana s\u0259hif\u0259","item":"https:\/\/www.meydan.tv\/az\/"},{"@type":"ListItem","position":2,"name":"Sosial","item":"https:\/\/www.meydan.tv\/az\/section\/sosial\/"},{"@type":"ListItem","position":3,"name":"Liseyd\u0259 \u015fagirdl\u0259r\u0259 d\u0259rs zaman\u0131 ayaqyoluna getm\u0259k qada\u011fas\u0131n\u0131n qoyuldu\u011fu deyilir"}]},{"@type":"WebSite","@id":"https:\/\/www.meydan.tv\/az\/#website","url":"https:\/\/www.meydan.tv\/az\/","name":"MEYDAN.TV","description":"Meydan TV Az\u0259rbaycan\u0131n media m\u0259kan\u0131ndak\u0131 alternativ s\u0259sidir","publisher":{"@id":"https:\/\/www.meydan.tv\/az\/#organization"},"potentialAction":[{"@type":"SearchAction","target":{"@type":"EntryPoint","urlTemplate":"https:\/\/www.meydan.tv\/az\/?s={search_term_string}"},"query-input":{"@type":"PropertyValueSpecification","valueRequired":true,"valueName":"search_term_string"}}],"inLanguage":"az"},{"@type":"Organization","@id":"https:\/\/www.meydan.tv\/az\/#organization","name":"Meydan TV","url":"https:\/\/www.meydan.tv\/az\/","logo":{"@type":"ImageObject","inLanguage":"az","@id":"https:\/\/www.meydan.tv\/az\/#\/schema\/logo\/image\/","url":"https:\/\/www.meydan.tv\/wp-content\/uploads\/2021\/07\/meydan-logo.svg","contentUrl":"https:\/\/www.meydan.tv\/wp-content\/uploads\/2021\/07\/meydan-logo.svg","width":195,"height":46,"caption":"Meydan TV"},"image":{"@id":"https:\/\/www.meydan.tv\/az\/#\/schema\/logo\/image\/"}},{"@type":"Person","@id":"https:\/\/www.meydan.tv\/az\/#\/schema\/person\/9cdbecf90d17180ce1dfbd95b08dcf47","name":"elli","sameAs":["https:\/\/x.com\/elli"]}]}},"_links":{"self":[{"href":"https:\/\/www.meydan.tv\/az\/wp-json\/wp\/v2\/posts\/319728","targetHints":{"allow":["GET"]}}],"collection":[{"href":"https:\/\/www.meydan.tv\/az\/wp-json\/wp\/v2\/posts"}],"about":[{"href":"https:\/\/www.meydan.tv\/az\/wp-json\/wp\/v2\/types\/post"}],"author":[{"embeddable":true,"href":"https:\/\/www.meydan.tv\/az\/wp-json\/wp\/v2\/users\/8"}],"replies":[{"embeddable":true,"href":"https:\/\/www.meydan.tv\/az\/wp-json\/wp\/v2\/comments?post=319728"}],"version-history":[{"count":2,"href":"https:\/\/www.meydan.tv\/az\/wp-json\/wp\/v2\/posts\/319728\/revisions"}],"predecessor-version":[{"id":319810,"href":"https:\/\/www.meydan.tv\/az\/wp-json\/wp\/v2\/posts\/319728\/revisions\/319810"}],"wp:featuredmedia":[{"embeddable":true,"href":"https:\/\/www.meydan.tv\/az\/wp-json\/wp\/v2\/media\/319732"}],"wp:attachment":[{"href":"https:\/\/www.meydan.tv\/az\/wp-json\/wp\/v2\/media?parent=319728"}],"wp:term":[{"taxonomy":"category","embeddable":true,"href":"https:\/\/www.meydan.tv\/az\/wp-json\/wp\/v2\/categories?post=319728"},{"taxonomy":"post_tag","embeddable":true,"href":"https:\/\/www.meydan.tv\/az\/wp-json\/wp\/v2\/tags?post=319728"}],"curies":[{"name":"wp","href":"https:\/\/api.w.org\/{rel}","templated":true}]}}