{"id":319691,"date":"2024-11-05T14:16:48","date_gmt":"2024-11-05T10:16:48","guid":{"rendered":"https:\/\/www.meydan.tv\/?p=319691"},"modified":"2024-11-05T14:16:50","modified_gmt":"2024-11-05T10:16:50","slug":"abs-seckilerinin-azerbaycan-ucun-neticesi-ne-ola-biler","status":"publish","type":"post","link":"https:\/\/www.meydan.tv\/az\/article\/abs-seckilerinin-azerbaycan-ucun-neticesi-ne-ola-biler\/","title":{"rendered":"AB\u015e se\u00e7kil\u0259rinin Az\u0259rbaycan \u00fc\u00e7\u00fcn n\u0259tic\u0259si n\u0259 ola bil\u0259r?"},"content":{"rendered":"\n<figure class=\"wp-block-embed is-type-video is-provider-youtube wp-block-embed-youtube wp-embed-aspect-16-9 wp-has-aspect-ratio\"><div class=\"wp-block-embed__wrapper\">\n<iframe title=\"AB\u015e se\u00e7kil\u0259rinin Az\u0259rbaycan \u00fc\u00e7\u00fcn n\u0259tic\u0259si n\u0259 ola bil\u0259r?\" width=\"1200\" height=\"675\" data-src=\"https:\/\/www.youtube.com\/embed\/RkhE9BPnioI?feature=oembed\" frameborder=\"0\" allow=\"accelerometer; autoplay; clipboard-write; encrypted-media; gyroscope; picture-in-picture; web-share\" referrerpolicy=\"strict-origin-when-cross-origin\" allowfullscreen src=\"data:image\/svg+xml;base64,PHN2ZyB3aWR0aD0iMSIgaGVpZ2h0PSIxIiB4bWxucz0iaHR0cDovL3d3dy53My5vcmcvMjAwMC9zdmciPjwvc3ZnPg==\" class=\"lazyload\" data-load-mode=\"1\"><\/iframe>\n<\/div><\/figure>\n\n\n\n<!--more-->\n\n\n\n<p><\/p>\n\n\n\n<p>Bu g\u00fcn &#8211; noyabr\u0131n 5-d\u0259 AB\u015e-d\u0259 tarixi prezident se\u00e7kisi ke\u00e7irilir. Amerikal\u0131lar demokrat Kamala Harris v\u0259 Az\u0259rbaycanda daha yax\u015f\u0131 tan\u0131nan respublika\u00e7\u0131 Donald Trump aras\u0131nda se\u00e7im etm\u0259li olacaqlar.\u00a0<\/p>\n\n\n\n<p>Prezident \u0130lham \u018fliyev ke\u00e7mi\u015fd\u0259 qudas\u0131 il\u0259 biznes orta\u011f\u0131 olan Tramp\u0131n qalib g\u0259lm\u0259sini ist\u0259diyini gizl\u0259tm\u0259yib.&nbsp;<\/p>\n\n\n\n<p>Ad\u0259t\u0259n, yerli mediada Demokratlar erm\u0259nip\u0259r\u0259st dam\u011fas\u0131 alsa da, kampaniya d\u00f6vr\u00fcnd\u0259 Donald Tramp erm\u0259ni icmas\u0131na d\u0259st\u0259yil\u0259 diqq\u0259t \u00e7\u0259kib. Tramp indiki administrasiyan\u0131, \u00f6z\u0259llikl\u0259 se\u00e7kil\u0259rd\u0259ki r\u0259qibi Kamala Harrisi erm\u0259nil\u0259rin Qaraba\u011f\u0131 t\u0259rk etm\u0259sin\u0259 g\u00f6r\u0259 su\u00e7lay\u0131b. O, Prezident se\u00e7il\u0259rs\u0259, Erm\u0259nistan-Az\u0259rbaycan m\u00fcnaqi\u015f\u0259sin\u0259 son qoyaca\u011f\u0131n\u0131 bildirib.<\/p>\n\n\n\n<p>M\u00f6vzu demokratiyaya g\u0259ldikd\u0259 is\u0259, siyasi \u015f\u0259rh\u00e7i \u015eahin C\u0259f\u0259rli d\u00fc\u015f\u00fcn\u00fcr ki, h\u0259r iki namiz\u0259din bu istiqam\u0259td\u0259 siyas\u0259ti b\u0259nz\u0259rdir. Demokratlar\u0131n da xarici siyas\u0259tind\u0259 insan haqlar\u0131 m\u0259s\u0259l\u0259si ritorika s\u0259viyy\u0259sind\u0259 yer al\u0131r. \u018fn yax\u015f\u0131 halda AB\u015e s\u0259firliyi Az\u0259rbaycandak\u0131 repressiyalarla ba\u011fl\u0131 narahatl\u0131\u011f\u0131n\u0131 ifad\u0259 ed\u0259c\u0259k.<\/p>\n","protected":false},"excerpt":{"rendered":"","protected":false},"author":12,"featured_media":319692,"comment_status":"closed","ping_status":"closed","sticky":false,"template":"","format":"standard","meta":{"_acf_changed":false,"_sitemap_exclude":false,"_sitemap_priority":"","_sitemap_frequency":"","footnotes":""},"categories":[59,63,56],"tags":[],"class_list":["post-319691","post","type-post","status-publish","format-standard","has-post-thumbnail","hentry","category-siyaset","category-video-2","category-xeberler","infinite-scroll-item","generate-columns","tablet-grid-50","mobile-grid-100","grid-parent","grid-33","no-featured-image-padding"],"acf":[],"yoast_head":"<!-- This site is optimized with the Yoast SEO plugin v27.4 - https:\/\/yoast.com\/product\/yoast-seo-wordpress\/ -->\n<title>AB\u015e se\u00e7kil\u0259rinin Az\u0259rbaycan \u00fc\u00e7\u00fcn n\u0259tic\u0259si n\u0259 ola bil\u0259r? - MEYDAN.TV<\/title>\n<meta name=\"robots\" content=\"index, follow, max-snippet:-1, max-image-preview:large, max-video-preview:-1\" \/>\n<link rel=\"canonical\" href=\"https:\/\/www.meydan.tv\/az\/article\/abs-seckilerinin-azerbaycan-ucun-neticesi-ne-ola-biler\/\" \/>\n<meta property=\"og:locale\" content=\"az_AZ\" \/>\n<meta property=\"og:type\" content=\"article\" \/>\n<meta property=\"og:title\" content=\"AB\u015e se\u00e7kil\u0259rinin Az\u0259rbaycan \u00fc\u00e7\u00fcn n\u0259tic\u0259si n\u0259 ola bil\u0259r? - MEYDAN.TV\" \/>\n<meta property=\"og:url\" content=\"https:\/\/www.meydan.tv\/az\/article\/abs-seckilerinin-azerbaycan-ucun-neticesi-ne-ola-biler\/\" \/>\n<meta property=\"og:site_name\" content=\"MEYDAN.TV\" \/>\n<meta property=\"article:published_time\" content=\"2024-11-05T10:16:48+00:00\" \/>\n<meta property=\"article:modified_time\" content=\"2024-11-05T10:16:50+00:00\" \/>\n<meta property=\"og:image\" content=\"https:\/\/www.meydan.tv\/wp-content\/uploads\/30ouyc2lkp_tramp_1_.jpg\" \/>\n\t<meta property=\"og:image:width\" content=\"1808\" \/>\n\t<meta property=\"og:image:height\" content=\"1292\" \/>\n\t<meta property=\"og:image:type\" content=\"image\/jpeg\" \/>\n<meta name=\"author\" content=\"aleks\" \/>\n<meta name=\"twitter:card\" content=\"summary_large_image\" \/>\n<script type=\"application\/ld+json\" class=\"yoast-schema-graph\">{\"@context\":\"https:\\\/\\\/schema.org\",\"@graph\":[{\"@type\":\"Article\",\"@id\":\"https:\\\/\\\/www.meydan.tv\\\/az\\\/article\\\/abs-seckilerinin-azerbaycan-ucun-neticesi-ne-ola-biler\\\/#article\",\"isPartOf\":{\"@id\":\"https:\\\/\\\/www.meydan.tv\\\/az\\\/article\\\/abs-seckilerinin-azerbaycan-ucun-neticesi-ne-ola-biler\\\/\"},\"author\":{\"name\":\"aleks\",\"@id\":\"https:\\\/\\\/www.meydan.tv\\\/az\\\/#\\\/schema\\\/person\\\/476e9360e593fa131d5d71d51866f8da\"},\"headline\":\"AB\u015e se\u00e7kil\u0259rinin Az\u0259rbaycan \u00fc\u00e7\u00fcn n\u0259tic\u0259si n\u0259 ola bil\u0259r?\",\"datePublished\":\"2024-11-05T10:16:48+00:00\",\"dateModified\":\"2024-11-05T10:16:50+00:00\",\"mainEntityOfPage\":{\"@id\":\"https:\\\/\\\/www.meydan.tv\\\/az\\\/article\\\/abs-seckilerinin-azerbaycan-ucun-neticesi-ne-ola-biler\\\/\"},\"wordCount\":216,\"publisher\":{\"@id\":\"https:\\\/\\\/www.meydan.tv\\\/az\\\/#organization\"},\"image\":{\"@id\":\"https:\\\/\\\/www.meydan.tv\\\/az\\\/article\\\/abs-seckilerinin-azerbaycan-ucun-neticesi-ne-ola-biler\\\/#primaryimage\"},\"thumbnailUrl\":\"https:\\\/\\\/www.meydan.tv\\\/wp-content\\\/uploads\\\/30ouyc2lkp_tramp_1_.jpg\",\"articleSection\":[\"Siyas\u0259t\",\"Video\",\"X\u0259b\u0259rl\u0259r\"],\"inLanguage\":\"az\"},{\"@type\":\"WebPage\",\"@id\":\"https:\\\/\\\/www.meydan.tv\\\/az\\\/article\\\/abs-seckilerinin-azerbaycan-ucun-neticesi-ne-ola-biler\\\/\",\"url\":\"https:\\\/\\\/www.meydan.tv\\\/az\\\/article\\\/abs-seckilerinin-azerbaycan-ucun-neticesi-ne-ola-biler\\\/\",\"name\":\"AB\u015e se\u00e7kil\u0259rinin Az\u0259rbaycan \u00fc\u00e7\u00fcn n\u0259tic\u0259si n\u0259 ola bil\u0259r? - MEYDAN.TV\",\"isPartOf\":{\"@id\":\"https:\\\/\\\/www.meydan.tv\\\/az\\\/#website\"},\"primaryImageOfPage\":{\"@id\":\"https:\\\/\\\/www.meydan.tv\\\/az\\\/article\\\/abs-seckilerinin-azerbaycan-ucun-neticesi-ne-ola-biler\\\/#primaryimage\"},\"image\":{\"@id\":\"https:\\\/\\\/www.meydan.tv\\\/az\\\/article\\\/abs-seckilerinin-azerbaycan-ucun-neticesi-ne-ola-biler\\\/#primaryimage\"},\"thumbnailUrl\":\"https:\\\/\\\/www.meydan.tv\\\/wp-content\\\/uploads\\\/30ouyc2lkp_tramp_1_.jpg\",\"datePublished\":\"2024-11-05T10:16:48+00:00\",\"dateModified\":\"2024-11-05T10:16:50+00:00\",\"breadcrumb\":{\"@id\":\"https:\\\/\\\/www.meydan.tv\\\/az\\\/article\\\/abs-seckilerinin-azerbaycan-ucun-neticesi-ne-ola-biler\\\/#breadcrumb\"},\"inLanguage\":\"az\",\"potentialAction\":[{\"@type\":\"ReadAction\",\"target\":[\"https:\\\/\\\/www.meydan.tv\\\/az\\\/article\\\/abs-seckilerinin-azerbaycan-ucun-neticesi-ne-ola-biler\\\/\"]}]},{\"@type\":\"ImageObject\",\"inLanguage\":\"az\",\"@id\":\"https:\\\/\\\/www.meydan.tv\\\/az\\\/article\\\/abs-seckilerinin-azerbaycan-ucun-neticesi-ne-ola-biler\\\/#primaryimage\",\"url\":\"https:\\\/\\\/www.meydan.tv\\\/wp-content\\\/uploads\\\/30ouyc2lkp_tramp_1_.jpg\",\"contentUrl\":\"https:\\\/\\\/www.meydan.tv\\\/wp-content\\\/uploads\\\/30ouyc2lkp_tramp_1_.jpg\",\"width\":1808,\"height\":1292},{\"@type\":\"BreadcrumbList\",\"@id\":\"https:\\\/\\\/www.meydan.tv\\\/az\\\/article\\\/abs-seckilerinin-azerbaycan-ucun-neticesi-ne-ola-biler\\\/#breadcrumb\",\"itemListElement\":[{\"@type\":\"ListItem\",\"position\":1,\"name\":\"Ana s\u0259hif\u0259\",\"item\":\"https:\\\/\\\/www.meydan.tv\\\/az\\\/\"},{\"@type\":\"ListItem\",\"position\":2,\"name\":\"Video\",\"item\":\"https:\\\/\\\/www.meydan.tv\\\/az\\\/section\\\/video-2\\\/\"},{\"@type\":\"ListItem\",\"position\":3,\"name\":\"AB\u015e se\u00e7kil\u0259rinin Az\u0259rbaycan \u00fc\u00e7\u00fcn n\u0259tic\u0259si n\u0259 ola bil\u0259r?\"}]},{\"@type\":\"WebSite\",\"@id\":\"https:\\\/\\\/www.meydan.tv\\\/az\\\/#website\",\"url\":\"https:\\\/\\\/www.meydan.tv\\\/az\\\/\",\"name\":\"MEYDAN.TV\",\"description\":\"Meydan TV Az\u0259rbaycan\u0131n media m\u0259kan\u0131ndak\u0131 alternativ s\u0259sidir\",\"publisher\":{\"@id\":\"https:\\\/\\\/www.meydan.tv\\\/az\\\/#organization\"},\"potentialAction\":[{\"@type\":\"SearchAction\",\"target\":{\"@type\":\"EntryPoint\",\"urlTemplate\":\"https:\\\/\\\/www.meydan.tv\\\/az\\\/?s={search_term_string}\"},\"query-input\":{\"@type\":\"PropertyValueSpecification\",\"valueRequired\":true,\"valueName\":\"search_term_string\"}}],\"inLanguage\":\"az\"},{\"@type\":\"Organization\",\"@id\":\"https:\\\/\\\/www.meydan.tv\\\/az\\\/#organization\",\"name\":\"Meydan TV\",\"url\":\"https:\\\/\\\/www.meydan.tv\\\/az\\\/\",\"logo\":{\"@type\":\"ImageObject\",\"inLanguage\":\"az\",\"@id\":\"https:\\\/\\\/www.meydan.tv\\\/az\\\/#\\\/schema\\\/logo\\\/image\\\/\",\"url\":\"https:\\\/\\\/www.meydan.tv\\\/wp-content\\\/uploads\\\/2021\\\/07\\\/meydan-logo.svg\",\"contentUrl\":\"https:\\\/\\\/www.meydan.tv\\\/wp-content\\\/uploads\\\/2021\\\/07\\\/meydan-logo.svg\",\"width\":195,\"height\":46,\"caption\":\"Meydan TV\"},\"image\":{\"@id\":\"https:\\\/\\\/www.meydan.tv\\\/az\\\/#\\\/schema\\\/logo\\\/image\\\/\"}},{\"@type\":\"Person\",\"@id\":\"https:\\\/\\\/www.meydan.tv\\\/az\\\/#\\\/schema\\\/person\\\/476e9360e593fa131d5d71d51866f8da\",\"name\":\"aleks\"}]}<\/script>\n<!-- \/ Yoast SEO plugin. -->","yoast_head_json":{"title":"AB\u015e se\u00e7kil\u0259rinin Az\u0259rbaycan \u00fc\u00e7\u00fcn n\u0259tic\u0259si n\u0259 ola bil\u0259r? - MEYDAN.TV","robots":{"index":"index","follow":"follow","max-snippet":"max-snippet:-1","max-image-preview":"max-image-preview:large","max-video-preview":"max-video-preview:-1"},"canonical":"https:\/\/www.meydan.tv\/az\/article\/abs-seckilerinin-azerbaycan-ucun-neticesi-ne-ola-biler\/","og_locale":"az_AZ","og_type":"article","og_title":"AB\u015e se\u00e7kil\u0259rinin Az\u0259rbaycan \u00fc\u00e7\u00fcn n\u0259tic\u0259si n\u0259 ola bil\u0259r? - MEYDAN.TV","og_url":"https:\/\/www.meydan.tv\/az\/article\/abs-seckilerinin-azerbaycan-ucun-neticesi-ne-ola-biler\/","og_site_name":"MEYDAN.TV","article_published_time":"2024-11-05T10:16:48+00:00","article_modified_time":"2024-11-05T10:16:50+00:00","og_image":[{"width":1808,"height":1292,"url":"https:\/\/www.meydan.tv\/wp-content\/uploads\/30ouyc2lkp_tramp_1_.jpg","type":"image\/jpeg"}],"author":"aleks","twitter_card":"summary_large_image","schema":{"@context":"https:\/\/schema.org","@graph":[{"@type":"Article","@id":"https:\/\/www.meydan.tv\/az\/article\/abs-seckilerinin-azerbaycan-ucun-neticesi-ne-ola-biler\/#article","isPartOf":{"@id":"https:\/\/www.meydan.tv\/az\/article\/abs-seckilerinin-azerbaycan-ucun-neticesi-ne-ola-biler\/"},"author":{"name":"aleks","@id":"https:\/\/www.meydan.tv\/az\/#\/schema\/person\/476e9360e593fa131d5d71d51866f8da"},"headline":"AB\u015e se\u00e7kil\u0259rinin Az\u0259rbaycan \u00fc\u00e7\u00fcn n\u0259tic\u0259si n\u0259 ola bil\u0259r?","datePublished":"2024-11-05T10:16:48+00:00","dateModified":"2024-11-05T10:16:50+00:00","mainEntityOfPage":{"@id":"https:\/\/www.meydan.tv\/az\/article\/abs-seckilerinin-azerbaycan-ucun-neticesi-ne-ola-biler\/"},"wordCount":216,"publisher":{"@id":"https:\/\/www.meydan.tv\/az\/#organization"},"image":{"@id":"https:\/\/www.meydan.tv\/az\/article\/abs-seckilerinin-azerbaycan-ucun-neticesi-ne-ola-biler\/#primaryimage"},"thumbnailUrl":"https:\/\/www.meydan.tv\/wp-content\/uploads\/30ouyc2lkp_tramp_1_.jpg","articleSection":["Siyas\u0259t","Video","X\u0259b\u0259rl\u0259r"],"inLanguage":"az"},{"@type":"WebPage","@id":"https:\/\/www.meydan.tv\/az\/article\/abs-seckilerinin-azerbaycan-ucun-neticesi-ne-ola-biler\/","url":"https:\/\/www.meydan.tv\/az\/article\/abs-seckilerinin-azerbaycan-ucun-neticesi-ne-ola-biler\/","name":"AB\u015e se\u00e7kil\u0259rinin Az\u0259rbaycan \u00fc\u00e7\u00fcn n\u0259tic\u0259si n\u0259 ola bil\u0259r? - MEYDAN.TV","isPartOf":{"@id":"https:\/\/www.meydan.tv\/az\/#website"},"primaryImageOfPage":{"@id":"https:\/\/www.meydan.tv\/az\/article\/abs-seckilerinin-azerbaycan-ucun-neticesi-ne-ola-biler\/#primaryimage"},"image":{"@id":"https:\/\/www.meydan.tv\/az\/article\/abs-seckilerinin-azerbaycan-ucun-neticesi-ne-ola-biler\/#primaryimage"},"thumbnailUrl":"https:\/\/www.meydan.tv\/wp-content\/uploads\/30ouyc2lkp_tramp_1_.jpg","datePublished":"2024-11-05T10:16:48+00:00","dateModified":"2024-11-05T10:16:50+00:00","breadcrumb":{"@id":"https:\/\/www.meydan.tv\/az\/article\/abs-seckilerinin-azerbaycan-ucun-neticesi-ne-ola-biler\/#breadcrumb"},"inLanguage":"az","potentialAction":[{"@type":"ReadAction","target":["https:\/\/www.meydan.tv\/az\/article\/abs-seckilerinin-azerbaycan-ucun-neticesi-ne-ola-biler\/"]}]},{"@type":"ImageObject","inLanguage":"az","@id":"https:\/\/www.meydan.tv\/az\/article\/abs-seckilerinin-azerbaycan-ucun-neticesi-ne-ola-biler\/#primaryimage","url":"https:\/\/www.meydan.tv\/wp-content\/uploads\/30ouyc2lkp_tramp_1_.jpg","contentUrl":"https:\/\/www.meydan.tv\/wp-content\/uploads\/30ouyc2lkp_tramp_1_.jpg","width":1808,"height":1292},{"@type":"BreadcrumbList","@id":"https:\/\/www.meydan.tv\/az\/article\/abs-seckilerinin-azerbaycan-ucun-neticesi-ne-ola-biler\/#breadcrumb","itemListElement":[{"@type":"ListItem","position":1,"name":"Ana s\u0259hif\u0259","item":"https:\/\/www.meydan.tv\/az\/"},{"@type":"ListItem","position":2,"name":"Video","item":"https:\/\/www.meydan.tv\/az\/section\/video-2\/"},{"@type":"ListItem","position":3,"name":"AB\u015e se\u00e7kil\u0259rinin Az\u0259rbaycan \u00fc\u00e7\u00fcn n\u0259tic\u0259si n\u0259 ola bil\u0259r?"}]},{"@type":"WebSite","@id":"https:\/\/www.meydan.tv\/az\/#website","url":"https:\/\/www.meydan.tv\/az\/","name":"MEYDAN.TV","description":"Meydan TV Az\u0259rbaycan\u0131n media m\u0259kan\u0131ndak\u0131 alternativ s\u0259sidir","publisher":{"@id":"https:\/\/www.meydan.tv\/az\/#organization"},"potentialAction":[{"@type":"SearchAction","target":{"@type":"EntryPoint","urlTemplate":"https:\/\/www.meydan.tv\/az\/?s={search_term_string}"},"query-input":{"@type":"PropertyValueSpecification","valueRequired":true,"valueName":"search_term_string"}}],"inLanguage":"az"},{"@type":"Organization","@id":"https:\/\/www.meydan.tv\/az\/#organization","name":"Meydan TV","url":"https:\/\/www.meydan.tv\/az\/","logo":{"@type":"ImageObject","inLanguage":"az","@id":"https:\/\/www.meydan.tv\/az\/#\/schema\/logo\/image\/","url":"https:\/\/www.meydan.tv\/wp-content\/uploads\/2021\/07\/meydan-logo.svg","contentUrl":"https:\/\/www.meydan.tv\/wp-content\/uploads\/2021\/07\/meydan-logo.svg","width":195,"height":46,"caption":"Meydan TV"},"image":{"@id":"https:\/\/www.meydan.tv\/az\/#\/schema\/logo\/image\/"}},{"@type":"Person","@id":"https:\/\/www.meydan.tv\/az\/#\/schema\/person\/476e9360e593fa131d5d71d51866f8da","name":"aleks"}]}},"_links":{"self":[{"href":"https:\/\/www.meydan.tv\/az\/wp-json\/wp\/v2\/posts\/319691","targetHints":{"allow":["GET"]}}],"collection":[{"href":"https:\/\/www.meydan.tv\/az\/wp-json\/wp\/v2\/posts"}],"about":[{"href":"https:\/\/www.meydan.tv\/az\/wp-json\/wp\/v2\/types\/post"}],"author":[{"embeddable":true,"href":"https:\/\/www.meydan.tv\/az\/wp-json\/wp\/v2\/users\/12"}],"replies":[{"embeddable":true,"href":"https:\/\/www.meydan.tv\/az\/wp-json\/wp\/v2\/comments?post=319691"}],"version-history":[{"count":4,"href":"https:\/\/www.meydan.tv\/az\/wp-json\/wp\/v2\/posts\/319691\/revisions"}],"predecessor-version":[{"id":319712,"href":"https:\/\/www.meydan.tv\/az\/wp-json\/wp\/v2\/posts\/319691\/revisions\/319712"}],"wp:featuredmedia":[{"embeddable":true,"href":"https:\/\/www.meydan.tv\/az\/wp-json\/wp\/v2\/media\/319692"}],"wp:attachment":[{"href":"https:\/\/www.meydan.tv\/az\/wp-json\/wp\/v2\/media?parent=319691"}],"wp:term":[{"taxonomy":"category","embeddable":true,"href":"https:\/\/www.meydan.tv\/az\/wp-json\/wp\/v2\/categories?post=319691"},{"taxonomy":"post_tag","embeddable":true,"href":"https:\/\/www.meydan.tv\/az\/wp-json\/wp\/v2\/tags?post=319691"}],"curies":[{"name":"wp","href":"https:\/\/api.w.org\/{rel}","templated":true}]}}