{"id":319237,"date":"2024-10-30T15:24:17","date_gmt":"2024-10-30T11:24:17","guid":{"rendered":"https:\/\/www.meydan.tv\/?p=319237"},"modified":"2024-10-30T18:44:50","modified_gmt":"2024-10-30T14:44:50","slug":"vosmoyda-sokuntu-kuce-ticareti-yigisdirilir","status":"publish","type":"post","link":"https:\/\/www.meydan.tv\/az\/article\/vosmoyda-sokuntu-kuce-ticareti-yigisdirilir\/","title":{"rendered":"&#8220;Vosmoy&#8221;da s\u00f6k\u00fcnt\u00fc: k\u00fc\u00e7\u0259 ticar\u0259ti y\u0131\u011f\u0131\u015fd\u0131r\u0131l\u0131r"},"content":{"rendered":"\n<figure class=\"wp-block-embed is-type-video is-provider-youtube wp-block-embed-youtube wp-embed-aspect-16-9 wp-has-aspect-ratio\"><div class=\"wp-block-embed__wrapper\">\n<iframe title=\"\u201cVosmoy bazar\u0131\u201d s\u00f6k\u00fcld\u00fc: \u201cKas\u0131b\u0131n qeydin\u0259 qalan var?!\u201d\" width=\"1200\" height=\"675\" data-src=\"https:\/\/www.youtube.com\/embed\/CkQbOg_GRoc?feature=oembed\" frameborder=\"0\" allow=\"accelerometer; autoplay; clipboard-write; encrypted-media; gyroscope; picture-in-picture; web-share\" referrerpolicy=\"strict-origin-when-cross-origin\" allowfullscreen src=\"data:image\/svg+xml;base64,PHN2ZyB3aWR0aD0iMSIgaGVpZ2h0PSIxIiB4bWxucz0iaHR0cDovL3d3dy53My5vcmcvMjAwMC9zdmciPjwvc3ZnPg==\" class=\"lazyload\" data-load-mode=\"1\"><\/iframe>\n<\/div><\/figure>\n\n\n\n<!--more-->\n\n\n\n<p><strong><em>\u0130cra Hakimiyy\u0259ti\u00a0 s\u0259liq\u0259-sahman yaratd\u0131\u011f\u0131n\u0131 deyir<\/em><\/strong><\/p>\n\n\n\n<p>Bak\u0131n\u0131n Nizami rayonunda yerl\u0259\u015f\u0259n \u201c8-ci km Ticar\u0259t M\u0259rk\u0259zi\u201dnin (\u201cVosmoy bazar\u0131\u201d) \u0259traf\u0131ndak\u0131 k\u00fc\u00e7\u0259 ticar\u0259tinin y\u0131\u011f\u0131\u015fd\u0131r\u0131lmas\u0131na ba\u015flan\u0131ld\u0131\u011f\u0131 bildirilir.<\/p>\n\n\n\n<p>Nizami Rayon \u0130cra Hakimiyy\u0259ti m\u0259lumat\u0131 t\u0259sdiq edib.<\/p>\n\n\n<div class=\"wp-block-image\">\n<figure class=\"aligncenter size-large\"><img decoding=\"async\" width=\"1200\" height=\"697\" data-src=\"https:\/\/www.meydan.tv\/wp-content\/uploads\/img_6169-1200x697.jpg\" alt=\"\" class=\"wp-image-319226 lazyload\" src=\"data:image\/svg+xml;base64,PHN2ZyB3aWR0aD0iMSIgaGVpZ2h0PSIxIiB4bWxucz0iaHR0cDovL3d3dy53My5vcmcvMjAwMC9zdmciPjwvc3ZnPg==\" style=\"--smush-placeholder-width: 1200px; --smush-placeholder-aspect-ratio: 1200\/697;\" \/><figcaption class=\"wp-element-caption\">Foto: Meydan TV<\/figcaption><\/figure>\n<\/div>\n\n\n<p>Qurumdan bildirilib ki, \u00f6t\u0259n g\u00fcnd\u0259n ba\u015flayaraq bazar\u0131n yax\u0131n \u0259traf\u0131nda k\u00fc\u00e7\u0259 ticar\u0259tinin y\u0131\u011f\u0131\u015fd\u0131r\u0131lmas\u0131na, \u0259razid\u0259 s\u0259liq\u0259-sahman\u0131n b\u0259rpa olunmas\u0131na start verilib.<\/p>\n\n\n\n<p>\u201cBu istiqam\u0259td\u0259 h\u0259yata ke\u00e7iril\u0259n i\u015fl\u0259r \u00e7\u0259r\u00e7iv\u0259sind\u0259 k\u00fc\u00e7\u0259 ti\u00e7ar\u0259tinin t\u0259\u015fkil olundu\u011fu pi\u015ftaxtalar s\u00f6k\u00fcl\u0259r\u0259k \u0259razid\u0259n y\u0131\u011f\u0131\u015fd\u0131r\u0131l\u0131r\u201d, &#8211; \u201ciqtisadiyyat.az\u201da veril\u0259n a\u00e7\u0131qlamada qeyd <a href=\"https:\/\/iqtisadiyyat.az\/az\/post\/vosmoy-bazarinda-bu-satis-yerlerinin-sokuntusune-baslanildi---video---aciqlama-114394\" target=\"_blank\" rel=\"noreferrer noopener\">olunub.<\/a><\/p>\n\n\n<div class=\"wp-block-image\">\n<figure class=\"aligncenter size-large\"><img decoding=\"async\" width=\"1200\" height=\"675\" data-src=\"https:\/\/www.meydan.tv\/wp-content\/uploads\/img_6150_720-1-1200x675.jpg\" alt=\"\" class=\"wp-image-319244 lazyload\" src=\"data:image\/svg+xml;base64,PHN2ZyB3aWR0aD0iMSIgaGVpZ2h0PSIxIiB4bWxucz0iaHR0cDovL3d3dy53My5vcmcvMjAwMC9zdmciPjwvc3ZnPg==\" style=\"--smush-placeholder-width: 1200px; --smush-placeholder-aspect-ratio: 1200\/675;\" \/><figcaption class=\"wp-element-caption\">Foto: Meydan TV<\/figcaption><\/figure>\n<\/div>","protected":false},"excerpt":{"rendered":"","protected":false},"author":8,"featured_media":319232,"comment_status":"closed","ping_status":"closed","sticky":false,"template":"","format":"standard","meta":{"_acf_changed":false,"_sitemap_exclude":false,"_sitemap_priority":"","_sitemap_frequency":"","footnotes":""},"categories":[62,79,63,56],"tags":[],"class_list":["post-319237","post","type-post","status-publish","format-standard","has-post-thumbnail","hentry","category-sosial","category-featured","category-video-2","category-xeberler","infinite-scroll-item","generate-columns","tablet-grid-50","mobile-grid-100","grid-parent","grid-33","no-featured-image-padding"],"acf":[],"yoast_head":"<!-- This site is optimized with the Yoast SEO plugin v27.4 - https:\/\/yoast.com\/product\/yoast-seo-wordpress\/ -->\n<title>&quot;Vosmoy&quot;da s\u00f6k\u00fcnt\u00fc: k\u00fc\u00e7\u0259 ticar\u0259ti y\u0131\u011f\u0131\u015fd\u0131r\u0131l\u0131r - MEYDAN.TV<\/title>\n<meta name=\"robots\" content=\"index, follow, max-snippet:-1, max-image-preview:large, max-video-preview:-1\" \/>\n<link rel=\"canonical\" href=\"https:\/\/www.meydan.tv\/az\/article\/vosmoyda-sokuntu-kuce-ticareti-yigisdirilir\/\" \/>\n<meta property=\"og:locale\" content=\"az_AZ\" \/>\n<meta property=\"og:type\" content=\"article\" \/>\n<meta property=\"og:title\" content=\"&quot;Vosmoy&quot;da s\u00f6k\u00fcnt\u00fc: k\u00fc\u00e7\u0259 ticar\u0259ti y\u0131\u011f\u0131\u015fd\u0131r\u0131l\u0131r - MEYDAN.TV\" \/>\n<meta property=\"og:url\" content=\"https:\/\/www.meydan.tv\/az\/article\/vosmoyda-sokuntu-kuce-ticareti-yigisdirilir\/\" \/>\n<meta property=\"og:site_name\" content=\"MEYDAN.TV\" \/>\n<meta property=\"article:published_time\" content=\"2024-10-30T11:24:17+00:00\" \/>\n<meta property=\"article:modified_time\" content=\"2024-10-30T14:44:50+00:00\" \/>\n<meta property=\"og:image\" content=\"https:\/\/www.meydan.tv\/wp-content\/uploads\/img_6164-scaled.jpg\" \/>\n\t<meta property=\"og:image:width\" content=\"2560\" \/>\n\t<meta property=\"og:image:height\" content=\"1440\" \/>\n\t<meta property=\"og:image:type\" content=\"image\/jpeg\" \/>\n<meta name=\"author\" content=\"elli\" \/>\n<meta name=\"twitter:card\" content=\"summary_large_image\" \/>\n<meta name=\"twitter:creator\" content=\"@elli\" \/>\n<script type=\"application\/ld+json\" class=\"yoast-schema-graph\">{\"@context\":\"https:\\\/\\\/schema.org\",\"@graph\":[{\"@type\":\"Article\",\"@id\":\"https:\\\/\\\/www.meydan.tv\\\/az\\\/article\\\/vosmoyda-sokuntu-kuce-ticareti-yigisdirilir\\\/#article\",\"isPartOf\":{\"@id\":\"https:\\\/\\\/www.meydan.tv\\\/az\\\/article\\\/vosmoyda-sokuntu-kuce-ticareti-yigisdirilir\\\/\"},\"author\":{\"name\":\"elli\",\"@id\":\"https:\\\/\\\/www.meydan.tv\\\/az\\\/#\\\/schema\\\/person\\\/9cdbecf90d17180ce1dfbd95b08dcf47\"},\"headline\":\"&#8220;Vosmoy&#8221;da s\u00f6k\u00fcnt\u00fc: k\u00fc\u00e7\u0259 ticar\u0259ti y\u0131\u011f\u0131\u015fd\u0131r\u0131l\u0131r\",\"datePublished\":\"2024-10-30T11:24:17+00:00\",\"dateModified\":\"2024-10-30T14:44:50+00:00\",\"mainEntityOfPage\":{\"@id\":\"https:\\\/\\\/www.meydan.tv\\\/az\\\/article\\\/vosmoyda-sokuntu-kuce-ticareti-yigisdirilir\\\/\"},\"wordCount\":158,\"publisher\":{\"@id\":\"https:\\\/\\\/www.meydan.tv\\\/az\\\/#organization\"},\"image\":{\"@id\":\"https:\\\/\\\/www.meydan.tv\\\/az\\\/article\\\/vosmoyda-sokuntu-kuce-ticareti-yigisdirilir\\\/#primaryimage\"},\"thumbnailUrl\":\"https:\\\/\\\/www.meydan.tv\\\/wp-content\\\/uploads\\\/img_6164-scaled.jpg\",\"articleSection\":[\"Sosial\",\"T\u00f6vsiy\u0259\",\"Video\",\"X\u0259b\u0259rl\u0259r\"],\"inLanguage\":\"az\"},{\"@type\":\"WebPage\",\"@id\":\"https:\\\/\\\/www.meydan.tv\\\/az\\\/article\\\/vosmoyda-sokuntu-kuce-ticareti-yigisdirilir\\\/\",\"url\":\"https:\\\/\\\/www.meydan.tv\\\/az\\\/article\\\/vosmoyda-sokuntu-kuce-ticareti-yigisdirilir\\\/\",\"name\":\"\\\"Vosmoy\\\"da s\u00f6k\u00fcnt\u00fc: k\u00fc\u00e7\u0259 ticar\u0259ti y\u0131\u011f\u0131\u015fd\u0131r\u0131l\u0131r - MEYDAN.TV\",\"isPartOf\":{\"@id\":\"https:\\\/\\\/www.meydan.tv\\\/az\\\/#website\"},\"primaryImageOfPage\":{\"@id\":\"https:\\\/\\\/www.meydan.tv\\\/az\\\/article\\\/vosmoyda-sokuntu-kuce-ticareti-yigisdirilir\\\/#primaryimage\"},\"image\":{\"@id\":\"https:\\\/\\\/www.meydan.tv\\\/az\\\/article\\\/vosmoyda-sokuntu-kuce-ticareti-yigisdirilir\\\/#primaryimage\"},\"thumbnailUrl\":\"https:\\\/\\\/www.meydan.tv\\\/wp-content\\\/uploads\\\/img_6164-scaled.jpg\",\"datePublished\":\"2024-10-30T11:24:17+00:00\",\"dateModified\":\"2024-10-30T14:44:50+00:00\",\"breadcrumb\":{\"@id\":\"https:\\\/\\\/www.meydan.tv\\\/az\\\/article\\\/vosmoyda-sokuntu-kuce-ticareti-yigisdirilir\\\/#breadcrumb\"},\"inLanguage\":\"az\",\"potentialAction\":[{\"@type\":\"ReadAction\",\"target\":[\"https:\\\/\\\/www.meydan.tv\\\/az\\\/article\\\/vosmoyda-sokuntu-kuce-ticareti-yigisdirilir\\\/\"]}]},{\"@type\":\"ImageObject\",\"inLanguage\":\"az\",\"@id\":\"https:\\\/\\\/www.meydan.tv\\\/az\\\/article\\\/vosmoyda-sokuntu-kuce-ticareti-yigisdirilir\\\/#primaryimage\",\"url\":\"https:\\\/\\\/www.meydan.tv\\\/wp-content\\\/uploads\\\/img_6164-scaled.jpg\",\"contentUrl\":\"https:\\\/\\\/www.meydan.tv\\\/wp-content\\\/uploads\\\/img_6164-scaled.jpg\",\"width\":2560,\"height\":1440,\"caption\":\"Foto: Meydan TV\"},{\"@type\":\"BreadcrumbList\",\"@id\":\"https:\\\/\\\/www.meydan.tv\\\/az\\\/article\\\/vosmoyda-sokuntu-kuce-ticareti-yigisdirilir\\\/#breadcrumb\",\"itemListElement\":[{\"@type\":\"ListItem\",\"position\":1,\"name\":\"Ana s\u0259hif\u0259\",\"item\":\"https:\\\/\\\/www.meydan.tv\\\/az\\\/\"},{\"@type\":\"ListItem\",\"position\":2,\"name\":\"Sosial\",\"item\":\"https:\\\/\\\/www.meydan.tv\\\/az\\\/section\\\/sosial\\\/\"},{\"@type\":\"ListItem\",\"position\":3,\"name\":\"&#8220;Vosmoy&#8221;da s\u00f6k\u00fcnt\u00fc: k\u00fc\u00e7\u0259 ticar\u0259ti y\u0131\u011f\u0131\u015fd\u0131r\u0131l\u0131r\"}]},{\"@type\":\"WebSite\",\"@id\":\"https:\\\/\\\/www.meydan.tv\\\/az\\\/#website\",\"url\":\"https:\\\/\\\/www.meydan.tv\\\/az\\\/\",\"name\":\"MEYDAN.TV\",\"description\":\"Meydan TV Az\u0259rbaycan\u0131n media m\u0259kan\u0131ndak\u0131 alternativ s\u0259sidir\",\"publisher\":{\"@id\":\"https:\\\/\\\/www.meydan.tv\\\/az\\\/#organization\"},\"potentialAction\":[{\"@type\":\"SearchAction\",\"target\":{\"@type\":\"EntryPoint\",\"urlTemplate\":\"https:\\\/\\\/www.meydan.tv\\\/az\\\/?s={search_term_string}\"},\"query-input\":{\"@type\":\"PropertyValueSpecification\",\"valueRequired\":true,\"valueName\":\"search_term_string\"}}],\"inLanguage\":\"az\"},{\"@type\":\"Organization\",\"@id\":\"https:\\\/\\\/www.meydan.tv\\\/az\\\/#organization\",\"name\":\"Meydan TV\",\"url\":\"https:\\\/\\\/www.meydan.tv\\\/az\\\/\",\"logo\":{\"@type\":\"ImageObject\",\"inLanguage\":\"az\",\"@id\":\"https:\\\/\\\/www.meydan.tv\\\/az\\\/#\\\/schema\\\/logo\\\/image\\\/\",\"url\":\"https:\\\/\\\/www.meydan.tv\\\/wp-content\\\/uploads\\\/2021\\\/07\\\/meydan-logo.svg\",\"contentUrl\":\"https:\\\/\\\/www.meydan.tv\\\/wp-content\\\/uploads\\\/2021\\\/07\\\/meydan-logo.svg\",\"width\":195,\"height\":46,\"caption\":\"Meydan TV\"},\"image\":{\"@id\":\"https:\\\/\\\/www.meydan.tv\\\/az\\\/#\\\/schema\\\/logo\\\/image\\\/\"}},{\"@type\":\"Person\",\"@id\":\"https:\\\/\\\/www.meydan.tv\\\/az\\\/#\\\/schema\\\/person\\\/9cdbecf90d17180ce1dfbd95b08dcf47\",\"name\":\"elli\",\"sameAs\":[\"https:\\\/\\\/x.com\\\/elli\"]}]}<\/script>\n<!-- \/ Yoast SEO plugin. -->","yoast_head_json":{"title":"\"Vosmoy\"da s\u00f6k\u00fcnt\u00fc: k\u00fc\u00e7\u0259 ticar\u0259ti y\u0131\u011f\u0131\u015fd\u0131r\u0131l\u0131r - MEYDAN.TV","robots":{"index":"index","follow":"follow","max-snippet":"max-snippet:-1","max-image-preview":"max-image-preview:large","max-video-preview":"max-video-preview:-1"},"canonical":"https:\/\/www.meydan.tv\/az\/article\/vosmoyda-sokuntu-kuce-ticareti-yigisdirilir\/","og_locale":"az_AZ","og_type":"article","og_title":"\"Vosmoy\"da s\u00f6k\u00fcnt\u00fc: k\u00fc\u00e7\u0259 ticar\u0259ti y\u0131\u011f\u0131\u015fd\u0131r\u0131l\u0131r - MEYDAN.TV","og_url":"https:\/\/www.meydan.tv\/az\/article\/vosmoyda-sokuntu-kuce-ticareti-yigisdirilir\/","og_site_name":"MEYDAN.TV","article_published_time":"2024-10-30T11:24:17+00:00","article_modified_time":"2024-10-30T14:44:50+00:00","og_image":[{"width":2560,"height":1440,"url":"https:\/\/www.meydan.tv\/wp-content\/uploads\/img_6164-scaled.jpg","type":"image\/jpeg"}],"author":"elli","twitter_card":"summary_large_image","twitter_creator":"@elli","schema":{"@context":"https:\/\/schema.org","@graph":[{"@type":"Article","@id":"https:\/\/www.meydan.tv\/az\/article\/vosmoyda-sokuntu-kuce-ticareti-yigisdirilir\/#article","isPartOf":{"@id":"https:\/\/www.meydan.tv\/az\/article\/vosmoyda-sokuntu-kuce-ticareti-yigisdirilir\/"},"author":{"name":"elli","@id":"https:\/\/www.meydan.tv\/az\/#\/schema\/person\/9cdbecf90d17180ce1dfbd95b08dcf47"},"headline":"&#8220;Vosmoy&#8221;da s\u00f6k\u00fcnt\u00fc: k\u00fc\u00e7\u0259 ticar\u0259ti y\u0131\u011f\u0131\u015fd\u0131r\u0131l\u0131r","datePublished":"2024-10-30T11:24:17+00:00","dateModified":"2024-10-30T14:44:50+00:00","mainEntityOfPage":{"@id":"https:\/\/www.meydan.tv\/az\/article\/vosmoyda-sokuntu-kuce-ticareti-yigisdirilir\/"},"wordCount":158,"publisher":{"@id":"https:\/\/www.meydan.tv\/az\/#organization"},"image":{"@id":"https:\/\/www.meydan.tv\/az\/article\/vosmoyda-sokuntu-kuce-ticareti-yigisdirilir\/#primaryimage"},"thumbnailUrl":"https:\/\/www.meydan.tv\/wp-content\/uploads\/img_6164-scaled.jpg","articleSection":["Sosial","T\u00f6vsiy\u0259","Video","X\u0259b\u0259rl\u0259r"],"inLanguage":"az"},{"@type":"WebPage","@id":"https:\/\/www.meydan.tv\/az\/article\/vosmoyda-sokuntu-kuce-ticareti-yigisdirilir\/","url":"https:\/\/www.meydan.tv\/az\/article\/vosmoyda-sokuntu-kuce-ticareti-yigisdirilir\/","name":"\"Vosmoy\"da s\u00f6k\u00fcnt\u00fc: k\u00fc\u00e7\u0259 ticar\u0259ti y\u0131\u011f\u0131\u015fd\u0131r\u0131l\u0131r - MEYDAN.TV","isPartOf":{"@id":"https:\/\/www.meydan.tv\/az\/#website"},"primaryImageOfPage":{"@id":"https:\/\/www.meydan.tv\/az\/article\/vosmoyda-sokuntu-kuce-ticareti-yigisdirilir\/#primaryimage"},"image":{"@id":"https:\/\/www.meydan.tv\/az\/article\/vosmoyda-sokuntu-kuce-ticareti-yigisdirilir\/#primaryimage"},"thumbnailUrl":"https:\/\/www.meydan.tv\/wp-content\/uploads\/img_6164-scaled.jpg","datePublished":"2024-10-30T11:24:17+00:00","dateModified":"2024-10-30T14:44:50+00:00","breadcrumb":{"@id":"https:\/\/www.meydan.tv\/az\/article\/vosmoyda-sokuntu-kuce-ticareti-yigisdirilir\/#breadcrumb"},"inLanguage":"az","potentialAction":[{"@type":"ReadAction","target":["https:\/\/www.meydan.tv\/az\/article\/vosmoyda-sokuntu-kuce-ticareti-yigisdirilir\/"]}]},{"@type":"ImageObject","inLanguage":"az","@id":"https:\/\/www.meydan.tv\/az\/article\/vosmoyda-sokuntu-kuce-ticareti-yigisdirilir\/#primaryimage","url":"https:\/\/www.meydan.tv\/wp-content\/uploads\/img_6164-scaled.jpg","contentUrl":"https:\/\/www.meydan.tv\/wp-content\/uploads\/img_6164-scaled.jpg","width":2560,"height":1440,"caption":"Foto: Meydan TV"},{"@type":"BreadcrumbList","@id":"https:\/\/www.meydan.tv\/az\/article\/vosmoyda-sokuntu-kuce-ticareti-yigisdirilir\/#breadcrumb","itemListElement":[{"@type":"ListItem","position":1,"name":"Ana s\u0259hif\u0259","item":"https:\/\/www.meydan.tv\/az\/"},{"@type":"ListItem","position":2,"name":"Sosial","item":"https:\/\/www.meydan.tv\/az\/section\/sosial\/"},{"@type":"ListItem","position":3,"name":"&#8220;Vosmoy&#8221;da s\u00f6k\u00fcnt\u00fc: k\u00fc\u00e7\u0259 ticar\u0259ti y\u0131\u011f\u0131\u015fd\u0131r\u0131l\u0131r"}]},{"@type":"WebSite","@id":"https:\/\/www.meydan.tv\/az\/#website","url":"https:\/\/www.meydan.tv\/az\/","name":"MEYDAN.TV","description":"Meydan TV Az\u0259rbaycan\u0131n media m\u0259kan\u0131ndak\u0131 alternativ s\u0259sidir","publisher":{"@id":"https:\/\/www.meydan.tv\/az\/#organization"},"potentialAction":[{"@type":"SearchAction","target":{"@type":"EntryPoint","urlTemplate":"https:\/\/www.meydan.tv\/az\/?s={search_term_string}"},"query-input":{"@type":"PropertyValueSpecification","valueRequired":true,"valueName":"search_term_string"}}],"inLanguage":"az"},{"@type":"Organization","@id":"https:\/\/www.meydan.tv\/az\/#organization","name":"Meydan TV","url":"https:\/\/www.meydan.tv\/az\/","logo":{"@type":"ImageObject","inLanguage":"az","@id":"https:\/\/www.meydan.tv\/az\/#\/schema\/logo\/image\/","url":"https:\/\/www.meydan.tv\/wp-content\/uploads\/2021\/07\/meydan-logo.svg","contentUrl":"https:\/\/www.meydan.tv\/wp-content\/uploads\/2021\/07\/meydan-logo.svg","width":195,"height":46,"caption":"Meydan TV"},"image":{"@id":"https:\/\/www.meydan.tv\/az\/#\/schema\/logo\/image\/"}},{"@type":"Person","@id":"https:\/\/www.meydan.tv\/az\/#\/schema\/person\/9cdbecf90d17180ce1dfbd95b08dcf47","name":"elli","sameAs":["https:\/\/x.com\/elli"]}]}},"_links":{"self":[{"href":"https:\/\/www.meydan.tv\/az\/wp-json\/wp\/v2\/posts\/319237","targetHints":{"allow":["GET"]}}],"collection":[{"href":"https:\/\/www.meydan.tv\/az\/wp-json\/wp\/v2\/posts"}],"about":[{"href":"https:\/\/www.meydan.tv\/az\/wp-json\/wp\/v2\/types\/post"}],"author":[{"embeddable":true,"href":"https:\/\/www.meydan.tv\/az\/wp-json\/wp\/v2\/users\/8"}],"replies":[{"embeddable":true,"href":"https:\/\/www.meydan.tv\/az\/wp-json\/wp\/v2\/comments?post=319237"}],"version-history":[{"count":5,"href":"https:\/\/www.meydan.tv\/az\/wp-json\/wp\/v2\/posts\/319237\/revisions"}],"predecessor-version":[{"id":319271,"href":"https:\/\/www.meydan.tv\/az\/wp-json\/wp\/v2\/posts\/319237\/revisions\/319271"}],"wp:featuredmedia":[{"embeddable":true,"href":"https:\/\/www.meydan.tv\/az\/wp-json\/wp\/v2\/media\/319232"}],"wp:attachment":[{"href":"https:\/\/www.meydan.tv\/az\/wp-json\/wp\/v2\/media?parent=319237"}],"wp:term":[{"taxonomy":"category","embeddable":true,"href":"https:\/\/www.meydan.tv\/az\/wp-json\/wp\/v2\/categories?post=319237"},{"taxonomy":"post_tag","embeddable":true,"href":"https:\/\/www.meydan.tv\/az\/wp-json\/wp\/v2\/tags?post=319237"}],"curies":[{"name":"wp","href":"https:\/\/api.w.org\/{rel}","templated":true}]}}