{"id":319167,"date":"2024-10-29T22:19:56","date_gmt":"2024-10-29T18:19:56","guid":{"rendered":"https:\/\/www.meydan.tv\/?p=319167"},"modified":"2024-10-30T12:14:12","modified_gmt":"2024-10-30T08:14:12","slug":"daha-bir-ictimai-feala-7-il-6-ay-hebs-cezasi-teleb-olundu","status":"publish","type":"post","link":"https:\/\/www.meydan.tv\/az\/article\/daha-bir-ictimai-feala-7-il-6-ay-hebs-cezasi-teleb-olundu\/","title":{"rendered":"Daha bir ictimai f\u0259ala 7 il 6 ay h\u0259bs c\u0259zas\u0131 t\u0259l\u0259b olundu"},"content":{"rendered":"\n<p><\/p>\n\n\n\n<p><strong><em>Prokuror ittiham\u0131n m\u0259hk\u0259m\u0259d\u0259 s\u00fcbuta yetirildiyini deyir, f\u0259al h\u0259bsini nazir\u0259 m\u00fcraci\u0259ti il\u0259 \u0259sasland\u0131r\u0131r<\/em><\/strong><\/p>\n\n\n\n<p>Bir ild\u0259n \u00e7oxdur h\u0259bsd\u0259 olan ictimai f\u0259al Z\u0259ka Mira\u011fayevin i\u015fi \u00fczr\u0259 Bak\u0131 A\u011f\u0131r Cinay\u0259tl\u0259r M\u0259hk\u0259m\u0259sind\u0259 ged\u0259n proses yekunla\u015f\u0131r.<\/p>\n\n\n\n<p>Oktyabr\u0131n 28-d\u0259 hakim Kamran Muxtarovun s\u0259drliyil\u0259 ke\u00e7iril\u0259n prosesd\u0259 m\u0259hk\u0259m\u0259 istintaq\u0131 tamamlan\u0131b. Prokuror \u00e7\u0131x\u0131\u015f ed\u0259r\u0259k, Z\u0259ka Mira\u011fayev\u0259 qar\u015f\u0131 Cinay\u0259t M\u0259c\u0259ll\u0259sinin 234.4.3 (k\u00fclli miqdarda narkotik \u0259ld\u0259 etm\u0259, da\u015f\u0131ma, saxlama \u2013 sat\u0131\u015f m\u0259qs\u0259dil\u0259 t\u00f6r\u0259dildikd\u0259) madd\u0259sil\u0259 ir\u0259li s\u00fcr\u00fclm\u00fc\u015f ittiham\u0131n m\u0259hk\u0259m\u0259 istintaq\u0131 zaman\u0131 s\u00fcbuta yetirildiyini bildirib. D\u00f6vl\u0259t ittiham\u00e7\u0131s\u0131 ona bu madd\u0259 il\u0259 7 il 6 ay h\u0259bs c\u0259zas\u0131 verilm\u0259sini ist\u0259yib.<\/p>\n\n\n\n<p>Daha sonra Z\u0259ka Mira\u011fayevin v\u0259kili El\u00e7in Sad\u0131qov \u00e7\u0131x\u0131\u015f edib. V\u0259kil bildirib ki, h\u00fcquqlar\u0131n\u0131 m\u00fcdafi\u0259 etdiyi \u015f\u0259xs\u0259 qar\u015f\u0131 ittiham \u0259sass\u0131zd\u0131r v\u0259 ittiham t\u0259r\u0259fi ortaya he\u00e7 bir m\u00f6t\u0259b\u0259r s\u00fcbut-d\u0259lil qoya bilm\u0259yib. V\u0259kilin s\u00f6zl\u0259rin\u0259 g\u00f6r\u0259, m\u00fcv\u0259kkili ittiham\u0131 q\u0259bul etmir, polisl\u0259rin f\u0259aliyy\u0259til\u0259 ba\u011fl\u0131 t\u0259nqidi yaz\u0131lar\u0131na g\u00f6r\u0259 \u015f\u0259rl\u0259n\u0259r\u0259k h\u0259bs olundu\u011funu bildirir. \u0130ttiham t\u0259r\u0259finin is\u0259 polisl\u0259rin ifad\u0259sind\u0259n ba\u015fqa he\u00e7 bir s\u00fcbutu yoxdur. Polisl\u0259r is\u0259 maraql\u0131 t\u0259r\u0259fdir.<\/p>\n\n\n\n<p>El\u00e7in Sad\u0131qov m\u00fcv\u0259kkilinin t\u0259qsirsiz oldu\u011funu vur\u011fulay\u0131b v\u0259 ona b\u0259ra\u0259t verilm\u0259sini ist\u0259yib.<\/p>\n\n\n\n<p>Z\u0259ka Mira\u011fayev \u00f6z\u00fc son s\u00f6z\u0259 haz\u0131rla\u015fmaq \u00fc\u00e7\u00fcn m\u0259hk\u0259m\u0259d\u0259n vaxt ist\u0259yib. Ona noyabr\u0131n 4-n\u0259 q\u0259d\u0259r vaxt verilib.<\/p>\n\n\n<div class=\"wp-block-image\">\n<figure class=\"alignright size-full is-resized\"><img decoding=\"async\" width=\"1000\" height=\"541\" data-src=\"https:\/\/www.meydan.tv\/wp-content\/uploads\/410827945_4j7bzkk.jpg\" alt=\"Bak\u0131 A\u011f\u0131r Cinay\u0259tl\u0259r M\u0259hk\u0259m\u0259si\" class=\"wp-image-131384 lazyload\" style=\"--smush-placeholder-width: 1000px; --smush-placeholder-aspect-ratio: 1000\/541;width:395px;height:auto\" src=\"data:image\/svg+xml;base64,PHN2ZyB3aWR0aD0iMSIgaGVpZ2h0PSIxIiB4bWxucz0iaHR0cDovL3d3dy53My5vcmcvMjAwMC9zdmciPjwvc3ZnPg==\" \/><figcaption class=\"wp-element-caption\">Foto: Meydan TV<\/figcaption><\/figure>\n<\/div>\n\n\n<p>Z\u0259ka Mira\u011fayev m\u0259hk\u0259m\u0259d\u0259 ifad\u0259 ver\u0259rk\u0259n bildirib ki, cibin\u0259 narkotiki b\u00f6lm\u0259d\u0259 N\u0259c\u0259f adl\u0131 polis \u0259m\u0259kda\u015f\u0131 at\u0131b. S\u0259b\u0259b is\u0259 onun sosial \u015f\u0259b\u0259k\u0259l\u0259rd\u0259 polisl\u0259r, h\u0259m\u00e7inin \u015f\u0259xs\u0259n daxili i\u015fl\u0259r naziri Vilay\u0259t Eyvazovun haqq\u0131nda yazd\u0131qlar\u0131d\u0131r:<\/p>\n\n\n\n<p><em>\u201cM\u0259ni g\u0259lib evd\u0259n apar\u0131blar. Amma i\u015fin i\u00e7ind\u0259 yalan yaz\u0131blar ki, guya m\u0259ni k\u00fc\u00e7\u0259d\u0259 tutublar. Cibim\u0259 9-cu b\u00f6lm\u0259d\u0259 \u015f\u0259xs\u0259n N\u0259c\u0259f \u00f6z\u00fc qoyub narkotiki. Orada m\u0259ni t\u0259hdid el\u0259dil\u0259r, video \u00e7\u0259kdirdil\u0259r ki, guya m\u0259nd\u0259n \u00e7\u0131x\u0131b narkotik. 9-cu b\u00f6lm\u0259d\u0259n S\u0259bail Rayon Polis \u0130dar\u0259sin\u0259 apard\u0131lar. Orada iki g\u00fcn m\u00fcv\u0259qq\u0259ti saxlama yerind\u0259 qald\u0131m. Oktyabr\u0131n 13-d\u0259 g\u0259ldil\u0259r ki, bura qol \u00e7\u0259k, burax\u0131lacaqsan. M\u0259n d\u0259 inand\u0131m. G\u0259l\u0259nl\u0259rd\u0259n biri m\u0259nd\u0259n soru\u015fdu ki, \u201cs\u0259n neyl\u0259mis\u0259n c\u0259nab nazir\u0259?\u201d M\u0259n yazm\u0131\u015fd\u0131m ki, nazirliyi kafe kimi i\u015fl\u0259dirl\u0259r, ham\u0131n\u0131 y\u00fckl\u0259yirl\u0259r. Adi narkomanlar\u0131 1 qramla tutub, k\u00fclli miqdarla y\u00fckl\u0259yirl\u0259r\u201d.<\/em><\/p>\n\n\n\n<p>Daxili \u0130\u015fl\u0259r Nazirliyi Z\u0259ka Mira\u011fayevin h\u0259bsind\u0259n sonra onun polisl\u0259rl\u0259 ba\u011fl\u0131 yaz\u0131lar\u0131na, o c\u00fcml\u0259d\u0259n nazir\u0259 a\u00e7\u0131q m\u0259ktubuna g\u00f6r\u0259 \u015f\u0259rl\u0259n\u0259r\u0259k c\u0259zaland\u0131r\u0131lmas\u0131 bar\u0259d\u0259 yax\u0131nlar\u0131n\u0131n dedikl\u0259rini t\u0259kzib etmi\u015fdi. Nazirliyin m\u0259tbuat xidm\u0259tind\u0259n bildirilmi\u015fdi ki, bu bar\u0259d\u0259 iddialar \u0259sass\u0131zd\u0131r, onun yax\u0131nlar\u0131n\u0131n \u015f\u0259xsi m\u00fclahiz\u0259l\u0259ridir:<\/p>\n\n\n<div class=\"wp-block-image\">\n<figure class=\"alignleft size-large is-resized\"><img decoding=\"async\" width=\"1200\" height=\"800\" data-src=\"https:\/\/www.meydan.tv\/wp-content\/uploads\/polis-3-1200x800.jpg\" alt=\"\" class=\"wp-image-247152 lazyload\" style=\"--smush-placeholder-width: 1200px; --smush-placeholder-aspect-ratio: 1200\/800;width:414px;height:auto\" src=\"data:image\/svg+xml;base64,PHN2ZyB3aWR0aD0iMSIgaGVpZ2h0PSIxIiB4bWxucz0iaHR0cDovL3d3dy53My5vcmcvMjAwMC9zdmciPjwvc3ZnPg==\" \/><figcaption class=\"wp-element-caption\">Foto: D\u0130N<\/figcaption><\/figure>\n<\/div>\n\n\n<p><em>\u201cZ\u0259ka Mira\u011fayev bar\u0259sind\u0259 ara\u015fd\u0131rma apar\u0131l\u0131r. O, ara\u015fd\u0131rma \u00e7\u0259r\u00e7iv\u0259sind\u0259 saxlan\u0131l\u0131b\u201d.<\/em><\/p>\n\n\n\n<p>Z\u0259ka Mira\u011fayev oktyabr\u0131n 1-d\u0259 \u201cFacebook\u201d hesab\u0131nda bunlar\u0131 yazm\u0131\u015fd\u0131:<\/p>\n\n\n\n<p><em>\u201cC\u0259nab polisl\u0259r, c\u0259nab r\u0259isl\u0259r, c\u0259nab generallar m\u0259ni z\u0259ngl\u0259rl\u0259 narahat etm\u0259yin. Onsuz da prosedur \u00fczr\u0259 i\u015fl\u0259mirsiniz. \u00d6z bildiyiniz kimi n\u0259 ist\u0259yirsiniz edin. Prosedur \u00fcnvana m\u0259ktub g\u00f6nd\u0259rm\u0259kdir. Nec\u0259 ki, bir vaxt Q\u0259b\u0259l\u0259nin r\u0259is m\u00fcavini olmu\u015f Az\u0259r deyirdi ki, m\u0259ktub atan\u0131n cibind\u0259n \u00e7\u0131xacaq. Bu kimi m\u00f6c\u00fcz\u0259l\u0259r\u0259 art\u0131q c\u0259miyy\u0259t al\u0131\u015f\u0131b&#8230;\u201d.<\/em><\/p>\n\n\n\n<p>Haz\u0131rda onlarla ictimai-siyasi v\u0259 dini inancl\u0131 f\u0259al narkotik ittiham\u0131 il\u0259 h\u0259bsd\u0259dir. Onlar bu ittiham\u0131 q\u0259bul etmir, ictimai-siyasi f\u0259aliyy\u0259tl\u0259rin\u0259, sosial \u015f\u0259b\u0259k\u0259l\u0259rd\u0259ki t\u0259nqidl\u0259rin\u0259 g\u00f6r\u0259 sifari\u015fl\u0259 narkotikl\u0259 \u015f\u0259rl\u0259nib h\u0259bs olunduqlar\u0131n\u0131 deyirl\u0259r.<\/p>\n\n\n\n<p>H\u00f6kum\u0259t r\u0259smil\u0259ri is\u0259 Az\u0259rbaycanda he\u00e7 kimin siyasi bax\u0131\u015flar\u0131na g\u00f6r\u0259 t\u0259qib olunmad\u0131\u011f\u0131n\u0131 iddia edir. Daxili \u0130\u015fl\u0259r Nazirliyi d\u0259 d\u0259 bu \u015f\u0259xsl\u0259rin konkret faktlar \u0259sas\u0131nda saxland\u0131\u011f\u0131n\u0131 b\u0259yan edib.<\/p>\n","protected":false},"excerpt":{"rendered":"<p>Prokuror ittiham\u0131n m\u0259hk\u0259m\u0259d\u0259 s\u00fcbuta yetirildiyini deyir, f\u0259al h\u0259bsini nazir\u0259 m\u00fcraci\u0259ti &#8230; <\/p>\n<p class=\"read-more-container\"><a title=\"Daha bir ictimai f\u0259ala 7 il 6 ay h\u0259bs c\u0259zas\u0131 t\u0259l\u0259b olundu\" class=\"read-more button\" href=\"https:\/\/www.meydan.tv\/az\/article\/daha-bir-ictimai-feala-7-il-6-ay-hebs-cezasi-teleb-olundu\/#more-319167\" aria-label=\"Read more about Daha bir ictimai f\u0259ala 7 il 6 ay h\u0259bs c\u0259zas\u0131 t\u0259l\u0259b olundu\">Davam\u0131<\/a><\/p>\n","protected":false},"author":8,"featured_media":99046,"comment_status":"closed","ping_status":"closed","sticky":false,"template":"","format":"standard","meta":{"_acf_changed":false,"_sitemap_exclude":false,"_sitemap_priority":"","_sitemap_frequency":"","footnotes":""},"categories":[59,56],"tags":[],"class_list":["post-319167","post","type-post","status-publish","format-standard","has-post-thumbnail","hentry","category-siyaset","category-xeberler","infinite-scroll-item","generate-columns","tablet-grid-50","mobile-grid-100","grid-parent","grid-33","no-featured-image-padding"],"acf":[],"yoast_head":"<!-- This site is optimized with the Yoast SEO plugin v27.4 - https:\/\/yoast.com\/product\/yoast-seo-wordpress\/ -->\n<title>Daha bir ictimai f\u0259ala 7 il 6 ay h\u0259bs c\u0259zas\u0131 t\u0259l\u0259b olundu - MEYDAN.TV<\/title>\n<meta name=\"robots\" content=\"index, follow, max-snippet:-1, max-image-preview:large, max-video-preview:-1\" \/>\n<link rel=\"canonical\" href=\"https:\/\/www.meydan.tv\/az\/article\/daha-bir-ictimai-feala-7-il-6-ay-hebs-cezasi-teleb-olundu\/\" \/>\n<meta property=\"og:locale\" content=\"az_AZ\" \/>\n<meta property=\"og:type\" content=\"article\" \/>\n<meta property=\"og:title\" content=\"Daha bir ictimai f\u0259ala 7 il 6 ay h\u0259bs c\u0259zas\u0131 t\u0259l\u0259b olundu - MEYDAN.TV\" \/>\n<meta property=\"og:description\" content=\"Prokuror ittiham\u0131n m\u0259hk\u0259m\u0259d\u0259 s\u00fcbuta yetirildiyini deyir, f\u0259al h\u0259bsini nazir\u0259 m\u00fcraci\u0259ti ... Davam\u0131\" \/>\n<meta property=\"og:url\" content=\"https:\/\/www.meydan.tv\/az\/article\/daha-bir-ictimai-feala-7-il-6-ay-hebs-cezasi-teleb-olundu\/\" \/>\n<meta property=\"og:site_name\" content=\"MEYDAN.TV\" \/>\n<meta property=\"article:published_time\" content=\"2024-10-29T18:19:56+00:00\" \/>\n<meta property=\"article:modified_time\" content=\"2024-10-30T08:14:12+00:00\" \/>\n<meta property=\"og:image\" content=\"https:\/\/www.meydan.tv\/wp-content\/uploads\/39170.jpg\" \/>\n\t<meta property=\"og:image:width\" content=\"1023\" \/>\n\t<meta property=\"og:image:height\" content=\"575\" \/>\n\t<meta property=\"og:image:type\" content=\"image\/jpeg\" \/>\n<meta name=\"author\" content=\"elli\" \/>\n<meta name=\"twitter:card\" content=\"summary_large_image\" \/>\n<meta name=\"twitter:creator\" content=\"@elli\" \/>\n<script type=\"application\/ld+json\" class=\"yoast-schema-graph\">{\"@context\":\"https:\\\/\\\/schema.org\",\"@graph\":[{\"@type\":\"Article\",\"@id\":\"https:\\\/\\\/www.meydan.tv\\\/az\\\/article\\\/daha-bir-ictimai-feala-7-il-6-ay-hebs-cezasi-teleb-olundu\\\/#article\",\"isPartOf\":{\"@id\":\"https:\\\/\\\/www.meydan.tv\\\/az\\\/article\\\/daha-bir-ictimai-feala-7-il-6-ay-hebs-cezasi-teleb-olundu\\\/\"},\"author\":{\"name\":\"elli\",\"@id\":\"https:\\\/\\\/www.meydan.tv\\\/az\\\/#\\\/schema\\\/person\\\/9cdbecf90d17180ce1dfbd95b08dcf47\"},\"headline\":\"Daha bir ictimai f\u0259ala 7 il 6 ay h\u0259bs c\u0259zas\u0131 t\u0259l\u0259b olundu\",\"datePublished\":\"2024-10-29T18:19:56+00:00\",\"dateModified\":\"2024-10-30T08:14:12+00:00\",\"mainEntityOfPage\":{\"@id\":\"https:\\\/\\\/www.meydan.tv\\\/az\\\/article\\\/daha-bir-ictimai-feala-7-il-6-ay-hebs-cezasi-teleb-olundu\\\/\"},\"wordCount\":812,\"publisher\":{\"@id\":\"https:\\\/\\\/www.meydan.tv\\\/az\\\/#organization\"},\"image\":{\"@id\":\"https:\\\/\\\/www.meydan.tv\\\/az\\\/article\\\/daha-bir-ictimai-feala-7-il-6-ay-hebs-cezasi-teleb-olundu\\\/#primaryimage\"},\"thumbnailUrl\":\"https:\\\/\\\/www.meydan.tv\\\/wp-content\\\/uploads\\\/39170.jpg\",\"articleSection\":[\"Siyas\u0259t\",\"X\u0259b\u0259rl\u0259r\"],\"inLanguage\":\"az\"},{\"@type\":\"WebPage\",\"@id\":\"https:\\\/\\\/www.meydan.tv\\\/az\\\/article\\\/daha-bir-ictimai-feala-7-il-6-ay-hebs-cezasi-teleb-olundu\\\/\",\"url\":\"https:\\\/\\\/www.meydan.tv\\\/az\\\/article\\\/daha-bir-ictimai-feala-7-il-6-ay-hebs-cezasi-teleb-olundu\\\/\",\"name\":\"Daha bir ictimai f\u0259ala 7 il 6 ay h\u0259bs c\u0259zas\u0131 t\u0259l\u0259b olundu - MEYDAN.TV\",\"isPartOf\":{\"@id\":\"https:\\\/\\\/www.meydan.tv\\\/az\\\/#website\"},\"primaryImageOfPage\":{\"@id\":\"https:\\\/\\\/www.meydan.tv\\\/az\\\/article\\\/daha-bir-ictimai-feala-7-il-6-ay-hebs-cezasi-teleb-olundu\\\/#primaryimage\"},\"image\":{\"@id\":\"https:\\\/\\\/www.meydan.tv\\\/az\\\/article\\\/daha-bir-ictimai-feala-7-il-6-ay-hebs-cezasi-teleb-olundu\\\/#primaryimage\"},\"thumbnailUrl\":\"https:\\\/\\\/www.meydan.tv\\\/wp-content\\\/uploads\\\/39170.jpg\",\"datePublished\":\"2024-10-29T18:19:56+00:00\",\"dateModified\":\"2024-10-30T08:14:12+00:00\",\"breadcrumb\":{\"@id\":\"https:\\\/\\\/www.meydan.tv\\\/az\\\/article\\\/daha-bir-ictimai-feala-7-il-6-ay-hebs-cezasi-teleb-olundu\\\/#breadcrumb\"},\"inLanguage\":\"az\",\"potentialAction\":[{\"@type\":\"ReadAction\",\"target\":[\"https:\\\/\\\/www.meydan.tv\\\/az\\\/article\\\/daha-bir-ictimai-feala-7-il-6-ay-hebs-cezasi-teleb-olundu\\\/\"]}]},{\"@type\":\"ImageObject\",\"inLanguage\":\"az\",\"@id\":\"https:\\\/\\\/www.meydan.tv\\\/az\\\/article\\\/daha-bir-ictimai-feala-7-il-6-ay-hebs-cezasi-teleb-olundu\\\/#primaryimage\",\"url\":\"https:\\\/\\\/www.meydan.tv\\\/wp-content\\\/uploads\\\/39170.jpg\",\"contentUrl\":\"https:\\\/\\\/www.meydan.tv\\\/wp-content\\\/uploads\\\/39170.jpg\",\"width\":1023,\"height\":575,\"caption\":\"Foto: Z\u0259ka Mira\u011fayevin \u015f\u0259xsi arxivind\u0259n\"},{\"@type\":\"BreadcrumbList\",\"@id\":\"https:\\\/\\\/www.meydan.tv\\\/az\\\/article\\\/daha-bir-ictimai-feala-7-il-6-ay-hebs-cezasi-teleb-olundu\\\/#breadcrumb\",\"itemListElement\":[{\"@type\":\"ListItem\",\"position\":1,\"name\":\"Ana s\u0259hif\u0259\",\"item\":\"https:\\\/\\\/www.meydan.tv\\\/az\\\/\"},{\"@type\":\"ListItem\",\"position\":2,\"name\":\"Siyas\u0259t\",\"item\":\"https:\\\/\\\/www.meydan.tv\\\/az\\\/section\\\/siyaset\\\/\"},{\"@type\":\"ListItem\",\"position\":3,\"name\":\"Daha bir ictimai f\u0259ala 7 il 6 ay h\u0259bs c\u0259zas\u0131 t\u0259l\u0259b olundu\"}]},{\"@type\":\"WebSite\",\"@id\":\"https:\\\/\\\/www.meydan.tv\\\/az\\\/#website\",\"url\":\"https:\\\/\\\/www.meydan.tv\\\/az\\\/\",\"name\":\"MEYDAN.TV\",\"description\":\"Meydan TV Az\u0259rbaycan\u0131n media m\u0259kan\u0131ndak\u0131 alternativ s\u0259sidir\",\"publisher\":{\"@id\":\"https:\\\/\\\/www.meydan.tv\\\/az\\\/#organization\"},\"potentialAction\":[{\"@type\":\"SearchAction\",\"target\":{\"@type\":\"EntryPoint\",\"urlTemplate\":\"https:\\\/\\\/www.meydan.tv\\\/az\\\/?s={search_term_string}\"},\"query-input\":{\"@type\":\"PropertyValueSpecification\",\"valueRequired\":true,\"valueName\":\"search_term_string\"}}],\"inLanguage\":\"az\"},{\"@type\":\"Organization\",\"@id\":\"https:\\\/\\\/www.meydan.tv\\\/az\\\/#organization\",\"name\":\"Meydan TV\",\"url\":\"https:\\\/\\\/www.meydan.tv\\\/az\\\/\",\"logo\":{\"@type\":\"ImageObject\",\"inLanguage\":\"az\",\"@id\":\"https:\\\/\\\/www.meydan.tv\\\/az\\\/#\\\/schema\\\/logo\\\/image\\\/\",\"url\":\"https:\\\/\\\/www.meydan.tv\\\/wp-content\\\/uploads\\\/2021\\\/07\\\/meydan-logo.svg\",\"contentUrl\":\"https:\\\/\\\/www.meydan.tv\\\/wp-content\\\/uploads\\\/2021\\\/07\\\/meydan-logo.svg\",\"width\":195,\"height\":46,\"caption\":\"Meydan TV\"},\"image\":{\"@id\":\"https:\\\/\\\/www.meydan.tv\\\/az\\\/#\\\/schema\\\/logo\\\/image\\\/\"}},{\"@type\":\"Person\",\"@id\":\"https:\\\/\\\/www.meydan.tv\\\/az\\\/#\\\/schema\\\/person\\\/9cdbecf90d17180ce1dfbd95b08dcf47\",\"name\":\"elli\",\"sameAs\":[\"https:\\\/\\\/x.com\\\/elli\"]}]}<\/script>\n<!-- \/ Yoast SEO plugin. -->","yoast_head_json":{"title":"Daha bir ictimai f\u0259ala 7 il 6 ay h\u0259bs c\u0259zas\u0131 t\u0259l\u0259b olundu - MEYDAN.TV","robots":{"index":"index","follow":"follow","max-snippet":"max-snippet:-1","max-image-preview":"max-image-preview:large","max-video-preview":"max-video-preview:-1"},"canonical":"https:\/\/www.meydan.tv\/az\/article\/daha-bir-ictimai-feala-7-il-6-ay-hebs-cezasi-teleb-olundu\/","og_locale":"az_AZ","og_type":"article","og_title":"Daha bir ictimai f\u0259ala 7 il 6 ay h\u0259bs c\u0259zas\u0131 t\u0259l\u0259b olundu - MEYDAN.TV","og_description":"Prokuror ittiham\u0131n m\u0259hk\u0259m\u0259d\u0259 s\u00fcbuta yetirildiyini deyir, f\u0259al h\u0259bsini nazir\u0259 m\u00fcraci\u0259ti ... Davam\u0131","og_url":"https:\/\/www.meydan.tv\/az\/article\/daha-bir-ictimai-feala-7-il-6-ay-hebs-cezasi-teleb-olundu\/","og_site_name":"MEYDAN.TV","article_published_time":"2024-10-29T18:19:56+00:00","article_modified_time":"2024-10-30T08:14:12+00:00","og_image":[{"width":1023,"height":575,"url":"https:\/\/www.meydan.tv\/wp-content\/uploads\/39170.jpg","type":"image\/jpeg"}],"author":"elli","twitter_card":"summary_large_image","twitter_creator":"@elli","schema":{"@context":"https:\/\/schema.org","@graph":[{"@type":"Article","@id":"https:\/\/www.meydan.tv\/az\/article\/daha-bir-ictimai-feala-7-il-6-ay-hebs-cezasi-teleb-olundu\/#article","isPartOf":{"@id":"https:\/\/www.meydan.tv\/az\/article\/daha-bir-ictimai-feala-7-il-6-ay-hebs-cezasi-teleb-olundu\/"},"author":{"name":"elli","@id":"https:\/\/www.meydan.tv\/az\/#\/schema\/person\/9cdbecf90d17180ce1dfbd95b08dcf47"},"headline":"Daha bir ictimai f\u0259ala 7 il 6 ay h\u0259bs c\u0259zas\u0131 t\u0259l\u0259b olundu","datePublished":"2024-10-29T18:19:56+00:00","dateModified":"2024-10-30T08:14:12+00:00","mainEntityOfPage":{"@id":"https:\/\/www.meydan.tv\/az\/article\/daha-bir-ictimai-feala-7-il-6-ay-hebs-cezasi-teleb-olundu\/"},"wordCount":812,"publisher":{"@id":"https:\/\/www.meydan.tv\/az\/#organization"},"image":{"@id":"https:\/\/www.meydan.tv\/az\/article\/daha-bir-ictimai-feala-7-il-6-ay-hebs-cezasi-teleb-olundu\/#primaryimage"},"thumbnailUrl":"https:\/\/www.meydan.tv\/wp-content\/uploads\/39170.jpg","articleSection":["Siyas\u0259t","X\u0259b\u0259rl\u0259r"],"inLanguage":"az"},{"@type":"WebPage","@id":"https:\/\/www.meydan.tv\/az\/article\/daha-bir-ictimai-feala-7-il-6-ay-hebs-cezasi-teleb-olundu\/","url":"https:\/\/www.meydan.tv\/az\/article\/daha-bir-ictimai-feala-7-il-6-ay-hebs-cezasi-teleb-olundu\/","name":"Daha bir ictimai f\u0259ala 7 il 6 ay h\u0259bs c\u0259zas\u0131 t\u0259l\u0259b olundu - MEYDAN.TV","isPartOf":{"@id":"https:\/\/www.meydan.tv\/az\/#website"},"primaryImageOfPage":{"@id":"https:\/\/www.meydan.tv\/az\/article\/daha-bir-ictimai-feala-7-il-6-ay-hebs-cezasi-teleb-olundu\/#primaryimage"},"image":{"@id":"https:\/\/www.meydan.tv\/az\/article\/daha-bir-ictimai-feala-7-il-6-ay-hebs-cezasi-teleb-olundu\/#primaryimage"},"thumbnailUrl":"https:\/\/www.meydan.tv\/wp-content\/uploads\/39170.jpg","datePublished":"2024-10-29T18:19:56+00:00","dateModified":"2024-10-30T08:14:12+00:00","breadcrumb":{"@id":"https:\/\/www.meydan.tv\/az\/article\/daha-bir-ictimai-feala-7-il-6-ay-hebs-cezasi-teleb-olundu\/#breadcrumb"},"inLanguage":"az","potentialAction":[{"@type":"ReadAction","target":["https:\/\/www.meydan.tv\/az\/article\/daha-bir-ictimai-feala-7-il-6-ay-hebs-cezasi-teleb-olundu\/"]}]},{"@type":"ImageObject","inLanguage":"az","@id":"https:\/\/www.meydan.tv\/az\/article\/daha-bir-ictimai-feala-7-il-6-ay-hebs-cezasi-teleb-olundu\/#primaryimage","url":"https:\/\/www.meydan.tv\/wp-content\/uploads\/39170.jpg","contentUrl":"https:\/\/www.meydan.tv\/wp-content\/uploads\/39170.jpg","width":1023,"height":575,"caption":"Foto: Z\u0259ka Mira\u011fayevin \u015f\u0259xsi arxivind\u0259n"},{"@type":"BreadcrumbList","@id":"https:\/\/www.meydan.tv\/az\/article\/daha-bir-ictimai-feala-7-il-6-ay-hebs-cezasi-teleb-olundu\/#breadcrumb","itemListElement":[{"@type":"ListItem","position":1,"name":"Ana s\u0259hif\u0259","item":"https:\/\/www.meydan.tv\/az\/"},{"@type":"ListItem","position":2,"name":"Siyas\u0259t","item":"https:\/\/www.meydan.tv\/az\/section\/siyaset\/"},{"@type":"ListItem","position":3,"name":"Daha bir ictimai f\u0259ala 7 il 6 ay h\u0259bs c\u0259zas\u0131 t\u0259l\u0259b olundu"}]},{"@type":"WebSite","@id":"https:\/\/www.meydan.tv\/az\/#website","url":"https:\/\/www.meydan.tv\/az\/","name":"MEYDAN.TV","description":"Meydan TV Az\u0259rbaycan\u0131n media m\u0259kan\u0131ndak\u0131 alternativ s\u0259sidir","publisher":{"@id":"https:\/\/www.meydan.tv\/az\/#organization"},"potentialAction":[{"@type":"SearchAction","target":{"@type":"EntryPoint","urlTemplate":"https:\/\/www.meydan.tv\/az\/?s={search_term_string}"},"query-input":{"@type":"PropertyValueSpecification","valueRequired":true,"valueName":"search_term_string"}}],"inLanguage":"az"},{"@type":"Organization","@id":"https:\/\/www.meydan.tv\/az\/#organization","name":"Meydan TV","url":"https:\/\/www.meydan.tv\/az\/","logo":{"@type":"ImageObject","inLanguage":"az","@id":"https:\/\/www.meydan.tv\/az\/#\/schema\/logo\/image\/","url":"https:\/\/www.meydan.tv\/wp-content\/uploads\/2021\/07\/meydan-logo.svg","contentUrl":"https:\/\/www.meydan.tv\/wp-content\/uploads\/2021\/07\/meydan-logo.svg","width":195,"height":46,"caption":"Meydan TV"},"image":{"@id":"https:\/\/www.meydan.tv\/az\/#\/schema\/logo\/image\/"}},{"@type":"Person","@id":"https:\/\/www.meydan.tv\/az\/#\/schema\/person\/9cdbecf90d17180ce1dfbd95b08dcf47","name":"elli","sameAs":["https:\/\/x.com\/elli"]}]}},"_links":{"self":[{"href":"https:\/\/www.meydan.tv\/az\/wp-json\/wp\/v2\/posts\/319167","targetHints":{"allow":["GET"]}}],"collection":[{"href":"https:\/\/www.meydan.tv\/az\/wp-json\/wp\/v2\/posts"}],"about":[{"href":"https:\/\/www.meydan.tv\/az\/wp-json\/wp\/v2\/types\/post"}],"author":[{"embeddable":true,"href":"https:\/\/www.meydan.tv\/az\/wp-json\/wp\/v2\/users\/8"}],"replies":[{"embeddable":true,"href":"https:\/\/www.meydan.tv\/az\/wp-json\/wp\/v2\/comments?post=319167"}],"version-history":[{"count":3,"href":"https:\/\/www.meydan.tv\/az\/wp-json\/wp\/v2\/posts\/319167\/revisions"}],"predecessor-version":[{"id":319185,"href":"https:\/\/www.meydan.tv\/az\/wp-json\/wp\/v2\/posts\/319167\/revisions\/319185"}],"wp:featuredmedia":[{"embeddable":true,"href":"https:\/\/www.meydan.tv\/az\/wp-json\/wp\/v2\/media\/99046"}],"wp:attachment":[{"href":"https:\/\/www.meydan.tv\/az\/wp-json\/wp\/v2\/media?parent=319167"}],"wp:term":[{"taxonomy":"category","embeddable":true,"href":"https:\/\/www.meydan.tv\/az\/wp-json\/wp\/v2\/categories?post=319167"},{"taxonomy":"post_tag","embeddable":true,"href":"https:\/\/www.meydan.tv\/az\/wp-json\/wp\/v2\/tags?post=319167"}],"curies":[{"name":"wp","href":"https:\/\/api.w.org\/{rel}","templated":true}]}}