{"id":319093,"date":"2024-10-29T16:34:13","date_gmt":"2024-10-29T12:34:13","guid":{"rendered":"https:\/\/www.meydan.tv\/?p=319093"},"modified":"2024-10-29T16:42:57","modified_gmt":"2024-10-29T12:42:57","slug":"yagisda-batan-bakinin-problemleri-seffafliq-ve-nezaret-yoxdur","status":"publish","type":"post","link":"https:\/\/www.meydan.tv\/az\/article\/yagisda-batan-bakinin-problemleri-seffafliq-ve-nezaret-yoxdur\/","title":{"rendered":"Ya\u011f\u0131\u015fda batan Bak\u0131n\u0131n probleml\u0259ri: &#8220;\u015e\u0259ffafl\u0131q v\u0259 n\u0259zar\u0259t yoxdur&#8221;"},"content":{"rendered":"\n<p><\/p>\n\n\n\n<p><strong><em>Ekspertl\u0259r problemin s\u0259b\u0259bini t\u0259bii f\u0259lak\u0259td\u0259 yox, d\u00f6vl\u0259t qurumlar\u0131nda g\u00f6r\u00fcrl\u0259r<\/em><\/strong><\/p>\n\n\n\n<p>Oktyabr\u0131n 21-22-d\u0259n etibar\u0259n Bak\u0131da ya\u011fan ya\u011f\u0131\u015flar bir s\u0131ra f\u0259sadlar yarad\u0131b, probleml\u0259r \u00fcz\u0259 \u00e7\u0131xar\u0131b.<\/p>\n\n\n\n<p>\u018fsas\u0259n d\u0259 paytaxt yollar\u0131ndak\u0131 k\u00f6rp\u00fcl\u0259rin su il\u0259 dolmas\u0131 v\u0259 ke\u00e7ilm\u0259z hala g\u0259lm\u0259si m\u00fczakir\u0259l\u0259r\u0259 s\u0259b\u0259b olub.<\/p>\n\n\n\n<p>\u015e\u0259h\u0259rin bir \u00e7ox \u0259razil\u0259rind\u0259 ya\u015fay\u0131\u015f obyektl\u0259rin\u0259, evl\u0259r\u0259 su dolub, insanlar m\u0259nzill\u0259rini t\u0259rk etm\u0259k m\u0259cburiyy\u0259tind\u0259 qal\u0131blar.<\/p>\n\n\n\n<p>Bu \u0259razil\u0259r \u0259sas\u0259n Sabun\u00e7u v\u0259 X\u0259z\u0259r rayonlar\u0131nda, x\u00fcsus\u0259n d\u0259 Bin\u0259 q\u0259s\u0259b\u0259sind\u0259 daha \u00e7ox diqq\u0259t \u00e7\u0259kib.<\/p>\n\n\n\n<p><strong>Tuneld\u0259 bo\u011fularaq h\u0259lak olan iki n\u0259f\u0259r&#8230;<\/strong><\/p>\n\n\n\n<p>Oktyabr\u0131n 22-d\u0259 s\u0259h\u0259r saatlar\u0131nda &#8220;Sabun\u00e7u ke\u00e7idi&#8221; adlanan \u0259razid\u0259 ya\u011f\u0131\u015f sular\u0131 il\u0259 dolu tuneld\u0259 2 n\u0259f\u0259r bo\u011fularaq h\u0259lak olub.<\/p>\n\n\n\n<figure class=\"wp-block-image size-full is-resized\"><img decoding=\"async\" width=\"720\" height=\"371\" data-src=\"https:\/\/www.meydan.tv\/wp-content\/uploads\/img_6106_720.jpg\" alt=\"\" class=\"wp-image-319107 lazyload\" style=\"--smush-placeholder-width: 720px; --smush-placeholder-aspect-ratio: 720\/371;width:810px;height:auto\" src=\"data:image\/svg+xml;base64,PHN2ZyB3aWR0aD0iMSIgaGVpZ2h0PSIxIiB4bWxucz0iaHR0cDovL3d3dy53My5vcmcvMjAwMC9zdmciPjwvc3ZnPg==\" \/><figcaption class=\"wp-element-caption\">Sabun\u00e7u ke\u00e7idi ya\u011f\u0131\u015fdan sonra. Foto: Meydan TV<\/figcaption><\/figure>\n\n\n\n<p>F\u00f6vq\u0259lad\u0259 Hallar Nazirliyinin \u0259m\u0259kda\u015flar\u0131 k\u00f6rp\u00fcd\u0259 batan &#8211; 1976-c\u0131 il t\u0259v\u0259ll\u00fcdl\u00fc Elnur Fazil o\u011flu \u015eirinov v\u0259 1995-ci il t\u0259v\u0259ll\u00fcdl\u00fc Abbasov K\u00f6\u00e7\u0259ri F\u0259rman o\u011flunun c\u0259s\u0259dl\u0259rini \u00e7\u0131xararaq ail\u0259l\u0259rin\u0259 t\u0259hvil verib.<\/p>\n\n\n\n<p><strong>Evl\u0259rini xilas etm\u0259k ist\u0259y\u0259n &#8220;Ya\u011f\u0131\u015f m\u0259hbsular\u0131&#8221;<\/strong><\/p>\n\n\n\n<p>Bin\u0259 q\u0259s\u0259b\u0259sind\u0259 is\u0259 t\u0259bii f\u0259lak\u0259tin yaratd\u0131\u011f\u0131 f\u0259sadla ba\u011fl\u0131 h\u0259tta oktyabr\u0131n 22-d\u0259 3 n\u0259f\u0259r h\u0259bs olunub.<\/p>\n\n\n\n<p>S\u0259b\u0259b is\u0259 yola y\u0131\u011f\u0131lm\u0131\u015f suyun getm\u0259si \u00fc\u00e7\u00fcn kanalizasiya quyusunun qapa\u011f\u0131n\u0131 a\u00e7maqdan \u00f6tr\u00fc avtomobill\u0259rin h\u0259r\u0259k\u0259tini bir m\u00fcdd\u0259t saxlamalar\u0131d\u0131r.<\/p>\n\n\n\n<p>Onlar\u0131n bu h\u0259r\u0259k\u0259ti xuliqanl\u0131q kimi qiym\u0259tl\u0259ndirilib v\u0259 iki n\u0259f\u0259r\u0259 7 sutka h\u0259bs c\u0259zas\u0131 verilib.<\/p>\n\n\n\n<p>Sakinl\u0259r is\u0259 onlar\u0131n \u00fcnvan\u0131na s\u0259sl\u0259n\u0259n ittihamlar\u0131 q\u0259bul etm\u0259yibl\u0259r, sad\u0259c\u0259, kanalizasiyan\u0131 t\u0259mizl\u0259yib evl\u0259rini xilas etm\u0259k ist\u0259dikl\u0259rini <a href=\"https:\/\/storage.googleapis.com\/qurium\/www.meydan.tv\/az-article-evlerini-su-basan-sakinler-kanalizasiya-qapagini-acmaq-istediler-hebs-olundular.html\" target=\"_blank\" rel=\"noreferrer noopener\">deyibl\u0259r<\/a>.<\/p>\n\n\n\n<p>Evin\u0259 ya\u011f\u0131\u015f suyu dolan dig\u0259r Bin\u0259 sakini r\u0259smi qurumlar\u0131n bigan\u0259liyin\u0259 etiraz olaraq X\u0259z\u0259r Rayonu, 3-c\u00fc Polis B\u00f6lm\u0259sinin qar\u015f\u0131s\u0131nda intihara c\u0259hd etdiyi \u00fc\u00e7\u00fcn h\u0259bs olunub. Ona 8 sutka h\u0259bs c\u0259zas\u0131 verilib.<\/p>\n\n\n<div class=\"wp-block-image\">\n<figure class=\"aligncenter size-large\"><img decoding=\"async\" width=\"1200\" height=\"675\" data-src=\"https:\/\/www.meydan.tv\/wp-content\/uploads\/img_6012_720-1200x675.jpg\" alt=\"\" class=\"wp-image-319104 lazyload\" src=\"data:image\/svg+xml;base64,PHN2ZyB3aWR0aD0iMSIgaGVpZ2h0PSIxIiB4bWxucz0iaHR0cDovL3d3dy53My5vcmcvMjAwMC9zdmciPjwvc3ZnPg==\" style=\"--smush-placeholder-width: 1200px; --smush-placeholder-aspect-ratio: 1200\/675;\" \/><figcaption class=\"wp-element-caption\">Foto: Meydan TV<\/figcaption><\/figure>\n<\/div>\n\n\n<p>Yax\u0131nlar\u0131 bildiribl\u0259r ki, leysan ya\u011f\u0131\u015flar zaman\u0131 evini v\u0259 yax\u0131nl\u0131qdak\u0131 elektrik transfarmatorunu su basan Bin\u0259 sakini F\u00f6vq\u0259lad\u0259 Hallar Nazirliyin\u0259, Daxili \u0130\u015fl\u0259r Nazirliyinin 102 xidm\u0259tin\u0259, &#8220;Az\u0259riqaz&#8221;\u0131n q\u0259za xidm\u0259tin\u0259 z\u0259ng edib.<\/p>\n\n\n\n<p>N\u0259tic\u0259nin olmad\u0131\u011f\u0131n\u0131 g\u00f6r\u0259n sakin \u0259s\u0259bil\u0259\u015f\u0259r\u0259k polis b\u00f6lm\u0259sinin qar\u015f\u0131s\u0131nda intihar etm\u0259k <a href=\"https:\/\/storage.googleapis.com\/qurium\/www.meydan.tv\/az-article-polis-bolmesinin-qarsisinda-intihara-cehd-etdi-hebs-olundu.html\" target=\"_blank\" rel=\"noreferrer noopener\">ist\u0259yib<\/a>.<\/p>\n\n\n\n<p>Ba\u015f Prokurluq hadis\u0259 g\u00fcn\u00fc yayd\u0131\u011f\u0131 a\u00e7\u0131qlamada Sabun\u00e7u rayonu, Asif \u018fs\u0259dullayev k\u00fc\u00e7\u0259sind\u0259 yerl\u0259\u015f\u0259n v\u0259 ya\u011f\u0131\u015f sular\u0131 il\u0259 dolmu\u015f tuneld\u0259 2 n\u0259f\u0259rin c\u0259s\u0259dinin a\u015fkar olunmas\u0131 fakt\u0131 il\u0259 ba\u011fl\u0131 Sabun\u00e7u Rayon Prokurorlu\u011funda ara\u015fd\u0131rma apar\u0131ld\u0131\u011f\u0131n\u0131 deyib.<\/p>\n\n\n\n<p><strong><em>B\u0259s aidiyy\u0259ti qurumlar n\u0259 d\u00fc\u015f\u00fcn\u00fcr?<\/em><\/strong><\/p>\n\n\n\n<p>Hadis\u0259 ba\u015f ver\u0259n gec\u0259 Baki \u015f\u0259h\u0259r icra hakimiyy\u0259tinin ba\u015f\u00e7\u0131s\u0131 Eldar \u018fzizov v\u0259 aidiyyat\u0131 strukturlar\u0131n r\u0259hb\u0259rl\u0259ri subasman\u0131n qeyd\u0259 al\u0131nd\u0131\u011f\u0131 N\u0259rimanov rayonu Heyd\u0259r \u018fliyev prospekti, Ba\u011f\u0131rov korp\u00fcs\u00fcn\u00fcn yerl\u0259\u015fdiyi \u0259raziy\u0259 <a href=\"https:\/\/apa.az\/hadise\/eldar-ezizov-bezi-noqsanlara-yol-verilib-yagisin-fesadlari-ile-bagli-aidiyyeti-qurumlar-veziyyeti-tehlil-edecek-video-872988\" target=\"_blank\" rel=\"noreferrer noopener\">g\u0259libl\u0259r<\/a>.<\/p>\n\n\n\n<p>\u0130cra ba\u015f\u00e7\u0131s\u0131 jurnalistl\u0259r\u0259 a\u00e7\u0131qlamas\u0131nda deyib ki, ya\u011f\u0131nt\u0131 normadan art\u0131q olub.<\/p>\n\n\n\n<p>O deyib ki, b\u0259zi n\u00f6qsanlara yol verilib, ya\u011f\u0131\u015f\u0131n f\u0259sadlar\u0131 il\u0259 ba\u011fl\u0131 aidiyy\u0259ti qurumlar v\u0259ziyy\u0259ti t\u0259hlil ed\u0259c\u0259kl\u0259r.<\/p>\n\n\n\n<p><strong>Ekspertl\u0259r n\u0259 deyir?<\/strong><\/p>\n\n\n\n<p>Tikinti t\u0259hl\u00fck\u0259sizliyi \u00fczr\u0259 ekspert Samir N\u0259biyev Meydan TV-y\u0259 deyib ki, bu&nbsp; m\u0259s\u0259l\u0259d\u0259 ilk n\u00f6vb\u0259d\u0259 m\u0259sul olan qurum Az\u0259rbaycan Avtomobil Yollar\u0131 D\u00f6vl\u0259t Agentliyidir:<\/p>\n\n\n<div class=\"wp-block-image\">\n<figure class=\"aligncenter size-large is-resized\"><img decoding=\"async\" width=\"1095\" height=\"821\" data-src=\"https:\/\/www.meydan.tv\/wp-content\/uploads\/370595360_6853745428023327_5685529784330623445_n-1095x821.jpg\" alt=\"\" class=\"wp-image-319097 lazyload\" style=\"--smush-placeholder-width: 1095px; --smush-placeholder-aspect-ratio: 1095\/821;width:796px;height:auto\" src=\"data:image\/svg+xml;base64,PHN2ZyB3aWR0aD0iMSIgaGVpZ2h0PSIxIiB4bWxucz0iaHR0cDovL3d3dy53My5vcmcvMjAwMC9zdmciPjwvc3ZnPg==\" \/><figcaption class=\"wp-element-caption\">Foto: Samir N\u0259biyevin \u015f\u0259xsi arxivind\u0259n<\/figcaption><\/figure>\n<\/div>\n\n\n<p>&#8220;<em>Bu Agentlik \u00f6lk\u0259nin avtomobil yollar\u0131n\u0131n, k\u00f6rp\u00fcl\u0259rin, tunell\u0259rin, dig\u0259r yol qur\u011fular\u0131n\u0131n layih\u0259l\u0259ndirilm\u0259si, tikilm\u0259si, istismar\u0131, b\u0259rpas\u0131, t\u0259miri, yenid\u0259n qurulmas\u0131, avtomobil yollar\u0131n\u0131n v\u0259 yol qur\u011fular\u0131n\u0131n qorunub saxlan\u0131lmas\u0131 v\u0259 onlar\u0131n v\u0259ziyy\u0259tin\u0259 n\u0259zar\u0259t edilm\u0259si, yol infrastrukturunun inki\u015faf\u0131 il\u0259 ba\u011fl\u0131 dig\u0259r i\u015fl\u0259rin kompleks \u015f\u0259kild\u0259 apar\u0131lmas\u0131n\u0131n t\u0259min edilm\u0259sin\u0259 cavabdehdir. M\u0259sul \u015f\u0259xsl\u0259r ortaya \u00e7\u0131xmal\u0131d\u0131r ki, bu tunel v\u0259 ya k\u00f6rp\u00fc kimin istismar\u0131ndad\u0131r&#8221;.<\/em><\/p>\n\n\n\n<p><strong><em>&#8220;<\/em>\u00d6lk\u0259 r\u0259hb\u0259rliyi qar\u015f\u0131s\u0131nda m\u0259s\u0259l\u0259 qald\u0131r\u0131lmal\u0131d\u0131r&#8221;<\/strong><\/p>\n\n\n\n<p>&#8220;<em>Nizamnam\u0259y\u0259 \u0259sas\u0259n, cavabdeh Az\u0259rbaycan Avtomobil Yollar\u0131 D\u00f6vl\u0259t Agentliyidir. Agentliyin istismar\u0131nda deyils\u0259, kim\u0259 t\u0259hvl verilib. H\u0259min qurumun yaxas\u0131ndan yap\u0131\u015fmaq laz\u0131md\u0131r<\/em>&#8220;, &#8211; dey\u0259 o qeyd edib.<\/p>\n\n\n\n<p>Onun s\u00f6zl\u0259rin\u0259 g\u00f6r\u0259, Bak\u0131da drenaj x\u0259tl\u0259ri, dem\u0259k olar ki, yoxdur: &#8220;<em>\u00d6lk\u0259 r\u0259hb\u0259rliyi qar\u015f\u0131s\u0131nda m\u0259s\u0259l\u0259 qald\u0131r\u0131lmal\u0131d\u0131r. \u018fks halda, sosial h\u0259yat\u0131m\u0131z iflic v\u0259ziyy\u0259tin\u0259 d\u00fc\u015f\u0259 bil\u0259r. Daha bir vacib m\u0259s\u0259l\u0259 is\u0259 qurumlar aras\u0131nda m\u00fctl\u0259q koordinasiyan\u0131n olmas\u0131d\u0131r. Qurumlar bir-biril\u0259 vahid \u015f\u0259kild\u0259 i\u015fl\u0259m\u0259lidir&#8221;.<\/em><\/p>\n\n\n<div class=\"wp-block-image\">\n<figure class=\"aligncenter size-large\"><img decoding=\"async\" width=\"1200\" height=\"694\" data-src=\"https:\/\/www.meydan.tv\/wp-content\/uploads\/img_6107-1200x694.jpg\" alt=\"\" class=\"wp-image-319110 lazyload\" src=\"data:image\/svg+xml;base64,PHN2ZyB3aWR0aD0iMSIgaGVpZ2h0PSIxIiB4bWxucz0iaHR0cDovL3d3dy53My5vcmcvMjAwMC9zdmciPjwvc3ZnPg==\" style=\"--smush-placeholder-width: 1200px; --smush-placeholder-aspect-ratio: 1200\/694;\" \/><figcaption class=\"wp-element-caption\">Sabun\u00e7u, ya\u011f\u0131\u015fdan sonra. Foto: Meydan TV<\/figcaption><\/figure>\n<\/div>\n\n\n<p><strong>&#8220;Ba\u015f plan yoxdur, \u015f\u0259h\u0259rsalma prinsipl\u0259rin\u0259 \u0259m\u0259l olunmay\u0131b&#8221;<\/strong><\/p>\n\n\n\n<p>Memar Dilq\u0259m \u0130smay\u0131lov bildirib ki, probleml\u0259rin s\u0259b\u0259bi \u015f\u0259h\u0259rin d\u00fczg\u00fcn qurulmamas\u0131ndad\u0131r:<\/p>\n\n\n\n<p><em>&#8220;Bak\u0131n\u0131n Ba\u015f plan\u0131 yoxdur. Az\u0259rbaycan C\u0259nubi Qafqazda i\u00e7m\u0259li su problemi olan \u00f6lk\u0259dir. Ya\u011f\u0131\u015f sular\u0131 t\u0259bii sulard\u0131r v\u0259 istifad\u0259y\u0259 yararl\u0131d\u0131r. Ya\u011f\u0131\u015f sular\u0131ndan daha s\u0259m\u0259r\u0259li istifad\u0259 etm\u0259k olar. Ya\u011f\u0131\u015f sular\u0131n\u0131n toplan\u0131lmas\u0131 i\u015fl\u0259ri apar\u0131lmal\u0131d\u0131r. Bu sulardan Bak\u0131n\u0131n suvar\u0131lmas\u0131nda, ya\u015f\u0131lla\u015fd\u0131rmada istifad\u0259 ed\u0259 bil\u0259rl\u0259r&#8221;.<\/em><\/p>\n\n\n<div class=\"wp-block-image\">\n<figure class=\"aligncenter size-large is-resized\"><img decoding=\"async\" width=\"1200\" height=\"675\" data-src=\"https:\/\/www.meydan.tv\/wp-content\/uploads\/maxresdefault-25-1200x675.jpg\" alt=\"\" class=\"wp-image-319094 lazyload\" style=\"--smush-placeholder-width: 1200px; --smush-placeholder-aspect-ratio: 1200\/675;width:795px;height:auto\" src=\"data:image\/svg+xml;base64,PHN2ZyB3aWR0aD0iMSIgaGVpZ2h0PSIxIiB4bWxucz0iaHR0cDovL3d3dy53My5vcmcvMjAwMC9zdmciPjwvc3ZnPg==\" \/><figcaption class=\"wp-element-caption\">Foto: Dilq\u0259m \u0130smay\u0131lovun &#8220;Youtube&#8221; \u00e7\u0131x\u015f\u0131ndan screenshot<\/figcaption><\/figure>\n<\/div>\n\n\n<p><em>&#8220;\u015e\u0259h\u0259rsalma d\u00fczg\u00fcn qurulmad\u0131\u011f\u0131na g\u00f6r\u0259 b\u0259zi x\u0259tl\u0259rd\u0259 y\u00fckl\u0259nm\u0259l\u0259r olur. Amma bunun t\u0259bii ki, ya\u011f\u0131\u015f sular\u0131na \u00e7ox da aidiyy\u0259ti yoxdur, kanalizasiya sular\u0131 il\u0259 \u0259laq\u0259dard\u0131r. Sabun\u00e7uya baxanda, g\u00f6r\u00fcn\u00fcr ki, orada t\u0259kc\u0259 ya\u011f\u0131\u015f suyu m\u0259s\u0259l\u0259si deyil. \u015e\u0259h\u0259rsalma prinsipl\u0259rin\u0259 \u0259m\u0259l olunmay\u0131b&#8221;, <\/em>&#8211; memar vur\u011fulay\u0131b.<\/p>\n\n\n\n<p><strong>&#8220;Bununla birba\u015fa icra hakimiyy\u0259ti m\u0259\u015f\u011ful olmal\u0131d\u0131r&#8221;<\/strong><\/p>\n\n\n\n<p>Ekoloq Fikr\u0259t C\u0259f\u0259rov is\u0259 deyir ki, yeni ya\u015fay\u0131\u015f evl\u0259rinin he\u00e7 birind\u0259, dem\u0259k olar ki, ya\u011f\u0131\u015f kanalizasiyas\u0131 qurulmay\u0131b:<\/p>\n\n\n\n<p><em>&#8220;Bak\u0131da n\u0259 q\u0259d\u0259r yeni evl\u0259r tikilib. Yeni ya\u015fay\u0131\u015f evl\u0259rinin he\u00e7 birind\u0259 dem\u0259k olar ki, ya\u011f\u0131\u015f kanalizasiyas\u0131 qurulmay\u0131b. Ya\u011f\u0131\u015f kanalizasiyas\u0131 olan yerl\u0259rd\u0259, vaxt\u0131nda t\u0259mizlik i\u015fl\u0259ri apar\u0131lm\u0131r. Bununla birba\u015fa icra hakimiyy\u0259ti, d\u00f6vl\u0259t qurumlar\u0131 m\u0259\u015f\u011ful olmal\u0131d\u0131r. Ba\u015f ver\u0259nl\u0259rin qar\u015f\u0131s\u0131n\u0131 almaq q\u0131sa m\u00fcdd\u0259td\u0259 \u00fcmumiyy\u0259tl\u0259, m\u00fcmk\u00fcn olmayacaq. Bu, konkret Ab\u015feron \u00fczr\u0259 d\u00f6vl\u0259t proqram\u0131 yenid\u0259n haz\u0131rlan\u0131b, h\u0259yata ke\u00e7irilm\u0259lidir&#8221;.<\/em><\/p>\n\n\n\n<p><strong>&#8220;\u015e\u0259ffafl\u0131q v\u0259 hesabatl\u0131l\u0131q yoxdur&#8221;<\/strong><\/p>\n\n\n\n<p>\u0130qtisad\u00e7\u0131 To\u011frul V\u0259liyev Meydan TV-y\u0259 bildirib ki, Bak\u0131da yenid\u0259nqurma i\u015fl\u0259rind\u0259 v\u0259saitl\u0259rin x\u0259rcl\u0259nm\u0259sind\u0259 \u015f\u0259ffafl\u0131q v\u0259 hesabatl\u0131l\u0131q yoxdur:<\/p>\n\n\n\n<p><em>&#8220;Bak\u0131da kanalizasiya sisteminin b\u0259rpas\u0131 art\u0131q 30 ilin m\u0259s\u0259l\u0259sidir. Hans\u0131sa yerl\u0259rd\u0259 q\u0259za ba\u015f<\/em> <em>ver\u0259nd\u0259 t\u0259mir edilir, amma yenid\u0259nqurulmas\u0131 v\u0259 geni\u015fl\u0259nm\u0259si i\u015fl\u0259ri h\u0259l\u0259 d\u0259 h\u0259yata ke\u00e7irilmir. Daha bir vacib m\u0259qam qurumlar\u0131n bir-biril\u0259 \u0259m\u0259kda\u015fl\u0131q etm\u0259m\u0259sidir. M\u00fc\u015fahid\u0259 edirik ki, \u00e7ox vaxt sistemli yana\u015fma ba\u015f vermir. \u00c7\u00fcnki vahid planla\u015fd\u0131rma yoxdur. H\u0259m\u00e7inin t\u0259sdiql\u0259nm\u0259sin\u0259 baxmayaraq, faktiki olaraq, Bak\u0131n\u0131n Ba\u015f plan\u0131 yoxdur. Buna m\u00fc\u0259yy\u0259n q\u0259d\u0259r n\u0259zar\u0259t d\u0259 yoxdur. \u00c7\u00fcnki b\u0259lli deyil ki, kim hans\u0131 \u0259raziy\u0259 cavabdehdir&#8221;.<\/em><\/p>\n\n\n<div class=\"wp-block-image\">\n<figure class=\"aligncenter size-full\"><img decoding=\"async\" width=\"1200\" height=\"720\" data-src=\"https:\/\/www.meydan.tv\/wp-content\/uploads\/togrul-masalli.jpg\" alt=\"To\u011frul Ma\u015fall\u0131\" class=\"wp-image-123130 lazyload\" src=\"data:image\/svg+xml;base64,PHN2ZyB3aWR0aD0iMSIgaGVpZ2h0PSIxIiB4bWxucz0iaHR0cDovL3d3dy53My5vcmcvMjAwMC9zdmciPjwvc3ZnPg==\" style=\"--smush-placeholder-width: 1200px; --smush-placeholder-aspect-ratio: 1200\/720;\" \/><figcaption class=\"wp-element-caption\">Foto: To\u011frul V\u0259liyevin \u015f\u0259xsi arxivind\u0259n<\/figcaption><\/figure>\n<\/div>\n\n\n<p><em>&#8220;\u0130kinci m\u0259s\u0259l\u0259, \u0259lb\u0259tt\u0259 ki, v\u0259saitl\u0259rin x\u0259rcl\u0259nm\u0259sind\u0259 \u015f\u0259ffafl\u0131qd\u0131r. Hesabat\u0131, \u015f\u0259ffafl\u0131\u011f\u0131 k\u0259nara qoysaq, \u00fcmumiyy\u0259tl\u0259, h\u00f6kum\u0259tin prioritetl\u0259ri aras\u0131nda Bak\u0131n\u0131n infrasturkturu, b\u0259rpas\u0131, yenid\u0259nqurulmas\u0131n\u0131 he\u00e7 vaxt g\u00f6rm\u0259mi\u015fik. \u00c7oxsayl\u0131 t\u0259mir i\u015fl\u0259ri ke\u00e7irirl\u0259r, amma konkret infrasturktur layih\u0259l\u0259ri, m\u0259s\u0259l\u0259n, su v\u0259 kanalizasiya borular\u0131n\u0131n d\u0259yi\u015fdirilm\u0259si he\u00e7 vaxt prioritet olmay\u0131b. G\u00f6r\u00fcn\u0259n odur ki, b\u00fct\u00fcn infrastruktur k\u00f6hn\u0259lib, amma yenil\u0259nm\u0259sin\u0259, n\u0259 bu, n\u0259 d\u0259 n\u00f6vb\u0259ti il v\u0259saitin ayr\u0131lmas\u0131 n\u0259z\u0259rd\u0259 tutulub&#8221;,<\/em> &#8211; iqtisad\u00e7\u0131 bel\u0259 deyir.<\/p>\n","protected":false},"excerpt":{"rendered":"<p>Ekspertl\u0259r problemin s\u0259b\u0259bini t\u0259bii f\u0259lak\u0259td\u0259 yox, d\u00f6vl\u0259t qurumlar\u0131nda g\u00f6r\u00fcrl\u0259r Oktyabr\u0131n &#8230; <\/p>\n<p class=\"read-more-container\"><a title=\"Ya\u011f\u0131\u015fda batan Bak\u0131n\u0131n probleml\u0259ri: &#8220;\u015e\u0259ffafl\u0131q v\u0259 n\u0259zar\u0259t yoxdur&#8221;\" class=\"read-more button\" href=\"https:\/\/www.meydan.tv\/az\/article\/yagisda-batan-bakinin-problemleri-seffafliq-ve-nezaret-yoxdur\/#more-319093\" aria-label=\"Read more about Ya\u011f\u0131\u015fda batan Bak\u0131n\u0131n probleml\u0259ri: &#8220;\u015e\u0259ffafl\u0131q v\u0259 n\u0259zar\u0259t yoxdur&#8221;\">Davam\u0131<\/a><\/p>\n","protected":false},"author":8,"featured_media":319101,"comment_status":"closed","ping_status":"closed","sticky":false,"template":"","format":"standard","meta":{"_acf_changed":false,"_sitemap_exclude":false,"_sitemap_priority":"","_sitemap_frequency":"","footnotes":""},"categories":[62,79,56],"tags":[],"class_list":["post-319093","post","type-post","status-publish","format-standard","has-post-thumbnail","hentry","category-sosial","category-featured","category-xeberler","infinite-scroll-item","generate-columns","tablet-grid-50","mobile-grid-100","grid-parent","grid-33","no-featured-image-padding"],"acf":[],"yoast_head":"<!-- This site is optimized with the Yoast SEO plugin v27.4 - https:\/\/yoast.com\/product\/yoast-seo-wordpress\/ -->\n<title>Ya\u011f\u0131\u015fda batan Bak\u0131n\u0131n probleml\u0259ri: &quot;\u015e\u0259ffafl\u0131q v\u0259 n\u0259zar\u0259t yoxdur&quot; - MEYDAN.TV<\/title>\n<meta name=\"description\" content=\"\u015e\u0259h\u0259rin bir \u00e7ox \u0259razil\u0259rind\u0259 ya\u015fay\u0131\u015f obyektl\u0259rin\u0259, evl\u0259r\u0259 su dolub, insanlar m\u0259nzill\u0259rini t\u0259rk etm\u0259k m\u0259cburiyy\u0259tind\u0259 qal\u0131blar.\" \/>\n<meta name=\"robots\" content=\"index, follow, max-snippet:-1, max-image-preview:large, max-video-preview:-1\" \/>\n<link rel=\"canonical\" href=\"https:\/\/www.meydan.tv\/az\/article\/yagisda-batan-bakinin-problemleri-seffafliq-ve-nezaret-yoxdur\/\" \/>\n<meta property=\"og:locale\" content=\"az_AZ\" \/>\n<meta property=\"og:type\" content=\"article\" \/>\n<meta property=\"og:title\" content=\"Ya\u011f\u0131\u015fda batan Bak\u0131n\u0131n probleml\u0259ri: &quot;\u015e\u0259ffafl\u0131q v\u0259 n\u0259zar\u0259t yoxdur&quot; - MEYDAN.TV\" \/>\n<meta property=\"og:description\" content=\"\u015e\u0259h\u0259rin bir \u00e7ox \u0259razil\u0259rind\u0259 ya\u015fay\u0131\u015f obyektl\u0259rin\u0259, evl\u0259r\u0259 su dolub, insanlar m\u0259nzill\u0259rini t\u0259rk etm\u0259k m\u0259cburiyy\u0259tind\u0259 qal\u0131blar.\" \/>\n<meta property=\"og:url\" content=\"https:\/\/www.meydan.tv\/az\/article\/yagisda-batan-bakinin-problemleri-seffafliq-ve-nezaret-yoxdur\/\" \/>\n<meta property=\"og:site_name\" content=\"MEYDAN.TV\" \/>\n<meta property=\"article:published_time\" content=\"2024-10-29T12:34:13+00:00\" \/>\n<meta property=\"article:modified_time\" content=\"2024-10-29T12:42:57+00:00\" \/>\n<meta property=\"og:image\" content=\"https:\/\/www.meydan.tv\/wp-content\/uploads\/img_5877-1.jpg\" \/>\n\t<meta property=\"og:image:width\" content=\"1900\" \/>\n\t<meta property=\"og:image:height\" content=\"1425\" \/>\n\t<meta property=\"og:image:type\" content=\"image\/jpeg\" \/>\n<meta name=\"author\" content=\"elli\" \/>\n<meta name=\"twitter:card\" content=\"summary_large_image\" \/>\n<meta name=\"twitter:creator\" content=\"@elli\" \/>\n<script type=\"application\/ld+json\" class=\"yoast-schema-graph\">{\"@context\":\"https:\\\/\\\/schema.org\",\"@graph\":[{\"@type\":\"Article\",\"@id\":\"https:\\\/\\\/www.meydan.tv\\\/az\\\/article\\\/yagisda-batan-bakinin-problemleri-seffafliq-ve-nezaret-yoxdur\\\/#article\",\"isPartOf\":{\"@id\":\"https:\\\/\\\/www.meydan.tv\\\/az\\\/article\\\/yagisda-batan-bakinin-problemleri-seffafliq-ve-nezaret-yoxdur\\\/\"},\"author\":{\"name\":\"elli\",\"@id\":\"https:\\\/\\\/www.meydan.tv\\\/az\\\/#\\\/schema\\\/person\\\/9cdbecf90d17180ce1dfbd95b08dcf47\"},\"headline\":\"Ya\u011f\u0131\u015fda batan Bak\u0131n\u0131n probleml\u0259ri: &#8220;\u015e\u0259ffafl\u0131q v\u0259 n\u0259zar\u0259t yoxdur&#8221;\",\"datePublished\":\"2024-10-29T12:34:13+00:00\",\"dateModified\":\"2024-10-29T12:42:57+00:00\",\"mainEntityOfPage\":{\"@id\":\"https:\\\/\\\/www.meydan.tv\\\/az\\\/article\\\/yagisda-batan-bakinin-problemleri-seffafliq-ve-nezaret-yoxdur\\\/\"},\"wordCount\":1491,\"publisher\":{\"@id\":\"https:\\\/\\\/www.meydan.tv\\\/az\\\/#organization\"},\"image\":{\"@id\":\"https:\\\/\\\/www.meydan.tv\\\/az\\\/article\\\/yagisda-batan-bakinin-problemleri-seffafliq-ve-nezaret-yoxdur\\\/#primaryimage\"},\"thumbnailUrl\":\"https:\\\/\\\/www.meydan.tv\\\/wp-content\\\/uploads\\\/img_5877-1.jpg\",\"articleSection\":[\"Sosial\",\"T\u00f6vsiy\u0259\",\"X\u0259b\u0259rl\u0259r\"],\"inLanguage\":\"az\"},{\"@type\":\"WebPage\",\"@id\":\"https:\\\/\\\/www.meydan.tv\\\/az\\\/article\\\/yagisda-batan-bakinin-problemleri-seffafliq-ve-nezaret-yoxdur\\\/\",\"url\":\"https:\\\/\\\/www.meydan.tv\\\/az\\\/article\\\/yagisda-batan-bakinin-problemleri-seffafliq-ve-nezaret-yoxdur\\\/\",\"name\":\"Ya\u011f\u0131\u015fda batan Bak\u0131n\u0131n probleml\u0259ri: \\\"\u015e\u0259ffafl\u0131q v\u0259 n\u0259zar\u0259t yoxdur\\\" - MEYDAN.TV\",\"isPartOf\":{\"@id\":\"https:\\\/\\\/www.meydan.tv\\\/az\\\/#website\"},\"primaryImageOfPage\":{\"@id\":\"https:\\\/\\\/www.meydan.tv\\\/az\\\/article\\\/yagisda-batan-bakinin-problemleri-seffafliq-ve-nezaret-yoxdur\\\/#primaryimage\"},\"image\":{\"@id\":\"https:\\\/\\\/www.meydan.tv\\\/az\\\/article\\\/yagisda-batan-bakinin-problemleri-seffafliq-ve-nezaret-yoxdur\\\/#primaryimage\"},\"thumbnailUrl\":\"https:\\\/\\\/www.meydan.tv\\\/wp-content\\\/uploads\\\/img_5877-1.jpg\",\"datePublished\":\"2024-10-29T12:34:13+00:00\",\"dateModified\":\"2024-10-29T12:42:57+00:00\",\"description\":\"\u015e\u0259h\u0259rin bir \u00e7ox \u0259razil\u0259rind\u0259 ya\u015fay\u0131\u015f obyektl\u0259rin\u0259, evl\u0259r\u0259 su dolub, insanlar m\u0259nzill\u0259rini t\u0259rk etm\u0259k m\u0259cburiyy\u0259tind\u0259 qal\u0131blar.\",\"breadcrumb\":{\"@id\":\"https:\\\/\\\/www.meydan.tv\\\/az\\\/article\\\/yagisda-batan-bakinin-problemleri-seffafliq-ve-nezaret-yoxdur\\\/#breadcrumb\"},\"inLanguage\":\"az\",\"potentialAction\":[{\"@type\":\"ReadAction\",\"target\":[\"https:\\\/\\\/www.meydan.tv\\\/az\\\/article\\\/yagisda-batan-bakinin-problemleri-seffafliq-ve-nezaret-yoxdur\\\/\"]}]},{\"@type\":\"ImageObject\",\"inLanguage\":\"az\",\"@id\":\"https:\\\/\\\/www.meydan.tv\\\/az\\\/article\\\/yagisda-batan-bakinin-problemleri-seffafliq-ve-nezaret-yoxdur\\\/#primaryimage\",\"url\":\"https:\\\/\\\/www.meydan.tv\\\/wp-content\\\/uploads\\\/img_5877-1.jpg\",\"contentUrl\":\"https:\\\/\\\/www.meydan.tv\\\/wp-content\\\/uploads\\\/img_5877-1.jpg\",\"width\":1900,\"height\":1425,\"caption\":\"Bak\u0131, Sabun\u00e7u, ya\u011f\u0131\u015fdan sonra. Foto: Meydan TV\"},{\"@type\":\"BreadcrumbList\",\"@id\":\"https:\\\/\\\/www.meydan.tv\\\/az\\\/article\\\/yagisda-batan-bakinin-problemleri-seffafliq-ve-nezaret-yoxdur\\\/#breadcrumb\",\"itemListElement\":[{\"@type\":\"ListItem\",\"position\":1,\"name\":\"Ana s\u0259hif\u0259\",\"item\":\"https:\\\/\\\/www.meydan.tv\\\/az\\\/\"},{\"@type\":\"ListItem\",\"position\":2,\"name\":\"Sosial\",\"item\":\"https:\\\/\\\/www.meydan.tv\\\/az\\\/section\\\/sosial\\\/\"},{\"@type\":\"ListItem\",\"position\":3,\"name\":\"Ya\u011f\u0131\u015fda batan Bak\u0131n\u0131n probleml\u0259ri: &#8220;\u015e\u0259ffafl\u0131q v\u0259 n\u0259zar\u0259t yoxdur&#8221;\"}]},{\"@type\":\"WebSite\",\"@id\":\"https:\\\/\\\/www.meydan.tv\\\/az\\\/#website\",\"url\":\"https:\\\/\\\/www.meydan.tv\\\/az\\\/\",\"name\":\"MEYDAN.TV\",\"description\":\"Meydan TV Az\u0259rbaycan\u0131n media m\u0259kan\u0131ndak\u0131 alternativ s\u0259sidir\",\"publisher\":{\"@id\":\"https:\\\/\\\/www.meydan.tv\\\/az\\\/#organization\"},\"potentialAction\":[{\"@type\":\"SearchAction\",\"target\":{\"@type\":\"EntryPoint\",\"urlTemplate\":\"https:\\\/\\\/www.meydan.tv\\\/az\\\/?s={search_term_string}\"},\"query-input\":{\"@type\":\"PropertyValueSpecification\",\"valueRequired\":true,\"valueName\":\"search_term_string\"}}],\"inLanguage\":\"az\"},{\"@type\":\"Organization\",\"@id\":\"https:\\\/\\\/www.meydan.tv\\\/az\\\/#organization\",\"name\":\"Meydan TV\",\"url\":\"https:\\\/\\\/www.meydan.tv\\\/az\\\/\",\"logo\":{\"@type\":\"ImageObject\",\"inLanguage\":\"az\",\"@id\":\"https:\\\/\\\/www.meydan.tv\\\/az\\\/#\\\/schema\\\/logo\\\/image\\\/\",\"url\":\"https:\\\/\\\/www.meydan.tv\\\/wp-content\\\/uploads\\\/2021\\\/07\\\/meydan-logo.svg\",\"contentUrl\":\"https:\\\/\\\/www.meydan.tv\\\/wp-content\\\/uploads\\\/2021\\\/07\\\/meydan-logo.svg\",\"width\":195,\"height\":46,\"caption\":\"Meydan TV\"},\"image\":{\"@id\":\"https:\\\/\\\/www.meydan.tv\\\/az\\\/#\\\/schema\\\/logo\\\/image\\\/\"}},{\"@type\":\"Person\",\"@id\":\"https:\\\/\\\/www.meydan.tv\\\/az\\\/#\\\/schema\\\/person\\\/9cdbecf90d17180ce1dfbd95b08dcf47\",\"name\":\"elli\",\"sameAs\":[\"https:\\\/\\\/x.com\\\/elli\"]}]}<\/script>\n<!-- \/ Yoast SEO plugin. -->","yoast_head_json":{"title":"Ya\u011f\u0131\u015fda batan Bak\u0131n\u0131n probleml\u0259ri: \"\u015e\u0259ffafl\u0131q v\u0259 n\u0259zar\u0259t yoxdur\" - MEYDAN.TV","description":"\u015e\u0259h\u0259rin bir \u00e7ox \u0259razil\u0259rind\u0259 ya\u015fay\u0131\u015f obyektl\u0259rin\u0259, evl\u0259r\u0259 su dolub, insanlar m\u0259nzill\u0259rini t\u0259rk etm\u0259k m\u0259cburiyy\u0259tind\u0259 qal\u0131blar.","robots":{"index":"index","follow":"follow","max-snippet":"max-snippet:-1","max-image-preview":"max-image-preview:large","max-video-preview":"max-video-preview:-1"},"canonical":"https:\/\/www.meydan.tv\/az\/article\/yagisda-batan-bakinin-problemleri-seffafliq-ve-nezaret-yoxdur\/","og_locale":"az_AZ","og_type":"article","og_title":"Ya\u011f\u0131\u015fda batan Bak\u0131n\u0131n probleml\u0259ri: \"\u015e\u0259ffafl\u0131q v\u0259 n\u0259zar\u0259t yoxdur\" - MEYDAN.TV","og_description":"\u015e\u0259h\u0259rin bir \u00e7ox \u0259razil\u0259rind\u0259 ya\u015fay\u0131\u015f obyektl\u0259rin\u0259, evl\u0259r\u0259 su dolub, insanlar m\u0259nzill\u0259rini t\u0259rk etm\u0259k m\u0259cburiyy\u0259tind\u0259 qal\u0131blar.","og_url":"https:\/\/www.meydan.tv\/az\/article\/yagisda-batan-bakinin-problemleri-seffafliq-ve-nezaret-yoxdur\/","og_site_name":"MEYDAN.TV","article_published_time":"2024-10-29T12:34:13+00:00","article_modified_time":"2024-10-29T12:42:57+00:00","og_image":[{"width":1900,"height":1425,"url":"https:\/\/www.meydan.tv\/wp-content\/uploads\/img_5877-1.jpg","type":"image\/jpeg"}],"author":"elli","twitter_card":"summary_large_image","twitter_creator":"@elli","schema":{"@context":"https:\/\/schema.org","@graph":[{"@type":"Article","@id":"https:\/\/www.meydan.tv\/az\/article\/yagisda-batan-bakinin-problemleri-seffafliq-ve-nezaret-yoxdur\/#article","isPartOf":{"@id":"https:\/\/www.meydan.tv\/az\/article\/yagisda-batan-bakinin-problemleri-seffafliq-ve-nezaret-yoxdur\/"},"author":{"name":"elli","@id":"https:\/\/www.meydan.tv\/az\/#\/schema\/person\/9cdbecf90d17180ce1dfbd95b08dcf47"},"headline":"Ya\u011f\u0131\u015fda batan Bak\u0131n\u0131n probleml\u0259ri: &#8220;\u015e\u0259ffafl\u0131q v\u0259 n\u0259zar\u0259t yoxdur&#8221;","datePublished":"2024-10-29T12:34:13+00:00","dateModified":"2024-10-29T12:42:57+00:00","mainEntityOfPage":{"@id":"https:\/\/www.meydan.tv\/az\/article\/yagisda-batan-bakinin-problemleri-seffafliq-ve-nezaret-yoxdur\/"},"wordCount":1491,"publisher":{"@id":"https:\/\/www.meydan.tv\/az\/#organization"},"image":{"@id":"https:\/\/www.meydan.tv\/az\/article\/yagisda-batan-bakinin-problemleri-seffafliq-ve-nezaret-yoxdur\/#primaryimage"},"thumbnailUrl":"https:\/\/www.meydan.tv\/wp-content\/uploads\/img_5877-1.jpg","articleSection":["Sosial","T\u00f6vsiy\u0259","X\u0259b\u0259rl\u0259r"],"inLanguage":"az"},{"@type":"WebPage","@id":"https:\/\/www.meydan.tv\/az\/article\/yagisda-batan-bakinin-problemleri-seffafliq-ve-nezaret-yoxdur\/","url":"https:\/\/www.meydan.tv\/az\/article\/yagisda-batan-bakinin-problemleri-seffafliq-ve-nezaret-yoxdur\/","name":"Ya\u011f\u0131\u015fda batan Bak\u0131n\u0131n probleml\u0259ri: \"\u015e\u0259ffafl\u0131q v\u0259 n\u0259zar\u0259t yoxdur\" - MEYDAN.TV","isPartOf":{"@id":"https:\/\/www.meydan.tv\/az\/#website"},"primaryImageOfPage":{"@id":"https:\/\/www.meydan.tv\/az\/article\/yagisda-batan-bakinin-problemleri-seffafliq-ve-nezaret-yoxdur\/#primaryimage"},"image":{"@id":"https:\/\/www.meydan.tv\/az\/article\/yagisda-batan-bakinin-problemleri-seffafliq-ve-nezaret-yoxdur\/#primaryimage"},"thumbnailUrl":"https:\/\/www.meydan.tv\/wp-content\/uploads\/img_5877-1.jpg","datePublished":"2024-10-29T12:34:13+00:00","dateModified":"2024-10-29T12:42:57+00:00","description":"\u015e\u0259h\u0259rin bir \u00e7ox \u0259razil\u0259rind\u0259 ya\u015fay\u0131\u015f obyektl\u0259rin\u0259, evl\u0259r\u0259 su dolub, insanlar m\u0259nzill\u0259rini t\u0259rk etm\u0259k m\u0259cburiyy\u0259tind\u0259 qal\u0131blar.","breadcrumb":{"@id":"https:\/\/www.meydan.tv\/az\/article\/yagisda-batan-bakinin-problemleri-seffafliq-ve-nezaret-yoxdur\/#breadcrumb"},"inLanguage":"az","potentialAction":[{"@type":"ReadAction","target":["https:\/\/www.meydan.tv\/az\/article\/yagisda-batan-bakinin-problemleri-seffafliq-ve-nezaret-yoxdur\/"]}]},{"@type":"ImageObject","inLanguage":"az","@id":"https:\/\/www.meydan.tv\/az\/article\/yagisda-batan-bakinin-problemleri-seffafliq-ve-nezaret-yoxdur\/#primaryimage","url":"https:\/\/www.meydan.tv\/wp-content\/uploads\/img_5877-1.jpg","contentUrl":"https:\/\/www.meydan.tv\/wp-content\/uploads\/img_5877-1.jpg","width":1900,"height":1425,"caption":"Bak\u0131, Sabun\u00e7u, ya\u011f\u0131\u015fdan sonra. Foto: Meydan TV"},{"@type":"BreadcrumbList","@id":"https:\/\/www.meydan.tv\/az\/article\/yagisda-batan-bakinin-problemleri-seffafliq-ve-nezaret-yoxdur\/#breadcrumb","itemListElement":[{"@type":"ListItem","position":1,"name":"Ana s\u0259hif\u0259","item":"https:\/\/www.meydan.tv\/az\/"},{"@type":"ListItem","position":2,"name":"Sosial","item":"https:\/\/www.meydan.tv\/az\/section\/sosial\/"},{"@type":"ListItem","position":3,"name":"Ya\u011f\u0131\u015fda batan Bak\u0131n\u0131n probleml\u0259ri: &#8220;\u015e\u0259ffafl\u0131q v\u0259 n\u0259zar\u0259t yoxdur&#8221;"}]},{"@type":"WebSite","@id":"https:\/\/www.meydan.tv\/az\/#website","url":"https:\/\/www.meydan.tv\/az\/","name":"MEYDAN.TV","description":"Meydan TV Az\u0259rbaycan\u0131n media m\u0259kan\u0131ndak\u0131 alternativ s\u0259sidir","publisher":{"@id":"https:\/\/www.meydan.tv\/az\/#organization"},"potentialAction":[{"@type":"SearchAction","target":{"@type":"EntryPoint","urlTemplate":"https:\/\/www.meydan.tv\/az\/?s={search_term_string}"},"query-input":{"@type":"PropertyValueSpecification","valueRequired":true,"valueName":"search_term_string"}}],"inLanguage":"az"},{"@type":"Organization","@id":"https:\/\/www.meydan.tv\/az\/#organization","name":"Meydan TV","url":"https:\/\/www.meydan.tv\/az\/","logo":{"@type":"ImageObject","inLanguage":"az","@id":"https:\/\/www.meydan.tv\/az\/#\/schema\/logo\/image\/","url":"https:\/\/www.meydan.tv\/wp-content\/uploads\/2021\/07\/meydan-logo.svg","contentUrl":"https:\/\/www.meydan.tv\/wp-content\/uploads\/2021\/07\/meydan-logo.svg","width":195,"height":46,"caption":"Meydan TV"},"image":{"@id":"https:\/\/www.meydan.tv\/az\/#\/schema\/logo\/image\/"}},{"@type":"Person","@id":"https:\/\/www.meydan.tv\/az\/#\/schema\/person\/9cdbecf90d17180ce1dfbd95b08dcf47","name":"elli","sameAs":["https:\/\/x.com\/elli"]}]}},"_links":{"self":[{"href":"https:\/\/www.meydan.tv\/az\/wp-json\/wp\/v2\/posts\/319093","targetHints":{"allow":["GET"]}}],"collection":[{"href":"https:\/\/www.meydan.tv\/az\/wp-json\/wp\/v2\/posts"}],"about":[{"href":"https:\/\/www.meydan.tv\/az\/wp-json\/wp\/v2\/types\/post"}],"author":[{"embeddable":true,"href":"https:\/\/www.meydan.tv\/az\/wp-json\/wp\/v2\/users\/8"}],"replies":[{"embeddable":true,"href":"https:\/\/www.meydan.tv\/az\/wp-json\/wp\/v2\/comments?post=319093"}],"version-history":[{"count":3,"href":"https:\/\/www.meydan.tv\/az\/wp-json\/wp\/v2\/posts\/319093\/revisions"}],"predecessor-version":[{"id":319119,"href":"https:\/\/www.meydan.tv\/az\/wp-json\/wp\/v2\/posts\/319093\/revisions\/319119"}],"wp:featuredmedia":[{"embeddable":true,"href":"https:\/\/www.meydan.tv\/az\/wp-json\/wp\/v2\/media\/319101"}],"wp:attachment":[{"href":"https:\/\/www.meydan.tv\/az\/wp-json\/wp\/v2\/media?parent=319093"}],"wp:term":[{"taxonomy":"category","embeddable":true,"href":"https:\/\/www.meydan.tv\/az\/wp-json\/wp\/v2\/categories?post=319093"},{"taxonomy":"post_tag","embeddable":true,"href":"https:\/\/www.meydan.tv\/az\/wp-json\/wp\/v2\/tags?post=319093"}],"curies":[{"name":"wp","href":"https:\/\/api.w.org\/{rel}","templated":true}]}}