{"id":319026,"date":"2024-10-28T22:33:32","date_gmt":"2024-10-28T18:33:32","guid":{"rendered":"https:\/\/www.meydan.tv\/?p=319026"},"modified":"2024-10-29T00:35:30","modified_gmt":"2024-10-28T20:35:30","slug":"bineqedi-bir-heftedir-suyun-altinda-yardim-eleyen-yoxdur","status":"publish","type":"post","link":"https:\/\/www.meydan.tv\/az\/article\/bineqedi-bir-heftedir-suyun-altinda-yardim-eleyen-yoxdur\/","title":{"rendered":"Bin\u0259q\u0259di bir h\u0259ft\u0259dir suyun alt\u0131nda: Yard\u0131m ed\u0259n yoxdur"},"content":{"rendered":"\n<figure class=\"wp-block-embed is-type-video is-provider-youtube wp-block-embed-youtube wp-embed-aspect-16-9 wp-has-aspect-ratio\"><div class=\"wp-block-embed__wrapper\">\n<iframe title=\"Bin\u0259q\u0259di bir h\u0259ft\u0259dir suyun alt\u0131nda: Yard\u0131m el\u0259y\u0259n yoxdur\" width=\"1200\" height=\"675\" data-src=\"https:\/\/www.youtube.com\/embed\/1brhTGJeztE?feature=oembed\" frameborder=\"0\" allow=\"accelerometer; autoplay; clipboard-write; encrypted-media; gyroscope; picture-in-picture; web-share\" referrerpolicy=\"strict-origin-when-cross-origin\" allowfullscreen src=\"data:image\/svg+xml;base64,PHN2ZyB3aWR0aD0iMSIgaGVpZ2h0PSIxIiB4bWxucz0iaHR0cDovL3d3dy53My5vcmcvMjAwMC9zdmciPjwvc3ZnPg==\" class=\"lazyload\" data-load-mode=\"1\"><\/iframe>\n<\/div><\/figure>\n\n\n\n<!--more-->\n\n\n\n<p><\/p>\n\n\n\n<p>Bak\u0131ya \u00f6t\u0259n h\u0259ft\u0259 ya\u011fan ya\u011f\u0131\u015fdan sonra Bin\u0259q\u0259di rayonunda b\u0259zi m\u0259h\u0259ll\u0259l\u0259r h\u0259l\u0259 d\u0259 suyun alt\u0131ndad\u0131r. <\/p>\n\n\n\n<p>Sakinl\u0259r yard\u0131m\u0131n olmamas\u0131ndan \u015fikay\u0259t edirl\u0259r.<\/p>\n","protected":false},"excerpt":{"rendered":"","protected":false},"author":12,"featured_media":319027,"comment_status":"closed","ping_status":"closed","sticky":false,"template":"","format":"standard","meta":{"_acf_changed":false,"_sitemap_exclude":false,"_sitemap_priority":"","_sitemap_frequency":"","footnotes":""},"categories":[62,63],"tags":[],"class_list":["post-319026","post","type-post","status-publish","format-standard","has-post-thumbnail","hentry","category-sosial","category-video-2","infinite-scroll-item","generate-columns","tablet-grid-50","mobile-grid-100","grid-parent","grid-33","no-featured-image-padding"],"acf":[],"yoast_head":"<!-- This site is optimized with the Yoast SEO plugin v27.4 - https:\/\/yoast.com\/product\/yoast-seo-wordpress\/ -->\n<title>Bin\u0259q\u0259di bir h\u0259ft\u0259dir suyun alt\u0131nda: Yard\u0131m ed\u0259n yoxdur - MEYDAN.TV<\/title>\n<meta name=\"robots\" content=\"index, follow, max-snippet:-1, max-image-preview:large, max-video-preview:-1\" \/>\n<link rel=\"canonical\" href=\"https:\/\/www.meydan.tv\/az\/article\/bineqedi-bir-heftedir-suyun-altinda-yardim-eleyen-yoxdur\/\" \/>\n<meta property=\"og:locale\" content=\"az_AZ\" \/>\n<meta property=\"og:type\" content=\"article\" \/>\n<meta property=\"og:title\" content=\"Bin\u0259q\u0259di bir h\u0259ft\u0259dir suyun alt\u0131nda: Yard\u0131m ed\u0259n yoxdur - MEYDAN.TV\" \/>\n<meta property=\"og:url\" content=\"https:\/\/www.meydan.tv\/az\/article\/bineqedi-bir-heftedir-suyun-altinda-yardim-eleyen-yoxdur\/\" \/>\n<meta property=\"og:site_name\" content=\"MEYDAN.TV\" \/>\n<meta property=\"article:published_time\" content=\"2024-10-28T18:33:32+00:00\" \/>\n<meta property=\"article:modified_time\" content=\"2024-10-28T20:35:30+00:00\" \/>\n<meta property=\"og:image\" content=\"https:\/\/www.meydan.tv\/wp-content\/uploads\/screenshot-2024-10-28-at-19.32.56-1200x661.png\" \/>\n\t<meta property=\"og:image:width\" content=\"1200\" \/>\n\t<meta property=\"og:image:height\" content=\"661\" \/>\n\t<meta property=\"og:image:type\" content=\"image\/png\" \/>\n<meta name=\"author\" content=\"aleks\" \/>\n<meta name=\"twitter:card\" content=\"summary_large_image\" \/>\n<script type=\"application\/ld+json\" class=\"yoast-schema-graph\">{\"@context\":\"https:\\\/\\\/schema.org\",\"@graph\":[{\"@type\":\"Article\",\"@id\":\"https:\\\/\\\/www.meydan.tv\\\/az\\\/article\\\/bineqedi-bir-heftedir-suyun-altinda-yardim-eleyen-yoxdur\\\/#article\",\"isPartOf\":{\"@id\":\"https:\\\/\\\/www.meydan.tv\\\/az\\\/article\\\/bineqedi-bir-heftedir-suyun-altinda-yardim-eleyen-yoxdur\\\/\"},\"author\":{\"name\":\"aleks\",\"@id\":\"https:\\\/\\\/www.meydan.tv\\\/az\\\/#\\\/schema\\\/person\\\/476e9360e593fa131d5d71d51866f8da\"},\"headline\":\"Bin\u0259q\u0259di bir h\u0259ft\u0259dir suyun alt\u0131nda: Yard\u0131m ed\u0259n yoxdur\",\"datePublished\":\"2024-10-28T18:33:32+00:00\",\"dateModified\":\"2024-10-28T20:35:30+00:00\",\"mainEntityOfPage\":{\"@id\":\"https:\\\/\\\/www.meydan.tv\\\/az\\\/article\\\/bineqedi-bir-heftedir-suyun-altinda-yardim-eleyen-yoxdur\\\/\"},\"wordCount\":59,\"publisher\":{\"@id\":\"https:\\\/\\\/www.meydan.tv\\\/az\\\/#organization\"},\"image\":{\"@id\":\"https:\\\/\\\/www.meydan.tv\\\/az\\\/article\\\/bineqedi-bir-heftedir-suyun-altinda-yardim-eleyen-yoxdur\\\/#primaryimage\"},\"thumbnailUrl\":\"https:\\\/\\\/www.meydan.tv\\\/wp-content\\\/uploads\\\/screenshot-2024-10-28-at-19.32.56.png\",\"articleSection\":[\"Sosial\",\"Video\"],\"inLanguage\":\"az\"},{\"@type\":\"WebPage\",\"@id\":\"https:\\\/\\\/www.meydan.tv\\\/az\\\/article\\\/bineqedi-bir-heftedir-suyun-altinda-yardim-eleyen-yoxdur\\\/\",\"url\":\"https:\\\/\\\/www.meydan.tv\\\/az\\\/article\\\/bineqedi-bir-heftedir-suyun-altinda-yardim-eleyen-yoxdur\\\/\",\"name\":\"Bin\u0259q\u0259di bir h\u0259ft\u0259dir suyun alt\u0131nda: Yard\u0131m ed\u0259n yoxdur - MEYDAN.TV\",\"isPartOf\":{\"@id\":\"https:\\\/\\\/www.meydan.tv\\\/az\\\/#website\"},\"primaryImageOfPage\":{\"@id\":\"https:\\\/\\\/www.meydan.tv\\\/az\\\/article\\\/bineqedi-bir-heftedir-suyun-altinda-yardim-eleyen-yoxdur\\\/#primaryimage\"},\"image\":{\"@id\":\"https:\\\/\\\/www.meydan.tv\\\/az\\\/article\\\/bineqedi-bir-heftedir-suyun-altinda-yardim-eleyen-yoxdur\\\/#primaryimage\"},\"thumbnailUrl\":\"https:\\\/\\\/www.meydan.tv\\\/wp-content\\\/uploads\\\/screenshot-2024-10-28-at-19.32.56.png\",\"datePublished\":\"2024-10-28T18:33:32+00:00\",\"dateModified\":\"2024-10-28T20:35:30+00:00\",\"breadcrumb\":{\"@id\":\"https:\\\/\\\/www.meydan.tv\\\/az\\\/article\\\/bineqedi-bir-heftedir-suyun-altinda-yardim-eleyen-yoxdur\\\/#breadcrumb\"},\"inLanguage\":\"az\",\"potentialAction\":[{\"@type\":\"ReadAction\",\"target\":[\"https:\\\/\\\/www.meydan.tv\\\/az\\\/article\\\/bineqedi-bir-heftedir-suyun-altinda-yardim-eleyen-yoxdur\\\/\"]}]},{\"@type\":\"ImageObject\",\"inLanguage\":\"az\",\"@id\":\"https:\\\/\\\/www.meydan.tv\\\/az\\\/article\\\/bineqedi-bir-heftedir-suyun-altinda-yardim-eleyen-yoxdur\\\/#primaryimage\",\"url\":\"https:\\\/\\\/www.meydan.tv\\\/wp-content\\\/uploads\\\/screenshot-2024-10-28-at-19.32.56.png\",\"contentUrl\":\"https:\\\/\\\/www.meydan.tv\\\/wp-content\\\/uploads\\\/screenshot-2024-10-28-at-19.32.56.png\",\"width\":1700,\"height\":936},{\"@type\":\"BreadcrumbList\",\"@id\":\"https:\\\/\\\/www.meydan.tv\\\/az\\\/article\\\/bineqedi-bir-heftedir-suyun-altinda-yardim-eleyen-yoxdur\\\/#breadcrumb\",\"itemListElement\":[{\"@type\":\"ListItem\",\"position\":1,\"name\":\"Ana s\u0259hif\u0259\",\"item\":\"https:\\\/\\\/www.meydan.tv\\\/az\\\/\"},{\"@type\":\"ListItem\",\"position\":2,\"name\":\"Video\",\"item\":\"https:\\\/\\\/www.meydan.tv\\\/az\\\/section\\\/video-2\\\/\"},{\"@type\":\"ListItem\",\"position\":3,\"name\":\"Bin\u0259q\u0259di bir h\u0259ft\u0259dir suyun alt\u0131nda: Yard\u0131m ed\u0259n yoxdur\"}]},{\"@type\":\"WebSite\",\"@id\":\"https:\\\/\\\/www.meydan.tv\\\/az\\\/#website\",\"url\":\"https:\\\/\\\/www.meydan.tv\\\/az\\\/\",\"name\":\"MEYDAN.TV\",\"description\":\"Meydan TV Az\u0259rbaycan\u0131n media m\u0259kan\u0131ndak\u0131 alternativ s\u0259sidir\",\"publisher\":{\"@id\":\"https:\\\/\\\/www.meydan.tv\\\/az\\\/#organization\"},\"potentialAction\":[{\"@type\":\"SearchAction\",\"target\":{\"@type\":\"EntryPoint\",\"urlTemplate\":\"https:\\\/\\\/www.meydan.tv\\\/az\\\/?s={search_term_string}\"},\"query-input\":{\"@type\":\"PropertyValueSpecification\",\"valueRequired\":true,\"valueName\":\"search_term_string\"}}],\"inLanguage\":\"az\"},{\"@type\":\"Organization\",\"@id\":\"https:\\\/\\\/www.meydan.tv\\\/az\\\/#organization\",\"name\":\"Meydan TV\",\"url\":\"https:\\\/\\\/www.meydan.tv\\\/az\\\/\",\"logo\":{\"@type\":\"ImageObject\",\"inLanguage\":\"az\",\"@id\":\"https:\\\/\\\/www.meydan.tv\\\/az\\\/#\\\/schema\\\/logo\\\/image\\\/\",\"url\":\"https:\\\/\\\/www.meydan.tv\\\/wp-content\\\/uploads\\\/2021\\\/07\\\/meydan-logo.svg\",\"contentUrl\":\"https:\\\/\\\/www.meydan.tv\\\/wp-content\\\/uploads\\\/2021\\\/07\\\/meydan-logo.svg\",\"width\":195,\"height\":46,\"caption\":\"Meydan TV\"},\"image\":{\"@id\":\"https:\\\/\\\/www.meydan.tv\\\/az\\\/#\\\/schema\\\/logo\\\/image\\\/\"}},{\"@type\":\"Person\",\"@id\":\"https:\\\/\\\/www.meydan.tv\\\/az\\\/#\\\/schema\\\/person\\\/476e9360e593fa131d5d71d51866f8da\",\"name\":\"aleks\"}]}<\/script>\n<!-- \/ Yoast SEO plugin. -->","yoast_head_json":{"title":"Bin\u0259q\u0259di bir h\u0259ft\u0259dir suyun alt\u0131nda: Yard\u0131m ed\u0259n yoxdur - MEYDAN.TV","robots":{"index":"index","follow":"follow","max-snippet":"max-snippet:-1","max-image-preview":"max-image-preview:large","max-video-preview":"max-video-preview:-1"},"canonical":"https:\/\/www.meydan.tv\/az\/article\/bineqedi-bir-heftedir-suyun-altinda-yardim-eleyen-yoxdur\/","og_locale":"az_AZ","og_type":"article","og_title":"Bin\u0259q\u0259di bir h\u0259ft\u0259dir suyun alt\u0131nda: Yard\u0131m ed\u0259n yoxdur - MEYDAN.TV","og_url":"https:\/\/www.meydan.tv\/az\/article\/bineqedi-bir-heftedir-suyun-altinda-yardim-eleyen-yoxdur\/","og_site_name":"MEYDAN.TV","article_published_time":"2024-10-28T18:33:32+00:00","article_modified_time":"2024-10-28T20:35:30+00:00","og_image":[{"width":1200,"height":661,"url":"https:\/\/www.meydan.tv\/wp-content\/uploads\/screenshot-2024-10-28-at-19.32.56-1200x661.png","type":"image\/png"}],"author":"aleks","twitter_card":"summary_large_image","schema":{"@context":"https:\/\/schema.org","@graph":[{"@type":"Article","@id":"https:\/\/www.meydan.tv\/az\/article\/bineqedi-bir-heftedir-suyun-altinda-yardim-eleyen-yoxdur\/#article","isPartOf":{"@id":"https:\/\/www.meydan.tv\/az\/article\/bineqedi-bir-heftedir-suyun-altinda-yardim-eleyen-yoxdur\/"},"author":{"name":"aleks","@id":"https:\/\/www.meydan.tv\/az\/#\/schema\/person\/476e9360e593fa131d5d71d51866f8da"},"headline":"Bin\u0259q\u0259di bir h\u0259ft\u0259dir suyun alt\u0131nda: Yard\u0131m ed\u0259n yoxdur","datePublished":"2024-10-28T18:33:32+00:00","dateModified":"2024-10-28T20:35:30+00:00","mainEntityOfPage":{"@id":"https:\/\/www.meydan.tv\/az\/article\/bineqedi-bir-heftedir-suyun-altinda-yardim-eleyen-yoxdur\/"},"wordCount":59,"publisher":{"@id":"https:\/\/www.meydan.tv\/az\/#organization"},"image":{"@id":"https:\/\/www.meydan.tv\/az\/article\/bineqedi-bir-heftedir-suyun-altinda-yardim-eleyen-yoxdur\/#primaryimage"},"thumbnailUrl":"https:\/\/www.meydan.tv\/wp-content\/uploads\/screenshot-2024-10-28-at-19.32.56.png","articleSection":["Sosial","Video"],"inLanguage":"az"},{"@type":"WebPage","@id":"https:\/\/www.meydan.tv\/az\/article\/bineqedi-bir-heftedir-suyun-altinda-yardim-eleyen-yoxdur\/","url":"https:\/\/www.meydan.tv\/az\/article\/bineqedi-bir-heftedir-suyun-altinda-yardim-eleyen-yoxdur\/","name":"Bin\u0259q\u0259di bir h\u0259ft\u0259dir suyun alt\u0131nda: Yard\u0131m ed\u0259n yoxdur - MEYDAN.TV","isPartOf":{"@id":"https:\/\/www.meydan.tv\/az\/#website"},"primaryImageOfPage":{"@id":"https:\/\/www.meydan.tv\/az\/article\/bineqedi-bir-heftedir-suyun-altinda-yardim-eleyen-yoxdur\/#primaryimage"},"image":{"@id":"https:\/\/www.meydan.tv\/az\/article\/bineqedi-bir-heftedir-suyun-altinda-yardim-eleyen-yoxdur\/#primaryimage"},"thumbnailUrl":"https:\/\/www.meydan.tv\/wp-content\/uploads\/screenshot-2024-10-28-at-19.32.56.png","datePublished":"2024-10-28T18:33:32+00:00","dateModified":"2024-10-28T20:35:30+00:00","breadcrumb":{"@id":"https:\/\/www.meydan.tv\/az\/article\/bineqedi-bir-heftedir-suyun-altinda-yardim-eleyen-yoxdur\/#breadcrumb"},"inLanguage":"az","potentialAction":[{"@type":"ReadAction","target":["https:\/\/www.meydan.tv\/az\/article\/bineqedi-bir-heftedir-suyun-altinda-yardim-eleyen-yoxdur\/"]}]},{"@type":"ImageObject","inLanguage":"az","@id":"https:\/\/www.meydan.tv\/az\/article\/bineqedi-bir-heftedir-suyun-altinda-yardim-eleyen-yoxdur\/#primaryimage","url":"https:\/\/www.meydan.tv\/wp-content\/uploads\/screenshot-2024-10-28-at-19.32.56.png","contentUrl":"https:\/\/www.meydan.tv\/wp-content\/uploads\/screenshot-2024-10-28-at-19.32.56.png","width":1700,"height":936},{"@type":"BreadcrumbList","@id":"https:\/\/www.meydan.tv\/az\/article\/bineqedi-bir-heftedir-suyun-altinda-yardim-eleyen-yoxdur\/#breadcrumb","itemListElement":[{"@type":"ListItem","position":1,"name":"Ana s\u0259hif\u0259","item":"https:\/\/www.meydan.tv\/az\/"},{"@type":"ListItem","position":2,"name":"Video","item":"https:\/\/www.meydan.tv\/az\/section\/video-2\/"},{"@type":"ListItem","position":3,"name":"Bin\u0259q\u0259di bir h\u0259ft\u0259dir suyun alt\u0131nda: Yard\u0131m ed\u0259n yoxdur"}]},{"@type":"WebSite","@id":"https:\/\/www.meydan.tv\/az\/#website","url":"https:\/\/www.meydan.tv\/az\/","name":"MEYDAN.TV","description":"Meydan TV Az\u0259rbaycan\u0131n media m\u0259kan\u0131ndak\u0131 alternativ s\u0259sidir","publisher":{"@id":"https:\/\/www.meydan.tv\/az\/#organization"},"potentialAction":[{"@type":"SearchAction","target":{"@type":"EntryPoint","urlTemplate":"https:\/\/www.meydan.tv\/az\/?s={search_term_string}"},"query-input":{"@type":"PropertyValueSpecification","valueRequired":true,"valueName":"search_term_string"}}],"inLanguage":"az"},{"@type":"Organization","@id":"https:\/\/www.meydan.tv\/az\/#organization","name":"Meydan TV","url":"https:\/\/www.meydan.tv\/az\/","logo":{"@type":"ImageObject","inLanguage":"az","@id":"https:\/\/www.meydan.tv\/az\/#\/schema\/logo\/image\/","url":"https:\/\/www.meydan.tv\/wp-content\/uploads\/2021\/07\/meydan-logo.svg","contentUrl":"https:\/\/www.meydan.tv\/wp-content\/uploads\/2021\/07\/meydan-logo.svg","width":195,"height":46,"caption":"Meydan TV"},"image":{"@id":"https:\/\/www.meydan.tv\/az\/#\/schema\/logo\/image\/"}},{"@type":"Person","@id":"https:\/\/www.meydan.tv\/az\/#\/schema\/person\/476e9360e593fa131d5d71d51866f8da","name":"aleks"}]}},"_links":{"self":[{"href":"https:\/\/www.meydan.tv\/az\/wp-json\/wp\/v2\/posts\/319026","targetHints":{"allow":["GET"]}}],"collection":[{"href":"https:\/\/www.meydan.tv\/az\/wp-json\/wp\/v2\/posts"}],"about":[{"href":"https:\/\/www.meydan.tv\/az\/wp-json\/wp\/v2\/types\/post"}],"author":[{"embeddable":true,"href":"https:\/\/www.meydan.tv\/az\/wp-json\/wp\/v2\/users\/12"}],"replies":[{"embeddable":true,"href":"https:\/\/www.meydan.tv\/az\/wp-json\/wp\/v2\/comments?post=319026"}],"version-history":[{"count":3,"href":"https:\/\/www.meydan.tv\/az\/wp-json\/wp\/v2\/posts\/319026\/revisions"}],"predecessor-version":[{"id":319038,"href":"https:\/\/www.meydan.tv\/az\/wp-json\/wp\/v2\/posts\/319026\/revisions\/319038"}],"wp:featuredmedia":[{"embeddable":true,"href":"https:\/\/www.meydan.tv\/az\/wp-json\/wp\/v2\/media\/319027"}],"wp:attachment":[{"href":"https:\/\/www.meydan.tv\/az\/wp-json\/wp\/v2\/media?parent=319026"}],"wp:term":[{"taxonomy":"category","embeddable":true,"href":"https:\/\/www.meydan.tv\/az\/wp-json\/wp\/v2\/categories?post=319026"},{"taxonomy":"post_tag","embeddable":true,"href":"https:\/\/www.meydan.tv\/az\/wp-json\/wp\/v2\/tags?post=319026"}],"curies":[{"name":"wp","href":"https:\/\/api.w.org\/{rel}","templated":true}]}}