{"id":319008,"date":"2024-10-28T22:04:24","date_gmt":"2024-10-28T18:04:24","guid":{"rendered":"https:\/\/www.meydan.tv\/?p=319008"},"modified":"2024-10-29T00:17:08","modified_gmt":"2024-10-28T20:17:08","slug":"prokurorluq-vetendasin-polis-terefinden-serlendiyini-tesdiqleyib","status":"publish","type":"post","link":"https:\/\/www.meydan.tv\/az\/article\/prokurorluq-vetendasin-polis-terefinden-serlendiyini-tesdiqleyib\/","title":{"rendered":"Prokurorluq v\u0259t\u0259nda\u015f\u0131n polis t\u0259r\u0259find\u0259n \u015f\u0259rl\u0259ndiyini t\u0259sdiql\u0259yib"},"content":{"rendered":"\n<p><\/p>\n\n\n\n<p><strong><em>\u015e\u0259msiyy\u0259 Manafova bir ild\u0259n sonra azadl\u0131\u011fa burax\u0131l\u0131b<\/em><\/strong><\/p>\n\n\n\n<p>Paytaxt\u0131n Bin\u0259q\u0259di rayonu, Bil\u0259c\u0259ri q\u0259s\u0259b\u0259sinin sakini \u015e\u0259msiyy\u0259 Manafovan\u0131n 6-c\u0131 polis b\u00f6lm\u0259sinin \u0259m\u0259kda\u015flar\u0131 t\u0259r\u0259find\u0259n \u015f\u0259rl\u0259ndiyini prokurorluq da, m\u0259hk\u0259m\u0259 d\u0259 t\u0259sdiql\u0259yib. 2023-c\u00fc il may\u0131n 21-d\u0259 h\u0259bs olunan \u015e\u0259msiyy\u0259 Manafova bu il sentyabr\u0131n 18-d\u0259 azadl\u0131\u011fa burax\u0131l\u0131b.<\/p>\n\n\n\n<p>1971-ci il t\u0259v\u0259ll\u00fcdl\u00fc \u015e\u0259msiyy\u0259 Manafovaya qar\u015f\u0131 Cinay\u0259t M\u0259c\u0259ll\u0259sinin 234.4.1 (qabaqcadan \u0259lbir olan bir qrup \u015f\u0259xs t\u0259r\u0259find\u0259n sat\u0131\u015f m\u0259qs\u0259dil\u0259 k\u00fclli miqdarda narkotik \u0259ld\u0259 etm\u0259, da\u015f\u0131ma, saxlama) madd\u0259sil\u0259 ittiham ir\u0259li s\u00fcr\u00fcl\u00fcb. Onun i\u015fi \u00fczr\u0259 m\u0259hk\u0259m\u0259 ara\u015fd\u0131rmalar\u0131 bir il\u0259 yax\u0131n davam edib. M\u0259hk\u0259m\u0259 prosesinin sonunda prokuror ittihamdan imtina edib. D\u00f6vl\u0259t ittiham\u00e7\u0131s\u0131 t\u0259sdiql\u0259yib ki, \u015e\u0259msiyy\u0259 Manafovaya qar\u015f\u0131 ittiham m\u0259hk\u0259m\u0259d\u0259 s\u00fcbuta yetirilm\u0259yib.<\/p>\n\n\n\n<p>\u0130ttihama \u0259sas\u0259n, \u015e\u0259msiyy\u0259 Manafova k\u00fc\u00e7\u0259d\u0259 saxland\u0131qdan sonra onun cibind\u0259n 6 b\u00fck\u00fcmd\u0259 3 qram marixuana, daha sonra evind\u0259 axtar\u0131\u015f zaman\u0131 dolab\u0131n i\u00e7ind\u0259n sellofan torbada daha 285 qram da narkotik tap\u0131l\u0131b. \u0130ttihamda o da qeyd olunub ki, \u015e\u0259msiyy\u0259 Manafova bu narkotik madd\u0259ni \u201cInstagram\u201d vasit\u0259sil\u0259 tan\u0131d\u0131\u011f\u0131 \u0130ran v\u0259t\u0259nda\u015f\u0131ndan satmaq m\u0259qs\u0259dil\u0259 al\u0131b.<\/p>\n\n\n\n<p>\u015e\u0259msiyy\u0259 Manafova bildirib ki, ona qar\u015f\u0131 ittiham saxtad\u0131r. Bin\u0259q\u0259di rayonu, 6-c\u0131 polis b\u00f6lm\u0259sinin \u0259m\u0259kda\u015flar\u0131ndan biri g\u0259lini il\u0259 m\u00fcnasib\u0259tl\u0259rin\u0259 g\u00f6r\u0259 onu \u015f\u0259rl\u0259y\u0259r\u0259k, h\u0259bs etdirib. Onun s\u00f6zl\u0259rin\u0259 g\u00f6r\u0259, cibin\u0259 d\u0259, evin\u0259 d\u0259 qoyulan narkotik polisl\u0259rin \u00f6z\u00fcn\u0259 m\u0259xsusdur. Polis b\u00f6lm\u0259sind\u0259 4 saat d\u00f6y\u00fcld\u00fcy\u00fcn\u00fc, istintaq t\u0259cridxanas\u0131na k\u00f6\u00e7\u00fcr\u00fcl\u0259rk\u0259n b\u0259d\u0259ninin g\u00f6mg\u00f6y oldu\u011funu dey\u0259n \u015e\u0259msiyy\u0259 Manafova bildirib ki, t\u0259cridxanan\u0131n qeydiyyat kitab\u00e7as\u0131nda \u00fcz\u0259rind\u0259ki x\u0259sar\u0259tl\u0259ri qeyd\u0259 al\u0131blar. Ekspertiza da x\u0259sar\u0259tl\u0259r haqda r\u0259y verib.<\/p>\n\n\n\n<p>\u015e\u0259msiyy\u0259 Manafova deyib ki, g\u0259lini sosial \u015f\u0259b\u0259k\u0259d\u0259 pul yar\u0131\u015f\u0131na qo\u015fulub, lakin aldad\u0131l\u0131b. Onu aldadanlar\u0131n c\u0259zaland\u0131r\u0131lmas\u0131 \u00fc\u00e7\u00fcn polis\u0259 \u015fikay\u0259t edib. Bil\u0259c\u0259ri q\u0259s\u0259b\u0259si \u00fczr\u0259 6-c\u0131 b\u00f6lm\u0259d\u0259 \u0259riz\u0259 yaz\u0131b.<\/p>\n\n\n\n<p>El\u0259 bu m\u0259s\u0259l\u0259 il\u0259 \u0259laq\u0259dar gedib-g\u0259l\u0259nd\u0259 kibercinay\u0259tkarl\u0131qla m\u00fcbariz\u0259 b\u00f6lm\u0259sind\u0259 Anar adl\u0131 \u015f\u0259xsl\u0259 m\u00fcnasib\u0259tl\u0259ri yaran\u0131b. H\u0259min \u0259r\u0259f\u0259d\u0259 \u015e\u0259msiyy\u0259 Manafovan\u0131n o\u011flu h\u0259bsd\u0259 olub.<\/p>\n\n\n\n<p>May\u0131n 21-d\u0259 10 n\u0259f\u0259r\u0259 yax\u0131n polis \u0259m\u0259kda\u015f\u0131n\u0131n evin\u0259 basq\u0131n etdiyini v\u0259 onu tutub polis b\u00f6lm\u0259sin\u0259 apard\u0131\u011f\u0131n\u0131 dey\u0259n \u015e\u0259msiyy\u0259 Manafovan\u0131n bildirdiyin\u0259 g\u00f6r\u0259 orada fiziki i\u015fg\u0259nc\u0259 il\u0259 yana\u015f\u0131, h\u0259m d\u0259 h\u0259yat yolda\u015f\u0131n\u0131n, dig\u0259r o\u011flunun h\u0259bsi il\u0259 h\u0259d\u0259l\u0259nib.<\/p>\n\n\n<div class=\"wp-block-image\">\n<figure class=\"alignleft size-full is-resized\"><img decoding=\"async\" width=\"1200\" height=\"809\" data-src=\"https:\/\/www.meydan.tv\/wp-content\/uploads\/altinci-polis-bolmesi.jpg\" alt=\"\" class=\"wp-image-319009 lazyload\" style=\"--smush-placeholder-width: 1200px; --smush-placeholder-aspect-ratio: 1200\/809;width:420px;height:auto\" src=\"data:image\/svg+xml;base64,PHN2ZyB3aWR0aD0iMSIgaGVpZ2h0PSIxIiB4bWxucz0iaHR0cDovL3d3dy53My5vcmcvMjAwMC9zdmciPjwvc3ZnPg==\" \/><figcaption class=\"wp-element-caption\">Bin\u0259q\u0259di, 6-c\u0131 polis b\u00f6lm\u0259si. Foto: &#8220;bineqedi.com&#8221;<\/figcaption><\/figure>\n<\/div>\n\n\n<p>6-c\u0131 polis b\u00f6lm\u0259sinin cinay\u0259t-axtar\u0131\u015f \u015f\u00f6b\u0259sinin \u0259m\u0259kda\u015flar\u0131ndan tutmu\u015f, u\u015faqlar\u0131n t\u0259rbiy\u0259si \u00fczr\u0259 inspektora q\u0259d\u0259r m\u00fcxt\u0259lif polisl\u0259r dindirilib. Onlar iddia edib ki, \u015e\u0259msiyy\u0259 Manafova k\u00fc\u00e7\u0259d\u0259 saxlan\u0131l\u0131b, b\u00f6lm\u0259y\u0259 g\u0259tirilib, burada cibind\u0259n narkotik \u00e7\u0131x\u0131b. Sonra evin\u0259 axtar\u0131\u015fa gedibl\u0259r. Evin ikinci m\u0259rt\u0259b\u0259sind\u0259 \u015e\u0259msiyy\u0259 Manafova sellofandak\u0131 narkotiki polisl\u0259r\u0259 t\u0259qdim edib. Polisl\u0259rin dediyin\u0259 g\u00f6r\u0259, b\u00fct\u00fcn bunlar\u0131 \u00f6z g\u00f6zl\u0259ri il\u0259 g\u00f6r\u00fcbl\u0259r.<\/p>\n\n\n\n<p>Lakin m\u00fcdafi\u0259 t\u0259r\u0259fi m\u0259hk\u0259m\u0259y\u0259 videog\u00f6r\u00fcnt\u00fc t\u0259qdim edib. O g\u00f6r\u00fcnt\u00fcd\u0259 6-c\u0131 polis b\u00f6lm\u0259sinin \u0259m\u0259kda\u015f\u0131 \u015e\u0259msiyy\u0259 Manafovan\u0131n ya\u015fad\u0131\u011f\u0131 evin yan\u0131na g\u0259lir, avtomobild\u0259n sellofan torban\u0131 g\u00f6t\u00fcr\u00fcb, onun g\u0259lini T\u00fcrkan Manafovaya verir. Bu is\u0259 polisl\u0259r ev\u0259 g\u0259lm\u0259mi\u015fd\u0259n az \u0259vv\u0259l ba\u015f verir.<\/p>\n\n\n\n<p>M\u00fcdafi\u0259 t\u0259r\u0259fi m\u0259hk\u0259m\u0259y\u0259 h\u0259m\u00e7inin T\u00fcrkan Manafova il\u0259 6-c\u0131 polis b\u00f6lm\u0259sinin r\u0259hb\u0259rliyi v\u0259 \u0259m\u0259kda\u015flar\u0131 aras\u0131nda olan dan\u0131\u015f\u0131qlar\u0131 da t\u0259qdim edib. S\u00f6hb\u0259tl\u0259rin T\u00fcrkan Manafova v\u0259 polisl\u0259r aras\u0131nda oldu\u011funu ekspertiza da t\u0259sdiql\u0259yib. Dan\u0131\u015f\u0131qlar\u0131n m\u0259zmunu is\u0259 \u015e\u0259msiyy\u0259 Manafovan\u0131n h\u0259bsi, onun d\u00f6y\u00fclm\u0259si, ev\u0259 narkotik at\u0131lmas\u0131, b\u00fct\u00fcn bunlar\u0131n \u00fcst\u00fcn\u00fcn a\u00e7\u0131lmas\u0131, onun \u00f6z\u00fc v\u0259 v\u0259kilinin \u015fikay\u0259t etm\u0259si, m\u0259hk\u0259m\u0259d\u0259 dindiril\u0259c\u0259yi halda, nec\u0259 ifad\u0259 verm\u0259sil\u0259 ba\u011fl\u0131d\u0131r. 6-c\u0131 polis b\u00f6lm\u0259sinin r\u0259is m\u00fcavini Vaqif Aslanov v\u0259 dig\u0259r polisl\u0259r s\u00f6hb\u0259tl\u0259r zaman\u0131 bir \u00e7ox hallarda, onlardan \u015fikay\u0259t\u00e7i olanlar\u0131n \u00fcnvan\u0131na s\u00f6y\u00fc\u015fl\u0259r i\u015fl\u0259dir, T\u00fcrkan Manafovaya qorxmama\u011f\u0131 m\u0259sl\u0259h\u0259t g\u00f6r\u00fcr, he\u00e7 kimin onlara he\u00e7 n\u0259 ed\u0259 bilm\u0259y\u0259c\u0259yini bildirir.<\/p>\n\n\n\n<p>Dan\u0131\u015f\u0131qlar\u0131n m\u0259zmunundan bel\u0259 ayd\u0131n olur ki, \u015e\u0259msiyy\u0259 Manafovan\u0131n cibin\u0259 v\u0259 evin\u0259 narkotik at\u0131laraq, onun h\u0259bs olunmas\u0131 plan\u0131 6-c\u0131 polis b\u00f6lm\u0259sind\u0259 Anar adl\u0131 \u015f\u0259xsin g\u00f6st\u0259ri\u015fi \u0259sas\u0131nda h\u0259yata ke\u00e7irilib.<\/p>\n\n\n\n<p>6-c\u0131 polis b\u00f6lm\u0259sinin r\u0259is m\u00fcavini d\u0259 bu cinay\u0259t i\u015fi il\u0259 \u0259laq\u0259dar dindirilib.<br>B\u00fct\u00fcn bu m\u0259s\u0259l\u0259l\u0259r s\u00fcbuta yetirildikd\u0259n sonra prokuror ittihamdan imtina ed\u0259r\u0259k, 6-c\u0131 polis b\u00f6lm\u0259sinin \u0259m\u0259kda\u015flar\u0131n\u0131n 53 ya\u015fl\u0131 qad\u0131n\u0131 \u015f\u0259rl\u0259y\u0259r\u0259k h\u0259bs\u0259 g\u00f6nd\u0259rdiyini etiraf edib.<\/p>\n\n\n\n<p>Qad\u0131n\u0131 \u015f\u0259rl\u0259y\u0259n \u015f\u0259xsl\u0259rin haqq\u0131nda hans\u0131 t\u0259dbirl\u0259rin g\u00f6r\u00fcld\u00fcy\u00fc bar\u0259d\u0259 m\u0259lumat verilmir.<\/p>\n","protected":false},"excerpt":{"rendered":"<p>\u015e\u0259msiyy\u0259 Manafova bir ild\u0259n sonra azadl\u0131\u011fa burax\u0131l\u0131b Paytaxt\u0131n Bin\u0259q\u0259di rayonu, &#8230; <\/p>\n<p class=\"read-more-container\"><a title=\"Prokurorluq v\u0259t\u0259nda\u015f\u0131n polis t\u0259r\u0259find\u0259n \u015f\u0259rl\u0259ndiyini t\u0259sdiql\u0259yib\" class=\"read-more button\" href=\"https:\/\/www.meydan.tv\/az\/article\/prokurorluq-vetendasin-polis-terefinden-serlendiyini-tesdiqleyib\/#more-319008\" aria-label=\"Read more about Prokurorluq v\u0259t\u0259nda\u015f\u0131n polis t\u0259r\u0259find\u0259n \u015f\u0259rl\u0259ndiyini t\u0259sdiql\u0259yib\">Davam\u0131<\/a><\/p>\n","protected":false},"author":8,"featured_media":252941,"comment_status":"closed","ping_status":"closed","sticky":false,"template":"","format":"standard","meta":{"_acf_changed":false,"_sitemap_exclude":false,"_sitemap_priority":"","_sitemap_frequency":"","footnotes":""},"categories":[62,79,56],"tags":[],"class_list":["post-319008","post","type-post","status-publish","format-standard","has-post-thumbnail","hentry","category-sosial","category-featured","category-xeberler","infinite-scroll-item","generate-columns","tablet-grid-50","mobile-grid-100","grid-parent","grid-33","no-featured-image-padding"],"acf":[],"yoast_head":"<!-- This site is optimized with the Yoast SEO plugin v27.4 - https:\/\/yoast.com\/product\/yoast-seo-wordpress\/ -->\n<title>Prokurorluq v\u0259t\u0259nda\u015f\u0131n polis t\u0259r\u0259find\u0259n \u015f\u0259rl\u0259ndiyini t\u0259sdiql\u0259yib - MEYDAN.TV<\/title>\n<meta name=\"description\" content=\"Bin\u0259q\u0259di rayonu, 6-c\u0131 polis b\u00f6lm\u0259sinin \u0259m\u0259kda\u015flar\u0131ndan biri g\u0259lini il\u0259 m\u00fcnasib\u0259tl\u0259rin\u0259 g\u00f6r\u0259 onu \u015f\u0259rl\u0259y\u0259r\u0259k, h\u0259bs el\u0259tdirib.\" \/>\n<meta name=\"robots\" content=\"index, follow, max-snippet:-1, max-image-preview:large, max-video-preview:-1\" \/>\n<link rel=\"canonical\" href=\"https:\/\/www.meydan.tv\/az\/article\/prokurorluq-vetendasin-polis-terefinden-serlendiyini-tesdiqleyib\/\" \/>\n<meta property=\"og:locale\" content=\"az_AZ\" \/>\n<meta property=\"og:type\" content=\"article\" \/>\n<meta property=\"og:title\" content=\"Prokurorluq v\u0259t\u0259nda\u015f\u0131n polis t\u0259r\u0259find\u0259n \u015f\u0259rl\u0259ndiyini t\u0259sdiql\u0259yib - MEYDAN.TV\" \/>\n<meta property=\"og:description\" content=\"Bin\u0259q\u0259di rayonu, 6-c\u0131 polis b\u00f6lm\u0259sinin \u0259m\u0259kda\u015flar\u0131ndan biri g\u0259lini il\u0259 m\u00fcnasib\u0259tl\u0259rin\u0259 g\u00f6r\u0259 onu \u015f\u0259rl\u0259y\u0259r\u0259k, h\u0259bs el\u0259tdirib.\" \/>\n<meta property=\"og:url\" content=\"https:\/\/www.meydan.tv\/az\/article\/prokurorluq-vetendasin-polis-terefinden-serlendiyini-tesdiqleyib\/\" \/>\n<meta property=\"og:site_name\" content=\"MEYDAN.TV\" \/>\n<meta property=\"article:published_time\" content=\"2024-10-28T18:04:24+00:00\" \/>\n<meta property=\"article:modified_time\" content=\"2024-10-28T20:17:08+00:00\" \/>\n<meta property=\"og:image\" content=\"https:\/\/www.meydan.tv\/wp-content\/uploads\/screenshot-at-aug-10-14-51-49-1200x668.png\" \/>\n\t<meta property=\"og:image:width\" content=\"1200\" \/>\n\t<meta property=\"og:image:height\" content=\"668\" \/>\n\t<meta property=\"og:image:type\" content=\"image\/png\" \/>\n<meta name=\"author\" content=\"elli\" \/>\n<meta name=\"twitter:card\" content=\"summary_large_image\" \/>\n<meta name=\"twitter:creator\" content=\"@elli\" \/>\n<script type=\"application\/ld+json\" class=\"yoast-schema-graph\">{\"@context\":\"https:\\\/\\\/schema.org\",\"@graph\":[{\"@type\":\"Article\",\"@id\":\"https:\\\/\\\/www.meydan.tv\\\/az\\\/article\\\/prokurorluq-vetendasin-polis-terefinden-serlendiyini-tesdiqleyib\\\/#article\",\"isPartOf\":{\"@id\":\"https:\\\/\\\/www.meydan.tv\\\/az\\\/article\\\/prokurorluq-vetendasin-polis-terefinden-serlendiyini-tesdiqleyib\\\/\"},\"author\":{\"name\":\"elli\",\"@id\":\"https:\\\/\\\/www.meydan.tv\\\/az\\\/#\\\/schema\\\/person\\\/9cdbecf90d17180ce1dfbd95b08dcf47\"},\"headline\":\"Prokurorluq v\u0259t\u0259nda\u015f\u0131n polis t\u0259r\u0259find\u0259n \u015f\u0259rl\u0259ndiyini t\u0259sdiql\u0259yib\",\"datePublished\":\"2024-10-28T18:04:24+00:00\",\"dateModified\":\"2024-10-28T20:17:08+00:00\",\"mainEntityOfPage\":{\"@id\":\"https:\\\/\\\/www.meydan.tv\\\/az\\\/article\\\/prokurorluq-vetendasin-polis-terefinden-serlendiyini-tesdiqleyib\\\/\"},\"wordCount\":980,\"publisher\":{\"@id\":\"https:\\\/\\\/www.meydan.tv\\\/az\\\/#organization\"},\"image\":{\"@id\":\"https:\\\/\\\/www.meydan.tv\\\/az\\\/article\\\/prokurorluq-vetendasin-polis-terefinden-serlendiyini-tesdiqleyib\\\/#primaryimage\"},\"thumbnailUrl\":\"https:\\\/\\\/www.meydan.tv\\\/wp-content\\\/uploads\\\/screenshot-at-aug-10-14-51-49.png\",\"articleSection\":[\"Sosial\",\"T\u00f6vsiy\u0259\",\"X\u0259b\u0259rl\u0259r\"],\"inLanguage\":\"az\"},{\"@type\":\"WebPage\",\"@id\":\"https:\\\/\\\/www.meydan.tv\\\/az\\\/article\\\/prokurorluq-vetendasin-polis-terefinden-serlendiyini-tesdiqleyib\\\/\",\"url\":\"https:\\\/\\\/www.meydan.tv\\\/az\\\/article\\\/prokurorluq-vetendasin-polis-terefinden-serlendiyini-tesdiqleyib\\\/\",\"name\":\"Prokurorluq v\u0259t\u0259nda\u015f\u0131n polis t\u0259r\u0259find\u0259n \u015f\u0259rl\u0259ndiyini t\u0259sdiql\u0259yib - MEYDAN.TV\",\"isPartOf\":{\"@id\":\"https:\\\/\\\/www.meydan.tv\\\/az\\\/#website\"},\"primaryImageOfPage\":{\"@id\":\"https:\\\/\\\/www.meydan.tv\\\/az\\\/article\\\/prokurorluq-vetendasin-polis-terefinden-serlendiyini-tesdiqleyib\\\/#primaryimage\"},\"image\":{\"@id\":\"https:\\\/\\\/www.meydan.tv\\\/az\\\/article\\\/prokurorluq-vetendasin-polis-terefinden-serlendiyini-tesdiqleyib\\\/#primaryimage\"},\"thumbnailUrl\":\"https:\\\/\\\/www.meydan.tv\\\/wp-content\\\/uploads\\\/screenshot-at-aug-10-14-51-49.png\",\"datePublished\":\"2024-10-28T18:04:24+00:00\",\"dateModified\":\"2024-10-28T20:17:08+00:00\",\"description\":\"Bin\u0259q\u0259di rayonu, 6-c\u0131 polis b\u00f6lm\u0259sinin \u0259m\u0259kda\u015flar\u0131ndan biri g\u0259lini il\u0259 m\u00fcnasib\u0259tl\u0259rin\u0259 g\u00f6r\u0259 onu \u015f\u0259rl\u0259y\u0259r\u0259k, h\u0259bs el\u0259tdirib.\",\"breadcrumb\":{\"@id\":\"https:\\\/\\\/www.meydan.tv\\\/az\\\/article\\\/prokurorluq-vetendasin-polis-terefinden-serlendiyini-tesdiqleyib\\\/#breadcrumb\"},\"inLanguage\":\"az\",\"potentialAction\":[{\"@type\":\"ReadAction\",\"target\":[\"https:\\\/\\\/www.meydan.tv\\\/az\\\/article\\\/prokurorluq-vetendasin-polis-terefinden-serlendiyini-tesdiqleyib\\\/\"]}]},{\"@type\":\"ImageObject\",\"inLanguage\":\"az\",\"@id\":\"https:\\\/\\\/www.meydan.tv\\\/az\\\/article\\\/prokurorluq-vetendasin-polis-terefinden-serlendiyini-tesdiqleyib\\\/#primaryimage\",\"url\":\"https:\\\/\\\/www.meydan.tv\\\/wp-content\\\/uploads\\\/screenshot-at-aug-10-14-51-49.png\",\"contentUrl\":\"https:\\\/\\\/www.meydan.tv\\\/wp-content\\\/uploads\\\/screenshot-at-aug-10-14-51-49.png\",\"width\":1510,\"height\":840,\"caption\":\"Ba\u015f Prokurorluq. Foto: Meydan TV\"},{\"@type\":\"BreadcrumbList\",\"@id\":\"https:\\\/\\\/www.meydan.tv\\\/az\\\/article\\\/prokurorluq-vetendasin-polis-terefinden-serlendiyini-tesdiqleyib\\\/#breadcrumb\",\"itemListElement\":[{\"@type\":\"ListItem\",\"position\":1,\"name\":\"Ana s\u0259hif\u0259\",\"item\":\"https:\\\/\\\/www.meydan.tv\\\/az\\\/\"},{\"@type\":\"ListItem\",\"position\":2,\"name\":\"Sosial\",\"item\":\"https:\\\/\\\/www.meydan.tv\\\/az\\\/section\\\/sosial\\\/\"},{\"@type\":\"ListItem\",\"position\":3,\"name\":\"Prokurorluq v\u0259t\u0259nda\u015f\u0131n polis t\u0259r\u0259find\u0259n \u015f\u0259rl\u0259ndiyini t\u0259sdiql\u0259yib\"}]},{\"@type\":\"WebSite\",\"@id\":\"https:\\\/\\\/www.meydan.tv\\\/az\\\/#website\",\"url\":\"https:\\\/\\\/www.meydan.tv\\\/az\\\/\",\"name\":\"MEYDAN.TV\",\"description\":\"Meydan TV Az\u0259rbaycan\u0131n media m\u0259kan\u0131ndak\u0131 alternativ s\u0259sidir\",\"publisher\":{\"@id\":\"https:\\\/\\\/www.meydan.tv\\\/az\\\/#organization\"},\"potentialAction\":[{\"@type\":\"SearchAction\",\"target\":{\"@type\":\"EntryPoint\",\"urlTemplate\":\"https:\\\/\\\/www.meydan.tv\\\/az\\\/?s={search_term_string}\"},\"query-input\":{\"@type\":\"PropertyValueSpecification\",\"valueRequired\":true,\"valueName\":\"search_term_string\"}}],\"inLanguage\":\"az\"},{\"@type\":\"Organization\",\"@id\":\"https:\\\/\\\/www.meydan.tv\\\/az\\\/#organization\",\"name\":\"Meydan TV\",\"url\":\"https:\\\/\\\/www.meydan.tv\\\/az\\\/\",\"logo\":{\"@type\":\"ImageObject\",\"inLanguage\":\"az\",\"@id\":\"https:\\\/\\\/www.meydan.tv\\\/az\\\/#\\\/schema\\\/logo\\\/image\\\/\",\"url\":\"https:\\\/\\\/www.meydan.tv\\\/wp-content\\\/uploads\\\/2021\\\/07\\\/meydan-logo.svg\",\"contentUrl\":\"https:\\\/\\\/www.meydan.tv\\\/wp-content\\\/uploads\\\/2021\\\/07\\\/meydan-logo.svg\",\"width\":195,\"height\":46,\"caption\":\"Meydan TV\"},\"image\":{\"@id\":\"https:\\\/\\\/www.meydan.tv\\\/az\\\/#\\\/schema\\\/logo\\\/image\\\/\"}},{\"@type\":\"Person\",\"@id\":\"https:\\\/\\\/www.meydan.tv\\\/az\\\/#\\\/schema\\\/person\\\/9cdbecf90d17180ce1dfbd95b08dcf47\",\"name\":\"elli\",\"sameAs\":[\"https:\\\/\\\/x.com\\\/elli\"]}]}<\/script>\n<!-- \/ Yoast SEO plugin. -->","yoast_head_json":{"title":"Prokurorluq v\u0259t\u0259nda\u015f\u0131n polis t\u0259r\u0259find\u0259n \u015f\u0259rl\u0259ndiyini t\u0259sdiql\u0259yib - MEYDAN.TV","description":"Bin\u0259q\u0259di rayonu, 6-c\u0131 polis b\u00f6lm\u0259sinin \u0259m\u0259kda\u015flar\u0131ndan biri g\u0259lini il\u0259 m\u00fcnasib\u0259tl\u0259rin\u0259 g\u00f6r\u0259 onu \u015f\u0259rl\u0259y\u0259r\u0259k, h\u0259bs el\u0259tdirib.","robots":{"index":"index","follow":"follow","max-snippet":"max-snippet:-1","max-image-preview":"max-image-preview:large","max-video-preview":"max-video-preview:-1"},"canonical":"https:\/\/www.meydan.tv\/az\/article\/prokurorluq-vetendasin-polis-terefinden-serlendiyini-tesdiqleyib\/","og_locale":"az_AZ","og_type":"article","og_title":"Prokurorluq v\u0259t\u0259nda\u015f\u0131n polis t\u0259r\u0259find\u0259n \u015f\u0259rl\u0259ndiyini t\u0259sdiql\u0259yib - MEYDAN.TV","og_description":"Bin\u0259q\u0259di rayonu, 6-c\u0131 polis b\u00f6lm\u0259sinin \u0259m\u0259kda\u015flar\u0131ndan biri g\u0259lini il\u0259 m\u00fcnasib\u0259tl\u0259rin\u0259 g\u00f6r\u0259 onu \u015f\u0259rl\u0259y\u0259r\u0259k, h\u0259bs el\u0259tdirib.","og_url":"https:\/\/www.meydan.tv\/az\/article\/prokurorluq-vetendasin-polis-terefinden-serlendiyini-tesdiqleyib\/","og_site_name":"MEYDAN.TV","article_published_time":"2024-10-28T18:04:24+00:00","article_modified_time":"2024-10-28T20:17:08+00:00","og_image":[{"width":1200,"height":668,"url":"https:\/\/www.meydan.tv\/wp-content\/uploads\/screenshot-at-aug-10-14-51-49-1200x668.png","type":"image\/png"}],"author":"elli","twitter_card":"summary_large_image","twitter_creator":"@elli","schema":{"@context":"https:\/\/schema.org","@graph":[{"@type":"Article","@id":"https:\/\/www.meydan.tv\/az\/article\/prokurorluq-vetendasin-polis-terefinden-serlendiyini-tesdiqleyib\/#article","isPartOf":{"@id":"https:\/\/www.meydan.tv\/az\/article\/prokurorluq-vetendasin-polis-terefinden-serlendiyini-tesdiqleyib\/"},"author":{"name":"elli","@id":"https:\/\/www.meydan.tv\/az\/#\/schema\/person\/9cdbecf90d17180ce1dfbd95b08dcf47"},"headline":"Prokurorluq v\u0259t\u0259nda\u015f\u0131n polis t\u0259r\u0259find\u0259n \u015f\u0259rl\u0259ndiyini t\u0259sdiql\u0259yib","datePublished":"2024-10-28T18:04:24+00:00","dateModified":"2024-10-28T20:17:08+00:00","mainEntityOfPage":{"@id":"https:\/\/www.meydan.tv\/az\/article\/prokurorluq-vetendasin-polis-terefinden-serlendiyini-tesdiqleyib\/"},"wordCount":980,"publisher":{"@id":"https:\/\/www.meydan.tv\/az\/#organization"},"image":{"@id":"https:\/\/www.meydan.tv\/az\/article\/prokurorluq-vetendasin-polis-terefinden-serlendiyini-tesdiqleyib\/#primaryimage"},"thumbnailUrl":"https:\/\/www.meydan.tv\/wp-content\/uploads\/screenshot-at-aug-10-14-51-49.png","articleSection":["Sosial","T\u00f6vsiy\u0259","X\u0259b\u0259rl\u0259r"],"inLanguage":"az"},{"@type":"WebPage","@id":"https:\/\/www.meydan.tv\/az\/article\/prokurorluq-vetendasin-polis-terefinden-serlendiyini-tesdiqleyib\/","url":"https:\/\/www.meydan.tv\/az\/article\/prokurorluq-vetendasin-polis-terefinden-serlendiyini-tesdiqleyib\/","name":"Prokurorluq v\u0259t\u0259nda\u015f\u0131n polis t\u0259r\u0259find\u0259n \u015f\u0259rl\u0259ndiyini t\u0259sdiql\u0259yib - MEYDAN.TV","isPartOf":{"@id":"https:\/\/www.meydan.tv\/az\/#website"},"primaryImageOfPage":{"@id":"https:\/\/www.meydan.tv\/az\/article\/prokurorluq-vetendasin-polis-terefinden-serlendiyini-tesdiqleyib\/#primaryimage"},"image":{"@id":"https:\/\/www.meydan.tv\/az\/article\/prokurorluq-vetendasin-polis-terefinden-serlendiyini-tesdiqleyib\/#primaryimage"},"thumbnailUrl":"https:\/\/www.meydan.tv\/wp-content\/uploads\/screenshot-at-aug-10-14-51-49.png","datePublished":"2024-10-28T18:04:24+00:00","dateModified":"2024-10-28T20:17:08+00:00","description":"Bin\u0259q\u0259di rayonu, 6-c\u0131 polis b\u00f6lm\u0259sinin \u0259m\u0259kda\u015flar\u0131ndan biri g\u0259lini il\u0259 m\u00fcnasib\u0259tl\u0259rin\u0259 g\u00f6r\u0259 onu \u015f\u0259rl\u0259y\u0259r\u0259k, h\u0259bs el\u0259tdirib.","breadcrumb":{"@id":"https:\/\/www.meydan.tv\/az\/article\/prokurorluq-vetendasin-polis-terefinden-serlendiyini-tesdiqleyib\/#breadcrumb"},"inLanguage":"az","potentialAction":[{"@type":"ReadAction","target":["https:\/\/www.meydan.tv\/az\/article\/prokurorluq-vetendasin-polis-terefinden-serlendiyini-tesdiqleyib\/"]}]},{"@type":"ImageObject","inLanguage":"az","@id":"https:\/\/www.meydan.tv\/az\/article\/prokurorluq-vetendasin-polis-terefinden-serlendiyini-tesdiqleyib\/#primaryimage","url":"https:\/\/www.meydan.tv\/wp-content\/uploads\/screenshot-at-aug-10-14-51-49.png","contentUrl":"https:\/\/www.meydan.tv\/wp-content\/uploads\/screenshot-at-aug-10-14-51-49.png","width":1510,"height":840,"caption":"Ba\u015f Prokurorluq. Foto: Meydan TV"},{"@type":"BreadcrumbList","@id":"https:\/\/www.meydan.tv\/az\/article\/prokurorluq-vetendasin-polis-terefinden-serlendiyini-tesdiqleyib\/#breadcrumb","itemListElement":[{"@type":"ListItem","position":1,"name":"Ana s\u0259hif\u0259","item":"https:\/\/www.meydan.tv\/az\/"},{"@type":"ListItem","position":2,"name":"Sosial","item":"https:\/\/www.meydan.tv\/az\/section\/sosial\/"},{"@type":"ListItem","position":3,"name":"Prokurorluq v\u0259t\u0259nda\u015f\u0131n polis t\u0259r\u0259find\u0259n \u015f\u0259rl\u0259ndiyini t\u0259sdiql\u0259yib"}]},{"@type":"WebSite","@id":"https:\/\/www.meydan.tv\/az\/#website","url":"https:\/\/www.meydan.tv\/az\/","name":"MEYDAN.TV","description":"Meydan TV Az\u0259rbaycan\u0131n media m\u0259kan\u0131ndak\u0131 alternativ s\u0259sidir","publisher":{"@id":"https:\/\/www.meydan.tv\/az\/#organization"},"potentialAction":[{"@type":"SearchAction","target":{"@type":"EntryPoint","urlTemplate":"https:\/\/www.meydan.tv\/az\/?s={search_term_string}"},"query-input":{"@type":"PropertyValueSpecification","valueRequired":true,"valueName":"search_term_string"}}],"inLanguage":"az"},{"@type":"Organization","@id":"https:\/\/www.meydan.tv\/az\/#organization","name":"Meydan TV","url":"https:\/\/www.meydan.tv\/az\/","logo":{"@type":"ImageObject","inLanguage":"az","@id":"https:\/\/www.meydan.tv\/az\/#\/schema\/logo\/image\/","url":"https:\/\/www.meydan.tv\/wp-content\/uploads\/2021\/07\/meydan-logo.svg","contentUrl":"https:\/\/www.meydan.tv\/wp-content\/uploads\/2021\/07\/meydan-logo.svg","width":195,"height":46,"caption":"Meydan TV"},"image":{"@id":"https:\/\/www.meydan.tv\/az\/#\/schema\/logo\/image\/"}},{"@type":"Person","@id":"https:\/\/www.meydan.tv\/az\/#\/schema\/person\/9cdbecf90d17180ce1dfbd95b08dcf47","name":"elli","sameAs":["https:\/\/x.com\/elli"]}]}},"_links":{"self":[{"href":"https:\/\/www.meydan.tv\/az\/wp-json\/wp\/v2\/posts\/319008","targetHints":{"allow":["GET"]}}],"collection":[{"href":"https:\/\/www.meydan.tv\/az\/wp-json\/wp\/v2\/posts"}],"about":[{"href":"https:\/\/www.meydan.tv\/az\/wp-json\/wp\/v2\/types\/post"}],"author":[{"embeddable":true,"href":"https:\/\/www.meydan.tv\/az\/wp-json\/wp\/v2\/users\/8"}],"replies":[{"embeddable":true,"href":"https:\/\/www.meydan.tv\/az\/wp-json\/wp\/v2\/comments?post=319008"}],"version-history":[{"count":3,"href":"https:\/\/www.meydan.tv\/az\/wp-json\/wp\/v2\/posts\/319008\/revisions"}],"predecessor-version":[{"id":319032,"href":"https:\/\/www.meydan.tv\/az\/wp-json\/wp\/v2\/posts\/319008\/revisions\/319032"}],"wp:featuredmedia":[{"embeddable":true,"href":"https:\/\/www.meydan.tv\/az\/wp-json\/wp\/v2\/media\/252941"}],"wp:attachment":[{"href":"https:\/\/www.meydan.tv\/az\/wp-json\/wp\/v2\/media?parent=319008"}],"wp:term":[{"taxonomy":"category","embeddable":true,"href":"https:\/\/www.meydan.tv\/az\/wp-json\/wp\/v2\/categories?post=319008"},{"taxonomy":"post_tag","embeddable":true,"href":"https:\/\/www.meydan.tv\/az\/wp-json\/wp\/v2\/tags?post=319008"}],"curies":[{"name":"wp","href":"https:\/\/api.w.org\/{rel}","templated":true}]}}