{"id":318929,"date":"2024-10-28T12:52:09","date_gmt":"2024-10-28T08:52:09","guid":{"rendered":"https:\/\/www.meydan.tv\/?p=318929"},"modified":"2024-10-28T12:52:11","modified_gmt":"2024-10-28T08:52:11","slug":"polis-bolmesinin-qarsisinda-intihara-cehd-etdi-hebs-olundu","status":"publish","type":"post","link":"https:\/\/www.meydan.tv\/az\/article\/polis-bolmesinin-qarsisinda-intihara-cehd-etdi-hebs-olundu\/","title":{"rendered":"Polis b\u00f6lm\u0259sinin qar\u015f\u0131s\u0131nda intihara c\u0259hd etdi, h\u0259bs olundu"},"content":{"rendered":"\n<p><\/p>\n\n\n\n<p><strong><em>Evin\u0259 ya\u011f\u0131\u015f suyu dolan Bin\u0259 sakini qurumlar\u0131n bigan\u0259liyin\u0259 etiraz etdiyini deyir<\/em><\/strong><\/p>\n\n\n\n<p>X\u0259z\u0259r rayonu, 3-c\u00fc polis b\u00f6lm\u0259sinin qar\u015f\u0131s\u0131nda d\u00f6vl\u0259t orqanlar\u0131n\u0131n bigan\u0259liyin\u0259 etiraz olaraq, intihara c\u0259hd ed\u0259n \u015f\u0259xs h\u0259bs olunub. Ona X\u0259z\u0259r Rayon M\u0259hk\u0259m\u0259sinin q\u0259rar\u0131 il\u0259 8 sutka inzibati h\u0259bs c\u0259zas\u0131 verilib.<\/p>\n\n\n\n<p>Bin\u0259 sakini oktyabr\u0131n 21-22-d\u0259 ya\u011fan ya\u011f\u0131\u015flar zaman\u0131 evini v\u0259 \u0259razid\u0259ki i\u015f\u0131q transformatorunu su basmas\u0131 il\u0259 \u0259laq\u0259dar ay\u0131n 22-d\u0259 s\u0259h\u0259r F\u00f6vq\u0259lad\u0259 Hallar Nazirliyin\u0259, Daxili \u0130\u015fl\u0259r Nazirliyinin 102 xidm\u0259tin\u0259, Qaz q\u0259za xidm\u0259ti\u0259 z\u0259ng edib. Onun dediyin\u0259 g\u00f6r\u0259, yaln\u0131z qaz q\u0259za xidm\u0259tinin \u0259m\u0259kda\u015flar\u0131 operativ \u015f\u0259kild\u0259 \u0259raziy\u0259 g\u0259lib:<\/p>\n\n\n\n<p><em>\u201cSu yatd\u0131\u011f\u0131m yer\u0259 q\u0259d\u0259r g\u0259lib \u00e7\u0131xm\u0131\u015fd\u0131. Trasformatorun da suyun i\u00e7ind\u0259 qalmas\u0131 bir t\u0259r\u0259fd\u0259n qorxudurdu. O biri qurumlar\u0131n da bigan\u0259liyi lap \u0259s\u0259bil\u0259\u015fdirdi\u201d.<\/em><\/p>\n\n\n\n<p>Bin\u0259 sakini bildirib ki, Daxili \u0130\u015fl\u0259r Nazirliyinin 102 xidm\u0259tind\u0259n \u0259lav\u0259 \u0259razi \u00fczr\u0259 sah\u0259 inspektoruna da z\u0259ng edib.<\/p>\n\n\n\n<p>Daha sonra evd\u0259n benzin g\u00f6t\u00fcr\u00fcb, 3-c\u00fc polis b\u00f6lm\u0259sinin qar\u015f\u0131s\u0131na gedib v\u0259 orada d\u00f6vl\u0259t orqanlar\u0131n\u0131n laqeydliyin\u0259 etiraz olaraq, orada \u00f6z\u00fcn\u00fc yand\u0131rmaq ist\u0259yib.<\/p>\n\n\n\n<p>B\u00f6lm\u0259d\u0259 polisl\u0259r onun qar\u015f\u0131s\u0131n\u0131 al\u0131b, \u00f6z\u00fc haqq\u0131nda da xuliqanl\u0131q v\u0259 polisin t\u0259l\u0259bin\u0259 tabe olmamaq ittihamlar\u0131yla protokol t\u0259rtib edib, m\u0259hk\u0259m\u0259y\u0259 \u00e7\u0131xar\u0131blar. M\u0259hk\u0259m\u0259d\u0259n d\u0259 haqq\u0131nda 8 sutkal\u0131q inzibati h\u0259bs q\u0259rar\u0131 al\u0131b, Bin\u0259q\u0259di q\u0259s\u0259b\u0259sind\u0259 yerl\u0259\u015f\u0259n inzibati qaydada h\u0259bs olunanlar\u0131n saxland\u0131\u011f\u0131 t\u0259cridxanaya g\u00f6nd\u0259ribl\u0259r.<\/p>\n\n\n\n<p>Ya\u011f\u0131\u015flar zaman\u0131 Bin\u0259 q\u0259s\u0259b\u0259sind\u0259 evl\u0259rini su basan sakinl\u0259rd\u0259n daha ikisi d\u0259 h\u0259bs olunub. Onlar\u0131n h\u0259bsin\u0259 s\u0259b\u0259b is\u0259 yola y\u0131\u011f\u0131lm\u0131\u015f suyun getm\u0259si \u00fc\u00e7\u00fcn kanalizasiya quyusunun qapa\u011f\u0131n\u0131 a\u00e7maqdan \u00f6tr\u00fc avtomobill\u0259rin h\u0259r\u0259k\u0259tini bir m\u00fcdd\u0259t saxlamalar\u0131 olub. Onlar\u0131n bu h\u0259r\u0259k\u0259ti xuliqanl\u0131q kimi qiym\u0259tl\u0259ndirilib.<\/p>\n","protected":false},"excerpt":{"rendered":"<p>Evin\u0259 ya\u011f\u0131\u015f suyu dolan Bin\u0259 sakini qurumlar\u0131n bigan\u0259liyin\u0259 etiraz etdiyini &#8230; <\/p>\n<p class=\"read-more-container\"><a title=\"Polis b\u00f6lm\u0259sinin qar\u015f\u0131s\u0131nda intihara c\u0259hd etdi, h\u0259bs olundu\" class=\"read-more button\" href=\"https:\/\/www.meydan.tv\/az\/article\/polis-bolmesinin-qarsisinda-intihara-cehd-etdi-hebs-olundu\/#more-318929\" aria-label=\"Read more about Polis b\u00f6lm\u0259sinin qar\u015f\u0131s\u0131nda intihara c\u0259hd etdi, h\u0259bs olundu\">Davam\u0131<\/a><\/p>\n","protected":false},"author":8,"featured_media":318930,"comment_status":"closed","ping_status":"closed","sticky":false,"template":"","format":"standard","meta":{"_acf_changed":false,"_sitemap_exclude":false,"_sitemap_priority":"","_sitemap_frequency":"","footnotes":""},"categories":[62,79,56],"tags":[],"class_list":["post-318929","post","type-post","status-publish","format-standard","has-post-thumbnail","hentry","category-sosial","category-featured","category-xeberler","infinite-scroll-item","generate-columns","tablet-grid-50","mobile-grid-100","grid-parent","grid-33","no-featured-image-padding"],"acf":[],"yoast_head":"<!-- This site is optimized with the Yoast SEO plugin v27.4 - https:\/\/yoast.com\/product\/yoast-seo-wordpress\/ -->\n<title>Polis b\u00f6lm\u0259sinin qar\u015f\u0131s\u0131nda intihara c\u0259hd etdi, h\u0259bs olundu - MEYDAN.TV<\/title>\n<meta name=\"description\" content=\"Bin\u0259 sakini bildirib ki, Daxili \u0130\u015fl\u0259r Nazirliyinin 102 xidm\u0259tind\u0259n \u0259lav\u0259 \u0259razi \u00fczr\u0259 sah\u0259 inspektoruna da z\u0259ng el\u0259yib.\" \/>\n<meta name=\"robots\" content=\"index, follow, max-snippet:-1, max-image-preview:large, max-video-preview:-1\" \/>\n<link rel=\"canonical\" href=\"https:\/\/www.meydan.tv\/az\/article\/polis-bolmesinin-qarsisinda-intihara-cehd-etdi-hebs-olundu\/\" \/>\n<meta property=\"og:locale\" content=\"az_AZ\" \/>\n<meta property=\"og:type\" content=\"article\" \/>\n<meta property=\"og:title\" content=\"Polis b\u00f6lm\u0259sinin qar\u015f\u0131s\u0131nda intihara c\u0259hd etdi, h\u0259bs olundu - MEYDAN.TV\" \/>\n<meta property=\"og:description\" content=\"Bin\u0259 sakini bildirib ki, Daxili \u0130\u015fl\u0259r Nazirliyinin 102 xidm\u0259tind\u0259n \u0259lav\u0259 \u0259razi \u00fczr\u0259 sah\u0259 inspektoruna da z\u0259ng el\u0259yib.\" \/>\n<meta property=\"og:url\" content=\"https:\/\/www.meydan.tv\/az\/article\/polis-bolmesinin-qarsisinda-intihara-cehd-etdi-hebs-olundu\/\" \/>\n<meta property=\"og:site_name\" content=\"MEYDAN.TV\" \/>\n<meta property=\"article:published_time\" content=\"2024-10-28T08:52:09+00:00\" \/>\n<meta property=\"article:modified_time\" content=\"2024-10-28T08:52:11+00:00\" \/>\n<meta property=\"og:image\" content=\"https:\/\/www.meydan.tv\/wp-content\/uploads\/img-20190701-wa00241.jpg\" \/>\n\t<meta property=\"og:image:width\" content=\"1900\" \/>\n\t<meta property=\"og:image:height\" content=\"993\" \/>\n\t<meta property=\"og:image:type\" content=\"image\/jpeg\" \/>\n<meta name=\"author\" content=\"elli\" \/>\n<meta name=\"twitter:card\" content=\"summary_large_image\" \/>\n<meta name=\"twitter:creator\" content=\"@elli\" \/>\n<script type=\"application\/ld+json\" class=\"yoast-schema-graph\">{\"@context\":\"https:\\\/\\\/schema.org\",\"@graph\":[{\"@type\":\"Article\",\"@id\":\"https:\\\/\\\/www.meydan.tv\\\/az\\\/article\\\/polis-bolmesinin-qarsisinda-intihara-cehd-etdi-hebs-olundu\\\/#article\",\"isPartOf\":{\"@id\":\"https:\\\/\\\/www.meydan.tv\\\/az\\\/article\\\/polis-bolmesinin-qarsisinda-intihara-cehd-etdi-hebs-olundu\\\/\"},\"author\":{\"name\":\"elli\",\"@id\":\"https:\\\/\\\/www.meydan.tv\\\/az\\\/#\\\/schema\\\/person\\\/9cdbecf90d17180ce1dfbd95b08dcf47\"},\"headline\":\"Polis b\u00f6lm\u0259sinin qar\u015f\u0131s\u0131nda intihara c\u0259hd etdi, h\u0259bs olundu\",\"datePublished\":\"2024-10-28T08:52:09+00:00\",\"dateModified\":\"2024-10-28T08:52:11+00:00\",\"mainEntityOfPage\":{\"@id\":\"https:\\\/\\\/www.meydan.tv\\\/az\\\/article\\\/polis-bolmesinin-qarsisinda-intihara-cehd-etdi-hebs-olundu\\\/\"},\"wordCount\":377,\"publisher\":{\"@id\":\"https:\\\/\\\/www.meydan.tv\\\/az\\\/#organization\"},\"image\":{\"@id\":\"https:\\\/\\\/www.meydan.tv\\\/az\\\/article\\\/polis-bolmesinin-qarsisinda-intihara-cehd-etdi-hebs-olundu\\\/#primaryimage\"},\"thumbnailUrl\":\"https:\\\/\\\/www.meydan.tv\\\/wp-content\\\/uploads\\\/img-20190701-wa00241.jpg\",\"articleSection\":[\"Sosial\",\"T\u00f6vsiy\u0259\",\"X\u0259b\u0259rl\u0259r\"],\"inLanguage\":\"az\"},{\"@type\":\"WebPage\",\"@id\":\"https:\\\/\\\/www.meydan.tv\\\/az\\\/article\\\/polis-bolmesinin-qarsisinda-intihara-cehd-etdi-hebs-olundu\\\/\",\"url\":\"https:\\\/\\\/www.meydan.tv\\\/az\\\/article\\\/polis-bolmesinin-qarsisinda-intihara-cehd-etdi-hebs-olundu\\\/\",\"name\":\"Polis b\u00f6lm\u0259sinin qar\u015f\u0131s\u0131nda intihara c\u0259hd etdi, h\u0259bs olundu - MEYDAN.TV\",\"isPartOf\":{\"@id\":\"https:\\\/\\\/www.meydan.tv\\\/az\\\/#website\"},\"primaryImageOfPage\":{\"@id\":\"https:\\\/\\\/www.meydan.tv\\\/az\\\/article\\\/polis-bolmesinin-qarsisinda-intihara-cehd-etdi-hebs-olundu\\\/#primaryimage\"},\"image\":{\"@id\":\"https:\\\/\\\/www.meydan.tv\\\/az\\\/article\\\/polis-bolmesinin-qarsisinda-intihara-cehd-etdi-hebs-olundu\\\/#primaryimage\"},\"thumbnailUrl\":\"https:\\\/\\\/www.meydan.tv\\\/wp-content\\\/uploads\\\/img-20190701-wa00241.jpg\",\"datePublished\":\"2024-10-28T08:52:09+00:00\",\"dateModified\":\"2024-10-28T08:52:11+00:00\",\"description\":\"Bin\u0259 sakini bildirib ki, Daxili \u0130\u015fl\u0259r Nazirliyinin 102 xidm\u0259tind\u0259n \u0259lav\u0259 \u0259razi \u00fczr\u0259 sah\u0259 inspektoruna da z\u0259ng el\u0259yib.\",\"breadcrumb\":{\"@id\":\"https:\\\/\\\/www.meydan.tv\\\/az\\\/article\\\/polis-bolmesinin-qarsisinda-intihara-cehd-etdi-hebs-olundu\\\/#breadcrumb\"},\"inLanguage\":\"az\",\"potentialAction\":[{\"@type\":\"ReadAction\",\"target\":[\"https:\\\/\\\/www.meydan.tv\\\/az\\\/article\\\/polis-bolmesinin-qarsisinda-intihara-cehd-etdi-hebs-olundu\\\/\"]}]},{\"@type\":\"ImageObject\",\"inLanguage\":\"az\",\"@id\":\"https:\\\/\\\/www.meydan.tv\\\/az\\\/article\\\/polis-bolmesinin-qarsisinda-intihara-cehd-etdi-hebs-olundu\\\/#primaryimage\",\"url\":\"https:\\\/\\\/www.meydan.tv\\\/wp-content\\\/uploads\\\/img-20190701-wa00241.jpg\",\"contentUrl\":\"https:\\\/\\\/www.meydan.tv\\\/wp-content\\\/uploads\\\/img-20190701-wa00241.jpg\",\"width\":1900,\"height\":993,\"caption\":\"Bin\u0259 Polis B\u00f6lm\u0259sinin yeni binas\u0131. Foto: \\\"xazar-ih.gov.az\\\"\"},{\"@type\":\"BreadcrumbList\",\"@id\":\"https:\\\/\\\/www.meydan.tv\\\/az\\\/article\\\/polis-bolmesinin-qarsisinda-intihara-cehd-etdi-hebs-olundu\\\/#breadcrumb\",\"itemListElement\":[{\"@type\":\"ListItem\",\"position\":1,\"name\":\"Ana s\u0259hif\u0259\",\"item\":\"https:\\\/\\\/www.meydan.tv\\\/az\\\/\"},{\"@type\":\"ListItem\",\"position\":2,\"name\":\"Sosial\",\"item\":\"https:\\\/\\\/www.meydan.tv\\\/az\\\/section\\\/sosial\\\/\"},{\"@type\":\"ListItem\",\"position\":3,\"name\":\"Polis b\u00f6lm\u0259sinin qar\u015f\u0131s\u0131nda intihara c\u0259hd etdi, h\u0259bs olundu\"}]},{\"@type\":\"WebSite\",\"@id\":\"https:\\\/\\\/www.meydan.tv\\\/az\\\/#website\",\"url\":\"https:\\\/\\\/www.meydan.tv\\\/az\\\/\",\"name\":\"MEYDAN.TV\",\"description\":\"Meydan TV Az\u0259rbaycan\u0131n media m\u0259kan\u0131ndak\u0131 alternativ s\u0259sidir\",\"publisher\":{\"@id\":\"https:\\\/\\\/www.meydan.tv\\\/az\\\/#organization\"},\"potentialAction\":[{\"@type\":\"SearchAction\",\"target\":{\"@type\":\"EntryPoint\",\"urlTemplate\":\"https:\\\/\\\/www.meydan.tv\\\/az\\\/?s={search_term_string}\"},\"query-input\":{\"@type\":\"PropertyValueSpecification\",\"valueRequired\":true,\"valueName\":\"search_term_string\"}}],\"inLanguage\":\"az\"},{\"@type\":\"Organization\",\"@id\":\"https:\\\/\\\/www.meydan.tv\\\/az\\\/#organization\",\"name\":\"Meydan TV\",\"url\":\"https:\\\/\\\/www.meydan.tv\\\/az\\\/\",\"logo\":{\"@type\":\"ImageObject\",\"inLanguage\":\"az\",\"@id\":\"https:\\\/\\\/www.meydan.tv\\\/az\\\/#\\\/schema\\\/logo\\\/image\\\/\",\"url\":\"https:\\\/\\\/www.meydan.tv\\\/wp-content\\\/uploads\\\/2021\\\/07\\\/meydan-logo.svg\",\"contentUrl\":\"https:\\\/\\\/www.meydan.tv\\\/wp-content\\\/uploads\\\/2021\\\/07\\\/meydan-logo.svg\",\"width\":195,\"height\":46,\"caption\":\"Meydan TV\"},\"image\":{\"@id\":\"https:\\\/\\\/www.meydan.tv\\\/az\\\/#\\\/schema\\\/logo\\\/image\\\/\"}},{\"@type\":\"Person\",\"@id\":\"https:\\\/\\\/www.meydan.tv\\\/az\\\/#\\\/schema\\\/person\\\/9cdbecf90d17180ce1dfbd95b08dcf47\",\"name\":\"elli\",\"sameAs\":[\"https:\\\/\\\/x.com\\\/elli\"]}]}<\/script>\n<!-- \/ Yoast SEO plugin. -->","yoast_head_json":{"title":"Polis b\u00f6lm\u0259sinin qar\u015f\u0131s\u0131nda intihara c\u0259hd etdi, h\u0259bs olundu - MEYDAN.TV","description":"Bin\u0259 sakini bildirib ki, Daxili \u0130\u015fl\u0259r Nazirliyinin 102 xidm\u0259tind\u0259n \u0259lav\u0259 \u0259razi \u00fczr\u0259 sah\u0259 inspektoruna da z\u0259ng el\u0259yib.","robots":{"index":"index","follow":"follow","max-snippet":"max-snippet:-1","max-image-preview":"max-image-preview:large","max-video-preview":"max-video-preview:-1"},"canonical":"https:\/\/www.meydan.tv\/az\/article\/polis-bolmesinin-qarsisinda-intihara-cehd-etdi-hebs-olundu\/","og_locale":"az_AZ","og_type":"article","og_title":"Polis b\u00f6lm\u0259sinin qar\u015f\u0131s\u0131nda intihara c\u0259hd etdi, h\u0259bs olundu - MEYDAN.TV","og_description":"Bin\u0259 sakini bildirib ki, Daxili \u0130\u015fl\u0259r Nazirliyinin 102 xidm\u0259tind\u0259n \u0259lav\u0259 \u0259razi \u00fczr\u0259 sah\u0259 inspektoruna da z\u0259ng el\u0259yib.","og_url":"https:\/\/www.meydan.tv\/az\/article\/polis-bolmesinin-qarsisinda-intihara-cehd-etdi-hebs-olundu\/","og_site_name":"MEYDAN.TV","article_published_time":"2024-10-28T08:52:09+00:00","article_modified_time":"2024-10-28T08:52:11+00:00","og_image":[{"width":1900,"height":993,"url":"https:\/\/www.meydan.tv\/wp-content\/uploads\/img-20190701-wa00241.jpg","type":"image\/jpeg"}],"author":"elli","twitter_card":"summary_large_image","twitter_creator":"@elli","schema":{"@context":"https:\/\/schema.org","@graph":[{"@type":"Article","@id":"https:\/\/www.meydan.tv\/az\/article\/polis-bolmesinin-qarsisinda-intihara-cehd-etdi-hebs-olundu\/#article","isPartOf":{"@id":"https:\/\/www.meydan.tv\/az\/article\/polis-bolmesinin-qarsisinda-intihara-cehd-etdi-hebs-olundu\/"},"author":{"name":"elli","@id":"https:\/\/www.meydan.tv\/az\/#\/schema\/person\/9cdbecf90d17180ce1dfbd95b08dcf47"},"headline":"Polis b\u00f6lm\u0259sinin qar\u015f\u0131s\u0131nda intihara c\u0259hd etdi, h\u0259bs olundu","datePublished":"2024-10-28T08:52:09+00:00","dateModified":"2024-10-28T08:52:11+00:00","mainEntityOfPage":{"@id":"https:\/\/www.meydan.tv\/az\/article\/polis-bolmesinin-qarsisinda-intihara-cehd-etdi-hebs-olundu\/"},"wordCount":377,"publisher":{"@id":"https:\/\/www.meydan.tv\/az\/#organization"},"image":{"@id":"https:\/\/www.meydan.tv\/az\/article\/polis-bolmesinin-qarsisinda-intihara-cehd-etdi-hebs-olundu\/#primaryimage"},"thumbnailUrl":"https:\/\/www.meydan.tv\/wp-content\/uploads\/img-20190701-wa00241.jpg","articleSection":["Sosial","T\u00f6vsiy\u0259","X\u0259b\u0259rl\u0259r"],"inLanguage":"az"},{"@type":"WebPage","@id":"https:\/\/www.meydan.tv\/az\/article\/polis-bolmesinin-qarsisinda-intihara-cehd-etdi-hebs-olundu\/","url":"https:\/\/www.meydan.tv\/az\/article\/polis-bolmesinin-qarsisinda-intihara-cehd-etdi-hebs-olundu\/","name":"Polis b\u00f6lm\u0259sinin qar\u015f\u0131s\u0131nda intihara c\u0259hd etdi, h\u0259bs olundu - MEYDAN.TV","isPartOf":{"@id":"https:\/\/www.meydan.tv\/az\/#website"},"primaryImageOfPage":{"@id":"https:\/\/www.meydan.tv\/az\/article\/polis-bolmesinin-qarsisinda-intihara-cehd-etdi-hebs-olundu\/#primaryimage"},"image":{"@id":"https:\/\/www.meydan.tv\/az\/article\/polis-bolmesinin-qarsisinda-intihara-cehd-etdi-hebs-olundu\/#primaryimage"},"thumbnailUrl":"https:\/\/www.meydan.tv\/wp-content\/uploads\/img-20190701-wa00241.jpg","datePublished":"2024-10-28T08:52:09+00:00","dateModified":"2024-10-28T08:52:11+00:00","description":"Bin\u0259 sakini bildirib ki, Daxili \u0130\u015fl\u0259r Nazirliyinin 102 xidm\u0259tind\u0259n \u0259lav\u0259 \u0259razi \u00fczr\u0259 sah\u0259 inspektoruna da z\u0259ng el\u0259yib.","breadcrumb":{"@id":"https:\/\/www.meydan.tv\/az\/article\/polis-bolmesinin-qarsisinda-intihara-cehd-etdi-hebs-olundu\/#breadcrumb"},"inLanguage":"az","potentialAction":[{"@type":"ReadAction","target":["https:\/\/www.meydan.tv\/az\/article\/polis-bolmesinin-qarsisinda-intihara-cehd-etdi-hebs-olundu\/"]}]},{"@type":"ImageObject","inLanguage":"az","@id":"https:\/\/www.meydan.tv\/az\/article\/polis-bolmesinin-qarsisinda-intihara-cehd-etdi-hebs-olundu\/#primaryimage","url":"https:\/\/www.meydan.tv\/wp-content\/uploads\/img-20190701-wa00241.jpg","contentUrl":"https:\/\/www.meydan.tv\/wp-content\/uploads\/img-20190701-wa00241.jpg","width":1900,"height":993,"caption":"Bin\u0259 Polis B\u00f6lm\u0259sinin yeni binas\u0131. Foto: \"xazar-ih.gov.az\""},{"@type":"BreadcrumbList","@id":"https:\/\/www.meydan.tv\/az\/article\/polis-bolmesinin-qarsisinda-intihara-cehd-etdi-hebs-olundu\/#breadcrumb","itemListElement":[{"@type":"ListItem","position":1,"name":"Ana s\u0259hif\u0259","item":"https:\/\/www.meydan.tv\/az\/"},{"@type":"ListItem","position":2,"name":"Sosial","item":"https:\/\/www.meydan.tv\/az\/section\/sosial\/"},{"@type":"ListItem","position":3,"name":"Polis b\u00f6lm\u0259sinin qar\u015f\u0131s\u0131nda intihara c\u0259hd etdi, h\u0259bs olundu"}]},{"@type":"WebSite","@id":"https:\/\/www.meydan.tv\/az\/#website","url":"https:\/\/www.meydan.tv\/az\/","name":"MEYDAN.TV","description":"Meydan TV Az\u0259rbaycan\u0131n media m\u0259kan\u0131ndak\u0131 alternativ s\u0259sidir","publisher":{"@id":"https:\/\/www.meydan.tv\/az\/#organization"},"potentialAction":[{"@type":"SearchAction","target":{"@type":"EntryPoint","urlTemplate":"https:\/\/www.meydan.tv\/az\/?s={search_term_string}"},"query-input":{"@type":"PropertyValueSpecification","valueRequired":true,"valueName":"search_term_string"}}],"inLanguage":"az"},{"@type":"Organization","@id":"https:\/\/www.meydan.tv\/az\/#organization","name":"Meydan TV","url":"https:\/\/www.meydan.tv\/az\/","logo":{"@type":"ImageObject","inLanguage":"az","@id":"https:\/\/www.meydan.tv\/az\/#\/schema\/logo\/image\/","url":"https:\/\/www.meydan.tv\/wp-content\/uploads\/2021\/07\/meydan-logo.svg","contentUrl":"https:\/\/www.meydan.tv\/wp-content\/uploads\/2021\/07\/meydan-logo.svg","width":195,"height":46,"caption":"Meydan TV"},"image":{"@id":"https:\/\/www.meydan.tv\/az\/#\/schema\/logo\/image\/"}},{"@type":"Person","@id":"https:\/\/www.meydan.tv\/az\/#\/schema\/person\/9cdbecf90d17180ce1dfbd95b08dcf47","name":"elli","sameAs":["https:\/\/x.com\/elli"]}]}},"_links":{"self":[{"href":"https:\/\/www.meydan.tv\/az\/wp-json\/wp\/v2\/posts\/318929","targetHints":{"allow":["GET"]}}],"collection":[{"href":"https:\/\/www.meydan.tv\/az\/wp-json\/wp\/v2\/posts"}],"about":[{"href":"https:\/\/www.meydan.tv\/az\/wp-json\/wp\/v2\/types\/post"}],"author":[{"embeddable":true,"href":"https:\/\/www.meydan.tv\/az\/wp-json\/wp\/v2\/users\/8"}],"replies":[{"embeddable":true,"href":"https:\/\/www.meydan.tv\/az\/wp-json\/wp\/v2\/comments?post=318929"}],"version-history":[{"count":3,"href":"https:\/\/www.meydan.tv\/az\/wp-json\/wp\/v2\/posts\/318929\/revisions"}],"predecessor-version":[{"id":318935,"href":"https:\/\/www.meydan.tv\/az\/wp-json\/wp\/v2\/posts\/318929\/revisions\/318935"}],"wp:featuredmedia":[{"embeddable":true,"href":"https:\/\/www.meydan.tv\/az\/wp-json\/wp\/v2\/media\/318930"}],"wp:attachment":[{"href":"https:\/\/www.meydan.tv\/az\/wp-json\/wp\/v2\/media?parent=318929"}],"wp:term":[{"taxonomy":"category","embeddable":true,"href":"https:\/\/www.meydan.tv\/az\/wp-json\/wp\/v2\/categories?post=318929"},{"taxonomy":"post_tag","embeddable":true,"href":"https:\/\/www.meydan.tv\/az\/wp-json\/wp\/v2\/tags?post=318929"}],"curies":[{"name":"wp","href":"https:\/\/api.w.org\/{rel}","templated":true}]}}