{"id":318913,"date":"2024-10-27T14:36:07","date_gmt":"2024-10-27T10:36:07","guid":{"rendered":"https:\/\/www.meydan.tv\/?p=318913"},"modified":"2024-10-27T14:36:09","modified_gmt":"2024-10-27T10:36:09","slug":"20-gun-evvel-azadliga-buraxilan-inancli-feal-yeniden-saxlanildi","status":"publish","type":"post","link":"https:\/\/www.meydan.tv\/az\/article\/20-gun-evvel-azadliga-buraxilan-inancli-feal-yeniden-saxlanildi\/","title":{"rendered":"20 g\u00fcn \u0259vv\u0259l azadl\u0131\u011fa burax\u0131lan inancl\u0131 f\u0259al yenid\u0259n saxlan\u0131ld\u0131"},"content":{"rendered":"\n<p><\/p>\n\n\n\n<p><strong><em>\u201cO u\u015faqlara yenid\u0259n bel\u0259 \u0259zab ya\u015fatma\u011f\u0131 azac\u0131q vicdan\u0131, \u0259xlaq\u0131 olan he\u00e7 bir insan \u00f6z\u00fcn\u0259 s\u0131\u011f\u0131\u015fd\u0131rmamal\u0131d\u0131r\u201d<\/em><\/strong><\/p>\n\n\n\n<p>M\u00fcs\u0259lman Birliyi H\u0259r\u0259kat\u0131n\u0131n \u00fczv\u00fc, 7 il h\u0259bsd\u0259 saxland\u0131qdan sonra 20 g\u00fcn \u0259vv\u0259l azadl\u0131\u011fa burax\u0131lan \u018fhs\u0259n Nuruzad\u0259 yenid\u0259n saxlan\u0131l\u0131b. Bu bar\u0259d\u0259 Meydan TV-y\u0259 M\u00fcs\u0259lman Birliyi H\u0259r\u0259kat\u0131ndan veril\u0259n m\u0259lumatda bildirilir ki, dini inancl\u0131 f\u0259al oktyabr\u0131n 26-da q\u0131z\u0131n\u0131n g\u00f6z\u00fc qar\u015f\u0131s\u0131nda saxlan\u0131laraq apar\u0131l\u0131b. Onun hans\u0131 s\u0259b\u0259bd\u0259n saxlanmas\u0131, hara apar\u0131lmas\u0131 haqda yax\u0131nlar\u0131na he\u00e7 bir m\u0259lumat verilm\u0259yib.<\/p>\n\n\n\n<p>\u018fhs\u0259n Nuruzad\u0259nin saxlanmas\u0131 haqda x\u0259b\u0259ri onun ail\u0259si d\u0259 Meydan TV-y\u0259 t\u0259sdiql\u0259yib. Yax\u0131nlar\u0131n\u0131n bildirdiyin\u0259 g\u00f6r\u0259, inancl\u0131 f\u0259al d\u0259rsd\u0259n qay\u0131dan q\u0131z\u0131n\u0131 qar\u015f\u0131lay\u0131b g\u0259l\u0259nd\u0259 saxlan\u0131l\u0131b. Onun q\u0131z\u0131 da ba\u015f ver\u0259nl\u0259rin \u015fahidi olub:<\/p>\n\n\n\n<p><em>\u201cD\u00f6rd n\u0259f\u0259r m\u00fclki geyimli h\u00fccum edib, onu zorla g\u00f6t\u00fcr\u00fcb apar\u0131b. Q\u0131z\u0131 da b\u00fct\u00fcn bunlar\u0131 g\u00f6r\u00fcb. Onsuz da bu u\u015faqlar 7 il atas\u0131zl\u0131q \u00e7\u0259kmi\u015fdil\u0259r. \u018fhs\u0259ni \u015f\u0259rl\u0259yib, 7 il he\u00e7 n\u0259d\u0259n h\u0259bsd\u0259 saxlay\u0131b, u\u015faqlar\u0131n\u0131 onun \u00fcz\u00fcn\u0259 h\u0259sr\u0259t qoydular. Bu m\u00fcdd\u0259td\u0259 o u\u015faqlar analar\u0131n\u0131 da itirdil\u0259r. G\u0259nc analar\u0131 x\u0259r\u00e7\u0259ng x\u0259st\u0259liyin\u0259 tutuldu, q\u0131sa m\u00fcdd\u0259td\u0259 h\u0259yat\u0131n\u0131 itirdi. Qald\u0131lar x\u0259st\u0259 n\u0259n\u0259l\u0259rinin \u00fcmidin\u0259. Yenid\u0259n o u\u015faqlara bel\u0259 bir \u0259zab\u0131 ya\u015fatma\u011f\u0131 azac\u0131q vicdan\u0131, \u0259xlaq\u0131 olan he\u00e7 bir insan \u00f6z\u00fcn\u0259 s\u0131\u011f\u0131\u015fd\u0131rmamal\u0131d\u0131r\u201d.<\/em><\/p>\n\n\n\n<p>\u018fhs\u0259n Nuruzad\u0259nin yax\u0131nlar\u0131 \u0259lav\u0259 edib ki, anas\u0131 Zeyn\u0259b H\u00fcseynova o\u011flunun yerini v\u0259 saxlanma s\u0259b\u0259bini \u00f6yr\u0259nm\u0259k \u00fc\u00e7\u00fcn Daxili \u0130\u015fl\u0259r Nazirliyinin 102 xidm\u0259tin\u0259 m\u0259lumat verib. Eyni zamanda, Ombudsman Aparat\u0131na da m\u00fcraci\u0259t olunub. Lakin bu m\u00fcraci\u0259tl\u0259r h\u0259l\u0259 ki, n\u0259tic\u0259 verm\u0259yib.<\/p>\n\n\n\n<p>Daxili \u0130\u015fl\u0259r Nazirliyind\u0259n deyil\u0259nl\u0259r\u0259 m\u00fcnasib\u0259t \u00f6yr\u0259nm\u0259k m\u00fcmk\u00fcn olmay\u0131b.<\/p>\n\n\n\n<p>\u0130nancl\u0131 f\u0259al \u018fhs\u0259n Nuruzad\u0259 2017-ci il oktyabr\u0131n 6-da narkotik ittiham\u0131 il\u0259 h\u0259bs olunub. O, Bak\u0131 A\u011f\u0131r Cinay\u0259tl\u0259r M\u0259hk\u0259m\u0259sinin h\u00f6km\u00fcyl\u0259 7 il azadl\u0131qdan m\u0259hrum edilib. 2024-c\u00fc il oktyabr\u0131n 5-d\u0259 azadl\u0131\u011fa \u00e7\u0131xm\u0131\u015fd\u0131.<\/p>\n\n\n\n<p>\u018fhs\u0259n Nuruzad\u0259 \u00f6z\u00fcn\u00fc t\u0259qsirli bilmir, ittiham\u0131n saxta oldu\u011funu, M\u00fcs\u0259lman Birliyi H\u0259r\u0259kat\u0131n\u0131n \u00fczv\u00fc v\u0259 t\u0259\u015fkilat\u0131n r\u0259hb\u0259ri Taleh Ba\u011f\u0131rzad\u0259nin t\u0259r\u0259fdar\u0131 oldu\u011funa g\u00f6r\u0259 c\u0259zaland\u0131r\u0131ld\u0131\u011f\u0131n\u0131 deyirdi.<\/p>\n\n\n\n<p>Narkotik ittiham\u0131ndan \u0259vv\u0259l d\u0259 \u018fhs\u0259n Nuruzad\u0259 iki d\u0259f\u0259 \u201cpolisin t\u0259l\u0259bin\u0259 tabe olmamaq\u201d ittiham\u0131 il\u0259 10 sutkal\u0131q inzibati h\u0259bs c\u0259zas\u0131 alm\u0131\u015fd\u0131.<\/p>\n\n\n\n<p>Haz\u0131rda Taleh Ba\u011f\u0131rzad\u0259 d\u0259 daxil olmaqla, M\u00fcs\u0259lman Birliyinin 70-d\u0259n \u00e7ox \u00fczv\u00fc h\u0259bsd\u0259dir. Onlar\u0131n he\u00e7 biri ittihamlar\u0131 q\u0259bul etmir, siyasi sifari\u015fl\u0259 h\u0259bs olunduqlar\u0131n\u0131 deyirl\u0259r.<\/p>\n","protected":false},"excerpt":{"rendered":"<p>\u201cO u\u015faqlara yenid\u0259n bel\u0259 \u0259zab ya\u015fatma\u011f\u0131 azac\u0131q vicdan\u0131, \u0259xlaq\u0131 olan &#8230; <\/p>\n<p class=\"read-more-container\"><a title=\"20 g\u00fcn \u0259vv\u0259l azadl\u0131\u011fa burax\u0131lan inancl\u0131 f\u0259al yenid\u0259n saxlan\u0131ld\u0131\" class=\"read-more button\" href=\"https:\/\/www.meydan.tv\/az\/article\/20-gun-evvel-azadliga-buraxilan-inancli-feal-yeniden-saxlanildi\/#more-318913\" aria-label=\"Read more about 20 g\u00fcn \u0259vv\u0259l azadl\u0131\u011fa burax\u0131lan inancl\u0131 f\u0259al yenid\u0259n saxlan\u0131ld\u0131\">Davam\u0131<\/a><\/p>\n","protected":false},"author":8,"featured_media":98479,"comment_status":"closed","ping_status":"closed","sticky":false,"template":"","format":"standard","meta":{"_acf_changed":false,"_sitemap_exclude":false,"_sitemap_priority":"","_sitemap_frequency":"","footnotes":""},"categories":[59,56],"tags":[],"class_list":["post-318913","post","type-post","status-publish","format-standard","has-post-thumbnail","hentry","category-siyaset","category-xeberler","infinite-scroll-item","generate-columns","tablet-grid-50","mobile-grid-100","grid-parent","grid-33","no-featured-image-padding"],"acf":[],"yoast_head":"<!-- This site is optimized with the Yoast SEO plugin v27.4 - https:\/\/yoast.com\/product\/yoast-seo-wordpress\/ -->\n<title>20 g\u00fcn \u0259vv\u0259l azadl\u0131\u011fa burax\u0131lan inancl\u0131 f\u0259al yenid\u0259n saxlan\u0131ld\u0131 - MEYDAN.TV<\/title>\n<meta name=\"description\" content=\"Daxili \u0130\u015fl\u0259r Nazirliyind\u0259n deyil\u0259nl\u0259r\u0259 m\u00fcnasib\u0259t \u00f6yr\u0259nm\u0259k m\u00fcmk\u00fcn olmay\u0131b.\" \/>\n<meta name=\"robots\" content=\"index, follow, max-snippet:-1, max-image-preview:large, max-video-preview:-1\" \/>\n<link rel=\"canonical\" href=\"https:\/\/www.meydan.tv\/az\/article\/20-gun-evvel-azadliga-buraxilan-inancli-feal-yeniden-saxlanildi\/\" \/>\n<meta property=\"og:locale\" content=\"az_AZ\" \/>\n<meta property=\"og:type\" content=\"article\" \/>\n<meta property=\"og:title\" content=\"20 g\u00fcn \u0259vv\u0259l azadl\u0131\u011fa burax\u0131lan inancl\u0131 f\u0259al yenid\u0259n saxlan\u0131ld\u0131 - MEYDAN.TV\" \/>\n<meta property=\"og:description\" content=\"Daxili \u0130\u015fl\u0259r Nazirliyind\u0259n deyil\u0259nl\u0259r\u0259 m\u00fcnasib\u0259t \u00f6yr\u0259nm\u0259k m\u00fcmk\u00fcn olmay\u0131b.\" \/>\n<meta property=\"og:url\" content=\"https:\/\/www.meydan.tv\/az\/article\/20-gun-evvel-azadliga-buraxilan-inancli-feal-yeniden-saxlanildi\/\" \/>\n<meta property=\"og:site_name\" content=\"MEYDAN.TV\" \/>\n<meta property=\"article:published_time\" content=\"2024-10-27T10:36:07+00:00\" \/>\n<meta property=\"article:modified_time\" content=\"2024-10-27T10:36:09+00:00\" \/>\n<meta property=\"og:image\" content=\"https:\/\/www.meydan.tv\/wp-content\/uploads\/38947.png\" \/>\n\t<meta property=\"og:image:width\" content=\"1281\" \/>\n\t<meta property=\"og:image:height\" content=\"721\" \/>\n\t<meta property=\"og:image:type\" content=\"image\/png\" \/>\n<meta name=\"author\" content=\"elli\" \/>\n<meta name=\"twitter:card\" content=\"summary_large_image\" \/>\n<meta name=\"twitter:creator\" content=\"@elli\" \/>\n<script type=\"application\/ld+json\" class=\"yoast-schema-graph\">{\"@context\":\"https:\\\/\\\/schema.org\",\"@graph\":[{\"@type\":\"Article\",\"@id\":\"https:\\\/\\\/www.meydan.tv\\\/az\\\/article\\\/20-gun-evvel-azadliga-buraxilan-inancli-feal-yeniden-saxlanildi\\\/#article\",\"isPartOf\":{\"@id\":\"https:\\\/\\\/www.meydan.tv\\\/az\\\/article\\\/20-gun-evvel-azadliga-buraxilan-inancli-feal-yeniden-saxlanildi\\\/\"},\"author\":{\"name\":\"elli\",\"@id\":\"https:\\\/\\\/www.meydan.tv\\\/az\\\/#\\\/schema\\\/person\\\/9cdbecf90d17180ce1dfbd95b08dcf47\"},\"headline\":\"20 g\u00fcn \u0259vv\u0259l azadl\u0131\u011fa burax\u0131lan inancl\u0131 f\u0259al yenid\u0259n saxlan\u0131ld\u0131\",\"datePublished\":\"2024-10-27T10:36:07+00:00\",\"dateModified\":\"2024-10-27T10:36:09+00:00\",\"mainEntityOfPage\":{\"@id\":\"https:\\\/\\\/www.meydan.tv\\\/az\\\/article\\\/20-gun-evvel-azadliga-buraxilan-inancli-feal-yeniden-saxlanildi\\\/\"},\"wordCount\":550,\"publisher\":{\"@id\":\"https:\\\/\\\/www.meydan.tv\\\/az\\\/#organization\"},\"image\":{\"@id\":\"https:\\\/\\\/www.meydan.tv\\\/az\\\/article\\\/20-gun-evvel-azadliga-buraxilan-inancli-feal-yeniden-saxlanildi\\\/#primaryimage\"},\"thumbnailUrl\":\"https:\\\/\\\/www.meydan.tv\\\/wp-content\\\/uploads\\\/38947.png\",\"articleSection\":[\"Siyas\u0259t\",\"X\u0259b\u0259rl\u0259r\"],\"inLanguage\":\"az\"},{\"@type\":\"WebPage\",\"@id\":\"https:\\\/\\\/www.meydan.tv\\\/az\\\/article\\\/20-gun-evvel-azadliga-buraxilan-inancli-feal-yeniden-saxlanildi\\\/\",\"url\":\"https:\\\/\\\/www.meydan.tv\\\/az\\\/article\\\/20-gun-evvel-azadliga-buraxilan-inancli-feal-yeniden-saxlanildi\\\/\",\"name\":\"20 g\u00fcn \u0259vv\u0259l azadl\u0131\u011fa burax\u0131lan inancl\u0131 f\u0259al yenid\u0259n saxlan\u0131ld\u0131 - MEYDAN.TV\",\"isPartOf\":{\"@id\":\"https:\\\/\\\/www.meydan.tv\\\/az\\\/#website\"},\"primaryImageOfPage\":{\"@id\":\"https:\\\/\\\/www.meydan.tv\\\/az\\\/article\\\/20-gun-evvel-azadliga-buraxilan-inancli-feal-yeniden-saxlanildi\\\/#primaryimage\"},\"image\":{\"@id\":\"https:\\\/\\\/www.meydan.tv\\\/az\\\/article\\\/20-gun-evvel-azadliga-buraxilan-inancli-feal-yeniden-saxlanildi\\\/#primaryimage\"},\"thumbnailUrl\":\"https:\\\/\\\/www.meydan.tv\\\/wp-content\\\/uploads\\\/38947.png\",\"datePublished\":\"2024-10-27T10:36:07+00:00\",\"dateModified\":\"2024-10-27T10:36:09+00:00\",\"description\":\"Daxili \u0130\u015fl\u0259r Nazirliyind\u0259n deyil\u0259nl\u0259r\u0259 m\u00fcnasib\u0259t \u00f6yr\u0259nm\u0259k m\u00fcmk\u00fcn olmay\u0131b.\",\"breadcrumb\":{\"@id\":\"https:\\\/\\\/www.meydan.tv\\\/az\\\/article\\\/20-gun-evvel-azadliga-buraxilan-inancli-feal-yeniden-saxlanildi\\\/#breadcrumb\"},\"inLanguage\":\"az\",\"potentialAction\":[{\"@type\":\"ReadAction\",\"target\":[\"https:\\\/\\\/www.meydan.tv\\\/az\\\/article\\\/20-gun-evvel-azadliga-buraxilan-inancli-feal-yeniden-saxlanildi\\\/\"]}]},{\"@type\":\"ImageObject\",\"inLanguage\":\"az\",\"@id\":\"https:\\\/\\\/www.meydan.tv\\\/az\\\/article\\\/20-gun-evvel-azadliga-buraxilan-inancli-feal-yeniden-saxlanildi\\\/#primaryimage\",\"url\":\"https:\\\/\\\/www.meydan.tv\\\/wp-content\\\/uploads\\\/38947.png\",\"contentUrl\":\"https:\\\/\\\/www.meydan.tv\\\/wp-content\\\/uploads\\\/38947.png\",\"width\":1281,\"height\":721,\"caption\":\"Foto: arxiv\"},{\"@type\":\"BreadcrumbList\",\"@id\":\"https:\\\/\\\/www.meydan.tv\\\/az\\\/article\\\/20-gun-evvel-azadliga-buraxilan-inancli-feal-yeniden-saxlanildi\\\/#breadcrumb\",\"itemListElement\":[{\"@type\":\"ListItem\",\"position\":1,\"name\":\"Ana s\u0259hif\u0259\",\"item\":\"https:\\\/\\\/www.meydan.tv\\\/az\\\/\"},{\"@type\":\"ListItem\",\"position\":2,\"name\":\"Siyas\u0259t\",\"item\":\"https:\\\/\\\/www.meydan.tv\\\/az\\\/section\\\/siyaset\\\/\"},{\"@type\":\"ListItem\",\"position\":3,\"name\":\"20 g\u00fcn \u0259vv\u0259l azadl\u0131\u011fa burax\u0131lan inancl\u0131 f\u0259al yenid\u0259n saxlan\u0131ld\u0131\"}]},{\"@type\":\"WebSite\",\"@id\":\"https:\\\/\\\/www.meydan.tv\\\/az\\\/#website\",\"url\":\"https:\\\/\\\/www.meydan.tv\\\/az\\\/\",\"name\":\"MEYDAN.TV\",\"description\":\"Meydan TV Az\u0259rbaycan\u0131n media m\u0259kan\u0131ndak\u0131 alternativ s\u0259sidir\",\"publisher\":{\"@id\":\"https:\\\/\\\/www.meydan.tv\\\/az\\\/#organization\"},\"potentialAction\":[{\"@type\":\"SearchAction\",\"target\":{\"@type\":\"EntryPoint\",\"urlTemplate\":\"https:\\\/\\\/www.meydan.tv\\\/az\\\/?s={search_term_string}\"},\"query-input\":{\"@type\":\"PropertyValueSpecification\",\"valueRequired\":true,\"valueName\":\"search_term_string\"}}],\"inLanguage\":\"az\"},{\"@type\":\"Organization\",\"@id\":\"https:\\\/\\\/www.meydan.tv\\\/az\\\/#organization\",\"name\":\"Meydan TV\",\"url\":\"https:\\\/\\\/www.meydan.tv\\\/az\\\/\",\"logo\":{\"@type\":\"ImageObject\",\"inLanguage\":\"az\",\"@id\":\"https:\\\/\\\/www.meydan.tv\\\/az\\\/#\\\/schema\\\/logo\\\/image\\\/\",\"url\":\"https:\\\/\\\/www.meydan.tv\\\/wp-content\\\/uploads\\\/2021\\\/07\\\/meydan-logo.svg\",\"contentUrl\":\"https:\\\/\\\/www.meydan.tv\\\/wp-content\\\/uploads\\\/2021\\\/07\\\/meydan-logo.svg\",\"width\":195,\"height\":46,\"caption\":\"Meydan TV\"},\"image\":{\"@id\":\"https:\\\/\\\/www.meydan.tv\\\/az\\\/#\\\/schema\\\/logo\\\/image\\\/\"}},{\"@type\":\"Person\",\"@id\":\"https:\\\/\\\/www.meydan.tv\\\/az\\\/#\\\/schema\\\/person\\\/9cdbecf90d17180ce1dfbd95b08dcf47\",\"name\":\"elli\",\"sameAs\":[\"https:\\\/\\\/x.com\\\/elli\"]}]}<\/script>\n<!-- \/ Yoast SEO plugin. -->","yoast_head_json":{"title":"20 g\u00fcn \u0259vv\u0259l azadl\u0131\u011fa burax\u0131lan inancl\u0131 f\u0259al yenid\u0259n saxlan\u0131ld\u0131 - MEYDAN.TV","description":"Daxili \u0130\u015fl\u0259r Nazirliyind\u0259n deyil\u0259nl\u0259r\u0259 m\u00fcnasib\u0259t \u00f6yr\u0259nm\u0259k m\u00fcmk\u00fcn olmay\u0131b.","robots":{"index":"index","follow":"follow","max-snippet":"max-snippet:-1","max-image-preview":"max-image-preview:large","max-video-preview":"max-video-preview:-1"},"canonical":"https:\/\/www.meydan.tv\/az\/article\/20-gun-evvel-azadliga-buraxilan-inancli-feal-yeniden-saxlanildi\/","og_locale":"az_AZ","og_type":"article","og_title":"20 g\u00fcn \u0259vv\u0259l azadl\u0131\u011fa burax\u0131lan inancl\u0131 f\u0259al yenid\u0259n saxlan\u0131ld\u0131 - MEYDAN.TV","og_description":"Daxili \u0130\u015fl\u0259r Nazirliyind\u0259n deyil\u0259nl\u0259r\u0259 m\u00fcnasib\u0259t \u00f6yr\u0259nm\u0259k m\u00fcmk\u00fcn olmay\u0131b.","og_url":"https:\/\/www.meydan.tv\/az\/article\/20-gun-evvel-azadliga-buraxilan-inancli-feal-yeniden-saxlanildi\/","og_site_name":"MEYDAN.TV","article_published_time":"2024-10-27T10:36:07+00:00","article_modified_time":"2024-10-27T10:36:09+00:00","og_image":[{"width":1281,"height":721,"url":"https:\/\/www.meydan.tv\/wp-content\/uploads\/38947.png","type":"image\/png"}],"author":"elli","twitter_card":"summary_large_image","twitter_creator":"@elli","schema":{"@context":"https:\/\/schema.org","@graph":[{"@type":"Article","@id":"https:\/\/www.meydan.tv\/az\/article\/20-gun-evvel-azadliga-buraxilan-inancli-feal-yeniden-saxlanildi\/#article","isPartOf":{"@id":"https:\/\/www.meydan.tv\/az\/article\/20-gun-evvel-azadliga-buraxilan-inancli-feal-yeniden-saxlanildi\/"},"author":{"name":"elli","@id":"https:\/\/www.meydan.tv\/az\/#\/schema\/person\/9cdbecf90d17180ce1dfbd95b08dcf47"},"headline":"20 g\u00fcn \u0259vv\u0259l azadl\u0131\u011fa burax\u0131lan inancl\u0131 f\u0259al yenid\u0259n saxlan\u0131ld\u0131","datePublished":"2024-10-27T10:36:07+00:00","dateModified":"2024-10-27T10:36:09+00:00","mainEntityOfPage":{"@id":"https:\/\/www.meydan.tv\/az\/article\/20-gun-evvel-azadliga-buraxilan-inancli-feal-yeniden-saxlanildi\/"},"wordCount":550,"publisher":{"@id":"https:\/\/www.meydan.tv\/az\/#organization"},"image":{"@id":"https:\/\/www.meydan.tv\/az\/article\/20-gun-evvel-azadliga-buraxilan-inancli-feal-yeniden-saxlanildi\/#primaryimage"},"thumbnailUrl":"https:\/\/www.meydan.tv\/wp-content\/uploads\/38947.png","articleSection":["Siyas\u0259t","X\u0259b\u0259rl\u0259r"],"inLanguage":"az"},{"@type":"WebPage","@id":"https:\/\/www.meydan.tv\/az\/article\/20-gun-evvel-azadliga-buraxilan-inancli-feal-yeniden-saxlanildi\/","url":"https:\/\/www.meydan.tv\/az\/article\/20-gun-evvel-azadliga-buraxilan-inancli-feal-yeniden-saxlanildi\/","name":"20 g\u00fcn \u0259vv\u0259l azadl\u0131\u011fa burax\u0131lan inancl\u0131 f\u0259al yenid\u0259n saxlan\u0131ld\u0131 - MEYDAN.TV","isPartOf":{"@id":"https:\/\/www.meydan.tv\/az\/#website"},"primaryImageOfPage":{"@id":"https:\/\/www.meydan.tv\/az\/article\/20-gun-evvel-azadliga-buraxilan-inancli-feal-yeniden-saxlanildi\/#primaryimage"},"image":{"@id":"https:\/\/www.meydan.tv\/az\/article\/20-gun-evvel-azadliga-buraxilan-inancli-feal-yeniden-saxlanildi\/#primaryimage"},"thumbnailUrl":"https:\/\/www.meydan.tv\/wp-content\/uploads\/38947.png","datePublished":"2024-10-27T10:36:07+00:00","dateModified":"2024-10-27T10:36:09+00:00","description":"Daxili \u0130\u015fl\u0259r Nazirliyind\u0259n deyil\u0259nl\u0259r\u0259 m\u00fcnasib\u0259t \u00f6yr\u0259nm\u0259k m\u00fcmk\u00fcn olmay\u0131b.","breadcrumb":{"@id":"https:\/\/www.meydan.tv\/az\/article\/20-gun-evvel-azadliga-buraxilan-inancli-feal-yeniden-saxlanildi\/#breadcrumb"},"inLanguage":"az","potentialAction":[{"@type":"ReadAction","target":["https:\/\/www.meydan.tv\/az\/article\/20-gun-evvel-azadliga-buraxilan-inancli-feal-yeniden-saxlanildi\/"]}]},{"@type":"ImageObject","inLanguage":"az","@id":"https:\/\/www.meydan.tv\/az\/article\/20-gun-evvel-azadliga-buraxilan-inancli-feal-yeniden-saxlanildi\/#primaryimage","url":"https:\/\/www.meydan.tv\/wp-content\/uploads\/38947.png","contentUrl":"https:\/\/www.meydan.tv\/wp-content\/uploads\/38947.png","width":1281,"height":721,"caption":"Foto: arxiv"},{"@type":"BreadcrumbList","@id":"https:\/\/www.meydan.tv\/az\/article\/20-gun-evvel-azadliga-buraxilan-inancli-feal-yeniden-saxlanildi\/#breadcrumb","itemListElement":[{"@type":"ListItem","position":1,"name":"Ana s\u0259hif\u0259","item":"https:\/\/www.meydan.tv\/az\/"},{"@type":"ListItem","position":2,"name":"Siyas\u0259t","item":"https:\/\/www.meydan.tv\/az\/section\/siyaset\/"},{"@type":"ListItem","position":3,"name":"20 g\u00fcn \u0259vv\u0259l azadl\u0131\u011fa burax\u0131lan inancl\u0131 f\u0259al yenid\u0259n saxlan\u0131ld\u0131"}]},{"@type":"WebSite","@id":"https:\/\/www.meydan.tv\/az\/#website","url":"https:\/\/www.meydan.tv\/az\/","name":"MEYDAN.TV","description":"Meydan TV Az\u0259rbaycan\u0131n media m\u0259kan\u0131ndak\u0131 alternativ s\u0259sidir","publisher":{"@id":"https:\/\/www.meydan.tv\/az\/#organization"},"potentialAction":[{"@type":"SearchAction","target":{"@type":"EntryPoint","urlTemplate":"https:\/\/www.meydan.tv\/az\/?s={search_term_string}"},"query-input":{"@type":"PropertyValueSpecification","valueRequired":true,"valueName":"search_term_string"}}],"inLanguage":"az"},{"@type":"Organization","@id":"https:\/\/www.meydan.tv\/az\/#organization","name":"Meydan TV","url":"https:\/\/www.meydan.tv\/az\/","logo":{"@type":"ImageObject","inLanguage":"az","@id":"https:\/\/www.meydan.tv\/az\/#\/schema\/logo\/image\/","url":"https:\/\/www.meydan.tv\/wp-content\/uploads\/2021\/07\/meydan-logo.svg","contentUrl":"https:\/\/www.meydan.tv\/wp-content\/uploads\/2021\/07\/meydan-logo.svg","width":195,"height":46,"caption":"Meydan TV"},"image":{"@id":"https:\/\/www.meydan.tv\/az\/#\/schema\/logo\/image\/"}},{"@type":"Person","@id":"https:\/\/www.meydan.tv\/az\/#\/schema\/person\/9cdbecf90d17180ce1dfbd95b08dcf47","name":"elli","sameAs":["https:\/\/x.com\/elli"]}]}},"_links":{"self":[{"href":"https:\/\/www.meydan.tv\/az\/wp-json\/wp\/v2\/posts\/318913","targetHints":{"allow":["GET"]}}],"collection":[{"href":"https:\/\/www.meydan.tv\/az\/wp-json\/wp\/v2\/posts"}],"about":[{"href":"https:\/\/www.meydan.tv\/az\/wp-json\/wp\/v2\/types\/post"}],"author":[{"embeddable":true,"href":"https:\/\/www.meydan.tv\/az\/wp-json\/wp\/v2\/users\/8"}],"replies":[{"embeddable":true,"href":"https:\/\/www.meydan.tv\/az\/wp-json\/wp\/v2\/comments?post=318913"}],"version-history":[{"count":1,"href":"https:\/\/www.meydan.tv\/az\/wp-json\/wp\/v2\/posts\/318913\/revisions"}],"predecessor-version":[{"id":318914,"href":"https:\/\/www.meydan.tv\/az\/wp-json\/wp\/v2\/posts\/318913\/revisions\/318914"}],"wp:featuredmedia":[{"embeddable":true,"href":"https:\/\/www.meydan.tv\/az\/wp-json\/wp\/v2\/media\/98479"}],"wp:attachment":[{"href":"https:\/\/www.meydan.tv\/az\/wp-json\/wp\/v2\/media?parent=318913"}],"wp:term":[{"taxonomy":"category","embeddable":true,"href":"https:\/\/www.meydan.tv\/az\/wp-json\/wp\/v2\/categories?post=318913"},{"taxonomy":"post_tag","embeddable":true,"href":"https:\/\/www.meydan.tv\/az\/wp-json\/wp\/v2\/tags?post=318913"}],"curies":[{"name":"wp","href":"https:\/\/api.w.org\/{rel}","templated":true}]}}