{"id":318846,"date":"2024-10-26T14:06:59","date_gmt":"2024-10-26T10:06:59","guid":{"rendered":"https:\/\/www.meydan.tv\/?p=318846"},"modified":"2024-10-26T18:33:26","modified_gmt":"2024-10-26T14:33:26","slug":"tunelde-batanin-ailesi-sehlenkarliqlari-yoldasimin-olumune-sebebdir","status":"publish","type":"post","link":"https:\/\/www.meydan.tv\/az\/article\/tunelde-batanin-ailesi-sehlenkarliqlari-yoldasimin-olumune-sebebdir\/","title":{"rendered":"Tuneld\u0259 batan\u0131n ail\u0259si: &#8220;S\u0259hl\u0259nkarl\u0131qlar\u0131 yolda\u015f\u0131m\u0131n \u00f6l\u00fcm\u00fcn\u0259 s\u0259b\u0259bdir&#8221;"},"content":{"rendered":"\n<figure class=\"wp-block-embed is-type-video is-provider-youtube wp-block-embed-youtube wp-embed-aspect-16-9 wp-has-aspect-ratio\"><div class=\"wp-block-embed__wrapper\">\n<iframe title=\"Tuneld\u0259 batan\u0131n ail\u0259si: &quot;S\u0259hl\u0259nkarl\u0131qlar\u0131 yolda\u015f\u0131m\u0131n \u00f6l\u00fcm\u00fcn\u0259 s\u0259b\u0259bdir&quot;\" width=\"1200\" height=\"675\" data-src=\"https:\/\/www.youtube.com\/embed\/7TTgEepMF9M?feature=oembed\" frameborder=\"0\" allow=\"accelerometer; autoplay; clipboard-write; encrypted-media; gyroscope; picture-in-picture; web-share\" referrerpolicy=\"strict-origin-when-cross-origin\" allowfullscreen src=\"data:image\/svg+xml;base64,PHN2ZyB3aWR0aD0iMSIgaGVpZ2h0PSIxIiB4bWxucz0iaHR0cDovL3d3dy53My5vcmcvMjAwMC9zdmciPjwvc3ZnPg==\" class=\"lazyload\" data-load-mode=\"1\"><\/iframe>\n<\/div><\/figure>\n\n\n\n<!--more-->\n\n\n\n<p><\/p>\n\n\n\n<p>Oktyabr\u0131n 22-d\u0259 subasmaya m\u0259ruz qalm\u0131\u015f Sabun\u00e7u tunelind\u0259 bataraq h\u0259yat\u0131n\u0131 itir\u0259n s\u00fcr\u00fcc\u00fcl\u0259rin ail\u0259l\u0259ri \u015fikay\u0259t\u00e7idir. <\/p>\n\n\n\n<p>Kadrlardan g\u00f6r\u00fcnd\u00fcy\u00fc kimi s\u00fcr\u00fcc\u00fcl\u0259r avtomobilin \u00fcst\u00fcn\u0259 \u00e7\u0131x\u0131b k\u00f6m\u0259k g\u00f6zl\u0259yirl\u0259r. O s\u0131rada F\u00f6vq\u0259lad\u0259 Hallar Nazirliyi, Post Patrul Xidm\u0259ti \u0259m\u0259kda\u015flar\u0131 hadis\u0259 yerind\u0259 olsalar da, onlar\u0131 xilas etmirl\u0259r. Suda yard\u0131m g\u00f6zl\u0259y\u0259n s\u00fcr\u00fcc\u00fcl\u0259rin saatlar sonra meyitl\u0259ri \u00e7\u0131xar\u0131l\u0131r. <\/p>\n\n\n\n<p>48 ya\u015fl\u0131 Elnur \u015eirinov v\u0259 29 ya\u015fl\u0131 K\u00f6\u00e7\u0259ri Abbasov Bak\u0131dan K\u00fcrd\u0259mir\u0259 \u00e7\u00f6r\u0259k da\u015f\u0131mas\u0131nda s\u00fcr\u00fcc\u00fc kimi i\u015fl\u0259yirdil\u0259r. H\u0259min g\u00fcn Bak\u0131ya \u00e7\u00f6r\u0259k dal\u0131nca g\u0259l\u0259n s\u00fcr\u00fcc\u00fcl\u0259r t\u0259k canlar\u0131n\u0131 yox, yegan\u0259 g\u0259lir yerl\u0259ri olan \u00e7\u00f6r\u0259k da\u015f\u0131d\u0131qlar\u0131 avtomobili d\u0259 qoruyub sahibin\u0259 \u00e7atd\u0131rma\u011fa \u00e7al\u0131\u015f\u0131rd\u0131lar.<\/p>\n\n\n\n<p>H\u0259yat\u0131n\u0131 itir\u0259n s\u00fcr\u00fcc\u00fcl\u0259rin ail\u0259l\u0259ri hadis\u0259nin \u015fokunu ya\u015fay\u0131rlar. Elnur \u015eirinovun h\u0259yat yolda\u015f\u0131 Ayg\u00fcn \u015eirinova m\u0259sul \u015f\u0259xsl\u0259rin c\u0259zalanmas\u0131n\u0131 t\u0259l\u0259b edir. <\/p>\n\n\n\n<p>M\u0259s\u0259l\u0259 il\u0259 ba\u011fl\u0131 F\u00f6vq\u0259lad\u0259 Hallar Nazirliyi \u0259m\u0259kda\u015flar\u0131n\u0131n h\u0259r\u0259k\u0259tsizliyi il\u0259 ba\u011fl\u0131 suala cavab verm\u0259dil\u0259r. Faktla ba\u011fl\u0131 Sabun\u00e7u Rayon Prokurorlu\u011funda ara\u015fd\u0131rma apar\u0131ld\u0131\u011f\u0131n\u0131 bildirdil\u0259r.<\/p>\n","protected":false},"excerpt":{"rendered":"","protected":false},"author":12,"featured_media":318847,"comment_status":"closed","ping_status":"closed","sticky":false,"template":"","format":"standard","meta":{"_acf_changed":false,"_sitemap_exclude":false,"_sitemap_priority":"","_sitemap_frequency":"","footnotes":""},"categories":[62,63,56],"tags":[],"class_list":["post-318846","post","type-post","status-publish","format-standard","has-post-thumbnail","hentry","category-sosial","category-video-2","category-xeberler","infinite-scroll-item","generate-columns","tablet-grid-50","mobile-grid-100","grid-parent","grid-33","no-featured-image-padding"],"acf":[],"yoast_head":"<!-- This site is optimized with the Yoast SEO plugin v27.4 - https:\/\/yoast.com\/product\/yoast-seo-wordpress\/ -->\n<title>Tuneld\u0259 batan\u0131n ail\u0259si: &quot;S\u0259hl\u0259nkarl\u0131qlar\u0131 yolda\u015f\u0131m\u0131n \u00f6l\u00fcm\u00fcn\u0259 s\u0259b\u0259bdir&quot; - MEYDAN.TV<\/title>\n<meta name=\"robots\" content=\"index, follow, max-snippet:-1, max-image-preview:large, max-video-preview:-1\" \/>\n<link rel=\"canonical\" href=\"https:\/\/www.meydan.tv\/az\/article\/tunelde-batanin-ailesi-sehlenkarliqlari-yoldasimin-olumune-sebebdir\/\" \/>\n<meta property=\"og:locale\" content=\"az_AZ\" \/>\n<meta property=\"og:type\" content=\"article\" \/>\n<meta property=\"og:title\" content=\"Tuneld\u0259 batan\u0131n ail\u0259si: &quot;S\u0259hl\u0259nkarl\u0131qlar\u0131 yolda\u015f\u0131m\u0131n \u00f6l\u00fcm\u00fcn\u0259 s\u0259b\u0259bdir&quot; - MEYDAN.TV\" \/>\n<meta property=\"og:url\" content=\"https:\/\/www.meydan.tv\/az\/article\/tunelde-batanin-ailesi-sehlenkarliqlari-yoldasimin-olumune-sebebdir\/\" \/>\n<meta property=\"og:site_name\" content=\"MEYDAN.TV\" \/>\n<meta property=\"article:published_time\" content=\"2024-10-26T10:06:59+00:00\" \/>\n<meta property=\"article:modified_time\" content=\"2024-10-26T14:33:26+00:00\" \/>\n<meta property=\"og:image\" content=\"https:\/\/www.meydan.tv\/wp-content\/uploads\/reportaj-cover-8-13.png\" \/>\n\t<meta property=\"og:image:width\" content=\"1280\" \/>\n\t<meta property=\"og:image:height\" content=\"720\" \/>\n\t<meta property=\"og:image:type\" content=\"image\/png\" \/>\n<meta name=\"author\" content=\"aleks\" \/>\n<meta name=\"twitter:card\" content=\"summary_large_image\" \/>\n<script type=\"application\/ld+json\" class=\"yoast-schema-graph\">{\"@context\":\"https:\\\/\\\/schema.org\",\"@graph\":[{\"@type\":\"Article\",\"@id\":\"https:\\\/\\\/www.meydan.tv\\\/az\\\/article\\\/tunelde-batanin-ailesi-sehlenkarliqlari-yoldasimin-olumune-sebebdir\\\/#article\",\"isPartOf\":{\"@id\":\"https:\\\/\\\/www.meydan.tv\\\/az\\\/article\\\/tunelde-batanin-ailesi-sehlenkarliqlari-yoldasimin-olumune-sebebdir\\\/\"},\"author\":{\"name\":\"aleks\",\"@id\":\"https:\\\/\\\/www.meydan.tv\\\/az\\\/#\\\/schema\\\/person\\\/476e9360e593fa131d5d71d51866f8da\"},\"headline\":\"Tuneld\u0259 batan\u0131n ail\u0259si: &#8220;S\u0259hl\u0259nkarl\u0131qlar\u0131 yolda\u015f\u0131m\u0131n \u00f6l\u00fcm\u00fcn\u0259 s\u0259b\u0259bdir&#8221;\",\"datePublished\":\"2024-10-26T10:06:59+00:00\",\"dateModified\":\"2024-10-26T14:33:26+00:00\",\"mainEntityOfPage\":{\"@id\":\"https:\\\/\\\/www.meydan.tv\\\/az\\\/article\\\/tunelde-batanin-ailesi-sehlenkarliqlari-yoldasimin-olumune-sebebdir\\\/\"},\"wordCount\":269,\"publisher\":{\"@id\":\"https:\\\/\\\/www.meydan.tv\\\/az\\\/#organization\"},\"image\":{\"@id\":\"https:\\\/\\\/www.meydan.tv\\\/az\\\/article\\\/tunelde-batanin-ailesi-sehlenkarliqlari-yoldasimin-olumune-sebebdir\\\/#primaryimage\"},\"thumbnailUrl\":\"https:\\\/\\\/www.meydan.tv\\\/wp-content\\\/uploads\\\/reportaj-cover-8-13.png\",\"articleSection\":[\"Sosial\",\"Video\",\"X\u0259b\u0259rl\u0259r\"],\"inLanguage\":\"az\"},{\"@type\":\"WebPage\",\"@id\":\"https:\\\/\\\/www.meydan.tv\\\/az\\\/article\\\/tunelde-batanin-ailesi-sehlenkarliqlari-yoldasimin-olumune-sebebdir\\\/\",\"url\":\"https:\\\/\\\/www.meydan.tv\\\/az\\\/article\\\/tunelde-batanin-ailesi-sehlenkarliqlari-yoldasimin-olumune-sebebdir\\\/\",\"name\":\"Tuneld\u0259 batan\u0131n ail\u0259si: \\\"S\u0259hl\u0259nkarl\u0131qlar\u0131 yolda\u015f\u0131m\u0131n \u00f6l\u00fcm\u00fcn\u0259 s\u0259b\u0259bdir\\\" - MEYDAN.TV\",\"isPartOf\":{\"@id\":\"https:\\\/\\\/www.meydan.tv\\\/az\\\/#website\"},\"primaryImageOfPage\":{\"@id\":\"https:\\\/\\\/www.meydan.tv\\\/az\\\/article\\\/tunelde-batanin-ailesi-sehlenkarliqlari-yoldasimin-olumune-sebebdir\\\/#primaryimage\"},\"image\":{\"@id\":\"https:\\\/\\\/www.meydan.tv\\\/az\\\/article\\\/tunelde-batanin-ailesi-sehlenkarliqlari-yoldasimin-olumune-sebebdir\\\/#primaryimage\"},\"thumbnailUrl\":\"https:\\\/\\\/www.meydan.tv\\\/wp-content\\\/uploads\\\/reportaj-cover-8-13.png\",\"datePublished\":\"2024-10-26T10:06:59+00:00\",\"dateModified\":\"2024-10-26T14:33:26+00:00\",\"breadcrumb\":{\"@id\":\"https:\\\/\\\/www.meydan.tv\\\/az\\\/article\\\/tunelde-batanin-ailesi-sehlenkarliqlari-yoldasimin-olumune-sebebdir\\\/#breadcrumb\"},\"inLanguage\":\"az\",\"potentialAction\":[{\"@type\":\"ReadAction\",\"target\":[\"https:\\\/\\\/www.meydan.tv\\\/az\\\/article\\\/tunelde-batanin-ailesi-sehlenkarliqlari-yoldasimin-olumune-sebebdir\\\/\"]}]},{\"@type\":\"ImageObject\",\"inLanguage\":\"az\",\"@id\":\"https:\\\/\\\/www.meydan.tv\\\/az\\\/article\\\/tunelde-batanin-ailesi-sehlenkarliqlari-yoldasimin-olumune-sebebdir\\\/#primaryimage\",\"url\":\"https:\\\/\\\/www.meydan.tv\\\/wp-content\\\/uploads\\\/reportaj-cover-8-13.png\",\"contentUrl\":\"https:\\\/\\\/www.meydan.tv\\\/wp-content\\\/uploads\\\/reportaj-cover-8-13.png\",\"width\":1280,\"height\":720},{\"@type\":\"BreadcrumbList\",\"@id\":\"https:\\\/\\\/www.meydan.tv\\\/az\\\/article\\\/tunelde-batanin-ailesi-sehlenkarliqlari-yoldasimin-olumune-sebebdir\\\/#breadcrumb\",\"itemListElement\":[{\"@type\":\"ListItem\",\"position\":1,\"name\":\"Ana s\u0259hif\u0259\",\"item\":\"https:\\\/\\\/www.meydan.tv\\\/az\\\/\"},{\"@type\":\"ListItem\",\"position\":2,\"name\":\"X\u0259b\u0259rl\u0259r\",\"item\":\"https:\\\/\\\/www.meydan.tv\\\/az\\\/section\\\/xeberler\\\/\"},{\"@type\":\"ListItem\",\"position\":3,\"name\":\"Tuneld\u0259 batan\u0131n ail\u0259si: &#8220;S\u0259hl\u0259nkarl\u0131qlar\u0131 yolda\u015f\u0131m\u0131n \u00f6l\u00fcm\u00fcn\u0259 s\u0259b\u0259bdir&#8221;\"}]},{\"@type\":\"WebSite\",\"@id\":\"https:\\\/\\\/www.meydan.tv\\\/az\\\/#website\",\"url\":\"https:\\\/\\\/www.meydan.tv\\\/az\\\/\",\"name\":\"MEYDAN.TV\",\"description\":\"Meydan TV Az\u0259rbaycan\u0131n media m\u0259kan\u0131ndak\u0131 alternativ s\u0259sidir\",\"publisher\":{\"@id\":\"https:\\\/\\\/www.meydan.tv\\\/az\\\/#organization\"},\"potentialAction\":[{\"@type\":\"SearchAction\",\"target\":{\"@type\":\"EntryPoint\",\"urlTemplate\":\"https:\\\/\\\/www.meydan.tv\\\/az\\\/?s={search_term_string}\"},\"query-input\":{\"@type\":\"PropertyValueSpecification\",\"valueRequired\":true,\"valueName\":\"search_term_string\"}}],\"inLanguage\":\"az\"},{\"@type\":\"Organization\",\"@id\":\"https:\\\/\\\/www.meydan.tv\\\/az\\\/#organization\",\"name\":\"Meydan TV\",\"url\":\"https:\\\/\\\/www.meydan.tv\\\/az\\\/\",\"logo\":{\"@type\":\"ImageObject\",\"inLanguage\":\"az\",\"@id\":\"https:\\\/\\\/www.meydan.tv\\\/az\\\/#\\\/schema\\\/logo\\\/image\\\/\",\"url\":\"https:\\\/\\\/www.meydan.tv\\\/wp-content\\\/uploads\\\/2021\\\/07\\\/meydan-logo.svg\",\"contentUrl\":\"https:\\\/\\\/www.meydan.tv\\\/wp-content\\\/uploads\\\/2021\\\/07\\\/meydan-logo.svg\",\"width\":195,\"height\":46,\"caption\":\"Meydan TV\"},\"image\":{\"@id\":\"https:\\\/\\\/www.meydan.tv\\\/az\\\/#\\\/schema\\\/logo\\\/image\\\/\"}},{\"@type\":\"Person\",\"@id\":\"https:\\\/\\\/www.meydan.tv\\\/az\\\/#\\\/schema\\\/person\\\/476e9360e593fa131d5d71d51866f8da\",\"name\":\"aleks\"}]}<\/script>\n<!-- \/ Yoast SEO plugin. -->","yoast_head_json":{"title":"Tuneld\u0259 batan\u0131n ail\u0259si: \"S\u0259hl\u0259nkarl\u0131qlar\u0131 yolda\u015f\u0131m\u0131n \u00f6l\u00fcm\u00fcn\u0259 s\u0259b\u0259bdir\" - MEYDAN.TV","robots":{"index":"index","follow":"follow","max-snippet":"max-snippet:-1","max-image-preview":"max-image-preview:large","max-video-preview":"max-video-preview:-1"},"canonical":"https:\/\/www.meydan.tv\/az\/article\/tunelde-batanin-ailesi-sehlenkarliqlari-yoldasimin-olumune-sebebdir\/","og_locale":"az_AZ","og_type":"article","og_title":"Tuneld\u0259 batan\u0131n ail\u0259si: \"S\u0259hl\u0259nkarl\u0131qlar\u0131 yolda\u015f\u0131m\u0131n \u00f6l\u00fcm\u00fcn\u0259 s\u0259b\u0259bdir\" - MEYDAN.TV","og_url":"https:\/\/www.meydan.tv\/az\/article\/tunelde-batanin-ailesi-sehlenkarliqlari-yoldasimin-olumune-sebebdir\/","og_site_name":"MEYDAN.TV","article_published_time":"2024-10-26T10:06:59+00:00","article_modified_time":"2024-10-26T14:33:26+00:00","og_image":[{"width":1280,"height":720,"url":"https:\/\/www.meydan.tv\/wp-content\/uploads\/reportaj-cover-8-13.png","type":"image\/png"}],"author":"aleks","twitter_card":"summary_large_image","schema":{"@context":"https:\/\/schema.org","@graph":[{"@type":"Article","@id":"https:\/\/www.meydan.tv\/az\/article\/tunelde-batanin-ailesi-sehlenkarliqlari-yoldasimin-olumune-sebebdir\/#article","isPartOf":{"@id":"https:\/\/www.meydan.tv\/az\/article\/tunelde-batanin-ailesi-sehlenkarliqlari-yoldasimin-olumune-sebebdir\/"},"author":{"name":"aleks","@id":"https:\/\/www.meydan.tv\/az\/#\/schema\/person\/476e9360e593fa131d5d71d51866f8da"},"headline":"Tuneld\u0259 batan\u0131n ail\u0259si: &#8220;S\u0259hl\u0259nkarl\u0131qlar\u0131 yolda\u015f\u0131m\u0131n \u00f6l\u00fcm\u00fcn\u0259 s\u0259b\u0259bdir&#8221;","datePublished":"2024-10-26T10:06:59+00:00","dateModified":"2024-10-26T14:33:26+00:00","mainEntityOfPage":{"@id":"https:\/\/www.meydan.tv\/az\/article\/tunelde-batanin-ailesi-sehlenkarliqlari-yoldasimin-olumune-sebebdir\/"},"wordCount":269,"publisher":{"@id":"https:\/\/www.meydan.tv\/az\/#organization"},"image":{"@id":"https:\/\/www.meydan.tv\/az\/article\/tunelde-batanin-ailesi-sehlenkarliqlari-yoldasimin-olumune-sebebdir\/#primaryimage"},"thumbnailUrl":"https:\/\/www.meydan.tv\/wp-content\/uploads\/reportaj-cover-8-13.png","articleSection":["Sosial","Video","X\u0259b\u0259rl\u0259r"],"inLanguage":"az"},{"@type":"WebPage","@id":"https:\/\/www.meydan.tv\/az\/article\/tunelde-batanin-ailesi-sehlenkarliqlari-yoldasimin-olumune-sebebdir\/","url":"https:\/\/www.meydan.tv\/az\/article\/tunelde-batanin-ailesi-sehlenkarliqlari-yoldasimin-olumune-sebebdir\/","name":"Tuneld\u0259 batan\u0131n ail\u0259si: \"S\u0259hl\u0259nkarl\u0131qlar\u0131 yolda\u015f\u0131m\u0131n \u00f6l\u00fcm\u00fcn\u0259 s\u0259b\u0259bdir\" - MEYDAN.TV","isPartOf":{"@id":"https:\/\/www.meydan.tv\/az\/#website"},"primaryImageOfPage":{"@id":"https:\/\/www.meydan.tv\/az\/article\/tunelde-batanin-ailesi-sehlenkarliqlari-yoldasimin-olumune-sebebdir\/#primaryimage"},"image":{"@id":"https:\/\/www.meydan.tv\/az\/article\/tunelde-batanin-ailesi-sehlenkarliqlari-yoldasimin-olumune-sebebdir\/#primaryimage"},"thumbnailUrl":"https:\/\/www.meydan.tv\/wp-content\/uploads\/reportaj-cover-8-13.png","datePublished":"2024-10-26T10:06:59+00:00","dateModified":"2024-10-26T14:33:26+00:00","breadcrumb":{"@id":"https:\/\/www.meydan.tv\/az\/article\/tunelde-batanin-ailesi-sehlenkarliqlari-yoldasimin-olumune-sebebdir\/#breadcrumb"},"inLanguage":"az","potentialAction":[{"@type":"ReadAction","target":["https:\/\/www.meydan.tv\/az\/article\/tunelde-batanin-ailesi-sehlenkarliqlari-yoldasimin-olumune-sebebdir\/"]}]},{"@type":"ImageObject","inLanguage":"az","@id":"https:\/\/www.meydan.tv\/az\/article\/tunelde-batanin-ailesi-sehlenkarliqlari-yoldasimin-olumune-sebebdir\/#primaryimage","url":"https:\/\/www.meydan.tv\/wp-content\/uploads\/reportaj-cover-8-13.png","contentUrl":"https:\/\/www.meydan.tv\/wp-content\/uploads\/reportaj-cover-8-13.png","width":1280,"height":720},{"@type":"BreadcrumbList","@id":"https:\/\/www.meydan.tv\/az\/article\/tunelde-batanin-ailesi-sehlenkarliqlari-yoldasimin-olumune-sebebdir\/#breadcrumb","itemListElement":[{"@type":"ListItem","position":1,"name":"Ana s\u0259hif\u0259","item":"https:\/\/www.meydan.tv\/az\/"},{"@type":"ListItem","position":2,"name":"X\u0259b\u0259rl\u0259r","item":"https:\/\/www.meydan.tv\/az\/section\/xeberler\/"},{"@type":"ListItem","position":3,"name":"Tuneld\u0259 batan\u0131n ail\u0259si: &#8220;S\u0259hl\u0259nkarl\u0131qlar\u0131 yolda\u015f\u0131m\u0131n \u00f6l\u00fcm\u00fcn\u0259 s\u0259b\u0259bdir&#8221;"}]},{"@type":"WebSite","@id":"https:\/\/www.meydan.tv\/az\/#website","url":"https:\/\/www.meydan.tv\/az\/","name":"MEYDAN.TV","description":"Meydan TV Az\u0259rbaycan\u0131n media m\u0259kan\u0131ndak\u0131 alternativ s\u0259sidir","publisher":{"@id":"https:\/\/www.meydan.tv\/az\/#organization"},"potentialAction":[{"@type":"SearchAction","target":{"@type":"EntryPoint","urlTemplate":"https:\/\/www.meydan.tv\/az\/?s={search_term_string}"},"query-input":{"@type":"PropertyValueSpecification","valueRequired":true,"valueName":"search_term_string"}}],"inLanguage":"az"},{"@type":"Organization","@id":"https:\/\/www.meydan.tv\/az\/#organization","name":"Meydan TV","url":"https:\/\/www.meydan.tv\/az\/","logo":{"@type":"ImageObject","inLanguage":"az","@id":"https:\/\/www.meydan.tv\/az\/#\/schema\/logo\/image\/","url":"https:\/\/www.meydan.tv\/wp-content\/uploads\/2021\/07\/meydan-logo.svg","contentUrl":"https:\/\/www.meydan.tv\/wp-content\/uploads\/2021\/07\/meydan-logo.svg","width":195,"height":46,"caption":"Meydan TV"},"image":{"@id":"https:\/\/www.meydan.tv\/az\/#\/schema\/logo\/image\/"}},{"@type":"Person","@id":"https:\/\/www.meydan.tv\/az\/#\/schema\/person\/476e9360e593fa131d5d71d51866f8da","name":"aleks"}]}},"_links":{"self":[{"href":"https:\/\/www.meydan.tv\/az\/wp-json\/wp\/v2\/posts\/318846","targetHints":{"allow":["GET"]}}],"collection":[{"href":"https:\/\/www.meydan.tv\/az\/wp-json\/wp\/v2\/posts"}],"about":[{"href":"https:\/\/www.meydan.tv\/az\/wp-json\/wp\/v2\/types\/post"}],"author":[{"embeddable":true,"href":"https:\/\/www.meydan.tv\/az\/wp-json\/wp\/v2\/users\/12"}],"replies":[{"embeddable":true,"href":"https:\/\/www.meydan.tv\/az\/wp-json\/wp\/v2\/comments?post=318846"}],"version-history":[{"count":3,"href":"https:\/\/www.meydan.tv\/az\/wp-json\/wp\/v2\/posts\/318846\/revisions"}],"predecessor-version":[{"id":318889,"href":"https:\/\/www.meydan.tv\/az\/wp-json\/wp\/v2\/posts\/318846\/revisions\/318889"}],"wp:featuredmedia":[{"embeddable":true,"href":"https:\/\/www.meydan.tv\/az\/wp-json\/wp\/v2\/media\/318847"}],"wp:attachment":[{"href":"https:\/\/www.meydan.tv\/az\/wp-json\/wp\/v2\/media?parent=318846"}],"wp:term":[{"taxonomy":"category","embeddable":true,"href":"https:\/\/www.meydan.tv\/az\/wp-json\/wp\/v2\/categories?post=318846"},{"taxonomy":"post_tag","embeddable":true,"href":"https:\/\/www.meydan.tv\/az\/wp-json\/wp\/v2\/tags?post=318846"}],"curies":[{"name":"wp","href":"https:\/\/api.w.org\/{rel}","templated":true}]}}