{"id":318784,"date":"2024-10-25T18:30:29","date_gmt":"2024-10-25T14:30:29","guid":{"rendered":"https:\/\/www.meydan.tv\/?p=318784"},"modified":"2024-10-25T18:30:31","modified_gmt":"2024-10-25T14:30:31","slug":"pasinyanla-eliyev-gorusub-raziliga-geldi-brics-de-neler-bas-verdi","status":"publish","type":"post","link":"https:\/\/www.meydan.tv\/az\/article\/pasinyanla-eliyev-gorusub-raziliga-geldi-brics-de-neler-bas-verdi\/","title":{"rendered":"Pa\u015finyanla \u018fliyev g\u00f6r\u00fc\u015f\u00fcb raz\u0131l\u0131\u011fa g\u0259ldi &#8211; BR\u0130CS-d\u0259 n\u0259l\u0259r ba\u015f verdi?"},"content":{"rendered":"\n<figure class=\"wp-block-embed is-type-video is-provider-youtube wp-block-embed-youtube wp-embed-aspect-16-9 wp-has-aspect-ratio\"><div class=\"wp-block-embed__wrapper\">\n<iframe title=\"Pa\u015finyanla \u018fliyev g\u00f6r\u00fc\u015f\u00fcb raz\u0131l\u0131\u011fa g\u0259ldi - BR\u0130CS-d\u0259 n\u0259l\u0259r ba\u015f verdi?\" width=\"1200\" height=\"675\" data-src=\"https:\/\/www.youtube.com\/embed\/slS6lO9UI38?feature=oembed\" frameborder=\"0\" allow=\"accelerometer; autoplay; clipboard-write; encrypted-media; gyroscope; picture-in-picture; web-share\" referrerpolicy=\"strict-origin-when-cross-origin\" allowfullscreen src=\"data:image\/svg+xml;base64,PHN2ZyB3aWR0aD0iMSIgaGVpZ2h0PSIxIiB4bWxucz0iaHR0cDovL3d3dy53My5vcmcvMjAwMC9zdmciPjwvc3ZnPg==\" class=\"lazyload\" data-load-mode=\"1\"><\/iframe>\n<\/div><\/figure>\n\n\n\n<!--more-->\n\n\n\n<p><\/p>\n\n\n\n<p>Oktyabr\u0131n 24-d\u0259 Rusiyan\u0131n Kazan \u015f\u0259h\u0259rind\u0259 XVI BR\u0130CS sammitind\u0259 Az\u0259rbaycan Prezidenti \u0130lham \u018fliyevl\u0259 Erm\u0259nistan\u0131n Ba\u015f naziri Nikol Pa\u015finyan\u0131n g\u00f6r\u00fc\u015f\u00fc ba\u015f tutub. D\u00f6vl\u0259t ba\u015f\u00e7\u0131lar\u0131n\u0131n g\u00f6r\u00fc\u015f\u00fcnd\u0259 iki \u00f6lk\u0259nin xarici i\u015fl\u0259r nazirl\u0259ri, ba\u015f nazirin m\u00fcavinl\u0259ri v\u0259 xarici siyas\u0259t \u00fczr\u0259 k\u00f6m\u0259k\u00e7il\u0259r d\u0259 i\u015ftirak edibl\u0259r. <\/p>\n\n\n\n<p>M\u0259lumata g\u00f6r\u0259, \u018fliyev v\u0259 Pa\u015finyan xarici i\u015fl\u0259r nazirl\u0259rin\u0259 \u201cS\u00fclh v\u0259 D\u00f6vl\u0259tl\u0259raras\u0131 M\u00fcnasib\u0259tl\u0259rin Qurulmas\u0131 haqq\u0131nda\u201d Sazi\u015f \u00fcz\u0259rind\u0259 i\u015fl\u0259rin tez bir zamanda yekunla\u015fd\u0131r\u0131lmas\u0131 v\u0259 imzalanmas\u0131 \u00fc\u00e7\u00fcn t\u0259limat veribl\u0259r. G\u00f6r\u00fc\u015fd\u0259n \u0259vv\u0259l sammitd\u0259 \u00e7\u0131x\u0131\u015f ed\u0259n Nikol Pa\u015finyan deyib ki, Yerevan v\u0259 Bak\u0131 s\u00fclh\u00fcn t\u0259m\u0259linin qoyulmas\u0131 \u00fc\u00e7\u00fcn b\u00fct\u00fcn prinsipial m\u0259s\u0259l\u0259l\u0259ri raz\u0131la\u015fd\u0131r\u0131blar:<\/p>\n\n\n\n<p><em>\u201cBak\u0131 il\u0259 s\u00fclh m\u00fcqavil\u0259sinin layih\u0259si minimum 80-90 faiz raz\u0131la\u015fd\u0131r\u0131l\u0131b\u201d<\/em> &#8211; Pa\u015finyan bildirib. <\/p>\n\n\n\n<p>Az\u0259rbaycanla s\u00fclh m\u00fcqavil\u0259si layih\u0259si bar\u0259d\u0259 dan\u0131\u015fan Pa\u015finyan bildirib ki, art\u0131q \u0259sas dil, o c\u00fcml\u0259d\u0259n \u0259razi b\u00fct\u00f6vl\u00fcy\u00fcn\u00fcn qar\u015f\u0131l\u0131ql\u0131 tan\u0131nmas\u0131, \u0259razi iddialar\u0131ndan imtina v\u0259 g\u0259l\u0259c\u0259kd\u0259 onlar\u0131 ir\u0259li s\u00fcrm\u0259m\u0259k \u00f6hd\u0259liyi bar\u0259d\u0259 raz\u0131l\u0131q \u0259ld\u0259 olunub.<\/p>\n\n\n\n<p>BMT ba\u015f katibi\u00a0Antonio Quterre\u015f\u00a0oktyabr\u0131n 24-d\u0259 Kazanda ke\u00e7iril\u0259n BRICS sammitind\u0259 Rusiya Prezidenti Vladimir Putinl\u0259 g\u00f6r\u00fc\u015f\u00fcb. O, Putin\u0259 Rusiyan\u0131n Ukraynaya h\u0259rbi m\u00fcdaxil\u0259sinin BMT xartiyas\u0131na v\u0259 beyn\u0259lxalq h\u00fcquqa zidd oldu\u011funu deyib. BMT-nin a\u00e7\u0131qlamas\u0131nda bel\u0259 bildirilir.<\/p>\n\n\n\n<p>Putin qar\u015f\u0131s\u0131nda \u00e7\u0131x\u0131\u015f ed\u0259n Quterre\u015f Ukraynada &#8220;\u0259dal\u0259tli&#8221; s\u00fclh\u0259 \u00e7a\u011f\u0131r\u0131b:<\/p>\n\n\n\n<p><em>&#8220;Biz\u0259 Ukraynada s\u00fclh laz\u0131md\u0131r. BMT xartiyas\u0131na, beyn\u0259lxalq h\u00fcquqa v\u0259 Ba\u015f Assambleya q\u0259tnam\u0259l\u0259rin\u0259 uy\u011fun bir s\u00fclh&#8221;<\/em>. <\/p>\n\n\n\n<p>S\u0259f\u0259r Ukraynada q\u0259z\u0259bli reaksiya do\u011furub. BRICS sammitin\u0259 \u0130ran v\u0259 T\u00fcrkiy\u0259 Prezidentl\u0259ri il\u0259 yana\u015f\u0131, 36 \u00f6lk\u0259nin lideri qat\u0131l\u0131b. Bel\u0259c\u0259, Rusiya d\u00fcnyan\u0131n \u00f6nd\u0259 g\u0259l\u0259n \u00f6lk\u0259l\u0259rin\u0259 \u00f6z g\u00fcc\u00fcn\u00fc v\u0259 \u00f6z\u0259llikl\u0259 Q\u0259rb d\u00f6vl\u0259tl\u0259rin\u0259 Putinl\u0259 g\u00f6r\u00fc\u015fm\u0259k ist\u0259y\u0259nl\u0259rin sayca t\u00fck\u0259nm\u0259diyini g\u00f6st\u0259rm\u0259k ist\u0259yib.<\/p>\n","protected":false},"excerpt":{"rendered":"","protected":false},"author":12,"featured_media":318785,"comment_status":"closed","ping_status":"closed","sticky":false,"template":"","format":"standard","meta":{"_acf_changed":false,"_sitemap_exclude":false,"_sitemap_priority":"","_sitemap_frequency":"","footnotes":""},"categories":[63,56],"tags":[],"class_list":["post-318784","post","type-post","status-publish","format-standard","has-post-thumbnail","hentry","category-video-2","category-xeberler","infinite-scroll-item","generate-columns","tablet-grid-50","mobile-grid-100","grid-parent","grid-33","no-featured-image-padding"],"acf":[],"yoast_head":"<!-- This site is optimized with the Yoast SEO plugin v27.4 - https:\/\/yoast.com\/product\/yoast-seo-wordpress\/ -->\n<title>Pa\u015finyanla \u018fliyev g\u00f6r\u00fc\u015f\u00fcb raz\u0131l\u0131\u011fa g\u0259ldi - BR\u0130CS-d\u0259 n\u0259l\u0259r ba\u015f verdi? - MEYDAN.TV<\/title>\n<meta name=\"robots\" content=\"index, follow, max-snippet:-1, max-image-preview:large, max-video-preview:-1\" \/>\n<link rel=\"canonical\" href=\"https:\/\/www.meydan.tv\/az\/article\/pasinyanla-eliyev-gorusub-raziliga-geldi-brics-de-neler-bas-verdi\/\" \/>\n<meta property=\"og:locale\" content=\"az_AZ\" \/>\n<meta property=\"og:type\" content=\"article\" \/>\n<meta property=\"og:title\" content=\"Pa\u015finyanla \u018fliyev g\u00f6r\u00fc\u015f\u00fcb raz\u0131l\u0131\u011fa g\u0259ldi - BR\u0130CS-d\u0259 n\u0259l\u0259r ba\u015f verdi? - MEYDAN.TV\" \/>\n<meta property=\"og:url\" content=\"https:\/\/www.meydan.tv\/az\/article\/pasinyanla-eliyev-gorusub-raziliga-geldi-brics-de-neler-bas-verdi\/\" \/>\n<meta property=\"og:site_name\" content=\"MEYDAN.TV\" \/>\n<meta property=\"article:published_time\" content=\"2024-10-25T14:30:29+00:00\" \/>\n<meta property=\"article:modified_time\" content=\"2024-10-25T14:30:31+00:00\" \/>\n<meta property=\"og:image\" content=\"https:\/\/www.meydan.tv\/wp-content\/uploads\/reportaj-cover-8-12.png\" \/>\n\t<meta property=\"og:image:width\" content=\"1280\" \/>\n\t<meta property=\"og:image:height\" content=\"720\" \/>\n\t<meta property=\"og:image:type\" content=\"image\/png\" \/>\n<meta name=\"author\" content=\"aleks\" \/>\n<meta name=\"twitter:card\" content=\"summary_large_image\" \/>\n<script type=\"application\/ld+json\" class=\"yoast-schema-graph\">{\"@context\":\"https:\\\/\\\/schema.org\",\"@graph\":[{\"@type\":\"Article\",\"@id\":\"https:\\\/\\\/www.meydan.tv\\\/az\\\/article\\\/pasinyanla-eliyev-gorusub-raziliga-geldi-brics-de-neler-bas-verdi\\\/#article\",\"isPartOf\":{\"@id\":\"https:\\\/\\\/www.meydan.tv\\\/az\\\/article\\\/pasinyanla-eliyev-gorusub-raziliga-geldi-brics-de-neler-bas-verdi\\\/\"},\"author\":{\"name\":\"aleks\",\"@id\":\"https:\\\/\\\/www.meydan.tv\\\/az\\\/#\\\/schema\\\/person\\\/476e9360e593fa131d5d71d51866f8da\"},\"headline\":\"Pa\u015finyanla \u018fliyev g\u00f6r\u00fc\u015f\u00fcb raz\u0131l\u0131\u011fa g\u0259ldi &#8211; BR\u0130CS-d\u0259 n\u0259l\u0259r ba\u015f verdi?\",\"datePublished\":\"2024-10-25T14:30:29+00:00\",\"dateModified\":\"2024-10-25T14:30:31+00:00\",\"mainEntityOfPage\":{\"@id\":\"https:\\\/\\\/www.meydan.tv\\\/az\\\/article\\\/pasinyanla-eliyev-gorusub-raziliga-geldi-brics-de-neler-bas-verdi\\\/\"},\"wordCount\":430,\"publisher\":{\"@id\":\"https:\\\/\\\/www.meydan.tv\\\/az\\\/#organization\"},\"image\":{\"@id\":\"https:\\\/\\\/www.meydan.tv\\\/az\\\/article\\\/pasinyanla-eliyev-gorusub-raziliga-geldi-brics-de-neler-bas-verdi\\\/#primaryimage\"},\"thumbnailUrl\":\"https:\\\/\\\/www.meydan.tv\\\/wp-content\\\/uploads\\\/reportaj-cover-8-12.png\",\"articleSection\":[\"Video\",\"X\u0259b\u0259rl\u0259r\"],\"inLanguage\":\"az\"},{\"@type\":\"WebPage\",\"@id\":\"https:\\\/\\\/www.meydan.tv\\\/az\\\/article\\\/pasinyanla-eliyev-gorusub-raziliga-geldi-brics-de-neler-bas-verdi\\\/\",\"url\":\"https:\\\/\\\/www.meydan.tv\\\/az\\\/article\\\/pasinyanla-eliyev-gorusub-raziliga-geldi-brics-de-neler-bas-verdi\\\/\",\"name\":\"Pa\u015finyanla \u018fliyev g\u00f6r\u00fc\u015f\u00fcb raz\u0131l\u0131\u011fa g\u0259ldi - BR\u0130CS-d\u0259 n\u0259l\u0259r ba\u015f verdi? - MEYDAN.TV\",\"isPartOf\":{\"@id\":\"https:\\\/\\\/www.meydan.tv\\\/az\\\/#website\"},\"primaryImageOfPage\":{\"@id\":\"https:\\\/\\\/www.meydan.tv\\\/az\\\/article\\\/pasinyanla-eliyev-gorusub-raziliga-geldi-brics-de-neler-bas-verdi\\\/#primaryimage\"},\"image\":{\"@id\":\"https:\\\/\\\/www.meydan.tv\\\/az\\\/article\\\/pasinyanla-eliyev-gorusub-raziliga-geldi-brics-de-neler-bas-verdi\\\/#primaryimage\"},\"thumbnailUrl\":\"https:\\\/\\\/www.meydan.tv\\\/wp-content\\\/uploads\\\/reportaj-cover-8-12.png\",\"datePublished\":\"2024-10-25T14:30:29+00:00\",\"dateModified\":\"2024-10-25T14:30:31+00:00\",\"breadcrumb\":{\"@id\":\"https:\\\/\\\/www.meydan.tv\\\/az\\\/article\\\/pasinyanla-eliyev-gorusub-raziliga-geldi-brics-de-neler-bas-verdi\\\/#breadcrumb\"},\"inLanguage\":\"az\",\"potentialAction\":[{\"@type\":\"ReadAction\",\"target\":[\"https:\\\/\\\/www.meydan.tv\\\/az\\\/article\\\/pasinyanla-eliyev-gorusub-raziliga-geldi-brics-de-neler-bas-verdi\\\/\"]}]},{\"@type\":\"ImageObject\",\"inLanguage\":\"az\",\"@id\":\"https:\\\/\\\/www.meydan.tv\\\/az\\\/article\\\/pasinyanla-eliyev-gorusub-raziliga-geldi-brics-de-neler-bas-verdi\\\/#primaryimage\",\"url\":\"https:\\\/\\\/www.meydan.tv\\\/wp-content\\\/uploads\\\/reportaj-cover-8-12.png\",\"contentUrl\":\"https:\\\/\\\/www.meydan.tv\\\/wp-content\\\/uploads\\\/reportaj-cover-8-12.png\",\"width\":1280,\"height\":720},{\"@type\":\"BreadcrumbList\",\"@id\":\"https:\\\/\\\/www.meydan.tv\\\/az\\\/article\\\/pasinyanla-eliyev-gorusub-raziliga-geldi-brics-de-neler-bas-verdi\\\/#breadcrumb\",\"itemListElement\":[{\"@type\":\"ListItem\",\"position\":1,\"name\":\"Ana s\u0259hif\u0259\",\"item\":\"https:\\\/\\\/www.meydan.tv\\\/az\\\/\"},{\"@type\":\"ListItem\",\"position\":2,\"name\":\"Video\",\"item\":\"https:\\\/\\\/www.meydan.tv\\\/az\\\/section\\\/video-2\\\/\"},{\"@type\":\"ListItem\",\"position\":3,\"name\":\"Pa\u015finyanla \u018fliyev g\u00f6r\u00fc\u015f\u00fcb raz\u0131l\u0131\u011fa g\u0259ldi &#8211; BR\u0130CS-d\u0259 n\u0259l\u0259r ba\u015f verdi?\"}]},{\"@type\":\"WebSite\",\"@id\":\"https:\\\/\\\/www.meydan.tv\\\/az\\\/#website\",\"url\":\"https:\\\/\\\/www.meydan.tv\\\/az\\\/\",\"name\":\"MEYDAN.TV\",\"description\":\"Meydan TV Az\u0259rbaycan\u0131n media m\u0259kan\u0131ndak\u0131 alternativ s\u0259sidir\",\"publisher\":{\"@id\":\"https:\\\/\\\/www.meydan.tv\\\/az\\\/#organization\"},\"potentialAction\":[{\"@type\":\"SearchAction\",\"target\":{\"@type\":\"EntryPoint\",\"urlTemplate\":\"https:\\\/\\\/www.meydan.tv\\\/az\\\/?s={search_term_string}\"},\"query-input\":{\"@type\":\"PropertyValueSpecification\",\"valueRequired\":true,\"valueName\":\"search_term_string\"}}],\"inLanguage\":\"az\"},{\"@type\":\"Organization\",\"@id\":\"https:\\\/\\\/www.meydan.tv\\\/az\\\/#organization\",\"name\":\"Meydan TV\",\"url\":\"https:\\\/\\\/www.meydan.tv\\\/az\\\/\",\"logo\":{\"@type\":\"ImageObject\",\"inLanguage\":\"az\",\"@id\":\"https:\\\/\\\/www.meydan.tv\\\/az\\\/#\\\/schema\\\/logo\\\/image\\\/\",\"url\":\"https:\\\/\\\/www.meydan.tv\\\/wp-content\\\/uploads\\\/2021\\\/07\\\/meydan-logo.svg\",\"contentUrl\":\"https:\\\/\\\/www.meydan.tv\\\/wp-content\\\/uploads\\\/2021\\\/07\\\/meydan-logo.svg\",\"width\":195,\"height\":46,\"caption\":\"Meydan TV\"},\"image\":{\"@id\":\"https:\\\/\\\/www.meydan.tv\\\/az\\\/#\\\/schema\\\/logo\\\/image\\\/\"}},{\"@type\":\"Person\",\"@id\":\"https:\\\/\\\/www.meydan.tv\\\/az\\\/#\\\/schema\\\/person\\\/476e9360e593fa131d5d71d51866f8da\",\"name\":\"aleks\"}]}<\/script>\n<!-- \/ Yoast SEO plugin. -->","yoast_head_json":{"title":"Pa\u015finyanla \u018fliyev g\u00f6r\u00fc\u015f\u00fcb raz\u0131l\u0131\u011fa g\u0259ldi - BR\u0130CS-d\u0259 n\u0259l\u0259r ba\u015f verdi? - MEYDAN.TV","robots":{"index":"index","follow":"follow","max-snippet":"max-snippet:-1","max-image-preview":"max-image-preview:large","max-video-preview":"max-video-preview:-1"},"canonical":"https:\/\/www.meydan.tv\/az\/article\/pasinyanla-eliyev-gorusub-raziliga-geldi-brics-de-neler-bas-verdi\/","og_locale":"az_AZ","og_type":"article","og_title":"Pa\u015finyanla \u018fliyev g\u00f6r\u00fc\u015f\u00fcb raz\u0131l\u0131\u011fa g\u0259ldi - BR\u0130CS-d\u0259 n\u0259l\u0259r ba\u015f verdi? - MEYDAN.TV","og_url":"https:\/\/www.meydan.tv\/az\/article\/pasinyanla-eliyev-gorusub-raziliga-geldi-brics-de-neler-bas-verdi\/","og_site_name":"MEYDAN.TV","article_published_time":"2024-10-25T14:30:29+00:00","article_modified_time":"2024-10-25T14:30:31+00:00","og_image":[{"width":1280,"height":720,"url":"https:\/\/www.meydan.tv\/wp-content\/uploads\/reportaj-cover-8-12.png","type":"image\/png"}],"author":"aleks","twitter_card":"summary_large_image","schema":{"@context":"https:\/\/schema.org","@graph":[{"@type":"Article","@id":"https:\/\/www.meydan.tv\/az\/article\/pasinyanla-eliyev-gorusub-raziliga-geldi-brics-de-neler-bas-verdi\/#article","isPartOf":{"@id":"https:\/\/www.meydan.tv\/az\/article\/pasinyanla-eliyev-gorusub-raziliga-geldi-brics-de-neler-bas-verdi\/"},"author":{"name":"aleks","@id":"https:\/\/www.meydan.tv\/az\/#\/schema\/person\/476e9360e593fa131d5d71d51866f8da"},"headline":"Pa\u015finyanla \u018fliyev g\u00f6r\u00fc\u015f\u00fcb raz\u0131l\u0131\u011fa g\u0259ldi &#8211; BR\u0130CS-d\u0259 n\u0259l\u0259r ba\u015f verdi?","datePublished":"2024-10-25T14:30:29+00:00","dateModified":"2024-10-25T14:30:31+00:00","mainEntityOfPage":{"@id":"https:\/\/www.meydan.tv\/az\/article\/pasinyanla-eliyev-gorusub-raziliga-geldi-brics-de-neler-bas-verdi\/"},"wordCount":430,"publisher":{"@id":"https:\/\/www.meydan.tv\/az\/#organization"},"image":{"@id":"https:\/\/www.meydan.tv\/az\/article\/pasinyanla-eliyev-gorusub-raziliga-geldi-brics-de-neler-bas-verdi\/#primaryimage"},"thumbnailUrl":"https:\/\/www.meydan.tv\/wp-content\/uploads\/reportaj-cover-8-12.png","articleSection":["Video","X\u0259b\u0259rl\u0259r"],"inLanguage":"az"},{"@type":"WebPage","@id":"https:\/\/www.meydan.tv\/az\/article\/pasinyanla-eliyev-gorusub-raziliga-geldi-brics-de-neler-bas-verdi\/","url":"https:\/\/www.meydan.tv\/az\/article\/pasinyanla-eliyev-gorusub-raziliga-geldi-brics-de-neler-bas-verdi\/","name":"Pa\u015finyanla \u018fliyev g\u00f6r\u00fc\u015f\u00fcb raz\u0131l\u0131\u011fa g\u0259ldi - BR\u0130CS-d\u0259 n\u0259l\u0259r ba\u015f verdi? - MEYDAN.TV","isPartOf":{"@id":"https:\/\/www.meydan.tv\/az\/#website"},"primaryImageOfPage":{"@id":"https:\/\/www.meydan.tv\/az\/article\/pasinyanla-eliyev-gorusub-raziliga-geldi-brics-de-neler-bas-verdi\/#primaryimage"},"image":{"@id":"https:\/\/www.meydan.tv\/az\/article\/pasinyanla-eliyev-gorusub-raziliga-geldi-brics-de-neler-bas-verdi\/#primaryimage"},"thumbnailUrl":"https:\/\/www.meydan.tv\/wp-content\/uploads\/reportaj-cover-8-12.png","datePublished":"2024-10-25T14:30:29+00:00","dateModified":"2024-10-25T14:30:31+00:00","breadcrumb":{"@id":"https:\/\/www.meydan.tv\/az\/article\/pasinyanla-eliyev-gorusub-raziliga-geldi-brics-de-neler-bas-verdi\/#breadcrumb"},"inLanguage":"az","potentialAction":[{"@type":"ReadAction","target":["https:\/\/www.meydan.tv\/az\/article\/pasinyanla-eliyev-gorusub-raziliga-geldi-brics-de-neler-bas-verdi\/"]}]},{"@type":"ImageObject","inLanguage":"az","@id":"https:\/\/www.meydan.tv\/az\/article\/pasinyanla-eliyev-gorusub-raziliga-geldi-brics-de-neler-bas-verdi\/#primaryimage","url":"https:\/\/www.meydan.tv\/wp-content\/uploads\/reportaj-cover-8-12.png","contentUrl":"https:\/\/www.meydan.tv\/wp-content\/uploads\/reportaj-cover-8-12.png","width":1280,"height":720},{"@type":"BreadcrumbList","@id":"https:\/\/www.meydan.tv\/az\/article\/pasinyanla-eliyev-gorusub-raziliga-geldi-brics-de-neler-bas-verdi\/#breadcrumb","itemListElement":[{"@type":"ListItem","position":1,"name":"Ana s\u0259hif\u0259","item":"https:\/\/www.meydan.tv\/az\/"},{"@type":"ListItem","position":2,"name":"Video","item":"https:\/\/www.meydan.tv\/az\/section\/video-2\/"},{"@type":"ListItem","position":3,"name":"Pa\u015finyanla \u018fliyev g\u00f6r\u00fc\u015f\u00fcb raz\u0131l\u0131\u011fa g\u0259ldi &#8211; BR\u0130CS-d\u0259 n\u0259l\u0259r ba\u015f verdi?"}]},{"@type":"WebSite","@id":"https:\/\/www.meydan.tv\/az\/#website","url":"https:\/\/www.meydan.tv\/az\/","name":"MEYDAN.TV","description":"Meydan TV Az\u0259rbaycan\u0131n media m\u0259kan\u0131ndak\u0131 alternativ s\u0259sidir","publisher":{"@id":"https:\/\/www.meydan.tv\/az\/#organization"},"potentialAction":[{"@type":"SearchAction","target":{"@type":"EntryPoint","urlTemplate":"https:\/\/www.meydan.tv\/az\/?s={search_term_string}"},"query-input":{"@type":"PropertyValueSpecification","valueRequired":true,"valueName":"search_term_string"}}],"inLanguage":"az"},{"@type":"Organization","@id":"https:\/\/www.meydan.tv\/az\/#organization","name":"Meydan TV","url":"https:\/\/www.meydan.tv\/az\/","logo":{"@type":"ImageObject","inLanguage":"az","@id":"https:\/\/www.meydan.tv\/az\/#\/schema\/logo\/image\/","url":"https:\/\/www.meydan.tv\/wp-content\/uploads\/2021\/07\/meydan-logo.svg","contentUrl":"https:\/\/www.meydan.tv\/wp-content\/uploads\/2021\/07\/meydan-logo.svg","width":195,"height":46,"caption":"Meydan TV"},"image":{"@id":"https:\/\/www.meydan.tv\/az\/#\/schema\/logo\/image\/"}},{"@type":"Person","@id":"https:\/\/www.meydan.tv\/az\/#\/schema\/person\/476e9360e593fa131d5d71d51866f8da","name":"aleks"}]}},"_links":{"self":[{"href":"https:\/\/www.meydan.tv\/az\/wp-json\/wp\/v2\/posts\/318784","targetHints":{"allow":["GET"]}}],"collection":[{"href":"https:\/\/www.meydan.tv\/az\/wp-json\/wp\/v2\/posts"}],"about":[{"href":"https:\/\/www.meydan.tv\/az\/wp-json\/wp\/v2\/types\/post"}],"author":[{"embeddable":true,"href":"https:\/\/www.meydan.tv\/az\/wp-json\/wp\/v2\/users\/12"}],"replies":[{"embeddable":true,"href":"https:\/\/www.meydan.tv\/az\/wp-json\/wp\/v2\/comments?post=318784"}],"version-history":[{"count":4,"href":"https:\/\/www.meydan.tv\/az\/wp-json\/wp\/v2\/posts\/318784\/revisions"}],"predecessor-version":[{"id":318800,"href":"https:\/\/www.meydan.tv\/az\/wp-json\/wp\/v2\/posts\/318784\/revisions\/318800"}],"wp:featuredmedia":[{"embeddable":true,"href":"https:\/\/www.meydan.tv\/az\/wp-json\/wp\/v2\/media\/318785"}],"wp:attachment":[{"href":"https:\/\/www.meydan.tv\/az\/wp-json\/wp\/v2\/media?parent=318784"}],"wp:term":[{"taxonomy":"category","embeddable":true,"href":"https:\/\/www.meydan.tv\/az\/wp-json\/wp\/v2\/categories?post=318784"},{"taxonomy":"post_tag","embeddable":true,"href":"https:\/\/www.meydan.tv\/az\/wp-json\/wp\/v2\/tags?post=318784"}],"curies":[{"name":"wp","href":"https:\/\/api.w.org\/{rel}","templated":true}]}}