{"id":318778,"date":"2024-10-25T18:27:33","date_gmt":"2024-10-25T14:27:33","guid":{"rendered":"https:\/\/www.meydan.tv\/?p=318778"},"modified":"2024-10-25T18:27:35","modified_gmt":"2024-10-25T14:27:35","slug":"kanalizasiya-idaresinin-sehvinden-evlerimiz-su-altinda-qalib","status":"publish","type":"post","link":"https:\/\/www.meydan.tv\/az\/article\/kanalizasiya-idaresinin-sehvinden-evlerimiz-su-altinda-qalib\/","title":{"rendered":"&#8221;Kanalizasiya idar\u0259sinin s\u0259hvind\u0259n, evl\u0259rimiz su alt\u0131nda qal\u0131b&#8221;"},"content":{"rendered":"\n<figure class=\"wp-block-embed is-type-video is-provider-youtube wp-block-embed-youtube wp-embed-aspect-16-9 wp-has-aspect-ratio\"><div class=\"wp-block-embed__wrapper\">\n<iframe title=\"&#039;&#039;Kanalizasiya idar\u0259sinin s\u0259hvind\u0259n, evl\u0259rimiz su alt\u0131nda qal\u0131b&#039;&#039;\" width=\"1200\" height=\"675\" data-src=\"https:\/\/www.youtube.com\/embed\/6x8JM6zuX2U?feature=oembed\" frameborder=\"0\" allow=\"accelerometer; autoplay; clipboard-write; encrypted-media; gyroscope; picture-in-picture; web-share\" referrerpolicy=\"strict-origin-when-cross-origin\" allowfullscreen src=\"data:image\/svg+xml;base64,PHN2ZyB3aWR0aD0iMSIgaGVpZ2h0PSIxIiB4bWxucz0iaHR0cDovL3d3dy53My5vcmcvMjAwMC9zdmciPjwvc3ZnPg==\" class=\"lazyload\" data-load-mode=\"1\"><\/iframe>\n<\/div><\/figure>\n\n\n\n<!--more-->\n\n\n\n<p><\/p>\n\n\n\n<p>Sabun\u00e7u rayonu, Bak\u0131xanov q\u0259s\u0259b\u0259si, L\u0259tif Sultanov 133 \u00fcnvan\u0131nda yerl\u0259\u015f\u0259n \u018flvan metal\u0259ritm\u0259 zavodunun h\u0259y\u0259tind\u0259 m\u0259skunla\u015fm\u0131\u015f m\u0259cburi k\u00f6\u00e7k\u00fcnl\u0259rin evl\u0259rini su bas\u0131b. <\/p>\n\n\n\n<p>Onlar 3 g\u00fcnd\u00fcr ki, qon\u015fu v\u0259 qohumlar\u0131n evl\u0259rin\u0259 s\u0131\u011f\u0131nma\u011fa m\u0259cbur qal\u0131blar. Sakinl\u0259r aidiyy\u0259ti qurumlar\u0131n laqeydliyind\u0259n \u015fikay\u0259t edirl\u0259r. <\/p>\n\n\n\n<p>Onlar deyirl\u0259r ki, evl\u0259rin\u0259 b\u00f6y\u00fck m\u0259bl\u0259\u011fd\u0259 z\u0259r\u0259r d\u0259yib. Problem g\u00fcnl\u0259rdir h\u0259ll edilmir v\u0259 sakinl\u0259r h\u0259l\u0259 n\u0259 q\u0259d\u0259r k\u00fc\u00e7\u0259l\u0259rd\u0259 qalacaqlar\u0131n\u0131 bilmirl\u0259r.<\/p>\n","protected":false},"excerpt":{"rendered":"","protected":false},"author":12,"featured_media":318779,"comment_status":"closed","ping_status":"closed","sticky":false,"template":"","format":"standard","meta":{"_acf_changed":false,"_sitemap_exclude":false,"_sitemap_priority":"","_sitemap_frequency":"","footnotes":""},"categories":[62,63,56],"tags":[],"class_list":["post-318778","post","type-post","status-publish","format-standard","has-post-thumbnail","hentry","category-sosial","category-video-2","category-xeberler","infinite-scroll-item","generate-columns","tablet-grid-50","mobile-grid-100","grid-parent","grid-33","no-featured-image-padding"],"acf":[],"yoast_head":"<!-- This site is optimized with the Yoast SEO plugin v27.4 - https:\/\/yoast.com\/product\/yoast-seo-wordpress\/ -->\n<title>&#039;&#039;Kanalizasiya idar\u0259sinin s\u0259hvind\u0259n, evl\u0259rimiz su alt\u0131nda qal\u0131b&#039;&#039; - MEYDAN.TV<\/title>\n<meta name=\"robots\" content=\"index, follow, max-snippet:-1, max-image-preview:large, max-video-preview:-1\" \/>\n<link rel=\"canonical\" href=\"https:\/\/www.meydan.tv\/az\/article\/kanalizasiya-idaresinin-sehvinden-evlerimiz-su-altinda-qalib\/\" \/>\n<meta property=\"og:locale\" content=\"az_AZ\" \/>\n<meta property=\"og:type\" content=\"article\" \/>\n<meta property=\"og:title\" content=\"&#039;&#039;Kanalizasiya idar\u0259sinin s\u0259hvind\u0259n, evl\u0259rimiz su alt\u0131nda qal\u0131b&#039;&#039; - MEYDAN.TV\" \/>\n<meta property=\"og:url\" content=\"https:\/\/www.meydan.tv\/az\/article\/kanalizasiya-idaresinin-sehvinden-evlerimiz-su-altinda-qalib\/\" \/>\n<meta property=\"og:site_name\" content=\"MEYDAN.TV\" \/>\n<meta property=\"article:published_time\" content=\"2024-10-25T14:27:33+00:00\" \/>\n<meta property=\"article:modified_time\" content=\"2024-10-25T14:27:35+00:00\" \/>\n<meta property=\"og:image\" content=\"https:\/\/www.meydan.tv\/wp-content\/uploads\/screenshot-2024-10-25-at-16.05.40.png\" \/>\n\t<meta property=\"og:image:width\" content=\"1712\" \/>\n\t<meta property=\"og:image:height\" content=\"930\" \/>\n\t<meta property=\"og:image:type\" content=\"image\/png\" \/>\n<meta name=\"author\" content=\"aleks\" \/>\n<meta name=\"twitter:card\" content=\"summary_large_image\" \/>\n<script type=\"application\/ld+json\" class=\"yoast-schema-graph\">{\"@context\":\"https:\\\/\\\/schema.org\",\"@graph\":[{\"@type\":\"Article\",\"@id\":\"https:\\\/\\\/www.meydan.tv\\\/az\\\/article\\\/kanalizasiya-idaresinin-sehvinden-evlerimiz-su-altinda-qalib\\\/#article\",\"isPartOf\":{\"@id\":\"https:\\\/\\\/www.meydan.tv\\\/az\\\/article\\\/kanalizasiya-idaresinin-sehvinden-evlerimiz-su-altinda-qalib\\\/\"},\"author\":{\"name\":\"aleks\",\"@id\":\"https:\\\/\\\/www.meydan.tv\\\/az\\\/#\\\/schema\\\/person\\\/476e9360e593fa131d5d71d51866f8da\"},\"headline\":\"&#8221;Kanalizasiya idar\u0259sinin s\u0259hvind\u0259n, evl\u0259rimiz su alt\u0131nda qal\u0131b&#8221;\",\"datePublished\":\"2024-10-25T14:27:33+00:00\",\"dateModified\":\"2024-10-25T14:27:35+00:00\",\"mainEntityOfPage\":{\"@id\":\"https:\\\/\\\/www.meydan.tv\\\/az\\\/article\\\/kanalizasiya-idaresinin-sehvinden-evlerimiz-su-altinda-qalib\\\/\"},\"wordCount\":128,\"publisher\":{\"@id\":\"https:\\\/\\\/www.meydan.tv\\\/az\\\/#organization\"},\"image\":{\"@id\":\"https:\\\/\\\/www.meydan.tv\\\/az\\\/article\\\/kanalizasiya-idaresinin-sehvinden-evlerimiz-su-altinda-qalib\\\/#primaryimage\"},\"thumbnailUrl\":\"https:\\\/\\\/www.meydan.tv\\\/wp-content\\\/uploads\\\/screenshot-2024-10-25-at-16.05.40.png\",\"articleSection\":[\"Sosial\",\"Video\",\"X\u0259b\u0259rl\u0259r\"],\"inLanguage\":\"az\"},{\"@type\":\"WebPage\",\"@id\":\"https:\\\/\\\/www.meydan.tv\\\/az\\\/article\\\/kanalizasiya-idaresinin-sehvinden-evlerimiz-su-altinda-qalib\\\/\",\"url\":\"https:\\\/\\\/www.meydan.tv\\\/az\\\/article\\\/kanalizasiya-idaresinin-sehvinden-evlerimiz-su-altinda-qalib\\\/\",\"name\":\"''Kanalizasiya idar\u0259sinin s\u0259hvind\u0259n, evl\u0259rimiz su alt\u0131nda qal\u0131b'' - MEYDAN.TV\",\"isPartOf\":{\"@id\":\"https:\\\/\\\/www.meydan.tv\\\/az\\\/#website\"},\"primaryImageOfPage\":{\"@id\":\"https:\\\/\\\/www.meydan.tv\\\/az\\\/article\\\/kanalizasiya-idaresinin-sehvinden-evlerimiz-su-altinda-qalib\\\/#primaryimage\"},\"image\":{\"@id\":\"https:\\\/\\\/www.meydan.tv\\\/az\\\/article\\\/kanalizasiya-idaresinin-sehvinden-evlerimiz-su-altinda-qalib\\\/#primaryimage\"},\"thumbnailUrl\":\"https:\\\/\\\/www.meydan.tv\\\/wp-content\\\/uploads\\\/screenshot-2024-10-25-at-16.05.40.png\",\"datePublished\":\"2024-10-25T14:27:33+00:00\",\"dateModified\":\"2024-10-25T14:27:35+00:00\",\"breadcrumb\":{\"@id\":\"https:\\\/\\\/www.meydan.tv\\\/az\\\/article\\\/kanalizasiya-idaresinin-sehvinden-evlerimiz-su-altinda-qalib\\\/#breadcrumb\"},\"inLanguage\":\"az\",\"potentialAction\":[{\"@type\":\"ReadAction\",\"target\":[\"https:\\\/\\\/www.meydan.tv\\\/az\\\/article\\\/kanalizasiya-idaresinin-sehvinden-evlerimiz-su-altinda-qalib\\\/\"]}]},{\"@type\":\"ImageObject\",\"inLanguage\":\"az\",\"@id\":\"https:\\\/\\\/www.meydan.tv\\\/az\\\/article\\\/kanalizasiya-idaresinin-sehvinden-evlerimiz-su-altinda-qalib\\\/#primaryimage\",\"url\":\"https:\\\/\\\/www.meydan.tv\\\/wp-content\\\/uploads\\\/screenshot-2024-10-25-at-16.05.40.png\",\"contentUrl\":\"https:\\\/\\\/www.meydan.tv\\\/wp-content\\\/uploads\\\/screenshot-2024-10-25-at-16.05.40.png\",\"width\":1712,\"height\":930},{\"@type\":\"BreadcrumbList\",\"@id\":\"https:\\\/\\\/www.meydan.tv\\\/az\\\/article\\\/kanalizasiya-idaresinin-sehvinden-evlerimiz-su-altinda-qalib\\\/#breadcrumb\",\"itemListElement\":[{\"@type\":\"ListItem\",\"position\":1,\"name\":\"Ana s\u0259hif\u0259\",\"item\":\"https:\\\/\\\/www.meydan.tv\\\/az\\\/\"},{\"@type\":\"ListItem\",\"position\":2,\"name\":\"Video\",\"item\":\"https:\\\/\\\/www.meydan.tv\\\/az\\\/section\\\/video-2\\\/\"},{\"@type\":\"ListItem\",\"position\":3,\"name\":\"&#8221;Kanalizasiya idar\u0259sinin s\u0259hvind\u0259n, evl\u0259rimiz su alt\u0131nda qal\u0131b&#8221;\"}]},{\"@type\":\"WebSite\",\"@id\":\"https:\\\/\\\/www.meydan.tv\\\/az\\\/#website\",\"url\":\"https:\\\/\\\/www.meydan.tv\\\/az\\\/\",\"name\":\"MEYDAN.TV\",\"description\":\"Meydan TV Az\u0259rbaycan\u0131n media m\u0259kan\u0131ndak\u0131 alternativ s\u0259sidir\",\"publisher\":{\"@id\":\"https:\\\/\\\/www.meydan.tv\\\/az\\\/#organization\"},\"potentialAction\":[{\"@type\":\"SearchAction\",\"target\":{\"@type\":\"EntryPoint\",\"urlTemplate\":\"https:\\\/\\\/www.meydan.tv\\\/az\\\/?s={search_term_string}\"},\"query-input\":{\"@type\":\"PropertyValueSpecification\",\"valueRequired\":true,\"valueName\":\"search_term_string\"}}],\"inLanguage\":\"az\"},{\"@type\":\"Organization\",\"@id\":\"https:\\\/\\\/www.meydan.tv\\\/az\\\/#organization\",\"name\":\"Meydan TV\",\"url\":\"https:\\\/\\\/www.meydan.tv\\\/az\\\/\",\"logo\":{\"@type\":\"ImageObject\",\"inLanguage\":\"az\",\"@id\":\"https:\\\/\\\/www.meydan.tv\\\/az\\\/#\\\/schema\\\/logo\\\/image\\\/\",\"url\":\"https:\\\/\\\/www.meydan.tv\\\/wp-content\\\/uploads\\\/2021\\\/07\\\/meydan-logo.svg\",\"contentUrl\":\"https:\\\/\\\/www.meydan.tv\\\/wp-content\\\/uploads\\\/2021\\\/07\\\/meydan-logo.svg\",\"width\":195,\"height\":46,\"caption\":\"Meydan TV\"},\"image\":{\"@id\":\"https:\\\/\\\/www.meydan.tv\\\/az\\\/#\\\/schema\\\/logo\\\/image\\\/\"}},{\"@type\":\"Person\",\"@id\":\"https:\\\/\\\/www.meydan.tv\\\/az\\\/#\\\/schema\\\/person\\\/476e9360e593fa131d5d71d51866f8da\",\"name\":\"aleks\"}]}<\/script>\n<!-- \/ Yoast SEO plugin. -->","yoast_head_json":{"title":"''Kanalizasiya idar\u0259sinin s\u0259hvind\u0259n, evl\u0259rimiz su alt\u0131nda qal\u0131b'' - MEYDAN.TV","robots":{"index":"index","follow":"follow","max-snippet":"max-snippet:-1","max-image-preview":"max-image-preview:large","max-video-preview":"max-video-preview:-1"},"canonical":"https:\/\/www.meydan.tv\/az\/article\/kanalizasiya-idaresinin-sehvinden-evlerimiz-su-altinda-qalib\/","og_locale":"az_AZ","og_type":"article","og_title":"''Kanalizasiya idar\u0259sinin s\u0259hvind\u0259n, evl\u0259rimiz su alt\u0131nda qal\u0131b'' - MEYDAN.TV","og_url":"https:\/\/www.meydan.tv\/az\/article\/kanalizasiya-idaresinin-sehvinden-evlerimiz-su-altinda-qalib\/","og_site_name":"MEYDAN.TV","article_published_time":"2024-10-25T14:27:33+00:00","article_modified_time":"2024-10-25T14:27:35+00:00","og_image":[{"width":1712,"height":930,"url":"https:\/\/www.meydan.tv\/wp-content\/uploads\/screenshot-2024-10-25-at-16.05.40.png","type":"image\/png"}],"author":"aleks","twitter_card":"summary_large_image","schema":{"@context":"https:\/\/schema.org","@graph":[{"@type":"Article","@id":"https:\/\/www.meydan.tv\/az\/article\/kanalizasiya-idaresinin-sehvinden-evlerimiz-su-altinda-qalib\/#article","isPartOf":{"@id":"https:\/\/www.meydan.tv\/az\/article\/kanalizasiya-idaresinin-sehvinden-evlerimiz-su-altinda-qalib\/"},"author":{"name":"aleks","@id":"https:\/\/www.meydan.tv\/az\/#\/schema\/person\/476e9360e593fa131d5d71d51866f8da"},"headline":"&#8221;Kanalizasiya idar\u0259sinin s\u0259hvind\u0259n, evl\u0259rimiz su alt\u0131nda qal\u0131b&#8221;","datePublished":"2024-10-25T14:27:33+00:00","dateModified":"2024-10-25T14:27:35+00:00","mainEntityOfPage":{"@id":"https:\/\/www.meydan.tv\/az\/article\/kanalizasiya-idaresinin-sehvinden-evlerimiz-su-altinda-qalib\/"},"wordCount":128,"publisher":{"@id":"https:\/\/www.meydan.tv\/az\/#organization"},"image":{"@id":"https:\/\/www.meydan.tv\/az\/article\/kanalizasiya-idaresinin-sehvinden-evlerimiz-su-altinda-qalib\/#primaryimage"},"thumbnailUrl":"https:\/\/www.meydan.tv\/wp-content\/uploads\/screenshot-2024-10-25-at-16.05.40.png","articleSection":["Sosial","Video","X\u0259b\u0259rl\u0259r"],"inLanguage":"az"},{"@type":"WebPage","@id":"https:\/\/www.meydan.tv\/az\/article\/kanalizasiya-idaresinin-sehvinden-evlerimiz-su-altinda-qalib\/","url":"https:\/\/www.meydan.tv\/az\/article\/kanalizasiya-idaresinin-sehvinden-evlerimiz-su-altinda-qalib\/","name":"''Kanalizasiya idar\u0259sinin s\u0259hvind\u0259n, evl\u0259rimiz su alt\u0131nda qal\u0131b'' - MEYDAN.TV","isPartOf":{"@id":"https:\/\/www.meydan.tv\/az\/#website"},"primaryImageOfPage":{"@id":"https:\/\/www.meydan.tv\/az\/article\/kanalizasiya-idaresinin-sehvinden-evlerimiz-su-altinda-qalib\/#primaryimage"},"image":{"@id":"https:\/\/www.meydan.tv\/az\/article\/kanalizasiya-idaresinin-sehvinden-evlerimiz-su-altinda-qalib\/#primaryimage"},"thumbnailUrl":"https:\/\/www.meydan.tv\/wp-content\/uploads\/screenshot-2024-10-25-at-16.05.40.png","datePublished":"2024-10-25T14:27:33+00:00","dateModified":"2024-10-25T14:27:35+00:00","breadcrumb":{"@id":"https:\/\/www.meydan.tv\/az\/article\/kanalizasiya-idaresinin-sehvinden-evlerimiz-su-altinda-qalib\/#breadcrumb"},"inLanguage":"az","potentialAction":[{"@type":"ReadAction","target":["https:\/\/www.meydan.tv\/az\/article\/kanalizasiya-idaresinin-sehvinden-evlerimiz-su-altinda-qalib\/"]}]},{"@type":"ImageObject","inLanguage":"az","@id":"https:\/\/www.meydan.tv\/az\/article\/kanalizasiya-idaresinin-sehvinden-evlerimiz-su-altinda-qalib\/#primaryimage","url":"https:\/\/www.meydan.tv\/wp-content\/uploads\/screenshot-2024-10-25-at-16.05.40.png","contentUrl":"https:\/\/www.meydan.tv\/wp-content\/uploads\/screenshot-2024-10-25-at-16.05.40.png","width":1712,"height":930},{"@type":"BreadcrumbList","@id":"https:\/\/www.meydan.tv\/az\/article\/kanalizasiya-idaresinin-sehvinden-evlerimiz-su-altinda-qalib\/#breadcrumb","itemListElement":[{"@type":"ListItem","position":1,"name":"Ana s\u0259hif\u0259","item":"https:\/\/www.meydan.tv\/az\/"},{"@type":"ListItem","position":2,"name":"Video","item":"https:\/\/www.meydan.tv\/az\/section\/video-2\/"},{"@type":"ListItem","position":3,"name":"&#8221;Kanalizasiya idar\u0259sinin s\u0259hvind\u0259n, evl\u0259rimiz su alt\u0131nda qal\u0131b&#8221;"}]},{"@type":"WebSite","@id":"https:\/\/www.meydan.tv\/az\/#website","url":"https:\/\/www.meydan.tv\/az\/","name":"MEYDAN.TV","description":"Meydan TV Az\u0259rbaycan\u0131n media m\u0259kan\u0131ndak\u0131 alternativ s\u0259sidir","publisher":{"@id":"https:\/\/www.meydan.tv\/az\/#organization"},"potentialAction":[{"@type":"SearchAction","target":{"@type":"EntryPoint","urlTemplate":"https:\/\/www.meydan.tv\/az\/?s={search_term_string}"},"query-input":{"@type":"PropertyValueSpecification","valueRequired":true,"valueName":"search_term_string"}}],"inLanguage":"az"},{"@type":"Organization","@id":"https:\/\/www.meydan.tv\/az\/#organization","name":"Meydan TV","url":"https:\/\/www.meydan.tv\/az\/","logo":{"@type":"ImageObject","inLanguage":"az","@id":"https:\/\/www.meydan.tv\/az\/#\/schema\/logo\/image\/","url":"https:\/\/www.meydan.tv\/wp-content\/uploads\/2021\/07\/meydan-logo.svg","contentUrl":"https:\/\/www.meydan.tv\/wp-content\/uploads\/2021\/07\/meydan-logo.svg","width":195,"height":46,"caption":"Meydan TV"},"image":{"@id":"https:\/\/www.meydan.tv\/az\/#\/schema\/logo\/image\/"}},{"@type":"Person","@id":"https:\/\/www.meydan.tv\/az\/#\/schema\/person\/476e9360e593fa131d5d71d51866f8da","name":"aleks"}]}},"_links":{"self":[{"href":"https:\/\/www.meydan.tv\/az\/wp-json\/wp\/v2\/posts\/318778","targetHints":{"allow":["GET"]}}],"collection":[{"href":"https:\/\/www.meydan.tv\/az\/wp-json\/wp\/v2\/posts"}],"about":[{"href":"https:\/\/www.meydan.tv\/az\/wp-json\/wp\/v2\/types\/post"}],"author":[{"embeddable":true,"href":"https:\/\/www.meydan.tv\/az\/wp-json\/wp\/v2\/users\/12"}],"replies":[{"embeddable":true,"href":"https:\/\/www.meydan.tv\/az\/wp-json\/wp\/v2\/comments?post=318778"}],"version-history":[{"count":2,"href":"https:\/\/www.meydan.tv\/az\/wp-json\/wp\/v2\/posts\/318778\/revisions"}],"predecessor-version":[{"id":318797,"href":"https:\/\/www.meydan.tv\/az\/wp-json\/wp\/v2\/posts\/318778\/revisions\/318797"}],"wp:featuredmedia":[{"embeddable":true,"href":"https:\/\/www.meydan.tv\/az\/wp-json\/wp\/v2\/media\/318779"}],"wp:attachment":[{"href":"https:\/\/www.meydan.tv\/az\/wp-json\/wp\/v2\/media?parent=318778"}],"wp:term":[{"taxonomy":"category","embeddable":true,"href":"https:\/\/www.meydan.tv\/az\/wp-json\/wp\/v2\/categories?post=318778"},{"taxonomy":"post_tag","embeddable":true,"href":"https:\/\/www.meydan.tv\/az\/wp-json\/wp\/v2\/tags?post=318778"}],"curies":[{"name":"wp","href":"https:\/\/api.w.org\/{rel}","templated":true}]}}