{"id":318600,"date":"2024-10-24T17:19:28","date_gmt":"2024-10-24T13:19:28","guid":{"rendered":"https:\/\/www.meydan.tv\/?p=318600"},"modified":"2024-10-24T17:19:31","modified_gmt":"2024-10-24T13:19:31","slug":"pensiyalarin-gecikme-sebebi-pul-catismazligi-yoxsa-texniki-problem","status":"publish","type":"post","link":"https:\/\/www.meydan.tv\/az\/article\/pensiyalarin-gecikme-sebebi-pul-catismazligi-yoxsa-texniki-problem\/","title":{"rendered":"Pensiyalar\u0131n gecikm\u0259 s\u0259b\u0259bi: Pul \u00e7at\u0131\u015fmazl\u0131\u011f\u0131, yoxsa texniki problem?"},"content":{"rendered":"\n<p><\/p>\n\n\n\n<p><strong><em>M\u00fct\u0259x\u0259ssisl\u0259r problemi nazirlikd\u0259 g\u00f6r\u00fcr<\/em><\/strong><\/p>\n\n\n\n<p><em>\u201cAnam m\u00fcalic\u0259si \u00fc\u00e7\u00fcn bankdan kredit g\u00f6t\u00fcrm\u00fc\u015fd\u00fc. \u0130ll\u0259rdir, pensiyalar ay\u0131n 15-\u0259 q\u0259d\u0259r \u00f6d\u0259nilirdi. Bank da avtomatik olaraq pensiya k\u00f6\u00e7\u0259n kimi pulunu tuturdu. Qrafik d\u0259yi\u015fib, pensiyalar gecikir. H\u0259r g\u00fcn\u0259 1.20 AZN faiz c\u0259rim\u0259 hesablan\u0131r. R\u0259smi qurumlar banklara onsuz da \u00e7\u0259tin durumda olan pensiya\u00e7\u0131larla ba\u011fl\u0131 gecikm\u0259 faizi hesablanmamas\u0131 bar\u0259d\u0259 m\u00fczakir\u0259 apars\u0131n, ya da banklar yeni qrafik t\u0259tbiq etsin\u201d.<\/em><\/p>\n\n\n\n<p>Bunu jurnalist Razi Abasb\u0259yli \u201cFacebook\u201d s\u0259hif\u0259sind\u0259 <a href=\"https:\/\/www.facebook.com\/razi.abasbeyli\/posts\/9001502536549185?ref=embed_post\" target=\"_blank\" rel=\"noreferrer noopener\">yaz\u0131b.<\/a><\/p>\n\n\n\n<p>O bildirib ki, pensiyalar\u0131n \u00f6d\u0259ni\u015f qrafikinin bir ne\u00e7\u0259 ayd\u0131r d\u0259yi\u015fm\u0259si, gecikm\u0259si \u0259lav\u0259 c\u0259rim\u0259l\u0259rin yaranmas\u0131na s\u0259b\u0259b olub:<\/p>\n\n\n<div class=\"wp-block-image\">\n<figure class=\"aligncenter size-full\"><img decoding=\"async\" width=\"960\" height=\"720\" data-src=\"https:\/\/www.meydan.tv\/wp-content\/uploads\/78581205_2923322711033895_9048461173057388544_n.jpg\" alt=\"\" class=\"wp-image-318606 lazyload\" src=\"data:image\/svg+xml;base64,PHN2ZyB3aWR0aD0iMSIgaGVpZ2h0PSIxIiB4bWxucz0iaHR0cDovL3d3dy53My5vcmcvMjAwMC9zdmciPjwvc3ZnPg==\" style=\"--smush-placeholder-width: 960px; --smush-placeholder-aspect-ratio: 960\/720;\" \/><figcaption class=\"wp-element-caption\">Foto: Razi Abasb\u0259ylinin \u015f\u0259xsi arxivind\u0259n<\/figcaption><\/figure>\n<\/div>\n\n\n<p><em>\u201cOnsuz da pensiyas\u0131n\u0131n yar\u0131dan \u00e7oxunu m\u00fcalic\u0259si \u00fc\u00e7\u00fcn kredit\u0259 \u00f6d\u0259y\u0259n valideynl\u0259rimiz bir d\u0259 gecikm\u0259y\u0259 g\u00f6r\u0259 faiz c\u0259rim\u0259si \u00f6d\u0259m\u0259sin. Bu m\u00f6vzunu diqq\u0259td\u0259 saxlayaq. B\u00fct\u00fcn \u00f6lk\u0259 boyu narahatl\u0131q var\u201d.<\/em><\/p>\n\n\n\n<p>Son bir ne\u00e7\u0259 ayda \u00f6lk\u0259 \u00fczr\u0259 pensiya, m\u00fcavin\u0259t, t\u0259qa\u00fcd v\u0259 dig\u0259r sosial \u00f6d\u0259ni\u015fl\u0259rin verilm\u0259si qrafiki d\u0259yi\u015fdirilib.<\/p>\n\n\n\n<p>G\u00fcnl\u0259r \u00fczr\u0259 verilm\u0259nin d\u0259yi\u015fdirilm\u0259si \u0259hali aras\u0131nda naraz\u0131l\u0131\u011fa, narahatl\u0131\u011fa s\u0259b\u0259b olub.<br>V\u0259t\u0259nda\u015flar bir ne\u00e7\u0259 g\u00fcnl\u00fck gecikm\u0259nin kredit borclar\u0131n\u0131n yaranmas\u0131na, h\u0259tta laz\u0131mi m\u00fcalic\u0259nin davam etdirilm\u0259sind\u0259 fasil\u0259l\u0259rin yaranmas\u0131na q\u0259d\u0259r m\u00fcxt\u0259luf probleml\u0259r\u0259 g\u0259tirib \u00e7\u0131xard\u0131\u011f\u0131n\u0131 deyirl\u0259r.<\/p>\n\n\n<div class=\"wp-block-image\">\n<figure class=\"aligncenter size-large\"><img decoding=\"async\" width=\"1187\" height=\"821\" data-src=\"https:\/\/www.meydan.tv\/wp-content\/uploads\/2024-10-18t124636z_1832680320_rc2wmaahvywr_rtrmadp_3_climate-cop29-venue_720-1187x821.jpg\" alt=\"\" class=\"wp-image-318475 lazyload\" src=\"data:image\/svg+xml;base64,PHN2ZyB3aWR0aD0iMSIgaGVpZ2h0PSIxIiB4bWxucz0iaHR0cDovL3d3dy53My5vcmcvMjAwMC9zdmciPjwvc3ZnPg==\" style=\"--smush-placeholder-width: 1187px; --smush-placeholder-aspect-ratio: 1187\/821;\" \/><figcaption class=\"wp-element-caption\">COP29. Foto: Reuters<\/figcaption><\/figure>\n<\/div>\n\n\n<p>Sosial \u015f\u0259b\u0259kl\u0259rd\u0259 d\u0259 naraz\u0131l\u0131qlar\u0131n\u0131 bildir\u0259n b\u0259zi v\u0259t\u0259nda\u015flar gecikm\u0259l\u0259ri Bak\u0131da ke\u00e7iril\u0259c\u0259k BMT-nin \u0130qlim D\u0259yi\u015fikliyi \u00fczr\u0259 \u00c7\u0259r\u00e7iv\u0259 Konvensiyas\u0131n\u0131n T\u0259r\u0259fl\u0259r Konfrans\u0131n\u0131n 29-cu (COP29) sessiyas\u0131 il\u0259 \u0259laq\u0259l\u0259ndiribl\u0259r.<\/p>\n\n\n\n<p>Deputat Fazil Mustafa sosial \u00f6d\u0259ni\u015fl\u0259rin (pensiya, t\u0259qa\u00fcd v\u0259 s.) gecikdirilm\u0259sinin COP29-la \u0259laq\u0259dar olmad\u0131\u011f\u0131n\u0131 bildirir.<\/p>\n\n\n\n<p><em>\u201cGecikdirilm\u0259nin s\u0259b\u0259bl\u0259rini bilmir\u0259m, amma h\u0259r halda \u018fm\u0259k v\u0259 \u018fhalinin Sosial M\u00fcdafi\u0259si Nazirliyi bu m\u0259s\u0259l\u0259y\u0259 ayd\u0131nl\u0131q g\u0259tirm\u0259lidir. Bunun COP29-la \u0259laq\u0259li oldu\u011funu d\u00fc\u015f\u00fcnm\u00fcr\u0259m\u201d, <\/em>&#8211; deputat Meydan TV-y\u0259 deyir.<\/p>\n\n\n\n<p>\u018fm\u0259k v\u0259 \u018fhalinin Sosial M\u00fcdafi\u0259si Nazirliyinin tabeliyind\u0259 D\u00f6vl\u0259t Sosial M\u00fcdafi\u0259 Fondunun \u0130ctimaiyy\u0259tl\u0259 \u0259laq\u0259l\u0259r departamentinin m\u00fcdiri R\u0259\u015fad Mehdili is\u0259 reqlamenti \u0259sas g\u0259tirir.<\/p>\n\n\n<div class=\"wp-block-image\">\n<figure class=\"alignright size-full is-resized\"><img decoding=\"async\" width=\"1000\" height=\"566\" data-src=\"https:\/\/www.meydan.tv\/wp-content\/uploads\/resad_mehdili.jpg\" alt=\"\" class=\"wp-image-293848 lazyload\" style=\"--smush-placeholder-width: 1000px; --smush-placeholder-aspect-ratio: 1000\/566;width:387px;height:auto\" src=\"data:image\/svg+xml;base64,PHN2ZyB3aWR0aD0iMSIgaGVpZ2h0PSIxIiB4bWxucz0iaHR0cDovL3d3dy53My5vcmcvMjAwMC9zdmciPjwvc3ZnPg==\" \/><figcaption class=\"wp-element-caption\">R\u0259\u015fad Mehdili. Foto: &#8220;vergiler.az<\/figcaption><\/figure>\n<\/div>\n\n\n<p><em>\u201cM\u00fc\u0259yy\u0259n edilmi\u015f qrafik\u0259 g\u00f6r\u0259 Bak\u0131 v\u0259 Sumqay\u0131t \u015f\u0259h\u0259rl\u0259ri, el\u0259c\u0259 d\u0259 Ab\u015feron rayonunda pensiyalar h\u0259r ay\u0131n 8-15-i aral\u0131\u011f\u0131nda, respublikan\u0131n dig\u0259r b\u00f6lg\u0259l\u0259rind\u0259, o c\u00fcml\u0259d\u0259n g\u00fcz\u0259\u015ftli \u015f\u0259rtl\u0259rl\u0259 pensiya \u00f6d\u0259ni\u015fl\u0259ri is\u0259 20-28-i aral\u0131\u011f\u0131nda \u00f6d\u0259nilir. T\u0259cr\u00fcb\u0259d\u0259 pensiya \u00f6d\u0259ni\u015fl\u0259rinin n\u00f6vb\u0259ti aya ke\u00e7m\u0259sin\u0259, y\u0259ni gecikm\u0259si hal\u0131na rast g\u0259linm\u0259yib\u201d, &#8211;<\/em> R\u0259\u015fad Mehdili bildirir.<\/p>\n\n\n\n<p>REAL Partiyas\u0131n\u0131n s\u0259dri, iqtisad\u00e7\u0131 Natiq C\u0259f\u0259rli gecikm\u0259l\u0259rin texniki m\u0259s\u0259l\u0259l\u0259rl\u0259 \u0259laq\u0259li oldu\u011fu ehtimal\u0131n\u0131 ir\u0259li s\u00fcr\u00fcr:<\/p>\n\n\n\n<p><em>\u201cBurada hans\u0131sa maliyy\u0259 \u00e7at\u0131\u015fmazl\u0131\u011f\u0131ndan s\u00f6hb\u0259t ged\u0259 bilm\u0259z. Bu, birba\u015fa \u018fm\u0259k v\u0259 \u018fhalinin Sosial M\u00fcdafi\u0259si Nazirliyinin \u00f6z g\u00fcnah\u0131d\u0131r. Bu ilin \u0259vv\u0259lind\u0259 t\u0259qa\u00fcdl\u0259rin 10 faiz art\u0131r\u0131lmas\u0131 il\u0259 ba\u011fl\u0131 q\u0259rar verildi. Maliyy\u0259 Nazirliyind\u0259 bu g\u00fcn\u0259 q\u0259d\u0259r ayr\u0131lm\u0131\u015f v\u0259saitin b\u00f6l\u00fc\u015fd\u00fcr\u00fclm\u0259si, vaxtl\u0131-vaxt\u0131nda \u00f6d\u0259nilm\u0259si il\u0259 ba\u011fl\u0131 \u0259m\u0259kda\u015fl\u0131q, m\u0259ktub yaz\u0131\u015fmalar\u0131 olmal\u0131 idi. M\u0259ntiql\u0259 d\u00fc\u015f\u00fcn\u0259nd\u0259, bel\u0259 \u00e7\u0131x\u0131r ki, ilin sonuna yax\u0131n art\u0131r\u0131lm\u0131\u015f hiss\u0259 n\u0259z\u0259r\u0259 al\u0131nmadan ayr\u0131lm\u0131\u015f v\u0259sait \u0259lav\u0259l\u0259ri k\u00f6\u00e7\u00fcr\u00fclm\u0259yib dey\u0259 v\u0259sait bitir\u201d.<\/em><\/p>\n\n\n<div class=\"wp-block-image\">\n<figure class=\"alignleft size-full is-resized\"><img decoding=\"async\" width=\"970\" height=\"375\" data-src=\"https:\/\/www.meydan.tv\/wp-content\/uploads\/47312-e1648798644914.jpg\" alt=\"Natiq C\u0259f\u0259rli\" class=\"wp-image-118612 lazyload\" style=\"--smush-placeholder-width: 970px; --smush-placeholder-aspect-ratio: 970\/375;width:393px;height:auto\" src=\"data:image\/svg+xml;base64,PHN2ZyB3aWR0aD0iMSIgaGVpZ2h0PSIxIiB4bWxucz0iaHR0cDovL3d3dy53My5vcmcvMjAwMC9zdmciPjwvc3ZnPg==\" \/><figcaption class=\"wp-element-caption\">Foto: Natiq C\u0259f\u0259rlinin arxivind\u0259n <\/figcaption><\/figure>\n<\/div>\n\n\n<p><em>\u201cBit\u0259n anda da yenid\u0259n m\u00fcraci\u0259t olunur. Maliyy\u0259 Nazirliyi yenid\u0259n h\u0259min v\u0259saitin ayr\u0131lmas\u0131 il\u0259 ba\u011fl\u0131 q\u0259rarlar verir v\u0259 bel\u0259c\u0259 texniki problem uzan\u0131r. Olan da v\u0259t\u0259nda\u015fa olur. Bu, d\u00f6vl\u0259t orqanlar\u0131n\u0131n vaxtl\u0131-vaxt\u0131nda \u00f6z kommunikasiyas\u0131n\u0131 normal v\u0259 y\u00fcks\u0259k s\u0259viyy\u0259d\u0259 qura bilm\u0259m\u0259sind\u0259n yaranan bir problemdir. N\u0259tic\u0259d\u0259 sosial yard\u0131m alanlar, pensiya\u00e7\u0131lar v\u0259 t\u0259qa\u00fcd\u00e7\u00fcl\u0259r bundan ciddi \u015f\u0259kild\u0259 \u0259ziyy\u0259t \u00e7\u0259kirl\u0259r\u201d, &#8211; Natiq C\u0259f\u0259rli deyir.<\/em><\/p>\n\n\n\n<p>\u0130qtisad\u00e7\u0131 R\u0259\u015fad H\u0259s\u0259nov DSMF-nin g\u00fcnl\u0259rl\u0259 ba\u011fl\u0131 a\u00e7\u0131qlamas\u0131n\u0131 tutarl\u0131 hesab etm\u0259diyini deyir. Hesab edir ki, gecikm\u0259l\u0259rin s\u0259b\u0259bi texniki m\u0259qamlarla \u0259laq\u0259dard\u0131r:<\/p>\n\n\n\n<p><em>\u201cDSMF-nin 6 ayl\u0131q icras\u0131n\u0131n n\u0259tic\u0259l\u0259rind\u0259 g\u00f6r\u00fcn\u00fcr ki, g\u0259lirl\u0259r proqnozla m\u00fcqayis\u0259d\u0259 daha art\u0131q yerin\u0259 yetirilib. H\u0259m\u00e7inin d\u00f6vl\u0259t b\u00fcdc\u0259sinin \u00f6z\u00fcn\u00fcn x\u0259rcl\u0259rinin icras\u0131nda (Fondun g\u0259lirl\u0259rinin bir hiss\u0259si d\u0259 d\u00f6vl\u0259t b\u00fcdc\u0259sinin transferl\u0259ri hesab\u0131na formala\u015f\u0131r-red.) da he\u00e7 bir problem yoxdur. H\u0259tta proqnozla m\u00fcqayis\u0259d\u0259 d\u00f6vr \u00fczr\u0259 x\u0259rcl\u0259r 0,3 faiz art\u0131q icra olunub. D\u00fc\u015f\u00fcn\u00fcr\u0259m ki, gecikm\u0259l\u0259r x\u0259zin\u0259darl\u0131qla \u0259laq\u0259dard\u0131r. H\u0259r hans\u0131 bir texniki m\u0259qam var. B\u00f6y\u00fck ehtimalla DSMF hans\u0131sa texniki m\u0259s\u0259l\u0259l\u0259rl\u0259 \u0259laq\u0259dar \u00f6d\u0259ni\u015f tap\u015f\u0131r\u0131qlar\u0131n\u0131 zaman\u0131nda t\u0259qdim etmir\u201d.<\/em><\/p>\n\n\n<div class=\"wp-block-image\">\n<figure class=\"alignright size-full is-resized\"><img decoding=\"async\" width=\"637\" height=\"400\" data-src=\"https:\/\/www.meydan.tv\/wp-content\/uploads\/28772.jpg\" alt=\"R\u0259\u015fad H\u0259s\u0259nov foto sosial \u015f\u0259b\u0259k\u0259\" class=\"wp-image-74454 lazyload\" style=\"--smush-placeholder-width: 637px; --smush-placeholder-aspect-ratio: 637\/400;width:437px;height:auto\" src=\"data:image\/svg+xml;base64,PHN2ZyB3aWR0aD0iMSIgaGVpZ2h0PSIxIiB4bWxucz0iaHR0cDovL3d3dy53My5vcmcvMjAwMC9zdmciPjwvc3ZnPg==\" \/><figcaption class=\"wp-element-caption\">R\u0259\u015fad H\u0259s\u0259nov. Foto: \u015f\u0259xsi arxivind\u0259n<\/figcaption><\/figure>\n<\/div>\n\n\n<p>\u0130qtisad\u00e7\u0131 deyir ki, Fond gecikm\u0259l\u0259rl\u0259 \u0259laq\u0259dar m\u00fctl\u0259q \u0259haliy\u0259 \u0259vv\u0259lc\u0259d\u0259n x\u0259b\u0259rdarl\u0131q etm\u0259lidir.<\/p>\n\n\n\n<p><em>\u201c\u018fvv\u0259lc\u0259d\u0259n a\u00e7\u0131qlasalar ki, bu ay filan s\u0259b\u0259bl\u0259rd\u0259n bir ne\u00e7\u0259 g\u00fcn say\u0131 q\u0259d\u0259r gecikm\u0259 olacaq, insanlar aras\u0131nda da narahatl\u0131q, ajiotaj yaranmaz. \u0130st\u0259nil\u0259n halda gecikm\u0259 \u00e7ox ciddi problem yarad\u0131r. \u00c7\u00fcnki pensiya\u00e7\u0131lar, sosial m\u00fcavin\u0259t, t\u0259qa\u00fcd alanlar, dem\u0259k olar ki, yoxsul sosial qruplard\u0131r. Bu insanlar \u00fc\u00e7\u00fcn n\u0259inki h\u0259r g\u00fcn\u00fcn, h\u0259tta h\u0259r saat\u0131n bel\u0259 \u0259h\u0259miyy\u0259ti var. Eyni zamanda bu insanlar uzun m\u00fcdd\u0259tli b\u00fct\u00fcn maliyy\u0259 planlamalar\u0131n\u0131, b\u00fcdc\u0259 x\u0259rcl\u0259rini qrafikini alacaqlar\u0131 g\u00fcn\u0259 uy\u011funla\u015fd\u0131r\u0131blar\u201d, <\/em>&#8211; R\u0259\u015fad H\u0259s\u0259nov bildirib.<\/p>\n","protected":false},"excerpt":{"rendered":"<p>M\u00fct\u0259x\u0259ssisl\u0259r problemi nazirlikd\u0259 g\u00f6r\u00fcr \u201cAnam m\u00fcalic\u0259si \u00fc\u00e7\u00fcn bankdan kredit g\u00f6t\u00fcrm\u00fc\u015fd\u00fc. &#8230; <\/p>\n<p class=\"read-more-container\"><a title=\"Pensiyalar\u0131n gecikm\u0259 s\u0259b\u0259bi: Pul \u00e7at\u0131\u015fmazl\u0131\u011f\u0131, yoxsa texniki problem?\" class=\"read-more button\" href=\"https:\/\/www.meydan.tv\/az\/article\/pensiyalarin-gecikme-sebebi-pul-catismazligi-yoxsa-texniki-problem\/#more-318600\" aria-label=\"Read more about Pensiyalar\u0131n gecikm\u0259 s\u0259b\u0259bi: Pul \u00e7at\u0131\u015fmazl\u0131\u011f\u0131, yoxsa texniki problem?\">Davam\u0131<\/a><\/p>\n","protected":false},"author":8,"featured_media":225868,"comment_status":"closed","ping_status":"closed","sticky":false,"template":"","format":"standard","meta":{"_acf_changed":false,"_sitemap_exclude":false,"_sitemap_priority":"","_sitemap_frequency":"","footnotes":""},"categories":[62,56],"tags":[],"class_list":["post-318600","post","type-post","status-publish","format-standard","has-post-thumbnail","hentry","category-sosial","category-xeberler","infinite-scroll-item","generate-columns","tablet-grid-50","mobile-grid-100","grid-parent","grid-33","no-featured-image-padding"],"acf":[],"yoast_head":"<!-- This site is optimized with the Yoast SEO plugin v27.4 - https:\/\/yoast.com\/product\/yoast-seo-wordpress\/ -->\n<title>Pensiyalar\u0131n gecikm\u0259 s\u0259b\u0259bi: Pul \u00e7at\u0131\u015fmazl\u0131\u011f\u0131, yoxsa texniki problem? - MEYDAN.TV<\/title>\n<meta name=\"description\" content=\"T\u0259cr\u00fcb\u0259d\u0259 pensiya \u00f6d\u0259ni\u015fl\u0259rinin n\u00f6vb\u0259ti aya ke\u00e7m\u0259sin\u0259, y\u0259ni gecikm\u0259si hal\u0131na rast g\u0259linm\u0259yib\" \/>\n<meta name=\"robots\" content=\"index, follow, max-snippet:-1, max-image-preview:large, max-video-preview:-1\" \/>\n<link rel=\"canonical\" href=\"https:\/\/www.meydan.tv\/az\/article\/pensiyalarin-gecikme-sebebi-pul-catismazligi-yoxsa-texniki-problem\/\" \/>\n<meta property=\"og:locale\" content=\"az_AZ\" \/>\n<meta property=\"og:type\" content=\"article\" \/>\n<meta property=\"og:title\" content=\"Pensiyalar\u0131n gecikm\u0259 s\u0259b\u0259bi: Pul \u00e7at\u0131\u015fmazl\u0131\u011f\u0131, yoxsa texniki problem? - MEYDAN.TV\" \/>\n<meta property=\"og:description\" content=\"T\u0259cr\u00fcb\u0259d\u0259 pensiya \u00f6d\u0259ni\u015fl\u0259rinin n\u00f6vb\u0259ti aya ke\u00e7m\u0259sin\u0259, y\u0259ni gecikm\u0259si hal\u0131na rast g\u0259linm\u0259yib\" \/>\n<meta property=\"og:url\" content=\"https:\/\/www.meydan.tv\/az\/article\/pensiyalarin-gecikme-sebebi-pul-catismazligi-yoxsa-texniki-problem\/\" \/>\n<meta property=\"og:site_name\" content=\"MEYDAN.TV\" \/>\n<meta property=\"article:published_time\" content=\"2024-10-24T13:19:28+00:00\" \/>\n<meta property=\"article:modified_time\" content=\"2024-10-24T13:19:31+00:00\" \/>\n<meta property=\"og:image\" content=\"https:\/\/www.meydan.tv\/wp-content\/uploads\/untitled-design-1-1.png\" \/>\n\t<meta property=\"og:image:width\" content=\"1200\" \/>\n\t<meta property=\"og:image:height\" content=\"800\" \/>\n\t<meta property=\"og:image:type\" content=\"image\/png\" \/>\n<meta name=\"author\" content=\"elli\" \/>\n<meta name=\"twitter:card\" content=\"summary_large_image\" \/>\n<meta name=\"twitter:creator\" content=\"@elli\" \/>\n<script type=\"application\/ld+json\" class=\"yoast-schema-graph\">{\"@context\":\"https:\\\/\\\/schema.org\",\"@graph\":[{\"@type\":\"Article\",\"@id\":\"https:\\\/\\\/www.meydan.tv\\\/az\\\/article\\\/pensiyalarin-gecikme-sebebi-pul-catismazligi-yoxsa-texniki-problem\\\/#article\",\"isPartOf\":{\"@id\":\"https:\\\/\\\/www.meydan.tv\\\/az\\\/article\\\/pensiyalarin-gecikme-sebebi-pul-catismazligi-yoxsa-texniki-problem\\\/\"},\"author\":{\"name\":\"elli\",\"@id\":\"https:\\\/\\\/www.meydan.tv\\\/az\\\/#\\\/schema\\\/person\\\/9cdbecf90d17180ce1dfbd95b08dcf47\"},\"headline\":\"Pensiyalar\u0131n gecikm\u0259 s\u0259b\u0259bi: Pul \u00e7at\u0131\u015fmazl\u0131\u011f\u0131, yoxsa texniki problem?\",\"datePublished\":\"2024-10-24T13:19:28+00:00\",\"dateModified\":\"2024-10-24T13:19:31+00:00\",\"mainEntityOfPage\":{\"@id\":\"https:\\\/\\\/www.meydan.tv\\\/az\\\/article\\\/pensiyalarin-gecikme-sebebi-pul-catismazligi-yoxsa-texniki-problem\\\/\"},\"wordCount\":1119,\"publisher\":{\"@id\":\"https:\\\/\\\/www.meydan.tv\\\/az\\\/#organization\"},\"image\":{\"@id\":\"https:\\\/\\\/www.meydan.tv\\\/az\\\/article\\\/pensiyalarin-gecikme-sebebi-pul-catismazligi-yoxsa-texniki-problem\\\/#primaryimage\"},\"thumbnailUrl\":\"https:\\\/\\\/www.meydan.tv\\\/wp-content\\\/uploads\\\/untitled-design-1-1.png\",\"articleSection\":[\"Sosial\",\"X\u0259b\u0259rl\u0259r\"],\"inLanguage\":\"az\"},{\"@type\":\"WebPage\",\"@id\":\"https:\\\/\\\/www.meydan.tv\\\/az\\\/article\\\/pensiyalarin-gecikme-sebebi-pul-catismazligi-yoxsa-texniki-problem\\\/\",\"url\":\"https:\\\/\\\/www.meydan.tv\\\/az\\\/article\\\/pensiyalarin-gecikme-sebebi-pul-catismazligi-yoxsa-texniki-problem\\\/\",\"name\":\"Pensiyalar\u0131n gecikm\u0259 s\u0259b\u0259bi: Pul \u00e7at\u0131\u015fmazl\u0131\u011f\u0131, yoxsa texniki problem? - MEYDAN.TV\",\"isPartOf\":{\"@id\":\"https:\\\/\\\/www.meydan.tv\\\/az\\\/#website\"},\"primaryImageOfPage\":{\"@id\":\"https:\\\/\\\/www.meydan.tv\\\/az\\\/article\\\/pensiyalarin-gecikme-sebebi-pul-catismazligi-yoxsa-texniki-problem\\\/#primaryimage\"},\"image\":{\"@id\":\"https:\\\/\\\/www.meydan.tv\\\/az\\\/article\\\/pensiyalarin-gecikme-sebebi-pul-catismazligi-yoxsa-texniki-problem\\\/#primaryimage\"},\"thumbnailUrl\":\"https:\\\/\\\/www.meydan.tv\\\/wp-content\\\/uploads\\\/untitled-design-1-1.png\",\"datePublished\":\"2024-10-24T13:19:28+00:00\",\"dateModified\":\"2024-10-24T13:19:31+00:00\",\"description\":\"T\u0259cr\u00fcb\u0259d\u0259 pensiya \u00f6d\u0259ni\u015fl\u0259rinin n\u00f6vb\u0259ti aya ke\u00e7m\u0259sin\u0259, y\u0259ni gecikm\u0259si hal\u0131na rast g\u0259linm\u0259yib\",\"breadcrumb\":{\"@id\":\"https:\\\/\\\/www.meydan.tv\\\/az\\\/article\\\/pensiyalarin-gecikme-sebebi-pul-catismazligi-yoxsa-texniki-problem\\\/#breadcrumb\"},\"inLanguage\":\"az\",\"potentialAction\":[{\"@type\":\"ReadAction\",\"target\":[\"https:\\\/\\\/www.meydan.tv\\\/az\\\/article\\\/pensiyalarin-gecikme-sebebi-pul-catismazligi-yoxsa-texniki-problem\\\/\"]}]},{\"@type\":\"ImageObject\",\"inLanguage\":\"az\",\"@id\":\"https:\\\/\\\/www.meydan.tv\\\/az\\\/article\\\/pensiyalarin-gecikme-sebebi-pul-catismazligi-yoxsa-texniki-problem\\\/#primaryimage\",\"url\":\"https:\\\/\\\/www.meydan.tv\\\/wp-content\\\/uploads\\\/untitled-design-1-1.png\",\"contentUrl\":\"https:\\\/\\\/www.meydan.tv\\\/wp-content\\\/uploads\\\/untitled-design-1-1.png\",\"width\":1200,\"height\":800,\"caption\":\"Foto: By Matej Kastelic\\\/Shutterstock\"},{\"@type\":\"BreadcrumbList\",\"@id\":\"https:\\\/\\\/www.meydan.tv\\\/az\\\/article\\\/pensiyalarin-gecikme-sebebi-pul-catismazligi-yoxsa-texniki-problem\\\/#breadcrumb\",\"itemListElement\":[{\"@type\":\"ListItem\",\"position\":1,\"name\":\"Ana s\u0259hif\u0259\",\"item\":\"https:\\\/\\\/www.meydan.tv\\\/az\\\/\"},{\"@type\":\"ListItem\",\"position\":2,\"name\":\"Sosial\",\"item\":\"https:\\\/\\\/www.meydan.tv\\\/az\\\/section\\\/sosial\\\/\"},{\"@type\":\"ListItem\",\"position\":3,\"name\":\"Pensiyalar\u0131n gecikm\u0259 s\u0259b\u0259bi: Pul \u00e7at\u0131\u015fmazl\u0131\u011f\u0131, yoxsa texniki problem?\"}]},{\"@type\":\"WebSite\",\"@id\":\"https:\\\/\\\/www.meydan.tv\\\/az\\\/#website\",\"url\":\"https:\\\/\\\/www.meydan.tv\\\/az\\\/\",\"name\":\"MEYDAN.TV\",\"description\":\"Meydan TV Az\u0259rbaycan\u0131n media m\u0259kan\u0131ndak\u0131 alternativ s\u0259sidir\",\"publisher\":{\"@id\":\"https:\\\/\\\/www.meydan.tv\\\/az\\\/#organization\"},\"potentialAction\":[{\"@type\":\"SearchAction\",\"target\":{\"@type\":\"EntryPoint\",\"urlTemplate\":\"https:\\\/\\\/www.meydan.tv\\\/az\\\/?s={search_term_string}\"},\"query-input\":{\"@type\":\"PropertyValueSpecification\",\"valueRequired\":true,\"valueName\":\"search_term_string\"}}],\"inLanguage\":\"az\"},{\"@type\":\"Organization\",\"@id\":\"https:\\\/\\\/www.meydan.tv\\\/az\\\/#organization\",\"name\":\"Meydan TV\",\"url\":\"https:\\\/\\\/www.meydan.tv\\\/az\\\/\",\"logo\":{\"@type\":\"ImageObject\",\"inLanguage\":\"az\",\"@id\":\"https:\\\/\\\/www.meydan.tv\\\/az\\\/#\\\/schema\\\/logo\\\/image\\\/\",\"url\":\"https:\\\/\\\/www.meydan.tv\\\/wp-content\\\/uploads\\\/2021\\\/07\\\/meydan-logo.svg\",\"contentUrl\":\"https:\\\/\\\/www.meydan.tv\\\/wp-content\\\/uploads\\\/2021\\\/07\\\/meydan-logo.svg\",\"width\":195,\"height\":46,\"caption\":\"Meydan TV\"},\"image\":{\"@id\":\"https:\\\/\\\/www.meydan.tv\\\/az\\\/#\\\/schema\\\/logo\\\/image\\\/\"}},{\"@type\":\"Person\",\"@id\":\"https:\\\/\\\/www.meydan.tv\\\/az\\\/#\\\/schema\\\/person\\\/9cdbecf90d17180ce1dfbd95b08dcf47\",\"name\":\"elli\",\"sameAs\":[\"https:\\\/\\\/x.com\\\/elli\"]}]}<\/script>\n<!-- \/ Yoast SEO plugin. -->","yoast_head_json":{"title":"Pensiyalar\u0131n gecikm\u0259 s\u0259b\u0259bi: Pul \u00e7at\u0131\u015fmazl\u0131\u011f\u0131, yoxsa texniki problem? - MEYDAN.TV","description":"T\u0259cr\u00fcb\u0259d\u0259 pensiya \u00f6d\u0259ni\u015fl\u0259rinin n\u00f6vb\u0259ti aya ke\u00e7m\u0259sin\u0259, y\u0259ni gecikm\u0259si hal\u0131na rast g\u0259linm\u0259yib","robots":{"index":"index","follow":"follow","max-snippet":"max-snippet:-1","max-image-preview":"max-image-preview:large","max-video-preview":"max-video-preview:-1"},"canonical":"https:\/\/www.meydan.tv\/az\/article\/pensiyalarin-gecikme-sebebi-pul-catismazligi-yoxsa-texniki-problem\/","og_locale":"az_AZ","og_type":"article","og_title":"Pensiyalar\u0131n gecikm\u0259 s\u0259b\u0259bi: Pul \u00e7at\u0131\u015fmazl\u0131\u011f\u0131, yoxsa texniki problem? - MEYDAN.TV","og_description":"T\u0259cr\u00fcb\u0259d\u0259 pensiya \u00f6d\u0259ni\u015fl\u0259rinin n\u00f6vb\u0259ti aya ke\u00e7m\u0259sin\u0259, y\u0259ni gecikm\u0259si hal\u0131na rast g\u0259linm\u0259yib","og_url":"https:\/\/www.meydan.tv\/az\/article\/pensiyalarin-gecikme-sebebi-pul-catismazligi-yoxsa-texniki-problem\/","og_site_name":"MEYDAN.TV","article_published_time":"2024-10-24T13:19:28+00:00","article_modified_time":"2024-10-24T13:19:31+00:00","og_image":[{"width":1200,"height":800,"url":"https:\/\/www.meydan.tv\/wp-content\/uploads\/untitled-design-1-1.png","type":"image\/png"}],"author":"elli","twitter_card":"summary_large_image","twitter_creator":"@elli","schema":{"@context":"https:\/\/schema.org","@graph":[{"@type":"Article","@id":"https:\/\/www.meydan.tv\/az\/article\/pensiyalarin-gecikme-sebebi-pul-catismazligi-yoxsa-texniki-problem\/#article","isPartOf":{"@id":"https:\/\/www.meydan.tv\/az\/article\/pensiyalarin-gecikme-sebebi-pul-catismazligi-yoxsa-texniki-problem\/"},"author":{"name":"elli","@id":"https:\/\/www.meydan.tv\/az\/#\/schema\/person\/9cdbecf90d17180ce1dfbd95b08dcf47"},"headline":"Pensiyalar\u0131n gecikm\u0259 s\u0259b\u0259bi: Pul \u00e7at\u0131\u015fmazl\u0131\u011f\u0131, yoxsa texniki problem?","datePublished":"2024-10-24T13:19:28+00:00","dateModified":"2024-10-24T13:19:31+00:00","mainEntityOfPage":{"@id":"https:\/\/www.meydan.tv\/az\/article\/pensiyalarin-gecikme-sebebi-pul-catismazligi-yoxsa-texniki-problem\/"},"wordCount":1119,"publisher":{"@id":"https:\/\/www.meydan.tv\/az\/#organization"},"image":{"@id":"https:\/\/www.meydan.tv\/az\/article\/pensiyalarin-gecikme-sebebi-pul-catismazligi-yoxsa-texniki-problem\/#primaryimage"},"thumbnailUrl":"https:\/\/www.meydan.tv\/wp-content\/uploads\/untitled-design-1-1.png","articleSection":["Sosial","X\u0259b\u0259rl\u0259r"],"inLanguage":"az"},{"@type":"WebPage","@id":"https:\/\/www.meydan.tv\/az\/article\/pensiyalarin-gecikme-sebebi-pul-catismazligi-yoxsa-texniki-problem\/","url":"https:\/\/www.meydan.tv\/az\/article\/pensiyalarin-gecikme-sebebi-pul-catismazligi-yoxsa-texniki-problem\/","name":"Pensiyalar\u0131n gecikm\u0259 s\u0259b\u0259bi: Pul \u00e7at\u0131\u015fmazl\u0131\u011f\u0131, yoxsa texniki problem? - MEYDAN.TV","isPartOf":{"@id":"https:\/\/www.meydan.tv\/az\/#website"},"primaryImageOfPage":{"@id":"https:\/\/www.meydan.tv\/az\/article\/pensiyalarin-gecikme-sebebi-pul-catismazligi-yoxsa-texniki-problem\/#primaryimage"},"image":{"@id":"https:\/\/www.meydan.tv\/az\/article\/pensiyalarin-gecikme-sebebi-pul-catismazligi-yoxsa-texniki-problem\/#primaryimage"},"thumbnailUrl":"https:\/\/www.meydan.tv\/wp-content\/uploads\/untitled-design-1-1.png","datePublished":"2024-10-24T13:19:28+00:00","dateModified":"2024-10-24T13:19:31+00:00","description":"T\u0259cr\u00fcb\u0259d\u0259 pensiya \u00f6d\u0259ni\u015fl\u0259rinin n\u00f6vb\u0259ti aya ke\u00e7m\u0259sin\u0259, y\u0259ni gecikm\u0259si hal\u0131na rast g\u0259linm\u0259yib","breadcrumb":{"@id":"https:\/\/www.meydan.tv\/az\/article\/pensiyalarin-gecikme-sebebi-pul-catismazligi-yoxsa-texniki-problem\/#breadcrumb"},"inLanguage":"az","potentialAction":[{"@type":"ReadAction","target":["https:\/\/www.meydan.tv\/az\/article\/pensiyalarin-gecikme-sebebi-pul-catismazligi-yoxsa-texniki-problem\/"]}]},{"@type":"ImageObject","inLanguage":"az","@id":"https:\/\/www.meydan.tv\/az\/article\/pensiyalarin-gecikme-sebebi-pul-catismazligi-yoxsa-texniki-problem\/#primaryimage","url":"https:\/\/www.meydan.tv\/wp-content\/uploads\/untitled-design-1-1.png","contentUrl":"https:\/\/www.meydan.tv\/wp-content\/uploads\/untitled-design-1-1.png","width":1200,"height":800,"caption":"Foto: By Matej Kastelic\/Shutterstock"},{"@type":"BreadcrumbList","@id":"https:\/\/www.meydan.tv\/az\/article\/pensiyalarin-gecikme-sebebi-pul-catismazligi-yoxsa-texniki-problem\/#breadcrumb","itemListElement":[{"@type":"ListItem","position":1,"name":"Ana s\u0259hif\u0259","item":"https:\/\/www.meydan.tv\/az\/"},{"@type":"ListItem","position":2,"name":"Sosial","item":"https:\/\/www.meydan.tv\/az\/section\/sosial\/"},{"@type":"ListItem","position":3,"name":"Pensiyalar\u0131n gecikm\u0259 s\u0259b\u0259bi: Pul \u00e7at\u0131\u015fmazl\u0131\u011f\u0131, yoxsa texniki problem?"}]},{"@type":"WebSite","@id":"https:\/\/www.meydan.tv\/az\/#website","url":"https:\/\/www.meydan.tv\/az\/","name":"MEYDAN.TV","description":"Meydan TV Az\u0259rbaycan\u0131n media m\u0259kan\u0131ndak\u0131 alternativ s\u0259sidir","publisher":{"@id":"https:\/\/www.meydan.tv\/az\/#organization"},"potentialAction":[{"@type":"SearchAction","target":{"@type":"EntryPoint","urlTemplate":"https:\/\/www.meydan.tv\/az\/?s={search_term_string}"},"query-input":{"@type":"PropertyValueSpecification","valueRequired":true,"valueName":"search_term_string"}}],"inLanguage":"az"},{"@type":"Organization","@id":"https:\/\/www.meydan.tv\/az\/#organization","name":"Meydan TV","url":"https:\/\/www.meydan.tv\/az\/","logo":{"@type":"ImageObject","inLanguage":"az","@id":"https:\/\/www.meydan.tv\/az\/#\/schema\/logo\/image\/","url":"https:\/\/www.meydan.tv\/wp-content\/uploads\/2021\/07\/meydan-logo.svg","contentUrl":"https:\/\/www.meydan.tv\/wp-content\/uploads\/2021\/07\/meydan-logo.svg","width":195,"height":46,"caption":"Meydan TV"},"image":{"@id":"https:\/\/www.meydan.tv\/az\/#\/schema\/logo\/image\/"}},{"@type":"Person","@id":"https:\/\/www.meydan.tv\/az\/#\/schema\/person\/9cdbecf90d17180ce1dfbd95b08dcf47","name":"elli","sameAs":["https:\/\/x.com\/elli"]}]}},"_links":{"self":[{"href":"https:\/\/www.meydan.tv\/az\/wp-json\/wp\/v2\/posts\/318600","targetHints":{"allow":["GET"]}}],"collection":[{"href":"https:\/\/www.meydan.tv\/az\/wp-json\/wp\/v2\/posts"}],"about":[{"href":"https:\/\/www.meydan.tv\/az\/wp-json\/wp\/v2\/types\/post"}],"author":[{"embeddable":true,"href":"https:\/\/www.meydan.tv\/az\/wp-json\/wp\/v2\/users\/8"}],"replies":[{"embeddable":true,"href":"https:\/\/www.meydan.tv\/az\/wp-json\/wp\/v2\/comments?post=318600"}],"version-history":[{"count":3,"href":"https:\/\/www.meydan.tv\/az\/wp-json\/wp\/v2\/posts\/318600\/revisions"}],"predecessor-version":[{"id":318616,"href":"https:\/\/www.meydan.tv\/az\/wp-json\/wp\/v2\/posts\/318600\/revisions\/318616"}],"wp:featuredmedia":[{"embeddable":true,"href":"https:\/\/www.meydan.tv\/az\/wp-json\/wp\/v2\/media\/225868"}],"wp:attachment":[{"href":"https:\/\/www.meydan.tv\/az\/wp-json\/wp\/v2\/media?parent=318600"}],"wp:term":[{"taxonomy":"category","embeddable":true,"href":"https:\/\/www.meydan.tv\/az\/wp-json\/wp\/v2\/categories?post=318600"},{"taxonomy":"post_tag","embeddable":true,"href":"https:\/\/www.meydan.tv\/az\/wp-json\/wp\/v2\/tags?post=318600"}],"curies":[{"name":"wp","href":"https:\/\/api.w.org\/{rel}","templated":true}]}}