{"id":318439,"date":"2024-10-23T21:07:15","date_gmt":"2024-10-23T17:07:15","guid":{"rendered":"https:\/\/www.meydan.tv\/?p=318439"},"modified":"2024-10-24T17:39:08","modified_gmt":"2024-10-24T13:39:08","slug":"hebsde-olan-jurnalist-isine-baxan-hakimlere-etiraz-edir-mene-qarsi-qerezlidiler","status":"publish","type":"post","link":"https:\/\/www.meydan.tv\/az\/article\/hebsde-olan-jurnalist-isine-baxan-hakimlere-etiraz-edir-mene-qarsi-qerezlidiler\/","title":{"rendered":"H\u0259bsd\u0259 olan jurnalist i\u015fin\u0259 baxan hakiml\u0259r\u0259 etiraz edir: \u201cM\u0259n\u0259 qar\u015f\u0131 q\u0259r\u0259zlidil\u0259r\u201d"},"content":{"rendered":"\n<p><em>V\u0259kil d\u0259 hakiml\u0259rin q\u0259r\u0259zli oldu\u011funu deyir<\/em><\/p>\n\n\n\n<p>\u201cKanal 11\u201d internet televiziyas\u0131n\u0131n r\u0259hb\u0259ri, h\u0259bsd\u0259 olan jurnalist Teymur K\u0259rimov Bak\u0131 A\u011f\u0131r Cinay\u0259tl\u0259r M\u0259hk\u0259m\u0259sind\u0259 onun i\u015fin\u0259 baxan hakiml\u0259rd\u0259n naraz\u0131d\u0131r.<\/p>\n\n\n\n<p>O, oktyabr\u0131n 23-d\u0259 m\u0259hk\u0259m\u0259d\u0259 Azad M\u0259cidovun s\u0259drliyil\u0259, S\u0259bin\u0259 M\u0259mm\u0259dzad\u0259 v\u0259 \u018fli M\u0259mm\u0259dovdan ibar\u0259t hakiml\u0259r kollegiyas\u0131na yaz\u0131l\u0131 \u015f\u0259kild\u0259 etiraz verib.<\/p>\n\n\n\n<p>Teymur K\u0259rimov bildirib ki, bu hakiml\u0259r ona qar\u015f\u0131 q\u0259r\u0259zlidir, aylard\u0131r davam ed\u0259n m\u0259hk\u0259m\u0259 prosesi boyunca q\u0259tiyy\u0259n obyektiv davranm\u0131rlar:<\/p>\n\n\n\n<p><em>\u201cHe\u00e7 bir v\u0259sat\u0259timiz t\u0259min olunmur, obyektiv ara\u015fd\u0131rma apar\u0131lm\u0131r. A\u00e7\u0131q-a\u015fkar g\u00f6r\u00fcn\u00fcr ki, \u0259dal\u0259tli h\u00f6km \u00e7\u0131xarmaq niyy\u0259ti yoxdur\u201d.<\/em><\/p>\n\n\n\n<p>Jurnalistin v\u0259kili Nem\u0259t K\u0259rimli d\u0259 hakiml\u0259r kollegiyas\u0131na yaz\u0131l\u0131 \u015f\u0259kild\u0259 etiraz t\u0259qdim edib.<\/p>\n\n\n\n<p>V\u0259kil vur\u011fulay\u0131b ki, m\u0259hk\u0259m\u0259 prosesin\u0259 s\u0259drlik ed\u0259n hakim Azad M\u0259cidov \u00f6t\u0259n m\u0259hk\u0259m\u0259 iclas\u0131nda z\u0259r\u0259r\u00e7\u0259kmi\u015f dindiril\u0259nd\u0259 a\u00e7\u0131q-a\u015fkar ona istiqam\u0259t verirdi.<\/p>\n\n\n\n<p>V\u0259kil xat\u0131rlad\u0131b ki, m\u0259hk\u0259m\u0259 zal\u0131nda videokameralar \u00e7\u0259kili\u015f apar\u0131r, g\u00f6r\u00fcnt\u00fcl\u0259r\u0259 bax\u0131larsa, dedikl\u0259ri s\u00fcbut olunar:<\/p>\n\n\n\n<p><em>\u201cZ\u0259r\u0259r\u00e7\u0259kmi\u015fin psixiatrik ekspertizadan ke\u00e7irilm\u0259si \u00fc\u00e7\u00fcn v\u0259sat\u0259t verm\u0259k ist\u0259yirdik. Vaxt ist\u0259dik ki, v\u0259sat\u0259timizi haz\u0131rlayaq. S\u0259drlik ed\u0259n buna da imkan verm\u0259di. A\u00e7\u0131q-a\u015fkar biz\u0259 qar\u015f\u0131 q\u0259r\u0259zli davran\u0131\u015f m\u00fc\u015fahid\u0259 olunur\u201d.<\/em><\/p>\n\n\n\n<p>Lakin jurnalist v\u0259 m\u00fcdafi\u0259\u00e7isinin etiraz\u0131 t\u0259min olunmay\u0131b.<\/p>\n\n\n\n<p>Teymur K\u0259rimovun m\u0259hk\u0259m\u0259si noyabr\u0131n 4-n\u0259 q\u0259d\u0259r t\u0259xir\u0259 sal\u0131n\u0131b.<\/p>\n\n\n\n<p>Teymur K\u0259rimov 2023-c\u00fc ilin dekabr\u0131ndan h\u0259bsd\u0259dir.<\/p>\n\n\n\n<p>Ona qar\u015f\u0131 \u0259vv\u0259l Cinay\u0259t M\u0259c\u0259ll\u0259sinin 182.2.4-c\u00fc (h\u0259d\u0259-qorxu il\u0259 t\u0259l\u0259b etm\u0259, xeyli miqdarda \u0259mlak \u0259ld\u0259 etm\u0259k m\u0259qs\u0259dil\u0259 t\u00f6r\u0259dildikd\u0259) madd\u0259sil\u0259 ittiham ir\u0259li s\u00fcr\u00fcl\u00fcb.<\/p>\n\n\n\n<p>\u0130stintaq\u0131n sonunda Cinay\u0259t M\u0259c\u0259ll\u0259sinin 182.2.1 (h\u0259d\u0259-qorxu il\u0259 t\u0259l\u0259b etm\u0259, qabaqcadan \u0259lbir olan bir qrup \u015f\u0259xs t\u0259r\u0259find\u0259n t\u00f6r\u0259dildikd\u0259) madd\u0259sil\u0259 \u0259lav\u0259 ittiham verilib.<\/p>\n\n\n\n<p>O, \u0130st\u0259k Totiyeva il\u0259 \u0259lbirlikd\u0259 t\u0259qsirl\u0259ndirilir.<\/p>\n\n\n\n<p>\u0130st\u0259k Totiyeva h\u0259bsd\u0259 deyil, onun haqq\u0131nda polis n\u0259zar\u0259tin\u0259 verm\u0259 q\u0259timkan t\u0259dbiri se\u00e7ilib.<\/p>\n\n\n\n<p>Jurnalistin i\u015fi \u00fczr\u0259 Leyla Almaszad\u0259 v\u0259 F\u0259rrux \u018fl\u0259kb\u0259rov z\u0259r\u0259r\u00e7\u0259kmi\u015f qismind\u0259 tan\u0131n\u0131b.<\/p>\n\n\n\n<p>\u0130ttihama \u0259sas\u0259n, Teymur K\u0259rimov v\u0259 \u0130st\u0259k Totiyeva video-material\u0131n internet kanal\u0131ndan silinm\u0259si \u00fc\u00e7\u00fcn 10 min manat pul ist\u0259yib, son n\u0259tic\u0259d\u0259 1000 manat al\u0131b.<\/p>\n\n\n\n<p>Teymur K\u0259rimov \u00f6z\u00fcn\u00fc t\u0259qsirli bilmir.<\/p>\n\n\n\n<p>O bildirib ki, ona qar\u015f\u0131 ir\u0259li s\u00fcr\u00fcl\u0259n h\u0259d\u0259-qorxu il\u0259 t\u0259l\u0259betm\u0259 ittiham\u0131 \u0259sass\u0131zd\u0131r.<\/p>\n\n\n\n<p>Teymur K\u0259rimov jurnalist f\u0259aliyy\u0259tin\u0259 &#8211; qanunsuzluqlar\u0131 \u00e7\u0259kib g\u00f6st\u0259rdiyin\u0259 g\u00f6r\u0259 c\u0259zaland\u0131r\u0131ld\u0131\u011f\u0131n\u0131 deyir.<\/p>\n\n\n\n<p>Jurnalist he\u00e7 kimd\u0259n h\u0259d\u0259-qorxu il\u0259 pul t\u0259l\u0259b etm\u0259diyini bildirib.<\/p>\n\n\n\n<p>Teymur K\u0259rimovun m\u0259hk\u0259m\u0259d\u0259 bildirdiyin\u0259 g\u00f6r\u0259, M\u00fct\u0259\u015f\u0259kkil Cinay\u0259tkarl\u0131\u011fa Qar\u015f\u0131 M\u00fcbariz\u0259 \u0130dar\u0259sind\u0259 (\u201cBandotdel\u201d) \u0259vv\u0259l onu narkotikl\u0259 \u015f\u0259rl\u0259m\u0259k ist\u0259yibl\u0259r.<\/p>\n\n\n\n<p>Onun s\u00f6zl\u0259rin\u0259 g\u00f6r\u0259, h\u0259tta narkotiki \u00fcz\u0259rin\u0259 g\u00f6t\u00fcrm\u0259si \u00fc\u00e7\u00fcn d\u00f6y\u00fcbl\u0259r. Lakin bunu q\u0259bul etm\u0259diyini g\u00f6r\u0259nd\u0259 \u015fantaj ittiham\u0131 ortaya \u00e7\u0131x\u0131b.<\/p>\n","protected":false},"excerpt":{"rendered":"<p>V\u0259kil d\u0259 hakiml\u0259rin q\u0259r\u0259zli oldu\u011funu deyir \u201cKanal 11\u201d internet televiziyas\u0131n\u0131n &#8230; <\/p>\n<p class=\"read-more-container\"><a title=\"H\u0259bsd\u0259 olan jurnalist i\u015fin\u0259 baxan hakiml\u0259r\u0259 etiraz edir: \u201cM\u0259n\u0259 qar\u015f\u0131 q\u0259r\u0259zlidil\u0259r\u201d\" class=\"read-more button\" href=\"https:\/\/www.meydan.tv\/az\/article\/hebsde-olan-jurnalist-isine-baxan-hakimlere-etiraz-edir-mene-qarsi-qerezlidiler\/#more-318439\" aria-label=\"Read more about H\u0259bsd\u0259 olan jurnalist i\u015fin\u0259 baxan hakiml\u0259r\u0259 etiraz edir: \u201cM\u0259n\u0259 qar\u015f\u0131 q\u0259r\u0259zlidil\u0259r\u201d\">Davam\u0131<\/a><\/p>\n","protected":false},"author":12,"featured_media":292724,"comment_status":"closed","ping_status":"closed","sticky":false,"template":"","format":"standard","meta":{"_acf_changed":false,"_sitemap_exclude":false,"_sitemap_priority":"","_sitemap_frequency":"","footnotes":""},"categories":[56],"tags":[],"class_list":["post-318439","post","type-post","status-publish","format-standard","has-post-thumbnail","hentry","category-xeberler","infinite-scroll-item","generate-columns","tablet-grid-50","mobile-grid-100","grid-parent","grid-33","no-featured-image-padding"],"acf":[],"yoast_head":"<!-- This site is optimized with the Yoast SEO plugin v27.4 - https:\/\/yoast.com\/product\/yoast-seo-wordpress\/ -->\n<title>H\u0259bsd\u0259 olan jurnalist i\u015fin\u0259 baxan hakiml\u0259r\u0259 etiraz edir: \u201cM\u0259n\u0259 qar\u015f\u0131 q\u0259r\u0259zlidil\u0259r\u201d - MEYDAN.TV<\/title>\n<meta name=\"robots\" content=\"index, follow, max-snippet:-1, max-image-preview:large, max-video-preview:-1\" \/>\n<link rel=\"canonical\" href=\"https:\/\/www.meydan.tv\/az\/article\/hebsde-olan-jurnalist-isine-baxan-hakimlere-etiraz-edir-mene-qarsi-qerezlidiler\/\" \/>\n<meta property=\"og:locale\" content=\"az_AZ\" \/>\n<meta property=\"og:type\" content=\"article\" \/>\n<meta property=\"og:title\" content=\"H\u0259bsd\u0259 olan jurnalist i\u015fin\u0259 baxan hakiml\u0259r\u0259 etiraz edir: \u201cM\u0259n\u0259 qar\u015f\u0131 q\u0259r\u0259zlidil\u0259r\u201d - MEYDAN.TV\" \/>\n<meta property=\"og:description\" content=\"V\u0259kil d\u0259 hakiml\u0259rin q\u0259r\u0259zli oldu\u011funu deyir \u201cKanal 11\u201d internet televiziyas\u0131n\u0131n ... Davam\u0131\" \/>\n<meta property=\"og:url\" content=\"https:\/\/www.meydan.tv\/az\/article\/hebsde-olan-jurnalist-isine-baxan-hakimlere-etiraz-edir-mene-qarsi-qerezlidiler\/\" \/>\n<meta property=\"og:site_name\" content=\"MEYDAN.TV\" \/>\n<meta property=\"article:published_time\" content=\"2024-10-23T17:07:15+00:00\" \/>\n<meta property=\"article:modified_time\" content=\"2024-10-24T13:39:08+00:00\" \/>\n<meta property=\"og:image\" content=\"https:\/\/www.meydan.tv\/wp-content\/uploads\/img_8171.jpg\" \/>\n\t<meta property=\"og:image:width\" content=\"1200\" \/>\n\t<meta property=\"og:image:height\" content=\"800\" \/>\n\t<meta property=\"og:image:type\" content=\"image\/jpeg\" \/>\n<meta name=\"author\" content=\"aleks\" \/>\n<meta name=\"twitter:card\" content=\"summary_large_image\" \/>\n<script type=\"application\/ld+json\" class=\"yoast-schema-graph\">{\"@context\":\"https:\\\/\\\/schema.org\",\"@graph\":[{\"@type\":\"Article\",\"@id\":\"https:\\\/\\\/www.meydan.tv\\\/az\\\/article\\\/hebsde-olan-jurnalist-isine-baxan-hakimlere-etiraz-edir-mene-qarsi-qerezlidiler\\\/#article\",\"isPartOf\":{\"@id\":\"https:\\\/\\\/www.meydan.tv\\\/az\\\/article\\\/hebsde-olan-jurnalist-isine-baxan-hakimlere-etiraz-edir-mene-qarsi-qerezlidiler\\\/\"},\"author\":{\"name\":\"aleks\",\"@id\":\"https:\\\/\\\/www.meydan.tv\\\/az\\\/#\\\/schema\\\/person\\\/476e9360e593fa131d5d71d51866f8da\"},\"headline\":\"H\u0259bsd\u0259 olan jurnalist i\u015fin\u0259 baxan hakiml\u0259r\u0259 etiraz edir: \u201cM\u0259n\u0259 qar\u015f\u0131 q\u0259r\u0259zlidil\u0259r\u201d\",\"datePublished\":\"2024-10-23T17:07:15+00:00\",\"dateModified\":\"2024-10-24T13:39:08+00:00\",\"mainEntityOfPage\":{\"@id\":\"https:\\\/\\\/www.meydan.tv\\\/az\\\/article\\\/hebsde-olan-jurnalist-isine-baxan-hakimlere-etiraz-edir-mene-qarsi-qerezlidiler\\\/\"},\"wordCount\":615,\"publisher\":{\"@id\":\"https:\\\/\\\/www.meydan.tv\\\/az\\\/#organization\"},\"image\":{\"@id\":\"https:\\\/\\\/www.meydan.tv\\\/az\\\/article\\\/hebsde-olan-jurnalist-isine-baxan-hakimlere-etiraz-edir-mene-qarsi-qerezlidiler\\\/#primaryimage\"},\"thumbnailUrl\":\"https:\\\/\\\/www.meydan.tv\\\/wp-content\\\/uploads\\\/img_8171.jpg\",\"articleSection\":[\"X\u0259b\u0259rl\u0259r\"],\"inLanguage\":\"az\"},{\"@type\":\"WebPage\",\"@id\":\"https:\\\/\\\/www.meydan.tv\\\/az\\\/article\\\/hebsde-olan-jurnalist-isine-baxan-hakimlere-etiraz-edir-mene-qarsi-qerezlidiler\\\/\",\"url\":\"https:\\\/\\\/www.meydan.tv\\\/az\\\/article\\\/hebsde-olan-jurnalist-isine-baxan-hakimlere-etiraz-edir-mene-qarsi-qerezlidiler\\\/\",\"name\":\"H\u0259bsd\u0259 olan jurnalist i\u015fin\u0259 baxan hakiml\u0259r\u0259 etiraz edir: \u201cM\u0259n\u0259 qar\u015f\u0131 q\u0259r\u0259zlidil\u0259r\u201d - MEYDAN.TV\",\"isPartOf\":{\"@id\":\"https:\\\/\\\/www.meydan.tv\\\/az\\\/#website\"},\"primaryImageOfPage\":{\"@id\":\"https:\\\/\\\/www.meydan.tv\\\/az\\\/article\\\/hebsde-olan-jurnalist-isine-baxan-hakimlere-etiraz-edir-mene-qarsi-qerezlidiler\\\/#primaryimage\"},\"image\":{\"@id\":\"https:\\\/\\\/www.meydan.tv\\\/az\\\/article\\\/hebsde-olan-jurnalist-isine-baxan-hakimlere-etiraz-edir-mene-qarsi-qerezlidiler\\\/#primaryimage\"},\"thumbnailUrl\":\"https:\\\/\\\/www.meydan.tv\\\/wp-content\\\/uploads\\\/img_8171.jpg\",\"datePublished\":\"2024-10-23T17:07:15+00:00\",\"dateModified\":\"2024-10-24T13:39:08+00:00\",\"breadcrumb\":{\"@id\":\"https:\\\/\\\/www.meydan.tv\\\/az\\\/article\\\/hebsde-olan-jurnalist-isine-baxan-hakimlere-etiraz-edir-mene-qarsi-qerezlidiler\\\/#breadcrumb\"},\"inLanguage\":\"az\",\"potentialAction\":[{\"@type\":\"ReadAction\",\"target\":[\"https:\\\/\\\/www.meydan.tv\\\/az\\\/article\\\/hebsde-olan-jurnalist-isine-baxan-hakimlere-etiraz-edir-mene-qarsi-qerezlidiler\\\/\"]}]},{\"@type\":\"ImageObject\",\"inLanguage\":\"az\",\"@id\":\"https:\\\/\\\/www.meydan.tv\\\/az\\\/article\\\/hebsde-olan-jurnalist-isine-baxan-hakimlere-etiraz-edir-mene-qarsi-qerezlidiler\\\/#primaryimage\",\"url\":\"https:\\\/\\\/www.meydan.tv\\\/wp-content\\\/uploads\\\/img_8171.jpg\",\"contentUrl\":\"https:\\\/\\\/www.meydan.tv\\\/wp-content\\\/uploads\\\/img_8171.jpg\",\"width\":1200,\"height\":800,\"caption\":\"Foto: Teymur K\u0259rimovun \u015f\u0259xsi arxivind\u0259n\"},{\"@type\":\"BreadcrumbList\",\"@id\":\"https:\\\/\\\/www.meydan.tv\\\/az\\\/article\\\/hebsde-olan-jurnalist-isine-baxan-hakimlere-etiraz-edir-mene-qarsi-qerezlidiler\\\/#breadcrumb\",\"itemListElement\":[{\"@type\":\"ListItem\",\"position\":1,\"name\":\"Ana s\u0259hif\u0259\",\"item\":\"https:\\\/\\\/www.meydan.tv\\\/az\\\/\"},{\"@type\":\"ListItem\",\"position\":2,\"name\":\"X\u0259b\u0259rl\u0259r\",\"item\":\"https:\\\/\\\/www.meydan.tv\\\/az\\\/section\\\/xeberler\\\/\"},{\"@type\":\"ListItem\",\"position\":3,\"name\":\"H\u0259bsd\u0259 olan jurnalist i\u015fin\u0259 baxan hakiml\u0259r\u0259 etiraz edir: \u201cM\u0259n\u0259 qar\u015f\u0131 q\u0259r\u0259zlidil\u0259r\u201d\"}]},{\"@type\":\"WebSite\",\"@id\":\"https:\\\/\\\/www.meydan.tv\\\/az\\\/#website\",\"url\":\"https:\\\/\\\/www.meydan.tv\\\/az\\\/\",\"name\":\"MEYDAN.TV\",\"description\":\"Meydan TV Az\u0259rbaycan\u0131n media m\u0259kan\u0131ndak\u0131 alternativ s\u0259sidir\",\"publisher\":{\"@id\":\"https:\\\/\\\/www.meydan.tv\\\/az\\\/#organization\"},\"potentialAction\":[{\"@type\":\"SearchAction\",\"target\":{\"@type\":\"EntryPoint\",\"urlTemplate\":\"https:\\\/\\\/www.meydan.tv\\\/az\\\/?s={search_term_string}\"},\"query-input\":{\"@type\":\"PropertyValueSpecification\",\"valueRequired\":true,\"valueName\":\"search_term_string\"}}],\"inLanguage\":\"az\"},{\"@type\":\"Organization\",\"@id\":\"https:\\\/\\\/www.meydan.tv\\\/az\\\/#organization\",\"name\":\"Meydan TV\",\"url\":\"https:\\\/\\\/www.meydan.tv\\\/az\\\/\",\"logo\":{\"@type\":\"ImageObject\",\"inLanguage\":\"az\",\"@id\":\"https:\\\/\\\/www.meydan.tv\\\/az\\\/#\\\/schema\\\/logo\\\/image\\\/\",\"url\":\"https:\\\/\\\/www.meydan.tv\\\/wp-content\\\/uploads\\\/2021\\\/07\\\/meydan-logo.svg\",\"contentUrl\":\"https:\\\/\\\/www.meydan.tv\\\/wp-content\\\/uploads\\\/2021\\\/07\\\/meydan-logo.svg\",\"width\":195,\"height\":46,\"caption\":\"Meydan TV\"},\"image\":{\"@id\":\"https:\\\/\\\/www.meydan.tv\\\/az\\\/#\\\/schema\\\/logo\\\/image\\\/\"}},{\"@type\":\"Person\",\"@id\":\"https:\\\/\\\/www.meydan.tv\\\/az\\\/#\\\/schema\\\/person\\\/476e9360e593fa131d5d71d51866f8da\",\"name\":\"aleks\"}]}<\/script>\n<!-- \/ Yoast SEO plugin. -->","yoast_head_json":{"title":"H\u0259bsd\u0259 olan jurnalist i\u015fin\u0259 baxan hakiml\u0259r\u0259 etiraz edir: \u201cM\u0259n\u0259 qar\u015f\u0131 q\u0259r\u0259zlidil\u0259r\u201d - MEYDAN.TV","robots":{"index":"index","follow":"follow","max-snippet":"max-snippet:-1","max-image-preview":"max-image-preview:large","max-video-preview":"max-video-preview:-1"},"canonical":"https:\/\/www.meydan.tv\/az\/article\/hebsde-olan-jurnalist-isine-baxan-hakimlere-etiraz-edir-mene-qarsi-qerezlidiler\/","og_locale":"az_AZ","og_type":"article","og_title":"H\u0259bsd\u0259 olan jurnalist i\u015fin\u0259 baxan hakiml\u0259r\u0259 etiraz edir: \u201cM\u0259n\u0259 qar\u015f\u0131 q\u0259r\u0259zlidil\u0259r\u201d - MEYDAN.TV","og_description":"V\u0259kil d\u0259 hakiml\u0259rin q\u0259r\u0259zli oldu\u011funu deyir \u201cKanal 11\u201d internet televiziyas\u0131n\u0131n ... Davam\u0131","og_url":"https:\/\/www.meydan.tv\/az\/article\/hebsde-olan-jurnalist-isine-baxan-hakimlere-etiraz-edir-mene-qarsi-qerezlidiler\/","og_site_name":"MEYDAN.TV","article_published_time":"2024-10-23T17:07:15+00:00","article_modified_time":"2024-10-24T13:39:08+00:00","og_image":[{"width":1200,"height":800,"url":"https:\/\/www.meydan.tv\/wp-content\/uploads\/img_8171.jpg","type":"image\/jpeg"}],"author":"aleks","twitter_card":"summary_large_image","schema":{"@context":"https:\/\/schema.org","@graph":[{"@type":"Article","@id":"https:\/\/www.meydan.tv\/az\/article\/hebsde-olan-jurnalist-isine-baxan-hakimlere-etiraz-edir-mene-qarsi-qerezlidiler\/#article","isPartOf":{"@id":"https:\/\/www.meydan.tv\/az\/article\/hebsde-olan-jurnalist-isine-baxan-hakimlere-etiraz-edir-mene-qarsi-qerezlidiler\/"},"author":{"name":"aleks","@id":"https:\/\/www.meydan.tv\/az\/#\/schema\/person\/476e9360e593fa131d5d71d51866f8da"},"headline":"H\u0259bsd\u0259 olan jurnalist i\u015fin\u0259 baxan hakiml\u0259r\u0259 etiraz edir: \u201cM\u0259n\u0259 qar\u015f\u0131 q\u0259r\u0259zlidil\u0259r\u201d","datePublished":"2024-10-23T17:07:15+00:00","dateModified":"2024-10-24T13:39:08+00:00","mainEntityOfPage":{"@id":"https:\/\/www.meydan.tv\/az\/article\/hebsde-olan-jurnalist-isine-baxan-hakimlere-etiraz-edir-mene-qarsi-qerezlidiler\/"},"wordCount":615,"publisher":{"@id":"https:\/\/www.meydan.tv\/az\/#organization"},"image":{"@id":"https:\/\/www.meydan.tv\/az\/article\/hebsde-olan-jurnalist-isine-baxan-hakimlere-etiraz-edir-mene-qarsi-qerezlidiler\/#primaryimage"},"thumbnailUrl":"https:\/\/www.meydan.tv\/wp-content\/uploads\/img_8171.jpg","articleSection":["X\u0259b\u0259rl\u0259r"],"inLanguage":"az"},{"@type":"WebPage","@id":"https:\/\/www.meydan.tv\/az\/article\/hebsde-olan-jurnalist-isine-baxan-hakimlere-etiraz-edir-mene-qarsi-qerezlidiler\/","url":"https:\/\/www.meydan.tv\/az\/article\/hebsde-olan-jurnalist-isine-baxan-hakimlere-etiraz-edir-mene-qarsi-qerezlidiler\/","name":"H\u0259bsd\u0259 olan jurnalist i\u015fin\u0259 baxan hakiml\u0259r\u0259 etiraz edir: \u201cM\u0259n\u0259 qar\u015f\u0131 q\u0259r\u0259zlidil\u0259r\u201d - MEYDAN.TV","isPartOf":{"@id":"https:\/\/www.meydan.tv\/az\/#website"},"primaryImageOfPage":{"@id":"https:\/\/www.meydan.tv\/az\/article\/hebsde-olan-jurnalist-isine-baxan-hakimlere-etiraz-edir-mene-qarsi-qerezlidiler\/#primaryimage"},"image":{"@id":"https:\/\/www.meydan.tv\/az\/article\/hebsde-olan-jurnalist-isine-baxan-hakimlere-etiraz-edir-mene-qarsi-qerezlidiler\/#primaryimage"},"thumbnailUrl":"https:\/\/www.meydan.tv\/wp-content\/uploads\/img_8171.jpg","datePublished":"2024-10-23T17:07:15+00:00","dateModified":"2024-10-24T13:39:08+00:00","breadcrumb":{"@id":"https:\/\/www.meydan.tv\/az\/article\/hebsde-olan-jurnalist-isine-baxan-hakimlere-etiraz-edir-mene-qarsi-qerezlidiler\/#breadcrumb"},"inLanguage":"az","potentialAction":[{"@type":"ReadAction","target":["https:\/\/www.meydan.tv\/az\/article\/hebsde-olan-jurnalist-isine-baxan-hakimlere-etiraz-edir-mene-qarsi-qerezlidiler\/"]}]},{"@type":"ImageObject","inLanguage":"az","@id":"https:\/\/www.meydan.tv\/az\/article\/hebsde-olan-jurnalist-isine-baxan-hakimlere-etiraz-edir-mene-qarsi-qerezlidiler\/#primaryimage","url":"https:\/\/www.meydan.tv\/wp-content\/uploads\/img_8171.jpg","contentUrl":"https:\/\/www.meydan.tv\/wp-content\/uploads\/img_8171.jpg","width":1200,"height":800,"caption":"Foto: Teymur K\u0259rimovun \u015f\u0259xsi arxivind\u0259n"},{"@type":"BreadcrumbList","@id":"https:\/\/www.meydan.tv\/az\/article\/hebsde-olan-jurnalist-isine-baxan-hakimlere-etiraz-edir-mene-qarsi-qerezlidiler\/#breadcrumb","itemListElement":[{"@type":"ListItem","position":1,"name":"Ana s\u0259hif\u0259","item":"https:\/\/www.meydan.tv\/az\/"},{"@type":"ListItem","position":2,"name":"X\u0259b\u0259rl\u0259r","item":"https:\/\/www.meydan.tv\/az\/section\/xeberler\/"},{"@type":"ListItem","position":3,"name":"H\u0259bsd\u0259 olan jurnalist i\u015fin\u0259 baxan hakiml\u0259r\u0259 etiraz edir: \u201cM\u0259n\u0259 qar\u015f\u0131 q\u0259r\u0259zlidil\u0259r\u201d"}]},{"@type":"WebSite","@id":"https:\/\/www.meydan.tv\/az\/#website","url":"https:\/\/www.meydan.tv\/az\/","name":"MEYDAN.TV","description":"Meydan TV Az\u0259rbaycan\u0131n media m\u0259kan\u0131ndak\u0131 alternativ s\u0259sidir","publisher":{"@id":"https:\/\/www.meydan.tv\/az\/#organization"},"potentialAction":[{"@type":"SearchAction","target":{"@type":"EntryPoint","urlTemplate":"https:\/\/www.meydan.tv\/az\/?s={search_term_string}"},"query-input":{"@type":"PropertyValueSpecification","valueRequired":true,"valueName":"search_term_string"}}],"inLanguage":"az"},{"@type":"Organization","@id":"https:\/\/www.meydan.tv\/az\/#organization","name":"Meydan TV","url":"https:\/\/www.meydan.tv\/az\/","logo":{"@type":"ImageObject","inLanguage":"az","@id":"https:\/\/www.meydan.tv\/az\/#\/schema\/logo\/image\/","url":"https:\/\/www.meydan.tv\/wp-content\/uploads\/2021\/07\/meydan-logo.svg","contentUrl":"https:\/\/www.meydan.tv\/wp-content\/uploads\/2021\/07\/meydan-logo.svg","width":195,"height":46,"caption":"Meydan TV"},"image":{"@id":"https:\/\/www.meydan.tv\/az\/#\/schema\/logo\/image\/"}},{"@type":"Person","@id":"https:\/\/www.meydan.tv\/az\/#\/schema\/person\/476e9360e593fa131d5d71d51866f8da","name":"aleks"}]}},"_links":{"self":[{"href":"https:\/\/www.meydan.tv\/az\/wp-json\/wp\/v2\/posts\/318439","targetHints":{"allow":["GET"]}}],"collection":[{"href":"https:\/\/www.meydan.tv\/az\/wp-json\/wp\/v2\/posts"}],"about":[{"href":"https:\/\/www.meydan.tv\/az\/wp-json\/wp\/v2\/types\/post"}],"author":[{"embeddable":true,"href":"https:\/\/www.meydan.tv\/az\/wp-json\/wp\/v2\/users\/12"}],"replies":[{"embeddable":true,"href":"https:\/\/www.meydan.tv\/az\/wp-json\/wp\/v2\/comments?post=318439"}],"version-history":[{"count":3,"href":"https:\/\/www.meydan.tv\/az\/wp-json\/wp\/v2\/posts\/318439\/revisions"}],"predecessor-version":[{"id":318630,"href":"https:\/\/www.meydan.tv\/az\/wp-json\/wp\/v2\/posts\/318439\/revisions\/318630"}],"wp:featuredmedia":[{"embeddable":true,"href":"https:\/\/www.meydan.tv\/az\/wp-json\/wp\/v2\/media\/292724"}],"wp:attachment":[{"href":"https:\/\/www.meydan.tv\/az\/wp-json\/wp\/v2\/media?parent=318439"}],"wp:term":[{"taxonomy":"category","embeddable":true,"href":"https:\/\/www.meydan.tv\/az\/wp-json\/wp\/v2\/categories?post=318439"},{"taxonomy":"post_tag","embeddable":true,"href":"https:\/\/www.meydan.tv\/az\/wp-json\/wp\/v2\/tags?post=318439"}],"curies":[{"name":"wp","href":"https:\/\/api.w.org\/{rel}","templated":true}]}}