{"id":318370,"date":"2024-10-23T12:28:10","date_gmt":"2024-10-23T08:28:10","guid":{"rendered":"https:\/\/www.meydan.tv\/?p=318370"},"modified":"2024-10-24T14:00:20","modified_gmt":"2024-10-24T10:00:20","slug":"avropa-parlamentinden-azerbaycandaki-siyasi-mehbuslarla-bagli-cagiris","status":"publish","type":"post","link":"https:\/\/www.meydan.tv\/az\/article\/avropa-parlamentinden-azerbaycandaki-siyasi-mehbuslarla-bagli-cagiris\/","title":{"rendered":"Avropa Parlamentind\u0259n Az\u0259rbaycandak\u0131 siyasi m\u0259hbuslarla ba\u011fl\u0131 \u00e7a\u011f\u0131r\u0131\u015f"},"content":{"rendered":"\n<p><em>\u201cAz\u0259rbaycanda jurnalistl\u0259r v\u0259 f\u0259allar \u00fc\u00e7\u00fcn v\u0259ziyy\u0259t f\u0259lak\u0259tlidir\u201d<\/em><\/p>\n\n\n\n<p>Avropa Parlamentinin Sosial Demokratlar v\u0259 Ya\u015f\u0131llar qruplar\u0131 Bak\u0131da ke\u00e7iril\u0259c\u0259k COP29 iqlim sammiti \u0259r\u0259f\u0259sind\u0259 Az\u0259rbaycanda b\u00fct\u00fcn siyasi m\u0259hbuslar\u0131n d\u0259rhal azadl\u0131\u011fa burax\u0131lmas\u0131na \u00e7a\u011f\u0131r\u0131\u015f <a href=\"https:\/\/turan.az\/az\/siyaset\/avropa-parlamenti-azerbaycanda-siyasi-mehbuslarin-azad-edilmesine-cagirir-786032\" target=\"_blank\" rel=\"noreferrer noopener\">edibl\u0259r<\/a>.<\/p>\n\n\n\n<p>Sosial Demokratlar \u201cX\u201d sosial \u015f\u0259b\u0259k\u0259sind\u0259 yay\u0131mlad\u0131qlar\u0131 a\u00e7\u0131qlamada bildiribl\u0259r ki, Az\u0259rbaycanda noyabrda ke\u00e7irilm\u0259si planla\u015fd\u0131r\u0131lan konfransdan \u00f6nc\u0259 pisl\u0259\u015f\u0259n insan haqlar\u0131n\u0131n v\u0259ziyy\u0259ti h\u0259ll edilm\u0259lidir.<\/p>\n\n\n\n<p><em>\u201cBiz Az\u0259rbaycan hakimiyy\u0259tini Qubad \u0130bado\u011flunu v\u0259 dig\u0259r b\u00fct\u00fcn siyasi m\u0259hbuslar\u0131 d\u0259rhal azad etm\u0259y\u0259 \u00e7a\u011f\u0131r\u0131r\u0131q\u201d<\/em>, &#8211; dey\u0259 qrup b\u0259yan edib.<\/p>\n\n\n\n<p>Onlar vur\u011fulay\u0131blar ki, Avropa \u0130ttifaq\u0131 il\u0259 Az\u0259rbaycan aras\u0131nda ist\u0259nil\u0259n raz\u0131la\u015fma insan h\u00fcquqlar\u0131na h\u00f6rm\u0259t v\u0259 Erm\u0259nistanla s\u00fclh prosesi \u00fczr\u0259 ir\u0259lil\u0259yi\u015fd\u0259n as\u0131l\u0131 olmal\u0131d\u0131r.<\/p>\n\n\n\n<p>A\u00e7\u0131qlamada h\u0259m\u00e7inin bu \u015f\u0259rtl\u0259r t\u0259min olunana q\u0259d\u0259r Avropa \u0130ttifaq\u0131n\u0131n Az\u0259rbaycanla qaz raz\u0131la\u015fmas\u0131n\u0131 dayand\u0131rma\u011fa \u00e7a\u011f\u0131r\u0131l\u0131b.<\/p>\n\n\n\n<p>Ya\u015f\u0131llar qrupu da \u0130bado\u011flunun azadl\u0131\u011fa burax\u0131lmas\u0131n\u0131 t\u0259l\u0259b ed\u0259n a\u00e7\u0131qlama yay\u0131b.<\/p>\n\n\n\n<p>Bildirilir ki, \u0130bado\u011flu Az\u0259rbaycan\u0131n d\u00f6vl\u0259t neft v\u0259 qaz s\u0259nayesinin \u0259sas t\u0259nqid\u00e7isi v\u0259 tan\u0131nm\u0131\u015f iqtisad\u00e7\u0131d\u0131r. O, haz\u0131rda ev h\u0259bsind\u0259 saxlan\u0131l\u0131r.<\/p>\n\n\n\n<p>Qrup onu fikir azadl\u0131\u011f\u0131 \u00fczr\u0259 \u201cSaxarov\u201d m\u00fckafat\u0131na namiz\u0259d g\u00f6st\u0259rib.<\/p>\n\n\n\n<p>Avropa Parlamentinin \u00fczv\u00fc v\u0259 Az\u0259rbaycan \u00fczr\u0259 k\u00f6lg\u0259 m\u0259ruz\u0259\u00e7isi Sergey Lagodinski Az\u0259rbaycan h\u00f6kum\u0259tini fosil yanacaq g\u0259lirl\u0259rind\u0259n as\u0131l\u0131l\u0131qda v\u0259 m\u00fcxalif\u0259t\u0259 qar\u015f\u0131 t\u0259zyiql\u0259rd\u0259 ittiham edib.<\/p>\n\n\n\n<p>O h\u0259m\u00e7inin BMT iqlim konfrans\u0131 \u00f6nc\u0259si v\u0259t\u0259nda\u015f c\u0259miyy\u0259tin\u0259 qar\u015f\u0131 t\u0259zyiql\u0259r\u0259 diqq\u0259t \u00e7\u0259kib:<\/p>\n\n\n\n<p><em>\u201cAz\u0259rbaycanda m\u00fcxalif\u0259t f\u0259allar\u0131, jurnalistl\u0259r v\u0259 insan haqlar\u0131 m\u00fcdafi\u0259\u00e7il\u0259ri \u00fc\u00e7\u00fcn v\u0259ziyy\u0259t f\u0259lak\u0259tlidir\u201d<\/em>.<\/p>\n\n\n\n<p>Ya\u015f\u0131llar qrupunun dig\u0259r \u00fczv\u00fc, Avropa Parlamentinin deputat\u0131 Mark\u00e9ta Qreqorova da bu \u00e7a\u011f\u0131r\u0131\u015flar\u0131 d\u0259st\u0259kl\u0259yib.<\/p>\n\n\n\n<p>O da COP29-da i\u015ftirak ed\u0259c\u0259k A\u0130 n\u00fcmay\u0259nd\u0259 hey\u0259tini Az\u0259rbaycan\u0131n insan haqlar\u0131 v\u0259ziyy\u0259tini q\u0131nama\u011fa \u00e7a\u011f\u0131r\u0131b:<\/p>\n\n\n\n<p><em>\u201cBiz Bak\u0131da ke\u00e7iril\u0259c\u0259k COP29 konfrans\u0131 \u00f6nc\u0259si Az\u0259rbaycan m\u00fcxalif\u0259tinin m\u00fcbariz\u0259sini tan\u0131mal\u0131 v\u0259 d\u0259st\u0259kl\u0259m\u0259liyik\u201d<\/em>.<\/p>\n\n\n\n<p>Bildirilir ki, q\u0259tnam\u0259 \u00fczr\u0259 s\u0259sverm\u0259 c\u00fcm\u0259 ax\u015fam\u0131, 24 oktyabr tarixind\u0259 ke\u00e7iril\u0259c\u0259k.<\/p>\n\n\n\n<p>2024-c\u00fc il \u201cSaxarov\u201d m\u00fckafat\u0131n\u0131n verilm\u0259si il\u0259 ba\u011fl\u0131 q\u0259rar h\u0259min g\u00fcn plenar iclasda elan olunacaq.<\/p>\n","protected":false},"excerpt":{"rendered":"<p>\u201cAz\u0259rbaycanda jurnalistl\u0259r v\u0259 f\u0259allar \u00fc\u00e7\u00fcn v\u0259ziyy\u0259t f\u0259lak\u0259tlidir\u201d Avropa Parlamentinin Sosial &#8230; <\/p>\n<p class=\"read-more-container\"><a title=\"Avropa Parlamentind\u0259n Az\u0259rbaycandak\u0131 siyasi m\u0259hbuslarla ba\u011fl\u0131 \u00e7a\u011f\u0131r\u0131\u015f\" class=\"read-more button\" href=\"https:\/\/www.meydan.tv\/az\/article\/avropa-parlamentinden-azerbaycandaki-siyasi-mehbuslarla-bagli-cagiris\/#more-318370\" aria-label=\"Read more about Avropa Parlamentind\u0259n Az\u0259rbaycandak\u0131 siyasi m\u0259hbuslarla ba\u011fl\u0131 \u00e7a\u011f\u0131r\u0131\u015f\">Davam\u0131<\/a><\/p>\n","protected":false},"author":12,"featured_media":268580,"comment_status":"closed","ping_status":"closed","sticky":false,"template":"","format":"standard","meta":{"_acf_changed":false,"_sitemap_exclude":false,"_sitemap_priority":"","_sitemap_frequency":"","footnotes":""},"categories":[59,79,56],"tags":[],"class_list":["post-318370","post","type-post","status-publish","format-standard","has-post-thumbnail","hentry","category-siyaset","category-featured","category-xeberler","infinite-scroll-item","generate-columns","tablet-grid-50","mobile-grid-100","grid-parent","grid-33","no-featured-image-padding"],"acf":[],"yoast_head":"<!-- This site is optimized with the Yoast SEO plugin v27.4 - https:\/\/yoast.com\/product\/yoast-seo-wordpress\/ -->\n<title>Avropa Parlamentind\u0259n Az\u0259rbaycandak\u0131 siyasi m\u0259hbuslarla ba\u011fl\u0131 \u00e7a\u011f\u0131r\u0131\u015f - MEYDAN.TV<\/title>\n<meta name=\"robots\" content=\"index, follow, max-snippet:-1, max-image-preview:large, max-video-preview:-1\" \/>\n<link rel=\"canonical\" href=\"https:\/\/www.meydan.tv\/az\/article\/avropa-parlamentinden-azerbaycandaki-siyasi-mehbuslarla-bagli-cagiris\/\" \/>\n<meta property=\"og:locale\" content=\"az_AZ\" \/>\n<meta property=\"og:type\" content=\"article\" \/>\n<meta property=\"og:title\" content=\"Avropa Parlamentind\u0259n Az\u0259rbaycandak\u0131 siyasi m\u0259hbuslarla ba\u011fl\u0131 \u00e7a\u011f\u0131r\u0131\u015f - MEYDAN.TV\" \/>\n<meta property=\"og:description\" content=\"\u201cAz\u0259rbaycanda jurnalistl\u0259r v\u0259 f\u0259allar \u00fc\u00e7\u00fcn v\u0259ziyy\u0259t f\u0259lak\u0259tlidir\u201d Avropa Parlamentinin Sosial ... Davam\u0131\" \/>\n<meta property=\"og:url\" content=\"https:\/\/www.meydan.tv\/az\/article\/avropa-parlamentinden-azerbaycandaki-siyasi-mehbuslarla-bagli-cagiris\/\" \/>\n<meta property=\"og:site_name\" content=\"MEYDAN.TV\" \/>\n<meta property=\"article:published_time\" content=\"2024-10-23T08:28:10+00:00\" \/>\n<meta property=\"article:modified_time\" content=\"2024-10-24T10:00:20+00:00\" \/>\n<meta property=\"og:image\" content=\"https:\/\/www.meydan.tv\/wp-content\/uploads\/shutterstock_2106175271.jpg\" \/>\n\t<meta property=\"og:image:width\" content=\"1000\" \/>\n\t<meta property=\"og:image:height\" content=\"667\" \/>\n\t<meta property=\"og:image:type\" content=\"image\/jpeg\" \/>\n<meta name=\"author\" content=\"aleks\" \/>\n<meta name=\"twitter:card\" content=\"summary_large_image\" \/>\n<script type=\"application\/ld+json\" class=\"yoast-schema-graph\">{\"@context\":\"https:\\\/\\\/schema.org\",\"@graph\":[{\"@type\":\"Article\",\"@id\":\"https:\\\/\\\/www.meydan.tv\\\/az\\\/article\\\/avropa-parlamentinden-azerbaycandaki-siyasi-mehbuslarla-bagli-cagiris\\\/#article\",\"isPartOf\":{\"@id\":\"https:\\\/\\\/www.meydan.tv\\\/az\\\/article\\\/avropa-parlamentinden-azerbaycandaki-siyasi-mehbuslarla-bagli-cagiris\\\/\"},\"author\":{\"name\":\"aleks\",\"@id\":\"https:\\\/\\\/www.meydan.tv\\\/az\\\/#\\\/schema\\\/person\\\/476e9360e593fa131d5d71d51866f8da\"},\"headline\":\"Avropa Parlamentind\u0259n Az\u0259rbaycandak\u0131 siyasi m\u0259hbuslarla ba\u011fl\u0131 \u00e7a\u011f\u0131r\u0131\u015f\",\"datePublished\":\"2024-10-23T08:28:10+00:00\",\"dateModified\":\"2024-10-24T10:00:20+00:00\",\"mainEntityOfPage\":{\"@id\":\"https:\\\/\\\/www.meydan.tv\\\/az\\\/article\\\/avropa-parlamentinden-azerbaycandaki-siyasi-mehbuslarla-bagli-cagiris\\\/\"},\"wordCount\":480,\"publisher\":{\"@id\":\"https:\\\/\\\/www.meydan.tv\\\/az\\\/#organization\"},\"image\":{\"@id\":\"https:\\\/\\\/www.meydan.tv\\\/az\\\/article\\\/avropa-parlamentinden-azerbaycandaki-siyasi-mehbuslarla-bagli-cagiris\\\/#primaryimage\"},\"thumbnailUrl\":\"https:\\\/\\\/www.meydan.tv\\\/wp-content\\\/uploads\\\/shutterstock_2106175271.jpg\",\"articleSection\":[\"Siyas\u0259t\",\"T\u00f6vsiy\u0259\",\"X\u0259b\u0259rl\u0259r\"],\"inLanguage\":\"az\"},{\"@type\":\"WebPage\",\"@id\":\"https:\\\/\\\/www.meydan.tv\\\/az\\\/article\\\/avropa-parlamentinden-azerbaycandaki-siyasi-mehbuslarla-bagli-cagiris\\\/\",\"url\":\"https:\\\/\\\/www.meydan.tv\\\/az\\\/article\\\/avropa-parlamentinden-azerbaycandaki-siyasi-mehbuslarla-bagli-cagiris\\\/\",\"name\":\"Avropa Parlamentind\u0259n Az\u0259rbaycandak\u0131 siyasi m\u0259hbuslarla ba\u011fl\u0131 \u00e7a\u011f\u0131r\u0131\u015f - MEYDAN.TV\",\"isPartOf\":{\"@id\":\"https:\\\/\\\/www.meydan.tv\\\/az\\\/#website\"},\"primaryImageOfPage\":{\"@id\":\"https:\\\/\\\/www.meydan.tv\\\/az\\\/article\\\/avropa-parlamentinden-azerbaycandaki-siyasi-mehbuslarla-bagli-cagiris\\\/#primaryimage\"},\"image\":{\"@id\":\"https:\\\/\\\/www.meydan.tv\\\/az\\\/article\\\/avropa-parlamentinden-azerbaycandaki-siyasi-mehbuslarla-bagli-cagiris\\\/#primaryimage\"},\"thumbnailUrl\":\"https:\\\/\\\/www.meydan.tv\\\/wp-content\\\/uploads\\\/shutterstock_2106175271.jpg\",\"datePublished\":\"2024-10-23T08:28:10+00:00\",\"dateModified\":\"2024-10-24T10:00:20+00:00\",\"breadcrumb\":{\"@id\":\"https:\\\/\\\/www.meydan.tv\\\/az\\\/article\\\/avropa-parlamentinden-azerbaycandaki-siyasi-mehbuslarla-bagli-cagiris\\\/#breadcrumb\"},\"inLanguage\":\"az\",\"potentialAction\":[{\"@type\":\"ReadAction\",\"target\":[\"https:\\\/\\\/www.meydan.tv\\\/az\\\/article\\\/avropa-parlamentinden-azerbaycandaki-siyasi-mehbuslarla-bagli-cagiris\\\/\"]}]},{\"@type\":\"ImageObject\",\"inLanguage\":\"az\",\"@id\":\"https:\\\/\\\/www.meydan.tv\\\/az\\\/article\\\/avropa-parlamentinden-azerbaycandaki-siyasi-mehbuslarla-bagli-cagiris\\\/#primaryimage\",\"url\":\"https:\\\/\\\/www.meydan.tv\\\/wp-content\\\/uploads\\\/shutterstock_2106175271.jpg\",\"contentUrl\":\"https:\\\/\\\/www.meydan.tv\\\/wp-content\\\/uploads\\\/shutterstock_2106175271.jpg\",\"width\":1000,\"height\":667,\"caption\":\"Avropa Parlamenti. Foto: shutterstockHadrian\"},{\"@type\":\"BreadcrumbList\",\"@id\":\"https:\\\/\\\/www.meydan.tv\\\/az\\\/article\\\/avropa-parlamentinden-azerbaycandaki-siyasi-mehbuslarla-bagli-cagiris\\\/#breadcrumb\",\"itemListElement\":[{\"@type\":\"ListItem\",\"position\":1,\"name\":\"Ana s\u0259hif\u0259\",\"item\":\"https:\\\/\\\/www.meydan.tv\\\/az\\\/\"},{\"@type\":\"ListItem\",\"position\":2,\"name\":\"T\u00f6vsiy\u0259\",\"item\":\"https:\\\/\\\/www.meydan.tv\\\/az\\\/section\\\/featured\\\/\"},{\"@type\":\"ListItem\",\"position\":3,\"name\":\"Avropa Parlamentind\u0259n Az\u0259rbaycandak\u0131 siyasi m\u0259hbuslarla ba\u011fl\u0131 \u00e7a\u011f\u0131r\u0131\u015f\"}]},{\"@type\":\"WebSite\",\"@id\":\"https:\\\/\\\/www.meydan.tv\\\/az\\\/#website\",\"url\":\"https:\\\/\\\/www.meydan.tv\\\/az\\\/\",\"name\":\"MEYDAN.TV\",\"description\":\"Meydan TV Az\u0259rbaycan\u0131n media m\u0259kan\u0131ndak\u0131 alternativ s\u0259sidir\",\"publisher\":{\"@id\":\"https:\\\/\\\/www.meydan.tv\\\/az\\\/#organization\"},\"potentialAction\":[{\"@type\":\"SearchAction\",\"target\":{\"@type\":\"EntryPoint\",\"urlTemplate\":\"https:\\\/\\\/www.meydan.tv\\\/az\\\/?s={search_term_string}\"},\"query-input\":{\"@type\":\"PropertyValueSpecification\",\"valueRequired\":true,\"valueName\":\"search_term_string\"}}],\"inLanguage\":\"az\"},{\"@type\":\"Organization\",\"@id\":\"https:\\\/\\\/www.meydan.tv\\\/az\\\/#organization\",\"name\":\"Meydan TV\",\"url\":\"https:\\\/\\\/www.meydan.tv\\\/az\\\/\",\"logo\":{\"@type\":\"ImageObject\",\"inLanguage\":\"az\",\"@id\":\"https:\\\/\\\/www.meydan.tv\\\/az\\\/#\\\/schema\\\/logo\\\/image\\\/\",\"url\":\"https:\\\/\\\/www.meydan.tv\\\/wp-content\\\/uploads\\\/2021\\\/07\\\/meydan-logo.svg\",\"contentUrl\":\"https:\\\/\\\/www.meydan.tv\\\/wp-content\\\/uploads\\\/2021\\\/07\\\/meydan-logo.svg\",\"width\":195,\"height\":46,\"caption\":\"Meydan TV\"},\"image\":{\"@id\":\"https:\\\/\\\/www.meydan.tv\\\/az\\\/#\\\/schema\\\/logo\\\/image\\\/\"}},{\"@type\":\"Person\",\"@id\":\"https:\\\/\\\/www.meydan.tv\\\/az\\\/#\\\/schema\\\/person\\\/476e9360e593fa131d5d71d51866f8da\",\"name\":\"aleks\"}]}<\/script>\n<!-- \/ Yoast SEO plugin. -->","yoast_head_json":{"title":"Avropa Parlamentind\u0259n Az\u0259rbaycandak\u0131 siyasi m\u0259hbuslarla ba\u011fl\u0131 \u00e7a\u011f\u0131r\u0131\u015f - MEYDAN.TV","robots":{"index":"index","follow":"follow","max-snippet":"max-snippet:-1","max-image-preview":"max-image-preview:large","max-video-preview":"max-video-preview:-1"},"canonical":"https:\/\/www.meydan.tv\/az\/article\/avropa-parlamentinden-azerbaycandaki-siyasi-mehbuslarla-bagli-cagiris\/","og_locale":"az_AZ","og_type":"article","og_title":"Avropa Parlamentind\u0259n Az\u0259rbaycandak\u0131 siyasi m\u0259hbuslarla ba\u011fl\u0131 \u00e7a\u011f\u0131r\u0131\u015f - MEYDAN.TV","og_description":"\u201cAz\u0259rbaycanda jurnalistl\u0259r v\u0259 f\u0259allar \u00fc\u00e7\u00fcn v\u0259ziyy\u0259t f\u0259lak\u0259tlidir\u201d Avropa Parlamentinin Sosial ... Davam\u0131","og_url":"https:\/\/www.meydan.tv\/az\/article\/avropa-parlamentinden-azerbaycandaki-siyasi-mehbuslarla-bagli-cagiris\/","og_site_name":"MEYDAN.TV","article_published_time":"2024-10-23T08:28:10+00:00","article_modified_time":"2024-10-24T10:00:20+00:00","og_image":[{"width":1000,"height":667,"url":"https:\/\/www.meydan.tv\/wp-content\/uploads\/shutterstock_2106175271.jpg","type":"image\/jpeg"}],"author":"aleks","twitter_card":"summary_large_image","schema":{"@context":"https:\/\/schema.org","@graph":[{"@type":"Article","@id":"https:\/\/www.meydan.tv\/az\/article\/avropa-parlamentinden-azerbaycandaki-siyasi-mehbuslarla-bagli-cagiris\/#article","isPartOf":{"@id":"https:\/\/www.meydan.tv\/az\/article\/avropa-parlamentinden-azerbaycandaki-siyasi-mehbuslarla-bagli-cagiris\/"},"author":{"name":"aleks","@id":"https:\/\/www.meydan.tv\/az\/#\/schema\/person\/476e9360e593fa131d5d71d51866f8da"},"headline":"Avropa Parlamentind\u0259n Az\u0259rbaycandak\u0131 siyasi m\u0259hbuslarla ba\u011fl\u0131 \u00e7a\u011f\u0131r\u0131\u015f","datePublished":"2024-10-23T08:28:10+00:00","dateModified":"2024-10-24T10:00:20+00:00","mainEntityOfPage":{"@id":"https:\/\/www.meydan.tv\/az\/article\/avropa-parlamentinden-azerbaycandaki-siyasi-mehbuslarla-bagli-cagiris\/"},"wordCount":480,"publisher":{"@id":"https:\/\/www.meydan.tv\/az\/#organization"},"image":{"@id":"https:\/\/www.meydan.tv\/az\/article\/avropa-parlamentinden-azerbaycandaki-siyasi-mehbuslarla-bagli-cagiris\/#primaryimage"},"thumbnailUrl":"https:\/\/www.meydan.tv\/wp-content\/uploads\/shutterstock_2106175271.jpg","articleSection":["Siyas\u0259t","T\u00f6vsiy\u0259","X\u0259b\u0259rl\u0259r"],"inLanguage":"az"},{"@type":"WebPage","@id":"https:\/\/www.meydan.tv\/az\/article\/avropa-parlamentinden-azerbaycandaki-siyasi-mehbuslarla-bagli-cagiris\/","url":"https:\/\/www.meydan.tv\/az\/article\/avropa-parlamentinden-azerbaycandaki-siyasi-mehbuslarla-bagli-cagiris\/","name":"Avropa Parlamentind\u0259n Az\u0259rbaycandak\u0131 siyasi m\u0259hbuslarla ba\u011fl\u0131 \u00e7a\u011f\u0131r\u0131\u015f - MEYDAN.TV","isPartOf":{"@id":"https:\/\/www.meydan.tv\/az\/#website"},"primaryImageOfPage":{"@id":"https:\/\/www.meydan.tv\/az\/article\/avropa-parlamentinden-azerbaycandaki-siyasi-mehbuslarla-bagli-cagiris\/#primaryimage"},"image":{"@id":"https:\/\/www.meydan.tv\/az\/article\/avropa-parlamentinden-azerbaycandaki-siyasi-mehbuslarla-bagli-cagiris\/#primaryimage"},"thumbnailUrl":"https:\/\/www.meydan.tv\/wp-content\/uploads\/shutterstock_2106175271.jpg","datePublished":"2024-10-23T08:28:10+00:00","dateModified":"2024-10-24T10:00:20+00:00","breadcrumb":{"@id":"https:\/\/www.meydan.tv\/az\/article\/avropa-parlamentinden-azerbaycandaki-siyasi-mehbuslarla-bagli-cagiris\/#breadcrumb"},"inLanguage":"az","potentialAction":[{"@type":"ReadAction","target":["https:\/\/www.meydan.tv\/az\/article\/avropa-parlamentinden-azerbaycandaki-siyasi-mehbuslarla-bagli-cagiris\/"]}]},{"@type":"ImageObject","inLanguage":"az","@id":"https:\/\/www.meydan.tv\/az\/article\/avropa-parlamentinden-azerbaycandaki-siyasi-mehbuslarla-bagli-cagiris\/#primaryimage","url":"https:\/\/www.meydan.tv\/wp-content\/uploads\/shutterstock_2106175271.jpg","contentUrl":"https:\/\/www.meydan.tv\/wp-content\/uploads\/shutterstock_2106175271.jpg","width":1000,"height":667,"caption":"Avropa Parlamenti. Foto: shutterstockHadrian"},{"@type":"BreadcrumbList","@id":"https:\/\/www.meydan.tv\/az\/article\/avropa-parlamentinden-azerbaycandaki-siyasi-mehbuslarla-bagli-cagiris\/#breadcrumb","itemListElement":[{"@type":"ListItem","position":1,"name":"Ana s\u0259hif\u0259","item":"https:\/\/www.meydan.tv\/az\/"},{"@type":"ListItem","position":2,"name":"T\u00f6vsiy\u0259","item":"https:\/\/www.meydan.tv\/az\/section\/featured\/"},{"@type":"ListItem","position":3,"name":"Avropa Parlamentind\u0259n Az\u0259rbaycandak\u0131 siyasi m\u0259hbuslarla ba\u011fl\u0131 \u00e7a\u011f\u0131r\u0131\u015f"}]},{"@type":"WebSite","@id":"https:\/\/www.meydan.tv\/az\/#website","url":"https:\/\/www.meydan.tv\/az\/","name":"MEYDAN.TV","description":"Meydan TV Az\u0259rbaycan\u0131n media m\u0259kan\u0131ndak\u0131 alternativ s\u0259sidir","publisher":{"@id":"https:\/\/www.meydan.tv\/az\/#organization"},"potentialAction":[{"@type":"SearchAction","target":{"@type":"EntryPoint","urlTemplate":"https:\/\/www.meydan.tv\/az\/?s={search_term_string}"},"query-input":{"@type":"PropertyValueSpecification","valueRequired":true,"valueName":"search_term_string"}}],"inLanguage":"az"},{"@type":"Organization","@id":"https:\/\/www.meydan.tv\/az\/#organization","name":"Meydan TV","url":"https:\/\/www.meydan.tv\/az\/","logo":{"@type":"ImageObject","inLanguage":"az","@id":"https:\/\/www.meydan.tv\/az\/#\/schema\/logo\/image\/","url":"https:\/\/www.meydan.tv\/wp-content\/uploads\/2021\/07\/meydan-logo.svg","contentUrl":"https:\/\/www.meydan.tv\/wp-content\/uploads\/2021\/07\/meydan-logo.svg","width":195,"height":46,"caption":"Meydan TV"},"image":{"@id":"https:\/\/www.meydan.tv\/az\/#\/schema\/logo\/image\/"}},{"@type":"Person","@id":"https:\/\/www.meydan.tv\/az\/#\/schema\/person\/476e9360e593fa131d5d71d51866f8da","name":"aleks"}]}},"_links":{"self":[{"href":"https:\/\/www.meydan.tv\/az\/wp-json\/wp\/v2\/posts\/318370","targetHints":{"allow":["GET"]}}],"collection":[{"href":"https:\/\/www.meydan.tv\/az\/wp-json\/wp\/v2\/posts"}],"about":[{"href":"https:\/\/www.meydan.tv\/az\/wp-json\/wp\/v2\/types\/post"}],"author":[{"embeddable":true,"href":"https:\/\/www.meydan.tv\/az\/wp-json\/wp\/v2\/users\/12"}],"replies":[{"embeddable":true,"href":"https:\/\/www.meydan.tv\/az\/wp-json\/wp\/v2\/comments?post=318370"}],"version-history":[{"count":3,"href":"https:\/\/www.meydan.tv\/az\/wp-json\/wp\/v2\/posts\/318370\/revisions"}],"predecessor-version":[{"id":318482,"href":"https:\/\/www.meydan.tv\/az\/wp-json\/wp\/v2\/posts\/318370\/revisions\/318482"}],"wp:featuredmedia":[{"embeddable":true,"href":"https:\/\/www.meydan.tv\/az\/wp-json\/wp\/v2\/media\/268580"}],"wp:attachment":[{"href":"https:\/\/www.meydan.tv\/az\/wp-json\/wp\/v2\/media?parent=318370"}],"wp:term":[{"taxonomy":"category","embeddable":true,"href":"https:\/\/www.meydan.tv\/az\/wp-json\/wp\/v2\/categories?post=318370"},{"taxonomy":"post_tag","embeddable":true,"href":"https:\/\/www.meydan.tv\/az\/wp-json\/wp\/v2\/tags?post=318370"}],"curies":[{"name":"wp","href":"https:\/\/api.w.org\/{rel}","templated":true}]}}