{"id":318329,"date":"2024-10-22T18:06:19","date_gmt":"2024-10-22T14:06:19","guid":{"rendered":"https:\/\/www.meydan.tv\/?p=318329"},"modified":"2024-10-22T18:14:25","modified_gmt":"2024-10-22T14:14:25","slug":"agadadas-agayevin-mehkemesi-baslayir-ittihamda-5-ile-qeder-hebs-cezasi-var","status":"publish","type":"post","link":"https:\/\/www.meydan.tv\/az\/article\/agadadas-agayevin-mehkemesi-baslayir-ittihamda-5-ile-qeder-hebs-cezasi-var\/","title":{"rendered":"A\u011fadada\u015f A\u011fayevin m\u0259hk\u0259m\u0259si ba\u015flay\u0131r: ittihamda 5 il\u0259 q\u0259d\u0259r h\u0259bs c\u0259zas\u0131 var"},"content":{"rendered":"\n<p><em>Xalq artisti xuliqanl\u0131qda ittiham olunur<\/em><\/p>\n\n\n\n<p>Xalq artisti, m\u00fc\u011f\u0259nni A\u011fadada\u015f A\u011fayev yax\u0131n g\u00fcnl\u0259rd\u0259 m\u0259hk\u0259m\u0259 qar\u015f\u0131s\u0131na \u00e7\u0131xar\u0131lacaq.<\/p>\n\n\n\n<p>Bin\u0259q\u0259di Rayon M\u0259hk\u0259m\u0259sind\u0259 onunla ba\u011fl\u0131 cinay\u0259t i\u015fi i\u015fi \u00fczr\u0259 m\u0259hk\u0259m\u0259 prosesi ba\u015flay\u0131r.<\/p>\n\n\n\n<p>Xuliqanl\u0131qda t\u0259qsirl\u0259ndiril\u0259n m\u00fc\u011f\u0259nninin i\u015fini ara\u015fd\u0131rmaq hakim V\u00fcsal Ta\u011f\u0131yev\u0259 h\u0259val\u0259 olunub.<\/p>\n\n\n\n<p>M\u0259hk\u0259m\u0259nin haz\u0131rl\u0131q iclas\u0131 oktyabr\u0131n 31-n\u0259 t\u0259yin edilib.<\/p>\n\n\n\n<p>A\u011fadada\u015f A\u011fayev\u0259 qar\u015f\u0131 Cinay\u0259t M\u0259c\u0259ll\u0259sinin 221.3 (silah v\u0259 ya silah qismind\u0259 \u0259\u015fyadan istifad\u0259 etm\u0259kl\u0259 xuliqanl\u0131q) madd\u0259sil\u0259 ittiham olunur.<\/p>\n\n\n\n<p>Bu madd\u0259nin sanksiyas\u0131nda 2 ild\u0259n 5 il\u0259 q\u0259d\u0259r azadl\u0131qdan m\u0259hrumetm\u0259 c\u0259zas\u0131 n\u0259z\u0259rd\u0259 tutulub.<\/p>\n\n\n\n<p>Xalq artistinin i\u015fi \u00fczr\u0259 iki n\u0259f\u0259r z\u0259r\u0259r\u00e7\u0259kmi\u015f qismind\u0259 tan\u0131n\u0131b: Nur\u0259ddin C\u0259lilov v\u0259 N\u0259zak\u0259t Pa\u015fayeva.<\/p>\n\n\n\n<p>Nur\u0259ddin C\u0259lilov \u201cMedera Hospital\u201d\u0131n g\u00f6z\u0259t\u00e7isi, N\u0259zak\u0259t Pa\u015fayeva da klinikan\u0131n i\u015f\u00e7isidir.<\/p>\n\n\n\n<p>Nur\u0259ddin C\u0259lilov iddia edir ki, iyulun 22-d\u0259 s\u0259h\u0259r saat 7 rad\u0259l\u0259rind\u0259 g\u00f6z\u0259t\u00e7i i\u015fl\u0259diyi klinikaya m\u00fcraci\u0259t ed\u0259n A\u011fadada\u015f A\u011fayev onu s\u00f6y\u00fcb, balta il\u0259 h\u0259d\u0259l\u0259yib.<\/p>\n\n\n\n<p>Onun s\u00f6zl\u0259rin\u0259 g\u00f6r\u0259, m\u00fc\u011f\u0259nni baltan\u0131 ona t\u0259r\u0259f atanda orada \u00e7al\u0131\u015fan N\u0259zak\u0259t Pa\u015fayevan\u0131n aya\u011f\u0131na d\u0259yib.<\/p>\n\n\n\n<p>68 ya\u015fl\u0131 m\u00fc\u011f\u0259nni is\u0259 \u0259ksin\u0259, g\u00f6z\u0259t\u00e7inin onu t\u0259hqir etdiyini, yer\u0259 y\u0131x\u0131b d\u00f6yd\u00fcy\u00fcn\u00fc bildirir.<\/p>\n\n\n\n<p>Cinay\u0259t i\u015finin materiallar\u0131na klinikan\u0131n m\u00fc\u015fahid\u0259 kameralar\u0131n\u0131n qeyd\u0259 ald\u0131\u011f\u0131 videog\u00f6r\u00fcnt\u00fcl\u0259r d\u0259 \u0259lav\u0259 olunub.<\/p>\n\n\n\n<p>H\u0259min g\u00f6r\u00fcnt\u00fcl\u0259r hadis\u0259d\u0259n sonra sosial \u015f\u0259b\u0259k\u0259l\u0259rd\u0259 d\u0259 yay\u0131lm\u0131\u015fd\u0131.<\/p>\n\n\n\n<p>Meydan TV-nin \u0259ld\u0259 etdiyi m\u0259lumata g\u00f6r\u0259, A\u011fadada\u015f A\u011fayev \u201cMedera Hospital\u201d\u0131 m\u00fclki qaydada da m\u0259hk\u0259m\u0259y\u0259 verib.<\/p>\n\n\n\n<p>Xalq artistinin klinikaya qar\u015f\u0131 iddias\u0131na da Bin\u0259q\u0259di rayon M\u0259hk\u0259m\u0259sind\u0259 bax\u0131lacaq.<\/p>\n\n\n\n<p>S\u00f6z\u00fcged\u0259n m\u0259hk\u0259m\u0259 prosesi is\u0259 oktyabr\u0131n 23-d\u0259 ke\u00e7iril\u0259c\u0259k.<\/p>\n","protected":false},"excerpt":{"rendered":"<p>Xalq artisti xuliqanl\u0131qda ittiham olunur Xalq artisti, m\u00fc\u011f\u0259nni A\u011fadada\u015f A\u011fayev &#8230; <\/p>\n<p class=\"read-more-container\"><a title=\"A\u011fadada\u015f A\u011fayevin m\u0259hk\u0259m\u0259si ba\u015flay\u0131r: ittihamda 5 il\u0259 q\u0259d\u0259r h\u0259bs c\u0259zas\u0131 var\" class=\"read-more button\" href=\"https:\/\/www.meydan.tv\/az\/article\/agadadas-agayevin-mehkemesi-baslayir-ittihamda-5-ile-qeder-hebs-cezasi-var\/#more-318329\" aria-label=\"Read more about A\u011fadada\u015f A\u011fayevin m\u0259hk\u0259m\u0259si ba\u015flay\u0131r: ittihamda 5 il\u0259 q\u0259d\u0259r h\u0259bs c\u0259zas\u0131 var\">Davam\u0131<\/a><\/p>\n","protected":false},"author":12,"featured_media":311163,"comment_status":"closed","ping_status":"closed","sticky":false,"template":"","format":"standard","meta":{"_acf_changed":false,"_sitemap_exclude":false,"_sitemap_priority":"","_sitemap_frequency":"","footnotes":""},"categories":[52,56],"tags":[],"class_list":["post-318329","post","type-post","status-publish","format-standard","has-post-thumbnail","hentry","category-medeniyyet","category-xeberler","infinite-scroll-item","generate-columns","tablet-grid-50","mobile-grid-100","grid-parent","grid-33","no-featured-image-padding"],"acf":[],"yoast_head":"<!-- This site is optimized with the Yoast SEO plugin v27.4 - https:\/\/yoast.com\/product\/yoast-seo-wordpress\/ -->\n<title>A\u011fadada\u015f A\u011fayevin m\u0259hk\u0259m\u0259si ba\u015flay\u0131r: ittihamda 5 il\u0259 q\u0259d\u0259r h\u0259bs c\u0259zas\u0131 var - MEYDAN.TV<\/title>\n<meta name=\"robots\" content=\"index, follow, max-snippet:-1, max-image-preview:large, max-video-preview:-1\" \/>\n<link rel=\"canonical\" href=\"https:\/\/www.meydan.tv\/az\/article\/agadadas-agayevin-mehkemesi-baslayir-ittihamda-5-ile-qeder-hebs-cezasi-var\/\" \/>\n<meta property=\"og:locale\" content=\"az_AZ\" \/>\n<meta property=\"og:type\" content=\"article\" \/>\n<meta property=\"og:title\" content=\"A\u011fadada\u015f A\u011fayevin m\u0259hk\u0259m\u0259si ba\u015flay\u0131r: ittihamda 5 il\u0259 q\u0259d\u0259r h\u0259bs c\u0259zas\u0131 var - MEYDAN.TV\" \/>\n<meta property=\"og:description\" content=\"Xalq artisti xuliqanl\u0131qda ittiham olunur Xalq artisti, m\u00fc\u011f\u0259nni A\u011fadada\u015f A\u011fayev ... Davam\u0131\" \/>\n<meta property=\"og:url\" content=\"https:\/\/www.meydan.tv\/az\/article\/agadadas-agayevin-mehkemesi-baslayir-ittihamda-5-ile-qeder-hebs-cezasi-var\/\" \/>\n<meta property=\"og:site_name\" content=\"MEYDAN.TV\" \/>\n<meta property=\"article:published_time\" content=\"2024-10-22T14:06:19+00:00\" \/>\n<meta property=\"article:modified_time\" content=\"2024-10-22T14:14:25+00:00\" \/>\n<meta property=\"og:image\" content=\"https:\/\/www.meydan.tv\/wp-content\/uploads\/unnamed-15.jpg\" \/>\n\t<meta property=\"og:image:width\" content=\"900\" \/>\n\t<meta property=\"og:image:height\" content=\"900\" \/>\n\t<meta property=\"og:image:type\" content=\"image\/jpeg\" \/>\n<meta name=\"author\" content=\"aleks\" \/>\n<meta name=\"twitter:card\" content=\"summary_large_image\" \/>\n<script type=\"application\/ld+json\" class=\"yoast-schema-graph\">{\"@context\":\"https:\\\/\\\/schema.org\",\"@graph\":[{\"@type\":\"Article\",\"@id\":\"https:\\\/\\\/www.meydan.tv\\\/az\\\/article\\\/agadadas-agayevin-mehkemesi-baslayir-ittihamda-5-ile-qeder-hebs-cezasi-var\\\/#article\",\"isPartOf\":{\"@id\":\"https:\\\/\\\/www.meydan.tv\\\/az\\\/article\\\/agadadas-agayevin-mehkemesi-baslayir-ittihamda-5-ile-qeder-hebs-cezasi-var\\\/\"},\"author\":{\"name\":\"aleks\",\"@id\":\"https:\\\/\\\/www.meydan.tv\\\/az\\\/#\\\/schema\\\/person\\\/476e9360e593fa131d5d71d51866f8da\"},\"headline\":\"A\u011fadada\u015f A\u011fayevin m\u0259hk\u0259m\u0259si ba\u015flay\u0131r: ittihamda 5 il\u0259 q\u0259d\u0259r h\u0259bs c\u0259zas\u0131 var\",\"datePublished\":\"2024-10-22T14:06:19+00:00\",\"dateModified\":\"2024-10-22T14:14:25+00:00\",\"mainEntityOfPage\":{\"@id\":\"https:\\\/\\\/www.meydan.tv\\\/az\\\/article\\\/agadadas-agayevin-mehkemesi-baslayir-ittihamda-5-ile-qeder-hebs-cezasi-var\\\/\"},\"wordCount\":395,\"publisher\":{\"@id\":\"https:\\\/\\\/www.meydan.tv\\\/az\\\/#organization\"},\"image\":{\"@id\":\"https:\\\/\\\/www.meydan.tv\\\/az\\\/article\\\/agadadas-agayevin-mehkemesi-baslayir-ittihamda-5-ile-qeder-hebs-cezasi-var\\\/#primaryimage\"},\"thumbnailUrl\":\"https:\\\/\\\/www.meydan.tv\\\/wp-content\\\/uploads\\\/unnamed-15.jpg\",\"articleSection\":[\"M\u0259d\u0259niyy\u0259t\",\"X\u0259b\u0259rl\u0259r\"],\"inLanguage\":\"az\"},{\"@type\":\"WebPage\",\"@id\":\"https:\\\/\\\/www.meydan.tv\\\/az\\\/article\\\/agadadas-agayevin-mehkemesi-baslayir-ittihamda-5-ile-qeder-hebs-cezasi-var\\\/\",\"url\":\"https:\\\/\\\/www.meydan.tv\\\/az\\\/article\\\/agadadas-agayevin-mehkemesi-baslayir-ittihamda-5-ile-qeder-hebs-cezasi-var\\\/\",\"name\":\"A\u011fadada\u015f A\u011fayevin m\u0259hk\u0259m\u0259si ba\u015flay\u0131r: ittihamda 5 il\u0259 q\u0259d\u0259r h\u0259bs c\u0259zas\u0131 var - MEYDAN.TV\",\"isPartOf\":{\"@id\":\"https:\\\/\\\/www.meydan.tv\\\/az\\\/#website\"},\"primaryImageOfPage\":{\"@id\":\"https:\\\/\\\/www.meydan.tv\\\/az\\\/article\\\/agadadas-agayevin-mehkemesi-baslayir-ittihamda-5-ile-qeder-hebs-cezasi-var\\\/#primaryimage\"},\"image\":{\"@id\":\"https:\\\/\\\/www.meydan.tv\\\/az\\\/article\\\/agadadas-agayevin-mehkemesi-baslayir-ittihamda-5-ile-qeder-hebs-cezasi-var\\\/#primaryimage\"},\"thumbnailUrl\":\"https:\\\/\\\/www.meydan.tv\\\/wp-content\\\/uploads\\\/unnamed-15.jpg\",\"datePublished\":\"2024-10-22T14:06:19+00:00\",\"dateModified\":\"2024-10-22T14:14:25+00:00\",\"breadcrumb\":{\"@id\":\"https:\\\/\\\/www.meydan.tv\\\/az\\\/article\\\/agadadas-agayevin-mehkemesi-baslayir-ittihamda-5-ile-qeder-hebs-cezasi-var\\\/#breadcrumb\"},\"inLanguage\":\"az\",\"potentialAction\":[{\"@type\":\"ReadAction\",\"target\":[\"https:\\\/\\\/www.meydan.tv\\\/az\\\/article\\\/agadadas-agayevin-mehkemesi-baslayir-ittihamda-5-ile-qeder-hebs-cezasi-var\\\/\"]}]},{\"@type\":\"ImageObject\",\"inLanguage\":\"az\",\"@id\":\"https:\\\/\\\/www.meydan.tv\\\/az\\\/article\\\/agadadas-agayevin-mehkemesi-baslayir-ittihamda-5-ile-qeder-hebs-cezasi-var\\\/#primaryimage\",\"url\":\"https:\\\/\\\/www.meydan.tv\\\/wp-content\\\/uploads\\\/unnamed-15.jpg\",\"contentUrl\":\"https:\\\/\\\/www.meydan.tv\\\/wp-content\\\/uploads\\\/unnamed-15.jpg\",\"width\":900,\"height\":900,\"caption\":\"Foto: A\u011fadada\u015f A\u011fayevin \\\"Youtube\\\" s\u0259hif\u0259si\"},{\"@type\":\"BreadcrumbList\",\"@id\":\"https:\\\/\\\/www.meydan.tv\\\/az\\\/article\\\/agadadas-agayevin-mehkemesi-baslayir-ittihamda-5-ile-qeder-hebs-cezasi-var\\\/#breadcrumb\",\"itemListElement\":[{\"@type\":\"ListItem\",\"position\":1,\"name\":\"Ana s\u0259hif\u0259\",\"item\":\"https:\\\/\\\/www.meydan.tv\\\/az\\\/\"},{\"@type\":\"ListItem\",\"position\":2,\"name\":\"X\u0259b\u0259rl\u0259r\",\"item\":\"https:\\\/\\\/www.meydan.tv\\\/az\\\/section\\\/xeberler\\\/\"},{\"@type\":\"ListItem\",\"position\":3,\"name\":\"A\u011fadada\u015f A\u011fayevin m\u0259hk\u0259m\u0259si ba\u015flay\u0131r: ittihamda 5 il\u0259 q\u0259d\u0259r h\u0259bs c\u0259zas\u0131 var\"}]},{\"@type\":\"WebSite\",\"@id\":\"https:\\\/\\\/www.meydan.tv\\\/az\\\/#website\",\"url\":\"https:\\\/\\\/www.meydan.tv\\\/az\\\/\",\"name\":\"MEYDAN.TV\",\"description\":\"Meydan TV Az\u0259rbaycan\u0131n media m\u0259kan\u0131ndak\u0131 alternativ s\u0259sidir\",\"publisher\":{\"@id\":\"https:\\\/\\\/www.meydan.tv\\\/az\\\/#organization\"},\"potentialAction\":[{\"@type\":\"SearchAction\",\"target\":{\"@type\":\"EntryPoint\",\"urlTemplate\":\"https:\\\/\\\/www.meydan.tv\\\/az\\\/?s={search_term_string}\"},\"query-input\":{\"@type\":\"PropertyValueSpecification\",\"valueRequired\":true,\"valueName\":\"search_term_string\"}}],\"inLanguage\":\"az\"},{\"@type\":\"Organization\",\"@id\":\"https:\\\/\\\/www.meydan.tv\\\/az\\\/#organization\",\"name\":\"Meydan TV\",\"url\":\"https:\\\/\\\/www.meydan.tv\\\/az\\\/\",\"logo\":{\"@type\":\"ImageObject\",\"inLanguage\":\"az\",\"@id\":\"https:\\\/\\\/www.meydan.tv\\\/az\\\/#\\\/schema\\\/logo\\\/image\\\/\",\"url\":\"https:\\\/\\\/www.meydan.tv\\\/wp-content\\\/uploads\\\/2021\\\/07\\\/meydan-logo.svg\",\"contentUrl\":\"https:\\\/\\\/www.meydan.tv\\\/wp-content\\\/uploads\\\/2021\\\/07\\\/meydan-logo.svg\",\"width\":195,\"height\":46,\"caption\":\"Meydan TV\"},\"image\":{\"@id\":\"https:\\\/\\\/www.meydan.tv\\\/az\\\/#\\\/schema\\\/logo\\\/image\\\/\"}},{\"@type\":\"Person\",\"@id\":\"https:\\\/\\\/www.meydan.tv\\\/az\\\/#\\\/schema\\\/person\\\/476e9360e593fa131d5d71d51866f8da\",\"name\":\"aleks\"}]}<\/script>\n<!-- \/ Yoast SEO plugin. -->","yoast_head_json":{"title":"A\u011fadada\u015f A\u011fayevin m\u0259hk\u0259m\u0259si ba\u015flay\u0131r: ittihamda 5 il\u0259 q\u0259d\u0259r h\u0259bs c\u0259zas\u0131 var - MEYDAN.TV","robots":{"index":"index","follow":"follow","max-snippet":"max-snippet:-1","max-image-preview":"max-image-preview:large","max-video-preview":"max-video-preview:-1"},"canonical":"https:\/\/www.meydan.tv\/az\/article\/agadadas-agayevin-mehkemesi-baslayir-ittihamda-5-ile-qeder-hebs-cezasi-var\/","og_locale":"az_AZ","og_type":"article","og_title":"A\u011fadada\u015f A\u011fayevin m\u0259hk\u0259m\u0259si ba\u015flay\u0131r: ittihamda 5 il\u0259 q\u0259d\u0259r h\u0259bs c\u0259zas\u0131 var - MEYDAN.TV","og_description":"Xalq artisti xuliqanl\u0131qda ittiham olunur Xalq artisti, m\u00fc\u011f\u0259nni A\u011fadada\u015f A\u011fayev ... Davam\u0131","og_url":"https:\/\/www.meydan.tv\/az\/article\/agadadas-agayevin-mehkemesi-baslayir-ittihamda-5-ile-qeder-hebs-cezasi-var\/","og_site_name":"MEYDAN.TV","article_published_time":"2024-10-22T14:06:19+00:00","article_modified_time":"2024-10-22T14:14:25+00:00","og_image":[{"width":900,"height":900,"url":"https:\/\/www.meydan.tv\/wp-content\/uploads\/unnamed-15.jpg","type":"image\/jpeg"}],"author":"aleks","twitter_card":"summary_large_image","schema":{"@context":"https:\/\/schema.org","@graph":[{"@type":"Article","@id":"https:\/\/www.meydan.tv\/az\/article\/agadadas-agayevin-mehkemesi-baslayir-ittihamda-5-ile-qeder-hebs-cezasi-var\/#article","isPartOf":{"@id":"https:\/\/www.meydan.tv\/az\/article\/agadadas-agayevin-mehkemesi-baslayir-ittihamda-5-ile-qeder-hebs-cezasi-var\/"},"author":{"name":"aleks","@id":"https:\/\/www.meydan.tv\/az\/#\/schema\/person\/476e9360e593fa131d5d71d51866f8da"},"headline":"A\u011fadada\u015f A\u011fayevin m\u0259hk\u0259m\u0259si ba\u015flay\u0131r: ittihamda 5 il\u0259 q\u0259d\u0259r h\u0259bs c\u0259zas\u0131 var","datePublished":"2024-10-22T14:06:19+00:00","dateModified":"2024-10-22T14:14:25+00:00","mainEntityOfPage":{"@id":"https:\/\/www.meydan.tv\/az\/article\/agadadas-agayevin-mehkemesi-baslayir-ittihamda-5-ile-qeder-hebs-cezasi-var\/"},"wordCount":395,"publisher":{"@id":"https:\/\/www.meydan.tv\/az\/#organization"},"image":{"@id":"https:\/\/www.meydan.tv\/az\/article\/agadadas-agayevin-mehkemesi-baslayir-ittihamda-5-ile-qeder-hebs-cezasi-var\/#primaryimage"},"thumbnailUrl":"https:\/\/www.meydan.tv\/wp-content\/uploads\/unnamed-15.jpg","articleSection":["M\u0259d\u0259niyy\u0259t","X\u0259b\u0259rl\u0259r"],"inLanguage":"az"},{"@type":"WebPage","@id":"https:\/\/www.meydan.tv\/az\/article\/agadadas-agayevin-mehkemesi-baslayir-ittihamda-5-ile-qeder-hebs-cezasi-var\/","url":"https:\/\/www.meydan.tv\/az\/article\/agadadas-agayevin-mehkemesi-baslayir-ittihamda-5-ile-qeder-hebs-cezasi-var\/","name":"A\u011fadada\u015f A\u011fayevin m\u0259hk\u0259m\u0259si ba\u015flay\u0131r: ittihamda 5 il\u0259 q\u0259d\u0259r h\u0259bs c\u0259zas\u0131 var - MEYDAN.TV","isPartOf":{"@id":"https:\/\/www.meydan.tv\/az\/#website"},"primaryImageOfPage":{"@id":"https:\/\/www.meydan.tv\/az\/article\/agadadas-agayevin-mehkemesi-baslayir-ittihamda-5-ile-qeder-hebs-cezasi-var\/#primaryimage"},"image":{"@id":"https:\/\/www.meydan.tv\/az\/article\/agadadas-agayevin-mehkemesi-baslayir-ittihamda-5-ile-qeder-hebs-cezasi-var\/#primaryimage"},"thumbnailUrl":"https:\/\/www.meydan.tv\/wp-content\/uploads\/unnamed-15.jpg","datePublished":"2024-10-22T14:06:19+00:00","dateModified":"2024-10-22T14:14:25+00:00","breadcrumb":{"@id":"https:\/\/www.meydan.tv\/az\/article\/agadadas-agayevin-mehkemesi-baslayir-ittihamda-5-ile-qeder-hebs-cezasi-var\/#breadcrumb"},"inLanguage":"az","potentialAction":[{"@type":"ReadAction","target":["https:\/\/www.meydan.tv\/az\/article\/agadadas-agayevin-mehkemesi-baslayir-ittihamda-5-ile-qeder-hebs-cezasi-var\/"]}]},{"@type":"ImageObject","inLanguage":"az","@id":"https:\/\/www.meydan.tv\/az\/article\/agadadas-agayevin-mehkemesi-baslayir-ittihamda-5-ile-qeder-hebs-cezasi-var\/#primaryimage","url":"https:\/\/www.meydan.tv\/wp-content\/uploads\/unnamed-15.jpg","contentUrl":"https:\/\/www.meydan.tv\/wp-content\/uploads\/unnamed-15.jpg","width":900,"height":900,"caption":"Foto: A\u011fadada\u015f A\u011fayevin \"Youtube\" s\u0259hif\u0259si"},{"@type":"BreadcrumbList","@id":"https:\/\/www.meydan.tv\/az\/article\/agadadas-agayevin-mehkemesi-baslayir-ittihamda-5-ile-qeder-hebs-cezasi-var\/#breadcrumb","itemListElement":[{"@type":"ListItem","position":1,"name":"Ana s\u0259hif\u0259","item":"https:\/\/www.meydan.tv\/az\/"},{"@type":"ListItem","position":2,"name":"X\u0259b\u0259rl\u0259r","item":"https:\/\/www.meydan.tv\/az\/section\/xeberler\/"},{"@type":"ListItem","position":3,"name":"A\u011fadada\u015f A\u011fayevin m\u0259hk\u0259m\u0259si ba\u015flay\u0131r: ittihamda 5 il\u0259 q\u0259d\u0259r h\u0259bs c\u0259zas\u0131 var"}]},{"@type":"WebSite","@id":"https:\/\/www.meydan.tv\/az\/#website","url":"https:\/\/www.meydan.tv\/az\/","name":"MEYDAN.TV","description":"Meydan TV Az\u0259rbaycan\u0131n media m\u0259kan\u0131ndak\u0131 alternativ s\u0259sidir","publisher":{"@id":"https:\/\/www.meydan.tv\/az\/#organization"},"potentialAction":[{"@type":"SearchAction","target":{"@type":"EntryPoint","urlTemplate":"https:\/\/www.meydan.tv\/az\/?s={search_term_string}"},"query-input":{"@type":"PropertyValueSpecification","valueRequired":true,"valueName":"search_term_string"}}],"inLanguage":"az"},{"@type":"Organization","@id":"https:\/\/www.meydan.tv\/az\/#organization","name":"Meydan TV","url":"https:\/\/www.meydan.tv\/az\/","logo":{"@type":"ImageObject","inLanguage":"az","@id":"https:\/\/www.meydan.tv\/az\/#\/schema\/logo\/image\/","url":"https:\/\/www.meydan.tv\/wp-content\/uploads\/2021\/07\/meydan-logo.svg","contentUrl":"https:\/\/www.meydan.tv\/wp-content\/uploads\/2021\/07\/meydan-logo.svg","width":195,"height":46,"caption":"Meydan TV"},"image":{"@id":"https:\/\/www.meydan.tv\/az\/#\/schema\/logo\/image\/"}},{"@type":"Person","@id":"https:\/\/www.meydan.tv\/az\/#\/schema\/person\/476e9360e593fa131d5d71d51866f8da","name":"aleks"}]}},"_links":{"self":[{"href":"https:\/\/www.meydan.tv\/az\/wp-json\/wp\/v2\/posts\/318329","targetHints":{"allow":["GET"]}}],"collection":[{"href":"https:\/\/www.meydan.tv\/az\/wp-json\/wp\/v2\/posts"}],"about":[{"href":"https:\/\/www.meydan.tv\/az\/wp-json\/wp\/v2\/types\/post"}],"author":[{"embeddable":true,"href":"https:\/\/www.meydan.tv\/az\/wp-json\/wp\/v2\/users\/12"}],"replies":[{"embeddable":true,"href":"https:\/\/www.meydan.tv\/az\/wp-json\/wp\/v2\/comments?post=318329"}],"version-history":[{"count":3,"href":"https:\/\/www.meydan.tv\/az\/wp-json\/wp\/v2\/posts\/318329\/revisions"}],"predecessor-version":[{"id":318333,"href":"https:\/\/www.meydan.tv\/az\/wp-json\/wp\/v2\/posts\/318329\/revisions\/318333"}],"wp:featuredmedia":[{"embeddable":true,"href":"https:\/\/www.meydan.tv\/az\/wp-json\/wp\/v2\/media\/311163"}],"wp:attachment":[{"href":"https:\/\/www.meydan.tv\/az\/wp-json\/wp\/v2\/media?parent=318329"}],"wp:term":[{"taxonomy":"category","embeddable":true,"href":"https:\/\/www.meydan.tv\/az\/wp-json\/wp\/v2\/categories?post=318329"},{"taxonomy":"post_tag","embeddable":true,"href":"https:\/\/www.meydan.tv\/az\/wp-json\/wp\/v2\/tags?post=318329"}],"curies":[{"name":"wp","href":"https:\/\/api.w.org\/{rel}","templated":true}]}}