{"id":318185,"date":"2024-10-21T15:31:52","date_gmt":"2024-10-21T11:31:52","guid":{"rendered":"https:\/\/www.meydan.tv\/?p=318185"},"modified":"2024-10-21T16:23:42","modified_gmt":"2024-10-21T12:23:42","slug":"bakini-buruyen-ag-kepenekler","status":"publish","type":"post","link":"https:\/\/www.meydan.tv\/az\/article\/bakini-buruyen-ag-kepenekler\/","title":{"rendered":"Bak\u0131n\u0131 b\u00fcr\u00fcy\u0259n a\u011f k\u0259p\u0259n\u0259kl\u0259r"},"content":{"rendered":"\n<p><\/p>\n\n\n\n<p><strong><em>Sakinl\u0259r h\u0259\u015f\u0259ratlar\u0131n k\u00fctl\u0259vi \u00e7oxalmas\u0131ndan narahatd\u0131r<\/em><\/strong><\/p>\n\n\n\n<p>Bir ne\u00e7\u0259 ayd\u0131r Bak\u0131 da daxil olmaqla Ab\u015feronda, o c\u00fcml\u0259d\u0259n m\u00fcxt\u0259lif b\u00f6lg\u0259l\u0259rd\u0259 yay\u0131lan Amerika A\u011f k\u0259p\u0259n\u0259yi adland\u0131r\u0131lan z\u0259r\u0259rli h\u0259\u015f\u0259ratlar\u0131n k\u00f6k\u00fcn\u00fc k\u0259sm\u0259k olmur. M\u00fct\u0259x\u0259ssisl\u0259r havalar\u0131n h\u0259\u015f\u0259ratlar \u00fc\u00e7\u00fcn \u0259lveri\u015fli ke\u00e7m\u0259si s\u0259b\u0259bind\u0259n bu il Amerika A\u011f k\u0259p\u0259n\u0259yinin k\u00fctl\u0259vi \u00e7oxald\u0131\u011f\u0131n\u0131, lakin g\u00f6r\u00fcl\u0259n t\u0259dbirl\u0259r v\u0259 ya\u011f\u0131\u015fl\u0131, soyuq havalar s\u0259b\u0259bind\u0259n tezlikl\u0259 m\u0259hv olaca\u011f\u0131n\u0131 a\u00e7\u0131qlay\u0131blar.<\/p>\n\n\n\n<p>Bak\u0131n\u0131n m\u0259rk\u0259zi d\u0259 daxil olmaqla Bak\u0131\u0259traf\u0131 k\u0259nd v\u0259 q\u0259s\u0259b\u0259l\u0259rd\u0259, el\u0259c\u0259 d\u0259 Ab\u015feronda h\u0259l\u0259 d\u0259 Amerika A\u011f k\u0259p\u0259n\u0259kl\u0259ri sakinl\u0259rin narahatl\u0131\u011f\u0131na s\u0259b\u0259b olur.<\/p>\n\n\n\n<p>Saray sakini Amin Quliyev Meydan TV-y\u0259 bildirib ki, h\u0259y\u0259tind\u0259ki tut a\u011faclar\u0131 tamamil\u0259 m\u0259hv olub, h\u0259\u015f\u0259ratlar h\u0259y\u0259t\u0259, oradan da ev\u0259 q\u0259d\u0259r yay\u0131l\u0131b.<\/p>\n\n\n\n<p><em>\u201cH\u0259y\u0259ti, pill\u0259k\u0259nl\u0259ri yuyucu vasit\u0259l\u0259rl\u0259 yuyuruq, bir ne\u00e7\u0259 saatdan sonra eyni v\u0259ziyy\u0259t yaran\u0131r. Evin i\u00e7\u0259risind\u0259, p\u0259rd\u0259nin \u00fcst\u00fcnd\u0259 g\u0259zirl\u0259r. U\u015faqlar qorxurlar, iyr\u0259nc v\u0259ziyy\u0259t yaran\u0131r\u201d<\/em>,-\u015fikay\u0259t\u00e7i deyib.<\/p>\n\n\n\n<p>Bildirib ki, \u00f6z\u0259l \u015firk\u0259tl\u0259rl\u0259 dan\u0131\u015f\u0131blar, kvadratmetr sah\u0259y\u0259 uy\u011fun dezinfeksiya h\u0259yata ke\u00e7irilir. Amma problem ondad\u0131r ki, bird\u0259f\u0259lik k\u00f6k\u00fcn\u00fc k\u0259sm\u0259k \u00fc\u00e7\u00fcn qon\u015fular\u0131n da h\u0259y\u0259tl\u0259ri, ba\u011flar dezinfeksiya olmal\u0131d\u0131r. Amma \u00e7oxu ya xidm\u0259tin bahal\u0131\u011f\u0131ndan, ya da m\u00fcxt\u0259lif s\u0259b\u0259bd\u0259n raz\u0131 olmur:<\/p>\n\n\n\n<p><em>\u201c\u0130cra Hakimiyy\u0259tin\u0259 deyirik, \u201cm\u00fcraci\u0259tiniz qeyd\u0259 al\u0131n\u0131r\u201d dem\u0259kl\u0259 kifay\u0259tl\u0259nirl\u0259r\u201d.<\/em><\/p>\n\n\n\n<p>Bak\u0131n\u0131n N\u0259rimanov, Yasamal v\u0259 dig\u0259r rayonlar\u0131nda da bir ne\u00e7\u0259 ayd\u0131r bu h\u0259\u015f\u0259ratlara rast g\u0259linir. Baxmayaraq ki, \u015f\u0259h\u0259rd\u0259 dezinfeksiya t\u0259dbirl\u0259ri h\u0259yata ke\u00e7irilir. Qaraba\u011f k\u00fc\u00e7\u0259sinin sakinl\u0259ri deyirl\u0259r ki, yax\u0131nl\u0131qda tut a\u011faclar\u0131 da yoxdur, amma balkonlarda bu h\u0259\u015f\u0259ratlara rast g\u0259lirl\u0259r. Sakinl\u0259rd\u0259n Sona Abbasova bildirib ki, m\u0259h\u0259ll\u0259d\u0259 b\u00fct\u00fcn evl\u0259rd\u0259 qurda b\u0259nz\u0259r k\u0259p\u0259n\u0259k, el\u0259c\u0259 d\u0259 indiy\u0259 q\u0259d\u0259r g\u00f6rm\u0259diyi h\u0259\u015f\u0259ratlardan var.<\/p>\n\n\n\n<p><em>\u201cU\u015faqlara tap\u015f\u0131rm\u0131\u015f\u0131q ki, ehtiyatl\u0131 olsunlar. B\u0259lk\u0259 d\u0259 m\u0259kt\u0259bd\u0259, k\u00fc\u00e7\u0259d\u0259 paltarlar\u0131na d\u00fc\u015f\u00fcb, oradan evl\u0259r\u0259 g\u0259lib. Sovetl\u0259r d\u00f6n\u0259mind\u0259 konkret idar\u0259l\u0259r vard\u0131, bloklar, evl\u0259r dezinfeksiya edilirdi. \u0130ndi is\u0259 b\u00fct\u00fcn sah\u0259l\u0259r pullu olub, \u0259halid\u0259 is\u0259 pul yoxdur\u201d,-<\/em>Abbasova bildirib.<\/p>\n\n\n\n<p>Ab\u015feron Rayonu Masaz\u0131r k\u0259ndind\u0259n d\u0259 sakinl\u0259r h\u0259\u015f\u0259ratlar\u0131n ba\u011flara dar\u0131\u015fd\u0131\u011f\u0131n\u0131, g\u00fcnl\u0259r ke\u00e7s\u0259 d\u0259, tam m\u0259hv olmad\u0131\u011f\u0131n\u0131 deyibl\u0259r.<\/p>\n\n\n\n<p>Amerika A\u011f k\u0259p\u0259n\u0259yi meyv\u0259 ba\u011flar\u0131, dekorativ a\u011faclar v\u0259 me\u015f\u0259l\u0259r \u00fc\u00e7\u00fcn qorxulu z\u0259r\u0259rvericidir.<\/p>\n\n\n\n<p>M\u00fct\u0259x\u0259ssis Zamin M\u0259mm\u0259dov bildirib ki, h\u0259\u015f\u0259ratlara qar\u015f\u0131 m\u00fcbariz\u0259 gecikdirildiyi \u00fc\u00e7\u00fcn h\u0259\u015f\u0259ratlar daha b\u00f6y\u00fck \u0259raziy\u0259 yay\u0131l\u0131b. Amerika A\u011f k\u0259p\u0259n\u0259yi tut, alma, armud, heyva, gaval\u0131, gilas, qara\u011fac, yunan qozu, pal\u0131d, \u00fcz\u00fcm v\u0259 dig\u0259r a\u011faclara z\u0259r\u0259r vurur. H\u0259\u015f\u0259ratlar \u0259n t\u0259hl\u00fck\u0259li karantin z\u0259r\u0259rvericil\u0259ri s\u0131ras\u0131na daxil edilir.<\/p>\n\n\n\n<p>Amerika A\u011f k\u0259p\u0259n\u0259yi Bak\u0131 v\u0259 Ab\u015ferondan \u0259lav\u0259 Xa\u00e7maz, Quba, D\u0259v\u0259\u00e7i, Siy\u0259z\u0259n, Astara, L\u0259nk\u0259ran v\u0259 dig\u0259r rayonlarda da k\u00fctl\u0259vi yay\u0131l\u0131b:<\/p>\n\n\n\n<p>\u201c<em>Vaxt\u0131nda v\u0259 d\u00fczg\u00fcn m\u00fcbariz\u0259 t\u0259dbirl\u0259ri h\u0259yata ke\u00e7iril\u0259rs\u0259, z\u0259r\u0259rvericinin say\u0131 azalar\u201d.<\/em><\/p>\n\n\n\n<p>Co\u011frafiya \u0130nstitutunun Ekoco\u011frafiya \u015f\u00f6b\u0259sinin m\u00fcdiri, dosent \u018fnv\u0259r \u018fliyev is\u0259 bildirib ki, Amerika A\u011f k\u0259p\u0259n\u0259kl\u0259ri t\u0259xmin\u0259n 15 -20 il \u0259vv\u0259l d\u0259 olub, o zaman tut a\u011faclar\u0131na z\u0259r\u0259r vurublar:<\/p>\n\n\n\n<p><em>\u201cS\u0259r\u00e7\u0259l\u0259r bu k\u0259p\u0259n\u0259kl\u0259ri yem kimi istifad\u0259 edirdil\u0259r. Bak\u0131da is\u0259 s\u0259r\u00e7\u0259l\u0259r yoxa \u00e7\u0131x\u0131b. Yad\u0131n\u0131zdad\u0131rsa, bir m\u00fcdd\u0259t \u0259vv\u0259l qar\u011falar \u00e7oxalm\u0131\u015fd\u0131. Onlar s\u0259r\u00e7\u0259 yumurtalar\u0131n\u0131 k\u00fctl\u0259vi yedil\u0259r. S\u0259r\u00e7\u0259l\u0259r olmad\u0131\u011f\u0131ndan h\u0259\u015f\u0259ratlar \u00e7oxal\u0131b\u201d<\/em>.<\/p>\n\n\n\n<p>\u018f.\u018fliyev deyib ki, bar ver\u0259n tut a\u011faclar\u0131 k\u00fctl\u0259vi \u015f\u0259kild\u0259 yarpaqlar\u0131n\u0131 itirirl\u0259r. Bunlar meyv\u0259 ver\u0259n qiym\u0259tli a\u011faclard\u0131r. Buna g\u00f6r\u0259 d\u0259 aidiyyat\u0131 qurumlar t\u0259r\u0259find\u0259n bu h\u0259\u015f\u0259ratlar\u0131n k\u00f6k\u00fc k\u0259silm\u0259lidir.<\/p>\n\n\n\n<p>Bak\u0131 \u015e\u0259h\u0259r \u0130cra Hakimiyy\u0259ti Ya\u015f\u0131lla\u015fd\u0131rma T\u0259s\u0259rr\u00fcfat\u0131 Birliyinin a\u00e7\u0131qlamas\u0131nda is\u0259 paytaxt \u0259razisind\u0259 d\u0259rmanlama i\u015fl\u0259rinin apar\u0131ld\u0131\u011f\u0131n\u0131 bildirib. Qeyd edilib ki, \u015f\u0259h\u0259r \u0259razisi b\u00f6y\u00fck oldu\u011fundan sakinl\u0259r d\u0259 h\u0259\u015f\u0259ratlar\u0131n yay\u0131ld\u0131\u011f\u0131 \u0259razi il\u0259 ba\u011fl\u0131 m\u0259lumat verm\u0259lidirl\u0259r.<\/p>\n","protected":false},"excerpt":{"rendered":"<p>Sakinl\u0259r h\u0259\u015f\u0259ratlar\u0131n k\u00fctl\u0259vi \u00e7oxalmas\u0131ndan narahatd\u0131r Bir ne\u00e7\u0259 ayd\u0131r Bak\u0131 da &#8230; <\/p>\n<p class=\"read-more-container\"><a title=\"Bak\u0131n\u0131 b\u00fcr\u00fcy\u0259n a\u011f k\u0259p\u0259n\u0259kl\u0259r\" class=\"read-more button\" href=\"https:\/\/www.meydan.tv\/az\/article\/bakini-buruyen-ag-kepenekler\/#more-318185\" aria-label=\"Read more about Bak\u0131n\u0131 b\u00fcr\u00fcy\u0259n a\u011f k\u0259p\u0259n\u0259kl\u0259r\">Davam\u0131<\/a><\/p>\n","protected":false},"author":8,"featured_media":318216,"comment_status":"closed","ping_status":"closed","sticky":false,"template":"","format":"standard","meta":{"_acf_changed":false,"_sitemap_exclude":false,"_sitemap_priority":"","_sitemap_frequency":"","footnotes":""},"categories":[62,56],"tags":[],"class_list":["post-318185","post","type-post","status-publish","format-standard","has-post-thumbnail","hentry","category-sosial","category-xeberler","infinite-scroll-item","generate-columns","tablet-grid-50","mobile-grid-100","grid-parent","grid-33","no-featured-image-padding"],"acf":[],"yoast_head":"<!-- This site is optimized with the Yoast SEO plugin v27.4 - https:\/\/yoast.com\/product\/yoast-seo-wordpress\/ -->\n<title>Bak\u0131n\u0131 b\u00fcr\u00fcy\u0259n a\u011f k\u0259p\u0259n\u0259kl\u0259r - MEYDAN.TV<\/title>\n<meta name=\"robots\" content=\"index, follow, max-snippet:-1, max-image-preview:large, max-video-preview:-1\" \/>\n<link rel=\"canonical\" href=\"https:\/\/www.meydan.tv\/az\/article\/bakini-buruyen-ag-kepenekler\/\" \/>\n<meta property=\"og:locale\" content=\"az_AZ\" \/>\n<meta property=\"og:type\" content=\"article\" \/>\n<meta property=\"og:title\" content=\"Bak\u0131n\u0131 b\u00fcr\u00fcy\u0259n a\u011f k\u0259p\u0259n\u0259kl\u0259r - MEYDAN.TV\" \/>\n<meta property=\"og:description\" content=\"Sakinl\u0259r h\u0259\u015f\u0259ratlar\u0131n k\u00fctl\u0259vi \u00e7oxalmas\u0131ndan narahatd\u0131r Bir ne\u00e7\u0259 ayd\u0131r Bak\u0131 da ... Davam\u0131\" \/>\n<meta property=\"og:url\" content=\"https:\/\/www.meydan.tv\/az\/article\/bakini-buruyen-ag-kepenekler\/\" \/>\n<meta property=\"og:site_name\" content=\"MEYDAN.TV\" \/>\n<meta property=\"article:published_time\" content=\"2024-10-21T11:31:52+00:00\" \/>\n<meta property=\"article:modified_time\" content=\"2024-10-21T12:23:42+00:00\" \/>\n<meta property=\"og:image\" content=\"https:\/\/www.meydan.tv\/wp-content\/uploads\/images-7.jpg\" \/>\n\t<meta property=\"og:image:width\" content=\"273\" \/>\n\t<meta property=\"og:image:height\" content=\"185\" \/>\n\t<meta property=\"og:image:type\" content=\"image\/jpeg\" \/>\n<meta name=\"author\" content=\"elli\" \/>\n<meta name=\"twitter:card\" content=\"summary_large_image\" \/>\n<meta name=\"twitter:creator\" content=\"@elli\" \/>\n<script type=\"application\/ld+json\" class=\"yoast-schema-graph\">{\"@context\":\"https:\\\/\\\/schema.org\",\"@graph\":[{\"@type\":\"Article\",\"@id\":\"https:\\\/\\\/www.meydan.tv\\\/az\\\/article\\\/bakini-buruyen-ag-kepenekler\\\/#article\",\"isPartOf\":{\"@id\":\"https:\\\/\\\/www.meydan.tv\\\/az\\\/article\\\/bakini-buruyen-ag-kepenekler\\\/\"},\"author\":{\"name\":\"elli\",\"@id\":\"https:\\\/\\\/www.meydan.tv\\\/az\\\/#\\\/schema\\\/person\\\/9cdbecf90d17180ce1dfbd95b08dcf47\"},\"headline\":\"Bak\u0131n\u0131 b\u00fcr\u00fcy\u0259n a\u011f k\u0259p\u0259n\u0259kl\u0259r\",\"datePublished\":\"2024-10-21T11:31:52+00:00\",\"dateModified\":\"2024-10-21T12:23:42+00:00\",\"mainEntityOfPage\":{\"@id\":\"https:\\\/\\\/www.meydan.tv\\\/az\\\/article\\\/bakini-buruyen-ag-kepenekler\\\/\"},\"wordCount\":871,\"publisher\":{\"@id\":\"https:\\\/\\\/www.meydan.tv\\\/az\\\/#organization\"},\"image\":{\"@id\":\"https:\\\/\\\/www.meydan.tv\\\/az\\\/article\\\/bakini-buruyen-ag-kepenekler\\\/#primaryimage\"},\"thumbnailUrl\":\"https:\\\/\\\/www.meydan.tv\\\/wp-content\\\/uploads\\\/images-7.jpg\",\"articleSection\":[\"Sosial\",\"X\u0259b\u0259rl\u0259r\"],\"inLanguage\":\"az\"},{\"@type\":\"WebPage\",\"@id\":\"https:\\\/\\\/www.meydan.tv\\\/az\\\/article\\\/bakini-buruyen-ag-kepenekler\\\/\",\"url\":\"https:\\\/\\\/www.meydan.tv\\\/az\\\/article\\\/bakini-buruyen-ag-kepenekler\\\/\",\"name\":\"Bak\u0131n\u0131 b\u00fcr\u00fcy\u0259n a\u011f k\u0259p\u0259n\u0259kl\u0259r - MEYDAN.TV\",\"isPartOf\":{\"@id\":\"https:\\\/\\\/www.meydan.tv\\\/az\\\/#website\"},\"primaryImageOfPage\":{\"@id\":\"https:\\\/\\\/www.meydan.tv\\\/az\\\/article\\\/bakini-buruyen-ag-kepenekler\\\/#primaryimage\"},\"image\":{\"@id\":\"https:\\\/\\\/www.meydan.tv\\\/az\\\/article\\\/bakini-buruyen-ag-kepenekler\\\/#primaryimage\"},\"thumbnailUrl\":\"https:\\\/\\\/www.meydan.tv\\\/wp-content\\\/uploads\\\/images-7.jpg\",\"datePublished\":\"2024-10-21T11:31:52+00:00\",\"dateModified\":\"2024-10-21T12:23:42+00:00\",\"breadcrumb\":{\"@id\":\"https:\\\/\\\/www.meydan.tv\\\/az\\\/article\\\/bakini-buruyen-ag-kepenekler\\\/#breadcrumb\"},\"inLanguage\":\"az\",\"potentialAction\":[{\"@type\":\"ReadAction\",\"target\":[\"https:\\\/\\\/www.meydan.tv\\\/az\\\/article\\\/bakini-buruyen-ag-kepenekler\\\/\"]}]},{\"@type\":\"ImageObject\",\"inLanguage\":\"az\",\"@id\":\"https:\\\/\\\/www.meydan.tv\\\/az\\\/article\\\/bakini-buruyen-ag-kepenekler\\\/#primaryimage\",\"url\":\"https:\\\/\\\/www.meydan.tv\\\/wp-content\\\/uploads\\\/images-7.jpg\",\"contentUrl\":\"https:\\\/\\\/www.meydan.tv\\\/wp-content\\\/uploads\\\/images-7.jpg\",\"width\":273,\"height\":185,\"caption\":\"Amerika A\u011f k\u0259p\u0259n\u0259yi. Foto: Aqrar Xidm\u0259t Agentliyi\"},{\"@type\":\"BreadcrumbList\",\"@id\":\"https:\\\/\\\/www.meydan.tv\\\/az\\\/article\\\/bakini-buruyen-ag-kepenekler\\\/#breadcrumb\",\"itemListElement\":[{\"@type\":\"ListItem\",\"position\":1,\"name\":\"Ana s\u0259hif\u0259\",\"item\":\"https:\\\/\\\/www.meydan.tv\\\/az\\\/\"},{\"@type\":\"ListItem\",\"position\":2,\"name\":\"Sosial\",\"item\":\"https:\\\/\\\/www.meydan.tv\\\/az\\\/section\\\/sosial\\\/\"},{\"@type\":\"ListItem\",\"position\":3,\"name\":\"Bak\u0131n\u0131 b\u00fcr\u00fcy\u0259n a\u011f k\u0259p\u0259n\u0259kl\u0259r\"}]},{\"@type\":\"WebSite\",\"@id\":\"https:\\\/\\\/www.meydan.tv\\\/az\\\/#website\",\"url\":\"https:\\\/\\\/www.meydan.tv\\\/az\\\/\",\"name\":\"MEYDAN.TV\",\"description\":\"Meydan TV Az\u0259rbaycan\u0131n media m\u0259kan\u0131ndak\u0131 alternativ s\u0259sidir\",\"publisher\":{\"@id\":\"https:\\\/\\\/www.meydan.tv\\\/az\\\/#organization\"},\"potentialAction\":[{\"@type\":\"SearchAction\",\"target\":{\"@type\":\"EntryPoint\",\"urlTemplate\":\"https:\\\/\\\/www.meydan.tv\\\/az\\\/?s={search_term_string}\"},\"query-input\":{\"@type\":\"PropertyValueSpecification\",\"valueRequired\":true,\"valueName\":\"search_term_string\"}}],\"inLanguage\":\"az\"},{\"@type\":\"Organization\",\"@id\":\"https:\\\/\\\/www.meydan.tv\\\/az\\\/#organization\",\"name\":\"Meydan TV\",\"url\":\"https:\\\/\\\/www.meydan.tv\\\/az\\\/\",\"logo\":{\"@type\":\"ImageObject\",\"inLanguage\":\"az\",\"@id\":\"https:\\\/\\\/www.meydan.tv\\\/az\\\/#\\\/schema\\\/logo\\\/image\\\/\",\"url\":\"https:\\\/\\\/www.meydan.tv\\\/wp-content\\\/uploads\\\/2021\\\/07\\\/meydan-logo.svg\",\"contentUrl\":\"https:\\\/\\\/www.meydan.tv\\\/wp-content\\\/uploads\\\/2021\\\/07\\\/meydan-logo.svg\",\"width\":195,\"height\":46,\"caption\":\"Meydan TV\"},\"image\":{\"@id\":\"https:\\\/\\\/www.meydan.tv\\\/az\\\/#\\\/schema\\\/logo\\\/image\\\/\"}},{\"@type\":\"Person\",\"@id\":\"https:\\\/\\\/www.meydan.tv\\\/az\\\/#\\\/schema\\\/person\\\/9cdbecf90d17180ce1dfbd95b08dcf47\",\"name\":\"elli\",\"sameAs\":[\"https:\\\/\\\/x.com\\\/elli\"]}]}<\/script>\n<!-- \/ Yoast SEO plugin. -->","yoast_head_json":{"title":"Bak\u0131n\u0131 b\u00fcr\u00fcy\u0259n a\u011f k\u0259p\u0259n\u0259kl\u0259r - MEYDAN.TV","robots":{"index":"index","follow":"follow","max-snippet":"max-snippet:-1","max-image-preview":"max-image-preview:large","max-video-preview":"max-video-preview:-1"},"canonical":"https:\/\/www.meydan.tv\/az\/article\/bakini-buruyen-ag-kepenekler\/","og_locale":"az_AZ","og_type":"article","og_title":"Bak\u0131n\u0131 b\u00fcr\u00fcy\u0259n a\u011f k\u0259p\u0259n\u0259kl\u0259r - MEYDAN.TV","og_description":"Sakinl\u0259r h\u0259\u015f\u0259ratlar\u0131n k\u00fctl\u0259vi \u00e7oxalmas\u0131ndan narahatd\u0131r Bir ne\u00e7\u0259 ayd\u0131r Bak\u0131 da ... Davam\u0131","og_url":"https:\/\/www.meydan.tv\/az\/article\/bakini-buruyen-ag-kepenekler\/","og_site_name":"MEYDAN.TV","article_published_time":"2024-10-21T11:31:52+00:00","article_modified_time":"2024-10-21T12:23:42+00:00","og_image":[{"width":273,"height":185,"url":"https:\/\/www.meydan.tv\/wp-content\/uploads\/images-7.jpg","type":"image\/jpeg"}],"author":"elli","twitter_card":"summary_large_image","twitter_creator":"@elli","schema":{"@context":"https:\/\/schema.org","@graph":[{"@type":"Article","@id":"https:\/\/www.meydan.tv\/az\/article\/bakini-buruyen-ag-kepenekler\/#article","isPartOf":{"@id":"https:\/\/www.meydan.tv\/az\/article\/bakini-buruyen-ag-kepenekler\/"},"author":{"name":"elli","@id":"https:\/\/www.meydan.tv\/az\/#\/schema\/person\/9cdbecf90d17180ce1dfbd95b08dcf47"},"headline":"Bak\u0131n\u0131 b\u00fcr\u00fcy\u0259n a\u011f k\u0259p\u0259n\u0259kl\u0259r","datePublished":"2024-10-21T11:31:52+00:00","dateModified":"2024-10-21T12:23:42+00:00","mainEntityOfPage":{"@id":"https:\/\/www.meydan.tv\/az\/article\/bakini-buruyen-ag-kepenekler\/"},"wordCount":871,"publisher":{"@id":"https:\/\/www.meydan.tv\/az\/#organization"},"image":{"@id":"https:\/\/www.meydan.tv\/az\/article\/bakini-buruyen-ag-kepenekler\/#primaryimage"},"thumbnailUrl":"https:\/\/www.meydan.tv\/wp-content\/uploads\/images-7.jpg","articleSection":["Sosial","X\u0259b\u0259rl\u0259r"],"inLanguage":"az"},{"@type":"WebPage","@id":"https:\/\/www.meydan.tv\/az\/article\/bakini-buruyen-ag-kepenekler\/","url":"https:\/\/www.meydan.tv\/az\/article\/bakini-buruyen-ag-kepenekler\/","name":"Bak\u0131n\u0131 b\u00fcr\u00fcy\u0259n a\u011f k\u0259p\u0259n\u0259kl\u0259r - MEYDAN.TV","isPartOf":{"@id":"https:\/\/www.meydan.tv\/az\/#website"},"primaryImageOfPage":{"@id":"https:\/\/www.meydan.tv\/az\/article\/bakini-buruyen-ag-kepenekler\/#primaryimage"},"image":{"@id":"https:\/\/www.meydan.tv\/az\/article\/bakini-buruyen-ag-kepenekler\/#primaryimage"},"thumbnailUrl":"https:\/\/www.meydan.tv\/wp-content\/uploads\/images-7.jpg","datePublished":"2024-10-21T11:31:52+00:00","dateModified":"2024-10-21T12:23:42+00:00","breadcrumb":{"@id":"https:\/\/www.meydan.tv\/az\/article\/bakini-buruyen-ag-kepenekler\/#breadcrumb"},"inLanguage":"az","potentialAction":[{"@type":"ReadAction","target":["https:\/\/www.meydan.tv\/az\/article\/bakini-buruyen-ag-kepenekler\/"]}]},{"@type":"ImageObject","inLanguage":"az","@id":"https:\/\/www.meydan.tv\/az\/article\/bakini-buruyen-ag-kepenekler\/#primaryimage","url":"https:\/\/www.meydan.tv\/wp-content\/uploads\/images-7.jpg","contentUrl":"https:\/\/www.meydan.tv\/wp-content\/uploads\/images-7.jpg","width":273,"height":185,"caption":"Amerika A\u011f k\u0259p\u0259n\u0259yi. Foto: Aqrar Xidm\u0259t Agentliyi"},{"@type":"BreadcrumbList","@id":"https:\/\/www.meydan.tv\/az\/article\/bakini-buruyen-ag-kepenekler\/#breadcrumb","itemListElement":[{"@type":"ListItem","position":1,"name":"Ana s\u0259hif\u0259","item":"https:\/\/www.meydan.tv\/az\/"},{"@type":"ListItem","position":2,"name":"Sosial","item":"https:\/\/www.meydan.tv\/az\/section\/sosial\/"},{"@type":"ListItem","position":3,"name":"Bak\u0131n\u0131 b\u00fcr\u00fcy\u0259n a\u011f k\u0259p\u0259n\u0259kl\u0259r"}]},{"@type":"WebSite","@id":"https:\/\/www.meydan.tv\/az\/#website","url":"https:\/\/www.meydan.tv\/az\/","name":"MEYDAN.TV","description":"Meydan TV Az\u0259rbaycan\u0131n media m\u0259kan\u0131ndak\u0131 alternativ s\u0259sidir","publisher":{"@id":"https:\/\/www.meydan.tv\/az\/#organization"},"potentialAction":[{"@type":"SearchAction","target":{"@type":"EntryPoint","urlTemplate":"https:\/\/www.meydan.tv\/az\/?s={search_term_string}"},"query-input":{"@type":"PropertyValueSpecification","valueRequired":true,"valueName":"search_term_string"}}],"inLanguage":"az"},{"@type":"Organization","@id":"https:\/\/www.meydan.tv\/az\/#organization","name":"Meydan TV","url":"https:\/\/www.meydan.tv\/az\/","logo":{"@type":"ImageObject","inLanguage":"az","@id":"https:\/\/www.meydan.tv\/az\/#\/schema\/logo\/image\/","url":"https:\/\/www.meydan.tv\/wp-content\/uploads\/2021\/07\/meydan-logo.svg","contentUrl":"https:\/\/www.meydan.tv\/wp-content\/uploads\/2021\/07\/meydan-logo.svg","width":195,"height":46,"caption":"Meydan TV"},"image":{"@id":"https:\/\/www.meydan.tv\/az\/#\/schema\/logo\/image\/"}},{"@type":"Person","@id":"https:\/\/www.meydan.tv\/az\/#\/schema\/person\/9cdbecf90d17180ce1dfbd95b08dcf47","name":"elli","sameAs":["https:\/\/x.com\/elli"]}]}},"_links":{"self":[{"href":"https:\/\/www.meydan.tv\/az\/wp-json\/wp\/v2\/posts\/318185","targetHints":{"allow":["GET"]}}],"collection":[{"href":"https:\/\/www.meydan.tv\/az\/wp-json\/wp\/v2\/posts"}],"about":[{"href":"https:\/\/www.meydan.tv\/az\/wp-json\/wp\/v2\/types\/post"}],"author":[{"embeddable":true,"href":"https:\/\/www.meydan.tv\/az\/wp-json\/wp\/v2\/users\/8"}],"replies":[{"embeddable":true,"href":"https:\/\/www.meydan.tv\/az\/wp-json\/wp\/v2\/comments?post=318185"}],"version-history":[{"count":3,"href":"https:\/\/www.meydan.tv\/az\/wp-json\/wp\/v2\/posts\/318185\/revisions"}],"predecessor-version":[{"id":318219,"href":"https:\/\/www.meydan.tv\/az\/wp-json\/wp\/v2\/posts\/318185\/revisions\/318219"}],"wp:featuredmedia":[{"embeddable":true,"href":"https:\/\/www.meydan.tv\/az\/wp-json\/wp\/v2\/media\/318216"}],"wp:attachment":[{"href":"https:\/\/www.meydan.tv\/az\/wp-json\/wp\/v2\/media?parent=318185"}],"wp:term":[{"taxonomy":"category","embeddable":true,"href":"https:\/\/www.meydan.tv\/az\/wp-json\/wp\/v2\/categories?post=318185"},{"taxonomy":"post_tag","embeddable":true,"href":"https:\/\/www.meydan.tv\/az\/wp-json\/wp\/v2\/tags?post=318185"}],"curies":[{"name":"wp","href":"https:\/\/api.w.org\/{rel}","templated":true}]}}